{"id":31542,"date":"2019-09-25T15:15:31","date_gmt":"2019-09-25T13:15:31","guid":{"rendered":"https:\/\/destinocastillayleon.es\/index\/?p=31542"},"modified":"2019-09-25T15:15:31","modified_gmt":"2019-09-25T13:15:31","slug":"senderos-del-clarete","status":"publish","type":"post","link":"https:\/\/destinocastillayleon.es\/index\/senderos-del-clarete\/","title":{"rendered":"El GR-296 \u201cSenderos del Clarete\u201d tiene una se\u00f1alizaci\u00f3n sostenible"},"content":{"rendered":"<p>Para los amantes del senderismo, podemos darles la buena noticia de que, <strong>por fin se ha hecho realidad el Sendero GR.296, m\u00e1s conocido como \u00abSenderos del Clarete\u00bb<\/strong>; y adem\u00e1s lo hace con un reconocimiento de una se\u00f1al\u00e9tica sostenible, <strong>seg\u00fan se hizo p\u00fablico en la XLI Feria de la Cer\u00e1mica de Valladolid<\/strong>.<\/p>\n<h3><strong>El recorrido de este sendero<\/strong><\/h3>\n<p>Este sendero de largo recorrido <strong>discurre por unos aproximadamente 93 km<\/strong>. recorriendo <strong>los doce municipios que conforman la comarca vitivin\u00edcola de Cigales<\/strong>, en Valladolid. Estos son Fuensalda\u00f1a, Mucientes, Cigales, Corcos, Trigueros del Valle, Cubillas de Santa Marta, Quintanilla de Trigueros, Due\u00f1as, Valoria la Buena, San Mart\u00edn del Valven\u00ed, Cabez\u00f3n de Pisuerga y Santovenia de Pisuerga.<\/p>\n<figure id=\"attachment_31550\" aria-describedby=\"caption-attachment-31550\" style=\"width: 640px\" class=\"wp-caption aligncenter\"><img decoding=\"async\" src=\"https:\/\/destinocastillayleon.es\/index\/wp-content\/uploads\/2019\/09\/Mapa-de-Senderos-del-Clarete.jpg\" alt=\"Mapa de Senderos del Clarete\" width=\"640\" height=\"573\" class=\"size-full wp-image-31550\" srcset=\"https:\/\/destinocastillayleon.es\/index\/wp-content\/uploads\/2019\/09\/Mapa-de-Senderos-del-Clarete.jpg 640w, https:\/\/destinocastillayleon.es\/index\/wp-content\/uploads\/2019\/09\/Mapa-de-Senderos-del-Clarete-300x269.jpg 300w\" sizes=\"(max-width: 640px) 100vw, 640px\" \/><figcaption id=\"caption-attachment-31550\" class=\"wp-caption-text\">Mapa de Senderos del Clarete,<\/figcaption><\/figure>\n<p>Encuentra m\u00e1s informaci\u00f3n, el mapa y el detalle por etapas <a href=\"https:\/\/rutadelvinocigales.com\/wp-content\/uploads\/2019\/02\/Folleto-Topogu%C3%ADa-GR-296-Senderos-del-Clarete.pdf\" rel=\"noopener noreferrer\" target=\"_blank\">pinchando<strong> aqu\u00ed<\/strong><\/a> y descargando el folleto informativo.<\/p>\n<blockquote><p>Este recorrido hace que sea el GR m\u00e1s pr\u00f3ximo a la ciudad de Valladolid<\/p><\/blockquote>\n<p>Para la gesti\u00f3n promocional, <strong>se ha hecho encargo a la <a href=\"https:\/\/rutadelvinocigales.com\/\" rel=\"noopener noreferrer\" target=\"_blank\">Ruta del Vino de Cigales<\/a><\/strong>, pues este sendero permite recorrer una comarca vinatera de larga tradici\u00f3n y que <strong>desde 1991 es una denominaci\u00f3n de origen de vinos<\/strong>, muy conocida por la elaboraci\u00f3n de vinos rosados de gran calidad.<\/p>\n<p>Oficialmente este sendero de Largo Recorrido <strong>est\u00e1 reconocido y homologado desde febrero de 2019 por la Federaci\u00f3n de Deportes de Monta\u00f1a, Escalada y Senderismo de Castilla y Le\u00f3n<\/strong>.<\/p>\n<figure id=\"attachment_31545\" aria-describedby=\"caption-attachment-31545\" style=\"width: 640px\" class=\"wp-caption aligncenter\"><img decoding=\"async\" src=\"https:\/\/destinocastillayleon.es\/index\/wp-content\/uploads\/2019\/09\/Detalle-de-uno-de-los-carteles-Imagen-de-la-Ruta.jpg\" alt=\"Detalle de uno de los carteles - Imagen de la Ruta\" width=\"640\" height=\"427\" class=\"size-full wp-image-31545\" srcset=\"https:\/\/destinocastillayleon.es\/index\/wp-content\/uploads\/2019\/09\/Detalle-de-uno-de-los-carteles-Imagen-de-la-Ruta.jpg 640w, https:\/\/destinocastillayleon.es\/index\/wp-content\/uploads\/2019\/09\/Detalle-de-uno-de-los-carteles-Imagen-de-la-Ruta-300x200.jpg 300w, https:\/\/destinocastillayleon.es\/index\/wp-content\/uploads\/2019\/09\/Detalle-de-uno-de-los-carteles-Imagen-de-la-Ruta-600x400.jpg 600w\" sizes=\"(max-width: 640px) 100vw, 640px\" \/><figcaption id=\"caption-attachment-31545\" class=\"wp-caption-text\">Detalle de uno de los carteles &#8211; Imagen de la Ruta<\/figcaption><\/figure>\n<h2><strong>La se\u00f1al\u00e9tica del GR.296, Senderos del Clarete, ejemplo de sostenibilidad<\/strong><\/h2>\n<p>Aunque la definici\u00f3n del trazado cost\u00f3, especialmente algunos tramos complicados, una vez aprobados y reconocidos, <strong>har\u00e1 falta a\u00fan un trabajo de se\u00f1alizaci\u00f3n para guiar a los caminantes por estas tierras en una opci\u00f3n deportiva, al mismo tiempo que enotur\u00edstica<\/strong>, pues se pasa por vi\u00f1edos, bodegas y pueblos.<\/p>\n<p>Para el  dise\u00f1o e instalaci\u00f3n de esta se\u00f1al\u00e9tica, <strong>se han seguido unos criterios de sostenibilidad muy estrictos<\/strong>, para no interferir en senderos existentes, tanto de largo recorrido en la parte que coinciden, como otros de corto recorrido, promocionados por los propios municipios; y al mismo tiempo, cumplir la normativa existente.<\/p>\n<p>Con estos par\u00e1metros, <strong>se conseguido una se\u00f1alizaci\u00f3n que cumple con lo anterior, y adem\u00e1s posee unas cualidades buscadas<\/strong>, como una cierta <strong>discreci\u00f3n<\/strong>, para integrarse en el paisaje, sin desentonar con el ambiente; una <strong>eficacia <\/strong>en sus posiciones, para proporcionar seguridad e informaci\u00f3n correcta durante el trazado y <strong>limpieza <\/strong>en su instalaci\u00f3n y mantenimiento, por la elecci\u00f3n de los materiales.<\/p>\n<figure id=\"attachment_31546\" aria-describedby=\"caption-attachment-31546\" style=\"width: 480px\" class=\"wp-caption aligncenter\"><img decoding=\"async\" src=\"https:\/\/destinocastillayleon.es\/index\/wp-content\/uploads\/2019\/09\/Indicativo-de-Senderos-del-Clarete-Imagen-de-la-Ruta.jpg\" alt=\"Indicativo de Senderos del Clarete - Imagen de la Ruta\" width=\"480\" height=\"520\" class=\"size-full wp-image-31546\" srcset=\"https:\/\/destinocastillayleon.es\/index\/wp-content\/uploads\/2019\/09\/Indicativo-de-Senderos-del-Clarete-Imagen-de-la-Ruta.jpg 480w, https:\/\/destinocastillayleon.es\/index\/wp-content\/uploads\/2019\/09\/Indicativo-de-Senderos-del-Clarete-Imagen-de-la-Ruta-277x300.jpg 277w\" sizes=\"(max-width: 480px) 100vw, 480px\" \/><figcaption id=\"caption-attachment-31546\" class=\"wp-caption-text\">Indicativo de Senderos del Clarete &#8211; Imagen de la Ruta<\/figcaption><\/figure>\n<p>Para lograr estos objetivos, la se\u00f1alizaci\u00f3n <strong>ser\u00e1 realizada con dos materiales fundamentales, la madera y la cer\u00e1mica<\/strong>. Materiales respetuosos con el medio ambiente y un tributo a la tradici\u00f3n artesana de esta tierra. Aunque para evitar su deterioro estos materiales ser\u00e1n tratados con t\u00e9cnicas modernas para resistir degradaciones por causa meteorol\u00f3gica o vand\u00e1lica.<\/p>\n<blockquote><p>La se\u00f1alizaci\u00f3n del sendero se ha realizado en cer\u00e1mica y madera para integrarlo en el entorno con respeto y sostenibilidad. El GR-296 \u201cSenderos del Clarete\u201d se encuentra a 4 km. de Valladolid, siendo un recurso tur\u00edstico de primer orden para los amantes del senderismo de la ciudad y visitantes.<\/p><\/blockquote>\n<p>Esta se\u00f1alizaci\u00f3n <strong>se present\u00f3 durante la inauguraci\u00f3n de la XLI Feria de la Cer\u00e1mica de Valladolid<\/strong>; el artesano ceramista encargado de realizar estas se\u00f1ales es <a href=\"https:\/\/rutadelvinocigales.com\/ocio\/ceramica-carlos-jimeno\/\" rel=\"noopener noreferrer\" target=\"_blank\"><strong>Carlos Jimeno<\/strong><\/a>, que adem\u00e1s de trabajar este noble arte en Cabez\u00f3n de Pisuerga es tambi\u00e9n presidente de la asociaci\u00f3n ACEVA.<\/p>\n<figure id=\"attachment_31547\" aria-describedby=\"caption-attachment-31547\" style=\"width: 520px\" class=\"wp-caption aligncenter\"><img decoding=\"async\" src=\"https:\/\/destinocastillayleon.es\/index\/wp-content\/uploads\/2019\/09\/aa0f793eedf0233e048248b85da7dfb7.jpg\" alt=\"El artesano Carlos Jimeno, encargado de la realizar la se\u00f1alizaci\u00f3n - Imagen de la Ruta\" width=\"520\" height=\"336\" class=\"size-full wp-image-31547\" srcset=\"https:\/\/destinocastillayleon.es\/index\/wp-content\/uploads\/2019\/09\/aa0f793eedf0233e048248b85da7dfb7.jpg 520w, https:\/\/destinocastillayleon.es\/index\/wp-content\/uploads\/2019\/09\/aa0f793eedf0233e048248b85da7dfb7-300x194.jpg 300w\" sizes=\"(max-width: 520px) 100vw, 520px\" \/><figcaption id=\"caption-attachment-31547\" class=\"wp-caption-text\">El artesano Carlos Jimeno, encargado de la realizar la se\u00f1alizaci\u00f3n &#8211; Imagen de la Ruta<\/figcaption><\/figure>\n<h4>Tambi\u00e9n te puede interesar<\/h4>\n<ul>\n<li><a href=\"https:\/\/destinocastillayleon.es\/index\/10-planes-ninos-la-ruta-del-vino-cigales\/\">10 planes para hacer con ni\u00f1os en la Ruta del Vino de Cigales<\/a>.<\/li>\n<li><a href=\"https:\/\/destinocastillayleon.es\/index\/ruta-del-vino-de-cigales\/\">Un gran d\u00eda de enoturismo por la Ruta del Vino de Cigales, DestinoRVCigales<\/a>.<\/li>\n<li><a href=\"https:\/\/destinocastillayleon.es\/index\/entre-piedras-y-lagares-2016\/\">Programa Entre Piedras y Lagares, de la Ruta del vino de Cigales<\/a>.<\/li>\n<\/ul>\n","protected":false},"excerpt":{"rendered":"<p>Te proponemos otra excusa para hacer enoturismo por la Ruta del Vino de Cigales; Recorre el GR296, el Sendero del Clarete; Ahora una ruta con una se\u00f1alizaci\u00f3n sostenible<\/p>\n","protected":false},"author":2,"featured_media":31548,"comment_status":"open","ping_status":"closed","sticky":false,"template":"","format":"standard","meta":{"rop_custom_images_group":[],"rop_custom_messages_group":[],"rop_publish_now":"initial","rop_publish_now_accounts":{"twitter_1150954226_1150954226":""},"rop_publish_now_history":[],"rop_publish_now_status":"pending","footnotes":""},"categories":[77,48,5511,68,45,384,3209,5314,26,4800],"tags":[1355,223,5806],"class_list":["post-31542","post","type-post","status-publish","format-standard","has-post-thumbnail","hentry","category-actualidad-y-agenda-de-castilla-y-leon","category-enoturismo","category-no-rescatar-en-rrss","category-post_inicial","category-provincias","category-rutas-2","category-senderismo-2","category-turismo-activo","category-valladolid","category-valladolid-actualidad","tag-ruta-del-vino-de-cigales","tag-senderismo","tag-senderos-del-clarete"],"yoast_head":"<!-- This site is optimized with the Yoast SEO Premium plugin v20.4 (Yoast SEO v27.4) - https:\/\/yoast.com\/product\/yoast-seo-premium-wordpress\/ -->\n<title>\u201cSenderos del Clarete\u201d tiene una se\u00f1alizaci\u00f3n sostenible - DestinoCyL<\/title>\n<meta name=\"description\" content=\"Otra excusa perfecta para hacer enoturismo por la Ruta del Vino de Cigales, recorre el GR296, el Senderos del Clarete, una ruta con se\u00f1alizaci\u00f3n sostenible\" \/>\n<meta name=\"robots\" content=\"index, follow, max-snippet:-1, max-image-preview:large, max-video-preview:-1\" \/>\n<link rel=\"canonical\" href=\"https:\/\/destinocastillayleon.es\/index\/senderos-del-clarete\/\" \/>\n<meta property=\"og:locale\" content=\"es_ES\" \/>\n<meta property=\"og:type\" content=\"article\" \/>\n<meta property=\"og:title\" content=\"\u201cSenderos del Clarete\u201d tiene una se\u00f1alizaci\u00f3n sostenible - Destino Castilla y Le\u00f3n\" \/>\n<meta property=\"og:description\" content=\"Te proponemos otra excusa para hacer enoturismo por la Ruta del Vino de Cigales; Recorre el GR296, el Sendero del Clarete; Ahora una ruta con una se\u00f1alizaci\u00f3n sostenible\" \/>\n<meta property=\"og:url\" content=\"https:\/\/destinocastillayleon.es\/index\/senderos-del-clarete\/\" \/>\n<meta property=\"og:site_name\" content=\"Destino Castilla y Le\u00f3n\" \/>\n<meta property=\"article:publisher\" content=\"https:\/\/www.facebook.com\/DestinoCastillaYLeon\/\" \/>\n<meta property=\"article:author\" content=\"https:\/\/www.facebook.com\/profile.php?id=1158416854\" \/>\n<meta property=\"article:published_time\" content=\"2019-09-25T13:15:31+00:00\" \/>\n<meta property=\"og:image\" content=\"https:\/\/destinocastillayleon.es\/index\/wp-content\/uploads\/2019\/09\/Carteles-informativos-de-Sederos-del-Clarete-Imagen-de-la-Ruta.jpg\" \/>\n\t<meta property=\"og:image:width\" content=\"920\" \/>\n\t<meta property=\"og:image:height\" content=\"593\" \/>\n\t<meta property=\"og:image:type\" content=\"image\/jpeg\" \/>\n<meta name=\"author\" content=\"David V\u00e1zquez\" \/>\n<meta name=\"twitter:card\" content=\"summary_large_image\" \/>\n<meta name=\"twitter:title\" content=\"\u201cSenderos del Clarete\u201d tiene una se\u00f1alizaci\u00f3n sostenible - Destino Castilla y Le\u00f3n\" \/>\n<meta name=\"twitter:description\" content=\"Te proponemos otra excusa para hacer enoturismo por la Ruta del Vino de Cigales; Recorre el GR296, el Sendero del Clarete; Ahora una ruta con una se\u00f1alizaci\u00f3n sostenible\" \/>\n<meta name=\"twitter:image\" content=\"https:\/\/destinocastillayleon.es\/index\/wp-content\/uploads\/2019\/09\/Carteles-informativos-de-Sederos-del-Clarete-Imagen-de-la-Ruta.jpg\" \/>\n<meta name=\"twitter:creator\" content=\"@https:\/\/twitter.com\/ContePantaleone\u200e\" \/>\n<meta name=\"twitter:site\" content=\"@destinocyl\" \/>\n<meta name=\"twitter:label1\" content=\"Escrito por\" \/>\n\t<meta name=\"twitter:data1\" content=\"David V\u00e1zquez\" \/>\n\t<meta name=\"twitter:label2\" content=\"Tiempo de lectura\" \/>\n\t<meta name=\"twitter:data2\" content=\"4 minutos\" \/>\n<script type=\"application\/ld+json\" class=\"yoast-schema-graph\">{\"@context\":\"https:\\\/\\\/schema.org\",\"@graph\":[{\"@type\":\"Article\",\"@id\":\"https:\\\/\\\/destinocastillayleon.es\\\/index\\\/senderos-del-clarete\\\/#article\",\"isPartOf\":{\"@id\":\"https:\\\/\\\/destinocastillayleon.es\\\/index\\\/senderos-del-clarete\\\/\"},\"author\":{\"name\":\"David V\u00e1zquez\",\"@id\":\"https:\\\/\\\/destinocastillayleon.es\\\/index\\\/#\\\/schema\\\/person\\\/189221bc8f6cc4fa28b18ad5c289d4c2\"},\"headline\":\"El GR-296 \u201cSenderos del Clarete\u201d tiene una se\u00f1alizaci\u00f3n sostenible\",\"datePublished\":\"2019-09-25T13:15:31+00:00\",\"mainEntityOfPage\":{\"@id\":\"https:\\\/\\\/destinocastillayleon.es\\\/index\\\/senderos-del-clarete\\\/\"},\"wordCount\":718,\"commentCount\":0,\"image\":{\"@id\":\"https:\\\/\\\/destinocastillayleon.es\\\/index\\\/senderos-del-clarete\\\/#primaryimage\"},\"thumbnailUrl\":\"https:\\\/\\\/destinocastillayleon.es\\\/index\\\/wp-content\\\/uploads\\\/2019\\\/09\\\/Carteles-informativos-de-Sederos-del-Clarete-Imagen-de-la-Ruta.jpg\",\"keywords\":[\"Ruta del Vino de Cigales\",\"senderismo\",\"Senderos del Clarete\"],\"articleSection\":[\"Actualidad\",\"enoturismo\",\"No rescatar en RRSS\",\"Post_inicial\",\"Provincias\",\"Rutas\",\"Senderismo\",\"Turismo Activo\",\"Valladolid\",\"Valladolid Actualidad\"],\"inLanguage\":\"es\",\"potentialAction\":[{\"@type\":\"CommentAction\",\"name\":\"Comment\",\"target\":[\"https:\\\/\\\/destinocastillayleon.es\\\/index\\\/senderos-del-clarete\\\/#respond\"]}]},{\"@type\":\"WebPage\",\"@id\":\"https:\\\/\\\/destinocastillayleon.es\\\/index\\\/senderos-del-clarete\\\/\",\"url\":\"https:\\\/\\\/destinocastillayleon.es\\\/index\\\/senderos-del-clarete\\\/\",\"name\":\"\u201cSenderos del Clarete\u201d tiene una se\u00f1alizaci\u00f3n sostenible - DestinoCyL\",\"isPartOf\":{\"@id\":\"https:\\\/\\\/destinocastillayleon.es\\\/index\\\/#website\"},\"primaryImageOfPage\":{\"@id\":\"https:\\\/\\\/destinocastillayleon.es\\\/index\\\/senderos-del-clarete\\\/#primaryimage\"},\"image\":{\"@id\":\"https:\\\/\\\/destinocastillayleon.es\\\/index\\\/senderos-del-clarete\\\/#primaryimage\"},\"thumbnailUrl\":\"https:\\\/\\\/destinocastillayleon.es\\\/index\\\/wp-content\\\/uploads\\\/2019\\\/09\\\/Carteles-informativos-de-Sederos-del-Clarete-Imagen-de-la-Ruta.jpg\",\"datePublished\":\"2019-09-25T13:15:31+00:00\",\"author\":{\"@id\":\"https:\\\/\\\/destinocastillayleon.es\\\/index\\\/#\\\/schema\\\/person\\\/189221bc8f6cc4fa28b18ad5c289d4c2\"},\"description\":\"Otra excusa perfecta para hacer enoturismo por la Ruta del Vino de Cigales, recorre el GR296, el Senderos del Clarete, una ruta con se\u00f1alizaci\u00f3n sostenible\",\"breadcrumb\":{\"@id\":\"https:\\\/\\\/destinocastillayleon.es\\\/index\\\/senderos-del-clarete\\\/#breadcrumb\"},\"inLanguage\":\"es\",\"potentialAction\":[{\"@type\":\"ReadAction\",\"target\":[\"https:\\\/\\\/destinocastillayleon.es\\\/index\\\/senderos-del-clarete\\\/\"]}]},{\"@type\":\"ImageObject\",\"inLanguage\":\"es\",\"@id\":\"https:\\\/\\\/destinocastillayleon.es\\\/index\\\/senderos-del-clarete\\\/#primaryimage\",\"url\":\"https:\\\/\\\/destinocastillayleon.es\\\/index\\\/wp-content\\\/uploads\\\/2019\\\/09\\\/Carteles-informativos-de-Sederos-del-Clarete-Imagen-de-la-Ruta.jpg\",\"contentUrl\":\"https:\\\/\\\/destinocastillayleon.es\\\/index\\\/wp-content\\\/uploads\\\/2019\\\/09\\\/Carteles-informativos-de-Sederos-del-Clarete-Imagen-de-la-Ruta.jpg\",\"width\":920,\"height\":593,\"caption\":\"Carteles informativos de Sederos del Clarete - Imagen de la Ruta\"},{\"@type\":\"BreadcrumbList\",\"@id\":\"https:\\\/\\\/destinocastillayleon.es\\\/index\\\/senderos-del-clarete\\\/#breadcrumb\",\"itemListElement\":[{\"@type\":\"ListItem\",\"position\":1,\"name\":\"Portada\",\"item\":\"https:\\\/\\\/destinocastillayleon.es\\\/index\\\/\"},{\"@type\":\"ListItem\",\"position\":2,\"name\":\"El GR-296 \u201cSenderos del Clarete\u201d tiene una se\u00f1alizaci\u00f3n sostenible\"}]},{\"@type\":\"WebSite\",\"@id\":\"https:\\\/\\\/destinocastillayleon.es\\\/index\\\/#website\",\"url\":\"https:\\\/\\\/destinocastillayleon.es\\\/index\\\/\",\"name\":\"Destino Castilla y Le\u00f3n\",\"description\":\"Medio digital independiente y revista de Castilla y Le\u00f3n dedicado al turismo, gastronom\u00eda y vino de Castilla y Le\u00f3n\",\"potentialAction\":[{\"@type\":\"SearchAction\",\"target\":{\"@type\":\"EntryPoint\",\"urlTemplate\":\"https:\\\/\\\/destinocastillayleon.es\\\/index\\\/?s={search_term_string}\"},\"query-input\":{\"@type\":\"PropertyValueSpecification\",\"valueRequired\":true,\"valueName\":\"search_term_string\"}}],\"inLanguage\":\"es\"},{\"@type\":\"Person\",\"@id\":\"https:\\\/\\\/destinocastillayleon.es\\\/index\\\/#\\\/schema\\\/person\\\/189221bc8f6cc4fa28b18ad5c289d4c2\",\"name\":\"David V\u00e1zquez\",\"image\":{\"@type\":\"ImageObject\",\"inLanguage\":\"es\",\"@id\":\"https:\\\/\\\/secure.gravatar.com\\\/avatar\\\/cd12db6c575a90c3b75cfa0f794b74d425201c768612fad17e9f13cd33d48be8?s=96&d=mm&r=g\",\"url\":\"https:\\\/\\\/secure.gravatar.com\\\/avatar\\\/cd12db6c575a90c3b75cfa0f794b74d425201c768612fad17e9f13cd33d48be8?s=96&d=mm&r=g\",\"contentUrl\":\"https:\\\/\\\/secure.gravatar.com\\\/avatar\\\/cd12db6c575a90c3b75cfa0f794b74d425201c768612fad17e9f13cd33d48be8?s=96&d=mm&r=g\",\"caption\":\"David V\u00e1zquez\"},\"description\":\"Ingeniero Industrial de vocaci\u00f3n y profesi\u00f3n, he encontrado en los blogs la forma de plasmar mi pasi\u00f3n por los viajes, la gastronom\u00eda y los vinos. Especialmente los procedentes de Castilla y Le\u00f3n\",\"sameAs\":[\"https:\\\/\\\/www.destinocastillayleon.es\",\"https:\\\/\\\/www.facebook.com\\\/profile.php?id=1158416854\",\"https:\\\/\\\/instagram.com\\\/conte.pantaleone\",\"https:\\\/\\\/www.linkedin.com\\\/pub\\\/david-vazquez-lozano\\\/37\\\/17a\\\/25a\",\"https:\\\/\\\/x.com\\\/https:\\\/\\\/twitter.com\\\/ContePantaleone\u200e\"],\"url\":\"https:\\\/\\\/destinocastillayleon.es\\\/index\\\/author\\\/coadministradorcyl\\\/\"}]}<\/script>\n<!-- \/ Yoast SEO Premium plugin. -->","yoast_head_json":{"title":"\u201cSenderos del Clarete\u201d tiene una se\u00f1alizaci\u00f3n sostenible - DestinoCyL","description":"Otra excusa perfecta para hacer enoturismo por la Ruta del Vino de Cigales, recorre el GR296, el Senderos del Clarete, una ruta con se\u00f1alizaci\u00f3n sostenible","robots":{"index":"index","follow":"follow","max-snippet":"max-snippet:-1","max-image-preview":"max-image-preview:large","max-video-preview":"max-video-preview:-1"},"canonical":"https:\/\/destinocastillayleon.es\/index\/senderos-del-clarete\/","og_locale":"es_ES","og_type":"article","og_title":"\u201cSenderos del Clarete\u201d tiene una se\u00f1alizaci\u00f3n sostenible - Destino Castilla y Le\u00f3n","og_description":"Te proponemos otra excusa para hacer enoturismo por la Ruta del Vino de Cigales; Recorre el GR296, el Sendero del Clarete; Ahora una ruta con una se\u00f1alizaci\u00f3n sostenible","og_url":"https:\/\/destinocastillayleon.es\/index\/senderos-del-clarete\/","og_site_name":"Destino Castilla y Le\u00f3n","article_publisher":"https:\/\/www.facebook.com\/DestinoCastillaYLeon\/","article_author":"https:\/\/www.facebook.com\/profile.php?id=1158416854","article_published_time":"2019-09-25T13:15:31+00:00","og_image":[{"width":920,"height":593,"url":"https:\/\/destinocastillayleon.es\/index\/wp-content\/uploads\/2019\/09\/Carteles-informativos-de-Sederos-del-Clarete-Imagen-de-la-Ruta.jpg","type":"image\/jpeg"}],"author":"David V\u00e1zquez","twitter_card":"summary_large_image","twitter_title":"\u201cSenderos del Clarete\u201d tiene una se\u00f1alizaci\u00f3n sostenible - Destino Castilla y Le\u00f3n","twitter_description":"Te proponemos otra excusa para hacer enoturismo por la Ruta del Vino de Cigales; Recorre el GR296, el Sendero del Clarete; Ahora una ruta con una se\u00f1alizaci\u00f3n sostenible","twitter_image":"https:\/\/destinocastillayleon.es\/index\/wp-content\/uploads\/2019\/09\/Carteles-informativos-de-Sederos-del-Clarete-Imagen-de-la-Ruta.jpg","twitter_creator":"@https:\/\/twitter.com\/ContePantaleone\u200e","twitter_site":"@destinocyl","twitter_misc":{"Escrito por":"David V\u00e1zquez","Tiempo de lectura":"4 minutos"},"schema":{"@context":"https:\/\/schema.org","@graph":[{"@type":"Article","@id":"https:\/\/destinocastillayleon.es\/index\/senderos-del-clarete\/#article","isPartOf":{"@id":"https:\/\/destinocastillayleon.es\/index\/senderos-del-clarete\/"},"author":{"name":"David V\u00e1zquez","@id":"https:\/\/destinocastillayleon.es\/index\/#\/schema\/person\/189221bc8f6cc4fa28b18ad5c289d4c2"},"headline":"El GR-296 \u201cSenderos del Clarete\u201d tiene una se\u00f1alizaci\u00f3n sostenible","datePublished":"2019-09-25T13:15:31+00:00","mainEntityOfPage":{"@id":"https:\/\/destinocastillayleon.es\/index\/senderos-del-clarete\/"},"wordCount":718,"commentCount":0,"image":{"@id":"https:\/\/destinocastillayleon.es\/index\/senderos-del-clarete\/#primaryimage"},"thumbnailUrl":"https:\/\/destinocastillayleon.es\/index\/wp-content\/uploads\/2019\/09\/Carteles-informativos-de-Sederos-del-Clarete-Imagen-de-la-Ruta.jpg","keywords":["Ruta del Vino de Cigales","senderismo","Senderos del Clarete"],"articleSection":["Actualidad","enoturismo","No rescatar en RRSS","Post_inicial","Provincias","Rutas","Senderismo","Turismo Activo","Valladolid","Valladolid Actualidad"],"inLanguage":"es","potentialAction":[{"@type":"CommentAction","name":"Comment","target":["https:\/\/destinocastillayleon.es\/index\/senderos-del-clarete\/#respond"]}]},{"@type":"WebPage","@id":"https:\/\/destinocastillayleon.es\/index\/senderos-del-clarete\/","url":"https:\/\/destinocastillayleon.es\/index\/senderos-del-clarete\/","name":"\u201cSenderos del Clarete\u201d tiene una se\u00f1alizaci\u00f3n sostenible - DestinoCyL","isPartOf":{"@id":"https:\/\/destinocastillayleon.es\/index\/#website"},"primaryImageOfPage":{"@id":"https:\/\/destinocastillayleon.es\/index\/senderos-del-clarete\/#primaryimage"},"image":{"@id":"https:\/\/destinocastillayleon.es\/index\/senderos-del-clarete\/#primaryimage"},"thumbnailUrl":"https:\/\/destinocastillayleon.es\/index\/wp-content\/uploads\/2019\/09\/Carteles-informativos-de-Sederos-del-Clarete-Imagen-de-la-Ruta.jpg","datePublished":"2019-09-25T13:15:31+00:00","author":{"@id":"https:\/\/destinocastillayleon.es\/index\/#\/schema\/person\/189221bc8f6cc4fa28b18ad5c289d4c2"},"description":"Otra excusa perfecta para hacer enoturismo por la Ruta del Vino de Cigales, recorre el GR296, el Senderos del Clarete, una ruta con se\u00f1alizaci\u00f3n sostenible","breadcrumb":{"@id":"https:\/\/destinocastillayleon.es\/index\/senderos-del-clarete\/#breadcrumb"},"inLanguage":"es","potentialAction":[{"@type":"ReadAction","target":["https:\/\/destinocastillayleon.es\/index\/senderos-del-clarete\/"]}]},{"@type":"ImageObject","inLanguage":"es","@id":"https:\/\/destinocastillayleon.es\/index\/senderos-del-clarete\/#primaryimage","url":"https:\/\/destinocastillayleon.es\/index\/wp-content\/uploads\/2019\/09\/Carteles-informativos-de-Sederos-del-Clarete-Imagen-de-la-Ruta.jpg","contentUrl":"https:\/\/destinocastillayleon.es\/index\/wp-content\/uploads\/2019\/09\/Carteles-informativos-de-Sederos-del-Clarete-Imagen-de-la-Ruta.jpg","width":920,"height":593,"caption":"Carteles informativos de Sederos del Clarete - Imagen de la Ruta"},{"@type":"BreadcrumbList","@id":"https:\/\/destinocastillayleon.es\/index\/senderos-del-clarete\/#breadcrumb","itemListElement":[{"@type":"ListItem","position":1,"name":"Portada","item":"https:\/\/destinocastillayleon.es\/index\/"},{"@type":"ListItem","position":2,"name":"El GR-296 \u201cSenderos del Clarete\u201d tiene una se\u00f1alizaci\u00f3n sostenible"}]},{"@type":"WebSite","@id":"https:\/\/destinocastillayleon.es\/index\/#website","url":"https:\/\/destinocastillayleon.es\/index\/","name":"Destino Castilla y Le\u00f3n","description":"Medio digital independiente y revista de Castilla y Le\u00f3n dedicado al turismo, gastronom\u00eda y vino de Castilla y Le\u00f3n","potentialAction":[{"@type":"SearchAction","target":{"@type":"EntryPoint","urlTemplate":"https:\/\/destinocastillayleon.es\/index\/?s={search_term_string}"},"query-input":{"@type":"PropertyValueSpecification","valueRequired":true,"valueName":"search_term_string"}}],"inLanguage":"es"},{"@type":"Person","@id":"https:\/\/destinocastillayleon.es\/index\/#\/schema\/person\/189221bc8f6cc4fa28b18ad5c289d4c2","name":"David V\u00e1zquez","image":{"@type":"ImageObject","inLanguage":"es","@id":"https:\/\/secure.gravatar.com\/avatar\/cd12db6c575a90c3b75cfa0f794b74d425201c768612fad17e9f13cd33d48be8?s=96&d=mm&r=g","url":"https:\/\/secure.gravatar.com\/avatar\/cd12db6c575a90c3b75cfa0f794b74d425201c768612fad17e9f13cd33d48be8?s=96&d=mm&r=g","contentUrl":"https:\/\/secure.gravatar.com\/avatar\/cd12db6c575a90c3b75cfa0f794b74d425201c768612fad17e9f13cd33d48be8?s=96&d=mm&r=g","caption":"David V\u00e1zquez"},"description":"Ingeniero Industrial de vocaci\u00f3n y profesi\u00f3n, he encontrado en los blogs la forma de plasmar mi pasi\u00f3n por los viajes, la gastronom\u00eda y los vinos. Especialmente los procedentes de Castilla y Le\u00f3n","sameAs":["https:\/\/www.destinocastillayleon.es","https:\/\/www.facebook.com\/profile.php?id=1158416854","https:\/\/instagram.com\/conte.pantaleone","https:\/\/www.linkedin.com\/pub\/david-vazquez-lozano\/37\/17a\/25a","https:\/\/x.com\/https:\/\/twitter.com\/ContePantaleone\u200e"],"url":"https:\/\/destinocastillayleon.es\/index\/author\/coadministradorcyl\/"}]}},"_links":{"self":[{"href":"https:\/\/destinocastillayleon.es\/index\/wp-json\/wp\/v2\/posts\/31542","targetHints":{"allow":["GET"]}}],"collection":[{"href":"https:\/\/destinocastillayleon.es\/index\/wp-json\/wp\/v2\/posts"}],"about":[{"href":"https:\/\/destinocastillayleon.es\/index\/wp-json\/wp\/v2\/types\/post"}],"author":[{"embeddable":true,"href":"https:\/\/destinocastillayleon.es\/index\/wp-json\/wp\/v2\/users\/2"}],"replies":[{"embeddable":true,"href":"https:\/\/destinocastillayleon.es\/index\/wp-json\/wp\/v2\/comments?post=31542"}],"version-history":[{"count":7,"href":"https:\/\/destinocastillayleon.es\/index\/wp-json\/wp\/v2\/posts\/31542\/revisions"}],"predecessor-version":[{"id":31556,"href":"https:\/\/destinocastillayleon.es\/index\/wp-json\/wp\/v2\/posts\/31542\/revisions\/31556"}],"wp:featuredmedia":[{"embeddable":true,"href":"https:\/\/destinocastillayleon.es\/index\/wp-json\/wp\/v2\/media\/31548"}],"wp:attachment":[{"href":"https:\/\/destinocastillayleon.es\/index\/wp-json\/wp\/v2\/media?parent=31542"}],"wp:term":[{"taxonomy":"category","embeddable":true,"href":"https:\/\/destinocastillayleon.es\/index\/wp-json\/wp\/v2\/categories?post=31542"},{"taxonomy":"post_tag","embeddable":true,"href":"https:\/\/destinocastillayleon.es\/index\/wp-json\/wp\/v2\/tags?post=31542"}],"curies":[{"name":"wp","href":"https:\/\/api.w.org\/{rel}","templated":true}]}}