{"id":31426,"date":"2019-09-18T06:15:57","date_gmt":"2019-09-18T04:15:57","guid":{"rendered":"https:\/\/destinocastillayleon.es\/index\/?p=31426"},"modified":"2019-09-13T14:55:50","modified_gmt":"2019-09-13T12:55:50","slug":"feria-del-pimiento-de-benavente","status":"publish","type":"post","link":"https:\/\/destinocastillayleon.es\/index\/feria-del-pimiento-de-benavente\/","title":{"rendered":"XXV Feria del Pimiento de Benavente"},"content":{"rendered":"<p>Si de algo podemos presumir en Castilla y Le\u00f3n es <strong>de una gran gastronom\u00eda, entre otras cosas<\/strong>. Y es que para esto, es importante partir de un producto de calidad, y de esto, tambi\u00e9n podemos presumir; como en <strong>Benavente, en la provincia de Zamora, famosa por una producci\u00f3n de pimientos de calidad<\/strong>. Y para seguir d\u00e1ndose a conocer, otro a\u00f1o, y van veinticinco, celebra esta edici\u00f3n de la <strong>Feria del Pimiento y Productos de la Tierra Valles de Benavente<\/strong>.<\/p>\n<p>Hace tiempo que te hablamos <strong>el interesante patrimonio de esta ciudad zamorana<\/strong>, y de su IGP de vinos <a href=\"https:\/\/destinocastillayleon.es\/index\/denominaciones-de-origen-de-castilla-y-leon-i\/#DOP-Valles-de-Benavente\"><strong>DOP. Valles de Benavente<\/strong><\/a>, pero en esta ocasi\u00f3n os hablamos de otro de sus productos t\u00edpicos, los pimientos cultivados en las vegas de los r\u00edos que bajan desde Le\u00f3n.<\/p>\n<figure id=\"attachment_31430\" aria-describedby=\"caption-attachment-31430\" style=\"width: 640px\" class=\"wp-caption aligncenter\"><img decoding=\"async\" src=\"https:\/\/destinocastillayleon.es\/index\/wp-content\/uploads\/2017\/06\/Feria-de-los-pimientos-de-Benavente.jpg\" alt=\"Feria de los pimientos de Benavente\" width=\"640\" height=\"427\" class=\"size-full wp-image-31430\" srcset=\"https:\/\/destinocastillayleon.es\/index\/wp-content\/uploads\/2017\/06\/Feria-de-los-pimientos-de-Benavente.jpg 640w, https:\/\/destinocastillayleon.es\/index\/wp-content\/uploads\/2017\/06\/Feria-de-los-pimientos-de-Benavente-300x200.jpg 300w, https:\/\/destinocastillayleon.es\/index\/wp-content\/uploads\/2017\/06\/Feria-de-los-pimientos-de-Benavente-600x400.jpg 600w\" sizes=\"(max-width: 640px) 100vw, 640px\" \/><figcaption id=\"caption-attachment-31430\" class=\"wp-caption-text\">Feria de los pimientos de Benavente<\/figcaption><\/figure>\n<h2><strong>La XXV Feria del Pimiento<\/strong><\/h2>\n<p>Las fechas elegidas para<strong> esta fiesta del producto aut\u00f3ctono y de calidad son los d\u00edas 27, 28 y 29 de septiembre<\/strong>, coincidiendo con el fin de semana, por lo que adem\u00e1s de disfrutar de este producto con las actividades preparadas para la ocasi\u00f3n, es la excusa perfecta para hacer un poco de turismo de interior en esta zona.<\/p>\n<p><center><img decoding=\"async\" src=\"https:\/\/destinocastillayleon.es\/index\/wp-content\/uploads\/2017\/06\/Logo-de-la-IGP-de-Pimientos-de-Benavente.jpg\" align=\"aligncenter\" title=\"Logo de la IGP Pimientos de los Valles de Benavente\" alt=\"Logo de la IGP Pimientos de los Valles de Benavente\" \/><\/center><\/p>\n<blockquote><p>El objetivo de la feria es ser el escaparate donde dar a conocer estos productos de calidad, en los que destaca el pimiento de los Valles de Benavente.<\/p><\/blockquote>\n<h3><strong>Programa de actividades<\/strong><\/h3>\n<p>Para ese fin de semana, desde el Ayuntamiento de Benavente <strong>se han programado una serie de actividades<\/strong> para acoger tanto a los lugare\u00f1os como todo aquel visitante for\u00e1neo con ganas de disfrutar de la gastronom\u00eda.<\/p>\n<h4><strong>Talleres de cocina para ni\u00f1os<\/strong><\/h4>\n<p>Destacan <strong>los talleres de cocina, incluso los orientados a los m\u00e1s peque\u00f1os de la casa<\/strong>, ya que en otros a\u00f1os han tenido muy buena recepci\u00f3n por parte de los visitantes. Est\u00e1n programados en funci\u00f3n de la edad, pero ser\u00e1n el viernes por la tarde:<\/p>\n<p>De 17:30 a 18:30 horas, para ni\u00f1os de 5 a 9 a\u00f1os.<br \/>\nDe 18:30 a 19:30 horas, para ni\u00f1os de 10 a 14 a\u00f1os.<\/p>\n<figure id=\"attachment_31429\" aria-describedby=\"caption-attachment-31429\" style=\"width: 640px\" class=\"wp-caption aligncenter\"><img decoding=\"async\" src=\"https:\/\/destinocastillayleon.es\/index\/wp-content\/uploads\/2017\/06\/0bc2c711a68e10be7b1e5938f2814fa9.jpg\" alt=\"Talleres de cocina para ni\u00f1os - Imagen de Zamora 3.0\" width=\"640\" height=\"427\" class=\"size-full wp-image-31429\" srcset=\"https:\/\/destinocastillayleon.es\/index\/wp-content\/uploads\/2017\/06\/0bc2c711a68e10be7b1e5938f2814fa9.jpg 640w, https:\/\/destinocastillayleon.es\/index\/wp-content\/uploads\/2017\/06\/0bc2c711a68e10be7b1e5938f2814fa9-300x200.jpg 300w, https:\/\/destinocastillayleon.es\/index\/wp-content\/uploads\/2017\/06\/0bc2c711a68e10be7b1e5938f2814fa9-600x400.jpg 600w\" sizes=\"(max-width: 640px) 100vw, 640px\" \/><figcaption id=\"caption-attachment-31429\" class=\"wp-caption-text\">Talleres de cocina para ni\u00f1os &#8211; Imagen de Zamora 3.0<\/figcaption><\/figure>\n<p>Inscripciones abiertas desde el lunes 16 de septiembre a trav\u00e9s de la Oficina de Turismo, con 22 plazas por taller.<\/p>\n<h4><strong>Visitas guiadas por Benavente<\/strong><\/h4>\n<p>Ya os hemos dicho que es <strong>la excusa perfecta para conocer esta localidad<\/strong>, descubriendo <a href=\"https:\/\/destinocastillayleon.es\/index\/visita-cultural-a-benavente\/\">el patrimonio oculto de Benavente<\/a>. Pues el Ayuntamiento ha preparado para el s\u00e1bado una visita guiada gratuita a la ciudad, <strong>dentro del programa \u00abD\u00e9jate llevar\u00bb<\/strong>.<\/p>\n<figure id=\"attachment_30387\" aria-describedby=\"caption-attachment-30387\" style=\"width: 640px\" class=\"wp-caption aligncenter\"><img decoding=\"async\" src=\"https:\/\/destinocastillayleon.es\/index\/wp-content\/uploads\/2019\/04\/b63a64f679f7d8aea25fb820e23e5a25.jpg\" alt=\"Iglesia de Santa Mar\u00eda de Azogue - Imagen de 20minutos\" width=\"640\" height=\"423\" class=\"size-full wp-image-30387\" srcset=\"https:\/\/destinocastillayleon.es\/index\/wp-content\/uploads\/2019\/04\/b63a64f679f7d8aea25fb820e23e5a25.jpg 640w, https:\/\/destinocastillayleon.es\/index\/wp-content\/uploads\/2019\/04\/b63a64f679f7d8aea25fb820e23e5a25-300x198.jpg 300w\" sizes=\"(max-width: 640px) 100vw, 640px\" \/><figcaption id=\"caption-attachment-30387\" class=\"wp-caption-text\">Iglesia de Santa Mar\u00eda de Azogue de Benavente &#8211; Imagen de 20minutos<\/figcaption><\/figure>\n<p>Las visitas saldr\u00e1n desde la Oficina de Turismo, a las 11:30 horas y sin necesidad de inscripci\u00f3n previa.<\/p>\n<h3><strong>Informaci\u00f3n general de Benavente<\/strong><\/h3>\n<h4><strong>\u00bfC\u00f3mo llegar?<\/strong><\/h4>\n<p>Una de las ventajas de <a href=\"https:\/\/goo.gl\/maps\/9o2csJSGo8Tthpkn7\" target=\"_Blank\" rel=\"dofollow noopener noreferrer\">Benavente<\/a> es estar muy bien comunicada por carretera al estar <strong>junto a las autov\u00edas A6 Madrid-La Coru\u00f1a, A52 de las R\u00edas Bajas y la A66 V\u00eda de la Plata<\/strong>.<\/p>\n<h4><strong>\u00bfD\u00f3nde alojarte?<\/strong><\/h4>\n<p>Como es un destino que <strong>puede ser interesante para pasar un fin de semana <\/strong>y visitar alguna de las bodegas de la IGP. Valles de Benavente, o hacer senderismo, o disfrutar de su rica gastronom\u00eda, os recomendamos hacer noche, especialmente si pod\u00e9is alojaros en el <a href=\"https:\/\/www.booking.com\/hotel\/es\/parador-de-turismo-de-benavente.es.html?aid=1281624;sid=a35061beca099405596e1604a30404ca;room1=A%2CA%2C12&#038;;atlas_src=sr_iw_title;from_sr_map=1;from=searchresults;ucfs=1;\" target=\"_blank\" rel=\"nofollow noopener noreferrer\"><strong>Parador Nacional de Benavente<\/strong><\/a>; aunque en una versi\u00f3n m\u00e1s modesta, podr\u00eda ser <a href=\"https:\/\/www.booking.com\/hotel\/es\/pension-la-traperia.es.html?aid=1281624;sid=a35061beca099405596e1604a30404ca;atlas_src=sr_iw_title;dist=0;group_adults=2;group_children=1;no_rooms=1;room1=A%2CA%2C12;sb_price_type=total;type=total;ucfs=1&#038;\" target=\"_blank\" rel=\"nofollow noopener noreferrer\"><strong>La Traper\u00eda Pensi\u00f3n<\/strong> con encanto<\/a>.<\/p>\n<figure id=\"attachment_30393\" aria-describedby=\"caption-attachment-30393\" style=\"width: 580px\" class=\"wp-caption aligncenter\"><img decoding=\"async\" src=\"https:\/\/destinocastillayleon.es\/index\/wp-content\/uploads\/2019\/04\/Parador-Nacional-de-Benavente-Imagen-de-Paradores.jpg\" alt=\"Parador Nacional de Benavente - Imagen de Paradores\" width=\"580\" class=\"size-full wp-image-30393\" srcset=\"https:\/\/destinocastillayleon.es\/index\/wp-content\/uploads\/2019\/04\/Parador-Nacional-de-Benavente-Imagen-de-Paradores.jpg 640w, https:\/\/destinocastillayleon.es\/index\/wp-content\/uploads\/2019\/04\/Parador-Nacional-de-Benavente-Imagen-de-Paradores-300x200.jpg 300w, https:\/\/destinocastillayleon.es\/index\/wp-content\/uploads\/2019\/04\/Parador-Nacional-de-Benavente-Imagen-de-Paradores-600x400.jpg 600w\" sizes=\"(max-width: 640px) 100vw, 640px\" \/><figcaption id=\"caption-attachment-30393\" class=\"wp-caption-text\">Parador Nacional de Benavente &#8211; Imagen de Paradores<\/figcaption><\/figure>\n<h4><strong>\u00bfD\u00f3nde comer?<\/strong><\/h4>\n<p>Adem\u00e1s de <strong>disfrutar en la feria de los pimientos de la zona, as\u00ed como de toda clase de verduras de la huerta<\/strong>, en cuanto a restaurantes, adem\u00e1s del <strong>restaurante el Ermita\u00f1o<\/strong>, (estrella michel\u00edn), que tendr\u00e9is que reservar con antelaci\u00f3n, algo m\u00e1s sencillo puede ser <strong>el propio Parador Nacional<\/strong> o en plan modesto, en <strong>la Taberna de Bode o Planetorium<\/strong>.<\/p>\n<p>Y con esto queremos<strong> animaros a disfrutar de Castilla y Le\u00f3n y de nuestra gastronom\u00eda<\/strong>, una de las m\u00e1s variadas y de mayor calidad. Y que en Benavente, tiene un lugar de referencia y en el que esta XXV Feria del Pimiento es solo el fruto de un largo trabajo de a\u00f1os mimando al producto.<\/p>\n<p><strong>\u00bfConoc\u00edas esta feria de otras ediciones?<\/strong> Cu\u00e9ntanos la experiencia en un comentario.<\/p>\n<p><font size=\"2\"><strong>Nota:<\/strong> Imagen de portada cortes\u00eda de <a href=\"https:\/\/cardinaliablog.wordpress.com\/\" rel=\"noopener nofollow noreferrer\" target=\"_blank\">Cardinalia Comunicaci\u00f3n<\/a>.<\/font><\/p>\n<h4>Tambi\u00e9n te puede interesar<\/h4>\n<ul>\n<li><a href=\"https:\/\/destinocastillayleon.es\/index\/visita-cultural-a-benavente\/\">Visita cultural a Benavente<\/a>.<\/li>\n<li><a href=\"https:\/\/destinocastillayleon.es\/index\/verdejo-valleoscuro-de-bodegas-otero\/\">Degustaci\u00f3n del verdejo Valleoscuro de Bodegas Otero<\/a>.<\/li>\n<li><a href=\"https:\/\/destinocastillayleon.es\/index\/denominaciones-de-origen-de-castilla-y-leon-i\/#DOP-Valles-de-Benavente\">DOP. Valles de Benavente<\/a>.<\/li>\n<\/ul>\n","protected":false},"excerpt":{"rendered":"<p>Como cada a\u00f1o desde hace 25, se celebra la Feria del Pimiento de Benavente; un producto de huerta de alta calidad que se da en esta parte de Zamora<\/p>\n","protected":false},"author":2,"featured_media":31432,"comment_status":"open","ping_status":"closed","sticky":false,"template":"","format":"standard","meta":{"rop_custom_images_group":[],"rop_custom_messages_group":[],"rop_publish_now":"initial","rop_publish_now_accounts":{"twitter_1150954226_1150954226":""},"rop_publish_now_history":[],"rop_publish_now_status":"pending","footnotes":""},"categories":[77,1343,303,4477,5511,68,4802],"tags":[5765,5803,2520],"class_list":["post-31426","post","type-post","status-publish","format-standard","has-post-thumbnail","hentry","category-actualidad-y-agenda-de-castilla-y-leon","category-agenda","category-gastronomia","category-jornadas-gastronomicas","category-no-rescatar-en-rrss","category-post_inicial","category-zamora-actualidad","tag-benavente","tag-huerta","tag-jornadas-gastronomicas"],"yoast_head":"<!-- This site is optimized with the Yoast SEO Premium plugin v20.4 (Yoast SEO v27.4) - https:\/\/yoast.com\/product\/yoast-seo-premium-wordpress\/ -->\n<title>XXV Feria del Pimiento de Benavente - Destino Castilla y Le\u00f3n<\/title>\n<meta name=\"description\" content=\"Como cada a\u00f1o desde hace 25, se celebra la Feria del Pimiento de Benavente; un producto de huerta de alta calidad que se da en esta parte de Zamora\" \/>\n<meta name=\"robots\" content=\"index, follow, max-snippet:-1, max-image-preview:large, max-video-preview:-1\" \/>\n<link rel=\"canonical\" href=\"https:\/\/destinocastillayleon.es\/index\/feria-del-pimiento-de-benavente\/\" \/>\n<meta property=\"og:locale\" content=\"es_ES\" \/>\n<meta property=\"og:type\" content=\"article\" \/>\n<meta property=\"og:title\" content=\"XXV Feria del Pimiento de Benavente - Destino Castilla y Le\u00f3n\" \/>\n<meta property=\"og:description\" content=\"Como cada a\u00f1o desde hace 25, se celebra la Feria del Pimiento de Benavente; un producto de huerta de alta calidad que se da en esta parte de Zamora\" \/>\n<meta property=\"og:url\" content=\"https:\/\/destinocastillayleon.es\/index\/feria-del-pimiento-de-benavente\/\" \/>\n<meta property=\"og:site_name\" content=\"Destino Castilla y Le\u00f3n\" \/>\n<meta property=\"article:publisher\" content=\"https:\/\/www.facebook.com\/DestinoCastillaYLeon\/\" \/>\n<meta property=\"article:author\" content=\"https:\/\/www.facebook.com\/profile.php?id=1158416854\" \/>\n<meta property=\"article:published_time\" content=\"2019-09-18T04:15:57+00:00\" \/>\n<meta property=\"og:image\" content=\"https:\/\/destinocastillayleon.es\/index\/wp-content\/uploads\/2017\/06\/Pimientos-de-Benavente.jpg\" \/>\n\t<meta property=\"og:image:width\" content=\"1024\" \/>\n\t<meta property=\"og:image:height\" content=\"682\" \/>\n\t<meta property=\"og:image:type\" content=\"image\/jpeg\" \/>\n<meta name=\"author\" content=\"David V\u00e1zquez\" \/>\n<meta name=\"twitter:card\" content=\"summary_large_image\" \/>\n<meta name=\"twitter:title\" content=\"XXV Feria del Pimiento de Benavente - Destino Castilla y Le\u00f3n\" \/>\n<meta name=\"twitter:description\" content=\"Como cada a\u00f1o desde hace 25, se celebra la Feria del Pimiento de Benavente; un producto de huerta de alta calidad que se da en esta parte de Zamora\" \/>\n<meta name=\"twitter:image\" content=\"https:\/\/destinocastillayleon.es\/index\/wp-content\/uploads\/2017\/06\/Pimientos-de-Benavente.jpg\" \/>\n<meta name=\"twitter:creator\" content=\"@https:\/\/twitter.com\/ContePantaleone\u200e\" \/>\n<meta name=\"twitter:site\" content=\"@destinocyl\" \/>\n<meta name=\"twitter:label1\" content=\"Escrito por\" \/>\n\t<meta name=\"twitter:data1\" content=\"David V\u00e1zquez\" \/>\n\t<meta name=\"twitter:label2\" content=\"Tiempo de lectura\" \/>\n\t<meta name=\"twitter:data2\" content=\"4 minutos\" \/>\n<script type=\"application\/ld+json\" class=\"yoast-schema-graph\">{\"@context\":\"https:\\\/\\\/schema.org\",\"@graph\":[{\"@type\":\"Article\",\"@id\":\"https:\\\/\\\/destinocastillayleon.es\\\/index\\\/feria-del-pimiento-de-benavente\\\/#article\",\"isPartOf\":{\"@id\":\"https:\\\/\\\/destinocastillayleon.es\\\/index\\\/feria-del-pimiento-de-benavente\\\/\"},\"author\":{\"name\":\"David V\u00e1zquez\",\"@id\":\"https:\\\/\\\/destinocastillayleon.es\\\/index\\\/#\\\/schema\\\/person\\\/189221bc8f6cc4fa28b18ad5c289d4c2\"},\"headline\":\"XXV Feria del Pimiento de Benavente\",\"datePublished\":\"2019-09-18T04:15:57+00:00\",\"mainEntityOfPage\":{\"@id\":\"https:\\\/\\\/destinocastillayleon.es\\\/index\\\/feria-del-pimiento-de-benavente\\\/\"},\"wordCount\":792,\"commentCount\":0,\"image\":{\"@id\":\"https:\\\/\\\/destinocastillayleon.es\\\/index\\\/feria-del-pimiento-de-benavente\\\/#primaryimage\"},\"thumbnailUrl\":\"https:\\\/\\\/destinocastillayleon.es\\\/index\\\/wp-content\\\/uploads\\\/2017\\\/06\\\/Pimientos-de-Benavente.jpg\",\"keywords\":[\"Benavente\",\"huerta\",\"Jornadas Gastron\u00f3micas\"],\"articleSection\":[\"Actualidad\",\"Agenda\",\"Gastronomia\",\"jornadas gastron\u00f3micas\",\"No rescatar en RRSS\",\"Post_inicial\",\"Zamora Actualidad\"],\"inLanguage\":\"es\",\"potentialAction\":[{\"@type\":\"CommentAction\",\"name\":\"Comment\",\"target\":[\"https:\\\/\\\/destinocastillayleon.es\\\/index\\\/feria-del-pimiento-de-benavente\\\/#respond\"]}]},{\"@type\":\"WebPage\",\"@id\":\"https:\\\/\\\/destinocastillayleon.es\\\/index\\\/feria-del-pimiento-de-benavente\\\/\",\"url\":\"https:\\\/\\\/destinocastillayleon.es\\\/index\\\/feria-del-pimiento-de-benavente\\\/\",\"name\":\"XXV Feria del Pimiento de Benavente - Destino Castilla y Le\u00f3n\",\"isPartOf\":{\"@id\":\"https:\\\/\\\/destinocastillayleon.es\\\/index\\\/#website\"},\"primaryImageOfPage\":{\"@id\":\"https:\\\/\\\/destinocastillayleon.es\\\/index\\\/feria-del-pimiento-de-benavente\\\/#primaryimage\"},\"image\":{\"@id\":\"https:\\\/\\\/destinocastillayleon.es\\\/index\\\/feria-del-pimiento-de-benavente\\\/#primaryimage\"},\"thumbnailUrl\":\"https:\\\/\\\/destinocastillayleon.es\\\/index\\\/wp-content\\\/uploads\\\/2017\\\/06\\\/Pimientos-de-Benavente.jpg\",\"datePublished\":\"2019-09-18T04:15:57+00:00\",\"author\":{\"@id\":\"https:\\\/\\\/destinocastillayleon.es\\\/index\\\/#\\\/schema\\\/person\\\/189221bc8f6cc4fa28b18ad5c289d4c2\"},\"description\":\"Como cada a\u00f1o desde hace 25, se celebra la Feria del Pimiento de Benavente; un producto de huerta de alta calidad que se da en esta parte de Zamora\",\"breadcrumb\":{\"@id\":\"https:\\\/\\\/destinocastillayleon.es\\\/index\\\/feria-del-pimiento-de-benavente\\\/#breadcrumb\"},\"inLanguage\":\"es\",\"potentialAction\":[{\"@type\":\"ReadAction\",\"target\":[\"https:\\\/\\\/destinocastillayleon.es\\\/index\\\/feria-del-pimiento-de-benavente\\\/\"]}]},{\"@type\":\"ImageObject\",\"inLanguage\":\"es\",\"@id\":\"https:\\\/\\\/destinocastillayleon.es\\\/index\\\/feria-del-pimiento-de-benavente\\\/#primaryimage\",\"url\":\"https:\\\/\\\/destinocastillayleon.es\\\/index\\\/wp-content\\\/uploads\\\/2017\\\/06\\\/Pimientos-de-Benavente.jpg\",\"contentUrl\":\"https:\\\/\\\/destinocastillayleon.es\\\/index\\\/wp-content\\\/uploads\\\/2017\\\/06\\\/Pimientos-de-Benavente.jpg\",\"width\":1024,\"height\":682,\"caption\":\"Pimientos de Benavente\"},{\"@type\":\"BreadcrumbList\",\"@id\":\"https:\\\/\\\/destinocastillayleon.es\\\/index\\\/feria-del-pimiento-de-benavente\\\/#breadcrumb\",\"itemListElement\":[{\"@type\":\"ListItem\",\"position\":1,\"name\":\"Portada\",\"item\":\"https:\\\/\\\/destinocastillayleon.es\\\/index\\\/\"},{\"@type\":\"ListItem\",\"position\":2,\"name\":\"XXV Feria del Pimiento de Benavente\"}]},{\"@type\":\"WebSite\",\"@id\":\"https:\\\/\\\/destinocastillayleon.es\\\/index\\\/#website\",\"url\":\"https:\\\/\\\/destinocastillayleon.es\\\/index\\\/\",\"name\":\"Destino Castilla y Le\u00f3n\",\"description\":\"Medio digital independiente y revista de Castilla y Le\u00f3n dedicado al turismo, gastronom\u00eda y vino de Castilla y Le\u00f3n\",\"potentialAction\":[{\"@type\":\"SearchAction\",\"target\":{\"@type\":\"EntryPoint\",\"urlTemplate\":\"https:\\\/\\\/destinocastillayleon.es\\\/index\\\/?s={search_term_string}\"},\"query-input\":{\"@type\":\"PropertyValueSpecification\",\"valueRequired\":true,\"valueName\":\"search_term_string\"}}],\"inLanguage\":\"es\"},{\"@type\":\"Person\",\"@id\":\"https:\\\/\\\/destinocastillayleon.es\\\/index\\\/#\\\/schema\\\/person\\\/189221bc8f6cc4fa28b18ad5c289d4c2\",\"name\":\"David V\u00e1zquez\",\"image\":{\"@type\":\"ImageObject\",\"inLanguage\":\"es\",\"@id\":\"https:\\\/\\\/secure.gravatar.com\\\/avatar\\\/cd12db6c575a90c3b75cfa0f794b74d425201c768612fad17e9f13cd33d48be8?s=96&d=mm&r=g\",\"url\":\"https:\\\/\\\/secure.gravatar.com\\\/avatar\\\/cd12db6c575a90c3b75cfa0f794b74d425201c768612fad17e9f13cd33d48be8?s=96&d=mm&r=g\",\"contentUrl\":\"https:\\\/\\\/secure.gravatar.com\\\/avatar\\\/cd12db6c575a90c3b75cfa0f794b74d425201c768612fad17e9f13cd33d48be8?s=96&d=mm&r=g\",\"caption\":\"David V\u00e1zquez\"},\"description\":\"Ingeniero Industrial de vocaci\u00f3n y profesi\u00f3n, he encontrado en los blogs la forma de plasmar mi pasi\u00f3n por los viajes, la gastronom\u00eda y los vinos. Especialmente los procedentes de Castilla y Le\u00f3n\",\"sameAs\":[\"https:\\\/\\\/www.destinocastillayleon.es\",\"https:\\\/\\\/www.facebook.com\\\/profile.php?id=1158416854\",\"https:\\\/\\\/instagram.com\\\/conte.pantaleone\",\"https:\\\/\\\/www.linkedin.com\\\/pub\\\/david-vazquez-lozano\\\/37\\\/17a\\\/25a\",\"https:\\\/\\\/x.com\\\/https:\\\/\\\/twitter.com\\\/ContePantaleone\u200e\"],\"url\":\"https:\\\/\\\/destinocastillayleon.es\\\/index\\\/author\\\/coadministradorcyl\\\/\"}]}<\/script>\n<!-- \/ Yoast SEO Premium plugin. -->","yoast_head_json":{"title":"XXV Feria del Pimiento de Benavente - Destino Castilla y Le\u00f3n","description":"Como cada a\u00f1o desde hace 25, se celebra la Feria del Pimiento de Benavente; un producto de huerta de alta calidad que se da en esta parte de Zamora","robots":{"index":"index","follow":"follow","max-snippet":"max-snippet:-1","max-image-preview":"max-image-preview:large","max-video-preview":"max-video-preview:-1"},"canonical":"https:\/\/destinocastillayleon.es\/index\/feria-del-pimiento-de-benavente\/","og_locale":"es_ES","og_type":"article","og_title":"XXV Feria del Pimiento de Benavente - Destino Castilla y Le\u00f3n","og_description":"Como cada a\u00f1o desde hace 25, se celebra la Feria del Pimiento de Benavente; un producto de huerta de alta calidad que se da en esta parte de Zamora","og_url":"https:\/\/destinocastillayleon.es\/index\/feria-del-pimiento-de-benavente\/","og_site_name":"Destino Castilla y Le\u00f3n","article_publisher":"https:\/\/www.facebook.com\/DestinoCastillaYLeon\/","article_author":"https:\/\/www.facebook.com\/profile.php?id=1158416854","article_published_time":"2019-09-18T04:15:57+00:00","og_image":[{"width":1024,"height":682,"url":"https:\/\/destinocastillayleon.es\/index\/wp-content\/uploads\/2017\/06\/Pimientos-de-Benavente.jpg","type":"image\/jpeg"}],"author":"David V\u00e1zquez","twitter_card":"summary_large_image","twitter_title":"XXV Feria del Pimiento de Benavente - Destino Castilla y Le\u00f3n","twitter_description":"Como cada a\u00f1o desde hace 25, se celebra la Feria del Pimiento de Benavente; un producto de huerta de alta calidad que se da en esta parte de Zamora","twitter_image":"https:\/\/destinocastillayleon.es\/index\/wp-content\/uploads\/2017\/06\/Pimientos-de-Benavente.jpg","twitter_creator":"@https:\/\/twitter.com\/ContePantaleone\u200e","twitter_site":"@destinocyl","twitter_misc":{"Escrito por":"David V\u00e1zquez","Tiempo de lectura":"4 minutos"},"schema":{"@context":"https:\/\/schema.org","@graph":[{"@type":"Article","@id":"https:\/\/destinocastillayleon.es\/index\/feria-del-pimiento-de-benavente\/#article","isPartOf":{"@id":"https:\/\/destinocastillayleon.es\/index\/feria-del-pimiento-de-benavente\/"},"author":{"name":"David V\u00e1zquez","@id":"https:\/\/destinocastillayleon.es\/index\/#\/schema\/person\/189221bc8f6cc4fa28b18ad5c289d4c2"},"headline":"XXV Feria del Pimiento de Benavente","datePublished":"2019-09-18T04:15:57+00:00","mainEntityOfPage":{"@id":"https:\/\/destinocastillayleon.es\/index\/feria-del-pimiento-de-benavente\/"},"wordCount":792,"commentCount":0,"image":{"@id":"https:\/\/destinocastillayleon.es\/index\/feria-del-pimiento-de-benavente\/#primaryimage"},"thumbnailUrl":"https:\/\/destinocastillayleon.es\/index\/wp-content\/uploads\/2017\/06\/Pimientos-de-Benavente.jpg","keywords":["Benavente","huerta","Jornadas Gastron\u00f3micas"],"articleSection":["Actualidad","Agenda","Gastronomia","jornadas gastron\u00f3micas","No rescatar en RRSS","Post_inicial","Zamora Actualidad"],"inLanguage":"es","potentialAction":[{"@type":"CommentAction","name":"Comment","target":["https:\/\/destinocastillayleon.es\/index\/feria-del-pimiento-de-benavente\/#respond"]}]},{"@type":"WebPage","@id":"https:\/\/destinocastillayleon.es\/index\/feria-del-pimiento-de-benavente\/","url":"https:\/\/destinocastillayleon.es\/index\/feria-del-pimiento-de-benavente\/","name":"XXV Feria del Pimiento de Benavente - Destino Castilla y Le\u00f3n","isPartOf":{"@id":"https:\/\/destinocastillayleon.es\/index\/#website"},"primaryImageOfPage":{"@id":"https:\/\/destinocastillayleon.es\/index\/feria-del-pimiento-de-benavente\/#primaryimage"},"image":{"@id":"https:\/\/destinocastillayleon.es\/index\/feria-del-pimiento-de-benavente\/#primaryimage"},"thumbnailUrl":"https:\/\/destinocastillayleon.es\/index\/wp-content\/uploads\/2017\/06\/Pimientos-de-Benavente.jpg","datePublished":"2019-09-18T04:15:57+00:00","author":{"@id":"https:\/\/destinocastillayleon.es\/index\/#\/schema\/person\/189221bc8f6cc4fa28b18ad5c289d4c2"},"description":"Como cada a\u00f1o desde hace 25, se celebra la Feria del Pimiento de Benavente; un producto de huerta de alta calidad que se da en esta parte de Zamora","breadcrumb":{"@id":"https:\/\/destinocastillayleon.es\/index\/feria-del-pimiento-de-benavente\/#breadcrumb"},"inLanguage":"es","potentialAction":[{"@type":"ReadAction","target":["https:\/\/destinocastillayleon.es\/index\/feria-del-pimiento-de-benavente\/"]}]},{"@type":"ImageObject","inLanguage":"es","@id":"https:\/\/destinocastillayleon.es\/index\/feria-del-pimiento-de-benavente\/#primaryimage","url":"https:\/\/destinocastillayleon.es\/index\/wp-content\/uploads\/2017\/06\/Pimientos-de-Benavente.jpg","contentUrl":"https:\/\/destinocastillayleon.es\/index\/wp-content\/uploads\/2017\/06\/Pimientos-de-Benavente.jpg","width":1024,"height":682,"caption":"Pimientos de Benavente"},{"@type":"BreadcrumbList","@id":"https:\/\/destinocastillayleon.es\/index\/feria-del-pimiento-de-benavente\/#breadcrumb","itemListElement":[{"@type":"ListItem","position":1,"name":"Portada","item":"https:\/\/destinocastillayleon.es\/index\/"},{"@type":"ListItem","position":2,"name":"XXV Feria del Pimiento de Benavente"}]},{"@type":"WebSite","@id":"https:\/\/destinocastillayleon.es\/index\/#website","url":"https:\/\/destinocastillayleon.es\/index\/","name":"Destino Castilla y Le\u00f3n","description":"Medio digital independiente y revista de Castilla y Le\u00f3n dedicado al turismo, gastronom\u00eda y vino de Castilla y Le\u00f3n","potentialAction":[{"@type":"SearchAction","target":{"@type":"EntryPoint","urlTemplate":"https:\/\/destinocastillayleon.es\/index\/?s={search_term_string}"},"query-input":{"@type":"PropertyValueSpecification","valueRequired":true,"valueName":"search_term_string"}}],"inLanguage":"es"},{"@type":"Person","@id":"https:\/\/destinocastillayleon.es\/index\/#\/schema\/person\/189221bc8f6cc4fa28b18ad5c289d4c2","name":"David V\u00e1zquez","image":{"@type":"ImageObject","inLanguage":"es","@id":"https:\/\/secure.gravatar.com\/avatar\/cd12db6c575a90c3b75cfa0f794b74d425201c768612fad17e9f13cd33d48be8?s=96&d=mm&r=g","url":"https:\/\/secure.gravatar.com\/avatar\/cd12db6c575a90c3b75cfa0f794b74d425201c768612fad17e9f13cd33d48be8?s=96&d=mm&r=g","contentUrl":"https:\/\/secure.gravatar.com\/avatar\/cd12db6c575a90c3b75cfa0f794b74d425201c768612fad17e9f13cd33d48be8?s=96&d=mm&r=g","caption":"David V\u00e1zquez"},"description":"Ingeniero Industrial de vocaci\u00f3n y profesi\u00f3n, he encontrado en los blogs la forma de plasmar mi pasi\u00f3n por los viajes, la gastronom\u00eda y los vinos. Especialmente los procedentes de Castilla y Le\u00f3n","sameAs":["https:\/\/www.destinocastillayleon.es","https:\/\/www.facebook.com\/profile.php?id=1158416854","https:\/\/instagram.com\/conte.pantaleone","https:\/\/www.linkedin.com\/pub\/david-vazquez-lozano\/37\/17a\/25a","https:\/\/x.com\/https:\/\/twitter.com\/ContePantaleone\u200e"],"url":"https:\/\/destinocastillayleon.es\/index\/author\/coadministradorcyl\/"}]}},"_links":{"self":[{"href":"https:\/\/destinocastillayleon.es\/index\/wp-json\/wp\/v2\/posts\/31426","targetHints":{"allow":["GET"]}}],"collection":[{"href":"https:\/\/destinocastillayleon.es\/index\/wp-json\/wp\/v2\/posts"}],"about":[{"href":"https:\/\/destinocastillayleon.es\/index\/wp-json\/wp\/v2\/types\/post"}],"author":[{"embeddable":true,"href":"https:\/\/destinocastillayleon.es\/index\/wp-json\/wp\/v2\/users\/2"}],"replies":[{"embeddable":true,"href":"https:\/\/destinocastillayleon.es\/index\/wp-json\/wp\/v2\/comments?post=31426"}],"version-history":[{"count":7,"href":"https:\/\/destinocastillayleon.es\/index\/wp-json\/wp\/v2\/posts\/31426\/revisions"}],"predecessor-version":[{"id":31437,"href":"https:\/\/destinocastillayleon.es\/index\/wp-json\/wp\/v2\/posts\/31426\/revisions\/31437"}],"wp:featuredmedia":[{"embeddable":true,"href":"https:\/\/destinocastillayleon.es\/index\/wp-json\/wp\/v2\/media\/31432"}],"wp:attachment":[{"href":"https:\/\/destinocastillayleon.es\/index\/wp-json\/wp\/v2\/media?parent=31426"}],"wp:term":[{"taxonomy":"category","embeddable":true,"href":"https:\/\/destinocastillayleon.es\/index\/wp-json\/wp\/v2\/categories?post=31426"},{"taxonomy":"post_tag","embeddable":true,"href":"https:\/\/destinocastillayleon.es\/index\/wp-json\/wp\/v2\/tags?post=31426"}],"curies":[{"name":"wp","href":"https:\/\/api.w.org\/{rel}","templated":true}]}}