{"id":31219,"date":"2019-09-06T10:21:43","date_gmt":"2019-09-06T08:21:43","guid":{"rendered":"https:\/\/destinocastillayleon.es\/index\/?p=31219"},"modified":"2020-12-29T13:15:25","modified_gmt":"2020-12-29T12:15:25","slug":"visita-a-pedraza","status":"publish","type":"post","link":"https:\/\/destinocastillayleon.es\/index\/visita-a-pedraza\/","title":{"rendered":"Gu\u00eda para una visita a Pedraza"},"content":{"rendered":"<p>Hay ocasiones en las que hace falta echarle mucha imaginaci\u00f3n para visualizar <strong>c\u00f3mo ser\u00eda un pueblo en la edad media<\/strong>, con todo su encanto; pero sin las incomodidades de la \u00e9poca. <strong>Realizado una visita a Pedraza, no hace falta, el destino quiso preservar este pueblo en un estado muy cuidado, conservando la esencia de un pueblo de frontera<\/strong> durante la reconquista, y a la sombra de la Sierra de Guadarrama en su lado de Castilla y Le\u00f3n.<\/p>\n<p>Este pueblo es muy conocido, <strong>especialmente por gente que vive en Madrid dada su cercan\u00eda<\/strong>, por su encanto medieval y los conciertos nocturnos a la luz de las velas que realizan en verano. Y es que el pueblo, realmente se presta. Y no por casualidad tiene ganado ser parte de <a href=\"https:\/\/destinocastillayleon.es\/index\/pueblos-mas-bonitos-de-espana\/#Pedraza\">los Pueblos m\u00e1s Bonitos de Espa\u00f1a<\/a>.<\/p>\n<figure id=\"attachment_31367\" aria-describedby=\"caption-attachment-31367\" style=\"width: 640px\" class=\"wp-caption aligncenter\"><img decoding=\"async\" src=\"https:\/\/destinocastillayleon.es\/index\/wp-content\/uploads\/2017\/06\/24e1a76f643a6a80da53077e3392efde.jpg\" alt=\"Plazuela tras el \u00e1bside de la Iglesia de San Juan de Pedraza - Destino Castilla y Le\u00f3n\" width=\"640\" height=\"426\" class=\"size-full wp-image-31367\" srcset=\"https:\/\/destinocastillayleon.es\/index\/wp-content\/uploads\/2017\/06\/24e1a76f643a6a80da53077e3392efde.jpg 640w, https:\/\/destinocastillayleon.es\/index\/wp-content\/uploads\/2017\/06\/24e1a76f643a6a80da53077e3392efde-300x200.jpg 300w, https:\/\/destinocastillayleon.es\/index\/wp-content\/uploads\/2017\/06\/24e1a76f643a6a80da53077e3392efde-600x400.jpg 600w\" sizes=\"(max-width: 640px) 100vw, 640px\" \/><figcaption id=\"caption-attachment-31367\" class=\"wp-caption-text\">Plazuela tras el \u00e1bside de la Iglesia de San Juan de Pedraza &#8211; Destino Castilla y Le\u00f3n<\/figcaption><\/figure>\n<h3><strong>\u00cdndice de contenidos<\/strong><\/h3>\n<p>Una visita a Pedraza puede ser tan completa y compleja como quer\u00e1is; <strong>para ayudarte con la visita, hemos creado este \u00edndice de contenidos<\/strong> de nuestra gu\u00eda:<\/p>\n<p><strong>Visitar Pedraza:<\/strong><\/p>\n<ul>\n<li><a href=\"#Puerta-de-la-Villa\"><u>Puerta de la Villa<\/u><\/a>.\n<li><a href=\"#Carcel\"><u>C\u00e1rcel de Pedraza<\/u><\/a>.<\/li>\n<li><a href=\"#Plaza-Mayor\"><u>Plaza Mayor de Pedraza e Iglesia de San Juan<\/u><\/a>.<\/li>\n<li><a href=\"#Mirador\"><u>Torre albarrana y mirador de la vega<\/u><\/a>.<\/li>\n<li><a href=\"#Ruinas-de-Santa-Maria\"><u>Ruinas de la Iglesia de Santa Mar\u00eda<\/u><\/a>.<\/li>\n<li><a href=\"#Castillo\"><u>Castillo de Pedraza y Museo de Zuloaga<\/u><\/a>.<\/li>\n<\/ul>\n<p>&nbsp;<br \/>\n<strong>Lugares de inter\u00e9s fuera de la muralla de Pedraza.<\/strong><\/p>\n<ul>\n<li><a href=\"#Casa-del-Aguial-Imperial\"><u>Casa del \u00c1guila Imperial<\/u><\/a>.<\/li>\n<li><a href=\"#Otras-extramuros\"><u>Otros puntos de inter\u00e9s extramuros<\/u><\/a>.<\/li>\n<\/ul>\n<p>&nbsp;<br \/>\n<strong>Informaci\u00f3n general<\/strong><\/p>\n<ul>\n<li><a href=\"#Llegar\"><u>C\u00f3mo llegar<\/u><\/a>.<\/li>\n<li><a href=\"#comer\"><u>D\u00f3nde comer<\/a>.<\/li>\n<li><a href=\"#dormir\"><u>D\u00f3nde dormir<\/u><\/a>.<\/li>\n<li><a href=\"#entorno\"><u>Lugares de inter\u00e9s en el entorno<\/u><\/a>.<\/li>\n<li><a href=\"#historia\"><u>Pinceladas hist\u00f3ricas de Pedraza<\/u><\/u><\/a>.<\/li>\n<\/ul>\n<p>&nbsp;<\/p>\n<h2><strong>Visita a Pedraza, en encuentro con un trocito de nuestra historia<\/strong><\/h2>\n<p>Como hemos dicho, <strong>este pueblo es famoso por estos <a href=\"https:\/\/destinocastillayleon.es\/index\/conciertos-de-las-velas-de-pedraza-2016\/\">concierto veraniegos<\/a><\/strong>, tanto es as\u00ed que todos los a\u00f1os se cuelga el cartel de no hay billetes. Pero incluso sin tener la suerte de disfrutar de uno de los eventos, <strong>Pedraza ofrece debido a su enclave y a su historia un lugar muy interesante de visitar<\/strong>.<\/p>\n<p><figure id=\"attachment_22960\" aria-describedby=\"caption-attachment-22960\" style=\"width: 580px\" class=\"wp-caption aligncenter\"><img decoding=\"async\" src=\"https:\/\/destinocastillayleon.es\/index\/wp-content\/uploads\/2016\/06\/La-magia-del-concierto-de-las-velas-de-Pedraza-Imgen-de-RVeDPress.jpg\" alt=\"La magia del concierto de las velas de Pedraza - Imagen de RVeDPress\" width=\"580\" class=\"size-full wp-image-22960\" srcset=\"https:\/\/destinocastillayleon.es\/index\/wp-content\/uploads\/2016\/06\/La-magia-del-concierto-de-las-velas-de-Pedraza-Imgen-de-RVeDPress.jpg 640w, https:\/\/destinocastillayleon.es\/index\/wp-content\/uploads\/2016\/06\/La-magia-del-concierto-de-las-velas-de-Pedraza-Imgen-de-RVeDPress-300x182.jpg 300w\" sizes=\"(max-width: 640px) 100vw, 640px\" \/><figcaption id=\"caption-attachment-22960\" class=\"wp-caption-text\">La magia del concierto de las velas de Pedraza &#8211; Imagen de RVeDPress<\/figcaption><\/figure><a name=\"historia\"><\/a><\/p>\n<h3><strong>Retazos de historia<\/strong><\/h3>\n<p>En un pueblo tan medieval, <strong>no hablar de historia es dejarte la mitad del recorrido por hacer<\/strong>, y aunque no vamos a tratar de ser exhaustivos, es interesante conocer c\u00f3mo llego este pueblo a tener la configuraci\u00f3n actual.<\/p>\n<p>No queda claro si el origen de esta poblaci\u00f3n <strong>fue un castro ar\u00e9vaco o directamente un asentamiento romano<\/strong>. El lugar se asienta sobre una pe\u00f1a en medio de un valle y dominando <strong>uno de los pasos del Sistema Central<\/strong>; por tanto, con una importancia estrat\u00e9gica en el control de mercanc\u00edas.<\/p>\n<figure id=\"attachment_28521\" aria-describedby=\"caption-attachment-28521\" style=\"width: 320px\" class=\"wp-caption aligncenter\"><img decoding=\"async\" src=\"https:\/\/destinocastillayleon.es\/index\/wp-content\/uploads\/2017\/06\/2756d9e25f341befbb6faafffdef5cbd.jpg\" alt=\"Sancho Garc\u00e9s, a la puerta del Monasterio de O\u00f1a, que mand\u00f3 fundar - Imagen de Tras las huellas de Herodoto\" width=\"320\" class=\"size-full wp-image-28521\" srcset=\"https:\/\/destinocastillayleon.es\/index\/wp-content\/uploads\/2017\/06\/2756d9e25f341befbb6faafffdef5cbd.jpg 398w, https:\/\/destinocastillayleon.es\/index\/wp-content\/uploads\/2017\/06\/2756d9e25f341befbb6faafffdef5cbd-225x300.jpg 225w, https:\/\/destinocastillayleon.es\/index\/wp-content\/uploads\/2017\/06\/2756d9e25f341befbb6faafffdef5cbd-768x1024.jpg 768w\" sizes=\"(max-width: 398px) 100vw, 398px\" \/><figcaption id=\"caption-attachment-28521\" class=\"wp-caption-text\">El Conde Sancho Garc\u00e9s, en O\u00f1a, repoblador de Pedraza &#8211; Imagen de Tras las huellas de Herodoto<\/figcaption><\/figure>\n<p>En la edad media <strong>fue rehabitada por las mesnadas castellanas del Conde de Castilla Fern\u00e1n Gonz\u00e1lez y sus descendientes, especialmente su nieto, el Conde Sancho Garc\u00eda, \u00abel de los buenos fueros\u00bb<\/strong>. Tras esto, paso a estar dominada por <strong>la Familia Herrera, hasta el siglo XV,<\/strong> cuando por matrimonio, el <strong>III Duque de Fr\u00edas, Condestable de Castilla<\/strong>, se hizo se\u00f1or de la poblaci\u00f3n y de esta \u00e9poca y del siglo siguiente son la mayor parte de las construcciones actuales.<\/p>\n<blockquote><p>Su escudo, con las armas de la familia Velasco se pueden admirar en numerosos escudos de armas de Pedraza.<\/p><\/blockquote>\n<h3><strong>\u00bfQu\u00e9 visitar?<\/strong><a name=\"Puerta-de-la-Villa\"><\/a><\/h3>\n<h4><strong>La Puerta de la Villa<\/strong><\/h4>\n<p>Antes que nada, <u>seg\u00fan nos han corregido<\/u>, si viaj\u00e1is en coche, <strong>se aconseja subir a aparcar en la parte alta de Pedraza<\/strong>, hay una zona habilitada como parking en la esplanada del castillo; Dejando esa zona de parking de la parte baja de la mota sobre la que se asienta Pedraza y junto a la carretera, para caravanas y furgonetas camper.<\/p>\n<p>Creemos que ser\u00eda m\u00e1s interesante dejar los veh\u00edculos fuera del casco urbano, pero <strong>eso es lo que nos han dicho<\/strong>. El pueblo ya recibe muchas visitantes, as\u00ed que aconsejamos ser responsables en una visita a Pedraza, y <strong>no usar el coche m\u00e1s all\u00e1 de lo necesario<\/strong>.<\/p>\n<figure id=\"attachment_31335\" aria-describedby=\"caption-attachment-31335\" style=\"width: 640px\" class=\"wp-caption aligncenter\"><img decoding=\"async\" src=\"https:\/\/destinocastillayleon.es\/index\/wp-content\/uploads\/2017\/06\/b21948cc5f56cc2d4ca296c0bffd3062.jpg\" alt=\"Puerta de la villa de Pedraza - Destino Castilla y Le\u00f3n\" width=\"640\" height=\"400\" class=\"size-full wp-image-31335\" srcset=\"https:\/\/destinocastillayleon.es\/index\/wp-content\/uploads\/2017\/06\/b21948cc5f56cc2d4ca296c0bffd3062.jpg 640w, https:\/\/destinocastillayleon.es\/index\/wp-content\/uploads\/2017\/06\/b21948cc5f56cc2d4ca296c0bffd3062-300x188.jpg 300w\" sizes=\"(max-width: 640px) 100vw, 640px\" \/><figcaption id=\"caption-attachment-31335\" class=\"wp-caption-text\">Puerta de la villa de Pedraza &#8211; Destino Castilla y Le\u00f3n<\/figcaption><\/figure>\n<p>De esta forma, <strong>entrar\u00e9is por la Puerta de la Villa<\/strong>, la \u00fanica puerta de acceso al recinto amurallado de Pedraza. Si bien el cerco no es completo, los cortados de piedra hacen de muralla natural.<\/p>\n<p>Esta puerta es <strong>la original del siglo XI, aunque tiene algunos a\u00f1adidos del siglo XV, como el escudo de la familia Velasco<\/strong>. Se conservan las puertas de madera; es curioso ver la portezuela para personas, No sabemos decir si es que eran muy bajitos, o bien es para dificultar el paso en caso de ataque.<a name=\"Carcel\"><\/a><\/p>\n<h4><strong>La C\u00e1rcel de Pedraza<\/strong><\/h4>\n<p>La puerta de la villa <strong>tiene adosada una c\u00e1rcel, que adem\u00e1s hac\u00eda las veces de vivienda para el carcelero<\/strong>. Aunque no hab\u00eda gran delincuencia, en ocasiones si era necesario tener arrestado durante tiempo a bandas de ladrones y asesinos. <\/p>\n<figure id=\"attachment_31347\" aria-describedby=\"caption-attachment-31347\" style=\"width: 640px\" class=\"wp-caption aligncenter\"><img decoding=\"async\" src=\"https:\/\/destinocastillayleon.es\/index\/wp-content\/uploads\/2017\/06\/d4aeb3f293691959324c506b11d34a5f.jpg\" alt=\"C\u00e1rcel de Pedraza - Destino Castilla y Le\u00f3n\" width=\"640\" height=\"427\" class=\"size-full wp-image-31347\" srcset=\"https:\/\/destinocastillayleon.es\/index\/wp-content\/uploads\/2017\/06\/d4aeb3f293691959324c506b11d34a5f.jpg 640w, https:\/\/destinocastillayleon.es\/index\/wp-content\/uploads\/2017\/06\/d4aeb3f293691959324c506b11d34a5f-300x200.jpg 300w, https:\/\/destinocastillayleon.es\/index\/wp-content\/uploads\/2017\/06\/d4aeb3f293691959324c506b11d34a5f-600x400.jpg 600w\" sizes=\"(max-width: 640px) 100vw, 640px\" \/><figcaption id=\"caption-attachment-31347\" class=\"wp-caption-text\">C\u00e1rcel de Pedraza &#8211; Destino Castilla y Le\u00f3n<\/figcaption><\/figure>\n<p>Para estos menesteres, <strong>hab\u00eda diferentes tipos de celdas, seg\u00fan fuera su peligrosidad<\/strong>. Hab\u00eda celdas y estancias <em>ahitepudras<\/em> que no dejaban de ser huecos con gran altura a los que se tiraba a los presos.<\/p>\n<figure id=\"attachment_31353\" aria-describedby=\"caption-attachment-31353\" style=\"width: 640px\" class=\"wp-caption aligncenter\"><img decoding=\"async\" src=\"https:\/\/destinocastillayleon.es\/index\/wp-content\/uploads\/2017\/06\/da68a1cfea2c835d880508f054fe146c.jpg\" alt=\"Interiores de la C\u00e1rcel de Pedraza - Destino Castilla y Le\u00f3n\" width=\"640\" height=\"427\" class=\"size-full wp-image-31353\" srcset=\"https:\/\/destinocastillayleon.es\/index\/wp-content\/uploads\/2017\/06\/da68a1cfea2c835d880508f054fe146c.jpg 640w, https:\/\/destinocastillayleon.es\/index\/wp-content\/uploads\/2017\/06\/da68a1cfea2c835d880508f054fe146c-300x200.jpg 300w, https:\/\/destinocastillayleon.es\/index\/wp-content\/uploads\/2017\/06\/da68a1cfea2c835d880508f054fe146c-600x400.jpg 600w\" sizes=\"(max-width: 640px) 100vw, 640px\" \/><figcaption id=\"caption-attachment-31353\" class=\"wp-caption-text\">Interiores de la C\u00e1rcel de Pedraza &#8211; Destino Castilla y Le\u00f3n<\/figcaption><\/figure>\n<p>Estas instalaciones <strong>han sido restauradas recientemente y se pueden visitar como museo<\/strong>, siendo un atractivo m\u00e1s de Pedraza. La puerta de acceso de esta c\u00e1rcel se encuentra a la izquierda seg\u00fan se entra.<\/p>\n<h4><strong>Informaci\u00f3n de inter\u00e9s<\/strong><\/h4>\n<p><strong>Horarios<\/strong><br \/>\nFines de semana y festivos, de 11:00 a 14:00 horas y de 16:00 a 19:00 horas.<br \/>\nEntre semana: de 11:30 a 14:00 horas y de 16:00 a 19:00 horas.<br \/>\nCerrado los d\u00edas 1 de enero, 9 de septiembre y 25 de diciembre.<\/p>\n<p><strong>Precio<\/strong>: 3\u20ac.<br \/>\n<strong>Contacto: <\/strong> Telf.: +34 921 50 99 55<a name=\"Plaza-Mayor\"><\/a><\/p>\n<h3><strong>La plaza Mayor<\/strong><\/h3>\n<p>Es el coraz\u00f3n de la villa y<strong> el segundo espacio abierto m\u00e1s grande de Pedraza<\/strong>. El otro es un descampado entre las \u00faltimas casas y el castillo. Es en esta plaza <strong>donde se concentra la actividad social y cultural de la villa<\/strong>, siendo utilizada con gradas port\u00e1tiles para festejos taurinos otros eventos.<\/p>\n<figure id=\"attachment_31337\" aria-describedby=\"caption-attachment-31337\" style=\"width: 640px\" class=\"wp-caption aligncenter\"><img decoding=\"async\" src=\"https:\/\/destinocastillayleon.es\/index\/wp-content\/uploads\/2017\/06\/08a0b8f30be52280b96b4cd096d95bce.jpg\" alt=\"Ayuntamiento en la Plaza Mayor de Pedraza - Destino Castilla y Le\u00f3n\" width=\"640\" height=\"400\" class=\"size-full wp-image-31337\" srcset=\"https:\/\/destinocastillayleon.es\/index\/wp-content\/uploads\/2017\/06\/08a0b8f30be52280b96b4cd096d95bce.jpg 640w, https:\/\/destinocastillayleon.es\/index\/wp-content\/uploads\/2017\/06\/08a0b8f30be52280b96b4cd096d95bce-300x188.jpg 300w\" sizes=\"(max-width: 640px) 100vw, 640px\" \/><figcaption id=\"caption-attachment-31337\" class=\"wp-caption-text\">Ayuntamiento en la Plaza Mayor de Pedraza &#8211; Destino Castilla y Le\u00f3n<\/figcaption><\/figure>\n<p>Su configuraci\u00f3n arquitect\u00f3nica es <strong>la t\u00edpica de una plaza castellana, con laterales porticados y balcones<\/strong>, y la casa consistorial y una iglesia en alguno de sus laterales. <strong>Lo curioso es que esta plaza sigue un patr\u00f3n irregular<\/strong>, en lugar de las cl\u00e1sicas rectangulares, lo que le confiere un aspecto si acaso m\u00e1s atractivo.<\/p>\n<figure id=\"attachment_31345\" aria-describedby=\"caption-attachment-31345\" style=\"width: 640px\" class=\"wp-caption aligncenter\"><img decoding=\"async\" src=\"https:\/\/destinocastillayleon.es\/index\/wp-content\/uploads\/2017\/06\/cbfcb4d94e81315db74360bd61dc976e.jpg\" alt=\"Plaza Mayor de Pedraza con las gradas para festejos - Destino Castilla y Le\u00f3n\" width=\"640\" height=\"426\" class=\"size-full wp-image-31345\" srcset=\"https:\/\/destinocastillayleon.es\/index\/wp-content\/uploads\/2017\/06\/cbfcb4d94e81315db74360bd61dc976e.jpg 640w, https:\/\/destinocastillayleon.es\/index\/wp-content\/uploads\/2017\/06\/cbfcb4d94e81315db74360bd61dc976e-300x200.jpg 300w, https:\/\/destinocastillayleon.es\/index\/wp-content\/uploads\/2017\/06\/cbfcb4d94e81315db74360bd61dc976e-600x400.jpg 600w\" sizes=\"(max-width: 640px) 100vw, 640px\" \/><figcaption id=\"caption-attachment-31345\" class=\"wp-caption-text\">Plaza Mayor de Pedraza con las gradas para festejos &#8211; Destino Castilla y Le\u00f3n<\/figcaption><\/figure>\n<p>Las casas de esta plaza <strong>son las m\u00e1s importantes, pues fueron propiedad de gente bastante adinerada<\/strong>. En una de ellas, con balc\u00f3n, <strong>estuvo alojado durante 3 noches el rey Carlos IV<\/strong> en una visita a la villa.<\/p>\n<h4><strong>La Iglesia de San Juan<\/strong><\/h4>\n<p>Como buena plaza segoviana, cuenta con <strong>la presencia de una iglesia, en este caso, la Iglesia de San Juan<\/strong>. De trazas rom\u00e1nicas de gran pureza, posee otros tantos a\u00f1adidos barrocos, especialmente en su interior.<\/p>\n<figure id=\"attachment_31342\" aria-describedby=\"caption-attachment-31342\" style=\"width: 640px\" class=\"wp-caption aligncenter\"><img decoding=\"async\" src=\"https:\/\/destinocastillayleon.es\/index\/wp-content\/uploads\/2017\/06\/a427a6fdf4ca9b8ed188215077dde2c6.jpg\" alt=\"Iglesia de San Juan de Pedraza - Destino Castilla y Le\u00f3n\" width=\"640\" height=\"400\" class=\"size-full wp-image-31342\" srcset=\"https:\/\/destinocastillayleon.es\/index\/wp-content\/uploads\/2017\/06\/a427a6fdf4ca9b8ed188215077dde2c6.jpg 640w, https:\/\/destinocastillayleon.es\/index\/wp-content\/uploads\/2017\/06\/a427a6fdf4ca9b8ed188215077dde2c6-300x188.jpg 300w\" sizes=\"(max-width: 640px) 100vw, 640px\" \/><figcaption id=\"caption-attachment-31342\" class=\"wp-caption-text\">Iglesia de San Juan de Pedraza &#8211; Destino Castilla y Le\u00f3n<\/figcaption><\/figure>\n<p>No obstante, <strong>el conjunto es bastante armonioso<\/strong>. En su interior destaca su pila bautismal labrada en piedra del siglo XIII.<\/p>\n<h4><strong>Museo abierto<\/strong><\/h4>\n<p>Igual el t\u00e9rmino museo es un poco ambicioso, pero <strong>entre los bajos y los soportales de una de las casas que da a la plaza mayor, hay un lugar donde se encuentran restos arqueol\u00f3gicos de piedra conservados<\/strong>.<\/p>\n<figure id=\"attachment_31334\" aria-describedby=\"caption-attachment-31334\" style=\"width: 640px\" class=\"wp-caption aligncenter\"><img decoding=\"async\" src=\"https:\/\/destinocastillayleon.es\/index\/wp-content\/uploads\/2017\/06\/d0de2f603599678951930619315d1c2c.jpg\" alt=\"Piezas del Museo abierto de Pedraza - Destino Castilla y Le\u00f3n\" width=\"640\" height=\"427\" class=\"size-full wp-image-31334\" srcset=\"https:\/\/destinocastillayleon.es\/index\/wp-content\/uploads\/2017\/06\/d0de2f603599678951930619315d1c2c.jpg 640w, https:\/\/destinocastillayleon.es\/index\/wp-content\/uploads\/2017\/06\/d0de2f603599678951930619315d1c2c-300x200.jpg 300w, https:\/\/destinocastillayleon.es\/index\/wp-content\/uploads\/2017\/06\/d0de2f603599678951930619315d1c2c-600x400.jpg 600w\" sizes=\"(max-width: 640px) 100vw, 640px\" \/><figcaption id=\"caption-attachment-31334\" class=\"wp-caption-text\">Piezas del Museo abierto de Pedraza &#8211; Destino Castilla y Le\u00f3n<\/figcaption><\/figure>\n<p>Sin duda son piezas de cierto inter\u00e9s, <strong>especialmente para gente con conocimiento o sensibilidad hist\u00f3rica<\/strong>, aunque dado que est\u00e1 abierto, recomendamos una visita, de al menos unos minutos, tratar de comprender el c\u00f3mo y el porqu\u00e9 de estos restos.<\/p>\n<figure id=\"attachment_31346\" aria-describedby=\"caption-attachment-31346\" style=\"width: 640px\" class=\"wp-caption aligncenter\"><img decoding=\"async\" src=\"https:\/\/destinocastillayleon.es\/index\/wp-content\/uploads\/2017\/06\/f9dcf5812f043b9149eb4c70ed1a4cd6.jpg\" alt=\"Arco de acceso al museo y a la Plaza Mayor - Destino Castilla y Le\u00f3n\" width=\"640\" height=\"427\" class=\"size-full wp-image-31346\" srcset=\"https:\/\/destinocastillayleon.es\/index\/wp-content\/uploads\/2017\/06\/f9dcf5812f043b9149eb4c70ed1a4cd6.jpg 640w, https:\/\/destinocastillayleon.es\/index\/wp-content\/uploads\/2017\/06\/f9dcf5812f043b9149eb4c70ed1a4cd6-300x200.jpg 300w, https:\/\/destinocastillayleon.es\/index\/wp-content\/uploads\/2017\/06\/f9dcf5812f043b9149eb4c70ed1a4cd6-600x400.jpg 600w\" sizes=\"(max-width: 640px) 100vw, 640px\" \/><figcaption id=\"caption-attachment-31346\" class=\"wp-caption-text\">Arco de acceso al museo y a la Plaza Mayor &#8211; Destino Castilla y Le\u00f3n<\/figcaption><\/figure>\n<p>Este museo <strong>tiene dos accesos<\/strong>, uno desde un callej\u00f3n formado junto a la Plaza del \u00c1lamo, detr\u00e1s del \u00e1bside de la iglesia de San Juan. Y el otro, a un paso bajo un arco de acceso a la plaza mayor.<\/p>\n<h3><strong>Paso de adarve<\/strong><\/h3>\n<p>Si al entrar a Pedraza, vais <strong>por la calle que sale a vuestra izquierda, ir\u00e9is paralelos a la muralla de la villa<\/strong>. Las casas del lado izquierdo se apoyan y son parte de la misma, aunque actualmente <strong>dudamos que quede alguna como vivienda, pues todo son casas y hoteles rurales<\/strong>.<\/p>\n<p><figure id=\"attachment_31355\" aria-describedby=\"caption-attachment-31355\" style=\"width: 640px\" class=\"wp-caption aligncenter\"><img decoding=\"async\" src=\"https:\/\/destinocastillayleon.es\/index\/wp-content\/uploads\/2017\/06\/95c313828635031072cf31e5b76746b9.jpg\" alt=\"Murallas de Pedraza transformadas en Casas y Hoteles rurales - Destino Castilla y Le\u00f3n\" width=\"640\" height=\"427\" class=\"size-full wp-image-31355\" srcset=\"https:\/\/destinocastillayleon.es\/index\/wp-content\/uploads\/2017\/06\/95c313828635031072cf31e5b76746b9.jpg 640w, https:\/\/destinocastillayleon.es\/index\/wp-content\/uploads\/2017\/06\/95c313828635031072cf31e5b76746b9-300x200.jpg 300w, https:\/\/destinocastillayleon.es\/index\/wp-content\/uploads\/2017\/06\/95c313828635031072cf31e5b76746b9-600x400.jpg 600w\" sizes=\"(max-width: 640px) 100vw, 640px\" \/><figcaption id=\"caption-attachment-31355\" class=\"wp-caption-text\">Murallas de Pedraza transformadas en Casas y Hoteles rurales &#8211; Destino Castilla y Le\u00f3n<\/figcaption><\/figure><a name=\"Mirador\"><\/a><\/p>\n<h4><strong>Mirador sobre un baluarte<\/strong><\/h4>\n<p>Destacando sobre la muralla, <strong>surge una muralla del tipo coracha<\/strong> que se remata en una torre con cierta pinta de baluarte. <strong>Es una torre albarrana<\/strong>, que en su interior hay un mini auditorio y un pozo de agua, que funcionaba tambi\u00e9n como aljibe.<\/p>\n<figure id=\"attachment_31332\" aria-describedby=\"caption-attachment-31332\" style=\"width: 640px\" class=\"wp-caption aligncenter\"><img decoding=\"async\" src=\"https:\/\/destinocastillayleon.es\/index\/wp-content\/uploads\/2017\/06\/c9489e77c82e9a7d105a2a2fec07adaa.jpg\" alt=\"Mirador de la muralla en la torre albarrana - Destino Castilla y Le\u00f3n\" width=\"640\" height=\"426\" class=\"size-full wp-image-31332\" srcset=\"https:\/\/destinocastillayleon.es\/index\/wp-content\/uploads\/2017\/06\/c9489e77c82e9a7d105a2a2fec07adaa.jpg 640w, https:\/\/destinocastillayleon.es\/index\/wp-content\/uploads\/2017\/06\/c9489e77c82e9a7d105a2a2fec07adaa-300x200.jpg 300w, https:\/\/destinocastillayleon.es\/index\/wp-content\/uploads\/2017\/06\/c9489e77c82e9a7d105a2a2fec07adaa-600x400.jpg 600w\" sizes=\"(max-width: 640px) 100vw, 640px\" \/><figcaption id=\"caption-attachment-31332\" class=\"wp-caption-text\">Coracha que lleva al mirador de la muralla en la torre albarrana &#8211; Destino Castilla y Le\u00f3n<\/figcaption><\/figure>\n<p><strong>El pozo de las Hontanillas es visitable bajo confirmaci\u00f3n de la reserva con la oficina de turismo de Pedraza<\/strong>, y en general con grupo de al menos 20 personas. <\/p>\n<p><strong>Informaci\u00f3n de inter\u00e9s<\/strong><br \/>\nPrecio de la entrada <strong>1\u20ac\/persona<\/strong>.<br \/>\nTelf. de reservas: +34 921 508  666<\/p>\n<p>Sobre esta torre se ha instalado <strong>un mirador sobre la vega del arroyo del Vadillo<\/strong>, que discurre a los pies de la loma sobre la que se asienta Pedraza.<\/p>\n<h4><strong>Ermita de San Pedro<\/strong><\/h4>\n<p>Esta ermita <strong>se encuentra \u00abextramuros\u00bb, pero es debido a que la coracha impide el acceso desde la base de la loma<\/strong>, por lo que puede estar sin la protecci\u00f3n de un recinto cerrado. Se trata de una iglesia rom\u00e1nica, aunque,.. al acercarte llama la atenci\u00f3n ciertos detalles fuera de lugar.<\/p>\n<figure id=\"attachment_31359\" aria-describedby=\"caption-attachment-31359\" style=\"width: 640px\" class=\"wp-caption aligncenter\"><img decoding=\"async\" src=\"https:\/\/destinocastillayleon.es\/index\/wp-content\/uploads\/2019\/09\/612eae445865665f03d01b2f44a5db89.jpg\" alt=\"Ermita de San Pedro de Pedraza - Destino Castilla y Le\u00f3n\" width=\"640\" height=\"427\" class=\"size-full wp-image-31359\" srcset=\"https:\/\/destinocastillayleon.es\/index\/wp-content\/uploads\/2019\/09\/612eae445865665f03d01b2f44a5db89.jpg 640w, https:\/\/destinocastillayleon.es\/index\/wp-content\/uploads\/2019\/09\/612eae445865665f03d01b2f44a5db89-300x200.jpg 300w, https:\/\/destinocastillayleon.es\/index\/wp-content\/uploads\/2019\/09\/612eae445865665f03d01b2f44a5db89-600x400.jpg 600w\" sizes=\"(max-width: 640px) 100vw, 640px\" \/><figcaption id=\"caption-attachment-31359\" class=\"wp-caption-text\">Ermita de San Pedro de Pedraza &#8211; Destino Castilla y Le\u00f3n<\/figcaption><\/figure>\n<p>Tiene una chimenea, ventanas y antena de TV. Y es que esta iglesia del siglo XII fue abandonada y casi llegando al estado de ruina, hasta que se vendi\u00f3 por parte del obispado y <strong>se ha transformado en una vivienda particular<\/strong> que la ha restaurado y dado una nueva vida.<\/p>\n<h4><strong>Parking de la explanada<\/strong><\/h4>\n<p>Antes de llegar al castillo, <strong>hay una zona despejada y habilitada como parking<\/strong>. Aunque no hemos encontrado ning\u00fan cartel que limite aparcar ah\u00ed, <strong>por conservaci\u00f3n de este pueblo medieval, aconsejamos aparcar abajo durante tu visita a Pedraza<\/strong>.<\/p>\n<figure id=\"attachment_31341\" aria-describedby=\"caption-attachment-31341\" style=\"width: 640px\" class=\"wp-caption aligncenter\"><img decoding=\"async\" src=\"https:\/\/destinocastillayleon.es\/index\/wp-content\/uploads\/2017\/06\/Explanada-del-Castillo-de-Pedraza.jpg\" alt=\"Explanada del Castillo de Pedraza - Destino Castilla y Le\u00f3n\" width=\"640\" height=\"360\" class=\"size-full wp-image-31341\" srcset=\"https:\/\/destinocastillayleon.es\/index\/wp-content\/uploads\/2017\/06\/Explanada-del-Castillo-de-Pedraza.jpg 640w, https:\/\/destinocastillayleon.es\/index\/wp-content\/uploads\/2017\/06\/Explanada-del-Castillo-de-Pedraza-300x169.jpg 300w\" sizes=\"(max-width: 640px) 100vw, 640px\" \/><figcaption id=\"caption-attachment-31341\" class=\"wp-caption-text\">Explanada del Castillo de Pedraza<\/figcaption><\/figure>\n<blockquote><p>Adem\u00e1s, este es un pueblo para recorrerlo andando y disfrutar de los detalles<\/p><\/blockquote>\n<p><a name=\"Ruinas-de-Santa-Maria\"><\/a><\/p>\n<h4><strong>Ruinas de la Iglesia de Santa Mar\u00eda<\/strong><\/h4>\n<p>Esta era <strong>la segunda gran iglesia de Pedraza, aunque hoy presenta un estado ruinoso<\/strong>. Era la favorita de los Duques de Fr\u00edas y Se\u00f1ores de Pedraza, y cuando estaban en la zona, realizaban ah\u00ed sus actos religiosos.<\/p>\n<figure id=\"attachment_31336\" aria-describedby=\"caption-attachment-31336\" style=\"width: 640px\" class=\"wp-caption aligncenter\"><img decoding=\"async\" src=\"https:\/\/destinocastillayleon.es\/index\/wp-content\/uploads\/2017\/06\/772bdd17afb19a2afcedc5b631d83b60.jpg\" alt=\"Ruinas de la Iglesia de Santa Mar\u00eda de Pedraza - Destino Castilla y Le\u00f3n\" width=\"640\" height=\"400\" class=\"size-full wp-image-31336\" srcset=\"https:\/\/destinocastillayleon.es\/index\/wp-content\/uploads\/2017\/06\/772bdd17afb19a2afcedc5b631d83b60.jpg 640w, https:\/\/destinocastillayleon.es\/index\/wp-content\/uploads\/2017\/06\/772bdd17afb19a2afcedc5b631d83b60-300x188.jpg 300w\" sizes=\"(max-width: 640px) 100vw, 640px\" \/><figcaption id=\"caption-attachment-31336\" class=\"wp-caption-text\">Ruinas de la Iglesia de Santa Mar\u00eda de Pedraza &#8211; Destino Castilla y Le\u00f3n<\/figcaption><\/figure>\n<p><strong>En esta iglesia escuch\u00f3 misa nuestro ilustre Carlos IV<\/strong> durante su visita de la que ya te hemos hablado. No obstante de su gloria rom\u00e1nica poco queda, aunque a\u00fan se levanta su alta torre con ventanas de medio punto abocinadas, varios arcos y el \u00e1bside semicircular.<a name=\"Castillo\"><\/a><\/p>\n<h2><strong>El Castillo de Pedraza<\/strong><\/h2>\n<p>Es <strong>el otro gran punto interesante de una visita a Pedraza<\/strong>, junto a la plaza mayor y su entorno. Este castillo <strong>perteneci\u00f3 a los Duques de Fr\u00edas en un estilo previo a la escuela de Valladolid<\/strong>, aunque ya est\u00e1 preparado para el uso de artiller\u00eda.<\/p>\n<figure id=\"attachment_31340\" aria-describedby=\"caption-attachment-31340\" style=\"width: 640px\" class=\"wp-caption aligncenter\"><img decoding=\"async\" src=\"https:\/\/destinocastillayleon.es\/index\/wp-content\/uploads\/2017\/06\/4e3e539f537fdfeedfe0b844dd67d8aa.jpg\" alt=\"Entrada al Castillo de Pedraza - Destino Castilla y Le\u00f3n\" width=\"640\" height=\"427\" class=\"size-full wp-image-31340\" srcset=\"https:\/\/destinocastillayleon.es\/index\/wp-content\/uploads\/2017\/06\/4e3e539f537fdfeedfe0b844dd67d8aa.jpg 640w, https:\/\/destinocastillayleon.es\/index\/wp-content\/uploads\/2017\/06\/4e3e539f537fdfeedfe0b844dd67d8aa-300x200.jpg 300w, https:\/\/destinocastillayleon.es\/index\/wp-content\/uploads\/2017\/06\/4e3e539f537fdfeedfe0b844dd67d8aa-600x400.jpg 600w\" sizes=\"(max-width: 640px) 100vw, 640px\" \/><figcaption id=\"caption-attachment-31340\" class=\"wp-caption-text\">Entrada al Castillo de Pedraza &#8211; Destino Castilla y Le\u00f3n<\/figcaption><\/figure>\n<p>Este castillo <strong>del siglo XV estuvo cerca de la ruina<\/strong>, hasta que a inicios del siglo XX <strong>fue rescatado por el pintor Ignacio Zuloaga<\/strong>, que restaur\u00f3 la torre del homenaje del siglo XVI. No obstante, este castillo tuvo un pasado muy importante, con ilustres visitantes, ya que los Duques de Fr\u00edas, la familia Velasco, eran adem\u00e1s Condestables de Castilla, un cargo \u00absimilar\u00bb a ministros del ej\u00e9rcito en las monarqu\u00edas medievales de occidente.<\/p>\n<blockquote><p>As\u00ed, en este castillo estuvieron presos los hijos del rey Francisco I de Francia durante su \u00abcautiverio\u00bb de 4 a\u00f1os.<\/p><\/blockquote>\n<h3><strong>Museo Zuloaga<\/strong><\/h3>\n<p>Tras la adquisici\u00f3n del castillo y de la Iglesia de Santa Mar\u00eda, que estaba en el mismo lote, <strong>Ignacio Zuloaga instal\u00f3 en el castillo un taller de pintura y fue all\u00ed donde pint\u00f3 paisajes y retratos de gentes<\/strong> de Pedraza.<\/p>\n<figure id=\"attachment_31364\" aria-describedby=\"caption-attachment-31364\" style=\"width: 436px\" class=\"wp-caption aligncenter\"><img decoding=\"async\" src=\"https:\/\/destinocastillayleon.es\/index\/wp-content\/uploads\/2017\/06\/0718f212f439a5a4305fb7dec8c76436.jpg\" alt=\"Cuadros y obras taurinas del Museo Zuloaga en el Castillo de Pedraza - Imagen cortes\u00eda de Taurolog\u00eda\" width=\"436\" height=\"331\" class=\"size-full wp-image-31364\" srcset=\"https:\/\/destinocastillayleon.es\/index\/wp-content\/uploads\/2017\/06\/0718f212f439a5a4305fb7dec8c76436.jpg 436w, https:\/\/destinocastillayleon.es\/index\/wp-content\/uploads\/2017\/06\/0718f212f439a5a4305fb7dec8c76436-300x228.jpg 300w\" sizes=\"(max-width: 436px) 100vw, 436px\" \/><figcaption id=\"caption-attachment-31364\" class=\"wp-caption-text\">Cuadros y obras taurinas del Museo Zuloaga en el Castillo de Pedraza &#8211; Imagen cortes\u00eda de Taurolog\u00eda<\/figcaption><\/figure>\n<p>Los herederos del pintor <strong>rehabilitaron otra torre y una zona intermedia para exponer parte de la obra de este pintor<\/strong>, junto a obras casi universales, como el Cristo del Greco, o el retrato de la Condesa de Baena de Goya, o alg\u00fan bodeg\u00f3n flamenco del siglo XVI y XVII.<\/p>\n<h3><strong>La visita<\/strong><\/h3>\n<p>Visitar este castillo <strong>es la guinda del pastel de una visita a Pedraza, aunque sinceramente decepciona un poco<\/strong>, pues aunque exteriormente tiene una planta imponente, <strong>su interior est\u00e1 bastante vac\u00edo<\/strong>. Lo m\u00e1s interesante es sin duda <strong>la pinacoteca<\/strong>, aunque por esas pocas obras maestras.<\/p>\n<p>Del edificio en s\u00ed, <strong>llama la atenci\u00f3n la puerta de acceso, sobre un foso escavado que nos recuerda tanto al <a href=\"https:\/\/destinocastillayleon.es\/index\/visita-turistica-a-frias\/\">Castillo de Fr\u00edas<\/a><\/strong>, como al <a href=\"https:\/\/destinocastillayleon.es\/index\/alcazar-de-segovia-2\/\">Alc\u00e1zar de Segovia<\/a>, por el tipo de excavaci\u00f3n realizado y su buena conservaci\u00f3n. Igualmente la puerta es llamativa, con los picos defensivos.<\/p>\n<figure id=\"attachment_31350\" aria-describedby=\"caption-attachment-31350\" style=\"width: 640px\" class=\"wp-caption aligncenter\"><img decoding=\"async\" src=\"https:\/\/destinocastillayleon.es\/index\/wp-content\/uploads\/2017\/06\/Estancias-habitables-dentro-del-castillo-Imagenes-del-Museo-Zuloaga.jpg\" alt=\"Estancias habitables dentro del castillo - Imagen del Museo Zuloaga\" width=\"640\" height=\"398\" class=\"size-full wp-image-31350\" srcset=\"https:\/\/destinocastillayleon.es\/index\/wp-content\/uploads\/2017\/06\/Estancias-habitables-dentro-del-castillo-Imagenes-del-Museo-Zuloaga.jpg 640w, https:\/\/destinocastillayleon.es\/index\/wp-content\/uploads\/2017\/06\/Estancias-habitables-dentro-del-castillo-Imagenes-del-Museo-Zuloaga-300x187.jpg 300w\" sizes=\"(max-width: 640px) 100vw, 640px\" \/><figcaption id=\"caption-attachment-31350\" class=\"wp-caption-text\">Estancias habitables dentro del castillo &#8211; Imagen del Museo Zuloaga<\/figcaption><\/figure>\n<p>Sus murallas <strong>est\u00e1n relativamente bien,<\/strong> y lo chulo es darse un paseo por ellas para disfrutar de unas vistas de la poblaci\u00f3n de Pedraza.<\/p>\n<h4><strong>Informaci\u00f3n de inter\u00e9s<\/strong><\/h4>\n<p><strong>Entradas<\/strong><br \/>\nVisita: 7 \u20ac\/persona.<\/p>\n<p><strong>Horario<\/strong><br \/>\nEn invierno, de 11:00 a 14:00 horas y de 16:00 a 19:00 horas.<br \/>\nEn verano, de 11:00 a 14:00 horas y de 17:00 a 20:00 horas.<a name=\"Otros-intramuros\"><\/a><\/p>\n<h3><strong>Otros sitios interesantes dentro de Pedraza<\/strong><\/h3>\n<p>Antes de salir, <strong>os recomendamos bajar por la calle del matadero<\/strong>, pues all\u00ed encontrar\u00e9is dos edificios curiosos, cuando menos.<\/p>\n<h4><strong>Casa de la Inquisici\u00f3n<\/strong><\/h4>\n<p>Uno es <strong>un edificio privado que actualmente es un restaurante rural<\/strong>. Nos dicen que actualmente est\u00e1 cerrado, aunque por las macetas y flores al exterior cuidadas nadie lo dir\u00eda. En cualquier caso, resultan de inter\u00e9s la vista de dos escudos de cierta importancia. Uno, el de los Monjes Dominicos y el otro el de la Santa Inquisici\u00f3n, asociado a esta orden por ser famosos por su administraci\u00f3n y predicaciones a gente normal.<\/p>\n<figure id=\"attachment_31348\" aria-describedby=\"caption-attachment-31348\" style=\"width: 640px\" class=\"wp-caption aligncenter\"><img decoding=\"async\" src=\"https:\/\/destinocastillayleon.es\/index\/wp-content\/uploads\/2017\/06\/55b8a219161f09be0606775f9ef5f703.jpg\" alt=\"Casa de los Dominicos y Tribunal de la Inquisici\u00f3n de Pedraza - Destino Castilla y Le\u00f3n\" width=\"640\" height=\"426\" class=\"size-full wp-image-31348\" srcset=\"https:\/\/destinocastillayleon.es\/index\/wp-content\/uploads\/2017\/06\/55b8a219161f09be0606775f9ef5f703.jpg 640w, https:\/\/destinocastillayleon.es\/index\/wp-content\/uploads\/2017\/06\/55b8a219161f09be0606775f9ef5f703-300x200.jpg 300w, https:\/\/destinocastillayleon.es\/index\/wp-content\/uploads\/2017\/06\/55b8a219161f09be0606775f9ef5f703-600x400.jpg 600w\" sizes=\"(max-width: 640px) 100vw, 640px\" \/><figcaption id=\"caption-attachment-31348\" class=\"wp-caption-text\">Casa de los Dominicos y Tribunal de la Inquisici\u00f3n de Pedraza &#8211; Destino Castilla y Le\u00f3n<\/figcaption><\/figure>\n<h4><strong>Iglesia de los Dominicos<\/strong><\/h4>\n<p>Situada frente al edificio de la Inquisici\u00f3n, <strong>funcion\u00f3 como parroquia hasta mediados del siglo XIX<\/strong>. Actualmente est\u00e1 cerrada por obras para instalar en \u00e9l un auditorio donde albergar conciertos y conferencias.<\/p>\n<h2><strong>Fuera de Pedraza<\/strong><\/h2>\n<p>Aunque lo m\u00e1s interesante de esta visita a Pedraza est\u00e1 dentro del recinto, <strong>tambi\u00e9n hay algunas cosas de inter\u00e9s para visitar, adem\u00e1s de rutas de senderismo por los parajes pr\u00f3ximos<\/strong>. Lo primero que llama la atenci\u00f3n es una gran iglesia de estilo rom\u00e1nico en una vega junto a la carretera de acceso a la poblaci\u00f3n.<a name=\"Casa-del-Aguial-Imperial\"><\/a><\/p>\n<h3><strong>Casa Del \u00c1guila Imperial<\/strong><\/h3>\n<p>A las afueras de Pedraza se <strong>encuentra esta antigua iglesia de San Miguel<\/strong>. Este complejo est\u00e1 rehabilitado para acoger <strong>el Centro de Interpretaci\u00f3n del Parque Natural Sierra Norte de Guadarrama<\/strong> en su vertiente de Castilla y Le\u00f3n.<\/p>\n<figure id=\"attachment_31339\" aria-describedby=\"caption-attachment-31339\" style=\"width: 640px\" class=\"wp-caption aligncenter\"><img decoding=\"async\" src=\"https:\/\/destinocastillayleon.es\/index\/wp-content\/uploads\/2017\/06\/d0d1c9be979cc1326c85be0a6c4e9a9e.jpg\" alt=\"Casa del \u00c1guila Imperial - Destino Castilla y Le\u00f3n\" width=\"640\" height=\"400\" class=\"size-full wp-image-31339\" srcset=\"https:\/\/destinocastillayleon.es\/index\/wp-content\/uploads\/2017\/06\/d0d1c9be979cc1326c85be0a6c4e9a9e.jpg 640w, https:\/\/destinocastillayleon.es\/index\/wp-content\/uploads\/2017\/06\/d0d1c9be979cc1326c85be0a6c4e9a9e-300x188.jpg 300w\" sizes=\"(max-width: 640px) 100vw, 640px\" \/><figcaption id=\"caption-attachment-31339\" class=\"wp-caption-text\">Casa del \u00c1guila Imperial &#8211; Destino Castilla y Le\u00f3n<\/figcaption><\/figure>\n<p>Esta Casa del Parque <strong>est\u00e1 dedica al \u00c1guila Imperial<\/strong>, una especie emblem\u00e1tica de la Pen\u00ednsula Ib\u00e9rica que gracias a las actuaciones llevadas en los \u00faltimos 30 a\u00f1os han empezado a sacar del pozo de la extinci\u00f3n a esta ave de gran belleza.<\/p>\n<p>En este centro, <strong>se ofrece informaci\u00f3n sobre el \u00e1guila y su entorno<\/strong>, tanto de forma did\u00e1ctica cl\u00e1sica, como con medio interactivos para llegar a los m\u00e1s j\u00f3venes.<\/p>\n<figure id=\"attachment_31357\" aria-describedby=\"caption-attachment-31357\" style=\"width: 640px\" class=\"wp-caption aligncenter\"><img decoding=\"async\" src=\"https:\/\/destinocastillayleon.es\/index\/wp-content\/uploads\/2019\/09\/a38bcbbb53ba4ad6afef78cd1ecb5a94.jpg\" alt=\"Interior de la Casa del \u00c1guila Real - Imagen de Patrimonio Natural\" width=\"640\" height=\"426\" class=\"size-full wp-image-31357\" srcset=\"https:\/\/destinocastillayleon.es\/index\/wp-content\/uploads\/2019\/09\/a38bcbbb53ba4ad6afef78cd1ecb5a94.jpg 640w, https:\/\/destinocastillayleon.es\/index\/wp-content\/uploads\/2019\/09\/a38bcbbb53ba4ad6afef78cd1ecb5a94-300x200.jpg 300w, https:\/\/destinocastillayleon.es\/index\/wp-content\/uploads\/2019\/09\/a38bcbbb53ba4ad6afef78cd1ecb5a94-600x400.jpg 600w\" sizes=\"(max-width: 640px) 100vw, 640px\" \/><figcaption id=\"caption-attachment-31357\" class=\"wp-caption-text\">Interior de la Casa del \u00c1guila Real &#8211; Imagen de Patrimonio Natural<\/figcaption><\/figure>\n<p>Pero adem\u00e1s del \u00e1guila y su entorno, en el Centro se tratan otras tem\u00e1ticas pr\u00f3ximas, <strong>como las actividades sostenibles y rutas de senderismo existentes en esta zona del Parque Natural<\/strong>; Tambi\u00e9n da a conocer el entorno natural de Pedraza y su comarca, con mapas interactivos. Adem\u00e1s dan a conocer el proyecto europeo de protecci\u00f3n medioambiental Red Natura 2000.<\/p>\n<h4><strong>Jardines de San Miguel<\/strong><\/h4>\n<p>En el exterior de estas instalaciones <strong>se pueden visitar los Jardines de San Miguel, que son unos jardines de origen medieval<\/strong> con una importancia a nivel bot\u00e1nico, al contar con espec\u00edmenes aut\u00f3ctonos.<\/p>\n<figure id=\"attachment_31354\" aria-describedby=\"caption-attachment-31354\" style=\"width: 640px\" class=\"wp-caption aligncenter\"><img decoding=\"async\" src=\"https:\/\/destinocastillayleon.es\/index\/wp-content\/uploads\/2017\/06\/Jardines-de-San-Miguel-Imagen-de-SegoviaTurismo.jpg\" alt=\"Jardines de San Miguel - Imagen de SegoviaTurismo\" width=\"640\" height=\"426\" class=\"size-full wp-image-31354\" srcset=\"https:\/\/destinocastillayleon.es\/index\/wp-content\/uploads\/2017\/06\/Jardines-de-San-Miguel-Imagen-de-SegoviaTurismo.jpg 640w, https:\/\/destinocastillayleon.es\/index\/wp-content\/uploads\/2017\/06\/Jardines-de-San-Miguel-Imagen-de-SegoviaTurismo-300x200.jpg 300w, https:\/\/destinocastillayleon.es\/index\/wp-content\/uploads\/2017\/06\/Jardines-de-San-Miguel-Imagen-de-SegoviaTurismo-600x400.jpg 600w\" sizes=\"(max-width: 640px) 100vw, 640px\" \/><figcaption id=\"caption-attachment-31354\" class=\"wp-caption-text\">Jardines de San Miguel &#8211; Imagen de SegoviaTurismo<\/figcaption><\/figure>\n<h4><strong>Informaci\u00f3n de inter\u00e9s<\/strong><\/h4>\n<p><strong>Horarios:<\/strong><br \/>\nViernes, s\u00e1bados y v\u00edsperas de festivos, de 10:00 a 14:30 horas y 15:30 a 19:00 horas.<br \/>\nDomingos, de 10:00 a 15:00 horas.<br \/>\nApertura de la Casa del \u00c1guila Imperial: de abril a octubre (ambos meses incluidos).<\/p>\n<p><strong>Precio de la entrada:<\/strong><br \/>\nDonativo: 1\u20ac\/persona.<br \/>\nPrograma especial gratuito para colegios.<\/p>\n<p><strong>Informaci\u00f3n y contacto:<\/strong><br \/>\n<a href=\"https:\/\/patrimonionatural.org\/casas-del-parque\/casas-del-parque\/casa-del-aguila-imperial\" target=\"_Blank\" rel=\"nofollow noopener noreferrer\">Patrimonio Natural &#8211; Casa del \u00c1guila Imperial<\/a><br \/>\nCa\u00f1ada Real Orejana, s\/n<br \/>\n40172 Pedraza (Segovia)<\/p>\n<p>Telf.: +34 921 508 778<br \/>\n@.: <a href=\"mailto.cp.aguilaimperial@patrimonionatural.org\">cp.aguilaimperial@patrimonionatural.org<\/a><\/p>\n<p><a name=\"Otras-extramuros\"><\/a><\/p>\n<h3><strong>Ermita de Nuestra Se\u00f1ora de Carrascal<\/strong><\/h3>\n<p>Esta ermita se encuentra <strong>un poco m\u00e1s lejos de la Iglesia de extramuros de San Miguel<\/strong>. Esta ermita tambi\u00e9n ha sido restaurada recientemente y sirve de cementerio; es si acaso, junto a las pedan\u00edas de Pedraza, los lugares menos interesantes dentro de una visita a Pedraza.<\/p>\n<h3><strong>Mirador de las Tongueras<\/strong><\/h3>\n<p>Frente a Pedraza, y <strong>realizando una peque\u00f1a ruta se llega a este mirador<\/strong>, aunque a nosotros durante nuestra visita no llegamos a realizarlo. Pod\u00e9is encontrar informaci\u00f3n de una ruta de senderismo que pasa por este punto en la web de wikiloc: <a href=\"https:\/\/es.wikiloc.com\/rutas-senderismo\/2016-05-08-pedraza-miradores-tongueras-y-la-velilla-orejanilla-la-alameda-iglesia-san-juan-bautista-13243090#wp-13243093\" target=\"_Blank\" rel=\"nofollow noopener noreferrer\">Ruta de senderismo<\/a>.<\/p>\n<p><figure id=\"attachment_31362\" aria-describedby=\"caption-attachment-31362\" style=\"width: 640px\" class=\"wp-caption aligncenter\"><img decoding=\"async\" src=\"https:\/\/destinocastillayleon.es\/index\/wp-content\/uploads\/2017\/06\/Vistas-desde-el-Mirador-de-las-Tongueras-Imagen-de-Rades-de-Abajo.jpg\" alt=\"Vistas desde el Mirador de las Tongueras - Imagen de Rades de Abajo\" width=\"640\" height=\"400\" class=\"size-full wp-image-31362\" srcset=\"https:\/\/destinocastillayleon.es\/index\/wp-content\/uploads\/2017\/06\/Vistas-desde-el-Mirador-de-las-Tongueras-Imagen-de-Rades-de-Abajo.jpg 640w, https:\/\/destinocastillayleon.es\/index\/wp-content\/uploads\/2017\/06\/Vistas-desde-el-Mirador-de-las-Tongueras-Imagen-de-Rades-de-Abajo-300x188.jpg 300w\" sizes=\"(max-width: 640px) 100vw, 640px\" \/><figcaption id=\"caption-attachment-31362\" class=\"wp-caption-text\">Vistas desde el Mirador de las Tongueras &#8211; Imagen de Rades de Abajo<\/figcaption><\/figure><a name=\"Llegar\"><\/a><\/p>\n<h2><strong>Informaci\u00f3n de inter\u00e9s sobre Pedraza<\/strong><\/h2>\n<h3><strong>\u00bfC\u00f3mo llegar?<\/strong><\/h3>\n<p>Pedraza <strong>est\u00e1 un tanto \u00aba desmano\u00bb<\/strong>, es quiz\u00e1s por esto que no ha sido pasto de las construcciones modernas y ha mantenido ese aspecto tan especial. A <a href=\"https:\/\/goo.gl\/maps\/JJkZVNpzj4WEEdW96\" target=\"_Blank\" rel=\"dofollow noopener noreferrer\">Pedraza<\/a> <strong>se llega por las SC-V-2512 y SG-V-2533<\/strong>, que conectan con la carretera N110.<\/p>\n<p><figure id=\"attachment_31331\" aria-describedby=\"caption-attachment-31331\" style=\"width: 580px\" class=\"wp-caption aligncenter\"><img decoding=\"async\" src=\"https:\/\/destinocastillayleon.es\/index\/wp-content\/uploads\/2017\/06\/d0967718ecad7b2c70af40da8307d9d0.jpg\" alt=\"Llegando a Pedraza - Destino Castilla y Le\u00f3n\" width=\"580\" height=\"389\" class=\"size-full wp-image-31331\" srcset=\"https:\/\/destinocastillayleon.es\/index\/wp-content\/uploads\/2017\/06\/d0967718ecad7b2c70af40da8307d9d0.jpg 580w, https:\/\/destinocastillayleon.es\/index\/wp-content\/uploads\/2017\/06\/d0967718ecad7b2c70af40da8307d9d0-300x200.jpg 300w\" sizes=\"(max-width: 580px) 100vw, 580px\" \/><figcaption id=\"caption-attachment-31331\" class=\"wp-caption-text\">Llegando a Pedraza &#8211; Destino Castilla y Le\u00f3n<\/figcaption><\/figure><a name=\"dormir\"><\/a><\/p>\n<p>Pero es gracias a esto, igualmente, que una visita a Pedraza es tan especial. Como te hemos comentad, est\u00e1 catalogado como <strong>uno de los Pueblos m\u00e1s Bonitos de Espa\u00f1a<\/strong>.<\/p>\n<h3><strong>\u00bfD\u00f3nde alojarte?<\/strong><\/h3>\n<p>Quiz\u00e1s otra cosa no, <strong>pero Pedraza est\u00e1 volcada en el turismo<\/strong>, y es que dada la arquitectura existente y los negocios, <strong>pr\u00e1cticamente todas las construcciones son hoteles rurales o restaurantes<\/strong>. Imposible sugerirte uno solo. Viendo la <a href=\"http:\/\/www.booking.com\/searchresults.es.html?city=-395760&#038;aid=1281624&#038;no_rooms=1&#038;group_adults=2&#038;group_children=1&#038;room1=A%2CA%2C12\" target=\"_Blank\" rel=\"nofollow noopener noreferrer\">oferta hotelera en Pedraza<\/a>, te dir\u00edamos de alojarte en el <a href=\"https:\/\/www.booking.com\/hotel\/es\/hosteria-del-arco.es.html?aid=1281624;sid=6cacca2f390dbc7aeb8db2324842c4f9;age=12;atlas_src=sr_iw_title;dist=0;group_adults=2;group_children=1;no_rooms=1;room1=A%2CA%2C12;sb_price_type=total;type=total;ucfs=1&#038;\" target=\"_Blank\" rel=\"nofollow noopener noreferrer\"><strong>Hoster\u00eda del Arco<\/strong><\/a>.<\/p>\n<figure id=\"attachment_31366\" aria-describedby=\"caption-attachment-31366\" style=\"width: 580px\" class=\"wp-caption aligncenter\"><img decoding=\"async\" src=\"https:\/\/destinocastillayleon.es\/index\/wp-content\/uploads\/2017\/06\/Hosteria-del-Arco-de-Pedraza-Imagen-del-hotel.jpg\" alt=\"Hoster\u00eda del Arco de Pedraza - Imagen del hotel\" width=\"580\" height=\"387\" class=\"size-full wp-image-31366\" srcset=\"https:\/\/destinocastillayleon.es\/index\/wp-content\/uploads\/2017\/06\/Hosteria-del-Arco-de-Pedraza-Imagen-del-hotel.jpg 580w, https:\/\/destinocastillayleon.es\/index\/wp-content\/uploads\/2017\/06\/Hosteria-del-Arco-de-Pedraza-Imagen-del-hotel-300x200.jpg 300w\" sizes=\"(max-width: 580px) 100vw, 580px\" \/><figcaption id=\"caption-attachment-31366\" class=\"wp-caption-text\">Hoster\u00eda del Arco de Pedraza &#8211; Imagen del hotel<\/figcaption><\/figure>\n<p>No obstante, <strong>es una poblaci\u00f3n cara, pues la oferta existente es finita<\/strong> para tan interesante pueblo. Por esto, casi te sugerir\u00edamos hacer noche en la pr\u00f3xima Sep\u00falveda, en el <a href=\"https:\/\/www.booking.com\/hotel\/es\/vado-del-duraton.es.html?aid=1281624;sid=6cacca2f390dbc7aeb8db2324842c4f9;age=12;dest_id=-402686;dest_type=city;dist=0;group_adults=2;group_children=1;hapos=1;hpos=1;no_rooms=1;req_adults=2;req_age=12;req_children=1;room1=A%2CA%2C12;sb_price_type=total;sr_order=popularity;srepoch=1567421103;srpvid=b41d4b97fde10018;type=total;ucfs=1&#038;#hotelTmpl\" target=\"_Blank\" rel=\"nofollow noopener noreferrer\"><strong>Hotel Vado del Durat\u00f3n<\/strong><\/a>, que conocemos desde hace a\u00f1os. O bien en Segovia, en el <a href=\"https:\/\/www.booking.com\/hotel\/es\/duermevela-hostel.es.html?aid=1281624;sid=6cacca2f390dbc7aeb8db2324842c4f9;age=12;dest_id=-402548;dest_type=city;dist=0;group_adults=2;group_children=1;hapos=1;hpos=1;no_rooms=1;req_adults=2;req_age=12;req_children=1;room1=A%2CA%2C12;sb_price_type=total;sr_order=popularity;srepoch=1567421035;srpvid=b3844b7560d60075;type=total;ucfs=1&#038;#hotelTmpl\" target=\"_Blank\" rel=\"nofollow noopener noreferrer\"><strong>Duermevela Hostel<\/strong><\/a>, que tiene bastante encanto a buen precio y bien situado para <a href=\"https:\/\/destinocastillayleon.es\/index\/planazo-de-fin-de-semana-en-segovia\/\">disfrutar Segovia<\/a>.<a name=\"comer\"><\/a><\/p>\n<h3><strong>\u00bfD\u00f3nde comer?<\/strong><\/h3>\n<p>Igual que hoteles hay muchos, <strong>restaurantes tambi\u00e9n. La mayor parte de ellos ofrecen men\u00fa del d\u00eda que van desde los m\u00e1s simples de 18\u20ac, a los m\u00e1s completos de 32\u20ac y m\u00e1s<\/strong>. Muchos son asadores, y est\u00e1n dentro de la Asociaci\u00f3n de Asadores de Castilla y Le\u00f3n, por lo que aunque os puedan parecer caros, la calidad est\u00e1 garantizada.<\/p>\n<figure id=\"attachment_11087\" aria-describedby=\"caption-attachment-11087\" style=\"width: 580px\" class=\"wp-caption aligncenter\"><img decoding=\"async\" src=\"https:\/\/destinocastillayleon.es\/index\/wp-content\/uploads\/2014\/02\/51579447afd38d980ecab87f0bf9fa03.jpg\" alt=\"Cochinillo asado de Ar\u00e9valo\" width=\"580\" class=\"size-full wp-image-11087\" srcset=\"https:\/\/destinocastillayleon.es\/index\/wp-content\/uploads\/2014\/02\/51579447afd38d980ecab87f0bf9fa03.jpg 640w, https:\/\/destinocastillayleon.es\/index\/wp-content\/uploads\/2014\/02\/51579447afd38d980ecab87f0bf9fa03-300x216.jpg 300w\" sizes=\"(max-width: 640px) 100vw, 640px\" \/><figcaption id=\"caption-attachment-11087\" class=\"wp-caption-text\">Cochinillo asado<\/figcaption><\/figure>\n<p>Si acaso, <strong>os diremos que parece interesante El Yantar de Pedraza<\/strong>, en la plaza mayor. Es que <strong>todos los rincones de Pedraza son tur\u00edsticos<\/strong>, por lo que no podr\u00e9is escapar de ellos.<a name=\"entorno\"><\/a><\/p>\n<h3><strong>Lugares de inter\u00e9s pr\u00f3ximos<\/strong><\/h3>\n<p>Pedraza es una pasada, especialmente en las famosas veladas veraniegas con conciertos a la luz de las velas. Pero no os llevar\u00e1 un d\u00eda entero su visita. <strong>La escapada est\u00e1 completa con una visita a su entorno<\/strong>. Como ya os hemos dicho, <strong>pod\u00e9is encontrar muchas rutas de senderismo<\/strong>, pues la Sierra de Guadarrama est\u00e1 muy pr\u00f3xima.<\/p>\n<p>Pero ya en coche, hay otros lugares interesantes pr\u00f3ximos. <strong>Lo m\u00e1s cercano, Sep\u00falveda<\/strong>, a escasos 20 minutos en coche. Pero tambi\u00e9n est\u00e1 cerca una cueva para los amantes de la espeleolog\u00eda. La <a href=\"https:\/\/destinocastillayleon.es\/index\/las-7-grandes-cuevas-visitables-en-castilla-y-leon\/#Enebralejos\">Cueva de los Enebralejos<\/a>, con arte rupestre. Una microcervecera en Santo Tom\u00e9 del Puerto, o pasando a Madrid, el <a href=\"https:\/\/destinoysabor.com\/blog\/el-hayedo-de-montejo-de-la-sierra\/\" rel=\"dofollow noopener noreferrer\" target=\"_Blank\">Hayedo de Montejo de la Sierra<\/a>.<\/p>\n<figure id=\"attachment_31365\" aria-describedby=\"caption-attachment-31365\" style=\"width: 640px\" class=\"wp-caption aligncenter\"><img decoding=\"async\" src=\"https:\/\/destinocastillayleon.es\/index\/wp-content\/uploads\/2017\/06\/fb6c1f80367d83599cf7bc3494fc0bed.jpg\" alt=\"Entorno de Pedraza que puedes visitar - Destino Castilla y Le\u00f3n\" width=\"640\" height=\"427\" class=\"size-full wp-image-31365\" srcset=\"https:\/\/destinocastillayleon.es\/index\/wp-content\/uploads\/2017\/06\/fb6c1f80367d83599cf7bc3494fc0bed.jpg 640w, https:\/\/destinocastillayleon.es\/index\/wp-content\/uploads\/2017\/06\/fb6c1f80367d83599cf7bc3494fc0bed-300x200.jpg 300w, https:\/\/destinocastillayleon.es\/index\/wp-content\/uploads\/2017\/06\/fb6c1f80367d83599cf7bc3494fc0bed-600x400.jpg 600w\" sizes=\"(max-width: 640px) 100vw, 640px\" \/><figcaption id=\"caption-attachment-31365\" class=\"wp-caption-text\">Entorno de Pedraza que puedes visitar &#8211; Destino Castilla y Le\u00f3n<\/figcaption><\/figure>\n<p>Por tanto, ya ten\u00e9is <strong>unos muy buenos motivos para viajar a Pedraza<\/strong>; que si no lo hab\u00e9is hecho, os est\u00e1is perdiendo <strong>un lugar s\u00faper interesante<\/strong> para pasar un d\u00eda, o visitando su entorno, un fin de semana o m\u00e1s.<br \/>\n&nbsp;<br \/>\n&nbsp;<br \/>\nY ahora, <strong>\u00bfNo te han entrado ya ganas de hacer una visita a Pedraza? \u00bfYa conoc\u00edas el pueblo y su entorno?<\/strong> Cu\u00e9ntanos con un comentario c\u00f3mo fue tu experiencia en este pueblo tan bonito.<\/p>\n<h4>Tambi\u00e9n te puede interesar<\/h4>\n<ul>\n<li><a href=\"https:\/\/destinocastillayleon.es\/index\/planazo-de-fin-de-semana-en-segovia\/\">Descubre qu\u00e9 planazo de fin de semana en Segovia<\/a>.<\/li>\n<li><a href=\"https:\/\/destinocastillayleon.es\/index\/ruta-de-los-castillos-de-segovia\/\">Recorre la Ruta de los Castillos de Segovia y su provincia<\/a>.<\/li>\n<li><a href=\"https:\/\/destinocastillayleon.es\/index\/fin-de-semana-en-la-provincia-de-segovia\/\">Pasar un fin de semana en Segovia<\/a>.<\/li>\n<li><a href=\"https:\/\/destinocastillayleon.es\/index\/descubre-la-ruta-del-color-desde-riaza\/\">Descubre la Ruta del Color: Desde Riaza a la Sierra de Ayll\u00f3n<\/a>.<\/li>\n<\/ul>\n","protected":false},"excerpt":{"rendered":"<p>Te contamos en esta gu\u00eda, todo lo necesario para hacer una visita a Pedraza completa y sin quedarte nada interesante por conocer. Ver\u00e1s c\u00f3mo te encanta este pueblo medieval de Segovia<\/p>\n","protected":false},"author":2,"featured_media":31375,"comment_status":"open","ping_status":"closed","sticky":false,"template":"","format":"standard","meta":{"rop_custom_images_group":[],"rop_custom_messages_group":[],"rop_publish_now":"initial","rop_publish_now_accounts":{"twitter_1150954226_1150954226":""},"rop_publish_now_history":[],"rop_publish_now_status":"pending","footnotes":""},"categories":[68,73,384,37,4738,3471],"tags":[4741,2000,5796,696],"class_list":["post-31219","post","type-post","status-publish","format-standard","has-post-thumbnail","hentry","category-post_inicial","category-punto_singular","category-rutas-2","category-segovia","category-segovia-turismo","category-viajar-con-ninos-rutas-2","tag-pueblos-con-encanto","tag-pueblos-medievales","tag-que-ver-en-pedraza","tag-que-ver-en-segovia"],"yoast_head":"<!-- This site is optimized with the Yoast SEO Premium plugin v20.4 (Yoast SEO v27.4) - https:\/\/yoast.com\/product\/yoast-seo-premium-wordpress\/ -->\n<title>Gu\u00eda para una visita a Pedraza - Destino Castilla y Le\u00f3n<\/title>\n<meta name=\"description\" content=\"Te contamos en esta gu\u00eda, todo lo necesario para hacer una visita a Pedraza completa y sin quedarte nada interesante por conocer\" \/>\n<meta name=\"robots\" content=\"index, follow, max-snippet:-1, max-image-preview:large, max-video-preview:-1\" \/>\n<link rel=\"canonical\" href=\"https:\/\/destinocastillayleon.es\/index\/visita-a-pedraza\/\" \/>\n<meta property=\"og:locale\" content=\"es_ES\" \/>\n<meta property=\"og:type\" content=\"article\" \/>\n<meta property=\"og:title\" content=\"Gu\u00eda para no perderte nada en una visita a Pedraza - Destino Castilla y Le\u00f3n\" \/>\n<meta property=\"og:description\" content=\"Te contamos en esta gu\u00eda, todo lo necesario para hacer una visita a Pedraza completa y sin quedarte nada interesante por conocer. Ver\u00e1s c\u00f3mo te encanta este pueblo medieval de Segovia\" \/>\n<meta property=\"og:url\" content=\"https:\/\/destinocastillayleon.es\/index\/visita-a-pedraza\/\" \/>\n<meta property=\"og:site_name\" content=\"Destino Castilla y Le\u00f3n\" \/>\n<meta property=\"article:publisher\" content=\"https:\/\/www.facebook.com\/DestinoCastillaYLeon\/\" \/>\n<meta property=\"article:author\" content=\"https:\/\/www.facebook.com\/profile.php?id=1158416854\" \/>\n<meta property=\"article:published_time\" content=\"2019-09-06T08:21:43+00:00\" \/>\n<meta property=\"article:modified_time\" content=\"2020-12-29T12:15:25+00:00\" \/>\n<meta property=\"og:image\" content=\"https:\/\/destinocastillayleon.es\/index\/wp-content\/uploads\/2017\/06\/30ebff488d41b700be7eb899b6d6f7fc.jpg\" \/>\n\t<meta property=\"og:image:width\" content=\"845\" \/>\n\t<meta property=\"og:image:height\" content=\"531\" \/>\n\t<meta property=\"og:image:type\" content=\"image\/jpeg\" \/>\n<meta name=\"author\" content=\"David V\u00e1zquez\" \/>\n<meta name=\"twitter:card\" content=\"summary_large_image\" \/>\n<meta name=\"twitter:title\" content=\"Gu\u00eda para no perderte nada en una visita a Pedraza - Destino Castilla y Le\u00f3n\" \/>\n<meta name=\"twitter:description\" content=\"Te contamos en esta gu\u00eda, todo lo necesario para hacer una visita a Pedraza completa y sin quedarte nada interesante por conocer. Ver\u00e1s c\u00f3mo te encanta este pueblo medieval de Segovia\" \/>\n<meta name=\"twitter:image\" content=\"https:\/\/destinocastillayleon.es\/index\/wp-content\/uploads\/2017\/06\/30ebff488d41b700be7eb899b6d6f7fc.jpg\" \/>\n<meta name=\"twitter:creator\" content=\"@https:\/\/twitter.com\/ContePantaleone\u200e\" \/>\n<meta name=\"twitter:site\" content=\"@destinocyl\" \/>\n<meta name=\"twitter:label1\" content=\"Escrito por\" \/>\n\t<meta name=\"twitter:data1\" content=\"David V\u00e1zquez\" \/>\n\t<meta name=\"twitter:label2\" content=\"Tiempo de lectura\" \/>\n\t<meta name=\"twitter:data2\" content=\"19 minutos\" \/>\n<script type=\"application\/ld+json\" class=\"yoast-schema-graph\">{\"@context\":\"https:\\\/\\\/schema.org\",\"@graph\":[{\"@type\":\"Article\",\"@id\":\"https:\\\/\\\/destinocastillayleon.es\\\/index\\\/visita-a-pedraza\\\/#article\",\"isPartOf\":{\"@id\":\"https:\\\/\\\/destinocastillayleon.es\\\/index\\\/visita-a-pedraza\\\/\"},\"author\":{\"name\":\"David V\u00e1zquez\",\"@id\":\"https:\\\/\\\/destinocastillayleon.es\\\/index\\\/#\\\/schema\\\/person\\\/189221bc8f6cc4fa28b18ad5c289d4c2\"},\"headline\":\"Gu\u00eda para una visita a Pedraza\",\"datePublished\":\"2019-09-06T08:21:43+00:00\",\"dateModified\":\"2020-12-29T12:15:25+00:00\",\"mainEntityOfPage\":{\"@id\":\"https:\\\/\\\/destinocastillayleon.es\\\/index\\\/visita-a-pedraza\\\/\"},\"wordCount\":3798,\"commentCount\":6,\"image\":{\"@id\":\"https:\\\/\\\/destinocastillayleon.es\\\/index\\\/visita-a-pedraza\\\/#primaryimage\"},\"thumbnailUrl\":\"https:\\\/\\\/destinocastillayleon.es\\\/index\\\/wp-content\\\/uploads\\\/2017\\\/06\\\/30ebff488d41b700be7eb899b6d6f7fc.jpg\",\"keywords\":[\"pueblos con encanto\",\"pueblos medievales\",\"Que ver en pedraza\",\"Qu\u00e9 ver en Segovia\"],\"articleSection\":[\"Post_inicial\",\"Punto Singular\",\"Rutas\",\"Segovia\",\"Segovia turismo\",\"Viajar con ni\u00f1os\"],\"inLanguage\":\"es\",\"potentialAction\":[{\"@type\":\"CommentAction\",\"name\":\"Comment\",\"target\":[\"https:\\\/\\\/destinocastillayleon.es\\\/index\\\/visita-a-pedraza\\\/#respond\"]}]},{\"@type\":\"WebPage\",\"@id\":\"https:\\\/\\\/destinocastillayleon.es\\\/index\\\/visita-a-pedraza\\\/\",\"url\":\"https:\\\/\\\/destinocastillayleon.es\\\/index\\\/visita-a-pedraza\\\/\",\"name\":\"Gu\u00eda para una visita a Pedraza - Destino Castilla y Le\u00f3n\",\"isPartOf\":{\"@id\":\"https:\\\/\\\/destinocastillayleon.es\\\/index\\\/#website\"},\"primaryImageOfPage\":{\"@id\":\"https:\\\/\\\/destinocastillayleon.es\\\/index\\\/visita-a-pedraza\\\/#primaryimage\"},\"image\":{\"@id\":\"https:\\\/\\\/destinocastillayleon.es\\\/index\\\/visita-a-pedraza\\\/#primaryimage\"},\"thumbnailUrl\":\"https:\\\/\\\/destinocastillayleon.es\\\/index\\\/wp-content\\\/uploads\\\/2017\\\/06\\\/30ebff488d41b700be7eb899b6d6f7fc.jpg\",\"datePublished\":\"2019-09-06T08:21:43+00:00\",\"dateModified\":\"2020-12-29T12:15:25+00:00\",\"author\":{\"@id\":\"https:\\\/\\\/destinocastillayleon.es\\\/index\\\/#\\\/schema\\\/person\\\/189221bc8f6cc4fa28b18ad5c289d4c2\"},\"description\":\"Te contamos en esta gu\u00eda, todo lo necesario para hacer una visita a Pedraza completa y sin quedarte nada interesante por conocer\",\"breadcrumb\":{\"@id\":\"https:\\\/\\\/destinocastillayleon.es\\\/index\\\/visita-a-pedraza\\\/#breadcrumb\"},\"inLanguage\":\"es\",\"potentialAction\":[{\"@type\":\"ReadAction\",\"target\":[\"https:\\\/\\\/destinocastillayleon.es\\\/index\\\/visita-a-pedraza\\\/\"]}]},{\"@type\":\"ImageObject\",\"inLanguage\":\"es\",\"@id\":\"https:\\\/\\\/destinocastillayleon.es\\\/index\\\/visita-a-pedraza\\\/#primaryimage\",\"url\":\"https:\\\/\\\/destinocastillayleon.es\\\/index\\\/wp-content\\\/uploads\\\/2017\\\/06\\\/30ebff488d41b700be7eb899b6d6f7fc.jpg\",\"contentUrl\":\"https:\\\/\\\/destinocastillayleon.es\\\/index\\\/wp-content\\\/uploads\\\/2017\\\/06\\\/30ebff488d41b700be7eb899b6d6f7fc.jpg\",\"width\":845,\"height\":531,\"caption\":\"Visita a Pedraza - Destino Castilla y Le\u00f3n\"},{\"@type\":\"BreadcrumbList\",\"@id\":\"https:\\\/\\\/destinocastillayleon.es\\\/index\\\/visita-a-pedraza\\\/#breadcrumb\",\"itemListElement\":[{\"@type\":\"ListItem\",\"position\":1,\"name\":\"Portada\",\"item\":\"https:\\\/\\\/destinocastillayleon.es\\\/index\\\/\"},{\"@type\":\"ListItem\",\"position\":2,\"name\":\"Gu\u00eda para una visita a Pedraza\"}]},{\"@type\":\"WebSite\",\"@id\":\"https:\\\/\\\/destinocastillayleon.es\\\/index\\\/#website\",\"url\":\"https:\\\/\\\/destinocastillayleon.es\\\/index\\\/\",\"name\":\"Destino Castilla y Le\u00f3n\",\"description\":\"Medio digital independiente y revista de Castilla y Le\u00f3n dedicado al turismo, gastronom\u00eda y vino de Castilla y Le\u00f3n\",\"potentialAction\":[{\"@type\":\"SearchAction\",\"target\":{\"@type\":\"EntryPoint\",\"urlTemplate\":\"https:\\\/\\\/destinocastillayleon.es\\\/index\\\/?s={search_term_string}\"},\"query-input\":{\"@type\":\"PropertyValueSpecification\",\"valueRequired\":true,\"valueName\":\"search_term_string\"}}],\"inLanguage\":\"es\"},{\"@type\":\"Person\",\"@id\":\"https:\\\/\\\/destinocastillayleon.es\\\/index\\\/#\\\/schema\\\/person\\\/189221bc8f6cc4fa28b18ad5c289d4c2\",\"name\":\"David V\u00e1zquez\",\"image\":{\"@type\":\"ImageObject\",\"inLanguage\":\"es\",\"@id\":\"https:\\\/\\\/secure.gravatar.com\\\/avatar\\\/cd12db6c575a90c3b75cfa0f794b74d425201c768612fad17e9f13cd33d48be8?s=96&d=mm&r=g\",\"url\":\"https:\\\/\\\/secure.gravatar.com\\\/avatar\\\/cd12db6c575a90c3b75cfa0f794b74d425201c768612fad17e9f13cd33d48be8?s=96&d=mm&r=g\",\"contentUrl\":\"https:\\\/\\\/secure.gravatar.com\\\/avatar\\\/cd12db6c575a90c3b75cfa0f794b74d425201c768612fad17e9f13cd33d48be8?s=96&d=mm&r=g\",\"caption\":\"David V\u00e1zquez\"},\"description\":\"Ingeniero Industrial de vocaci\u00f3n y profesi\u00f3n, he encontrado en los blogs la forma de plasmar mi pasi\u00f3n por los viajes, la gastronom\u00eda y los vinos. Especialmente los procedentes de Castilla y Le\u00f3n\",\"sameAs\":[\"https:\\\/\\\/www.destinocastillayleon.es\",\"https:\\\/\\\/www.facebook.com\\\/profile.php?id=1158416854\",\"https:\\\/\\\/instagram.com\\\/conte.pantaleone\",\"https:\\\/\\\/www.linkedin.com\\\/pub\\\/david-vazquez-lozano\\\/37\\\/17a\\\/25a\",\"https:\\\/\\\/x.com\\\/https:\\\/\\\/twitter.com\\\/ContePantaleone\u200e\"],\"url\":\"https:\\\/\\\/destinocastillayleon.es\\\/index\\\/author\\\/coadministradorcyl\\\/\"}]}<\/script>\n<!-- \/ Yoast SEO Premium plugin. -->","yoast_head_json":{"title":"Gu\u00eda para una visita a Pedraza - Destino Castilla y Le\u00f3n","description":"Te contamos en esta gu\u00eda, todo lo necesario para hacer una visita a Pedraza completa y sin quedarte nada interesante por conocer","robots":{"index":"index","follow":"follow","max-snippet":"max-snippet:-1","max-image-preview":"max-image-preview:large","max-video-preview":"max-video-preview:-1"},"canonical":"https:\/\/destinocastillayleon.es\/index\/visita-a-pedraza\/","og_locale":"es_ES","og_type":"article","og_title":"Gu\u00eda para no perderte nada en una visita a Pedraza - Destino Castilla y Le\u00f3n","og_description":"Te contamos en esta gu\u00eda, todo lo necesario para hacer una visita a Pedraza completa y sin quedarte nada interesante por conocer. Ver\u00e1s c\u00f3mo te encanta este pueblo medieval de Segovia","og_url":"https:\/\/destinocastillayleon.es\/index\/visita-a-pedraza\/","og_site_name":"Destino Castilla y Le\u00f3n","article_publisher":"https:\/\/www.facebook.com\/DestinoCastillaYLeon\/","article_author":"https:\/\/www.facebook.com\/profile.php?id=1158416854","article_published_time":"2019-09-06T08:21:43+00:00","article_modified_time":"2020-12-29T12:15:25+00:00","og_image":[{"width":845,"height":531,"url":"https:\/\/destinocastillayleon.es\/index\/wp-content\/uploads\/2017\/06\/30ebff488d41b700be7eb899b6d6f7fc.jpg","type":"image\/jpeg"}],"author":"David V\u00e1zquez","twitter_card":"summary_large_image","twitter_title":"Gu\u00eda para no perderte nada en una visita a Pedraza - Destino Castilla y Le\u00f3n","twitter_description":"Te contamos en esta gu\u00eda, todo lo necesario para hacer una visita a Pedraza completa y sin quedarte nada interesante por conocer. Ver\u00e1s c\u00f3mo te encanta este pueblo medieval de Segovia","twitter_image":"https:\/\/destinocastillayleon.es\/index\/wp-content\/uploads\/2017\/06\/30ebff488d41b700be7eb899b6d6f7fc.jpg","twitter_creator":"@https:\/\/twitter.com\/ContePantaleone\u200e","twitter_site":"@destinocyl","twitter_misc":{"Escrito por":"David V\u00e1zquez","Tiempo de lectura":"19 minutos"},"schema":{"@context":"https:\/\/schema.org","@graph":[{"@type":"Article","@id":"https:\/\/destinocastillayleon.es\/index\/visita-a-pedraza\/#article","isPartOf":{"@id":"https:\/\/destinocastillayleon.es\/index\/visita-a-pedraza\/"},"author":{"name":"David V\u00e1zquez","@id":"https:\/\/destinocastillayleon.es\/index\/#\/schema\/person\/189221bc8f6cc4fa28b18ad5c289d4c2"},"headline":"Gu\u00eda para una visita a Pedraza","datePublished":"2019-09-06T08:21:43+00:00","dateModified":"2020-12-29T12:15:25+00:00","mainEntityOfPage":{"@id":"https:\/\/destinocastillayleon.es\/index\/visita-a-pedraza\/"},"wordCount":3798,"commentCount":6,"image":{"@id":"https:\/\/destinocastillayleon.es\/index\/visita-a-pedraza\/#primaryimage"},"thumbnailUrl":"https:\/\/destinocastillayleon.es\/index\/wp-content\/uploads\/2017\/06\/30ebff488d41b700be7eb899b6d6f7fc.jpg","keywords":["pueblos con encanto","pueblos medievales","Que ver en pedraza","Qu\u00e9 ver en Segovia"],"articleSection":["Post_inicial","Punto Singular","Rutas","Segovia","Segovia turismo","Viajar con ni\u00f1os"],"inLanguage":"es","potentialAction":[{"@type":"CommentAction","name":"Comment","target":["https:\/\/destinocastillayleon.es\/index\/visita-a-pedraza\/#respond"]}]},{"@type":"WebPage","@id":"https:\/\/destinocastillayleon.es\/index\/visita-a-pedraza\/","url":"https:\/\/destinocastillayleon.es\/index\/visita-a-pedraza\/","name":"Gu\u00eda para una visita a Pedraza - Destino Castilla y Le\u00f3n","isPartOf":{"@id":"https:\/\/destinocastillayleon.es\/index\/#website"},"primaryImageOfPage":{"@id":"https:\/\/destinocastillayleon.es\/index\/visita-a-pedraza\/#primaryimage"},"image":{"@id":"https:\/\/destinocastillayleon.es\/index\/visita-a-pedraza\/#primaryimage"},"thumbnailUrl":"https:\/\/destinocastillayleon.es\/index\/wp-content\/uploads\/2017\/06\/30ebff488d41b700be7eb899b6d6f7fc.jpg","datePublished":"2019-09-06T08:21:43+00:00","dateModified":"2020-12-29T12:15:25+00:00","author":{"@id":"https:\/\/destinocastillayleon.es\/index\/#\/schema\/person\/189221bc8f6cc4fa28b18ad5c289d4c2"},"description":"Te contamos en esta gu\u00eda, todo lo necesario para hacer una visita a Pedraza completa y sin quedarte nada interesante por conocer","breadcrumb":{"@id":"https:\/\/destinocastillayleon.es\/index\/visita-a-pedraza\/#breadcrumb"},"inLanguage":"es","potentialAction":[{"@type":"ReadAction","target":["https:\/\/destinocastillayleon.es\/index\/visita-a-pedraza\/"]}]},{"@type":"ImageObject","inLanguage":"es","@id":"https:\/\/destinocastillayleon.es\/index\/visita-a-pedraza\/#primaryimage","url":"https:\/\/destinocastillayleon.es\/index\/wp-content\/uploads\/2017\/06\/30ebff488d41b700be7eb899b6d6f7fc.jpg","contentUrl":"https:\/\/destinocastillayleon.es\/index\/wp-content\/uploads\/2017\/06\/30ebff488d41b700be7eb899b6d6f7fc.jpg","width":845,"height":531,"caption":"Visita a Pedraza - Destino Castilla y Le\u00f3n"},{"@type":"BreadcrumbList","@id":"https:\/\/destinocastillayleon.es\/index\/visita-a-pedraza\/#breadcrumb","itemListElement":[{"@type":"ListItem","position":1,"name":"Portada","item":"https:\/\/destinocastillayleon.es\/index\/"},{"@type":"ListItem","position":2,"name":"Gu\u00eda para una visita a Pedraza"}]},{"@type":"WebSite","@id":"https:\/\/destinocastillayleon.es\/index\/#website","url":"https:\/\/destinocastillayleon.es\/index\/","name":"Destino Castilla y Le\u00f3n","description":"Medio digital independiente y revista de Castilla y Le\u00f3n dedicado al turismo, gastronom\u00eda y vino de Castilla y Le\u00f3n","potentialAction":[{"@type":"SearchAction","target":{"@type":"EntryPoint","urlTemplate":"https:\/\/destinocastillayleon.es\/index\/?s={search_term_string}"},"query-input":{"@type":"PropertyValueSpecification","valueRequired":true,"valueName":"search_term_string"}}],"inLanguage":"es"},{"@type":"Person","@id":"https:\/\/destinocastillayleon.es\/index\/#\/schema\/person\/189221bc8f6cc4fa28b18ad5c289d4c2","name":"David V\u00e1zquez","image":{"@type":"ImageObject","inLanguage":"es","@id":"https:\/\/secure.gravatar.com\/avatar\/cd12db6c575a90c3b75cfa0f794b74d425201c768612fad17e9f13cd33d48be8?s=96&d=mm&r=g","url":"https:\/\/secure.gravatar.com\/avatar\/cd12db6c575a90c3b75cfa0f794b74d425201c768612fad17e9f13cd33d48be8?s=96&d=mm&r=g","contentUrl":"https:\/\/secure.gravatar.com\/avatar\/cd12db6c575a90c3b75cfa0f794b74d425201c768612fad17e9f13cd33d48be8?s=96&d=mm&r=g","caption":"David V\u00e1zquez"},"description":"Ingeniero Industrial de vocaci\u00f3n y profesi\u00f3n, he encontrado en los blogs la forma de plasmar mi pasi\u00f3n por los viajes, la gastronom\u00eda y los vinos. Especialmente los procedentes de Castilla y Le\u00f3n","sameAs":["https:\/\/www.destinocastillayleon.es","https:\/\/www.facebook.com\/profile.php?id=1158416854","https:\/\/instagram.com\/conte.pantaleone","https:\/\/www.linkedin.com\/pub\/david-vazquez-lozano\/37\/17a\/25a","https:\/\/x.com\/https:\/\/twitter.com\/ContePantaleone\u200e"],"url":"https:\/\/destinocastillayleon.es\/index\/author\/coadministradorcyl\/"}]}},"_links":{"self":[{"href":"https:\/\/destinocastillayleon.es\/index\/wp-json\/wp\/v2\/posts\/31219","targetHints":{"allow":["GET"]}}],"collection":[{"href":"https:\/\/destinocastillayleon.es\/index\/wp-json\/wp\/v2\/posts"}],"about":[{"href":"https:\/\/destinocastillayleon.es\/index\/wp-json\/wp\/v2\/types\/post"}],"author":[{"embeddable":true,"href":"https:\/\/destinocastillayleon.es\/index\/wp-json\/wp\/v2\/users\/2"}],"replies":[{"embeddable":true,"href":"https:\/\/destinocastillayleon.es\/index\/wp-json\/wp\/v2\/comments?post=31219"}],"version-history":[{"count":37,"href":"https:\/\/destinocastillayleon.es\/index\/wp-json\/wp\/v2\/posts\/31219\/revisions"}],"predecessor-version":[{"id":34033,"href":"https:\/\/destinocastillayleon.es\/index\/wp-json\/wp\/v2\/posts\/31219\/revisions\/34033"}],"wp:featuredmedia":[{"embeddable":true,"href":"https:\/\/destinocastillayleon.es\/index\/wp-json\/wp\/v2\/media\/31375"}],"wp:attachment":[{"href":"https:\/\/destinocastillayleon.es\/index\/wp-json\/wp\/v2\/media?parent=31219"}],"wp:term":[{"taxonomy":"category","embeddable":true,"href":"https:\/\/destinocastillayleon.es\/index\/wp-json\/wp\/v2\/categories?post=31219"},{"taxonomy":"post_tag","embeddable":true,"href":"https:\/\/destinocastillayleon.es\/index\/wp-json\/wp\/v2\/tags?post=31219"}],"curies":[{"name":"wp","href":"https:\/\/api.w.org\/{rel}","templated":true}]}}