{"id":3121,"date":"2013-05-30T06:47:58","date_gmt":"2013-05-30T06:47:58","guid":{"rendered":"http:\/\/destinocastillayleon.es\/index\/?p=3121"},"modified":"2018-04-12T23:22:03","modified_gmt":"2018-04-12T21:22:03","slug":"10-razones-para-visitar-arevalo-la-morana","status":"publish","type":"post","link":"https:\/\/destinocastillayleon.es\/index\/10-razones-para-visitar-arevalo-la-morana\/","title":{"rendered":"10 razones para visitar Ar\u00e9valo y su comarca, la Mora\u00f1a"},"content":{"rendered":"<p>Las Edades del Hombre, su concurso de tapas, todas sus rutas&#8230; Ya no hay excusas para no conocer la <strong><a title=\"Enlace al ayuntamiento de Ar\u00e9valo, \u00c1vila\" href=\"http:\/\/www.ayuntamientoarevalo.es\/\" target=\"_blank\">ciudad de Ar\u00e9valo<\/a> <\/strong>y su comarca,\u00a0<strong>La Mora\u00f1a. Descubre qu\u00e9 ver y qu\u00e9 hacer <a href=\"https:\/\/maps.google.es\/maps?q=Ar%C3%A9valo&#038;ie=UTF8&#038;hnear=Ar%C3%A9valo,+%C3%81vila,+Castilla+y+Le%C3%B3n&#038;t=h&#038;z=14\" title=\"Link a Google maps que te indica d\u00f3nde se encuentra Ar\u00e9valo\" target=\"_blank\">en Ar\u00e9valo<\/a><\/strong> y d\u00e9jate llevar por todo lo que ofrece. \u00bfTe vienes con nosotros?<br \/>\n&nbsp;<\/p>\n<h3>1.<a title=\"XVIII Exposici\u00f3n CREDO, Las Edades del Hombre\" href=\"http:\/\/www.edadesdelhombrearevalo.es\/credo\/\" target=\"_blank\">\u00a0<\/a><a title=\"Las Edades del Hombre en Ar\u00e9valo. \" href=\"http:\/\/www.edadesdelhombrearevalo.es\/credo\/\" target=\"_blank\">Las Edades del Hombre<\/a><a title=\"Las Edades del Hombre en Ar\u00e9valo. \" href=\"http:\/\/www.edadesdelhombrearevalo.es\/credo\/\" target=\"_blank\"> en Ar\u00e9valo.<\/a><\/h3>\n<p>\u00abCredo\u00bb es el nombre de la XVIII exposici\u00f3n de las Edades del Hombre que albergar\u00e1n\u00a0las iglesias de Santa Mar\u00eda y del Salvador de Ar\u00e9valo, de mayo a noviembre de 2013. La exposici\u00f3n contar\u00e1 con <strong>90 piezas de arte sacro tra\u00eddas de toda Espa\u00f1a<\/strong> y dar\u00e1 especial protagonismo a toda la comarca de la Mora\u00f1a, de la que Ar\u00e9valo\u00a0es su cabecera.<\/p>\n<p>Aqu\u00ed pod\u00e9is ver su v\u00eddeo promocional realizado por la Junta de Castilla y Le\u00f3n.<br \/>\n&nbsp;<br \/>\n<center><iframe src=\"http:\/\/www.youtube.com\/embed\/SkkFJsTaHx4\" height=\"315\" width=\"560\" allowfullscreen=\"\" frameborder=\"0\"><\/iframe><\/center><br \/>\n&nbsp;<\/p>\n<h3>2. <a title=\"AR\u00c9VALO OFRECER\u00c1 VISITAS TEATRALIZADAS DURANTE LA CELEBRACI\u00d3N DE LAS EDADES DEL HOMBRE\" href=\"http:\/\/www.ayuntamientoarevalo.es\/esp\/noticias\/13\/05_14.htm\" target=\"_blank\">Visitas Teatralizadas al Casco Hist\u00f3rico\u00a0de Ar\u00e9valo<\/a><\/h3>\n<p>Tres intr\u00e9pidos actores atrapados en el tiempo: Tocinero, Matilde y Dionisio; te guiar\u00e1n por los enclaves m\u00e1s emblem\u00e1ticos de la ciudad relatando los hechos acontecidos en sus calles tales como la Ratificaci\u00f3n del Tratado de Tordesillas o la Ceremonia de Llantos y Alegr\u00edas.<\/p>\n<p>Pasar\u00e1s a escasos cent\u00edmetros de personajes como la Reina Isabel o I\u00f1igo L\u00f3pez de Loyola recorriendo enclaves como la Plaza del Real, la Plaza del C\u00edster, la Plaza de la Villa o el Mirador.<\/p>\n<p>Las visitas comienzan el 8 de junio y se alargar\u00e1n hasta septiembre. Encuentra m\u00e1s informaci\u00f3n <strong><a title=\"Visitas teatralizadas en Ar\u00e9valo\" href=\"http:\/\/teatrodehistoria.com\/\" target=\"_blank\">aqu\u00ed<\/a>.<\/strong> Mientras te dejamos una peque\u00f1a pista.<br \/>\n&nbsp;<br \/>\n<center><iframe src=\"http:\/\/www.youtube.com\/embed\/KVHEIZHXz3g\" height=\"315\" width=\"560\" allowfullscreen=\"\" frameborder=\"0\"><\/iframe><\/center><br \/>\n&nbsp;<\/p>\n<h3>3.\u00a0<a title=\"LA IX RUTA DE LAS TAPAS \u201cCIUDAD DE AR\u00c9VALO\u201d \" href=\"http:\/\/www.ayuntamientoarevalo.es\/esp\/d01noticias12.htm\" target=\"_blank\">La IX Ruta de las Tapas \u00abCiudad de Ar\u00e9valo\u00bb<\/a><\/h3>\n<p>Este certamen gastron\u00f3mico que ya va por su novena edici\u00f3n se celebrar\u00e1 del\u00a0<strong>7 al 9 de junio\u00a0<\/strong>contando con 20 establecimientos adheridos. No estar\u00eda mal visitar la exposici\u00f3n y tapear despu\u00e9s por la ciudad, \u00bfverdad?<br \/>\n&nbsp;<\/p>\n<h3>4. <a title=\"El tost\u00f3n de Ar\u00e9valo\" href=\"http:\/\/tostondearevalo.com\/\" target=\"_blank\">El Tost\u00f3n de Ar\u00e9valo, un asado inconfundible<\/a><\/h3>\n<p>El cochinillo asado o \u00abtost\u00f3n de Ar\u00e9valo\u00bb es conocido por su delicioso sabor \u00a0caracterizado por un modo natural y tradicional de cr\u00eda y preparaci\u00f3n del asado. En toda la ciudad podr\u00e1s degustar este asado que ya cuenta con marca de garant\u00eda de calidad.<br \/>\n&nbsp;<br \/>\n<center><a title=\"Tost\u00f3n Asado de Ar\u00e9valo. Fuente: fotos.lainformacion.com\" href=\"http:\/\/fotos.lainformacion.com\/economia-negocios-y-finanzas\/agricultura\/el-toston-de-arevalo-logra-su-inclusion-en-la-marca-de-calidad_jPO4iv5OKQRuV2tEM6Asy6\/\" target=\"_blank\" rel=\"attachment wp-att-3141\"><img decoding=\"async\" class=\"size-full wp-image-3141 aligncenter\" alt=\"tost\u00f3n de ar\u00e9valo\" src=\"http:\/\/destinocastillayleon.es\/index\/wp-content\/uploads\/2013\/05\/4653c6e7fb7db60bf48ef8e6ed7332b4.jpg\" width=\"640\" srcset=\"https:\/\/destinocastillayleon.es\/index\/wp-content\/uploads\/2013\/05\/4653c6e7fb7db60bf48ef8e6ed7332b4.jpg 645w, https:\/\/destinocastillayleon.es\/index\/wp-content\/uploads\/2013\/05\/4653c6e7fb7db60bf48ef8e6ed7332b4-300x224.jpg 300w\" sizes=\"(max-width: 645px) 100vw, 645px\" \/><\/a><\/center><br \/>\n&nbsp;<\/p>\n<h3>5. <a title=\"Visita al Castillo de Ar\u00e9valo, fuente: http:\/\/www.ayuntamientoarevalo.es\/\" href=\"http:\/\/www.ayuntamientoarevalo.es\/05eofi_tur\/03\/castillo\/castillo.htm\" target=\"_blank\">Visitar la antigua fortaleza medieval<\/a>. <\/h3>\n<p>Edificada en el s.XV por don \u00c1lvaro de Z\u00fa\u00f1iga, all\u00ed residi\u00f3<strong> la reina Isabel la Cat\u00f3lica<\/strong> durante un tiempo. En siglos posteriores sirvi\u00f3 de prisi\u00f3n, de cementerio y hasta su restauraci\u00f3n como granero. Hoy por hoy este baluarte es visitable, acogiendo el\u00a0<strong>Museo de los cereales<\/strong> d\u00f3nde se recogen<strong> 250 variedades de trigo<\/strong> y 150 de otros cereales como avena, cebada, centeno, arroz y ma\u00edz.<br \/>\n&nbsp;<br \/>\n<center><a title=\"Vistas desde el Castillo de Ar\u00e9valo, \u00c1vila. Fuente: Wikipedia\" href=\"http:\/\/www.viajarconhijos.es\/2012\/la-villa-preferida-de-isabel-la-catolica-era-arevalo\/\" target=\"_blank\"><img decoding=\"async\" class=\"size-full wp-image-3142 aligncenter\" alt=\"vistas desde el castillo de Ar\u00e9valo, \u00c1vlila. Fuente: 'Viajar con hijos'\" src=\"http:\/\/www.viajarconhijos.es\/wp-content\/uploads\/2012\/12\/arevalo-avila.jpg\" width=\"640\" \/><\/a><\/center><br \/>\n&nbsp;<br \/>\nConoce m\u00e1s de este castillo en <a href=\"http:\/\/destinocastillayleon.es\/index\/castillo-de-arevalo\/\" title=\"Enlaca a nuestra entrada sobre el Castillo de Ar\u00e9valo\" target=\"_blank\"><strong>nuestra entrada<\/strong><\/a> dedicada a \u00e9l.<br \/>\n&nbsp;<\/p>\n<h3>6. <a title=\"Iglesia de la Lugareja, Ar\u00e9valo Fuente: www.spain.info\" href=\"http:\/\/www.spain.info\/es\/conoce\/monumentos\/avila\/iglesia_de_la_lugareja.html\" target=\"_blank\">Iglesia de la Lugareja<\/a><\/h3>\n<p>Se trata de una de las <strong>obras maestras del\u00a0rom\u00e1nico mud\u00e9jar espa\u00f1ol<\/strong>. Se encuentra en la Carretera Palacios Rubios,\u00a0a 3Kms de Ar\u00e9valo. Su entrada es gratuita y merece la pena descubrirla. Aunque inacabada, el trabajo en ladrillo de los constructores mud\u00e9jares fue excepcional. Una aut\u00e9ntica reliquia.<br \/>\n&nbsp;<br \/>\n<a href=\"http:\/\/destinocastillayleon.es\/index\/10-razones-para-visitar-arevalo-la-morana\/r_ermita_lugareja_arevalo_t0500124\/\" rel=\"attachment wp-att-3139\"><img decoding=\"async\" class=\"size-full wp-image-3139 aligncenter\" alt=\"Iglesia de la Lugareja, Ar\u00e9valo\" title=\"Iglesia de la Lugareja, Ar\u00e9valo Fuente: www.spain.info\" src=\"http:\/\/destinocastillayleon.es\/index\/wp-content\/uploads\/2013\/05\/r_ermita_lugareja_arevalo_t0500124.jpg\" width=\"640\" srcset=\"https:\/\/destinocastillayleon.es\/index\/wp-content\/uploads\/2013\/05\/r_ermita_lugareja_arevalo_t0500124.jpg 688w, https:\/\/destinocastillayleon.es\/index\/wp-content\/uploads\/2013\/05\/r_ermita_lugareja_arevalo_t0500124-300x122.jpg 300w\" sizes=\"(max-width: 688px) 100vw, 688px\" \/><\/a><br \/>\n&nbsp;<\/p>\n<h3>7. <a title=\"La Senda de los merenderos en Ar\u00e9valo, \u00c1vila. Fuente: Turismo de \u00c1vila\" href=\"http:\/\/www.turismoavila.com\/es\/senda-de-los-merenderos_1.html#inicio\" target=\"_blank\">La Senda de los Merenderos<\/a><\/h3>\n<p>Si eres de los que le gusta caminar te proponemos esta senda circular de unos 20 kms que parte de Ar\u00e9valo y que recorre una extensa zona de pinares adentr\u00e1ndonos en la riqueza paisaj\u00edstica de la zona y su diversidad animal. Puedes encontrar m\u00e1s informaci\u00f3n <a title=\"Ruta de los Merenderos en Ar\u00e9valo, \u00c1vila. Fuente: Turismo de \u00c1vila\" href=\"http:\/\/www.turismoavila.com\/es\/senda-de-los-merenderos_1.html#inicio\" target=\"_blank\"><strong>aqu\u00ed<\/strong><\/a>.<br \/>\n&nbsp;<\/p>\n<h3>8. <a title=\"Recreaciones hist\u00f3ricas en la ruta de Isabel la Cat\u00f3lica, Fuente: turismo de \u00c1vila\" href=\"http:\/\/www.turismoavila.com\/es\/recreaciones-historicas-en-la-ruta-de-isabel-la-catolica.html#inicio\" target=\"_blank\">La Ruta de Isabel la Cat\u00f3lica<\/a>.<\/h3>\n<p>Gracias al \u00e9xito de la serie televisiva &#8216;Isabel&#8217;, cada vez son m\u00e1s las personas que se interesan por la vida de esta reina, hasta el punto de recorrer aquellos lugares d\u00f3nde \u00e9sta dej\u00f3 su huella. Varias entidades p\u00fablicas han aprovechado el tir\u00f3n ofreciendo <a title=\"Ruta de Isabel de Castilla. Fuente: www.viajescondestino.com\" href=\"http:\/\/www.viajescondestino.com\/la-ruta-de-isabel-la-catolica-en-castilla-y-leon\/\" target=\"_blank\">la Ruta de Isabel de Castilla<\/a>\u00a0en varias localidades como Medina del Campo, Ar\u00e9valo o Madrigal de las Altas Torres. Aqu\u00ed puedes ver el <a title=\"Folleto Ruta de Isabel de Castilla\" href=\"http:\/\/4.bp.blogspot.com\/-vAprA7cpI2E\/ULTKHmIB_sI\/AAAAAAAAAcM\/KOyK1XpcagA\/s1600\/Folleto+La+Ruta+de+Isabel+1.jpg\" target=\"_blank\">folleto en pdf<\/a>.<br \/>\n&nbsp;<br \/>\n<center><a title=\"Castilla y Le\u00f3n explota tur\u00edsticamente las rutas hist\u00f3ricas de 'Isabel'\" href=\"http:\/\/www.rtve.es\/alacarta\/videos\/telediario\/castilla-leon-explota-turisticamente-rutas-historicas-isabel\/1599128\/\" target=\"_blank\" rel=\"attachment wp-att-3144\"><img decoding=\"async\" class=\"alignnone size-full wp-image-3144\" alt=\"Ruta de isabel de Castilla\" src=\"http:\/\/destinocastillayleon.es\/index\/wp-content\/uploads\/2013\/05\/Ruta-de-isabel-de-Castilla.jpg\" width=\"360\" srcset=\"https:\/\/destinocastillayleon.es\/index\/wp-content\/uploads\/2013\/05\/Ruta-de-isabel-de-Castilla.jpg 768w, https:\/\/destinocastillayleon.es\/index\/wp-content\/uploads\/2013\/05\/Ruta-de-isabel-de-Castilla-300x168.jpg 300w\" sizes=\"(max-width: 768px) 100vw, 768px\" \/><\/a><\/center><br \/>\n&nbsp;<br \/>\nConoce nuestra entrada edidica a esta ruta en el siguiente<a href=\"http:\/\/destinocastillayleon.es\/index\/ruta-de-isabel-de-castilla-sigue-su\/\" target=\"_Blank\"><strong> enlace<\/strong><\/a>.<br \/>\n&nbsp;<\/p>\n<h3>9. <a title=\"Mercado Medieval en Ar\u00e9valo, \u00c1vila. Del 27 al 29 de julio 2013\" href=\"http:\/\/asociacionlaqueda.blogspot.com.es\/\" target=\"_blank\">Mercado Medieval de Ar\u00e9valo<\/a><\/h3>\n<p>En recuerdo tambi\u00e9n de la Reina Isabel se celebra este mercado que tendr\u00e1 lugar el <strong>\u00faltimo fin de semana de julio<\/strong>. Aqu\u00ed ten\u00e9is un adelanto.<br \/>\n&nbsp;<br \/>\n<center><iframe src=\"http:\/\/www.youtube.com\/embed\/6Drd4rJ_HVg\" height=\"315\" width=\"560\" allowfullscreen=\"\" frameborder=\"0\"><\/iframe><\/center><br \/>\n&nbsp;<\/p>\n<h3>10. <a title=\"Ruta de San Juan de la Cruz\" href=\"http:\/\/www.turismoavila.com\/es\/ruta-de-san-juan-de-la-cruz.html\" target=\"_blank\">La ruta de San Juan de la Cruz<\/a><\/h3>\n<p>El m\u00edstico abulense patr\u00f3n de la lengua castellana ya tiene su centro dedicado a su vida y obra en el pueblo que le vi\u00f3 nacer, Fontiveros, en pleno coraz\u00f3n de la Mora\u00f1a. Se trata de un centro multidisciplinar que ofrece exposiciones, biblioteca, alojamiento y diferentes rutas y actividades. Puedes ver todo lo que se lleva a cabo en <a title=\"ESPACIO SAN JUAN DE LA CRUZ, fuente: http:\/\/www.turismolamorana.com\/\" href=\"http:\/\/www.turismolamorana.com\/experiencias-turisticas\/espacio-san-juan-de-la-cruz\" target=\"_blank\">la web de la asociaci\u00f3n de turismo de la Mora\u00f1a<\/a>.<br \/>\n&nbsp;<br \/>\nPara finalizar, te queremos comentar que existen muchas posibilidades d\u00f3nde elegir para comer. Puedes encontrar nuestra gastroexperiencia tapeando y en el Hotel Restaurante Del Campo, pinchando en <a href=\"http:\/\/destinocastillayleon.es\/index\/comiendo-en-arevalo\/\" title=\"Enlace a nuestra entrada sobre la gastroexperiencia en el Hotel Restaurante Del Campo en Ar\u00e9valo\" target=\"_blank\">este enlace<\/a>.<br \/>\n&nbsp;<br \/>\n\u00bfConoces la comarca? \u00bfQu\u00e9 propuesta te parece m\u00e1s interesante? \u00a1Cu\u00e9ntanoslo!<br \/>\n&nbsp;<\/p>\n<p>&nbsp;<\/p>\n<h4>Art\u00edculos relacionados:<\/h4>\n<ul>\n<li><a title=\"Enlace a nuestra gastroexperiencia en Ar\u00e9valoo\" href=\"http:\/\/destinocastillayleon.es\/index\/comiendo-en-arevalo\/\" target=\"_blank\"><span style=\"color: #000000;\">Nuestra gastroexperiencia en Ar\u00e9valo<\/a>.<\/li>\n<li><a href=\"http:\/\/destinocastillayleon.es\/index\/visitar-arevalo-durante-la-exposicion-de-las-edades-del-hombre\/\" title=\"Qu\u00e9 ver en Ar\u00e9valo\" target=\"_blank\"><span style=\"color: #000000;\">Descubre qu\u00e9 ver en Ar\u00e9valo<\/a>.<\/li>\n<li><a title=\"No te pierdas detalle de Credo, las Edades del Hombre en Ar\u00e9valo\" href=\"http:\/\/destinocastillayleon.es\/index\/credo-exposcion-de-las-edades-del-hombre-en-arevalo\/\" target=\"_blank\"><span style=\"color: #000000;\">No te pierdas detalle de Credo, las Edades del Hombre en Ar\u00e9valo<\/a>.<\/li>\n<li><a title=\"Enlace a nuestra en el Castillo de Ar\u00e9valo\" href=\"http:\/\/destinocastillayleon.es\/index\/castillo-de-arevalo\/\" target=\"_blank\"><span style=\"color: #000000;\">Castillo de Ar\u00e9valo<\/a>.<\/li>\n<li><a href=\"http:\/\/destinocastillayleon.es\/index\/comiendo-en-arevalo\/\" title=\"Enlace a nuestra entrada sobre la gastroexperiencia en el Hotel Restaurante Del Campo en Ar\u00e9valo\" target=\"_blank\"><span style=\"color: #000000;\">Lugares donde comer en Ar\u00e9valo<\/a>.<\/li>\n<li><a href=\"http:\/\/destinocastillayleon.es\/index\/ruta-de-isabel-de-castilla-sigue-su\/\" title=\"Enlace a nuestra entrada sobre la Ruta de Isabel I por Castilla y Le\u00f3n\" target=\"_blank\"><span style=\"color: #000000;\">Ruta de Isabel I por Castilla y Le\u00f3n<\/a>.<\/li>\n<\/ul>\n<p>&nbsp;<\/p>\n","protected":false},"excerpt":{"rendered":"<p>Conoce al menos 10 razones para visitar Ar\u00e9valo y su comarca la Mora\u00f1a. Desc\u00fabrelas!<\/p>\n","protected":false},"author":6,"featured_media":3142,"comment_status":"open","ping_status":"closed","sticky":false,"template":"","format":"standard","meta":{"rop_custom_images_group":[],"rop_custom_messages_group":[],"rop_publish_now":"initial","rop_publish_now_accounts":{"twitter_1150954226_1150954226":""},"rop_publish_now_history":[],"rop_publish_now_status":"pending","footnotes":""},"categories":[62,4790,4788,3472,68,45,73,74,1],"tags":[336,3172,769,780,3476,2014,337,784,4867,2013,333,334,332,338,666,369,2015],"class_list":["post-3121","post","type-post","status-publish","format-standard","has-post-thumbnail","hentry","category-avila","category-avila-gastronomia","category-avila-turismo","category-inspirate","category-post_inicial","category-provincias","category-punto_singular","category-rutas_por_cyl","category-uncategorized","tag-arevalo","tag-comarca-de-la-morana","tag-destino-castilla-y-leon","tag-donde-comer-en-arevalo","tag-espacios-medievales-de-castilla-y-leon","tag-la-comarca-de-la-morana","tag-la-morana","tag-que-ver-en-arevalo","tag-quee-hacer-en-arevalo","tag-razones-para-visitar-arevalo","tag-ruta-isabel-de-castilla","tag-ruta-san-juan-de-la-cruz","tag-toston-de-arevalo","tag-turismo-castilla-y-leon","tag-turismo-en-avila","tag-turismo-en-castilla-y-leon","tag-visitar-arevalo"],"yoast_head":"<!-- This site is optimized with the Yoast SEO Premium plugin v20.4 (Yoast SEO v27.4) - https:\/\/yoast.com\/product\/yoast-seo-premium-wordpress\/ -->\n<title>10 razones para visitar Ar\u00e9valo y su comarca la Mora\u00f1a<\/title>\n<meta name=\"description\" content=\"Conoce 10 razones para visitar Ar\u00e9valo y su comarca la Mora\u00f1a. Desc\u00fabrelas gracias a nuestras experiencias visitando esta comarca llena de historia\" \/>\n<meta name=\"robots\" content=\"index, follow, max-snippet:-1, max-image-preview:large, max-video-preview:-1\" \/>\n<link rel=\"canonical\" href=\"https:\/\/destinocastillayleon.es\/index\/10-razones-para-visitar-arevalo-la-morana\/\" \/>\n<meta property=\"og:locale\" content=\"es_ES\" \/>\n<meta property=\"og:type\" content=\"article\" \/>\n<meta property=\"og:title\" content=\"10 razones para visitar Ar\u00e9valo y su comarca la Mora\u00f1a\" \/>\n<meta property=\"og:description\" content=\"Conoce 10 razones para visitar Ar\u00e9valo y su comarca la Mora\u00f1a. Desc\u00fabrelas gracias a nuestras experiencias visitando esta comarca llena de historia\" \/>\n<meta property=\"og:url\" content=\"https:\/\/destinocastillayleon.es\/index\/10-razones-para-visitar-arevalo-la-morana\/\" \/>\n<meta property=\"og:site_name\" content=\"Destino Castilla y Le\u00f3n\" \/>\n<meta property=\"article:publisher\" content=\"https:\/\/www.facebook.com\/DestinoCastillaYLeon\/\" \/>\n<meta property=\"article:published_time\" content=\"2013-05-30T06:47:58+00:00\" \/>\n<meta property=\"article:modified_time\" content=\"2018-04-12T21:22:03+00:00\" \/>\n<meta property=\"og:image\" content=\"https:\/\/destinocastillayleon.es\/index\/wp-content\/uploads\/2013\/05\/800px-Arevalo_Castillo_05_by-dpc.jpg\" \/>\n\t<meta property=\"og:image:width\" content=\"793\" \/>\n\t<meta property=\"og:image:height\" content=\"531\" \/>\n\t<meta property=\"og:image:type\" content=\"image\/jpeg\" \/>\n<meta name=\"author\" content=\"Lola Hernandez\" \/>\n<meta name=\"twitter:card\" content=\"summary_large_image\" \/>\n<meta name=\"twitter:title\" content=\"10 razones para visitar Ar\u00e9valo y su comarca la Mora\u00f1a\" \/>\n<meta name=\"twitter:description\" content=\"Conoce 10 razones para visitar Ar\u00e9valo y su comarca la Mora\u00f1a. Desc\u00fabrelas gracias a nuestras experiencias visitando esta comarca llena de historia\" \/>\n<meta name=\"twitter:image\" content=\"http:\/\/destinocastillayleon.es\/index\/wp-content\/uploads\/2013\/05\/800px-Arevalo_Castillo_05_by-dpc-300x201.jpg\" \/>\n<meta name=\"twitter:creator\" content=\"@destinocyl\" \/>\n<meta name=\"twitter:site\" content=\"@destinocyl\" \/>\n<meta name=\"twitter:label1\" content=\"Escrito por\" \/>\n\t<meta name=\"twitter:data1\" content=\"Lola Hernandez\" \/>\n\t<meta name=\"twitter:label2\" content=\"Tiempo de lectura\" \/>\n\t<meta name=\"twitter:data2\" content=\"4 minutos\" \/>\n<script type=\"application\/ld+json\" class=\"yoast-schema-graph\">{\"@context\":\"https:\\\/\\\/schema.org\",\"@graph\":[{\"@type\":\"Article\",\"@id\":\"https:\\\/\\\/destinocastillayleon.es\\\/index\\\/10-razones-para-visitar-arevalo-la-morana\\\/#article\",\"isPartOf\":{\"@id\":\"https:\\\/\\\/destinocastillayleon.es\\\/index\\\/10-razones-para-visitar-arevalo-la-morana\\\/\"},\"author\":{\"name\":\"Lola Hernandez\",\"@id\":\"https:\\\/\\\/destinocastillayleon.es\\\/index\\\/#\\\/schema\\\/person\\\/49ffcb7eb307589ba529009335ed7767\"},\"headline\":\"10 razones para visitar Ar\u00e9valo y su comarca, la Mora\u00f1a\",\"datePublished\":\"2013-05-30T06:47:58+00:00\",\"dateModified\":\"2018-04-12T21:22:03+00:00\",\"mainEntityOfPage\":{\"@id\":\"https:\\\/\\\/destinocastillayleon.es\\\/index\\\/10-razones-para-visitar-arevalo-la-morana\\\/\"},\"wordCount\":901,\"commentCount\":7,\"image\":{\"@id\":\"https:\\\/\\\/destinocastillayleon.es\\\/index\\\/10-razones-para-visitar-arevalo-la-morana\\\/#primaryimage\"},\"thumbnailUrl\":\"https:\\\/\\\/destinocastillayleon.es\\\/index\\\/wp-content\\\/uploads\\\/2013\\\/05\\\/800px-Arevalo_Castillo_05_by-dpc.jpg\",\"keywords\":[\"Ar\u00e9valo\",\"comarca de la Mora\u00f1a\",\"Destino Castilla y Le\u00f3n\",\"D\u00f3nde comer en Ar\u00e9valo\",\"espacios medievales de Castilla y Le\u00f3n\",\"La comarca de la mora\u00f1a\",\"La Mora\u00f1a\",\"que ver en Arevalo\",\"que\u00e9 hacer en Ar\u00e9valo\",\"razones para visitar ar\u00e9valo\",\"Ruta Isabel de Castilla\",\"Ruta San Juan de la Cruz\",\"Tost\u00f3n de Ar\u00e9valo\",\"Turismo Castilla y Le\u00f3n\",\"Turismo en \u00c1vila\",\"turismo en Castilla y Le\u00f3n\",\"visitar ar\u00e9valo\"],\"articleSection\":[\"Avila\",\"Avila gastronom\u00eda\",\"Avila turismo\",\"Inspirate\",\"Post_inicial\",\"Provincias\",\"Punto Singular\",\"Rutas por Castilla y Le\u00f3n\",\"Uncategorized\"],\"inLanguage\":\"es\",\"potentialAction\":[{\"@type\":\"CommentAction\",\"name\":\"Comment\",\"target\":[\"https:\\\/\\\/destinocastillayleon.es\\\/index\\\/10-razones-para-visitar-arevalo-la-morana\\\/#respond\"]}]},{\"@type\":\"WebPage\",\"@id\":\"https:\\\/\\\/destinocastillayleon.es\\\/index\\\/10-razones-para-visitar-arevalo-la-morana\\\/\",\"url\":\"https:\\\/\\\/destinocastillayleon.es\\\/index\\\/10-razones-para-visitar-arevalo-la-morana\\\/\",\"name\":\"10 razones para visitar Ar\u00e9valo y su comarca la Mora\u00f1a\",\"isPartOf\":{\"@id\":\"https:\\\/\\\/destinocastillayleon.es\\\/index\\\/#website\"},\"primaryImageOfPage\":{\"@id\":\"https:\\\/\\\/destinocastillayleon.es\\\/index\\\/10-razones-para-visitar-arevalo-la-morana\\\/#primaryimage\"},\"image\":{\"@id\":\"https:\\\/\\\/destinocastillayleon.es\\\/index\\\/10-razones-para-visitar-arevalo-la-morana\\\/#primaryimage\"},\"thumbnailUrl\":\"https:\\\/\\\/destinocastillayleon.es\\\/index\\\/wp-content\\\/uploads\\\/2013\\\/05\\\/800px-Arevalo_Castillo_05_by-dpc.jpg\",\"datePublished\":\"2013-05-30T06:47:58+00:00\",\"dateModified\":\"2018-04-12T21:22:03+00:00\",\"author\":{\"@id\":\"https:\\\/\\\/destinocastillayleon.es\\\/index\\\/#\\\/schema\\\/person\\\/49ffcb7eb307589ba529009335ed7767\"},\"description\":\"Conoce 10 razones para visitar Ar\u00e9valo y su comarca la Mora\u00f1a. Desc\u00fabrelas gracias a nuestras experiencias visitando esta comarca llena de historia\",\"breadcrumb\":{\"@id\":\"https:\\\/\\\/destinocastillayleon.es\\\/index\\\/10-razones-para-visitar-arevalo-la-morana\\\/#breadcrumb\"},\"inLanguage\":\"es\",\"potentialAction\":[{\"@type\":\"ReadAction\",\"target\":[\"https:\\\/\\\/destinocastillayleon.es\\\/index\\\/10-razones-para-visitar-arevalo-la-morana\\\/\"]}]},{\"@type\":\"ImageObject\",\"inLanguage\":\"es\",\"@id\":\"https:\\\/\\\/destinocastillayleon.es\\\/index\\\/10-razones-para-visitar-arevalo-la-morana\\\/#primaryimage\",\"url\":\"https:\\\/\\\/destinocastillayleon.es\\\/index\\\/wp-content\\\/uploads\\\/2013\\\/05\\\/800px-Arevalo_Castillo_05_by-dpc.jpg\",\"contentUrl\":\"https:\\\/\\\/destinocastillayleon.es\\\/index\\\/wp-content\\\/uploads\\\/2013\\\/05\\\/800px-Arevalo_Castillo_05_by-dpc.jpg\",\"width\":793,\"height\":531},{\"@type\":\"BreadcrumbList\",\"@id\":\"https:\\\/\\\/destinocastillayleon.es\\\/index\\\/10-razones-para-visitar-arevalo-la-morana\\\/#breadcrumb\",\"itemListElement\":[{\"@type\":\"ListItem\",\"position\":1,\"name\":\"Portada\",\"item\":\"https:\\\/\\\/destinocastillayleon.es\\\/index\\\/\"},{\"@type\":\"ListItem\",\"position\":2,\"name\":\"10 razones para visitar Ar\u00e9valo y su comarca, la Mora\u00f1a\"}]},{\"@type\":\"WebSite\",\"@id\":\"https:\\\/\\\/destinocastillayleon.es\\\/index\\\/#website\",\"url\":\"https:\\\/\\\/destinocastillayleon.es\\\/index\\\/\",\"name\":\"Destino Castilla y Le\u00f3n\",\"description\":\"Medio digital independiente y revista de Castilla y Le\u00f3n dedicado al turismo, gastronom\u00eda y vino de Castilla y Le\u00f3n\",\"potentialAction\":[{\"@type\":\"SearchAction\",\"target\":{\"@type\":\"EntryPoint\",\"urlTemplate\":\"https:\\\/\\\/destinocastillayleon.es\\\/index\\\/?s={search_term_string}\"},\"query-input\":{\"@type\":\"PropertyValueSpecification\",\"valueRequired\":true,\"valueName\":\"search_term_string\"}}],\"inLanguage\":\"es\"},{\"@type\":\"Person\",\"@id\":\"https:\\\/\\\/destinocastillayleon.es\\\/index\\\/#\\\/schema\\\/person\\\/49ffcb7eb307589ba529009335ed7767\",\"name\":\"Lola Hernandez\",\"image\":{\"@type\":\"ImageObject\",\"inLanguage\":\"es\",\"@id\":\"https:\\\/\\\/secure.gravatar.com\\\/avatar\\\/72ead65e55ad0522fba484acfe2842bf78b2f7c727df41d76fed78a85519da34?s=96&d=mm&r=g\",\"url\":\"https:\\\/\\\/secure.gravatar.com\\\/avatar\\\/72ead65e55ad0522fba484acfe2842bf78b2f7c727df41d76fed78a85519da34?s=96&d=mm&r=g\",\"contentUrl\":\"https:\\\/\\\/secure.gravatar.com\\\/avatar\\\/72ead65e55ad0522fba484acfe2842bf78b2f7c727df41d76fed78a85519da34?s=96&d=mm&r=g\",\"caption\":\"Lola Hernandez\"},\"description\":\"Lola Hern\u00e1ndez fue fundadora y directora de www.destinocastillayleon.es Escribiendo sobre turismo, gastronom\u00eda y vino de su tierra de origen, Castilla y Le\u00f3n.\",\"sameAs\":[\"http:\\\/\\\/www.destinoysabor.com\\\/blog\"],\"url\":\"https:\\\/\\\/destinocastillayleon.es\\\/index\\\/author\\\/lola-hernandez\\\/\"}]}<\/script>\n<!-- \/ Yoast SEO Premium plugin. -->","yoast_head_json":{"title":"10 razones para visitar Ar\u00e9valo y su comarca la Mora\u00f1a","description":"Conoce 10 razones para visitar Ar\u00e9valo y su comarca la Mora\u00f1a. Desc\u00fabrelas gracias a nuestras experiencias visitando esta comarca llena de historia","robots":{"index":"index","follow":"follow","max-snippet":"max-snippet:-1","max-image-preview":"max-image-preview:large","max-video-preview":"max-video-preview:-1"},"canonical":"https:\/\/destinocastillayleon.es\/index\/10-razones-para-visitar-arevalo-la-morana\/","og_locale":"es_ES","og_type":"article","og_title":"10 razones para visitar Ar\u00e9valo y su comarca la Mora\u00f1a","og_description":"Conoce 10 razones para visitar Ar\u00e9valo y su comarca la Mora\u00f1a. Desc\u00fabrelas gracias a nuestras experiencias visitando esta comarca llena de historia","og_url":"https:\/\/destinocastillayleon.es\/index\/10-razones-para-visitar-arevalo-la-morana\/","og_site_name":"Destino Castilla y Le\u00f3n","article_publisher":"https:\/\/www.facebook.com\/DestinoCastillaYLeon\/","article_published_time":"2013-05-30T06:47:58+00:00","article_modified_time":"2018-04-12T21:22:03+00:00","og_image":[{"width":793,"height":531,"url":"https:\/\/destinocastillayleon.es\/index\/wp-content\/uploads\/2013\/05\/800px-Arevalo_Castillo_05_by-dpc.jpg","type":"image\/jpeg"}],"author":"Lola Hernandez","twitter_card":"summary_large_image","twitter_title":"10 razones para visitar Ar\u00e9valo y su comarca la Mora\u00f1a","twitter_description":"Conoce 10 razones para visitar Ar\u00e9valo y su comarca la Mora\u00f1a. Desc\u00fabrelas gracias a nuestras experiencias visitando esta comarca llena de historia","twitter_image":"http:\/\/destinocastillayleon.es\/index\/wp-content\/uploads\/2013\/05\/800px-Arevalo_Castillo_05_by-dpc-300x201.jpg","twitter_creator":"@destinocyl","twitter_site":"@destinocyl","twitter_misc":{"Escrito por":"Lola Hernandez","Tiempo de lectura":"4 minutos"},"schema":{"@context":"https:\/\/schema.org","@graph":[{"@type":"Article","@id":"https:\/\/destinocastillayleon.es\/index\/10-razones-para-visitar-arevalo-la-morana\/#article","isPartOf":{"@id":"https:\/\/destinocastillayleon.es\/index\/10-razones-para-visitar-arevalo-la-morana\/"},"author":{"name":"Lola Hernandez","@id":"https:\/\/destinocastillayleon.es\/index\/#\/schema\/person\/49ffcb7eb307589ba529009335ed7767"},"headline":"10 razones para visitar Ar\u00e9valo y su comarca, la Mora\u00f1a","datePublished":"2013-05-30T06:47:58+00:00","dateModified":"2018-04-12T21:22:03+00:00","mainEntityOfPage":{"@id":"https:\/\/destinocastillayleon.es\/index\/10-razones-para-visitar-arevalo-la-morana\/"},"wordCount":901,"commentCount":7,"image":{"@id":"https:\/\/destinocastillayleon.es\/index\/10-razones-para-visitar-arevalo-la-morana\/#primaryimage"},"thumbnailUrl":"https:\/\/destinocastillayleon.es\/index\/wp-content\/uploads\/2013\/05\/800px-Arevalo_Castillo_05_by-dpc.jpg","keywords":["Ar\u00e9valo","comarca de la Mora\u00f1a","Destino Castilla y Le\u00f3n","D\u00f3nde comer en Ar\u00e9valo","espacios medievales de Castilla y Le\u00f3n","La comarca de la mora\u00f1a","La Mora\u00f1a","que ver en Arevalo","que\u00e9 hacer en Ar\u00e9valo","razones para visitar ar\u00e9valo","Ruta Isabel de Castilla","Ruta San Juan de la Cruz","Tost\u00f3n de Ar\u00e9valo","Turismo Castilla y Le\u00f3n","Turismo en \u00c1vila","turismo en Castilla y Le\u00f3n","visitar ar\u00e9valo"],"articleSection":["Avila","Avila gastronom\u00eda","Avila turismo","Inspirate","Post_inicial","Provincias","Punto Singular","Rutas por Castilla y Le\u00f3n","Uncategorized"],"inLanguage":"es","potentialAction":[{"@type":"CommentAction","name":"Comment","target":["https:\/\/destinocastillayleon.es\/index\/10-razones-para-visitar-arevalo-la-morana\/#respond"]}]},{"@type":"WebPage","@id":"https:\/\/destinocastillayleon.es\/index\/10-razones-para-visitar-arevalo-la-morana\/","url":"https:\/\/destinocastillayleon.es\/index\/10-razones-para-visitar-arevalo-la-morana\/","name":"10 razones para visitar Ar\u00e9valo y su comarca la Mora\u00f1a","isPartOf":{"@id":"https:\/\/destinocastillayleon.es\/index\/#website"},"primaryImageOfPage":{"@id":"https:\/\/destinocastillayleon.es\/index\/10-razones-para-visitar-arevalo-la-morana\/#primaryimage"},"image":{"@id":"https:\/\/destinocastillayleon.es\/index\/10-razones-para-visitar-arevalo-la-morana\/#primaryimage"},"thumbnailUrl":"https:\/\/destinocastillayleon.es\/index\/wp-content\/uploads\/2013\/05\/800px-Arevalo_Castillo_05_by-dpc.jpg","datePublished":"2013-05-30T06:47:58+00:00","dateModified":"2018-04-12T21:22:03+00:00","author":{"@id":"https:\/\/destinocastillayleon.es\/index\/#\/schema\/person\/49ffcb7eb307589ba529009335ed7767"},"description":"Conoce 10 razones para visitar Ar\u00e9valo y su comarca la Mora\u00f1a. Desc\u00fabrelas gracias a nuestras experiencias visitando esta comarca llena de historia","breadcrumb":{"@id":"https:\/\/destinocastillayleon.es\/index\/10-razones-para-visitar-arevalo-la-morana\/#breadcrumb"},"inLanguage":"es","potentialAction":[{"@type":"ReadAction","target":["https:\/\/destinocastillayleon.es\/index\/10-razones-para-visitar-arevalo-la-morana\/"]}]},{"@type":"ImageObject","inLanguage":"es","@id":"https:\/\/destinocastillayleon.es\/index\/10-razones-para-visitar-arevalo-la-morana\/#primaryimage","url":"https:\/\/destinocastillayleon.es\/index\/wp-content\/uploads\/2013\/05\/800px-Arevalo_Castillo_05_by-dpc.jpg","contentUrl":"https:\/\/destinocastillayleon.es\/index\/wp-content\/uploads\/2013\/05\/800px-Arevalo_Castillo_05_by-dpc.jpg","width":793,"height":531},{"@type":"BreadcrumbList","@id":"https:\/\/destinocastillayleon.es\/index\/10-razones-para-visitar-arevalo-la-morana\/#breadcrumb","itemListElement":[{"@type":"ListItem","position":1,"name":"Portada","item":"https:\/\/destinocastillayleon.es\/index\/"},{"@type":"ListItem","position":2,"name":"10 razones para visitar Ar\u00e9valo y su comarca, la Mora\u00f1a"}]},{"@type":"WebSite","@id":"https:\/\/destinocastillayleon.es\/index\/#website","url":"https:\/\/destinocastillayleon.es\/index\/","name":"Destino Castilla y Le\u00f3n","description":"Medio digital independiente y revista de Castilla y Le\u00f3n dedicado al turismo, gastronom\u00eda y vino de Castilla y Le\u00f3n","potentialAction":[{"@type":"SearchAction","target":{"@type":"EntryPoint","urlTemplate":"https:\/\/destinocastillayleon.es\/index\/?s={search_term_string}"},"query-input":{"@type":"PropertyValueSpecification","valueRequired":true,"valueName":"search_term_string"}}],"inLanguage":"es"},{"@type":"Person","@id":"https:\/\/destinocastillayleon.es\/index\/#\/schema\/person\/49ffcb7eb307589ba529009335ed7767","name":"Lola Hernandez","image":{"@type":"ImageObject","inLanguage":"es","@id":"https:\/\/secure.gravatar.com\/avatar\/72ead65e55ad0522fba484acfe2842bf78b2f7c727df41d76fed78a85519da34?s=96&d=mm&r=g","url":"https:\/\/secure.gravatar.com\/avatar\/72ead65e55ad0522fba484acfe2842bf78b2f7c727df41d76fed78a85519da34?s=96&d=mm&r=g","contentUrl":"https:\/\/secure.gravatar.com\/avatar\/72ead65e55ad0522fba484acfe2842bf78b2f7c727df41d76fed78a85519da34?s=96&d=mm&r=g","caption":"Lola Hernandez"},"description":"Lola Hern\u00e1ndez fue fundadora y directora de www.destinocastillayleon.es Escribiendo sobre turismo, gastronom\u00eda y vino de su tierra de origen, Castilla y Le\u00f3n.","sameAs":["http:\/\/www.destinoysabor.com\/blog"],"url":"https:\/\/destinocastillayleon.es\/index\/author\/lola-hernandez\/"}]}},"_links":{"self":[{"href":"https:\/\/destinocastillayleon.es\/index\/wp-json\/wp\/v2\/posts\/3121","targetHints":{"allow":["GET"]}}],"collection":[{"href":"https:\/\/destinocastillayleon.es\/index\/wp-json\/wp\/v2\/posts"}],"about":[{"href":"https:\/\/destinocastillayleon.es\/index\/wp-json\/wp\/v2\/types\/post"}],"author":[{"embeddable":true,"href":"https:\/\/destinocastillayleon.es\/index\/wp-json\/wp\/v2\/users\/6"}],"replies":[{"embeddable":true,"href":"https:\/\/destinocastillayleon.es\/index\/wp-json\/wp\/v2\/comments?post=3121"}],"version-history":[{"count":40,"href":"https:\/\/destinocastillayleon.es\/index\/wp-json\/wp\/v2\/posts\/3121\/revisions"}],"predecessor-version":[{"id":27936,"href":"https:\/\/destinocastillayleon.es\/index\/wp-json\/wp\/v2\/posts\/3121\/revisions\/27936"}],"wp:featuredmedia":[{"embeddable":true,"href":"https:\/\/destinocastillayleon.es\/index\/wp-json\/wp\/v2\/media\/3142"}],"wp:attachment":[{"href":"https:\/\/destinocastillayleon.es\/index\/wp-json\/wp\/v2\/media?parent=3121"}],"wp:term":[{"taxonomy":"category","embeddable":true,"href":"https:\/\/destinocastillayleon.es\/index\/wp-json\/wp\/v2\/categories?post=3121"},{"taxonomy":"post_tag","embeddable":true,"href":"https:\/\/destinocastillayleon.es\/index\/wp-json\/wp\/v2\/tags?post=3121"}],"curies":[{"name":"wp","href":"https:\/\/api.w.org\/{rel}","templated":true}]}}