{"id":31037,"date":"2019-08-01T14:02:11","date_gmt":"2019-08-01T12:02:11","guid":{"rendered":"https:\/\/destinocastillayleon.es\/index\/?p=31037"},"modified":"2019-08-01T14:03:12","modified_gmt":"2019-08-01T12:03:12","slug":"el-open-de-tenis-castilla-y-leon-vuelve-a-el-espinar","status":"publish","type":"post","link":"https:\/\/destinocastillayleon.es\/index\/el-open-de-tenis-castilla-y-leon-vuelve-a-el-espinar\/","title":{"rendered":"El Open de Tenis Castilla y Le\u00f3n vuelve a El Espinar"},"content":{"rendered":"<p>Comienza la <a href=\"https:\/\/teniselespinar.com\/\">XXXIV edici\u00f3n del Open Castilla y Le\u00f3n de tenis<\/a>,<strong> (del 29 de julio al 4 de agosto)<\/strong>, con una primera ronda que nos dejar\u00e1 duelos tan interesantes como el que enfrenta al espa\u00f1ol \u00cd\u00f1igo Cervantes y al ruso Konstantin Kravchuk, el de Ricardo Ojeda frente a Andrea Basso y el de Andr\u00e9s Artu\u00f1edo contra Alessandro Bega.<\/p>\n<p>Para este a\u00f1o, el cuadro del torneo masculino ha evolucionado hasta alcanzar <strong>un total de 48 participantes<\/strong>, por los 36 de la edici\u00f3n anterior, procedentes de 13 pa\u00edses diferentes. Tras una semana de tenis en El Espinar, la final se podr\u00e1 disfrutar este domingo en abierto desde Teledeporte, a las 18:00 h. El desenlace del evento femenino tendr\u00e1 lugar el mismo domingo, pero a las 12:00 h. Conoceremos as\u00ed a los sucesores del franc\u00e9s <strong>Ugo Humbert<\/strong> y la rusa <strong>Ludmila Samsonova<\/strong>, \u00faltimos ganadores de la competici\u00f3n. En esta edici\u00f3n, el torneo masculino cuenta con una dotaci\u00f3n de 85.000 \u20ac y el femenino suma 23.000 \u20ac en su bolsa de premios.<\/p>\n<figure id=\"attachment_31038\" aria-describedby=\"caption-attachment-31038\" style=\"width: 850px\" class=\"wp-caption aligncenter\"><img decoding=\"async\" class=\"size-full wp-image-31038\" src=\"https:\/\/destinocastillayleon.es\/index\/wp-content\/uploads\/2019\/08\/Imagen-de-Gonzalo-Facello-Common-License.jpg\" alt=\"Imagen de Gonzalo Facello - Common License\" width=\"850\" height=\"567\" srcset=\"https:\/\/destinocastillayleon.es\/index\/wp-content\/uploads\/2019\/08\/Imagen-de-Gonzalo-Facello-Common-License.jpg 850w, https:\/\/destinocastillayleon.es\/index\/wp-content\/uploads\/2019\/08\/Imagen-de-Gonzalo-Facello-Common-License-300x200.jpg 300w, https:\/\/destinocastillayleon.es\/index\/wp-content\/uploads\/2019\/08\/Imagen-de-Gonzalo-Facello-Common-License-768x512.jpg 768w, https:\/\/destinocastillayleon.es\/index\/wp-content\/uploads\/2019\/08\/Imagen-de-Gonzalo-Facello-Common-License-600x400.jpg 600w\" sizes=\"(max-width: 850px) 100vw, 850px\" \/><figcaption id=\"caption-attachment-31038\" class=\"wp-caption-text\">Imagen de Gonzalo Facello &#8211; Common License<\/figcaption><\/figure>\n<p>El <strong>Open de Tenis de Castilla y Le\u00f3n \u2013 Villa El Espinar<\/strong> concentra, en total, a m\u00e1s de 100 tenistas profesionales para consolidarse como uno de los torneos m\u00e1s importantes del pa\u00eds \u2013algunos lo sit\u00faan inmediatamente por detr\u00e1s del <strong>Mutua Madrid Open<\/strong> y del <strong>Conde de God\u00f3 de Barcelona<\/strong>-, con la dificultad a\u00f1adida de organizar un evento de esta entidad en una localidad que apenas supera los 9.000 habitantes, como es la villa de El Espinar, en la <a href=\"https:\/\/destinocastillayleon.es\/index\/provincias\/segovia\/\">provincia de Segovia<\/a>.<\/p>\n<p>Hace algo m\u00e1s de una semana se presentaba oficialmente en Valladolid el torneo que dirige <strong>Virginia Ruano<\/strong>, una de las raquetas de la \u00e9poca de oro del tenis espa\u00f1ol, con la presencia de Javier Ortega, responsable de la consejer\u00eda de Cultura y Turismo, para el que supon\u00eda el primer acto p\u00fablico desde que ostenta el cargo, quien se declar\u00f3 \u201c<em>un consumidor de tenis insaciable<\/em>\u201d y \u201c<em>un seguidor de Virginia Ruano desde hace muchos a\u00f1os<\/em>\u201d. Ortega se presentaba en sociedad con su nuevo puesto en el que hasta ahora hab\u00eda sido su lugar de trabajo, el <strong>Centro Cultural Miguel Delibes<\/strong>, donde desempe\u00f1aba su oficio en la <a href=\"http:\/\/www.fundacionmigueldelibes.es\/\">Fundaci\u00f3n del mismo nombre<\/a>.<\/p>\n<p style=\"text-align: center;\"><iframe src=\"https:\/\/www.youtube.com\/embed\/XoK2xjJzwAA\" width=\"560\" height=\"315\" frameborder=\"0\" allowfullscreen=\"allowfullscreen\"><\/iframe><\/p>\n<p>Para la regi\u00f3n, la repercusi\u00f3n medi\u00e1tica del Open y los profesionales y el p\u00fablico que atraen sirven para rentabilizar el tir\u00f3n del tenis; basta con echar un vistazo a una\u00a0<a href=\"https:\/\/sports.betway.es\/es\/sports\">casa de apuestas deportivas<\/a>\u00a0para comprobar c\u00f3mo esta disciplina ocupa un lugar preferente de su oferta, lo que la confirma como <strong>uno de los deportes m\u00e1s populares entre los aficionados<\/strong>. En palabras de Ortega: \u201c<em>este evento se ha convertido en una de las se\u00f1as de identidad deportivas de Castilla y Le\u00f3n<\/em>\u201d, y es que un reclamo como este supone una oportunidad excepcional cuando se trata de trabajar para incentivar el turismo, primer \u2013y m\u00e1s inmediato- paso para reactivar la zona y luchar contra la despoblaci\u00f3n. \u201c<em>El deporte tambi\u00e9n debe de <strong>estar presente en el medio rural<\/strong><\/em>\u201d, coment\u00f3, y es cierto que son las grandes ciudades las que, por comodidad de acceso, instalaciones y capacidad hostelera, suelen acoger las grandes citas deportivas.<\/p>\n<figure id=\"attachment_31039\" aria-describedby=\"caption-attachment-31039\" style=\"width: 707px\" class=\"wp-caption aligncenter\"><img decoding=\"async\" class=\"size-full wp-image-31039\" src=\"https:\/\/destinocastillayleon.es\/index\/wp-content\/uploads\/2019\/08\/800px-El_Espinar_ayuntamiento-1.jpg\" alt=\"Ayto del Espinar - Imagen de Txo \" width=\"707\" height=\"531\" srcset=\"https:\/\/destinocastillayleon.es\/index\/wp-content\/uploads\/2019\/08\/800px-El_Espinar_ayuntamiento-1.jpg 707w, https:\/\/destinocastillayleon.es\/index\/wp-content\/uploads\/2019\/08\/800px-El_Espinar_ayuntamiento-1-300x225.jpg 300w, https:\/\/destinocastillayleon.es\/index\/wp-content\/uploads\/2019\/08\/800px-El_Espinar_ayuntamiento-1-768x576.jpg 768w\" sizes=\"(max-width: 707px) 100vw, 707px\" \/><figcaption id=\"caption-attachment-31039\" class=\"wp-caption-text\">Ayto del Espinar &#8211; Imagen de Txo<\/figcaption><\/figure>\n<p>No se puede reprochar una falta de apoyo en este aspecto a la Junta: los fondos destinados al evento se han visto aumentados por 7.\u00ba a\u00f1o consecutivo y <strong>su aportaci\u00f3n supone el 55\u00a0% del total del presupuesto<\/strong> que maneja el Open. Supone una responsabilidad muy grande tener que organizar un torneo en cuyo palmar\u00e9s nos podemos encontrarnos con dos hist\u00f3ricos del tenis contempor\u00e1neo de la talla de <strong>Rafa Nadal<\/strong> (ganador en 2003) o <strong>Roger Federer<\/strong> (ganador en dobles en 1999), adem\u00e1s de otras figuras de primer nivel como Del Potro (2006), Verdasco (2007), Feliciano L\u00f3pez (2009), Pablo Carre\u00f1o (2013), Adrian Mannarino (2014) o Jaume Munar (2016). Una lista en la que tampoco cabe olvidarse de cl\u00e1sicos como Bruguera, Stepanek, Emilio S\u00e1nchez Vicario&#8230;<\/p>\n","protected":false},"excerpt":{"rendered":"<p>Informaci\u00f3n sobre el Open de Tenis de Castilla y Le\u00f3n<\/p>\n","protected":false},"author":14,"featured_media":31039,"comment_status":"open","ping_status":"closed","sticky":false,"template":"","format":"standard","meta":{"rop_custom_images_group":[],"rop_custom_messages_group":[],"rop_publish_now":"initial","rop_publish_now_accounts":{"twitter_1150954226_1150954226":""},"rop_publish_now_history":[],"rop_publish_now_status":"pending","footnotes":""},"categories":[77],"tags":[],"class_list":["post-31037","post","type-post","status-publish","format-standard","has-post-thumbnail","hentry","category-actualidad-y-agenda-de-castilla-y-leon"],"yoast_head":"<!-- This site is optimized with the Yoast SEO Premium plugin v20.4 (Yoast SEO v27.4) - https:\/\/yoast.com\/product\/yoast-seo-premium-wordpress\/ -->\n<title>El Open de Tenis Castilla y Le\u00f3n vuelve a El Espinar - Destino Castilla y Le\u00f3n<\/title>\n<meta name=\"description\" content=\"Informaci\u00f3n sobre el Open de Tenis de Castilla y Le\u00f3n que se celebrar\u00e1 en El Espinar (Segovia) del 29 de julio al 4 de agosto\" \/>\n<meta name=\"robots\" content=\"index, follow, max-snippet:-1, max-image-preview:large, max-video-preview:-1\" \/>\n<link rel=\"canonical\" href=\"https:\/\/destinocastillayleon.es\/index\/el-open-de-tenis-castilla-y-leon-vuelve-a-el-espinar\/\" \/>\n<meta property=\"og:locale\" content=\"es_ES\" \/>\n<meta property=\"og:type\" content=\"article\" \/>\n<meta property=\"og:title\" content=\"El Open de Tenis Castilla y Le\u00f3n vuelve a El Espinar\" \/>\n<meta property=\"og:description\" content=\"Informaci\u00f3n sobre el Open de Tenis de Castilla y Le\u00f3n que se celebrar\u00e1 en El Espinar (Segovia) del 29 de julio al 4 de agosto\" \/>\n<meta property=\"og:url\" content=\"https:\/\/destinocastillayleon.es\/index\/el-open-de-tenis-castilla-y-leon-vuelve-a-el-espinar\/\" \/>\n<meta property=\"og:site_name\" content=\"Destino Castilla y Le\u00f3n\" \/>\n<meta property=\"article:publisher\" content=\"https:\/\/www.facebook.com\/DestinoCastillaYLeon\/\" \/>\n<meta property=\"article:published_time\" content=\"2019-08-01T12:02:11+00:00\" \/>\n<meta property=\"article:modified_time\" content=\"2019-08-01T12:03:12+00:00\" \/>\n<meta property=\"og:image\" content=\"https:\/\/destinocastillayleon.es\/index\/wp-content\/uploads\/2019\/08\/800px-El_Espinar_ayuntamiento-1.jpg\" \/>\n\t<meta property=\"og:image:width\" content=\"707\" \/>\n\t<meta property=\"og:image:height\" content=\"531\" \/>\n\t<meta property=\"og:image:type\" content=\"image\/jpeg\" \/>\n<meta name=\"author\" content=\"Destino CyL\" \/>\n<meta name=\"twitter:card\" content=\"summary_large_image\" \/>\n<meta name=\"twitter:creator\" content=\"@destinocyl\" \/>\n<meta name=\"twitter:site\" content=\"@destinocyl\" \/>\n<meta name=\"twitter:label1\" content=\"Escrito por\" \/>\n\t<meta name=\"twitter:data1\" content=\"Destino CyL\" \/>\n\t<meta name=\"twitter:label2\" content=\"Tiempo de lectura\" \/>\n\t<meta name=\"twitter:data2\" content=\"3 minutos\" \/>\n<script type=\"application\/ld+json\" class=\"yoast-schema-graph\">{\"@context\":\"https:\\\/\\\/schema.org\",\"@graph\":[{\"@type\":\"Article\",\"@id\":\"https:\\\/\\\/destinocastillayleon.es\\\/index\\\/el-open-de-tenis-castilla-y-leon-vuelve-a-el-espinar\\\/#article\",\"isPartOf\":{\"@id\":\"https:\\\/\\\/destinocastillayleon.es\\\/index\\\/el-open-de-tenis-castilla-y-leon-vuelve-a-el-espinar\\\/\"},\"author\":{\"name\":\"Destino CyL\",\"@id\":\"https:\\\/\\\/destinocastillayleon.es\\\/index\\\/#\\\/schema\\\/person\\\/820bc853671969462e3e479c4ef6f253\"},\"headline\":\"El Open de Tenis Castilla y Le\u00f3n vuelve a El Espinar\",\"datePublished\":\"2019-08-01T12:02:11+00:00\",\"dateModified\":\"2019-08-01T12:03:12+00:00\",\"mainEntityOfPage\":{\"@id\":\"https:\\\/\\\/destinocastillayleon.es\\\/index\\\/el-open-de-tenis-castilla-y-leon-vuelve-a-el-espinar\\\/\"},\"wordCount\":697,\"commentCount\":0,\"image\":{\"@id\":\"https:\\\/\\\/destinocastillayleon.es\\\/index\\\/el-open-de-tenis-castilla-y-leon-vuelve-a-el-espinar\\\/#primaryimage\"},\"thumbnailUrl\":\"https:\\\/\\\/destinocastillayleon.es\\\/index\\\/wp-content\\\/uploads\\\/2019\\\/08\\\/800px-El_Espinar_ayuntamiento-1.jpg\",\"articleSection\":[\"Actualidad\"],\"inLanguage\":\"es\",\"potentialAction\":[{\"@type\":\"CommentAction\",\"name\":\"Comment\",\"target\":[\"https:\\\/\\\/destinocastillayleon.es\\\/index\\\/el-open-de-tenis-castilla-y-leon-vuelve-a-el-espinar\\\/#respond\"]}]},{\"@type\":\"WebPage\",\"@id\":\"https:\\\/\\\/destinocastillayleon.es\\\/index\\\/el-open-de-tenis-castilla-y-leon-vuelve-a-el-espinar\\\/\",\"url\":\"https:\\\/\\\/destinocastillayleon.es\\\/index\\\/el-open-de-tenis-castilla-y-leon-vuelve-a-el-espinar\\\/\",\"name\":\"El Open de Tenis Castilla y Le\u00f3n vuelve a El Espinar - Destino Castilla y Le\u00f3n\",\"isPartOf\":{\"@id\":\"https:\\\/\\\/destinocastillayleon.es\\\/index\\\/#website\"},\"primaryImageOfPage\":{\"@id\":\"https:\\\/\\\/destinocastillayleon.es\\\/index\\\/el-open-de-tenis-castilla-y-leon-vuelve-a-el-espinar\\\/#primaryimage\"},\"image\":{\"@id\":\"https:\\\/\\\/destinocastillayleon.es\\\/index\\\/el-open-de-tenis-castilla-y-leon-vuelve-a-el-espinar\\\/#primaryimage\"},\"thumbnailUrl\":\"https:\\\/\\\/destinocastillayleon.es\\\/index\\\/wp-content\\\/uploads\\\/2019\\\/08\\\/800px-El_Espinar_ayuntamiento-1.jpg\",\"datePublished\":\"2019-08-01T12:02:11+00:00\",\"dateModified\":\"2019-08-01T12:03:12+00:00\",\"author\":{\"@id\":\"https:\\\/\\\/destinocastillayleon.es\\\/index\\\/#\\\/schema\\\/person\\\/820bc853671969462e3e479c4ef6f253\"},\"description\":\"Informaci\u00f3n sobre el Open de Tenis de Castilla y Le\u00f3n que se celebrar\u00e1 en El Espinar (Segovia) del 29 de julio al 4 de agosto\",\"breadcrumb\":{\"@id\":\"https:\\\/\\\/destinocastillayleon.es\\\/index\\\/el-open-de-tenis-castilla-y-leon-vuelve-a-el-espinar\\\/#breadcrumb\"},\"inLanguage\":\"es\",\"potentialAction\":[{\"@type\":\"ReadAction\",\"target\":[\"https:\\\/\\\/destinocastillayleon.es\\\/index\\\/el-open-de-tenis-castilla-y-leon-vuelve-a-el-espinar\\\/\"]}]},{\"@type\":\"ImageObject\",\"inLanguage\":\"es\",\"@id\":\"https:\\\/\\\/destinocastillayleon.es\\\/index\\\/el-open-de-tenis-castilla-y-leon-vuelve-a-el-espinar\\\/#primaryimage\",\"url\":\"https:\\\/\\\/destinocastillayleon.es\\\/index\\\/wp-content\\\/uploads\\\/2019\\\/08\\\/800px-El_Espinar_ayuntamiento-1.jpg\",\"contentUrl\":\"https:\\\/\\\/destinocastillayleon.es\\\/index\\\/wp-content\\\/uploads\\\/2019\\\/08\\\/800px-El_Espinar_ayuntamiento-1.jpg\",\"width\":707,\"height\":531,\"caption\":\"Ayto del Espinar - Imagen de Txo\"},{\"@type\":\"BreadcrumbList\",\"@id\":\"https:\\\/\\\/destinocastillayleon.es\\\/index\\\/el-open-de-tenis-castilla-y-leon-vuelve-a-el-espinar\\\/#breadcrumb\",\"itemListElement\":[{\"@type\":\"ListItem\",\"position\":1,\"name\":\"Portada\",\"item\":\"https:\\\/\\\/destinocastillayleon.es\\\/index\\\/\"},{\"@type\":\"ListItem\",\"position\":2,\"name\":\"El Open de Tenis Castilla y Le\u00f3n vuelve a El Espinar\"}]},{\"@type\":\"WebSite\",\"@id\":\"https:\\\/\\\/destinocastillayleon.es\\\/index\\\/#website\",\"url\":\"https:\\\/\\\/destinocastillayleon.es\\\/index\\\/\",\"name\":\"Destino Castilla y Le\u00f3n\",\"description\":\"Medio digital independiente y revista de Castilla y Le\u00f3n dedicado al turismo, gastronom\u00eda y vino de Castilla y Le\u00f3n\",\"potentialAction\":[{\"@type\":\"SearchAction\",\"target\":{\"@type\":\"EntryPoint\",\"urlTemplate\":\"https:\\\/\\\/destinocastillayleon.es\\\/index\\\/?s={search_term_string}\"},\"query-input\":{\"@type\":\"PropertyValueSpecification\",\"valueRequired\":true,\"valueName\":\"search_term_string\"}}],\"inLanguage\":\"es\"},{\"@type\":\"Person\",\"@id\":\"https:\\\/\\\/destinocastillayleon.es\\\/index\\\/#\\\/schema\\\/person\\\/820bc853671969462e3e479c4ef6f253\",\"name\":\"Destino CyL\",\"image\":{\"@type\":\"ImageObject\",\"inLanguage\":\"es\",\"@id\":\"https:\\\/\\\/secure.gravatar.com\\\/avatar\\\/3ab58882c96a1f667e4b7004a344de8a7e22e7396dda91bd580baf77b48c2711?s=96&d=mm&r=g\",\"url\":\"https:\\\/\\\/secure.gravatar.com\\\/avatar\\\/3ab58882c96a1f667e4b7004a344de8a7e22e7396dda91bd580baf77b48c2711?s=96&d=mm&r=g\",\"contentUrl\":\"https:\\\/\\\/secure.gravatar.com\\\/avatar\\\/3ab58882c96a1f667e4b7004a344de8a7e22e7396dda91bd580baf77b48c2711?s=96&d=mm&r=g\",\"caption\":\"Destino CyL\"},\"description\":\"Equipo de redacci\u00f3n de Destino Castilla y Le\u00f3n\",\"sameAs\":[\"http:\\\/\\\/www.destinocastillayleon.es\"],\"url\":\"https:\\\/\\\/destinocastillayleon.es\\\/index\\\/author\\\/administrador\\\/\"}]}<\/script>\n<!-- \/ Yoast SEO Premium plugin. -->","yoast_head_json":{"title":"El Open de Tenis Castilla y Le\u00f3n vuelve a El Espinar - Destino Castilla y Le\u00f3n","description":"Informaci\u00f3n sobre el Open de Tenis de Castilla y Le\u00f3n que se celebrar\u00e1 en El Espinar (Segovia) del 29 de julio al 4 de agosto","robots":{"index":"index","follow":"follow","max-snippet":"max-snippet:-1","max-image-preview":"max-image-preview:large","max-video-preview":"max-video-preview:-1"},"canonical":"https:\/\/destinocastillayleon.es\/index\/el-open-de-tenis-castilla-y-leon-vuelve-a-el-espinar\/","og_locale":"es_ES","og_type":"article","og_title":"El Open de Tenis Castilla y Le\u00f3n vuelve a El Espinar","og_description":"Informaci\u00f3n sobre el Open de Tenis de Castilla y Le\u00f3n que se celebrar\u00e1 en El Espinar (Segovia) del 29 de julio al 4 de agosto","og_url":"https:\/\/destinocastillayleon.es\/index\/el-open-de-tenis-castilla-y-leon-vuelve-a-el-espinar\/","og_site_name":"Destino Castilla y Le\u00f3n","article_publisher":"https:\/\/www.facebook.com\/DestinoCastillaYLeon\/","article_published_time":"2019-08-01T12:02:11+00:00","article_modified_time":"2019-08-01T12:03:12+00:00","og_image":[{"width":707,"height":531,"url":"https:\/\/destinocastillayleon.es\/index\/wp-content\/uploads\/2019\/08\/800px-El_Espinar_ayuntamiento-1.jpg","type":"image\/jpeg"}],"author":"Destino CyL","twitter_card":"summary_large_image","twitter_creator":"@destinocyl","twitter_site":"@destinocyl","twitter_misc":{"Escrito por":"Destino CyL","Tiempo de lectura":"3 minutos"},"schema":{"@context":"https:\/\/schema.org","@graph":[{"@type":"Article","@id":"https:\/\/destinocastillayleon.es\/index\/el-open-de-tenis-castilla-y-leon-vuelve-a-el-espinar\/#article","isPartOf":{"@id":"https:\/\/destinocastillayleon.es\/index\/el-open-de-tenis-castilla-y-leon-vuelve-a-el-espinar\/"},"author":{"name":"Destino CyL","@id":"https:\/\/destinocastillayleon.es\/index\/#\/schema\/person\/820bc853671969462e3e479c4ef6f253"},"headline":"El Open de Tenis Castilla y Le\u00f3n vuelve a El Espinar","datePublished":"2019-08-01T12:02:11+00:00","dateModified":"2019-08-01T12:03:12+00:00","mainEntityOfPage":{"@id":"https:\/\/destinocastillayleon.es\/index\/el-open-de-tenis-castilla-y-leon-vuelve-a-el-espinar\/"},"wordCount":697,"commentCount":0,"image":{"@id":"https:\/\/destinocastillayleon.es\/index\/el-open-de-tenis-castilla-y-leon-vuelve-a-el-espinar\/#primaryimage"},"thumbnailUrl":"https:\/\/destinocastillayleon.es\/index\/wp-content\/uploads\/2019\/08\/800px-El_Espinar_ayuntamiento-1.jpg","articleSection":["Actualidad"],"inLanguage":"es","potentialAction":[{"@type":"CommentAction","name":"Comment","target":["https:\/\/destinocastillayleon.es\/index\/el-open-de-tenis-castilla-y-leon-vuelve-a-el-espinar\/#respond"]}]},{"@type":"WebPage","@id":"https:\/\/destinocastillayleon.es\/index\/el-open-de-tenis-castilla-y-leon-vuelve-a-el-espinar\/","url":"https:\/\/destinocastillayleon.es\/index\/el-open-de-tenis-castilla-y-leon-vuelve-a-el-espinar\/","name":"El Open de Tenis Castilla y Le\u00f3n vuelve a El Espinar - Destino Castilla y Le\u00f3n","isPartOf":{"@id":"https:\/\/destinocastillayleon.es\/index\/#website"},"primaryImageOfPage":{"@id":"https:\/\/destinocastillayleon.es\/index\/el-open-de-tenis-castilla-y-leon-vuelve-a-el-espinar\/#primaryimage"},"image":{"@id":"https:\/\/destinocastillayleon.es\/index\/el-open-de-tenis-castilla-y-leon-vuelve-a-el-espinar\/#primaryimage"},"thumbnailUrl":"https:\/\/destinocastillayleon.es\/index\/wp-content\/uploads\/2019\/08\/800px-El_Espinar_ayuntamiento-1.jpg","datePublished":"2019-08-01T12:02:11+00:00","dateModified":"2019-08-01T12:03:12+00:00","author":{"@id":"https:\/\/destinocastillayleon.es\/index\/#\/schema\/person\/820bc853671969462e3e479c4ef6f253"},"description":"Informaci\u00f3n sobre el Open de Tenis de Castilla y Le\u00f3n que se celebrar\u00e1 en El Espinar (Segovia) del 29 de julio al 4 de agosto","breadcrumb":{"@id":"https:\/\/destinocastillayleon.es\/index\/el-open-de-tenis-castilla-y-leon-vuelve-a-el-espinar\/#breadcrumb"},"inLanguage":"es","potentialAction":[{"@type":"ReadAction","target":["https:\/\/destinocastillayleon.es\/index\/el-open-de-tenis-castilla-y-leon-vuelve-a-el-espinar\/"]}]},{"@type":"ImageObject","inLanguage":"es","@id":"https:\/\/destinocastillayleon.es\/index\/el-open-de-tenis-castilla-y-leon-vuelve-a-el-espinar\/#primaryimage","url":"https:\/\/destinocastillayleon.es\/index\/wp-content\/uploads\/2019\/08\/800px-El_Espinar_ayuntamiento-1.jpg","contentUrl":"https:\/\/destinocastillayleon.es\/index\/wp-content\/uploads\/2019\/08\/800px-El_Espinar_ayuntamiento-1.jpg","width":707,"height":531,"caption":"Ayto del Espinar - Imagen de Txo"},{"@type":"BreadcrumbList","@id":"https:\/\/destinocastillayleon.es\/index\/el-open-de-tenis-castilla-y-leon-vuelve-a-el-espinar\/#breadcrumb","itemListElement":[{"@type":"ListItem","position":1,"name":"Portada","item":"https:\/\/destinocastillayleon.es\/index\/"},{"@type":"ListItem","position":2,"name":"El Open de Tenis Castilla y Le\u00f3n vuelve a El Espinar"}]},{"@type":"WebSite","@id":"https:\/\/destinocastillayleon.es\/index\/#website","url":"https:\/\/destinocastillayleon.es\/index\/","name":"Destino Castilla y Le\u00f3n","description":"Medio digital independiente y revista de Castilla y Le\u00f3n dedicado al turismo, gastronom\u00eda y vino de Castilla y Le\u00f3n","potentialAction":[{"@type":"SearchAction","target":{"@type":"EntryPoint","urlTemplate":"https:\/\/destinocastillayleon.es\/index\/?s={search_term_string}"},"query-input":{"@type":"PropertyValueSpecification","valueRequired":true,"valueName":"search_term_string"}}],"inLanguage":"es"},{"@type":"Person","@id":"https:\/\/destinocastillayleon.es\/index\/#\/schema\/person\/820bc853671969462e3e479c4ef6f253","name":"Destino CyL","image":{"@type":"ImageObject","inLanguage":"es","@id":"https:\/\/secure.gravatar.com\/avatar\/3ab58882c96a1f667e4b7004a344de8a7e22e7396dda91bd580baf77b48c2711?s=96&d=mm&r=g","url":"https:\/\/secure.gravatar.com\/avatar\/3ab58882c96a1f667e4b7004a344de8a7e22e7396dda91bd580baf77b48c2711?s=96&d=mm&r=g","contentUrl":"https:\/\/secure.gravatar.com\/avatar\/3ab58882c96a1f667e4b7004a344de8a7e22e7396dda91bd580baf77b48c2711?s=96&d=mm&r=g","caption":"Destino CyL"},"description":"Equipo de redacci\u00f3n de Destino Castilla y Le\u00f3n","sameAs":["http:\/\/www.destinocastillayleon.es"],"url":"https:\/\/destinocastillayleon.es\/index\/author\/administrador\/"}]}},"_links":{"self":[{"href":"https:\/\/destinocastillayleon.es\/index\/wp-json\/wp\/v2\/posts\/31037","targetHints":{"allow":["GET"]}}],"collection":[{"href":"https:\/\/destinocastillayleon.es\/index\/wp-json\/wp\/v2\/posts"}],"about":[{"href":"https:\/\/destinocastillayleon.es\/index\/wp-json\/wp\/v2\/types\/post"}],"author":[{"embeddable":true,"href":"https:\/\/destinocastillayleon.es\/index\/wp-json\/wp\/v2\/users\/14"}],"replies":[{"embeddable":true,"href":"https:\/\/destinocastillayleon.es\/index\/wp-json\/wp\/v2\/comments?post=31037"}],"version-history":[{"count":3,"href":"https:\/\/destinocastillayleon.es\/index\/wp-json\/wp\/v2\/posts\/31037\/revisions"}],"predecessor-version":[{"id":31042,"href":"https:\/\/destinocastillayleon.es\/index\/wp-json\/wp\/v2\/posts\/31037\/revisions\/31042"}],"wp:featuredmedia":[{"embeddable":true,"href":"https:\/\/destinocastillayleon.es\/index\/wp-json\/wp\/v2\/media\/31039"}],"wp:attachment":[{"href":"https:\/\/destinocastillayleon.es\/index\/wp-json\/wp\/v2\/media?parent=31037"}],"wp:term":[{"taxonomy":"category","embeddable":true,"href":"https:\/\/destinocastillayleon.es\/index\/wp-json\/wp\/v2\/categories?post=31037"},{"taxonomy":"post_tag","embeddable":true,"href":"https:\/\/destinocastillayleon.es\/index\/wp-json\/wp\/v2\/tags?post=31037"}],"curies":[{"name":"wp","href":"https:\/\/api.w.org\/{rel}","templated":true}]}}