{"id":30733,"date":"2019-06-26T06:15:36","date_gmt":"2019-06-26T04:15:36","guid":{"rendered":"https:\/\/destinocastillayleon.es\/index\/?p=30733"},"modified":"2019-06-25T14:52:50","modified_gmt":"2019-06-25T12:52:50","slug":"semana-renacentista-2019","status":"publish","type":"post","link":"https:\/\/destinocastillayleon.es\/index\/semana-renacentista-2019\/","title":{"rendered":"Semana Renacentista 2019 de Medina del Campo"},"content":{"rendered":"<p>Tenemos ya <strong>fechas para uno de los eventos m\u00e1s importantes del verano en Castilla y Le\u00f3n. La celebraci\u00f3n de la Semana Renacentista 2019 de Medina del Campo<\/strong>. Coincidiendo con <strong>la recreaci\u00f3n de Imperiales y Comuneros<\/strong>, la villa de Medina del Campo aprovecha su inmejorable centro hist\u00f3rico para enmarcar este mercado renacentista.<\/p>\n<h3><strong>Informaci\u00f3n de inter\u00e9s<\/strong><\/h3>\n<h4><strong>C\u00f3mo llegar a Medina del Campo<\/strong><\/h4>\n<p>La villa de<strong> <a href=\"https:\/\/goo.gl\/maps\/yJvVZFBK9GQfqJ5p9\" target=\"_Blank\" rel=\"dofollow noopener noreferrer\">Medina del Campo<\/a> est\u00e1 muy bien comunicado por carretera<\/strong>, pues posee 4 conexiones directas desde la autov\u00eda Madrid-La Coru\u00f1a A-6<\/strong>. Pero desde hace unos a\u00f1os, <strong>tambi\u00e9n tienes conexi\u00f3n directa desde Madrid en trenes de Alta Velocidad<\/strong>, aunque la estaci\u00f3n del AVE no est\u00e1 en el casco urbano.<\/p>\n<figure id=\"attachment_30739\" aria-describedby=\"caption-attachment-30739\" style=\"width: 508px\" class=\"wp-caption aligncenter\"><img decoding=\"async\" src=\"https:\/\/destinocastillayleon.es\/index\/wp-content\/uploads\/2017\/06\/d9d8d22f0f79caf8e3d2f61441751015.jpg\" alt=\"Estaci\u00f3n del AVE de Medina del Campo - Imagen de El Norte de Castilla\" width=\"508\" class=\"size-full wp-image-30739\" srcset=\"https:\/\/destinocastillayleon.es\/index\/wp-content\/uploads\/2017\/06\/d9d8d22f0f79caf8e3d2f61441751015.jpg 600w, https:\/\/destinocastillayleon.es\/index\/wp-content\/uploads\/2017\/06\/d9d8d22f0f79caf8e3d2f61441751015-300x185.jpg 300w\" sizes=\"(max-width: 600px) 100vw, 600px\" \/><figcaption id=\"caption-attachment-30739\" class=\"wp-caption-text\">Estaci\u00f3n del AVE de Medina del Campo &#8211; Imagen de El Norte de Castilla<\/figcaption><\/figure>\n<h4><strong>D\u00f3nde alojarte en Medina del Campo<\/strong><\/h4>\n<p>Como siempre que hablamos de Medina del Campo, nuestras sugerencias son, si buscas <strong>un hotel de lujo, donde adem\u00e1s te puedes cuidar con sus aguas medicinales, tienes el <a href=\"https:\/\/www.booking.com\/hotel\/es\/balneario-palacio-de-las-salinas.es.html?aid=1281624;sid=afd7163146a55d9859279aad07f473e0;atlas_src=sr_iw_btn;dist=0;group_adults=2;group_children=1;no_rooms=1;room1=A%2CA%2C12;sb_price_type=total;type=total;ucfs=1&#038;\" target=\"_Blank\" rel=\"nofollow noopener noreferrer\">Balneario de las Salinas<\/a><\/strong>, pero algo m\u00e1s modesto pero m\u00e1s <strong>pr\u00f3ximo al casco hist\u00f3rico, el <a href=\"https:\/\/www.booking.com\/hotel\/es\/reina-isabel-medina-del-campo.es.html?aid=1281624;sid=6cacca2f390dbc7aeb8db2324842c4f9;age=12;dest_id=-391729;dest_type=city;dist=0;group_adults=2;group_children=1;hapos=1;hpos=1;req_adults=2;req_age=12;req_children=1;room1=A%2CA%2C12;sb_price_type=total;sr_order=popularity;srepoch=1557785284;srpvid=ef489ba2ec93005d;type=total;ucfs=1&#038;#hotelTmpl\" target=\"_Blank\" rel=\"nofollow noopener noreferrer\">Hotel Reina Isabel<\/a><\/strong>.<\/p>\n<h4><strong>Lugares para comer en Medina del Campo<\/strong><\/h4>\n<p>Te podemos recomendar, en base a <a href=\"https:\/\/destinocastillayleon.es\/index\/comer-bien-en-medina-del-campo\/\">nuestra experiencia comiendo en Medina del Campo<\/a>, casi cualquier restaurante de la Plaza Mayor de la Hispanidad o su entorno. As\u00ed nosotros <strong>hemos comido en alguna ocasi\u00f3n en el Restaurante M\u00f3naco<\/strong>. Pero igualmente, con el mercado renacentista, tienes muchos puestos donde disfrutar de diversas cocinas.<\/p>\n<figure id=\"attachment_30602\" aria-describedby=\"caption-attachment-30602\" style=\"width: 508px\" class=\"wp-caption aligncenter\"><img decoding=\"async\" src=\"https:\/\/destinocastillayleon.es\/index\/wp-content\/uploads\/2019\/06\/30fb5e8e7adfa9b84d2bd02957e4c01a.jpg\" alt=\"Soportales de la Plaza Mayor de la Hispanidad en Medina del Campo donde hay bastantes restaurantes - Destino Castilla y Le\u00f3n\" width=\"508\" height=\"308\" class=\"size-full wp-image-30602\" srcset=\"https:\/\/destinocastillayleon.es\/index\/wp-content\/uploads\/2019\/06\/30fb5e8e7adfa9b84d2bd02957e4c01a.jpg 508w, https:\/\/destinocastillayleon.es\/index\/wp-content\/uploads\/2019\/06\/30fb5e8e7adfa9b84d2bd02957e4c01a-300x182.jpg 300w\" sizes=\"(max-width: 508px) 100vw, 508px\" \/><figcaption id=\"caption-attachment-30602\" class=\"wp-caption-text\">Soportales de la Plaza Mayor de la Hispanidad en Medina del Campo donde hay bastantes restaurantes &#8211; Destino Castilla y Le\u00f3n<\/figcaption><\/figure>\n<h2><strong>La semana Renacentista de Medina del Campo<\/strong><\/h2>\n<h3><strong>Breve contexto hist\u00f3rico<\/strong><\/h3>\n<p>Medina del Campo <strong>durante el siglo XV y XVI fue una de las ciudades m\u00e1s importantes de Europa<\/strong>, con un mercado semanal de los m\u00e1s activos. Por este motivo, cuando <strong>en 1520 los Comuneros quisieron imponer condiciones al reci\u00e9n llegado a Espa\u00f1a <a href=\"https:\/\/destinocastillayleon.es\/index\/firma-de-colaboracion-entre-la-ruta-del-vino-de-rueda-y-la-red-de-caminos-de-carlos-v-en-la-recreacion-historica-de-su-llegada-a-mojados\/\">Carlos I<\/a><\/strong>, para recaudar dinero que le permitiese llegar a ser Emperador, estos tomaran la villa. <\/p>\n<p>Fue <strong>el <a href=\"https:\/\/destinocastillayleon.es\/index\/visitar-el-castillo-de-la-mota\/\">Castillo de La Mota<\/a> el basti\u00f3n donde se aguant\u00f3 el enviste de las tropas comuneras<\/strong>. All\u00ed las tropas imperiales de Carlos resistieron y finalmente pudieron retomar la villa. Los Comuneros, tras esta derrota t\u00e1ctica, y no haber podido tomar tampoco el <a href=\"https:\/\/destinocastillayleon.es\/index\/historia-visita-al-castillo-de-coca\/\">Castillo de Coca<\/a>, se cebaron con el Castillo de <a href=\"https:\/\/destinocastillayleon.es\/index\/guia-para-pasar-el-dia-en-alaejos\/\">Alaejos<\/a>, pr\u00f3ximo a Medina del Campo.<\/p>\n<h3><strong>Fechas para la Semana Renacentista 2019<\/strong><\/h3>\n<p>Este a\u00f1o la Semana Renacentista de Medina del Campo <strong>se celebrar\u00e1 del 14 al 21 de agosto<\/strong>.<\/p>\n<figure id=\"attachment_30737\" aria-describedby=\"caption-attachment-30737\" style=\"width: 379px\" class=\"wp-caption aligncenter\"><img decoding=\"async\" src=\"https:\/\/destinocastillayleon.es\/index\/wp-content\/uploads\/2017\/06\/Cartel-de-la-Semana-Santa-Renacentista-de-Medina-del-Campo.jpg\" alt=\"Semana Renacentista 2019\" title=\"Cartel de la Semana Renacentista de Medina del Campo\" width=\"379\" height=\"531\" class=\"size-full wp-image-30737\" srcset=\"https:\/\/destinocastillayleon.es\/index\/wp-content\/uploads\/2017\/06\/Cartel-de-la-Semana-Santa-Renacentista-de-Medina-del-Campo.jpg 379w, https:\/\/destinocastillayleon.es\/index\/wp-content\/uploads\/2017\/06\/Cartel-de-la-Semana-Santa-Renacentista-de-Medina-del-Campo-214x300.jpg 214w\" sizes=\"(max-width: 379px) 100vw, 379px\" \/><figcaption id=\"caption-attachment-30737\" class=\"wp-caption-text\">Semana Renacentista de Medina del Campo 2019<\/figcaption><\/figure>\n<p>El programa de este a\u00f1o <strong>a\u00fan no est\u00e1 cerrado<\/strong>, por lo que no os lo podemos adelantar a\u00fan.<\/p>\n<h3><strong>Impresiones de otros a\u00f1os<\/strong><\/h3>\n<p>La Semana Renacentista de Medina del Campo s<strong>e centra en torno a la Plaza Mayor de la Hispanidad<\/strong>, la plaza del mercado. All\u00ed, y en calles adyacentes hay un mercado renacentista. Como en otros mercados donde se busca la calidad, los puestos est\u00e1n supervisados para mantener una est\u00e9tica acorde al momento.<\/p>\n<figure id=\"attachment_30736\" aria-describedby=\"caption-attachment-30736\" style=\"width: 640px\" class=\"wp-caption aligncenter\"><img decoding=\"async\" src=\"https:\/\/destinocastillayleon.es\/index\/wp-content\/uploads\/2017\/06\/Baile-de-banderas-en-Medina-del-Campo-Imagen-de-Imperiales-y-Comuneros.jpg\" alt=\"Semana Renacentista de Medina del Campo\" title=\"Baile de banderas en Medina del Campo - Imagen de Imperiales y Comuneros\" width=\"640\" height=\"427\" class=\"size-full wp-image-30736\" srcset=\"https:\/\/destinocastillayleon.es\/index\/wp-content\/uploads\/2017\/06\/Baile-de-banderas-en-Medina-del-Campo-Imagen-de-Imperiales-y-Comuneros.jpg 640w, https:\/\/destinocastillayleon.es\/index\/wp-content\/uploads\/2017\/06\/Baile-de-banderas-en-Medina-del-Campo-Imagen-de-Imperiales-y-Comuneros-300x200.jpg 300w, https:\/\/destinocastillayleon.es\/index\/wp-content\/uploads\/2017\/06\/Baile-de-banderas-en-Medina-del-Campo-Imagen-de-Imperiales-y-Comuneros-600x400.jpg 600w\" sizes=\"(max-width: 640px) 100vw, 640px\" \/><figcaption id=\"caption-attachment-30736\" class=\"wp-caption-text\">Baile de banderas en Medina del Campo &#8211; Imagen de Imperiales y Comuneros<\/figcaption><\/figure>\n<p>Este mercado <strong>suele estar funcionando varios d\u00edas<\/strong>, aunque durante toda la semana suelen programarse algunos <strong>eventos relativos al momento hist\u00f3rico de Carlos, el Rey y Emperador<\/strong>; as\u00ed como un programa de <strong>visitas guiadas teatralizadas<\/strong>.<\/p>\n<p>Pero lo m\u00e1s atractivo para el visitante ocasional ser\u00e1n las recreaciones hist\u00f3ricas a cargo de la <a href=\"http:\/\/imperialesycomuneros.com\/\" target=\"_Blank\" rel=\"dofollow noopener noreferrer\">Asociaci\u00f3n Imperiales y Comuneros<\/a>.  Con <strong>un campamento junto al r\u00edo Zapardiel, la batalla frente al castillo de La Mota, y la bajada de las diferentes comitivas<\/strong> hasta el Ayuntamiento de Medina del Campo, donde se realiza una proyecci\u00f3n de <em>videomapping<\/em><\/p>\n<figure id=\"attachment_25791\" aria-describedby=\"caption-attachment-25791\" style=\"width: 640px\" class=\"wp-caption aligncenter\"><img decoding=\"async\" src=\"https:\/\/destinocastillayleon.es\/index\/wp-content\/uploads\/2017\/07\/Imperiales-y-comuneros-en-Medina-del-Campo-imagen-de-Medina-del-Campo.jpg\" alt=\"Semana Renacentista 2019\" title=\"Imperiales y comuneros en Medina del Campo - imagen de Medina del Campo\" width=\"640\" height=\"400\" class=\"size-full wp-image-25791\" srcset=\"https:\/\/destinocastillayleon.es\/index\/wp-content\/uploads\/2017\/07\/Imperiales-y-comuneros-en-Medina-del-Campo-imagen-de-Medina-del-Campo.jpg 640w, https:\/\/destinocastillayleon.es\/index\/wp-content\/uploads\/2017\/07\/Imperiales-y-comuneros-en-Medina-del-Campo-imagen-de-Medina-del-Campo-300x188.jpg 300w\" sizes=\"(max-width: 640px) 100vw, 640px\" \/><figcaption id=\"caption-attachment-25791\" class=\"wp-caption-text\">Imperiales y comuneros en Medina del Campo &#8211; imagen de Medina del Campo<\/figcaption><\/figure>\n<p>Durante estos d\u00edas, al estar Medina del Campo <strong>integrada en la Red Europea de Caminos de Carlos V, suelen venir desde otros pa\u00edses diferentes grupos tambi\u00e9n recreaccionistas<\/strong>, con sus espect\u00e1culos, adem\u00e1s de los grupos locales y nacionales.<\/p>\n<p>En definitiva, toda una fiesta que <strong>recuerda la importancia de esta <a href=\"https:\/\/destinocastillayleon.es\/index\/medina-del-campo-la-villa-de-las-ferias\/\">Villa de las Ferias<\/a> durante el renacimiento<\/strong> y que actualmente est\u00e1 volviendo a ganarse su espacio.<\/p>\n<p><font size=\"2\"><strong>Nota:<\/strong> Imagen de portada cortes\u00eda de la Asociaci\u00f3n Imperiales y Comuneros.<\/font><\/p>\n<h4>Tambi\u00e9n te puede interesar<\/h4>\n<ul>\n<li><a href=\"https:\/\/destinocastillayleon.es\/index\/rutas-historicas-por-medina-del-campo\/\">Rutas hist\u00f3ricas por Medina del Campo<\/a>.<\/li>\n<li><a href=\"https:\/\/destinocastillayleon.es\/index\/rutas-culturales-y-religiosas-por-medina-del-campo\/\">Rutas culturales y religiosas por Medina del Campo<\/a>.<\/li>\n<li><a href=\"https:\/\/destinocastillayleon.es\/index\/visitar-el-castillo-de-la-mota\/\">Visitar el Castillo de la Mota, el icono de Medina del Campo<\/a>.<\/li>\n<li><a href=\"https:\/\/destinocastillayleon.es\/index\/semana-renacentista-de-medina-del-campo-la-fiesta-de-imperiales-y-comuneros\/\">Semana Renacentista de Medina del Campo: La Fiesta de Imperiales y Comuneros<\/a>.<\/li>\n<\/ul>\n","protected":false},"excerpt":{"rendered":"<p>Os adelantamos ya las fechas de la Semana Renacentista 2019 de Medina del Campo, una semana donde se recrea la historia entre Imperiales y Comuneros, en el a\u00f1o de 1520.<\/p>\n","protected":false},"author":2,"featured_media":30738,"comment_status":"open","ping_status":"closed","sticky":false,"template":"","format":"standard","meta":{"rop_custom_images_group":[],"rop_custom_messages_group":[],"rop_publish_now":"initial","rop_publish_now_accounts":{"twitter_1150954226_1150954226":""},"rop_publish_now_history":[],"rop_publish_now_status":"pending","footnotes":""},"categories":[1343,385,5511,68,26,4800,4798],"tags":[321,4655,5780],"class_list":["post-30733","post","type-post","status-publish","format-standard","has-post-thumbnail","hentry","category-agenda","category-historia-rutas-2","category-no-rescatar-en-rrss","category-post_inicial","category-valladolid","category-valladolid-actualidad","category-valladolid-turismo","tag-medina-del-campo","tag-mercado-medieval","tag-semana-renacentista-2019"],"yoast_head":"<!-- This site is optimized with the Yoast SEO Premium plugin v20.4 (Yoast SEO v27.4) - https:\/\/yoast.com\/product\/yoast-seo-premium-wordpress\/ -->\n<title>Semana Renacentista 2019 de Medina del Campo - DestinoCyL<\/title>\n<meta name=\"description\" content=\"Os adelantamos las fechas de la Semana Renacentista 2019 de Medina del Campo, una semana donde se recrea la historia entre Imperiales y Comuneros, de 1520\" \/>\n<meta name=\"robots\" content=\"index, follow, max-snippet:-1, max-image-preview:large, max-video-preview:-1\" \/>\n<link rel=\"canonical\" href=\"https:\/\/destinocastillayleon.es\/index\/semana-renacentista-2019\/\" \/>\n<meta property=\"og:locale\" content=\"es_ES\" \/>\n<meta property=\"og:type\" content=\"article\" \/>\n<meta property=\"og:title\" content=\"Semana Renacentista 2019 de Medina del Campo - Destino Castilla y Le\u00f3n\" \/>\n<meta property=\"og:description\" content=\"Os adelantamos ya las fechas de la Semana Renacentista 2019 de Medina del Campo, una semana donde se recrea la historia entre Imperiales y Comuneros, en el a\u00f1o de 1520.\" \/>\n<meta property=\"og:url\" content=\"https:\/\/destinocastillayleon.es\/index\/semana-renacentista-2019\/\" \/>\n<meta property=\"og:site_name\" content=\"Destino Castilla y Le\u00f3n\" \/>\n<meta property=\"article:publisher\" content=\"https:\/\/www.facebook.com\/DestinoCastillaYLeon\/\" \/>\n<meta property=\"article:author\" content=\"https:\/\/www.facebook.com\/profile.php?id=1158416854\" \/>\n<meta property=\"article:published_time\" content=\"2019-06-26T04:15:36+00:00\" \/>\n<meta property=\"og:image\" content=\"https:\/\/destinocastillayleon.es\/index\/wp-content\/uploads\/2017\/06\/db4a219ce1b6fcbeb48fd928bf8ae025.jpg\" \/>\n\t<meta property=\"og:image:width\" content=\"796\" \/>\n\t<meta property=\"og:image:height\" content=\"531\" \/>\n\t<meta property=\"og:image:type\" content=\"image\/jpeg\" \/>\n<meta name=\"author\" content=\"David V\u00e1zquez\" \/>\n<meta name=\"twitter:card\" content=\"summary_large_image\" \/>\n<meta name=\"twitter:title\" content=\"Semana Renacentista 2019 de Medina del Campo - Destino Castilla y Le\u00f3n\" \/>\n<meta name=\"twitter:description\" content=\"Os adelantamos ya las fechas de la Semana Renacentista 2019 de Medina del Campo, una semana donde se recrea la historia entre Imperiales y Comuneros, en el a\u00f1o de 1520.\" \/>\n<meta name=\"twitter:image\" content=\"https:\/\/destinocastillayleon.es\/index\/wp-content\/uploads\/2017\/06\/db4a219ce1b6fcbeb48fd928bf8ae025.jpg\" \/>\n<meta name=\"twitter:creator\" content=\"@https:\/\/twitter.com\/ContePantaleone\u200e\" \/>\n<meta name=\"twitter:site\" content=\"@destinocyl\" \/>\n<meta name=\"twitter:label1\" content=\"Escrito por\" \/>\n\t<meta name=\"twitter:data1\" content=\"David V\u00e1zquez\" \/>\n\t<meta name=\"twitter:label2\" content=\"Tiempo de lectura\" \/>\n\t<meta name=\"twitter:data2\" content=\"4 minutos\" \/>\n<script type=\"application\/ld+json\" class=\"yoast-schema-graph\">{\"@context\":\"https:\\\/\\\/schema.org\",\"@graph\":[{\"@type\":\"Article\",\"@id\":\"https:\\\/\\\/destinocastillayleon.es\\\/index\\\/semana-renacentista-2019\\\/#article\",\"isPartOf\":{\"@id\":\"https:\\\/\\\/destinocastillayleon.es\\\/index\\\/semana-renacentista-2019\\\/\"},\"author\":{\"name\":\"David V\u00e1zquez\",\"@id\":\"https:\\\/\\\/destinocastillayleon.es\\\/index\\\/#\\\/schema\\\/person\\\/189221bc8f6cc4fa28b18ad5c289d4c2\"},\"headline\":\"Semana Renacentista 2019 de Medina del Campo\",\"datePublished\":\"2019-06-26T04:15:36+00:00\",\"mainEntityOfPage\":{\"@id\":\"https:\\\/\\\/destinocastillayleon.es\\\/index\\\/semana-renacentista-2019\\\/\"},\"wordCount\":807,\"commentCount\":0,\"image\":{\"@id\":\"https:\\\/\\\/destinocastillayleon.es\\\/index\\\/semana-renacentista-2019\\\/#primaryimage\"},\"thumbnailUrl\":\"https:\\\/\\\/destinocastillayleon.es\\\/index\\\/wp-content\\\/uploads\\\/2017\\\/06\\\/db4a219ce1b6fcbeb48fd928bf8ae025.jpg\",\"keywords\":[\"Medina del Campo\",\"mercado medieval\",\"Semana Renacentista 2019\"],\"articleSection\":[\"Agenda\",\"Historia y Leyendas de Castilla y Le\u00f3n\",\"No rescatar en RRSS\",\"Post_inicial\",\"Valladolid\",\"Valladolid Actualidad\",\"Valladolid Turismo\"],\"inLanguage\":\"es\",\"potentialAction\":[{\"@type\":\"CommentAction\",\"name\":\"Comment\",\"target\":[\"https:\\\/\\\/destinocastillayleon.es\\\/index\\\/semana-renacentista-2019\\\/#respond\"]}]},{\"@type\":\"WebPage\",\"@id\":\"https:\\\/\\\/destinocastillayleon.es\\\/index\\\/semana-renacentista-2019\\\/\",\"url\":\"https:\\\/\\\/destinocastillayleon.es\\\/index\\\/semana-renacentista-2019\\\/\",\"name\":\"Semana Renacentista 2019 de Medina del Campo - DestinoCyL\",\"isPartOf\":{\"@id\":\"https:\\\/\\\/destinocastillayleon.es\\\/index\\\/#website\"},\"primaryImageOfPage\":{\"@id\":\"https:\\\/\\\/destinocastillayleon.es\\\/index\\\/semana-renacentista-2019\\\/#primaryimage\"},\"image\":{\"@id\":\"https:\\\/\\\/destinocastillayleon.es\\\/index\\\/semana-renacentista-2019\\\/#primaryimage\"},\"thumbnailUrl\":\"https:\\\/\\\/destinocastillayleon.es\\\/index\\\/wp-content\\\/uploads\\\/2017\\\/06\\\/db4a219ce1b6fcbeb48fd928bf8ae025.jpg\",\"datePublished\":\"2019-06-26T04:15:36+00:00\",\"author\":{\"@id\":\"https:\\\/\\\/destinocastillayleon.es\\\/index\\\/#\\\/schema\\\/person\\\/189221bc8f6cc4fa28b18ad5c289d4c2\"},\"description\":\"Os adelantamos las fechas de la Semana Renacentista 2019 de Medina del Campo, una semana donde se recrea la historia entre Imperiales y Comuneros, de 1520\",\"breadcrumb\":{\"@id\":\"https:\\\/\\\/destinocastillayleon.es\\\/index\\\/semana-renacentista-2019\\\/#breadcrumb\"},\"inLanguage\":\"es\",\"potentialAction\":[{\"@type\":\"ReadAction\",\"target\":[\"https:\\\/\\\/destinocastillayleon.es\\\/index\\\/semana-renacentista-2019\\\/\"]}]},{\"@type\":\"ImageObject\",\"inLanguage\":\"es\",\"@id\":\"https:\\\/\\\/destinocastillayleon.es\\\/index\\\/semana-renacentista-2019\\\/#primaryimage\",\"url\":\"https:\\\/\\\/destinocastillayleon.es\\\/index\\\/wp-content\\\/uploads\\\/2017\\\/06\\\/db4a219ce1b6fcbeb48fd928bf8ae025.jpg\",\"contentUrl\":\"https:\\\/\\\/destinocastillayleon.es\\\/index\\\/wp-content\\\/uploads\\\/2017\\\/06\\\/db4a219ce1b6fcbeb48fd928bf8ae025.jpg\",\"width\":796,\"height\":531,\"caption\":\"Recreaci\u00f3n hist\u00f3rica en el Castillo de Medina del Campo - Imagen de Imperiales y Comuneros\"},{\"@type\":\"BreadcrumbList\",\"@id\":\"https:\\\/\\\/destinocastillayleon.es\\\/index\\\/semana-renacentista-2019\\\/#breadcrumb\",\"itemListElement\":[{\"@type\":\"ListItem\",\"position\":1,\"name\":\"Portada\",\"item\":\"https:\\\/\\\/destinocastillayleon.es\\\/index\\\/\"},{\"@type\":\"ListItem\",\"position\":2,\"name\":\"Semana Renacentista 2019 de Medina del Campo\"}]},{\"@type\":\"WebSite\",\"@id\":\"https:\\\/\\\/destinocastillayleon.es\\\/index\\\/#website\",\"url\":\"https:\\\/\\\/destinocastillayleon.es\\\/index\\\/\",\"name\":\"Destino Castilla y Le\u00f3n\",\"description\":\"Medio digital independiente y revista de Castilla y Le\u00f3n dedicado al turismo, gastronom\u00eda y vino de Castilla y Le\u00f3n\",\"potentialAction\":[{\"@type\":\"SearchAction\",\"target\":{\"@type\":\"EntryPoint\",\"urlTemplate\":\"https:\\\/\\\/destinocastillayleon.es\\\/index\\\/?s={search_term_string}\"},\"query-input\":{\"@type\":\"PropertyValueSpecification\",\"valueRequired\":true,\"valueName\":\"search_term_string\"}}],\"inLanguage\":\"es\"},{\"@type\":\"Person\",\"@id\":\"https:\\\/\\\/destinocastillayleon.es\\\/index\\\/#\\\/schema\\\/person\\\/189221bc8f6cc4fa28b18ad5c289d4c2\",\"name\":\"David V\u00e1zquez\",\"image\":{\"@type\":\"ImageObject\",\"inLanguage\":\"es\",\"@id\":\"https:\\\/\\\/secure.gravatar.com\\\/avatar\\\/cd12db6c575a90c3b75cfa0f794b74d425201c768612fad17e9f13cd33d48be8?s=96&d=mm&r=g\",\"url\":\"https:\\\/\\\/secure.gravatar.com\\\/avatar\\\/cd12db6c575a90c3b75cfa0f794b74d425201c768612fad17e9f13cd33d48be8?s=96&d=mm&r=g\",\"contentUrl\":\"https:\\\/\\\/secure.gravatar.com\\\/avatar\\\/cd12db6c575a90c3b75cfa0f794b74d425201c768612fad17e9f13cd33d48be8?s=96&d=mm&r=g\",\"caption\":\"David V\u00e1zquez\"},\"description\":\"Ingeniero Industrial de vocaci\u00f3n y profesi\u00f3n, he encontrado en los blogs la forma de plasmar mi pasi\u00f3n por los viajes, la gastronom\u00eda y los vinos. Especialmente los procedentes de Castilla y Le\u00f3n\",\"sameAs\":[\"https:\\\/\\\/www.destinocastillayleon.es\",\"https:\\\/\\\/www.facebook.com\\\/profile.php?id=1158416854\",\"https:\\\/\\\/instagram.com\\\/conte.pantaleone\",\"https:\\\/\\\/www.linkedin.com\\\/pub\\\/david-vazquez-lozano\\\/37\\\/17a\\\/25a\",\"https:\\\/\\\/x.com\\\/https:\\\/\\\/twitter.com\\\/ContePantaleone\u200e\"],\"url\":\"https:\\\/\\\/destinocastillayleon.es\\\/index\\\/author\\\/coadministradorcyl\\\/\"}]}<\/script>\n<!-- \/ Yoast SEO Premium plugin. -->","yoast_head_json":{"title":"Semana Renacentista 2019 de Medina del Campo - DestinoCyL","description":"Os adelantamos las fechas de la Semana Renacentista 2019 de Medina del Campo, una semana donde se recrea la historia entre Imperiales y Comuneros, de 1520","robots":{"index":"index","follow":"follow","max-snippet":"max-snippet:-1","max-image-preview":"max-image-preview:large","max-video-preview":"max-video-preview:-1"},"canonical":"https:\/\/destinocastillayleon.es\/index\/semana-renacentista-2019\/","og_locale":"es_ES","og_type":"article","og_title":"Semana Renacentista 2019 de Medina del Campo - Destino Castilla y Le\u00f3n","og_description":"Os adelantamos ya las fechas de la Semana Renacentista 2019 de Medina del Campo, una semana donde se recrea la historia entre Imperiales y Comuneros, en el a\u00f1o de 1520.","og_url":"https:\/\/destinocastillayleon.es\/index\/semana-renacentista-2019\/","og_site_name":"Destino Castilla y Le\u00f3n","article_publisher":"https:\/\/www.facebook.com\/DestinoCastillaYLeon\/","article_author":"https:\/\/www.facebook.com\/profile.php?id=1158416854","article_published_time":"2019-06-26T04:15:36+00:00","og_image":[{"width":796,"height":531,"url":"https:\/\/destinocastillayleon.es\/index\/wp-content\/uploads\/2017\/06\/db4a219ce1b6fcbeb48fd928bf8ae025.jpg","type":"image\/jpeg"}],"author":"David V\u00e1zquez","twitter_card":"summary_large_image","twitter_title":"Semana Renacentista 2019 de Medina del Campo - Destino Castilla y Le\u00f3n","twitter_description":"Os adelantamos ya las fechas de la Semana Renacentista 2019 de Medina del Campo, una semana donde se recrea la historia entre Imperiales y Comuneros, en el a\u00f1o de 1520.","twitter_image":"https:\/\/destinocastillayleon.es\/index\/wp-content\/uploads\/2017\/06\/db4a219ce1b6fcbeb48fd928bf8ae025.jpg","twitter_creator":"@https:\/\/twitter.com\/ContePantaleone\u200e","twitter_site":"@destinocyl","twitter_misc":{"Escrito por":"David V\u00e1zquez","Tiempo de lectura":"4 minutos"},"schema":{"@context":"https:\/\/schema.org","@graph":[{"@type":"Article","@id":"https:\/\/destinocastillayleon.es\/index\/semana-renacentista-2019\/#article","isPartOf":{"@id":"https:\/\/destinocastillayleon.es\/index\/semana-renacentista-2019\/"},"author":{"name":"David V\u00e1zquez","@id":"https:\/\/destinocastillayleon.es\/index\/#\/schema\/person\/189221bc8f6cc4fa28b18ad5c289d4c2"},"headline":"Semana Renacentista 2019 de Medina del Campo","datePublished":"2019-06-26T04:15:36+00:00","mainEntityOfPage":{"@id":"https:\/\/destinocastillayleon.es\/index\/semana-renacentista-2019\/"},"wordCount":807,"commentCount":0,"image":{"@id":"https:\/\/destinocastillayleon.es\/index\/semana-renacentista-2019\/#primaryimage"},"thumbnailUrl":"https:\/\/destinocastillayleon.es\/index\/wp-content\/uploads\/2017\/06\/db4a219ce1b6fcbeb48fd928bf8ae025.jpg","keywords":["Medina del Campo","mercado medieval","Semana Renacentista 2019"],"articleSection":["Agenda","Historia y Leyendas de Castilla y Le\u00f3n","No rescatar en RRSS","Post_inicial","Valladolid","Valladolid Actualidad","Valladolid Turismo"],"inLanguage":"es","potentialAction":[{"@type":"CommentAction","name":"Comment","target":["https:\/\/destinocastillayleon.es\/index\/semana-renacentista-2019\/#respond"]}]},{"@type":"WebPage","@id":"https:\/\/destinocastillayleon.es\/index\/semana-renacentista-2019\/","url":"https:\/\/destinocastillayleon.es\/index\/semana-renacentista-2019\/","name":"Semana Renacentista 2019 de Medina del Campo - DestinoCyL","isPartOf":{"@id":"https:\/\/destinocastillayleon.es\/index\/#website"},"primaryImageOfPage":{"@id":"https:\/\/destinocastillayleon.es\/index\/semana-renacentista-2019\/#primaryimage"},"image":{"@id":"https:\/\/destinocastillayleon.es\/index\/semana-renacentista-2019\/#primaryimage"},"thumbnailUrl":"https:\/\/destinocastillayleon.es\/index\/wp-content\/uploads\/2017\/06\/db4a219ce1b6fcbeb48fd928bf8ae025.jpg","datePublished":"2019-06-26T04:15:36+00:00","author":{"@id":"https:\/\/destinocastillayleon.es\/index\/#\/schema\/person\/189221bc8f6cc4fa28b18ad5c289d4c2"},"description":"Os adelantamos las fechas de la Semana Renacentista 2019 de Medina del Campo, una semana donde se recrea la historia entre Imperiales y Comuneros, de 1520","breadcrumb":{"@id":"https:\/\/destinocastillayleon.es\/index\/semana-renacentista-2019\/#breadcrumb"},"inLanguage":"es","potentialAction":[{"@type":"ReadAction","target":["https:\/\/destinocastillayleon.es\/index\/semana-renacentista-2019\/"]}]},{"@type":"ImageObject","inLanguage":"es","@id":"https:\/\/destinocastillayleon.es\/index\/semana-renacentista-2019\/#primaryimage","url":"https:\/\/destinocastillayleon.es\/index\/wp-content\/uploads\/2017\/06\/db4a219ce1b6fcbeb48fd928bf8ae025.jpg","contentUrl":"https:\/\/destinocastillayleon.es\/index\/wp-content\/uploads\/2017\/06\/db4a219ce1b6fcbeb48fd928bf8ae025.jpg","width":796,"height":531,"caption":"Recreaci\u00f3n hist\u00f3rica en el Castillo de Medina del Campo - Imagen de Imperiales y Comuneros"},{"@type":"BreadcrumbList","@id":"https:\/\/destinocastillayleon.es\/index\/semana-renacentista-2019\/#breadcrumb","itemListElement":[{"@type":"ListItem","position":1,"name":"Portada","item":"https:\/\/destinocastillayleon.es\/index\/"},{"@type":"ListItem","position":2,"name":"Semana Renacentista 2019 de Medina del Campo"}]},{"@type":"WebSite","@id":"https:\/\/destinocastillayleon.es\/index\/#website","url":"https:\/\/destinocastillayleon.es\/index\/","name":"Destino Castilla y Le\u00f3n","description":"Medio digital independiente y revista de Castilla y Le\u00f3n dedicado al turismo, gastronom\u00eda y vino de Castilla y Le\u00f3n","potentialAction":[{"@type":"SearchAction","target":{"@type":"EntryPoint","urlTemplate":"https:\/\/destinocastillayleon.es\/index\/?s={search_term_string}"},"query-input":{"@type":"PropertyValueSpecification","valueRequired":true,"valueName":"search_term_string"}}],"inLanguage":"es"},{"@type":"Person","@id":"https:\/\/destinocastillayleon.es\/index\/#\/schema\/person\/189221bc8f6cc4fa28b18ad5c289d4c2","name":"David V\u00e1zquez","image":{"@type":"ImageObject","inLanguage":"es","@id":"https:\/\/secure.gravatar.com\/avatar\/cd12db6c575a90c3b75cfa0f794b74d425201c768612fad17e9f13cd33d48be8?s=96&d=mm&r=g","url":"https:\/\/secure.gravatar.com\/avatar\/cd12db6c575a90c3b75cfa0f794b74d425201c768612fad17e9f13cd33d48be8?s=96&d=mm&r=g","contentUrl":"https:\/\/secure.gravatar.com\/avatar\/cd12db6c575a90c3b75cfa0f794b74d425201c768612fad17e9f13cd33d48be8?s=96&d=mm&r=g","caption":"David V\u00e1zquez"},"description":"Ingeniero Industrial de vocaci\u00f3n y profesi\u00f3n, he encontrado en los blogs la forma de plasmar mi pasi\u00f3n por los viajes, la gastronom\u00eda y los vinos. Especialmente los procedentes de Castilla y Le\u00f3n","sameAs":["https:\/\/www.destinocastillayleon.es","https:\/\/www.facebook.com\/profile.php?id=1158416854","https:\/\/instagram.com\/conte.pantaleone","https:\/\/www.linkedin.com\/pub\/david-vazquez-lozano\/37\/17a\/25a","https:\/\/x.com\/https:\/\/twitter.com\/ContePantaleone\u200e"],"url":"https:\/\/destinocastillayleon.es\/index\/author\/coadministradorcyl\/"}]}},"_links":{"self":[{"href":"https:\/\/destinocastillayleon.es\/index\/wp-json\/wp\/v2\/posts\/30733","targetHints":{"allow":["GET"]}}],"collection":[{"href":"https:\/\/destinocastillayleon.es\/index\/wp-json\/wp\/v2\/posts"}],"about":[{"href":"https:\/\/destinocastillayleon.es\/index\/wp-json\/wp\/v2\/types\/post"}],"author":[{"embeddable":true,"href":"https:\/\/destinocastillayleon.es\/index\/wp-json\/wp\/v2\/users\/2"}],"replies":[{"embeddable":true,"href":"https:\/\/destinocastillayleon.es\/index\/wp-json\/wp\/v2\/comments?post=30733"}],"version-history":[{"count":5,"href":"https:\/\/destinocastillayleon.es\/index\/wp-json\/wp\/v2\/posts\/30733\/revisions"}],"predecessor-version":[{"id":30742,"href":"https:\/\/destinocastillayleon.es\/index\/wp-json\/wp\/v2\/posts\/30733\/revisions\/30742"}],"wp:featuredmedia":[{"embeddable":true,"href":"https:\/\/destinocastillayleon.es\/index\/wp-json\/wp\/v2\/media\/30738"}],"wp:attachment":[{"href":"https:\/\/destinocastillayleon.es\/index\/wp-json\/wp\/v2\/media?parent=30733"}],"wp:term":[{"taxonomy":"category","embeddable":true,"href":"https:\/\/destinocastillayleon.es\/index\/wp-json\/wp\/v2\/categories?post=30733"},{"taxonomy":"post_tag","embeddable":true,"href":"https:\/\/destinocastillayleon.es\/index\/wp-json\/wp\/v2\/tags?post=30733"}],"curies":[{"name":"wp","href":"https:\/\/api.w.org\/{rel}","templated":true}]}}