{"id":30608,"date":"2019-06-07T07:36:03","date_gmt":"2019-06-07T05:36:03","guid":{"rendered":"https:\/\/destinocastillayleon.es\/index\/?p=30608"},"modified":"2019-06-07T09:51:52","modified_gmt":"2019-06-07T07:51:52","slug":"525-aniversario-del-tratado-de-tordesillas","status":"publish","type":"post","link":"https:\/\/destinocastillayleon.es\/index\/525-aniversario-del-tratado-de-tordesillas\/","title":{"rendered":"525 aniversario del Tratado de Tordesillas"},"content":{"rendered":"<p>Parece que fuera ayer, pero no, <strong>han pasado ya 25 a\u00f1os desde que se celebrase el V Centenario del tratado de Tordesillas<\/strong>. Un acuerdo entre Espa\u00f1a y Portugal para repartirse el mundo. Muchas cosas han pasado desde entonces, pero <strong>no hay que olvidar que estas dos naciones dominaron los mares como nadie lo hab\u00eda hecho hasta la fecha<\/strong>, llegando de uno a otro conf\u00edn.<\/p>\n<blockquote><p>Rememorando este hito hist\u00f3rico, <strong>en su 525 aniversario<\/strong>, El Centro de Iniciativas Tur\u00edsticas de Tordesillas, CIT, <strong>este s\u00e1bado, 8 de junio<\/strong>, presenta una recreaci\u00f3n hist\u00f3rica de esta efem\u00e9ride, que este a\u00f1o cumple <strong>su XVII edici\u00f3n<\/strong>.<\/p><\/blockquote>\n<h3><strong>Informaci\u00f3n interesante sobre Tordesillas<\/strong><\/h3>\n<h4><strong>C\u00f3mo llegar<\/strong><\/h4>\n<p><a href=\"https:\/\/goo.gl\/maps\/1k24WmvHKUuCA5Ab8\" rel=\"nofollow noopener noreferrer\" target= \"_Blank\">Tordesillas<\/a> es <strong>una localidad pr\u00f3xima a Valladolid<\/strong>. Tiene dos grandes autov\u00edas que se cruzan junto ella; <strong>la Autov\u00eda A6<\/strong>, Madrid-La Coru\u00f1a; y <strong>la A62<\/strong>, Burgos-Lisboa.<\/p>\n<h4>D\u00f3nde alojarte<\/h4>\n<p>Al ser <strong>un importante nudo de comunicaciones, posee una relativa buena oferta hotelera<\/strong>. En nuestro caso no hemos hecho noche nunca en Tordesillas, pero de hacerlo, evidentemente nos gusta el <a href=\"https:\/\/www.booking.com\/hotel\/es\/complejo-ath-real-de-castilla-i-47-ii.es.html?aid=1281624;sid=a35061beca099405596e1604a30404ca;room1=A%2CA%2C12&#038;;atlas_src=sr_iw_btn;from_sr_map=1;from=searchresults;ucfs=1\" rel=\"nofollow noopener noreferrer\"  target= \"_Blank\"><strong>Parador Nacional de Tordesillas<\/strong><\/a>.<\/p>\n<figure id=\"attachment_29183\" aria-describedby=\"caption-attachment-29183\" style=\"width: 640px\" class=\"wp-caption aligncenter\"><img decoding=\"async\" src=\"https:\/\/destinocastillayleon.es\/index\/wp-content\/uploads\/2017\/06\/Parador-de-Tordesillas-Imagen-de-Tribuna-de-Valladolid.jpg\" alt=\"Parador de Tordesillas - Imagen de Tribuna de Valladolid\" width=\"640\" height=\"374\" class=\"size-full wp-image-29183\" srcset=\"https:\/\/destinocastillayleon.es\/index\/wp-content\/uploads\/2017\/06\/Parador-de-Tordesillas-Imagen-de-Tribuna-de-Valladolid.jpg 640w, https:\/\/destinocastillayleon.es\/index\/wp-content\/uploads\/2017\/06\/Parador-de-Tordesillas-Imagen-de-Tribuna-de-Valladolid-300x175.jpg 300w\" sizes=\"(max-width: 640px) 100vw, 640px\" \/><figcaption id=\"caption-attachment-29183\" class=\"wp-caption-text\">Parador de Tordesillas &#8211; Imagen de Tribuna de Valladolid<\/figcaption><\/figure>\n<p>En opciones m\u00e1s econ\u00f3micas, y m\u00e1s pr\u00f3ximas al centro hist\u00f3rico, <strong>resulta agradable el <a href=\"https:\/\/www.booking.com\/hotel\/es\/complejo-ath-real-de-castilla-i-47-ii.es.html?aid=1281624;sid=a35061beca099405596e1604a30404ca;room1=A%2CA%2C12&#038;;atlas_src=sr_iw_btn;from_sr_map=1;from=searchresults;ucfs=1\" rel=\"nofollow noopener noreferrer\" target= \"_Blank\">Hotel Real de Castilla<\/a><\/strong>. Lo conocemos por la cafeter\u00eda y no parece malo, aunque algo anticuado.<\/p>\n<h4><strong>D\u00f3nde comer<\/strong><\/h4>\n<p>Esta pregunta <strong>es dif\u00edcil de contestar, pues Tordesillas cuenta con bastantes lugares interesantes para comer<\/strong>; sobre todo <strong>en el entorno de la Plaza mayor<\/strong>, aunque no exclusivamente. Nosotros mismos hemos comido, como reyes, en el <a href=\"https:\/\/destinocastillayleon.es\/index\/la-tradicion-de-repartir-sal-y-suerte-en-el-restaurante-el-torreon-de-tordesillas\/\" ><strong>Rte. El Torre\u00f3n de Tordesillas<\/strong><\/a>. Hemos ido tambi\u00e9n con los amigos de <a href=\"http:\/\/atavolaconilconte.es\/index\/el-torreon-de-tordesillas\/\" rel=\"dofollow noopener noreferrer\" target= \"_Blank\">A Tavola con il Conte<\/a> y les ha encantado tambi\u00e9n.<\/p>\n<figure id=\"attachment_27577\" aria-describedby=\"caption-attachment-27577\" style=\"width: 640px\" class=\"wp-caption aligncenter\"><img decoding=\"async\" src=\"https:\/\/destinocastillayleon.es\/index\/wp-content\/uploads\/2018\/02\/07a1aa0676ebc4c2c1f41baac2a146df-1.jpg\" alt=\"Comedor El Torre\u00f3n de Tordesillas\" width=\"640\" class=\"size-full wp-image-27577\" srcset=\"https:\/\/destinocastillayleon.es\/index\/wp-content\/uploads\/2018\/02\/07a1aa0676ebc4c2c1f41baac2a146df-1.jpg 796w, https:\/\/destinocastillayleon.es\/index\/wp-content\/uploads\/2018\/02\/07a1aa0676ebc4c2c1f41baac2a146df-1-300x200.jpg 300w, https:\/\/destinocastillayleon.es\/index\/wp-content\/uploads\/2018\/02\/07a1aa0676ebc4c2c1f41baac2a146df-1-768x512.jpg 768w, https:\/\/destinocastillayleon.es\/index\/wp-content\/uploads\/2018\/02\/07a1aa0676ebc4c2c1f41baac2a146df-1-600x400.jpg 600w\" sizes=\"(max-width: 796px) 100vw, 796px\" \/><figcaption id=\"caption-attachment-27577\" class=\"wp-caption-text\">Comedor El Torre\u00f3n de Tordesillas<\/figcaption><\/figure>\n<h3><strong>Contexto hist\u00f3rico del Tratado de Tordesillas<\/strong><\/h3>\n<p>Sin muchos detalles, <strong>en 1494, apenas 2 a\u00f1os desde el descubrimiento de Am\u00e9rica para la Corona Hisp\u00e1nica, la tensi\u00f3n entre Portugal y Castilla era latente<\/strong>. El precedente Tratado de Alc\u00e1\u00e7ovas no terminaba de gustar a nadie, menos a\u00fan tras el descubrimiento por Col\u00f3n de las Antillas.<\/p>\n<figure id=\"attachment_30613\" aria-describedby=\"caption-attachment-30613\" style=\"width: 500px\" class=\"wp-caption aligncenter\"><img decoding=\"async\" src=\"https:\/\/destinocastillayleon.es\/index\/wp-content\/uploads\/2019\/06\/0a2f9655a1f6928c2c931a18b6e15269.jpg\" alt=\"Plano Cantino de 1502 que ya representa la l\u00ednea del Tratado de Tordesillas\" width=\"500\" height=\"235\" class=\"size-full wp-image-30613\" srcset=\"https:\/\/destinocastillayleon.es\/index\/wp-content\/uploads\/2019\/06\/0a2f9655a1f6928c2c931a18b6e15269.jpg 500w, https:\/\/destinocastillayleon.es\/index\/wp-content\/uploads\/2019\/06\/0a2f9655a1f6928c2c931a18b6e15269-300x141.jpg 300w\" sizes=\"(max-width: 500px) 100vw, 500px\" \/><figcaption id=\"caption-attachment-30613\" class=\"wp-caption-text\">Plano Cantino de 1502 que ya representa la l\u00ednea del Tratado de Tordesillas<\/figcaption><\/figure>\n<p>De esta forma, <strong>para evitar fricciones que llevaran a una guerra entre ambas coronas<\/strong>, cuyas proyecciones internacionales eran las m\u00e1s importantes de la renaciente Europa y tras varios meses de negociaciones, con el Papa Borgia entre medias, los representantes de los Reyes Cat\u00f3licos, Guti\u00e9rrez de C\u00e1rdenas, cuya familia hab\u00eda acogido a Isabel durante su ascenso en <a href=\"https:\/\/destinoysabor.com\/blog\/turismo-en-ocana\/\" rel=\"dofollow noopener noreferrer\" target= \"_Blank\">Oca\u00f1a<\/a> y Juan II, rey de Portugal, firmaban el 7 de junio de 1494 este famoso tratado, que <strong>desde 2007 est\u00e1 incluido como Patrimonio Mundial de la Humanidad, en la categor\u00eda de Memoria del Mundo<\/strong>, por la Unesco.<\/p>\n<h2><strong>Recreaci\u00f3n hist\u00f3rica de la firma del Tratado de Tordesillas de 1494<\/strong><\/h4>\n<p>Al cumplirse los 525 a\u00f1os de esta firma que repart\u00eda el mundo entre Espa\u00f1a y Portugal, <strong>en Tordesillas han querido hacer en su decimos\u00e9ptima edici\u00f3n una recreaci\u00f3n especial<\/strong>. Para ello, el CIT de Tordesillas cuenta con <strong>m\u00e1s 150 personas caracterizadas de la \u00e9poca<\/strong>, procedentes de la asociaci\u00f3n de vecinos de Tordesillas.<\/p>\n<figure id=\"attachment_30619\" aria-describedby=\"caption-attachment-30619\" style=\"width: 640px\" class=\"wp-caption aligncenter\"><img decoding=\"async\" src=\"https:\/\/destinocastillayleon.es\/index\/wp-content\/uploads\/2019\/06\/2193c663848f010c55496ed37ee2a8f7.jpg\" alt=\"Portaestandartes de Castilla y Le\u00f3n, de Portugal y del Papado en una recreaci\u00f3n de este tratado de Tordesillas - Imagen de Tordesillas al D\u00eda\" width=\"640\" height=\"427\" class=\"size-full wp-image-30619\" srcset=\"https:\/\/destinocastillayleon.es\/index\/wp-content\/uploads\/2019\/06\/2193c663848f010c55496ed37ee2a8f7.jpg 640w, https:\/\/destinocastillayleon.es\/index\/wp-content\/uploads\/2019\/06\/2193c663848f010c55496ed37ee2a8f7-300x200.jpg 300w, https:\/\/destinocastillayleon.es\/index\/wp-content\/uploads\/2019\/06\/2193c663848f010c55496ed37ee2a8f7-600x400.jpg 600w\" sizes=\"(max-width: 640px) 100vw, 640px\" \/><figcaption id=\"caption-attachment-30619\" class=\"wp-caption-text\">Portaestandartes de Castilla y Le\u00f3n, de Portugal y del Papado en una recreaci\u00f3n de este tratado de Tordesillas &#8211; Imagen de Tordesillas al D\u00eda<\/figcaption><\/figure>\n<h3><strong>Informaci\u00f3n del evento<\/strong><\/h3>\n<p>Este evento est\u00e1 programado para <strong>el s\u00e1bado, 8 de junio; a las 22:00 horas<\/strong>. Se usar\u00e1 el lugar original donde ocurri\u00f3 este hecho tan trascendental para la historia del mundo, <strong>en las mismas casas donde se alojaban las delegaciones reales y donde se firm\u00f3 este tratado. Junto al r\u00edo, en las conocidas como Casas del Tratado<\/strong>.<\/p>\n<figure id=\"attachment_27567\" aria-describedby=\"caption-attachment-27567\" style=\"width: 640px\" class=\"wp-caption aligncenter\"><img decoding=\"async\" src=\"https:\/\/destinocastillayleon.es\/index\/wp-content\/uploads\/2017\/06\/f9b9ad2ca1be96cd0217a76265153cbf.jpg\" alt=\"Puente de Tordesillas sobre el r\u00edo Duero - Destino Castilla y Le\u00f3n\" width=\"640\" height=\"366\" class=\"size-full wp-image-27567\" srcset=\"https:\/\/destinocastillayleon.es\/index\/wp-content\/uploads\/2017\/06\/f9b9ad2ca1be96cd0217a76265153cbf.jpg 640w, https:\/\/destinocastillayleon.es\/index\/wp-content\/uploads\/2017\/06\/f9b9ad2ca1be96cd0217a76265153cbf-300x172.jpg 300w\" sizes=\"(max-width: 640px) 100vw, 640px\" \/><figcaption id=\"caption-attachment-27567\" class=\"wp-caption-text\">Puente de Tordesillas sobre el r\u00edo Duero &#8211; Destino Castilla y Le\u00f3n<\/figcaption><\/figure>\n<h3><strong>El D\u00eda del Tratado<\/strong><\/h3>\n<p>Durante este acto, en el que participan vecinos de la localidad vallisoletana de Tordesillas, <strong>se interpretar\u00e1 al detalle c\u00f3mo sucedieron los hechos que permitieron la redacci\u00f3n y firma del tratado entre estas potencias<\/strong>; y c\u00f3mo se modificaban los compromisos previos incluidos en el Tratado de Alc\u00e1\u00e7ovas.<\/p>\n<figure id=\"attachment_30617\" aria-describedby=\"caption-attachment-30617\" style=\"width: 640px\" class=\"wp-caption aligncenter\"><img decoding=\"async\" src=\"https:\/\/destinocastillayleon.es\/index\/wp-content\/uploads\/2019\/06\/864bbb82d90eaf88f0a6a691b92f3986.jpg\" alt=\"Llegada de las delegaciones reales - Imagen de Tordesillas al D\u00eda\" width=\"640\" height=\"426\" class=\"size-full wp-image-30617\" srcset=\"https:\/\/destinocastillayleon.es\/index\/wp-content\/uploads\/2019\/06\/864bbb82d90eaf88f0a6a691b92f3986.jpg 640w, https:\/\/destinocastillayleon.es\/index\/wp-content\/uploads\/2019\/06\/864bbb82d90eaf88f0a6a691b92f3986-300x200.jpg 300w, https:\/\/destinocastillayleon.es\/index\/wp-content\/uploads\/2019\/06\/864bbb82d90eaf88f0a6a691b92f3986-600x400.jpg 600w\" sizes=\"(max-width: 640px) 100vw, 640px\" \/><figcaption id=\"caption-attachment-30617\" class=\"wp-caption-text\">Llegada de las delegaciones reales &#8211; Imagen de Tordesillas al D\u00eda<\/figcaption><\/figure>\n<p>La representaci\u00f3n, <strong>terminar\u00e1 con la firma del nuevo acuerdo, que se conocer\u00eda en todo el mundo, como El Tratado de Tordesillas,<\/strong> del que algunos reyes europeos  afirmaran que, -\u201c<em>Bien pareciese que dios repartiera su herencia entre espa\u00f1oles y portugueses<\/em>\u201d-. <\/p>\n<p>Esta recreaci\u00f3n, se celebrar\u00e1 frente al lugar donde se firm\u00f3 El Tratado, en el exterior y tendr\u00e1 una duraci\u00f3n aproximada de una hora y media.<\/p>\n<h4>Otros atractivos de Tordesillas<\/h4>\n<p>Y por supuesto, no te tienes que olvidar que Tordesillas es un lugar donde disfrutar de otros atractivos, con edificios hist\u00f3ricos interesantes, como <strong>el Real Monasterio de las Clarisas de Tordesillas<\/strong>, las bodegas subterr\u00e1neas centenarias de <strong>Bodegas Muela<\/strong>, y otros edificios hist\u00f3ricos. Simplemente, recorre la villa.<\/p>\n<figure id=\"attachment_29881\" aria-describedby=\"caption-attachment-29881\" style=\"width: 640px\" class=\"wp-caption aligncenter\"><img decoding=\"async\" src=\"https:\/\/destinocastillayleon.es\/index\/wp-content\/uploads\/2017\/06\/b7feb94952bed2e7def737e1d70c3d5b.jpg\" alt=\"Cosas que no te puedes perder en Tordesillas - Destino Castilla y Le\u00f3n\" width=\"640\" height=\"518\" class=\"size-full wp-image-29881\" srcset=\"https:\/\/destinocastillayleon.es\/index\/wp-content\/uploads\/2017\/06\/b7feb94952bed2e7def737e1d70c3d5b.jpg 640w, https:\/\/destinocastillayleon.es\/index\/wp-content\/uploads\/2017\/06\/b7feb94952bed2e7def737e1d70c3d5b-300x243.jpg 300w\" sizes=\"(max-width: 640px) 100vw, 640px\" \/><figcaption id=\"caption-attachment-29881\" class=\"wp-caption-text\">Cosas que no te puedes perder en Tordesillas &#8211; Destino Castilla y Le\u00f3n<\/figcaption><\/figure>\n<p><font size=\"2\"><strong>Nota:<\/strong> Imagen de portada cortes\u00eda del diario digital <a href=\"https:\/\/www.tordesillasaldia.com\/\" rel=\"noopener noreferrer\" rel=\"NoFollow\" target=\"_blank\">Tordesillas al d\u00eda<\/a>.<\/font><\/p>\n<h4>Tambi\u00e9n te puede interesar<\/h4>\n<ul>\n<li><a href=\"https:\/\/destinocastillayleon.es\/index\/reina-juana-a-tordesillas-2019\/\">Llegada de la Reina Juana a Tordesillas 2019<\/a>.<\/li>\n<li><a href=\"https:\/\/destinocastillayleon.es\/index\/la-tradicion-de-repartir-sal-y-suerte-en-el-restaurante-el-torreon-de-tordesillas\/\">La tradici\u00f3n de repartir sal y suerte en el Restaurante el Torre\u00f3n de Tordesillas<\/a>.<\/li>\n<li><a href=\"https:\/\/destinocastillayleon.es\/index\/visita-a-bodega-muela\/\">Enoturismo en Tordesillas, visita a Bodega Muela<\/a>.<\/li>\n<\/ul>\n","protected":false},"excerpt":{"rendered":"<p>Este fin de semana, en la villa vallisoletana de Tordesillas se celebra el 525 aniversario de la firma del Tratado de Tordesillas, el primer tratado a nivel global entre los reinos de Espa\u00f1a y Portugal. Conoce lo que hay preparado.<\/p>\n","protected":false},"author":2,"featured_media":30615,"comment_status":"open","ping_status":"closed","sticky":false,"template":"","format":"standard","meta":{"rop_custom_images_group":[],"rop_custom_messages_group":[],"rop_publish_now":"initial","rop_publish_now_accounts":{"twitter_1150954226_1150954226":""},"rop_publish_now_history":[],"rop_publish_now_status":"pending","footnotes":""},"categories":[77,1343,68,4800],"tags":[5775,2962,3257,5774],"class_list":["post-30608","post","type-post","status-publish","format-standard","has-post-thumbnail","hentry","category-actualidad-y-agenda-de-castilla-y-leon","category-agenda","category-post_inicial","category-valladolid-actualidad","tag-efemerides","tag-recreaciones-historicas","tag-tordesillas","tag-tratado-de-tordesillas"],"yoast_head":"<!-- This site is optimized with the Yoast SEO Premium plugin v20.4 (Yoast SEO v27.4) - https:\/\/yoast.com\/product\/yoast-seo-premium-wordpress\/ -->\n<title>525 aniversario del Tratado de Tordesillas \u2013 Destino Castilla y Le\u00f3n<\/title>\n<meta name=\"description\" content=\"Este fin de semana, Tordesillas celebra el 525 aniversario de la firma del Tratado de Tordesillas, el primer tratado a nivel global entre Espa\u00f1a y Portugal\" \/>\n<meta name=\"robots\" content=\"index, follow, max-snippet:-1, max-image-preview:large, max-video-preview:-1\" \/>\n<link rel=\"canonical\" href=\"https:\/\/destinocastillayleon.es\/index\/525-aniversario-del-tratado-de-tordesillas\/\" \/>\n<meta property=\"og:locale\" content=\"es_ES\" \/>\n<meta property=\"og:type\" content=\"article\" \/>\n<meta property=\"og:title\" content=\"525 aniversario del Tratado de Tordesillas \u2013 Destino Castilla y Le\u00f3n\" \/>\n<meta property=\"og:description\" content=\"Este fin de semana, en la villa vallisoletana de Tordesillas se celebra el 525 aniversario de la firma del Tratado de Tordesillas, el primer tratado a nivel global entre los reinos de Espa\u00f1a y Portugal. Conoce lo que hay preparado.\" \/>\n<meta property=\"og:url\" content=\"https:\/\/destinocastillayleon.es\/index\/525-aniversario-del-tratado-de-tordesillas\/\" \/>\n<meta property=\"og:site_name\" content=\"Destino Castilla y Le\u00f3n\" \/>\n<meta property=\"article:publisher\" content=\"https:\/\/www.facebook.com\/DestinoCastillaYLeon\/\" \/>\n<meta property=\"article:author\" content=\"https:\/\/www.facebook.com\/profile.php?id=1158416854\" \/>\n<meta property=\"article:published_time\" content=\"2019-06-07T05:36:03+00:00\" \/>\n<meta property=\"article:modified_time\" content=\"2019-06-07T07:51:52+00:00\" \/>\n<meta property=\"og:image\" content=\"https:\/\/destinocastillayleon.es\/index\/wp-content\/uploads\/2019\/06\/3dea995b6c266b4130e005b75eb8acb8.jpg\" \/>\n\t<meta property=\"og:image:width\" content=\"775\" \/>\n\t<meta property=\"og:image:height\" content=\"517\" \/>\n\t<meta property=\"og:image:type\" content=\"image\/jpeg\" \/>\n<meta name=\"author\" content=\"David V\u00e1zquez\" \/>\n<meta name=\"twitter:card\" content=\"summary_large_image\" \/>\n<meta name=\"twitter:title\" content=\"525 aniversario del Tratado de Tordesillas \u2013 Destino Castilla y Le\u00f3n\" \/>\n<meta name=\"twitter:description\" content=\"Este fin de semana, en la villa vallisoletana de Tordesillas se celebra el 525 aniversario de la firma del Tratado de Tordesillas, el primer tratado a nivel global entre los reinos de Espa\u00f1a y Portugal. Conoce lo que hay preparado.\" \/>\n<meta name=\"twitter:image\" content=\"https:\/\/destinocastillayleon.es\/index\/wp-content\/uploads\/2019\/06\/3dea995b6c266b4130e005b75eb8acb8.jpg\" \/>\n<meta name=\"twitter:creator\" content=\"@https:\/\/twitter.com\/ContePantaleone\u200e\" \/>\n<meta name=\"twitter:site\" content=\"@destinocyl\" \/>\n<meta name=\"twitter:label1\" content=\"Escrito por\" \/>\n\t<meta name=\"twitter:data1\" content=\"David V\u00e1zquez\" \/>\n\t<meta name=\"twitter:label2\" content=\"Tiempo de lectura\" \/>\n\t<meta name=\"twitter:data2\" content=\"5 minutos\" \/>\n<script type=\"application\/ld+json\" class=\"yoast-schema-graph\">{\"@context\":\"https:\\\/\\\/schema.org\",\"@graph\":[{\"@type\":\"Article\",\"@id\":\"https:\\\/\\\/destinocastillayleon.es\\\/index\\\/525-aniversario-del-tratado-de-tordesillas\\\/#article\",\"isPartOf\":{\"@id\":\"https:\\\/\\\/destinocastillayleon.es\\\/index\\\/525-aniversario-del-tratado-de-tordesillas\\\/\"},\"author\":{\"name\":\"David V\u00e1zquez\",\"@id\":\"https:\\\/\\\/destinocastillayleon.es\\\/index\\\/#\\\/schema\\\/person\\\/189221bc8f6cc4fa28b18ad5c289d4c2\"},\"headline\":\"525 aniversario del Tratado de Tordesillas\",\"datePublished\":\"2019-06-07T05:36:03+00:00\",\"dateModified\":\"2019-06-07T07:51:52+00:00\",\"mainEntityOfPage\":{\"@id\":\"https:\\\/\\\/destinocastillayleon.es\\\/index\\\/525-aniversario-del-tratado-de-tordesillas\\\/\"},\"wordCount\":942,\"commentCount\":0,\"image\":{\"@id\":\"https:\\\/\\\/destinocastillayleon.es\\\/index\\\/525-aniversario-del-tratado-de-tordesillas\\\/#primaryimage\"},\"thumbnailUrl\":\"https:\\\/\\\/destinocastillayleon.es\\\/index\\\/wp-content\\\/uploads\\\/2019\\\/06\\\/3dea995b6c266b4130e005b75eb8acb8.jpg\",\"keywords\":[\"efem\u00e9rides\",\"recreaciones hist\u00f3ricas\",\"tordesillas\",\"Tratado de Tordesillas\"],\"articleSection\":[\"Actualidad\",\"Agenda\",\"Post_inicial\",\"Valladolid Actualidad\"],\"inLanguage\":\"es\",\"potentialAction\":[{\"@type\":\"CommentAction\",\"name\":\"Comment\",\"target\":[\"https:\\\/\\\/destinocastillayleon.es\\\/index\\\/525-aniversario-del-tratado-de-tordesillas\\\/#respond\"]}]},{\"@type\":\"WebPage\",\"@id\":\"https:\\\/\\\/destinocastillayleon.es\\\/index\\\/525-aniversario-del-tratado-de-tordesillas\\\/\",\"url\":\"https:\\\/\\\/destinocastillayleon.es\\\/index\\\/525-aniversario-del-tratado-de-tordesillas\\\/\",\"name\":\"525 aniversario del Tratado de Tordesillas \u2013 Destino Castilla y Le\u00f3n\",\"isPartOf\":{\"@id\":\"https:\\\/\\\/destinocastillayleon.es\\\/index\\\/#website\"},\"primaryImageOfPage\":{\"@id\":\"https:\\\/\\\/destinocastillayleon.es\\\/index\\\/525-aniversario-del-tratado-de-tordesillas\\\/#primaryimage\"},\"image\":{\"@id\":\"https:\\\/\\\/destinocastillayleon.es\\\/index\\\/525-aniversario-del-tratado-de-tordesillas\\\/#primaryimage\"},\"thumbnailUrl\":\"https:\\\/\\\/destinocastillayleon.es\\\/index\\\/wp-content\\\/uploads\\\/2019\\\/06\\\/3dea995b6c266b4130e005b75eb8acb8.jpg\",\"datePublished\":\"2019-06-07T05:36:03+00:00\",\"dateModified\":\"2019-06-07T07:51:52+00:00\",\"author\":{\"@id\":\"https:\\\/\\\/destinocastillayleon.es\\\/index\\\/#\\\/schema\\\/person\\\/189221bc8f6cc4fa28b18ad5c289d4c2\"},\"description\":\"Este fin de semana, Tordesillas celebra el 525 aniversario de la firma del Tratado de Tordesillas, el primer tratado a nivel global entre Espa\u00f1a y Portugal\",\"breadcrumb\":{\"@id\":\"https:\\\/\\\/destinocastillayleon.es\\\/index\\\/525-aniversario-del-tratado-de-tordesillas\\\/#breadcrumb\"},\"inLanguage\":\"es\",\"potentialAction\":[{\"@type\":\"ReadAction\",\"target\":[\"https:\\\/\\\/destinocastillayleon.es\\\/index\\\/525-aniversario-del-tratado-de-tordesillas\\\/\"]}]},{\"@type\":\"ImageObject\",\"inLanguage\":\"es\",\"@id\":\"https:\\\/\\\/destinocastillayleon.es\\\/index\\\/525-aniversario-del-tratado-de-tordesillas\\\/#primaryimage\",\"url\":\"https:\\\/\\\/destinocastillayleon.es\\\/index\\\/wp-content\\\/uploads\\\/2019\\\/06\\\/3dea995b6c266b4130e005b75eb8acb8.jpg\",\"contentUrl\":\"https:\\\/\\\/destinocastillayleon.es\\\/index\\\/wp-content\\\/uploads\\\/2019\\\/06\\\/3dea995b6c266b4130e005b75eb8acb8.jpg\",\"width\":775,\"height\":517,\"caption\":\"525 aniversario de la firma del Tratado de Tordesillas - Imagen de Tordesillas al D\u00eda\"},{\"@type\":\"BreadcrumbList\",\"@id\":\"https:\\\/\\\/destinocastillayleon.es\\\/index\\\/525-aniversario-del-tratado-de-tordesillas\\\/#breadcrumb\",\"itemListElement\":[{\"@type\":\"ListItem\",\"position\":1,\"name\":\"Portada\",\"item\":\"https:\\\/\\\/destinocastillayleon.es\\\/index\\\/\"},{\"@type\":\"ListItem\",\"position\":2,\"name\":\"525 aniversario del Tratado de Tordesillas\"}]},{\"@type\":\"WebSite\",\"@id\":\"https:\\\/\\\/destinocastillayleon.es\\\/index\\\/#website\",\"url\":\"https:\\\/\\\/destinocastillayleon.es\\\/index\\\/\",\"name\":\"Destino Castilla y Le\u00f3n\",\"description\":\"Medio digital independiente y revista de Castilla y Le\u00f3n dedicado al turismo, gastronom\u00eda y vino de Castilla y Le\u00f3n\",\"potentialAction\":[{\"@type\":\"SearchAction\",\"target\":{\"@type\":\"EntryPoint\",\"urlTemplate\":\"https:\\\/\\\/destinocastillayleon.es\\\/index\\\/?s={search_term_string}\"},\"query-input\":{\"@type\":\"PropertyValueSpecification\",\"valueRequired\":true,\"valueName\":\"search_term_string\"}}],\"inLanguage\":\"es\"},{\"@type\":\"Person\",\"@id\":\"https:\\\/\\\/destinocastillayleon.es\\\/index\\\/#\\\/schema\\\/person\\\/189221bc8f6cc4fa28b18ad5c289d4c2\",\"name\":\"David V\u00e1zquez\",\"image\":{\"@type\":\"ImageObject\",\"inLanguage\":\"es\",\"@id\":\"https:\\\/\\\/secure.gravatar.com\\\/avatar\\\/cd12db6c575a90c3b75cfa0f794b74d425201c768612fad17e9f13cd33d48be8?s=96&d=mm&r=g\",\"url\":\"https:\\\/\\\/secure.gravatar.com\\\/avatar\\\/cd12db6c575a90c3b75cfa0f794b74d425201c768612fad17e9f13cd33d48be8?s=96&d=mm&r=g\",\"contentUrl\":\"https:\\\/\\\/secure.gravatar.com\\\/avatar\\\/cd12db6c575a90c3b75cfa0f794b74d425201c768612fad17e9f13cd33d48be8?s=96&d=mm&r=g\",\"caption\":\"David V\u00e1zquez\"},\"description\":\"Ingeniero Industrial de vocaci\u00f3n y profesi\u00f3n, he encontrado en los blogs la forma de plasmar mi pasi\u00f3n por los viajes, la gastronom\u00eda y los vinos. Especialmente los procedentes de Castilla y Le\u00f3n\",\"sameAs\":[\"https:\\\/\\\/www.destinocastillayleon.es\",\"https:\\\/\\\/www.facebook.com\\\/profile.php?id=1158416854\",\"https:\\\/\\\/instagram.com\\\/conte.pantaleone\",\"https:\\\/\\\/www.linkedin.com\\\/pub\\\/david-vazquez-lozano\\\/37\\\/17a\\\/25a\",\"https:\\\/\\\/x.com\\\/https:\\\/\\\/twitter.com\\\/ContePantaleone\u200e\"],\"url\":\"https:\\\/\\\/destinocastillayleon.es\\\/index\\\/author\\\/coadministradorcyl\\\/\"}]}<\/script>\n<!-- \/ Yoast SEO Premium plugin. -->","yoast_head_json":{"title":"525 aniversario del Tratado de Tordesillas \u2013 Destino Castilla y Le\u00f3n","description":"Este fin de semana, Tordesillas celebra el 525 aniversario de la firma del Tratado de Tordesillas, el primer tratado a nivel global entre Espa\u00f1a y Portugal","robots":{"index":"index","follow":"follow","max-snippet":"max-snippet:-1","max-image-preview":"max-image-preview:large","max-video-preview":"max-video-preview:-1"},"canonical":"https:\/\/destinocastillayleon.es\/index\/525-aniversario-del-tratado-de-tordesillas\/","og_locale":"es_ES","og_type":"article","og_title":"525 aniversario del Tratado de Tordesillas \u2013 Destino Castilla y Le\u00f3n","og_description":"Este fin de semana, en la villa vallisoletana de Tordesillas se celebra el 525 aniversario de la firma del Tratado de Tordesillas, el primer tratado a nivel global entre los reinos de Espa\u00f1a y Portugal. Conoce lo que hay preparado.","og_url":"https:\/\/destinocastillayleon.es\/index\/525-aniversario-del-tratado-de-tordesillas\/","og_site_name":"Destino Castilla y Le\u00f3n","article_publisher":"https:\/\/www.facebook.com\/DestinoCastillaYLeon\/","article_author":"https:\/\/www.facebook.com\/profile.php?id=1158416854","article_published_time":"2019-06-07T05:36:03+00:00","article_modified_time":"2019-06-07T07:51:52+00:00","og_image":[{"width":775,"height":517,"url":"https:\/\/destinocastillayleon.es\/index\/wp-content\/uploads\/2019\/06\/3dea995b6c266b4130e005b75eb8acb8.jpg","type":"image\/jpeg"}],"author":"David V\u00e1zquez","twitter_card":"summary_large_image","twitter_title":"525 aniversario del Tratado de Tordesillas \u2013 Destino Castilla y Le\u00f3n","twitter_description":"Este fin de semana, en la villa vallisoletana de Tordesillas se celebra el 525 aniversario de la firma del Tratado de Tordesillas, el primer tratado a nivel global entre los reinos de Espa\u00f1a y Portugal. Conoce lo que hay preparado.","twitter_image":"https:\/\/destinocastillayleon.es\/index\/wp-content\/uploads\/2019\/06\/3dea995b6c266b4130e005b75eb8acb8.jpg","twitter_creator":"@https:\/\/twitter.com\/ContePantaleone\u200e","twitter_site":"@destinocyl","twitter_misc":{"Escrito por":"David V\u00e1zquez","Tiempo de lectura":"5 minutos"},"schema":{"@context":"https:\/\/schema.org","@graph":[{"@type":"Article","@id":"https:\/\/destinocastillayleon.es\/index\/525-aniversario-del-tratado-de-tordesillas\/#article","isPartOf":{"@id":"https:\/\/destinocastillayleon.es\/index\/525-aniversario-del-tratado-de-tordesillas\/"},"author":{"name":"David V\u00e1zquez","@id":"https:\/\/destinocastillayleon.es\/index\/#\/schema\/person\/189221bc8f6cc4fa28b18ad5c289d4c2"},"headline":"525 aniversario del Tratado de Tordesillas","datePublished":"2019-06-07T05:36:03+00:00","dateModified":"2019-06-07T07:51:52+00:00","mainEntityOfPage":{"@id":"https:\/\/destinocastillayleon.es\/index\/525-aniversario-del-tratado-de-tordesillas\/"},"wordCount":942,"commentCount":0,"image":{"@id":"https:\/\/destinocastillayleon.es\/index\/525-aniversario-del-tratado-de-tordesillas\/#primaryimage"},"thumbnailUrl":"https:\/\/destinocastillayleon.es\/index\/wp-content\/uploads\/2019\/06\/3dea995b6c266b4130e005b75eb8acb8.jpg","keywords":["efem\u00e9rides","recreaciones hist\u00f3ricas","tordesillas","Tratado de Tordesillas"],"articleSection":["Actualidad","Agenda","Post_inicial","Valladolid Actualidad"],"inLanguage":"es","potentialAction":[{"@type":"CommentAction","name":"Comment","target":["https:\/\/destinocastillayleon.es\/index\/525-aniversario-del-tratado-de-tordesillas\/#respond"]}]},{"@type":"WebPage","@id":"https:\/\/destinocastillayleon.es\/index\/525-aniversario-del-tratado-de-tordesillas\/","url":"https:\/\/destinocastillayleon.es\/index\/525-aniversario-del-tratado-de-tordesillas\/","name":"525 aniversario del Tratado de Tordesillas \u2013 Destino Castilla y Le\u00f3n","isPartOf":{"@id":"https:\/\/destinocastillayleon.es\/index\/#website"},"primaryImageOfPage":{"@id":"https:\/\/destinocastillayleon.es\/index\/525-aniversario-del-tratado-de-tordesillas\/#primaryimage"},"image":{"@id":"https:\/\/destinocastillayleon.es\/index\/525-aniversario-del-tratado-de-tordesillas\/#primaryimage"},"thumbnailUrl":"https:\/\/destinocastillayleon.es\/index\/wp-content\/uploads\/2019\/06\/3dea995b6c266b4130e005b75eb8acb8.jpg","datePublished":"2019-06-07T05:36:03+00:00","dateModified":"2019-06-07T07:51:52+00:00","author":{"@id":"https:\/\/destinocastillayleon.es\/index\/#\/schema\/person\/189221bc8f6cc4fa28b18ad5c289d4c2"},"description":"Este fin de semana, Tordesillas celebra el 525 aniversario de la firma del Tratado de Tordesillas, el primer tratado a nivel global entre Espa\u00f1a y Portugal","breadcrumb":{"@id":"https:\/\/destinocastillayleon.es\/index\/525-aniversario-del-tratado-de-tordesillas\/#breadcrumb"},"inLanguage":"es","potentialAction":[{"@type":"ReadAction","target":["https:\/\/destinocastillayleon.es\/index\/525-aniversario-del-tratado-de-tordesillas\/"]}]},{"@type":"ImageObject","inLanguage":"es","@id":"https:\/\/destinocastillayleon.es\/index\/525-aniversario-del-tratado-de-tordesillas\/#primaryimage","url":"https:\/\/destinocastillayleon.es\/index\/wp-content\/uploads\/2019\/06\/3dea995b6c266b4130e005b75eb8acb8.jpg","contentUrl":"https:\/\/destinocastillayleon.es\/index\/wp-content\/uploads\/2019\/06\/3dea995b6c266b4130e005b75eb8acb8.jpg","width":775,"height":517,"caption":"525 aniversario de la firma del Tratado de Tordesillas - Imagen de Tordesillas al D\u00eda"},{"@type":"BreadcrumbList","@id":"https:\/\/destinocastillayleon.es\/index\/525-aniversario-del-tratado-de-tordesillas\/#breadcrumb","itemListElement":[{"@type":"ListItem","position":1,"name":"Portada","item":"https:\/\/destinocastillayleon.es\/index\/"},{"@type":"ListItem","position":2,"name":"525 aniversario del Tratado de Tordesillas"}]},{"@type":"WebSite","@id":"https:\/\/destinocastillayleon.es\/index\/#website","url":"https:\/\/destinocastillayleon.es\/index\/","name":"Destino Castilla y Le\u00f3n","description":"Medio digital independiente y revista de Castilla y Le\u00f3n dedicado al turismo, gastronom\u00eda y vino de Castilla y Le\u00f3n","potentialAction":[{"@type":"SearchAction","target":{"@type":"EntryPoint","urlTemplate":"https:\/\/destinocastillayleon.es\/index\/?s={search_term_string}"},"query-input":{"@type":"PropertyValueSpecification","valueRequired":true,"valueName":"search_term_string"}}],"inLanguage":"es"},{"@type":"Person","@id":"https:\/\/destinocastillayleon.es\/index\/#\/schema\/person\/189221bc8f6cc4fa28b18ad5c289d4c2","name":"David V\u00e1zquez","image":{"@type":"ImageObject","inLanguage":"es","@id":"https:\/\/secure.gravatar.com\/avatar\/cd12db6c575a90c3b75cfa0f794b74d425201c768612fad17e9f13cd33d48be8?s=96&d=mm&r=g","url":"https:\/\/secure.gravatar.com\/avatar\/cd12db6c575a90c3b75cfa0f794b74d425201c768612fad17e9f13cd33d48be8?s=96&d=mm&r=g","contentUrl":"https:\/\/secure.gravatar.com\/avatar\/cd12db6c575a90c3b75cfa0f794b74d425201c768612fad17e9f13cd33d48be8?s=96&d=mm&r=g","caption":"David V\u00e1zquez"},"description":"Ingeniero Industrial de vocaci\u00f3n y profesi\u00f3n, he encontrado en los blogs la forma de plasmar mi pasi\u00f3n por los viajes, la gastronom\u00eda y los vinos. Especialmente los procedentes de Castilla y Le\u00f3n","sameAs":["https:\/\/www.destinocastillayleon.es","https:\/\/www.facebook.com\/profile.php?id=1158416854","https:\/\/instagram.com\/conte.pantaleone","https:\/\/www.linkedin.com\/pub\/david-vazquez-lozano\/37\/17a\/25a","https:\/\/x.com\/https:\/\/twitter.com\/ContePantaleone\u200e"],"url":"https:\/\/destinocastillayleon.es\/index\/author\/coadministradorcyl\/"}]}},"_links":{"self":[{"href":"https:\/\/destinocastillayleon.es\/index\/wp-json\/wp\/v2\/posts\/30608","targetHints":{"allow":["GET"]}}],"collection":[{"href":"https:\/\/destinocastillayleon.es\/index\/wp-json\/wp\/v2\/posts"}],"about":[{"href":"https:\/\/destinocastillayleon.es\/index\/wp-json\/wp\/v2\/types\/post"}],"author":[{"embeddable":true,"href":"https:\/\/destinocastillayleon.es\/index\/wp-json\/wp\/v2\/users\/2"}],"replies":[{"embeddable":true,"href":"https:\/\/destinocastillayleon.es\/index\/wp-json\/wp\/v2\/comments?post=30608"}],"version-history":[{"count":9,"href":"https:\/\/destinocastillayleon.es\/index\/wp-json\/wp\/v2\/posts\/30608\/revisions"}],"predecessor-version":[{"id":30623,"href":"https:\/\/destinocastillayleon.es\/index\/wp-json\/wp\/v2\/posts\/30608\/revisions\/30623"}],"wp:featuredmedia":[{"embeddable":true,"href":"https:\/\/destinocastillayleon.es\/index\/wp-json\/wp\/v2\/media\/30615"}],"wp:attachment":[{"href":"https:\/\/destinocastillayleon.es\/index\/wp-json\/wp\/v2\/media?parent=30608"}],"wp:term":[{"taxonomy":"category","embeddable":true,"href":"https:\/\/destinocastillayleon.es\/index\/wp-json\/wp\/v2\/categories?post=30608"},{"taxonomy":"post_tag","embeddable":true,"href":"https:\/\/destinocastillayleon.es\/index\/wp-json\/wp\/v2\/tags?post=30608"}],"curies":[{"name":"wp","href":"https:\/\/api.w.org\/{rel}","templated":true}]}}