{"id":30440,"date":"2019-05-17T06:20:46","date_gmt":"2019-05-17T04:20:46","guid":{"rendered":"https:\/\/destinocastillayleon.es\/index\/?p=30440"},"modified":"2019-05-16T18:09:54","modified_gmt":"2019-05-16T16:09:54","slug":"feria-de-enoturismo-2019","status":"publish","type":"post","link":"https:\/\/destinocastillayleon.es\/index\/feria-de-enoturismo-2019\/","title":{"rendered":"Feria de Enoturismo 2019 en Medina del Campo"},"content":{"rendered":"<p>Un a\u00f1o m\u00e1s, llega una de las fechas favoritas para los amantes del enoturismo. En Medina del Campo, la Villa de las Ferias, <strong>se celebra los d\u00edas 18 y 19 de mayo una nueva edici\u00f3n de la Feria de Enoturismo 2019<\/strong>.<\/p>\n<h3><strong>Informaci\u00f3n general sobre Medina del Campo<\/strong><\/h3>\n<h4><strong>C\u00f3mo llegar<\/strong><\/h4>\n<p>A <a href=\"https:\/\/goo.gl\/maps\/GwWGRYLF7ePDCg9k9\" rel=\"DoFollow\" target=\"_Blank\">Medina del Campo<\/a> se llega muy f\u00e1cilmente, ya que se encuentra en la <strong>Autov\u00eda A6<\/strong>, Madrid \u2013 La Coru\u00f1a, con 4 salidas.<\/p>\n<figure id=\"attachment_29988\" aria-describedby=\"caption-attachment-29988\" style=\"width: 640px\" class=\"wp-caption aligncenter\"><img decoding=\"async\" src=\"https:\/\/destinocastillayleon.es\/index\/wp-content\/uploads\/2017\/06\/58754757205710452106e96b2d8d060a.jpg\" alt=\"Medina del Campo desde la colina del castillo - Destino Castilla y Le\u00f3n\" width=\"640\" height=\"400\" class=\"size-full wp-image-29988\" srcset=\"https:\/\/destinocastillayleon.es\/index\/wp-content\/uploads\/2017\/06\/58754757205710452106e96b2d8d060a.jpg 640w, https:\/\/destinocastillayleon.es\/index\/wp-content\/uploads\/2017\/06\/58754757205710452106e96b2d8d060a-300x188.jpg 300w\" sizes=\"(max-width: 640px) 100vw, 640px\" \/><figcaption id=\"caption-attachment-29988\" class=\"wp-caption-text\">Medina del Campo desde la colina del castillo &#8211; Destino Castilla y Le\u00f3n<\/figcaption><\/figure>\n<h4><strong>D\u00f3nde alojarse<\/strong><\/h4>\n<p>Si quieres disfrutar de toda la Feria, <strong>te recomendamos varios hoteles<\/strong>. El primero, funcional pero muy bien situado, el <a href=\"Hotel Reina Isabel\" target=\"_Blank\" rel=\"NoFollow\">Hotel Reina Isabel<\/a>; pero si quieres adem\u00e1s relajarte y darte un tratamiento, <a href=\"https:\/\/www.booking.com\/hotel\/es\/balneario-palacio-de-las-salinas.es.html?aid=1281624;sid=afd7163146a55d9859279aad07f473e0;atlas_src=sr_iw_btn;dist=0;group_adults=2;group_children=1;no_rooms=1;room1=A%2CA%2C12;sb_price_type=total;type=total;ucfs=1&#038;\" target=\"_Blank\" rel=\"NoFollow\">Hotel Balneario de Las Salinas<\/a>.<\/p>\n<h4><strong>D\u00f3nde Comer<\/strong><\/h4>\n<p>Comer es un placer en <strong>una villa con tanta tradici\u00f3n<\/strong>; as\u00ed como te mostramos, puedes <a href=\"https:\/\/destinocastillayleon.es\/index\/comer-bien-en-medina-del-campo\/\">comer en el entorno de la Plaza Mayor de la Hispanidad<\/a>, tanto a la carta, como tapeando por su entorno.<\/p>\n<h2><strong>Una nueva edici\u00f3n de la Feria de Enoturismo<\/strong><\/h2>\n<p>Como otros a\u00f1os, <strong>la Plaza Mayor de la Hispanidad de Medina del Campo ser\u00e1 el escenario perfecto para la realizaci\u00f3n de esta feria<\/strong>; un evento pensando para los seguidores del turismo del vino, pero tambi\u00e9n para aquellos que simplemente son solamente curiosos y quieren empezar a descubrirlo.<\/p>\n<figure id=\"attachment_16118\" aria-describedby=\"caption-attachment-16118\" style=\"width: 640px\" class=\"wp-caption aligncenter\"><img decoding=\"async\" src=\"https:\/\/destinocastillayleon.es\/index\/wp-content\/uploads\/2014\/10\/Plaza-de-Medina-del-Campo.jpg\" alt=\"Plaza de Medina del Campo\" width=\"640\" height=\"433\" class=\"size-full wp-image-16118\" srcset=\"https:\/\/destinocastillayleon.es\/index\/wp-content\/uploads\/2014\/10\/Plaza-de-Medina-del-Campo.jpg 640w, https:\/\/destinocastillayleon.es\/index\/wp-content\/uploads\/2014\/10\/Plaza-de-Medina-del-Campo-300x202.jpg 300w\" sizes=\"(max-width: 640px) 100vw, 640px\" \/><figcaption id=\"caption-attachment-16118\" class=\"wp-caption-text\">Plaza mayor de la Hispanidad de Medina del Campo<\/figcaption><\/figure>\n<h3><strong>Una feria para todos<\/strong><\/h3>\n<p>Para ello, este a\u00f1o, <strong>pensando en las familias, la organizaci\u00f3n ha creado un especio y actividades para los m\u00e1s peque\u00f1os<\/strong>, permitiendo a los mayores disfrutar de la esencia de esta feria, <strong>conocer la oferta tur\u00edstica relacionada con el mundo y la cultura del vino<\/strong>. <\/p>\n<figure id=\"attachment_30450\" aria-describedby=\"caption-attachment-30450\" style=\"width: 640px\" class=\"wp-caption aligncenter\"><img decoding=\"async\" src=\"https:\/\/destinocastillayleon.es\/index\/wp-content\/uploads\/2017\/06\/Espacio-para-peques-en-la-propia-Feria-de-Enoturismo.jpg\" alt=\"La ludoteca, un espacio para peques en la propia Feria de Enoturismo\" width=\"640\" height=\"400\" class=\"size-full wp-image-30450\" srcset=\"https:\/\/destinocastillayleon.es\/index\/wp-content\/uploads\/2017\/06\/Espacio-para-peques-en-la-propia-Feria-de-Enoturismo.jpg 640w, https:\/\/destinocastillayleon.es\/index\/wp-content\/uploads\/2017\/06\/Espacio-para-peques-en-la-propia-Feria-de-Enoturismo-300x188.jpg 300w\" sizes=\"(max-width: 640px) 100vw, 640px\" \/><figcaption id=\"caption-attachment-30450\" class=\"wp-caption-text\">La ludoteca, un espacio para peques en la propia Feria de Enoturismo<\/figcaption><\/figure>\n<h4><strong>Un escaparate \u00fanico para las empresas del sector<\/strong><\/h4>\n<p>La Feria del Enoturismo es <strong>una oportunidad para darse a conocer, tanto al p\u00fablico general como a empresas cercanas<\/strong> con las que buscar sinergias promocionando el entorno rural con actividades sostenibles que generen empleo y fijaci\u00f3n de poblaci\u00f3n.<\/p>\n<h4><strong>Degustaciones y experiencias<\/strong><\/h4>\n<p><strong>Los vinos y los productos de la tierra tienen aqu\u00ed una ventana al mundo<\/strong>, con barras de tapeo y con una muestra representativa de los vinos de las diferentes regiones, abiertas a todo el mundo; pero adem\u00e1s <strong>hay organizadas actividades paralelas en la carpa con talleres y degustaciones especiales relacionados con estos productos<\/strong>.<\/p>\n<figure id=\"attachment_30454\" aria-describedby=\"caption-attachment-30454\" style=\"width: 640px\" class=\"wp-caption aligncenter\"><img decoding=\"async\" src=\"https:\/\/destinocastillayleon.es\/index\/wp-content\/uploads\/2017\/06\/fe835fdbe9e0fec67c339f8253286042.jpg\" alt=\"Cata y degustaci\u00f3n de vinos en otras ediciones\" width=\"640\" height=\"426\" class=\"size-full wp-image-30454\" srcset=\"https:\/\/destinocastillayleon.es\/index\/wp-content\/uploads\/2017\/06\/fe835fdbe9e0fec67c339f8253286042.jpg 640w, https:\/\/destinocastillayleon.es\/index\/wp-content\/uploads\/2017\/06\/fe835fdbe9e0fec67c339f8253286042-300x200.jpg 300w, https:\/\/destinocastillayleon.es\/index\/wp-content\/uploads\/2017\/06\/fe835fdbe9e0fec67c339f8253286042-600x400.jpg 600w\" sizes=\"(max-width: 640px) 100vw, 640px\" \/><figcaption id=\"caption-attachment-30454\" class=\"wp-caption-text\">Cata y degustaci\u00f3n de vinos en otras ediciones<\/figcaption><\/figure>\n<h3><strong>La Ruta de los C\u00f3cteles y los Combinados<\/strong><\/h3>\n<p>Adicionalmente a esta feria, <strong>hasta el domingo 19, se celebrar\u00e1 entre distintos locales, la III Ruta de C\u00f3cteles y Combinados elaborados con vinos de la variedad Verdejo<\/strong>; algunos en la propia Medina del Campo, pero otros tambi\u00e9n en Matapozuelos u Olmedo.<\/p>\n<p>Estos combinados <strong>valen de 3 a 5 euros<\/strong>.<\/p>\n<figure id=\"attachment_30452\" aria-describedby=\"caption-attachment-30452\" style=\"width: 380px\" class=\"wp-caption aligncenter\"><img decoding=\"async\" src=\"https:\/\/destinocastillayleon.es\/index\/wp-content\/uploads\/2017\/06\/Cartel-de-la-III-Ruta-del-Coctel-y-el-Combinado-de-Vino.jpg\" alt=\"Cartel de la III Ruta del Coctel y el Combinado de Vino\" width=\"380\" height=\"551\" class=\"size-full wp-image-30452\" srcset=\"https:\/\/destinocastillayleon.es\/index\/wp-content\/uploads\/2017\/06\/Cartel-de-la-III-Ruta-del-Coctel-y-el-Combinado-de-Vino.jpg 380w, https:\/\/destinocastillayleon.es\/index\/wp-content\/uploads\/2017\/06\/Cartel-de-la-III-Ruta-del-Coctel-y-el-Combinado-de-Vino-207x300.jpg 207w\" sizes=\"(max-width: 380px) 100vw, 380px\" \/><figcaption id=\"caption-attachment-30452\" class=\"wp-caption-text\">Cartel de la III Ruta del Coctel y el Combinado de Vino<\/figcaption><\/figure>\n<h2><strong>IV Congreso regional de Enoturismo<\/strong><\/h2>\n<p>Este congreso, ya en <strong>su IV edici\u00f3n<\/strong>, est\u00e1 ya consolid\u00e1ndose como una cita importante. <strong>Arrancando el viernes, 17 de mayo, en el Hotel Balneario de Las Salinas<\/strong>, abordar\u00e1 en esta edici\u00f3n los restos de este sector para conseguir la relevancia que se merece y ser <strong>una alternativa real al turismo tradicional<\/strong>, y que pasa por <strong>una aut\u00e9ntica profesionalizaci\u00f3n del sector<\/strong>.<\/p>\n<figure id=\"attachment_27551\" aria-describedby=\"caption-attachment-27551\" style=\"width: 640px\" class=\"wp-caption aligncenter\"><img decoding=\"async\" src=\"https:\/\/destinocastillayleon.es\/index\/wp-content\/uploads\/2013\/10\/balneario-de-las-Salinas.jpg\" alt=\"Balneario de las Salinas Fuente de la imagen: Central de Reservas\" width=\"640\" class=\"size-full wp-image-27551\" srcset=\"https:\/\/destinocastillayleon.es\/index\/wp-content\/uploads\/2013\/10\/balneario-de-las-Salinas.jpg 797w, https:\/\/destinocastillayleon.es\/index\/wp-content\/uploads\/2013\/10\/balneario-de-las-Salinas-300x200.jpg 300w, https:\/\/destinocastillayleon.es\/index\/wp-content\/uploads\/2013\/10\/balneario-de-las-Salinas-768x511.jpg 768w, https:\/\/destinocastillayleon.es\/index\/wp-content\/uploads\/2013\/10\/balneario-de-las-Salinas-600x400.jpg 600w\" sizes=\"(max-width: 797px) 100vw, 797px\" \/><figcaption id=\"caption-attachment-27551\" class=\"wp-caption-text\">Balneario de las Salinas Fuente de la imagen: Central de Reservas<\/figcaption><\/figure>\n<p>En este congreso habr\u00e1 <strong>presentaci\u00f3n de proyectos, demostraciones de programaci\u00f3n de actividades,.. <\/strong>Para ello, se contar\u00e1 con la presencia de profesionales del sector, como periodistas, docentes de escuelas de enoturismo y de universidades.<\/p>\n<figure id=\"attachment_30448\" aria-describedby=\"caption-attachment-30448\" style=\"width: 380px\" class=\"wp-caption aligncenter\"><img decoding=\"async\" src=\"https:\/\/destinocastillayleon.es\/index\/wp-content\/uploads\/2017\/06\/Feria-del-Enoturismo-de-Medina-del-Campo.jpg\" alt=\"Congreso de Enoturismo de Medina del Campo\" width=\"380\" height=\"537\" class=\"size-full wp-image-30448\" srcset=\"https:\/\/destinocastillayleon.es\/index\/wp-content\/uploads\/2017\/06\/Feria-del-Enoturismo-de-Medina-del-Campo.jpg 380w, https:\/\/destinocastillayleon.es\/index\/wp-content\/uploads\/2017\/06\/Feria-del-Enoturismo-de-Medina-del-Campo-212x300.jpg 212w\" sizes=\"(max-width: 380px) 100vw, 380px\" \/><figcaption id=\"caption-attachment-30448\" class=\"wp-caption-text\">Cartel del Congreso de Enoturismo de Medina del Campo<\/figcaption><\/figure>\n<h4><strong>Inscripciones<\/strong><\/h4>\n<p>La inscripci\u00f3n <strong>ser\u00e1 gratuita hasta completar aforo<\/strong>; a trav\u00e9s del Ayuntamiento de Medina del Campo, en el Servicio de Desarrollo Local.<br \/>\nTelf.: +34 983 812 481.<br \/>\n@.: <a href=\"mailto.medina21@medinadelcampo.es\">medina21@medinadelcampo.es<\/a><\/p>\n<h3><strong>Webinar sobre enoturismo<\/strong><\/h3>\n<p>Una novedad de esta edici\u00f3n ser\u00e1 <strong>este \u201cWebinar, Enoturismo On-line\u201d que se llevar\u00e1 a cabo el viernes 17, de 17:00 a 18:00 horas<\/strong>. Con informaci\u00f3n de las posibilidades de las nuevas tecnolog\u00edas, redes sociales, aplicadas al mundo vitivin\u00edcola y al enoturismo.<\/p>\n<p>Se tratar\u00e1n <strong>experiencias de una nueva forma de comunicarse<\/strong>, sobre todo, con los nuevos consumidores, los j\u00f3venes. Se abordar\u00e1n los nuevos enfoques de la comunicaci\u00f3n; haciendo hincapi\u00e9 en los casos de \u00e9xito. <\/p>\n<h2><strong>Otras atividades relacionadas con la Feria del Enoturismo<\/strong><\/h2>\n<h3><strong>\u201dVinun Domini\u201d<\/strong><\/h3>\n<p>Esta interesante actividad est\u00e1 pensada como <strong>una experiencia original y distinta a las habituales<\/strong>. Una combinaci\u00f3n de una visita a una bodega hist\u00f3rica, con buenos vinos de la zona y una recreaci\u00f3n de las costumbre ligadas a la buena mesa, como dir\u00edan nuestros amigos de <a href=\"http:\/\/atavolaconilconte.es\/index\" rel=\"DoFollow\" target=\"_Blank\"><em>A Tavola con il Conte<\/em><\/a>. Y esto quiere decir, <strong>buen beber, saber beber y saber c\u00f3mo beber, pero en la \u00e9poca de los Reyes Cat\u00f3licos<\/strong>.<\/p>\n<figure id=\"attachment_30457\" aria-describedby=\"caption-attachment-30457\" style=\"width: 640px\" class=\"wp-caption aligncenter\"><img decoding=\"async\" src=\"https:\/\/destinocastillayleon.es\/index\/wp-content\/uploads\/2017\/06\/cc69d03868e35c42447aa450f78de432.jpg\" alt=\"Bodega subterr\u00e1nea de Medina del Campo\" width=\"640\" height=\"427\" class=\"size-full wp-image-30457\" srcset=\"https:\/\/destinocastillayleon.es\/index\/wp-content\/uploads\/2017\/06\/cc69d03868e35c42447aa450f78de432.jpg 640w, https:\/\/destinocastillayleon.es\/index\/wp-content\/uploads\/2017\/06\/cc69d03868e35c42447aa450f78de432-300x200.jpg 300w, https:\/\/destinocastillayleon.es\/index\/wp-content\/uploads\/2017\/06\/cc69d03868e35c42447aa450f78de432-600x400.jpg 600w\" sizes=\"(max-width: 640px) 100vw, 640px\" \/><figcaption id=\"caption-attachment-30457\" class=\"wp-caption-text\">Bodega subterr\u00e1nea de Medina del Campo<\/figcaption><\/figure>\n<h4><strong>Horarios<\/strong><\/h4>\n<ul>Viernes 17 de mayo, a las 19:00 horas.<br \/>\nS\u00e1bado 18 de mayo; a las 17:00, 18:00 y 19:00 horas.<br \/>\nDomingo 19 de mayo, a las 12:00 y 13:00 horas.<\/ul>\n<h4><strong>Precio de la actividad<\/strong><\/h4>\n<p>Esta actividad es de pago, con un coste de <strong>4\u20ac\/persona<\/strong>.<\/p>\n<h4><strong>Reserva<\/strong><\/h4>\n<p>Telf.: +34 983 330 822<br \/>\n@.: <a href=\"mailto.feriaenoturismo@bsj-marketing.es\">feriaenoturismo@bsj-marketing.es<\/a><\/p>\n<h3><strong>D\u00eda internacional de los Museos<\/strong><\/h3>\n<p>Tambi\u00e9n este d\u00eda tiene su espacio en esta feria de Enoturismo. De la mano de Aster Magonia es posible disfrutar de<strong> visitas teatralizadas por algunos de los lugares m\u00e1s importantes de Medina del Campo<\/strong>, como es el Palacio Real Testamentario y la Colegiata de San Antol\u00edn, en la plaza Mayor de la Hispanidad, o bien en el <a href=\"https:\/\/destinocastillayleon.es\/index\/visitar-el-castillo-de-la-mota\/\">Castillo de la Mota<\/a>, o bodegas subterr\u00e1neas centenarias.<\/p>\n<figure id=\"attachment_8927\" aria-describedby=\"caption-attachment-8927\" style=\"width: 640px\" class=\"wp-caption aligncenter\"><img decoding=\"async\" src=\"https:\/\/destinocastillayleon.es\/index\/wp-content\/uploads\/2013\/11\/Palacio-Real-Testamentario.jpg\" alt=\"Palacio Real Testamentario\" width=\"640\" height=\"480\" class=\"size-full wp-image-8927\" srcset=\"https:\/\/destinocastillayleon.es\/index\/wp-content\/uploads\/2013\/11\/Palacio-Real-Testamentario.jpg 640w, https:\/\/destinocastillayleon.es\/index\/wp-content\/uploads\/2013\/11\/Palacio-Real-Testamentario-300x225.jpg 300w\" sizes=\"(max-width: 640px) 100vw, 640px\" \/><figcaption id=\"caption-attachment-8927\" class=\"wp-caption-text\">Palacio Real Testamentario &#8211; Destino Castilla y Le\u00f3n<\/figcaption><\/figure>\n<h4><strong>Informaci\u00f3n y reserva<\/strong><\/h4>\n<p>Telf.: +34 983 810 063 \/ +34 983 812 724<br \/>\n@.: <a href=\"mailto.info@palaciorealtestamentario.com\">info@palaciorealtestamentario.com<\/a><\/p>\n<h3><strong>Otros eventos<\/strong><\/h3>\n<p>La carpa de la Plaza Mayor de la Hispanidad <strong>ser\u00e1 el escenario donde se realizaran actividades durante todos los d\u00edas<\/strong>, en paralelo a la feria en s\u00ed.<\/p>\n<p>Hay programadas<strong> catas y presentaciones de productos, como la degustaci\u00f3n de Conejo a la parrilla con brasa de sarmientos de vid<\/strong>, catas de vinos de <strong>Bodega Vadub\u00f3n<\/strong> (DO. Ribera del Duero), cata de torreznos <strong>la presentaci\u00f3n de la Ruta del Vino de Toro<\/strong>. Tambi\u00e9n habr\u00e1 presentaciones de proyectos  como  \u201c<strong>Experiencias virtuales de Enoturismo<\/strong>\u201d, la <strong>I Feria de la Gastronom\u00eda, Naturaleza y Vino SaborESduero de Castronu\u00f1o<\/strong> y degustaci\u00f3n de <strong>productos Xokoreto<\/strong>.<\/p>\n<figure id=\"attachment_30447\" aria-describedby=\"caption-attachment-30447\" style=\"width: 640px\" class=\"wp-caption aligncenter\"><img decoding=\"async\" src=\"https:\/\/destinocastillayleon.es\/index\/wp-content\/uploads\/2017\/06\/Degustaciones-de-productos.jpg\" alt=\"Degustaciones de productos de la Tierra\" width=\"640\" height=\"400\" class=\"size-full wp-image-30447\" srcset=\"https:\/\/destinocastillayleon.es\/index\/wp-content\/uploads\/2017\/06\/Degustaciones-de-productos.jpg 640w, https:\/\/destinocastillayleon.es\/index\/wp-content\/uploads\/2017\/06\/Degustaciones-de-productos-300x188.jpg 300w\" sizes=\"(max-width: 640px) 100vw, 640px\" \/><figcaption id=\"caption-attachment-30447\" class=\"wp-caption-text\">Degustaciones de productos de la Tierra<\/figcaption><\/figure>\n<p>Se realizar\u00e1 la presentaci\u00f3n de <strong>la Asociaci\u00f3n de En\u00f3logos de Castilla y Le\u00f3n<\/strong>, cata de aceites Oliduero Prestigio Ecol\u00f3gico. Y la tarde del domingo se inicia \u201cTardeo\u201d y la <strong>Asociaci\u00f3n J\u00f3venes por el Vino<\/strong>, con m\u00fasica en directo del Dj V\u00edctor \u00c1lvarez, parrillada y porrones. Y  finalizan las actividades en la carpa con una <strong>cata de vinos internacionales de Amarante, Portugal<\/strong>. Algunas de estas actividades precisan de reserva previa.<\/p>\n<p><font size=\"2\"><strong>Nota:<\/strong> Fuente de las im\u00e1genes, no Destino Castilla y Le\u00f3n, <a href=\"https:\/\/cardinaliablog.wordpress.com\/\" rel=\"noopener\" rel=\"NoFollow! target=\"_blank\">Cardinalia Comunicaci\u00f3n<\/a><\/font><\/p>\n<h4>Tambi\u00e9n te puede interesar<\/h4>\n<ul>\n<li><a href=\"https:\/\/destinocastillayleon.es\/index\/visitar-el-castillo-de-la-mota\/\">Visita el Castillo de la Mota, el icono de Medina del Campo<\/a>.<\/li>\n<li><a href=\"https:\/\/destinocastillayleon.es\/index\/bodega-castelo-de-medina\/\">Nos vamos de enoturismo a a visitar la Bodega Castelo de Medina en Villaverde de Medina<\/a>.<\/li>\n<li><a href=\"https:\/\/destinocastillayleon.es\/index\/medina-del-campo-la-villa-de-las-ferias\/\">Medina del Campo, la villa de las ferias<\/a>.<\/li>\n<\/ul>\n","protected":false},"excerpt":{"rendered":"<p>Nos vamos a conocer enoturismo. En Medina del Campo se celebra del 17 al 19 de mayor esta V Feria del Enoturismo de Medina del Campo. \u00bfTe lo vas a perder?<\/p>\n","protected":false},"author":2,"featured_media":30449,"comment_status":"open","ping_status":"closed","sticky":false,"template":"","format":"standard","meta":{"rop_custom_images_group":[],"rop_custom_messages_group":[],"rop_publish_now":"initial","rop_publish_now_accounts":{"twitter_1150954226_1150954226":""},"rop_publish_now_history":[],"rop_publish_now_status":"pending","footnotes":""},"categories":[77,1343,48,4477,5511,68,26,4800],"tags":[93,5294,321],"class_list":["post-30440","post","type-post","status-publish","format-standard","has-post-thumbnail","hentry","category-actualidad-y-agenda-de-castilla-y-leon","category-agenda","category-enoturismo","category-jornadas-gastronomicas","category-no-rescatar-en-rrss","category-post_inicial","category-valladolid","category-valladolid-actualidad","tag-enoturismo-2","tag-feria-de-enoturismo","tag-medina-del-campo"],"yoast_head":"<!-- This site is optimized with the Yoast SEO Premium plugin v20.4 (Yoast SEO v27.4) - https:\/\/yoast.com\/product\/yoast-seo-premium-wordpress\/ -->\n<title>Feria de Enoturismo 2019 en Medina del Campo - Destino Castilla y Le\u00f3n<\/title>\n<meta name=\"robots\" content=\"index, follow, max-snippet:-1, max-image-preview:large, max-video-preview:-1\" \/>\n<link rel=\"canonical\" href=\"https:\/\/destinocastillayleon.es\/index\/feria-de-enoturismo-2019\/\" \/>\n<meta property=\"og:locale\" content=\"es_ES\" \/>\n<meta property=\"og:type\" content=\"article\" \/>\n<meta property=\"og:title\" content=\"Feria de Enoturismo 2019 en Medina del Campo \u2013 Destino Castilla y Le\u00f3n\" \/>\n<meta property=\"og:description\" content=\"Nos vamos a conocer enoturismo. En Medina del Campo se celebra del 17 al 19 de mayor esta V Feria del Enoturismo de Medina del Campo. \u00bfTe lo vas a perder?\" \/>\n<meta property=\"og:url\" content=\"https:\/\/destinocastillayleon.es\/index\/feria-de-enoturismo-2019\/\" \/>\n<meta property=\"og:site_name\" content=\"Destino Castilla y Le\u00f3n\" \/>\n<meta property=\"article:publisher\" content=\"https:\/\/www.facebook.com\/DestinoCastillaYLeon\/\" \/>\n<meta property=\"article:author\" content=\"https:\/\/www.facebook.com\/profile.php?id=1158416854\" \/>\n<meta property=\"article:published_time\" content=\"2019-05-17T04:20:46+00:00\" \/>\n<meta property=\"og:image\" content=\"https:\/\/destinocastillayleon.es\/index\/wp-content\/uploads\/2017\/06\/V-Feria-de-Enoturismo-Medina-del-Campo.jpg\" \/>\n\t<meta property=\"og:image:width\" content=\"850\" \/>\n\t<meta property=\"og:image:height\" content=\"478\" \/>\n\t<meta property=\"og:image:type\" content=\"image\/jpeg\" \/>\n<meta name=\"author\" content=\"David V\u00e1zquez\" \/>\n<meta name=\"twitter:card\" content=\"summary_large_image\" \/>\n<meta name=\"twitter:title\" content=\"Feria de Enoturismo 2019 en Medina del Campo \u2013 Destino Castilla y Le\u00f3n\" \/>\n<meta name=\"twitter:description\" content=\"Nos vamos a conocer enoturismo. En Medina del Campo se celebra del 17 al 19 de mayor esta V Feria del Enoturismo de Medina del Campo. \u00bfTe lo vas a perder?\" \/>\n<meta name=\"twitter:image\" content=\"https:\/\/destinocastillayleon.es\/index\/wp-content\/uploads\/2017\/06\/V-Feria-de-Enoturismo-Medina-del-Campo.jpg\" \/>\n<meta name=\"twitter:creator\" content=\"@https:\/\/twitter.com\/ContePantaleone\u200e\" \/>\n<meta name=\"twitter:site\" content=\"@destinocyl\" \/>\n<meta name=\"twitter:label1\" content=\"Escrito por\" \/>\n\t<meta name=\"twitter:data1\" content=\"David V\u00e1zquez\" \/>\n\t<meta name=\"twitter:label2\" content=\"Tiempo de lectura\" \/>\n\t<meta name=\"twitter:data2\" content=\"6 minutos\" \/>\n<script type=\"application\/ld+json\" class=\"yoast-schema-graph\">{\"@context\":\"https:\\\/\\\/schema.org\",\"@graph\":[{\"@type\":\"Article\",\"@id\":\"https:\\\/\\\/destinocastillayleon.es\\\/index\\\/feria-de-enoturismo-2019\\\/#article\",\"isPartOf\":{\"@id\":\"https:\\\/\\\/destinocastillayleon.es\\\/index\\\/feria-de-enoturismo-2019\\\/\"},\"author\":{\"name\":\"David V\u00e1zquez\",\"@id\":\"https:\\\/\\\/destinocastillayleon.es\\\/index\\\/#\\\/schema\\\/person\\\/189221bc8f6cc4fa28b18ad5c289d4c2\"},\"headline\":\"Feria de Enoturismo 2019 en Medina del Campo\",\"datePublished\":\"2019-05-17T04:20:46+00:00\",\"mainEntityOfPage\":{\"@id\":\"https:\\\/\\\/destinocastillayleon.es\\\/index\\\/feria-de-enoturismo-2019\\\/\"},\"wordCount\":1226,\"commentCount\":0,\"image\":{\"@id\":\"https:\\\/\\\/destinocastillayleon.es\\\/index\\\/feria-de-enoturismo-2019\\\/#primaryimage\"},\"thumbnailUrl\":\"https:\\\/\\\/destinocastillayleon.es\\\/index\\\/wp-content\\\/uploads\\\/2017\\\/06\\\/V-Feria-de-Enoturismo-Medina-del-Campo.jpg\",\"keywords\":[\"enoturismo\",\"feria de enoturismo\",\"Medina del Campo\"],\"articleSection\":[\"Actualidad\",\"Agenda\",\"enoturismo\",\"jornadas gastron\u00f3micas\",\"No rescatar en RRSS\",\"Post_inicial\",\"Valladolid\",\"Valladolid Actualidad\"],\"inLanguage\":\"es\",\"potentialAction\":[{\"@type\":\"CommentAction\",\"name\":\"Comment\",\"target\":[\"https:\\\/\\\/destinocastillayleon.es\\\/index\\\/feria-de-enoturismo-2019\\\/#respond\"]}]},{\"@type\":\"WebPage\",\"@id\":\"https:\\\/\\\/destinocastillayleon.es\\\/index\\\/feria-de-enoturismo-2019\\\/\",\"url\":\"https:\\\/\\\/destinocastillayleon.es\\\/index\\\/feria-de-enoturismo-2019\\\/\",\"name\":\"Feria de Enoturismo 2019 en Medina del Campo - Destino Castilla y Le\u00f3n\",\"isPartOf\":{\"@id\":\"https:\\\/\\\/destinocastillayleon.es\\\/index\\\/#website\"},\"primaryImageOfPage\":{\"@id\":\"https:\\\/\\\/destinocastillayleon.es\\\/index\\\/feria-de-enoturismo-2019\\\/#primaryimage\"},\"image\":{\"@id\":\"https:\\\/\\\/destinocastillayleon.es\\\/index\\\/feria-de-enoturismo-2019\\\/#primaryimage\"},\"thumbnailUrl\":\"https:\\\/\\\/destinocastillayleon.es\\\/index\\\/wp-content\\\/uploads\\\/2017\\\/06\\\/V-Feria-de-Enoturismo-Medina-del-Campo.jpg\",\"datePublished\":\"2019-05-17T04:20:46+00:00\",\"author\":{\"@id\":\"https:\\\/\\\/destinocastillayleon.es\\\/index\\\/#\\\/schema\\\/person\\\/189221bc8f6cc4fa28b18ad5c289d4c2\"},\"breadcrumb\":{\"@id\":\"https:\\\/\\\/destinocastillayleon.es\\\/index\\\/feria-de-enoturismo-2019\\\/#breadcrumb\"},\"inLanguage\":\"es\",\"potentialAction\":[{\"@type\":\"ReadAction\",\"target\":[\"https:\\\/\\\/destinocastillayleon.es\\\/index\\\/feria-de-enoturismo-2019\\\/\"]}]},{\"@type\":\"ImageObject\",\"inLanguage\":\"es\",\"@id\":\"https:\\\/\\\/destinocastillayleon.es\\\/index\\\/feria-de-enoturismo-2019\\\/#primaryimage\",\"url\":\"https:\\\/\\\/destinocastillayleon.es\\\/index\\\/wp-content\\\/uploads\\\/2017\\\/06\\\/V-Feria-de-Enoturismo-Medina-del-Campo.jpg\",\"contentUrl\":\"https:\\\/\\\/destinocastillayleon.es\\\/index\\\/wp-content\\\/uploads\\\/2017\\\/06\\\/V-Feria-de-Enoturismo-Medina-del-Campo.jpg\",\"width\":850,\"height\":478,\"caption\":\"Feria de Enoturismo en Medina del Campo\"},{\"@type\":\"BreadcrumbList\",\"@id\":\"https:\\\/\\\/destinocastillayleon.es\\\/index\\\/feria-de-enoturismo-2019\\\/#breadcrumb\",\"itemListElement\":[{\"@type\":\"ListItem\",\"position\":1,\"name\":\"Portada\",\"item\":\"https:\\\/\\\/destinocastillayleon.es\\\/index\\\/\"},{\"@type\":\"ListItem\",\"position\":2,\"name\":\"Feria de Enoturismo 2019 en Medina del Campo\"}]},{\"@type\":\"WebSite\",\"@id\":\"https:\\\/\\\/destinocastillayleon.es\\\/index\\\/#website\",\"url\":\"https:\\\/\\\/destinocastillayleon.es\\\/index\\\/\",\"name\":\"Destino Castilla y Le\u00f3n\",\"description\":\"Medio digital independiente y revista de Castilla y Le\u00f3n dedicado al turismo, gastronom\u00eda y vino de Castilla y Le\u00f3n\",\"potentialAction\":[{\"@type\":\"SearchAction\",\"target\":{\"@type\":\"EntryPoint\",\"urlTemplate\":\"https:\\\/\\\/destinocastillayleon.es\\\/index\\\/?s={search_term_string}\"},\"query-input\":{\"@type\":\"PropertyValueSpecification\",\"valueRequired\":true,\"valueName\":\"search_term_string\"}}],\"inLanguage\":\"es\"},{\"@type\":\"Person\",\"@id\":\"https:\\\/\\\/destinocastillayleon.es\\\/index\\\/#\\\/schema\\\/person\\\/189221bc8f6cc4fa28b18ad5c289d4c2\",\"name\":\"David V\u00e1zquez\",\"image\":{\"@type\":\"ImageObject\",\"inLanguage\":\"es\",\"@id\":\"https:\\\/\\\/secure.gravatar.com\\\/avatar\\\/cd12db6c575a90c3b75cfa0f794b74d425201c768612fad17e9f13cd33d48be8?s=96&d=mm&r=g\",\"url\":\"https:\\\/\\\/secure.gravatar.com\\\/avatar\\\/cd12db6c575a90c3b75cfa0f794b74d425201c768612fad17e9f13cd33d48be8?s=96&d=mm&r=g\",\"contentUrl\":\"https:\\\/\\\/secure.gravatar.com\\\/avatar\\\/cd12db6c575a90c3b75cfa0f794b74d425201c768612fad17e9f13cd33d48be8?s=96&d=mm&r=g\",\"caption\":\"David V\u00e1zquez\"},\"description\":\"Ingeniero Industrial de vocaci\u00f3n y profesi\u00f3n, he encontrado en los blogs la forma de plasmar mi pasi\u00f3n por los viajes, la gastronom\u00eda y los vinos. Especialmente los procedentes de Castilla y Le\u00f3n\",\"sameAs\":[\"https:\\\/\\\/www.destinocastillayleon.es\",\"https:\\\/\\\/www.facebook.com\\\/profile.php?id=1158416854\",\"https:\\\/\\\/instagram.com\\\/conte.pantaleone\",\"https:\\\/\\\/www.linkedin.com\\\/pub\\\/david-vazquez-lozano\\\/37\\\/17a\\\/25a\",\"https:\\\/\\\/x.com\\\/https:\\\/\\\/twitter.com\\\/ContePantaleone\u200e\"],\"url\":\"https:\\\/\\\/destinocastillayleon.es\\\/index\\\/author\\\/coadministradorcyl\\\/\"}]}<\/script>\n<!-- \/ Yoast SEO Premium plugin. -->","yoast_head_json":{"title":"Feria de Enoturismo 2019 en Medina del Campo - Destino Castilla y Le\u00f3n","robots":{"index":"index","follow":"follow","max-snippet":"max-snippet:-1","max-image-preview":"max-image-preview:large","max-video-preview":"max-video-preview:-1"},"canonical":"https:\/\/destinocastillayleon.es\/index\/feria-de-enoturismo-2019\/","og_locale":"es_ES","og_type":"article","og_title":"Feria de Enoturismo 2019 en Medina del Campo \u2013 Destino Castilla y Le\u00f3n","og_description":"Nos vamos a conocer enoturismo. En Medina del Campo se celebra del 17 al 19 de mayor esta V Feria del Enoturismo de Medina del Campo. \u00bfTe lo vas a perder?","og_url":"https:\/\/destinocastillayleon.es\/index\/feria-de-enoturismo-2019\/","og_site_name":"Destino Castilla y Le\u00f3n","article_publisher":"https:\/\/www.facebook.com\/DestinoCastillaYLeon\/","article_author":"https:\/\/www.facebook.com\/profile.php?id=1158416854","article_published_time":"2019-05-17T04:20:46+00:00","og_image":[{"width":850,"height":478,"url":"https:\/\/destinocastillayleon.es\/index\/wp-content\/uploads\/2017\/06\/V-Feria-de-Enoturismo-Medina-del-Campo.jpg","type":"image\/jpeg"}],"author":"David V\u00e1zquez","twitter_card":"summary_large_image","twitter_title":"Feria de Enoturismo 2019 en Medina del Campo \u2013 Destino Castilla y Le\u00f3n","twitter_description":"Nos vamos a conocer enoturismo. En Medina del Campo se celebra del 17 al 19 de mayor esta V Feria del Enoturismo de Medina del Campo. \u00bfTe lo vas a perder?","twitter_image":"https:\/\/destinocastillayleon.es\/index\/wp-content\/uploads\/2017\/06\/V-Feria-de-Enoturismo-Medina-del-Campo.jpg","twitter_creator":"@https:\/\/twitter.com\/ContePantaleone\u200e","twitter_site":"@destinocyl","twitter_misc":{"Escrito por":"David V\u00e1zquez","Tiempo de lectura":"6 minutos"},"schema":{"@context":"https:\/\/schema.org","@graph":[{"@type":"Article","@id":"https:\/\/destinocastillayleon.es\/index\/feria-de-enoturismo-2019\/#article","isPartOf":{"@id":"https:\/\/destinocastillayleon.es\/index\/feria-de-enoturismo-2019\/"},"author":{"name":"David V\u00e1zquez","@id":"https:\/\/destinocastillayleon.es\/index\/#\/schema\/person\/189221bc8f6cc4fa28b18ad5c289d4c2"},"headline":"Feria de Enoturismo 2019 en Medina del Campo","datePublished":"2019-05-17T04:20:46+00:00","mainEntityOfPage":{"@id":"https:\/\/destinocastillayleon.es\/index\/feria-de-enoturismo-2019\/"},"wordCount":1226,"commentCount":0,"image":{"@id":"https:\/\/destinocastillayleon.es\/index\/feria-de-enoturismo-2019\/#primaryimage"},"thumbnailUrl":"https:\/\/destinocastillayleon.es\/index\/wp-content\/uploads\/2017\/06\/V-Feria-de-Enoturismo-Medina-del-Campo.jpg","keywords":["enoturismo","feria de enoturismo","Medina del Campo"],"articleSection":["Actualidad","Agenda","enoturismo","jornadas gastron\u00f3micas","No rescatar en RRSS","Post_inicial","Valladolid","Valladolid Actualidad"],"inLanguage":"es","potentialAction":[{"@type":"CommentAction","name":"Comment","target":["https:\/\/destinocastillayleon.es\/index\/feria-de-enoturismo-2019\/#respond"]}]},{"@type":"WebPage","@id":"https:\/\/destinocastillayleon.es\/index\/feria-de-enoturismo-2019\/","url":"https:\/\/destinocastillayleon.es\/index\/feria-de-enoturismo-2019\/","name":"Feria de Enoturismo 2019 en Medina del Campo - Destino Castilla y Le\u00f3n","isPartOf":{"@id":"https:\/\/destinocastillayleon.es\/index\/#website"},"primaryImageOfPage":{"@id":"https:\/\/destinocastillayleon.es\/index\/feria-de-enoturismo-2019\/#primaryimage"},"image":{"@id":"https:\/\/destinocastillayleon.es\/index\/feria-de-enoturismo-2019\/#primaryimage"},"thumbnailUrl":"https:\/\/destinocastillayleon.es\/index\/wp-content\/uploads\/2017\/06\/V-Feria-de-Enoturismo-Medina-del-Campo.jpg","datePublished":"2019-05-17T04:20:46+00:00","author":{"@id":"https:\/\/destinocastillayleon.es\/index\/#\/schema\/person\/189221bc8f6cc4fa28b18ad5c289d4c2"},"breadcrumb":{"@id":"https:\/\/destinocastillayleon.es\/index\/feria-de-enoturismo-2019\/#breadcrumb"},"inLanguage":"es","potentialAction":[{"@type":"ReadAction","target":["https:\/\/destinocastillayleon.es\/index\/feria-de-enoturismo-2019\/"]}]},{"@type":"ImageObject","inLanguage":"es","@id":"https:\/\/destinocastillayleon.es\/index\/feria-de-enoturismo-2019\/#primaryimage","url":"https:\/\/destinocastillayleon.es\/index\/wp-content\/uploads\/2017\/06\/V-Feria-de-Enoturismo-Medina-del-Campo.jpg","contentUrl":"https:\/\/destinocastillayleon.es\/index\/wp-content\/uploads\/2017\/06\/V-Feria-de-Enoturismo-Medina-del-Campo.jpg","width":850,"height":478,"caption":"Feria de Enoturismo en Medina del Campo"},{"@type":"BreadcrumbList","@id":"https:\/\/destinocastillayleon.es\/index\/feria-de-enoturismo-2019\/#breadcrumb","itemListElement":[{"@type":"ListItem","position":1,"name":"Portada","item":"https:\/\/destinocastillayleon.es\/index\/"},{"@type":"ListItem","position":2,"name":"Feria de Enoturismo 2019 en Medina del Campo"}]},{"@type":"WebSite","@id":"https:\/\/destinocastillayleon.es\/index\/#website","url":"https:\/\/destinocastillayleon.es\/index\/","name":"Destino Castilla y Le\u00f3n","description":"Medio digital independiente y revista de Castilla y Le\u00f3n dedicado al turismo, gastronom\u00eda y vino de Castilla y Le\u00f3n","potentialAction":[{"@type":"SearchAction","target":{"@type":"EntryPoint","urlTemplate":"https:\/\/destinocastillayleon.es\/index\/?s={search_term_string}"},"query-input":{"@type":"PropertyValueSpecification","valueRequired":true,"valueName":"search_term_string"}}],"inLanguage":"es"},{"@type":"Person","@id":"https:\/\/destinocastillayleon.es\/index\/#\/schema\/person\/189221bc8f6cc4fa28b18ad5c289d4c2","name":"David V\u00e1zquez","image":{"@type":"ImageObject","inLanguage":"es","@id":"https:\/\/secure.gravatar.com\/avatar\/cd12db6c575a90c3b75cfa0f794b74d425201c768612fad17e9f13cd33d48be8?s=96&d=mm&r=g","url":"https:\/\/secure.gravatar.com\/avatar\/cd12db6c575a90c3b75cfa0f794b74d425201c768612fad17e9f13cd33d48be8?s=96&d=mm&r=g","contentUrl":"https:\/\/secure.gravatar.com\/avatar\/cd12db6c575a90c3b75cfa0f794b74d425201c768612fad17e9f13cd33d48be8?s=96&d=mm&r=g","caption":"David V\u00e1zquez"},"description":"Ingeniero Industrial de vocaci\u00f3n y profesi\u00f3n, he encontrado en los blogs la forma de plasmar mi pasi\u00f3n por los viajes, la gastronom\u00eda y los vinos. Especialmente los procedentes de Castilla y Le\u00f3n","sameAs":["https:\/\/www.destinocastillayleon.es","https:\/\/www.facebook.com\/profile.php?id=1158416854","https:\/\/instagram.com\/conte.pantaleone","https:\/\/www.linkedin.com\/pub\/david-vazquez-lozano\/37\/17a\/25a","https:\/\/x.com\/https:\/\/twitter.com\/ContePantaleone\u200e"],"url":"https:\/\/destinocastillayleon.es\/index\/author\/coadministradorcyl\/"}]}},"_links":{"self":[{"href":"https:\/\/destinocastillayleon.es\/index\/wp-json\/wp\/v2\/posts\/30440","targetHints":{"allow":["GET"]}}],"collection":[{"href":"https:\/\/destinocastillayleon.es\/index\/wp-json\/wp\/v2\/posts"}],"about":[{"href":"https:\/\/destinocastillayleon.es\/index\/wp-json\/wp\/v2\/types\/post"}],"author":[{"embeddable":true,"href":"https:\/\/destinocastillayleon.es\/index\/wp-json\/wp\/v2\/users\/2"}],"replies":[{"embeddable":true,"href":"https:\/\/destinocastillayleon.es\/index\/wp-json\/wp\/v2\/comments?post=30440"}],"version-history":[{"count":13,"href":"https:\/\/destinocastillayleon.es\/index\/wp-json\/wp\/v2\/posts\/30440\/revisions"}],"predecessor-version":[{"id":30463,"href":"https:\/\/destinocastillayleon.es\/index\/wp-json\/wp\/v2\/posts\/30440\/revisions\/30463"}],"wp:featuredmedia":[{"embeddable":true,"href":"https:\/\/destinocastillayleon.es\/index\/wp-json\/wp\/v2\/media\/30449"}],"wp:attachment":[{"href":"https:\/\/destinocastillayleon.es\/index\/wp-json\/wp\/v2\/media?parent=30440"}],"wp:term":[{"taxonomy":"category","embeddable":true,"href":"https:\/\/destinocastillayleon.es\/index\/wp-json\/wp\/v2\/categories?post=30440"},{"taxonomy":"post_tag","embeddable":true,"href":"https:\/\/destinocastillayleon.es\/index\/wp-json\/wp\/v2\/tags?post=30440"}],"curies":[{"name":"wp","href":"https:\/\/api.w.org\/{rel}","templated":true}]}}