{"id":30171,"date":"2019-03-28T06:21:20","date_gmt":"2019-03-28T05:21:20","guid":{"rendered":"https:\/\/destinocastillayleon.es\/index\/?p=30171"},"modified":"2019-03-28T00:23:54","modified_gmt":"2019-03-27T23:23:54","slug":"concurso-provincial-de-la-croqueta-de-soria","status":"publish","type":"post","link":"https:\/\/destinocastillayleon.es\/index\/concurso-provincial-de-la-croqueta-de-soria\/","title":{"rendered":"IV Concurso Provincial de la Croqueta de Soria"},"content":{"rendered":"<p>\u00daltimamente, <strong>nos encanta daros escusas para hacer <a href=\"https:\/\/destinocastillayleon.es\/index\/category\/gastronomia\/jornadas-gastronomicas\/\" target=\"_Blank\">gastroturismo en Castilla y Le\u00f3n<\/a><\/strong>. En esta ocasi\u00f3n, os queremos informar de <strong>un plan gastron\u00f3mico para visitar Soria<\/strong>, esta tierra tan desconocida para muchos, y no por falta de motivos para visitarla. Por eso, os traemos en esta ocasi\u00f3n os contamos que ten\u00e9is <strong>una cita del 29 de marzo, viernes; al domingo 14 de abril, con el IV Concurso Provincial de la Croqueta de Soria<\/strong>.<\/p>\n<p><img decoding=\"async\" src=\"https:\/\/destinocastillayleon.es\/index\/wp-content\/uploads\/2019\/03\/Asohtur.jpg\" alt=\"\" width=\"200\" class=\"aligncenter size-full wp-image-30179\" \/><\/p>\n<p>Estas jornadas est\u00e1n organizadas por la <a href=\"http:\/\/www.asohtur.com\/index.php?men=11&#038;id=665\" rel=\"nofollow\" target=\"_blank\">Asociaci\u00f3n de Hosteleros de Soria<\/a>, que ya realiz\u00f3 unas jornadas similares a nivel amateur, <strong>pero que ahora se juega por los mayores. Durante 17 d\u00edas, 29 establecimientos de Soria<\/strong>, competir\u00e1n para hacer la croqueta m\u00e1s sabrosa de Soria.<\/p>\n<blockquote><p>Un objetivo a igual o superar, ser\u00e1n las 33.000 croquetas vendidas en la pasada edici\u00f3n.<\/p><\/blockquote>\n<h2><strong>C\u00f3mo ser\u00e1 la IV edici\u00f3n del Concurso Provincial de la Croqueta de Soria<\/strong><\/h2>\n<p>En esta edici\u00f3n, <strong>adem\u00e1s de la capital, hay dos participantes en otras localidades<\/strong>, dispuestos a disputar el premio de la mejor croqueta de Soria. Son el Bar Restaurante Sabores, de Almaz\u00e1n y <a href=\"https:\/\/www.booking.com\/hotel\/es\/rural-los-villares.es.html?aid=1281624;sid=6cacca2f390dbc7aeb8db2324842c4f9;atlas_src=sr_iw_title;dist=0;group_adults=2;group_children=1;no_rooms=1;room1=A%2CA%2C12;sb_price_type=total;type=total;ucfs=1&#038;\" rel=\"noopener\" target=\"_blank\">Hotel Rural Los Villares<\/a>. Adem\u00e1s hay tres participantes nuevos frente a la edici\u00f3n anterior; La Cafeter\u00eda Gaya Nu\u00f1o, Bar Restaurante Runas y Bar Torcuato, los tres en la capital soriana.  <\/p>\n<figure id=\"attachment_30177\" aria-describedby=\"caption-attachment-30177\" style=\"width: 398px\" class=\"wp-caption aligncenter\"><img decoding=\"async\" src=\"https:\/\/destinocastillayleon.es\/index\/wp-content\/uploads\/2017\/06\/Cartel-del-IV-Concurso-Provincial-de-la-Croqueta-de-Soria.jpg\" alt=\"Cartel del IV Concurso Provincial de la Croqueta de Soria\" width=\"398\" height=\"531\" class=\"size-full wp-image-30177\" srcset=\"https:\/\/destinocastillayleon.es\/index\/wp-content\/uploads\/2017\/06\/Cartel-del-IV-Concurso-Provincial-de-la-Croqueta-de-Soria.jpg 398w, https:\/\/destinocastillayleon.es\/index\/wp-content\/uploads\/2017\/06\/Cartel-del-IV-Concurso-Provincial-de-la-Croqueta-de-Soria-225x300.jpg 225w\" sizes=\"(max-width: 398px) 100vw, 398px\" \/><figcaption id=\"caption-attachment-30177\" class=\"wp-caption-text\">Cartel del IV Concurso Provincial de la Croqueta de Soria<\/figcaption><\/figure>\n<h3><strong>Premios en juego<\/strong><\/h3>\n<p>Como en las ediciones previas, el concurso <strong>elegir\u00e1 la mejor Croqueta Provincial de Soria<\/strong>, a criterio de un jurado de expertos; <strong>la Mejor Croqueta Popular<\/strong>, elegida por voto popular por el p\u00fablico; y para que sea m\u00e1s transparente, cada papeleta deber\u00eda ir sellada por al menos 3 bares o restaurantes participantes.<\/p>\n<h4><strong>M\u00e1s sabor, m\u00e1s presentaci\u00f3n,.. m\u00e1s entrar por los sentidos<\/strong><\/h4>\n<p>En esta ocasi\u00f3n, <strong>se ha pedido a los participantes, trabajar sobre nuevos sabores y presentaci\u00f3n, donde se ponga en valor la tradici\u00f3n y el producto de Soria, o bien buscar lo ex\u00f3tico<\/strong>,.. la idea es sorprender atrapando a los sentidos en una combinaci\u00f3n de presentaci\u00f3n, aroma y sabor.<\/p>\n<figure id=\"attachment_30182\" aria-describedby=\"caption-attachment-30182\" style=\"width: 640px\" class=\"wp-caption aligncenter\"><img decoding=\"async\" src=\"https:\/\/destinocastillayleon.es\/index\/wp-content\/uploads\/2019\/03\/Croquetas-con-cervezas-Imagen-de-Las-Cremositas.jpg\" alt=\"Croquetas con cervezas - Imagen de Las Cremositas\" width=\"640\" height=\"427\" class=\"size-full wp-image-30182\" srcset=\"https:\/\/destinocastillayleon.es\/index\/wp-content\/uploads\/2019\/03\/Croquetas-con-cervezas-Imagen-de-Las-Cremositas.jpg 640w, https:\/\/destinocastillayleon.es\/index\/wp-content\/uploads\/2019\/03\/Croquetas-con-cervezas-Imagen-de-Las-Cremositas-300x200.jpg 300w, https:\/\/destinocastillayleon.es\/index\/wp-content\/uploads\/2019\/03\/Croquetas-con-cervezas-Imagen-de-Las-Cremositas-600x400.jpg 600w\" sizes=\"(max-width: 640px) 100vw, 640px\" \/><figcaption id=\"caption-attachment-30182\" class=\"wp-caption-text\">Croquetas con cervezas &#8211; Imagen de Las Cremositas<\/figcaption><\/figure>\n<p>Cada tapa tendr\u00e1 <strong>un precio de 1,50 euros y podr\u00e1 acompa\u00f1arse de una cerveza Amstel<\/strong>, patrocinadora de las jornadas, en sus tres variedades: Amstel, Radler y Amstel 0,0. La organizaci\u00f3n, no obstante, recomienda un consumo responsable. <\/p>\n<h4><strong>Superar las 33.000 croquetas<\/strong><\/h4>\n<p><strong>El a\u00f1o pasado se alcanz\u00f3 la cifra record de 33.000 croquetas consumidas<\/strong> a lo largo de los 10 d\u00edas de certamen. En esta edici\u00f3n, con m\u00e1s d\u00edas y m\u00e1s participantes, se espera superar esta impresionante cifra, y al t\u00e9rmino del mismo, <strong>justo a las puertas de la Semana Santa, poder celebrar las mejores croquetas de todo Soria<\/strong>. Para hacerlo m\u00e1s atractiva, se ha trabajado en conseguir unos precios populares.<\/p>\n<p>Y ya tienes otro planazo, <strong>conocer la mejor croqueta de Soria, con tantos participantes, estar\u00e1 muy re\u00f1ido<\/strong>; y una receta de cocina de aprovechamiento, como nos dijeron nuestros amigos de <em>A Tavola con il Conte<\/em>, puede ser muy divertida, gastron\u00f3micamente hablando. Desde las tradicionales, <a href=\"http:\/\/atavolaconilconte.es\/index\/croquetas-caseras-variadas\/\" rel=\"DoFollow\" target=\"_Blank\">croquetas de jam\u00f3n<\/a>, o <a href=\"http:\/\/atavolaconilconte.es\/index\/croquetas-caseras-merluza\/\" rel=\"DoFollow\" target=\"_Blank\">de merluza<\/a>; o unas m\u00e1s ex\u00f3ticas, <a href=\"http:\/\/atavolaconilconte.es\/index\/croquetas-de-morcilla\/\" rel=\"DoFollow\" target=\"_Blank\">croquetas de morcilla<\/a>. <\/p>\n<figure id=\"attachment_30175\" aria-describedby=\"caption-attachment-30175\" style=\"width: 640px\" class=\"wp-caption aligncenter\"><img decoding=\"async\" src=\"https:\/\/destinocastillayleon.es\/index\/wp-content\/uploads\/2017\/06\/Croquetas-de-morcilla-Imagen-de-A-Tavola-con-il-Conte.jpg\" alt=\"Croquetas de morcilla - Imagen de A Tavola con il Conte\" width=\"640\" height=\"367\" class=\"size-full wp-image-30175\" srcset=\"https:\/\/destinocastillayleon.es\/index\/wp-content\/uploads\/2017\/06\/Croquetas-de-morcilla-Imagen-de-A-Tavola-con-il-Conte.jpg 640w, https:\/\/destinocastillayleon.es\/index\/wp-content\/uploads\/2017\/06\/Croquetas-de-morcilla-Imagen-de-A-Tavola-con-il-Conte-300x172.jpg 300w\" sizes=\"(max-width: 640px) 100vw, 640px\" \/><figcaption id=\"caption-attachment-30175\" class=\"wp-caption-text\">Croquetas de morcilla &#8211; Imagen de A Tavola con il Conte<\/figcaption><\/figure>\n<p><font size=\"2\"><strong>Nota:<\/strong> Imagen de portada cortes\u00eda de: <a href=\"https:\/\/elmirondesoria.es\/\" rel=\"nofollow\" target=\"_blank\">El Mir\u00f3n de Soria<\/a><\/font><\/p>\n<h4>Tambi\u00e9n te puede interesar<\/h4>\n<ul>\n<li><a href=\"https:\/\/destinocastillayleon.es\/index\/iv-edicion-de-las-jornadas-carnivoras-meat-attack\/\" >IV edici\u00f3n de las jornadas carn\u00edvoras Meat Attack en Valladolid<\/a>.<\/li>\n<li><a href=\"https:\/\/destinocastillayleon.es\/index\/jornadas-del-puchero-en-el-restaurante-las-baronas\/\">Jornadas del Puchero en el Restaurante Las Baronas, en Burgos<\/a>.<\/li>\n<li><a href=\"https:\/\/destinocastillayleon.es\/index\/mercado-con-estrellas\/\">Mercado con Estrellas, en Soria<\/a>.<\/li>\n<\/ul>\n","protected":false},"excerpt":{"rendered":"<p>Te damos otra excusa para visitar tierras sorianas. Del 29 de marzo al 14 de abril se celebra el IV Concurso Provincial de la Croqueta de Soria. \u00a1Ver\u00e1s que cosa tan rica!<\/p>\n","protected":false},"author":2,"featured_media":30176,"comment_status":"open","ping_status":"closed","sticky":false,"template":"","format":"standard","meta":{"rop_custom_images_group":[],"rop_custom_messages_group":[],"rop_publish_now":"initial","rop_publish_now_accounts":{"twitter_1150954226_1150954226":""},"rop_publish_now_history":[],"rop_publish_now_status":"pending","footnotes":""},"categories":[77,1343,303,4477,68,41,4714],"tags":[1470,5756,539],"class_list":["post-30171","post","type-post","status-publish","format-standard","has-post-thumbnail","hentry","category-actualidad-y-agenda-de-castilla-y-leon","category-agenda","category-gastronomia","category-jornadas-gastronomicas","category-post_inicial","category-soria","category-soria-actualidad","tag-comer-en-soria","tag-concurso-provincial-de-la-croqueta-de-soria","tag-gastronomia-en-castilla-y-leon"],"yoast_head":"<!-- This site is optimized with the Yoast SEO Premium plugin v20.4 (Yoast SEO v27.4) - https:\/\/yoast.com\/product\/yoast-seo-premium-wordpress\/ -->\n<title>IV Concurso Provincial de la Croqueta de Soria \u2013 Destino Castilla y Le\u00f3n<\/title>\n<meta name=\"description\" content=\"Te damos otra excusa para visitar tierras sorianas. Del 29 de marzo al 14 de abril se celebra el IV Concurso Provincial de la Croqueta de Soria\" \/>\n<meta name=\"robots\" content=\"index, follow, max-snippet:-1, max-image-preview:large, max-video-preview:-1\" \/>\n<link rel=\"canonical\" href=\"https:\/\/destinocastillayleon.es\/index\/concurso-provincial-de-la-croqueta-de-soria\/\" \/>\n<meta property=\"og:locale\" content=\"es_ES\" \/>\n<meta property=\"og:type\" content=\"article\" \/>\n<meta property=\"og:title\" content=\"IV Concurso Provincial de la Croqueta de Soria \u2013 Destino Castilla y Le\u00f3n\" \/>\n<meta property=\"og:description\" content=\"Te damos otra excusa para visitar tierras sorianas. Del 29 de marzo al 14 de abril se celebra el IV Concurso Provincial de la Croqueta de Soria. \u00a1Ver\u00e1s que cosa tan rica!\" \/>\n<meta property=\"og:url\" content=\"https:\/\/destinocastillayleon.es\/index\/concurso-provincial-de-la-croqueta-de-soria\/\" \/>\n<meta property=\"og:site_name\" content=\"Destino Castilla y Le\u00f3n\" \/>\n<meta property=\"article:publisher\" content=\"https:\/\/www.facebook.com\/DestinoCastillaYLeon\/\" \/>\n<meta property=\"article:author\" content=\"https:\/\/www.facebook.com\/profile.php?id=1158416854\" \/>\n<meta property=\"article:published_time\" content=\"2019-03-28T05:21:20+00:00\" \/>\n<meta property=\"og:image\" content=\"https:\/\/destinocastillayleon.es\/index\/wp-content\/uploads\/2017\/06\/IV-Concurso-Provincial-de-la-Croqueta-de-Soriana-Imagen-de-El-Mirson-de-Soria.jpg\" \/>\n\t<meta property=\"og:image:width\" content=\"980\" \/>\n\t<meta property=\"og:image:height\" content=\"653\" \/>\n\t<meta property=\"og:image:type\" content=\"image\/jpeg\" \/>\n<meta name=\"author\" content=\"David V\u00e1zquez\" \/>\n<meta name=\"twitter:card\" content=\"summary_large_image\" \/>\n<meta name=\"twitter:title\" content=\"IV Concurso Provincial de la Croqueta de Soria \u2013 Destino Castilla y Le\u00f3n\" \/>\n<meta name=\"twitter:description\" content=\"Te damos otra excusa para visitar tierras sorianas. Del 29 de marzo al 14 de abril se celebra el IV Concurso Provincial de la Croqueta de Soria. \u00a1Ver\u00e1s que cosa tan rica!\" \/>\n<meta name=\"twitter:image\" content=\"https:\/\/destinocastillayleon.es\/index\/wp-content\/uploads\/2017\/06\/IV-Concurso-Provincial-de-la-Croqueta-de-Soriana-Imagen-de-El-Mirson-de-Soria.jpg\" \/>\n<meta name=\"twitter:creator\" content=\"@https:\/\/twitter.com\/ContePantaleone\u200e\" \/>\n<meta name=\"twitter:site\" content=\"@destinocyl\" \/>\n<meta name=\"twitter:label1\" content=\"Escrito por\" \/>\n\t<meta name=\"twitter:data1\" content=\"David V\u00e1zquez\" \/>\n\t<meta name=\"twitter:label2\" content=\"Tiempo de lectura\" \/>\n\t<meta name=\"twitter:data2\" content=\"3 minutos\" \/>\n<script type=\"application\/ld+json\" class=\"yoast-schema-graph\">{\"@context\":\"https:\\\/\\\/schema.org\",\"@graph\":[{\"@type\":\"Article\",\"@id\":\"https:\\\/\\\/destinocastillayleon.es\\\/index\\\/concurso-provincial-de-la-croqueta-de-soria\\\/#article\",\"isPartOf\":{\"@id\":\"https:\\\/\\\/destinocastillayleon.es\\\/index\\\/concurso-provincial-de-la-croqueta-de-soria\\\/\"},\"author\":{\"name\":\"David V\u00e1zquez\",\"@id\":\"https:\\\/\\\/destinocastillayleon.es\\\/index\\\/#\\\/schema\\\/person\\\/189221bc8f6cc4fa28b18ad5c289d4c2\"},\"headline\":\"IV Concurso Provincial de la Croqueta de Soria\",\"datePublished\":\"2019-03-28T05:21:20+00:00\",\"mainEntityOfPage\":{\"@id\":\"https:\\\/\\\/destinocastillayleon.es\\\/index\\\/concurso-provincial-de-la-croqueta-de-soria\\\/\"},\"wordCount\":623,\"commentCount\":0,\"image\":{\"@id\":\"https:\\\/\\\/destinocastillayleon.es\\\/index\\\/concurso-provincial-de-la-croqueta-de-soria\\\/#primaryimage\"},\"thumbnailUrl\":\"https:\\\/\\\/destinocastillayleon.es\\\/index\\\/wp-content\\\/uploads\\\/2017\\\/06\\\/IV-Concurso-Provincial-de-la-Croqueta-de-Soriana-Imagen-de-El-Mirson-de-Soria.jpg\",\"keywords\":[\"comer en Soria\",\"Concurso Provincial de la Croqueta de Soria\",\"Gastronomia en Castilla y Le\u00f3n\"],\"articleSection\":[\"Actualidad\",\"Agenda\",\"Gastronomia\",\"jornadas gastron\u00f3micas\",\"Post_inicial\",\"Soria\",\"Soria actualidad\"],\"inLanguage\":\"es\",\"potentialAction\":[{\"@type\":\"CommentAction\",\"name\":\"Comment\",\"target\":[\"https:\\\/\\\/destinocastillayleon.es\\\/index\\\/concurso-provincial-de-la-croqueta-de-soria\\\/#respond\"]}]},{\"@type\":\"WebPage\",\"@id\":\"https:\\\/\\\/destinocastillayleon.es\\\/index\\\/concurso-provincial-de-la-croqueta-de-soria\\\/\",\"url\":\"https:\\\/\\\/destinocastillayleon.es\\\/index\\\/concurso-provincial-de-la-croqueta-de-soria\\\/\",\"name\":\"IV Concurso Provincial de la Croqueta de Soria \u2013 Destino Castilla y Le\u00f3n\",\"isPartOf\":{\"@id\":\"https:\\\/\\\/destinocastillayleon.es\\\/index\\\/#website\"},\"primaryImageOfPage\":{\"@id\":\"https:\\\/\\\/destinocastillayleon.es\\\/index\\\/concurso-provincial-de-la-croqueta-de-soria\\\/#primaryimage\"},\"image\":{\"@id\":\"https:\\\/\\\/destinocastillayleon.es\\\/index\\\/concurso-provincial-de-la-croqueta-de-soria\\\/#primaryimage\"},\"thumbnailUrl\":\"https:\\\/\\\/destinocastillayleon.es\\\/index\\\/wp-content\\\/uploads\\\/2017\\\/06\\\/IV-Concurso-Provincial-de-la-Croqueta-de-Soriana-Imagen-de-El-Mirson-de-Soria.jpg\",\"datePublished\":\"2019-03-28T05:21:20+00:00\",\"author\":{\"@id\":\"https:\\\/\\\/destinocastillayleon.es\\\/index\\\/#\\\/schema\\\/person\\\/189221bc8f6cc4fa28b18ad5c289d4c2\"},\"description\":\"Te damos otra excusa para visitar tierras sorianas. Del 29 de marzo al 14 de abril se celebra el IV Concurso Provincial de la Croqueta de Soria\",\"breadcrumb\":{\"@id\":\"https:\\\/\\\/destinocastillayleon.es\\\/index\\\/concurso-provincial-de-la-croqueta-de-soria\\\/#breadcrumb\"},\"inLanguage\":\"es\",\"potentialAction\":[{\"@type\":\"ReadAction\",\"target\":[\"https:\\\/\\\/destinocastillayleon.es\\\/index\\\/concurso-provincial-de-la-croqueta-de-soria\\\/\"]}]},{\"@type\":\"ImageObject\",\"inLanguage\":\"es\",\"@id\":\"https:\\\/\\\/destinocastillayleon.es\\\/index\\\/concurso-provincial-de-la-croqueta-de-soria\\\/#primaryimage\",\"url\":\"https:\\\/\\\/destinocastillayleon.es\\\/index\\\/wp-content\\\/uploads\\\/2017\\\/06\\\/IV-Concurso-Provincial-de-la-Croqueta-de-Soriana-Imagen-de-El-Mirson-de-Soria.jpg\",\"contentUrl\":\"https:\\\/\\\/destinocastillayleon.es\\\/index\\\/wp-content\\\/uploads\\\/2017\\\/06\\\/IV-Concurso-Provincial-de-la-Croqueta-de-Soriana-Imagen-de-El-Mirson-de-Soria.jpg\",\"width\":980,\"height\":653,\"caption\":\"IV Concurso Provincial de la Croqueta de Soriana - Imagen de El Mirson de Soria\"},{\"@type\":\"BreadcrumbList\",\"@id\":\"https:\\\/\\\/destinocastillayleon.es\\\/index\\\/concurso-provincial-de-la-croqueta-de-soria\\\/#breadcrumb\",\"itemListElement\":[{\"@type\":\"ListItem\",\"position\":1,\"name\":\"Portada\",\"item\":\"https:\\\/\\\/destinocastillayleon.es\\\/index\\\/\"},{\"@type\":\"ListItem\",\"position\":2,\"name\":\"IV Concurso Provincial de la Croqueta de Soria\"}]},{\"@type\":\"WebSite\",\"@id\":\"https:\\\/\\\/destinocastillayleon.es\\\/index\\\/#website\",\"url\":\"https:\\\/\\\/destinocastillayleon.es\\\/index\\\/\",\"name\":\"Destino Castilla y Le\u00f3n\",\"description\":\"Medio digital independiente y revista de Castilla y Le\u00f3n dedicado al turismo, gastronom\u00eda y vino de Castilla y Le\u00f3n\",\"potentialAction\":[{\"@type\":\"SearchAction\",\"target\":{\"@type\":\"EntryPoint\",\"urlTemplate\":\"https:\\\/\\\/destinocastillayleon.es\\\/index\\\/?s={search_term_string}\"},\"query-input\":{\"@type\":\"PropertyValueSpecification\",\"valueRequired\":true,\"valueName\":\"search_term_string\"}}],\"inLanguage\":\"es\"},{\"@type\":\"Person\",\"@id\":\"https:\\\/\\\/destinocastillayleon.es\\\/index\\\/#\\\/schema\\\/person\\\/189221bc8f6cc4fa28b18ad5c289d4c2\",\"name\":\"David V\u00e1zquez\",\"image\":{\"@type\":\"ImageObject\",\"inLanguage\":\"es\",\"@id\":\"https:\\\/\\\/secure.gravatar.com\\\/avatar\\\/cd12db6c575a90c3b75cfa0f794b74d425201c768612fad17e9f13cd33d48be8?s=96&d=mm&r=g\",\"url\":\"https:\\\/\\\/secure.gravatar.com\\\/avatar\\\/cd12db6c575a90c3b75cfa0f794b74d425201c768612fad17e9f13cd33d48be8?s=96&d=mm&r=g\",\"contentUrl\":\"https:\\\/\\\/secure.gravatar.com\\\/avatar\\\/cd12db6c575a90c3b75cfa0f794b74d425201c768612fad17e9f13cd33d48be8?s=96&d=mm&r=g\",\"caption\":\"David V\u00e1zquez\"},\"description\":\"Ingeniero Industrial de vocaci\u00f3n y profesi\u00f3n, he encontrado en los blogs la forma de plasmar mi pasi\u00f3n por los viajes, la gastronom\u00eda y los vinos. Especialmente los procedentes de Castilla y Le\u00f3n\",\"sameAs\":[\"https:\\\/\\\/www.destinocastillayleon.es\",\"https:\\\/\\\/www.facebook.com\\\/profile.php?id=1158416854\",\"https:\\\/\\\/instagram.com\\\/conte.pantaleone\",\"https:\\\/\\\/www.linkedin.com\\\/pub\\\/david-vazquez-lozano\\\/37\\\/17a\\\/25a\",\"https:\\\/\\\/x.com\\\/https:\\\/\\\/twitter.com\\\/ContePantaleone\u200e\"],\"url\":\"https:\\\/\\\/destinocastillayleon.es\\\/index\\\/author\\\/coadministradorcyl\\\/\"}]}<\/script>\n<!-- \/ Yoast SEO Premium plugin. -->","yoast_head_json":{"title":"IV Concurso Provincial de la Croqueta de Soria \u2013 Destino Castilla y Le\u00f3n","description":"Te damos otra excusa para visitar tierras sorianas. Del 29 de marzo al 14 de abril se celebra el IV Concurso Provincial de la Croqueta de Soria","robots":{"index":"index","follow":"follow","max-snippet":"max-snippet:-1","max-image-preview":"max-image-preview:large","max-video-preview":"max-video-preview:-1"},"canonical":"https:\/\/destinocastillayleon.es\/index\/concurso-provincial-de-la-croqueta-de-soria\/","og_locale":"es_ES","og_type":"article","og_title":"IV Concurso Provincial de la Croqueta de Soria \u2013 Destino Castilla y Le\u00f3n","og_description":"Te damos otra excusa para visitar tierras sorianas. Del 29 de marzo al 14 de abril se celebra el IV Concurso Provincial de la Croqueta de Soria. \u00a1Ver\u00e1s que cosa tan rica!","og_url":"https:\/\/destinocastillayleon.es\/index\/concurso-provincial-de-la-croqueta-de-soria\/","og_site_name":"Destino Castilla y Le\u00f3n","article_publisher":"https:\/\/www.facebook.com\/DestinoCastillaYLeon\/","article_author":"https:\/\/www.facebook.com\/profile.php?id=1158416854","article_published_time":"2019-03-28T05:21:20+00:00","og_image":[{"width":980,"height":653,"url":"https:\/\/destinocastillayleon.es\/index\/wp-content\/uploads\/2017\/06\/IV-Concurso-Provincial-de-la-Croqueta-de-Soriana-Imagen-de-El-Mirson-de-Soria.jpg","type":"image\/jpeg"}],"author":"David V\u00e1zquez","twitter_card":"summary_large_image","twitter_title":"IV Concurso Provincial de la Croqueta de Soria \u2013 Destino Castilla y Le\u00f3n","twitter_description":"Te damos otra excusa para visitar tierras sorianas. Del 29 de marzo al 14 de abril se celebra el IV Concurso Provincial de la Croqueta de Soria. \u00a1Ver\u00e1s que cosa tan rica!","twitter_image":"https:\/\/destinocastillayleon.es\/index\/wp-content\/uploads\/2017\/06\/IV-Concurso-Provincial-de-la-Croqueta-de-Soriana-Imagen-de-El-Mirson-de-Soria.jpg","twitter_creator":"@https:\/\/twitter.com\/ContePantaleone\u200e","twitter_site":"@destinocyl","twitter_misc":{"Escrito por":"David V\u00e1zquez","Tiempo de lectura":"3 minutos"},"schema":{"@context":"https:\/\/schema.org","@graph":[{"@type":"Article","@id":"https:\/\/destinocastillayleon.es\/index\/concurso-provincial-de-la-croqueta-de-soria\/#article","isPartOf":{"@id":"https:\/\/destinocastillayleon.es\/index\/concurso-provincial-de-la-croqueta-de-soria\/"},"author":{"name":"David V\u00e1zquez","@id":"https:\/\/destinocastillayleon.es\/index\/#\/schema\/person\/189221bc8f6cc4fa28b18ad5c289d4c2"},"headline":"IV Concurso Provincial de la Croqueta de Soria","datePublished":"2019-03-28T05:21:20+00:00","mainEntityOfPage":{"@id":"https:\/\/destinocastillayleon.es\/index\/concurso-provincial-de-la-croqueta-de-soria\/"},"wordCount":623,"commentCount":0,"image":{"@id":"https:\/\/destinocastillayleon.es\/index\/concurso-provincial-de-la-croqueta-de-soria\/#primaryimage"},"thumbnailUrl":"https:\/\/destinocastillayleon.es\/index\/wp-content\/uploads\/2017\/06\/IV-Concurso-Provincial-de-la-Croqueta-de-Soriana-Imagen-de-El-Mirson-de-Soria.jpg","keywords":["comer en Soria","Concurso Provincial de la Croqueta de Soria","Gastronomia en Castilla y Le\u00f3n"],"articleSection":["Actualidad","Agenda","Gastronomia","jornadas gastron\u00f3micas","Post_inicial","Soria","Soria actualidad"],"inLanguage":"es","potentialAction":[{"@type":"CommentAction","name":"Comment","target":["https:\/\/destinocastillayleon.es\/index\/concurso-provincial-de-la-croqueta-de-soria\/#respond"]}]},{"@type":"WebPage","@id":"https:\/\/destinocastillayleon.es\/index\/concurso-provincial-de-la-croqueta-de-soria\/","url":"https:\/\/destinocastillayleon.es\/index\/concurso-provincial-de-la-croqueta-de-soria\/","name":"IV Concurso Provincial de la Croqueta de Soria \u2013 Destino Castilla y Le\u00f3n","isPartOf":{"@id":"https:\/\/destinocastillayleon.es\/index\/#website"},"primaryImageOfPage":{"@id":"https:\/\/destinocastillayleon.es\/index\/concurso-provincial-de-la-croqueta-de-soria\/#primaryimage"},"image":{"@id":"https:\/\/destinocastillayleon.es\/index\/concurso-provincial-de-la-croqueta-de-soria\/#primaryimage"},"thumbnailUrl":"https:\/\/destinocastillayleon.es\/index\/wp-content\/uploads\/2017\/06\/IV-Concurso-Provincial-de-la-Croqueta-de-Soriana-Imagen-de-El-Mirson-de-Soria.jpg","datePublished":"2019-03-28T05:21:20+00:00","author":{"@id":"https:\/\/destinocastillayleon.es\/index\/#\/schema\/person\/189221bc8f6cc4fa28b18ad5c289d4c2"},"description":"Te damos otra excusa para visitar tierras sorianas. Del 29 de marzo al 14 de abril se celebra el IV Concurso Provincial de la Croqueta de Soria","breadcrumb":{"@id":"https:\/\/destinocastillayleon.es\/index\/concurso-provincial-de-la-croqueta-de-soria\/#breadcrumb"},"inLanguage":"es","potentialAction":[{"@type":"ReadAction","target":["https:\/\/destinocastillayleon.es\/index\/concurso-provincial-de-la-croqueta-de-soria\/"]}]},{"@type":"ImageObject","inLanguage":"es","@id":"https:\/\/destinocastillayleon.es\/index\/concurso-provincial-de-la-croqueta-de-soria\/#primaryimage","url":"https:\/\/destinocastillayleon.es\/index\/wp-content\/uploads\/2017\/06\/IV-Concurso-Provincial-de-la-Croqueta-de-Soriana-Imagen-de-El-Mirson-de-Soria.jpg","contentUrl":"https:\/\/destinocastillayleon.es\/index\/wp-content\/uploads\/2017\/06\/IV-Concurso-Provincial-de-la-Croqueta-de-Soriana-Imagen-de-El-Mirson-de-Soria.jpg","width":980,"height":653,"caption":"IV Concurso Provincial de la Croqueta de Soriana - Imagen de El Mirson de Soria"},{"@type":"BreadcrumbList","@id":"https:\/\/destinocastillayleon.es\/index\/concurso-provincial-de-la-croqueta-de-soria\/#breadcrumb","itemListElement":[{"@type":"ListItem","position":1,"name":"Portada","item":"https:\/\/destinocastillayleon.es\/index\/"},{"@type":"ListItem","position":2,"name":"IV Concurso Provincial de la Croqueta de Soria"}]},{"@type":"WebSite","@id":"https:\/\/destinocastillayleon.es\/index\/#website","url":"https:\/\/destinocastillayleon.es\/index\/","name":"Destino Castilla y Le\u00f3n","description":"Medio digital independiente y revista de Castilla y Le\u00f3n dedicado al turismo, gastronom\u00eda y vino de Castilla y Le\u00f3n","potentialAction":[{"@type":"SearchAction","target":{"@type":"EntryPoint","urlTemplate":"https:\/\/destinocastillayleon.es\/index\/?s={search_term_string}"},"query-input":{"@type":"PropertyValueSpecification","valueRequired":true,"valueName":"search_term_string"}}],"inLanguage":"es"},{"@type":"Person","@id":"https:\/\/destinocastillayleon.es\/index\/#\/schema\/person\/189221bc8f6cc4fa28b18ad5c289d4c2","name":"David V\u00e1zquez","image":{"@type":"ImageObject","inLanguage":"es","@id":"https:\/\/secure.gravatar.com\/avatar\/cd12db6c575a90c3b75cfa0f794b74d425201c768612fad17e9f13cd33d48be8?s=96&d=mm&r=g","url":"https:\/\/secure.gravatar.com\/avatar\/cd12db6c575a90c3b75cfa0f794b74d425201c768612fad17e9f13cd33d48be8?s=96&d=mm&r=g","contentUrl":"https:\/\/secure.gravatar.com\/avatar\/cd12db6c575a90c3b75cfa0f794b74d425201c768612fad17e9f13cd33d48be8?s=96&d=mm&r=g","caption":"David V\u00e1zquez"},"description":"Ingeniero Industrial de vocaci\u00f3n y profesi\u00f3n, he encontrado en los blogs la forma de plasmar mi pasi\u00f3n por los viajes, la gastronom\u00eda y los vinos. Especialmente los procedentes de Castilla y Le\u00f3n","sameAs":["https:\/\/www.destinocastillayleon.es","https:\/\/www.facebook.com\/profile.php?id=1158416854","https:\/\/instagram.com\/conte.pantaleone","https:\/\/www.linkedin.com\/pub\/david-vazquez-lozano\/37\/17a\/25a","https:\/\/x.com\/https:\/\/twitter.com\/ContePantaleone\u200e"],"url":"https:\/\/destinocastillayleon.es\/index\/author\/coadministradorcyl\/"}]}},"_links":{"self":[{"href":"https:\/\/destinocastillayleon.es\/index\/wp-json\/wp\/v2\/posts\/30171","targetHints":{"allow":["GET"]}}],"collection":[{"href":"https:\/\/destinocastillayleon.es\/index\/wp-json\/wp\/v2\/posts"}],"about":[{"href":"https:\/\/destinocastillayleon.es\/index\/wp-json\/wp\/v2\/types\/post"}],"author":[{"embeddable":true,"href":"https:\/\/destinocastillayleon.es\/index\/wp-json\/wp\/v2\/users\/2"}],"replies":[{"embeddable":true,"href":"https:\/\/destinocastillayleon.es\/index\/wp-json\/wp\/v2\/comments?post=30171"}],"version-history":[{"count":11,"href":"https:\/\/destinocastillayleon.es\/index\/wp-json\/wp\/v2\/posts\/30171\/revisions"}],"predecessor-version":[{"id":30193,"href":"https:\/\/destinocastillayleon.es\/index\/wp-json\/wp\/v2\/posts\/30171\/revisions\/30193"}],"wp:featuredmedia":[{"embeddable":true,"href":"https:\/\/destinocastillayleon.es\/index\/wp-json\/wp\/v2\/media\/30176"}],"wp:attachment":[{"href":"https:\/\/destinocastillayleon.es\/index\/wp-json\/wp\/v2\/media?parent=30171"}],"wp:term":[{"taxonomy":"category","embeddable":true,"href":"https:\/\/destinocastillayleon.es\/index\/wp-json\/wp\/v2\/categories?post=30171"},{"taxonomy":"post_tag","embeddable":true,"href":"https:\/\/destinocastillayleon.es\/index\/wp-json\/wp\/v2\/tags?post=30171"}],"curies":[{"name":"wp","href":"https:\/\/api.w.org\/{rel}","templated":true}]}}