{"id":29958,"date":"2019-03-15T06:30:54","date_gmt":"2019-03-15T05:30:54","guid":{"rendered":"https:\/\/destinocastillayleon.es\/index\/?p=29958"},"modified":"2019-03-15T00:44:18","modified_gmt":"2019-03-14T23:44:18","slug":"visitar-el-castillo-de-la-mota","status":"publish","type":"post","link":"https:\/\/destinocastillayleon.es\/index\/visitar-el-castillo-de-la-mota\/","title":{"rendered":"Visitar el Castillo de la Mota, el icono de Medina del Campo"},"content":{"rendered":"<p>El pasado fin de semana, <strong>hemos hecho una escapada por el sur de la provincia de Valladolid<\/strong>. Hemos ido acompa\u00f1ando a unos amigos, por lo que hemos visitado algunos lugares que ya conoc\u00edamos. <strong>En Medina del Campo, la <a href=\"https:\/\/destinocastillayleon.es\/index\/medina-del-campo-la-villa-de-las-ferias\/\">Villa de la Ferias<\/a> hemos aprovechado para hacer algunas fotos al Castillo de la Mota<\/strong>, uno de los castillos m\u00e1s bonitos, como ya te contamos en nuestra selecci\u00f3n de Castillos.<\/p>\n<p>No es la primera vez que visitamos este <strong>magn\u00edfico castillo, construido en el siglo XIV<\/strong>, pero cuya configuraci\u00f3n \u201cdefinitiva\u201d es del siglo XV, pero <strong>nunca hab\u00edamos estado totalmente contentos con las fotos<\/strong>, por lo que hemos ido postergando esta publicaci\u00f3n.<\/p>\n<h3><strong>Informaci\u00f3n de inter\u00e9s para visitar el Castillo de la Mota<\/strong><\/h3>\n<h4><strong>C\u00f3mo llegar<\/strong><\/h4>\n<p>Indicaros que este castillo <strong>se encuentra en <a href=\"https:\/\/goo.gl\/maps\/JWi8icj9u3G2\" target=\"_Blank\" rel=\"DoFollow\">Medina del Campo<\/a><\/strong>, una de las poblaciones m\u00e1s importantes de la provincia de Valladolid. De hecho, <strong>est\u00e1 conectada por una importante autov\u00eda, la A6<\/strong>, que une Madrid con la Coru\u00f1a. Se encuentra en el <strong>kil\u00f3metro 157<\/strong> de esta autov\u00eda.<\/p>\n<h4><strong>D\u00f3nde dormir<\/strong><\/h4>\n<p>Teniendo en cuenta, que nunca hemos tenido la necesidad de hacer noche en Medina del Campo, <strong>si tuvi\u00e9ramos que elegir, destacar\u00edamos uno c\u00e9ntrico, el <a href=\"http:\/\/www.booking.com\/searchresults.es.html?city=-391729&#038;aid=1281624&#038;no_rooms=1&#038;group_adults=2&#038;group_children=1&#038;room1=A%2CA%2C12\" rel=\"NoFollow\" target=\"_Blank\">Hotel Reina Isabel<\/a><\/strong>. Un hotel funcional y bien situado. Pero, si adem\u00e1s tienes idea de disfrutar de la propia estancia, muy <strong>lejos del casco urbano, se encuentra el <a href=\"https:\/\/www.booking.com\/hotel\/es\/balneario-palacio-de-las-salinas.es.html?aid=1281624;sid=afd7163146a55d9859279aad07f473e0;atlas_src=sr_iw_btn;dist=0;group_adults=2;group_children=1;no_rooms=1;room1=A%2CA%2C12;sb_price_type=total;type=total;ucfs=1&#038;\" rel=\"Nofollow\" target=\"_Blank\">Hotel Balneario Palacio de Las Salinas<\/a><\/strong>, en un imponente hotel decimon\u00f3nico, construido por el mismo arquitecto que el Palacio Real de la Magdalena, en Santander.<\/p>\n<figure id=\"attachment_27551\" aria-describedby=\"caption-attachment-27551\" style=\"width: 640px\" class=\"wp-caption aligncenter\"><img decoding=\"async\" src=\"https:\/\/destinocastillayleon.es\/index\/wp-content\/uploads\/2013\/10\/balneario-de-las-Salinas.jpg\" alt=\"balneario de las Salinas Fuente de la imagen: Central de Reservas\" width=\"640\" class=\"size-full wp-image-27551\" srcset=\"https:\/\/destinocastillayleon.es\/index\/wp-content\/uploads\/2013\/10\/balneario-de-las-Salinas.jpg 797w, https:\/\/destinocastillayleon.es\/index\/wp-content\/uploads\/2013\/10\/balneario-de-las-Salinas-300x200.jpg 300w, https:\/\/destinocastillayleon.es\/index\/wp-content\/uploads\/2013\/10\/balneario-de-las-Salinas-768x511.jpg 768w, https:\/\/destinocastillayleon.es\/index\/wp-content\/uploads\/2013\/10\/balneario-de-las-Salinas-600x400.jpg 600w\" sizes=\"(max-width: 797px) 100vw, 797px\" \/><figcaption id=\"caption-attachment-27551\" class=\"wp-caption-text\">Balneario de las Salinas Fuente de la imagen: Central de Reservas<\/figcaption><\/figure>\n<h4><strong>D\u00f3nde comer<\/strong><\/h4>\n<p>Aqu\u00ed la variedad crece bastante. <strong>Lo m\u00e1s sencillo, en la plaza de la Hispanidad<\/strong>, donde se encuentra la Colegiata de San Antol\u00edn, el Ayuntamiento y el Palacio Real Testamentario, donde falleci\u00f3 la Reina Isabel \u201cLa Cat\u00f3lica\u201d. All\u00ed, <strong>hemos comido varias veces en sus muchos restaurantes que hay entre los soportales<\/strong>. Tanto <a href=\"https:\/\/destinocastillayleon.es\/index\/comer-bien-en-medina-del-campo\/\">comiendo a carta<\/a>, como tapeando de bar en bar.<\/p>\n<figure id=\"attachment_8930\" aria-describedby=\"caption-attachment-8930\" style=\"width: 398px\" class=\"wp-caption aligncenter\"><img decoding=\"async\" src=\"https:\/\/destinocastillayleon.es\/index\/wp-content\/uploads\/2013\/11\/Escultura-de-la-Reina-Isabel-en-Medina-del-Campo.jpg\" alt=\"Escultura de la Reina Isabel en Medina del Campo\" width=\"398\" height=\"531\" class=\"size-full wp-image-8930\" srcset=\"https:\/\/destinocastillayleon.es\/index\/wp-content\/uploads\/2013\/11\/Escultura-de-la-Reina-Isabel-en-Medina-del-Campo.jpg 398w, https:\/\/destinocastillayleon.es\/index\/wp-content\/uploads\/2013\/11\/Escultura-de-la-Reina-Isabel-en-Medina-del-Campo-225x300.jpg 225w\" sizes=\"(max-width: 398px) 100vw, 398px\" \/><figcaption id=\"caption-attachment-8930\" class=\"wp-caption-text\">Escultura de la Reina Isabel en Medina del Campo<\/figcaption><\/figure>\n<h4><strong>Otras cosas interesantes de ver en Medina del Campo<\/strong><\/h4>\n<p>Como nos vamos a centrar en el Castillo de la Mota, <strong>no vamos a hablar de otros lugares de inter\u00e9s en Medina del Campo<\/strong>. Lo dejamos para otra ocasi\u00f3n. Os contaremos que <strong>el centro neur\u00e1lgico de la ciudad, es la referida Plaza de la Hispanidad<\/strong>, lugar donde se celebraba (y se sigue celebrando) el mercado de los jueves. En esta plaza se cre\u00f3 la primera Letra de Cambio de la historia.<\/p>\n<figure id=\"attachment_29992\" aria-describedby=\"caption-attachment-29992\" style=\"width: 680px\" class=\"wp-caption aligncenter\"><img decoding=\"async\" src=\"https:\/\/destinocastillayleon.es\/index\/wp-content\/uploads\/2017\/06\/08d6a51f61b9f5798c77ce2b438b2561.jpg\" alt=\"Otros puntos interesantes en Medina del Campo - Destino Castilla y Le\u00f3n\" width=\"680\" height=\"424\" class=\"size-full wp-image-29992\" srcset=\"https:\/\/destinocastillayleon.es\/index\/wp-content\/uploads\/2017\/06\/08d6a51f61b9f5798c77ce2b438b2561.jpg 680w, https:\/\/destinocastillayleon.es\/index\/wp-content\/uploads\/2017\/06\/08d6a51f61b9f5798c77ce2b438b2561-300x187.jpg 300w\" sizes=\"(max-width: 680px) 100vw, 680px\" \/><figcaption id=\"caption-attachment-29992\" class=\"wp-caption-text\">Otros puntos interesantes en Medina del Campo &#8211; Destino Castilla y Le\u00f3n<\/figcaption><\/figure>\n<p>Como hemos dicho, <strong>hay varios edificios hist\u00f3ricos de singular relevancia, como la Colegiata de San Antol\u00edn, el Ayuntamiento, de estilo mud\u00e9jar, el Palacio Real Testamentario<\/strong>, \u00faltima morada de Isabel La Cat\u00f3lica. Desde esta plaza pod\u00e9is visitar El Museo de las Ferias, un museo que recoge la historia de esta villa. Muy cerca, tambi\u00e9n se encuentra el mercado de abastos; <strong>Las Antiguas Carnicer\u00edas reales, el mercado m\u00e1s antiguo en funcionamiento de forma ininterrumpida; desde el siglo XVI<\/strong>.<\/p>\n<p>Y no te olvides, <strong>est\u00e1s en la cuna del Verdejo de Rueda<\/strong>. Esta poblaci\u00f3n est\u00e1 inscrita en la Ruta del vino de Rueda, por lo que hay muchas bodegas tanto en Medina del Campo, como pr\u00f3ximas. <strong>Por ejemplo en Rueda, puedes visitar las <a href=\"https:\/\/destinoysabor.com\/experiencias\/visita-a-la-bodega-ramon-bilbao-en-rueda-cata-de-sus-vinos-blancos\/\" target=\"_Blank\" rel=\"DoFollow\">Bodegas Ram\u00f3n Bilbao<\/a><\/strong>, muy cerca est\u00e1n La Seca, <a href=\"https:\/\/destinocastillayleon.es\/index\/que-ver-en-serrada\/\">Serrada<\/a>, <a href=\"https:\/\/destinocastillayleon.es\/index\/vistar-alaejos\/\">Alaejos<\/a>, Tordesillas (con sus <a href=\"https:\/\/destinocastillayleon.es\/index\/visita-a-bodega-muela\/\">bodegas Muelas<\/a>), o el <a href=\"https:\/\/destinocastillayleon.es\/index\/la-era-de-las-aves\/\">Zoo de las Aves<\/a>, en Fresno el Viejo.<\/p>\n<h2><strong>Visitamos el Castillo de la Mota<\/strong><\/h2>\n<h3><strong>Una brev\u00edsima historia de la zona<\/strong><\/h3>\n<p>Esta zona del r\u00edo Zapardiel, <strong>parece haber estado poblada desde la antig\u00fcedad<\/strong>. As\u00ed en la propia mota, colina sobre la que se asienta el castillo, se han encontrado restos del neol\u00edtico.<strong> A mediados o finales del siglo XI la zona fue repoblada<\/strong>, fortific\u00e1ndose el recinto de la villa vieja, que se encontraba en la zona de la mota. Este recinto original, cuyos restos de muralla se pueden seguir observando en el entorno de castillo en seguida se qued\u00f3 peque\u00f1o y la poblaci\u00f3n fue desplaz\u00e1ndose hacia la actual zona de la plaza de la hispanidad, dejando la zona original, exclusivamente como una fortaleza independiente de la nueva villa.<\/p>\n<figure id=\"attachment_29988\" aria-describedby=\"caption-attachment-29988\" style=\"width: 640px\" class=\"wp-caption aligncenter\"><img decoding=\"async\" src=\"https:\/\/destinocastillayleon.es\/index\/wp-content\/uploads\/2017\/06\/58754757205710452106e96b2d8d060a.jpg\" alt=\"Medina del Campo desde la colina del castillo - Destino Castilla y Le\u00f3n\" width=\"640\" height=\"400\" class=\"size-full wp-image-29988\" srcset=\"https:\/\/destinocastillayleon.es\/index\/wp-content\/uploads\/2017\/06\/58754757205710452106e96b2d8d060a.jpg 640w, https:\/\/destinocastillayleon.es\/index\/wp-content\/uploads\/2017\/06\/58754757205710452106e96b2d8d060a-300x188.jpg 300w\" sizes=\"(max-width: 640px) 100vw, 640px\" \/><figcaption id=\"caption-attachment-29988\" class=\"wp-caption-text\">Medina del Campo desde la colina del castillo &#8211; Destino Castilla y Le\u00f3n<\/figcaption><\/figure>\n<p>Durante un tiempo, la villa estuvo dividida entre los partidarios de los infantes de Arag\u00f3n, capitaneados por el futuro Juan II de Arag\u00f3n, hijos de Fernando de Antequera (nacido en Medina del Campo) y los partidarios del futuro Juan II de Castilla. El aragon\u00e9s, nacido en Medina, <strong>debi\u00f3 realizar algunas fortificaciones nuevas en la Mota<\/strong>, que lleg\u00f3 a tener \u201cprisionero\u201d en el palacio real de la villa a su sobrino, Juan II de Castilla. Si bien este, recabando apoyos, logr\u00f3 sitiar al castillo, dando la vuelta a la situaci\u00f3n.<\/p>\n<p>Finalmente, <strong>cuando ya pasa a ser posesi\u00f3n de los reyes Cat\u00f3licos, se construye la defensa artillera exterior, que vendr\u00e1 muy bien para las guerras contra el Rey de Portugal<\/strong>, que por derecho de matrimonio con su sobrina, Juana la Beltraneja, se autoproclama tambi\u00e9n rey de Castilla. De esta \u00e9poca es la <strong>colocaci\u00f3n del escudo actual en la puerta, de los Reyes Cat\u00f3licos, en el que a\u00fan no figura Granada<\/strong>.<\/p>\n<figure id=\"attachment_29994\" aria-describedby=\"caption-attachment-29994\" style=\"width: 640px\" class=\"wp-caption aligncenter\"><img decoding=\"async\" src=\"https:\/\/destinocastillayleon.es\/index\/wp-content\/uploads\/2017\/06\/519abce505fe51889ba3dbca3793b5e3.jpg\" alt=\"Entrada al Castillo de la Mota - Destino Castilla y Le\u00f3n\" width=\"640\" height=\"400\" class=\"size-full wp-image-29994\" srcset=\"https:\/\/destinocastillayleon.es\/index\/wp-content\/uploads\/2017\/06\/519abce505fe51889ba3dbca3793b5e3.jpg 640w, https:\/\/destinocastillayleon.es\/index\/wp-content\/uploads\/2017\/06\/519abce505fe51889ba3dbca3793b5e3-300x188.jpg 300w\" sizes=\"(max-width: 640px) 100vw, 640px\" \/><figcaption id=\"caption-attachment-29994\" class=\"wp-caption-text\">Entrada al Castillo de la Mota &#8211; Destino Castilla y Le\u00f3n<\/figcaption><\/figure>\n<p>Posteriormente, <strong>este castillo fue prisi\u00f3n de estado<\/strong>, reteniendo en el a distinguidos visitantes. Este castillo tambi\u00e9n <strong>fue lugar de tensi\u00f3n en las Guerra de las Comunidades<\/strong>, entre las tropas Comuneras, que ocupaban la villa; y las tropas imperiales de Carlos I, que ocupaban el castillo. <strong>Este hecho se conmemora todos los a\u00f1os, en agosto, en las <a href=\"https:\/\/destinocastillayleon.es\/index\/semana-renacentista-de-medina-del-campo-la-fiesta-de-imperiales-y-comuneros\/\">fiestas de Imperiales y Comuneros<\/a><\/strong>.<\/p>\n<figure id=\"attachment_25791\" aria-describedby=\"caption-attachment-25791\" style=\"width: 640px\" class=\"wp-caption aligncenter\"><img decoding=\"async\" src=\"https:\/\/destinocastillayleon.es\/index\/wp-content\/uploads\/2017\/07\/Imperiales-y-comuneros-en-Medina-del-Campo-imagen-de-Medina-del-Campo.jpg\" alt=\"Imperiales y comuneros en Medina del Campo - imagen de Medina del Campo\" width=\"640\" height=\"400\" class=\"size-full wp-image-25791\" srcset=\"https:\/\/destinocastillayleon.es\/index\/wp-content\/uploads\/2017\/07\/Imperiales-y-comuneros-en-Medina-del-Campo-imagen-de-Medina-del-Campo.jpg 640w, https:\/\/destinocastillayleon.es\/index\/wp-content\/uploads\/2017\/07\/Imperiales-y-comuneros-en-Medina-del-Campo-imagen-de-Medina-del-Campo-300x188.jpg 300w\" sizes=\"(max-width: 640px) 100vw, 640px\" \/><figcaption id=\"caption-attachment-25791\" class=\"wp-caption-text\">Imperiales y comuneros en Medina del Campo &#8211; imagen de Medina del Campo<\/figcaption><\/figure>\n<p>Este castillo <strong>fue cayendo en el olvido, hasta que tras la Guerra Civil<\/strong> quedo en un estado pr\u00f3ximo a la ruina. Fue entregado a la Falange, que fue el que ejecut\u00f3 unas obras de restauraci\u00f3n de su interior y que es en gran medida lo que podemos visitar hoy.<\/p>\n<h3><strong>\u00bfQu\u00e9 vas a ver en la visita al Castillo de Mota?<\/strong><\/h3>\n<p><strong>Una visita a este impresionante castillo empieza en el Centro de Recepci\u00f3n de visitantes<\/strong>, donde pod\u00e9is encontrar m\u00e1s informaci\u00f3n del castillo como de la zona de Medina del Campo. <\/p>\n<h4><strong>El entorno<\/strong><\/h4>\n<p>La propia visita bien <strong>podr\u00eda iniciarse dando un paseo por la colina sobre la que se asienta el Castillo<\/strong>. Adem\u00e1s de parking de autobuses y veh\u00edculos, hay una zona ajardinada. Puede parecer curioso la configuraci\u00f3n de este jard\u00edn, pero en seguida os pod\u00e9is dar cuenta que <strong>lo que est\u00e1 es mostrando son los \u00e1ngulos de tiro de las troneras artilleras<\/strong>.<\/p>\n<p>Igualmente, en el per\u00edmetro de la colina, <strong>a\u00fan es posible ver los restos de la cerca medieval, hecha de mamposter\u00eda<\/strong>. Esta cerca se qued\u00f3 peque\u00f1a y anticuada, por lo que la villa se traslad\u00f3 a la planicie, como dijimos en siglo XIV. Parte de esta cerca sirvi\u00f3 de cimiento a la fortaleza actual. Se puede ver especialmente en los cubos de la muralla interior.<\/p>\n<figure id=\"attachment_29984\" aria-describedby=\"caption-attachment-29984\" style=\"width: 640px\" class=\"wp-caption aligncenter\"><img decoding=\"async\" src=\"https:\/\/destinocastillayleon.es\/index\/wp-content\/uploads\/2017\/06\/4d93fad5cdaed14dfc9e8d650bf9e7bb.jpg\" alt=\"Restos de la cerca medieval de Medina del Campo - Destino Castilla y Le\u00f3n\" width=\"640\" height=\"400\" class=\"size-full wp-image-29984\" srcset=\"https:\/\/destinocastillayleon.es\/index\/wp-content\/uploads\/2017\/06\/4d93fad5cdaed14dfc9e8d650bf9e7bb.jpg 640w, https:\/\/destinocastillayleon.es\/index\/wp-content\/uploads\/2017\/06\/4d93fad5cdaed14dfc9e8d650bf9e7bb-300x188.jpg 300w\" sizes=\"(max-width: 640px) 100vw, 640px\" \/><figcaption id=\"caption-attachment-29984\" class=\"wp-caption-text\">Restos de la cerca medieval de Medina del Campo &#8211; Destino Castilla y Le\u00f3n<\/figcaption><\/figure>\n<p>Tambi\u00e9n os llamar\u00e1 la atenci\u00f3n antes de entrar, <strong>el foso, que en algunos casos llega hasta una profundidad de 20 metros<\/strong>. Este foso no requer\u00eda estar lleno de agua, ya que su misi\u00f3n era evitar que se cavara un t\u00fanel para minar los cimientos de las murallas. <\/p>\n<h4><strong>El Centro de Recepci\u00f3n de Visitantes<\/strong><\/h4>\n<p>Esta construcci\u00f3n <strong>se asienta sobre una excavaci\u00f3n arqueol\u00f3gica<\/strong>. Se baja por una escalera interior del propio centro. En esta excavaci\u00f3n, <strong>se localizan restos de la primitiva villa de Medina del Campo y del neol\u00edtico<\/strong>, de antes de desplazarse al valle y dejar la colina exclusivamente para el castillo.<\/p>\n<figure id=\"attachment_29977\" aria-describedby=\"caption-attachment-29977\" style=\"width: 640px\" class=\"wp-caption aligncenter\"><img decoding=\"async\" src=\"https:\/\/destinocastillayleon.es\/index\/wp-content\/uploads\/2017\/06\/10f3afa9fc6327b1046425e966a24b42.jpg\" alt=\"Excavaci\u00f3n arqueol\u00f3gica bajo el Centro de Recepci\u00f3n de visitantes - Destino Castilla y Le\u00f3n\" width=\"640\" height=\"400\" class=\"size-full wp-image-29977\" srcset=\"https:\/\/destinocastillayleon.es\/index\/wp-content\/uploads\/2017\/06\/10f3afa9fc6327b1046425e966a24b42.jpg 640w, https:\/\/destinocastillayleon.es\/index\/wp-content\/uploads\/2017\/06\/10f3afa9fc6327b1046425e966a24b42-300x188.jpg 300w\" sizes=\"(max-width: 640px) 100vw, 640px\" \/><figcaption id=\"caption-attachment-29977\" class=\"wp-caption-text\">Excavaci\u00f3n arqueol\u00f3gica bajo el Centro de Recepci\u00f3n de visitantes &#8211; Destino Castilla y Le\u00f3n<\/figcaption><\/figure>\n<h4><strong>Entramos al recinto exterior <\/strong><\/h4>\n<p>Para llegar al interior del proprio castillo, <strong>es necesario pasar por un punto intermedio en el foso. Este era un baluarte del siglo XV<\/strong>. Estaba en \u00e1ngulo respecto a la \u201cpuerta principal\u201d, para que la artiller\u00eda que batiera una puerta, no pudiera desde el mismo emplazamiento atacar a otra. La sorpresa es que al pasar el segundo puente levadizo, donde se encuentra el escudo de los Reyes Cat\u00f3licos de antes de la conquista de Granada, <strong>tras esta puerta, deb\u00eda haber un recinto secundario, con la verdadera puerta del recinto en \u00e1ngulo recto<\/strong>.<\/p>\n<figure id=\"attachment_29997\" aria-describedby=\"caption-attachment-29997\" style=\"width: 640px\" class=\"wp-caption aligncenter\"><img decoding=\"async\" src=\"https:\/\/destinocastillayleon.es\/index\/wp-content\/uploads\/2019\/03\/3aede92c33ce5a9dde9b4007464f08ac.jpg\" alt=\"Recinto interior de la defensa artillera - Destino Castilla y Le\u00f3n\" width=\"640\" height=\"400\" class=\"size-full wp-image-29997\" srcset=\"https:\/\/destinocastillayleon.es\/index\/wp-content\/uploads\/2019\/03\/3aede92c33ce5a9dde9b4007464f08ac.jpg 640w, https:\/\/destinocastillayleon.es\/index\/wp-content\/uploads\/2019\/03\/3aede92c33ce5a9dde9b4007464f08ac-300x188.jpg 300w\" sizes=\"(max-width: 640px) 100vw, 640px\" \/><figcaption id=\"caption-attachment-29997\" class=\"wp-caption-text\">Recinto interior de la defensa artillera &#8211; Destino Castilla y Le\u00f3n<\/figcaption><\/figure>\n<p>Este espacio est\u00e1 desaparecido, pero <strong>quedan restos de los arranques de los arcos y los cimientos de los muros de ladrillo<\/strong>. Esta era una defensa extraordinaria contra la artiller\u00eda, incluso \u201cmoderna\u201d del siglo XV y XVI.<\/p>\n<p>Su interior <strong>es tan solo una zona perimetral de defensas artilleras<\/strong>. La verdadera fortaleza a\u00fan quedar\u00eda en su interior de este recinto.<\/p>\n<p>Esta l\u00ednea defensiva tiene bajadas a <strong>galer\u00edas interiores a lo largo de todo el per\u00edmetro<\/strong>. Estas galer\u00edas dan acceso a troneras artilleras y aspilleras m\u00e1s abajo de la l\u00ednea del terrero. Esto <strong>permit\u00eda seguir defendiendo incluso el foso y disparar balas de ca\u00f1\u00f3n en un disparo raso<\/strong> contra la infanter\u00eda enemiga y su artiller\u00eda.<\/p>\n<figure id=\"attachment_29978\" aria-describedby=\"caption-attachment-29978\" style=\"width: 640px\" class=\"wp-caption aligncenter\"><img decoding=\"async\" src=\"https:\/\/destinocastillayleon.es\/index\/wp-content\/uploads\/2017\/06\/10743efb4e45cc07a2f6bdc149156917.jpg\" alt=\"Galer\u00edas subterr\u00e1neas en el per\u00edmetro artillero del Castillo - Destino Castilla y Le\u00f3n\" width=\"640\" height=\"400\" class=\"size-full wp-image-29978\" srcset=\"https:\/\/destinocastillayleon.es\/index\/wp-content\/uploads\/2017\/06\/10743efb4e45cc07a2f6bdc149156917.jpg 640w, https:\/\/destinocastillayleon.es\/index\/wp-content\/uploads\/2017\/06\/10743efb4e45cc07a2f6bdc149156917-300x188.jpg 300w\" sizes=\"(max-width: 640px) 100vw, 640px\" \/><figcaption id=\"caption-attachment-29978\" class=\"wp-caption-text\">Galer\u00edas subterr\u00e1neas en el per\u00edmetro artillero del Castillo &#8211; Destino Castilla y Le\u00f3n<\/figcaption><\/figure>\n<h4><strong>Entrada a la fortaleza<\/strong><\/h4>\n<p><strong>La entrada a la fortaleza se hace pasando la base de la torre del homenaje<\/strong>, con un acceso a algo m\u00e1s de un metro de altura, para evitar el uso de maquinarias de asedio. Pasando esta puerta, se llega al patio de armas. <strong>Un hermoso patio, que no sabemos c\u00f3mo fue el original<\/strong>, pues este que vemos fue una reconstrucci\u00f3n del siglo XX.<\/p>\n<figure id=\"attachment_29980\" aria-describedby=\"caption-attachment-29980\" style=\"width: 640px\" class=\"wp-caption aligncenter\"><img decoding=\"async\" src=\"https:\/\/destinocastillayleon.es\/index\/wp-content\/uploads\/2017\/06\/f4259409d70df262f5b1d32fb345144d.jpg\" alt=\"Entrada a la fortaleza interior - Destino Castilla y Le\u00f3n\" width=\"640\" height=\"400\" class=\"size-full wp-image-29980\" srcset=\"https:\/\/destinocastillayleon.es\/index\/wp-content\/uploads\/2017\/06\/f4259409d70df262f5b1d32fb345144d.jpg 640w, https:\/\/destinocastillayleon.es\/index\/wp-content\/uploads\/2017\/06\/f4259409d70df262f5b1d32fb345144d-300x188.jpg 300w\" sizes=\"(max-width: 640px) 100vw, 640px\" \/><figcaption id=\"caption-attachment-29980\" class=\"wp-caption-text\">Entrada a la fortaleza interior &#8211; Destino Castilla y Le\u00f3n<\/figcaption><\/figure>\n<h4><strong>El patio de armas de la fortaleza<\/strong><\/h4>\n<p>Este patio <strong>se articula en torno a dos pisos, que forman un patio renacentista<\/strong>, porticado con columnas de ladrillo que soportan <strong>unos arcos apuntados que recuerdan a los originales<\/strong>. Nos cuentan que aunque ahora el tiempo hace que parezcan antiguas, hasta hace unos a\u00f1os, se ve\u00eda claramente que eran un a\u00f1adido moderno, distorsionando el conjunto.<\/p>\n<figure id=\"attachment_29983\" aria-describedby=\"caption-attachment-29983\" style=\"width: 640px\" class=\"wp-caption aligncenter\"><img decoding=\"async\" src=\"https:\/\/destinocastillayleon.es\/index\/wp-content\/uploads\/2017\/06\/381b3942507a8199cd555f37f4148243.jpg\" alt=\"Patio de armas del Castillo de la Mota - Destino Castilla y Le\u00f3n\" width=\"640\" height=\"400\" class=\"size-full wp-image-29983\" srcset=\"https:\/\/destinocastillayleon.es\/index\/wp-content\/uploads\/2017\/06\/381b3942507a8199cd555f37f4148243.jpg 640w, https:\/\/destinocastillayleon.es\/index\/wp-content\/uploads\/2017\/06\/381b3942507a8199cd555f37f4148243-300x188.jpg 300w\" sizes=\"(max-width: 640px) 100vw, 640px\" \/><figcaption id=\"caption-attachment-29983\" class=\"wp-caption-text\">Patio de armas del Castillo de la Mota &#8211; Destino Castilla y Le\u00f3n<\/figcaption><\/figure>\n<p>Llama la atenci\u00f3n <strong>la fachada no porticada. Esta fachada es una reproducci\u00f3n de la que posee el Hospital creado por Beatriz Galindo<\/strong>, una de las grandes colaboradoras de la Reina Isabel, <strong>conocida como \u201cLa Latina\u201d<\/strong>, maestra de los hijos de los reyes y de gran cultura. No se sabe que hab\u00eda anteriormente, pero esta fachada, reproduce una de la \u00e9poca.<\/p>\n<h4><strong>La capilla<\/strong><\/h4>\n<p>La Capilla del castillo se sit\u00faa en su lugar original. Aunque la actual est\u00e1 remodelada, como todo lo dem\u00e1s. Se accede desde el patio de armas y <strong>en su interior se venera una imagen de la virgen Mar\u00eda<\/strong>.<\/p>\n<figure id=\"attachment_29979\" aria-describedby=\"caption-attachment-29979\" style=\"width: 640px\" class=\"wp-caption aligncenter\"><img decoding=\"async\" src=\"https:\/\/destinocastillayleon.es\/index\/wp-content\/uploads\/2017\/06\/821c36864cd8b1cd60941a4c006312c6.jpg\" alt=\"Capilla del Castillo de la Mota - Destino Castilla y Le\u00f3n\" width=\"640\" height=\"400\" class=\"size-full wp-image-29979\" srcset=\"https:\/\/destinocastillayleon.es\/index\/wp-content\/uploads\/2017\/06\/821c36864cd8b1cd60941a4c006312c6.jpg 640w, https:\/\/destinocastillayleon.es\/index\/wp-content\/uploads\/2017\/06\/821c36864cd8b1cd60941a4c006312c6-300x188.jpg 300w\" sizes=\"(max-width: 640px) 100vw, 640px\" \/><figcaption id=\"caption-attachment-29979\" class=\"wp-caption-text\">Capilla del Castillo de la Mota &#8211; Destino Castilla y Le\u00f3n<\/figcaption><\/figure>\n<h4><strong>La escalera de subida<\/strong><\/h4>\n<p>En la esquina opuesta al acceso a la fortaleza, se encuentra una escalera. <strong>De nuevo est\u00e1 hecha siguiendo el estilo de los reyes cat\u00f3licos, aunque en estilo mud\u00e9jar<\/strong>, con ladrillo y piedra. Esta escalera es una reproducci\u00f3n del mismo antiguo hospital de La Latina de Madrid. <\/p>\n<figure id=\"attachment_29982\" aria-describedby=\"caption-attachment-29982\" style=\"width: 640px\" class=\"wp-caption aligncenter\"><img decoding=\"async\" src=\"https:\/\/destinocastillayleon.es\/index\/wp-content\/uploads\/2017\/06\/744388699ba92d0dab2e029f5e4a8977.jpg\" alt=\"Escalera del Castillo de la Mota - Destino Castilla y Le\u00f3n\" width=\"640\" height=\"400\" class=\"size-full wp-image-29982\" srcset=\"https:\/\/destinocastillayleon.es\/index\/wp-content\/uploads\/2017\/06\/744388699ba92d0dab2e029f5e4a8977.jpg 640w, https:\/\/destinocastillayleon.es\/index\/wp-content\/uploads\/2017\/06\/744388699ba92d0dab2e029f5e4a8977-300x188.jpg 300w\" sizes=\"(max-width: 640px) 100vw, 640px\" \/><figcaption id=\"caption-attachment-29982\" class=\"wp-caption-text\">Escalera del Castillo de la Mota &#8211; Destino Castilla y Le\u00f3n<\/figcaption><\/figure>\n<p>Lo que m\u00e1s nos ha gustado siempre es <strong>la calidad de su c\u00fapula<\/strong>. Estas c\u00fapulas esf\u00e9ricas han aguantado el paso de los a\u00f1os y de los ca\u00f1onazos.<\/p>\n<h4><strong>El piso superior<\/strong><\/h4>\n<p>En la parte de arriba las <strong>diferentes estancias se han habilitados como aulas<\/strong> y algunas estancias como <strong>salones de estar<\/strong>, pues el castillo cedido a la Falange instal\u00f3 en el castillo la llamada Secci\u00f3n Femenina, donde <strong>se impart\u00eda formaci\u00f3n<\/strong>.<\/p>\n<figure id=\"attachment_29976\" aria-describedby=\"caption-attachment-29976\" style=\"width: 640px\" class=\"wp-caption aligncenter\"><img decoding=\"async\" src=\"https:\/\/destinocastillayleon.es\/index\/wp-content\/uploads\/2017\/06\/105d5d03909e7c901976b8b43474c245.jpg\" alt=\"Estancias de la primera planta - Destino Castilla y Le\u00f3n\" width=\"640\" height=\"400\" class=\"size-full wp-image-29976\" srcset=\"https:\/\/destinocastillayleon.es\/index\/wp-content\/uploads\/2017\/06\/105d5d03909e7c901976b8b43474c245.jpg 640w, https:\/\/destinocastillayleon.es\/index\/wp-content\/uploads\/2017\/06\/105d5d03909e7c901976b8b43474c245-300x188.jpg 300w\" sizes=\"(max-width: 640px) 100vw, 640px\" \/><figcaption id=\"caption-attachment-29976\" class=\"wp-caption-text\">Estancias de la primera planta &#8211; Destino Castilla y Le\u00f3n<\/figcaption><\/figure>\n<h3><strong>Entrada a la torre del homenaje<\/strong><\/h3>\n<p>Sin duda este <strong>el elemento que m\u00e1s destaca y lo m\u00e1s visible<\/strong>. Como el resto del castillo est\u00e1 edificado con ladrillo mud\u00e9jar. Fuera por falta de otro material, o por ser una idea original, <strong>este ladrillo era el material perfecto para las fortalezas modernas, ya que el ladrillo se romp\u00eda, absorbiendo la energ\u00eda de los ca\u00f1onazos<\/strong>, sin resquebrajar al resto de la estructura.<\/p>\n<p>En el exterior de la torre <strong>se observan la gran cantidad de impactos sufridos<\/strong> en la torre y esta sigue en pie.<\/p>\n<figure id=\"attachment_29993\" aria-describedby=\"caption-attachment-29993\" style=\"width: 640px\" class=\"wp-caption aligncenter\"><img decoding=\"async\" src=\"https:\/\/destinocastillayleon.es\/index\/wp-content\/uploads\/2017\/06\/b478558735c001edb9f9aa8ce5e9c3a9.jpg\" alt=\"Torre del homenaje desde el interior de la fortaleza - Destino Castilla y Le\u00f3n\" width=\"640\" height=\"400\" class=\"size-full wp-image-29993\" srcset=\"https:\/\/destinocastillayleon.es\/index\/wp-content\/uploads\/2017\/06\/b478558735c001edb9f9aa8ce5e9c3a9.jpg 640w, https:\/\/destinocastillayleon.es\/index\/wp-content\/uploads\/2017\/06\/b478558735c001edb9f9aa8ce5e9c3a9-300x188.jpg 300w\" sizes=\"(max-width: 640px) 100vw, 640px\" \/><figcaption id=\"caption-attachment-29993\" class=\"wp-caption-text\">Torre del homenaje desde el interior de la fortaleza &#8211; Destino Castilla y Le\u00f3n<\/figcaption><\/figure>\n<blockquote><p>Por las capacidades artilleras, el foso, las galer\u00edas a ras de suelo y en el foso; as\u00ed como la distribuci\u00f3n de las puertas de entrada, con sus baluartes y el material constructivo, se considera que este castillo, como el <a href=\"https:\/\/destinocastillayleon.es\/index\/historia-visita-al-castillo-de-coca\/\">castillo de Coca<\/a>, son las mejores fortalezas construidas en toda Europa a lo largo de la baja edad media.<\/p><\/blockquote>\n<p>En la torre, vamos a encontrar varios pisos. <strong>Puede llamar la atenci\u00f3n lo peque\u00f1as que son las estancias respecto a la torre; y esto es por los espesores de sus muros<\/strong>. En estas estancias estuvieron encerrados personajes ilustres, como Hernando Pizarro, Rodrigo Calder\u00f3n, el duque Fernando de Calabria, el conde Aranda o C\u00e9sar Borgia. <strong>Posiblemente este \u00faltimo C\u00e9sar Borgia, hijo del Papa Alejandro VI (el valenciano Rodrigo Borgia) sea el m\u00e1s famoso<\/strong>, y en este caso por haber escapado con ayuda del exterior, descendiendo por la torre por una soga.<\/p>\n<h4><strong>La terraza superior<\/strong><\/h4>\n<p>Subiendo <strong>hasta lo m\u00e1s alto<\/strong>, llegamos a la terraza superior de la torre del Castillo de la Mota. Las vistas son impresionantes al estar en la colina m\u00e1s alta y encima en lo alto de <strong>una torre que se eleva 38 metros sobre el nivel del suelo<\/strong>. Debi\u00f3 haber, por los grabados y los restos encontrados una peque\u00f1a torre de ladrillo y madera sobre esta terraza, aunque hoy solo se conservan unos arcos.<\/p>\n<figure id=\"attachment_29986\" aria-describedby=\"caption-attachment-29986\" style=\"width: 640px\" class=\"wp-caption aligncenter\"><img decoding=\"async\" src=\"https:\/\/destinocastillayleon.es\/index\/wp-content\/uploads\/2017\/06\/7d3bb58a8a5d599c53f93a9231ce1f7b.jpg\" alt=\"Vista de la ciudad de Medina del Campo desde lo alto de la Torre del Castillo de la Mota - Destino Castilla y Le\u00f3n\" width=\"640\" height=\"400\" class=\"size-full wp-image-29986\" srcset=\"https:\/\/destinocastillayleon.es\/index\/wp-content\/uploads\/2017\/06\/7d3bb58a8a5d599c53f93a9231ce1f7b.jpg 640w, https:\/\/destinocastillayleon.es\/index\/wp-content\/uploads\/2017\/06\/7d3bb58a8a5d599c53f93a9231ce1f7b-300x188.jpg 300w\" sizes=\"(max-width: 640px) 100vw, 640px\" \/><figcaption id=\"caption-attachment-29986\" class=\"wp-caption-text\">Vista de la ciudad de Medina del Campo desde lo alto de la Torre del Castillo de la Mota &#8211; Destino Castilla y Le\u00f3n<\/figcaption><\/figure>\n<h3><strong>Informaci\u00f3n pr\u00e1ctica para visitar el Castillo de la Mota<\/strong><\/h3>\n<p>Este es <strong>uno de los castillos m\u00e1s elegantes y bonitos que hemos visto<\/strong>. Incluido en entre <a href=\"https:\/\/destinocastillayleon.es\/index\/los-10-castillos-mas-impresionantes-de-castilla-y-leon-2\/\">nuestros castillos favoritos<\/a>. Merece la pena subir a lo m\u00e1s alto de la torre. Visitar sus galer\u00edas y conocer la riqueza de su historia.<\/p>\n<figure id=\"attachment_29987\" aria-describedby=\"caption-attachment-29987\" style=\"width: 640px\" class=\"wp-caption aligncenter\"><img decoding=\"async\" src=\"https:\/\/destinocastillayleon.es\/index\/wp-content\/uploads\/2017\/06\/1cc1f293c81c00a8bde3e2ba5c6c14ad.jpg\" alt=\"Maqueta del Castillo en el Centro de Recepci\u00f3n de Visitantes - Destino Castilla y Le\u00f3n\" width=\"640\" height=\"400\" class=\"size-full wp-image-29987\" srcset=\"https:\/\/destinocastillayleon.es\/index\/wp-content\/uploads\/2017\/06\/1cc1f293c81c00a8bde3e2ba5c6c14ad.jpg 640w, https:\/\/destinocastillayleon.es\/index\/wp-content\/uploads\/2017\/06\/1cc1f293c81c00a8bde3e2ba5c6c14ad-300x188.jpg 300w\" sizes=\"(max-width: 640px) 100vw, 640px\" \/><figcaption id=\"caption-attachment-29987\" class=\"wp-caption-text\">Maqueta del Castillo en el Centro de Recepci\u00f3n de Visitantes &#8211; Destino Castilla y Le\u00f3n<\/figcaption><\/figure>\n<p><strong>Situaci\u00f3n y contacto<\/strong><\/p>\n<ul>Castillo de la Mota<br \/>\nAvda. del Castillo, 12 (<a href=\"https:\/\/goo.gl\/maps\/aBgFCDXBSmy\" rel=\"NoFollow\" target=\"_Blank\"><u>ver en un mapa<\/u><\/a>)<br \/>\n47400 \u2013 Medina del Campo, Valladolid.<br \/>\nTelf.: +34 983 812 724<br \/>\n@.: <a href=\"mailto.centrodevisitantes@castillodelamota.es\"><u>centrodevisitantes@castillodelamota.es<\/u><\/a><\/ul>\n<p>&nbsp;<br \/>\n<strong>Horario de visitas<\/strong><\/p>\n<ul>Horario de <strong>invierno<\/strong>: del 1 de octubre al 31 de marzo<\/p>\n<ul>De lunes a s\u00e1bado, de 11:00 a 14:00 horas y de 16:00 a 18:00 horas.<br \/>\nDomingos y festivos, de 11:00 a 14:00 horas.<\/ul>\n<p>Horario de <strong>verano<\/strong>: del 1 de abril al 30 de septiembre.<\/p>\n<ul>De lunes a s\u00e1bado, de 11:00 a 14:00 horas y de 16:00 a 19:00 horas.<br \/>\nDomingos y festivos, de 11:00 a 14:30 horas.<\/ul>\n<p>Las visitas tanto libres al Castillo comienzan a las horas en punto y solo visitas guiadas de martes a domingo con reserva previa.<\/ul>\n<p>&nbsp;<br \/>\n<strong>Coste de las entradas<\/strong><\/p>\n<ul><strong>Visita Libre y gratuita<\/strong>: sin cinta previa se puede acceder al exterior, al patio de armas, la capilla y algunas salas.<br \/>\n<strong>Visita guiada, sin la torre<\/strong>: Cuesta 4\u20ac, incluye la visita al yacimiento arqueol\u00f3gico de Edad del Hierro, la primera muralla, las galer\u00edas de tiro y explicaci\u00f3n.<br \/>\n<strong>Visita guiada, con la torre<\/strong>: Cuesta 6\u20ac, incluye todo lo anterior, y permite el acceso al primer piso, donde se encentra la escalera de honor, las habitaciones y estancias interiores de la torre (archivo y prisi\u00f3n), y a la terraza.<\/ul>\n<figure id=\"attachment_29999\" aria-describedby=\"caption-attachment-29999\" style=\"width: 640px\" class=\"wp-caption aligncenter\"><img decoding=\"async\" src=\"https:\/\/destinocastillayleon.es\/index\/wp-content\/uploads\/2019\/03\/03786917842e5e449398f9f00a494c82.jpg\" alt=\"Castillo de la Mota desde el Centro de Recepci\u00f3n de visitantes - Destino Castilla y Le\u00f3n\" width=\"640\" height=\"375\" class=\"size-full wp-image-29999\" srcset=\"https:\/\/destinocastillayleon.es\/index\/wp-content\/uploads\/2019\/03\/03786917842e5e449398f9f00a494c82.jpg 640w, https:\/\/destinocastillayleon.es\/index\/wp-content\/uploads\/2019\/03\/03786917842e5e449398f9f00a494c82-300x176.jpg 300w\" sizes=\"(max-width: 640px) 100vw, 640px\" \/><figcaption id=\"caption-attachment-29999\" class=\"wp-caption-text\">Castillo de la Mota desde el Centro de Recepci\u00f3n de visitantes &#8211; Destino Castilla y Le\u00f3n<\/figcaption><\/figure>\n<p>Y ya veis que visita m\u00e1s interesante para realizar en Medina del Campo. Con una visita a la torre, <strong>pod\u00e9is estar hasta unas 2 horas viendo el castillo<\/strong>. Junto a una visita a la propia Medina del Campo y a alguna bodega de la zona, ten\u00e9is una escapada de enoturismo s\u00faper chula.<\/p>\n<h4>Tambi\u00e9n te puede interesar<\/h4>\n<ul>\n<li><a href=\"https:\/\/destinocastillayleon.es\/index\/ruta-de-los-castillos-de-valladolid\/\">Ruta de los Castillos de Valladolid \u2013 Parte I<\/a>.<\/li>\n<li><a href=\"https:\/\/destinocastillayleon.es\/index\/ruta-de-los-castillos-de-segovia\/\">Recorre la Ruta de los Castillos de Segovia y su provincia<\/a>.<\/li>\n<li><a href=\"https:\/\/destinocastillayleon.es\/index\/historia-visita-al-castillo-de-coca\/\">Visita e historia del Castillo de Coca<\/a>.<\/li>\n<li><a href=\"https:\/\/destinocastillayleon.es\/index\/castillo-de-arevalo\/\">Castillo de Ar\u00e9valo, su historia y su leyenda<\/a>.<\/li>\n<li><a href=\"https:\/\/destinocastillayleon.es\/index\/castillo-templario-de-ponferrada\/\">Castillo Templario de Ponferrada<\/a>.<\/li>\n<\/ul>\n","protected":false},"excerpt":{"rendered":"<p>Queremos que conozcas este icono de Medina del Campo y de Castilla y Le\u00f3n. Se trata del Castillo de la Mota, un lugar lleno de historia y un planazo familiar<\/p>\n","protected":false},"author":2,"featured_media":29996,"comment_status":"open","ping_status":"closed","sticky":false,"template":"","format":"standard","meta":{"rop_custom_images_group":[],"rop_custom_messages_group":[],"rop_publish_now":"initial","rop_publish_now_accounts":{"twitter_1150954226_1150954226":""},"rop_publish_now_history":[],"rop_publish_now_status":"pending","footnotes":""},"categories":[68,45,73,26,4798,3471],"tags":[3408,321,660],"class_list":["post-29958","post","type-post","status-publish","format-standard","has-post-thumbnail","hentry","category-post_inicial","category-provincias","category-punto_singular","category-valladolid","category-valladolid-turismo","category-viajar-con-ninos-rutas-2","tag-castillo-de-la-mota","tag-medina-del-campo","tag-que-ver-en-valladolid"],"yoast_head":"<!-- This site is optimized with the Yoast SEO Premium plugin v20.4 (Yoast SEO v27.4) - https:\/\/yoast.com\/product\/yoast-seo-premium-wordpress\/ -->\n<title>Visitar el Castillo de la Mota - Destino Castilla y Le\u00f3n<\/title>\n<meta name=\"description\" content=\"Descubre este icono de Medina del Campo. Se trata del Castillo de la Mota, un lugar lleno de historia y un planazo familiar\" \/>\n<meta name=\"robots\" content=\"index, follow, max-snippet:-1, max-image-preview:large, max-video-preview:-1\" \/>\n<link rel=\"canonical\" href=\"https:\/\/destinocastillayleon.es\/index\/visitar-el-castillo-de-la-mota\/\" \/>\n<meta property=\"og:locale\" content=\"es_ES\" \/>\n<meta property=\"og:type\" content=\"article\" \/>\n<meta property=\"og:title\" content=\"Visitar el Castillo de la Mota, el icono de Medina del Campo - Destino Castilla y Le\u00f3n\" \/>\n<meta property=\"og:description\" content=\"Queremos que conozcas este icono de Medina del Campo y de Castilla y Le\u00f3n. Se trata del Castillo de la Mota, un lugar lleno de historia y un planazo familiar\" \/>\n<meta property=\"og:url\" content=\"https:\/\/destinocastillayleon.es\/index\/visitar-el-castillo-de-la-mota\/\" \/>\n<meta property=\"og:site_name\" content=\"Destino Castilla y Le\u00f3n\" \/>\n<meta property=\"article:publisher\" content=\"https:\/\/www.facebook.com\/DestinoCastillaYLeon\/\" \/>\n<meta property=\"article:author\" content=\"https:\/\/www.facebook.com\/profile.php?id=1158416854\" \/>\n<meta property=\"article:published_time\" content=\"2019-03-15T05:30:54+00:00\" \/>\n<meta property=\"og:image\" content=\"https:\/\/destinocastillayleon.es\/index\/wp-content\/uploads\/2017\/06\/fdc94f74e7a07171964c3924ab25e5df.jpg\" \/>\n\t<meta property=\"og:image:width\" content=\"850\" \/>\n\t<meta property=\"og:image:height\" content=\"495\" \/>\n\t<meta property=\"og:image:type\" content=\"image\/jpeg\" \/>\n<meta name=\"author\" content=\"David V\u00e1zquez\" \/>\n<meta name=\"twitter:card\" content=\"summary_large_image\" \/>\n<meta name=\"twitter:title\" content=\"Visitar el Castillo de la Mota, el icono de Medina del Campo - Destino Castilla y Le\u00f3n\" \/>\n<meta name=\"twitter:description\" content=\"Queremos que conozcas este icono de Medina del Campo y de Castilla y Le\u00f3n. Se trata del Castillo de la Mota, un lugar lleno de historia y un planazo familiar\" \/>\n<meta name=\"twitter:image\" content=\"https:\/\/destinocastillayleon.es\/index\/wp-content\/uploads\/2017\/06\/fdc94f74e7a07171964c3924ab25e5df.jpg\" \/>\n<meta name=\"twitter:creator\" content=\"@https:\/\/twitter.com\/ContePantaleone\u200e\" \/>\n<meta name=\"twitter:site\" content=\"@destinocyl\" \/>\n<meta name=\"twitter:label1\" content=\"Escrito por\" \/>\n\t<meta name=\"twitter:data1\" content=\"David V\u00e1zquez\" \/>\n\t<meta name=\"twitter:label2\" content=\"Tiempo de lectura\" \/>\n\t<meta name=\"twitter:data2\" content=\"15 minutos\" \/>\n<script type=\"application\/ld+json\" class=\"yoast-schema-graph\">{\"@context\":\"https:\\\/\\\/schema.org\",\"@graph\":[{\"@type\":\"Article\",\"@id\":\"https:\\\/\\\/destinocastillayleon.es\\\/index\\\/visitar-el-castillo-de-la-mota\\\/#article\",\"isPartOf\":{\"@id\":\"https:\\\/\\\/destinocastillayleon.es\\\/index\\\/visitar-el-castillo-de-la-mota\\\/\"},\"author\":{\"name\":\"David V\u00e1zquez\",\"@id\":\"https:\\\/\\\/destinocastillayleon.es\\\/index\\\/#\\\/schema\\\/person\\\/189221bc8f6cc4fa28b18ad5c289d4c2\"},\"headline\":\"Visitar el Castillo de la Mota, el icono de Medina del Campo\",\"datePublished\":\"2019-03-15T05:30:54+00:00\",\"mainEntityOfPage\":{\"@id\":\"https:\\\/\\\/destinocastillayleon.es\\\/index\\\/visitar-el-castillo-de-la-mota\\\/\"},\"wordCount\":2966,\"commentCount\":1,\"image\":{\"@id\":\"https:\\\/\\\/destinocastillayleon.es\\\/index\\\/visitar-el-castillo-de-la-mota\\\/#primaryimage\"},\"thumbnailUrl\":\"https:\\\/\\\/destinocastillayleon.es\\\/index\\\/wp-content\\\/uploads\\\/2017\\\/06\\\/fdc94f74e7a07171964c3924ab25e5df.jpg\",\"keywords\":[\"Castillo de la Mota\",\"Medina del Campo\",\"Qu\u00e9 ver en Valladolid\"],\"articleSection\":[\"Post_inicial\",\"Provincias\",\"Punto Singular\",\"Valladolid\",\"Valladolid Turismo\",\"Viajar con ni\u00f1os\"],\"inLanguage\":\"es\",\"potentialAction\":[{\"@type\":\"CommentAction\",\"name\":\"Comment\",\"target\":[\"https:\\\/\\\/destinocastillayleon.es\\\/index\\\/visitar-el-castillo-de-la-mota\\\/#respond\"]}]},{\"@type\":\"WebPage\",\"@id\":\"https:\\\/\\\/destinocastillayleon.es\\\/index\\\/visitar-el-castillo-de-la-mota\\\/\",\"url\":\"https:\\\/\\\/destinocastillayleon.es\\\/index\\\/visitar-el-castillo-de-la-mota\\\/\",\"name\":\"Visitar el Castillo de la Mota - Destino Castilla y Le\u00f3n\",\"isPartOf\":{\"@id\":\"https:\\\/\\\/destinocastillayleon.es\\\/index\\\/#website\"},\"primaryImageOfPage\":{\"@id\":\"https:\\\/\\\/destinocastillayleon.es\\\/index\\\/visitar-el-castillo-de-la-mota\\\/#primaryimage\"},\"image\":{\"@id\":\"https:\\\/\\\/destinocastillayleon.es\\\/index\\\/visitar-el-castillo-de-la-mota\\\/#primaryimage\"},\"thumbnailUrl\":\"https:\\\/\\\/destinocastillayleon.es\\\/index\\\/wp-content\\\/uploads\\\/2017\\\/06\\\/fdc94f74e7a07171964c3924ab25e5df.jpg\",\"datePublished\":\"2019-03-15T05:30:54+00:00\",\"author\":{\"@id\":\"https:\\\/\\\/destinocastillayleon.es\\\/index\\\/#\\\/schema\\\/person\\\/189221bc8f6cc4fa28b18ad5c289d4c2\"},\"description\":\"Descubre este icono de Medina del Campo. Se trata del Castillo de la Mota, un lugar lleno de historia y un planazo familiar\",\"breadcrumb\":{\"@id\":\"https:\\\/\\\/destinocastillayleon.es\\\/index\\\/visitar-el-castillo-de-la-mota\\\/#breadcrumb\"},\"inLanguage\":\"es\",\"potentialAction\":[{\"@type\":\"ReadAction\",\"target\":[\"https:\\\/\\\/destinocastillayleon.es\\\/index\\\/visitar-el-castillo-de-la-mota\\\/\"]}]},{\"@type\":\"ImageObject\",\"inLanguage\":\"es\",\"@id\":\"https:\\\/\\\/destinocastillayleon.es\\\/index\\\/visitar-el-castillo-de-la-mota\\\/#primaryimage\",\"url\":\"https:\\\/\\\/destinocastillayleon.es\\\/index\\\/wp-content\\\/uploads\\\/2017\\\/06\\\/fdc94f74e7a07171964c3924ab25e5df.jpg\",\"contentUrl\":\"https:\\\/\\\/destinocastillayleon.es\\\/index\\\/wp-content\\\/uploads\\\/2017\\\/06\\\/fdc94f74e7a07171964c3924ab25e5df.jpg\",\"width\":850,\"height\":495,\"caption\":\"Castillo de la Mota en Medina del Campo - Destino Castilla y Le\u00f3n\"},{\"@type\":\"BreadcrumbList\",\"@id\":\"https:\\\/\\\/destinocastillayleon.es\\\/index\\\/visitar-el-castillo-de-la-mota\\\/#breadcrumb\",\"itemListElement\":[{\"@type\":\"ListItem\",\"position\":1,\"name\":\"Portada\",\"item\":\"https:\\\/\\\/destinocastillayleon.es\\\/index\\\/\"},{\"@type\":\"ListItem\",\"position\":2,\"name\":\"Visitar el Castillo de la Mota, el icono de Medina del Campo\"}]},{\"@type\":\"WebSite\",\"@id\":\"https:\\\/\\\/destinocastillayleon.es\\\/index\\\/#website\",\"url\":\"https:\\\/\\\/destinocastillayleon.es\\\/index\\\/\",\"name\":\"Destino Castilla y Le\u00f3n\",\"description\":\"Medio digital independiente y revista de Castilla y Le\u00f3n dedicado al turismo, gastronom\u00eda y vino de Castilla y Le\u00f3n\",\"potentialAction\":[{\"@type\":\"SearchAction\",\"target\":{\"@type\":\"EntryPoint\",\"urlTemplate\":\"https:\\\/\\\/destinocastillayleon.es\\\/index\\\/?s={search_term_string}\"},\"query-input\":{\"@type\":\"PropertyValueSpecification\",\"valueRequired\":true,\"valueName\":\"search_term_string\"}}],\"inLanguage\":\"es\"},{\"@type\":\"Person\",\"@id\":\"https:\\\/\\\/destinocastillayleon.es\\\/index\\\/#\\\/schema\\\/person\\\/189221bc8f6cc4fa28b18ad5c289d4c2\",\"name\":\"David V\u00e1zquez\",\"image\":{\"@type\":\"ImageObject\",\"inLanguage\":\"es\",\"@id\":\"https:\\\/\\\/secure.gravatar.com\\\/avatar\\\/cd12db6c575a90c3b75cfa0f794b74d425201c768612fad17e9f13cd33d48be8?s=96&d=mm&r=g\",\"url\":\"https:\\\/\\\/secure.gravatar.com\\\/avatar\\\/cd12db6c575a90c3b75cfa0f794b74d425201c768612fad17e9f13cd33d48be8?s=96&d=mm&r=g\",\"contentUrl\":\"https:\\\/\\\/secure.gravatar.com\\\/avatar\\\/cd12db6c575a90c3b75cfa0f794b74d425201c768612fad17e9f13cd33d48be8?s=96&d=mm&r=g\",\"caption\":\"David V\u00e1zquez\"},\"description\":\"Ingeniero Industrial de vocaci\u00f3n y profesi\u00f3n, he encontrado en los blogs la forma de plasmar mi pasi\u00f3n por los viajes, la gastronom\u00eda y los vinos. Especialmente los procedentes de Castilla y Le\u00f3n\",\"sameAs\":[\"https:\\\/\\\/www.destinocastillayleon.es\",\"https:\\\/\\\/www.facebook.com\\\/profile.php?id=1158416854\",\"https:\\\/\\\/instagram.com\\\/conte.pantaleone\",\"https:\\\/\\\/www.linkedin.com\\\/pub\\\/david-vazquez-lozano\\\/37\\\/17a\\\/25a\",\"https:\\\/\\\/x.com\\\/https:\\\/\\\/twitter.com\\\/ContePantaleone\u200e\"],\"url\":\"https:\\\/\\\/destinocastillayleon.es\\\/index\\\/author\\\/coadministradorcyl\\\/\"}]}<\/script>\n<!-- \/ Yoast SEO Premium plugin. -->","yoast_head_json":{"title":"Visitar el Castillo de la Mota - Destino Castilla y Le\u00f3n","description":"Descubre este icono de Medina del Campo. Se trata del Castillo de la Mota, un lugar lleno de historia y un planazo familiar","robots":{"index":"index","follow":"follow","max-snippet":"max-snippet:-1","max-image-preview":"max-image-preview:large","max-video-preview":"max-video-preview:-1"},"canonical":"https:\/\/destinocastillayleon.es\/index\/visitar-el-castillo-de-la-mota\/","og_locale":"es_ES","og_type":"article","og_title":"Visitar el Castillo de la Mota, el icono de Medina del Campo - Destino Castilla y Le\u00f3n","og_description":"Queremos que conozcas este icono de Medina del Campo y de Castilla y Le\u00f3n. Se trata del Castillo de la Mota, un lugar lleno de historia y un planazo familiar","og_url":"https:\/\/destinocastillayleon.es\/index\/visitar-el-castillo-de-la-mota\/","og_site_name":"Destino Castilla y Le\u00f3n","article_publisher":"https:\/\/www.facebook.com\/DestinoCastillaYLeon\/","article_author":"https:\/\/www.facebook.com\/profile.php?id=1158416854","article_published_time":"2019-03-15T05:30:54+00:00","og_image":[{"width":850,"height":495,"url":"https:\/\/destinocastillayleon.es\/index\/wp-content\/uploads\/2017\/06\/fdc94f74e7a07171964c3924ab25e5df.jpg","type":"image\/jpeg"}],"author":"David V\u00e1zquez","twitter_card":"summary_large_image","twitter_title":"Visitar el Castillo de la Mota, el icono de Medina del Campo - Destino Castilla y Le\u00f3n","twitter_description":"Queremos que conozcas este icono de Medina del Campo y de Castilla y Le\u00f3n. Se trata del Castillo de la Mota, un lugar lleno de historia y un planazo familiar","twitter_image":"https:\/\/destinocastillayleon.es\/index\/wp-content\/uploads\/2017\/06\/fdc94f74e7a07171964c3924ab25e5df.jpg","twitter_creator":"@https:\/\/twitter.com\/ContePantaleone\u200e","twitter_site":"@destinocyl","twitter_misc":{"Escrito por":"David V\u00e1zquez","Tiempo de lectura":"15 minutos"},"schema":{"@context":"https:\/\/schema.org","@graph":[{"@type":"Article","@id":"https:\/\/destinocastillayleon.es\/index\/visitar-el-castillo-de-la-mota\/#article","isPartOf":{"@id":"https:\/\/destinocastillayleon.es\/index\/visitar-el-castillo-de-la-mota\/"},"author":{"name":"David V\u00e1zquez","@id":"https:\/\/destinocastillayleon.es\/index\/#\/schema\/person\/189221bc8f6cc4fa28b18ad5c289d4c2"},"headline":"Visitar el Castillo de la Mota, el icono de Medina del Campo","datePublished":"2019-03-15T05:30:54+00:00","mainEntityOfPage":{"@id":"https:\/\/destinocastillayleon.es\/index\/visitar-el-castillo-de-la-mota\/"},"wordCount":2966,"commentCount":1,"image":{"@id":"https:\/\/destinocastillayleon.es\/index\/visitar-el-castillo-de-la-mota\/#primaryimage"},"thumbnailUrl":"https:\/\/destinocastillayleon.es\/index\/wp-content\/uploads\/2017\/06\/fdc94f74e7a07171964c3924ab25e5df.jpg","keywords":["Castillo de la Mota","Medina del Campo","Qu\u00e9 ver en Valladolid"],"articleSection":["Post_inicial","Provincias","Punto Singular","Valladolid","Valladolid Turismo","Viajar con ni\u00f1os"],"inLanguage":"es","potentialAction":[{"@type":"CommentAction","name":"Comment","target":["https:\/\/destinocastillayleon.es\/index\/visitar-el-castillo-de-la-mota\/#respond"]}]},{"@type":"WebPage","@id":"https:\/\/destinocastillayleon.es\/index\/visitar-el-castillo-de-la-mota\/","url":"https:\/\/destinocastillayleon.es\/index\/visitar-el-castillo-de-la-mota\/","name":"Visitar el Castillo de la Mota - Destino Castilla y Le\u00f3n","isPartOf":{"@id":"https:\/\/destinocastillayleon.es\/index\/#website"},"primaryImageOfPage":{"@id":"https:\/\/destinocastillayleon.es\/index\/visitar-el-castillo-de-la-mota\/#primaryimage"},"image":{"@id":"https:\/\/destinocastillayleon.es\/index\/visitar-el-castillo-de-la-mota\/#primaryimage"},"thumbnailUrl":"https:\/\/destinocastillayleon.es\/index\/wp-content\/uploads\/2017\/06\/fdc94f74e7a07171964c3924ab25e5df.jpg","datePublished":"2019-03-15T05:30:54+00:00","author":{"@id":"https:\/\/destinocastillayleon.es\/index\/#\/schema\/person\/189221bc8f6cc4fa28b18ad5c289d4c2"},"description":"Descubre este icono de Medina del Campo. Se trata del Castillo de la Mota, un lugar lleno de historia y un planazo familiar","breadcrumb":{"@id":"https:\/\/destinocastillayleon.es\/index\/visitar-el-castillo-de-la-mota\/#breadcrumb"},"inLanguage":"es","potentialAction":[{"@type":"ReadAction","target":["https:\/\/destinocastillayleon.es\/index\/visitar-el-castillo-de-la-mota\/"]}]},{"@type":"ImageObject","inLanguage":"es","@id":"https:\/\/destinocastillayleon.es\/index\/visitar-el-castillo-de-la-mota\/#primaryimage","url":"https:\/\/destinocastillayleon.es\/index\/wp-content\/uploads\/2017\/06\/fdc94f74e7a07171964c3924ab25e5df.jpg","contentUrl":"https:\/\/destinocastillayleon.es\/index\/wp-content\/uploads\/2017\/06\/fdc94f74e7a07171964c3924ab25e5df.jpg","width":850,"height":495,"caption":"Castillo de la Mota en Medina del Campo - Destino Castilla y Le\u00f3n"},{"@type":"BreadcrumbList","@id":"https:\/\/destinocastillayleon.es\/index\/visitar-el-castillo-de-la-mota\/#breadcrumb","itemListElement":[{"@type":"ListItem","position":1,"name":"Portada","item":"https:\/\/destinocastillayleon.es\/index\/"},{"@type":"ListItem","position":2,"name":"Visitar el Castillo de la Mota, el icono de Medina del Campo"}]},{"@type":"WebSite","@id":"https:\/\/destinocastillayleon.es\/index\/#website","url":"https:\/\/destinocastillayleon.es\/index\/","name":"Destino Castilla y Le\u00f3n","description":"Medio digital independiente y revista de Castilla y Le\u00f3n dedicado al turismo, gastronom\u00eda y vino de Castilla y Le\u00f3n","potentialAction":[{"@type":"SearchAction","target":{"@type":"EntryPoint","urlTemplate":"https:\/\/destinocastillayleon.es\/index\/?s={search_term_string}"},"query-input":{"@type":"PropertyValueSpecification","valueRequired":true,"valueName":"search_term_string"}}],"inLanguage":"es"},{"@type":"Person","@id":"https:\/\/destinocastillayleon.es\/index\/#\/schema\/person\/189221bc8f6cc4fa28b18ad5c289d4c2","name":"David V\u00e1zquez","image":{"@type":"ImageObject","inLanguage":"es","@id":"https:\/\/secure.gravatar.com\/avatar\/cd12db6c575a90c3b75cfa0f794b74d425201c768612fad17e9f13cd33d48be8?s=96&d=mm&r=g","url":"https:\/\/secure.gravatar.com\/avatar\/cd12db6c575a90c3b75cfa0f794b74d425201c768612fad17e9f13cd33d48be8?s=96&d=mm&r=g","contentUrl":"https:\/\/secure.gravatar.com\/avatar\/cd12db6c575a90c3b75cfa0f794b74d425201c768612fad17e9f13cd33d48be8?s=96&d=mm&r=g","caption":"David V\u00e1zquez"},"description":"Ingeniero Industrial de vocaci\u00f3n y profesi\u00f3n, he encontrado en los blogs la forma de plasmar mi pasi\u00f3n por los viajes, la gastronom\u00eda y los vinos. Especialmente los procedentes de Castilla y Le\u00f3n","sameAs":["https:\/\/www.destinocastillayleon.es","https:\/\/www.facebook.com\/profile.php?id=1158416854","https:\/\/instagram.com\/conte.pantaleone","https:\/\/www.linkedin.com\/pub\/david-vazquez-lozano\/37\/17a\/25a","https:\/\/x.com\/https:\/\/twitter.com\/ContePantaleone\u200e"],"url":"https:\/\/destinocastillayleon.es\/index\/author\/coadministradorcyl\/"}]}},"_links":{"self":[{"href":"https:\/\/destinocastillayleon.es\/index\/wp-json\/wp\/v2\/posts\/29958","targetHints":{"allow":["GET"]}}],"collection":[{"href":"https:\/\/destinocastillayleon.es\/index\/wp-json\/wp\/v2\/posts"}],"about":[{"href":"https:\/\/destinocastillayleon.es\/index\/wp-json\/wp\/v2\/types\/post"}],"author":[{"embeddable":true,"href":"https:\/\/destinocastillayleon.es\/index\/wp-json\/wp\/v2\/users\/2"}],"replies":[{"embeddable":true,"href":"https:\/\/destinocastillayleon.es\/index\/wp-json\/wp\/v2\/comments?post=29958"}],"version-history":[{"count":24,"href":"https:\/\/destinocastillayleon.es\/index\/wp-json\/wp\/v2\/posts\/29958\/revisions"}],"predecessor-version":[{"id":30006,"href":"https:\/\/destinocastillayleon.es\/index\/wp-json\/wp\/v2\/posts\/29958\/revisions\/30006"}],"wp:featuredmedia":[{"embeddable":true,"href":"https:\/\/destinocastillayleon.es\/index\/wp-json\/wp\/v2\/media\/29996"}],"wp:attachment":[{"href":"https:\/\/destinocastillayleon.es\/index\/wp-json\/wp\/v2\/media?parent=29958"}],"wp:term":[{"taxonomy":"category","embeddable":true,"href":"https:\/\/destinocastillayleon.es\/index\/wp-json\/wp\/v2\/categories?post=29958"},{"taxonomy":"post_tag","embeddable":true,"href":"https:\/\/destinocastillayleon.es\/index\/wp-json\/wp\/v2\/tags?post=29958"}],"curies":[{"name":"wp","href":"https:\/\/api.w.org\/{rel}","templated":true}]}}