{"id":29587,"date":"2019-02-01T12:46:37","date_gmt":"2019-02-01T11:46:37","guid":{"rendered":"https:\/\/destinocastillayleon.es\/index\/?p=29587"},"modified":"2019-02-05T17:14:44","modified_gmt":"2019-02-05T16:14:44","slug":"guia-para-una-visita-a-leon","status":"publish","type":"post","link":"https:\/\/destinocastillayleon.es\/index\/guia-para-una-visita-a-leon\/","title":{"rendered":"Gu\u00eda para visitar Le\u00f3n en un fin de semana \u00a1Lo que no te puedes perder!"},"content":{"rendered":"<p>Se dice que <strong>Le\u00f3n es la cuna del parlamentarismo,<\/strong> pues fue en esta ciudad donde se celebraron las primeras cortes modernas de Europa. De su rico pasado nos han llegado sus imponentes edificios, testigos en piedra del esplendor del reino leon\u00e9s. Merece la pena <strong>dedicar dos o tres d\u00edas para hacer una visita a Le\u00f3n<\/strong>, (ya te adelantamos que en un solo d\u00eda no te dar\u00e1 tiempo a verlo todo), pasear tranquilamente por su casco hist\u00f3rico, disfrutar de <strong><a href=\"https:\/\/destinocastillayleon.es\/index\/10-suculentos-motivos-para-visitar-leon-capital-de-la-gastronomia-2018\/\">su rica gastronom\u00eda<\/a><\/strong> y embobarse contemplando las hermosas y coloridas vidrieras de su catedral.<\/p>\n<h2><strong>Informaci\u00f3n general de Le\u00f3n<\/strong><\/h2>\n<h3><strong>C\u00f3mo llegar<\/strong><\/h3>\n<p>Le\u00f3n es una capital de provincia importante, por lo que est\u00e1 bien comunicada por carretera. Puedes elegir la <strong>Autov\u00eda A66 de la Via de la Plata<\/strong>, de la que ya te hemos hablado, o por la <strong>Autov\u00eda A231, Camino de Santiago<\/strong>, una autov\u00eda que recorre la comunidad de Castilla y Le\u00f3n de este a oeste. Por carretera, desde Valladolid, est\u00e1 la <strong>Nacional N601<\/strong>, que en algunos tramos es ya autov\u00eda, aunque a\u00fan le queda muchos kil\u00f3metros por construir.<\/p>\n<p>Igualmente, <strong>puedes hacerlo en AVE<\/strong>, que desde Madrid es muy c\u00f3modo en apenas 2 horas.<\/p>\n<figure id=\"attachment_29644\" aria-describedby=\"caption-attachment-29644\" style=\"width: 640px\" class=\"wp-caption aligncenter\"><img decoding=\"async\" class=\"size-full wp-image-29644\" src=\"https:\/\/destinocastillayleon.es\/index\/wp-content\/uploads\/2019\/01\/0b3cdb479f2fc48e3779c6945db7066a.jpg\" alt=\"Estaci\u00f3n del AVE de Le\u00f3n - Imagen de la Cadena Ser\" width=\"640\" height=\"318\" srcset=\"https:\/\/destinocastillayleon.es\/index\/wp-content\/uploads\/2019\/01\/0b3cdb479f2fc48e3779c6945db7066a.jpg 640w, https:\/\/destinocastillayleon.es\/index\/wp-content\/uploads\/2019\/01\/0b3cdb479f2fc48e3779c6945db7066a-300x149.jpg 300w\" sizes=\"(max-width: 640px) 100vw, 640px\" \/><figcaption id=\"caption-attachment-29644\" class=\"wp-caption-text\">Estaci\u00f3n del AVE de Le\u00f3n &#8211; Imagen de la Cadena Ser<\/figcaption><\/figure>\n<p>Tambi\u00e9n cuenta con conexiones a\u00e9reas, con <strong>el aeropuerto Virgen del Camino, muy pr\u00f3ximo<\/strong> a la capital leonesa.<\/p>\n<h3><strong>D\u00f3nde dormir en Le\u00f3n<\/strong><\/h3>\n<p>No podemos recomendarte a\u00fan un buen hotel en Le\u00f3n en base a nuestra experiencia, pues <strong>siempre que hemos hecho noche, nos hemos alojado en casa de amigos y familiares<\/strong>. No obstante, en base a la oferta de booking, <strong>nosotros nos quedar\u00edamos en el <a href=\"https:\/\/www.booking.com\/hotel\/es\/fc-infantas-de-leon.es.html?aid=1281624;sid=948d08a20be983584b9acf44df70cf3d;atlas_src=sr_iw_btn;dist=0;group_adults=2;group_children=1;nflt=class%3D3%3B;no_rooms=1;room1=A%2CA%2C12;sb_price_type=total;type=total;ucfs=1&amp;\" target=\"_Blank\" rel=\"DoFollow\">Hotel FC Infantas de Le\u00f3n<\/a><\/strong>, ya que lo vemos muy equilibrado en distancia al centro, calidad y precio.<\/p>\n<h3><strong>D\u00f3nde comer en Le\u00f3n<\/strong><\/h3>\n<p>Se podr\u00eda decir que Le\u00f3n es uno de los lugares donde mejor se come del pa\u00eds. Cruce de caminos, su gastronom\u00eda es de lo m\u00e1s rica y variada. Puedes elegir comer en alg\u00fan restaurante c\u00e9ntrico o ir de tapeo por el \u00abBarrio H\u00famedo\u00bb o \u00abBarrio Rom\u00e1ntico\u00bb, los m\u00e1s frecuentados por los leoneses para tapear.<\/p>\n<p>En otras ocasiones hemos\u00a0ido\u00a0<strong><a href=\"https:\/\/destinocastillayleon.es\/index\/ruta-de-tapas-por-leon\/\">de tapas y vinos por el Barrio H\u00famedo<\/a>, donde te ofrecen una tapa gratis con tu consumici\u00f3n.<\/strong> Las tapas son abundantes, as\u00ed que se puede decir que sales comido despu\u00e9s de tapear en tres o cuatro bares. En nuestra \u00faltima visita hemos comido requetebi\u00e9n en el restaurante Ezequiel, en plena calle ancha.<\/p>\n<figure id=\"attachment_29645\" aria-describedby=\"caption-attachment-29645\" style=\"width: 640px\" class=\"wp-caption aligncenter\"><img decoding=\"async\" class=\"size-full wp-image-29645\" src=\"https:\/\/destinocastillayleon.es\/index\/wp-content\/uploads\/2019\/01\/2044a0665b52bae655cd3160205e0daa.jpg\" alt=\"Comida en Le\u00f3n, en el Restaurante Ezequiel - Destino Castilla y Le\u00f3n\" width=\"640\" height=\"400\" srcset=\"https:\/\/destinocastillayleon.es\/index\/wp-content\/uploads\/2019\/01\/2044a0665b52bae655cd3160205e0daa.jpg 640w, https:\/\/destinocastillayleon.es\/index\/wp-content\/uploads\/2019\/01\/2044a0665b52bae655cd3160205e0daa-300x188.jpg 300w\" sizes=\"(max-width: 640px) 100vw, 640px\" \/><figcaption id=\"caption-attachment-29645\" class=\"wp-caption-text\">Comida en Le\u00f3n, en el Restaurante Ezequiel &#8211; Destino Castilla y Le\u00f3n<\/figcaption><\/figure>\n<p>El\u00a0<strong><a href=\"http:\/\/atavolaconilconte.es\/index\/restaurante-carnicas-ezequiel\/\" target=\"_blank\" rel=\"noopener\">restaurante de C\u00e1rnicas Ezequiel<\/a>\u00a0<\/strong>es un buen lugar para comer de mesa y mantel, con buen servicio y a buen precio. Las raciones son muy abundantes (de hecho ofrecen llevarte en un <em>tupper<\/em> la comida que te sobre) y all\u00ed puedes disfrutar de<strong> un buen botillo, picadillo de matanza, embutidos t\u00edpicos<\/strong>, deliciosos platos de cuchara y postres completamente caseros. Gente local tambi\u00e9n nos han recomendado el\u00a0<strong>Mes\u00f3n Restaurante El Capricho<\/strong>, frente al ayuntamiento de Le\u00f3n, en la plaza de San Marcelo. Con men\u00fa del d\u00eda basado en productos locales bastante interesante (aunque en \u00e9ste \u00faltimo no hemos estado).<\/p>\n<h3><strong>Le\u00f3n, una ciudad con mucha historia<\/strong><\/h3>\n<p>Le\u00f3n debe su nombre a la palabra \u00ablegio\u00bb, <strong>la VII Legi\u00f3n romana <em>G\u00e9mina\u00a0<\/em><\/strong>(la \u00fanica Legi\u00f3n profesional de soldados de Roma) que asent\u00f3 su campamento en el actual casco hist\u00f3rico de la localidad. Con el tiempo, fue agreg\u00e1ndose poblaci\u00f3n alrededor del campamento hasta convertirse en ciudad.<\/p>\n<figure id=\"attachment_27395\" aria-describedby=\"caption-attachment-27395\" style=\"width: 460px\" class=\"wp-caption aligncenter\"><img decoding=\"async\" class=\"size-full wp-image-27395\" src=\"https:\/\/destinocastillayleon.es\/index\/wp-content\/uploads\/2017\/06\/4b7ef4df7052d9a85e73a9200c51e58d.jpg\" alt=\"Configuraci\u00f3n de la antigua ciudad romana - Destino Castilla y Le\u00f3n\" width=\"460\" height=\"500\" srcset=\"https:\/\/destinocastillayleon.es\/index\/wp-content\/uploads\/2017\/06\/4b7ef4df7052d9a85e73a9200c51e58d.jpg 460w, https:\/\/destinocastillayleon.es\/index\/wp-content\/uploads\/2017\/06\/4b7ef4df7052d9a85e73a9200c51e58d-276x300.jpg 276w\" sizes=\"(max-width: 460px) 100vw, 460px\" \/><figcaption id=\"caption-attachment-27395\" class=\"wp-caption-text\">Configuraci\u00f3n de la antigua ciudad romana &#8211; Destino Castilla y Le\u00f3n<\/figcaption><\/figure>\n<p>Durante la reconquista, Le\u00f3n\u00a0es recuperada por Alfonso I de Asturias, pero <strong>su repoblaci\u00f3n se consigue con el rey Ordo\u00f1o I en el 846<\/strong>. Su salto a capital del reino y con ello el cambio de Reino de Asturias a Reino de Le\u00f3n vino de la mano de Ordo\u00f1o II, aunque m\u00e1s a\u00fan con <strong>su hermano, Garcia I<\/strong>. Ordo\u00f1o II cede su palacio, construido sobre las termas de la ciudad romana, para <strong>la construcci\u00f3n de la <a href=\"https:\/\/destinocastillayleon.es\/index\/pulchra-leonina\/\">Catedral de Le\u00f3n<\/a><\/strong>.<\/p>\n<p>En 1188, en la Colegiata de San Isidoro, <strong>se convocaron por primera vez en la historia unas cortes modernas<\/strong>, con representaci\u00f3n de los tres estamentos sociales reunidos en torno al monarca Alfonso X. Este hecho, fue reconocido por la UNESCO otorgando a Le\u00f3n el t\u00edtulo de \u00abCuna del Parlamentarismo\u00bb.<\/p>\n<figure id=\"attachment_29646\" aria-describedby=\"caption-attachment-29646\" style=\"width: 640px\" class=\"wp-caption aligncenter\"><img decoding=\"async\" class=\"size-full wp-image-29646\" src=\"https:\/\/destinocastillayleon.es\/index\/wp-content\/uploads\/2019\/01\/050b5f52e5da71588c0ad390c594298b.jpg\" alt=\"Colegiata de San Isidoro de Le\u00f3n - Destino Castilla y Le\u00f3n\" width=\"640\" height=\"400\" srcset=\"https:\/\/destinocastillayleon.es\/index\/wp-content\/uploads\/2019\/01\/050b5f52e5da71588c0ad390c594298b.jpg 640w, https:\/\/destinocastillayleon.es\/index\/wp-content\/uploads\/2019\/01\/050b5f52e5da71588c0ad390c594298b-300x188.jpg 300w\" sizes=\"(max-width: 640px) 100vw, 640px\" \/><figcaption id=\"caption-attachment-29646\" class=\"wp-caption-text\">Colegiata de San Isidoro de Le\u00f3n &#8211; Destino Castilla y Le\u00f3n<\/figcaption><\/figure>\n<p>La unificaci\u00f3n de los reinos de Le\u00f3n y Castilla no lleg\u00f3 hasta 1230, bajo la figura de Fernando III el Santo; Si bien,\u00a0<b>hab\u00eda\u00a0habido dos intentos anteriores de unificaci\u00f3n,<\/b>\u00a0\u00e9sta fue la definitiva, quedando el destino de ambos reinos bajo una misma corona.<\/p>\n<h2><strong>Gu\u00eda de imprescindibles en una visita a leon<\/strong><\/h2>\n<p>La ciudad de Le\u00f3n no es muy grande en extensi\u00f3n, sin embargo, tiene <strong>tanto para ver y hacer que visitarla en un d\u00eda te sabr\u00e1 a poco<\/strong> y te quedar\u00e1s con ganas de m\u00e1s.<\/p>\n<h4><strong>Aparcar en Le\u00f3n<\/strong><\/h4>\n<p>Os vamos a contar <strong>donde solemos aparcar en Le\u00f3n<\/strong>. Detr\u00e1s del \u00e1bside de la Catedral hay una plaza habilitada como <strong>zona naranja<\/strong>. Aunque es amplia, si lleg\u00e1is muy tarde se llena de veh\u00edculos, pero es un buen sitio para aparcar en Le\u00f3n; c\u00e9ntrico y barato.<\/p>\n<h3><strong>La Catedral de Le\u00f3n<\/strong><\/h3>\n<p>Toda visita a Le\u00f3n requiere hacer una parada en la Catedral. <strong>En esta publicaci\u00f3n, no os vamos a explicar al detalle la Catedral, la conocida como <em><a href=\"https:\/\/destinocastillayleon.es\/index\/pulchra-leonina\/\">La Pulchra Leonina<\/a><\/em><\/strong>. Os remitimos a una publicaci\u00f3n espec\u00edfica sobre esta <strong>joya del g\u00f3tico espa\u00f1ol y universal<\/strong>, aunque a finales del siglo XIX hubo que \u201cecharle una mano\u201d.<\/p>\n<figure id=\"attachment_20770\" aria-describedby=\"caption-attachment-20770\" style=\"width: 640px\" class=\"wp-caption aligncenter\"><img decoding=\"async\" class=\"size-full wp-image-20770\" src=\"https:\/\/destinocastillayleon.es\/index\/wp-content\/uploads\/2015\/10\/9f607a1eb44953fd548ed05b033eab06.jpg\" alt=\"Catedral de Le\u00f3n\" width=\"640\" height=\"427\" srcset=\"https:\/\/destinocastillayleon.es\/index\/wp-content\/uploads\/2015\/10\/9f607a1eb44953fd548ed05b033eab06.jpg 640w, https:\/\/destinocastillayleon.es\/index\/wp-content\/uploads\/2015\/10\/9f607a1eb44953fd548ed05b033eab06-300x200.jpg 300w\" sizes=\"(max-width: 640px) 100vw, 640px\" \/><figcaption id=\"caption-attachment-20770\" class=\"wp-caption-text\">Catedral de Le\u00f3n<\/figcaption><\/figure>\n<h4><strong>Informaci\u00f3n de inter\u00e9s<\/strong><\/h4>\n<p><strong>Situaci\u00f3n y contacto:<\/strong><\/p>\n<ul>Plaza Regla, s\/n (<a href=\"https:\/\/goo.gl\/maps\/Pagtai9dPqv\" target=\"_blank\" rel=\"noopener\">ver en un mapa<\/a>)<br \/>\n24003 &#8211; Le\u00f3n.<br \/>\nTelf.: +34 987 87 57 70<\/ul>\n<figure id=\"attachment_29503\" aria-describedby=\"caption-attachment-29503\" style=\"width: 425px\" class=\"wp-caption aligncenter\"><img decoding=\"async\" class=\"size-full wp-image-29503\" src=\"https:\/\/destinocastillayleon.es\/index\/wp-content\/uploads\/2018\/01\/f3b06fd487a86ceead79a2fdffba886b.jpg\" alt=\"Interior de la Catedral de Le\u00f3n - Destino Castilla y Le\u00f3n\" width=\"425\" height=\"531\" srcset=\"https:\/\/destinocastillayleon.es\/index\/wp-content\/uploads\/2018\/01\/f3b06fd487a86ceead79a2fdffba886b.jpg 425w, https:\/\/destinocastillayleon.es\/index\/wp-content\/uploads\/2018\/01\/f3b06fd487a86ceead79a2fdffba886b-240x300.jpg 240w\" sizes=\"(max-width: 425px) 100vw, 425px\" \/><figcaption id=\"caption-attachment-29503\" class=\"wp-caption-text\">Interior de la Catedral de Le\u00f3n, con sus 3 niveles de vidrieras &#8211; Destino Castilla y Le\u00f3n<\/figcaption><\/figure>\n<p><strong>Horarios de visita:<\/strong><br \/>\nOjo, que los meses de verano es un poco raro el horario:<\/p>\n<ul>Meses de enero, febrero, marzo, abril, octubre, noviembre y diciembre: Ma\u00f1anas de 9:30 horas a 13:30 horas, y los domingos hasta las 14:00 horas. De tarde, de 16:00 horas a 19.00 horas.<\/p>\n<p>Meses de mayo, junio, julio y septiembre: Ma\u00f1anas de 9:300 horas a 13:300 horas, de lunes a viernes; s\u00e1bados, solo hasta las 12:00; y domingos, solo hasta las 11:00 horas. De tarde, de 16:00 horas a 20:00 horas, de lunes a viernes- Los s\u00e1bados, de 14:00 a 18:00 horas; y domingos, de 14:00 horas a 20:00 horas.<\/ul>\n<p><strong>Precio de las entradas<\/strong><br \/>\nIncluye audiogu\u00eda, que por experiencia es bastante \u00fatil.<\/p>\n<ul>Est\u00e1ndar: 6\u20ac\/persona.<br \/>\nReducida: 5\u20ac\/ persona; apta grupos, estudiantes y jubilados.<br \/>\nEscolares: 2\u20ac\/persona.<br \/>\nGratuita: Menores de 12 a\u00f1os acompa\u00f1ados por un adulto y con tarjeta de la Catedral.<\/ul>\n<p>Simplemente indicaros que el conjunto catedralicio es visitable en 3 partes; la Iglesia Catedral propiamente dicha, el claustro y el Museo de Arte Sacro. Lo que s\u00ed os indicamos son los horarios y costes de las visitas. Merece la pena visitar este templo de Luz.<\/p>\n<h3><strong>Plaza de La Regla<\/strong><\/h3>\n<p>Esta <strong>es la plaza donde se encuentra la Catedral<\/strong>. Aunque lo m\u00e1s destacado sin duda es la propia Catedral, en esta plaza se encuentran varios edificios interesantes. En su parte sur, se encuentra el edificio del<strong> Museo Diocesano de Arte Sacro<\/strong>, justo en frente de la portada principal de la Catedral se encuentra una de las fotos m\u00e1s ic\u00f3nicas de Le\u00f3n, con su nombre hecho con grandes letras, y un poco m\u00e1s adelante, <strong>el Museo Sierra Pambley<\/strong> y <strong>el edificio antiguo de Correos<\/strong>, que por su estilo modernista ecl\u00e9ctico, merece una menci\u00f3n propia.<\/p>\n<figure id=\"attachment_29675\" aria-describedby=\"caption-attachment-29675\" style=\"width: 640px\" class=\"wp-caption aligncenter\"><img decoding=\"async\" class=\"size-full wp-image-29675\" src=\"https:\/\/destinocastillayleon.es\/index\/wp-content\/uploads\/2017\/06\/773970b767f3de4d454114b3cda11c04.jpg\" alt=\"Plaza de la Regla - Destino Castilla y Le\u00f3n\" width=\"640\" height=\"400\" srcset=\"https:\/\/destinocastillayleon.es\/index\/wp-content\/uploads\/2017\/06\/773970b767f3de4d454114b3cda11c04.jpg 640w, https:\/\/destinocastillayleon.es\/index\/wp-content\/uploads\/2017\/06\/773970b767f3de4d454114b3cda11c04-300x188.jpg 300w\" sizes=\"(max-width: 640px) 100vw, 640px\" \/><figcaption id=\"caption-attachment-29675\" class=\"wp-caption-text\">Plaza de la Regla de Le\u00f3n &#8211; Destino Castilla y Le\u00f3n<\/figcaption><\/figure>\n<h4><strong>Museo Sierra Pambley<\/strong><\/h4>\n<p>Este museo, ubicado sobre un cas\u00f3n de una familia hidalga del siglo XIX re\u00fane una colecci\u00f3n de objetos y recuerdos de dos familias importantes de Le\u00f3n durante los siglos XIX y XX.<\/p>\n<p>El museo est\u00e1 gestionado por una Fundaci\u00f3n privada creada por D. Francisco Fern\u00e1ndez-Blanco y Sierra-Pambley. Este personaje es descendiente de la saga familiar que fund\u00f3 la <a href=\"https:\/\/destinocastillayleon.es\/index\/la-mantequeria-artesanal-de-sosas-de-laciana\/\">Mantequer\u00eda hidr\u00e1ulica de Sosas de Laciana<\/a>. En su labor filantr\u00f3pica, se dedic\u00f3 a la creaci\u00f3n de escuelas, tanto infantiles como de oficios.<\/p>\n<figure id=\"attachment_29650\" aria-describedby=\"caption-attachment-29650\" style=\"width: 640px\" class=\"wp-caption aligncenter\"><img decoding=\"async\" class=\"size-full wp-image-29650\" src=\"https:\/\/destinocastillayleon.es\/index\/wp-content\/uploads\/2019\/01\/697b72427d7c8b1b6bde78068fa23183.jpg\" alt=\"Museo Sierra Pambley - Destino Castilla y Le\u00f3n\" width=\"640\" height=\"400\" srcset=\"https:\/\/destinocastillayleon.es\/index\/wp-content\/uploads\/2019\/01\/697b72427d7c8b1b6bde78068fa23183.jpg 640w, https:\/\/destinocastillayleon.es\/index\/wp-content\/uploads\/2019\/01\/697b72427d7c8b1b6bde78068fa23183-300x188.jpg 300w\" sizes=\"(max-width: 640px) 100vw, 640px\" \/><figcaption id=\"caption-attachment-29650\" class=\"wp-caption-text\">Museo Sierra Pambley &#8211; Destino Castilla y Le\u00f3n<\/figcaption><\/figure>\n<p><strong>Horario de las visitas<\/strong><\/p>\n<ul>De mi\u00e9rcoles a domingo, de 11:00 a 14:00 horas; y de 17:00 a 20:00 horas.<br \/>\nLas visitas guiadas son a las 11:00, a las 13:00, a las 17:00 y a las 19:00 horas.<\/ul>\n<p><strong>Tarifas de entradas<\/strong><\/p>\n<ul>Entrada <strong>est\u00e1ndar individual<\/strong>: 5 \u20ac\/persona.<br \/>\nEntrada <strong>reducida<\/strong>: 3 \u20ac\/personas; aplicable a mayores de 65 a\u00f1os, miembros de instituciones muse\u00edsticas y patrimonio y grupos de 8 a 10 personas.<br \/>\nEntrada <strong>s\u00faper reducida<\/strong>: 2 \u20ac\/persona; aplicable a personas con discapacidad, desempleados y estudiantes acreditados.<br \/>\nEntrada <strong>gratuita<\/strong>: Grupos escolares durante el periodo lectivo, menores de 10 a\u00f1os, miembros del ICOM, y las tardes de los mi\u00e9rcoles (salvo festivos).<\/ul>\n<h3><strong>La Calle Ancha<\/strong><\/h3>\n<p>Esta calle <strong>fue la calle principal de la ciudad<\/strong>; e incluso hoy es una de las calles vertebradoras. Como todo el entorno de la ciudad medieval, <strong>es peatonal y solo veh\u00edculos autorizados pueden atravesarla<\/strong>.<\/p>\n<figure id=\"attachment_29651\" aria-describedby=\"caption-attachment-29651\" style=\"width: 640px\" class=\"wp-caption aligncenter\"><img decoding=\"async\" class=\"size-full wp-image-29651\" src=\"https:\/\/destinocastillayleon.es\/index\/wp-content\/uploads\/2019\/01\/d719efc1566bf7866af1eab44ae4606a.jpg\" alt=\"Calle Ancha de Le\u00f3n, la calle m\u00e1s emblem\u00e1tica de la ciudad - Destino Castilla y Le\u00f3n\" width=\"640\" height=\"400\" srcset=\"https:\/\/destinocastillayleon.es\/index\/wp-content\/uploads\/2019\/01\/d719efc1566bf7866af1eab44ae4606a.jpg 640w, https:\/\/destinocastillayleon.es\/index\/wp-content\/uploads\/2019\/01\/d719efc1566bf7866af1eab44ae4606a-300x188.jpg 300w\" sizes=\"(max-width: 640px) 100vw, 640px\" \/><figcaption id=\"caption-attachment-29651\" class=\"wp-caption-text\">Calle Ancha de Le\u00f3n, la calle m\u00e1s emblem\u00e1tica de la ciudad &#8211; Destino Castilla y Le\u00f3n<\/figcaption><\/figure>\n<p>Esta calle <strong>lleva de la Catedral a la plaza de Santo Domingo<\/strong>, donde se encuentran dos edificios emblem\u00e1ticos de la ciudad. <strong>El Palacio de los Guzmanes<\/strong>, actualmente sede de la Diputaci\u00f3n Provincial de Le\u00f3n; <strong>y la Casa Botines<\/strong>, uno de los poqu\u00edsimos edificios dise\u00f1ados por Antonio Gaud\u00ed fuera de Catalu\u00f1a.<\/p>\n<figure id=\"attachment_29648\" aria-describedby=\"caption-attachment-29648\" style=\"width: 640px\" class=\"wp-caption aligncenter\"><img decoding=\"async\" class=\"size-full wp-image-29648\" src=\"https:\/\/destinocastillayleon.es\/index\/wp-content\/uploads\/2019\/01\/a550dafdff121dac63d8aaf367677e90.jpg\" alt=\"Casa Botines y Palacio de los Guzmanes de Le\u00f3n - Destino Castilla y Le\u00f3n\" width=\"640\" height=\"400\" srcset=\"https:\/\/destinocastillayleon.es\/index\/wp-content\/uploads\/2019\/01\/a550dafdff121dac63d8aaf367677e90.jpg 640w, https:\/\/destinocastillayleon.es\/index\/wp-content\/uploads\/2019\/01\/a550dafdff121dac63d8aaf367677e90-300x188.jpg 300w\" sizes=\"(max-width: 640px) 100vw, 640px\" \/><figcaption id=\"caption-attachment-29648\" class=\"wp-caption-text\">Casa Botines y Palacio de los Guzmanes de Le\u00f3n &#8211; Destino Castilla y Le\u00f3n<\/figcaption><\/figure>\n<p>Esta calle es importante porque adem\u00e1s de ser una calle de tr\u00e1nsito entre estos dos puntos importantes de la ciudad, <strong>vertebra la ciudad antigua entre dos zonas; el Barrio H\u00famedo<\/strong>, conocido por su tapeo;<strong> y el Barrio Rom\u00e1ntico<\/strong>; quiz\u00e1s menos conocido fuera de Le\u00f3n, pero como m\u00ednimo igualmente interesante por sus bares y restaurantes; y donde vamos a encontrar cosas tan interesantes, e importantes, como la Colegia de San Isidoro, donde se encuentra el Pante\u00f3n de los Reyes de Le\u00f3n, la conocida como la Capilla Sixtina del Rom\u00e1nico.<\/p>\n<p><strong>Por esta calle pasa el Camino de Santiago<\/strong>, y a lo largo de ella hay varios lugares donde tomar algo, y no es extra\u00f1o encontrar alg\u00fan peregrino cargado con su mochila.<\/p>\n<figure id=\"attachment_29647\" aria-describedby=\"caption-attachment-29647\" style=\"width: 640px\" class=\"wp-caption aligncenter\"><img decoding=\"async\" class=\"size-full wp-image-29647\" src=\"https:\/\/destinocastillayleon.es\/index\/wp-content\/uploads\/2019\/01\/6ef3f26047657fcbe0e0fc12566122c3.jpg\" alt=\"Paso del Camino de Santiago por la calle Ancha - Destino Castilla y Le\u00f3n\" width=\"640\" height=\"400\" srcset=\"https:\/\/destinocastillayleon.es\/index\/wp-content\/uploads\/2019\/01\/6ef3f26047657fcbe0e0fc12566122c3.jpg 640w, https:\/\/destinocastillayleon.es\/index\/wp-content\/uploads\/2019\/01\/6ef3f26047657fcbe0e0fc12566122c3-300x188.jpg 300w\" sizes=\"(max-width: 640px) 100vw, 640px\" \/><figcaption id=\"caption-attachment-29647\" class=\"wp-caption-text\">Paso del Camino de Santiago por la calle Ancha &#8211; Destino Castilla y Le\u00f3n<\/figcaption><\/figure>\n<h3><strong>La Casa Botines<\/strong><\/h3>\n<p>Este edificio <strong>fue construido por Gaud\u00ed<\/strong>, a petici\u00f3n de la familia Botines, de ah\u00ed su nombre. Esta familia era <strong>una familia rica de empresarios catalanes que se afincaron en Le\u00f3n, y finalmente enraizaron en la capital leonesa<\/strong>. Gaud\u00ed acepto el trabajo de dise\u00f1o de esta vivienda de estilo neog\u00f3tico por estar trabajando en aquel momento en el Palacio Episcopal de <a href=\"https:\/\/destinocastillayleon.es\/index\/astorga\/\">Astorga<\/a>.<\/p>\n<figure id=\"attachment_29733\" aria-describedby=\"caption-attachment-29733\" style=\"width: 640px\" class=\"wp-caption aligncenter\"><img decoding=\"async\" src=\"https:\/\/destinocastillayleon.es\/index\/wp-content\/uploads\/2017\/06\/f2957a2684b8fb2144674d6cdf519e14.jpg\" alt=\"Casa Botines de Le\u00f3n - Destino Castilla y Le\u00f3n\" width=\"640\" height=\"400\" class=\"size-full wp-image-29733\" srcset=\"https:\/\/destinocastillayleon.es\/index\/wp-content\/uploads\/2017\/06\/f2957a2684b8fb2144674d6cdf519e14.jpg 640w, https:\/\/destinocastillayleon.es\/index\/wp-content\/uploads\/2017\/06\/f2957a2684b8fb2144674d6cdf519e14-300x188.jpg 300w\" sizes=\"(max-width: 640px) 100vw, 640px\" \/><figcaption id=\"caption-attachment-29733\" class=\"wp-caption-text\">Casa Botines de Le\u00f3n &#8211; Destino Castilla y Le\u00f3n<\/figcaption><\/figure>\n<p>Durante a\u00f1os <strong>fue la sede de la entidad Caja Espa\u00f1a<\/strong>, pero actualmente <strong>este edificio es visitable para el p\u00fablico<\/strong>. En \u00e9l, encontrar\u00e9is <strong>diferentes exposiciones por plantas<\/strong>. As\u00ed, podr\u00e9is visitar las exposiciones permanentes dedicadas a la <strong>una recreaci\u00f3n hist\u00f3rica de una tienda de telas<\/strong> de finales del siglo XIX. Igualmente, una recreaci\u00f3n de <strong>una oficina bancaria en 1931<\/strong>. Una exposici\u00f3n sobre <strong>los tiempos y la figura de Gaud\u00ed<\/strong>, en el que se muestra el movimiento modernista que imper\u00f3 en su tiempo y c\u00f3mo \u00e9l lo adapta a su concepci\u00f3n arquitect\u00f3nica. Existe complementariamente a esta exposici\u00f3n, <strong>una pinacoteca con obras de la \u00e9poca<\/strong>.<\/p>\n<p>Y por \u00faltimo, reutilizando <strong>la parte del edificio que era vivienda, una recreaci\u00f3n de las viviendas de la familia Fern\u00e1ndez y Andr\u00e9s<\/strong>, en una adaptaci\u00f3n a su estado original de 1893, fecha de la construcci\u00f3n del edificio.<\/p>\n<h4><strong>Horario<\/strong><\/h4>\n<ul>Abierto <strong>de lunes a domingo<\/strong>, de 11:00 a 14:00 horas y de 16:00 a 20:00 horas.<br \/>\n<strong>Cierre <\/strong>los mi\u00e9rcoles por la ma\u00f1ana y los domingos por la tarde.<\/ul>\n<h4><strong>Coste de las entradas<\/strong><\/h4>\n<ul>Acceso <strong>general: 5 \u20ac\/persona<\/strong>. Permite la entrada a la planta noble y a las salas de exposiciones<br \/>\nAcceso <strong>Premium: 12 \u20ac\/persona<\/strong>, incluye lo anterior, pero con visita guiada, acceso a la pinacoteca y al Sotabanco, que tiene acceso al \u00e1tico y al torre\u00f3n original del edificio.<\/p>\n<p>Para menores de 12 a\u00f1os, mayores de 65, estudiantes acreditados y desempleados hay <strong>una entrada reducida<\/strong> de 3 \u20ac\/persona en la entrada general y 8 \u20ac\/persona en la entrada Premium.<br \/>\nGratuita para menores de 7 a\u00f1os, acompa\u00f1antes de invidentes, profesores de grupos de escolares y gu\u00edas oficiales en visita.<\/ul>\n<h3><strong>Iglesia de San Marcelo<\/strong><\/h3>\n<p>Esta iglesia <strong>se encuentra en uno de los extremos de esta plaza de San Marcelo<\/strong>. El solar fue ocupado por una capilla de \u00e9poca romana, donde supuestamente hizo confesi\u00f3n de fe el centuri\u00f3n Marcelo, futuro patr\u00f3n de la ciudad. <strong>All\u00ed, sobre la capilla existente, Ramiro I fund\u00f3 la iglesia primitiva, que existi\u00f3 hasta que fue destruida por Almanzor<\/strong>. Esta iglesia fue reconstruida varias veces a lo largo de su historia. <strong>Su actual aspecto es la intervenci\u00f3n del siglo XVI<\/strong>.<\/p>\n<figure id=\"attachment_29656\" aria-describedby=\"caption-attachment-29656\" style=\"width: 640px\" class=\"wp-caption aligncenter\"><img decoding=\"async\" class=\"size-full wp-image-29656\" src=\"https:\/\/destinocastillayleon.es\/index\/wp-content\/uploads\/2019\/01\/fa7aeef55eeb616f3bd6fbc46582d663.jpg\" alt=\"Iglesia de San Marcelo de Le\u00f3n - Destino Castilla y Le\u00f3n\" width=\"640\" height=\"350\" srcset=\"https:\/\/destinocastillayleon.es\/index\/wp-content\/uploads\/2019\/01\/fa7aeef55eeb616f3bd6fbc46582d663.jpg 640w, https:\/\/destinocastillayleon.es\/index\/wp-content\/uploads\/2019\/01\/fa7aeef55eeb616f3bd6fbc46582d663-300x164.jpg 300w\" sizes=\"(max-width: 640px) 100vw, 640px\" \/><figcaption id=\"caption-attachment-29656\" class=\"wp-caption-text\">Iglesia de San Marcelo de Le\u00f3n &#8211; Destino Castilla y Le\u00f3n<\/figcaption><\/figure>\n<p>Su exterior nos llam\u00f3 m\u00e1s la atenci\u00f3n que su interior, aunque <strong>es interesante de ver el retablo, de estilo barroco churrigueresco<\/strong>; la imagen del<strong> Cristo de los Balderas<\/strong>, que preside la capilla de su mismo nombre, de Gregorio Fern\u00e1ndez.<\/p>\n<h3><strong>Recorremos algo de la zona sur<\/strong><\/h3>\n<p>Tras visitar esa iglesia, <strong>nos dimos un corto paseo por la Plaza de San Marcelo<\/strong>. All\u00ed se encuentra el Ayuntamiento de la ciudad de Le\u00f3n. Un poco m\u00e1s all\u00e1, encontramos <strong>el Mercado de Abastos, o como se llama tradicionalmente, \u201cla plaza\u201d<\/strong>. No es un gastromercado, pero si como a nosotros te gusta, y tienes tiempo, conocer y comprar en buenos puestos tradicionales, este es tu sitio.<\/p>\n<figure id=\"attachment_29660\" aria-describedby=\"caption-attachment-29660\" style=\"width: 640px\" class=\"wp-caption aligncenter\"><img decoding=\"async\" class=\"size-full wp-image-29660\" src=\"https:\/\/destinocastillayleon.es\/index\/wp-content\/uploads\/2017\/06\/2e7bb64b5b253f5f00d3ffe0f1bcca14.jpg\" alt=\"Mercado de Abastos de Le\u00f3n en la plaza del Conde Luna - Destino Castilla y Le\u00f3n\" width=\"640\" height=\"400\" srcset=\"https:\/\/destinocastillayleon.es\/index\/wp-content\/uploads\/2017\/06\/2e7bb64b5b253f5f00d3ffe0f1bcca14.jpg 640w, https:\/\/destinocastillayleon.es\/index\/wp-content\/uploads\/2017\/06\/2e7bb64b5b253f5f00d3ffe0f1bcca14-300x188.jpg 300w\" sizes=\"(max-width: 640px) 100vw, 640px\" \/><figcaption id=\"caption-attachment-29660\" class=\"wp-caption-text\">Mercado de Abastos de Le\u00f3n en la plaza del Conde Luna &#8211; Destino Castilla y Le\u00f3n<\/figcaption><\/figure>\n<p>Este mercado <strong>se asienta en la plaza del Conde Luna<\/strong>, donde se encuentra en uno de sus lados, el Palacio del Conde Luna.<\/p>\n<h4><strong>Palacio del Conde Luna<\/strong><\/h4>\n<p>Se trata de <strong>un palacio del siglo XIV, con una mezcla de estilos<\/strong>, que van del g\u00f3tico al renacentista italiano. En la fachada se conservan los escudos de los Qui\u00f1ones y los Baz\u00e1n. Posee la portada en estilo g\u00f3tico, con un dintel sobre modillones de un gran arco apuntado. M\u00e1s adelante, el edificio fue ampliado, con el torre\u00f3n renacentista y fachada almohadillada.<\/p>\n<blockquote><p>Nos cuentan que este palacio alberg\u00f3 al Tribunal de la Inquisici\u00f3n de Le\u00f3n.<\/p><\/blockquote>\n<figure id=\"attachment_29661\" aria-describedby=\"caption-attachment-29661\" style=\"width: 640px\" class=\"wp-caption aligncenter\"><img decoding=\"async\" class=\"size-full wp-image-29661\" src=\"https:\/\/destinocastillayleon.es\/index\/wp-content\/uploads\/2017\/06\/Palacio-del-Conde-Luna-Imagen-de-Wikipedia.jpg\" alt=\"Palacio del Conde Luna - Imagen de Wikipedia\" width=\"640\" height=\"400\" srcset=\"https:\/\/destinocastillayleon.es\/index\/wp-content\/uploads\/2017\/06\/Palacio-del-Conde-Luna-Imagen-de-Wikipedia.jpg 640w, https:\/\/destinocastillayleon.es\/index\/wp-content\/uploads\/2017\/06\/Palacio-del-Conde-Luna-Imagen-de-Wikipedia-300x188.jpg 300w\" sizes=\"(max-width: 640px) 100vw, 640px\" \/><figcaption id=\"caption-attachment-29661\" class=\"wp-caption-text\">Palacio del Conde Luna &#8211; Imagen de Wikipedia<\/figcaption><\/figure>\n<p>Durante nuestra visita a la ciudad, <strong>nos contaron que acaba de ser restaurado y es utilizado como sede de exposiciones temporales<\/strong> y est\u00e1 cedido por el Ayuntamiento a la Univ. de Washington para el aprendizaje del espa\u00f1ol entre sus alumnos.<\/p>\n<h4><strong>Iglesia de San Salvador de Palat del Rey<\/strong><\/h4>\n<p>Es <strong>el templo m\u00e1s antiguo de la ciudad de Le\u00f3n. Fue construido en el siglo X por orden de Ramiro II<\/strong>. Fue el oratorio real, de los reyes de Le\u00f3n. Fue usado como pante\u00f3n real antes de la construcci\u00f3n de San Isidoro. <strong>Del templo original prerrom\u00e1nico quedan pocos restos que puedan verse<\/strong>, pese a que hace unos a\u00f1os fue completamente restaurado y preparado para la musealizaci\u00f3n.<\/p>\n<figure id=\"attachment_29654\" aria-describedby=\"caption-attachment-29654\" style=\"width: 640px\" class=\"wp-caption aligncenter\"><img decoding=\"async\" class=\"size-full wp-image-29654\" src=\"https:\/\/destinocastillayleon.es\/index\/wp-content\/uploads\/2019\/01\/f92458768030db5c20d37cc9f1c3bba6.jpg\" alt=\"Iglesia de San Salvador de Palat del Rey - Destino Castilla y Le\u00f3n\" width=\"640\" height=\"510\" srcset=\"https:\/\/destinocastillayleon.es\/index\/wp-content\/uploads\/2019\/01\/f92458768030db5c20d37cc9f1c3bba6.jpg 640w, https:\/\/destinocastillayleon.es\/index\/wp-content\/uploads\/2019\/01\/f92458768030db5c20d37cc9f1c3bba6-300x239.jpg 300w\" sizes=\"(max-width: 640px) 100vw, 640px\" \/><figcaption id=\"caption-attachment-29654\" class=\"wp-caption-text\">Iglesia de San Salvador de Palat del Rey &#8211; Destino Castilla y Le\u00f3n<\/figcaption><\/figure>\n<p>Durante nuestra visita disfrutamos de una exposici\u00f3n de arte, adem\u00e1s de una parte dedicada a la restauraci\u00f3n e historia de este templo.<\/p>\n<h4><strong>Museo Egipcio de Le\u00f3n<\/strong><\/h4>\n<p>Esto,\u2026 \u00bfUn museo egipcio en Le\u00f3n? S\u00ed. Los m\u00e1s antiguos lectores, recordar\u00e1n que hace a\u00f1os <strong>os hablamos de este <a href=\"https:\/\/destinocastillayleon.es\/index\/museo-egipcio-de-leon-unico-en-espana\/\">museo egipcio de Le\u00f3n en Rabanal del Camino<\/a><\/strong>. Esta peque\u00f1a poblaci\u00f3n pr\u00f3xima a Le\u00f3n, vio abrir sus puertas a este proyecto. Con una curiosa colecci\u00f3n de piezas originales y r\u00e9plicas, estos entusiastas del arte egipcio cl\u00e1sico abrieron este museo, donde adem\u00e1s de <strong>disfrutar de piezas \u00fanicas, es posible realizar talleres y actividades donde aprender<\/strong> sobre esta parte de la historia universal.<\/p>\n<p>Por lo que podemos comprobar, <strong>se han trasladado a esta nueva localizaci\u00f3n<\/strong>; esperemos que con igual o incluso mayor \u00e9xito. Sin duda es uno de los museos m\u00e1s curiosos de toda Castilla y Le\u00f3n.<\/p>\n<figure id=\"attachment_29663\" aria-describedby=\"caption-attachment-29663\" style=\"width: 640px\" class=\"wp-caption aligncenter\"><img decoding=\"async\" class=\"size-full wp-image-29663\" src=\"https:\/\/destinocastillayleon.es\/index\/wp-content\/uploads\/2017\/06\/Fachada-Exterior-del-Palacio-de-Gaviria-y-el-Museo-Liceo-Egipcio-Imagen-del-Museo.jpg\" alt=\"Fachada Exterior del Palacio de Gaviria y el Museo Liceo Egipcio - Imagen del Museo\" width=\"640\" height=\"400\" srcset=\"https:\/\/destinocastillayleon.es\/index\/wp-content\/uploads\/2017\/06\/Fachada-Exterior-del-Palacio-de-Gaviria-y-el-Museo-Liceo-Egipcio-Imagen-del-Museo.jpg 640w, https:\/\/destinocastillayleon.es\/index\/wp-content\/uploads\/2017\/06\/Fachada-Exterior-del-Palacio-de-Gaviria-y-el-Museo-Liceo-Egipcio-Imagen-del-Museo-300x188.jpg 300w\" sizes=\"(max-width: 640px) 100vw, 640px\" \/><figcaption id=\"caption-attachment-29663\" class=\"wp-caption-text\">Fachada Exterior del Palacio de Gaviria y el Museo Liceo Egipcio &#8211; Imagen del Museo<\/figcaption><\/figure>\n<p><strong>Situaci\u00f3n y contacto:<\/strong><\/p>\n<ul>En el Palacio de Gaviria, Calle Conde Luna, 6<br \/>\n24003 Le\u00f3n<br \/>\nTel\u00e9fono: +34 987 05 00 13<\/ul>\n<p><strong>Horario:<\/strong><\/p>\n<ul>De septiembre a Junio; De martes a s\u00e1bado, de 11:00 a 13:00 horas, y de 17:30-19:30 horas. Domingos de 10:00 a 14:00 horas.<br \/>\nDe julio a agosto: de martes a domingos de 10:00 a 14:00 horas.<\/ul>\n<h3><strong>Por el barrio rom\u00e1ntico<\/strong><\/h3>\n<p>Como ya os hemos dicho, en Le\u00f3n <strong>hay m\u00e1s vida que el barrio h\u00famedo<\/strong>, por chulo que sea (y es). En la parte norte de la calle Ancha se encuentra <strong>este otro barrio hist\u00f3rico, con gran cantidad de bares y restaurantes<\/strong>. As\u00ed como algunas de las librer\u00edas m\u00e1s interesantes que hayamos visto. No es muy grande, as\u00ed que d\u00e9jate perder por \u00e9l. <strong>Seguro que te sorprenden sus bohemias calles<\/strong>.<\/p>\n<figure id=\"attachment_29658\" aria-describedby=\"caption-attachment-29658\" style=\"width: 640px\" class=\"wp-caption aligncenter\"><img decoding=\"async\" class=\"size-full wp-image-29658\" src=\"https:\/\/destinocastillayleon.es\/index\/wp-content\/uploads\/2019\/01\/4748d863b4fd90b5f5b011b2d9411a77.jpg\" alt=\"Caminando por el Barrio Rom\u00e1ntico de Le\u00f3n - Destino Castilla y Le\u00f3n\" width=\"640\" height=\"400\" srcset=\"https:\/\/destinocastillayleon.es\/index\/wp-content\/uploads\/2019\/01\/4748d863b4fd90b5f5b011b2d9411a77.jpg 640w, https:\/\/destinocastillayleon.es\/index\/wp-content\/uploads\/2019\/01\/4748d863b4fd90b5f5b011b2d9411a77-300x188.jpg 300w\" sizes=\"(max-width: 640px) 100vw, 640px\" \/><figcaption id=\"caption-attachment-29658\" class=\"wp-caption-text\">Caminando por el Barrio Rom\u00e1ntico de Le\u00f3n &#8211; Destino Castilla y Le\u00f3n<\/figcaption><\/figure>\n<p>Algunos de los locales que nos gustaban tanto para tapear han cambiado desde nuestra \u00faltima visita; es ley de vida, pero otros han abierto en su lugar. No es que haga falta una excusa para visitar Le\u00f3n, pero, as\u00ed vamos teniendo m\u00e1s motivos.<\/p>\n<h4><strong>Jardines del Parque del Cid<\/strong><\/h4>\n<p><strong>Nos adentramos por el barrio rom\u00e1ntico desde el Palacio de los Guzmanes<\/strong>, justo detr\u00e1s, encontramos <strong>unos hermosos y rom\u00e1nticos jardines<\/strong>. Estos jardines limitan directamente con parte de la muralla romana que da al oeste de la ciudad.<\/p>\n<p>A\u00fan varios cubos se mantienen en pie; sobre todo despu\u00e9s de que a finales de los 80\u2019s empezara un trabajo de consolidaci\u00f3n restauraci\u00f3n de <strong>las murallas de Le\u00f3n<\/strong>.<\/p>\n<figure id=\"attachment_29659\" aria-describedby=\"caption-attachment-29659\" style=\"width: 640px\" class=\"wp-caption aligncenter\"><img decoding=\"async\" class=\"size-full wp-image-29659\" src=\"https:\/\/destinocastillayleon.es\/index\/wp-content\/uploads\/2017\/06\/a47b2f69b65579015a891da8b46709a3.jpg\" alt=\"Parque del Cid, con las murallas romanas de Le\u00f3n al fondo - Imagen de Le\u00f3nOcio\" width=\"640\" height=\"400\" srcset=\"https:\/\/destinocastillayleon.es\/index\/wp-content\/uploads\/2017\/06\/a47b2f69b65579015a891da8b46709a3.jpg 640w, https:\/\/destinocastillayleon.es\/index\/wp-content\/uploads\/2017\/06\/a47b2f69b65579015a891da8b46709a3-300x188.jpg 300w\" sizes=\"(max-width: 640px) 100vw, 640px\" \/><figcaption id=\"caption-attachment-29659\" class=\"wp-caption-text\">Parque del Cid, con las murallas romanas de Le\u00f3n al fondo &#8211; Imagen de Le\u00f3nOcio<\/figcaption><\/figure>\n<p>Al final de estos jardines, <strong>se nos abre una plaza semipeatonal<\/strong>. All\u00ed encontramos al fondo <strong>una impresionante columna romana<\/strong>, sobre un pedestal. No podemos asegurar que sea romana realmente, o una r\u00e9plica, pero impresiona. Aunque m\u00e1s a\u00fan, impresiona la iglesia colegiata que tenemos al lado.<\/p>\n<h3><strong>Colegiata de San Isidoro de Le\u00f3n<\/strong><\/h3>\n<p><strong>San Isidoro de Sevilla es uno de los Santos m\u00e1s importantes de nuestra historia y <em>Doctor de las Espa\u00f1a<\/em><\/strong>. De origen Godo, obispo de Sevilla. Sus restos fueron \u201cperdidos\u201d durante la invasi\u00f3n isl\u00e1mica del 711, por eso la recuperaci\u00f3n de sus reliquias, por parte de Fernando I de Le\u00f3n y Castilla, fue todo un acontecimiento, que <strong>hizo que se cambiara la titularidad de esta Colegiata y Convento<\/strong>, que se asentaba sobre otra construcci\u00f3n, quiz\u00e1s de origen romano, y que aprovechaba la antigua muralla romana.<\/p>\n<figure id=\"attachment_29671\" aria-describedby=\"caption-attachment-29671\" style=\"width: 533px\" class=\"wp-caption aligncenter\"><img decoding=\"async\" class=\"size-full wp-image-29671\" src=\"https:\/\/destinocastillayleon.es\/index\/wp-content\/uploads\/2017\/06\/5deec70ac90dfd771d9300ab01869a3a.jpg\" alt=\"Columna romana en San Isidoro - Destino Castilla y Le\u00f3n\" width=\"533\" height=\"400\" srcset=\"https:\/\/destinocastillayleon.es\/index\/wp-content\/uploads\/2017\/06\/5deec70ac90dfd771d9300ab01869a3a.jpg 533w, https:\/\/destinocastillayleon.es\/index\/wp-content\/uploads\/2017\/06\/5deec70ac90dfd771d9300ab01869a3a-300x225.jpg 300w\" sizes=\"(max-width: 533px) 100vw, 533px\" \/><figcaption id=\"caption-attachment-29671\" class=\"wp-caption-text\">Columna romana en San Isidoro &#8211; Destino Castilla y Le\u00f3n<\/figcaption><\/figure>\n<p><strong>Del edificio rom\u00e1nico se conservan algunos vestigios a la vista<\/strong>; especialmente en la nave central de la iglesia, que tiene esa paz y serenidad de una construcci\u00f3n rom\u00e1nica. Sobre esta construcci\u00f3n, <strong>se ven a\u00f1adidos g\u00f3ticos, renacentistas y barrocos<\/strong>, que en algunos aspectos, terminan por desentonar en el conjunto rom\u00e1nico.<\/p>\n<figure id=\"attachment_29655\" aria-describedby=\"caption-attachment-29655\" style=\"width: 640px\" class=\"wp-caption aligncenter\"><img decoding=\"async\" class=\"size-full wp-image-29655\" src=\"https:\/\/destinocastillayleon.es\/index\/wp-content\/uploads\/2019\/01\/24ddb24432a97fcc85705bc0e5bf6268.jpg\" alt=\"Interior de la bas\u00edlica de San Isidoro - Destino Castilla y Le\u00f3n\" width=\"640\" height=\"400\" srcset=\"https:\/\/destinocastillayleon.es\/index\/wp-content\/uploads\/2019\/01\/24ddb24432a97fcc85705bc0e5bf6268.jpg 640w, https:\/\/destinocastillayleon.es\/index\/wp-content\/uploads\/2019\/01\/24ddb24432a97fcc85705bc0e5bf6268-300x188.jpg 300w\" sizes=\"(max-width: 640px) 100vw, 640px\" \/><figcaption id=\"caption-attachment-29655\" class=\"wp-caption-text\">Interior de la bas\u00edlica de San Isidoro &#8211; Destino Castilla y Le\u00f3n<\/figcaption><\/figure>\n<blockquote><p>Lo m\u00e1s importante quiz\u00e1s sea el Museo y el Pante\u00f3n de los Reyes de Le\u00f3n.<\/p><\/blockquote>\n<h4><strong>El Pante\u00f3n de los Reyes de Le\u00f3n<\/strong><\/h4>\n<p>A los pies de la planta de cruz latina de la iglesia, <strong>hay una puerta que dar\u00eda acceso a este Pante\u00f3n real<\/strong>. Actualmente, el acceso se realiza desde el exterior, en un a\u00f1adido que sirve de entrada al que fuera el conjunto mon\u00e1stico y palaciego, ya que esta puerta original est\u00e1 tapiada. Desde ah\u00ed, <strong>subiendo por esa torre, se visita el museo y el Pante\u00f3n<\/strong>.<\/p>\n<p>El pante\u00f3n <strong>es una de las salas del Claustro de la colegiata<\/strong>. Fue elegido por Fernando I para su enterramiento. En esta sala abierta al claustro, por el singular clima leon\u00e9s, <strong>ha conservado pr\u00e1cticamente intacta toda la policrom\u00eda original<\/strong>. No ha sido preciso realizar ning\u00fan retoque a lo largo de los a\u00f1os.<\/p>\n<figure id=\"attachment_29662\" aria-describedby=\"caption-attachment-29662\" style=\"width: 640px\" class=\"wp-caption aligncenter\"><img decoding=\"async\" class=\"size-full wp-image-29662\" src=\"https:\/\/destinocastillayleon.es\/index\/wp-content\/uploads\/2017\/06\/3093b4576499a9e31a8e9bfbc6cdaa78.jpg\" alt=\"Pante\u00f3n de los Reyes de Le\u00f3n en San Isidoro - Imagen de Itinari\" width=\"640\" height=\"400\" srcset=\"https:\/\/destinocastillayleon.es\/index\/wp-content\/uploads\/2017\/06\/3093b4576499a9e31a8e9bfbc6cdaa78.jpg 640w, https:\/\/destinocastillayleon.es\/index\/wp-content\/uploads\/2017\/06\/3093b4576499a9e31a8e9bfbc6cdaa78-300x188.jpg 300w\" sizes=\"(max-width: 640px) 100vw, 640px\" \/><figcaption id=\"caption-attachment-29662\" class=\"wp-caption-text\">Pante\u00f3n de los Reyes de Le\u00f3n en San Isidoro &#8211; Imagen de Itinari<\/figcaption><\/figure>\n<p>Tanto <strong>por la calidad como por la extensi\u00f3n, es considerada como <em><strong>la Capilla Sixtina del Arte Rom\u00e1nico<\/strong><\/em><\/strong>. Ni siquiera el paso de los franceses, que destruyeron las tumbas con el \u00e1nimo de saquearlas, da\u00f1aron estas pinturas.<\/p>\n<h4><strong>El Museo<\/strong><\/h4>\n<p>Esta colegiata y monasterio <strong>fue inicialmente parte del Palacio Real de Fernando I<\/strong>. Esto hace que existan muchas m\u00e1s estancias que las t\u00edpicamente de un monasterio. Estas sirven actualmente como museo.<strong> As\u00ed, en la propia torre, se conserva un C\u00e1liz muy especial.<\/strong> Una joya de orfebrer\u00eda, que fue restaurada recientemente. <strong>Tambi\u00e9n es conocida esta torre como la Torre del Gallo<\/strong>, por la veleta. El origen de este gallo es tambi\u00e9n muy curioso.<\/p>\n<figure id=\"attachment_29667\" aria-describedby=\"caption-attachment-29667\" style=\"width: 640px\" class=\"wp-caption aligncenter\"><img decoding=\"async\" class=\"size-full wp-image-29667\" src=\"https:\/\/destinocastillayleon.es\/index\/wp-content\/uploads\/2017\/06\/3af8f5e5d68aeaa64269d0c0d8521409.jpg\" alt=\"visita a leon\" Title=\"Torre del Gallo de San Isidoro y veleta original, en el museo - Destino Castilla y Le\u00f3n\" width=\"640\" height=\"430\" srcset=\"https:\/\/destinocastillayleon.es\/index\/wp-content\/uploads\/2017\/06\/3af8f5e5d68aeaa64269d0c0d8521409.jpg 640w, https:\/\/destinocastillayleon.es\/index\/wp-content\/uploads\/2017\/06\/3af8f5e5d68aeaa64269d0c0d8521409-300x202.jpg 300w\" sizes=\"(max-width: 640px) 100vw, 640px\" \/><figcaption id=\"caption-attachment-29667\" class=\"wp-caption-text\">Torre del Gallo de San Isidoro y veleta original, en el museo &#8211; Destino Castilla y Le\u00f3n<\/figcaption><\/figure>\n<h4><strong>El C\u00e1liz de Do\u00f1a Urraca<\/strong><\/h4>\n<p>Se trata del <strong>C\u00e1liz de do\u00f1a Urraca, hija de Fernando I y hermana de Sancho de Castilla y Alfonso VI de Le\u00f3n<\/strong>. Esta pieza llega a Le\u00f3n como <strong>dos cuencos de piedra de \u00f3nice<\/strong>. Do\u00f1a Urraca manda engarzar estos dos cuencos para formar un c\u00e1liz, poniendo uno en la base y otro como cop\u00f3n. Adem\u00e1s hace encastrar sus joyas y grabar su nombre. <strong>\u00bfEs este el Santo Grial?<\/strong><\/p>\n<figure id=\"attachment_29668\" aria-describedby=\"caption-attachment-29668\" style=\"width: 640px\" class=\"wp-caption aligncenter\"><img decoding=\"async\" class=\"size-full wp-image-29668\" src=\"https:\/\/destinocastillayleon.es\/index\/wp-content\/uploads\/2017\/06\/39728f3d13fd362e59a5af65b1b528f0.jpg\" alt=\"C\u00e1liz de Do\u00f1a Urraca - Imagen de Le\u00f3nNoticias\" width=\"640\" height=\"400\" srcset=\"https:\/\/destinocastillayleon.es\/index\/wp-content\/uploads\/2017\/06\/39728f3d13fd362e59a5af65b1b528f0.jpg 640w, https:\/\/destinocastillayleon.es\/index\/wp-content\/uploads\/2017\/06\/39728f3d13fd362e59a5af65b1b528f0-300x188.jpg 300w\" sizes=\"(max-width: 640px) 100vw, 640px\" \/><figcaption id=\"caption-attachment-29668\" class=\"wp-caption-text\">C\u00e1liz de Do\u00f1a Urraca &#8211; Imagen de Le\u00f3nNoticias<\/figcaption><\/figure>\n<p><strong>Dif\u00edcil de decir. Imposible de hecho<\/strong>. Ahora bien, \u00bfqu\u00e9 dicen los expertos? Que estas piezas <strong>se pueden rastrear hasta el siglo X, por fuentes latinas, como procedentes del Cairo<\/strong>. Que a su vez se veneraban desde el siglo II y los musulmanes simplemente incautaron como bot\u00edn de guerra. <strong>A su vez, desde el siglo II se viene diciendo que fue usado en la \u00faltima cena<\/strong>. \u00bfPero esto pudo ser posible? Este material era el t\u00edpico de una cuberter\u00eda fina, para las ocasiones especiales, t\u00edpica de una familia acomodada jud\u00eda. <strong>Posee una muesca que se le practico para hacer una curaci\u00f3n milagrosa a la hija de Saladino<\/strong> y en una reciente restauraci\u00f3n se ha comprobado que existe tal y como se describe.<\/p>\n<p>\u00bfPuede serlo? Bueno, pues puede serlo; aunque igualmente puede formar parte del mismo juego el famoso C\u00e1liz de Valencia. \u00bfPueden ser los dos?, \u00bfUno? \u00bfNinguno? Bueno, eso nunca lo sabremos.<\/p>\n<h4><strong>El Claustro<\/strong><\/h4>\n<p>Como palacio y monasterio, esta construcci\u00f3n est\u00e1 dotada de un claustro. <strong>En \u00e9l se convocaron las primeras cortes parlamentarias modernas de la historia<\/strong>, con representaci\u00f3n de los diferentes habitantes del reino. Esto fue llevado en Le\u00f3n, en este claustro de San Isidoro; en 1182; siendo Alfonso IX, rey de Le\u00f3n.<\/p>\n<figure id=\"attachment_29666\" aria-describedby=\"caption-attachment-29666\" style=\"width: 640px\" class=\"wp-caption aligncenter\"><img decoding=\"async\" class=\"size-full wp-image-29666\" src=\"https:\/\/destinocastillayleon.es\/index\/wp-content\/uploads\/2017\/06\/651589e317cde52284706c32c2450d22.jpg\" alt=\"visita a leon\" Title=\"vClaustro de la Colegiata de San Isidoro de Le\u00f3n - Imagen de DiarioEnfermero\" width=\"640\" height=\"400\" srcset=\"https:\/\/destinocastillayleon.es\/index\/wp-content\/uploads\/2017\/06\/651589e317cde52284706c32c2450d22.jpg 640w, https:\/\/destinocastillayleon.es\/index\/wp-content\/uploads\/2017\/06\/651589e317cde52284706c32c2450d22-300x188.jpg 300w\" sizes=\"(max-width: 640px) 100vw, 640px\" \/><figcaption id=\"caption-attachment-29666\" class=\"wp-caption-text\">Claustro de la Colegiata de San Isidoro de Le\u00f3n &#8211; Imagen de DiarioEnfermero<\/figcaption><\/figure>\n<p><strong>El Claustro actual no es el original de 1182<\/strong>, aunque se conservan restos, ya que fue ampliado en diversos estilos.<\/p>\n<blockquote><p>Esta singularidad ha sido reconocida por la UNESCO, lo que hace que tenga un mayor valor esta visita.<\/p><\/blockquote>\n<p>Tras esta vivista, <strong>ya no nos dio tiempo a seguir viendo m\u00e1s cosas de Le\u00f3n<\/strong>. Y a\u00fan nos queda pendiente visitar otros edificio y museos muy especiales, como el <strong>Museo de Arte Contempor\u00e1neo de Le\u00f3n<\/strong> (el MUSAC), la <strong>Iglesia y Monasterio de San Marcos<\/strong> (hoy <a target=\"_Blank\">Parador Nacional<\/a>) El <strong>Centro de interpretaci\u00f3n de las Murallas de Le\u00f3n<\/strong> (con sus varios arcos), <strong>La Plaza del Grano<\/strong>, el Ayuntamiento viejo, La Casa Luben,.. Y sin olvidarnos <strong>la Semana Santa de Le\u00f3n<\/strong>. Y seguro que un sinf\u00edn de cosas m\u00e1s.<\/p>\n<figure id=\"attachment_29672\" aria-describedby=\"caption-attachment-29672\" style=\"width: 640px\" class=\"wp-caption aligncenter\"><img decoding=\"async\" class=\"size-full wp-image-29672\" src=\"https:\/\/destinocastillayleon.es\/index\/wp-content\/uploads\/2017\/06\/397b04bcef55481cb02ed8afa6408369.jpg\" alt=\"visita a leon\" Title=\"Cosas pendientes de visitar en Le\u00f3n - Destino Castilla y Le\u00f3n\" width=\"640\" height=\"400\" srcset=\"https:\/\/destinocastillayleon.es\/index\/wp-content\/uploads\/2017\/06\/397b04bcef55481cb02ed8afa6408369.jpg 640w, https:\/\/destinocastillayleon.es\/index\/wp-content\/uploads\/2017\/06\/397b04bcef55481cb02ed8afa6408369-300x188.jpg 300w\" sizes=\"(max-width: 640px) 100vw, 640px\" \/><figcaption id=\"caption-attachment-29672\" class=\"wp-caption-text\">Cosas pendientes de visitar en Le\u00f3n &#8211; Destino Castilla y Le\u00f3n<\/figcaption><\/figure>\n<p><strong>Pero esto lo descubriremos en nuestra pr\u00f3xima visita a la ciudad de Le\u00f3n<\/strong>. \u00a1Qu\u00e9 esperamos sea en breve!<\/p>\n<h4>Tambi\u00e9n te puede interesar<\/h4>\n<ul>\n<li><a href=\"https:\/\/destinocastillayleon.es\/index\/pulchra-leonina\/\">Conoce al detalle la Catedral de Le\u00f3n; la <em>Pulchra Leonina<\/em><\/a>.<\/li>\n<li><a href=\"https:\/\/destinocastillayleon.es\/index\/ruta-de-tapas-por-leon\/\">De tapeo por Le\u00f3n, ruta de bares por el barrio h\u00famedo y el barrio rom\u00e1ntico<\/a>.<\/li>\n<li><a href=\"https:\/\/destinocastillayleon.es\/index\/astorga-gastrocultural\/\">Conoce Astorga, planes gastroculturales en la Comarca de la Maragater\u00eda<\/a>.<\/li>\n<\/ul>\n","protected":false},"excerpt":{"rendered":"<p>Por fin podemos contarte nuestra experiencia visitando la capital leonesa. Conoce con esta gu\u00eda para una visita a le\u00f3n, lo imprescindibles que no puedes perderte<\/p>\n","protected":false},"author":2,"featured_media":29697,"comment_status":"open","ping_status":"closed","sticky":false,"template":"","format":"standard","meta":{"rop_custom_images_group":[],"rop_custom_messages_group":[],"rop_publish_now":"initial","rop_publish_now_accounts":{"twitter_1150954226_1150954226":""},"rop_publish_now_history":[],"rop_publish_now_status":"pending","footnotes":""},"categories":[63,4712,68,45,384,74],"tags":[5727,56,676,667],"class_list":["post-29587","post","type-post","status-publish","format-standard","has-post-thumbnail","hentry","category-leon","category-leon-turismo","category-post_inicial","category-provincias","category-rutas-2","category-rutas_por_cyl","tag-catedrales","tag-leon-2","tag-que-ver-en-leon","tag-turismo-en-leon"],"yoast_head":"<!-- This site is optimized with the Yoast SEO Premium plugin v20.4 (Yoast SEO v27.4) - https:\/\/yoast.com\/product\/yoast-seo-premium-wordpress\/ -->\n<title>Gu\u00eda para una visita a Le\u00f3n, la cuna del parlamentarismo europeo - DCyL<\/title>\n<meta name=\"description\" content=\"Te contamos algunos de los puntos m\u00e1s importantes e imprescindibles para una visita a leon de fin de semana. Son solo los imprescindibles\" \/>\n<meta name=\"robots\" content=\"index, follow, max-snippet:-1, max-image-preview:large, max-video-preview:-1\" \/>\n<link rel=\"canonical\" href=\"https:\/\/destinocastillayleon.es\/index\/guia-para-una-visita-a-leon\/\" \/>\n<meta property=\"og:locale\" content=\"es_ES\" \/>\n<meta property=\"og:type\" content=\"article\" \/>\n<meta property=\"og:title\" content=\"Gu\u00eda para una visita a Le\u00f3n, la cuna del parlamentarismo europeo \u2013 Destino Castilla y Le\u00f3n\" \/>\n<meta property=\"og:description\" content=\"Por fin podemos contarte nuestra experiencia visitando la capital leonesa. Conoce con esta gu\u00eda para una visita a le\u00f3n, lo imprescindibles que no puedes perderte\" \/>\n<meta property=\"og:url\" content=\"https:\/\/destinocastillayleon.es\/index\/guia-para-una-visita-a-leon\/\" \/>\n<meta property=\"og:site_name\" content=\"Destino Castilla y Le\u00f3n\" \/>\n<meta property=\"article:publisher\" content=\"https:\/\/www.facebook.com\/DestinoCastillaYLeon\/\" \/>\n<meta property=\"article:author\" content=\"https:\/\/www.facebook.com\/profile.php?id=1158416854\" \/>\n<meta property=\"article:published_time\" content=\"2019-02-01T11:46:37+00:00\" \/>\n<meta property=\"article:modified_time\" content=\"2019-02-05T16:14:44+00:00\" \/>\n<meta property=\"og:image\" content=\"https:\/\/destinocastillayleon.es\/index\/wp-content\/uploads\/2019\/01\/92b778b2ebfdea76b8537a396d712b57.jpg\" \/>\n\t<meta property=\"og:image:width\" content=\"850\" \/>\n\t<meta property=\"og:image:height\" content=\"521\" \/>\n\t<meta property=\"og:image:type\" content=\"image\/jpeg\" \/>\n<meta name=\"author\" content=\"David V\u00e1zquez\" \/>\n<meta name=\"twitter:card\" content=\"summary_large_image\" \/>\n<meta name=\"twitter:title\" content=\"Gu\u00eda para una visita a Le\u00f3n, la cuna del parlamentarismo europeo \u2013 Destino Castilla y Le\u00f3n\" \/>\n<meta name=\"twitter:description\" content=\"Por fin podemos contarte nuestra experiencia visitando la capital leonesa. Conoce con esta gu\u00eda para una visita a le\u00f3n, lo imprescindibles que no puedes perderte\" \/>\n<meta name=\"twitter:image\" content=\"https:\/\/destinocastillayleon.es\/index\/wp-content\/uploads\/2019\/01\/92b778b2ebfdea76b8537a396d712b57.jpg\" \/>\n<meta name=\"twitter:creator\" content=\"@https:\/\/twitter.com\/ContePantaleone\u200e\" \/>\n<meta name=\"twitter:site\" content=\"@destinocyl\" \/>\n<meta name=\"twitter:label1\" content=\"Escrito por\" \/>\n\t<meta name=\"twitter:data1\" content=\"David V\u00e1zquez\" \/>\n\t<meta name=\"twitter:label2\" content=\"Tiempo de lectura\" \/>\n\t<meta name=\"twitter:data2\" content=\"22 minutos\" \/>\n<script type=\"application\/ld+json\" class=\"yoast-schema-graph\">{\"@context\":\"https:\\\/\\\/schema.org\",\"@graph\":[{\"@type\":\"Article\",\"@id\":\"https:\\\/\\\/destinocastillayleon.es\\\/index\\\/guia-para-una-visita-a-leon\\\/#article\",\"isPartOf\":{\"@id\":\"https:\\\/\\\/destinocastillayleon.es\\\/index\\\/guia-para-una-visita-a-leon\\\/\"},\"author\":{\"name\":\"David V\u00e1zquez\",\"@id\":\"https:\\\/\\\/destinocastillayleon.es\\\/index\\\/#\\\/schema\\\/person\\\/189221bc8f6cc4fa28b18ad5c289d4c2\"},\"headline\":\"Gu\u00eda para visitar Le\u00f3n en un fin de semana \u00a1Lo que no te puedes perder!\",\"datePublished\":\"2019-02-01T11:46:37+00:00\",\"dateModified\":\"2019-02-05T16:14:44+00:00\",\"mainEntityOfPage\":{\"@id\":\"https:\\\/\\\/destinocastillayleon.es\\\/index\\\/guia-para-una-visita-a-leon\\\/\"},\"wordCount\":4389,\"commentCount\":0,\"image\":{\"@id\":\"https:\\\/\\\/destinocastillayleon.es\\\/index\\\/guia-para-una-visita-a-leon\\\/#primaryimage\"},\"thumbnailUrl\":\"https:\\\/\\\/destinocastillayleon.es\\\/index\\\/wp-content\\\/uploads\\\/2019\\\/02\\\/Leon-fachada-de-la-catedral.jpg\",\"keywords\":[\"catedrales\",\"le\u00f3n\",\"Qu\u00e9 ver en Le\u00f3n\",\"Turismo en Le\u00f3n\"],\"articleSection\":[\"Leon\",\"Leon turismo\",\"Post_inicial\",\"Provincias\",\"Rutas\",\"Rutas por Castilla y Le\u00f3n\"],\"inLanguage\":\"es\",\"potentialAction\":[{\"@type\":\"CommentAction\",\"name\":\"Comment\",\"target\":[\"https:\\\/\\\/destinocastillayleon.es\\\/index\\\/guia-para-una-visita-a-leon\\\/#respond\"]}]},{\"@type\":\"WebPage\",\"@id\":\"https:\\\/\\\/destinocastillayleon.es\\\/index\\\/guia-para-una-visita-a-leon\\\/\",\"url\":\"https:\\\/\\\/destinocastillayleon.es\\\/index\\\/guia-para-una-visita-a-leon\\\/\",\"name\":\"Gu\u00eda para una visita a Le\u00f3n, la cuna del parlamentarismo europeo - DCyL\",\"isPartOf\":{\"@id\":\"https:\\\/\\\/destinocastillayleon.es\\\/index\\\/#website\"},\"primaryImageOfPage\":{\"@id\":\"https:\\\/\\\/destinocastillayleon.es\\\/index\\\/guia-para-una-visita-a-leon\\\/#primaryimage\"},\"image\":{\"@id\":\"https:\\\/\\\/destinocastillayleon.es\\\/index\\\/guia-para-una-visita-a-leon\\\/#primaryimage\"},\"thumbnailUrl\":\"https:\\\/\\\/destinocastillayleon.es\\\/index\\\/wp-content\\\/uploads\\\/2019\\\/02\\\/Leon-fachada-de-la-catedral.jpg\",\"datePublished\":\"2019-02-01T11:46:37+00:00\",\"dateModified\":\"2019-02-05T16:14:44+00:00\",\"author\":{\"@id\":\"https:\\\/\\\/destinocastillayleon.es\\\/index\\\/#\\\/schema\\\/person\\\/189221bc8f6cc4fa28b18ad5c289d4c2\"},\"description\":\"Te contamos algunos de los puntos m\u00e1s importantes e imprescindibles para una visita a leon de fin de semana. Son solo los imprescindibles\",\"breadcrumb\":{\"@id\":\"https:\\\/\\\/destinocastillayleon.es\\\/index\\\/guia-para-una-visita-a-leon\\\/#breadcrumb\"},\"inLanguage\":\"es\",\"potentialAction\":[{\"@type\":\"ReadAction\",\"target\":[\"https:\\\/\\\/destinocastillayleon.es\\\/index\\\/guia-para-una-visita-a-leon\\\/\"]}]},{\"@type\":\"ImageObject\",\"inLanguage\":\"es\",\"@id\":\"https:\\\/\\\/destinocastillayleon.es\\\/index\\\/guia-para-una-visita-a-leon\\\/#primaryimage\",\"url\":\"https:\\\/\\\/destinocastillayleon.es\\\/index\\\/wp-content\\\/uploads\\\/2019\\\/02\\\/Leon-fachada-de-la-catedral.jpg\",\"contentUrl\":\"https:\\\/\\\/destinocastillayleon.es\\\/index\\\/wp-content\\\/uploads\\\/2019\\\/02\\\/Leon-fachada-de-la-catedral.jpg\",\"width\":708,\"height\":531,\"caption\":\"Detalle de la fachada de la catedral de Le\u00f3n\"},{\"@type\":\"BreadcrumbList\",\"@id\":\"https:\\\/\\\/destinocastillayleon.es\\\/index\\\/guia-para-una-visita-a-leon\\\/#breadcrumb\",\"itemListElement\":[{\"@type\":\"ListItem\",\"position\":1,\"name\":\"Portada\",\"item\":\"https:\\\/\\\/destinocastillayleon.es\\\/index\\\/\"},{\"@type\":\"ListItem\",\"position\":2,\"name\":\"Gu\u00eda para visitar Le\u00f3n en un fin de semana \u00a1Lo que no te puedes perder!\"}]},{\"@type\":\"WebSite\",\"@id\":\"https:\\\/\\\/destinocastillayleon.es\\\/index\\\/#website\",\"url\":\"https:\\\/\\\/destinocastillayleon.es\\\/index\\\/\",\"name\":\"Destino Castilla y Le\u00f3n\",\"description\":\"Medio digital independiente y revista de Castilla y Le\u00f3n dedicado al turismo, gastronom\u00eda y vino de Castilla y Le\u00f3n\",\"potentialAction\":[{\"@type\":\"SearchAction\",\"target\":{\"@type\":\"EntryPoint\",\"urlTemplate\":\"https:\\\/\\\/destinocastillayleon.es\\\/index\\\/?s={search_term_string}\"},\"query-input\":{\"@type\":\"PropertyValueSpecification\",\"valueRequired\":true,\"valueName\":\"search_term_string\"}}],\"inLanguage\":\"es\"},{\"@type\":\"Person\",\"@id\":\"https:\\\/\\\/destinocastillayleon.es\\\/index\\\/#\\\/schema\\\/person\\\/189221bc8f6cc4fa28b18ad5c289d4c2\",\"name\":\"David V\u00e1zquez\",\"image\":{\"@type\":\"ImageObject\",\"inLanguage\":\"es\",\"@id\":\"https:\\\/\\\/secure.gravatar.com\\\/avatar\\\/cd12db6c575a90c3b75cfa0f794b74d425201c768612fad17e9f13cd33d48be8?s=96&d=mm&r=g\",\"url\":\"https:\\\/\\\/secure.gravatar.com\\\/avatar\\\/cd12db6c575a90c3b75cfa0f794b74d425201c768612fad17e9f13cd33d48be8?s=96&d=mm&r=g\",\"contentUrl\":\"https:\\\/\\\/secure.gravatar.com\\\/avatar\\\/cd12db6c575a90c3b75cfa0f794b74d425201c768612fad17e9f13cd33d48be8?s=96&d=mm&r=g\",\"caption\":\"David V\u00e1zquez\"},\"description\":\"Ingeniero Industrial de vocaci\u00f3n y profesi\u00f3n, he encontrado en los blogs la forma de plasmar mi pasi\u00f3n por los viajes, la gastronom\u00eda y los vinos. Especialmente los procedentes de Castilla y Le\u00f3n\",\"sameAs\":[\"https:\\\/\\\/www.destinocastillayleon.es\",\"https:\\\/\\\/www.facebook.com\\\/profile.php?id=1158416854\",\"https:\\\/\\\/instagram.com\\\/conte.pantaleone\",\"https:\\\/\\\/www.linkedin.com\\\/pub\\\/david-vazquez-lozano\\\/37\\\/17a\\\/25a\",\"https:\\\/\\\/x.com\\\/https:\\\/\\\/twitter.com\\\/ContePantaleone\u200e\"],\"url\":\"https:\\\/\\\/destinocastillayleon.es\\\/index\\\/author\\\/coadministradorcyl\\\/\"}]}<\/script>\n<!-- \/ Yoast SEO Premium plugin. -->","yoast_head_json":{"title":"Gu\u00eda para una visita a Le\u00f3n, la cuna del parlamentarismo europeo - DCyL","description":"Te contamos algunos de los puntos m\u00e1s importantes e imprescindibles para una visita a leon de fin de semana. Son solo los imprescindibles","robots":{"index":"index","follow":"follow","max-snippet":"max-snippet:-1","max-image-preview":"max-image-preview:large","max-video-preview":"max-video-preview:-1"},"canonical":"https:\/\/destinocastillayleon.es\/index\/guia-para-una-visita-a-leon\/","og_locale":"es_ES","og_type":"article","og_title":"Gu\u00eda para una visita a Le\u00f3n, la cuna del parlamentarismo europeo \u2013 Destino Castilla y Le\u00f3n","og_description":"Por fin podemos contarte nuestra experiencia visitando la capital leonesa. Conoce con esta gu\u00eda para una visita a le\u00f3n, lo imprescindibles que no puedes perderte","og_url":"https:\/\/destinocastillayleon.es\/index\/guia-para-una-visita-a-leon\/","og_site_name":"Destino Castilla y Le\u00f3n","article_publisher":"https:\/\/www.facebook.com\/DestinoCastillaYLeon\/","article_author":"https:\/\/www.facebook.com\/profile.php?id=1158416854","article_published_time":"2019-02-01T11:46:37+00:00","article_modified_time":"2019-02-05T16:14:44+00:00","og_image":[{"width":850,"height":521,"url":"https:\/\/destinocastillayleon.es\/index\/wp-content\/uploads\/2019\/01\/92b778b2ebfdea76b8537a396d712b57.jpg","type":"image\/jpeg"}],"author":"David V\u00e1zquez","twitter_card":"summary_large_image","twitter_title":"Gu\u00eda para una visita a Le\u00f3n, la cuna del parlamentarismo europeo \u2013 Destino Castilla y Le\u00f3n","twitter_description":"Por fin podemos contarte nuestra experiencia visitando la capital leonesa. Conoce con esta gu\u00eda para una visita a le\u00f3n, lo imprescindibles que no puedes perderte","twitter_image":"https:\/\/destinocastillayleon.es\/index\/wp-content\/uploads\/2019\/01\/92b778b2ebfdea76b8537a396d712b57.jpg","twitter_creator":"@https:\/\/twitter.com\/ContePantaleone\u200e","twitter_site":"@destinocyl","twitter_misc":{"Escrito por":"David V\u00e1zquez","Tiempo de lectura":"22 minutos"},"schema":{"@context":"https:\/\/schema.org","@graph":[{"@type":"Article","@id":"https:\/\/destinocastillayleon.es\/index\/guia-para-una-visita-a-leon\/#article","isPartOf":{"@id":"https:\/\/destinocastillayleon.es\/index\/guia-para-una-visita-a-leon\/"},"author":{"name":"David V\u00e1zquez","@id":"https:\/\/destinocastillayleon.es\/index\/#\/schema\/person\/189221bc8f6cc4fa28b18ad5c289d4c2"},"headline":"Gu\u00eda para visitar Le\u00f3n en un fin de semana \u00a1Lo que no te puedes perder!","datePublished":"2019-02-01T11:46:37+00:00","dateModified":"2019-02-05T16:14:44+00:00","mainEntityOfPage":{"@id":"https:\/\/destinocastillayleon.es\/index\/guia-para-una-visita-a-leon\/"},"wordCount":4389,"commentCount":0,"image":{"@id":"https:\/\/destinocastillayleon.es\/index\/guia-para-una-visita-a-leon\/#primaryimage"},"thumbnailUrl":"https:\/\/destinocastillayleon.es\/index\/wp-content\/uploads\/2019\/02\/Leon-fachada-de-la-catedral.jpg","keywords":["catedrales","le\u00f3n","Qu\u00e9 ver en Le\u00f3n","Turismo en Le\u00f3n"],"articleSection":["Leon","Leon turismo","Post_inicial","Provincias","Rutas","Rutas por Castilla y Le\u00f3n"],"inLanguage":"es","potentialAction":[{"@type":"CommentAction","name":"Comment","target":["https:\/\/destinocastillayleon.es\/index\/guia-para-una-visita-a-leon\/#respond"]}]},{"@type":"WebPage","@id":"https:\/\/destinocastillayleon.es\/index\/guia-para-una-visita-a-leon\/","url":"https:\/\/destinocastillayleon.es\/index\/guia-para-una-visita-a-leon\/","name":"Gu\u00eda para una visita a Le\u00f3n, la cuna del parlamentarismo europeo - DCyL","isPartOf":{"@id":"https:\/\/destinocastillayleon.es\/index\/#website"},"primaryImageOfPage":{"@id":"https:\/\/destinocastillayleon.es\/index\/guia-para-una-visita-a-leon\/#primaryimage"},"image":{"@id":"https:\/\/destinocastillayleon.es\/index\/guia-para-una-visita-a-leon\/#primaryimage"},"thumbnailUrl":"https:\/\/destinocastillayleon.es\/index\/wp-content\/uploads\/2019\/02\/Leon-fachada-de-la-catedral.jpg","datePublished":"2019-02-01T11:46:37+00:00","dateModified":"2019-02-05T16:14:44+00:00","author":{"@id":"https:\/\/destinocastillayleon.es\/index\/#\/schema\/person\/189221bc8f6cc4fa28b18ad5c289d4c2"},"description":"Te contamos algunos de los puntos m\u00e1s importantes e imprescindibles para una visita a leon de fin de semana. Son solo los imprescindibles","breadcrumb":{"@id":"https:\/\/destinocastillayleon.es\/index\/guia-para-una-visita-a-leon\/#breadcrumb"},"inLanguage":"es","potentialAction":[{"@type":"ReadAction","target":["https:\/\/destinocastillayleon.es\/index\/guia-para-una-visita-a-leon\/"]}]},{"@type":"ImageObject","inLanguage":"es","@id":"https:\/\/destinocastillayleon.es\/index\/guia-para-una-visita-a-leon\/#primaryimage","url":"https:\/\/destinocastillayleon.es\/index\/wp-content\/uploads\/2019\/02\/Leon-fachada-de-la-catedral.jpg","contentUrl":"https:\/\/destinocastillayleon.es\/index\/wp-content\/uploads\/2019\/02\/Leon-fachada-de-la-catedral.jpg","width":708,"height":531,"caption":"Detalle de la fachada de la catedral de Le\u00f3n"},{"@type":"BreadcrumbList","@id":"https:\/\/destinocastillayleon.es\/index\/guia-para-una-visita-a-leon\/#breadcrumb","itemListElement":[{"@type":"ListItem","position":1,"name":"Portada","item":"https:\/\/destinocastillayleon.es\/index\/"},{"@type":"ListItem","position":2,"name":"Gu\u00eda para visitar Le\u00f3n en un fin de semana \u00a1Lo que no te puedes perder!"}]},{"@type":"WebSite","@id":"https:\/\/destinocastillayleon.es\/index\/#website","url":"https:\/\/destinocastillayleon.es\/index\/","name":"Destino Castilla y Le\u00f3n","description":"Medio digital independiente y revista de Castilla y Le\u00f3n dedicado al turismo, gastronom\u00eda y vino de Castilla y Le\u00f3n","potentialAction":[{"@type":"SearchAction","target":{"@type":"EntryPoint","urlTemplate":"https:\/\/destinocastillayleon.es\/index\/?s={search_term_string}"},"query-input":{"@type":"PropertyValueSpecification","valueRequired":true,"valueName":"search_term_string"}}],"inLanguage":"es"},{"@type":"Person","@id":"https:\/\/destinocastillayleon.es\/index\/#\/schema\/person\/189221bc8f6cc4fa28b18ad5c289d4c2","name":"David V\u00e1zquez","image":{"@type":"ImageObject","inLanguage":"es","@id":"https:\/\/secure.gravatar.com\/avatar\/cd12db6c575a90c3b75cfa0f794b74d425201c768612fad17e9f13cd33d48be8?s=96&d=mm&r=g","url":"https:\/\/secure.gravatar.com\/avatar\/cd12db6c575a90c3b75cfa0f794b74d425201c768612fad17e9f13cd33d48be8?s=96&d=mm&r=g","contentUrl":"https:\/\/secure.gravatar.com\/avatar\/cd12db6c575a90c3b75cfa0f794b74d425201c768612fad17e9f13cd33d48be8?s=96&d=mm&r=g","caption":"David V\u00e1zquez"},"description":"Ingeniero Industrial de vocaci\u00f3n y profesi\u00f3n, he encontrado en los blogs la forma de plasmar mi pasi\u00f3n por los viajes, la gastronom\u00eda y los vinos. Especialmente los procedentes de Castilla y Le\u00f3n","sameAs":["https:\/\/www.destinocastillayleon.es","https:\/\/www.facebook.com\/profile.php?id=1158416854","https:\/\/instagram.com\/conte.pantaleone","https:\/\/www.linkedin.com\/pub\/david-vazquez-lozano\/37\/17a\/25a","https:\/\/x.com\/https:\/\/twitter.com\/ContePantaleone\u200e"],"url":"https:\/\/destinocastillayleon.es\/index\/author\/coadministradorcyl\/"}]}},"_links":{"self":[{"href":"https:\/\/destinocastillayleon.es\/index\/wp-json\/wp\/v2\/posts\/29587","targetHints":{"allow":["GET"]}}],"collection":[{"href":"https:\/\/destinocastillayleon.es\/index\/wp-json\/wp\/v2\/posts"}],"about":[{"href":"https:\/\/destinocastillayleon.es\/index\/wp-json\/wp\/v2\/types\/post"}],"author":[{"embeddable":true,"href":"https:\/\/destinocastillayleon.es\/index\/wp-json\/wp\/v2\/users\/2"}],"replies":[{"embeddable":true,"href":"https:\/\/destinocastillayleon.es\/index\/wp-json\/wp\/v2\/comments?post=29587"}],"version-history":[{"count":36,"href":"https:\/\/destinocastillayleon.es\/index\/wp-json\/wp\/v2\/posts\/29587\/revisions"}],"predecessor-version":[{"id":29734,"href":"https:\/\/destinocastillayleon.es\/index\/wp-json\/wp\/v2\/posts\/29587\/revisions\/29734"}],"wp:featuredmedia":[{"embeddable":true,"href":"https:\/\/destinocastillayleon.es\/index\/wp-json\/wp\/v2\/media\/29697"}],"wp:attachment":[{"href":"https:\/\/destinocastillayleon.es\/index\/wp-json\/wp\/v2\/media?parent=29587"}],"wp:term":[{"taxonomy":"category","embeddable":true,"href":"https:\/\/destinocastillayleon.es\/index\/wp-json\/wp\/v2\/categories?post=29587"},{"taxonomy":"post_tag","embeddable":true,"href":"https:\/\/destinocastillayleon.es\/index\/wp-json\/wp\/v2\/tags?post=29587"}],"curies":[{"name":"wp","href":"https:\/\/api.w.org\/{rel}","templated":true}]}}