{"id":2930,"date":"2013-05-23T10:15:10","date_gmt":"2013-05-23T10:15:10","guid":{"rendered":"http:\/\/destinocastillayleon.es\/index\/?p=2930"},"modified":"2014-10-09T09:10:17","modified_gmt":"2014-10-09T09:10:17","slug":"feria-de-la-cerveza-artesana-de-medina-del-campo","status":"publish","type":"post","link":"https:\/\/destinocastillayleon.es\/index\/feria-de-la-cerveza-artesana-de-medina-del-campo\/","title":{"rendered":"I Feria de la Cerveza Artesana de Medina del Campo"},"content":{"rendered":"<p>Con tanta cebada era l\u00f3gico que acabaramos produciendo cerveza en Castilla y Le\u00f3n. Hoy la cerveza artesana est\u00e1 de moda y para todo aquel que le apasione esta bebida y quiera probar las \u00faltimas novedades, el municipio vallisoletano de <a href=\"https:\/\/maps.google.es\/maps?q=medina+del+campo&#038;ie=UTF8&#038;hnear=Medina+del+Campo,+Valladolid,+Castilla+y+Le%C3%B3n&#038;t=h&#038;z=14\" title=\"Link a Google maps que te indica d\u00f3nde  se encuentra Medina del Campo (Valladolid)\" target=\"_blank\">Medina del Campo<\/a> se celebrar\u00e1 <strong>los d\u00edas 1 y 2 de junio de 2013<\/strong>, la <strong><a title=\"I Feria de la Cerveza Artesana en Castilla y Le\u00f3n\" href=\"http:\/\/www.medinadelcampo.es\/TurismoMedina\/Agenda\/Sala%20de%20Prensa\/Noticias%20Destacadas\/NewsModule\/displayNews\/fa320ef4be51890b1973b248439bd753\/44fed84b0758db5b2a255290801a50a4\" target=\"_blank\">I Feria de la Cerveza Artesana<\/a><\/strong> y el IV Encuentro de Coleccionistas Cerveceros de Castilla y Le\u00f3n.<br \/>\n&nbsp;<br \/>\n<a title=\"Cartel I Feria Artesana de Castilla y Le\u00f3n, Fuente: Gastronom\u00eda&amp;Cia\" href=\"http:\/\/www.gastronomiaycia.com\/2013\/05\/22\/feria-de-la-cerveza-artesana-de-medina-del-campo\/\" target=\"_blank\" rel=\"attachment wp-att-2931\"><img decoding=\"async\" class=\"size-full wp-image-2931 aligncenter\" alt=\"Feria de la Cerveza en Media del Campo\" src=\"http:\/\/destinocastillayleon.es\/index\/wp-content\/uploads\/2013\/05\/feriacervezamedinacampo1.jpg\" width=\"640\" srcset=\"https:\/\/destinocastillayleon.es\/index\/wp-content\/uploads\/2013\/05\/feriacervezamedinacampo1.jpg 680w, https:\/\/destinocastillayleon.es\/index\/wp-content\/uploads\/2013\/05\/feriacervezamedinacampo1-300x161.jpg 300w\" sizes=\"(max-width: 680px) 100vw, 680px\" \/><\/a><br \/>\n&nbsp;<br \/>\nCon una simp\u00e1tica Reina \u201cIsabel\u201d como anfitriona de la Feria, nos invita con un gui\u00f1o a disfrutar de todas las actividades que tendr\u00e1n lugar en la plaza mayor de la localidad: Catas de Cerveza, concursos ben\u00e9ficos, actuaciones musicales&#8230;<br \/>\n&nbsp; <\/p>\n<h3>Avance del Programa de I Feria de la Cerveza Artesana de Medina del Campo<\/h3>\n<h4><span style=\"color: #ff6600;\">31 de mayo<\/span><\/h4>\n<table width=\"100%\" border=\"0\">\n<tbody>\n<tr>\n<th width=\"10\"><\/th>\n<th>20:00h: Encuentro y presentaci\u00f3n de los actos del fin de semana, con el <a title=\"Grupo de Consumo Ecomedina, Medina del Campo\" href=\"https:\/\/www.facebook.com\/ecomedina.grupodeconsumo\" target=\"_blank\">Grupo de Consumo Ecomedina <\/a>de Medina del Campo.<br \/>\nLugar: Reales Carnicer\u00edas<\/th>\n<\/tr>\n<\/tbody>\n<\/table>\n<p>&nbsp;<\/p>\n<h4><span style=\"color: #ff6600;\">1 de Junio\u00a0<\/span><\/h4>\n<table width=\"100%\" border=\"0\">\n<tbody>\n<tr>\n<th width=\"10\"><\/th>\n<th><strong>9:00h \u2013 12:00h.<\/strong> Inauguraci\u00f3n del IV Encuentro de coleccionistas cerveceros de Castilla y Le\u00f3n. (Desde las 12:00 quedar\u00e1 abierto al p\u00fablico en general durante toda la jornada del s\u00e1bado)<br \/>\nLugar: Patio del Ayuntamiento de Medina del Campo<\/p>\n<p><strong>11:30h<\/strong>: Visita de autoridades al IV Encuentro de coleccionistas cerveceros de Castilla y Le\u00f3n<\/p>\n<p><strong>12:00h<\/strong>: Inauguraci\u00f3n de la Feria de Cerveza Artesanal de Castilla y Le\u00f3n \u201cIsabel de Castilla\u201d. (Horario 12:00-16:00h y 18:00- 23:00h)<br \/>\nLugar: Plaza Mayor de Medina del Campo<\/p>\n<p>Inauguran: Rui Avilez,<br \/>\nTeresa Lopez, Alcaldesa de Medina del Campo<\/p>\n<p><strong>17:00h:<\/strong> Cata del Concurso Oficial de Cervezas Artesanales de la Feria.<br \/>\nLugar: Patio del Ayuntamiento de Medina del Campo<\/p>\n<p><strong>20:00h y 22:00h.<\/strong> Sorteo de una cesta de Cervezas Artesanales, (Recaudaci\u00f3n para asociaci\u00f3n de Medina del Campo).<br \/>\nCompra de tickets para participar en el stand de la Organizaci\u00f3n<\/p>\n<p><strong>21:00 a 23:00h.<\/strong> \u201cFiesta de la Cerveza\u201d<br \/>\nLugar: Carpa I<\/th>\n<\/tr>\n<\/tbody>\n<\/table>\n<p>&nbsp;<\/p>\n<h4><span style=\"color: #ff6600;\">2 de Junio\u00a0<\/span><\/h4>\n<table width=\"100%\" border=\"0\">\n<tbody>\n<tr>\n<th width=\"10\"><\/th>\n<th><strong>12:00h:<\/strong> Apertura de los stands de la Feria de Cerveza. (Horario 12:30 \u2013 16:00h y 18:00-21:00h)<br \/>\nLugar: Plaza Mayor de Medina del Campo<\/p>\n<p><strong>14:00h y 18:00h<\/strong>. Sorteo de una cesta de Cervezas Artesanales (Recaudaci\u00f3n para asociaci\u00f3n de Medina del Campo).<\/p>\n<p><strong>18:30.<\/strong> Entrega de premios:<br \/>\nConcurso oficial de catas de cerveza artesanales de la feria.<br \/>\n20.00-21.00h.- Fiesta de Despedia<br \/>\nLugar: Carpa I<\/p>\n<p><strong>21h:<\/strong> Cierre y clausura de la Feria.<\/th>\n<\/tr>\n<\/tbody>\n<\/table>\n<p>&nbsp;<\/p>\n<p>Para m\u00e1s informaci\u00f3n, puedes consultar la p\u00e1gina en Facebook de la anfitriona<a title=\"P\u00e1gina oficial Reina Isabel de Castilla\" href=\"https:\/\/www.facebook.com\/isabel.decastilla.543 \" target=\"_blank\"> Reina Isabel de Castilla<\/a>.<\/p>\n<p>\u00bfAsistir\u00e1s? \u00a1Cu\u00e9ntanoslo!<br \/>\n&nbsp; <\/p>\n<h4>Tambi\u00e9n te puede interesar&#8230;<\/h4>\n<p>&nbsp; &nbsp; <strong>\u2022 <\/strong><a href=\"http:\/\/destinocastillayleon.es\/index\/listado-de-las-cervezas-artesanales-de-castilla-leon\/\"><span style=\"color: #000000;\">Las Cervezas artesanas de Castilla y Le\u00f3n<\/span><\/a>.<br \/>\n&nbsp; &nbsp; <strong>\u2022 <\/strong><a href=\"http:\/\/destinocastillayleon.es\/index\/las-10-cervezas-artesanales-de-valladolid-te-puedes-perder\/\"><span style=\"color: #000000;\">Las 10 cervezas artesanas de Valladolid<\/span><\/a>.<br \/>\n&nbsp; &nbsp; <strong>\u2022 <\/strong><a title=\"Enlace a nuestra entrada sobre las Cervezas artesanales de Castilla y Le\u00f3n, la bebida de la felicidad\" href=\"http:\/\/destinocastillayleon.es\/index\/la-cerveza\/\" target=\"_blank\"><span style=\"color: #000000;\">Las Cervezas artesanales de Castilla y Le\u00f3n, la bebida de la felicidad<\/a>.<br \/>\n&nbsp; &nbsp; <strong>\u2022 <\/strong><a title=\"Enlace a nuestra entrada sobre La Loca Juana, una cerveza artesana hecha en un castillo\" href=\"http:\/\/destinocastillayleon.es\/index\/cerveza-la-loca-juana\/\" target=\"_blank\"><span style=\"color: #000000;\">La Loca Juana, una cerveza artesana hecha en un castillo<\/a>.<br \/>\n&nbsp; &nbsp; <strong>\u2022 <\/strong><a title=\"Enlace a nuestra entrada sobre Tesela, una nueva cerceza artesanal de Aranda de Duero\" href=\"http:\/\/destinocastillayleon.es\/index\/tesela-la-nueva-cerveza-artesanal-de-aranda-de-duero\/\" target=\"_blank\"><span style=\"color: #000000;\">Tesela, una nueva cerceza artesanal de Aranda de Duero<\/a>.<br \/>\n&nbsp; &nbsp; <strong>\u2022 <\/strong><a href=\"http:\/\/destinocastillayleon.es\/index\/los-vinos-espumosos-de-castilla-leon\/\"><span style=\"color: #000000;\">Los vinos espumosos de Castilla y Le\u00f3n<\/span><\/a>.<br \/>\n&nbsp; &nbsp; <strong>\u2022 <\/strong><a href=\"http:\/\/destinocastillayleon.es\/index\/ruta-de-isabel-de-castilla-sigue-su\/\"><span style=\"color: #000000;\">Ruta de Isabel &#8216;La Cat\u00f3lica&#8217;<\/a><br \/>\n&nbsp; &nbsp; <strong>\u2022 <\/strong><a href=\"http:\/\/destinocastillayleon.es\/index\/visitar-el-burgo-de-osma\/\"><span style=\"color: #000000;\">Burgo de Osma, hogar de la Cerveza Arevakos<\/span><\/a>.<br \/>\n&nbsp; <\/p>\n","protected":false},"excerpt":{"rendered":"<p>Gastroturismo en Castilla y Le\u00f3n &#8211; Del 31 al 2 de junio se celebrar\u00e1 la I Feria de la Cerveza Artesana de Medina del Campo, Valladolid<\/p>\n","protected":false},"author":6,"featured_media":2931,"comment_status":"open","ping_status":"closed","sticky":false,"template":"","format":"standard","meta":{"rop_custom_images_group":[],"rop_custom_messages_group":[],"rop_publish_now":"initial","rop_publish_now_accounts":{"twitter_1150954226_1150954226":""},"rop_publish_now_history":[],"rop_publish_now_status":"pending","footnotes":""},"categories":[77,381,68,26],"tags":[2535,1893,1891,3457,1892,321,1894,2301],"class_list":["post-2930","post","type-post","status-publish","format-standard","has-post-thumbnail","hentry","category-actualidad-y-agenda-de-castilla-y-leon","category-aprendiendo_de_vinos","category-post_inicial","category-valladolid","tag-cervezas-artesanales-de-castilla-y-leon","tag-cervezas-artesanas-en-medina-de-campo","tag-feria-de-la-cerveza-artesana","tag-feria-de-la-cerveza-en-medina-del-campo","tag-feria-en-medina-del-campo","tag-medina-del-campo","tag-programa-de-la-feria-de-cerveza-artesana","tag-que-hacer-en-medina-del-campo"],"yoast_head":"<!-- This site is optimized with the Yoast SEO Premium plugin v20.4 (Yoast SEO v27.4) - https:\/\/yoast.com\/product\/yoast-seo-premium-wordpress\/ -->\n<title>I Feria de la Cerveza Artesana de Medina del Campo<\/title>\n<meta name=\"description\" content=\"Gastroturismo en Castilla y Le\u00f3n - Del 31 al 2 de junio se celebrar\u00e1 la I Feria de la Cerveza Artesana de Medina del Campo, Valladolid\" \/>\n<meta name=\"robots\" content=\"index, follow, max-snippet:-1, max-image-preview:large, max-video-preview:-1\" \/>\n<link rel=\"canonical\" href=\"https:\/\/destinocastillayleon.es\/index\/feria-de-la-cerveza-artesana-de-medina-del-campo\/\" \/>\n<meta property=\"og:locale\" content=\"es_ES\" \/>\n<meta property=\"og:type\" content=\"article\" \/>\n<meta property=\"og:title\" content=\"I Feria de la Cerveza Artesana de Medina del Campo\" \/>\n<meta property=\"og:description\" content=\"Gastroturismo en Castilla y Le\u00f3n - Del 31 al 2 de junio se celebrar\u00e1 la I Feria de la Cerveza Artesana de Medina del Campo, Valladolid\" \/>\n<meta property=\"og:url\" content=\"https:\/\/destinocastillayleon.es\/index\/feria-de-la-cerveza-artesana-de-medina-del-campo\/\" \/>\n<meta property=\"og:site_name\" content=\"Destino Castilla y Le\u00f3n\" \/>\n<meta property=\"article:publisher\" content=\"https:\/\/www.facebook.com\/DestinoCastillaYLeon\/\" \/>\n<meta property=\"article:published_time\" content=\"2013-05-23T10:15:10+00:00\" \/>\n<meta property=\"article:modified_time\" content=\"2014-10-09T09:10:17+00:00\" \/>\n<meta property=\"og:image\" content=\"https:\/\/destinocastillayleon.es\/index\/wp-content\/uploads\/2013\/05\/feriacervezamedinacampo1.jpg\" \/>\n\t<meta property=\"og:image:width\" content=\"680\" \/>\n\t<meta property=\"og:image:height\" content=\"367\" \/>\n\t<meta property=\"og:image:type\" content=\"image\/jpeg\" \/>\n<meta name=\"author\" content=\"Lola Hernandez\" \/>\n<meta name=\"twitter:card\" content=\"summary_large_image\" \/>\n<meta name=\"twitter:creator\" content=\"@destinocyl\" \/>\n<meta name=\"twitter:site\" content=\"@destinocyl\" \/>\n<meta name=\"twitter:label1\" content=\"Escrito por\" \/>\n\t<meta name=\"twitter:data1\" content=\"Lola Hernandez\" \/>\n\t<meta name=\"twitter:label2\" content=\"Tiempo de lectura\" \/>\n\t<meta name=\"twitter:data2\" content=\"3 minutos\" \/>\n<script type=\"application\/ld+json\" class=\"yoast-schema-graph\">{\"@context\":\"https:\\\/\\\/schema.org\",\"@graph\":[{\"@type\":\"Article\",\"@id\":\"https:\\\/\\\/destinocastillayleon.es\\\/index\\\/feria-de-la-cerveza-artesana-de-medina-del-campo\\\/#article\",\"isPartOf\":{\"@id\":\"https:\\\/\\\/destinocastillayleon.es\\\/index\\\/feria-de-la-cerveza-artesana-de-medina-del-campo\\\/\"},\"author\":{\"name\":\"Lola Hernandez\",\"@id\":\"https:\\\/\\\/destinocastillayleon.es\\\/index\\\/#\\\/schema\\\/person\\\/49ffcb7eb307589ba529009335ed7767\"},\"headline\":\"I Feria de la Cerveza Artesana de Medina del Campo\",\"datePublished\":\"2013-05-23T10:15:10+00:00\",\"dateModified\":\"2014-10-09T09:10:17+00:00\",\"mainEntityOfPage\":{\"@id\":\"https:\\\/\\\/destinocastillayleon.es\\\/index\\\/feria-de-la-cerveza-artesana-de-medina-del-campo\\\/\"},\"wordCount\":512,\"commentCount\":0,\"image\":{\"@id\":\"https:\\\/\\\/destinocastillayleon.es\\\/index\\\/feria-de-la-cerveza-artesana-de-medina-del-campo\\\/#primaryimage\"},\"thumbnailUrl\":\"https:\\\/\\\/destinocastillayleon.es\\\/index\\\/wp-content\\\/uploads\\\/2013\\\/05\\\/feriacervezamedinacampo1.jpg\",\"keywords\":[\"cervezas artesanales de Castilla y Le\u00f3n\",\"cervezas artesanas en Medina de Campo\",\"Feria de la Cerveza Artesana\",\"Feria de la Cerveza en Medina del Campo\",\"feria en Medina del Campo\",\"Medina del Campo\",\"programa de la feria de cerveza artesana\",\"que hacer en Medina del Campo\"],\"articleSection\":[\"Actualidad\",\"Aprendiendo_de_vinos\",\"Post_inicial\",\"Valladolid\"],\"inLanguage\":\"es\",\"potentialAction\":[{\"@type\":\"CommentAction\",\"name\":\"Comment\",\"target\":[\"https:\\\/\\\/destinocastillayleon.es\\\/index\\\/feria-de-la-cerveza-artesana-de-medina-del-campo\\\/#respond\"]}]},{\"@type\":\"WebPage\",\"@id\":\"https:\\\/\\\/destinocastillayleon.es\\\/index\\\/feria-de-la-cerveza-artesana-de-medina-del-campo\\\/\",\"url\":\"https:\\\/\\\/destinocastillayleon.es\\\/index\\\/feria-de-la-cerveza-artesana-de-medina-del-campo\\\/\",\"name\":\"I Feria de la Cerveza Artesana de Medina del Campo\",\"isPartOf\":{\"@id\":\"https:\\\/\\\/destinocastillayleon.es\\\/index\\\/#website\"},\"primaryImageOfPage\":{\"@id\":\"https:\\\/\\\/destinocastillayleon.es\\\/index\\\/feria-de-la-cerveza-artesana-de-medina-del-campo\\\/#primaryimage\"},\"image\":{\"@id\":\"https:\\\/\\\/destinocastillayleon.es\\\/index\\\/feria-de-la-cerveza-artesana-de-medina-del-campo\\\/#primaryimage\"},\"thumbnailUrl\":\"https:\\\/\\\/destinocastillayleon.es\\\/index\\\/wp-content\\\/uploads\\\/2013\\\/05\\\/feriacervezamedinacampo1.jpg\",\"datePublished\":\"2013-05-23T10:15:10+00:00\",\"dateModified\":\"2014-10-09T09:10:17+00:00\",\"author\":{\"@id\":\"https:\\\/\\\/destinocastillayleon.es\\\/index\\\/#\\\/schema\\\/person\\\/49ffcb7eb307589ba529009335ed7767\"},\"description\":\"Gastroturismo en Castilla y Le\u00f3n - Del 31 al 2 de junio se celebrar\u00e1 la I Feria de la Cerveza Artesana de Medina del Campo, Valladolid\",\"breadcrumb\":{\"@id\":\"https:\\\/\\\/destinocastillayleon.es\\\/index\\\/feria-de-la-cerveza-artesana-de-medina-del-campo\\\/#breadcrumb\"},\"inLanguage\":\"es\",\"potentialAction\":[{\"@type\":\"ReadAction\",\"target\":[\"https:\\\/\\\/destinocastillayleon.es\\\/index\\\/feria-de-la-cerveza-artesana-de-medina-del-campo\\\/\"]}]},{\"@type\":\"ImageObject\",\"inLanguage\":\"es\",\"@id\":\"https:\\\/\\\/destinocastillayleon.es\\\/index\\\/feria-de-la-cerveza-artesana-de-medina-del-campo\\\/#primaryimage\",\"url\":\"https:\\\/\\\/destinocastillayleon.es\\\/index\\\/wp-content\\\/uploads\\\/2013\\\/05\\\/feriacervezamedinacampo1.jpg\",\"contentUrl\":\"https:\\\/\\\/destinocastillayleon.es\\\/index\\\/wp-content\\\/uploads\\\/2013\\\/05\\\/feriacervezamedinacampo1.jpg\",\"width\":680,\"height\":367},{\"@type\":\"BreadcrumbList\",\"@id\":\"https:\\\/\\\/destinocastillayleon.es\\\/index\\\/feria-de-la-cerveza-artesana-de-medina-del-campo\\\/#breadcrumb\",\"itemListElement\":[{\"@type\":\"ListItem\",\"position\":1,\"name\":\"Portada\",\"item\":\"https:\\\/\\\/destinocastillayleon.es\\\/index\\\/\"},{\"@type\":\"ListItem\",\"position\":2,\"name\":\"I Feria de la Cerveza Artesana de Medina del Campo\"}]},{\"@type\":\"WebSite\",\"@id\":\"https:\\\/\\\/destinocastillayleon.es\\\/index\\\/#website\",\"url\":\"https:\\\/\\\/destinocastillayleon.es\\\/index\\\/\",\"name\":\"Destino Castilla y Le\u00f3n\",\"description\":\"Medio digital independiente y revista de Castilla y Le\u00f3n dedicado al turismo, gastronom\u00eda y vino de Castilla y Le\u00f3n\",\"potentialAction\":[{\"@type\":\"SearchAction\",\"target\":{\"@type\":\"EntryPoint\",\"urlTemplate\":\"https:\\\/\\\/destinocastillayleon.es\\\/index\\\/?s={search_term_string}\"},\"query-input\":{\"@type\":\"PropertyValueSpecification\",\"valueRequired\":true,\"valueName\":\"search_term_string\"}}],\"inLanguage\":\"es\"},{\"@type\":\"Person\",\"@id\":\"https:\\\/\\\/destinocastillayleon.es\\\/index\\\/#\\\/schema\\\/person\\\/49ffcb7eb307589ba529009335ed7767\",\"name\":\"Lola Hernandez\",\"image\":{\"@type\":\"ImageObject\",\"inLanguage\":\"es\",\"@id\":\"https:\\\/\\\/secure.gravatar.com\\\/avatar\\\/72ead65e55ad0522fba484acfe2842bf78b2f7c727df41d76fed78a85519da34?s=96&d=mm&r=g\",\"url\":\"https:\\\/\\\/secure.gravatar.com\\\/avatar\\\/72ead65e55ad0522fba484acfe2842bf78b2f7c727df41d76fed78a85519da34?s=96&d=mm&r=g\",\"contentUrl\":\"https:\\\/\\\/secure.gravatar.com\\\/avatar\\\/72ead65e55ad0522fba484acfe2842bf78b2f7c727df41d76fed78a85519da34?s=96&d=mm&r=g\",\"caption\":\"Lola Hernandez\"},\"description\":\"Lola Hern\u00e1ndez fue fundadora y directora de www.destinocastillayleon.es Escribiendo sobre turismo, gastronom\u00eda y vino de su tierra de origen, Castilla y Le\u00f3n.\",\"sameAs\":[\"http:\\\/\\\/www.destinoysabor.com\\\/blog\"],\"url\":\"https:\\\/\\\/destinocastillayleon.es\\\/index\\\/author\\\/lola-hernandez\\\/\"}]}<\/script>\n<!-- \/ Yoast SEO Premium plugin. -->","yoast_head_json":{"title":"I Feria de la Cerveza Artesana de Medina del Campo","description":"Gastroturismo en Castilla y Le\u00f3n - Del 31 al 2 de junio se celebrar\u00e1 la I Feria de la Cerveza Artesana de Medina del Campo, Valladolid","robots":{"index":"index","follow":"follow","max-snippet":"max-snippet:-1","max-image-preview":"max-image-preview:large","max-video-preview":"max-video-preview:-1"},"canonical":"https:\/\/destinocastillayleon.es\/index\/feria-de-la-cerveza-artesana-de-medina-del-campo\/","og_locale":"es_ES","og_type":"article","og_title":"I Feria de la Cerveza Artesana de Medina del Campo","og_description":"Gastroturismo en Castilla y Le\u00f3n - Del 31 al 2 de junio se celebrar\u00e1 la I Feria de la Cerveza Artesana de Medina del Campo, Valladolid","og_url":"https:\/\/destinocastillayleon.es\/index\/feria-de-la-cerveza-artesana-de-medina-del-campo\/","og_site_name":"Destino Castilla y Le\u00f3n","article_publisher":"https:\/\/www.facebook.com\/DestinoCastillaYLeon\/","article_published_time":"2013-05-23T10:15:10+00:00","article_modified_time":"2014-10-09T09:10:17+00:00","og_image":[{"width":680,"height":367,"url":"https:\/\/destinocastillayleon.es\/index\/wp-content\/uploads\/2013\/05\/feriacervezamedinacampo1.jpg","type":"image\/jpeg"}],"author":"Lola Hernandez","twitter_card":"summary_large_image","twitter_creator":"@destinocyl","twitter_site":"@destinocyl","twitter_misc":{"Escrito por":"Lola Hernandez","Tiempo de lectura":"3 minutos"},"schema":{"@context":"https:\/\/schema.org","@graph":[{"@type":"Article","@id":"https:\/\/destinocastillayleon.es\/index\/feria-de-la-cerveza-artesana-de-medina-del-campo\/#article","isPartOf":{"@id":"https:\/\/destinocastillayleon.es\/index\/feria-de-la-cerveza-artesana-de-medina-del-campo\/"},"author":{"name":"Lola Hernandez","@id":"https:\/\/destinocastillayleon.es\/index\/#\/schema\/person\/49ffcb7eb307589ba529009335ed7767"},"headline":"I Feria de la Cerveza Artesana de Medina del Campo","datePublished":"2013-05-23T10:15:10+00:00","dateModified":"2014-10-09T09:10:17+00:00","mainEntityOfPage":{"@id":"https:\/\/destinocastillayleon.es\/index\/feria-de-la-cerveza-artesana-de-medina-del-campo\/"},"wordCount":512,"commentCount":0,"image":{"@id":"https:\/\/destinocastillayleon.es\/index\/feria-de-la-cerveza-artesana-de-medina-del-campo\/#primaryimage"},"thumbnailUrl":"https:\/\/destinocastillayleon.es\/index\/wp-content\/uploads\/2013\/05\/feriacervezamedinacampo1.jpg","keywords":["cervezas artesanales de Castilla y Le\u00f3n","cervezas artesanas en Medina de Campo","Feria de la Cerveza Artesana","Feria de la Cerveza en Medina del Campo","feria en Medina del Campo","Medina del Campo","programa de la feria de cerveza artesana","que hacer en Medina del Campo"],"articleSection":["Actualidad","Aprendiendo_de_vinos","Post_inicial","Valladolid"],"inLanguage":"es","potentialAction":[{"@type":"CommentAction","name":"Comment","target":["https:\/\/destinocastillayleon.es\/index\/feria-de-la-cerveza-artesana-de-medina-del-campo\/#respond"]}]},{"@type":"WebPage","@id":"https:\/\/destinocastillayleon.es\/index\/feria-de-la-cerveza-artesana-de-medina-del-campo\/","url":"https:\/\/destinocastillayleon.es\/index\/feria-de-la-cerveza-artesana-de-medina-del-campo\/","name":"I Feria de la Cerveza Artesana de Medina del Campo","isPartOf":{"@id":"https:\/\/destinocastillayleon.es\/index\/#website"},"primaryImageOfPage":{"@id":"https:\/\/destinocastillayleon.es\/index\/feria-de-la-cerveza-artesana-de-medina-del-campo\/#primaryimage"},"image":{"@id":"https:\/\/destinocastillayleon.es\/index\/feria-de-la-cerveza-artesana-de-medina-del-campo\/#primaryimage"},"thumbnailUrl":"https:\/\/destinocastillayleon.es\/index\/wp-content\/uploads\/2013\/05\/feriacervezamedinacampo1.jpg","datePublished":"2013-05-23T10:15:10+00:00","dateModified":"2014-10-09T09:10:17+00:00","author":{"@id":"https:\/\/destinocastillayleon.es\/index\/#\/schema\/person\/49ffcb7eb307589ba529009335ed7767"},"description":"Gastroturismo en Castilla y Le\u00f3n - Del 31 al 2 de junio se celebrar\u00e1 la I Feria de la Cerveza Artesana de Medina del Campo, Valladolid","breadcrumb":{"@id":"https:\/\/destinocastillayleon.es\/index\/feria-de-la-cerveza-artesana-de-medina-del-campo\/#breadcrumb"},"inLanguage":"es","potentialAction":[{"@type":"ReadAction","target":["https:\/\/destinocastillayleon.es\/index\/feria-de-la-cerveza-artesana-de-medina-del-campo\/"]}]},{"@type":"ImageObject","inLanguage":"es","@id":"https:\/\/destinocastillayleon.es\/index\/feria-de-la-cerveza-artesana-de-medina-del-campo\/#primaryimage","url":"https:\/\/destinocastillayleon.es\/index\/wp-content\/uploads\/2013\/05\/feriacervezamedinacampo1.jpg","contentUrl":"https:\/\/destinocastillayleon.es\/index\/wp-content\/uploads\/2013\/05\/feriacervezamedinacampo1.jpg","width":680,"height":367},{"@type":"BreadcrumbList","@id":"https:\/\/destinocastillayleon.es\/index\/feria-de-la-cerveza-artesana-de-medina-del-campo\/#breadcrumb","itemListElement":[{"@type":"ListItem","position":1,"name":"Portada","item":"https:\/\/destinocastillayleon.es\/index\/"},{"@type":"ListItem","position":2,"name":"I Feria de la Cerveza Artesana de Medina del Campo"}]},{"@type":"WebSite","@id":"https:\/\/destinocastillayleon.es\/index\/#website","url":"https:\/\/destinocastillayleon.es\/index\/","name":"Destino Castilla y Le\u00f3n","description":"Medio digital independiente y revista de Castilla y Le\u00f3n dedicado al turismo, gastronom\u00eda y vino de Castilla y Le\u00f3n","potentialAction":[{"@type":"SearchAction","target":{"@type":"EntryPoint","urlTemplate":"https:\/\/destinocastillayleon.es\/index\/?s={search_term_string}"},"query-input":{"@type":"PropertyValueSpecification","valueRequired":true,"valueName":"search_term_string"}}],"inLanguage":"es"},{"@type":"Person","@id":"https:\/\/destinocastillayleon.es\/index\/#\/schema\/person\/49ffcb7eb307589ba529009335ed7767","name":"Lola Hernandez","image":{"@type":"ImageObject","inLanguage":"es","@id":"https:\/\/secure.gravatar.com\/avatar\/72ead65e55ad0522fba484acfe2842bf78b2f7c727df41d76fed78a85519da34?s=96&d=mm&r=g","url":"https:\/\/secure.gravatar.com\/avatar\/72ead65e55ad0522fba484acfe2842bf78b2f7c727df41d76fed78a85519da34?s=96&d=mm&r=g","contentUrl":"https:\/\/secure.gravatar.com\/avatar\/72ead65e55ad0522fba484acfe2842bf78b2f7c727df41d76fed78a85519da34?s=96&d=mm&r=g","caption":"Lola Hernandez"},"description":"Lola Hern\u00e1ndez fue fundadora y directora de www.destinocastillayleon.es Escribiendo sobre turismo, gastronom\u00eda y vino de su tierra de origen, Castilla y Le\u00f3n.","sameAs":["http:\/\/www.destinoysabor.com\/blog"],"url":"https:\/\/destinocastillayleon.es\/index\/author\/lola-hernandez\/"}]}},"_links":{"self":[{"href":"https:\/\/destinocastillayleon.es\/index\/wp-json\/wp\/v2\/posts\/2930","targetHints":{"allow":["GET"]}}],"collection":[{"href":"https:\/\/destinocastillayleon.es\/index\/wp-json\/wp\/v2\/posts"}],"about":[{"href":"https:\/\/destinocastillayleon.es\/index\/wp-json\/wp\/v2\/types\/post"}],"author":[{"embeddable":true,"href":"https:\/\/destinocastillayleon.es\/index\/wp-json\/wp\/v2\/users\/6"}],"replies":[{"embeddable":true,"href":"https:\/\/destinocastillayleon.es\/index\/wp-json\/wp\/v2\/comments?post=2930"}],"version-history":[{"count":27,"href":"https:\/\/destinocastillayleon.es\/index\/wp-json\/wp\/v2\/posts\/2930\/revisions"}],"predecessor-version":[{"id":16280,"href":"https:\/\/destinocastillayleon.es\/index\/wp-json\/wp\/v2\/posts\/2930\/revisions\/16280"}],"wp:featuredmedia":[{"embeddable":true,"href":"https:\/\/destinocastillayleon.es\/index\/wp-json\/wp\/v2\/media\/2931"}],"wp:attachment":[{"href":"https:\/\/destinocastillayleon.es\/index\/wp-json\/wp\/v2\/media?parent=2930"}],"wp:term":[{"taxonomy":"category","embeddable":true,"href":"https:\/\/destinocastillayleon.es\/index\/wp-json\/wp\/v2\/categories?post=2930"},{"taxonomy":"post_tag","embeddable":true,"href":"https:\/\/destinocastillayleon.es\/index\/wp-json\/wp\/v2\/tags?post=2930"}],"curies":[{"name":"wp","href":"https:\/\/api.w.org\/{rel}","templated":true}]}}