{"id":29134,"date":"2018-11-07T06:20:10","date_gmt":"2018-11-07T05:20:10","guid":{"rendered":"https:\/\/destinocastillayleon.es\/index\/?p=29134"},"modified":"2018-11-07T06:20:10","modified_gmt":"2018-11-07T05:20:10","slug":"raices-del-vino","status":"publish","type":"post","link":"https:\/\/destinocastillayleon.es\/index\/raices-del-vino\/","title":{"rendered":"Ra\u00edces del Vino, una iniciativa para promover los barrios de bodegas"},"content":{"rendered":"<p>Aquellos que nos conozcan de hace tiempo, <strong>recordar\u00e1n una visita que realizamos haciendo <a href=\"https:\/\/destinocastillayleon.es\/index\/ruta-del-vino-de-cigales\/\">enoturismo en la Ruta del vino de Cigales<\/a><\/strong>. En aquella ocasi\u00f3n, ya realizamos un paseo por los barrios de bodegas de Mucientes, descubriendo bodegas tradicionales donde a\u00fan particulares elaboran su propio vino. Con esta iniciativa, <strong>Ra\u00edces del Vino, se quiere poner en valor y dar a conocer, los barrios de bodegas de la Ruta del Vino<\/strong>; unos recursos tur\u00edsticos subterr\u00e1neos.<\/p>\n<h3><strong>Informaci\u00f3n de inter\u00e9s<\/strong><\/h3>\n<h4><strong>C\u00f3mo llegar<\/strong><\/h4>\n<p><a href=\"http:\/\/rutadelvinocigales.com\/\" rel=\"NoFollow\" target=\"_Blank\">La Ruta del Vino de Cigales<\/a> se podr\u00eda decir que est\u00e1 articulada en torno a la <strong>autov\u00eda A62<\/strong>, pero por carreteras secundar\u00edas, tambi\u00e9n pod\u00e9is usar la <strong>carretera VA-900<\/strong>.<\/p>\n<figure id=\"attachment_23253\" aria-describedby=\"caption-attachment-23253\" style=\"width: 640px\" class=\"wp-caption aligncenter\"><img decoding=\"async\" src=\"https:\/\/destinocastillayleon.es\/index\/wp-content\/uploads\/2016\/08\/Iglesia-de-Santiago-Apostol-de-Cigales-Imagen-de-mapasespana.net_.jpg\" alt=\"Iglesia de Santiago Apostol de Cigales - Imagen de mapasespana.net\" width=\"640\" height=\"400\" class=\"size-full wp-image-23253\" srcset=\"https:\/\/destinocastillayleon.es\/index\/wp-content\/uploads\/2016\/08\/Iglesia-de-Santiago-Apostol-de-Cigales-Imagen-de-mapasespana.net_.jpg 640w, https:\/\/destinocastillayleon.es\/index\/wp-content\/uploads\/2016\/08\/Iglesia-de-Santiago-Apostol-de-Cigales-Imagen-de-mapasespana.net_-300x188.jpg 300w\" sizes=\"(max-width: 640px) 100vw, 640px\" \/><figcaption id=\"caption-attachment-23253\" class=\"wp-caption-text\">Iglesia de Santiago Ap\u00f3stol de Cigales &#8211; Imagen de mapasespana.net<\/figcaption><\/figure>\n<h4><strong>D\u00f3nde comer<\/strong><\/h4>\n<p>Pod\u00e9is disfrutar de <strong>varios restaurantes y bares adscritos a la Ruta del Vino de Cigales<\/strong>; pod\u00e9is consultar <a href=\"http:\/\/rutadelvinocigales.com\/socios-de-la-ruta-del-vino-cigales\/\" rel=\"NoFollow\" target=\"_Blank\">la lista aqu\u00ed<\/strong><\/a>. Nosotros conocemos varios de estos restaurantes. Pero ya que nuestros compa\u00f1eros de <em>A Tavola con il Conte<\/em> tienen documentada <strong>la <a href=\"http:\/\/atavolaconilconte.es\/index\/restaurante-bodegon-el-ciervo\/\" target=\"_Blank\" rel=\"DoFollow\">experiencia gastron\u00f3mica en el Bodeg\u00f3n el Ciervo<\/a><\/strong>; en Cabez\u00f3n de Pisuerga.<\/p>\n<figure id=\"attachment_23274\" aria-describedby=\"caption-attachment-23274\" style=\"width: 564px\" class=\"wp-caption aligncenter\"><img decoding=\"async\" src=\"https:\/\/destinocastillayleon.es\/index\/wp-content\/uploads\/2016\/09\/7410058ea4458c191d82aef6142381dd.jpg\" alt=\"Fachada del Bodeg\u00f3n el Ciervo - Imagen de El Ciervo\" width=\"564\" height=\"316\" class=\"size-full wp-image-23274\" srcset=\"https:\/\/destinocastillayleon.es\/index\/wp-content\/uploads\/2016\/09\/7410058ea4458c191d82aef6142381dd.jpg 564w, https:\/\/destinocastillayleon.es\/index\/wp-content\/uploads\/2016\/09\/7410058ea4458c191d82aef6142381dd-300x168.jpg 300w\" sizes=\"(max-width: 564px) 100vw, 564px\" \/><figcaption id=\"caption-attachment-23274\" class=\"wp-caption-text\">Fachada del Bodeg\u00f3n el Ciervo &#8211; Imagen de El Ciervo<\/figcaption><\/figure>\n<h4><strong>D\u00f3nde alojarse<\/strong><\/h4>\n<p>Toda la zona <strong>est\u00e1 llena de casas y hoteles rurales donde alojarse<\/strong>. As\u00ed, os podemos sugerir lugares en <a href=\"http:\/\/www.booking.com\/searchresults.es.html?city=-374715&#038;aid=1281624&#038;no_rooms=1&#038;group_adults=2&#038;group_children=1&#038;room1=A%2CA%2C12\" target=\"_Blank\"><strong>Cabez\u00f3n de Pisuerga<\/strong><\/a>, en <a href=\"https:\/\/www.booking.com\/searchresults.es.html?aid=1281624&#038;sid=6cacca2f390dbc7aeb8db2324842c4f9&#038;sb=1&#038;src=searchresults&#038;src_elem=sb&#038;error_url=https%3A%2F%2Fwww.booking.com%2Fsearchresults.es.html%3Faid%3D1281624%3Bsid%3D6cacca2f390dbc7aeb8db2324842c4f9%3Bac_click_type%3Db%3Bac_position%3D0%3Bage%3D12%3Bcity%3D-406201%3Bclass_interval%3D1%3Bdest_id%3D-378117%3Bdest_type%3Dcity%3Bdtdisc%3D0%3Bfrom_sf%3D1%3Bgroup_adults%3D2%3Bgroup_children%3D1%3Binac%3D0%3Bindex_postcard%3D0%3Blabel_click%3Dundef%3Bno_rooms%3D1%3Boffset%3D0%3Bpostcard%3D0%3Braw_dest_type%3Dcity%3Broom1%3DA%252CA%252C12%3Bsb_price_type%3Dtotal%3Bsearch_selected%3D1%3Bshw_aparth%3D1%3Bslp_r_match%3D0%3Bsrc%3Dsearchresults%3Bsrc_elem%3Dsb%3Bsrpvid%3Da29348d59f98008c%3Bss%3DCigales%252C%2520Castilla%2520y%2520Le%25C3%25B3n%252C%2520Espa%25C3%25B1a%3Bss_all%3D0%3Bss_raw%3Dcigales%3Bssb%3Dempty%3Bsshis%3D0%3Bssne_untouched%3DValladolid%3Btrack_hp_back_button%3D1%26%3B&#038;ss=Fuensalda%C3%B1a%2C+Castilla+y+Le%C3%B3n%2C+Espa%C3%B1a&#038;ssne=Cigales&#038;ssne_untouched=Cigales&#038;city=-378117&#038;checkin_monthday=&#038;checkin_month=&#038;checkin_year=&#038;checkout_monthday=&#038;checkout_month=&#038;checkout_year=&#038;no_rooms=1&#038;group_adults=2&#038;group_children=1&#038;age=12&#038;b_h4u_keep_filters=&#038;from_sf=1&#038;ss_raw=Fuensalda%C3%B1a&#038;ac_position=0&#038;ac_langcode=es&#038;ac_click_type=b&#038;dest_id=-383106&#038;dest_type=city&#038;place_id_lat=41.700001&#038;place_id_lon=-4.76667&#038;search_pageview_id=a29348d59f98008c&#038;search_selected=true&#038;search_pageview_id=a29348d59f98008c&#038;ac_suggestion_list_length=2&#038;ac_suggestion_theme_list_length=0\" target=\"_Blank\"><strong>Fuensalsa\u00f1a<\/strong><\/a> o en <a href=\"http:\/\/www.booking.com\/searchresults.es.html?city=-370659&#038;aid=1281624&#038;no_rooms=1&#038;group_adults=2&#038;group_children=1&#038;room1=A%2CA%2C12\" target=\"_Blank\"><strong>Ampudia<\/strong><\/a>.<\/p>\n<p>No obstante, dada la cercan\u00eda de estas poblaciones, <strong>tambi\u00e9n pod\u00e9is encontrar <a href=\"http:\/\/www.booking.com\/searchresults.es.html?city=-406201&#038;aid=1281624&#038;no_rooms=1&#038;group_adults=2&#038;group_children=1&#038;room1=A%2CA%2C12\" target=\"_Blank\"><strong>ofertar para hacer noche en Valladolid<\/strong><\/a><\/strong>; siendo la capital vallisoletana un complemento a un fin de semana de turismo enol\u00f3gico.<\/p>\n<h3><strong>La Ruta del Vino de Cigales<\/strong><\/h3>\n<p>La Ruta del Vino de Cigales es <strong>una asociaci\u00f3n de establecimientos dedicados a dar a conocer el turismo del vino asociado a la zona de producci\u00f3n de la Denominaci\u00f3n de Origen Cigales<\/strong>. Entre sus funciones se encuentran la conservaci\u00f3n y promoci\u00f3n del patrimonio, como algo prioritario, y sobre todo, asociado a un enoturismo sostenible vinculado a la naturaleza con especial atenci\u00f3n a la arquitectura popular.<\/p>\n<p><img decoding=\"async\" src=\"https:\/\/destinocastillayleon.es\/index\/wp-content\/uploads\/2016\/09\/Logo-de-la-Ruta-del-Vino-de-Cigales.jpg\" alt=\"Logo de la Ruta del Vino de Cigales\" width=\"400\" height=\"234\" class=\"aligncenter size-full wp-image-23289\" srcset=\"https:\/\/destinocastillayleon.es\/index\/wp-content\/uploads\/2016\/09\/Logo-de-la-Ruta-del-Vino-de-Cigales.jpg 400w, https:\/\/destinocastillayleon.es\/index\/wp-content\/uploads\/2016\/09\/Logo-de-la-Ruta-del-Vino-de-Cigales-300x176.jpg 300w\" sizes=\"(max-width: 400px) 100vw, 400px\" \/><\/p>\n<blockquote><p>Esto quiere decir que va de vino, pero sobre todo va de turismo.<\/p><\/blockquote>\n<h3><strong>La Bienal AR&#038;PA<\/strong> <\/h3>\n<p>Este certamen, <a href=\"https:\/\/www.jcyl.es\/web\/jcyl\/ARPA\/es\/Plantilla100\/1267295103271\/_\/_\/_\" target=\"_Blank\" rel=\"NoFollow\"><strong>AR&#038;PA<\/strong><\/a>, se celebra bianualmente; <strong>Este a\u00f1o ser\u00e1 del 8 al 11 de noviembre<\/strong>; en el Centro Cultural Miguel Delibes de Valladolid y coincide con el A\u00f1o Europeo de Patrimonio Cultura. Para este evento, se han preparado un variado programa de actividades.<\/p>\n<p><img decoding=\"async\" src=\"https:\/\/destinocastillayleon.es\/index\/wp-content\/uploads\/2017\/06\/ARPA_2018.jpg\" alt=\"ARPA_2018\" width=\"480\" class=\"aligncenter size-full wp-image-29141\" srcset=\"https:\/\/destinocastillayleon.es\/index\/wp-content\/uploads\/2017\/06\/ARPA_2018.jpg 662w, https:\/\/destinocastillayleon.es\/index\/wp-content\/uploads\/2017\/06\/ARPA_2018-300x105.jpg 300w\" sizes=\"(max-width: 662px) 100vw, 662px\" \/><\/p>\n<p>Coincidiendo con este evento, <strong>la Ruta del Vino de Cigales tiene previstos diversas participaciones en foros vinculados a este certamen<\/strong>, presentando sus aportaciones al enoturismo, especialmente en su vertiente asociada a la gesti\u00f3n del patrimonio.<\/p>\n<h2><strong>Ra\u00edces del Vino, la aportaci\u00f3n de la Ruta del Vino de Cigales<\/strong><\/h2>\n<p>Entre las diversas actividades a presentar, vamos a destacar las siguientes:<\/p>\n<h3><strong>Viernes, 9 de noviembre<\/strong><\/h3>\n<p><strong>A las 12:30<\/strong> se presentar\u00e1 <strong>el proyecto de rehabilitaci\u00f3n y desarrollo de acciones sostenibles en el Canal de Castilla<\/strong>, cuyo objetivo es implementarlas en breve. Esto supondr\u00e1 un complemento al enoturismo en la zona, especialmente en el ramal sur que llega hasta la capital vallisoletana. Este proyecto est\u00e1 amparado en el proyecto europeo HERICOAST.<\/p>\n<figure id=\"attachment_21279\" aria-describedby=\"caption-attachment-21279\" style=\"width: 640px\" class=\"wp-caption aligncenter\"><img decoding=\"async\" src=\"https:\/\/destinocastillayleon.es\/index\/wp-content\/uploads\/2015\/12\/92b1748073be0dd13cf1a616ce573ce2.jpg\" alt=\"Canal de Castilla - Entre chopos - Destino Castilla y Le\u00f3n\" width=\"640\" height=\"427\" class=\"size-full wp-image-21279\" srcset=\"https:\/\/destinocastillayleon.es\/index\/wp-content\/uploads\/2015\/12\/92b1748073be0dd13cf1a616ce573ce2.jpg 640w, https:\/\/destinocastillayleon.es\/index\/wp-content\/uploads\/2015\/12\/92b1748073be0dd13cf1a616ce573ce2-300x200.jpg 300w\" sizes=\"(max-width: 640px) 100vw, 640px\" \/><figcaption id=\"caption-attachment-21279\" class=\"wp-caption-text\">Canal de Castilla entre chopos &#8211; Destino Castilla y Le\u00f3n<\/figcaption><\/figure>\n<h3><strong>S\u00e1bado, 10 de noviembre<\/strong><\/h3>\n<p><strong>A las 14:00<\/strong> se har\u00e1 la entrega de premios del <strong>I \u201cConcurso fotogr\u00e1fico patrimonio desconocido de Valladolid\u201d<\/strong> organizado por Ciudadanos por la Defensa del Patrimonio de Valladolid. El objetivo de este certamen fotogr\u00e1fico es dar a conocer ese patrimonio oculto o desapercibido por la sociedad<\/p>\n<h4><strong>Jornada t\u00e9cnica \u201cBodegas Subterr\u00e1neas de Castilla y Le\u00f3n: necesidad de salvaguardar\u201d<\/strong><\/h4>\n<p>Este ser\u00e1 el plato fuerte de AR&#038;PA para la Ruta del Vino de Cigales, al igual que otras rutas del vino de Castilla y Le\u00f3n, que estar\u00e1n tambi\u00e9n presentes.<strong> A partir de las 16:30<\/strong>, a cargo del antrop\u00f3logo Jos\u00e9 Luis Alonso Ponga, arrancar\u00e1 este esta jornada, con una ponencia sobre las bodegas tradicionales. Os recordamos que hace tiempo compartimos una selecci\u00f3n de <a href=\"https:\/\/destinocastillayleon.es\/index\/bodegas-centenarias\/\"><strong>bodegas centenarias en Castilla y Le\u00f3n visitables<\/strong><\/a>.<\/p>\n<blockquote><p>Empezando desde las generalidades, finalmente la jornada se centrar\u00e1 en casos concretos de protecci\u00f3n de este patrimonio.<\/p><\/blockquote>\n<figure id=\"attachment_23776\" aria-describedby=\"caption-attachment-23776\" style=\"width: 531px\" class=\"wp-caption aligncenter\"><img decoding=\"async\" src=\"https:\/\/destinocastillayleon.es\/index\/wp-content\/uploads\/2016\/10\/69a422c76623073237a523f5a0a2371f.jpg\" alt=\"bodega subterranea de Mucientes\" width=\"531\" height=\"531\" class=\"size-full wp-image-23776\" srcset=\"https:\/\/destinocastillayleon.es\/index\/wp-content\/uploads\/2016\/10\/69a422c76623073237a523f5a0a2371f.jpg 531w, https:\/\/destinocastillayleon.es\/index\/wp-content\/uploads\/2016\/10\/69a422c76623073237a523f5a0a2371f-150x150.jpg 150w, https:\/\/destinocastillayleon.es\/index\/wp-content\/uploads\/2016\/10\/69a422c76623073237a523f5a0a2371f-300x300.jpg 300w\" sizes=\"(max-width: 531px) 100vw, 531px\" \/><figcaption id=\"caption-attachment-23776\" class=\"wp-caption-text\">Bodega subterr\u00e1nea de Mucientes<\/figcaption><\/figure>\n<p>En este entorno, Miguel \u00c1ngel Garc\u00eda, gerente de la Ruta del Vino Cigales e historiador y Jes\u00fas Pilar, t\u00e9cnico de turismo de Cigales e historiador del Arte, dar\u00e1n a conocer \u201cRa\u00edces del Vino\u201d, <strong>un proyecto de recuperaci\u00f3n y promoci\u00f3n del patrimonio industrial subterr\u00e1neo de Cigales como referente enotur\u00edstico<\/strong>. As\u00ed mismo, Rub\u00e9n Garc\u00eda, en\u00f3logo y apasionado de la cultura del vino, presentar\u00e1 su <strong>proyecto de crowfunding con la Bodegas Belote, en Roales de Campos<\/strong>, para recuperar este cerro con un barrio de bodegas. Tambi\u00e9n estar\u00e1 presente Javier Esgueva,<strong> analizando la evoluci\u00f3n del movimiento asociativo de voluntarios que existe en Sotillo de la Ribera<\/strong> para recuperar las bodegas.<\/p>\n<h4><strong>Jornada t\u00e9cnica \u201cSociedad civil y su papel en la conservaci\u00f3n y gesti\u00f3n de los monasterios\u201d<\/strong><\/h4>\n<p>En paralelo a la jornada anterior, <strong>se celebrar\u00e1 otra dedicada a la conservaci\u00f3n y gesti\u00f3n de monasterios<\/strong>; coordinada por la Asociaci\u00f3n de Amigos del Monasterio de la Armedilla, en el que la t\u00e9cnico de turismo de Cabez\u00f3n de Pisuerga, Virginia Cernuda, explicar\u00e1 <strong>el trabajo desarrollado en el Monasterio de Santa Mar\u00eda de Palazuelos<\/strong> desde su rescate a la valorizaci\u00f3n.<\/p>\n<figure id=\"attachment_23254\" aria-describedby=\"caption-attachment-23254\" style=\"width: 640px\" class=\"wp-caption aligncenter\"><img decoding=\"async\" src=\"https:\/\/destinocastillayleon.es\/index\/wp-content\/uploads\/2016\/08\/0b5f3985ef103ea221351a78af37175f.jpg\" alt=\"Ra\u00edces del Vino en ARPA\" Title=\"Monasterio de Santa Mar\u00eda de Palazuelos, en Cabez\u00f3n de Pisuerga - Imagen de El Norte de Castilla\" width=\"640\" height=\"400\" class=\"size-full wp-image-23254\" srcset=\"https:\/\/destinocastillayleon.es\/index\/wp-content\/uploads\/2016\/08\/0b5f3985ef103ea221351a78af37175f.jpg 640w, https:\/\/destinocastillayleon.es\/index\/wp-content\/uploads\/2016\/08\/0b5f3985ef103ea221351a78af37175f-300x188.jpg 300w\" sizes=\"(max-width: 640px) 100vw, 640px\" \/><figcaption id=\"caption-attachment-23254\" class=\"wp-caption-text\">Monasterio de Santa Mar\u00eda de Palazuelos, en Cabez\u00f3n de Pisuerga &#8211; Imagen de El Norte de Castilla<\/figcaption><\/figure>\n<p>Y es que como os hemos ido contando, <strong>hay muchos <a href=\"https:\/\/destinocastillayleon.es\/index\/monasterios-abandonados-de-castilla-y-leon\/\">monasterios abandonados en Castilla y Le\u00f3n<\/a><\/strong>, y quedan pocas <a href=\"https:\/\/destinocastillayleon.es\/index\/monasterios-activos-de-castilla-y-leon\/\">instalaciones activas<\/a>; y es que la \u00fanica forma de conservar este patrimonio es darle una utilidad.<\/p>\n<h3><strong>Domingo, 11 de noviembre<\/strong><\/h3>\n<p>El domingo, <strong>a las 12:00<\/strong>, el Ingeniero forestal Miguel Rodr\u00edguez Blanco, de <a href=\"http:\/\/www.mielmontesdevalveni.com\/\" rel=\"NoFollow\" target=\"_Blank\">Miel Montes de Valven\u00ed<\/a>, <strong>contar\u00e1 su experiencia en la recuperaci\u00f3n del patrimonio natural de chozos y colmenares en Valoria la Buena<\/strong>, y como esta recuperaci\u00f3n est\u00e1 permitiendo una explotaci\u00f3n sostenible, que no solo es hermoso para caminar haciendo senderismo, si no, un complemento al enoturismo y al desarrollo econ\u00f3mico del medio rural.<\/p>\n<figure id=\"attachment_23766\" aria-describedby=\"caption-attachment-23766\" style=\"width: 640px\" class=\"wp-caption aligncenter\"><img decoding=\"async\" src=\"https:\/\/destinocastillayleon.es\/index\/wp-content\/uploads\/2016\/10\/1508f9ec9f1c382957ca41b3cec942c6.jpg\" alt=\"Ra\u00edces del Vino\" title=\"Ni\u00f1os visitando las colmenas de Mieles Montes de Valven\u00ed\" width=\"640\" height=\"480\" class=\"size-full wp-image-23766\" srcset=\"https:\/\/destinocastillayleon.es\/index\/wp-content\/uploads\/2016\/10\/1508f9ec9f1c382957ca41b3cec942c6.jpg 640w, https:\/\/destinocastillayleon.es\/index\/wp-content\/uploads\/2016\/10\/1508f9ec9f1c382957ca41b3cec942c6-300x225.jpg 300w\" sizes=\"(max-width: 640px) 100vw, 640px\" \/><figcaption id=\"caption-attachment-23766\" class=\"wp-caption-text\">Ni\u00f1os visitando las colmenas de Mieles Montes de Valven\u00ed<\/figcaption><\/figure>\n<h3><strong>Durante todo el evento<\/strong><\/h3>\n<p>Adicionalmente, la Ruta del Vino contar\u00e1 con un stand informativo, sobre la iniciativa Ra\u00edces del Vino, en el que se mostrar\u00e1n la planificaci\u00f3n y el desarrollo de este proyecto de conservaci\u00f3n y promoci\u00f3n de los barrios de bodegas; usando como referentes, el <a href=\"http:\/\/www.museosdelvino.es\/museos\/bodega-aula-de-interpretacion-de-mucientes\/\" rel=\"NoFollow\" target=\"_Blank\">Museo del Vino de Mucientes<\/a>, una Bodega-Aula de Interpretaci\u00f3n de los Vinos de Cigales y <a href=\"https:\/\/cigales.ayuntamientosdevalladolid.es\/el-municipio\/de-interes-turistico\/-\/asset_publisher\/VPVxqm8ZLz7W\/content\/str_turismo_175\" rel=\"noopener\" target=\"_blank\">la Bodega Tradicional Cigale\u00f1a<\/a>.<\/p>\n<p><font size=\"2\"><STRONG>Nota:<\/strong> Imagen de portada cortes\u00eda de <a href=\"https:\/\/es.wikipedia.org\/wiki\/Bodega_-_Aula_de_Interpretaci%C3%B3n_de_Mucientes\" rel=\"Nofollow\" rel=\"noopener\" target=\"_blank\">Wikipedia<\/a> sobre el Aula de interpretaci\u00f3n de los Vinos de Cigales<\/font><\/p>\n<h4>Tambi\u00e9n te puede interesar<\/h4>\n<ul>\n<li><a href=\"https:\/\/destinocastillayleon.es\/index\/10-planes-ninos-la-ruta-del-vino-cigales\/\"><u>10 planes para hacer con ni\u00f1os en la Ruta del Vino de Cigales<\/u><\/a>.<\/li>\n<li><a href=\"https:\/\/destinocastillayleon.es\/index\/ruta-del-vino-de-cigales\/\"><u>Un gran d\u00eda de enoturismo por la Ruta del Vino de Cigales, DestinoRVCigales<\/u><\/a>.<\/li>\n<li><a href=\"https:\/\/destinocastillayleon.es\/index\/10-actividades-para-celebrar-el-diadelenoturismo-en-castillayleon\/\"><u>10 actividades para celebrar el #DiaDelEnoturismo en Castilla y Le\u00f3n<\/u><\/a>.<\/li>\n<\/ul>\n","protected":false},"excerpt":{"rendered":"<p>Conoce la presencia de la Ruta del Vino de Cigales en el evento Bianual AR&#038;PA, donde dar\u00e1n a conocer entre otros, el proyecto Ra\u00edces del Vino, de recuperaci\u00f3n y promoci\u00f3n de los Barrios de Bodegas<\/p>\n","protected":false},"author":2,"featured_media":29145,"comment_status":"open","ping_status":"closed","sticky":false,"template":"","format":"standard","meta":{"rop_custom_images_group":[],"rop_custom_messages_group":[],"rop_publish_now":"initial","rop_publish_now_accounts":{"twitter_1150954226_1150954226":""},"rop_publish_now_history":[],"rop_publish_now_status":"pending","footnotes":""},"categories":[77,48,5511,68,26,4800,1411],"tags":[5692,537,5690,5691],"class_list":["post-29134","post","type-post","status-publish","format-standard","has-post-thumbnail","hentry","category-actualidad-y-agenda-de-castilla-y-leon","category-enoturismo","category-no-rescatar-en-rrss","category-post_inicial","category-valladolid","category-valladolid-actualidad","category-visitando_bodegas","tag-arpa","tag-enoturismo-en-valladolid","tag-raices-del-vino","tag-ruta-del-vino-de-cigales-en-arpa"],"yoast_head":"<!-- This site is optimized with the Yoast SEO Premium plugin v20.4 (Yoast SEO v27.4) - https:\/\/yoast.com\/product\/yoast-seo-premium-wordpress\/ -->\n<title>Ra\u00edces del Vino, una iniciativa para promover los barrios de bodegas<\/title>\n<meta name=\"description\" content=\"La Ruta del Vino de Cigales estar\u00e1 en AR&amp;PA, dando a conocer entre otros, el proyecto Ra\u00edces del Vino, de recuperaci\u00f3n y promoci\u00f3n de los Barrios de Bodegas\" \/>\n<meta name=\"robots\" content=\"index, follow, max-snippet:-1, max-image-preview:large, max-video-preview:-1\" \/>\n<link rel=\"canonical\" href=\"https:\/\/destinocastillayleon.es\/index\/raices-del-vino\/\" \/>\n<meta property=\"og:locale\" content=\"es_ES\" \/>\n<meta property=\"og:type\" content=\"article\" \/>\n<meta property=\"og:title\" content=\"Ra\u00edces del Vino, una iniciativa para promover los barrios de bodegas \u2013 Destino Castilla y Le\u00f3n\" \/>\n<meta property=\"og:description\" content=\"Conoce la presencia de la Ruta del Vino de Cigales en el evento Bianual AR&amp;PA, donde dar\u00e1n a conocer entre otros, el proyecto Ra\u00edces del Vino, de recuperaci\u00f3n y promoci\u00f3n de los Barrios de Bodegas\" \/>\n<meta property=\"og:url\" content=\"https:\/\/destinocastillayleon.es\/index\/raices-del-vino\/\" \/>\n<meta property=\"og:site_name\" content=\"Destino Castilla y Le\u00f3n\" \/>\n<meta property=\"article:publisher\" content=\"https:\/\/www.facebook.com\/DestinoCastillaYLeon\/\" \/>\n<meta property=\"article:author\" content=\"https:\/\/www.facebook.com\/profile.php?id=1158416854\" \/>\n<meta property=\"article:published_time\" content=\"2018-11-07T05:20:10+00:00\" \/>\n<meta property=\"og:image\" content=\"https:\/\/destinocastillayleon.es\/index\/wp-content\/uploads\/2017\/06\/ad8d236bf56a23d205ee2a87da33f36c.jpg\" \/>\n\t<meta property=\"og:image:width\" content=\"1161\" \/>\n\t<meta property=\"og:image:height\" content=\"774\" \/>\n\t<meta property=\"og:image:type\" content=\"image\/jpeg\" \/>\n<meta name=\"author\" content=\"David V\u00e1zquez\" \/>\n<meta name=\"twitter:card\" content=\"summary_large_image\" \/>\n<meta name=\"twitter:title\" content=\"Ra\u00edces del Vino, una iniciativa para promover los barrios de bodegas \u2013 Destino Castilla y Le\u00f3n\" \/>\n<meta name=\"twitter:description\" content=\"Conoce la presencia de la Ruta del Vino de Cigales en el evento Bianual AR&amp;PA, donde dar\u00e1n a conocer entre otros, el proyecto Ra\u00edces del Vino, de recuperaci\u00f3n y promoci\u00f3n de los Barrios de Bodegas\" \/>\n<meta name=\"twitter:image\" content=\"https:\/\/destinocastillayleon.es\/index\/wp-content\/uploads\/2017\/06\/ad8d236bf56a23d205ee2a87da33f36c.jpg\" \/>\n<meta name=\"twitter:creator\" content=\"@https:\/\/twitter.com\/ContePantaleone\u200e\" \/>\n<meta name=\"twitter:site\" content=\"@destinocyl\" \/>\n<meta name=\"twitter:label1\" content=\"Escrito por\" \/>\n\t<meta name=\"twitter:data1\" content=\"David V\u00e1zquez\" \/>\n\t<meta name=\"twitter:label2\" content=\"Tiempo de lectura\" \/>\n\t<meta name=\"twitter:data2\" content=\"6 minutos\" \/>\n<script type=\"application\/ld+json\" class=\"yoast-schema-graph\">{\"@context\":\"https:\\\/\\\/schema.org\",\"@graph\":[{\"@type\":\"Article\",\"@id\":\"https:\\\/\\\/destinocastillayleon.es\\\/index\\\/raices-del-vino\\\/#article\",\"isPartOf\":{\"@id\":\"https:\\\/\\\/destinocastillayleon.es\\\/index\\\/raices-del-vino\\\/\"},\"author\":{\"name\":\"David V\u00e1zquez\",\"@id\":\"https:\\\/\\\/destinocastillayleon.es\\\/index\\\/#\\\/schema\\\/person\\\/189221bc8f6cc4fa28b18ad5c289d4c2\"},\"headline\":\"Ra\u00edces del Vino, una iniciativa para promover los barrios de bodegas\",\"datePublished\":\"2018-11-07T05:20:10+00:00\",\"mainEntityOfPage\":{\"@id\":\"https:\\\/\\\/destinocastillayleon.es\\\/index\\\/raices-del-vino\\\/\"},\"wordCount\":1225,\"commentCount\":0,\"image\":{\"@id\":\"https:\\\/\\\/destinocastillayleon.es\\\/index\\\/raices-del-vino\\\/#primaryimage\"},\"thumbnailUrl\":\"https:\\\/\\\/destinocastillayleon.es\\\/index\\\/wp-content\\\/uploads\\\/2017\\\/06\\\/ad8d236bf56a23d205ee2a87da33f36c.jpg\",\"keywords\":[\"AR&amp;PA\",\"enoturismo en Valladolid\",\"Ra\u00edces del vino\",\"Ruta del vino de cigales en ARPA\"],\"articleSection\":[\"Actualidad\",\"enoturismo\",\"No rescatar en RRSS\",\"Post_inicial\",\"Valladolid\",\"Valladolid Actualidad\",\"Visitando Bodegas\"],\"inLanguage\":\"es\",\"potentialAction\":[{\"@type\":\"CommentAction\",\"name\":\"Comment\",\"target\":[\"https:\\\/\\\/destinocastillayleon.es\\\/index\\\/raices-del-vino\\\/#respond\"]}]},{\"@type\":\"WebPage\",\"@id\":\"https:\\\/\\\/destinocastillayleon.es\\\/index\\\/raices-del-vino\\\/\",\"url\":\"https:\\\/\\\/destinocastillayleon.es\\\/index\\\/raices-del-vino\\\/\",\"name\":\"Ra\u00edces del Vino, una iniciativa para promover los barrios de bodegas\",\"isPartOf\":{\"@id\":\"https:\\\/\\\/destinocastillayleon.es\\\/index\\\/#website\"},\"primaryImageOfPage\":{\"@id\":\"https:\\\/\\\/destinocastillayleon.es\\\/index\\\/raices-del-vino\\\/#primaryimage\"},\"image\":{\"@id\":\"https:\\\/\\\/destinocastillayleon.es\\\/index\\\/raices-del-vino\\\/#primaryimage\"},\"thumbnailUrl\":\"https:\\\/\\\/destinocastillayleon.es\\\/index\\\/wp-content\\\/uploads\\\/2017\\\/06\\\/ad8d236bf56a23d205ee2a87da33f36c.jpg\",\"datePublished\":\"2018-11-07T05:20:10+00:00\",\"author\":{\"@id\":\"https:\\\/\\\/destinocastillayleon.es\\\/index\\\/#\\\/schema\\\/person\\\/189221bc8f6cc4fa28b18ad5c289d4c2\"},\"description\":\"La Ruta del Vino de Cigales estar\u00e1 en AR&PA, dando a conocer entre otros, el proyecto Ra\u00edces del Vino, de recuperaci\u00f3n y promoci\u00f3n de los Barrios de Bodegas\",\"breadcrumb\":{\"@id\":\"https:\\\/\\\/destinocastillayleon.es\\\/index\\\/raices-del-vino\\\/#breadcrumb\"},\"inLanguage\":\"es\",\"potentialAction\":[{\"@type\":\"ReadAction\",\"target\":[\"https:\\\/\\\/destinocastillayleon.es\\\/index\\\/raices-del-vino\\\/\"]}]},{\"@type\":\"ImageObject\",\"inLanguage\":\"es\",\"@id\":\"https:\\\/\\\/destinocastillayleon.es\\\/index\\\/raices-del-vino\\\/#primaryimage\",\"url\":\"https:\\\/\\\/destinocastillayleon.es\\\/index\\\/wp-content\\\/uploads\\\/2017\\\/06\\\/ad8d236bf56a23d205ee2a87da33f36c.jpg\",\"contentUrl\":\"https:\\\/\\\/destinocastillayleon.es\\\/index\\\/wp-content\\\/uploads\\\/2017\\\/06\\\/ad8d236bf56a23d205ee2a87da33f36c.jpg\",\"width\":1161,\"height\":774,\"caption\":\"Entrada al Aula de Interpretaci\u00f3n de los Vinos de Cigales en Mucientes - Imagen de Wikipedia\"},{\"@type\":\"BreadcrumbList\",\"@id\":\"https:\\\/\\\/destinocastillayleon.es\\\/index\\\/raices-del-vino\\\/#breadcrumb\",\"itemListElement\":[{\"@type\":\"ListItem\",\"position\":1,\"name\":\"Portada\",\"item\":\"https:\\\/\\\/destinocastillayleon.es\\\/index\\\/\"},{\"@type\":\"ListItem\",\"position\":2,\"name\":\"Ra\u00edces del Vino, una iniciativa para promover los barrios de bodegas\"}]},{\"@type\":\"WebSite\",\"@id\":\"https:\\\/\\\/destinocastillayleon.es\\\/index\\\/#website\",\"url\":\"https:\\\/\\\/destinocastillayleon.es\\\/index\\\/\",\"name\":\"Destino Castilla y Le\u00f3n\",\"description\":\"Medio digital independiente y revista de Castilla y Le\u00f3n dedicado al turismo, gastronom\u00eda y vino de Castilla y Le\u00f3n\",\"potentialAction\":[{\"@type\":\"SearchAction\",\"target\":{\"@type\":\"EntryPoint\",\"urlTemplate\":\"https:\\\/\\\/destinocastillayleon.es\\\/index\\\/?s={search_term_string}\"},\"query-input\":{\"@type\":\"PropertyValueSpecification\",\"valueRequired\":true,\"valueName\":\"search_term_string\"}}],\"inLanguage\":\"es\"},{\"@type\":\"Person\",\"@id\":\"https:\\\/\\\/destinocastillayleon.es\\\/index\\\/#\\\/schema\\\/person\\\/189221bc8f6cc4fa28b18ad5c289d4c2\",\"name\":\"David V\u00e1zquez\",\"image\":{\"@type\":\"ImageObject\",\"inLanguage\":\"es\",\"@id\":\"https:\\\/\\\/secure.gravatar.com\\\/avatar\\\/cd12db6c575a90c3b75cfa0f794b74d425201c768612fad17e9f13cd33d48be8?s=96&d=mm&r=g\",\"url\":\"https:\\\/\\\/secure.gravatar.com\\\/avatar\\\/cd12db6c575a90c3b75cfa0f794b74d425201c768612fad17e9f13cd33d48be8?s=96&d=mm&r=g\",\"contentUrl\":\"https:\\\/\\\/secure.gravatar.com\\\/avatar\\\/cd12db6c575a90c3b75cfa0f794b74d425201c768612fad17e9f13cd33d48be8?s=96&d=mm&r=g\",\"caption\":\"David V\u00e1zquez\"},\"description\":\"Ingeniero Industrial de vocaci\u00f3n y profesi\u00f3n, he encontrado en los blogs la forma de plasmar mi pasi\u00f3n por los viajes, la gastronom\u00eda y los vinos. Especialmente los procedentes de Castilla y Le\u00f3n\",\"sameAs\":[\"https:\\\/\\\/www.destinocastillayleon.es\",\"https:\\\/\\\/www.facebook.com\\\/profile.php?id=1158416854\",\"https:\\\/\\\/instagram.com\\\/conte.pantaleone\",\"https:\\\/\\\/www.linkedin.com\\\/pub\\\/david-vazquez-lozano\\\/37\\\/17a\\\/25a\",\"https:\\\/\\\/x.com\\\/https:\\\/\\\/twitter.com\\\/ContePantaleone\u200e\"],\"url\":\"https:\\\/\\\/destinocastillayleon.es\\\/index\\\/author\\\/coadministradorcyl\\\/\"}]}<\/script>\n<!-- \/ Yoast SEO Premium plugin. -->","yoast_head_json":{"title":"Ra\u00edces del Vino, una iniciativa para promover los barrios de bodegas","description":"La Ruta del Vino de Cigales estar\u00e1 en AR&PA, dando a conocer entre otros, el proyecto Ra\u00edces del Vino, de recuperaci\u00f3n y promoci\u00f3n de los Barrios de Bodegas","robots":{"index":"index","follow":"follow","max-snippet":"max-snippet:-1","max-image-preview":"max-image-preview:large","max-video-preview":"max-video-preview:-1"},"canonical":"https:\/\/destinocastillayleon.es\/index\/raices-del-vino\/","og_locale":"es_ES","og_type":"article","og_title":"Ra\u00edces del Vino, una iniciativa para promover los barrios de bodegas \u2013 Destino Castilla y Le\u00f3n","og_description":"Conoce la presencia de la Ruta del Vino de Cigales en el evento Bianual AR&PA, donde dar\u00e1n a conocer entre otros, el proyecto Ra\u00edces del Vino, de recuperaci\u00f3n y promoci\u00f3n de los Barrios de Bodegas","og_url":"https:\/\/destinocastillayleon.es\/index\/raices-del-vino\/","og_site_name":"Destino Castilla y Le\u00f3n","article_publisher":"https:\/\/www.facebook.com\/DestinoCastillaYLeon\/","article_author":"https:\/\/www.facebook.com\/profile.php?id=1158416854","article_published_time":"2018-11-07T05:20:10+00:00","og_image":[{"width":1161,"height":774,"url":"https:\/\/destinocastillayleon.es\/index\/wp-content\/uploads\/2017\/06\/ad8d236bf56a23d205ee2a87da33f36c.jpg","type":"image\/jpeg"}],"author":"David V\u00e1zquez","twitter_card":"summary_large_image","twitter_title":"Ra\u00edces del Vino, una iniciativa para promover los barrios de bodegas \u2013 Destino Castilla y Le\u00f3n","twitter_description":"Conoce la presencia de la Ruta del Vino de Cigales en el evento Bianual AR&PA, donde dar\u00e1n a conocer entre otros, el proyecto Ra\u00edces del Vino, de recuperaci\u00f3n y promoci\u00f3n de los Barrios de Bodegas","twitter_image":"https:\/\/destinocastillayleon.es\/index\/wp-content\/uploads\/2017\/06\/ad8d236bf56a23d205ee2a87da33f36c.jpg","twitter_creator":"@https:\/\/twitter.com\/ContePantaleone\u200e","twitter_site":"@destinocyl","twitter_misc":{"Escrito por":"David V\u00e1zquez","Tiempo de lectura":"6 minutos"},"schema":{"@context":"https:\/\/schema.org","@graph":[{"@type":"Article","@id":"https:\/\/destinocastillayleon.es\/index\/raices-del-vino\/#article","isPartOf":{"@id":"https:\/\/destinocastillayleon.es\/index\/raices-del-vino\/"},"author":{"name":"David V\u00e1zquez","@id":"https:\/\/destinocastillayleon.es\/index\/#\/schema\/person\/189221bc8f6cc4fa28b18ad5c289d4c2"},"headline":"Ra\u00edces del Vino, una iniciativa para promover los barrios de bodegas","datePublished":"2018-11-07T05:20:10+00:00","mainEntityOfPage":{"@id":"https:\/\/destinocastillayleon.es\/index\/raices-del-vino\/"},"wordCount":1225,"commentCount":0,"image":{"@id":"https:\/\/destinocastillayleon.es\/index\/raices-del-vino\/#primaryimage"},"thumbnailUrl":"https:\/\/destinocastillayleon.es\/index\/wp-content\/uploads\/2017\/06\/ad8d236bf56a23d205ee2a87da33f36c.jpg","keywords":["AR&amp;PA","enoturismo en Valladolid","Ra\u00edces del vino","Ruta del vino de cigales en ARPA"],"articleSection":["Actualidad","enoturismo","No rescatar en RRSS","Post_inicial","Valladolid","Valladolid Actualidad","Visitando Bodegas"],"inLanguage":"es","potentialAction":[{"@type":"CommentAction","name":"Comment","target":["https:\/\/destinocastillayleon.es\/index\/raices-del-vino\/#respond"]}]},{"@type":"WebPage","@id":"https:\/\/destinocastillayleon.es\/index\/raices-del-vino\/","url":"https:\/\/destinocastillayleon.es\/index\/raices-del-vino\/","name":"Ra\u00edces del Vino, una iniciativa para promover los barrios de bodegas","isPartOf":{"@id":"https:\/\/destinocastillayleon.es\/index\/#website"},"primaryImageOfPage":{"@id":"https:\/\/destinocastillayleon.es\/index\/raices-del-vino\/#primaryimage"},"image":{"@id":"https:\/\/destinocastillayleon.es\/index\/raices-del-vino\/#primaryimage"},"thumbnailUrl":"https:\/\/destinocastillayleon.es\/index\/wp-content\/uploads\/2017\/06\/ad8d236bf56a23d205ee2a87da33f36c.jpg","datePublished":"2018-11-07T05:20:10+00:00","author":{"@id":"https:\/\/destinocastillayleon.es\/index\/#\/schema\/person\/189221bc8f6cc4fa28b18ad5c289d4c2"},"description":"La Ruta del Vino de Cigales estar\u00e1 en AR&PA, dando a conocer entre otros, el proyecto Ra\u00edces del Vino, de recuperaci\u00f3n y promoci\u00f3n de los Barrios de Bodegas","breadcrumb":{"@id":"https:\/\/destinocastillayleon.es\/index\/raices-del-vino\/#breadcrumb"},"inLanguage":"es","potentialAction":[{"@type":"ReadAction","target":["https:\/\/destinocastillayleon.es\/index\/raices-del-vino\/"]}]},{"@type":"ImageObject","inLanguage":"es","@id":"https:\/\/destinocastillayleon.es\/index\/raices-del-vino\/#primaryimage","url":"https:\/\/destinocastillayleon.es\/index\/wp-content\/uploads\/2017\/06\/ad8d236bf56a23d205ee2a87da33f36c.jpg","contentUrl":"https:\/\/destinocastillayleon.es\/index\/wp-content\/uploads\/2017\/06\/ad8d236bf56a23d205ee2a87da33f36c.jpg","width":1161,"height":774,"caption":"Entrada al Aula de Interpretaci\u00f3n de los Vinos de Cigales en Mucientes - Imagen de Wikipedia"},{"@type":"BreadcrumbList","@id":"https:\/\/destinocastillayleon.es\/index\/raices-del-vino\/#breadcrumb","itemListElement":[{"@type":"ListItem","position":1,"name":"Portada","item":"https:\/\/destinocastillayleon.es\/index\/"},{"@type":"ListItem","position":2,"name":"Ra\u00edces del Vino, una iniciativa para promover los barrios de bodegas"}]},{"@type":"WebSite","@id":"https:\/\/destinocastillayleon.es\/index\/#website","url":"https:\/\/destinocastillayleon.es\/index\/","name":"Destino Castilla y Le\u00f3n","description":"Medio digital independiente y revista de Castilla y Le\u00f3n dedicado al turismo, gastronom\u00eda y vino de Castilla y Le\u00f3n","potentialAction":[{"@type":"SearchAction","target":{"@type":"EntryPoint","urlTemplate":"https:\/\/destinocastillayleon.es\/index\/?s={search_term_string}"},"query-input":{"@type":"PropertyValueSpecification","valueRequired":true,"valueName":"search_term_string"}}],"inLanguage":"es"},{"@type":"Person","@id":"https:\/\/destinocastillayleon.es\/index\/#\/schema\/person\/189221bc8f6cc4fa28b18ad5c289d4c2","name":"David V\u00e1zquez","image":{"@type":"ImageObject","inLanguage":"es","@id":"https:\/\/secure.gravatar.com\/avatar\/cd12db6c575a90c3b75cfa0f794b74d425201c768612fad17e9f13cd33d48be8?s=96&d=mm&r=g","url":"https:\/\/secure.gravatar.com\/avatar\/cd12db6c575a90c3b75cfa0f794b74d425201c768612fad17e9f13cd33d48be8?s=96&d=mm&r=g","contentUrl":"https:\/\/secure.gravatar.com\/avatar\/cd12db6c575a90c3b75cfa0f794b74d425201c768612fad17e9f13cd33d48be8?s=96&d=mm&r=g","caption":"David V\u00e1zquez"},"description":"Ingeniero Industrial de vocaci\u00f3n y profesi\u00f3n, he encontrado en los blogs la forma de plasmar mi pasi\u00f3n por los viajes, la gastronom\u00eda y los vinos. Especialmente los procedentes de Castilla y Le\u00f3n","sameAs":["https:\/\/www.destinocastillayleon.es","https:\/\/www.facebook.com\/profile.php?id=1158416854","https:\/\/instagram.com\/conte.pantaleone","https:\/\/www.linkedin.com\/pub\/david-vazquez-lozano\/37\/17a\/25a","https:\/\/x.com\/https:\/\/twitter.com\/ContePantaleone\u200e"],"url":"https:\/\/destinocastillayleon.es\/index\/author\/coadministradorcyl\/"}]}},"_links":{"self":[{"href":"https:\/\/destinocastillayleon.es\/index\/wp-json\/wp\/v2\/posts\/29134","targetHints":{"allow":["GET"]}}],"collection":[{"href":"https:\/\/destinocastillayleon.es\/index\/wp-json\/wp\/v2\/posts"}],"about":[{"href":"https:\/\/destinocastillayleon.es\/index\/wp-json\/wp\/v2\/types\/post"}],"author":[{"embeddable":true,"href":"https:\/\/destinocastillayleon.es\/index\/wp-json\/wp\/v2\/users\/2"}],"replies":[{"embeddable":true,"href":"https:\/\/destinocastillayleon.es\/index\/wp-json\/wp\/v2\/comments?post=29134"}],"version-history":[{"count":10,"href":"https:\/\/destinocastillayleon.es\/index\/wp-json\/wp\/v2\/posts\/29134\/revisions"}],"predecessor-version":[{"id":29146,"href":"https:\/\/destinocastillayleon.es\/index\/wp-json\/wp\/v2\/posts\/29134\/revisions\/29146"}],"wp:featuredmedia":[{"embeddable":true,"href":"https:\/\/destinocastillayleon.es\/index\/wp-json\/wp\/v2\/media\/29145"}],"wp:attachment":[{"href":"https:\/\/destinocastillayleon.es\/index\/wp-json\/wp\/v2\/media?parent=29134"}],"wp:term":[{"taxonomy":"category","embeddable":true,"href":"https:\/\/destinocastillayleon.es\/index\/wp-json\/wp\/v2\/categories?post=29134"},{"taxonomy":"post_tag","embeddable":true,"href":"https:\/\/destinocastillayleon.es\/index\/wp-json\/wp\/v2\/tags?post=29134"}],"curies":[{"name":"wp","href":"https:\/\/api.w.org\/{rel}","templated":true}]}}