{"id":29022,"date":"2018-10-10T08:17:23","date_gmt":"2018-10-10T06:17:23","guid":{"rendered":"https:\/\/destinocastillayleon.es\/index\/?p=29022"},"modified":"2018-10-10T08:17:23","modified_gmt":"2018-10-10T06:17:23","slug":"i-feria-del-queso-zamorano","status":"publish","type":"post","link":"https:\/\/destinocastillayleon.es\/index\/i-feria-del-queso-zamorano\/","title":{"rendered":"I Feria del Queso Zamorano"},"content":{"rendered":"<p>Para los amantes del buen tapeo, especialmente si os gustan las tapas basadas en queso, desde el pasado d\u00eda 5 de octubre y <strong>hasta el domingo 14 de octubre, se celebrar\u00e1 la I Feria del Queso Zamorano<\/strong>; con creaciones centradas en tan excelente ingrediente.<\/p>\n<h2><strong>I Feria del Queso Zamorano<\/strong><\/h2>\n<p>Esta semana se est\u00e1 cumpliendo el XXV Aniversario de la aprobaci\u00f3n de la <a href=\"http:\/\/quesozamorano.com\/\" target=\"_Blank\" rel=\"NoFollow\">DO. Queso Zamorano<\/a>; con motivo de esta efem\u00e9ride, <strong>la Asociaci\u00f3n de Hosteleros de Zamora<\/strong>, <a href=\"http:\/\/www.azehos.com\/index.html\" target=\"_Blank\" rel=\"NoFollow\">Azehos<\/a>, est\u00e1 organizando esta I Feria del Queso Zamorano en diversos locales de la ciudad de Zamora; lo que suma un inter\u00e9s m\u00e1s, por <strong>hacer una escapada y visitar esta otra capital del Duero<\/strong>; porque como ya os comentamos, \u201c<a href=\"https:\/\/destinocastillayleon.es\/index\/guia-para-visitar-zamora\/\">Zamora, no se ve en una hora<\/a>\u201d.<\/p>\n<figure id=\"attachment_29031\" aria-describedby=\"caption-attachment-29031\" style=\"width: 401px\" class=\"wp-caption aligncenter\"><img decoding=\"async\" src=\"https:\/\/destinocastillayleon.es\/index\/wp-content\/uploads\/2017\/06\/Cartel-de-la-Feria-del-Queso-Zamorano.jpg\" alt=\"Cartel de la Feria del Queso Zamorano\" width=\"401\" height=\"562\" class=\"size-full wp-image-29031\" srcset=\"https:\/\/destinocastillayleon.es\/index\/wp-content\/uploads\/2017\/06\/Cartel-de-la-Feria-del-Queso-Zamorano.jpg 401w, https:\/\/destinocastillayleon.es\/index\/wp-content\/uploads\/2017\/06\/Cartel-de-la-Feria-del-Queso-Zamorano-214x300.jpg 214w\" sizes=\"(max-width: 401px) 100vw, 401px\" \/><figcaption id=\"caption-attachment-29031\" class=\"wp-caption-text\">Cartel de la Feria del Queso Zamorano<\/figcaption><\/figure>\n<p>El queso zamorano <strong>es una versi\u00f3n particular de los denominados quesos castellanos<\/strong>, basados en la fermentaci\u00f3n controlada del queso de ovejas de razas aut\u00f3ctonas; la churra y la castellana de Zamora.<\/p>\n<blockquote><p> El \u00abQueso Zamorano\u00bb es de tipo graso, elaborado con leche de ovejas de las razas Churra y Castellana y con una curaci\u00f3n m\u00ednima de cien d\u00edas.<\/p><\/blockquote>\n<h3><strong>Informaci\u00f3n de inter\u00e9s<\/strong><\/h3>\n<h4><strong>\u00bfCu\u00e1ndo se celebrar\u00e1?<\/strong><\/h4>\n<p>Ya ha empezado, y durar\u00e1 <strong>hasta el pr\u00f3ximo domingo 14 de octubre<\/strong>. <\/p>\n<h4><strong>\u00bfD\u00f3nde se celebrar\u00e1?<\/strong><\/h4>\n<p>Con motivo de esta feria, se creado <strong>una app donde se identifican todos los bares y restaurantes asociados a esta feria en Zamora<\/strong>, formando una ruta del tapeo. Tambi\u00e9n est\u00e1 recogida en el folleto descargable.<\/p>\n<p><a href=\"https:\/\/destinocastillayleon.es\/index\/wp-content\/uploads\/2017\/06\/e75385342c02a111f668f7055287ef74.jpg\" rel=\"noopener\" target=\"_blank\"><figure id=\"attachment_29030\" aria-describedby=\"caption-attachment-29030\" style=\"width: 640px\" class=\"wp-caption aligncenter\"><img decoding=\"async\" src=\"https:\/\/destinocastillayleon.es\/index\/wp-content\/uploads\/2017\/06\/780cf92e93ed3c9dfa90cae67167cc57.jpg\" alt=\"Listado de participantes en la I Feria del Queso Zamorano - Pulsa para abrir en grande - Destino Castilla y Le\u00f3n\" width=\"640\" height=\"232\" class=\"size-full wp-image-29030\" srcset=\"https:\/\/destinocastillayleon.es\/index\/wp-content\/uploads\/2017\/06\/780cf92e93ed3c9dfa90cae67167cc57.jpg 640w, https:\/\/destinocastillayleon.es\/index\/wp-content\/uploads\/2017\/06\/780cf92e93ed3c9dfa90cae67167cc57-300x109.jpg 300w\" sizes=\"(max-width: 640px) 100vw, 640px\" \/><figcaption id=\"caption-attachment-29030\" class=\"wp-caption-text\">Listado de participantes en la I Feria del Queso Zamorano &#8211; Pulsa para abrir en grande &#8211; Destino Castilla y Le\u00f3n<\/figcaption><\/figure><\/a><\/p>\n<h4><strong>\u00bfC\u00f3mo participa el p\u00fablico?<\/strong><\/h4>\n<p>En los bares o restaurantes participantes <strong>en el Concurso de Tapa de Queso Zamorano<\/strong>, se pide la tapa del concurso y una papeleta, donde habr\u00e1 que rellenar los datos correspondientes y depositarla en las urnas de cada establecimiento.<\/p>\n<p><strong>Entre el p\u00fablico participante se sortear\u00e1n diversos premios<\/strong> relacionados con Zamora, y por supuesto, piezas de queso, cortes\u00eda de la DO. Queso de Zamora. Y <strong>para el restaurante de la tapa m\u00e1s votada<\/strong>, recibir\u00e1 un trofeo del concurso.<\/p>\n<h4><strong>Premios entre los restauradores<\/strong><\/h4>\n<p>Adem\u00e1s del voto popular, los bares y restaurantes participantes <strong>tambi\u00e9n luchar\u00e1n con sus tapas por lograr ser la tapa m\u00e1s apreciada por el jurado profesional<\/strong> designado para la ocasi\u00f3n por la organizaci\u00f3n. <\/p>\n<figure id=\"attachment_29028\" aria-describedby=\"caption-attachment-29028\" style=\"width: 285px\" class=\"wp-caption aligncenter\"><img decoding=\"async\" src=\"https:\/\/destinocastillayleon.es\/index\/wp-content\/uploads\/2017\/06\/e8a75a5219cd66842996856d532d454f.jpg\" alt=\"Informaci\u00f3n del folleto de la Feria del Queso Zamorano - Destino Castilla y Le\u00f3n\" width=\"285\" height=\"197\" class=\"size-full wp-image-29028\" \/><figcaption id=\"caption-attachment-29028\" class=\"wp-caption-text\">Informaci\u00f3n del folleto de la Feria del Queso Zamorano &#8211; Destino Castilla y Le\u00f3n<\/figcaption><\/figure>\n<h3><strong>Otras cuestiones relacionadas<\/strong><\/h3>\n<p>Una de las partes m\u00e1s importantes de este concurso es que, adem\u00e1s de pretender <strong>fomentar la cultural del queso &#8216;porque en Zamora tiene una calidad inigualable&#8217;<\/strong>, tiene un componente social, ya que colabora con la segunda parte de la campa\u00f1a contra la violencia de g\u00e9nero del Ayuntamiento de Zamora, a trav\u00e9s del reparto de <strong>servilletas con mensajes sensibilizadores<\/strong> contra esta lacra social.<\/p>\n<p>Azehos recuerda que cualquier establecimiento, participante o no, asociado o no, puede acudir a la sede de la asociaci\u00f3n y pedir sus servilletas, <a href=\"https:\/\/goo.gl\/maps\/EQQsZ8gcC4T2\" rel=\"DoFollow\" target=\"_Blank\">ver en un mapa<\/a>.<\/p>\n<figure id=\"attachment_18469\" aria-describedby=\"caption-attachment-18469\" style=\"width: 640px\" class=\"wp-caption aligncenter\"><img decoding=\"async\" src=\"https:\/\/destinocastillayleon.es\/index\/wp-content\/uploads\/2015\/02\/Catedral-de-Zamora.jpg\" alt=\"Catedral de Zamora - Destino Castilla y Le\u00f3n\" width=\"640\" height=\"360\" class=\"size-full wp-image-18469\" srcset=\"https:\/\/destinocastillayleon.es\/index\/wp-content\/uploads\/2015\/02\/Catedral-de-Zamora.jpg 640w, https:\/\/destinocastillayleon.es\/index\/wp-content\/uploads\/2015\/02\/Catedral-de-Zamora-300x169.jpg 300w\" sizes=\"(max-width: 640px) 100vw, 640px\" \/><figcaption id=\"caption-attachment-18469\" class=\"wp-caption-text\">Catedral de Zamora &#8211; Destino Castilla y Le\u00f3n<\/figcaption><\/figure>\n<p>Y recuerda, si quieres disfrutar de todo lo que ofrece Zamora, necesitar\u00e1s m\u00e1s de un d\u00eda, as\u00ed que te recomendamos <a href=\"http:\/\/www.booking.com\/searchresults.es.html?city=-409113&#038;aid=1281624&#038;no_rooms=1&#038;group_adults=2&#038;group_children=1&#038;room1=A%2CA%2C12\" rel=\"noopener\" target=\"_blank\">los mejores hoteles en Zamora<\/a>.<\/p>\n<h4>Tambi\u00e9n te puede interesar<\/h4>\n<ul>\n<li><a href=\"https:\/\/destinocastillayleon.es\/index\/guia-para-visitar-zamora\/\">Gu\u00eda para visitar Zamora \u00a1No se ve en una hora!<a>.<\/li>\n<li><a href=\"https:\/\/destinocastillayleon.es\/index\/10-planes-para-disfrutar-el-otono-en-castilla-y-le\/\">10 planes para disfrutar del oto\u00f1o en Castilla y Le\u00f3n<a>.<\/li>\n<li><a href=\"https:\/\/destinocastillayleon.es\/index\/arroz-a-la-zamorana\/\">Receta de Arroz a la Zamorana<a>.<\/li>\n<li><a href=\"https:\/\/destinocastillayleon.es\/index\/el-centro-del-lobo\/\">El Centro del Lobo Ib\u00e9rico, un nuevo espacio para la biodiversidad en la Sierra de la Culebra<a>.<\/li>\n<li><a href=\"https:\/\/destinocastillayleon.es\/index\/estudio-sobre-gusto-de-quesos\/\">Conclusiones del estudio sobre gusto de quesos<\/a><\/li>\n<\/ul>\n","protected":false},"excerpt":{"rendered":"<p>En el XXV Aniversario de la DO Queso Zamorano, conoce la iniciativa llevada a cabo para la semana de 5 al 14 de octubre, la I Feria del Queso Zamorano<\/p>\n","protected":false},"author":2,"featured_media":29034,"comment_status":"open","ping_status":"closed","sticky":false,"template":"","format":"standard","meta":{"rop_custom_images_group":[],"rop_custom_messages_group":[],"rop_publish_now":"initial","rop_publish_now_accounts":{"twitter_1150954226_1150954226":""},"rop_publish_now_history":[],"rop_publish_now_status":"pending","footnotes":""},"categories":[1343,303,4477,5511,68,45,44,4802,4801],"tags":[5675,5676,5678,5677],"class_list":["post-29022","post","type-post","status-publish","format-standard","has-post-thumbnail","hentry","category-agenda","category-gastronomia","category-jornadas-gastronomicas","category-no-rescatar-en-rrss","category-post_inicial","category-provincias","category-zamora","category-zamora-actualidad","category-zamora-gastronomia","tag-concurso-de-tapa-de-queso-zamorano","tag-i-feria-del-queso-zamorano","tag-jornadas-gastronomicas-de-zamora","tag-quesos-de-zamora"],"yoast_head":"<!-- This site is optimized with the Yoast SEO Premium plugin v20.4 (Yoast SEO v27.4) - https:\/\/yoast.com\/product\/yoast-seo-premium-wordpress\/ -->\n<title>I Feria del Queso Zamorano - Destino Castilla y Le\u00f3n<\/title>\n<meta name=\"description\" content=\"En el XXV Aniversario de la DO Queso Zamorano, conoce la iniciativa llevada a cabo para la semana de 5 al 14 de octubre, la I Feria del Queso Zamorano\" \/>\n<meta name=\"robots\" content=\"index, follow, max-snippet:-1, max-image-preview:large, max-video-preview:-1\" \/>\n<link rel=\"canonical\" href=\"https:\/\/destinocastillayleon.es\/index\/i-feria-del-queso-zamorano\/\" \/>\n<meta property=\"og:locale\" content=\"es_ES\" \/>\n<meta property=\"og:type\" content=\"article\" \/>\n<meta property=\"og:title\" content=\"I Feria del Queso Zamorano \u2013 Destino Castilla y Le\u00f3n\" \/>\n<meta property=\"og:description\" content=\"En el XXV Aniversario de la DO Queso Zamorano, conoce la iniciativa llevada a cabo para la semana de 5 al 14 de octubre, la I Feria del Queso Zamorano\" \/>\n<meta property=\"og:url\" content=\"https:\/\/destinocastillayleon.es\/index\/i-feria-del-queso-zamorano\/\" \/>\n<meta property=\"og:site_name\" content=\"Destino Castilla y Le\u00f3n\" \/>\n<meta property=\"article:publisher\" content=\"https:\/\/www.facebook.com\/DestinoCastillaYLeon\/\" \/>\n<meta property=\"article:author\" content=\"https:\/\/www.facebook.com\/profile.php?id=1158416854\" \/>\n<meta property=\"article:published_time\" content=\"2018-10-10T06:17:23+00:00\" \/>\n<meta property=\"og:image\" content=\"https:\/\/destinocastillayleon.es\/index\/wp-content\/uploads\/2017\/06\/Queso-Zamorano-Imagen-de-Wikipedia.jpg\" \/>\n\t<meta property=\"og:image:width\" content=\"800\" \/>\n\t<meta property=\"og:image:height\" content=\"531\" \/>\n\t<meta property=\"og:image:type\" content=\"image\/jpeg\" \/>\n<meta name=\"author\" content=\"David V\u00e1zquez\" \/>\n<meta name=\"twitter:card\" content=\"summary_large_image\" \/>\n<meta name=\"twitter:title\" content=\"I Feria del Queso Zamorano \u2013 Destino Castilla y Le\u00f3n\" \/>\n<meta name=\"twitter:description\" content=\"En el XXV Aniversario de la DO Queso Zamorano, conoce la iniciativa llevada a cabo para la semana de 5 al 14 de octubre, la I Feria del Queso Zamorano\" \/>\n<meta name=\"twitter:image\" content=\"https:\/\/destinocastillayleon.es\/index\/wp-content\/uploads\/2017\/06\/Queso-Zamorano-Imagen-de-Wikipedia.jpg\" \/>\n<meta name=\"twitter:creator\" content=\"@https:\/\/twitter.com\/ContePantaleone\u200e\" \/>\n<meta name=\"twitter:site\" content=\"@destinocyl\" \/>\n<meta name=\"twitter:label1\" content=\"Escrito por\" \/>\n\t<meta name=\"twitter:data1\" content=\"David V\u00e1zquez\" \/>\n\t<meta name=\"twitter:label2\" content=\"Tiempo de lectura\" \/>\n\t<meta name=\"twitter:data2\" content=\"3 minutos\" \/>\n<script type=\"application\/ld+json\" class=\"yoast-schema-graph\">{\"@context\":\"https:\\\/\\\/schema.org\",\"@graph\":[{\"@type\":\"Article\",\"@id\":\"https:\\\/\\\/destinocastillayleon.es\\\/index\\\/i-feria-del-queso-zamorano\\\/#article\",\"isPartOf\":{\"@id\":\"https:\\\/\\\/destinocastillayleon.es\\\/index\\\/i-feria-del-queso-zamorano\\\/\"},\"author\":{\"name\":\"David V\u00e1zquez\",\"@id\":\"https:\\\/\\\/destinocastillayleon.es\\\/index\\\/#\\\/schema\\\/person\\\/189221bc8f6cc4fa28b18ad5c289d4c2\"},\"headline\":\"I Feria del Queso Zamorano\",\"datePublished\":\"2018-10-10T06:17:23+00:00\",\"mainEntityOfPage\":{\"@id\":\"https:\\\/\\\/destinocastillayleon.es\\\/index\\\/i-feria-del-queso-zamorano\\\/\"},\"wordCount\":649,\"commentCount\":0,\"image\":{\"@id\":\"https:\\\/\\\/destinocastillayleon.es\\\/index\\\/i-feria-del-queso-zamorano\\\/#primaryimage\"},\"thumbnailUrl\":\"https:\\\/\\\/destinocastillayleon.es\\\/index\\\/wp-content\\\/uploads\\\/2017\\\/06\\\/Queso-Zamorano-Imagen-de-Wikipedia.jpg\",\"keywords\":[\"Concurso de Tapa de Queso Zamorano\",\"I Feria del Queso Zamorano\",\"jornadas gastronomicas de zamora\",\"quesos de zamora\"],\"articleSection\":[\"Agenda\",\"Gastronomia\",\"jornadas gastron\u00f3micas\",\"No rescatar en RRSS\",\"Post_inicial\",\"Provincias\",\"Zamora\",\"Zamora Actualidad\",\"Zamora Gastronom\u00eda\"],\"inLanguage\":\"es\",\"potentialAction\":[{\"@type\":\"CommentAction\",\"name\":\"Comment\",\"target\":[\"https:\\\/\\\/destinocastillayleon.es\\\/index\\\/i-feria-del-queso-zamorano\\\/#respond\"]}]},{\"@type\":\"WebPage\",\"@id\":\"https:\\\/\\\/destinocastillayleon.es\\\/index\\\/i-feria-del-queso-zamorano\\\/\",\"url\":\"https:\\\/\\\/destinocastillayleon.es\\\/index\\\/i-feria-del-queso-zamorano\\\/\",\"name\":\"I Feria del Queso Zamorano - Destino Castilla y Le\u00f3n\",\"isPartOf\":{\"@id\":\"https:\\\/\\\/destinocastillayleon.es\\\/index\\\/#website\"},\"primaryImageOfPage\":{\"@id\":\"https:\\\/\\\/destinocastillayleon.es\\\/index\\\/i-feria-del-queso-zamorano\\\/#primaryimage\"},\"image\":{\"@id\":\"https:\\\/\\\/destinocastillayleon.es\\\/index\\\/i-feria-del-queso-zamorano\\\/#primaryimage\"},\"thumbnailUrl\":\"https:\\\/\\\/destinocastillayleon.es\\\/index\\\/wp-content\\\/uploads\\\/2017\\\/06\\\/Queso-Zamorano-Imagen-de-Wikipedia.jpg\",\"datePublished\":\"2018-10-10T06:17:23+00:00\",\"author\":{\"@id\":\"https:\\\/\\\/destinocastillayleon.es\\\/index\\\/#\\\/schema\\\/person\\\/189221bc8f6cc4fa28b18ad5c289d4c2\"},\"description\":\"En el XXV Aniversario de la DO Queso Zamorano, conoce la iniciativa llevada a cabo para la semana de 5 al 14 de octubre, la I Feria del Queso Zamorano\",\"breadcrumb\":{\"@id\":\"https:\\\/\\\/destinocastillayleon.es\\\/index\\\/i-feria-del-queso-zamorano\\\/#breadcrumb\"},\"inLanguage\":\"es\",\"potentialAction\":[{\"@type\":\"ReadAction\",\"target\":[\"https:\\\/\\\/destinocastillayleon.es\\\/index\\\/i-feria-del-queso-zamorano\\\/\"]}]},{\"@type\":\"ImageObject\",\"inLanguage\":\"es\",\"@id\":\"https:\\\/\\\/destinocastillayleon.es\\\/index\\\/i-feria-del-queso-zamorano\\\/#primaryimage\",\"url\":\"https:\\\/\\\/destinocastillayleon.es\\\/index\\\/wp-content\\\/uploads\\\/2017\\\/06\\\/Queso-Zamorano-Imagen-de-Wikipedia.jpg\",\"contentUrl\":\"https:\\\/\\\/destinocastillayleon.es\\\/index\\\/wp-content\\\/uploads\\\/2017\\\/06\\\/Queso-Zamorano-Imagen-de-Wikipedia.jpg\",\"width\":800,\"height\":531,\"caption\":\"Queso Zamorano - Imagen de Wikipedia\"},{\"@type\":\"BreadcrumbList\",\"@id\":\"https:\\\/\\\/destinocastillayleon.es\\\/index\\\/i-feria-del-queso-zamorano\\\/#breadcrumb\",\"itemListElement\":[{\"@type\":\"ListItem\",\"position\":1,\"name\":\"Portada\",\"item\":\"https:\\\/\\\/destinocastillayleon.es\\\/index\\\/\"},{\"@type\":\"ListItem\",\"position\":2,\"name\":\"I Feria del Queso Zamorano\"}]},{\"@type\":\"WebSite\",\"@id\":\"https:\\\/\\\/destinocastillayleon.es\\\/index\\\/#website\",\"url\":\"https:\\\/\\\/destinocastillayleon.es\\\/index\\\/\",\"name\":\"Destino Castilla y Le\u00f3n\",\"description\":\"Medio digital independiente y revista de Castilla y Le\u00f3n dedicado al turismo, gastronom\u00eda y vino de Castilla y Le\u00f3n\",\"potentialAction\":[{\"@type\":\"SearchAction\",\"target\":{\"@type\":\"EntryPoint\",\"urlTemplate\":\"https:\\\/\\\/destinocastillayleon.es\\\/index\\\/?s={search_term_string}\"},\"query-input\":{\"@type\":\"PropertyValueSpecification\",\"valueRequired\":true,\"valueName\":\"search_term_string\"}}],\"inLanguage\":\"es\"},{\"@type\":\"Person\",\"@id\":\"https:\\\/\\\/destinocastillayleon.es\\\/index\\\/#\\\/schema\\\/person\\\/189221bc8f6cc4fa28b18ad5c289d4c2\",\"name\":\"David V\u00e1zquez\",\"image\":{\"@type\":\"ImageObject\",\"inLanguage\":\"es\",\"@id\":\"https:\\\/\\\/secure.gravatar.com\\\/avatar\\\/cd12db6c575a90c3b75cfa0f794b74d425201c768612fad17e9f13cd33d48be8?s=96&d=mm&r=g\",\"url\":\"https:\\\/\\\/secure.gravatar.com\\\/avatar\\\/cd12db6c575a90c3b75cfa0f794b74d425201c768612fad17e9f13cd33d48be8?s=96&d=mm&r=g\",\"contentUrl\":\"https:\\\/\\\/secure.gravatar.com\\\/avatar\\\/cd12db6c575a90c3b75cfa0f794b74d425201c768612fad17e9f13cd33d48be8?s=96&d=mm&r=g\",\"caption\":\"David V\u00e1zquez\"},\"description\":\"Ingeniero Industrial de vocaci\u00f3n y profesi\u00f3n, he encontrado en los blogs la forma de plasmar mi pasi\u00f3n por los viajes, la gastronom\u00eda y los vinos. Especialmente los procedentes de Castilla y Le\u00f3n\",\"sameAs\":[\"https:\\\/\\\/www.destinocastillayleon.es\",\"https:\\\/\\\/www.facebook.com\\\/profile.php?id=1158416854\",\"https:\\\/\\\/instagram.com\\\/conte.pantaleone\",\"https:\\\/\\\/www.linkedin.com\\\/pub\\\/david-vazquez-lozano\\\/37\\\/17a\\\/25a\",\"https:\\\/\\\/x.com\\\/https:\\\/\\\/twitter.com\\\/ContePantaleone\u200e\"],\"url\":\"https:\\\/\\\/destinocastillayleon.es\\\/index\\\/author\\\/coadministradorcyl\\\/\"}]}<\/script>\n<!-- \/ Yoast SEO Premium plugin. -->","yoast_head_json":{"title":"I Feria del Queso Zamorano - Destino Castilla y Le\u00f3n","description":"En el XXV Aniversario de la DO Queso Zamorano, conoce la iniciativa llevada a cabo para la semana de 5 al 14 de octubre, la I Feria del Queso Zamorano","robots":{"index":"index","follow":"follow","max-snippet":"max-snippet:-1","max-image-preview":"max-image-preview:large","max-video-preview":"max-video-preview:-1"},"canonical":"https:\/\/destinocastillayleon.es\/index\/i-feria-del-queso-zamorano\/","og_locale":"es_ES","og_type":"article","og_title":"I Feria del Queso Zamorano \u2013 Destino Castilla y Le\u00f3n","og_description":"En el XXV Aniversario de la DO Queso Zamorano, conoce la iniciativa llevada a cabo para la semana de 5 al 14 de octubre, la I Feria del Queso Zamorano","og_url":"https:\/\/destinocastillayleon.es\/index\/i-feria-del-queso-zamorano\/","og_site_name":"Destino Castilla y Le\u00f3n","article_publisher":"https:\/\/www.facebook.com\/DestinoCastillaYLeon\/","article_author":"https:\/\/www.facebook.com\/profile.php?id=1158416854","article_published_time":"2018-10-10T06:17:23+00:00","og_image":[{"width":800,"height":531,"url":"https:\/\/destinocastillayleon.es\/index\/wp-content\/uploads\/2017\/06\/Queso-Zamorano-Imagen-de-Wikipedia.jpg","type":"image\/jpeg"}],"author":"David V\u00e1zquez","twitter_card":"summary_large_image","twitter_title":"I Feria del Queso Zamorano \u2013 Destino Castilla y Le\u00f3n","twitter_description":"En el XXV Aniversario de la DO Queso Zamorano, conoce la iniciativa llevada a cabo para la semana de 5 al 14 de octubre, la I Feria del Queso Zamorano","twitter_image":"https:\/\/destinocastillayleon.es\/index\/wp-content\/uploads\/2017\/06\/Queso-Zamorano-Imagen-de-Wikipedia.jpg","twitter_creator":"@https:\/\/twitter.com\/ContePantaleone\u200e","twitter_site":"@destinocyl","twitter_misc":{"Escrito por":"David V\u00e1zquez","Tiempo de lectura":"3 minutos"},"schema":{"@context":"https:\/\/schema.org","@graph":[{"@type":"Article","@id":"https:\/\/destinocastillayleon.es\/index\/i-feria-del-queso-zamorano\/#article","isPartOf":{"@id":"https:\/\/destinocastillayleon.es\/index\/i-feria-del-queso-zamorano\/"},"author":{"name":"David V\u00e1zquez","@id":"https:\/\/destinocastillayleon.es\/index\/#\/schema\/person\/189221bc8f6cc4fa28b18ad5c289d4c2"},"headline":"I Feria del Queso Zamorano","datePublished":"2018-10-10T06:17:23+00:00","mainEntityOfPage":{"@id":"https:\/\/destinocastillayleon.es\/index\/i-feria-del-queso-zamorano\/"},"wordCount":649,"commentCount":0,"image":{"@id":"https:\/\/destinocastillayleon.es\/index\/i-feria-del-queso-zamorano\/#primaryimage"},"thumbnailUrl":"https:\/\/destinocastillayleon.es\/index\/wp-content\/uploads\/2017\/06\/Queso-Zamorano-Imagen-de-Wikipedia.jpg","keywords":["Concurso de Tapa de Queso Zamorano","I Feria del Queso Zamorano","jornadas gastronomicas de zamora","quesos de zamora"],"articleSection":["Agenda","Gastronomia","jornadas gastron\u00f3micas","No rescatar en RRSS","Post_inicial","Provincias","Zamora","Zamora Actualidad","Zamora Gastronom\u00eda"],"inLanguage":"es","potentialAction":[{"@type":"CommentAction","name":"Comment","target":["https:\/\/destinocastillayleon.es\/index\/i-feria-del-queso-zamorano\/#respond"]}]},{"@type":"WebPage","@id":"https:\/\/destinocastillayleon.es\/index\/i-feria-del-queso-zamorano\/","url":"https:\/\/destinocastillayleon.es\/index\/i-feria-del-queso-zamorano\/","name":"I Feria del Queso Zamorano - Destino Castilla y Le\u00f3n","isPartOf":{"@id":"https:\/\/destinocastillayleon.es\/index\/#website"},"primaryImageOfPage":{"@id":"https:\/\/destinocastillayleon.es\/index\/i-feria-del-queso-zamorano\/#primaryimage"},"image":{"@id":"https:\/\/destinocastillayleon.es\/index\/i-feria-del-queso-zamorano\/#primaryimage"},"thumbnailUrl":"https:\/\/destinocastillayleon.es\/index\/wp-content\/uploads\/2017\/06\/Queso-Zamorano-Imagen-de-Wikipedia.jpg","datePublished":"2018-10-10T06:17:23+00:00","author":{"@id":"https:\/\/destinocastillayleon.es\/index\/#\/schema\/person\/189221bc8f6cc4fa28b18ad5c289d4c2"},"description":"En el XXV Aniversario de la DO Queso Zamorano, conoce la iniciativa llevada a cabo para la semana de 5 al 14 de octubre, la I Feria del Queso Zamorano","breadcrumb":{"@id":"https:\/\/destinocastillayleon.es\/index\/i-feria-del-queso-zamorano\/#breadcrumb"},"inLanguage":"es","potentialAction":[{"@type":"ReadAction","target":["https:\/\/destinocastillayleon.es\/index\/i-feria-del-queso-zamorano\/"]}]},{"@type":"ImageObject","inLanguage":"es","@id":"https:\/\/destinocastillayleon.es\/index\/i-feria-del-queso-zamorano\/#primaryimage","url":"https:\/\/destinocastillayleon.es\/index\/wp-content\/uploads\/2017\/06\/Queso-Zamorano-Imagen-de-Wikipedia.jpg","contentUrl":"https:\/\/destinocastillayleon.es\/index\/wp-content\/uploads\/2017\/06\/Queso-Zamorano-Imagen-de-Wikipedia.jpg","width":800,"height":531,"caption":"Queso Zamorano - Imagen de Wikipedia"},{"@type":"BreadcrumbList","@id":"https:\/\/destinocastillayleon.es\/index\/i-feria-del-queso-zamorano\/#breadcrumb","itemListElement":[{"@type":"ListItem","position":1,"name":"Portada","item":"https:\/\/destinocastillayleon.es\/index\/"},{"@type":"ListItem","position":2,"name":"I Feria del Queso Zamorano"}]},{"@type":"WebSite","@id":"https:\/\/destinocastillayleon.es\/index\/#website","url":"https:\/\/destinocastillayleon.es\/index\/","name":"Destino Castilla y Le\u00f3n","description":"Medio digital independiente y revista de Castilla y Le\u00f3n dedicado al turismo, gastronom\u00eda y vino de Castilla y Le\u00f3n","potentialAction":[{"@type":"SearchAction","target":{"@type":"EntryPoint","urlTemplate":"https:\/\/destinocastillayleon.es\/index\/?s={search_term_string}"},"query-input":{"@type":"PropertyValueSpecification","valueRequired":true,"valueName":"search_term_string"}}],"inLanguage":"es"},{"@type":"Person","@id":"https:\/\/destinocastillayleon.es\/index\/#\/schema\/person\/189221bc8f6cc4fa28b18ad5c289d4c2","name":"David V\u00e1zquez","image":{"@type":"ImageObject","inLanguage":"es","@id":"https:\/\/secure.gravatar.com\/avatar\/cd12db6c575a90c3b75cfa0f794b74d425201c768612fad17e9f13cd33d48be8?s=96&d=mm&r=g","url":"https:\/\/secure.gravatar.com\/avatar\/cd12db6c575a90c3b75cfa0f794b74d425201c768612fad17e9f13cd33d48be8?s=96&d=mm&r=g","contentUrl":"https:\/\/secure.gravatar.com\/avatar\/cd12db6c575a90c3b75cfa0f794b74d425201c768612fad17e9f13cd33d48be8?s=96&d=mm&r=g","caption":"David V\u00e1zquez"},"description":"Ingeniero Industrial de vocaci\u00f3n y profesi\u00f3n, he encontrado en los blogs la forma de plasmar mi pasi\u00f3n por los viajes, la gastronom\u00eda y los vinos. Especialmente los procedentes de Castilla y Le\u00f3n","sameAs":["https:\/\/www.destinocastillayleon.es","https:\/\/www.facebook.com\/profile.php?id=1158416854","https:\/\/instagram.com\/conte.pantaleone","https:\/\/www.linkedin.com\/pub\/david-vazquez-lozano\/37\/17a\/25a","https:\/\/x.com\/https:\/\/twitter.com\/ContePantaleone\u200e"],"url":"https:\/\/destinocastillayleon.es\/index\/author\/coadministradorcyl\/"}]}},"_links":{"self":[{"href":"https:\/\/destinocastillayleon.es\/index\/wp-json\/wp\/v2\/posts\/29022","targetHints":{"allow":["GET"]}}],"collection":[{"href":"https:\/\/destinocastillayleon.es\/index\/wp-json\/wp\/v2\/posts"}],"about":[{"href":"https:\/\/destinocastillayleon.es\/index\/wp-json\/wp\/v2\/types\/post"}],"author":[{"embeddable":true,"href":"https:\/\/destinocastillayleon.es\/index\/wp-json\/wp\/v2\/users\/2"}],"replies":[{"embeddable":true,"href":"https:\/\/destinocastillayleon.es\/index\/wp-json\/wp\/v2\/comments?post=29022"}],"version-history":[{"count":11,"href":"https:\/\/destinocastillayleon.es\/index\/wp-json\/wp\/v2\/posts\/29022\/revisions"}],"predecessor-version":[{"id":29039,"href":"https:\/\/destinocastillayleon.es\/index\/wp-json\/wp\/v2\/posts\/29022\/revisions\/29039"}],"wp:featuredmedia":[{"embeddable":true,"href":"https:\/\/destinocastillayleon.es\/index\/wp-json\/wp\/v2\/media\/29034"}],"wp:attachment":[{"href":"https:\/\/destinocastillayleon.es\/index\/wp-json\/wp\/v2\/media?parent=29022"}],"wp:term":[{"taxonomy":"category","embeddable":true,"href":"https:\/\/destinocastillayleon.es\/index\/wp-json\/wp\/v2\/categories?post=29022"},{"taxonomy":"post_tag","embeddable":true,"href":"https:\/\/destinocastillayleon.es\/index\/wp-json\/wp\/v2\/tags?post=29022"}],"curies":[{"name":"wp","href":"https:\/\/api.w.org\/{rel}","templated":true}]}}