{"id":28516,"date":"2019-08-07T05:00:23","date_gmt":"2019-08-07T03:00:23","guid":{"rendered":"http:\/\/destinocastillayleon.es\/index\/?p=28516"},"modified":"2022-07-11T09:39:45","modified_gmt":"2022-07-11T07:39:45","slug":"cronicon-2019","status":"publish","type":"post","link":"https:\/\/destinocastillayleon.es\/index\/cronicon-2019\/","title":{"rendered":"El Cronic\u00f3n 2019 de O\u00f1a, un espect\u00e1culo de luz y sonido para viajar a otra \u00e9poca"},"content":{"rendered":"<p>Como a\u00f1os anteriores, del 14 al 18 de agosto, <strong>en la Iglesia del Monasterio de San Salvador de O\u00f1a<\/strong>, en las <a href=\"http:\/\/destinocastillayleon.es\/index\/turismo-en-la-mancomunidad-raices-de-castilla\/\">Merindades de Burgos<\/a>, rememora su historia, que es parte de la historia de Castilla y Le\u00f3n. Este a\u00f1o, en su <strong>XXXII Edici\u00f3n del Cronic\u00f3n 2019 de O\u00f1a<\/strong>; evento declarado <strong>de Inter\u00e9s Tur\u00edstico Regional<\/strong>.<\/p>\n<h3><strong>Historia del Cronic\u00f3n de O\u00f1a<\/strong><\/h3>\n<p><strong>Desde hace ya 33 a\u00f1os<\/strong>, los vecinos de la localidad burgalesa de <a href=\"http:\/\/destinocastillayleon.es\/index\/visita-turistica-a-ona\/\">O\u00f1a<\/a>, representan <strong>diferentes pasajes de la historia del Conde Sancho Garcia de Castilla<\/strong>; en un formato ameno y did\u00e1ctico, que permite conocer hechos hist\u00f3ricos y redescubrir a algunos de los personajes que marcaron nuestro pasado, con sus historias y leyendas.<\/p>\n<p><a href=\"http:\/\/herodotohistoriant.blogspot.com\/\" rel=\"noopener noreferrer\" target=\"_blank\"> <figure id=\"attachment_28521\" aria-describedby=\"caption-attachment-28521\" style=\"width: 398px\" class=\"wp-caption aligncenter\"><img decoding=\"async\" src=\"http:\/\/destinocastillayleon.es\/index\/wp-content\/uploads\/2017\/06\/2756d9e25f341befbb6faafffdef5cbd.jpg\" alt=\"Sancho Garc\u00e9s, a la puerta del Monasterio de O\u00f1a, que mand\u00f3 fundar - Imagen de Tras las huellas de Herodoto\" width=\"398\" height=\"531\" class=\"size-full wp-image-28521\" srcset=\"https:\/\/destinocastillayleon.es\/index\/wp-content\/uploads\/2017\/06\/2756d9e25f341befbb6faafffdef5cbd.jpg 398w, https:\/\/destinocastillayleon.es\/index\/wp-content\/uploads\/2017\/06\/2756d9e25f341befbb6faafffdef5cbd-225x300.jpg 225w, https:\/\/destinocastillayleon.es\/index\/wp-content\/uploads\/2017\/06\/2756d9e25f341befbb6faafffdef5cbd-768x1024.jpg 768w\" sizes=\"(max-width: 398px) 100vw, 398px\" \/><figcaption id=\"caption-attachment-28521\" class=\"wp-caption-text\">Sancho Garc\u00eda, a la puerta del Monasterio de O\u00f1a, que mand\u00f3 fundar &#8211; Imagen de Tras las huellas de Herodoto<\/figcaption><\/figure><\/a><\/p>\n<p>La trama de la representaci\u00f3n discurre entorno a la figura del <a href=\"https:\/\/es.wikipedia.org\/wiki\/Sancho_Garc%C3%ADa\" rel=\"nofollow noopener noreferrer\" target=\"_blank\">Conde Sancho Garcia<\/a>, hijo de Garci Fernandez y nieto de Fern\u00e1n Gonzalez. Sancho, trata de estabilizar un territorio, creando un orden entorno al condado de Castilla.<\/p>\n<blockquote><p><strong>El momento principal, es la fundaci\u00f3n del <a href=\"http:\/\/www.monasteriodeo\u00f1a.com\/\" target=\"_Blank\" rel=\"nofollow noopener noreferrer\">Monasterio de San Salvador de O\u00f1a<\/a> en el a\u00f1o 1011<\/strong>, monasterio que servir\u00e1 como Pante\u00f3n condal y Pante\u00f3n real de los reyes de Castilla.<\/p><\/blockquote>\n<p>Tras este importante momento de la historia, <strong>entran en escena los regios personajes, enterrados en el coro de la iglesia de este monasterio<\/strong>. As\u00ed, nos van contando su historia.<\/p>\n<h4><strong>Novedades del Cronic\u00f3n 2019<\/strong><\/h4>\n<p>El inici\u00f3 de la representaci\u00f3n se llevar\u00e1 a cabo <strong>desde la impresionante escalinata de la iglesia del monasterio<\/strong>; es decir, al aire libre. <\/p>\n<p><a href=\"http:\/\/www.elcorreodeburgos.com\/\" rel=\"noopener noreferrer\" target=\"_blank\"><figure id=\"attachment_28522\" aria-describedby=\"caption-attachment-28522\" style=\"width: 640px\" class=\"wp-caption aligncenter\"><img decoding=\"async\" src=\"http:\/\/destinocastillayleon.es\/index\/wp-content\/uploads\/2017\/06\/de93521c32a230fed0b8d45413438521.jpg\" alt=\"Personajes del Cronic\u00f3n de O\u00f1a esperando a la puerta de la Iglesia - Imagen de El Correo de Burgos\" width=\"640\" height=\"400\" class=\"size-full wp-image-28522\" srcset=\"https:\/\/destinocastillayleon.es\/index\/wp-content\/uploads\/2017\/06\/de93521c32a230fed0b8d45413438521.jpg 640w, https:\/\/destinocastillayleon.es\/index\/wp-content\/uploads\/2017\/06\/de93521c32a230fed0b8d45413438521-300x188.jpg 300w\" sizes=\"(max-width: 640px) 100vw, 640px\" \/><figcaption id=\"caption-attachment-28522\" class=\"wp-caption-text\">Personajes del Cronic\u00f3n de O\u00f1a esperando a la puerta de la Iglesia &#8211; Imagen de El Correo de Burgos<\/figcaption><\/figure><\/a><\/p>\n<p>Nuevamente se recrear\u00e1 el fallecimiento de Sancho Garc\u00eda en 1017, el fundador del monasterio; y su posterior traslado al interior del mismo, donde recibe cristiana sepultura, inaugurando el Pante\u00f3n condal. Esto supone un trabajo de <strong>renovaci\u00f3n y mejora de gran cantidad de vestuario y tocados y capas para los actores<\/strong>. Y a nivel t\u00e9cnico, mejoras en los escenarios, m\u00e1s modernos para dar mayor dinamismo a la historia.<\/p>\n<p>En esta edici\u00f3n, <strong>se ha incluido un nuevo acontecimiento de suma relevancia para nuestra historia<\/strong>, y es el hecho ocurrido <strong>en 1028 en la ciudad de Le\u00f3n, donde es asesinado el \u00faltimo Conde de Castilla, Garc\u00eda S\u00e1nchez<\/strong>, el d\u00eda que iba a casarse con la infanta Sancha de Le\u00f3n. Este hecho precipit\u00f3 que Sancho Garc\u00e9s III de Pamplona, \u00abel Mayor\u00bb, gobernar\u00e1 Castilla, como <strong>consorte de Muniadona S\u00e1nchez de Castilla, hermana del fallecido y Condesa de Castilla<\/strong>. El hijo de ambos, Fernando I, ser\u00e1 rey de Le\u00f3n y Conde de Castilla, aunque tambi\u00e9n se le considera primer rey de Castilla. <\/p>\n<p>&nbsp;<\/p>\n<h2><strong>La experiencia de la XXXII Edici\u00f3n del Cronic\u00f3n 2019<\/strong><\/h2>\n<p>Si ya de por s\u00ed, O\u00f1a y su monasterio merecen una visita; eso s\u00ed junto a <a href=\"http:\/\/destinocastillayleon.es\/index\/visita-turistica-a-frias\/\">Fr\u00edas<\/a>, que recientemente ha celebrado su <a href=\"http:\/\/destinocastillayleon.es\/index\/fiesta-del-capitan-de-frias\/\">Fiesta del Capit\u00e1n<\/a> y <a href=\"http:\/\/destinocastillayleon.es\/index\/poza-de-la-sal\/\">Poza de la Sal<\/a>, en lo que forman la <a href=\"http:\/\/destinocastillayleon.es\/index\/turismo-en-la-mancomunidad-raices-de-castilla\/\"><strong>Mancomunidad Ra\u00edces de Castilla<\/strong><\/a>, durante estos d\u00edas, <strong> del 14 al 18 de agosto<\/strong> es todav\u00eda m\u00e1s recomendable.<\/p>\n<p>El espect\u00e1culo, pese a ser organizado por los vecinos de O\u00f1a, agrupados en torno a la <strong>Asociaci\u00f3n Cultural \u201cEl Cronic\u00f3n de O\u00f1a\u201d<\/strong> y un reducido equipo de profesionales de la escena, que <strong>cuidan de los detalles de la luz y el sonido, es todo un festival de primera categor\u00eda<\/strong>.<\/p>\n<p>Desde sus inicios <strong>han logrado numerosos premios y reconocimientos<\/strong>, como Premio Martinillos de Oro \u00abValores Culturales\u00bb, reconocimiento \u00abAmigos del Teatro de Valladolid\u00bb 2005; premio \u00abValores Culturales\u00bb Canal 4 televisi\u00f3n 2008, Fiesta de Inter\u00e9s Tur\u00edstico Regional y premio Serondaya a la Innovaci\u00f3n Cultural 2016.<\/p>\n<figure id=\"attachment_22098\" aria-describedby=\"caption-attachment-22098\" style=\"width: 640px\" class=\"wp-caption aligncenter\"><img decoding=\"async\" src=\"http:\/\/destinocastillayleon.es\/index\/wp-content\/uploads\/2016\/02\/a06f98d732463d955f8230d525854c5b.jpg\" alt=\"Cronic\u00f3n 2019\" title=\"El Cronic\u00f3n de O\u00f1a - Destino Castilla y Le\u00f3n\" width=\"640\" height=\"400\" class=\"size-full wp-image-22098\" srcset=\"https:\/\/destinocastillayleon.es\/index\/wp-content\/uploads\/2016\/02\/a06f98d732463d955f8230d525854c5b.jpg 640w, https:\/\/destinocastillayleon.es\/index\/wp-content\/uploads\/2016\/02\/a06f98d732463d955f8230d525854c5b-300x188.jpg 300w\" sizes=\"(max-width: 640px) 100vw, 640px\" \/><figcaption id=\"caption-attachment-22098\" class=\"wp-caption-text\">El Cronic\u00f3n de O\u00f1a &#8211; Imagen cortes\u00eda de El Diario de Burgos<br \/><\/figcaption><\/figure>\n<blockquote><p>En escena, y representados es una escrupulosa fidelidad y gracias al escenario, que es un inigualable patrimonio hist\u00f3rico-art\u00edstico, es \u00fanico.<\/p><\/blockquote>\n<h2><strong>Informaci\u00f3n de inter\u00e9s<\/strong><\/h2>\n<p>Desde el a\u00f1o pasado, el Cronic\u00f3n 2019 disfruta del privilegio de estar <strong>declarado evento de inter\u00e9s Tur\u00edstico Regional<\/strong>. Y como cada a\u00f1o, enseguida <strong>se acaban las 3000 localidades puestas a la venta<\/strong> para disfrutar de este magn\u00edfico espect\u00e1culo.<br \/>\n&nbsp;<\/p>\n<h3><strong>Horario y fechas del espect\u00e1culo<\/strong><\/h3>\n<ul>Recordamos, las representaciones ser\u00e1n <strong>del 14 al 18 de agosto<\/strong>, en el interior de la <strong>Iglesia Abacial del Monasterio de San Salvador<\/strong>, con<strong> una escena en el exterior<\/strong>.<\/p>\n<p>El espect\u00e1culo <strong>se inicia a 22:00 horas, aunque habr\u00e1 que estar a las 21:30 para ver el previo<\/strong>, en exteriores.<\/ul>\n<p><figure id=\"attachment_23024\" aria-describedby=\"caption-attachment-23024\" style=\"width: 640px\" class=\"wp-caption aligncenter\"><img decoding=\"async\" src=\"http:\/\/destinocastillayleon.es\/index\/wp-content\/uploads\/2016\/07\/74e89e4749ffb3d2c6d4fa6265dfb5ee.jpg\" alt=\"Monasterio de San Salvador de O\u00f1a - Destino Castilla y Le\u00f3n\" width=\"640\" height=\"400\" class=\"size-full wp-image-23024\" srcset=\"https:\/\/destinocastillayleon.es\/index\/wp-content\/uploads\/2016\/07\/74e89e4749ffb3d2c6d4fa6265dfb5ee.jpg 640w, https:\/\/destinocastillayleon.es\/index\/wp-content\/uploads\/2016\/07\/74e89e4749ffb3d2c6d4fa6265dfb5ee-300x188.jpg 300w\" sizes=\"(max-width: 640px) 100vw, 640px\" \/><figcaption id=\"caption-attachment-23024\" class=\"wp-caption-text\">Monasterio de San Salvador de O\u00f1a &#8211; Destino Castilla y Le\u00f3n<\/figcaption><\/figure><br \/>\n&nbsp;<\/p>\n<h3><strong>Compra de localidades<\/strong><\/h3>\n<ul>Las entradas se pueden adquirir en la web <a href=\"https:\/\/www.elcronicondeona.com\/venta-de-entradas\/\" target=\"_Blank\" rel=\"nofollow noopener noreferrer\"><strong><u>elcronicondeona.com<\/u><\/strong><\/a>. Aunque tambi\u00e9n en el tel\u00e9fono de taquilla <strong>+34 947 300 477<\/strong> o en +34 628 35 85 62.<\/ul>\n<p>&nbsp;<\/p>\n<h3><strong>Informaci\u00f3n de inter\u00e9s de O\u00f1a<\/strong><\/h3>\n<h4><strong>C\u00f3mo llegar a O\u00f1a<\/strong><\/h4>\n<ul><a href=\"https:\/\/goo.gl\/maps\/sFCbLCBZcdF2\" rel=\"nofollow noopener noreferrer\" target=\"_blank\"><u>O\u00f1a<\/u><\/a> se encuentra en <a href=\"http:\/\/destinocastillayleon.es\/index\/visitar-las-merindades\/\"><u>las Merindades de Burgos<\/u><\/a>. La mejor forma de llegar a O\u00f1a, es a trav\u00e9s de la <strong>Nacional N232<\/strong>. Existe otra carretera, pero no la recomendamos.<\/ul>\n<p><center><img decoding=\"async\" src=\"http:\/\/destinocastillayleon.es\/index\/wp-content\/uploads\/2016\/07\/9802861c0b36bfbf0d5350270349b4ee2.jpg\" alt=\"Portada de O\u00f1a - Destino Castilla y Le\u00f3n\" width=\"640\" class=\"size-full wp-image-23040\" srcset=\"https:\/\/destinocastillayleon.es\/index\/wp-content\/uploads\/2016\/07\/9802861c0b36bfbf0d5350270349b4ee2.jpg 850w, https:\/\/destinocastillayleon.es\/index\/wp-content\/uploads\/2016\/07\/9802861c0b36bfbf0d5350270349b4ee2-300x116.jpg 300w\" sizes=\"(max-width: 850px) 100vw, 850px\" \/><\/center><br \/>\n&nbsp;<\/p>\n<h4><strong>D\u00f3nde dormir en O\u00f1a<\/strong><\/h4>\n<ul>Aunque esta recreaci\u00f3n hist\u00f3rica del Cronic\u00f3n 2019 es un d\u00eda, la zona es de una gran belleza, tal y como te contamos en diversas entradas relacionadas. <strong>Merece quedarse varios d\u00edas y disfrutar de todas las cosas interesantes que ofrece la comarca de las Merindades<\/strong>.<\/p>\n<figure id=\"attachment_22859\" aria-describedby=\"caption-attachment-22859\" style=\"width: 640px\" class=\"wp-caption aligncenter\"><img decoding=\"async\" src=\"http:\/\/destinocastillayleon.es\/index\/wp-content\/uploads\/2016\/06\/579ac4236aa649afc37741f81f5cf37b.jpg\" alt=\"Cronic\u00f3n 2019\" title=\"O\u00f1a, poblaci\u00f3n de la Mancomunidad de Ra\u00edces de Castilla - Destino Castilla y Le\u00f3n\" width=\"640\" height=\"428\" class=\"size-full wp-image-22859\" srcset=\"https:\/\/destinocastillayleon.es\/index\/wp-content\/uploads\/2016\/06\/579ac4236aa649afc37741f81f5cf37b.jpg 640w, https:\/\/destinocastillayleon.es\/index\/wp-content\/uploads\/2016\/06\/579ac4236aa649afc37741f81f5cf37b-300x201.jpg 300w\" sizes=\"(max-width: 640px) 100vw, 640px\" \/><figcaption id=\"caption-attachment-22859\" class=\"wp-caption-text\">O\u00f1a, poblaci\u00f3n de la Mancomunidad de Ra\u00edces de Castilla &#8211; Destino Castilla y Le\u00f3n<\/figcaption><\/figure>\n<p>Especialmente, si no eres de una poblaci\u00f3n pr\u00f3xima, <strong>el Cronic\u00f3n termina tarde<\/strong>, por lo que se hace interesante <a href=\"http:\/\/www.booking.com\/searchresults.es.html?city=-394531&#038;aid=1281624&#038;no_rooms=1&#038;group_adults=2&#038;group_children=1&#038;room1=A%2CA%2C12\" target=\"_blank\" rel=\"noopener noreferrer\"><strong><u>hacer noche en O\u00f1a<\/u><\/strong><\/a>, o en pueblos pr\u00f3ximos, como <a href=\"http:\/\/www.booking.com\/searchresults.es.html?city=-383016&#038;aid=1281624&#038;no_rooms=1&#038;group_adults=2&#038;group_children=1&#038;room1=A%2CA%2C12\" target=\"_blank\" rel=\"noopener noreferrer\"><u>Fr\u00edas<\/u><\/a>, <a href=\"http:\/\/www.booking.com\/searchresults.es.html?city=-397363&#038;aid=1281624&#038;no_rooms=1&#038;group_adults=2&#038;group_children=1&#038;room1=A%2CA%2C12\" target=\"_blank\" rel=\"noopener noreferrer\"><u>Poza de la Sal<\/u><\/a>, <a href=\"http:\/\/www.booking.com\/searchresults.es.html?city=-391730&#038;aid=1281624&#038;no_rooms=1&#038;group_adults=2&#038;group_children=1&#038;room1=A%2CA%2C12\" target=\"_blank\" rel=\"noopener noreferrer\"><u>Medina de Pomar<\/u><\/a> o <a href=\"http:\/\/www.booking.com\/searchresults.es.html?city=-374187&#038;aid=1281624&#038;no_rooms=1&#038;group_adults=2&#038;group_children=1&#038;room1=A%2CA%2C12\" target=\"_blank\" rel=\"noopener noreferrer\"><u>Briviesca<\/u><\/a>.<\/ul>\n<ul>Nosotros nos hemos alojado en <a href=\"http:\/\/www.booking.com\/searchresults.es.html?city=-394531&#038;aid=1281624&#038;no_rooms=1&#038;group_adults=2&#038;group_children=1&#038;room1=A%2CA%2C12\" target=\"_Blank\" rel=\"noopener noreferrer\"><strong><u>Hotel el Rinc\u00f3n del Convento<\/u><\/strong><\/a>, y nuestra experiencia fue fant\u00e1stica, ya que se est\u00e1 en pleno centro de O\u00f1a.<\/ul>\n<p>&nbsp;<\/p>\n<h4><strong>D\u00f3nde comer en O\u00f1a<\/strong><\/h4>\n<ul><strong>Existen varios buenos lugares en O\u00f1a donde comer<\/strong>, aunque os vamos a recomendar un restaurante que nos gust\u00f3 mucho. <strong>Se trata del <a href=\"https:\/\/lamesadelconde.es\/restaurante-blanco-y-negro-de-ona\/\" target=\"_Blank\" rel=\"noopener noreferrer\"><u>Restaurante Blanco y Negro<\/u><\/a><\/strong>. Una de las visitas a este restaurante la hicimos junto a los compa\u00f1eros de <em>A Tavola con il Conte<\/em>. Puedes conocer la experiencia en su gastroblog.<\/ul>\n<p><figure id=\"attachment_28531\" aria-describedby=\"caption-attachment-28531\" style=\"width: 640px\" class=\"wp-caption aligncenter\"><img decoding=\"async\" src=\"http:\/\/destinocastillayleon.es\/index\/wp-content\/uploads\/2017\/06\/efc3a1b681bbce8ea5f0efd63b6bb91a.jpg\" alt=\"Platos del Restaurante Blanco y Negro de O\u00f1a - Im\u00e1genes de A Tavola con il Conte\" width=\"640\" height=\"410\" class=\"size-full wp-image-28531\" srcset=\"https:\/\/destinocastillayleon.es\/index\/wp-content\/uploads\/2017\/06\/efc3a1b681bbce8ea5f0efd63b6bb91a.jpg 640w, https:\/\/destinocastillayleon.es\/index\/wp-content\/uploads\/2017\/06\/efc3a1b681bbce8ea5f0efd63b6bb91a-300x192.jpg 300w\" sizes=\"(max-width: 640px) 100vw, 640px\" \/><figcaption id=\"caption-attachment-28531\" class=\"wp-caption-text\">Platos del Restaurante Blanco y Negro de O\u00f1a &#8211; Im\u00e1genes de La mesa del Conde<\/figcaption><\/figure><br \/>\n&nbsp;<br \/>\n&nbsp;<br \/>\nY como pod\u00e9is comprobar, <strong>no solo es el Cronic\u00f3n 2019, es toda una poblaci\u00f3n y una comarca la que te est\u00e1n esperando para disfrutar de unos d\u00edas inolvidables<\/strong>, en una zona privilegiada de nuestra comunidad.<\/p>\n<p>Y t\u00fa, \u00bfya conoces O\u00f1a? <strong>\u00bfAlguna vez has estado visitando esta localidad durante la celebraci\u00f3n del Cronic\u00f3n?<\/strong> Cu\u00e9ntanos tu experiencia, \u00bfqu\u00e9 fue lo que m\u00e1s te gust\u00f3?<\/p>\n<p><font size=\"2\"><strong>Nota<\/strong>: Imagen de portada perteneciente a la organizaci\u00f3n del Cronic\u00f3n 2019 de O\u00f1a<\/font><br \/>\n&nbsp;<\/p>\n<h4>Tambi\u00e9n te puede interesar<\/h4>\n<ul>\n<li><a href=\"http:\/\/destinocastillayleon.es\/index\/visita-turistica-a-ona\/\"><u>Conoce qu\u00e9 ver en O\u00f1a<\/u><\/a>.<\/li>\n<li><a href=\"http:\/\/destinocastillayleon.es\/index\/visita-turistica-a-frias\/\"><u>Conoce qu\u00e9 ver en Fr\u00edas<\/u><\/a>.<\/li>\n<li><a href=\"http:\/\/destinocastillayleon.es\/index\/poza-de-la-sal\/\"><u>Conoce qu\u00e9 ver en Poza de la Sal<\/u><\/a>.<\/li>\n<li><a href=\"http:\/\/destinocastillayleon.es\/index\/turismo-en-la-mancomunidad-raices-de-castilla\/\"><u>Disfruta de la Mancomunidad de Ra\u00edces de Castilla<\/u><\/a>.<\/li>\n<li><a href=\"http:\/\/destinocastillayleon.es\/index\/visitar-las-merindades\/\"><u>Te damos 10 razones para visitar la comarca de las Merindades de Burgos<\/u><\/a>.<\/li>\n<\/ul>\n","protected":false},"excerpt":{"rendered":"<p>Recreaci\u00f3n hist\u00f3rica en O\u00f1a, el Cronic\u00f3n 2018; del 10 al 14 de agosto; un espect\u00e1culo de luz y sonido para viajar a la edad media en uno de los pueblos m\u00e1s bonitos de Castilla y Le\u00f3n<\/p>\n","protected":false},"author":2,"featured_media":28533,"comment_status":"open","ping_status":"closed","sticky":false,"template":"","format":"standard","meta":{"rop_custom_images_group":[],"rop_custom_messages_group":[],"rop_publish_now":"initial","rop_publish_now_accounts":{"twitter_1150954226_1150954226":""},"rop_publish_now_history":[],"rop_publish_now_status":"pending","footnotes":""},"categories":[1343,43,4720,5511,68,45],"tags":[5007,5632,5633,5631],"class_list":["post-28516","post","type-post","status-publish","format-standard","has-post-thumbnail","hentry","category-agenda","category-burgos","category-burgos-actualidad","category-no-rescatar-en-rrss","category-post_inicial","category-provincias","tag-cronicon-de-ona","tag-monasterio-de-ona","tag-que-hacer-en-merindades","tag-recreacion-historica-de-ona"],"yoast_head":"<!-- This site is optimized with the Yoast SEO Premium plugin v20.4 (Yoast SEO v27.4) - https:\/\/yoast.com\/product\/yoast-seo-premium-wordpress\/ -->\n<title>El Cronic\u00f3n 2019 de O\u00f1a, un espect\u00e1culo de luz, sonido e historia<\/title>\n<meta name=\"description\" content=\"Recreaci\u00f3n hist\u00f3rica en O\u00f1a, el Cronic\u00f3n 2019; del 14 al 18 de agosto; un espect\u00e1culo de luz y sonido para viajar a la edad media\" \/>\n<meta name=\"robots\" content=\"index, follow, max-snippet:-1, max-image-preview:large, max-video-preview:-1\" \/>\n<link rel=\"canonical\" href=\"https:\/\/destinocastillayleon.es\/index\/cronicon-2019\/\" \/>\n<meta property=\"og:locale\" content=\"es_ES\" \/>\n<meta property=\"og:type\" content=\"article\" \/>\n<meta property=\"og:title\" content=\"El Cronic\u00f3n 2019 de O\u00f1a, un espect\u00e1culo de luz y sonido para viajar a otra \u00e9poca \u2013 Destino Castilla y Le\u00f3n\" \/>\n<meta property=\"og:description\" content=\"Recreaci\u00f3n hist\u00f3rica en O\u00f1a, el Cronic\u00f3n 2019; del 14 al 18 de agosto; un espect\u00e1culo de luz y sonido para viajar a la edad media en uno de los pueblos m\u00e1s bonitos de Castilla y Le\u00f3n\" \/>\n<meta property=\"og:url\" content=\"https:\/\/destinocastillayleon.es\/index\/cronicon-2019\/\" \/>\n<meta property=\"og:site_name\" content=\"Destino Castilla y Le\u00f3n\" \/>\n<meta property=\"article:publisher\" content=\"https:\/\/www.facebook.com\/DestinoCastillaYLeon\/\" \/>\n<meta property=\"article:author\" content=\"https:\/\/www.facebook.com\/profile.php?id=1158416854\" \/>\n<meta property=\"article:published_time\" content=\"2019-08-07T03:00:23+00:00\" \/>\n<meta property=\"article:modified_time\" content=\"2022-07-11T07:39:45+00:00\" \/>\n<meta property=\"og:image\" content=\"https:\/\/destinocastillayleon.es\/index\/wp-content\/uploads\/2017\/06\/3c795d2c3d2d5935079ef8a363316b8b.jpg\" \/>\n\t<meta property=\"og:image:width\" content=\"987\" \/>\n\t<meta property=\"og:image:height\" content=\"617\" \/>\n\t<meta property=\"og:image:type\" content=\"image\/jpeg\" \/>\n<meta name=\"author\" content=\"David V\u00e1zquez\" \/>\n<meta name=\"twitter:card\" content=\"summary_large_image\" \/>\n<meta name=\"twitter:title\" content=\"El Cronic\u00f3n 2019 de O\u00f1a, un espect\u00e1culo de luz y sonido para viajar a otra \u00e9poca \u2013 Destino Castilla y Le\u00f3n\" \/>\n<meta name=\"twitter:description\" content=\"Recreaci\u00f3n hist\u00f3rica en O\u00f1a, el Cronic\u00f3n 2019; del 14 al 18 de agosto; un espect\u00e1culo de luz y sonido para viajar a la edad media en uno de los pueblos m\u00e1s bonitos de Castilla y Le\u00f3n\" \/>\n<meta name=\"twitter:image\" content=\"http:\/\/destinocastillayleon.es\/index\/wp-content\/uploads\/2017\/06\/3c795d2c3d2d5935079ef8a363316b8b.jpg\" \/>\n<meta name=\"twitter:creator\" content=\"@https:\/\/twitter.com\/ContePantaleone\u200e\" \/>\n<meta name=\"twitter:site\" content=\"@destinocyl\" \/>\n<meta name=\"twitter:label1\" content=\"Escrito por\" \/>\n\t<meta name=\"twitter:data1\" content=\"David V\u00e1zquez\" \/>\n\t<meta name=\"twitter:label2\" content=\"Tiempo de lectura\" \/>\n\t<meta name=\"twitter:data2\" content=\"6 minutos\" \/>\n<script type=\"application\/ld+json\" class=\"yoast-schema-graph\">{\"@context\":\"https:\\\/\\\/schema.org\",\"@graph\":[{\"@type\":\"Article\",\"@id\":\"https:\\\/\\\/destinocastillayleon.es\\\/index\\\/cronicon-2019\\\/#article\",\"isPartOf\":{\"@id\":\"https:\\\/\\\/destinocastillayleon.es\\\/index\\\/cronicon-2019\\\/\"},\"author\":{\"name\":\"David V\u00e1zquez\",\"@id\":\"https:\\\/\\\/destinocastillayleon.es\\\/index\\\/#\\\/schema\\\/person\\\/189221bc8f6cc4fa28b18ad5c289d4c2\"},\"headline\":\"El Cronic\u00f3n 2019 de O\u00f1a, un espect\u00e1culo de luz y sonido para viajar a otra \u00e9poca\",\"datePublished\":\"2019-08-07T03:00:23+00:00\",\"dateModified\":\"2022-07-11T07:39:45+00:00\",\"mainEntityOfPage\":{\"@id\":\"https:\\\/\\\/destinocastillayleon.es\\\/index\\\/cronicon-2019\\\/\"},\"wordCount\":1287,\"commentCount\":0,\"image\":{\"@id\":\"https:\\\/\\\/destinocastillayleon.es\\\/index\\\/cronicon-2019\\\/#primaryimage\"},\"thumbnailUrl\":\"https:\\\/\\\/destinocastillayleon.es\\\/index\\\/wp-content\\\/uploads\\\/2017\\\/06\\\/3c795d2c3d2d5935079ef8a363316b8b.jpg\",\"keywords\":[\"cronic\u00f3n de O\u00f1a\",\"Monasterio de O\u00f1a\",\"Que hacer en Merindades\",\"recreaci\u00f3n hist\u00f3rica de O\u00f1a\"],\"articleSection\":[\"Agenda\",\"Burgos\",\"burgos actualidad\",\"No rescatar en RRSS\",\"Post_inicial\",\"Provincias\"],\"inLanguage\":\"es\",\"potentialAction\":[{\"@type\":\"CommentAction\",\"name\":\"Comment\",\"target\":[\"https:\\\/\\\/destinocastillayleon.es\\\/index\\\/cronicon-2019\\\/#respond\"]}]},{\"@type\":\"WebPage\",\"@id\":\"https:\\\/\\\/destinocastillayleon.es\\\/index\\\/cronicon-2019\\\/\",\"url\":\"https:\\\/\\\/destinocastillayleon.es\\\/index\\\/cronicon-2019\\\/\",\"name\":\"El Cronic\u00f3n 2019 de O\u00f1a, un espect\u00e1culo de luz, sonido e historia\",\"isPartOf\":{\"@id\":\"https:\\\/\\\/destinocastillayleon.es\\\/index\\\/#website\"},\"primaryImageOfPage\":{\"@id\":\"https:\\\/\\\/destinocastillayleon.es\\\/index\\\/cronicon-2019\\\/#primaryimage\"},\"image\":{\"@id\":\"https:\\\/\\\/destinocastillayleon.es\\\/index\\\/cronicon-2019\\\/#primaryimage\"},\"thumbnailUrl\":\"https:\\\/\\\/destinocastillayleon.es\\\/index\\\/wp-content\\\/uploads\\\/2017\\\/06\\\/3c795d2c3d2d5935079ef8a363316b8b.jpg\",\"datePublished\":\"2019-08-07T03:00:23+00:00\",\"dateModified\":\"2022-07-11T07:39:45+00:00\",\"author\":{\"@id\":\"https:\\\/\\\/destinocastillayleon.es\\\/index\\\/#\\\/schema\\\/person\\\/189221bc8f6cc4fa28b18ad5c289d4c2\"},\"description\":\"Recreaci\u00f3n hist\u00f3rica en O\u00f1a, el Cronic\u00f3n 2019; del 14 al 18 de agosto; un espect\u00e1culo de luz y sonido para viajar a la edad media\",\"breadcrumb\":{\"@id\":\"https:\\\/\\\/destinocastillayleon.es\\\/index\\\/cronicon-2019\\\/#breadcrumb\"},\"inLanguage\":\"es\",\"potentialAction\":[{\"@type\":\"ReadAction\",\"target\":[\"https:\\\/\\\/destinocastillayleon.es\\\/index\\\/cronicon-2019\\\/\"]}]},{\"@type\":\"ImageObject\",\"inLanguage\":\"es\",\"@id\":\"https:\\\/\\\/destinocastillayleon.es\\\/index\\\/cronicon-2019\\\/#primaryimage\",\"url\":\"https:\\\/\\\/destinocastillayleon.es\\\/index\\\/wp-content\\\/uploads\\\/2017\\\/06\\\/3c795d2c3d2d5935079ef8a363316b8b.jpg\",\"contentUrl\":\"https:\\\/\\\/destinocastillayleon.es\\\/index\\\/wp-content\\\/uploads\\\/2017\\\/06\\\/3c795d2c3d2d5935079ef8a363316b8b.jpg\",\"width\":987,\"height\":617,\"caption\":\"Cartel del Cronic\u00f3n 2018 - Imagen de la organizaci\u00f3n\"},{\"@type\":\"BreadcrumbList\",\"@id\":\"https:\\\/\\\/destinocastillayleon.es\\\/index\\\/cronicon-2019\\\/#breadcrumb\",\"itemListElement\":[{\"@type\":\"ListItem\",\"position\":1,\"name\":\"Portada\",\"item\":\"https:\\\/\\\/destinocastillayleon.es\\\/index\\\/\"},{\"@type\":\"ListItem\",\"position\":2,\"name\":\"El Cronic\u00f3n 2019 de O\u00f1a, un espect\u00e1culo de luz y sonido para viajar a otra \u00e9poca\"}]},{\"@type\":\"WebSite\",\"@id\":\"https:\\\/\\\/destinocastillayleon.es\\\/index\\\/#website\",\"url\":\"https:\\\/\\\/destinocastillayleon.es\\\/index\\\/\",\"name\":\"Destino Castilla y Le\u00f3n\",\"description\":\"Medio digital independiente y revista de Castilla y Le\u00f3n dedicado al turismo, gastronom\u00eda y vino de Castilla y Le\u00f3n\",\"potentialAction\":[{\"@type\":\"SearchAction\",\"target\":{\"@type\":\"EntryPoint\",\"urlTemplate\":\"https:\\\/\\\/destinocastillayleon.es\\\/index\\\/?s={search_term_string}\"},\"query-input\":{\"@type\":\"PropertyValueSpecification\",\"valueRequired\":true,\"valueName\":\"search_term_string\"}}],\"inLanguage\":\"es\"},{\"@type\":\"Person\",\"@id\":\"https:\\\/\\\/destinocastillayleon.es\\\/index\\\/#\\\/schema\\\/person\\\/189221bc8f6cc4fa28b18ad5c289d4c2\",\"name\":\"David V\u00e1zquez\",\"image\":{\"@type\":\"ImageObject\",\"inLanguage\":\"es\",\"@id\":\"https:\\\/\\\/secure.gravatar.com\\\/avatar\\\/cd12db6c575a90c3b75cfa0f794b74d425201c768612fad17e9f13cd33d48be8?s=96&d=mm&r=g\",\"url\":\"https:\\\/\\\/secure.gravatar.com\\\/avatar\\\/cd12db6c575a90c3b75cfa0f794b74d425201c768612fad17e9f13cd33d48be8?s=96&d=mm&r=g\",\"contentUrl\":\"https:\\\/\\\/secure.gravatar.com\\\/avatar\\\/cd12db6c575a90c3b75cfa0f794b74d425201c768612fad17e9f13cd33d48be8?s=96&d=mm&r=g\",\"caption\":\"David V\u00e1zquez\"},\"description\":\"Ingeniero Industrial de vocaci\u00f3n y profesi\u00f3n, he encontrado en los blogs la forma de plasmar mi pasi\u00f3n por los viajes, la gastronom\u00eda y los vinos. Especialmente los procedentes de Castilla y Le\u00f3n\",\"sameAs\":[\"https:\\\/\\\/www.destinocastillayleon.es\",\"https:\\\/\\\/www.facebook.com\\\/profile.php?id=1158416854\",\"https:\\\/\\\/instagram.com\\\/conte.pantaleone\",\"https:\\\/\\\/www.linkedin.com\\\/pub\\\/david-vazquez-lozano\\\/37\\\/17a\\\/25a\",\"https:\\\/\\\/x.com\\\/https:\\\/\\\/twitter.com\\\/ContePantaleone\u200e\"],\"url\":\"https:\\\/\\\/destinocastillayleon.es\\\/index\\\/author\\\/coadministradorcyl\\\/\"}]}<\/script>\n<!-- \/ Yoast SEO Premium plugin. -->","yoast_head_json":{"title":"El Cronic\u00f3n 2019 de O\u00f1a, un espect\u00e1culo de luz, sonido e historia","description":"Recreaci\u00f3n hist\u00f3rica en O\u00f1a, el Cronic\u00f3n 2019; del 14 al 18 de agosto; un espect\u00e1culo de luz y sonido para viajar a la edad media","robots":{"index":"index","follow":"follow","max-snippet":"max-snippet:-1","max-image-preview":"max-image-preview:large","max-video-preview":"max-video-preview:-1"},"canonical":"https:\/\/destinocastillayleon.es\/index\/cronicon-2019\/","og_locale":"es_ES","og_type":"article","og_title":"El Cronic\u00f3n 2019 de O\u00f1a, un espect\u00e1culo de luz y sonido para viajar a otra \u00e9poca \u2013 Destino Castilla y Le\u00f3n","og_description":"Recreaci\u00f3n hist\u00f3rica en O\u00f1a, el Cronic\u00f3n 2019; del 14 al 18 de agosto; un espect\u00e1culo de luz y sonido para viajar a la edad media en uno de los pueblos m\u00e1s bonitos de Castilla y Le\u00f3n","og_url":"https:\/\/destinocastillayleon.es\/index\/cronicon-2019\/","og_site_name":"Destino Castilla y Le\u00f3n","article_publisher":"https:\/\/www.facebook.com\/DestinoCastillaYLeon\/","article_author":"https:\/\/www.facebook.com\/profile.php?id=1158416854","article_published_time":"2019-08-07T03:00:23+00:00","article_modified_time":"2022-07-11T07:39:45+00:00","og_image":[{"width":987,"height":617,"url":"https:\/\/destinocastillayleon.es\/index\/wp-content\/uploads\/2017\/06\/3c795d2c3d2d5935079ef8a363316b8b.jpg","type":"image\/jpeg"}],"author":"David V\u00e1zquez","twitter_card":"summary_large_image","twitter_title":"El Cronic\u00f3n 2019 de O\u00f1a, un espect\u00e1culo de luz y sonido para viajar a otra \u00e9poca \u2013 Destino Castilla y Le\u00f3n","twitter_description":"Recreaci\u00f3n hist\u00f3rica en O\u00f1a, el Cronic\u00f3n 2019; del 14 al 18 de agosto; un espect\u00e1culo de luz y sonido para viajar a la edad media en uno de los pueblos m\u00e1s bonitos de Castilla y Le\u00f3n","twitter_image":"http:\/\/destinocastillayleon.es\/index\/wp-content\/uploads\/2017\/06\/3c795d2c3d2d5935079ef8a363316b8b.jpg","twitter_creator":"@https:\/\/twitter.com\/ContePantaleone\u200e","twitter_site":"@destinocyl","twitter_misc":{"Escrito por":"David V\u00e1zquez","Tiempo de lectura":"6 minutos"},"schema":{"@context":"https:\/\/schema.org","@graph":[{"@type":"Article","@id":"https:\/\/destinocastillayleon.es\/index\/cronicon-2019\/#article","isPartOf":{"@id":"https:\/\/destinocastillayleon.es\/index\/cronicon-2019\/"},"author":{"name":"David V\u00e1zquez","@id":"https:\/\/destinocastillayleon.es\/index\/#\/schema\/person\/189221bc8f6cc4fa28b18ad5c289d4c2"},"headline":"El Cronic\u00f3n 2019 de O\u00f1a, un espect\u00e1culo de luz y sonido para viajar a otra \u00e9poca","datePublished":"2019-08-07T03:00:23+00:00","dateModified":"2022-07-11T07:39:45+00:00","mainEntityOfPage":{"@id":"https:\/\/destinocastillayleon.es\/index\/cronicon-2019\/"},"wordCount":1287,"commentCount":0,"image":{"@id":"https:\/\/destinocastillayleon.es\/index\/cronicon-2019\/#primaryimage"},"thumbnailUrl":"https:\/\/destinocastillayleon.es\/index\/wp-content\/uploads\/2017\/06\/3c795d2c3d2d5935079ef8a363316b8b.jpg","keywords":["cronic\u00f3n de O\u00f1a","Monasterio de O\u00f1a","Que hacer en Merindades","recreaci\u00f3n hist\u00f3rica de O\u00f1a"],"articleSection":["Agenda","Burgos","burgos actualidad","No rescatar en RRSS","Post_inicial","Provincias"],"inLanguage":"es","potentialAction":[{"@type":"CommentAction","name":"Comment","target":["https:\/\/destinocastillayleon.es\/index\/cronicon-2019\/#respond"]}]},{"@type":"WebPage","@id":"https:\/\/destinocastillayleon.es\/index\/cronicon-2019\/","url":"https:\/\/destinocastillayleon.es\/index\/cronicon-2019\/","name":"El Cronic\u00f3n 2019 de O\u00f1a, un espect\u00e1culo de luz, sonido e historia","isPartOf":{"@id":"https:\/\/destinocastillayleon.es\/index\/#website"},"primaryImageOfPage":{"@id":"https:\/\/destinocastillayleon.es\/index\/cronicon-2019\/#primaryimage"},"image":{"@id":"https:\/\/destinocastillayleon.es\/index\/cronicon-2019\/#primaryimage"},"thumbnailUrl":"https:\/\/destinocastillayleon.es\/index\/wp-content\/uploads\/2017\/06\/3c795d2c3d2d5935079ef8a363316b8b.jpg","datePublished":"2019-08-07T03:00:23+00:00","dateModified":"2022-07-11T07:39:45+00:00","author":{"@id":"https:\/\/destinocastillayleon.es\/index\/#\/schema\/person\/189221bc8f6cc4fa28b18ad5c289d4c2"},"description":"Recreaci\u00f3n hist\u00f3rica en O\u00f1a, el Cronic\u00f3n 2019; del 14 al 18 de agosto; un espect\u00e1culo de luz y sonido para viajar a la edad media","breadcrumb":{"@id":"https:\/\/destinocastillayleon.es\/index\/cronicon-2019\/#breadcrumb"},"inLanguage":"es","potentialAction":[{"@type":"ReadAction","target":["https:\/\/destinocastillayleon.es\/index\/cronicon-2019\/"]}]},{"@type":"ImageObject","inLanguage":"es","@id":"https:\/\/destinocastillayleon.es\/index\/cronicon-2019\/#primaryimage","url":"https:\/\/destinocastillayleon.es\/index\/wp-content\/uploads\/2017\/06\/3c795d2c3d2d5935079ef8a363316b8b.jpg","contentUrl":"https:\/\/destinocastillayleon.es\/index\/wp-content\/uploads\/2017\/06\/3c795d2c3d2d5935079ef8a363316b8b.jpg","width":987,"height":617,"caption":"Cartel del Cronic\u00f3n 2018 - Imagen de la organizaci\u00f3n"},{"@type":"BreadcrumbList","@id":"https:\/\/destinocastillayleon.es\/index\/cronicon-2019\/#breadcrumb","itemListElement":[{"@type":"ListItem","position":1,"name":"Portada","item":"https:\/\/destinocastillayleon.es\/index\/"},{"@type":"ListItem","position":2,"name":"El Cronic\u00f3n 2019 de O\u00f1a, un espect\u00e1culo de luz y sonido para viajar a otra \u00e9poca"}]},{"@type":"WebSite","@id":"https:\/\/destinocastillayleon.es\/index\/#website","url":"https:\/\/destinocastillayleon.es\/index\/","name":"Destino Castilla y Le\u00f3n","description":"Medio digital independiente y revista de Castilla y Le\u00f3n dedicado al turismo, gastronom\u00eda y vino de Castilla y Le\u00f3n","potentialAction":[{"@type":"SearchAction","target":{"@type":"EntryPoint","urlTemplate":"https:\/\/destinocastillayleon.es\/index\/?s={search_term_string}"},"query-input":{"@type":"PropertyValueSpecification","valueRequired":true,"valueName":"search_term_string"}}],"inLanguage":"es"},{"@type":"Person","@id":"https:\/\/destinocastillayleon.es\/index\/#\/schema\/person\/189221bc8f6cc4fa28b18ad5c289d4c2","name":"David V\u00e1zquez","image":{"@type":"ImageObject","inLanguage":"es","@id":"https:\/\/secure.gravatar.com\/avatar\/cd12db6c575a90c3b75cfa0f794b74d425201c768612fad17e9f13cd33d48be8?s=96&d=mm&r=g","url":"https:\/\/secure.gravatar.com\/avatar\/cd12db6c575a90c3b75cfa0f794b74d425201c768612fad17e9f13cd33d48be8?s=96&d=mm&r=g","contentUrl":"https:\/\/secure.gravatar.com\/avatar\/cd12db6c575a90c3b75cfa0f794b74d425201c768612fad17e9f13cd33d48be8?s=96&d=mm&r=g","caption":"David V\u00e1zquez"},"description":"Ingeniero Industrial de vocaci\u00f3n y profesi\u00f3n, he encontrado en los blogs la forma de plasmar mi pasi\u00f3n por los viajes, la gastronom\u00eda y los vinos. Especialmente los procedentes de Castilla y Le\u00f3n","sameAs":["https:\/\/www.destinocastillayleon.es","https:\/\/www.facebook.com\/profile.php?id=1158416854","https:\/\/instagram.com\/conte.pantaleone","https:\/\/www.linkedin.com\/pub\/david-vazquez-lozano\/37\/17a\/25a","https:\/\/x.com\/https:\/\/twitter.com\/ContePantaleone\u200e"],"url":"https:\/\/destinocastillayleon.es\/index\/author\/coadministradorcyl\/"}]}},"_links":{"self":[{"href":"https:\/\/destinocastillayleon.es\/index\/wp-json\/wp\/v2\/posts\/28516","targetHints":{"allow":["GET"]}}],"collection":[{"href":"https:\/\/destinocastillayleon.es\/index\/wp-json\/wp\/v2\/posts"}],"about":[{"href":"https:\/\/destinocastillayleon.es\/index\/wp-json\/wp\/v2\/types\/post"}],"author":[{"embeddable":true,"href":"https:\/\/destinocastillayleon.es\/index\/wp-json\/wp\/v2\/users\/2"}],"replies":[{"embeddable":true,"href":"https:\/\/destinocastillayleon.es\/index\/wp-json\/wp\/v2\/comments?post=28516"}],"version-history":[{"count":19,"href":"https:\/\/destinocastillayleon.es\/index\/wp-json\/wp\/v2\/posts\/28516\/revisions"}],"predecessor-version":[{"id":35568,"href":"https:\/\/destinocastillayleon.es\/index\/wp-json\/wp\/v2\/posts\/28516\/revisions\/35568"}],"wp:featuredmedia":[{"embeddable":true,"href":"https:\/\/destinocastillayleon.es\/index\/wp-json\/wp\/v2\/media\/28533"}],"wp:attachment":[{"href":"https:\/\/destinocastillayleon.es\/index\/wp-json\/wp\/v2\/media?parent=28516"}],"wp:term":[{"taxonomy":"category","embeddable":true,"href":"https:\/\/destinocastillayleon.es\/index\/wp-json\/wp\/v2\/categories?post=28516"},{"taxonomy":"post_tag","embeddable":true,"href":"https:\/\/destinocastillayleon.es\/index\/wp-json\/wp\/v2\/tags?post=28516"}],"curies":[{"name":"wp","href":"https:\/\/api.w.org\/{rel}","templated":true}]}}