{"id":28414,"date":"2018-07-04T07:16:57","date_gmt":"2018-07-04T05:16:57","guid":{"rendered":"http:\/\/destinocastillayleon.es\/index\/?p=28414"},"modified":"2018-09-07T08:54:54","modified_gmt":"2018-09-07T06:54:54","slug":"avila-medieval-2018","status":"publish","type":"post","link":"https:\/\/destinocastillayleon.es\/index\/avila-medieval-2018\/","title":{"rendered":"Llega \u00c1vila Medieval 2018, del 7 al 9 de septiembre"},"content":{"rendered":"<p>El pr\u00f3ximo septiembre, tendr\u00e9is una nueva oportunidad para disfrutar en \u00c1vila de <strong>unas de las mejores jornadas medievales de Espa\u00f1a<\/strong>. Y ya no es porque seamos de Castilla y Le\u00f3n y nos llene de orgullo, si no que, tras m\u00e1s de 20 a\u00f1os seguidos, <strong>\u00c1vila Medieval 2018, tiene el reconocimiento como Fiesta de Inter\u00e9s Tur\u00edstico Regional<\/strong>.<\/p>\n<p>Como otros a\u00f1os, <strong>durante las tres jornadas que dura este evento, la ciudad que vio nacer a Santa Teresa de Jes\u00fas, regresar\u00e1 a la edad media embebida en su Mercado de las Tres Culturas<\/strong>. Un viaje en la historia a trav\u00e9s de sus calles y plazas, con su espectacular muralla medieval del siglo XI como tel\u00f3n de fondo original.<\/p>\n<h4><strong>Conoce al detalle el Programa de actividades, ocio y muchas cosas m\u00e1s&#8230;<\/strong><\/h4>\n<ul>\n<li><a href=\"http:\/\/destinocastillayleon.es\/index\/viernes-de-las-jornadas-avilamedieval-2018\"><span style=\"color: #000000;\"><u>Programa del Mercado Medieval de \u00c1vila 2015 &#8211; viernes 7 de septiembre<\/u><\/span><\/a>.<\/li>\n<li><a href=\"http:\/\/destinocastillayleon.es\/index\/sabado-de-las-jornadas-avilamedieval-2018\"><span style=\"color: #000000;\"><u>Programa del Mercado Medieval de \u00c1vila 2015 &#8211; s\u00e1bado 7 de septiembre<\/u><\/span><\/a>.<\/li>\n<li><a href=\"http:\/\/destinocastillayleon.es\/index\/domingo-en-las-jornadas-avilamedieval-2018\/\"><span style=\"color: #000000;\"><u>Programa del Mercado Medieval de \u00c1vila 2015 &#8211; domingo 9 de septiembre<\/u><\/span><\/a>.<\/li>\n<\/ul>\n<figure id=\"attachment_25698\" aria-describedby=\"caption-attachment-25698\" style=\"width: 533px\" class=\"wp-caption aligncenter\"><img decoding=\"async\" src=\"http:\/\/destinocastillayleon.es\/index\/wp-content\/uploads\/2017\/06\/1b7f653a07d444717bbacc4ff3969511.jpg\" alt=\"Escultura de Santa Teresa de Jes\u00fas al pie de las murallas de \u00c1vila - Destino Castilla y Le\u00f3n\" width=\"533\" height=\"400\" class=\"size-full wp-image-25698\" srcset=\"https:\/\/destinocastillayleon.es\/index\/wp-content\/uploads\/2017\/06\/1b7f653a07d444717bbacc4ff3969511.jpg 533w, https:\/\/destinocastillayleon.es\/index\/wp-content\/uploads\/2017\/06\/1b7f653a07d444717bbacc4ff3969511-300x225.jpg 300w\" sizes=\"(max-width: 533px) 100vw, 533px\" \/><figcaption id=\"caption-attachment-25698\" class=\"wp-caption-text\">Escultura de Santa Teresa de Jes\u00fas al pie de las murallas de \u00c1vila &#8211; Destino Castilla y Le\u00f3n<\/figcaption><\/figure>\n<blockquote><p>Este a\u00f1o, en su vigesimosegunda edici\u00f3n, las Jornadas Medievales \u00c1vila Medieval 2018, arrancar\u00e1 el viernes 7 de septiembre a las 12.00 horas con el preg\u00f3n inaugural.<\/p><\/blockquote>\n<h2><strong>Las murallas de \u00c1vila, el mejor escenario para \u00c1vila Medieval 2018<\/strong><\/h2>\n<p>La <a href=\"http:\/\/destinocastillayleon.es\/index\/avila-medieval-2017\/\" >ciudad amurallada de \u00c1vila<\/a> es sin duda <strong>el mejor escenario que pod\u00eda darse para unas jornadas como son estas de \u00c1vila Medieval 2018<\/strong>; ya que, desde 1985, <strong>es una <\/strong><a href=\"http:\/\/destinocastillayleon.es\/index\/sitios-patrimonio-de-la-humanidad-de-castilla-y-leon\/\"><strong>Ciudad Patrimonio de la Humanidad<\/a> por la Unesco<\/strong>, como ya te comentamos hace tiempo.<\/p>\n<blockquote><p>Las jornadas \u00c1vila Medieval 2018 se celebrar\u00e1n el fin de semana del 7 al 9 de septiembre, y este a\u00f1o ser\u00e1n sus XXII Jornadas Medievales Ciudad de \u00c1vila<\/p><\/blockquote>\n<figure id=\"attachment_26052\" aria-describedby=\"caption-attachment-26052\" style=\"width: 640px\" class=\"wp-caption aligncenter\"><img decoding=\"async\" src=\"http:\/\/destinocastillayleon.es\/index\/wp-content\/uploads\/2017\/09\/cd410789d8964c265d642db537528032.jpg\" alt=\"\u00c1vila Medieval 2018\" title=\"Mercado medieval \u00c1vila Medieval 2017 - Destino Castilla y Le\u00f3n\" width=\"640\" height=\"357\" class=\"size-full wp-image-26052\" srcset=\"https:\/\/destinocastillayleon.es\/index\/wp-content\/uploads\/2017\/09\/cd410789d8964c265d642db537528032.jpg 640w, https:\/\/destinocastillayleon.es\/index\/wp-content\/uploads\/2017\/09\/cd410789d8964c265d642db537528032-300x167.jpg 300w\" sizes=\"(max-width: 640px) 100vw, 640px\" \/><figcaption id=\"caption-attachment-26052\" class=\"wp-caption-text\">Mercado medieval \u00c1vila Medieval 2017 &#8211; Destino Castilla y Le\u00f3n<\/figcaption><\/figure>\n<h3><strong>Animaciones durante las jornadas de \u00c1vila Medieval 2018<\/strong><\/h3>\n<p>A falta de conocer el programa de estas jornadas, <strong>se apunta que habr\u00e1, torneos de justas medievales, pasacalles, exhibiciones de tiro con arco y cetrer\u00eda, espect\u00e1culos de pirotecnia, lanzamiento nocturno de flechas desde la muralla, conciertos de m\u00fasica medieval,..<\/strong> envolviendo a la capital abulense en un viaje en el tiempo, que permite disfrutar de una \u00e9poca de convivencia entre cristianos, jud\u00edos y musulmanes.<\/p>\n<p>Para ello, algunas de las plazas m\u00e1s importantes de la ciudad, como la de Santa Teresa, Adolfo Su\u00e1rez, las del Mercado Grande y el Mercado Chico; calles como San Segundo o el atrio de San Isidro <strong>se llenar\u00e1n con los m\u00e1s de los 250 espect\u00e1culos y recreaciones hist\u00f3ricas programadas<\/strong>. Todo pensado para el disfrute de grandes y peque\u00f1os.<\/p>\n<p><figure id=\"attachment_25810\" aria-describedby=\"caption-attachment-25810\" style=\"width: 640px\" class=\"wp-caption aligncenter\"><img decoding=\"async\" src=\"http:\/\/destinocastillayleon.es\/index\/wp-content\/uploads\/2017\/07\/02f22ee3e8c793515a80da75b55ba564.jpg\" alt=\"\u00c1vila Medieval 2018\" title=\"Iglesia de San Pedro de \u00c1vila - Destino Castilla y Le\u00f3n\" width=\"640\" height=\"400\" class=\"size-full wp-image-25810\" srcset=\"https:\/\/destinocastillayleon.es\/index\/wp-content\/uploads\/2017\/07\/02f22ee3e8c793515a80da75b55ba564.jpg 640w, https:\/\/destinocastillayleon.es\/index\/wp-content\/uploads\/2017\/07\/02f22ee3e8c793515a80da75b55ba564-300x188.jpg 300w\" sizes=\"(max-width: 640px) 100vw, 640px\" \/><figcaption id=\"caption-attachment-25810\" class=\"wp-caption-text\">Iglesia de San Pedro, en la plaza del mercado grande de \u00c1vila &#8211; Destino Castilla y Le\u00f3n<\/figcaption><\/figure><br \/>\n\u00a0<\/p>\n<h3><strong>La participaci\u00f3n de los abulenses, clave del \u00e9xito<\/strong><\/h3>\n<p>Y es que, como hemos podido comprobar desde hace a\u00f1os, <strong>las jornadas medievales de \u00c1vila Medieval, son siempre impresionantes<\/strong>, y no tanto porque haya m\u00e1s o menos actuaciones, que cada vez hay m\u00e1s y mejores; ni siquiera la gran variedad de puestos de artesanos que no se pierden esta cita,.. <strong>lo mejor son las gentes de \u00c1vila, que a\u00f1o tras a\u00f1o, se han integrado en un ambiente casi m\u00e1gico<\/strong>.<\/p>\n<figure id=\"attachment_19868\" aria-describedby=\"caption-attachment-19868\" style=\"width: 357px\" class=\"wp-caption aligncenter\"><img decoding=\"async\" src=\"http:\/\/destinocastillayleon.es\/index\/wp-content\/uploads\/2015\/08\/416c4a520a753d6ebeca6a761732eeaa.jpg\" alt=\"\u00c1vila Medieval 2018\" title=\"Equipo Destino Castilla y Le\u00f3n en el mercado medieval de \u00c1vila\" width=\"357\" height=\"531\" class=\"size-full wp-image-19868\" srcset=\"https:\/\/destinocastillayleon.es\/index\/wp-content\/uploads\/2015\/08\/416c4a520a753d6ebeca6a761732eeaa.jpg 357w, https:\/\/destinocastillayleon.es\/index\/wp-content\/uploads\/2015\/08\/416c4a520a753d6ebeca6a761732eeaa-202x300.jpg 202w, https:\/\/destinocastillayleon.es\/index\/wp-content\/uploads\/2015\/08\/416c4a520a753d6ebeca6a761732eeaa-300x447.jpg 300w\" sizes=\"(max-width: 357px) 100vw, 357px\" \/><figcaption id=\"caption-attachment-19868\" class=\"wp-caption-text\">Equipo Destino Castilla y Le\u00f3n listos para disfrutar de el mercado medieval de \u00c1vila 2015<\/figcaption><\/figure>\n<p>Y por supuesto, sin renunciar a la <a href=\"http:\/\/destinocastillayleon.es\/index\/7-hitos-de-la-gastronomia-de-avila\">tradicional oferta gastron\u00f3mica abulense<\/a>, con sus famosos <a href=\"http:\/\/destinocastillayleon.es\/index\/chuleton-de-avila-en-casa\/\"><strong>chuletones de \u00c1vila<\/strong><\/a>, de la sabrosa carne de res abulense, de la que se pueden hacer <a href=\"http:\/\/estofadodeternera.info\" target=\"_blank\" rel=\"DoFollow\">mil y una elaboraciones<\/a>; al igual que sus <strong>alubias del Barco de \u00c1vila<\/strong>, las <strong><a href=\"http:\/\/destinocastillayleon.es\/index\/asi-fue-la-i-tuit-quedada-cultural-en-avila-te-apuntas-a-la-proxima\/#Yemas\">Yemas de Santa Teresa<\/a><\/strong>, las <a href=\"http:\/\/destinocastillayleon.es\/index\/artesanos-dulces-de-soles-de-gredos\/\"><strong>pastas de Soles de Gredos<\/strong><\/a> o unas deliciosas <strong>patatas revolconas<\/strong> y a un sinf\u00edn de recetas t\u00edpicas de <a href=\"https:\/\/delicista.es\/recetas\/\" target=\"_blank\" rel=\"DoFollow\">nuestro recetario<\/a>. <\/p>\n<p><figure id=\"attachment_17627\" aria-describedby=\"caption-attachment-17627\" style=\"width: 448px\" class=\"wp-caption aligncenter\"><img decoding=\"async\" src=\"http:\/\/destinocastillayleon.es\/index\/wp-content\/uploads\/2015\/01\/00be9ff4bd33830983236e421649f5a2.jpg\" alt=\"\u00c1vila Medieval 2018\" title=\"Lienzo Norte - Destino Castilla y Le\u00f3n - Exterior de \u00c1vila\" width=\"448\" height=\"335\" class=\"size-full wp-image-17627\" srcset=\"https:\/\/destinocastillayleon.es\/index\/wp-content\/uploads\/2015\/01\/00be9ff4bd33830983236e421649f5a2.jpg 448w, https:\/\/destinocastillayleon.es\/index\/wp-content\/uploads\/2015\/01\/00be9ff4bd33830983236e421649f5a2-300x224.jpg 300w\" sizes=\"(max-width: 448px) 100vw, 448px\" \/><figcaption id=\"caption-attachment-17627\" class=\"wp-caption-text\">Lienzo Norte &#8211; Destino Castilla y Le\u00f3n &#8211; Exterior de \u00c1vila<\/figcaption><\/figure><br \/>\n\u00a0<\/p>\n<h3><strong>Informaci\u00f3n de inter\u00e9s para vivir las Jornadas \u00c1vila Medieval 2018<\/strong><\/h3>\n<p>Las calles de \u00c1vila <strong>se llenar\u00e1n con m\u00e1s de 80 actividades de teatro y animaciones cada d\u00eda<\/strong>, eso significa que esta ciudad estar\u00e1 abarrotada de gente.<\/p>\n<h4><strong>C\u00f3mo llegar<\/strong><\/h4>\n<ul><a href=\"https:\/\/goo.gl\/maps\/7TTfKQkyKr82\" target=\"_blank\"><U><strong>\u00c1vila<\/strong><\/U><\/a> es una ciudad bastante bien comunicada, especialmente con Madrid, a trav\u00e9s de <strong>la autopista AP51<\/strong>; desde Salamanca, <strong>la autov\u00eda A50<\/strong>, y desde la A6, si quieres evitar peajes, por las carreteras <strong>N403<\/strong> y la <strong>N110<\/strong>.<\/ul>\n<h4><strong>D\u00f3nde alojarse<\/strong><\/h4>\n<ul>Durante esos d\u00edas \u00c1vila se llena y <strong>su ocupaci\u00f3n desde el viernes se aproxima al 95%<\/strong>, eso significa que te recomendamos reservar cuanto antes si tienes intenci\u00f3n de asistir a estas jornadas. Encuentra en siguiente enlace, la <a href=\"https:\/\/www.booking.com\/searchresults.es.html?aid=1281624&#038;sid=d1c5e7820c006c04b18d4961e3521de4&#038;checkin_month=9&#038;checkin_monthday=7&#038;checkin_year=2018&#038;checkout_month=9&#038;checkout_monthday=9&#038;checkout_year=2018&#038;city=-370993&#038;class_interval=1&#038;dest_id=-371972&#038;dest_type=city&#038;dtdisc=0&#038;from_sf=1&#038;group_adults=2&#038;group_children=0&#038;inac=0&#038;index_postcard=0&#038;label_click=undef&#038;no_rooms=1&#038;postcard=0&#038;raw_dest_type=city&#038;room1=A%2CA&#038;sb_price_type=total&#038;search_selected=1&#038;src_elem=sb&#038;ss=%C3%83%C2%81vila%2C%20Castilla%20y%20Le%C3%83%C2%B3n%2C%20Espa%C3%83%C2%B1a&#038;ss_all=0&#038;ss_raw=%C3%81vila&#038;ssb=empty&#038;sshis=0&#038;ssne_untouched=Aranda%20de%20Duero&#038;order=price\" target=\"_Blank\" rel=\"NoFollow\"><u><strong>oferta de hoteles de \u00c1vila<\/strong><\/u><\/a>. Si luego no encuentras alojamiento, que no sea porque no te lo avisamos. <\/p>\n<figure id=\"attachment_25705\" aria-describedby=\"caption-attachment-25705\" style=\"width: 640px\" class=\"wp-caption aligncenter\"><img decoding=\"async\" src=\"http:\/\/destinocastillayleon.es\/index\/wp-content\/uploads\/2017\/06\/24423ae4d76700a2c3ab05257bd80ddb.jpg\" alt=\"Murallas de \u00c1vila desde los Cuatro Postes - Destino Castilla y Le\u00f3n\" width=\"640\" height=\"346\" class=\"size-full wp-image-25705\" srcset=\"https:\/\/destinocastillayleon.es\/index\/wp-content\/uploads\/2017\/06\/24423ae4d76700a2c3ab05257bd80ddb.jpg 640w, https:\/\/destinocastillayleon.es\/index\/wp-content\/uploads\/2017\/06\/24423ae4d76700a2c3ab05257bd80ddb-300x162.jpg 300w\" sizes=\"(max-width: 640px) 100vw, 640px\" \/><figcaption id=\"caption-attachment-25705\" class=\"wp-caption-text\">Murallas de \u00c1vila desde los Cuatro Postes &#8211; Destino Castilla y Le\u00f3n<\/figcaption><\/figure>\n<p>Nosotros nos alojamos en alguna ocasi\u00f3n en el <a href=\"https:\/\/www.booking.com\/hotel\/es\/velada.es.html?aid=1281624;sid=d1c5e7820c006c04b18d4961e3521de4;all_sr_blocks=9023303_88181478_0_2_0;checkin=2018-09-07;checkout=2018-09-09;dest_id=-371972;dest_type=city;dist=0;group_adults=2;group_children=0;hapos=2;highlighted_blocks=9023303_88181478_0_2_0;hpos=2;no_rooms=1;room1=A%2CA;sb_price_type=total;srepoch=1530624164;srfid=6db93dd1e8ae89581f09c0fa9d52f17f1adfbbf2X2;srpvid=1b4c5e116891013d;type=total;ucfs=1&#038;#hotelTmpl\" target=\"_Blank\" rel=\"NoFollow\"><u><strong>Palacio de los Velada<\/strong><\/u><\/a>, en pleno coraz\u00f3n de \u00c1vila y en <a href=\"https:\/\/www.booking.com\/searchresults.es.html?aid=1281624&#038;sid=d1c5e7820c006c04b18d4961e3521de4&#038;checkin_month=9&#038;checkin_monthday=7&#038;checkin_year=2018&#038;checkout_month=9&#038;checkout_monthday=9&#038;checkout_year=2018&#038;city=-370993&#038;class_interval=1&#038;dest_id=-371972&#038;dest_type=city&#038;dtdisc=0&#038;from_sf=1&#038;group_adults=2&#038;group_children=0&#038;inac=0&#038;index_postcard=0&#038;label_click=undef&#038;no_rooms=1&#038;postcard=0&#038;raw_dest_type=city&#038;room1=A%2CA&#038;sb_price_type=total&#038;search_selected=1&#038;src_elem=sb&#038;ss=%C3%83%C2%81vila%2C%20Castilla%20y%20Le%C3%83%C2%B3n%2C%20Espa%C3%83%C2%B1a&#038;ss_all=0&#038;ss_raw=%C3%81vila&#038;ssb=empty&#038;sshis=0&#038;ssne_untouched=Aranda%20de%20Duero&#038;order=price\" target=\"_Blank\" rel=\"NoFollow\"><u><strong>Hotel los Cuatro Postes<\/strong><\/u><\/a>; diferentes opciones, igualmente c\u00f3modas.<\/ul>\n<h4><strong>D\u00f3nde comer<\/strong><\/h4>\n<ul>Durante esos d\u00edas, la ya interesante oferta de restauraci\u00f3n de \u00c1vila, como la que se puede vivir en el <a href=\"http:\/\/atavolaconilconte.es\/index\/menu-santa-teresa-5-restaurante\/\" target=\"_Blank\"><u><strong>5 Restaurante<\/strong><\/u><\/a>, en el Restaurante del Centro de Convenciones <a href=\"http:\/\/destinocastillayleon.es\/index\/restaurante-el-lienzo\/\"><u><strong>Lienzo Norte<\/strong><\/u><\/a>, o de <a href=\"http:\/\/destinocastillayleon.es\/index\/ruta-de-tapas-por-avila\/\"><u><strong>tapeo por \u00c1vila<\/strong><\/u><\/a>, a lo largo de mercado, puedes <strong>probar en los diferentes puestos<\/strong> que habr\u00e1.<\/ul>\n<p><figure id=\"attachment_21880\" aria-describedby=\"caption-attachment-21880\" style=\"width: 550px\" class=\"wp-caption aligncenter\"><img decoding=\"async\" src=\"http:\/\/destinocastillayleon.es\/index\/wp-content\/uploads\/2016\/02\/04b287487ae67cbbabfb08405ec14381.jpg\" alt=\"Chulet\u00f3n de IGP Canes de \u00c1vila\" width=\"550\" height=\"340\" class=\"size-full wp-image-21880\" srcset=\"https:\/\/destinocastillayleon.es\/index\/wp-content\/uploads\/2016\/02\/04b287487ae67cbbabfb08405ec14381.jpg 550w, https:\/\/destinocastillayleon.es\/index\/wp-content\/uploads\/2016\/02\/04b287487ae67cbbabfb08405ec14381-300x185.jpg 300w\" sizes=\"(max-width: 550px) 100vw, 550px\" \/><figcaption id=\"caption-attachment-21880\" class=\"wp-caption-text\">Chulet\u00f3n de IGP Canes de \u00c1vila &#8211; Imagen cortes\u00eda de Tierra de Sabor<\/figcaption><\/figure><br \/>\n\u00a0<br \/>\nY como puedes comprobar, las jornadas medievales,<strong> \u00c1vila Medieval 2018 son mucho m\u00e1s que un mercado medieval<\/strong>, es <strong>una de las propuestas de ocio m\u00e1s atractivas de la temporada estival<\/strong> y la excusa perfecta para conocer mejor la ciudad de la muralla.<\/p>\n<p><font size=\"2\"><strong>Nota<\/strong>: Imagen de portada cortes\u00eda de <a href=\"https:\/\/www.comoencasaencualquierlugar.com\/\" rel=\"noopener\" rel=DoFollow! target=\"_blank\">Miguel \u00c1ngel Mu\u00f1oz Romero<\/a> de RVDePress<\/font><br \/>\n\u00a0<\/p>\n<h4>Tambi\u00e9n te puede interesar<\/h4>\n<ul>\n<li><a href=\"http:\/\/destinocastillayleon.es\/index\/avila-medieval-2017\/\"><u>Conoce c\u00f3mo fue la experiencia de \u00c1vila Medieval 2017<\/u><\/a>.<\/li>\n<li><a href=\"http:\/\/destinocastillayleon.es\/index\/visita-guiada-por-avila\/\"><u>Gu\u00eda virtual para realizar una visita tur\u00edstica a \u00c1vila y no perderte nada<\/u><\/a>.<\/li>\n<li><a href=\"http:\/\/destinocastillayleon.es\/index\/ruta-de-tapas-por-avila\/\"><u>Ruta por nuestros bares y restaurantes de tapas favoritos de \u00c1vila<\/u>.<\/a><\/li>\n<li><a href=\"http:\/\/destinocastillayleon.es\/index\/avila-y-sus-murallas\/\"><u>LA ciudad vieja y las murallas de \u00c1vila<\/u>.<\/a><\/li>\n<\/ul>\n<p>\u00a0<\/p>\n","protected":false},"excerpt":{"rendered":"<p>Como cada a\u00f1o, el primer fin de semana de septiembre es la fecha ideal para realizar las jornadas medievales de \u00c1vila Medieval 2018. Conoce los primeros detalles de este mercado medieval, uno de los m\u00e1s importantes de Espa\u00f1a<\/p>\n","protected":false},"author":2,"featured_media":28430,"comment_status":"open","ping_status":"closed","sticky":false,"template":"","format":"standard","meta":{"rop_custom_images_group":[],"rop_custom_messages_group":[],"rop_publish_now":"initial","rop_publish_now_accounts":{"twitter_1150954226_1150954226":""},"rop_publish_now_history":[],"rop_publish_now_status":"pending","footnotes":""},"categories":[77,62,4788,5511,68],"tags":[5617,5655,5615,769,5616,711],"class_list":["post-28414","post","type-post","status-publish","format-standard","has-post-thumbnail","hentry","category-actualidad-y-agenda-de-castilla-y-leon","category-avila","category-avila-turismo","category-no-rescatar-en-rrss","category-post_inicial","tag-avila-en-verano","tag-avila-medieva","tag-avila-medieval-2018","tag-destino-castilla-y-leon","tag-jornadas-medievales-de-avila","tag-que-hacer-en-avila"],"yoast_head":"<!-- This site is optimized with the Yoast SEO Premium plugin v20.4 (Yoast SEO v27.4) - https:\/\/yoast.com\/product\/yoast-seo-premium-wordpress\/ -->\n<title>Llega \u00c1vila Medieval 2018 del 7 al 9 de septiembre<\/title>\n<meta name=\"description\" content=\"Un a\u00f1o m\u00e1s, del 7 al 9 de septiembre, se celebrar\u00e1n las jornadas medievales \u00c1vila Medieval 2018. Conoce los algunos detalles de este mercado medieval\" \/>\n<meta name=\"robots\" content=\"index, follow, max-snippet:-1, max-image-preview:large, max-video-preview:-1\" \/>\n<link rel=\"canonical\" href=\"https:\/\/destinocastillayleon.es\/index\/avila-medieval-2018\/\" \/>\n<meta property=\"og:locale\" content=\"es_ES\" \/>\n<meta property=\"og:type\" content=\"article\" \/>\n<meta property=\"og:title\" content=\"Llega \u00c1vila Medieval 2018 del 7 al 9 de septiembre \u2013 Destino Castilla y Le\u00f3n\" \/>\n<meta property=\"og:description\" content=\"Como cada a\u00f1o, el primer fin de semana de septiembre es la fecha ideal para realizar las jornadas medievales de \u00c1vila Medieval 2018. Conoce los primeros detalles de este mercado medieval, uno de los m\u00e1s importantes de Espa\u00f1a\" \/>\n<meta property=\"og:url\" content=\"https:\/\/destinocastillayleon.es\/index\/avila-medieval-2018\/\" \/>\n<meta property=\"og:site_name\" content=\"Destino Castilla y Le\u00f3n\" \/>\n<meta property=\"article:publisher\" content=\"https:\/\/www.facebook.com\/DestinoCastillaYLeon\/\" \/>\n<meta property=\"article:author\" content=\"https:\/\/www.facebook.com\/profile.php?id=1158416854\" \/>\n<meta property=\"article:published_time\" content=\"2018-07-04T05:16:57+00:00\" \/>\n<meta property=\"article:modified_time\" content=\"2018-09-07T06:54:54+00:00\" \/>\n<meta property=\"og:image\" content=\"https:\/\/destinocastillayleon.es\/index\/wp-content\/uploads\/2017\/06\/Avila-medieval-2017-Imagen-de-Miguel-A.-Munoz-Romero.jpg\" \/>\n\t<meta property=\"og:image:width\" content=\"824\" \/>\n\t<meta property=\"og:image:height\" content=\"531\" \/>\n\t<meta property=\"og:image:type\" content=\"image\/jpeg\" \/>\n<meta name=\"author\" content=\"David V\u00e1zquez\" \/>\n<meta name=\"twitter:card\" content=\"summary_large_image\" \/>\n<meta name=\"twitter:title\" content=\"Llega \u00c1vila Medieval 2018 del 7 al 9 de septiembre \u2013 Destino Castilla y Le\u00f3n\" \/>\n<meta name=\"twitter:description\" content=\"Como cada a\u00f1o, el primer fin de semana de septiembre es la fecha ideal para realizar las jornadas medievales de \u00c1vila Medieval 2018. Conoce los primeros detalles de este mercado medieval, uno de los m\u00e1s importantes de Espa\u00f1a\" \/>\n<meta name=\"twitter:image\" content=\"http:\/\/destinocastillayleon.es\/index\/wp-content\/uploads\/2017\/06\/Avila-medieval-2017-Imagen-de-Miguel-A.-Munoz-Romero.jpg\" \/>\n<meta name=\"twitter:creator\" content=\"@https:\/\/twitter.com\/ContePantaleone\u200e\" \/>\n<meta name=\"twitter:site\" content=\"@destinocyl\" \/>\n<meta name=\"twitter:label1\" content=\"Escrito por\" \/>\n\t<meta name=\"twitter:data1\" content=\"David V\u00e1zquez\" \/>\n\t<meta name=\"twitter:label2\" content=\"Tiempo de lectura\" \/>\n\t<meta name=\"twitter:data2\" content=\"5 minutos\" \/>\n<script type=\"application\/ld+json\" class=\"yoast-schema-graph\">{\"@context\":\"https:\\\/\\\/schema.org\",\"@graph\":[{\"@type\":\"Article\",\"@id\":\"https:\\\/\\\/destinocastillayleon.es\\\/index\\\/avila-medieval-2018\\\/#article\",\"isPartOf\":{\"@id\":\"https:\\\/\\\/destinocastillayleon.es\\\/index\\\/avila-medieval-2018\\\/\"},\"author\":{\"name\":\"David V\u00e1zquez\",\"@id\":\"https:\\\/\\\/destinocastillayleon.es\\\/index\\\/#\\\/schema\\\/person\\\/189221bc8f6cc4fa28b18ad5c289d4c2\"},\"headline\":\"Llega \u00c1vila Medieval 2018, del 7 al 9 de septiembre\",\"datePublished\":\"2018-07-04T05:16:57+00:00\",\"dateModified\":\"2018-09-07T06:54:54+00:00\",\"mainEntityOfPage\":{\"@id\":\"https:\\\/\\\/destinocastillayleon.es\\\/index\\\/avila-medieval-2018\\\/\"},\"wordCount\":1056,\"commentCount\":1,\"image\":{\"@id\":\"https:\\\/\\\/destinocastillayleon.es\\\/index\\\/avila-medieval-2018\\\/#primaryimage\"},\"thumbnailUrl\":\"https:\\\/\\\/destinocastillayleon.es\\\/index\\\/wp-content\\\/uploads\\\/2017\\\/06\\\/Avila-medieval-2017-Imagen-de-Miguel-A.-Munoz-Romero.jpg\",\"keywords\":[\"\u00e1vila en verano\",\"avila medieva\",\"avila medieval 2018\",\"Destino Castilla y Le\u00f3n\",\"jornadas medievales de \u00e1vila\",\"Qu\u00e9 hacer en \u00c1vila\"],\"articleSection\":[\"Actualidad\",\"Avila\",\"Avila turismo\",\"No rescatar en RRSS\",\"Post_inicial\"],\"inLanguage\":\"es\",\"potentialAction\":[{\"@type\":\"CommentAction\",\"name\":\"Comment\",\"target\":[\"https:\\\/\\\/destinocastillayleon.es\\\/index\\\/avila-medieval-2018\\\/#respond\"]}]},{\"@type\":\"WebPage\",\"@id\":\"https:\\\/\\\/destinocastillayleon.es\\\/index\\\/avila-medieval-2018\\\/\",\"url\":\"https:\\\/\\\/destinocastillayleon.es\\\/index\\\/avila-medieval-2018\\\/\",\"name\":\"Llega \u00c1vila Medieval 2018 del 7 al 9 de septiembre\",\"isPartOf\":{\"@id\":\"https:\\\/\\\/destinocastillayleon.es\\\/index\\\/#website\"},\"primaryImageOfPage\":{\"@id\":\"https:\\\/\\\/destinocastillayleon.es\\\/index\\\/avila-medieval-2018\\\/#primaryimage\"},\"image\":{\"@id\":\"https:\\\/\\\/destinocastillayleon.es\\\/index\\\/avila-medieval-2018\\\/#primaryimage\"},\"thumbnailUrl\":\"https:\\\/\\\/destinocastillayleon.es\\\/index\\\/wp-content\\\/uploads\\\/2017\\\/06\\\/Avila-medieval-2017-Imagen-de-Miguel-A.-Munoz-Romero.jpg\",\"datePublished\":\"2018-07-04T05:16:57+00:00\",\"dateModified\":\"2018-09-07T06:54:54+00:00\",\"author\":{\"@id\":\"https:\\\/\\\/destinocastillayleon.es\\\/index\\\/#\\\/schema\\\/person\\\/189221bc8f6cc4fa28b18ad5c289d4c2\"},\"description\":\"Un a\u00f1o m\u00e1s, del 7 al 9 de septiembre, se celebrar\u00e1n las jornadas medievales \u00c1vila Medieval 2018. Conoce los algunos detalles de este mercado medieval\",\"breadcrumb\":{\"@id\":\"https:\\\/\\\/destinocastillayleon.es\\\/index\\\/avila-medieval-2018\\\/#breadcrumb\"},\"inLanguage\":\"es\",\"potentialAction\":[{\"@type\":\"ReadAction\",\"target\":[\"https:\\\/\\\/destinocastillayleon.es\\\/index\\\/avila-medieval-2018\\\/\"]}]},{\"@type\":\"ImageObject\",\"inLanguage\":\"es\",\"@id\":\"https:\\\/\\\/destinocastillayleon.es\\\/index\\\/avila-medieval-2018\\\/#primaryimage\",\"url\":\"https:\\\/\\\/destinocastillayleon.es\\\/index\\\/wp-content\\\/uploads\\\/2017\\\/06\\\/Avila-medieval-2017-Imagen-de-Miguel-A.-Munoz-Romero.jpg\",\"contentUrl\":\"https:\\\/\\\/destinocastillayleon.es\\\/index\\\/wp-content\\\/uploads\\\/2017\\\/06\\\/Avila-medieval-2017-Imagen-de-Miguel-A.-Munoz-Romero.jpg\",\"width\":824,\"height\":531,\"caption\":\"Avila medieval 2017 - Imagen de Miguel A. Munoz Romero\"},{\"@type\":\"BreadcrumbList\",\"@id\":\"https:\\\/\\\/destinocastillayleon.es\\\/index\\\/avila-medieval-2018\\\/#breadcrumb\",\"itemListElement\":[{\"@type\":\"ListItem\",\"position\":1,\"name\":\"Portada\",\"item\":\"https:\\\/\\\/destinocastillayleon.es\\\/index\\\/\"},{\"@type\":\"ListItem\",\"position\":2,\"name\":\"Llega \u00c1vila Medieval 2018, del 7 al 9 de septiembre\"}]},{\"@type\":\"WebSite\",\"@id\":\"https:\\\/\\\/destinocastillayleon.es\\\/index\\\/#website\",\"url\":\"https:\\\/\\\/destinocastillayleon.es\\\/index\\\/\",\"name\":\"Destino Castilla y Le\u00f3n\",\"description\":\"Medio digital independiente y revista de Castilla y Le\u00f3n dedicado al turismo, gastronom\u00eda y vino de Castilla y Le\u00f3n\",\"potentialAction\":[{\"@type\":\"SearchAction\",\"target\":{\"@type\":\"EntryPoint\",\"urlTemplate\":\"https:\\\/\\\/destinocastillayleon.es\\\/index\\\/?s={search_term_string}\"},\"query-input\":{\"@type\":\"PropertyValueSpecification\",\"valueRequired\":true,\"valueName\":\"search_term_string\"}}],\"inLanguage\":\"es\"},{\"@type\":\"Person\",\"@id\":\"https:\\\/\\\/destinocastillayleon.es\\\/index\\\/#\\\/schema\\\/person\\\/189221bc8f6cc4fa28b18ad5c289d4c2\",\"name\":\"David V\u00e1zquez\",\"image\":{\"@type\":\"ImageObject\",\"inLanguage\":\"es\",\"@id\":\"https:\\\/\\\/secure.gravatar.com\\\/avatar\\\/cd12db6c575a90c3b75cfa0f794b74d425201c768612fad17e9f13cd33d48be8?s=96&d=mm&r=g\",\"url\":\"https:\\\/\\\/secure.gravatar.com\\\/avatar\\\/cd12db6c575a90c3b75cfa0f794b74d425201c768612fad17e9f13cd33d48be8?s=96&d=mm&r=g\",\"contentUrl\":\"https:\\\/\\\/secure.gravatar.com\\\/avatar\\\/cd12db6c575a90c3b75cfa0f794b74d425201c768612fad17e9f13cd33d48be8?s=96&d=mm&r=g\",\"caption\":\"David V\u00e1zquez\"},\"description\":\"Ingeniero Industrial de vocaci\u00f3n y profesi\u00f3n, he encontrado en los blogs la forma de plasmar mi pasi\u00f3n por los viajes, la gastronom\u00eda y los vinos. Especialmente los procedentes de Castilla y Le\u00f3n\",\"sameAs\":[\"https:\\\/\\\/www.destinocastillayleon.es\",\"https:\\\/\\\/www.facebook.com\\\/profile.php?id=1158416854\",\"https:\\\/\\\/instagram.com\\\/conte.pantaleone\",\"https:\\\/\\\/www.linkedin.com\\\/pub\\\/david-vazquez-lozano\\\/37\\\/17a\\\/25a\",\"https:\\\/\\\/x.com\\\/https:\\\/\\\/twitter.com\\\/ContePantaleone\u200e\"],\"url\":\"https:\\\/\\\/destinocastillayleon.es\\\/index\\\/author\\\/coadministradorcyl\\\/\"}]}<\/script>\n<!-- \/ Yoast SEO Premium plugin. -->","yoast_head_json":{"title":"Llega \u00c1vila Medieval 2018 del 7 al 9 de septiembre","description":"Un a\u00f1o m\u00e1s, del 7 al 9 de septiembre, se celebrar\u00e1n las jornadas medievales \u00c1vila Medieval 2018. Conoce los algunos detalles de este mercado medieval","robots":{"index":"index","follow":"follow","max-snippet":"max-snippet:-1","max-image-preview":"max-image-preview:large","max-video-preview":"max-video-preview:-1"},"canonical":"https:\/\/destinocastillayleon.es\/index\/avila-medieval-2018\/","og_locale":"es_ES","og_type":"article","og_title":"Llega \u00c1vila Medieval 2018 del 7 al 9 de septiembre \u2013 Destino Castilla y Le\u00f3n","og_description":"Como cada a\u00f1o, el primer fin de semana de septiembre es la fecha ideal para realizar las jornadas medievales de \u00c1vila Medieval 2018. Conoce los primeros detalles de este mercado medieval, uno de los m\u00e1s importantes de Espa\u00f1a","og_url":"https:\/\/destinocastillayleon.es\/index\/avila-medieval-2018\/","og_site_name":"Destino Castilla y Le\u00f3n","article_publisher":"https:\/\/www.facebook.com\/DestinoCastillaYLeon\/","article_author":"https:\/\/www.facebook.com\/profile.php?id=1158416854","article_published_time":"2018-07-04T05:16:57+00:00","article_modified_time":"2018-09-07T06:54:54+00:00","og_image":[{"width":824,"height":531,"url":"https:\/\/destinocastillayleon.es\/index\/wp-content\/uploads\/2017\/06\/Avila-medieval-2017-Imagen-de-Miguel-A.-Munoz-Romero.jpg","type":"image\/jpeg"}],"author":"David V\u00e1zquez","twitter_card":"summary_large_image","twitter_title":"Llega \u00c1vila Medieval 2018 del 7 al 9 de septiembre \u2013 Destino Castilla y Le\u00f3n","twitter_description":"Como cada a\u00f1o, el primer fin de semana de septiembre es la fecha ideal para realizar las jornadas medievales de \u00c1vila Medieval 2018. Conoce los primeros detalles de este mercado medieval, uno de los m\u00e1s importantes de Espa\u00f1a","twitter_image":"http:\/\/destinocastillayleon.es\/index\/wp-content\/uploads\/2017\/06\/Avila-medieval-2017-Imagen-de-Miguel-A.-Munoz-Romero.jpg","twitter_creator":"@https:\/\/twitter.com\/ContePantaleone\u200e","twitter_site":"@destinocyl","twitter_misc":{"Escrito por":"David V\u00e1zquez","Tiempo de lectura":"5 minutos"},"schema":{"@context":"https:\/\/schema.org","@graph":[{"@type":"Article","@id":"https:\/\/destinocastillayleon.es\/index\/avila-medieval-2018\/#article","isPartOf":{"@id":"https:\/\/destinocastillayleon.es\/index\/avila-medieval-2018\/"},"author":{"name":"David V\u00e1zquez","@id":"https:\/\/destinocastillayleon.es\/index\/#\/schema\/person\/189221bc8f6cc4fa28b18ad5c289d4c2"},"headline":"Llega \u00c1vila Medieval 2018, del 7 al 9 de septiembre","datePublished":"2018-07-04T05:16:57+00:00","dateModified":"2018-09-07T06:54:54+00:00","mainEntityOfPage":{"@id":"https:\/\/destinocastillayleon.es\/index\/avila-medieval-2018\/"},"wordCount":1056,"commentCount":1,"image":{"@id":"https:\/\/destinocastillayleon.es\/index\/avila-medieval-2018\/#primaryimage"},"thumbnailUrl":"https:\/\/destinocastillayleon.es\/index\/wp-content\/uploads\/2017\/06\/Avila-medieval-2017-Imagen-de-Miguel-A.-Munoz-Romero.jpg","keywords":["\u00e1vila en verano","avila medieva","avila medieval 2018","Destino Castilla y Le\u00f3n","jornadas medievales de \u00e1vila","Qu\u00e9 hacer en \u00c1vila"],"articleSection":["Actualidad","Avila","Avila turismo","No rescatar en RRSS","Post_inicial"],"inLanguage":"es","potentialAction":[{"@type":"CommentAction","name":"Comment","target":["https:\/\/destinocastillayleon.es\/index\/avila-medieval-2018\/#respond"]}]},{"@type":"WebPage","@id":"https:\/\/destinocastillayleon.es\/index\/avila-medieval-2018\/","url":"https:\/\/destinocastillayleon.es\/index\/avila-medieval-2018\/","name":"Llega \u00c1vila Medieval 2018 del 7 al 9 de septiembre","isPartOf":{"@id":"https:\/\/destinocastillayleon.es\/index\/#website"},"primaryImageOfPage":{"@id":"https:\/\/destinocastillayleon.es\/index\/avila-medieval-2018\/#primaryimage"},"image":{"@id":"https:\/\/destinocastillayleon.es\/index\/avila-medieval-2018\/#primaryimage"},"thumbnailUrl":"https:\/\/destinocastillayleon.es\/index\/wp-content\/uploads\/2017\/06\/Avila-medieval-2017-Imagen-de-Miguel-A.-Munoz-Romero.jpg","datePublished":"2018-07-04T05:16:57+00:00","dateModified":"2018-09-07T06:54:54+00:00","author":{"@id":"https:\/\/destinocastillayleon.es\/index\/#\/schema\/person\/189221bc8f6cc4fa28b18ad5c289d4c2"},"description":"Un a\u00f1o m\u00e1s, del 7 al 9 de septiembre, se celebrar\u00e1n las jornadas medievales \u00c1vila Medieval 2018. Conoce los algunos detalles de este mercado medieval","breadcrumb":{"@id":"https:\/\/destinocastillayleon.es\/index\/avila-medieval-2018\/#breadcrumb"},"inLanguage":"es","potentialAction":[{"@type":"ReadAction","target":["https:\/\/destinocastillayleon.es\/index\/avila-medieval-2018\/"]}]},{"@type":"ImageObject","inLanguage":"es","@id":"https:\/\/destinocastillayleon.es\/index\/avila-medieval-2018\/#primaryimage","url":"https:\/\/destinocastillayleon.es\/index\/wp-content\/uploads\/2017\/06\/Avila-medieval-2017-Imagen-de-Miguel-A.-Munoz-Romero.jpg","contentUrl":"https:\/\/destinocastillayleon.es\/index\/wp-content\/uploads\/2017\/06\/Avila-medieval-2017-Imagen-de-Miguel-A.-Munoz-Romero.jpg","width":824,"height":531,"caption":"Avila medieval 2017 - Imagen de Miguel A. Munoz Romero"},{"@type":"BreadcrumbList","@id":"https:\/\/destinocastillayleon.es\/index\/avila-medieval-2018\/#breadcrumb","itemListElement":[{"@type":"ListItem","position":1,"name":"Portada","item":"https:\/\/destinocastillayleon.es\/index\/"},{"@type":"ListItem","position":2,"name":"Llega \u00c1vila Medieval 2018, del 7 al 9 de septiembre"}]},{"@type":"WebSite","@id":"https:\/\/destinocastillayleon.es\/index\/#website","url":"https:\/\/destinocastillayleon.es\/index\/","name":"Destino Castilla y Le\u00f3n","description":"Medio digital independiente y revista de Castilla y Le\u00f3n dedicado al turismo, gastronom\u00eda y vino de Castilla y Le\u00f3n","potentialAction":[{"@type":"SearchAction","target":{"@type":"EntryPoint","urlTemplate":"https:\/\/destinocastillayleon.es\/index\/?s={search_term_string}"},"query-input":{"@type":"PropertyValueSpecification","valueRequired":true,"valueName":"search_term_string"}}],"inLanguage":"es"},{"@type":"Person","@id":"https:\/\/destinocastillayleon.es\/index\/#\/schema\/person\/189221bc8f6cc4fa28b18ad5c289d4c2","name":"David V\u00e1zquez","image":{"@type":"ImageObject","inLanguage":"es","@id":"https:\/\/secure.gravatar.com\/avatar\/cd12db6c575a90c3b75cfa0f794b74d425201c768612fad17e9f13cd33d48be8?s=96&d=mm&r=g","url":"https:\/\/secure.gravatar.com\/avatar\/cd12db6c575a90c3b75cfa0f794b74d425201c768612fad17e9f13cd33d48be8?s=96&d=mm&r=g","contentUrl":"https:\/\/secure.gravatar.com\/avatar\/cd12db6c575a90c3b75cfa0f794b74d425201c768612fad17e9f13cd33d48be8?s=96&d=mm&r=g","caption":"David V\u00e1zquez"},"description":"Ingeniero Industrial de vocaci\u00f3n y profesi\u00f3n, he encontrado en los blogs la forma de plasmar mi pasi\u00f3n por los viajes, la gastronom\u00eda y los vinos. Especialmente los procedentes de Castilla y Le\u00f3n","sameAs":["https:\/\/www.destinocastillayleon.es","https:\/\/www.facebook.com\/profile.php?id=1158416854","https:\/\/instagram.com\/conte.pantaleone","https:\/\/www.linkedin.com\/pub\/david-vazquez-lozano\/37\/17a\/25a","https:\/\/x.com\/https:\/\/twitter.com\/ContePantaleone\u200e"],"url":"https:\/\/destinocastillayleon.es\/index\/author\/coadministradorcyl\/"}]}},"_links":{"self":[{"href":"https:\/\/destinocastillayleon.es\/index\/wp-json\/wp\/v2\/posts\/28414","targetHints":{"allow":["GET"]}}],"collection":[{"href":"https:\/\/destinocastillayleon.es\/index\/wp-json\/wp\/v2\/posts"}],"about":[{"href":"https:\/\/destinocastillayleon.es\/index\/wp-json\/wp\/v2\/types\/post"}],"author":[{"embeddable":true,"href":"https:\/\/destinocastillayleon.es\/index\/wp-json\/wp\/v2\/users\/2"}],"replies":[{"embeddable":true,"href":"https:\/\/destinocastillayleon.es\/index\/wp-json\/wp\/v2\/comments?post=28414"}],"version-history":[{"count":16,"href":"https:\/\/destinocastillayleon.es\/index\/wp-json\/wp\/v2\/posts\/28414\/revisions"}],"predecessor-version":[{"id":28863,"href":"https:\/\/destinocastillayleon.es\/index\/wp-json\/wp\/v2\/posts\/28414\/revisions\/28863"}],"wp:featuredmedia":[{"embeddable":true,"href":"https:\/\/destinocastillayleon.es\/index\/wp-json\/wp\/v2\/media\/28430"}],"wp:attachment":[{"href":"https:\/\/destinocastillayleon.es\/index\/wp-json\/wp\/v2\/media?parent=28414"}],"wp:term":[{"taxonomy":"category","embeddable":true,"href":"https:\/\/destinocastillayleon.es\/index\/wp-json\/wp\/v2\/categories?post=28414"},{"taxonomy":"post_tag","embeddable":true,"href":"https:\/\/destinocastillayleon.es\/index\/wp-json\/wp\/v2\/tags?post=28414"}],"curies":[{"name":"wp","href":"https:\/\/api.w.org\/{rel}","templated":true}]}}