{"id":28298,"date":"2018-06-22T07:39:01","date_gmt":"2018-06-22T05:39:01","guid":{"rendered":"http:\/\/destinocastillayleon.es\/index\/?p=28298"},"modified":"2018-06-22T07:39:01","modified_gmt":"2018-06-22T05:39:01","slug":"fiesta-del-capitan-de-frias","status":"publish","type":"post","link":"https:\/\/destinocastillayleon.es\/index\/fiesta-del-capitan-de-frias\/","title":{"rendered":"La Fiesta del Capit\u00e1n de Fr\u00edas"},"content":{"rendered":"<p>Como ya os hemos contado en nuestra entrada sobre <strong>la ciudad de <a href=\"http:\/\/destinocastillayleon.es\/index\/visita-turistica-a-frias\/\">Fr\u00edas<\/a><\/strong>, en las Merindades de Burgos, e integrada en la <a href=\"http:\/\/destinocastillayleon.es\/index\/turismo-en-la-mancomunidad-raices-de-castilla\/\">Mancomunidad Ra\u00edces de Castilla<\/a>, es famosa por <strong>sus celebraciones de las Fiestas de San Juan, donde adem\u00e1s se conmemora la Fiesta del Capit\u00e1n<\/strong>; una tradici\u00f3n centenaria que cada a\u00f1o resulta m\u00e1s atractiva.<\/p>\n<figure id=\"attachment_11186\" aria-describedby=\"caption-attachment-11186\" style=\"width: 640px\" class=\"wp-caption aligncenter\"><img decoding=\"async\" src=\"http:\/\/destinocastillayleon.es\/index\/wp-content\/uploads\/2014\/02\/57479a2869bd713d517d04fc2f56221d.jpg\" alt=\"calles de Fr\u00edas, en Burgos\" width=\"640\" height=\"480\" class=\"size-full wp-image-11186\" srcset=\"https:\/\/destinocastillayleon.es\/index\/wp-content\/uploads\/2014\/02\/57479a2869bd713d517d04fc2f56221d.jpg 640w, https:\/\/destinocastillayleon.es\/index\/wp-content\/uploads\/2014\/02\/57479a2869bd713d517d04fc2f56221d-300x225.jpg 300w\" sizes=\"(max-width: 640px) 100vw, 640px\" \/><figcaption id=\"caption-attachment-11186\" class=\"wp-caption-text\">calles de Fr\u00edas, en Burgos<\/figcaption><\/figure>\n<p>Este 2018, <strong>la fiesta de San Juan ser\u00e1 del 22 al 25 de junio, aprovechando el fin de semana<\/strong>. Esta localidad de burgalesa celebrar\u00e1 estas fiestas con verbenas, espect\u00e1culos de magia, concursos, comidas de hermandad o talleres infantiles; sin olvidar el protagonista central, la Fiesta del Capit\u00e1n.<\/p>\n<h3><strong>Llegar a Fr\u00edas<\/strong><\/h3>\n<p>Fr\u00edas se encuentra en las <a href=\"http:\/\/destinocastillayleon.es\/index\/visitar-las-merindades\/\">Merindades de Burgos<\/a>. Es considerada <strong>la ciudad m\u00e1s peque\u00f1a de Espa\u00f1a<\/strong>. Se llega por la carretera <strong>BU-504<\/strong>, que pasa por un precioso desfiladero.<\/p>\n<p>Si quieres alojarte en la zona, te recomendamos estas <a href=\"https:\/\/www.booking.com\/searchresults.es.html?aid=1281624&#038;sid=d1c5e7820c006c04b18d4961e3521de4&#038;sb=1&#038;src=hotel&#038;src_elem=sb&#038;error_url=https%3A%2F%2Fwww.booking.com%2Fhotel%2Fpe%2Fcasa-andina-private-collection-cusco.es.html%3Faid%3D1281624%3Bsid%3Dd1c5e7820c006c04b18d4961e3521de4%3Bage%3D12%3Bdest_id%3D-345275%3Bdest_type%3Dcity%3Bgroup_adults%3D2%3Bgroup_children%3D1%3Bhapos%3D1%3Bhpos%3D1%3Bno_rooms%3D1%3Broom1%3DA%252CA%252C12%3Bsb_price_type%3Dtotal%3Bsrepoch%3D1528461379%3Bsrfid%3D1c0cb34102cd4f232bf194b858e00f20f70b88d1X1%3Bsrpvid%3D1fdf58a13c1a00b6%3Btype%3Dtotal%3Bucfs%3D1%26%3B&#038;highlighted_hotels=240507&#038;hp_sbox=1&#038;ss=Fr%C3%ADas%2C+Castilla+y+Le%C3%B3n%2C+Espa%C3%B1a&#038;ssne=Cusco&#038;ssne_untouched=Cusco&#038;city=-345275&#038;checkin_year=&#038;checkin_month=&#038;checkout_year=&#038;checkout_month=&#038;group_adults=2&#038;group_children=1&#038;age=12&#038;no_rooms=1&#038;from_sf=1&#038;ss_raw=fr%C3%ADas&#038;ac_position=0&#038;ac_langcode=es&#038;dest_id=-383016&#038;dest_type=city&#038;place_id_lat=42.7667007446289&#038;place_id_lon=-3.28332996368408&#038;search_pageview_id=2eef4eb079c50209&#038;search_selected=true&#038;search_pageview_id=2eef4eb079c50209&#038;ac_suggestion_list_length=5&#038;ac_suggestion_theme_list_length=0\" target=\"_blank\">casas rurales en Fr\u00edas o pr\u00f3ximos<\/a>. <strong>Merece la pena quedarte varios d\u00edas en la zona y disfrutar de las Merindades de Burgos<\/strong>.<\/p>\n<div style=\"margin-left: 20%;margin-right: 20%; text-align:left\">\n<ul>\n<li>Reserva con Booking <strong><a target=\"_blank\" href=\"https:\/\/www.booking.com\/searchresults.es.html?aid=1281624&#038;sid=d1c5e7820c006c04b18d4961e3521de4&#038;sb=1&#038;src=hotel&#038;src_elem=sb&#038;error_url=https%3A%2F%2Fwww.booking.com%2Fhotel%2Fpe%2Fcasa-andina-private-collection-cusco.es.html%3Faid%3D1281624%3Bsid%3Dd1c5e7820c006c04b18d4961e3521de4%3Bage%3D12%3Bdest_id%3D-345275%3Bdest_type%3Dcity%3Bgroup_adults%3D2%3Bgroup_children%3D1%3Bhapos%3D1%3Bhpos%3D1%3Bno_rooms%3D1%3Broom1%3DA%252CA%252C12%3Bsb_price_type%3Dtotal%3Bsrepoch%3D1528461379%3Bsrfid%3D1c0cb34102cd4f232bf194b858e00f20f70b88d1X1%3Bsrpvid%3D1fdf58a13c1a00b6%3Btype%3Dtotal%3Bucfs%3D1%26%3B&#038;highlighted_hotels=240507&#038;hp_sbox=1&#038;ss=Fr%C3%ADas%2C+Castilla+y+Le%C3%B3n%2C+Espa%C3%B1a&#038;ssne=Cusco&#038;ssne_untouched=Cusco&#038;city=-345275&#038;checkin_year=&#038;checkin_month=&#038;checkout_year=&#038;checkout_month=&#038;group_adults=2&#038;group_children=1&#038;age=12&#038;no_rooms=1&#038;from_sf=1&#038;ss_raw=fr%C3%ADas&#038;ac_position=0&#038;ac_langcode=es&#038;dest_id=-383016&#038;dest_type=city&#038;place_id_lat=42.7667007446289&#038;place_id_lon=-3.28332996368408&#038;search_pageview_id=2eef4eb079c50209&#038;search_selected=true&#038;search_pageview_id=2eef4eb079c50209&#038;ac_suggestion_list_length=5&#038;ac_suggestion_theme_list_length=0\" rel=\"NoFollow\"><u>Hoteles en Fr\u00edas<\/u><\/a><\/strong>, con los mejores descuentos<\/li>\n<\/ul>\n<\/div>\n<\/div>\n<div class=\"field-content\">\n<h2><strong>La Fiesta del Capit\u00e1n de Fr\u00edas<\/strong><\/h2>\n<p><strong>El origen de esta festividad del Capit\u00e1n se remonta a 1450<\/strong>. Hac\u00eda quince a\u00f1os que Fr\u00edas disfrutaba del t\u00edtulo de Ciudad, concedido por Juan II; que m\u00e1s adelante cambi\u00f3 con Pedro Fern\u00e1ndez de Velasco, <a href=\"https:\/\/es.wikipedia.org\/wiki\/Condestable_de_Castilla\" target=\"_Blank\" rel=\"Nofollow\">Condestable de Castilla<\/a>, esta ciudad, por la villa de <a href=\"http:\/\/destinocastillayleon.es\/index\/visitar-penafiel\/\">Pe\u00f1afiel<\/a>, tomando posesi\u00f3n de la poblaci\u00f3n por un portillo del castillo. <\/p>\n<figure id=\"attachment_22073\" aria-describedby=\"caption-attachment-22073\" style=\"width: 478px\" class=\"wp-caption aligncenter\"><img decoding=\"async\" src=\"http:\/\/destinocastillayleon.es\/index\/wp-content\/uploads\/2016\/02\/9ef1d64f61d7c89d577948dcf137f1af.jpg\" alt=\"Callejuelas de Fr\u00edas - Destino Castilla y Le\u00f3n\" width=\"478\" height=\"530\" class=\"size-full wp-image-22073\" srcset=\"https:\/\/destinocastillayleon.es\/index\/wp-content\/uploads\/2016\/02\/9ef1d64f61d7c89d577948dcf137f1af.jpg 478w, https:\/\/destinocastillayleon.es\/index\/wp-content\/uploads\/2016\/02\/9ef1d64f61d7c89d577948dcf137f1af-271x300.jpg 271w, https:\/\/destinocastillayleon.es\/index\/wp-content\/uploads\/2016\/02\/9ef1d64f61d7c89d577948dcf137f1af-300x333.jpg 300w\" sizes=\"(max-width: 478px) 100vw, 478px\" \/><figcaption id=\"caption-attachment-22073\" class=\"wp-caption-text\">Callejuelas de Fr\u00edas &#8211; Destino Castilla y Le\u00f3n<\/figcaption><\/figure>\n<blockquote><p>Este paso a\u00fan existe, y es conocido como la \u201c<em>puerta falsa<\/em>\u201d.<\/p><\/blockquote>\n<p>Aunque <strong>durante los primeros a\u00f1os las relaciones entre se\u00f1or y ciudad fueron buenas<\/strong>, pero una serie de decisiones tomadas por Don Fernando, Conde de Haro, <strong>colmaron la paciencia de los vecinos<\/strong>, que ve\u00edan como les eran retirados ciertos derechos otorgados y la subida de impuestos. Esto <strong>puso a la ciudad en rebeld\u00eda<\/strong>, por lo que en julio de 1450, la Ciudad de Fr\u00edas fue sitiada para hacerla capitular.<\/p>\n<p>En aquel momento, <strong>los vecinos nombraron a un joven intr\u00e9pido como jefe de la defensa de la ciudad<\/strong>. Y aunque finalmente tuvieron que aceptar las condiciones impuestas, desde 1481, <strong>cada 24 de junio, o el domingo m\u00e1s pr\u00f3ximo, se recuerda este hecho, celebr\u00e1ndose la Fiesta del Capit\u00e1n<\/strong>.<\/p>\n<h3><strong>Las tradiciones de la Fiesta del Capit\u00e1n actual<\/strong><\/h3>\n<p>Como toda fiesta centenaria, <strong>las tradiciones van mutando, adapt\u00e1ndose a los tiempos<\/strong>. En la fiesta actual, <strong>el Capit\u00e1n viste un uniforme m\u00e1s pr\u00f3ximo a las guerras napole\u00f3nicas<\/strong> que al siglo XV.<\/p>\n<figure id=\"attachment_28302\" aria-describedby=\"caption-attachment-28302\" style=\"width: 380px\" class=\"wp-caption aligncenter\"><img decoding=\"async\" src=\"http:\/\/destinocastillayleon.es\/index\/wp-content\/uploads\/2017\/06\/993bc3e476bca11d3fac587096c63360.jpg\" alt=\"Fiesta del Capit\u00e1n con su bandera - Imagen de Turismo Ciudad de Fr\u00edas\" width=\"380\" height=\"500\" class=\"size-full wp-image-28302\" srcset=\"https:\/\/destinocastillayleon.es\/index\/wp-content\/uploads\/2017\/06\/993bc3e476bca11d3fac587096c63360.jpg 380w, https:\/\/destinocastillayleon.es\/index\/wp-content\/uploads\/2017\/06\/993bc3e476bca11d3fac587096c63360-228x300.jpg 228w\" sizes=\"(max-width: 380px) 100vw, 380px\" \/><figcaption id=\"caption-attachment-28302\" class=\"wp-caption-text\">Fiesta del Capit\u00e1n con su bandera &#8211; Imagen de Turismo Ciudad de Fr\u00edas<\/figcaption><\/figure>\n<p><strong>Se hace acompa\u00f1ar por cuatro danzantes<\/strong>, con unos trajes muy peculiares, blancos y con adornos rojos en bandas, pa\u00f1uelos y cintas. Adem\u00e1s de vestir alpargatas. Acompa\u00f1an su baile con casta\u00f1uelas, <strong>al ritmo de dulzainas y el redoblante<\/strong>. <\/p>\n<figure id=\"attachment_28305\" aria-describedby=\"caption-attachment-28305\" style=\"width: 640px\" class=\"wp-caption aligncenter\"><img decoding=\"async\" src=\"http:\/\/destinocastillayleon.es\/index\/wp-content\/uploads\/2017\/06\/8a6ec8be52efd8979d23f93da10b98f7.jpg\" alt=\"Danzantes acompa\u00f1ando al Capitan - Imagen de Turismo Ciudad de Fr\u00edas\" width=\"640\" height=\"400\" class=\"size-full wp-image-28305\" srcset=\"https:\/\/destinocastillayleon.es\/index\/wp-content\/uploads\/2017\/06\/8a6ec8be52efd8979d23f93da10b98f7.jpg 640w, https:\/\/destinocastillayleon.es\/index\/wp-content\/uploads\/2017\/06\/8a6ec8be52efd8979d23f93da10b98f7-300x188.jpg 300w\" sizes=\"(max-width: 640px) 100vw, 640px\" \/><figcaption id=\"caption-attachment-28305\" class=\"wp-caption-text\">Danzantes acompa\u00f1ando al Capitan &#8211; Imagen de Turismo Ciudad de Fr\u00edas<\/figcaption><\/figure>\n<blockquote><p>Esta fiesta est\u00e1 <strong>declarada de Inter\u00e9s Tur\u00edstico Regional<\/strong>.<\/p><\/blockquote>\n<h3><strong>Programaci\u00f3n de la Fiesta del Capit\u00e1n<\/strong><\/h3>\n<p>La fiesta comienza <strong>el s\u00e1bado 23<\/strong> con la reuni\u00f3n de los danzadores en la Calle del Mercado, con un solemne baile, para luego ir al Ayuntamiento <strong>bailando la tradicional danza de San Juan<\/strong>. Una vez all\u00ed, <strong>se recoge la bandera y la comitiva se dirige al Castillo<\/strong> donde <strong>se realiza el nombramiento del Capit\u00e1n, tras el revoloteo de la bandera<\/strong>. Despu\u00e9s se da la <strong>Primera Vuelta<\/strong> por las calles.<\/p>\n<figure id=\"attachment_28303\" aria-describedby=\"caption-attachment-28303\" style=\"width: 640px\" class=\"wp-caption aligncenter\"><img decoding=\"async\" src=\"http:\/\/destinocastillayleon.es\/index\/wp-content\/uploads\/2017\/06\/20e491fb2d34a3ee1ed09c328080ac6f.jpg\" alt=\"Capit\u00e1n haciendo bailar la bandera - Imagen de Turismo Ciudad de Fr\u00edas\" width=\"640\" height=\"400\" class=\"size-full wp-image-28303\" srcset=\"https:\/\/destinocastillayleon.es\/index\/wp-content\/uploads\/2017\/06\/20e491fb2d34a3ee1ed09c328080ac6f.jpg 640w, https:\/\/destinocastillayleon.es\/index\/wp-content\/uploads\/2017\/06\/20e491fb2d34a3ee1ed09c328080ac6f-300x188.jpg 300w\" sizes=\"(max-width: 640px) 100vw, 640px\" \/><figcaption id=\"caption-attachment-28303\" class=\"wp-caption-text\">Capit\u00e1n haciendo bailar la bandera &#8211; Imagen de Turismo Ciudad de Fr\u00edas<\/figcaption><\/figure>\n<p><strong>El domingo es el d\u00eda grande<\/strong>, se empieza muy temprano con los danzantes y gaiteros recorriendo casa por casa en <strong>las tradicionales dianas<\/strong>, para luego, en la <strong>Iglesia de San Vicente M\u00e1rtir<\/strong> celebrar <strong>la Misa del Capit\u00e1n<\/strong> y a su t\u00e9rmino, dar<strong> la Segunda Vuelta<\/strong>.<\/p>\n<p>Posteriormente, El Capit\u00e1n, con la bandera y su s\u00e9quito, se desfila hacia <strong>el Puente sobre el r\u00edo Ebro<\/strong>. Por el camino se recogen habas y cerezas. Cuando se llega, se \u201cbaila la bandera\u201d.<\/p>\n<figure id=\"attachment_28304\" aria-describedby=\"caption-attachment-28304\" style=\"width: 640px\" class=\"wp-caption aligncenter\"><img decoding=\"async\" src=\"http:\/\/destinocastillayleon.es\/index\/wp-content\/uploads\/2017\/06\/6def84e638fd70409f7b68822ad9fc26.jpg\" alt=\"Capit\u00e1n haciendo bailar la bandera fuera de la ciudad - Imagen de Turismo Ciudad de Fr\u00edas\" width=\"640\" height=\"400\" class=\"size-full wp-image-28304\" srcset=\"https:\/\/destinocastillayleon.es\/index\/wp-content\/uploads\/2017\/06\/6def84e638fd70409f7b68822ad9fc26.jpg 640w, https:\/\/destinocastillayleon.es\/index\/wp-content\/uploads\/2017\/06\/6def84e638fd70409f7b68822ad9fc26-300x188.jpg 300w\" sizes=\"(max-width: 640px) 100vw, 640px\" \/><figcaption id=\"caption-attachment-28304\" class=\"wp-caption-text\">Capit\u00e1n haciendo bailar la bandera fuera de la ciudad &#8211; Imagen de Turismo Ciudad de Fr\u00edas<\/figcaption><\/figure>\n<p>Tras esto, se regresa a fr\u00edas, haciendo otra parada <strong>en la Era de San Juan<\/strong>, en el lugar donde estuvo una iglesia del mismo nombre<\/p>\n<p>Por la tarde, se bailan en Fr\u00edas, <strong>las jotas de San Juan<\/strong>, unas jotas tradicionales. Tras esto, el Capit\u00e1n, busca a una moza, para ser elegida, <strong>la capitana<\/strong>. Tras esto, hay muchos m\u00e1s bailes.<\/p>\n<figure id=\"attachment_28301\" aria-describedby=\"caption-attachment-28301\" style=\"width: 640px\" class=\"wp-caption aligncenter\"><img decoding=\"async\" src=\"http:\/\/destinocastillayleon.es\/index\/wp-content\/uploads\/2017\/06\/6168e77fb633361fc3bb7da0dfcfaff3.jpg\" alt=\"El Capit\u00e1n y la Capitana bailando - Imagen de Turismo Ciudad de Fr\u00edas\" width=\"640\" height=\"400\" class=\"size-full wp-image-28301\" srcset=\"https:\/\/destinocastillayleon.es\/index\/wp-content\/uploads\/2017\/06\/6168e77fb633361fc3bb7da0dfcfaff3.jpg 640w, https:\/\/destinocastillayleon.es\/index\/wp-content\/uploads\/2017\/06\/6168e77fb633361fc3bb7da0dfcfaff3-300x188.jpg 300w\" sizes=\"(max-width: 640px) 100vw, 640px\" \/><figcaption id=\"caption-attachment-28301\" class=\"wp-caption-text\">El Capit\u00e1n y la Capitana bailando &#8211; Imagen de Turismo Ciudad de Fr\u00edas<\/figcaption><\/figure>\n<p>La fiesta termina con <strong>la Tercera Vuelta a la ciudad<\/strong>. Al llegar a la Calle del Convenio, <strong>el Capit\u00e1n clava la bandera en el centro de una piedra<\/strong> y reparte rape entre todos los asistentes en recuerdo del reparto de v\u00edveres que se realiz\u00f3 en el famoso asedio.<\/p>\n<h2>Otros atractivos de Fr\u00edas<\/h2>\n<p>La fiesta del Capit\u00e1n puede ser la excusa perfecta para visitar esta ciudad, como ya hemos dicho, la m\u00e1s peque\u00f1a de Espa\u00f1a y una de las m\u00e1s antiguas. La ciudad en s\u00ed es ya una maravilla, reconocida dentro de la asociaci\u00f3n de <a href=\"http:\/\/destinocastillayleon.es\/index\/pueblos-mas-bonitos-de-espana\/\">Pueblos m\u00e1s bonitos de Espa\u00f1a<\/a>; y es que lo merece.<\/p>\n<figure id=\"attachment_19761\" aria-describedby=\"caption-attachment-19761\" style=\"width: 640px\" class=\"wp-caption aligncenter\"><img decoding=\"async\" src=\"http:\/\/destinocastillayleon.es\/index\/wp-content\/uploads\/2015\/08\/ff11bcd51e55f42521433ac7a013d561.jpg\" alt=\"Fr\u00edas Castillo 2 - Destino Castilla y Le\u00f3n\" width=\"640\" height=\"410\" class=\"size-full wp-image-19761\" srcset=\"https:\/\/destinocastillayleon.es\/index\/wp-content\/uploads\/2015\/08\/ff11bcd51e55f42521433ac7a013d561.jpg 640w, https:\/\/destinocastillayleon.es\/index\/wp-content\/uploads\/2015\/08\/ff11bcd51e55f42521433ac7a013d561-300x192.jpg 300w\" sizes=\"(max-width: 640px) 100vw, 640px\" \/><figcaption id=\"caption-attachment-19761\" class=\"wp-caption-text\">Castillo de Fr\u00edas desde la calle mayor &#8211; Destino Castilla y Le\u00f3n<\/figcaption><\/figure>\n<p>Pasear por sus calles y plazas y admirar sus numerosos monumentos, <strong>significa embarcarse en un viaje por la historia<\/strong>, que nos transporta a una Edad Media de damas, caballeros, campesinos, artesanos o monjes, como los verdaderos protagonistas.<\/p>\n<figure id=\"attachment_22104\" aria-describedby=\"caption-attachment-22104\" style=\"width: 640px\" class=\"wp-caption aligncenter\"><img decoding=\"async\" src=\"http:\/\/destinocastillayleon.es\/index\/wp-content\/uploads\/2016\/02\/c42c344d93822183f6d9f65b00159e431.jpg\" alt=\"Ruta por Fr\u00edas - Destino Castilla y Le\u00f3n\" width=\"640\" height=\"400\" class=\"size-full wp-image-22104\" srcset=\"https:\/\/destinocastillayleon.es\/index\/wp-content\/uploads\/2016\/02\/c42c344d93822183f6d9f65b00159e431.jpg 640w, https:\/\/destinocastillayleon.es\/index\/wp-content\/uploads\/2016\/02\/c42c344d93822183f6d9f65b00159e431-300x188.jpg 300w\" sizes=\"(max-width: 640px) 100vw, 640px\" \/><figcaption id=\"caption-attachment-22104\" class=\"wp-caption-text\">Ruta peatonal por Fr\u00edas &#8211; Destino Castilla y Le\u00f3n<\/figcaption><\/figure>\n<p>As\u00ed, destacan:<\/p>\n<h3><strong>Castillo de Fr\u00edas<\/strong><\/h3>\n<p><strong>Uno de los castillos m\u00e1s espectaculares de Espa\u00f1a<\/strong>; fundamental durante los primeros a\u00f1os de la reconquista al estar sobre una roca y <strong>dominar el paso del Ebro<\/strong> en el Valle de Tobalina.<\/p>\n<figure id=\"attachment_24010\" aria-describedby=\"caption-attachment-24010\" style=\"width: 640px\" class=\"wp-caption aligncenter\"><img decoding=\"async\" src=\"http:\/\/destinocastillayleon.es\/index\/wp-content\/uploads\/2016\/11\/fb5d3f67e1f42ed04dcbb786c0628504.jpg\" alt=\"Fr\u00edas en Las Merindades - Destino Castilla y Le\u00f3n\" width=\"640\" height=\"400\" class=\"size-full wp-image-24010\" srcset=\"https:\/\/destinocastillayleon.es\/index\/wp-content\/uploads\/2016\/11\/fb5d3f67e1f42ed04dcbb786c0628504.jpg 640w, https:\/\/destinocastillayleon.es\/index\/wp-content\/uploads\/2016\/11\/fb5d3f67e1f42ed04dcbb786c0628504-300x188.jpg 300w\" sizes=\"(max-width: 640px) 100vw, 640px\" \/><figcaption id=\"caption-attachment-24010\" class=\"wp-caption-text\">Fr\u00edas en Las Merindades &#8211; Destino Castilla y Le\u00f3n<\/figcaption><\/figure>\n<p>Aunque no queda mucho de su pasado esplendoroso, <strong>a\u00fan resulta impresionante<\/strong>. Con su torre del homenaje sobre un patio de armas que debi\u00f3 ser m\u00e1s peque\u00f1o, ya que deb\u00eda tener zonas m\u00e1s residenciales, por las ventanas geminadas abiertas en el muro y los huecos de construcciones auxiliares.<\/p>\n<h3><strong>Las Casas Colgadas<\/strong><\/h3>\n<p>Aunque las m\u00e1s famosas \u201c<a href=\"https:\/\/destinoysabor.com\/blog\/cuenca-en-un-dia\/#Casas-Colgantes\" target=\"_Blank\">casas colgadas<\/a>\u00bb sean las de Cuenca, que en realidad son las Casas Colgantes, <strong>en Fr\u00edas tambi\u00e9n se dan estas construcciones aprovechando el risco para construir niveles por debajo del nivel de la calle<\/strong>, adapt\u00e1ndose a la roca.<\/p>\n<h3><strong>El puente medieval rom\u00e1nico y calzada romana<\/strong><\/h3>\n<p>Este puente fue de vital importancia, pues serv\u00eda para atravesar el Ebro a su paso por este valle. <strong>Posiblemente fuera de origen romano, junto a la calzada romana, pero la actual f\u00e1brica es del tiempo de Alfonso VIII<\/strong>.<\/p>\n<figure id=\"attachment_22083\" aria-describedby=\"caption-attachment-22083\" style=\"width: 640px\" class=\"wp-caption aligncenter\"><img decoding=\"async\" src=\"http:\/\/destinocastillayleon.es\/index\/wp-content\/uploads\/2016\/02\/aabae278e8b64250be68bb023faebe56.jpg\" alt=\"Puente sobre el Ebro - Destino Castilla y Le\u00f3n\" width=\"640\" height=\"400\" class=\"size-full wp-image-22083\" srcset=\"https:\/\/destinocastillayleon.es\/index\/wp-content\/uploads\/2016\/02\/aabae278e8b64250be68bb023faebe56.jpg 640w, https:\/\/destinocastillayleon.es\/index\/wp-content\/uploads\/2016\/02\/aabae278e8b64250be68bb023faebe56-300x188.jpg 300w\" sizes=\"(max-width: 640px) 100vw, 640px\" \/><figcaption id=\"caption-attachment-22083\" class=\"wp-caption-text\">Puente sobre el Ebro &#8211; Destino Castilla y Le\u00f3n<\/figcaption><\/figure>\n<p>El puente posee <strong>una bella torre, perfecta para el cobro de portazgo<\/strong>; una especie de peaje a las mercanc\u00edas que transitaban entre la Bureba y la Rioja.<\/p>\n<h3><strong>Iglesia de San Vicente Martir<\/strong><\/h3>\n<p>Esta iglesia<strong> se sit\u00faa en el extremo opuesto al Castillo, junto al precipicio<\/strong>. Esto le permite <strong>posee unas vistas magn\u00edficas<\/strong>. En origen fue una iglesia rom\u00e1nica, con un p\u00f3rtico, pero parte fue demolida, parte se cay\u00f3. En su interior, actualmente destacan retablos barrocos, neocl\u00e1sicos y platerescos.<\/p>\n<figure id=\"attachment_22081\" aria-describedby=\"caption-attachment-22081\" style=\"width: 640px\" class=\"wp-caption aligncenter\"><img decoding=\"async\" src=\"http:\/\/destinocastillayleon.es\/index\/wp-content\/uploads\/2016\/02\/fc2ccf822cab0894f1a4756cf6e629e9.jpg\" alt=\"Iglesia de san Vicente de Fr\u00edas - Destino Castilla y Le\u00f3n\" width=\"640\" height=\"400\" class=\"size-full wp-image-22081\" srcset=\"https:\/\/destinocastillayleon.es\/index\/wp-content\/uploads\/2016\/02\/fc2ccf822cab0894f1a4756cf6e629e9.jpg 640w, https:\/\/destinocastillayleon.es\/index\/wp-content\/uploads\/2016\/02\/fc2ccf822cab0894f1a4756cf6e629e9-300x188.jpg 300w\" sizes=\"(max-width: 640px) 100vw, 640px\" \/><figcaption id=\"caption-attachment-22081\" class=\"wp-caption-text\">Iglesia de san Vicente de Fr\u00edas &#8211; Destino Castilla y Le\u00f3n<\/figcaption><\/figure>\n<h3><strong>Otros atractivos<\/strong><\/h3>\n<p>Aunque no est\u00e1 completa totalmente, <strong>esta ciudad conserva su muralla medieval<\/strong>, sobre todo reforzada por la propia monta\u00f1a que acoge a la ciudad. De esta, a\u00fan hay varias puertas. En su entorno, igualmente siguen estando <strong>los lavaderos<\/strong> y algunas ermitas e iglesias, como la de <strong>San Mart\u00edn de Tours<\/strong>, y los <strong>conventos de San Francisco y el de Vadillo<\/strong>.<\/p>\n<figure id=\"attachment_22079\" aria-describedby=\"caption-attachment-22079\" style=\"width: 640px\" class=\"wp-caption aligncenter\"><img decoding=\"async\" src=\"http:\/\/destinocastillayleon.es\/index\/wp-content\/uploads\/2016\/02\/bceb523815f01ecae2fab8539eec9222.jpg\" alt=\"Ermita de la Tobera - Destino Castilla y Le\u00f3n\" width=\"640\" height=\"400\" class=\"size-full wp-image-22079\" srcset=\"https:\/\/destinocastillayleon.es\/index\/wp-content\/uploads\/2016\/02\/bceb523815f01ecae2fab8539eec9222.jpg 640w, https:\/\/destinocastillayleon.es\/index\/wp-content\/uploads\/2016\/02\/bceb523815f01ecae2fab8539eec9222-300x188.jpg 300w\" sizes=\"(max-width: 640px) 100vw, 640px\" \/><figcaption id=\"caption-attachment-22079\" class=\"wp-caption-text\">Ermita de la Tobera &#8211; Destino Castilla y Le\u00f3n<\/figcaption><\/figure>\n<p>Y no nos olvidemos de la pedan\u00eda de Tobera, con su preciosa Ermita de Nuestra Se\u00f1ora de la Hoz, que sirvi\u00f3 de <strong>hospeder\u00eda a los peregrinos que se dirig\u00edan a Santiago por el Camino Olvidado<\/strong>; camino original, antes de su desplazamiento hacia el actual, de mano de Sancho el Mayor.<\/p>\n<p><Font size=\"2\"><strong>Nota<\/strong>: Imagen de portada cortes\u00eda de <a href=\"https:\/\/cardinaliablog.wordpress.com\/\" target=\"_blank\" rel=\"NoFollow\">Cardinalia Comunicaci\u00f3n<\/a><\/Font><\/p>\n<h4>Tambi\u00e9n te puede interesar<\/h4>\n<ul>\n<li><a href=\"http:\/\/destinocastillayleon.es\/index\/visita-turistica-a-frias\/\"><u>Gu\u00eda para no perderte ning\u00fan detalle en una visita Fr\u00edas<\/u><\/a>.<\/li>\n<li><a href=\"http:\/\/destinocastillayleon.es\/index\/turismo-en-la-mancomunidad-raices-de-castilla\/\"><u>Gu\u00eda de imprescindibles de la Mancomunidad Ra\u00edces de Castilla, Fr\u00edas, O\u00f1a y Poza de la Sal<\/u><\/a>.<\/li>\n<li><a href=\"http:\/\/destinocastillayleon.es\/index\/visitar-las-merindades\/\"><u>10 grandes razones para visitar las Merindades de Burgos<\/u><\/a>.<\/li>\n<li><a href=\"http:\/\/destinocastillayleon.es\/index\/castillayleontb-viaja-a-raices-de-castilla\/\"><u>CastillayLe\u00f3nTB viaja a las ra\u00edces de Castilla: O\u00f1a, Fr\u00edas y Poza de la Sal<\/u><\/a>.<\/li>\n<\/ul>\n","protected":false},"excerpt":{"rendered":"<p>Acomp\u00e1\u00f1anos a conocer esta celebraci\u00f3n centenaria de la ciudad de Fr\u00edas, la m\u00e1s peque\u00f1a de Espa\u00f1a. Se trata de la Fiesta del Capit\u00e1n<\/p>\n","protected":false},"author":2,"featured_media":28313,"comment_status":"open","ping_status":"closed","sticky":false,"template":"","format":"standard","meta":{"rop_custom_images_group":[],"rop_custom_messages_group":[],"rop_publish_now":"initial","rop_publish_now_accounts":{"twitter_1150954226_1150954226":""},"rop_publish_now_history":[],"rop_publish_now_status":"pending","footnotes":""},"categories":[1343,43,4720,4721,68,45],"tags":[5601,5602,752],"class_list":["post-28298","post","type-post","status-publish","format-standard","has-post-thumbnail","hentry","category-agenda","category-burgos","category-burgos-actualidad","category-burgos-turismo","category-post_inicial","category-provincias","tag-fiesta-del-capitan","tag-fiestas-en-las-merindades-de-burgos","tag-que-hacer-en-burgos"],"yoast_head":"<!-- This site is optimized with the Yoast SEO Premium plugin v20.4 (Yoast SEO v27.4) - https:\/\/yoast.com\/product\/yoast-seo-premium-wordpress\/ -->\n<title>La Fiesta del Capit\u00e1n de Fr\u00edas \u2013 Destino Castilla y Le\u00f3n<\/title>\n<meta name=\"description\" content=\"Acomp\u00e1\u00f1anos a conocer esta celebraci\u00f3n centenaria de la ciudad de Fr\u00edas, la m\u00e1s peque\u00f1a de Espa\u00f1a. Se trata de la Fiesta del Capit\u00e1n\" \/>\n<meta name=\"robots\" content=\"index, follow, max-snippet:-1, max-image-preview:large, max-video-preview:-1\" \/>\n<link rel=\"canonical\" href=\"https:\/\/destinocastillayleon.es\/index\/fiesta-del-capitan-de-frias\/\" \/>\n<meta property=\"og:locale\" content=\"es_ES\" \/>\n<meta property=\"og:type\" content=\"article\" \/>\n<meta property=\"og:title\" content=\"La Fiesta del Capit\u00e1n de Fr\u00edas \u2013 Destino Castilla y Le\u00f3n\" \/>\n<meta property=\"og:description\" content=\"Acomp\u00e1\u00f1anos a conocer esta celebraci\u00f3n centenaria de la ciudad de Fr\u00edas, la m\u00e1s peque\u00f1a de Espa\u00f1a. Se trata de la Fiesta del Capit\u00e1n\" \/>\n<meta property=\"og:url\" content=\"https:\/\/destinocastillayleon.es\/index\/fiesta-del-capitan-de-frias\/\" \/>\n<meta property=\"og:site_name\" content=\"Destino Castilla y Le\u00f3n\" \/>\n<meta property=\"article:publisher\" content=\"https:\/\/www.facebook.com\/DestinoCastillaYLeon\/\" \/>\n<meta property=\"article:author\" content=\"https:\/\/www.facebook.com\/profile.php?id=1158416854\" \/>\n<meta property=\"article:published_time\" content=\"2018-06-22T05:39:01+00:00\" \/>\n<meta property=\"og:image\" content=\"https:\/\/destinocastillayleon.es\/index\/wp-content\/uploads\/2017\/06\/4573dcd5705e3cdca70e4f68e615c844.jpg\" \/>\n\t<meta property=\"og:image:width\" content=\"1024\" \/>\n\t<meta property=\"og:image:height\" content=\"594\" \/>\n\t<meta property=\"og:image:type\" content=\"image\/jpeg\" \/>\n<meta name=\"author\" content=\"David V\u00e1zquez\" \/>\n<meta name=\"twitter:card\" content=\"summary_large_image\" \/>\n<meta name=\"twitter:title\" content=\"La Fiesta del Capit\u00e1n de Fr\u00edas \u2013 Destino Castilla y Le\u00f3n\" \/>\n<meta name=\"twitter:description\" content=\"Acomp\u00e1\u00f1anos a conocer esta celebraci\u00f3n centenaria de la ciudad de Fr\u00edas, la m\u00e1s peque\u00f1a de Espa\u00f1a. Se trata de la Fiesta del Capit\u00e1n\" \/>\n<meta name=\"twitter:image\" content=\"http:\/\/destinocastillayleon.es\/index\/wp-content\/uploads\/2017\/06\/4573dcd5705e3cdca70e4f68e615c844.jpg\" \/>\n<meta name=\"twitter:creator\" content=\"@https:\/\/twitter.com\/ContePantaleone\u200e\" \/>\n<meta name=\"twitter:site\" content=\"@destinocyl\" \/>\n<meta name=\"twitter:label1\" content=\"Escrito por\" \/>\n\t<meta name=\"twitter:data1\" content=\"David V\u00e1zquez\" \/>\n\t<meta name=\"twitter:label2\" content=\"Tiempo de lectura\" \/>\n\t<meta name=\"twitter:data2\" content=\"8 minutos\" \/>\n<script type=\"application\/ld+json\" class=\"yoast-schema-graph\">{\"@context\":\"https:\\\/\\\/schema.org\",\"@graph\":[{\"@type\":\"Article\",\"@id\":\"https:\\\/\\\/destinocastillayleon.es\\\/index\\\/fiesta-del-capitan-de-frias\\\/#article\",\"isPartOf\":{\"@id\":\"https:\\\/\\\/destinocastillayleon.es\\\/index\\\/fiesta-del-capitan-de-frias\\\/\"},\"author\":{\"name\":\"David V\u00e1zquez\",\"@id\":\"https:\\\/\\\/destinocastillayleon.es\\\/index\\\/#\\\/schema\\\/person\\\/189221bc8f6cc4fa28b18ad5c289d4c2\"},\"headline\":\"La Fiesta del Capit\u00e1n de Fr\u00edas\",\"datePublished\":\"2018-06-22T05:39:01+00:00\",\"mainEntityOfPage\":{\"@id\":\"https:\\\/\\\/destinocastillayleon.es\\\/index\\\/fiesta-del-capitan-de-frias\\\/\"},\"wordCount\":1594,\"commentCount\":0,\"image\":{\"@id\":\"https:\\\/\\\/destinocastillayleon.es\\\/index\\\/fiesta-del-capitan-de-frias\\\/#primaryimage\"},\"thumbnailUrl\":\"https:\\\/\\\/destinocastillayleon.es\\\/index\\\/wp-content\\\/uploads\\\/2017\\\/06\\\/4573dcd5705e3cdca70e4f68e615c844.jpg\",\"keywords\":[\"Fiesta del Capit\u00e1n\",\"fiestas en las Merindades de Burgos\",\"que hacer en Burgos\"],\"articleSection\":[\"Agenda\",\"Burgos\",\"burgos actualidad\",\"Burgos turismo\",\"Post_inicial\",\"Provincias\"],\"inLanguage\":\"es\",\"potentialAction\":[{\"@type\":\"CommentAction\",\"name\":\"Comment\",\"target\":[\"https:\\\/\\\/destinocastillayleon.es\\\/index\\\/fiesta-del-capitan-de-frias\\\/#respond\"]}]},{\"@type\":\"WebPage\",\"@id\":\"https:\\\/\\\/destinocastillayleon.es\\\/index\\\/fiesta-del-capitan-de-frias\\\/\",\"url\":\"https:\\\/\\\/destinocastillayleon.es\\\/index\\\/fiesta-del-capitan-de-frias\\\/\",\"name\":\"La Fiesta del Capit\u00e1n de Fr\u00edas \u2013 Destino Castilla y Le\u00f3n\",\"isPartOf\":{\"@id\":\"https:\\\/\\\/destinocastillayleon.es\\\/index\\\/#website\"},\"primaryImageOfPage\":{\"@id\":\"https:\\\/\\\/destinocastillayleon.es\\\/index\\\/fiesta-del-capitan-de-frias\\\/#primaryimage\"},\"image\":{\"@id\":\"https:\\\/\\\/destinocastillayleon.es\\\/index\\\/fiesta-del-capitan-de-frias\\\/#primaryimage\"},\"thumbnailUrl\":\"https:\\\/\\\/destinocastillayleon.es\\\/index\\\/wp-content\\\/uploads\\\/2017\\\/06\\\/4573dcd5705e3cdca70e4f68e615c844.jpg\",\"datePublished\":\"2018-06-22T05:39:01+00:00\",\"author\":{\"@id\":\"https:\\\/\\\/destinocastillayleon.es\\\/index\\\/#\\\/schema\\\/person\\\/189221bc8f6cc4fa28b18ad5c289d4c2\"},\"description\":\"Acomp\u00e1\u00f1anos a conocer esta celebraci\u00f3n centenaria de la ciudad de Fr\u00edas, la m\u00e1s peque\u00f1a de Espa\u00f1a. Se trata de la Fiesta del Capit\u00e1n\",\"breadcrumb\":{\"@id\":\"https:\\\/\\\/destinocastillayleon.es\\\/index\\\/fiesta-del-capitan-de-frias\\\/#breadcrumb\"},\"inLanguage\":\"es\",\"potentialAction\":[{\"@type\":\"ReadAction\",\"target\":[\"https:\\\/\\\/destinocastillayleon.es\\\/index\\\/fiesta-del-capitan-de-frias\\\/\"]}]},{\"@type\":\"ImageObject\",\"inLanguage\":\"es\",\"@id\":\"https:\\\/\\\/destinocastillayleon.es\\\/index\\\/fiesta-del-capitan-de-frias\\\/#primaryimage\",\"url\":\"https:\\\/\\\/destinocastillayleon.es\\\/index\\\/wp-content\\\/uploads\\\/2017\\\/06\\\/4573dcd5705e3cdca70e4f68e615c844.jpg\",\"contentUrl\":\"https:\\\/\\\/destinocastillayleon.es\\\/index\\\/wp-content\\\/uploads\\\/2017\\\/06\\\/4573dcd5705e3cdca70e4f68e615c844.jpg\",\"width\":1024,\"height\":594,\"caption\":\"Castillo y Casas Colgadas de Fr\u00edas - Imagen de Cardinalia Comunicaci\u00f3n\"},{\"@type\":\"BreadcrumbList\",\"@id\":\"https:\\\/\\\/destinocastillayleon.es\\\/index\\\/fiesta-del-capitan-de-frias\\\/#breadcrumb\",\"itemListElement\":[{\"@type\":\"ListItem\",\"position\":1,\"name\":\"Portada\",\"item\":\"https:\\\/\\\/destinocastillayleon.es\\\/index\\\/\"},{\"@type\":\"ListItem\",\"position\":2,\"name\":\"La Fiesta del Capit\u00e1n de Fr\u00edas\"}]},{\"@type\":\"WebSite\",\"@id\":\"https:\\\/\\\/destinocastillayleon.es\\\/index\\\/#website\",\"url\":\"https:\\\/\\\/destinocastillayleon.es\\\/index\\\/\",\"name\":\"Destino Castilla y Le\u00f3n\",\"description\":\"Medio digital independiente y revista de Castilla y Le\u00f3n dedicado al turismo, gastronom\u00eda y vino de Castilla y Le\u00f3n\",\"potentialAction\":[{\"@type\":\"SearchAction\",\"target\":{\"@type\":\"EntryPoint\",\"urlTemplate\":\"https:\\\/\\\/destinocastillayleon.es\\\/index\\\/?s={search_term_string}\"},\"query-input\":{\"@type\":\"PropertyValueSpecification\",\"valueRequired\":true,\"valueName\":\"search_term_string\"}}],\"inLanguage\":\"es\"},{\"@type\":\"Person\",\"@id\":\"https:\\\/\\\/destinocastillayleon.es\\\/index\\\/#\\\/schema\\\/person\\\/189221bc8f6cc4fa28b18ad5c289d4c2\",\"name\":\"David V\u00e1zquez\",\"image\":{\"@type\":\"ImageObject\",\"inLanguage\":\"es\",\"@id\":\"https:\\\/\\\/secure.gravatar.com\\\/avatar\\\/cd12db6c575a90c3b75cfa0f794b74d425201c768612fad17e9f13cd33d48be8?s=96&d=mm&r=g\",\"url\":\"https:\\\/\\\/secure.gravatar.com\\\/avatar\\\/cd12db6c575a90c3b75cfa0f794b74d425201c768612fad17e9f13cd33d48be8?s=96&d=mm&r=g\",\"contentUrl\":\"https:\\\/\\\/secure.gravatar.com\\\/avatar\\\/cd12db6c575a90c3b75cfa0f794b74d425201c768612fad17e9f13cd33d48be8?s=96&d=mm&r=g\",\"caption\":\"David V\u00e1zquez\"},\"description\":\"Ingeniero Industrial de vocaci\u00f3n y profesi\u00f3n, he encontrado en los blogs la forma de plasmar mi pasi\u00f3n por los viajes, la gastronom\u00eda y los vinos. Especialmente los procedentes de Castilla y Le\u00f3n\",\"sameAs\":[\"https:\\\/\\\/www.destinocastillayleon.es\",\"https:\\\/\\\/www.facebook.com\\\/profile.php?id=1158416854\",\"https:\\\/\\\/instagram.com\\\/conte.pantaleone\",\"https:\\\/\\\/www.linkedin.com\\\/pub\\\/david-vazquez-lozano\\\/37\\\/17a\\\/25a\",\"https:\\\/\\\/x.com\\\/https:\\\/\\\/twitter.com\\\/ContePantaleone\u200e\"],\"url\":\"https:\\\/\\\/destinocastillayleon.es\\\/index\\\/author\\\/coadministradorcyl\\\/\"}]}<\/script>\n<!-- \/ Yoast SEO Premium plugin. -->","yoast_head_json":{"title":"La Fiesta del Capit\u00e1n de Fr\u00edas \u2013 Destino Castilla y Le\u00f3n","description":"Acomp\u00e1\u00f1anos a conocer esta celebraci\u00f3n centenaria de la ciudad de Fr\u00edas, la m\u00e1s peque\u00f1a de Espa\u00f1a. Se trata de la Fiesta del Capit\u00e1n","robots":{"index":"index","follow":"follow","max-snippet":"max-snippet:-1","max-image-preview":"max-image-preview:large","max-video-preview":"max-video-preview:-1"},"canonical":"https:\/\/destinocastillayleon.es\/index\/fiesta-del-capitan-de-frias\/","og_locale":"es_ES","og_type":"article","og_title":"La Fiesta del Capit\u00e1n de Fr\u00edas \u2013 Destino Castilla y Le\u00f3n","og_description":"Acomp\u00e1\u00f1anos a conocer esta celebraci\u00f3n centenaria de la ciudad de Fr\u00edas, la m\u00e1s peque\u00f1a de Espa\u00f1a. Se trata de la Fiesta del Capit\u00e1n","og_url":"https:\/\/destinocastillayleon.es\/index\/fiesta-del-capitan-de-frias\/","og_site_name":"Destino Castilla y Le\u00f3n","article_publisher":"https:\/\/www.facebook.com\/DestinoCastillaYLeon\/","article_author":"https:\/\/www.facebook.com\/profile.php?id=1158416854","article_published_time":"2018-06-22T05:39:01+00:00","og_image":[{"width":1024,"height":594,"url":"https:\/\/destinocastillayleon.es\/index\/wp-content\/uploads\/2017\/06\/4573dcd5705e3cdca70e4f68e615c844.jpg","type":"image\/jpeg"}],"author":"David V\u00e1zquez","twitter_card":"summary_large_image","twitter_title":"La Fiesta del Capit\u00e1n de Fr\u00edas \u2013 Destino Castilla y Le\u00f3n","twitter_description":"Acomp\u00e1\u00f1anos a conocer esta celebraci\u00f3n centenaria de la ciudad de Fr\u00edas, la m\u00e1s peque\u00f1a de Espa\u00f1a. Se trata de la Fiesta del Capit\u00e1n","twitter_image":"http:\/\/destinocastillayleon.es\/index\/wp-content\/uploads\/2017\/06\/4573dcd5705e3cdca70e4f68e615c844.jpg","twitter_creator":"@https:\/\/twitter.com\/ContePantaleone\u200e","twitter_site":"@destinocyl","twitter_misc":{"Escrito por":"David V\u00e1zquez","Tiempo de lectura":"8 minutos"},"schema":{"@context":"https:\/\/schema.org","@graph":[{"@type":"Article","@id":"https:\/\/destinocastillayleon.es\/index\/fiesta-del-capitan-de-frias\/#article","isPartOf":{"@id":"https:\/\/destinocastillayleon.es\/index\/fiesta-del-capitan-de-frias\/"},"author":{"name":"David V\u00e1zquez","@id":"https:\/\/destinocastillayleon.es\/index\/#\/schema\/person\/189221bc8f6cc4fa28b18ad5c289d4c2"},"headline":"La Fiesta del Capit\u00e1n de Fr\u00edas","datePublished":"2018-06-22T05:39:01+00:00","mainEntityOfPage":{"@id":"https:\/\/destinocastillayleon.es\/index\/fiesta-del-capitan-de-frias\/"},"wordCount":1594,"commentCount":0,"image":{"@id":"https:\/\/destinocastillayleon.es\/index\/fiesta-del-capitan-de-frias\/#primaryimage"},"thumbnailUrl":"https:\/\/destinocastillayleon.es\/index\/wp-content\/uploads\/2017\/06\/4573dcd5705e3cdca70e4f68e615c844.jpg","keywords":["Fiesta del Capit\u00e1n","fiestas en las Merindades de Burgos","que hacer en Burgos"],"articleSection":["Agenda","Burgos","burgos actualidad","Burgos turismo","Post_inicial","Provincias"],"inLanguage":"es","potentialAction":[{"@type":"CommentAction","name":"Comment","target":["https:\/\/destinocastillayleon.es\/index\/fiesta-del-capitan-de-frias\/#respond"]}]},{"@type":"WebPage","@id":"https:\/\/destinocastillayleon.es\/index\/fiesta-del-capitan-de-frias\/","url":"https:\/\/destinocastillayleon.es\/index\/fiesta-del-capitan-de-frias\/","name":"La Fiesta del Capit\u00e1n de Fr\u00edas \u2013 Destino Castilla y Le\u00f3n","isPartOf":{"@id":"https:\/\/destinocastillayleon.es\/index\/#website"},"primaryImageOfPage":{"@id":"https:\/\/destinocastillayleon.es\/index\/fiesta-del-capitan-de-frias\/#primaryimage"},"image":{"@id":"https:\/\/destinocastillayleon.es\/index\/fiesta-del-capitan-de-frias\/#primaryimage"},"thumbnailUrl":"https:\/\/destinocastillayleon.es\/index\/wp-content\/uploads\/2017\/06\/4573dcd5705e3cdca70e4f68e615c844.jpg","datePublished":"2018-06-22T05:39:01+00:00","author":{"@id":"https:\/\/destinocastillayleon.es\/index\/#\/schema\/person\/189221bc8f6cc4fa28b18ad5c289d4c2"},"description":"Acomp\u00e1\u00f1anos a conocer esta celebraci\u00f3n centenaria de la ciudad de Fr\u00edas, la m\u00e1s peque\u00f1a de Espa\u00f1a. Se trata de la Fiesta del Capit\u00e1n","breadcrumb":{"@id":"https:\/\/destinocastillayleon.es\/index\/fiesta-del-capitan-de-frias\/#breadcrumb"},"inLanguage":"es","potentialAction":[{"@type":"ReadAction","target":["https:\/\/destinocastillayleon.es\/index\/fiesta-del-capitan-de-frias\/"]}]},{"@type":"ImageObject","inLanguage":"es","@id":"https:\/\/destinocastillayleon.es\/index\/fiesta-del-capitan-de-frias\/#primaryimage","url":"https:\/\/destinocastillayleon.es\/index\/wp-content\/uploads\/2017\/06\/4573dcd5705e3cdca70e4f68e615c844.jpg","contentUrl":"https:\/\/destinocastillayleon.es\/index\/wp-content\/uploads\/2017\/06\/4573dcd5705e3cdca70e4f68e615c844.jpg","width":1024,"height":594,"caption":"Castillo y Casas Colgadas de Fr\u00edas - Imagen de Cardinalia Comunicaci\u00f3n"},{"@type":"BreadcrumbList","@id":"https:\/\/destinocastillayleon.es\/index\/fiesta-del-capitan-de-frias\/#breadcrumb","itemListElement":[{"@type":"ListItem","position":1,"name":"Portada","item":"https:\/\/destinocastillayleon.es\/index\/"},{"@type":"ListItem","position":2,"name":"La Fiesta del Capit\u00e1n de Fr\u00edas"}]},{"@type":"WebSite","@id":"https:\/\/destinocastillayleon.es\/index\/#website","url":"https:\/\/destinocastillayleon.es\/index\/","name":"Destino Castilla y Le\u00f3n","description":"Medio digital independiente y revista de Castilla y Le\u00f3n dedicado al turismo, gastronom\u00eda y vino de Castilla y Le\u00f3n","potentialAction":[{"@type":"SearchAction","target":{"@type":"EntryPoint","urlTemplate":"https:\/\/destinocastillayleon.es\/index\/?s={search_term_string}"},"query-input":{"@type":"PropertyValueSpecification","valueRequired":true,"valueName":"search_term_string"}}],"inLanguage":"es"},{"@type":"Person","@id":"https:\/\/destinocastillayleon.es\/index\/#\/schema\/person\/189221bc8f6cc4fa28b18ad5c289d4c2","name":"David V\u00e1zquez","image":{"@type":"ImageObject","inLanguage":"es","@id":"https:\/\/secure.gravatar.com\/avatar\/cd12db6c575a90c3b75cfa0f794b74d425201c768612fad17e9f13cd33d48be8?s=96&d=mm&r=g","url":"https:\/\/secure.gravatar.com\/avatar\/cd12db6c575a90c3b75cfa0f794b74d425201c768612fad17e9f13cd33d48be8?s=96&d=mm&r=g","contentUrl":"https:\/\/secure.gravatar.com\/avatar\/cd12db6c575a90c3b75cfa0f794b74d425201c768612fad17e9f13cd33d48be8?s=96&d=mm&r=g","caption":"David V\u00e1zquez"},"description":"Ingeniero Industrial de vocaci\u00f3n y profesi\u00f3n, he encontrado en los blogs la forma de plasmar mi pasi\u00f3n por los viajes, la gastronom\u00eda y los vinos. Especialmente los procedentes de Castilla y Le\u00f3n","sameAs":["https:\/\/www.destinocastillayleon.es","https:\/\/www.facebook.com\/profile.php?id=1158416854","https:\/\/instagram.com\/conte.pantaleone","https:\/\/www.linkedin.com\/pub\/david-vazquez-lozano\/37\/17a\/25a","https:\/\/x.com\/https:\/\/twitter.com\/ContePantaleone\u200e"],"url":"https:\/\/destinocastillayleon.es\/index\/author\/coadministradorcyl\/"}]}},"_links":{"self":[{"href":"https:\/\/destinocastillayleon.es\/index\/wp-json\/wp\/v2\/posts\/28298","targetHints":{"allow":["GET"]}}],"collection":[{"href":"https:\/\/destinocastillayleon.es\/index\/wp-json\/wp\/v2\/posts"}],"about":[{"href":"https:\/\/destinocastillayleon.es\/index\/wp-json\/wp\/v2\/types\/post"}],"author":[{"embeddable":true,"href":"https:\/\/destinocastillayleon.es\/index\/wp-json\/wp\/v2\/users\/2"}],"replies":[{"embeddable":true,"href":"https:\/\/destinocastillayleon.es\/index\/wp-json\/wp\/v2\/comments?post=28298"}],"version-history":[{"count":9,"href":"https:\/\/destinocastillayleon.es\/index\/wp-json\/wp\/v2\/posts\/28298\/revisions"}],"predecessor-version":[{"id":28315,"href":"https:\/\/destinocastillayleon.es\/index\/wp-json\/wp\/v2\/posts\/28298\/revisions\/28315"}],"wp:featuredmedia":[{"embeddable":true,"href":"https:\/\/destinocastillayleon.es\/index\/wp-json\/wp\/v2\/media\/28313"}],"wp:attachment":[{"href":"https:\/\/destinocastillayleon.es\/index\/wp-json\/wp\/v2\/media?parent=28298"}],"wp:term":[{"taxonomy":"category","embeddable":true,"href":"https:\/\/destinocastillayleon.es\/index\/wp-json\/wp\/v2\/categories?post=28298"},{"taxonomy":"post_tag","embeddable":true,"href":"https:\/\/destinocastillayleon.es\/index\/wp-json\/wp\/v2\/tags?post=28298"}],"curies":[{"name":"wp","href":"https:\/\/api.w.org\/{rel}","templated":true}]}}