{"id":2822,"date":"2013-05-22T14:37:55","date_gmt":"2013-05-22T14:37:55","guid":{"rendered":"http:\/\/destinocastillayleon.es\/index\/?p=2822"},"modified":"2019-04-30T10:10:36","modified_gmt":"2019-04-30T08:10:36","slug":"el-origen-del-vino-en-castilla-leon","status":"publish","type":"post","link":"https:\/\/destinocastillayleon.es\/index\/el-origen-del-vino-en-castilla-leon\/","title":{"rendered":"El Origen del vino en Castilla y Le\u00f3n"},"content":{"rendered":"<p>\u00bfDesde cuando se cultiva la vid en Castilla y Le\u00f3n? Viajaremos en la historia hasta encontrarnos con el or\u00edgen de los vinos actuales en nuestra regi\u00f3n. \u00bfTe apuntas?<\/p>\n<h3>\u00bfPor qu\u00e9 hablar del origen del vino?<\/h3>\n<p>Fue en una cata de vinos cuando, entre copa y copa y una buena conversaci\u00f3n conocimos a Mateo, propietario de <a title=\"Bodega Brandea, Le\u00f3n\" href=\"http:\/\/www.brandea.es\/\" target=\"_blank\" rel=\"noopener\"><strong>la bodega Brandea<\/strong><\/a><strong>.\u00a0<\/strong>Un hombre apasionado del vino que nos relat\u00f3 el origen (poco conocido) de la elaboraci\u00f3n del vino en Castilla y Le\u00f3n. Nunca hasta entonces nos hab\u00edamos preguntado por la historia de este alimento que tanto nos apasiona. As\u00ed que, Mateo nos dio la pista y nosotros la seguimos.<\/p>\n<p><center><a title=\"Link a la web origen de la imagen\" href=\"http:\/\/www.odisea2008.com\/2011\/11\/pinturas-egipcias.html\" target=\"_blank\" rel=\"noopener\"><img decoding=\"async\" title=\"Grabado egipcio sobre el vino - Imagen cortes\u00eda de Odisea2008\" src=\"http:\/\/farm8.staticflickr.com\/7157\/6396182411_55bf0af4cb.jpg\" alt=\"Grabado egipcio sobre el vino - Imagen cortes\u00eda de Odisea2008\" width=\"580\" \/><\/a><\/center>&nbsp;<\/p>\n<h3>Historia del vino desde sus or\u00edgenes<\/h3>\n<h4>Desde mesopotamia, la vid llega al Mediterraneo<\/h4>\n<p>El <a title=\"Link a Wikipedia sobre el origen del vino\" href=\"http:\/\/es.wikipedia.org\/wiki\/Vino#Historia\" target=\"_blank\" rel=\"noopener\">origen del vino<\/a>, como fermentaci\u00f3n del zumo de uva se cree que procede de la antigua Mesopotamia o Egipto; desde aqu\u00ed, conquistar\u00e1 oriente pr\u00f3ximo, la Grecia cl\u00e1sica y finalmente Roma, que expandir\u00e1 su cultivo y consumo por todo el imperio. Tras la ca\u00edda del imperio romano de occidente, los pueblos b\u00e1rbaros que ocupan los territorios van a heredar la costumbre de cultivar la vid.<br \/>\n<center><img decoding=\"async\" title=\"Mosaico romano sobre vino\" src=\"http:\/\/destinocastillayleon.es\/index\/wp-content\/uploads\/2013\/05\/mosaico-romano.jpg\" alt=\"origen del vino Mosaico romano sobre vino\" width=\"640\" \/><\/center>&nbsp;<\/p>\n<h4>Las primeras regulaciones visigodas sobre el vino<\/h4>\n<p>En la pen\u00ednsula, <strong>durante la \u00e9poca visigoda, en el siglo VII,<\/strong> se llega a regular sobre c\u00f3mo se debe cultivar, trabajar y consumir la uva y el vino. Esta ley era conocida como la <em>R\u00e9gula Isidori<\/em>.<\/p>\n<p><strong>La invasi\u00f3n del reino visigodo <\/strong>por los musulmanes result\u00f3 un desastre para el mundo del vino, pues \u00e9stos proh\u00edben el consumo de alcohol entre su poblaci\u00f3n.<\/p>\n<h4>Los vinos espa\u00f1oles durante la ocupaci\u00f3n musulmana<\/h4>\n<p>Pese a que\u00a0<a title=\"Link a Wikipedia sobre los alfaqu\u00edes\" href=\"http:\/\/es.wikipedia.org\/wiki\/Alfaqu%C3%ADes\" target=\"_blank\" rel=\"noopener\">los alfaqu\u00edes<\/a> m\u00e1s ortodoxos trataron de extirpar el h\u00e1bito de tomar vino entre la poblaci\u00f3n convertida al Islam, en\u00a0<a title=\"Link a Wikipedia sobre el Islam en Espa\u00f1a\" href=\"http:\/\/es.wikipedia.org\/wiki\/Islam_en_Espa%C3%B1a\" target=\"_blank\" rel=\"noopener\">el islamismo hisp\u00e1nico<\/a> dist\u00f3 mucho de ser tan radical como el africano, ya que como dice el slogan: <em>\u00abSpain is different\u00bb<\/em> y algunos califas hispanos fueron expertos\u00a0bebedores, permiti\u00e9ndo beber vino en su corte siempre que no se llegase a la\u00a0embriaguez\u00a0extrema.<\/p>\n<p>Afortunadamente en \u00e9poca musulmana no se llegan a arrancar todas las vides, una peque\u00f1a parte se mantiene para el uso del vino entre <a title=\"Link a Wikipedia sobre los moz\u00e1rabes\" href=\"http:\/\/es.wikipedia.org\/wiki\/Moz%C3%A1rabe\" target=\"_blank\" rel=\"noopener\">los moz\u00e1rabes<\/a>, y que \u00e9stos pudieran continuar practicando el rito cristiano, la exportaci\u00f3n a los reinos del norte (con su pago de impuestos) y\u00a0<a title=\"Link a Wikipedia sobre las uvas pasas\" href=\"https:\/\/es.wikipedia.org\/wiki\/Pasa\" target=\"_blank\" rel=\"noopener\">la producci\u00f3n de pasas<\/a> para la reposter\u00eda.<\/p>\n<h4>Nuevas variedades nos llegan desde Europa<\/h4>\n<p>En el norte, los reinos cristianos pr\u00e1cticamente van a perder las variedades aut\u00f3ctonas destruidas por la invasi\u00f3n. Con la creaci\u00f3n del <a title=\"Link a Wikipedia sobre el Camino de Santiago por Espa\u00f1a\" href=\"https:\/\/es.wikipedia.org\/wiki\/Camino_de_santiago\" target=\"_blank\" rel=\"noopener\">Camino de Santiago<\/a> <a title=\"Link a Wikipedia - Cr\u00f3nica del Siglo VIII\" href=\"https:\/\/es.wikipedia.org\/wiki\/Siglo_VIII\" target=\"_blank\" rel=\"noopener\">en el siglo VIII<\/a>\u00a0llegaron\u00a0<a title=\"Link a Wikipedia sobre cepas en el mundo de la vinicultura\" href=\"https:\/\/es.wikipedia.org\/wiki\/Cepa_%28viticultura%29\" target=\"_blank\" rel=\"noopener\">cepas de todo el mundo conocido<\/a> a trav\u00e9s de los peregrinos y sus monjes que ven\u00edan a repoblar y cristianizar la pen\u00ednsula ib\u00e9rica.<br \/>\n<center><a title=\"Link a la web origen de la imagen\" href=\"http:\/\/laalacenadelasideas.blogspot.com.es\/2011\/06\/razas-en-espana.html\" target=\"_blank\" rel=\"noopener\"><img decoding=\"async\" title=\"Imagen del monasterio de Valbuena - Imagen cortes\u00eda de rabiespierre en Flickr\" src=\"http:\/\/destinocastillayleon.es\/index\/wp-content\/uploads\/2013\/05\/Pintura-medieval.jpg\" alt=\"Imagen del monasterio de Valbuena - Imagen cortes\u00eda de rabiespierre en Flickr\" width=\"320\" \/><\/a><\/center><\/p>\n<p>Mayoritariamente fueron <a title=\"Link a Wikipedia sobre los monjes benedictinos y la orden de San Benito\" href=\"https:\/\/es.wikipedia.org\/wiki\/Monjes_benedictinos\" target=\"_blank\" rel=\"noopener\">monjes benedictinos<\/a> que desde Francia nos trajeron sus vides. En un principio estos monjes vendr\u00edan como cortejo de la esposa de origen franc\u00e9s del rey de Asturias <a title=\"Link a Wikipedia sobre el Rey Alfonso II 'el casto'\" href=\"http:\/\/es.wikipedia.org\/wiki\/Alfonso_II_de_Asturias\" target=\"_blank\" rel=\"noopener\">Alfonso II<\/a>, el rey que descubri\u00f3 la sepultura del <a title=\"Link a Wikipedia sobre el Apostol Santiago el Mayor\" href=\"https:\/\/es.wikipedia.org\/wiki\/Santiago_el_Mayor\" target=\"_blank\" rel=\"noopener\">Ap\u00f3stol Santiago<\/a>.<br \/>\n<center><a title=\"Link a la web origen de la imagen\" href=\"http:\/\/artecom.blogspot.com.es\/2009\/01\/la-imagen-de-la-semana-fue.html\" target=\"_blank\" rel=\"noopener\"><img decoding=\"async\" title=\"Imagen de un calendario en la Iglesia de San Isidoro de Le\u00f3n - Imagen cortes\u00eda de Locus amoenus\" src=\"http:\/\/www.pueblos-espana.org\/fotos_originales\/6\/6\/1\/00013661.jpg\" alt=\"origen del vino\" width=\"320\" \/><\/a><\/center>&nbsp;<\/p>\n<h4>Las variedades de uva en Castilla y Le\u00f3n<\/h4>\n<p>Entre las vi\u00f1as que trajeron estos monjes se encuentra la variedad de <a title=\"Link a Wikipedia sobre vinos de Borgo\u00f1a\" href=\"https:\/\/es.wikipedia.org\/wiki\/Vi%C3%B1edo_de_Borgo%C3%B1a\" target=\"_blank\" rel=\"noopener\">Borgo\u00f1a<\/a>, que arraig\u00f3 en el siglo IX en la comarca de Sahag\u00fan y que mut\u00f3 en nuestra variedad aut\u00f3ctona de<strong> <a title=\"Link a Wikipedia sobre la uva Prieto picudo\" href=\"http:\/\/es.wikipedia.org\/wiki\/Prieto_Picudo\" target=\"_blank\" rel=\"noopener\">Prieto Picudo<\/a>\u00a0<\/strong>que podemos encontrar \u00fanicamente\u00a0de la zona de<strong>\u00a0<a title=\"Valdevimbre\" href=\"http:\/\/es.wikipedia.org\/wiki\/Valdevimbre\">Valdevimbre<\/a>, <\/strong>Los Oteros y la ribera del\u00a0<a title=\"R\u00edo Cea\" href=\"http:\/\/es.wikipedia.org\/wiki\/R%C3%ADo_Cea\">r\u00edo Cea<\/a>, en\u00a0<a title=\"Provincia de Le\u00f3n\" href=\"http:\/\/es.wikipedia.org\/wiki\/Provincia_de_Le%C3%B3n\">Le\u00f3n<\/a>.<\/p>\n<p>Esta uva peque\u00f1a y muy compacta como pi\u00f1ones es de color <strong>azul intenso<\/strong>. Solo se encuentra en esta comarca y pertenece a la D.O. Tierras de Le\u00f3n. La producci\u00f3n es relativamente peque\u00f1a. Pero estos vinos tienen un punto muy especial, ya que seg\u00fan nos han comentado, por esta forma, sufren una <a title=\"Link a Wikipedia sobre la maceraci\u00f3n carb\u00f3nica\" href=\"http:\/\/es.wikipedia.org\/wiki\/Maceraci%C3%B3n_carb%C3%B3nica\" target=\"_blank\" rel=\"noopener\">micro maceraci\u00f3n carb\u00f3nica<\/a>, lo que hace que sea un vino de un sabor muy personal.<br \/>\n<center><a title=\"Link a la web origen de la imagen\" href=\"http:\/\/enologia.over-blog.es\/article-historia-del-vino-02-47085158.html\" target=\"_blank\" rel=\"noopener\"><img decoding=\"async\" title=\"Racimos de uva de diferentes variedades - Imagen cortes\u00eda del blog enologia\" src=\"http:\/\/gua30.files.wordpress.com\/2008\/11\/uvas.jpg\" alt=\"Racimos de uva de diferentes variedades - Imagen cortes\u00eda del blog enologia\" width=\"380\" \/><\/a><\/center><\/p>\n<p>Otros monjes, los <a title=\"Link a Wikipedia sobre los monjes Cistercienses\" href=\"https:\/\/es.wikipedia.org\/wiki\/Orden_del_C%C3%ADster\" target=\"_blank\" rel=\"noopener\">cistercienses<\/a>, traer\u00edan <a title=\"Link a Wikipedia sobre la uva Tempranillo\" href=\"http:\/\/es.wikipedia.org\/wiki\/Uva_tempranillo\" target=\"_blank\" rel=\"noopener\">las tempranillos<\/a> que podemos disfrutar en <a title=\"Link a la web oficial de la D.O. Ribera del Duero\" href=\"http:\/\/www.riberadelduero.es\/\" target=\"_blank\" rel=\"noopener\">la Ribera del Duero<\/a>, <a title=\"Link a la web oficial de la D.O. Toro\" href=\"http:\/\/www.dotoro.com\/es\/\" target=\"_blank\" rel=\"noopener\">Toro<\/a> y <a title=\"Link a la web oficial de la D.O. Rioja\" href=\"http:\/\/es.riojawine.com\/es\/\" target=\"_blank\" rel=\"noopener\">Rioja<\/a>, la <a title=\"Link a Wikipedia sobre la uva Suavignon blanc\" href=\"https:\/\/es.wikipedia.org\/wiki\/Sauvignon_%28uva%29\" target=\"_blank\" rel=\"noopener\">Sauvignon Blanc<\/a> en <a title=\"Link a la web oficial de la D.O. Rueda\" href=\"http:\/\/www.dorueda.com\/es\/\" target=\"_blank\" rel=\"noopener\">Rueda<\/a>, y as\u00ed sucesivamente.<\/p>\n<h3>Conclusi\u00f3n<\/h3>\n<p>Esperamos que os haya gustado nuestra historia sobre el origen de <a title=\"Link a Wikipedis sobre vinos de Espa\u00f1a\" href=\"https:\/\/es.wikipedia.org\/wiki\/Vinos_de_Espa%C3%B1a\" target=\"_blank\" rel=\"noopener\"><strong>los vinos espa\u00f1oles<\/strong><\/a>. Si crees que existe alguna inexactitud, por favor ind\u00edcanoslo con tu comentario. Seguro que podemos mejorar este art\u00edculo.<\/p>\n<p>&nbsp;<\/p>\n<h4>Otros art\u00edculos relacionados<\/h4>\n<p><strong>\u2022 <\/strong><a title=\"C\u00f3mo se elabora un vino blanco\" href=\"http:\/\/destinocastillayleon.es\/index\/como-se-elabora-vino-blanco\/\" target=\"_blank\" rel=\"noopener\"><span style=\"color: #000000;\">C\u00f3mo se elabora un vino blanco<\/span><\/a>.<br \/>\n<strong>\u2022 <\/strong><a title=\"C\u00f3mo se elabora el vino tinto\" href=\"http:\/\/destinocastillayleon.es\/index\/como-se-elabora-el-vino-tinto\/\" target=\"_blank\" rel=\"noopener\"><span style=\"color: #000000;\">C\u00f3mo se elabora un vino tinto<\/span><\/a>.<br \/>\n<strong>\u2022 <\/strong><a title=\"Ficha de Cata, aprende a catar como un profesional\" href=\"http:\/\/destinocastillayleon.es\/index\/ficha-de-cata-la-metodologia-para-degustar-buen-vino\/\" target=\"_blank\" rel=\"noopener\"><span style=\"color: #000000;\">Ficha de Cata, aprende a catar como un profesional<\/span><\/a>.<br \/>\n<strong>\u2022 <\/strong><a title=\"Conoce Pe\u00f1afile, el coraz\u00f3n de la Ribera del Duero\" href=\"http:\/\/destinocastillayleon.es\/index\/visitar-penafiel\/\" target=\"_blank\" rel=\"noopener\"><span style=\"color: #000000;\">Descubre Pe\u00f1afiel, la cuna de la Ribera del Duero<\/span><\/a>.<br \/>\n<strong>\u2022 <\/strong><a title=\"Enlace a nuestra entrada sobre la gastroexperiencia en el Restaurante 'Los Chicos' de Villaverde de \u00cdscar\" href=\"http:\/\/destinocastillayleon.es\/index\/comer-en-el-restaurante-los-chicos-en-villaverde-de-iscar\/\" target=\"_blank\" rel=\"noopener\"><span style=\"color: #000000;\">Nuestra gastroexperiencia en el Restaurante &#8216;Los Chicos&#8217; de Villaverde de \u00cdscar<\/span><\/a>.<br \/>\n<strong>\u2022 <\/strong><a href=\"http:\/\/destinocastillayleon.es\/index\/este-fin-de-semana-vamonos-aranda-de-duero\/\"><span style=\"color: #000000;\">Este fin de semana, v\u00e1monos de tapas en Aranda de Duero<\/span><\/a>.<br \/>\n<strong>\u2022 <\/strong><a href=\"http:\/\/destinocastillayleon.es\/index\/nuestro-pais-necesita-del-turismo-del-vino-entrevista-manuel-colmenero-larriba\/\"><span style=\"color: #000000;\">\u201cNuestro pa\u00eds necesita del turismo del vino\u201d, entrevista a Manuel Colmenero Larriba<\/span><\/a>.<\/p>\n<p>&nbsp;<\/p>\n","protected":false},"excerpt":{"rendered":"<p>Relatamos r\u00e1pidamente el origen del vino en Castilla y Le\u00f3n, como a inicio de la edad media estuvimos cerca de perderlos y c\u00f3mo los recuperamos.<\/p>\n","protected":false},"author":2,"featured_media":2840,"comment_status":"open","ping_status":"closed","sticky":false,"template":"","format":"standard","meta":{"rop_custom_images_group":[],"rop_custom_messages_group":[],"rop_publish_now":"initial","rop_publish_now_accounts":{"twitter_1150954226_1150954226":""},"rop_publish_now_history":[],"rop_publish_now_status":"pending","footnotes":""},"categories":[77,381,385,63,68,1],"tags":[575,1884,312,1883,289,1882,514,4886],"class_list":["post-2822","post","type-post","status-publish","format-standard","has-post-thumbnail","hentry","category-actualidad-y-agenda-de-castilla-y-leon","category-aprendiendo_de_vinos","category-historia-rutas-2","category-leon","category-post_inicial","category-uncategorized","tag-historia-de-castilla-y-leon","tag-historia-de-los-vinos-de-castilla-y-leon","tag-historia-del-vino","tag-origen-del-vino","tag-turismo-enologico","tag-variedades-de-uva-en-castilla-y-leon","tag-vinos-de-castilla-y-leon","tag-vinos-de-espana"],"yoast_head":"<!-- This site is optimized with the Yoast SEO Premium plugin v20.4 (Yoast SEO v27.4) - https:\/\/yoast.com\/product\/yoast-seo-premium-wordpress\/ -->\n<title>Historia y origen del vino en Castilla y Le\u00f3n - Enoturismo DestinoCyL<\/title>\n<meta name=\"description\" content=\"Relatamos r\u00e1pidamente el origen del vino en Castilla y Le\u00f3n, como a inicio de la edad media estuvimos cerca de perderlos y c\u00f3mo los recuperamos.\" \/>\n<meta name=\"robots\" content=\"index, follow, max-snippet:-1, max-image-preview:large, max-video-preview:-1\" \/>\n<link rel=\"canonical\" href=\"https:\/\/destinocastillayleon.es\/index\/el-origen-del-vino-en-castilla-leon\/\" \/>\n<meta property=\"og:locale\" content=\"es_ES\" \/>\n<meta property=\"og:type\" content=\"article\" \/>\n<meta property=\"og:title\" content=\"El Origen del vino en Castilla y Le\u00f3n\" \/>\n<meta property=\"og:description\" content=\"Relatamos r\u00e1pidamente el origen del vino en Castilla y Le\u00f3n, como a inicio de la edad media estuvimos cerca de perderlos y c\u00f3mo los recuperamos.\" \/>\n<meta property=\"og:url\" content=\"https:\/\/destinocastillayleon.es\/index\/el-origen-del-vino-en-castilla-leon\/\" \/>\n<meta property=\"og:site_name\" content=\"Destino Castilla y Le\u00f3n\" \/>\n<meta property=\"article:publisher\" content=\"https:\/\/www.facebook.com\/DestinoCastillaYLeon\/\" \/>\n<meta property=\"article:author\" content=\"https:\/\/www.facebook.com\/profile.php?id=1158416854\" \/>\n<meta property=\"article:published_time\" content=\"2013-05-22T14:37:55+00:00\" \/>\n<meta property=\"article:modified_time\" content=\"2019-04-30T08:10:36+00:00\" \/>\n<meta property=\"og:image\" content=\"https:\/\/destinocastillayleon.es\/index\/wp-content\/uploads\/2013\/05\/santa_maria_valbuena_propias_exterior_vinyedos1-big.jpg\" \/>\n\t<meta property=\"og:image:width\" content=\"600\" \/>\n\t<meta property=\"og:image:height\" content=\"401\" \/>\n\t<meta property=\"og:image:type\" content=\"image\/jpeg\" \/>\n<meta name=\"author\" content=\"David V\u00e1zquez\" \/>\n<meta name=\"twitter:card\" content=\"summary_large_image\" \/>\n<meta name=\"twitter:creator\" content=\"@https:\/\/twitter.com\/ContePantaleone\u200e\" \/>\n<meta name=\"twitter:site\" content=\"@destinocyl\" \/>\n<meta name=\"twitter:label1\" content=\"Escrito por\" \/>\n\t<meta name=\"twitter:data1\" content=\"David V\u00e1zquez\" \/>\n\t<meta name=\"twitter:label2\" content=\"Tiempo de lectura\" \/>\n\t<meta name=\"twitter:data2\" content=\"4 minutos\" \/>\n<script type=\"application\/ld+json\" class=\"yoast-schema-graph\">{\"@context\":\"https:\\\/\\\/schema.org\",\"@graph\":[{\"@type\":\"Article\",\"@id\":\"https:\\\/\\\/destinocastillayleon.es\\\/index\\\/el-origen-del-vino-en-castilla-leon\\\/#article\",\"isPartOf\":{\"@id\":\"https:\\\/\\\/destinocastillayleon.es\\\/index\\\/el-origen-del-vino-en-castilla-leon\\\/\"},\"author\":{\"name\":\"David V\u00e1zquez\",\"@id\":\"https:\\\/\\\/destinocastillayleon.es\\\/index\\\/#\\\/schema\\\/person\\\/189221bc8f6cc4fa28b18ad5c289d4c2\"},\"headline\":\"El Origen del vino en Castilla y Le\u00f3n\",\"datePublished\":\"2013-05-22T14:37:55+00:00\",\"dateModified\":\"2019-04-30T08:10:36+00:00\",\"mainEntityOfPage\":{\"@id\":\"https:\\\/\\\/destinocastillayleon.es\\\/index\\\/el-origen-del-vino-en-castilla-leon\\\/\"},\"wordCount\":814,\"commentCount\":4,\"image\":{\"@id\":\"https:\\\/\\\/destinocastillayleon.es\\\/index\\\/el-origen-del-vino-en-castilla-leon\\\/#primaryimage\"},\"thumbnailUrl\":\"https:\\\/\\\/destinocastillayleon.es\\\/index\\\/wp-content\\\/uploads\\\/2013\\\/05\\\/santa_maria_valbuena_propias_exterior_vinyedos1-big.jpg\",\"keywords\":[\"Historia de Castilla y Le\u00f3n\",\"historia de los vinos de Castilla y Le\u00f3n\",\"historia del vino\",\"origen del vino\",\"turismo enologico\",\"variedades de uva en castilla y Le\u00f3n\",\"vinos de Castilla y Le\u00f3n\",\"vinos de espa\u00f1a\"],\"articleSection\":[\"Actualidad\",\"Aprendiendo_de_vinos\",\"Historia y Leyendas de Castilla y Le\u00f3n\",\"Leon\",\"Post_inicial\",\"Uncategorized\"],\"inLanguage\":\"es\",\"potentialAction\":[{\"@type\":\"CommentAction\",\"name\":\"Comment\",\"target\":[\"https:\\\/\\\/destinocastillayleon.es\\\/index\\\/el-origen-del-vino-en-castilla-leon\\\/#respond\"]}]},{\"@type\":\"WebPage\",\"@id\":\"https:\\\/\\\/destinocastillayleon.es\\\/index\\\/el-origen-del-vino-en-castilla-leon\\\/\",\"url\":\"https:\\\/\\\/destinocastillayleon.es\\\/index\\\/el-origen-del-vino-en-castilla-leon\\\/\",\"name\":\"Historia y origen del vino en Castilla y Le\u00f3n - Enoturismo DestinoCyL\",\"isPartOf\":{\"@id\":\"https:\\\/\\\/destinocastillayleon.es\\\/index\\\/#website\"},\"primaryImageOfPage\":{\"@id\":\"https:\\\/\\\/destinocastillayleon.es\\\/index\\\/el-origen-del-vino-en-castilla-leon\\\/#primaryimage\"},\"image\":{\"@id\":\"https:\\\/\\\/destinocastillayleon.es\\\/index\\\/el-origen-del-vino-en-castilla-leon\\\/#primaryimage\"},\"thumbnailUrl\":\"https:\\\/\\\/destinocastillayleon.es\\\/index\\\/wp-content\\\/uploads\\\/2013\\\/05\\\/santa_maria_valbuena_propias_exterior_vinyedos1-big.jpg\",\"datePublished\":\"2013-05-22T14:37:55+00:00\",\"dateModified\":\"2019-04-30T08:10:36+00:00\",\"author\":{\"@id\":\"https:\\\/\\\/destinocastillayleon.es\\\/index\\\/#\\\/schema\\\/person\\\/189221bc8f6cc4fa28b18ad5c289d4c2\"},\"description\":\"Relatamos r\u00e1pidamente el origen del vino en Castilla y Le\u00f3n, como a inicio de la edad media estuvimos cerca de perderlos y c\u00f3mo los recuperamos.\",\"breadcrumb\":{\"@id\":\"https:\\\/\\\/destinocastillayleon.es\\\/index\\\/el-origen-del-vino-en-castilla-leon\\\/#breadcrumb\"},\"inLanguage\":\"es\",\"potentialAction\":[{\"@type\":\"ReadAction\",\"target\":[\"https:\\\/\\\/destinocastillayleon.es\\\/index\\\/el-origen-del-vino-en-castilla-leon\\\/\"]}]},{\"@type\":\"ImageObject\",\"inLanguage\":\"es\",\"@id\":\"https:\\\/\\\/destinocastillayleon.es\\\/index\\\/el-origen-del-vino-en-castilla-leon\\\/#primaryimage\",\"url\":\"https:\\\/\\\/destinocastillayleon.es\\\/index\\\/wp-content\\\/uploads\\\/2013\\\/05\\\/santa_maria_valbuena_propias_exterior_vinyedos1-big.jpg\",\"contentUrl\":\"https:\\\/\\\/destinocastillayleon.es\\\/index\\\/wp-content\\\/uploads\\\/2013\\\/05\\\/santa_maria_valbuena_propias_exterior_vinyedos1-big.jpg\",\"width\":600,\"height\":401},{\"@type\":\"BreadcrumbList\",\"@id\":\"https:\\\/\\\/destinocastillayleon.es\\\/index\\\/el-origen-del-vino-en-castilla-leon\\\/#breadcrumb\",\"itemListElement\":[{\"@type\":\"ListItem\",\"position\":1,\"name\":\"Portada\",\"item\":\"https:\\\/\\\/destinocastillayleon.es\\\/index\\\/\"},{\"@type\":\"ListItem\",\"position\":2,\"name\":\"El Origen del vino en Castilla y Le\u00f3n\"}]},{\"@type\":\"WebSite\",\"@id\":\"https:\\\/\\\/destinocastillayleon.es\\\/index\\\/#website\",\"url\":\"https:\\\/\\\/destinocastillayleon.es\\\/index\\\/\",\"name\":\"Destino Castilla y Le\u00f3n\",\"description\":\"Medio digital independiente y revista de Castilla y Le\u00f3n dedicado al turismo, gastronom\u00eda y vino de Castilla y Le\u00f3n\",\"potentialAction\":[{\"@type\":\"SearchAction\",\"target\":{\"@type\":\"EntryPoint\",\"urlTemplate\":\"https:\\\/\\\/destinocastillayleon.es\\\/index\\\/?s={search_term_string}\"},\"query-input\":{\"@type\":\"PropertyValueSpecification\",\"valueRequired\":true,\"valueName\":\"search_term_string\"}}],\"inLanguage\":\"es\"},{\"@type\":\"Person\",\"@id\":\"https:\\\/\\\/destinocastillayleon.es\\\/index\\\/#\\\/schema\\\/person\\\/189221bc8f6cc4fa28b18ad5c289d4c2\",\"name\":\"David V\u00e1zquez\",\"image\":{\"@type\":\"ImageObject\",\"inLanguage\":\"es\",\"@id\":\"https:\\\/\\\/secure.gravatar.com\\\/avatar\\\/cd12db6c575a90c3b75cfa0f794b74d425201c768612fad17e9f13cd33d48be8?s=96&d=mm&r=g\",\"url\":\"https:\\\/\\\/secure.gravatar.com\\\/avatar\\\/cd12db6c575a90c3b75cfa0f794b74d425201c768612fad17e9f13cd33d48be8?s=96&d=mm&r=g\",\"contentUrl\":\"https:\\\/\\\/secure.gravatar.com\\\/avatar\\\/cd12db6c575a90c3b75cfa0f794b74d425201c768612fad17e9f13cd33d48be8?s=96&d=mm&r=g\",\"caption\":\"David V\u00e1zquez\"},\"description\":\"Ingeniero Industrial de vocaci\u00f3n y profesi\u00f3n, he encontrado en los blogs la forma de plasmar mi pasi\u00f3n por los viajes, la gastronom\u00eda y los vinos. Especialmente los procedentes de Castilla y Le\u00f3n\",\"sameAs\":[\"https:\\\/\\\/www.destinocastillayleon.es\",\"https:\\\/\\\/www.facebook.com\\\/profile.php?id=1158416854\",\"https:\\\/\\\/instagram.com\\\/conte.pantaleone\",\"https:\\\/\\\/www.linkedin.com\\\/pub\\\/david-vazquez-lozano\\\/37\\\/17a\\\/25a\",\"https:\\\/\\\/x.com\\\/https:\\\/\\\/twitter.com\\\/ContePantaleone\u200e\"],\"url\":\"https:\\\/\\\/destinocastillayleon.es\\\/index\\\/author\\\/coadministradorcyl\\\/\"}]}<\/script>\n<!-- \/ Yoast SEO Premium plugin. -->","yoast_head_json":{"title":"Historia y origen del vino en Castilla y Le\u00f3n - Enoturismo DestinoCyL","description":"Relatamos r\u00e1pidamente el origen del vino en Castilla y Le\u00f3n, como a inicio de la edad media estuvimos cerca de perderlos y c\u00f3mo los recuperamos.","robots":{"index":"index","follow":"follow","max-snippet":"max-snippet:-1","max-image-preview":"max-image-preview:large","max-video-preview":"max-video-preview:-1"},"canonical":"https:\/\/destinocastillayleon.es\/index\/el-origen-del-vino-en-castilla-leon\/","og_locale":"es_ES","og_type":"article","og_title":"El Origen del vino en Castilla y Le\u00f3n","og_description":"Relatamos r\u00e1pidamente el origen del vino en Castilla y Le\u00f3n, como a inicio de la edad media estuvimos cerca de perderlos y c\u00f3mo los recuperamos.","og_url":"https:\/\/destinocastillayleon.es\/index\/el-origen-del-vino-en-castilla-leon\/","og_site_name":"Destino Castilla y Le\u00f3n","article_publisher":"https:\/\/www.facebook.com\/DestinoCastillaYLeon\/","article_author":"https:\/\/www.facebook.com\/profile.php?id=1158416854","article_published_time":"2013-05-22T14:37:55+00:00","article_modified_time":"2019-04-30T08:10:36+00:00","og_image":[{"width":600,"height":401,"url":"https:\/\/destinocastillayleon.es\/index\/wp-content\/uploads\/2013\/05\/santa_maria_valbuena_propias_exterior_vinyedos1-big.jpg","type":"image\/jpeg"}],"author":"David V\u00e1zquez","twitter_card":"summary_large_image","twitter_creator":"@https:\/\/twitter.com\/ContePantaleone\u200e","twitter_site":"@destinocyl","twitter_misc":{"Escrito por":"David V\u00e1zquez","Tiempo de lectura":"4 minutos"},"schema":{"@context":"https:\/\/schema.org","@graph":[{"@type":"Article","@id":"https:\/\/destinocastillayleon.es\/index\/el-origen-del-vino-en-castilla-leon\/#article","isPartOf":{"@id":"https:\/\/destinocastillayleon.es\/index\/el-origen-del-vino-en-castilla-leon\/"},"author":{"name":"David V\u00e1zquez","@id":"https:\/\/destinocastillayleon.es\/index\/#\/schema\/person\/189221bc8f6cc4fa28b18ad5c289d4c2"},"headline":"El Origen del vino en Castilla y Le\u00f3n","datePublished":"2013-05-22T14:37:55+00:00","dateModified":"2019-04-30T08:10:36+00:00","mainEntityOfPage":{"@id":"https:\/\/destinocastillayleon.es\/index\/el-origen-del-vino-en-castilla-leon\/"},"wordCount":814,"commentCount":4,"image":{"@id":"https:\/\/destinocastillayleon.es\/index\/el-origen-del-vino-en-castilla-leon\/#primaryimage"},"thumbnailUrl":"https:\/\/destinocastillayleon.es\/index\/wp-content\/uploads\/2013\/05\/santa_maria_valbuena_propias_exterior_vinyedos1-big.jpg","keywords":["Historia de Castilla y Le\u00f3n","historia de los vinos de Castilla y Le\u00f3n","historia del vino","origen del vino","turismo enologico","variedades de uva en castilla y Le\u00f3n","vinos de Castilla y Le\u00f3n","vinos de espa\u00f1a"],"articleSection":["Actualidad","Aprendiendo_de_vinos","Historia y Leyendas de Castilla y Le\u00f3n","Leon","Post_inicial","Uncategorized"],"inLanguage":"es","potentialAction":[{"@type":"CommentAction","name":"Comment","target":["https:\/\/destinocastillayleon.es\/index\/el-origen-del-vino-en-castilla-leon\/#respond"]}]},{"@type":"WebPage","@id":"https:\/\/destinocastillayleon.es\/index\/el-origen-del-vino-en-castilla-leon\/","url":"https:\/\/destinocastillayleon.es\/index\/el-origen-del-vino-en-castilla-leon\/","name":"Historia y origen del vino en Castilla y Le\u00f3n - Enoturismo DestinoCyL","isPartOf":{"@id":"https:\/\/destinocastillayleon.es\/index\/#website"},"primaryImageOfPage":{"@id":"https:\/\/destinocastillayleon.es\/index\/el-origen-del-vino-en-castilla-leon\/#primaryimage"},"image":{"@id":"https:\/\/destinocastillayleon.es\/index\/el-origen-del-vino-en-castilla-leon\/#primaryimage"},"thumbnailUrl":"https:\/\/destinocastillayleon.es\/index\/wp-content\/uploads\/2013\/05\/santa_maria_valbuena_propias_exterior_vinyedos1-big.jpg","datePublished":"2013-05-22T14:37:55+00:00","dateModified":"2019-04-30T08:10:36+00:00","author":{"@id":"https:\/\/destinocastillayleon.es\/index\/#\/schema\/person\/189221bc8f6cc4fa28b18ad5c289d4c2"},"description":"Relatamos r\u00e1pidamente el origen del vino en Castilla y Le\u00f3n, como a inicio de la edad media estuvimos cerca de perderlos y c\u00f3mo los recuperamos.","breadcrumb":{"@id":"https:\/\/destinocastillayleon.es\/index\/el-origen-del-vino-en-castilla-leon\/#breadcrumb"},"inLanguage":"es","potentialAction":[{"@type":"ReadAction","target":["https:\/\/destinocastillayleon.es\/index\/el-origen-del-vino-en-castilla-leon\/"]}]},{"@type":"ImageObject","inLanguage":"es","@id":"https:\/\/destinocastillayleon.es\/index\/el-origen-del-vino-en-castilla-leon\/#primaryimage","url":"https:\/\/destinocastillayleon.es\/index\/wp-content\/uploads\/2013\/05\/santa_maria_valbuena_propias_exterior_vinyedos1-big.jpg","contentUrl":"https:\/\/destinocastillayleon.es\/index\/wp-content\/uploads\/2013\/05\/santa_maria_valbuena_propias_exterior_vinyedos1-big.jpg","width":600,"height":401},{"@type":"BreadcrumbList","@id":"https:\/\/destinocastillayleon.es\/index\/el-origen-del-vino-en-castilla-leon\/#breadcrumb","itemListElement":[{"@type":"ListItem","position":1,"name":"Portada","item":"https:\/\/destinocastillayleon.es\/index\/"},{"@type":"ListItem","position":2,"name":"El Origen del vino en Castilla y Le\u00f3n"}]},{"@type":"WebSite","@id":"https:\/\/destinocastillayleon.es\/index\/#website","url":"https:\/\/destinocastillayleon.es\/index\/","name":"Destino Castilla y Le\u00f3n","description":"Medio digital independiente y revista de Castilla y Le\u00f3n dedicado al turismo, gastronom\u00eda y vino de Castilla y Le\u00f3n","potentialAction":[{"@type":"SearchAction","target":{"@type":"EntryPoint","urlTemplate":"https:\/\/destinocastillayleon.es\/index\/?s={search_term_string}"},"query-input":{"@type":"PropertyValueSpecification","valueRequired":true,"valueName":"search_term_string"}}],"inLanguage":"es"},{"@type":"Person","@id":"https:\/\/destinocastillayleon.es\/index\/#\/schema\/person\/189221bc8f6cc4fa28b18ad5c289d4c2","name":"David V\u00e1zquez","image":{"@type":"ImageObject","inLanguage":"es","@id":"https:\/\/secure.gravatar.com\/avatar\/cd12db6c575a90c3b75cfa0f794b74d425201c768612fad17e9f13cd33d48be8?s=96&d=mm&r=g","url":"https:\/\/secure.gravatar.com\/avatar\/cd12db6c575a90c3b75cfa0f794b74d425201c768612fad17e9f13cd33d48be8?s=96&d=mm&r=g","contentUrl":"https:\/\/secure.gravatar.com\/avatar\/cd12db6c575a90c3b75cfa0f794b74d425201c768612fad17e9f13cd33d48be8?s=96&d=mm&r=g","caption":"David V\u00e1zquez"},"description":"Ingeniero Industrial de vocaci\u00f3n y profesi\u00f3n, he encontrado en los blogs la forma de plasmar mi pasi\u00f3n por los viajes, la gastronom\u00eda y los vinos. Especialmente los procedentes de Castilla y Le\u00f3n","sameAs":["https:\/\/www.destinocastillayleon.es","https:\/\/www.facebook.com\/profile.php?id=1158416854","https:\/\/instagram.com\/conte.pantaleone","https:\/\/www.linkedin.com\/pub\/david-vazquez-lozano\/37\/17a\/25a","https:\/\/x.com\/https:\/\/twitter.com\/ContePantaleone\u200e"],"url":"https:\/\/destinocastillayleon.es\/index\/author\/coadministradorcyl\/"}]}},"_links":{"self":[{"href":"https:\/\/destinocastillayleon.es\/index\/wp-json\/wp\/v2\/posts\/2822","targetHints":{"allow":["GET"]}}],"collection":[{"href":"https:\/\/destinocastillayleon.es\/index\/wp-json\/wp\/v2\/posts"}],"about":[{"href":"https:\/\/destinocastillayleon.es\/index\/wp-json\/wp\/v2\/types\/post"}],"author":[{"embeddable":true,"href":"https:\/\/destinocastillayleon.es\/index\/wp-json\/wp\/v2\/users\/2"}],"replies":[{"embeddable":true,"href":"https:\/\/destinocastillayleon.es\/index\/wp-json\/wp\/v2\/comments?post=2822"}],"version-history":[{"count":50,"href":"https:\/\/destinocastillayleon.es\/index\/wp-json\/wp\/v2\/posts\/2822\/revisions"}],"predecessor-version":[{"id":30408,"href":"https:\/\/destinocastillayleon.es\/index\/wp-json\/wp\/v2\/posts\/2822\/revisions\/30408"}],"wp:featuredmedia":[{"embeddable":true,"href":"https:\/\/destinocastillayleon.es\/index\/wp-json\/wp\/v2\/media\/2840"}],"wp:attachment":[{"href":"https:\/\/destinocastillayleon.es\/index\/wp-json\/wp\/v2\/media?parent=2822"}],"wp:term":[{"taxonomy":"category","embeddable":true,"href":"https:\/\/destinocastillayleon.es\/index\/wp-json\/wp\/v2\/categories?post=2822"},{"taxonomy":"post_tag","embeddable":true,"href":"https:\/\/destinocastillayleon.es\/index\/wp-json\/wp\/v2\/tags?post=2822"}],"curies":[{"name":"wp","href":"https:\/\/api.w.org\/{rel}","templated":true}]}}