{"id":27598,"date":"2018-03-07T14:44:05","date_gmt":"2018-03-07T13:44:05","guid":{"rendered":"http:\/\/destinocastillayleon.es\/index\/?p=27598"},"modified":"2018-03-08T06:36:42","modified_gmt":"2018-03-08T05:36:42","slug":"jornadas-gastronomicas-de-castilla-y-leon-para-disfrutar-en-marzo","status":"publish","type":"post","link":"https:\/\/destinocastillayleon.es\/index\/jornadas-gastronomicas-de-castilla-y-leon-para-disfrutar-en-marzo\/","title":{"rendered":"Jornadas Gastron\u00f3micas de Castilla y Le\u00f3n para disfrutar en marzo"},"content":{"rendered":"<p>Est\u00e1 siendo un invierno duro. Temporal tras temporal, parece que los vientos fr\u00edos de Siberia no nos dan ni un respiro. Al menos tenemos algo importante para combatir el fr\u00edo en Castilla y Le\u00f3n, nuestra gastronom\u00eda. \u00bfA qui\u00e9n no le entona el cuerpo un buen plato de cuchara o\u00a0 un lechazo asado en un fr\u00edo d\u00eda de invierno? <strong>El mes de marzo viene cargado de jornadas gastron\u00f3micas por toda Castilla y Le\u00f3n.<\/strong> Desc\u00fabrelas y disfr\u00fatalas, no hay mejor forma para luchar como valkirias contra el fr\u00edo, que un delicioso plato y una buena copa de vino tinto&#8230;<\/p>\n<h2>1. Jornadas Gastron\u00f3micas del Lechazo Asado en Zamora<\/h2>\n<p>Se trata de <strong>la cuarta edici\u00f3n<\/strong> de estas jornadas en las que se pone en valor el tradicional plato de lechazo asado, t\u00edpico tambi\u00e9n de tierras zamoranas. <strong>Del 1 al 18 de marzo<\/strong> podr\u00e1s disfrutar de una gran variedad de men\u00fas cuyo plato estrella es el lechazo asado, en m\u00e1s de una veintena de restaurantes de Zamora y su provincia. Encuentra m\u00e1s info aqu\u00ed:\u00a0<em>www.ilovelechazo.com<\/em><\/p>\n<figure id=\"attachment_27601\" aria-describedby=\"caption-attachment-27601\" style=\"width: 850px\" class=\"wp-caption aligncenter\"><img decoding=\"async\" class=\"size-full wp-image-27601\" src=\"http:\/\/destinocastillayleon.es\/index\/wp-content\/uploads\/2018\/03\/jornadas-del-lechazo-asado-de-Zamora-2018.jpg\" alt=\"jornadas del lechazo asado de Zamora 2018\" width=\"850\" height=\"352\" srcset=\"https:\/\/destinocastillayleon.es\/index\/wp-content\/uploads\/2018\/03\/jornadas-del-lechazo-asado-de-Zamora-2018.jpg 850w, https:\/\/destinocastillayleon.es\/index\/wp-content\/uploads\/2018\/03\/jornadas-del-lechazo-asado-de-Zamora-2018-300x124.jpg 300w, https:\/\/destinocastillayleon.es\/index\/wp-content\/uploads\/2018\/03\/jornadas-del-lechazo-asado-de-Zamora-2018-768x318.jpg 768w\" sizes=\"(max-width: 850px) 100vw, 850px\" \/><figcaption id=\"caption-attachment-27601\" class=\"wp-caption-text\">jornadas del lechazo asado de Zamora 2018<\/figcaption><\/figure>\n<h2>2. Jornadas de la Matanza en Burgo de Osma (Soria) \u00a1La Cerdoexperiencia!<\/h2>\n<p>Toma asiento, ponte el babero, coge el cuchillo y el tenedor y&#8230; \u00a1disfruta de la Cerdoexperiencia! Este a\u00f1o se celebra la 44 edici\u00f3n de las Jornadas de la Matanza en el Burgo de Osma que ya son toda una tradici\u00f3n. Empiezan<strong>\u00a0el fin de semana del 20 de enero y finalizar\u00e1n el domingo 15 de abril y se celebran en el Hotel Restaurante Virrey de Palafox en Burgo de Osma (Soria).\u00a0<\/strong>El men\u00fa <strong>consta de\u00a022 platos<\/strong> que puedes disfrutar tanto los s\u00e1bados como los domingos. A partir de marzo habr\u00e1 nuevo verm\u00fa matancero. Cada a\u00f1o, da el pistoletazo de salida a las jornadas alg\u00fan personaje relevante. Luis del Olmo, Camilo Jos\u00e9 Cela, Chumy Ch\u00famez, Jes\u00fas Cintora, Miguel \u00c1ngel Revilla, Maxim Huerta y muchos m\u00e1s han disfrutado ya de estas jornadas, mezcla de gastronom\u00eda y fiesta. Encuentra m\u00e1s info en\u00a0<em>www.jornadasdelamatanza.com<\/em><\/p>\n<figure id=\"attachment_27632\" aria-describedby=\"caption-attachment-27632\" style=\"width: 397px\" class=\"wp-caption aligncenter\"><img decoding=\"async\" class=\"size-full wp-image-27632\" src=\"http:\/\/destinocastillayleon.es\/index\/wp-content\/uploads\/2018\/03\/Jornadas-de-la-Matanza-en-Burgo-de-Osma.jpg\" alt=\"Jornadas de la Matanza en Burgo de Osma\" width=\"397\" height=\"531\" srcset=\"https:\/\/destinocastillayleon.es\/index\/wp-content\/uploads\/2018\/03\/Jornadas-de-la-Matanza-en-Burgo-de-Osma.jpg 397w, https:\/\/destinocastillayleon.es\/index\/wp-content\/uploads\/2018\/03\/Jornadas-de-la-Matanza-en-Burgo-de-Osma-224x300.jpg 224w\" sizes=\"(max-width: 397px) 100vw, 397px\" \/><figcaption id=\"caption-attachment-27632\" class=\"wp-caption-text\">Jornadas de la Matanza en Burgo de Osma<\/figcaption><\/figure>\n<h2>3.\u00a0<strong>Las jornadas carn\u00edvoras Meat Attack en Valladolid<\/strong><\/h2>\n<p>Del 1 la 18 de marzo, se celebra una edici\u00f3n m\u00e1s de estas jornadas carn\u00edvoras comienza en Valladolid . <a href=\"http:\/\/www.jimenezbarbero.com\/\u00edndex.php\">La Finca de Jim\u00e9nez Barbero<\/a> vuelve a mostrar la excelencia de su carne, procedente de animales criados en un entorno y condiciones \u00fanicas de explotaci\u00f3n ganadera pionera en el mundo. <strong>La \u201cCarne de la Felicidad\u201d<\/strong> es la protagonista de <strong><em>Meat Attack<\/em>, la <\/strong><em><strong>III Jornada Carn\u00edvora<\/strong> <\/em>que La Finca celebra en Valladolid y que se podr\u00e1 degustar en los men\u00fas propuestos para la ocasi\u00f3n por <strong>28 restaurantes de la provincia.\u00a0<\/strong><\/p>\n<figure id=\"attachment_27623\" aria-describedby=\"caption-attachment-27623\" style=\"width: 384px\" class=\"wp-caption aligncenter\"><img decoding=\"async\" class=\"size-full wp-image-27623\" src=\"http:\/\/destinocastillayleon.es\/index\/wp-content\/uploads\/2018\/03\/3f40c40d308414cc50502988c77d975d.jpg\" alt=\"Las jornadas carn\u00edvoras Meat Attack vuelven a Valladolid\" width=\"384\" height=\"531\" srcset=\"https:\/\/destinocastillayleon.es\/index\/wp-content\/uploads\/2018\/03\/3f40c40d308414cc50502988c77d975d.jpg 384w, https:\/\/destinocastillayleon.es\/index\/wp-content\/uploads\/2018\/03\/3f40c40d308414cc50502988c77d975d-217x300.jpg 217w, https:\/\/destinocastillayleon.es\/index\/wp-content\/uploads\/2018\/03\/3f40c40d308414cc50502988c77d975d-578x800.jpg 578w\" sizes=\"(max-width: 384px) 100vw, 384px\" \/><figcaption id=\"caption-attachment-27623\" class=\"wp-caption-text\">Las jornadas carn\u00edvoras Meat Attack vuelven a Valladolid<\/figcaption><\/figure>\n<p>Bodega La Delicia, Brook Steak Burguer Padilla, Brook Steak Burguer Arroyo, Casa del Arte, Casino Roxy, Corinto, El Aderezo, El Alboroque, El Foro de Rueda, El Mortero, El Tr\u00e9bol, Exkabetxina, Fuego Bendito, Gastrobar Sabores, Gastrolava, Jimeno Factor\u00eda, La Cacat\u00faa, La cantina, La Cotorra, La Martina, La Malquerida, La P\u00edcara, La Teta y La Luna, Las 3 bellotas, Restaurante M\u00f3naco, Rioluz Gastronom\u00eda, Sal\u00f3n Chico y The Bowie<\/p>\n<h2><strong>4.\u00a0Jornadas Gastron\u00f3micas\u00a0\u00abLas Tentaciones del Rey\u00bb en el Bierzo<\/strong><\/h2>\n<p>Las Tentaciones del Rey 2018, son las <strong>terceras Jornadas Gastron\u00f3micas del Botillo del Bierzo,<\/strong>\u00a0y se celebran del 1<strong> de marzo al 1 de abril.<\/strong> En esta ocasi\u00f3n participan<strong> m\u00e1s de una veintena de restaurantes<\/strong> ofreciendo un men\u00fa con el Botillo del Bierzo como protagonista, en algunos casos con su presentaci\u00f3n tradicional y en otros con algunos platillos elaborados con este producto que goza de la Indicaci\u00f3n Geogr\u00e1fica Protegida.<\/p>\n<figure id=\"attachment_27624\" aria-describedby=\"caption-attachment-27624\" style=\"width: 639px\" class=\"wp-caption aligncenter\"><img decoding=\"async\" class=\"size-full wp-image-27624\" src=\"http:\/\/destinocastillayleon.es\/index\/wp-content\/uploads\/2018\/03\/11a6fd43b5d81bf21e678c5d94e78b55.jpg\" alt=\"Las Tentaciones del Rey 2018. Jornadas Gastron\u00f3micas del Botillo del Bierzo\" width=\"639\" height=\"531\" srcset=\"https:\/\/destinocastillayleon.es\/index\/wp-content\/uploads\/2018\/03\/11a6fd43b5d81bf21e678c5d94e78b55.jpg 639w, https:\/\/destinocastillayleon.es\/index\/wp-content\/uploads\/2018\/03\/11a6fd43b5d81bf21e678c5d94e78b55-300x249.jpg 300w\" sizes=\"(max-width: 639px) 100vw, 639px\" \/><figcaption id=\"caption-attachment-27624\" class=\"wp-caption-text\">Las Tentaciones del Rey 2018. Jornadas Gastron\u00f3micas del Botillo del Bierzo<\/figcaption><\/figure>\n<p>Los restaurantes participantes en las\u00a0<strong>jornadas gastron\u00f3micas del Botillo del Bierzo son:\u00a0<\/strong>Moncloa de San L\u00e1zaro (Cacabelos), Restaurante Plaza (Ponferrada), Restaurante El Castillo (Ponferrada), Restaurante El Bayo (Cubillos del Sil), Mes\u00f3n Se\u00f1or\u00edo del Bierzo (Bembibre), Restaurante Sevilla (Villafranca), La Casa del Botillo (Ponferrada), Parador de Villafranca (Villafranca), Hotel Rural La Tronera (Villadepalos), Restaurante La Playa (Ig\u00fce\u00f1a), Mes\u00f3n El Acebo (El Acebo), Mes\u00f3n El Palacio (Molinaseca), Hotel Rural La Bolera (Robles de Laciana), Hostal La Terraza (Villaseca de Laciana), Orqu\u00eddea Real (Villablino), Mes\u00f3n del Tres Porti\u00f1as (Ponferrada), Restaurante Rosita Milagros (Ponferrada), Hostal Restaurante Classic (Cuatrovientos, Ponferrada), Palacio Canedo (Canedo), Mes\u00f3n Agoga (Las M\u00e9dulas), Mes\u00f3n El Reloj (Camponaraya), Restaurante Ca\u00f1as (Molinaseca).<\/p>\n<h2><strong>5.VIII\u00a0Jornadas\u00a0Gastron\u00f3micas\u00a0El\u00a0Lechazo\u00a0de\u00a0la\u00a0Tierra\u00a0de\u00a0Medina<\/strong><\/h2>\n<p>Del\u00a0<strong>1\u00a0de\u00a0Febrero\u00a0al\u00a019\u00a0de\u00a0marzo\u00a0de\u00a02018<\/strong>, el\u00a0Centro de Iniciativas Tur\u00edsticas Tierra de Medina junto con otras entidades colaboradoras organizan durante el mes de marzo las\u00a0Jornadas\u00a0Gastron\u00f3micas<strong>\u00a0El\u00a0Lechazo\u00a0de\u00a0la\u00a0Tierra\u00a0de\u00a0Medina <\/strong>con 8 restaurantes participantes. Lo bueno de estas jornadas es que hay <strong>un men\u00fa estructurado<\/strong>\u00a0que consta de entrante, lechazo (en sus distintas variantes seg\u00fan cada restaurante, su forma de cocinarlo y presentarlo), ensalada, pan\u00a0 Vino\u00a0Tinto\u00a0o\u00a0Blanco\u00a0D.\u00a0O.\u00a0Rueda. Postre\u00a0casero\u00a0y\u00a0caf\u00e9. Con un precio ya fijado de\u00a0(27\u00a0\u20acuros\u00a0IVA\u00a0incluido)<\/p>\n<p><img decoding=\"async\" class=\"aligncenter size-full wp-image-27625\" src=\"http:\/\/destinocastillayleon.es\/index\/wp-content\/uploads\/2018\/03\/f8133ebd6b947834d619796f3a248733.jpg\" alt=\"\" width=\"378\" height=\"531\" srcset=\"https:\/\/destinocastillayleon.es\/index\/wp-content\/uploads\/2018\/03\/f8133ebd6b947834d619796f3a248733.jpg 378w, https:\/\/destinocastillayleon.es\/index\/wp-content\/uploads\/2018\/03\/f8133ebd6b947834d619796f3a248733-213x300.jpg 213w, https:\/\/destinocastillayleon.es\/index\/wp-content\/uploads\/2018\/03\/f8133ebd6b947834d619796f3a248733-569x800.jpg 569w\" sizes=\"(max-width: 378px) 100vw, 378px\" \/><\/p>\n<p>M\u00e1s info en:\u00a0http:\/\/tierrasdemedina.com\/viii-jornadas-gastronomicas-lechazo-la-tierra-medina\/<\/p>\n<h2 class=\"r\"><strong>6. Soria&amp;Trufa: Las Jornadas Gastron\u00f3micas de la Trufa Negra de Soria<\/strong><\/h2>\n<p>Aunque el ciclo vital de la trufa abarca todo el a\u00f1o, es cierto que durante los meses de febrero y marzo <strong>es la \u00e9poca en la que se recolectan las trufas m\u00e1s grandes y arom\u00e1ticas.<\/strong> Si quieres degustar La Trufa Negra de Soria, bautizada ya como el diamante negro de la gastronom\u00eda nacional, te recomendamos: <strong>Soria&amp;Trufa.<\/strong> Unas jornadas gastron\u00f3micas promovidas por la Agrupaci\u00f3n Soriana de Hosteler\u00eda y Turismo y otros entes p\u00fablicos como la Junta de Castilla la Mancha, que han presentado una serie de establecimientos donde poder disfrutar de este manjar hasta antes de que acabe la temporada.<\/p>\n<figure id=\"attachment_27626\" aria-describedby=\"caption-attachment-27626\" style=\"width: 375px\" class=\"wp-caption aligncenter\"><img decoding=\"async\" class=\"size-full wp-image-27626\" src=\"http:\/\/destinocastillayleon.es\/index\/wp-content\/uploads\/2018\/03\/cartel-soria-trufa-2018.jpg\" alt=\"Cartel Soria&amp;Trufa 2018\" width=\"375\" height=\"531\" srcset=\"https:\/\/destinocastillayleon.es\/index\/wp-content\/uploads\/2018\/03\/cartel-soria-trufa-2018.jpg 375w, https:\/\/destinocastillayleon.es\/index\/wp-content\/uploads\/2018\/03\/cartel-soria-trufa-2018-212x300.jpg 212w, https:\/\/destinocastillayleon.es\/index\/wp-content\/uploads\/2018\/03\/cartel-soria-trufa-2018-565x800.jpg 565w\" sizes=\"(max-width: 375px) 100vw, 375px\" \/><figcaption id=\"caption-attachment-27626\" class=\"wp-caption-text\">Cartel Soria&amp;Trufa 2018<\/figcaption><\/figure>\n<h2><strong>7. IX edici\u00f3n de las jornadas gastron\u00f3micas Tost\u00f3n de Ar\u00e9valo (\u00c1vila)<\/strong><\/h2>\n<p>La Asociaci\u00f3n Arevalense de Hosteler\u00eda ASADHOS organiza,<strong> del 3 al 11 de marzo,<\/strong> la novena edici\u00f3n de las Jornadas Gastron\u00f3micas del Tost\u00f3n de Ar\u00e9valo. Durante la celebraci\u00f3n de estas jornadas se podr\u00e1 degustar<strong> un men\u00fa especial<\/strong> que han realizado todos los restaurantes de la asociaci\u00f3n y que consistir\u00e1 en:<strong> legumbres de La Mora\u00f1a, cochinillo de Ar\u00e9valo, postre casero, agua o vino de la casa y pan.\u00a0<\/strong><\/p>\n<figure id=\"attachment_27627\" aria-describedby=\"caption-attachment-27627\" style=\"width: 666px\" class=\"wp-caption aligncenter\"><img decoding=\"async\" class=\"size-full wp-image-27627\" src=\"http:\/\/destinocastillayleon.es\/index\/wp-content\/uploads\/2018\/03\/e76983ce8d7b5349de099a83981796bd.jpg\" alt=\"jornadas gastron\u00f3micas Tost\u00f3n de Ar\u00e9valo\" width=\"666\" height=\"447\" srcset=\"https:\/\/destinocastillayleon.es\/index\/wp-content\/uploads\/2018\/03\/e76983ce8d7b5349de099a83981796bd.jpg 666w, https:\/\/destinocastillayleon.es\/index\/wp-content\/uploads\/2018\/03\/e76983ce8d7b5349de099a83981796bd-300x200.jpg 300w\" sizes=\"(max-width: 666px) 100vw, 666px\" \/><figcaption id=\"caption-attachment-27627\" class=\"wp-caption-text\">jornadas gastron\u00f3micas Tost\u00f3n de Ar\u00e9valo<\/figcaption><\/figure>\n<p>Este men\u00fa, por un precio de <strong>26 euros<\/strong>, se podr\u00e1 degustar en Mes\u00f3n Alcocer, Anduri\u00f1a, El Arco, Desir\u00e9e-Casa Felipe, El Fig\u00f3n de Ar\u00e9valo, Goya, La Pinilla, Las Cubas, Los Cinco Linajes, La Posada y El Tost\u00f3n de Oro. Para disfrutar de las jornadas desde la organizaci\u00f3n aconsejan reservar con antelaci\u00f3n.<\/p>\n<h2><strong>8. Las Jornadas Gastron\u00f3micas de la Trucha en Hospital de \u00d3rbigo<\/strong><\/h2>\n<p><strong>Del 2 al 11 de marzo, <\/strong>los\u00a0amantes de la buena mesa, los pescadores y aficionados a las ca\u00f1as y anzuelos se dejar\u00e1n caer por Hospital de \u00d3rbigo para disfrutar de los exquisitos platos que elaborar\u00e1n<strong>\u00a0los restaurantes La Encomineda, Jabel y El Paso Honroso.<\/strong> Una parada obligada para disfrutar del <strong>men\u00fa degustaci\u00f3n, al precio de 25 euros,<\/strong> a base de platos tradicionales o con toques de vanguardia, cada uno con su personalidad pero donde no faltar\u00e1n las sopas de trucha o la empanada.<\/p>\n<figure id=\"attachment_27628\" aria-describedby=\"caption-attachment-27628\" style=\"width: 363px\" class=\"wp-caption aligncenter\"><img decoding=\"async\" class=\"size-full wp-image-27628\" src=\"http:\/\/destinocastillayleon.es\/index\/wp-content\/uploads\/2018\/03\/cdad07c7935eed3aa2e108c1d9119043.jpg\" alt=\"Las Jornadas Gastron\u00f3micas de la Trucha en Hospital de \u00d3rbigo\" width=\"363\" height=\"531\" srcset=\"https:\/\/destinocastillayleon.es\/index\/wp-content\/uploads\/2018\/03\/cdad07c7935eed3aa2e108c1d9119043.jpg 363w, https:\/\/destinocastillayleon.es\/index\/wp-content\/uploads\/2018\/03\/cdad07c7935eed3aa2e108c1d9119043-205x300.jpg 205w, https:\/\/destinocastillayleon.es\/index\/wp-content\/uploads\/2018\/03\/cdad07c7935eed3aa2e108c1d9119043-547x800.jpg 547w\" sizes=\"(max-width: 363px) 100vw, 363px\" \/><figcaption id=\"caption-attachment-27628\" class=\"wp-caption-text\">Las Jornadas Gastron\u00f3micas de la Trucha en Hospital de \u00d3rbigo<\/figcaption><\/figure>\n<p>Pero los platos fuertes no s\u00f3lo estar\u00e1n en las viandas, tambi\u00e9n en el programa elaborado. Pescadores profesionales ofrecer\u00e1n los dos fines de semana <strong>talleres de montaje de mosca y de lance<\/strong>.<\/p>\n<h4>Tambi\u00e9n te puede interesar&#8230;<\/h4>\n<ul>\n<li><a href=\"http:\/\/destinocastillayleon.es\/index\/chorizo-de-leon\/\">Chorizo de Le\u00f3n, una joya de la despensa leonesa<\/a><\/li>\n<li><a href=\"http:\/\/destinocastillayleon.es\/index\/10-suculentos-motivos-para-visitar-leon-capital-de-la-gastronomia-2018\/\">10 suculentos motivos para visitar Le\u00f3n Capital de la Gastronom\u00eda 2018<\/a><\/li>\n<li><a title=\"View Nos vamos de tapeo por Salamanca\" href=\"http:\/\/destinocastillayleon.es\/index\/tapeo-por-salamanca\/\" target=\"_self\" rel=\"bookmark\">Nos vamos de tapeo por Salamanca<\/a><\/li>\n<li><a title=\"View Ruta de tapas por Valladolid: del centro al Paseo Zorrilla\" href=\"http:\/\/destinocastillayleon.es\/index\/ruta-de-tapas-por-valladolid\/\" target=\"_self\" rel=\"bookmark\">Ruta de tapas por Valladolid: del centro al Paseo Zorrilla<\/a><\/li>\n<li><a title=\"View Ruta de tapas por Aranda de Duero\" href=\"http:\/\/destinocastillayleon.es\/index\/de-tapas-por-aranda\/\" target=\"_self\" rel=\"bookmark\">Ruta de tapas por Aranda de Duero<\/a><span class=\"entry-meta-interaction-blog\"><span class=\"meta-comments\"><i class=\"post-icon icon-comments\"><\/i>\u00a0<\/span><\/span><\/li>\n<li><a title=\"View Ruta de tapas por Palencia\" href=\"http:\/\/destinocastillayleon.es\/index\/ruta-de-tapas-por-palencia\/\" target=\"_self\" rel=\"bookmark\">Ruta de tapas por Palencia<\/a><\/li>\n<\/ul>\n","protected":false},"excerpt":{"rendered":"<p>El mes de marzo viene cargado de jornadas gastron\u00f3micas por toda Castilla y Le\u00f3n. Desc\u00fabrelas y disfr\u00fatalas, no hay mejor forma para luchar como valkirias contra el fr\u00edo, que un delicioso plato y una buena copa de vino tinto&#8230;<\/p>\n","protected":false},"author":6,"featured_media":27629,"comment_status":"open","ping_status":"closed","sticky":false,"template":"","format":"standard","meta":{"rop_custom_images_group":[],"rop_custom_messages_group":[],"rop_publish_now":"initial","rop_publish_now_accounts":{"twitter_1150954226_1150954226":""},"rop_publish_now_history":[],"rop_publish_now_status":"pending","footnotes":""},"categories":[77,1343,4477,5511,68],"tags":[4305,769,2520,5517],"class_list":["post-27598","post","type-post","status-publish","format-standard","has-post-thumbnail","hentry","category-actualidad-y-agenda-de-castilla-y-leon","category-agenda","category-jornadas-gastronomicas","category-no-rescatar-en-rrss","category-post_inicial","tag-comer-en-castilla-y-leon","tag-destino-castilla-y-leon","tag-jornadas-gastronomicas","tag-restaurantes-en-castilla-y-leon"],"yoast_head":"<!-- This site is optimized with the Yoast SEO Premium plugin v20.4 (Yoast SEO v27.4) - https:\/\/yoast.com\/product\/yoast-seo-premium-wordpress\/ -->\n<title>Jornadas Gastron\u00f3micas de Castilla y Le\u00f3n para disfrutar en marzo - Destino Castilla y Le\u00f3n<\/title>\n<meta name=\"description\" content=\"Jornadas Gastron\u00f3micas de Castilla y Le\u00f3n para disfrutar en marzo Desc\u00fabrelas y disfr\u00fatalas, no hay mejor forma para luchar como valkirias contra el fr\u00edo, que un delicioso plato y una buena copa de vino tinto.\" \/>\n<meta name=\"robots\" content=\"index, follow, max-snippet:-1, max-image-preview:large, max-video-preview:-1\" \/>\n<link rel=\"canonical\" href=\"https:\/\/destinocastillayleon.es\/index\/jornadas-gastronomicas-de-castilla-y-leon-para-disfrutar-en-marzo\/\" \/>\n<meta property=\"og:locale\" content=\"es_ES\" \/>\n<meta property=\"og:type\" content=\"article\" \/>\n<meta property=\"og:title\" content=\"Jornadas Gastron\u00f3micas de Castilla y Le\u00f3n para disfrutar en marzo\" \/>\n<meta property=\"og:description\" content=\"Jornadas Gastron\u00f3micas de Castilla y Le\u00f3n para disfrutar en marzo Desc\u00fabrelas y disfr\u00fatalas, no hay mejor forma para luchar como valkirias contra el fr\u00edo, que un delicioso plato y una buena copa de vino tinto.\" \/>\n<meta property=\"og:url\" content=\"https:\/\/destinocastillayleon.es\/index\/jornadas-gastronomicas-de-castilla-y-leon-para-disfrutar-en-marzo\/\" \/>\n<meta property=\"og:site_name\" content=\"Destino Castilla y Le\u00f3n\" \/>\n<meta property=\"article:publisher\" content=\"https:\/\/www.facebook.com\/DestinoCastillaYLeon\/\" \/>\n<meta property=\"article:published_time\" content=\"2018-03-07T13:44:05+00:00\" \/>\n<meta property=\"article:modified_time\" content=\"2018-03-08T05:36:42+00:00\" \/>\n<meta property=\"og:image\" content=\"https:\/\/destinocastillayleon.es\/index\/wp-content\/uploads\/2018\/03\/botillo-del-bierzo.jpg\" \/>\n\t<meta property=\"og:image:width\" content=\"850\" \/>\n\t<meta property=\"og:image:height\" content=\"478\" \/>\n\t<meta property=\"og:image:type\" content=\"image\/jpeg\" \/>\n<meta name=\"author\" content=\"Lola Hernandez\" \/>\n<meta name=\"twitter:card\" content=\"summary_large_image\" \/>\n<meta name=\"twitter:title\" content=\"Jornadas Gastron\u00f3micas de Castilla y Le\u00f3n para disfrutar en marzo\" \/>\n<meta name=\"twitter:image\" content=\"http:\/\/destinocastillayleon.es\/index\/wp-content\/uploads\/2018\/03\/botillo-del-bierzo.jpg\" \/>\n<meta name=\"twitter:creator\" content=\"@destinocyl\" \/>\n<meta name=\"twitter:site\" content=\"@destinocyl\" \/>\n<meta name=\"twitter:label1\" content=\"Escrito por\" \/>\n\t<meta name=\"twitter:data1\" content=\"Lola Hernandez\" \/>\n\t<meta name=\"twitter:label2\" content=\"Tiempo de lectura\" \/>\n\t<meta name=\"twitter:data2\" content=\"7 minutos\" \/>\n<script type=\"application\/ld+json\" class=\"yoast-schema-graph\">{\"@context\":\"https:\\\/\\\/schema.org\",\"@graph\":[{\"@type\":\"Article\",\"@id\":\"https:\\\/\\\/destinocastillayleon.es\\\/index\\\/jornadas-gastronomicas-de-castilla-y-leon-para-disfrutar-en-marzo\\\/#article\",\"isPartOf\":{\"@id\":\"https:\\\/\\\/destinocastillayleon.es\\\/index\\\/jornadas-gastronomicas-de-castilla-y-leon-para-disfrutar-en-marzo\\\/\"},\"author\":{\"name\":\"Lola Hernandez\",\"@id\":\"https:\\\/\\\/destinocastillayleon.es\\\/index\\\/#\\\/schema\\\/person\\\/49ffcb7eb307589ba529009335ed7767\"},\"headline\":\"Jornadas Gastron\u00f3micas de Castilla y Le\u00f3n para disfrutar en marzo\",\"datePublished\":\"2018-03-07T13:44:05+00:00\",\"dateModified\":\"2018-03-08T05:36:42+00:00\",\"mainEntityOfPage\":{\"@id\":\"https:\\\/\\\/destinocastillayleon.es\\\/index\\\/jornadas-gastronomicas-de-castilla-y-leon-para-disfrutar-en-marzo\\\/\"},\"wordCount\":1413,\"commentCount\":1,\"image\":{\"@id\":\"https:\\\/\\\/destinocastillayleon.es\\\/index\\\/jornadas-gastronomicas-de-castilla-y-leon-para-disfrutar-en-marzo\\\/#primaryimage\"},\"thumbnailUrl\":\"https:\\\/\\\/destinocastillayleon.es\\\/index\\\/wp-content\\\/uploads\\\/2018\\\/03\\\/botillo-del-bierzo.jpg\",\"keywords\":[\"comer en Castilla y Le\u00f3n\",\"Destino Castilla y Le\u00f3n\",\"Jornadas Gastron\u00f3micas\",\"restaurantes en Castilla y Le\u00f3n\"],\"articleSection\":[\"Actualidad\",\"Agenda\",\"jornadas gastron\u00f3micas\",\"No rescatar en RRSS\",\"Post_inicial\"],\"inLanguage\":\"es\",\"potentialAction\":[{\"@type\":\"CommentAction\",\"name\":\"Comment\",\"target\":[\"https:\\\/\\\/destinocastillayleon.es\\\/index\\\/jornadas-gastronomicas-de-castilla-y-leon-para-disfrutar-en-marzo\\\/#respond\"]}]},{\"@type\":\"WebPage\",\"@id\":\"https:\\\/\\\/destinocastillayleon.es\\\/index\\\/jornadas-gastronomicas-de-castilla-y-leon-para-disfrutar-en-marzo\\\/\",\"url\":\"https:\\\/\\\/destinocastillayleon.es\\\/index\\\/jornadas-gastronomicas-de-castilla-y-leon-para-disfrutar-en-marzo\\\/\",\"name\":\"Jornadas Gastron\u00f3micas de Castilla y Le\u00f3n para disfrutar en marzo - Destino Castilla y Le\u00f3n\",\"isPartOf\":{\"@id\":\"https:\\\/\\\/destinocastillayleon.es\\\/index\\\/#website\"},\"primaryImageOfPage\":{\"@id\":\"https:\\\/\\\/destinocastillayleon.es\\\/index\\\/jornadas-gastronomicas-de-castilla-y-leon-para-disfrutar-en-marzo\\\/#primaryimage\"},\"image\":{\"@id\":\"https:\\\/\\\/destinocastillayleon.es\\\/index\\\/jornadas-gastronomicas-de-castilla-y-leon-para-disfrutar-en-marzo\\\/#primaryimage\"},\"thumbnailUrl\":\"https:\\\/\\\/destinocastillayleon.es\\\/index\\\/wp-content\\\/uploads\\\/2018\\\/03\\\/botillo-del-bierzo.jpg\",\"datePublished\":\"2018-03-07T13:44:05+00:00\",\"dateModified\":\"2018-03-08T05:36:42+00:00\",\"author\":{\"@id\":\"https:\\\/\\\/destinocastillayleon.es\\\/index\\\/#\\\/schema\\\/person\\\/49ffcb7eb307589ba529009335ed7767\"},\"description\":\"Jornadas Gastron\u00f3micas de Castilla y Le\u00f3n para disfrutar en marzo Desc\u00fabrelas y disfr\u00fatalas, no hay mejor forma para luchar como valkirias contra el fr\u00edo, que un delicioso plato y una buena copa de vino tinto.\",\"breadcrumb\":{\"@id\":\"https:\\\/\\\/destinocastillayleon.es\\\/index\\\/jornadas-gastronomicas-de-castilla-y-leon-para-disfrutar-en-marzo\\\/#breadcrumb\"},\"inLanguage\":\"es\",\"potentialAction\":[{\"@type\":\"ReadAction\",\"target\":[\"https:\\\/\\\/destinocastillayleon.es\\\/index\\\/jornadas-gastronomicas-de-castilla-y-leon-para-disfrutar-en-marzo\\\/\"]}]},{\"@type\":\"ImageObject\",\"inLanguage\":\"es\",\"@id\":\"https:\\\/\\\/destinocastillayleon.es\\\/index\\\/jornadas-gastronomicas-de-castilla-y-leon-para-disfrutar-en-marzo\\\/#primaryimage\",\"url\":\"https:\\\/\\\/destinocastillayleon.es\\\/index\\\/wp-content\\\/uploads\\\/2018\\\/03\\\/botillo-del-bierzo.jpg\",\"contentUrl\":\"https:\\\/\\\/destinocastillayleon.es\\\/index\\\/wp-content\\\/uploads\\\/2018\\\/03\\\/botillo-del-bierzo.jpg\",\"width\":850,\"height\":478,\"caption\":\"botillo del bierzo Fuente: cocinadelbierzo.com\"},{\"@type\":\"BreadcrumbList\",\"@id\":\"https:\\\/\\\/destinocastillayleon.es\\\/index\\\/jornadas-gastronomicas-de-castilla-y-leon-para-disfrutar-en-marzo\\\/#breadcrumb\",\"itemListElement\":[{\"@type\":\"ListItem\",\"position\":1,\"name\":\"Portada\",\"item\":\"https:\\\/\\\/destinocastillayleon.es\\\/index\\\/\"},{\"@type\":\"ListItem\",\"position\":2,\"name\":\"Jornadas Gastron\u00f3micas de Castilla y Le\u00f3n para disfrutar en marzo\"}]},{\"@type\":\"WebSite\",\"@id\":\"https:\\\/\\\/destinocastillayleon.es\\\/index\\\/#website\",\"url\":\"https:\\\/\\\/destinocastillayleon.es\\\/index\\\/\",\"name\":\"Destino Castilla y Le\u00f3n\",\"description\":\"Medio digital independiente y revista de Castilla y Le\u00f3n dedicado al turismo, gastronom\u00eda y vino de Castilla y Le\u00f3n\",\"potentialAction\":[{\"@type\":\"SearchAction\",\"target\":{\"@type\":\"EntryPoint\",\"urlTemplate\":\"https:\\\/\\\/destinocastillayleon.es\\\/index\\\/?s={search_term_string}\"},\"query-input\":{\"@type\":\"PropertyValueSpecification\",\"valueRequired\":true,\"valueName\":\"search_term_string\"}}],\"inLanguage\":\"es\"},{\"@type\":\"Person\",\"@id\":\"https:\\\/\\\/destinocastillayleon.es\\\/index\\\/#\\\/schema\\\/person\\\/49ffcb7eb307589ba529009335ed7767\",\"name\":\"Lola Hernandez\",\"image\":{\"@type\":\"ImageObject\",\"inLanguage\":\"es\",\"@id\":\"https:\\\/\\\/secure.gravatar.com\\\/avatar\\\/72ead65e55ad0522fba484acfe2842bf78b2f7c727df41d76fed78a85519da34?s=96&d=mm&r=g\",\"url\":\"https:\\\/\\\/secure.gravatar.com\\\/avatar\\\/72ead65e55ad0522fba484acfe2842bf78b2f7c727df41d76fed78a85519da34?s=96&d=mm&r=g\",\"contentUrl\":\"https:\\\/\\\/secure.gravatar.com\\\/avatar\\\/72ead65e55ad0522fba484acfe2842bf78b2f7c727df41d76fed78a85519da34?s=96&d=mm&r=g\",\"caption\":\"Lola Hernandez\"},\"description\":\"Lola Hern\u00e1ndez fue fundadora y directora de www.destinocastillayleon.es Escribiendo sobre turismo, gastronom\u00eda y vino de su tierra de origen, Castilla y Le\u00f3n.\",\"sameAs\":[\"http:\\\/\\\/www.destinoysabor.com\\\/blog\"],\"url\":\"https:\\\/\\\/destinocastillayleon.es\\\/index\\\/author\\\/lola-hernandez\\\/\"}]}<\/script>\n<!-- \/ Yoast SEO Premium plugin. -->","yoast_head_json":{"title":"Jornadas Gastron\u00f3micas de Castilla y Le\u00f3n para disfrutar en marzo - Destino Castilla y Le\u00f3n","description":"Jornadas Gastron\u00f3micas de Castilla y Le\u00f3n para disfrutar en marzo Desc\u00fabrelas y disfr\u00fatalas, no hay mejor forma para luchar como valkirias contra el fr\u00edo, que un delicioso plato y una buena copa de vino tinto.","robots":{"index":"index","follow":"follow","max-snippet":"max-snippet:-1","max-image-preview":"max-image-preview:large","max-video-preview":"max-video-preview:-1"},"canonical":"https:\/\/destinocastillayleon.es\/index\/jornadas-gastronomicas-de-castilla-y-leon-para-disfrutar-en-marzo\/","og_locale":"es_ES","og_type":"article","og_title":"Jornadas Gastron\u00f3micas de Castilla y Le\u00f3n para disfrutar en marzo","og_description":"Jornadas Gastron\u00f3micas de Castilla y Le\u00f3n para disfrutar en marzo Desc\u00fabrelas y disfr\u00fatalas, no hay mejor forma para luchar como valkirias contra el fr\u00edo, que un delicioso plato y una buena copa de vino tinto.","og_url":"https:\/\/destinocastillayleon.es\/index\/jornadas-gastronomicas-de-castilla-y-leon-para-disfrutar-en-marzo\/","og_site_name":"Destino Castilla y Le\u00f3n","article_publisher":"https:\/\/www.facebook.com\/DestinoCastillaYLeon\/","article_published_time":"2018-03-07T13:44:05+00:00","article_modified_time":"2018-03-08T05:36:42+00:00","og_image":[{"width":850,"height":478,"url":"https:\/\/destinocastillayleon.es\/index\/wp-content\/uploads\/2018\/03\/botillo-del-bierzo.jpg","type":"image\/jpeg"}],"author":"Lola Hernandez","twitter_card":"summary_large_image","twitter_title":"Jornadas Gastron\u00f3micas de Castilla y Le\u00f3n para disfrutar en marzo","twitter_image":"http:\/\/destinocastillayleon.es\/index\/wp-content\/uploads\/2018\/03\/botillo-del-bierzo.jpg","twitter_creator":"@destinocyl","twitter_site":"@destinocyl","twitter_misc":{"Escrito por":"Lola Hernandez","Tiempo de lectura":"7 minutos"},"schema":{"@context":"https:\/\/schema.org","@graph":[{"@type":"Article","@id":"https:\/\/destinocastillayleon.es\/index\/jornadas-gastronomicas-de-castilla-y-leon-para-disfrutar-en-marzo\/#article","isPartOf":{"@id":"https:\/\/destinocastillayleon.es\/index\/jornadas-gastronomicas-de-castilla-y-leon-para-disfrutar-en-marzo\/"},"author":{"name":"Lola Hernandez","@id":"https:\/\/destinocastillayleon.es\/index\/#\/schema\/person\/49ffcb7eb307589ba529009335ed7767"},"headline":"Jornadas Gastron\u00f3micas de Castilla y Le\u00f3n para disfrutar en marzo","datePublished":"2018-03-07T13:44:05+00:00","dateModified":"2018-03-08T05:36:42+00:00","mainEntityOfPage":{"@id":"https:\/\/destinocastillayleon.es\/index\/jornadas-gastronomicas-de-castilla-y-leon-para-disfrutar-en-marzo\/"},"wordCount":1413,"commentCount":1,"image":{"@id":"https:\/\/destinocastillayleon.es\/index\/jornadas-gastronomicas-de-castilla-y-leon-para-disfrutar-en-marzo\/#primaryimage"},"thumbnailUrl":"https:\/\/destinocastillayleon.es\/index\/wp-content\/uploads\/2018\/03\/botillo-del-bierzo.jpg","keywords":["comer en Castilla y Le\u00f3n","Destino Castilla y Le\u00f3n","Jornadas Gastron\u00f3micas","restaurantes en Castilla y Le\u00f3n"],"articleSection":["Actualidad","Agenda","jornadas gastron\u00f3micas","No rescatar en RRSS","Post_inicial"],"inLanguage":"es","potentialAction":[{"@type":"CommentAction","name":"Comment","target":["https:\/\/destinocastillayleon.es\/index\/jornadas-gastronomicas-de-castilla-y-leon-para-disfrutar-en-marzo\/#respond"]}]},{"@type":"WebPage","@id":"https:\/\/destinocastillayleon.es\/index\/jornadas-gastronomicas-de-castilla-y-leon-para-disfrutar-en-marzo\/","url":"https:\/\/destinocastillayleon.es\/index\/jornadas-gastronomicas-de-castilla-y-leon-para-disfrutar-en-marzo\/","name":"Jornadas Gastron\u00f3micas de Castilla y Le\u00f3n para disfrutar en marzo - Destino Castilla y Le\u00f3n","isPartOf":{"@id":"https:\/\/destinocastillayleon.es\/index\/#website"},"primaryImageOfPage":{"@id":"https:\/\/destinocastillayleon.es\/index\/jornadas-gastronomicas-de-castilla-y-leon-para-disfrutar-en-marzo\/#primaryimage"},"image":{"@id":"https:\/\/destinocastillayleon.es\/index\/jornadas-gastronomicas-de-castilla-y-leon-para-disfrutar-en-marzo\/#primaryimage"},"thumbnailUrl":"https:\/\/destinocastillayleon.es\/index\/wp-content\/uploads\/2018\/03\/botillo-del-bierzo.jpg","datePublished":"2018-03-07T13:44:05+00:00","dateModified":"2018-03-08T05:36:42+00:00","author":{"@id":"https:\/\/destinocastillayleon.es\/index\/#\/schema\/person\/49ffcb7eb307589ba529009335ed7767"},"description":"Jornadas Gastron\u00f3micas de Castilla y Le\u00f3n para disfrutar en marzo Desc\u00fabrelas y disfr\u00fatalas, no hay mejor forma para luchar como valkirias contra el fr\u00edo, que un delicioso plato y una buena copa de vino tinto.","breadcrumb":{"@id":"https:\/\/destinocastillayleon.es\/index\/jornadas-gastronomicas-de-castilla-y-leon-para-disfrutar-en-marzo\/#breadcrumb"},"inLanguage":"es","potentialAction":[{"@type":"ReadAction","target":["https:\/\/destinocastillayleon.es\/index\/jornadas-gastronomicas-de-castilla-y-leon-para-disfrutar-en-marzo\/"]}]},{"@type":"ImageObject","inLanguage":"es","@id":"https:\/\/destinocastillayleon.es\/index\/jornadas-gastronomicas-de-castilla-y-leon-para-disfrutar-en-marzo\/#primaryimage","url":"https:\/\/destinocastillayleon.es\/index\/wp-content\/uploads\/2018\/03\/botillo-del-bierzo.jpg","contentUrl":"https:\/\/destinocastillayleon.es\/index\/wp-content\/uploads\/2018\/03\/botillo-del-bierzo.jpg","width":850,"height":478,"caption":"botillo del bierzo Fuente: cocinadelbierzo.com"},{"@type":"BreadcrumbList","@id":"https:\/\/destinocastillayleon.es\/index\/jornadas-gastronomicas-de-castilla-y-leon-para-disfrutar-en-marzo\/#breadcrumb","itemListElement":[{"@type":"ListItem","position":1,"name":"Portada","item":"https:\/\/destinocastillayleon.es\/index\/"},{"@type":"ListItem","position":2,"name":"Jornadas Gastron\u00f3micas de Castilla y Le\u00f3n para disfrutar en marzo"}]},{"@type":"WebSite","@id":"https:\/\/destinocastillayleon.es\/index\/#website","url":"https:\/\/destinocastillayleon.es\/index\/","name":"Destino Castilla y Le\u00f3n","description":"Medio digital independiente y revista de Castilla y Le\u00f3n dedicado al turismo, gastronom\u00eda y vino de Castilla y Le\u00f3n","potentialAction":[{"@type":"SearchAction","target":{"@type":"EntryPoint","urlTemplate":"https:\/\/destinocastillayleon.es\/index\/?s={search_term_string}"},"query-input":{"@type":"PropertyValueSpecification","valueRequired":true,"valueName":"search_term_string"}}],"inLanguage":"es"},{"@type":"Person","@id":"https:\/\/destinocastillayleon.es\/index\/#\/schema\/person\/49ffcb7eb307589ba529009335ed7767","name":"Lola Hernandez","image":{"@type":"ImageObject","inLanguage":"es","@id":"https:\/\/secure.gravatar.com\/avatar\/72ead65e55ad0522fba484acfe2842bf78b2f7c727df41d76fed78a85519da34?s=96&d=mm&r=g","url":"https:\/\/secure.gravatar.com\/avatar\/72ead65e55ad0522fba484acfe2842bf78b2f7c727df41d76fed78a85519da34?s=96&d=mm&r=g","contentUrl":"https:\/\/secure.gravatar.com\/avatar\/72ead65e55ad0522fba484acfe2842bf78b2f7c727df41d76fed78a85519da34?s=96&d=mm&r=g","caption":"Lola Hernandez"},"description":"Lola Hern\u00e1ndez fue fundadora y directora de www.destinocastillayleon.es Escribiendo sobre turismo, gastronom\u00eda y vino de su tierra de origen, Castilla y Le\u00f3n.","sameAs":["http:\/\/www.destinoysabor.com\/blog"],"url":"https:\/\/destinocastillayleon.es\/index\/author\/lola-hernandez\/"}]}},"_links":{"self":[{"href":"https:\/\/destinocastillayleon.es\/index\/wp-json\/wp\/v2\/posts\/27598","targetHints":{"allow":["GET"]}}],"collection":[{"href":"https:\/\/destinocastillayleon.es\/index\/wp-json\/wp\/v2\/posts"}],"about":[{"href":"https:\/\/destinocastillayleon.es\/index\/wp-json\/wp\/v2\/types\/post"}],"author":[{"embeddable":true,"href":"https:\/\/destinocastillayleon.es\/index\/wp-json\/wp\/v2\/users\/6"}],"replies":[{"embeddable":true,"href":"https:\/\/destinocastillayleon.es\/index\/wp-json\/wp\/v2\/comments?post=27598"}],"version-history":[{"count":11,"href":"https:\/\/destinocastillayleon.es\/index\/wp-json\/wp\/v2\/posts\/27598\/revisions"}],"predecessor-version":[{"id":27639,"href":"https:\/\/destinocastillayleon.es\/index\/wp-json\/wp\/v2\/posts\/27598\/revisions\/27639"}],"wp:featuredmedia":[{"embeddable":true,"href":"https:\/\/destinocastillayleon.es\/index\/wp-json\/wp\/v2\/media\/27629"}],"wp:attachment":[{"href":"https:\/\/destinocastillayleon.es\/index\/wp-json\/wp\/v2\/media?parent=27598"}],"wp:term":[{"taxonomy":"category","embeddable":true,"href":"https:\/\/destinocastillayleon.es\/index\/wp-json\/wp\/v2\/categories?post=27598"},{"taxonomy":"post_tag","embeddable":true,"href":"https:\/\/destinocastillayleon.es\/index\/wp-json\/wp\/v2\/tags?post=27598"}],"curies":[{"name":"wp","href":"https:\/\/api.w.org\/{rel}","templated":true}]}}