{"id":27079,"date":"2017-12-01T07:04:47","date_gmt":"2017-12-01T06:04:47","guid":{"rendered":"http:\/\/destinocastillayleon.es\/index\/?p=27079"},"modified":"2018-12-03T07:36:21","modified_gmt":"2018-12-03T06:36:21","slug":"visita-al-parque-tematico-del-mudejar","status":"publish","type":"post","link":"https:\/\/destinocastillayleon.es\/index\/visita-al-parque-tematico-del-mudejar\/","title":{"rendered":"Gu\u00eda para visitar el Parque Tem\u00e1tico del Mud\u00e9jar, Pasi\u00f3n Mud\u00e9jar"},"content":{"rendered":"<p>Queremos contarte <strong>una experiencia familiar<\/strong> que hemos hecho en bastantes ocasiones, y que <strong>es ideal cuando tienes visitas<\/strong>. Muy cerca de Valladolid, <strong>en la localidad de Olmedo<\/strong>, se encuentra este Parque Tem\u00e1tico dedicado a un estilo de arte caracter\u00edstico y \u00fanico de la pen\u00ednsula ib\u00e9rica. Se trata del <a href=\"http:\/\/www.olmedo.es\/pasionmudejar\/\" target=\"_Blank\"><strong>Parque Tem\u00e1tico del Mud\u00e9jar<\/strong><\/a>; un parque que re\u00fane gran cantidad de modelos a escala de algunos de los monumentos mud\u00e9jares m\u00e1s impresionantes de Castilla y Le\u00f3n<a name=\u201dmudejar\u201d>.<\/a><br \/>\n&nbsp;<\/p>\n<h3>El Arte Mud\u00e9jar<\/h3>\n<p><strong>No somos un sitio dedicado al arte o a los estilos arquitect\u00f3nicos<\/strong>, pero queremos hacer este inciso ya que esta forma de construir que <strong>se dio entre el siglo XIII, hasta mediados del XVI<\/strong> es <strong>\u00fanico de la pen\u00ednsula ib\u00e9rica<\/strong>, que adapta los estilos arquitect\u00f3nicos europeos a una realidad ib\u00e9rica. <strong>La presencia de alba\u00f1iles isl\u00e1micos, o de ascendencia isl\u00e1micas<\/strong>, asentados en los reinos de cristianos.<\/p>\n<p><a href=\"http:\/\/destinocastillayleon.es\/index\/visitar-arevalo\/\"><figure id=\"attachment_27082\" aria-describedby=\"caption-attachment-27082\" style=\"width: 640px\" class=\"wp-caption aligncenter\"><img decoding=\"async\" src=\"http:\/\/destinocastillayleon.es\/index\/wp-content\/uploads\/2017\/06\/a4e204d57dc2921c96f3bcdfd1e4b600.jpg\" alt=\"Iglesia mud\u00e9jar de San Mart\u00edn de Ar\u00e9valo - Destino Castilla y Le\u00f3n\" width=\"640\" height=\"400\" class=\"size-full wp-image-27082\" srcset=\"https:\/\/destinocastillayleon.es\/index\/wp-content\/uploads\/2017\/06\/a4e204d57dc2921c96f3bcdfd1e4b600.jpg 640w, https:\/\/destinocastillayleon.es\/index\/wp-content\/uploads\/2017\/06\/a4e204d57dc2921c96f3bcdfd1e4b600-300x188.jpg 300w\" sizes=\"(max-width: 640px) 100vw, 640px\" \/><figcaption id=\"caption-attachment-27082\" class=\"wp-caption-text\">Iglesia mud\u00e9jar de San Mart\u00edn de Ar\u00e9valo &#8211; Destino Castilla y Le\u00f3n<\/figcaption><\/figure><\/a><br \/>\n&nbsp;<\/p>\n<h4>Caracter\u00edsticas principales del arte mud\u00e9jar<\/h4>\n<p>Si algo caracteriza al estilo mud\u00e9jar es <strong>la construcci\u00f3n usando el ladrillo<\/strong>. Un material pobre y en principio sin muchas posibilidades decorativas, pero que <strong>en mano de estos artistas, adquiere una calidad arquitect\u00f3nica extraordinaria<\/strong>. Aunque el estilo no es homog\u00e9neo ni en el espacio ni en el tiempo, esta forma de construir es la hibridaci\u00f3n del arte isl\u00e1mico y el arte cristiano.<\/p>\n<p>Adem\u00e1s del ladrillo, los alba\u00f1iles mud\u00e9jares van a usar de forma sorprendente, adaptando sus formas constructivas de origen ar\u00e1bico a concepciones cristianas. As\u00ed, <strong>tambi\u00e9n van destacar en el uso de yeser\u00edas, de artesonados y de cer\u00e1mica decorativa<\/strong>.<\/p>\n<figure id=\"attachment_27080\" aria-describedby=\"caption-attachment-27080\" style=\"width: 640px\" class=\"wp-caption aligncenter\"><img decoding=\"async\" src=\"http:\/\/destinocastillayleon.es\/index\/wp-content\/uploads\/2017\/06\/4ad8ecefda828fe0611485ad4efe52a0.jpg\" alt=\"Ejemplos de elementos arquitect\u00f3nicos mud\u00e9jares - Destino Castilla y Le\u00f3n\" width=\"640\" height=\"355\" class=\"size-full wp-image-27080\" srcset=\"https:\/\/destinocastillayleon.es\/index\/wp-content\/uploads\/2017\/06\/4ad8ecefda828fe0611485ad4efe52a0.jpg 640w, https:\/\/destinocastillayleon.es\/index\/wp-content\/uploads\/2017\/06\/4ad8ecefda828fe0611485ad4efe52a0-300x166.jpg 300w\" sizes=\"(max-width: 640px) 100vw, 640px\" \/><figcaption id=\"caption-attachment-27080\" class=\"wp-caption-text\">Ejemplos de elementos arquitect\u00f3nicos mud\u00e9jares &#8211; Destino Castilla y Le\u00f3n<\/figcaption><\/figure>\n<p>Este estilo, a partir del siglo XVI <strong>seguir\u00e1 evolucionando hacia las formas constructivas<\/strong> t\u00edpicamente del barroco hisp\u00e1nico, donde combina el ladrillo, los muros de argamasa y la piedra. A finales del siglo XIX sufri\u00f3 un resurgir, como otros estilos, en lo que se llam\u00f3 el neomud\u00e9jar.<br \/>\n&nbsp;<\/p>\n<h3>La villa de Olmedo<\/h3>\n<p>Como puedes comprobar, de la publicaci\u00f3n dedicada a <a href=\"http:\/\/destinocastillayleon.es\/index\/visita-olmedo-la-ciudad-del-caballero\/\"><strong>la villa de Olmedo<\/strong><\/a>, en Valladolid, este pueblo sobre todo a mediados y finales del siglo XV fue muy importante, y fruto de este poder\u00edo, se levantaron una gran cantidad de construcciones monumentales, pero como en la gran mayor\u00eda de las poblaciones de la zona, como puede ser Medina del Campo, Rueda, Alaejos, o Serrada. <\/p>\n<p>La mayor\u00eda de esas construcciones <strong>se realizaron en este estilo<\/strong>, por lo que podemos hoy disfrutar de un<strong> conjunto hist\u00f3rico art\u00edstico mud\u00e9jar<\/strong> en este pueblo.<\/p>\n<figure id=\"attachment_25883\" aria-describedby=\"caption-attachment-25883\" style=\"width: 600px\" class=\"wp-caption aligncenter\"><img decoding=\"async\" src=\"http:\/\/destinocastillayleon.es\/index\/wp-content\/uploads\/2017\/08\/Iglesia-de-San-Miguel-de-Olmedo-Imagen-de-Troovel.jpg\" alt=\"Iglesia de San Miguel de Olmedo - Imagen de Troovel\" width=\"600\" height=\"400\" class=\"size-full wp-image-25883\" srcset=\"https:\/\/destinocastillayleon.es\/index\/wp-content\/uploads\/2017\/08\/Iglesia-de-San-Miguel-de-Olmedo-Imagen-de-Troovel.jpg 600w, https:\/\/destinocastillayleon.es\/index\/wp-content\/uploads\/2017\/08\/Iglesia-de-San-Miguel-de-Olmedo-Imagen-de-Troovel-300x200.jpg 300w\" sizes=\"(max-width: 600px) 100vw, 600px\" \/><figcaption id=\"caption-attachment-25883\" class=\"wp-caption-text\">Iglesia de San Miguel de Olmedo &#8211; Imagen de Troovel<\/figcaption><\/figure>\n<p>Darse <strong>un paseo por este pueblo resulta un placer<\/strong> para disfrutar en familia. Pero tal y como os contamos, la vista a este pueblo, se complementa con tres visitas que merecen un apartado. Esta ser\u00e1 la primera parada sugerida. <strong>El Parque Tem\u00e1ticos del Mud\u00e9jar<\/strong>.<br \/>\n&nbsp;<\/p>\n<h2>Visita al Parque Tem\u00e1ticos del Mud\u00e9jar<\/h2>\n<p>El Parque se encuentra <strong>junto a la carretera Nacional N601<\/strong>, que une Valladolid con la Madrid; justo a la entrada del pueblo, si vienes desde Valladolid, aprovechando la rehabilitaci\u00f3n de esa parte de las antiguas murallas de la villa. Para facilitar el aparcamiento, <strong>fuera de la muralla hay habilitado un parking tanto para autobuses, como para veh\u00edculos particulares<\/strong>.<\/p>\n<blockquote><p>La entrada se hace por unas peque\u00f1as escaleras que salvan la altura de la atalaya sobre la que se asienta Olmedo.<\/p><\/blockquote>\n<p><a href=\"http:\/\/blog.model-space.es\/trenes\/visita-al-parque-tematico-del-mudejar-en-olmedo\"  target=\"_blank\" rel=\"NoFollow\"><figure id=\"attachment_27093\" aria-describedby=\"caption-attachment-27093\" style=\"width: 640px\" class=\"wp-caption aligncenter\"><img decoding=\"async\" src=\"http:\/\/destinocastillayleon.es\/index\/wp-content\/uploads\/2017\/06\/698ceeaf61aea5de64e9d29ec735b69f.jpg\" alt=\"Entrada al Parque Tem\u00e1tico del Mud\u00e9jar - Imagen de Model Space\" width=\"640\" height=\"370\" class=\"size-full wp-image-27093\" srcset=\"https:\/\/destinocastillayleon.es\/index\/wp-content\/uploads\/2017\/06\/698ceeaf61aea5de64e9d29ec735b69f.jpg 640w, https:\/\/destinocastillayleon.es\/index\/wp-content\/uploads\/2017\/06\/698ceeaf61aea5de64e9d29ec735b69f-300x173.jpg 300w\" sizes=\"(max-width: 640px) 100vw, 640px\" \/><figcaption id=\"caption-attachment-27093\" class=\"wp-caption-text\">Entrada al Parque Tem\u00e1tico del Mud\u00e9jar &#8211; Imagen de Model Space<\/figcaption><\/figure><\/a><\/p>\n<p><strong>El coste est\u00e1ndar de la entrada es de 4,50 \u20ac<\/strong>, aunque existen descuentos para j\u00f3venes, mayores, grupos, escolares,\u2026 aunque quiz\u00e1s la m\u00e1s interesante, si est\u00e1s pasando el d\u00eda en Olmedo sea comprar <strong>una entrada conjunta para adem\u00e1s de visitar este parque, te pases por la Casa del Caballero<\/strong>, que recrea los primeros a\u00f1os del siglo XVII, en pleno Siglo de Oro, por 7,20 \u20ac, precio de adultos.<br \/>\n&nbsp;<\/p>\n<h3>Qu\u00e9 vas a encontrar en el parque<\/h3>\n<h4>Modelos a escala de construcciones mud\u00e9jares de Castilla y Le\u00f3n<\/h4>\n<p>El parque posee <strong>un recorrido entre modelos a escala<\/strong>, pero de gran calidad de detalle de algunas de las construcciones mud\u00e9jares de Castilla y Le\u00f3n. <\/p>\n<p><a href=\"https:\/\/destinoysabor.com\/blog\/wp-content\/uploads\/2017\/11\/08026c6be4d0eb84995f4329245f7fc2.jpg\" rel=\"noopener\" target=\"_blank\"><figure id=\"attachment_27090\" aria-describedby=\"caption-attachment-27090\" style=\"width: 660px\" class=\"wp-caption aligncenter\"><img decoding=\"async\" src=\"http:\/\/destinocastillayleon.es\/index\/wp-content\/uploads\/2017\/06\/90b612311f8c02a2828b2ca64bb88a10.jpg\" alt=\"Mapa del Parque tem\u00e1tico del Mudejar - Destino Castilla y Le\u00f3n\" width=\"660\" height=\"391\" class=\"size-full wp-image-27090\" srcset=\"https:\/\/destinocastillayleon.es\/index\/wp-content\/uploads\/2017\/06\/90b612311f8c02a2828b2ca64bb88a10.jpg 660w, https:\/\/destinocastillayleon.es\/index\/wp-content\/uploads\/2017\/06\/90b612311f8c02a2828b2ca64bb88a10-300x178.jpg 300w\" sizes=\"(max-width: 660px) 100vw, 660px\" \/><figcaption id=\"caption-attachment-27090\" class=\"wp-caption-text\">Mapa del Parque tem\u00e1tico del Mudejar &#8211; Destino Castilla y Le\u00f3n<\/figcaption><\/figure><\/a><\/p>\n<p>En total, el parque cuenta <strong>con 21 modelos a escala<\/strong>, representativos del mud\u00e9jar castellano y leon\u00e9s. Estos son:<\/p>\n<ul>\n<li>Ermita de La Lugareja (Ar\u00e9valo) <\/li>\n<li>Palomar (t\u00edpico de todo Castilla y Le\u00f3n)\n<li>Iglesia de San Boal (Pozaldez) <\/li>\n<li>Iglesia de San Andr\u00e9s (Olmedo) <\/li>\n<li>Iglesia de San Miguel (Olmedo) <\/li>\n<li>Fuente de Ca\u00f1o Olmedo (Olmedo) <\/li>\n<li>Iglesia de San Juan Bautista (Fresno el Viejo) <\/li>\n<li>Monumento a la Soterra\u00f1a (Olmedo) <\/li>\n<li>Iglesia de San Tirso (Sahag\u00fan) <\/li>\n<li>Palacio de Pedro I (Astudillo) <\/li>\n<li>Puerta de San Basilio (Cu\u00e9llar) <\/li>\n<li>Ermita de San Saturio (Soria) <\/li>\n<li>Estaci\u00f3n de Villal\u00f3n (Villal\u00f3n) <\/li>\n<li>Puerta de Medina (Madrigal de las Altas Torres) <\/li>\n<li>Puerta de Cantalapiedra (Madrigal de las Altas Torres) <\/li>\n<li>Iglesia de San Pedro (Alcazar\u00e9n) <\/li>\n<li>Iglesia de San Salvador de los Caballeros (Toro) <\/li>\n<li>Iglesia de la Asunci\u00f3n (Muriel de Zapardiel)\n<li>Castillo de Coca (Coca) <\/li>\n<li>Estaci\u00f3n de Olmedo (Olmedo) <\/li>\n<li>Castillo de La Mota (Medina del Campo) <\/li>\n<\/ul>\n<p>&nbsp;<br \/>\n<figure id=\"attachment_27086\" aria-describedby=\"caption-attachment-27086\" style=\"width: 638px\" class=\"wp-caption aligncenter\"><img decoding=\"async\" src=\"http:\/\/destinocastillayleon.es\/index\/wp-content\/uploads\/2017\/06\/593df3c0cecac15cacf230fd0c3f5c07.jpg\" alt=\"Algunas maquetas a escala del Parque tem\u00e1tico del Mudejar - Destino Castilla y Le\u00f3n\" width=\"638\" height=\"400\" class=\"size-full wp-image-27086\" srcset=\"https:\/\/destinocastillayleon.es\/index\/wp-content\/uploads\/2017\/06\/593df3c0cecac15cacf230fd0c3f5c07.jpg 638w, https:\/\/destinocastillayleon.es\/index\/wp-content\/uploads\/2017\/06\/593df3c0cecac15cacf230fd0c3f5c07-300x188.jpg 300w\" sizes=\"(max-width: 638px) 100vw, 638px\" \/><figcaption id=\"caption-attachment-27086\" class=\"wp-caption-text\">Algunas maquetas a escala del Parque tem\u00e1tico del Mudejar &#8211; Destino Castilla y Le\u00f3n<\/figcaption><\/figure><br \/>\n&nbsp;<br \/>\nAdem\u00e1s, en el caso de <strong>los castillos de La Mota, en Medina del Campo y el de <a href=\" http:\/\/destinocastillayleon.es\/index\/historia-visita-al-castillo-de-coca\/\">Coca<\/a><\/strong>, se puede entrar al interior y recorrer sus patios, sus murallas y subir a las torres del homenaje. Este es uno de los principales atractivos para los m\u00e1s peque\u00f1os de la casa.<\/p>\n<figure id=\"attachment_27094\" aria-describedby=\"caption-attachment-27094\" style=\"width: 640px\" class=\"wp-caption aligncenter\"><img decoding=\"async\" src=\"http:\/\/destinocastillayleon.es\/index\/wp-content\/uploads\/2017\/06\/264de28a2649d5f50621afdb632b844f.jpg\" alt=\"Modelo a escala del Castillo de la Mota en el que pueden entrar los ni\u00f1os - Destino Castilla y Le\u00f3n\" width=\"640\" height=\"400\" class=\"size-full wp-image-27094\" srcset=\"https:\/\/destinocastillayleon.es\/index\/wp-content\/uploads\/2017\/06\/264de28a2649d5f50621afdb632b844f.jpg 640w, https:\/\/destinocastillayleon.es\/index\/wp-content\/uploads\/2017\/06\/264de28a2649d5f50621afdb632b844f-300x188.jpg 300w\" sizes=\"(max-width: 640px) 100vw, 640px\" \/><figcaption id=\"caption-attachment-27094\" class=\"wp-caption-text\">Modelo a escala del Castillo de la Mota en el que pueden entrar los ni\u00f1os &#8211; Destino Castilla y Le\u00f3n<\/figcaption><\/figure>\n<p>Para construir estos modelos, <strong>se utilizaron peque\u00f1os ladrillos a escala<\/strong>, as\u00ed como t\u00e9cnicas de mamposter\u00eda, donde existe, piedras, arena y tejas en miniaturas. Evidentemente, las estructuras que sostienen el conjunto y las hacen resistente a la intemperie y al desgaste de los cientos de ni\u00f1os que pasan por que Parque Tem\u00e1tico del Mud\u00e9jar es moderna.<br \/>\n&nbsp;<\/p>\n<h4><strong>Trenes a escala<\/strong><\/h4>\n<p>Pero no solo este parque dispone de estos modelos a escala, adem\u00e1s, recorriendo todo el parque, <strong>hay varios trenes a escala G<\/strong>, con diversas estaciones, que recrean algunas estaciones ferroviarias de reales de Castilla y Le\u00f3n.<\/p>\n<figure id=\"attachment_27088\" aria-describedby=\"caption-attachment-27088\" style=\"width: 640px\" class=\"wp-caption aligncenter\"><img decoding=\"async\" src=\"http:\/\/destinocastillayleon.es\/index\/wp-content\/uploads\/2017\/06\/cae4bec3459f7b64afd6d5f56100949f.jpg\" alt=\"Estaci\u00f3n ferroviaria a escala en el Parque tem\u00e1tico - Destino Castilla y Le\u00f3n\" width=\"640\" height=\"400\" class=\"size-full wp-image-27088\" srcset=\"https:\/\/destinocastillayleon.es\/index\/wp-content\/uploads\/2017\/06\/cae4bec3459f7b64afd6d5f56100949f.jpg 640w, https:\/\/destinocastillayleon.es\/index\/wp-content\/uploads\/2017\/06\/cae4bec3459f7b64afd6d5f56100949f-300x188.jpg 300w\" sizes=\"(max-width: 640px) 100vw, 640px\" \/><figcaption id=\"caption-attachment-27088\" class=\"wp-caption-text\">Estaci\u00f3n ferroviaria a escala en el Parque tem\u00e1tico &#8211; Destino Castilla y Le\u00f3n<\/figcaption><\/figure>\n<p>Estos trenes realizan dos recorridos circulares, aunque est\u00e1n preparados para circular simult\u00e1neamente varias locomotoras.<br \/>\n&nbsp;<\/p>\n<h4>Y jard\u00edn bot\u00e1nico<\/h4>\n<p>Aunque no es el motivo principal del parque, este <strong>cuenta con una gran variedad de especies aut\u00f3ctonas<\/strong>. La disposici\u00f3n est\u00e1 pensada para representar la gran variedad de nuestra regi\u00f3n. As\u00ed tienen \u00e1rboles de hoja caduca y de hoja perenne, destacando arces, madro\u00f1os, acebos, robles, encinas, hayas, olmos, etc. Arbustos y plantas arom\u00e1ticas, como romero, cantueso, tomillo, espliego, or\u00e9gano, salvia, menta, etc.<\/p>\n<p>Estas plantas, adem\u00e1s de <strong>representar la biodiversidad de Castilla y Le\u00f3n<\/strong>, resultan las adecuadas para su mantenimiento dado el suelo y la pluviometr\u00eda de nuestra comunidad.<br \/>\n&nbsp;<\/p>\n<h4>Otras instalaciones<\/h4>\n<p>El Parque, adem\u00e1s cuenta con <strong>unas instalaciones donde tomar un bocata a media tarde<\/strong>, aunque anta\u00f1o hab\u00eda una cocina donde comer a medio d\u00eda. Actualmente el parque cierra entre las 14 y las 16 horas.<\/p>\n<p>Tambi\u00e9n en el parque <strong>hay unos columpios<\/strong> para que los ni\u00f1os puedan jugar en un momento dado. Aunque lo que m\u00e1s llama la atenci\u00f3n es <strong>poder entrar en los castillos<\/strong> y pasar entre las puertas de <a href=\"http:\/\/destinocastillayleon.es\/index\/guia-para-visitar-segovia\/\">Segovia<\/a>, <a href=\"http:\/\/destinocastillayleon.es\/index\/viaje-a-madrigal-de-las-altas-torres\/\">Madrigal<\/a> u <a href=\"http:\/\/destinocastillayleon.es\/index\/visita-olmedo-la-ciudad-del-caballero\/\">Olmedo<\/a>.<\/p>\n<figure id=\"attachment_27087\" aria-describedby=\"caption-attachment-27087\" style=\"width: 640px\" class=\"wp-caption aligncenter\"><img decoding=\"async\" src=\"http:\/\/destinocastillayleon.es\/index\/wp-content\/uploads\/2017\/06\/26fe3fa60cd5b8246ca59b44a98b0066.jpg\" alt=\"Lago del Parque tem\u00e1tico del Mud\u00e9jar\" width=\"640\" height=\"400\" class=\"size-full wp-image-27087\" srcset=\"https:\/\/destinocastillayleon.es\/index\/wp-content\/uploads\/2017\/06\/26fe3fa60cd5b8246ca59b44a98b0066.jpg 640w, https:\/\/destinocastillayleon.es\/index\/wp-content\/uploads\/2017\/06\/26fe3fa60cd5b8246ca59b44a98b0066-300x188.jpg 300w\" sizes=\"(max-width: 640px) 100vw, 640px\" \/><figcaption id=\"caption-attachment-27087\" class=\"wp-caption-text\">Lago del Parque tem\u00e1tico del Mud\u00e9jar<\/figcaption><\/figure>\n<p><strong>Y todo este parque es posible, gracias al agua<\/strong>. El Parque dispone de un estanque, por el que pasan los trenes en unos puentes y con chorros de agua que refrescan el ambiente hasta en los d\u00edas de verano. Adem\u00e1s, <strong>se \u201crecrean\u201d las bajadas de los r\u00edos Adaja y Eresma<\/strong> desde las monta\u00f1as, con peque\u00f1os saltos de agua.<br \/>\n&nbsp;<\/p>\n<h3>Encuentra el Parque Tem\u00e1tico del Mud\u00e9jar<\/h3>\n<p><a href=\"http:\/\/www.olmedo.es\/pasionmudejar\/\" target=\"_Blank\" rel=\"NoFollow\"><strong>Parque tem\u00e1tico del Mud\u00e9jar Pasi\u00f3n Mud\u00e9jar<\/strong><\/a><br \/>\nCarretera N601 (<a href=\"https:\/\/goo.gl\/maps\/DugzFudqKtx\" target=\"_Blank\" >ver en un mapa independiente<\/a>)<br \/>\n47410 &#8211; Olmedo (Valladolid)<br \/>\nTelf.: +34 983 62 32 22<\/p>\n<p>&nbsp;<\/p>\n<h4>Encuentra el mejor alojamiento<\/h4>\n<ul>Ya veis que <strong>, entre este parque tem\u00e1tico y otras actividades, pod\u00e9is pasar todo un fin de semana en <a href=\"http:\/\/destinocastillayleon.es\/index\/visita-olmedo-la-ciudad-del-caballero\/\"><u>Olmedo<\/u><\/a><\/strong>, adem\u00e1s puedes hacer enoturismo n la zona, ya que est\u00e1is en la <\/strong>Ruta del Vino de Rueda<\/strong> de todo un fin de semana de visita cultural y gastron\u00f3mica, encuentra las mejores <strong>ofertas en <\/strong><a href=\"http:\/\/www.booking.com\/searchresults.es.html?city=-394476&#038;aid=1281624&#038;no_rooms=1&#038;group_adults=2&#038;group_children=1&#038;room1=A%2CA%2C12\" target=\"_blank\"><strong><u>hoteles en Olmedo y su entorno<\/u><\/a>, y a mejor precio<\/strong>.<\/span>\n<\/ul>\n<p>&nbsp;<\/p>\n<p>Y como has podido comprobar, <strong>hay muchas cosas interesantes para pasar el d\u00eda en Olmedo<\/strong>. Visitar este parque con ni\u00f1os te puede llevar unas dos horas o tres, con lo que es un buen complemento a otras visitas por la zona.<br \/>\n&nbsp;<br \/>\n\u00bfY t\u00fa? \u00bfConoc\u00edas ya este Parque Tem\u00e1tico del Mud\u00e9jar?<strong> Y si lo has visitado, \u00bfQu\u00e9 te pareci\u00f3 la estancia conociendo este arte tan nuestro? <\/strong> D\u00e9janos un comentario con tus impresiones y recuerdos.<br \/>\n&nbsp;<br \/>\n<\/h4>\n<p>Tambi\u00e9n te puede interesar<\/h4>\n<ul>\n<li><a href=\"http:\/\/destinocastillayleon.es\/index\/visita-olmedo-la-ciudad-del-caballero\/\">Olmedo, conoce que debes visitar en la noble villa del Caballero<\/a>.<\/li>\n<li><a href=\"http:\/\/destinocastillayleon.es\/index\/cason-del-caballero\/\">Descubre el teatro cl\u00e1sico y la historia del Caballero, en el Cas\u00f3n del Caballero de Olmedo<\/a>.<\/li>\n<li><a href=\"http:\/\/destinocastillayleon.es\/index\/villa-romana-de-almenara-puras\/\">Visita a la Villa romana de Almenara-Puras<\/a>.<\/li>\n<li><a href=\"http:\/\/destinocastillayleon.es\/index\/viaje-a-madrigal-de-las-altas-torres\/\">Disfruta el d\u00eda en Madrigal de las Altas Torres, la villa natal de Isabel La Cat\u00f3lica<\/a>.<\/li>\n<li><a href=\"http:\/\/destinocastillayleon.es\/index\/guia-para-pasar-el-dia-en-alaejos\/\">Pasa el d\u00eda en el pueblo mud\u00e9jar de Alaejos<\/a>.<\/li>\n<li><a href=\"http:\/\/destinocastillayleon.es\/index\/ruta-de-isabel-de-castilla-sigue-su\/\">Conoce la Ruta de Isabel La Cat\u00f3lica por tierras de Castilla y Le\u00f3n<\/a>.<\/li>\n<\/ul>\n","protected":false},"excerpt":{"rendered":"<p>Acomp\u00e1\u00f1anos a conocer m\u00e1s afondo este Parque Tem\u00e1tico del Mud\u00e9jar de Olmedo. Un lugar para visitar en familia que complementa la oferta tur\u00edstica y cultural de la villa del caballero, en la provincia de Valladolid<\/p>\n","protected":false},"author":2,"featured_media":27098,"comment_status":"open","ping_status":"closed","sticky":false,"template":"","format":"standard","meta":{"rop_custom_images_group":[],"rop_custom_messages_group":[],"rop_publish_now":"initial","rop_publish_now_accounts":{"twitter_1150954226_1150954226":""},"rop_publish_now_history":[],"rop_publish_now_status":"pending","footnotes":""},"categories":[68,45,73,384,26,4798,3471],"tags":[769,5457,5459,5458,1854,5455,5456,5345,1636,660,369,5348,548,5460],"class_list":["post-27079","post","type-post","status-publish","format-standard","has-post-thumbnail","hentry","category-post_inicial","category-provincias","category-punto_singular","category-rutas-2","category-valladolid","category-valladolid-turismo","category-viajar-con-ninos-rutas-2","tag-destino-castilla-y-leon","tag-miniaturas-en-olmedo","tag-olemdo","tag-parque-de-miniaturas-en-olmedo","tag-parque-tematico-del-mudejar","tag-pasion-mudejar-que-ver-en-olmedo","tag-planes-con-ninos","tag-que-hacer-en-olmedo","tag-que-hacer-en-valladolid","tag-que-ver-en-valladolid","tag-turismo-en-castilla-y-leon","tag-turismo-en-olmedo","tag-turismo-en-valladolid","tag-villa-del-caballero"],"yoast_head":"<!-- This site is optimized with the Yoast SEO Premium plugin v20.4 (Yoast SEO v27.4) - https:\/\/yoast.com\/product\/yoast-seo-premium-wordpress\/ -->\n<title>Gu\u00eda para visitar el Parque Tem\u00e1tico del Mud\u00e9jar, Pasi\u00f3n Mud\u00e9jar<\/title>\n<meta name=\"description\" content=\"Conocer a afondo este Parque Tem\u00e1tico del Mud\u00e9jar de Olmedo. Un lugar para visitar en familia que complementa la oferta tur\u00edstica de la villa del caballero\" \/>\n<meta name=\"robots\" content=\"index, follow, max-snippet:-1, max-image-preview:large, max-video-preview:-1\" \/>\n<link rel=\"canonical\" href=\"https:\/\/destinocastillayleon.es\/index\/visita-al-parque-tematico-del-mudejar\/\" \/>\n<meta property=\"og:locale\" content=\"es_ES\" \/>\n<meta property=\"og:type\" content=\"article\" \/>\n<meta property=\"og:title\" content=\"Gu\u00eda para visitar el Parque Tem\u00e1tico del Mud\u00e9jar, Pasi\u00f3n Mud\u00e9jar \u2013 Destino Castilla y Le\u00f3n\" \/>\n<meta property=\"og:description\" content=\"Acomp\u00e1\u00f1anos a conocer m\u00e1s afondo este Parque Tem\u00e1tico del Mud\u00e9jar de Olmedo. Un lugar para visitar en familia que complementa la oferta tur\u00edstica y cultural de la villa del caballero, en la provincia de Valladolid\" \/>\n<meta property=\"og:url\" content=\"https:\/\/destinocastillayleon.es\/index\/visita-al-parque-tematico-del-mudejar\/\" \/>\n<meta property=\"og:site_name\" content=\"Destino Castilla y Le\u00f3n\" \/>\n<meta property=\"article:publisher\" content=\"https:\/\/www.facebook.com\/DestinoCastillaYLeon\/\" \/>\n<meta property=\"article:author\" content=\"https:\/\/www.facebook.com\/profile.php?id=1158416854\" \/>\n<meta property=\"article:published_time\" content=\"2017-12-01T06:04:47+00:00\" \/>\n<meta property=\"article:modified_time\" content=\"2018-12-03T06:36:21+00:00\" \/>\n<meta property=\"og:image\" content=\"https:\/\/destinocastillayleon.es\/index\/wp-content\/uploads\/2017\/06\/afa6117efde22c3f6b29171328989c09.jpg\" \/>\n\t<meta property=\"og:image:width\" content=\"640\" \/>\n\t<meta property=\"og:image:height\" content=\"400\" \/>\n\t<meta property=\"og:image:type\" content=\"image\/jpeg\" \/>\n<meta name=\"author\" content=\"David V\u00e1zquez\" \/>\n<meta name=\"twitter:card\" content=\"summary_large_image\" \/>\n<meta name=\"twitter:title\" content=\"Gu\u00eda para visitar el Parque Tem\u00e1tico del Mud\u00e9jar, Pasi\u00f3n Mud\u00e9jar \u2013 Destino Castilla y Le\u00f3n\" \/>\n<meta name=\"twitter:description\" content=\"Acomp\u00e1\u00f1anos a conocer m\u00e1s afondo este Parque Tem\u00e1tico del Mud\u00e9jar de Olmedo. Un lugar para visitar en familia que complementa la oferta tur\u00edstica y cultural de la villa del caballero, en la provincia de Valladolid\" \/>\n<meta name=\"twitter:image\" content=\"http:\/\/destinocastillayleon.es\/index\/wp-content\/uploads\/2017\/06\/afa6117efde22c3f6b29171328989c09.jpg\" \/>\n<meta name=\"twitter:creator\" content=\"@https:\/\/twitter.com\/ContePantaleone\u200e\" \/>\n<meta name=\"twitter:site\" content=\"@destinocyl\" \/>\n<meta name=\"twitter:label1\" content=\"Escrito por\" \/>\n\t<meta name=\"twitter:data1\" content=\"David V\u00e1zquez\" \/>\n\t<meta name=\"twitter:label2\" content=\"Tiempo de lectura\" \/>\n\t<meta name=\"twitter:data2\" content=\"9 minutos\" \/>\n<script type=\"application\/ld+json\" class=\"yoast-schema-graph\">{\"@context\":\"https:\\\/\\\/schema.org\",\"@graph\":[{\"@type\":\"Article\",\"@id\":\"https:\\\/\\\/destinocastillayleon.es\\\/index\\\/visita-al-parque-tematico-del-mudejar\\\/#article\",\"isPartOf\":{\"@id\":\"https:\\\/\\\/destinocastillayleon.es\\\/index\\\/visita-al-parque-tematico-del-mudejar\\\/\"},\"author\":{\"name\":\"David V\u00e1zquez\",\"@id\":\"https:\\\/\\\/destinocastillayleon.es\\\/index\\\/#\\\/schema\\\/person\\\/189221bc8f6cc4fa28b18ad5c289d4c2\"},\"headline\":\"Gu\u00eda para visitar el Parque Tem\u00e1tico del Mud\u00e9jar, Pasi\u00f3n Mud\u00e9jar\",\"datePublished\":\"2017-12-01T06:04:47+00:00\",\"dateModified\":\"2018-12-03T06:36:21+00:00\",\"mainEntityOfPage\":{\"@id\":\"https:\\\/\\\/destinocastillayleon.es\\\/index\\\/visita-al-parque-tematico-del-mudejar\\\/\"},\"wordCount\":1736,\"commentCount\":1,\"image\":{\"@id\":\"https:\\\/\\\/destinocastillayleon.es\\\/index\\\/visita-al-parque-tematico-del-mudejar\\\/#primaryimage\"},\"thumbnailUrl\":\"https:\\\/\\\/destinocastillayleon.es\\\/index\\\/wp-content\\\/uploads\\\/2017\\\/06\\\/afa6117efde22c3f6b29171328989c09.jpg\",\"keywords\":[\"Destino Castilla y Le\u00f3n\",\"miniaturas en Olmedo\",\"olemdo\",\"parque de miniaturas en olmedo\",\"Parque Tem\u00e1tico del Mud\u00e9jar\",\"pasi\u00f3n mud\u00e9jar. Que ver en Olmedo\",\"planes con ni\u00f1os\",\"que hacer en Olmedo\",\"que hacer en valladolid\",\"Qu\u00e9 ver en Valladolid\",\"turismo en Castilla y Le\u00f3n\",\"turismo en Olmedo\",\"Turismo en Valladolid\",\"villa del caballero\"],\"articleSection\":[\"Post_inicial\",\"Provincias\",\"Punto Singular\",\"Rutas\",\"Valladolid\",\"Valladolid Turismo\",\"Viajar con ni\u00f1os\"],\"inLanguage\":\"es\",\"potentialAction\":[{\"@type\":\"CommentAction\",\"name\":\"Comment\",\"target\":[\"https:\\\/\\\/destinocastillayleon.es\\\/index\\\/visita-al-parque-tematico-del-mudejar\\\/#respond\"]}]},{\"@type\":\"WebPage\",\"@id\":\"https:\\\/\\\/destinocastillayleon.es\\\/index\\\/visita-al-parque-tematico-del-mudejar\\\/\",\"url\":\"https:\\\/\\\/destinocastillayleon.es\\\/index\\\/visita-al-parque-tematico-del-mudejar\\\/\",\"name\":\"Gu\u00eda para visitar el Parque Tem\u00e1tico del Mud\u00e9jar, Pasi\u00f3n Mud\u00e9jar\",\"isPartOf\":{\"@id\":\"https:\\\/\\\/destinocastillayleon.es\\\/index\\\/#website\"},\"primaryImageOfPage\":{\"@id\":\"https:\\\/\\\/destinocastillayleon.es\\\/index\\\/visita-al-parque-tematico-del-mudejar\\\/#primaryimage\"},\"image\":{\"@id\":\"https:\\\/\\\/destinocastillayleon.es\\\/index\\\/visita-al-parque-tematico-del-mudejar\\\/#primaryimage\"},\"thumbnailUrl\":\"https:\\\/\\\/destinocastillayleon.es\\\/index\\\/wp-content\\\/uploads\\\/2017\\\/06\\\/afa6117efde22c3f6b29171328989c09.jpg\",\"datePublished\":\"2017-12-01T06:04:47+00:00\",\"dateModified\":\"2018-12-03T06:36:21+00:00\",\"author\":{\"@id\":\"https:\\\/\\\/destinocastillayleon.es\\\/index\\\/#\\\/schema\\\/person\\\/189221bc8f6cc4fa28b18ad5c289d4c2\"},\"description\":\"Conocer a afondo este Parque Tem\u00e1tico del Mud\u00e9jar de Olmedo. Un lugar para visitar en familia que complementa la oferta tur\u00edstica de la villa del caballero\",\"breadcrumb\":{\"@id\":\"https:\\\/\\\/destinocastillayleon.es\\\/index\\\/visita-al-parque-tematico-del-mudejar\\\/#breadcrumb\"},\"inLanguage\":\"es\",\"potentialAction\":[{\"@type\":\"ReadAction\",\"target\":[\"https:\\\/\\\/destinocastillayleon.es\\\/index\\\/visita-al-parque-tematico-del-mudejar\\\/\"]}]},{\"@type\":\"ImageObject\",\"inLanguage\":\"es\",\"@id\":\"https:\\\/\\\/destinocastillayleon.es\\\/index\\\/visita-al-parque-tematico-del-mudejar\\\/#primaryimage\",\"url\":\"https:\\\/\\\/destinocastillayleon.es\\\/index\\\/wp-content\\\/uploads\\\/2017\\\/06\\\/afa6117efde22c3f6b29171328989c09.jpg\",\"contentUrl\":\"https:\\\/\\\/destinocastillayleon.es\\\/index\\\/wp-content\\\/uploads\\\/2017\\\/06\\\/afa6117efde22c3f6b29171328989c09.jpg\",\"width\":640,\"height\":400,\"caption\":\"Parque Pasi\u00f3n Mud\u00e9jar de Olmedo - Destino Castilla y Le\u00f3n\"},{\"@type\":\"BreadcrumbList\",\"@id\":\"https:\\\/\\\/destinocastillayleon.es\\\/index\\\/visita-al-parque-tematico-del-mudejar\\\/#breadcrumb\",\"itemListElement\":[{\"@type\":\"ListItem\",\"position\":1,\"name\":\"Portada\",\"item\":\"https:\\\/\\\/destinocastillayleon.es\\\/index\\\/\"},{\"@type\":\"ListItem\",\"position\":2,\"name\":\"Gu\u00eda para visitar el Parque Tem\u00e1tico del Mud\u00e9jar, Pasi\u00f3n Mud\u00e9jar\"}]},{\"@type\":\"WebSite\",\"@id\":\"https:\\\/\\\/destinocastillayleon.es\\\/index\\\/#website\",\"url\":\"https:\\\/\\\/destinocastillayleon.es\\\/index\\\/\",\"name\":\"Destino Castilla y Le\u00f3n\",\"description\":\"Medio digital independiente y revista de Castilla y Le\u00f3n dedicado al turismo, gastronom\u00eda y vino de Castilla y Le\u00f3n\",\"potentialAction\":[{\"@type\":\"SearchAction\",\"target\":{\"@type\":\"EntryPoint\",\"urlTemplate\":\"https:\\\/\\\/destinocastillayleon.es\\\/index\\\/?s={search_term_string}\"},\"query-input\":{\"@type\":\"PropertyValueSpecification\",\"valueRequired\":true,\"valueName\":\"search_term_string\"}}],\"inLanguage\":\"es\"},{\"@type\":\"Person\",\"@id\":\"https:\\\/\\\/destinocastillayleon.es\\\/index\\\/#\\\/schema\\\/person\\\/189221bc8f6cc4fa28b18ad5c289d4c2\",\"name\":\"David V\u00e1zquez\",\"image\":{\"@type\":\"ImageObject\",\"inLanguage\":\"es\",\"@id\":\"https:\\\/\\\/secure.gravatar.com\\\/avatar\\\/cd12db6c575a90c3b75cfa0f794b74d425201c768612fad17e9f13cd33d48be8?s=96&d=mm&r=g\",\"url\":\"https:\\\/\\\/secure.gravatar.com\\\/avatar\\\/cd12db6c575a90c3b75cfa0f794b74d425201c768612fad17e9f13cd33d48be8?s=96&d=mm&r=g\",\"contentUrl\":\"https:\\\/\\\/secure.gravatar.com\\\/avatar\\\/cd12db6c575a90c3b75cfa0f794b74d425201c768612fad17e9f13cd33d48be8?s=96&d=mm&r=g\",\"caption\":\"David V\u00e1zquez\"},\"description\":\"Ingeniero Industrial de vocaci\u00f3n y profesi\u00f3n, he encontrado en los blogs la forma de plasmar mi pasi\u00f3n por los viajes, la gastronom\u00eda y los vinos. Especialmente los procedentes de Castilla y Le\u00f3n\",\"sameAs\":[\"https:\\\/\\\/www.destinocastillayleon.es\",\"https:\\\/\\\/www.facebook.com\\\/profile.php?id=1158416854\",\"https:\\\/\\\/instagram.com\\\/conte.pantaleone\",\"https:\\\/\\\/www.linkedin.com\\\/pub\\\/david-vazquez-lozano\\\/37\\\/17a\\\/25a\",\"https:\\\/\\\/x.com\\\/https:\\\/\\\/twitter.com\\\/ContePantaleone\u200e\"],\"url\":\"https:\\\/\\\/destinocastillayleon.es\\\/index\\\/author\\\/coadministradorcyl\\\/\"}]}<\/script>\n<!-- \/ Yoast SEO Premium plugin. -->","yoast_head_json":{"title":"Gu\u00eda para visitar el Parque Tem\u00e1tico del Mud\u00e9jar, Pasi\u00f3n Mud\u00e9jar","description":"Conocer a afondo este Parque Tem\u00e1tico del Mud\u00e9jar de Olmedo. Un lugar para visitar en familia que complementa la oferta tur\u00edstica de la villa del caballero","robots":{"index":"index","follow":"follow","max-snippet":"max-snippet:-1","max-image-preview":"max-image-preview:large","max-video-preview":"max-video-preview:-1"},"canonical":"https:\/\/destinocastillayleon.es\/index\/visita-al-parque-tematico-del-mudejar\/","og_locale":"es_ES","og_type":"article","og_title":"Gu\u00eda para visitar el Parque Tem\u00e1tico del Mud\u00e9jar, Pasi\u00f3n Mud\u00e9jar \u2013 Destino Castilla y Le\u00f3n","og_description":"Acomp\u00e1\u00f1anos a conocer m\u00e1s afondo este Parque Tem\u00e1tico del Mud\u00e9jar de Olmedo. Un lugar para visitar en familia que complementa la oferta tur\u00edstica y cultural de la villa del caballero, en la provincia de Valladolid","og_url":"https:\/\/destinocastillayleon.es\/index\/visita-al-parque-tematico-del-mudejar\/","og_site_name":"Destino Castilla y Le\u00f3n","article_publisher":"https:\/\/www.facebook.com\/DestinoCastillaYLeon\/","article_author":"https:\/\/www.facebook.com\/profile.php?id=1158416854","article_published_time":"2017-12-01T06:04:47+00:00","article_modified_time":"2018-12-03T06:36:21+00:00","og_image":[{"width":640,"height":400,"url":"https:\/\/destinocastillayleon.es\/index\/wp-content\/uploads\/2017\/06\/afa6117efde22c3f6b29171328989c09.jpg","type":"image\/jpeg"}],"author":"David V\u00e1zquez","twitter_card":"summary_large_image","twitter_title":"Gu\u00eda para visitar el Parque Tem\u00e1tico del Mud\u00e9jar, Pasi\u00f3n Mud\u00e9jar \u2013 Destino Castilla y Le\u00f3n","twitter_description":"Acomp\u00e1\u00f1anos a conocer m\u00e1s afondo este Parque Tem\u00e1tico del Mud\u00e9jar de Olmedo. Un lugar para visitar en familia que complementa la oferta tur\u00edstica y cultural de la villa del caballero, en la provincia de Valladolid","twitter_image":"http:\/\/destinocastillayleon.es\/index\/wp-content\/uploads\/2017\/06\/afa6117efde22c3f6b29171328989c09.jpg","twitter_creator":"@https:\/\/twitter.com\/ContePantaleone\u200e","twitter_site":"@destinocyl","twitter_misc":{"Escrito por":"David V\u00e1zquez","Tiempo de lectura":"9 minutos"},"schema":{"@context":"https:\/\/schema.org","@graph":[{"@type":"Article","@id":"https:\/\/destinocastillayleon.es\/index\/visita-al-parque-tematico-del-mudejar\/#article","isPartOf":{"@id":"https:\/\/destinocastillayleon.es\/index\/visita-al-parque-tematico-del-mudejar\/"},"author":{"name":"David V\u00e1zquez","@id":"https:\/\/destinocastillayleon.es\/index\/#\/schema\/person\/189221bc8f6cc4fa28b18ad5c289d4c2"},"headline":"Gu\u00eda para visitar el Parque Tem\u00e1tico del Mud\u00e9jar, Pasi\u00f3n Mud\u00e9jar","datePublished":"2017-12-01T06:04:47+00:00","dateModified":"2018-12-03T06:36:21+00:00","mainEntityOfPage":{"@id":"https:\/\/destinocastillayleon.es\/index\/visita-al-parque-tematico-del-mudejar\/"},"wordCount":1736,"commentCount":1,"image":{"@id":"https:\/\/destinocastillayleon.es\/index\/visita-al-parque-tematico-del-mudejar\/#primaryimage"},"thumbnailUrl":"https:\/\/destinocastillayleon.es\/index\/wp-content\/uploads\/2017\/06\/afa6117efde22c3f6b29171328989c09.jpg","keywords":["Destino Castilla y Le\u00f3n","miniaturas en Olmedo","olemdo","parque de miniaturas en olmedo","Parque Tem\u00e1tico del Mud\u00e9jar","pasi\u00f3n mud\u00e9jar. Que ver en Olmedo","planes con ni\u00f1os","que hacer en Olmedo","que hacer en valladolid","Qu\u00e9 ver en Valladolid","turismo en Castilla y Le\u00f3n","turismo en Olmedo","Turismo en Valladolid","villa del caballero"],"articleSection":["Post_inicial","Provincias","Punto Singular","Rutas","Valladolid","Valladolid Turismo","Viajar con ni\u00f1os"],"inLanguage":"es","potentialAction":[{"@type":"CommentAction","name":"Comment","target":["https:\/\/destinocastillayleon.es\/index\/visita-al-parque-tematico-del-mudejar\/#respond"]}]},{"@type":"WebPage","@id":"https:\/\/destinocastillayleon.es\/index\/visita-al-parque-tematico-del-mudejar\/","url":"https:\/\/destinocastillayleon.es\/index\/visita-al-parque-tematico-del-mudejar\/","name":"Gu\u00eda para visitar el Parque Tem\u00e1tico del Mud\u00e9jar, Pasi\u00f3n Mud\u00e9jar","isPartOf":{"@id":"https:\/\/destinocastillayleon.es\/index\/#website"},"primaryImageOfPage":{"@id":"https:\/\/destinocastillayleon.es\/index\/visita-al-parque-tematico-del-mudejar\/#primaryimage"},"image":{"@id":"https:\/\/destinocastillayleon.es\/index\/visita-al-parque-tematico-del-mudejar\/#primaryimage"},"thumbnailUrl":"https:\/\/destinocastillayleon.es\/index\/wp-content\/uploads\/2017\/06\/afa6117efde22c3f6b29171328989c09.jpg","datePublished":"2017-12-01T06:04:47+00:00","dateModified":"2018-12-03T06:36:21+00:00","author":{"@id":"https:\/\/destinocastillayleon.es\/index\/#\/schema\/person\/189221bc8f6cc4fa28b18ad5c289d4c2"},"description":"Conocer a afondo este Parque Tem\u00e1tico del Mud\u00e9jar de Olmedo. Un lugar para visitar en familia que complementa la oferta tur\u00edstica de la villa del caballero","breadcrumb":{"@id":"https:\/\/destinocastillayleon.es\/index\/visita-al-parque-tematico-del-mudejar\/#breadcrumb"},"inLanguage":"es","potentialAction":[{"@type":"ReadAction","target":["https:\/\/destinocastillayleon.es\/index\/visita-al-parque-tematico-del-mudejar\/"]}]},{"@type":"ImageObject","inLanguage":"es","@id":"https:\/\/destinocastillayleon.es\/index\/visita-al-parque-tematico-del-mudejar\/#primaryimage","url":"https:\/\/destinocastillayleon.es\/index\/wp-content\/uploads\/2017\/06\/afa6117efde22c3f6b29171328989c09.jpg","contentUrl":"https:\/\/destinocastillayleon.es\/index\/wp-content\/uploads\/2017\/06\/afa6117efde22c3f6b29171328989c09.jpg","width":640,"height":400,"caption":"Parque Pasi\u00f3n Mud\u00e9jar de Olmedo - Destino Castilla y Le\u00f3n"},{"@type":"BreadcrumbList","@id":"https:\/\/destinocastillayleon.es\/index\/visita-al-parque-tematico-del-mudejar\/#breadcrumb","itemListElement":[{"@type":"ListItem","position":1,"name":"Portada","item":"https:\/\/destinocastillayleon.es\/index\/"},{"@type":"ListItem","position":2,"name":"Gu\u00eda para visitar el Parque Tem\u00e1tico del Mud\u00e9jar, Pasi\u00f3n Mud\u00e9jar"}]},{"@type":"WebSite","@id":"https:\/\/destinocastillayleon.es\/index\/#website","url":"https:\/\/destinocastillayleon.es\/index\/","name":"Destino Castilla y Le\u00f3n","description":"Medio digital independiente y revista de Castilla y Le\u00f3n dedicado al turismo, gastronom\u00eda y vino de Castilla y Le\u00f3n","potentialAction":[{"@type":"SearchAction","target":{"@type":"EntryPoint","urlTemplate":"https:\/\/destinocastillayleon.es\/index\/?s={search_term_string}"},"query-input":{"@type":"PropertyValueSpecification","valueRequired":true,"valueName":"search_term_string"}}],"inLanguage":"es"},{"@type":"Person","@id":"https:\/\/destinocastillayleon.es\/index\/#\/schema\/person\/189221bc8f6cc4fa28b18ad5c289d4c2","name":"David V\u00e1zquez","image":{"@type":"ImageObject","inLanguage":"es","@id":"https:\/\/secure.gravatar.com\/avatar\/cd12db6c575a90c3b75cfa0f794b74d425201c768612fad17e9f13cd33d48be8?s=96&d=mm&r=g","url":"https:\/\/secure.gravatar.com\/avatar\/cd12db6c575a90c3b75cfa0f794b74d425201c768612fad17e9f13cd33d48be8?s=96&d=mm&r=g","contentUrl":"https:\/\/secure.gravatar.com\/avatar\/cd12db6c575a90c3b75cfa0f794b74d425201c768612fad17e9f13cd33d48be8?s=96&d=mm&r=g","caption":"David V\u00e1zquez"},"description":"Ingeniero Industrial de vocaci\u00f3n y profesi\u00f3n, he encontrado en los blogs la forma de plasmar mi pasi\u00f3n por los viajes, la gastronom\u00eda y los vinos. Especialmente los procedentes de Castilla y Le\u00f3n","sameAs":["https:\/\/www.destinocastillayleon.es","https:\/\/www.facebook.com\/profile.php?id=1158416854","https:\/\/instagram.com\/conte.pantaleone","https:\/\/www.linkedin.com\/pub\/david-vazquez-lozano\/37\/17a\/25a","https:\/\/x.com\/https:\/\/twitter.com\/ContePantaleone\u200e"],"url":"https:\/\/destinocastillayleon.es\/index\/author\/coadministradorcyl\/"}]}},"_links":{"self":[{"href":"https:\/\/destinocastillayleon.es\/index\/wp-json\/wp\/v2\/posts\/27079","targetHints":{"allow":["GET"]}}],"collection":[{"href":"https:\/\/destinocastillayleon.es\/index\/wp-json\/wp\/v2\/posts"}],"about":[{"href":"https:\/\/destinocastillayleon.es\/index\/wp-json\/wp\/v2\/types\/post"}],"author":[{"embeddable":true,"href":"https:\/\/destinocastillayleon.es\/index\/wp-json\/wp\/v2\/users\/2"}],"replies":[{"embeddable":true,"href":"https:\/\/destinocastillayleon.es\/index\/wp-json\/wp\/v2\/comments?post=27079"}],"version-history":[{"count":13,"href":"https:\/\/destinocastillayleon.es\/index\/wp-json\/wp\/v2\/posts\/27079\/revisions"}],"predecessor-version":[{"id":29328,"href":"https:\/\/destinocastillayleon.es\/index\/wp-json\/wp\/v2\/posts\/27079\/revisions\/29328"}],"wp:featuredmedia":[{"embeddable":true,"href":"https:\/\/destinocastillayleon.es\/index\/wp-json\/wp\/v2\/media\/27098"}],"wp:attachment":[{"href":"https:\/\/destinocastillayleon.es\/index\/wp-json\/wp\/v2\/media?parent=27079"}],"wp:term":[{"taxonomy":"category","embeddable":true,"href":"https:\/\/destinocastillayleon.es\/index\/wp-json\/wp\/v2\/categories?post=27079"},{"taxonomy":"post_tag","embeddable":true,"href":"https:\/\/destinocastillayleon.es\/index\/wp-json\/wp\/v2\/tags?post=27079"}],"curies":[{"name":"wp","href":"https:\/\/api.w.org\/{rel}","templated":true}]}}