{"id":25806,"date":"2017-07-21T07:27:59","date_gmt":"2017-07-21T05:27:59","guid":{"rendered":"http:\/\/destinocastillayleon.es\/index\/?p=25806"},"modified":"2017-07-21T07:31:40","modified_gmt":"2017-07-21T05:31:40","slug":"las-iglesias-de-extramuros-de-avila","status":"publish","type":"post","link":"https:\/\/destinocastillayleon.es\/index\/las-iglesias-de-extramuros-de-avila\/","title":{"rendered":"Las Iglesias de extramuros de \u00c1vila, tambi\u00e9n Patrimonio Mundial de la Humanidad"},"content":{"rendered":"<p>Seguimos conociendo en profundidad la maravillosa ciudad amurallada de \u00c1vila. Como ya os comentamos en la entrada anterior referente a <a href=\"http:\/\/destinocastillayleon.es\/index\/avila-y-sus-murallas\/\">\u00c1vila y a sus murallas<\/a>, <strong>desde el 2007 las iglesias de extramuros de \u00c1vila rom\u00e1nicas tienen el reconocimiento de Patrimonio Mundial de la Humanidad<\/strong>, junto a la ciudad vieja y las murallas, que lo lograron en 1982.<\/p>\n<p>El \u00c1vila actual, <strong>es un hervidero de cultura y patrimonio, <\/strong> como os comentamos en nuestra entrada referente a la <a href=\"http:\/\/destinocastillayleon.es\/index\/i-tuit-quedada-cultural-en-avila\/\">TuitQuedadaCultural de \u00c1vila<\/a>. Y ahora, vamos a conocer <strong>las iglesias rom\u00e1nicas de extramuros<\/strong>.<br \/>\n&nbsp;<\/p>\n<h2>las Iglesias de extramuros de \u00c1vila rom\u00e1nicas<\/h2>\n<h3>La Bas\u00edlica de los Santos Hermanos M\u00e1rtires, Vicente, Sabina y Cristeta <\/h3>\n<p>M\u00e1s conocida como <strong>Bas\u00edlica de San Vicente<\/strong>. Su construcci\u00f3n se inici\u00f3 <strong>en el siglo XII y finaliz\u00f3 en el siglo XIV<\/strong>. Este templo rom\u00e1nico abulense es el de mayor tama\u00f1o e importancia de la ciudad despu\u00e9s de la Catedral y <strong>una de las obras m\u00e1s destacadas de este estilo arquitect\u00f3nico de toda Espa\u00f1a<\/strong>. Desde 1882, es Monumento Nacional. <\/p>\n<figure id=\"attachment_25828\" aria-describedby=\"caption-attachment-25828\" style=\"width: 640px\" class=\"wp-caption aligncenter\"><img decoding=\"async\" src=\"http:\/\/destinocastillayleon.es\/index\/wp-content\/uploads\/2017\/07\/51eb3179f969c6676240c324888a5b44.jpg\" alt=\"iglesias de extramuros\" Title=\"Fachada de la bas\u00edlica de San Vicente de \u00c1vila - Destino Castilla y Le\u00f3n\" width=\"640\" height=\"410\" class=\"size-full wp-image-25828\" srcset=\"https:\/\/destinocastillayleon.es\/index\/wp-content\/uploads\/2017\/07\/51eb3179f969c6676240c324888a5b44.jpg 640w, https:\/\/destinocastillayleon.es\/index\/wp-content\/uploads\/2017\/07\/51eb3179f969c6676240c324888a5b44-300x192.jpg 300w\" sizes=\"(max-width: 640px) 100vw, 640px\" \/><figcaption id=\"caption-attachment-25828\" class=\"wp-caption-text\">Fachada de la bas\u00edlica de San Vicente de \u00c1vila &#8211; Destino Castilla y Le\u00f3n<\/figcaption><\/figure>\n<p>La fase final de esta construcci\u00f3n <strong>est\u00e1 atribuida al maestro franc\u00e9s Giral Fruchel, introductor del g\u00f3tico en Espa\u00f1a<\/strong> y que particip\u00f3 tambi\u00e9n en la construcci\u00f3n de la catedral y en la Iglesia de la Magdalena de Zamora. Estructuralmente, es similar a las bas\u00edlicas latinas, con una <strong>planta de cruz latina, tres naves de seis tramos, cimborrio, tribunas, tres \u00e1bsides, atrio, dos torres y una cripta<\/strong>. <\/p>\n<p>El material utilizado para la construcci\u00f3n fue la <strong>piedra cale\u00f1a<\/strong>, una arenisca de tonos amarillentos y anaranjados, proveniente de las canteras del cercano pueblo de La Colilla (\u00c1vila).<br \/>\n&nbsp;<\/p>\n<h4>Historia de estos santos<\/h4>\n<p><strong>Est\u00e1 dedicada a los Santos hermanos m\u00e1rtires Vicente, Sabina y Cristeta<\/strong>, que en el a\u00f1o 306, durante la persecuci\u00f3n de Diocleciano, la \u00faltima y quiz\u00e1 m\u00e1s sangrienta persecuci\u00f3n a los cristianos en el Imperio romano sufrieron martirio por negarse a firmar un documento en el que deb\u00edan reconocer haber ofrecido sacrificios a los dioses romanos. <strong>Sus cuerpos fueron depositados en una cavidad de una roca, sobre la que se edific\u00f3 posteriormente la actual bas\u00edlica<\/strong>. Esta supuesta roca puede contemplarse en la capilla derecha de la cripta. <\/p>\n<figure id=\"attachment_25816\" aria-describedby=\"caption-attachment-25816\" style=\"width: 500px\" class=\"wp-caption aligncenter\"><img decoding=\"async\" src=\"http:\/\/destinocastillayleon.es\/index\/wp-content\/uploads\/2017\/07\/bc63de12b584068a3fbd8c1bc4e722f5.jpg\" alt=\"Santos hermanos m\u00e1rtires Vicente, Sabina y Cristeta\" width=\"500\" height=\"375\" class=\"size-full wp-image-25816\" srcset=\"https:\/\/destinocastillayleon.es\/index\/wp-content\/uploads\/2017\/07\/bc63de12b584068a3fbd8c1bc4e722f5.jpg 500w, https:\/\/destinocastillayleon.es\/index\/wp-content\/uploads\/2017\/07\/bc63de12b584068a3fbd8c1bc4e722f5-300x225.jpg 300w\" sizes=\"(max-width: 500px) 100vw, 500px\" \/><figcaption id=\"caption-attachment-25816\" class=\"wp-caption-text\">Santos hermanos m\u00e1rtires Vicente, Sabina y Cristeta<\/figcaption><\/figure>\n<p>En 1062, <strong>el rey Fernando I de Le\u00f3n y Castilla orden\u00f3 que los restos fueran trasladados al monasterio de San Pedro de Arlanza (Burgos) <\/strong>, aunque en 1175, los cuerpos regresaron a su lugar de enterramiento original, que para aquel momento ya se hab\u00eda iniciado la construcci\u00f3n del actual templo, que fue entorno al a\u00f1o 1130.<\/p>\n<p>Posteriormente se efectu\u00f3 un nuevo traslado en el a\u00f1o 1835 a la Colegiata de San Cosme y San Dami\u00e1n de Covarrubias (Burgos) de donde pasaron a la capilla de las Reliquias de la catedral de Burgos hasta que volvieron definitivamente a San Vicente, donde <strong>quedaron depositadas dentro de unas urnas colocadas en el altar mayor<\/strong>.<br \/>\n&nbsp;<\/p>\n<h4>Interior de San Vicente<\/h4>\n<p>El <a href=\"https:\/\/es.wikipedia.org\/wiki\/Cenotafio\" target=\"_Blank\" rel=\"NoFollow\">cenotafio<\/a> de los santos Vicente, Sabina y Cristeta, es un gran monumento funerario con estructura arquitect\u00f3nica y escult\u00f3rica, de la segunda mitad del siglo XII y con un baldaquino a\u00f1adido durante el siglo XV. Es <strong>uno de los cenotafios rom\u00e1nicos mejor conservados <\/strong>se encuentra situado en el crucero, bajo el arco toral del lado de la Ep\u00edstola.<\/p>\n<figure id=\"attachment_25829\" aria-describedby=\"caption-attachment-25829\" style=\"width: 640px\" class=\"wp-caption aligncenter\"><img decoding=\"async\" src=\"http:\/\/destinocastillayleon.es\/index\/wp-content\/uploads\/2017\/07\/50e5e86a0ea5250214bba428270e8701.jpg\" alt=\"Cenotafio de los santos Vicente, Sabina y Cristeta - Destino Castilla y Le\u00f3n\" width=\"640\" height=\"432\" class=\"size-full wp-image-25829\" srcset=\"https:\/\/destinocastillayleon.es\/index\/wp-content\/uploads\/2017\/07\/50e5e86a0ea5250214bba428270e8701.jpg 640w, https:\/\/destinocastillayleon.es\/index\/wp-content\/uploads\/2017\/07\/50e5e86a0ea5250214bba428270e8701-300x203.jpg 300w\" sizes=\"(max-width: 640px) 100vw, 640px\" \/><figcaption id=\"caption-attachment-25829\" class=\"wp-caption-text\">Cenotafio de los santos Vicente, Sabina y Cristeta &#8211; Destino Castilla y Le\u00f3n<\/figcaption><\/figure>\n<p>Se cuenta que <strong>San Pedro del Barco<\/strong>, un santo muy honrado en su localidad natal, erigieron una ermita donde se ubicaba la casa donde naci\u00f3. En la Bas\u00edlica de San Vicente se conserva la huella de una herradura de su caballo en las inmediaciones del altar. <\/p>\n<figure id=\"attachment_25811\" aria-describedby=\"caption-attachment-25811\" style=\"width: 640px\" class=\"wp-caption aligncenter\"><img decoding=\"async\" src=\"http:\/\/destinocastillayleon.es\/index\/wp-content\/uploads\/2017\/07\/e2bb8bd936df63e0fcacdd891f942ff2.jpg\" alt=\"Interior de la Bas\u00edlica de San Vicente - Destino Castilla y Le\u00f3n\" width=\"640\" height=\"400\" class=\"size-full wp-image-25811\" srcset=\"https:\/\/destinocastillayleon.es\/index\/wp-content\/uploads\/2017\/07\/e2bb8bd936df63e0fcacdd891f942ff2.jpg 640w, https:\/\/destinocastillayleon.es\/index\/wp-content\/uploads\/2017\/07\/e2bb8bd936df63e0fcacdd891f942ff2-300x188.jpg 300w\" sizes=\"(max-width: 640px) 100vw, 640px\" \/><figcaption id=\"caption-attachment-25811\" class=\"wp-caption-text\">Interior de la Bas\u00edlica de San Vicente &#8211; Destino Castilla y Le\u00f3n<\/figcaption><\/figure>\n<p>Otra curiosidad es que <strong>el cubo de la muralla que forma el v\u00e9rtice dirigido hacia esta iglesia, recibe el nombre de Cubo de la Mula<\/strong>, debido a que all\u00ed se localiza <strong>un verraco celtib\u00e9rico<\/strong> que dirige su cara, hacia el templo.<br \/>\n&nbsp;<\/p>\n<h3>Iglesia de San Pedro <\/h3>\n<p>Esta otra iglesia rom\u00e1nica situada fuera del recinto amurallado es <strong>una de las m\u00e1s emblem\u00e1ticas de \u00c1vila, al localizarse cerrando plaza del Mercado Grande, frente a la puerta del Alc\u00e1zar<\/strong>. El inicio de su construcci\u00f3n est\u00e1 fechado hacia el 1100, d\u00e1ndose por terminada hacia el a\u00f1o 1130. No obstante, sufrir\u00eda diversas reformas a lo largo de los siglos XIII y XIV.<\/p>\n<figure id=\"attachment_25440\" aria-describedby=\"caption-attachment-25440\" style=\"width: 640px\" class=\"wp-caption aligncenter\"><img decoding=\"async\" src=\"http:\/\/destinocastillayleon.es\/index\/wp-content\/uploads\/2016\/04\/4476d7a45cfd46edbc01e9bdfd8d5eac.jpg\" alt=\"Plaza del Mercado Grande de \u00c1vila - Destino Castilla y Le\u00f3n\" height=\"400\" width=\"640><figcaption id=\"caption-attachment-25440\" class=\"wp-caption-text\"><em>Iglesia de San Pedro en Plaza del Mercado Grande de \u00c1vila \u2013 Destino Castilla y Le\u00f3n<\/em><\/figcaption><\/figure>\n<p><strong>Presenta planta longitudinal de 3 naves y 3 \u00e1bsides, en un solo edificio<\/strong>. Las tres puertas de entrada son rom\u00e1nicas junto a los \u00e1bsides, la nave central es de la transici\u00f3n al g\u00f3tico. En el lado occidental o de los pies destaca un gran roset\u00f3n sobre la fachada que nos habla de las actuaciones g\u00f3ticas del siglo XIII y XIV. <\/p>\n<p>El conjunto est\u00e1 rodeado de un espacio ajardinado y enlosado. <strong>Presenta analog\u00edas con la de Bas\u00edlica de San Vicente, construida por las mismas fechas<\/strong>. El templo fue pobl\u00e1ndose de manifestaciones art\u00edsticas destacadas, dejando claro que durante m\u00e1s de 900 a\u00f1os este lugar ha sido un centro de culto cristiano de manera ininterrumpida.<\/p>\n<p><a href=\"http:\/\/blancateguiaenavila.es\/web\/monumentos\/iglesia-de-san-pedro\/#!prettyPhoto\" target=\"_Blank\" rel=\"NoFollow\"><figure id=\"attachment_25814\" aria-describedby=\"caption-attachment-25814\" style=\"width: 640px\" class=\"wp-caption aligncenter\"><img decoding=\"async\" src=\"http:\/\/destinocastillayleon.es\/index\/wp-content\/uploads\/2017\/07\/dd8d2d8475dbba87437228e18b220094.jpg\" alt=\"Interior de la Iglesia de San Pedro de \u00c1vila - Imagen de BlancaTeGu\u00edaen\u00c1vila\" width=\"640\" height=\"400\" class=\"size-full wp-image-25814\" srcset=\"https:\/\/destinocastillayleon.es\/index\/wp-content\/uploads\/2017\/07\/dd8d2d8475dbba87437228e18b220094.jpg 640w, https:\/\/destinocastillayleon.es\/index\/wp-content\/uploads\/2017\/07\/dd8d2d8475dbba87437228e18b220094-300x188.jpg 300w\" sizes=\"(max-width: 640px) 100vw, 640px\" \/><figcaption id=\"caption-attachment-25814\" class=\"wp-caption-text\">Interior de la Iglesia de San Pedro de \u00c1vila &#8211; Imagen de BlancaTeGu\u00edaen\u00c1vila<\/figcaption><\/figure><\/a><\/p>\n<p>Las obras pict\u00f3ricas m\u00e1s estimables son ocho sargas: Mar\u00eda en la Anunciaci\u00f3n, el arc\u00e1ngel Gabriel, San Pedro, San Pablo, los Santos Juanes (Bautista y Evangelista) y dos \u00e1ngeles m\u00fasicos. <strong>Las Sargas son telas pintadas al temple, suelen ser muestras previas a la realizaci\u00f3n del \u00f3leo cuyo destino podr\u00eda ser el cierre de un retablo<\/strong>. El autor de estas obras es el artista Pedro Berruguete, pintor palentino de la segunda mitad del XV.<\/p>\n<p><strong>Algunos tratadistas mantienen que San Pedro es la m\u00e1s antigua parroquia de \u00c1vila<\/strong>; siempre rivaliz\u00f3 con la de San Vicente por la preeminencia en los actos procesionales. La disputa fue zanjada en el siglo XVII, la cruz de San Pedro presid\u00eda media procesi\u00f3n, desde la salida, y la cruz de San Vicente la otra media.<\/p>\n<p><a href=\" http:\/\/blancateguiaenavila.es\/web\/monumentos\/iglesia-de-san-pedro\/#!prettyPhoto \" target=\"_Blank\" rel=\"NoFollow\"><figure id=\"attachment_25807\" aria-describedby=\"caption-attachment-25807\" style=\"width: 640px\" class=\"wp-caption aligncenter\"><img decoding=\"async\" src=\"http:\/\/destinocastillayleon.es\/index\/wp-content\/uploads\/2017\/07\/43e6127f578d494c89930f1800f51e1f.jpg\" alt=\"Detalles interiores de la Iglesia de San Pedro - Imagen de BlancaTeGu\u00edaen\u00c1vila\" width=\"640\" height=\"400\" class=\"size-full wp-image-25807\" srcset=\"https:\/\/destinocastillayleon.es\/index\/wp-content\/uploads\/2017\/07\/43e6127f578d494c89930f1800f51e1f.jpg 640w, https:\/\/destinocastillayleon.es\/index\/wp-content\/uploads\/2017\/07\/43e6127f578d494c89930f1800f51e1f-300x188.jpg 300w\" sizes=\"(max-width: 640px) 100vw, 640px\" \/><figcaption id=\"caption-attachment-25807\" class=\"wp-caption-text\">Detalles interiores de la Iglesia de San Pedro &#8211; Imagen de BlancaTeGu\u00edaen\u00c1vila<\/figcaption><\/figure><\/a><br \/>\n&nbsp;<\/p>\n<h3>Ermita de San Segundo <\/h3>\n<p>Esta ermita <strong>est\u00e1 al oeste de la ciudad de \u00c1vila, fuera del recinto amurallado<\/strong> y en la margen derecha del r\u00edo Adaja. Posee una <strong>planta con tres naves y cabecera tripartita desviada<\/strong>. Conserva vestigios rom\u00e1nicos, aunque fue ampliamente reformada durante el siglo XVI. En su interior se <strong>guarda una escultura de alabastro elaborada por el artista Juan de Juni. (1506-1577) <\/strong> formado en Francia y en Italia, y miembro de la escuela de la escultura castellana.<\/p>\n<p><a href=\"http:\/\/servicios.jcyl.es\/pweb\/datos.do?numero=236&#038;tipo=inmueble&#038;ruta=\" target=\"_Blank\" rel=\"NoFollow\"> <figure id=\"attachment_25823\" aria-describedby=\"caption-attachment-25823\" style=\"width: 567px\" class=\"wp-caption aligncenter\"><img decoding=\"async\" src=\"http:\/\/destinocastillayleon.es\/index\/wp-content\/uploads\/2017\/07\/d61e9aac0eab96a6facee49a9bcb7d8a.jpg\" alt=\"Ermita de San Segundo de \u00c1vila - Image de JCyL\" width=\"567\" height=\"368\" class=\"size-full wp-image-25823\" srcset=\"https:\/\/destinocastillayleon.es\/index\/wp-content\/uploads\/2017\/07\/d61e9aac0eab96a6facee49a9bcb7d8a.jpg 567w, https:\/\/destinocastillayleon.es\/index\/wp-content\/uploads\/2017\/07\/d61e9aac0eab96a6facee49a9bcb7d8a-300x195.jpg 300w\" sizes=\"(max-width: 567px) 100vw, 567px\" \/><figcaption id=\"caption-attachment-25823\" class=\"wp-caption-text\">Ermita de San Segundo de \u00c1vila &#8211; Image de JCyL<\/figcaption><\/figure><\/a><\/p>\n<p>Durante las reformas efectuadas en 1521, en uno de sus muros <strong>se encontr\u00f3 un sepulcro con una caja que conten\u00eda huesos de un cuerpo humano. Sobre la tapa se le\u00eda la inscripci\u00f3n <em>Santus Secundus<\/em><\/strong>, que dio lugar a que durante mucho tiempo se creyera que \u00c1vila hab\u00eda sido fundada por este santo; uno de los siete varones apost\u00f3licos enviados por San Pedro a evangelizar la pen\u00ednsula Ib\u00e9rica. Este suceso fue la causa del cambio de nombre de la iglesia que pas\u00f3 a llamarse Ermita de San Segundo.<\/p>\n<blockquote><p>Cuenta la creencia popular que introduciendo un pa\u00f1uelo en el sepulcro y pidiendo tres deseos, el santo concede uno de ellos. <\/p><\/blockquote>\n<p><a href=\"http:\/\/servicios.jcyl.es\/pweb\/datos.do?numero=236&#038;tipo=inmueble&#038;ruta=\" target=\"_Blank\" rel=\"NoFollow\"><figure id=\"attachment_25812\" aria-describedby=\"caption-attachment-25812\" style=\"width: 567px\" class=\"wp-caption aligncenter\"><img decoding=\"async\" src=\"http:\/\/destinocastillayleon.es\/index\/wp-content\/uploads\/2017\/07\/3e86bc6d4d1641b7b10b17fd2ce3032c.jpg\" alt=\"Interior de la Ermita de San Segundo de \u00c1vila - Image de JCyL\" width=\"567\" height=\"368\" class=\"size-full wp-image-25812\" srcset=\"https:\/\/destinocastillayleon.es\/index\/wp-content\/uploads\/2017\/07\/3e86bc6d4d1641b7b10b17fd2ce3032c.jpg 567w, https:\/\/destinocastillayleon.es\/index\/wp-content\/uploads\/2017\/07\/3e86bc6d4d1641b7b10b17fd2ce3032c-300x195.jpg 300w\" sizes=\"(max-width: 567px) 100vw, 567px\" \/><figcaption id=\"caption-attachment-25812\" class=\"wp-caption-text\">Interior de la Ermita de San Segundo de \u00c1vila &#8211; Imagen de JCyL<\/figcaption><\/figure><\/a><\/p>\n<p><strong>San Segundo es el patr\u00f3n de \u00c1vila y su romer\u00eda se celebra el 2 de mayo<\/strong>. Esta sencilla y humilde ermita fue declarada Monumento arquitect\u00f3nico-art\u00edstico por Real Orden en 1923.<\/p>\n<p>&nbsp;<\/p>\n<h3>Real Monasterio de Santo Tom\u00e1s <\/h3>\n<p>Este monasterio <strong>fue construido a finales del siglo XV en estilo g\u00f3tico. <\/strong> Su fundaci\u00f3n se debe al tesorero de los Reyes Cat\u00f3licos, Hern\u00e1n N\u00fa\u00f1ez de Arnalte, quien otorg\u00f3 poder a favor de su esposa, Mar\u00eda D\u00e1vila, y a que fray Tom\u00e1s de Torquemada, actuasen en su nombre para la fundaci\u00f3n de un convento de dominicos en \u00c1vila en honor de Santo Tom\u00e1s de Aquino. <\/p>\n<p><a href=\"http:\/\/www.viajesyrutas.es\/2016\/05\/\" rel=\"NoFollow\" target=\"_blank\"> <figure id=\"attachment_25440\" aria-describedby=\"caption-attachment-25440\" style=\"width: 640px\" class=\"wp-caption aligncenter\"><img decoding=\"async\" src=\"http:\/\/destinocastillayleon.es\/index\/wp-content\/uploads\/2017\/05\/9a0db6d6fced99d8e5a1a16308feb8a4.jpg\" alt=\"Monasterio de Santo Tom\u00e1s de \u00c1vila - Imagen de Viajes y Rutas\" height=\"400\" width=\"640\"><figcaption id=\"caption-attachment-25440\" class=\"wp-caption-text\">Real Monasterio de Santo Tom\u00e1s de \u00c1vila \u2013 Imagen de Viajes y Rutas<\/figcaption><\/figure><\/a><\/p>\n<p>Esta Iglesia <strong>se integra dentro de un Monasterio, que a su vez fue Palacio Real para los Reyes Cat\u00f3licos. La iglesia presenta una planta de cruz latina con cinco tramos coronada por una b\u00f3veda estrellada<\/strong>. A mitad de la fachada se sit\u00faa un gran roset\u00f3n que da luz al coro y la iglesia. Un poco m\u00e1s arriba, <strong>preside el escudo de los Reyes Cat\u00f3licos sostenido por un \u00e1guila, que representa San Juan Evangelista<\/strong>. La nave principal tiene unas medidas de 53 metros de largo por 10,50 de ancho y el crucero mide 28,80 metros de largo por 10,30 de ancho.<\/p>\n<p><a href=\"https:\/\/commons.wikimedia.org\/wiki\/File:Avila_-_Convento_de_Santo_Tomas_03c.jpg?uselang=de\" target=\"_Blank\" rel=\"NoFollow\"><figure id=\"attachment_25815\" aria-describedby=\"caption-attachment-25815\" style=\"width: 640px\" class=\"wp-caption aligncenter\"><img decoding=\"async\" src=\"http:\/\/destinocastillayleon.es\/index\/wp-content\/uploads\/2017\/07\/9c20a7e4f5211fe32321b024e55f318f.jpg\" alt=\"Iglesias de extramuros de \u00c1vila\" Title=\"Interior de la Iglesia del Real Monasterio de Santo Tom\u00e1s - Imagen de Wikipedia\" width=\"640\" height=\"400\" class=\"size-full wp-image-25815\" srcset=\"https:\/\/destinocastillayleon.es\/index\/wp-content\/uploads\/2017\/07\/9c20a7e4f5211fe32321b024e55f318f.jpg 640w, https:\/\/destinocastillayleon.es\/index\/wp-content\/uploads\/2017\/07\/9c20a7e4f5211fe32321b024e55f318f-300x188.jpg 300w\" sizes=\"(max-width: 640px) 100vw, 640px\" \/><figcaption id=\"caption-attachment-25815\" class=\"wp-caption-text\">Interior de la Iglesia del Real Monasterio de Santo Tom\u00e1s &#8211; Imagen de Wikipedia<\/figcaption><\/figure><\/a><\/p>\n<p>El complejo mon\u00e1stico<strong> presenta tres patios<\/strong>; el claustro asociado a la Iglesia tiene unas medidas de 19,40 por 20,90 metros con dos plantas. Consta de 18 arcos, con dos puertas de acceso en su parte interior, y de 38 arcos polilobulados en su parte superior. <\/p>\n<p>El retablo mayor contiene <strong>pinturas de Pedro Berruguete<\/strong>, (1450-1503) que ilustra 19 pinturas colocadas en esta magn\u00edfica obra de estilo g\u00f3tico de 21 metros de alto. El retablo est\u00e1 estructurado en tres partes, que contienen cinco grandes tablas relativas a diversos episodios de la vida de Santo Tom\u00e1s de Aquino. <strong>Fue residencia de verano de los Reyes Cat\u00f3licos<\/strong>. <\/p>\n<p>En lugar preferente junto al altar mayor, <strong>se halla el sepulcro o sarc\u00f3fago del pr\u00edncipe Juan<\/strong>, el \u00fanico hijo var\u00f3n de los Reyes Cat\u00f3licos, que muri\u00f3 prematuramente antes de llegar al trono. La obra escult\u00f3rica renacentista, en m\u00e1rmol de Carrara, es del autor italiano Domenico Fancelli. (1469-1519). <\/p>\n<p><a href=\"http:\/\/www.avila360.es\/que-ver\/monasterio-de-santo-tomas\" target=\"_Blank\" rel=\"NoFollow\"><figure id=\"attachment_25817\" aria-describedby=\"caption-attachment-25817\" style=\"width: 640px\" class=\"wp-caption aligncenter\"><img decoding=\"async\" src=\"http:\/\/destinocastillayleon.es\/index\/wp-content\/uploads\/2017\/07\/930558d497f314db4629de201ba2894d.jpg\" alt=\"Tumba del Principe Juan, hijo de los Reyes Cat\u00f3licos en el Monasterio de Santo Tom\u00e1s - Imagen de Avila360\" width=\"640\" height=\"370\" class=\"size-full wp-image-25817\" srcset=\"https:\/\/destinocastillayleon.es\/index\/wp-content\/uploads\/2017\/07\/930558d497f314db4629de201ba2894d.jpg 640w, https:\/\/destinocastillayleon.es\/index\/wp-content\/uploads\/2017\/07\/930558d497f314db4629de201ba2894d-300x173.jpg 300w\" sizes=\"(max-width: 640px) 100vw, 640px\" \/><figcaption id=\"caption-attachment-25817\" class=\"wp-caption-text\">Tumba del Pr\u00edncipe Juan, hijo de los Reyes Cat\u00f3licos en el Monasterio de Santo Tom\u00e1s &#8211; Imagen de Avila360<\/figcaption><\/figure><\/a><br \/>\n&nbsp;<\/p>\n<h3>Convento de San Jos\u00e9 <\/h3>\n<p><strong>Primera fundaci\u00f3n llevada a cabo por Santa Teresa de Jes\u00fas, gracias al apoyo del obispo \u00c1lvaro de Mendoza<\/strong>. Fue edificado <strong>en 1562<\/strong>, aunque su iglesia, el elemento arquitect\u00f3nico de mayor inter\u00e9s, comenz\u00f3 a construirse en 1607 con el dise\u00f1o del arquitecto renacentista Francisco de Mora, compa\u00f1ero de Juan de Herrera en otras construcciones monumentales, como El Escorial, o la reconstrucci\u00f3n del Alc\u00e1zar de Segovia; fue el autor del complejo palaciego de Lerma. <strong>Este templo fue concebido con una \u00fanica nave, con cubierta de b\u00f3veda va\u00edda y c\u00fapula en el crucero<\/strong>. <\/p>\n<p><a href=\"http:\/\/aksioperierga.blogspot.com.es\/2013\/12\/blog-post_11.html\" rel=\"NoFollow\" target=\"_blank\"> <figure id=\"attachment_25440\" aria-describedby=\"caption-attachment-25440\" style=\"width: 640px\" class=\"wp-caption aligncenter\"><img decoding=\"async\" src=\"http:\/\/destinocastillayleon.es\/index\/wp-content\/uploads\/2017\/05\/fce45ca4cc6606ed50db10bc9e9f2a62.jpg\" alt=\"Iglesias de extramuros de \u00c1vila\" Title=\"Monasterio de Santo Tom\u00e1s de \u00c1vila - Imagen de Viajes y Rutas\" height=\"400\" width=\"640\"><figcaption id=\"caption-attachment-25440\" class=\"wp-caption-text\">Convento de San Jos\u00e9 de \u00c1vila \u2013 Imagen de \u038c\u03bc\u03bf\u03c1\u03c6\u03bf\u03c2 \u03ba\u03cc\u03c3\u03bc\u03bf\u03c2, \u03bc\u03b1\u03b3\u03b9\u03ba\u03cc\u03c2<\/figcaption><\/figure><\/a><\/p>\n<p>Junto con el convento de monjas carmelitas descalzas, es Monumento Nacional desde 1968. <strong>Actualmente el edificio sirve de sede al Museo Teresiano de las Carmelitas Descalzas<\/strong>.<br \/>\n &nbsp;<\/p>\n<h3>Iglesia de San Andr\u00e9s <\/h3>\n<p>Esta Iglesia<strong> rom\u00e1nica del siglo XII<\/strong> se sit\u00faa al noreste de la ciudad, a extramuros y en el barrio conocido como \u201cel de los canteros\u201d, porque all\u00ed resid\u00edan los maestros de obras y canteros que trabajaron en la fortificaci\u00f3n de \u00c1vila. Para llegar hasta ella, <strong>hay que cruzar la carretera que circunvala la muralla de \u00c1vila a la altura del muro norte de la bas\u00edlica de San Vicente<\/strong>, para luego entrar o por la calle Parrilla o la calle Valseca, ya que ambas desembocan en la Plaza de San Andr\u00e9s, donde se ubica el templo.<\/p>\n<p><a href=\"http:\/\/blancateguiaenavila.es\/web\/monumentos\/iglesia-de-san-andres\/#!prettyPhoto\" target=\"_Blank\" rel=\"NoFollow\"><figure id=\"attachment_25824\" aria-describedby=\"caption-attachment-25824\" style=\"width: 640px\" class=\"wp-caption aligncenter\"><img decoding=\"async\" src=\"http:\/\/destinocastillayleon.es\/index\/wp-content\/uploads\/2017\/07\/06dc429dc0d4fd2e76cd121f8a1627a7.jpg\" alt=\"Iglesia de San Andr\u00e9s de \u00c1vila - Imagen de BlancaTeGu\u00edaen\u00c1vila\" width=\"640\" height=\"400\" class=\"size-full wp-image-25824\" srcset=\"https:\/\/destinocastillayleon.es\/index\/wp-content\/uploads\/2017\/07\/06dc429dc0d4fd2e76cd121f8a1627a7.jpg 640w, https:\/\/destinocastillayleon.es\/index\/wp-content\/uploads\/2017\/07\/06dc429dc0d4fd2e76cd121f8a1627a7-300x188.jpg 300w\" sizes=\"(max-width: 640px) 100vw, 640px\" \/><figcaption id=\"caption-attachment-25824\" class=\"wp-caption-text\">Iglesia de San Andr\u00e9s de \u00c1vila &#8211; Imagen de BlancaTeGu\u00edaen\u00c1vila<\/figcaption><\/figure><\/a><\/p>\n<p>Se trata de <strong>uno de los templos m\u00e1s antiguos de la ciudad<\/strong>, construido con piedra arenisca. Durante el siglo XX sufri\u00f3 ciertas restauraciones. Cuenta con una planta basilical de tres naves, con sus correspondientes \u00e1bsides, siendo mayor el central. Fue declarada Monumento Nacional el 23 de junio de 1923 y en 1985 pasar\u00eda a tener autom\u00e1ticamente la categor\u00eda de Bien de Inter\u00e9s Cultural adem\u00e1s de junto con el casco antiguo de \u00c1vila y otras iglesias extramuros el reconocimiento de <strong>Patrimonio de la Humanidad por parte de la Unesco<\/strong>.<\/p>\n<p><a href=\"http:\/\/blancateguiaenavila.es\/web\/monumentos\/iglesia-de-san-andres\/#!prettyPhoto\" target=\"_Blank\" rel=\"NoFollow\"><figure id=\"attachment_25813\" aria-describedby=\"caption-attachment-25813\" style=\"width: 640px\" class=\"wp-caption aligncenter\"><img decoding=\"async\" src=\"http:\/\/destinocastillayleon.es\/index\/wp-content\/uploads\/2017\/07\/c66eb9ba82763795ec284d11c2a69295.jpg\" alt=\"Iglesias de extramuros de \u00c1vila\" Title=\"Interior de la Iglesia de San Andr\u00e9s de \u00c1vila - Imagen de BlancaTeGu\u00edaen\u00c1vila\" width=\"640\" height=\"400\" class=\"size-full wp-image-25813\" srcset=\"https:\/\/destinocastillayleon.es\/index\/wp-content\/uploads\/2017\/07\/c66eb9ba82763795ec284d11c2a69295.jpg 640w, https:\/\/destinocastillayleon.es\/index\/wp-content\/uploads\/2017\/07\/c66eb9ba82763795ec284d11c2a69295-300x188.jpg 300w\" sizes=\"(max-width: 640px) 100vw, 640px\" \/><figcaption id=\"caption-attachment-25813\" class=\"wp-caption-text\">Interior de la Iglesia de San Andr\u00e9s de \u00c1vila &#8211; Imagen de BlancaTeGu\u00edaen\u00c1vila<\/figcaption><\/figure><\/a><br \/>\n&nbsp;<\/p>\n<h3>Iglesia de San Nicol\u00e1s <\/h3>\n<p>Esta otra <strong>iglesia rom\u00e1nica data del siglo XII<\/strong>, se sit\u00faa al sur de la ciudad. Esta iglesia estaba consagrada a San Nicol\u00e1s por el obispo Jacobo de \u00c1vila en 1198. Al levantarse esta iglesia, empezaron la construcci\u00f3n por la cabecera, mientras que la fachada occidental ser\u00eda ya finalizada a comienzos del siglo XIII. <\/p>\n<p>Presenta<strong> tres naves, con tres puertas de acceso, y un \u00e1bside semicircular<\/strong>. Cuenta adem\u00e1s con una torre de planta cuadrangular. El material empleado en su construcci\u00f3n, es el ya tradicional en las otras iglesias rom\u00e1nicas de \u00c1vila, <strong>piedra de siller\u00eda lisa arenisca, sobre z\u00f3calo de granito<\/strong>. Fue reformada en el siglo XVII. <\/p>\n<p><a href=\"https:\/\/commons.wikimedia.org\/wiki\/Category:Church_of_San_Nicol%C3%A1s_de_Bari,_%C3%81vila\" target=\"_Blank\" rel=\"NoFollow\"><figure id=\"attachment_25809\" aria-describedby=\"caption-attachment-25809\" style=\"width: 640px\" class=\"wp-caption aligncenter\"><img decoding=\"async\" src=\"http:\/\/destinocastillayleon.es\/index\/wp-content\/uploads\/2017\/07\/e344411ce53ea973fa9ec8eb60fd61c4.jpg\" alt=\"Iglesias de extramuros de \u00c1vila\" Title=\"Iglesia de San Nicol\u00e1s de \u00c1vila - Imagen de Wikipedia\" width=\"640\" height=\"470\" class=\"size-full wp-image-25809\" srcset=\"https:\/\/destinocastillayleon.es\/index\/wp-content\/uploads\/2017\/07\/e344411ce53ea973fa9ec8eb60fd61c4.jpg 640w, https:\/\/destinocastillayleon.es\/index\/wp-content\/uploads\/2017\/07\/e344411ce53ea973fa9ec8eb60fd61c4-300x220.jpg 300w\" sizes=\"(max-width: 640px) 100vw, 640px\" \/><figcaption id=\"caption-attachment-25809\" class=\"wp-caption-text\">Iglesia de San Nicol\u00e1s de \u00c1vila &#8211; Imagen de Wikipedia<\/figcaption><\/figure><\/a><\/p>\n<p>Hacia el 1303 el barrio creci\u00f3 y se hizo bastante popular, concentr\u00e1ndose en \u00e9l parte de los inmuebles arrendados del cabildo. <strong>A inicios del siglo XX este templo fue parcialmente restaurado<\/strong>. Fue declarada Monumento Nacional el 22 de febrero de 1980.<br \/>\n&nbsp;<\/p>\n<h3>Ermita de San Mart\u00edn <\/h3>\n<p>Esta <strong>ermita rom\u00e1nica situada en la zona norte de la ciudad<\/strong>, a las afueras del casco hist\u00f3rico y de las murallas est\u00e1 <strong>pr\u00f3xima a la Iglesia de Santa Mar\u00eda de la Cabeza de \u00c1vila<\/strong>, a medio camino entre la muralla y el Convento de la Encarnaci\u00f3n. <strong>Fue reconstruida en el a\u00f1o 1705<\/strong>. Su estilo arquitect\u00f3nico es rom\u00e1nico, aunque su torre se construy\u00f3 m\u00e1s tarde y se aprecia un incipiente estilo mud\u00e9jar. Es una pena que esta ermita no es visitable, as\u00ed que tan s\u00f3lo se puede disfrutar desde el exterior.<\/p>\n<p><a href=\"https:\/\/www.asturnatura.com\/turismo\/ermita-de-san-martin-de-avila\/3040.html\" target=\"_Blank\" rel=\"NoFollow\"><figure id=\"attachment_25818\" aria-describedby=\"caption-attachment-25818\" style=\"width: 640px\" class=\"wp-caption aligncenter\"><img decoding=\"async\" src=\"http:\/\/destinocastillayleon.es\/index\/wp-content\/uploads\/2017\/07\/9676d937b82a5ef7d65131f9d86b6f91.jpg\" alt=\"Iglesias de extramuros de \u00c1vila\" Title=\"Ermita de San Mart\u00edn - Imagen de Asturnatura\" width=\"640\" height=\"467\" class=\"size-full wp-image-25818\" srcset=\"https:\/\/destinocastillayleon.es\/index\/wp-content\/uploads\/2017\/07\/9676d937b82a5ef7d65131f9d86b6f91.jpg 640w, https:\/\/destinocastillayleon.es\/index\/wp-content\/uploads\/2017\/07\/9676d937b82a5ef7d65131f9d86b6f91-300x219.jpg 300w\" sizes=\"(max-width: 640px) 100vw, 640px\" \/><figcaption id=\"caption-attachment-25818\" class=\"wp-caption-text\">Ermita de San Mart\u00edn &#8211; Imagen de Asturnatura<\/figcaption><\/figure><\/a><\/p>\n<p>Su importancia es que fue declarada Monumento Hist\u00f3rico Art\u00edstico en junio de 1983 por el Real Decreto. <strong>Lo que llama m\u00e1s la atenci\u00f3n es su torre, que es una de las m\u00e1s originales<\/strong> que pude ver en la ciudad de \u00c1vila.<\/p>\n<p>&nbsp;<\/p>\n<h3>Iglesia de Santiago<\/h3>\n<p>La iglesia de Santiago <strong>se sit\u00faa al lado sur de la ciudad, bajo el paseo del Rastro<\/strong>. Es una de las m\u00e1s atractivas desde nuestro punto de vista. <strong>Su construcci\u00f3n original data del siglo XIII<\/strong>, en estilo rom\u00e1nico, con transiciones al g\u00f3tico, aunque <strong>se la considera m\u00e1s g\u00f3tico tard\u00edo ya que fue finalizada en el siglo XVI en la mayor\u00eda de los detalles<\/strong>.<\/p>\n<p>El elemento m\u00e1s caracter\u00edstico de esta iglesia de <strong>una \u00fanica nave es un torre campanario, octogonal<\/strong> y con la base en piedra gran\u00edtica, para luego usar la piedra aren\u00edstica de la zona, para finalizar de nuevo en piedra gran\u00edtica y una cubierta de terraza.<\/p>\n<figure id=\"attachment_25837\" aria-describedby=\"caption-attachment-25837\" style=\"width: 640px\" class=\"wp-caption aligncenter\"><img decoding=\"async\" src=\"http:\/\/destinocastillayleon.es\/index\/wp-content\/uploads\/2017\/07\/cb122d2ea43b30e7d5b96318ac32364b.jpg\" alt=\"Iglesias de extramuros de \u00c1vila\" Title=\"Iglesia de Santiago de \u00c1vila - Destino Castilla y Le\u00f3n\" width=\"640\" height=\"400\" class=\"size-full wp-image-25837\" srcset=\"https:\/\/destinocastillayleon.es\/index\/wp-content\/uploads\/2017\/07\/cb122d2ea43b30e7d5b96318ac32364b.jpg 640w, https:\/\/destinocastillayleon.es\/index\/wp-content\/uploads\/2017\/07\/cb122d2ea43b30e7d5b96318ac32364b-300x188.jpg 300w\" sizes=\"(max-width: 640px) 100vw, 640px\" \/><figcaption id=\"caption-attachment-25837\" class=\"wp-caption-text\">Iglesia de Santiago de \u00c1vila &#8211; Destino Castilla y Le\u00f3n<\/figcaption><\/figure>\n<p>En su interior se encuentra <strong>un retablo que constituye un notable ejemplo de la presencia de los elementos t\u00edpicamente jacobeos<\/strong>, presentes en los templos situados en el Camino de Santiago, y es que uno de los ramales de los caminos de Madrid, atraviesa la ciudad de \u00c1vila. <\/p>\n<p>Fue declarada <strong>Patrimonio de la Humanidad<\/strong>, junto con las otras iglesias de \u00c1vila y es Bien de Inter\u00e9s Cultural con la categor\u00eda de monumento desde 1983.<\/p>\n<p>&nbsp;<\/p>\n<h3>Ermita de Santa Mar\u00eda de la Cabeza <\/h3>\n<p>Situada en la parte oeste de \u00c1vila, <strong>justo al lado de la Iglesia de San Mart\u00edn. Tiene un origen rom\u00e1nico del siglo XIII<\/strong>, aunque tiene grandes a\u00f1adidos de influencia renacentista debido a remodelaciones en el siglo XVI. Tambi\u00e9n conserva elementos mud\u00e9jares, sobretodo en sus naves interiores. Fue consagrada por el obispo de \u00c1vila Don Pedro, para sustituir a la antigua iglesia de San Bartolom\u00e9, que funcionaba como capilla del primer cementerio medieval de \u00c1vila.<\/p>\n<p><a href=\"https:\/\/www.asturnatura.com\/turismo\/iglesia-de-santa-maria-de-la-cabeza-de-avila\/2921.html\" target=\"_Blank\" rel=\"NoFollow\"><figure id=\"attachment_25825\" aria-describedby=\"caption-attachment-25825\" style=\"width: 640px\" class=\"wp-caption aligncenter\"><img decoding=\"async\" src=\"http:\/\/destinocastillayleon.es\/index\/wp-content\/uploads\/2017\/07\/b42e77b96095f01fe0b8859090154e98.jpg\" alt=\"Ermita de Santa Mar\u00eda de la Cabeza - Imagen de Asturnatura\" width=\"800\" height=\"600\" class=\"size-full wp-image-25825\" \/><figcaption id=\"caption-attachment-25825\" class=\"wp-caption-text\">Ermita de Santa Mar\u00eda de la Cabeza &#8211; Imagen de Asturnatura<\/figcaption><\/figure><\/a><\/p>\n<p>En su interior <strong>destaca su Altar Mayor<\/strong>, de origen puramente barroco, aunque actualmente no se puede visitar su interior.<\/p>\n<p>Y sin duda, <strong>hay muchas m\u00e1s e interesantes iglesias rom\u00e1nicas en \u00c1vila<\/strong>, pero estas son las que est\u00e1n amparadas por la UNESCO como Patrimonio de la Humanidad.<br \/>\n&nbsp;<\/p>\n<h4>Encuentra el mejor alojamiento<\/h4>\n<table border=\"0\">\n<tbody>\n<tr>\n<th width=\"10%\"><\/th>\n<th bgcolor=\"#F9e0e0\" width=\"10%\"><\/th>\n<th bgcolor=\"#F9e0e0\"><center><br \/> <span style=\"color: #3a2f0b;\"><br \/>\nY si lo que quieres es disfrutar <strong>de todo un fin de semana de visita cultural y gastron\u00f3mica<\/strong>, encuentra las mejores <strong>ofertas en <\/strong><a href=\"http:\/\/www.booking.com\/searchresults.es.html?city=-371972&#038;aid=1281624&#038;no_rooms=1&#038;group_adults=2&#038;group_children=1&#038;room1=A%2CA%2C12\" target=\"_blank\"><strong>hoteles en \u00c1vila<\/a>, y a mejor precio<\/strong>.<\/span><br \/>\n<br \/> <\/center>&nbsp;<\/th>\n<th bgcolor=\"#F9e0e0\" width=\"10%\"><\/th>\n<th width=\"10%\"><\/th>\n<\/tr>\n<\/tbody>\n<\/table>\n<p>&nbsp;<\/p>\n<p>\u00bfConoc\u00edas este reconocimiento de las iglesias de \u00c1vila? \u00bfLas conoces todas? Cu\u00e9ntanos cu\u00e1l es la que m\u00e1s os gusta de ellas en un comentario.<br \/>\n&nbsp;<\/p>\n<h4>Tambi\u00e9n te puede interesar<\/h4>\n<ul>\n<li><a href=\"http:\/\/destinocastillayleon.es\/index\/avila-y-sus-murallas\/\">La ciudad vieja de \u00c1vila y sus murallas, primera distinci\u00f3n como Patrimonio de la Humanidad<\/a>.<\/li>\n<li><a href=\"http:\/\/destinocastillayleon.es\/index\/asi-fue-la-i-tuit-quedada-cultural-en-avila-te-apuntas-a-la-proxima\/\">As\u00ed fue la I \u201cTuit Quedada Cultural\u201d en \u00c1vila \u00bfTe apuntas a la pr\u00f3xima?<\/a>.<\/li>\n<li><a href=\"http:\/\/destinocastillayleon.es\/index\/visita-guiada-por-avila\/\">Visita Guiada por \u00c1vila recorriendo sus rincones m\u00e1s impactantes<\/a>.<\/li>\n<\/ul>\n<p>&nbsp;<\/p>\n","protected":false},"excerpt":{"rendered":"<p>Conozcamos las Iglesias de extramuros de \u00c1vila, desde 2007 declaradas Patrimonio Mundial de la Humanidad por la Unesco. Construcciones \u00fanicas a visitar<\/p>\n","protected":false},"author":21,"featured_media":25839,"comment_status":"open","ping_status":"closed","sticky":false,"template":"","format":"standard","meta":{"rop_custom_images_group":[],"rop_custom_messages_group":[],"rop_publish_now":"initial","rop_publish_now_accounts":{"twitter_1150954226_1150954226":""},"rop_publish_now_history":[],"rop_publish_now_status":"pending","footnotes":""},"categories":[62,4788,385,68,45,73,384],"tags":[5331,5327,5330,5332,5328,711,692,5329,5333,5321],"class_list":["post-25806","post","type-post","status-publish","format-standard","has-post-thumbnail","hentry","category-avila","category-avila-turismo","category-historia-rutas-2","category-post_inicial","category-provincias","category-punto_singular","category-rutas-2","tag-iglesias-de-avila","tag-iglesias-de-extramuros-de-avila","tag-iglesias-romanicas-de-avila","tag-las-iglesias-de-extramuros-de-avila","tag-patrimonio-mundial-de-la-humanidad","tag-que-hacer-en-avila","tag-que-ver-en-avila","tag-romanico-abulense","tag-tambien-patrimonio-mundial-de-la-humanidad","tag-unesco"],"yoast_head":"<!-- This site is optimized with the Yoast SEO Premium plugin v20.4 (Yoast SEO v27.4) - https:\/\/yoast.com\/product\/yoast-seo-premium-wordpress\/ -->\n<title>Las Iglesias de extramuros de \u00c1vila, tambi\u00e9n Patrimonio Mundial de la Humanidad \u2013 Destino Castilla y Le\u00f3n<\/title>\n<meta name=\"description\" content=\"Conozcamos las Iglesias de extramuros de \u00c1vila, desde 2007 declaradas Patrimonio Mundial de la Humanidad por la Unesco. Construcciones \u00fanicas a visitar\" \/>\n<meta name=\"robots\" content=\"index, follow, max-snippet:-1, max-image-preview:large, max-video-preview:-1\" \/>\n<link rel=\"canonical\" href=\"https:\/\/destinocastillayleon.es\/index\/las-iglesias-de-extramuros-de-avila\/\" \/>\n<meta property=\"og:locale\" content=\"es_ES\" \/>\n<meta property=\"og:type\" content=\"article\" \/>\n<meta property=\"og:title\" content=\"Las Iglesias de extramuros de \u00c1vila, tambi\u00e9n Patrimonio Mundial de la Humanidad \u2013 Destino Castilla y Le\u00f3n\" \/>\n<meta property=\"og:description\" content=\"Conozcamos las Iglesias de extramuros de \u00c1vila, desde 2007 declaradas Patrimonio Mundial de la Humanidad por la Unesco. Construcciones \u00fanicas a visitar\" \/>\n<meta property=\"og:url\" content=\"https:\/\/destinocastillayleon.es\/index\/las-iglesias-de-extramuros-de-avila\/\" \/>\n<meta property=\"og:site_name\" content=\"Destino Castilla y Le\u00f3n\" \/>\n<meta property=\"article:publisher\" content=\"https:\/\/www.facebook.com\/DestinoCastillaYLeon\/\" \/>\n<meta property=\"article:author\" content=\"https:\/\/www.facebook.com\/narciso.casas?ref=br_rs\" \/>\n<meta property=\"article:published_time\" content=\"2017-07-21T05:27:59+00:00\" \/>\n<meta property=\"article:modified_time\" content=\"2017-07-21T05:31:40+00:00\" \/>\n<meta property=\"og:image\" content=\"https:\/\/destinocastillayleon.es\/index\/wp-content\/uploads\/2017\/07\/02f22ee3e8c793515a80da75b55ba564-1.jpg\" \/>\n\t<meta property=\"og:image:width\" content=\"1196\" \/>\n\t<meta property=\"og:image:height\" content=\"771\" \/>\n\t<meta property=\"og:image:type\" content=\"image\/jpeg\" \/>\n<meta name=\"author\" content=\"Narciso Casas\" \/>\n<meta name=\"twitter:card\" content=\"summary_large_image\" \/>\n<meta name=\"twitter:title\" content=\"Las Iglesias de extramuros de \u00c1vila, tambi\u00e9n Patrimonio Mundial de la Humanidad \u2013 Destino Castilla y Le\u00f3n\" \/>\n<meta name=\"twitter:description\" content=\"Conozcamos las Iglesias de extramuros de \u00c1vila, desde 2007 declaradas Patrimonio Mundial de la Humanidad por la Unesco. Construcciones \u00fanicas a visitar\" \/>\n<meta name=\"twitter:image\" content=\"http:\/\/destinocastillayleon.es\/index\/wp-content\/uploads\/2017\/07\/02f22ee3e8c793515a80da75b55ba564-1.jpg\" \/>\n<meta name=\"twitter:creator\" content=\"@https:\/\/twitter.com\/narcisocasas\" \/>\n<meta name=\"twitter:site\" content=\"@destinocyl\" \/>\n<meta name=\"twitter:label1\" content=\"Escrito por\" \/>\n\t<meta name=\"twitter:data1\" content=\"Narciso Casas\" \/>\n\t<meta name=\"twitter:label2\" content=\"Tiempo de lectura\" \/>\n\t<meta name=\"twitter:data2\" content=\"4 minutos\" \/>\n<script type=\"application\/ld+json\" class=\"yoast-schema-graph\">{\"@context\":\"https:\\\/\\\/schema.org\",\"@graph\":[{\"@type\":\"Article\",\"@id\":\"https:\\\/\\\/destinocastillayleon.es\\\/index\\\/las-iglesias-de-extramuros-de-avila\\\/#article\",\"isPartOf\":{\"@id\":\"https:\\\/\\\/destinocastillayleon.es\\\/index\\\/las-iglesias-de-extramuros-de-avila\\\/\"},\"author\":{\"name\":\"Narciso Casas\",\"@id\":\"https:\\\/\\\/destinocastillayleon.es\\\/index\\\/#\\\/schema\\\/person\\\/1becc9e19ead9f0fc2021be0bbc80ea7\"},\"headline\":\"Las Iglesias de extramuros de \u00c1vila, tambi\u00e9n Patrimonio Mundial de la Humanidad\",\"datePublished\":\"2017-07-21T05:27:59+00:00\",\"dateModified\":\"2017-07-21T05:31:40+00:00\",\"mainEntityOfPage\":{\"@id\":\"https:\\\/\\\/destinocastillayleon.es\\\/index\\\/las-iglesias-de-extramuros-de-avila\\\/\"},\"wordCount\":817,\"commentCount\":0,\"image\":{\"@id\":\"https:\\\/\\\/destinocastillayleon.es\\\/index\\\/las-iglesias-de-extramuros-de-avila\\\/#primaryimage\"},\"thumbnailUrl\":\"https:\\\/\\\/destinocastillayleon.es\\\/index\\\/wp-content\\\/uploads\\\/2017\\\/07\\\/02f22ee3e8c793515a80da75b55ba564-1.jpg\",\"keywords\":[\"iglesias de \u00c1vila\",\"Iglesias de extramuros de \u00c1vila\",\"iglesias rom\u00e1nicas de \u00c1vila\",\"Las Iglesias de extramuros de \u00c1vila\",\"patrimonio mundial de la humanidad\",\"Qu\u00e9 hacer en \u00c1vila\",\"Qu\u00e9 ver en \u00c1vila\",\"rom\u00e1nico abulense\",\"tambi\u00e9n Patrimonio Mundial de la Humanidad\",\"UNESCO\"],\"articleSection\":[\"Avila\",\"Avila turismo\",\"Historia y Leyendas de Castilla y Le\u00f3n\",\"Post_inicial\",\"Provincias\",\"Punto Singular\",\"Rutas\"],\"inLanguage\":\"es\",\"potentialAction\":[{\"@type\":\"CommentAction\",\"name\":\"Comment\",\"target\":[\"https:\\\/\\\/destinocastillayleon.es\\\/index\\\/las-iglesias-de-extramuros-de-avila\\\/#respond\"]}]},{\"@type\":\"WebPage\",\"@id\":\"https:\\\/\\\/destinocastillayleon.es\\\/index\\\/las-iglesias-de-extramuros-de-avila\\\/\",\"url\":\"https:\\\/\\\/destinocastillayleon.es\\\/index\\\/las-iglesias-de-extramuros-de-avila\\\/\",\"name\":\"Las Iglesias de extramuros de \u00c1vila, tambi\u00e9n Patrimonio Mundial de la Humanidad \u2013 Destino Castilla y Le\u00f3n\",\"isPartOf\":{\"@id\":\"https:\\\/\\\/destinocastillayleon.es\\\/index\\\/#website\"},\"primaryImageOfPage\":{\"@id\":\"https:\\\/\\\/destinocastillayleon.es\\\/index\\\/las-iglesias-de-extramuros-de-avila\\\/#primaryimage\"},\"image\":{\"@id\":\"https:\\\/\\\/destinocastillayleon.es\\\/index\\\/las-iglesias-de-extramuros-de-avila\\\/#primaryimage\"},\"thumbnailUrl\":\"https:\\\/\\\/destinocastillayleon.es\\\/index\\\/wp-content\\\/uploads\\\/2017\\\/07\\\/02f22ee3e8c793515a80da75b55ba564-1.jpg\",\"datePublished\":\"2017-07-21T05:27:59+00:00\",\"dateModified\":\"2017-07-21T05:31:40+00:00\",\"author\":{\"@id\":\"https:\\\/\\\/destinocastillayleon.es\\\/index\\\/#\\\/schema\\\/person\\\/1becc9e19ead9f0fc2021be0bbc80ea7\"},\"description\":\"Conozcamos las Iglesias de extramuros de \u00c1vila, desde 2007 declaradas Patrimonio Mundial de la Humanidad por la Unesco. Construcciones \u00fanicas a visitar\",\"breadcrumb\":{\"@id\":\"https:\\\/\\\/destinocastillayleon.es\\\/index\\\/las-iglesias-de-extramuros-de-avila\\\/#breadcrumb\"},\"inLanguage\":\"es\",\"potentialAction\":[{\"@type\":\"ReadAction\",\"target\":[\"https:\\\/\\\/destinocastillayleon.es\\\/index\\\/las-iglesias-de-extramuros-de-avila\\\/\"]}]},{\"@type\":\"ImageObject\",\"inLanguage\":\"es\",\"@id\":\"https:\\\/\\\/destinocastillayleon.es\\\/index\\\/las-iglesias-de-extramuros-de-avila\\\/#primaryimage\",\"url\":\"https:\\\/\\\/destinocastillayleon.es\\\/index\\\/wp-content\\\/uploads\\\/2017\\\/07\\\/02f22ee3e8c793515a80da75b55ba564-1.jpg\",\"contentUrl\":\"https:\\\/\\\/destinocastillayleon.es\\\/index\\\/wp-content\\\/uploads\\\/2017\\\/07\\\/02f22ee3e8c793515a80da75b55ba564-1.jpg\",\"width\":1196,\"height\":771,\"caption\":\"Iglesia de San Pedro de \u00c1vila - Destino Castilla y Le\u00f3n\"},{\"@type\":\"BreadcrumbList\",\"@id\":\"https:\\\/\\\/destinocastillayleon.es\\\/index\\\/las-iglesias-de-extramuros-de-avila\\\/#breadcrumb\",\"itemListElement\":[{\"@type\":\"ListItem\",\"position\":1,\"name\":\"Portada\",\"item\":\"https:\\\/\\\/destinocastillayleon.es\\\/index\\\/\"},{\"@type\":\"ListItem\",\"position\":2,\"name\":\"Las Iglesias de extramuros de \u00c1vila, tambi\u00e9n Patrimonio Mundial de la Humanidad\"}]},{\"@type\":\"WebSite\",\"@id\":\"https:\\\/\\\/destinocastillayleon.es\\\/index\\\/#website\",\"url\":\"https:\\\/\\\/destinocastillayleon.es\\\/index\\\/\",\"name\":\"Destino Castilla y Le\u00f3n\",\"description\":\"Medio digital independiente y revista de Castilla y Le\u00f3n dedicado al turismo, gastronom\u00eda y vino de Castilla y Le\u00f3n\",\"potentialAction\":[{\"@type\":\"SearchAction\",\"target\":{\"@type\":\"EntryPoint\",\"urlTemplate\":\"https:\\\/\\\/destinocastillayleon.es\\\/index\\\/?s={search_term_string}\"},\"query-input\":{\"@type\":\"PropertyValueSpecification\",\"valueRequired\":true,\"valueName\":\"search_term_string\"}}],\"inLanguage\":\"es\"},{\"@type\":\"Person\",\"@id\":\"https:\\\/\\\/destinocastillayleon.es\\\/index\\\/#\\\/schema\\\/person\\\/1becc9e19ead9f0fc2021be0bbc80ea7\",\"name\":\"Narciso Casas\",\"image\":{\"@type\":\"ImageObject\",\"inLanguage\":\"es\",\"@id\":\"https:\\\/\\\/secure.gravatar.com\\\/avatar\\\/091e8d37626e66ff26a9f756f698c44cd4f2f8d54dcdb29458075251b4ba3dc5?s=96&d=mm&r=g\",\"url\":\"https:\\\/\\\/secure.gravatar.com\\\/avatar\\\/091e8d37626e66ff26a9f756f698c44cd4f2f8d54dcdb29458075251b4ba3dc5?s=96&d=mm&r=g\",\"contentUrl\":\"https:\\\/\\\/secure.gravatar.com\\\/avatar\\\/091e8d37626e66ff26a9f756f698c44cd4f2f8d54dcdb29458075251b4ba3dc5?s=96&d=mm&r=g\",\"caption\":\"Narciso Casas\"},\"description\":\"Desde Madrid, formado en Bellas Artes, Restauraci\u00f3n y Conservaci\u00f3n de obras de arte. Gracias a esta capacitaci\u00f3n ha realizado exposiciones por diversos pa\u00edses. Adem\u00e1s, es licenciado en publicidad y marketing por la Universidad Deusto. Tambi\u00e9n posee varios masters. Colabora con la revista digital Historia y Arqueolog\u00eda y ha publicado varios libros que puedes adquirir aqu\u00ed: http:\\\/\\\/librosdenarcisocasas.blogspot.com.es\\\/\",\"sameAs\":[\"http:\\\/\\\/librosdenarcisocasas.blogspot.com.es\\\/\",\"https:\\\/\\\/www.facebook.com\\\/narciso.casas?ref=br_rs\",\"https:\\\/\\\/www.instagram.com\\\/casasnarciso\\\/\",\"https:\\\/\\\/www.linkedin.com\\\/in\\\/narciso-casas-6b592a48\",\"https:\\\/\\\/es.pinterest.com\\\/narciso_c\\\/\",\"https:\\\/\\\/x.com\\\/https:\\\/\\\/twitter.com\\\/narcisocasas\"],\"url\":\"https:\\\/\\\/destinocastillayleon.es\\\/index\\\/author\\\/narciso-casas\\\/\"}]}<\/script>\n<!-- \/ Yoast SEO Premium plugin. -->","yoast_head_json":{"title":"Las Iglesias de extramuros de \u00c1vila, tambi\u00e9n Patrimonio Mundial de la Humanidad \u2013 Destino Castilla y Le\u00f3n","description":"Conozcamos las Iglesias de extramuros de \u00c1vila, desde 2007 declaradas Patrimonio Mundial de la Humanidad por la Unesco. Construcciones \u00fanicas a visitar","robots":{"index":"index","follow":"follow","max-snippet":"max-snippet:-1","max-image-preview":"max-image-preview:large","max-video-preview":"max-video-preview:-1"},"canonical":"https:\/\/destinocastillayleon.es\/index\/las-iglesias-de-extramuros-de-avila\/","og_locale":"es_ES","og_type":"article","og_title":"Las Iglesias de extramuros de \u00c1vila, tambi\u00e9n Patrimonio Mundial de la Humanidad \u2013 Destino Castilla y Le\u00f3n","og_description":"Conozcamos las Iglesias de extramuros de \u00c1vila, desde 2007 declaradas Patrimonio Mundial de la Humanidad por la Unesco. Construcciones \u00fanicas a visitar","og_url":"https:\/\/destinocastillayleon.es\/index\/las-iglesias-de-extramuros-de-avila\/","og_site_name":"Destino Castilla y Le\u00f3n","article_publisher":"https:\/\/www.facebook.com\/DestinoCastillaYLeon\/","article_author":"https:\/\/www.facebook.com\/narciso.casas?ref=br_rs","article_published_time":"2017-07-21T05:27:59+00:00","article_modified_time":"2017-07-21T05:31:40+00:00","og_image":[{"width":1196,"height":771,"url":"https:\/\/destinocastillayleon.es\/index\/wp-content\/uploads\/2017\/07\/02f22ee3e8c793515a80da75b55ba564-1.jpg","type":"image\/jpeg"}],"author":"Narciso Casas","twitter_card":"summary_large_image","twitter_title":"Las Iglesias de extramuros de \u00c1vila, tambi\u00e9n Patrimonio Mundial de la Humanidad \u2013 Destino Castilla y Le\u00f3n","twitter_description":"Conozcamos las Iglesias de extramuros de \u00c1vila, desde 2007 declaradas Patrimonio Mundial de la Humanidad por la Unesco. Construcciones \u00fanicas a visitar","twitter_image":"http:\/\/destinocastillayleon.es\/index\/wp-content\/uploads\/2017\/07\/02f22ee3e8c793515a80da75b55ba564-1.jpg","twitter_creator":"@https:\/\/twitter.com\/narcisocasas","twitter_site":"@destinocyl","twitter_misc":{"Escrito por":"Narciso Casas","Tiempo de lectura":"4 minutos"},"schema":{"@context":"https:\/\/schema.org","@graph":[{"@type":"Article","@id":"https:\/\/destinocastillayleon.es\/index\/las-iglesias-de-extramuros-de-avila\/#article","isPartOf":{"@id":"https:\/\/destinocastillayleon.es\/index\/las-iglesias-de-extramuros-de-avila\/"},"author":{"name":"Narciso Casas","@id":"https:\/\/destinocastillayleon.es\/index\/#\/schema\/person\/1becc9e19ead9f0fc2021be0bbc80ea7"},"headline":"Las Iglesias de extramuros de \u00c1vila, tambi\u00e9n Patrimonio Mundial de la Humanidad","datePublished":"2017-07-21T05:27:59+00:00","dateModified":"2017-07-21T05:31:40+00:00","mainEntityOfPage":{"@id":"https:\/\/destinocastillayleon.es\/index\/las-iglesias-de-extramuros-de-avila\/"},"wordCount":817,"commentCount":0,"image":{"@id":"https:\/\/destinocastillayleon.es\/index\/las-iglesias-de-extramuros-de-avila\/#primaryimage"},"thumbnailUrl":"https:\/\/destinocastillayleon.es\/index\/wp-content\/uploads\/2017\/07\/02f22ee3e8c793515a80da75b55ba564-1.jpg","keywords":["iglesias de \u00c1vila","Iglesias de extramuros de \u00c1vila","iglesias rom\u00e1nicas de \u00c1vila","Las Iglesias de extramuros de \u00c1vila","patrimonio mundial de la humanidad","Qu\u00e9 hacer en \u00c1vila","Qu\u00e9 ver en \u00c1vila","rom\u00e1nico abulense","tambi\u00e9n Patrimonio Mundial de la Humanidad","UNESCO"],"articleSection":["Avila","Avila turismo","Historia y Leyendas de Castilla y Le\u00f3n","Post_inicial","Provincias","Punto Singular","Rutas"],"inLanguage":"es","potentialAction":[{"@type":"CommentAction","name":"Comment","target":["https:\/\/destinocastillayleon.es\/index\/las-iglesias-de-extramuros-de-avila\/#respond"]}]},{"@type":"WebPage","@id":"https:\/\/destinocastillayleon.es\/index\/las-iglesias-de-extramuros-de-avila\/","url":"https:\/\/destinocastillayleon.es\/index\/las-iglesias-de-extramuros-de-avila\/","name":"Las Iglesias de extramuros de \u00c1vila, tambi\u00e9n Patrimonio Mundial de la Humanidad \u2013 Destino Castilla y Le\u00f3n","isPartOf":{"@id":"https:\/\/destinocastillayleon.es\/index\/#website"},"primaryImageOfPage":{"@id":"https:\/\/destinocastillayleon.es\/index\/las-iglesias-de-extramuros-de-avila\/#primaryimage"},"image":{"@id":"https:\/\/destinocastillayleon.es\/index\/las-iglesias-de-extramuros-de-avila\/#primaryimage"},"thumbnailUrl":"https:\/\/destinocastillayleon.es\/index\/wp-content\/uploads\/2017\/07\/02f22ee3e8c793515a80da75b55ba564-1.jpg","datePublished":"2017-07-21T05:27:59+00:00","dateModified":"2017-07-21T05:31:40+00:00","author":{"@id":"https:\/\/destinocastillayleon.es\/index\/#\/schema\/person\/1becc9e19ead9f0fc2021be0bbc80ea7"},"description":"Conozcamos las Iglesias de extramuros de \u00c1vila, desde 2007 declaradas Patrimonio Mundial de la Humanidad por la Unesco. Construcciones \u00fanicas a visitar","breadcrumb":{"@id":"https:\/\/destinocastillayleon.es\/index\/las-iglesias-de-extramuros-de-avila\/#breadcrumb"},"inLanguage":"es","potentialAction":[{"@type":"ReadAction","target":["https:\/\/destinocastillayleon.es\/index\/las-iglesias-de-extramuros-de-avila\/"]}]},{"@type":"ImageObject","inLanguage":"es","@id":"https:\/\/destinocastillayleon.es\/index\/las-iglesias-de-extramuros-de-avila\/#primaryimage","url":"https:\/\/destinocastillayleon.es\/index\/wp-content\/uploads\/2017\/07\/02f22ee3e8c793515a80da75b55ba564-1.jpg","contentUrl":"https:\/\/destinocastillayleon.es\/index\/wp-content\/uploads\/2017\/07\/02f22ee3e8c793515a80da75b55ba564-1.jpg","width":1196,"height":771,"caption":"Iglesia de San Pedro de \u00c1vila - Destino Castilla y Le\u00f3n"},{"@type":"BreadcrumbList","@id":"https:\/\/destinocastillayleon.es\/index\/las-iglesias-de-extramuros-de-avila\/#breadcrumb","itemListElement":[{"@type":"ListItem","position":1,"name":"Portada","item":"https:\/\/destinocastillayleon.es\/index\/"},{"@type":"ListItem","position":2,"name":"Las Iglesias de extramuros de \u00c1vila, tambi\u00e9n Patrimonio Mundial de la Humanidad"}]},{"@type":"WebSite","@id":"https:\/\/destinocastillayleon.es\/index\/#website","url":"https:\/\/destinocastillayleon.es\/index\/","name":"Destino Castilla y Le\u00f3n","description":"Medio digital independiente y revista de Castilla y Le\u00f3n dedicado al turismo, gastronom\u00eda y vino de Castilla y Le\u00f3n","potentialAction":[{"@type":"SearchAction","target":{"@type":"EntryPoint","urlTemplate":"https:\/\/destinocastillayleon.es\/index\/?s={search_term_string}"},"query-input":{"@type":"PropertyValueSpecification","valueRequired":true,"valueName":"search_term_string"}}],"inLanguage":"es"},{"@type":"Person","@id":"https:\/\/destinocastillayleon.es\/index\/#\/schema\/person\/1becc9e19ead9f0fc2021be0bbc80ea7","name":"Narciso Casas","image":{"@type":"ImageObject","inLanguage":"es","@id":"https:\/\/secure.gravatar.com\/avatar\/091e8d37626e66ff26a9f756f698c44cd4f2f8d54dcdb29458075251b4ba3dc5?s=96&d=mm&r=g","url":"https:\/\/secure.gravatar.com\/avatar\/091e8d37626e66ff26a9f756f698c44cd4f2f8d54dcdb29458075251b4ba3dc5?s=96&d=mm&r=g","contentUrl":"https:\/\/secure.gravatar.com\/avatar\/091e8d37626e66ff26a9f756f698c44cd4f2f8d54dcdb29458075251b4ba3dc5?s=96&d=mm&r=g","caption":"Narciso Casas"},"description":"Desde Madrid, formado en Bellas Artes, Restauraci\u00f3n y Conservaci\u00f3n de obras de arte. Gracias a esta capacitaci\u00f3n ha realizado exposiciones por diversos pa\u00edses. Adem\u00e1s, es licenciado en publicidad y marketing por la Universidad Deusto. Tambi\u00e9n posee varios masters. Colabora con la revista digital Historia y Arqueolog\u00eda y ha publicado varios libros que puedes adquirir aqu\u00ed: http:\/\/librosdenarcisocasas.blogspot.com.es\/","sameAs":["http:\/\/librosdenarcisocasas.blogspot.com.es\/","https:\/\/www.facebook.com\/narciso.casas?ref=br_rs","https:\/\/www.instagram.com\/casasnarciso\/","https:\/\/www.linkedin.com\/in\/narciso-casas-6b592a48","https:\/\/es.pinterest.com\/narciso_c\/","https:\/\/x.com\/https:\/\/twitter.com\/narcisocasas"],"url":"https:\/\/destinocastillayleon.es\/index\/author\/narciso-casas\/"}]}},"_links":{"self":[{"href":"https:\/\/destinocastillayleon.es\/index\/wp-json\/wp\/v2\/posts\/25806","targetHints":{"allow":["GET"]}}],"collection":[{"href":"https:\/\/destinocastillayleon.es\/index\/wp-json\/wp\/v2\/posts"}],"about":[{"href":"https:\/\/destinocastillayleon.es\/index\/wp-json\/wp\/v2\/types\/post"}],"author":[{"embeddable":true,"href":"https:\/\/destinocastillayleon.es\/index\/wp-json\/wp\/v2\/users\/21"}],"replies":[{"embeddable":true,"href":"https:\/\/destinocastillayleon.es\/index\/wp-json\/wp\/v2\/comments?post=25806"}],"version-history":[{"count":12,"href":"https:\/\/destinocastillayleon.es\/index\/wp-json\/wp\/v2\/posts\/25806\/revisions"}],"predecessor-version":[{"id":25835,"href":"https:\/\/destinocastillayleon.es\/index\/wp-json\/wp\/v2\/posts\/25806\/revisions\/25835"}],"wp:featuredmedia":[{"embeddable":true,"href":"https:\/\/destinocastillayleon.es\/index\/wp-json\/wp\/v2\/media\/25839"}],"wp:attachment":[{"href":"https:\/\/destinocastillayleon.es\/index\/wp-json\/wp\/v2\/media?parent=25806"}],"wp:term":[{"taxonomy":"category","embeddable":true,"href":"https:\/\/destinocastillayleon.es\/index\/wp-json\/wp\/v2\/categories?post=25806"},{"taxonomy":"post_tag","embeddable":true,"href":"https:\/\/destinocastillayleon.es\/index\/wp-json\/wp\/v2\/tags?post=25806"}],"curies":[{"name":"wp","href":"https:\/\/api.w.org\/{rel}","templated":true}]}}