{"id":25787,"date":"2017-07-12T07:05:42","date_gmt":"2017-07-12T05:05:42","guid":{"rendered":"http:\/\/destinocastillayleon.es\/index\/?p=25787"},"modified":"2017-07-12T07:17:17","modified_gmt":"2017-07-12T05:17:17","slug":"centenario-de-la-llegada-de-carlos-v","status":"publish","type":"post","link":"https:\/\/destinocastillayleon.es\/index\/centenario-de-la-llegada-de-carlos-v\/","title":{"rendered":"Celebraciones del V Centenario de la llegada de Carlos V a Castilla"},"content":{"rendered":"<p>Corr\u00eda el a\u00f1o de 1517, y un joven que nunca hab\u00eda pisado la Pen\u00ednsula Ib\u00e9rica entraba en ella en Tazones, Asturias, para convertirse en soberano de estas tierras. <strong>Este joven se llamaba Carlos de Habsburgo, nuestro futuro Carlos I de Espa\u00f1a<\/strong>, aunque pasar\u00eda a la historia como Carlos V. <strong>Y aunque a lo largo de su vida viaj\u00f3 intensamente por sus vastos dominios, siempre tendr\u00eda Carlos V en Castilla, una de sus principales posesiones<\/strong> y donde quiso ligar su futuro y el de sus descendientes. Vamos a conocer las <strong>principales celebraciones del V Centenario de la llegada de Carlos V a tierras de Castilla<\/strong>.<br \/>\n&nbsp;<\/p>\n<h3>El paso de Carlos V por Castilla<\/h3>\n<p>El joven Carlos, en su primer viaje a Castilla, <strong>tom\u00f3 rumbo desde Asturias a la localidad de Tordesillas, donde estaba su madre recluida desde 1509<\/strong>.<\/p>\n<figure id=\"attachment_25792\" aria-describedby=\"caption-attachment-25792\" style=\"width: 640px\" class=\"wp-caption aligncenter\"><img decoding=\"async\" src=\"http:\/\/destinocastillayleon.es\/index\/wp-content\/uploads\/2017\/07\/Mojados.jpg\" alt=\"Recreacion en Mojados - Imagen de Cultura Mojados\" width=\"640\" height=\"400\" class=\"size-full wp-image-25792\" srcset=\"https:\/\/destinocastillayleon.es\/index\/wp-content\/uploads\/2017\/07\/Mojados.jpg 640w, https:\/\/destinocastillayleon.es\/index\/wp-content\/uploads\/2017\/07\/Mojados-300x188.jpg 300w\" sizes=\"(max-width: 640px) 100vw, 640px\" \/><figcaption id=\"caption-attachment-25792\" class=\"wp-caption-text\">Recreaci\u00f3n en Mojados &#8211; Imagen de Cultura Mojados<\/figcaption><\/figure>\n<p>Tras esto, pocas veces regresar\u00eda a esta localidad, pero, sin embargo, los caminos de Castilla los recorrer\u00eda abundantemente, <strong>pasando por Medina del Campo, Mojados o Valdestillas<\/strong>, entre otras localidades. Localidades hoy, pertenecientes a la <a href=\"http:\/\/www.rutadelvinoderueda.com\/es\/\" target=\"_blank\">Ruta del Vino de Rueda<\/a>.<br \/>\n&nbsp;<\/p>\n<h2>Secretos para viajar en el tiempo, recordando V Centenario de la llegada de Carlos V a Castilla<\/h2>\n<p>Este a\u00f1o, <strong>se celebra el V Centenario de ese primer viaje de Carlos V por Castilla<\/strong>, y varios ayuntamientos de la zona de Rueda han querido sumarse a esta celebraci\u00f3n con una campa\u00f1a llamada <strong>Secretos para viajar por el tiempo<\/strong>. Una promoci\u00f3n especial con el objetivo de <strong>difundir conocimiento que tenemos de los hechos hist\u00f3ricos que rodearon este primer viaje<\/strong>, con rigor hist\u00f3rico, al tiempo que se busca dinamizar el territorio de la Ruta del Rueda.<\/p>\n<blockquote><p>Aunque la celebraci\u00f3n oficial ser\u00e1 del 4 y el 12 de noviembre, desde este verano, y hasta abril de 2018 se realizar\u00e1n actividades tales como exposiciones, congresos, teatro, deporte, acciones solidarias, espect\u00e1culos de calle, m\u00fasica y folklore, concursos y mucho m\u00e1s. Repasemos lo que sabemos hasta ahora.<\/p><\/blockquote>\n<p>&nbsp;<\/p>\n<h3>Tordesillas<\/h3>\n<p>Tordesillas tambi\u00e9n se pondr\u00e1 a disposici\u00f3n de sus visitantes todos sus recursos tur\u00edsticos, entre los que <strong>destacan el Real Monasterio de Santa Clara, el Museo de Arte Sacro de San Antol\u00edn o el Museo del Tratado de Tordesillas<\/strong>. Aparte sus <strong>bodegas visitables<\/strong> en el casco hist\u00f3rico. <\/p>\n<p>En torno a la efem\u00e9ride del V Centenario del primer viaje por Castilla y de Carlos I, <strong>durante todo este verano habr\u00e1 exposiciones, eventos musicales y un festival de teatro<\/strong>, junto a espect\u00e1culos de luz y sonido, teatro de calle.<\/p>\n<p><a href=\"http:\/\/www.elnortedecastilla.es\/\" target=\"_blank\"><figure id=\"attachment_25793\" aria-describedby=\"caption-attachment-25793\" style=\"width: 640px\" class=\"wp-caption aligncenter\"><img decoding=\"async\" src=\"http:\/\/destinocastillayleon.es\/index\/wp-content\/uploads\/2017\/07\/cf12d97c56910cf271a76f2fbc6255b6.jpg\" alt=\"Centenario de la llegada de Carlos V\" Title=\"Recreaci\u00f3n en Tordesillas - Imagen de El Norte de Castilla\" width=\"640\" height=\"400\" class=\"size-full wp-image-25793\" srcset=\"https:\/\/destinocastillayleon.es\/index\/wp-content\/uploads\/2017\/07\/cf12d97c56910cf271a76f2fbc6255b6.jpg 640w, https:\/\/destinocastillayleon.es\/index\/wp-content\/uploads\/2017\/07\/cf12d97c56910cf271a76f2fbc6255b6-300x188.jpg 300w\" sizes=\"(max-width: 640px) 100vw, 640px\" \/><figcaption id=\"caption-attachment-25793\" class=\"wp-caption-text\">Recreaci\u00f3n hist\u00f3rica en Tordesillas &#8211; Imagen de El Norte de Castilla<\/figcaption><\/figure><\/a><\/p>\n<p>En oto\u00f1o, <strong>Patrimonio Nacional expondr\u00e1 una colecci\u00f3n de tapices de la \u00e9poca<\/strong>, que coincidir\u00e1 con <strong>el concurso de tapas, con un premio especial \u2018Carlos V\u2019 <\/strong>y los actos oficiales del d\u00eda <strong>4 de noviembre, efem\u00e9ride de la llegada a la villa 500 a\u00f1os antes<\/strong>. En el plano esc\u00e9nico, tambi\u00e9n se celebrar\u00e1 un Festival de Teatro previsto para ese fin de semana, junto a conciertos, concursos, jornadas gastron\u00f3micas.<br \/>\n&nbsp;<\/p>\n<h3>Medina del Campo<\/h3>\n<p>Medina del Campo, <a href=\"http:\/\/destinocastillayleon.es\/index\/medina-del-campo-la-villa-de-las-ferias\/\" target=\"_blank\">la ciudad de las Ferias<\/a>, fue clave durante el Imperio de Monarqu\u00eda Hisp\u00e1nica. Fruto de aquel tempo es <strong>gran parte del legado cultural y art\u00edstico<\/strong>. As\u00ed destaca en un itinerario tur\u00edstico la visita a <strong>la emblem\u00e1tica Plaza Mayor<\/strong>, coraz\u00f3n del casco hist\u00f3rico y motor econ\u00f3mico gracias a sus ferias. Pero tambi\u00e9n destaca <strong>el Museo de las Ferias<\/strong>, imprescindible para comprender la importancia de Medina del Campo; <strong>el Castillo de la Mota y el Palacio de las Due\u00f1as<\/strong>; un ejemplo de la arquitectura renacentista en Espa\u00f1a.<\/p>\n<p><a href=\"http:\/\/rociomozo.com\/un-viaje-al-renacimiento\/\" rel=\"NoFollow\" target=\"_blank\"><figure id=\"attachment_25795\" aria-describedby=\"caption-attachment-25795\" style=\"width: 640px\" class=\"wp-caption aligncenter\"><img decoding=\"async\" src=\"http:\/\/destinocastillayleon.es\/index\/wp-content\/uploads\/2017\/07\/Tropas-de-Carlos-en-el-Castillo-de-la-Mota-Imagen-de-Rocio-Mozo.jpg\" alt=\"Centenario de la llegada de Carlos V\" Title=\"Tropas de Carlos en el Castillo de la Mota - Imagen de Rocio Mozo\" width=\"640\" height=\"400\" class=\"size-full wp-image-25795\" srcset=\"https:\/\/destinocastillayleon.es\/index\/wp-content\/uploads\/2017\/07\/Tropas-de-Carlos-en-el-Castillo-de-la-Mota-Imagen-de-Rocio-Mozo.jpg 640w, https:\/\/destinocastillayleon.es\/index\/wp-content\/uploads\/2017\/07\/Tropas-de-Carlos-en-el-Castillo-de-la-Mota-Imagen-de-Rocio-Mozo-300x188.jpg 300w\" sizes=\"(max-width: 640px) 100vw, 640px\" \/><figcaption id=\"caption-attachment-25795\" class=\"wp-caption-text\">Tropas de Carlos en el Castillo de la Mota &#8211; Imagen de Rocio Mozo<\/figcaption><\/figure><\/a><\/p>\n<p>La actividad principal, se centra en <strong>la ya tradicional <a href=\"http:\/\/medinadelcampo.es\/semana-renacentista\" target=\"_blank\" rel=\"NoFollow\" >Semana Renacentista<\/a>, que este a\u00f1o ser\u00e1 del 14 y el 21 de agosto<\/strong>. Esos d\u00edas, por las calles de Medina del Campo, pasear\u00e1n de nuevo algunos de sus personajes m\u00e1s emblem\u00e1ticos; Incluida en esta semana, estar\u00e1 <strong>el espect\u00e1culo de video-mapping \u2018El Viaje del Emperador\u2019 el 14 de agosto a las 23.00 horas en la Plaza Mayor<\/strong>. Tambi\u00e9n se iniciar\u00e1n las <strong>Jornadas Nacionales sobre Carlos V<\/strong>, organizadas por el CSIC en el marco del Festival de Videoarte y mapping de Castilla y Le\u00f3n (Mapping ME!). <\/p>\n<blockquote><p>El 5 de noviembre se celebrar\u00e1 la recreaci\u00f3n de la llegada de Carlos V a Medina del Campo.<\/p><\/blockquote>\n<p><a href=\"http:\/\/medinadelcampo.es\/semana-renacentista\" target=\"_blank\"><figure id=\"attachment_25791\" aria-describedby=\"caption-attachment-25791\" style=\"width: 640px\" class=\"wp-caption aligncenter\"><img decoding=\"async\" src=\"http:\/\/destinocastillayleon.es\/index\/wp-content\/uploads\/2017\/07\/Imperiales-y-comuneros-en-Medina-del-Campo-imagen-de-Medina-del-Campo.jpg\" alt=\"Centenario de la llegada de Carlos V\" Title=\"Imperiales y comuneros en Medina del Campo - imagen de Medina del Campo\" width=\"640\" height=\"400\" class=\"size-full wp-image-25791\" srcset=\"https:\/\/destinocastillayleon.es\/index\/wp-content\/uploads\/2017\/07\/Imperiales-y-comuneros-en-Medina-del-Campo-imagen-de-Medina-del-Campo.jpg 640w, https:\/\/destinocastillayleon.es\/index\/wp-content\/uploads\/2017\/07\/Imperiales-y-comuneros-en-Medina-del-Campo-imagen-de-Medina-del-Campo-300x188.jpg 300w\" sizes=\"(max-width: 640px) 100vw, 640px\" \/><figcaption id=\"caption-attachment-25791\" class=\"wp-caption-text\">Imperiales y comuneros en Medina del Campo &#8211; imagen de Medina del Campo<\/figcaption><\/figure><\/a><\/p>\n<p>&nbsp;<\/p>\n<h3>Mojados<\/h3>\n<p>Aunque llegando tarde, <strong>Mojados celebra el primer fin de semana de julio el encuentro entre los hermanos Carlos,  Fernando y Leonor de Habsburgo<\/strong>. La fiesta costa de <strong>una representaci\u00f3n en la que se vuelca pr\u00e1cticamente todo el pueblo vallisoletano<\/strong> y que a\u00f1o a a\u00f1o alcanza mayor y mejor nivel entre sus participantes. El lema de este a\u00f1o fue \u201c<em>El Coraz\u00f3n de un Imperio<\/em>\u201d.<\/p>\n<p><a href=\"http:\/\/culturamojados.com\/carlos-v-corazon-de-un-imperio\/\" rel=\"NoFollow\" target=\"_blank\"><figure id=\"attachment_25794\" aria-describedby=\"caption-attachment-25794\" style=\"width: 640px\" class=\"wp-caption aligncenter\"><img decoding=\"async\" src=\"http:\/\/destinocastillayleon.es\/index\/wp-content\/uploads\/2017\/07\/1c9301b83f9ef79c681629200bdcd955.jpg\" alt=\"Representaci\u00f3n en Mojados del encuentro de los hermanos Hausburgo - Imagen de Cultura Mojados\" width=\"640\" height=\"400\" class=\"size-full wp-image-25794\" srcset=\"https:\/\/destinocastillayleon.es\/index\/wp-content\/uploads\/2017\/07\/1c9301b83f9ef79c681629200bdcd955.jpg 640w, https:\/\/destinocastillayleon.es\/index\/wp-content\/uploads\/2017\/07\/1c9301b83f9ef79c681629200bdcd955-300x188.jpg 300w\" sizes=\"(max-width: 640px) 100vw, 640px\" \/><figcaption id=\"caption-attachment-25794\" class=\"wp-caption-text\">Representaci\u00f3n en Mojados del encuentro de los hermanos Hasburgo &#8211; Imagen de Cultura Mojados<\/figcaption><\/figure><\/a><\/p>\n<blockquote><p> Para el mes de noviembre estar\u00e1 programado el izado de bandera del pend\u00f3n Imperial y la inauguraci\u00f3n del Museo de Carlos V.<\/p><\/blockquote>\n<p>&nbsp;<\/p>\n<h3>Valdestillas<\/h3>\n<p>Aunque peque\u00f1o, este pueblo tambi\u00e9n protagonista de este viaje inicial de Carlos V. <strong>Su celebraci\u00f3n ser\u00e1 el fin de semana del 20 al 22 de octubre, con una recreaci\u00f3n de la llegada de Carlos V a la villa<\/strong>, siendo el arranque de una celebraci\u00f3n que tambi\u00e9n contar\u00e1 con <strong>la representaci\u00f3n de una ceremonia de reclutamiento de tropas<\/strong>. <\/p>\n<p><a href=\"https:\/\/puebloenpueblo.com\/2014\/09\/24\/valdestillas-villa-de-los-milagros\/\" rel=\"Nofollow\" target=\"_blank\"><figure id=\"attachment_25789\" aria-describedby=\"caption-attachment-25789\" style=\"width: 640px\" class=\"wp-caption aligncenter\"><img decoding=\"async\" src=\"http:\/\/destinocastillayleon.es\/index\/wp-content\/uploads\/2017\/07\/Valdestillas-imagen-de-VasdePuebloenPueblo.jpg\" alt=\"Valdestillas - imagen de VasdePuebloenPueblo\" width=\"640\" height=\"400\" class=\"size-full wp-image-25789\" srcset=\"https:\/\/destinocastillayleon.es\/index\/wp-content\/uploads\/2017\/07\/Valdestillas-imagen-de-VasdePuebloenPueblo.jpg 640w, https:\/\/destinocastillayleon.es\/index\/wp-content\/uploads\/2017\/07\/Valdestillas-imagen-de-VasdePuebloenPueblo-300x188.jpg 300w\" sizes=\"(max-width: 640px) 100vw, 640px\" \/><figcaption id=\"caption-attachment-25789\" class=\"wp-caption-text\">Valdestillas &#8211; imagen de VasdePuebloenPueblo<\/figcaption><\/figure><\/a><\/p>\n<p>Adem\u00e1s, se est\u00e1 preparando <strong>un recital de canto y m\u00fasica renacentista y barroca<\/strong>; un espect\u00e1culo pirot\u00e9cnico y <strong>la muestra permanente de un campamento del ej\u00e9rcito imperial<\/strong>.<br \/>\n&nbsp;<\/p>\n<h4>Nota<\/h4>\n<p>Estas y otras m\u00e1s iniciativas en otras localidades espa\u00f1olas se est\u00e1n organizando, gracias al apoyo de las <strong>Red de Cooperaci\u00f3n de las Rutas Europeas del Emperador Carlos V<\/strong>, que ha conseguido la declaraci\u00f3n de Itinerario Cultural por parte del Consejo de Europa.<br \/>\n&nbsp;<\/p>\n<h4>Tambi\u00e9n te puede interesar<\/h4>\n<ul>\n<li><a href=\"http:\/\/destinocastillayleon.es\/index\/10-grandes-rutas-turisticas-por-castilla-y-leon\/\">10 grandes Rutas de largo recorrido por Castilla y Le\u00f3n<\/a>.<\/li>\n<li><a href=\"http:\/\/destinocastillayleon.es\/index\/comer-bien-en-medina-del-campo\/\">Experiencias gastron\u00f3micas en Medina del Campo<\/a>.<\/li>\n<li><a href=\"http:\/\/destinocastillayleon.es\/index\/guia-para-pasar-el-dia-en-alaejos\/\">Ideas para pasar un d\u00eda en Alaejos<\/a><\/li>\n<li><a href=\"http:\/\/destinocastillayleon.es\/index\/viaje-a-madrigal-de-las-altas-torres\/\">Conoce Madrigal de las Altas Torres, el pueblo m\u00fadejar que vio nacer a Ysabel &#8216;La Cat\u00f3lica&#8217;<\/a>.<\/li>\n<\/ul>\n<p>&nbsp;<\/p>\n","protected":false},"excerpt":{"rendered":"<p>En el 2017 se celebra el V Centenario de la llegada de Carlos V a Castilla; aunque son muchos los pueblos que celebran el paso de este rey, nos centramos en los de la Ruta del Vino de Rueda<\/p>\n","protected":false},"author":2,"featured_media":25790,"comment_status":"open","ping_status":"closed","sticky":false,"template":"","format":"standard","meta":{"rop_custom_images_group":[],"rop_custom_messages_group":[],"rop_publish_now":"initial","rop_publish_now_accounts":{"twitter_1150954226_1150954226":""},"rop_publish_now_history":[],"rop_publish_now_status":"pending","footnotes":""},"categories":[77,1343,45,4800],"tags":[5325,1260,5326],"class_list":["post-25787","post","type-post","status-publish","format-standard","has-post-thumbnail","hentry","category-actualidad-y-agenda-de-castilla-y-leon","category-agenda","category-provincias","category-valladolid-actualidad","tag-centenario-de-la-llegada-de-carlos-v","tag-ruta-del-vino-de-rueda","tag-semana-renacentista"],"yoast_head":"<!-- This site is optimized with the Yoast SEO Premium plugin v20.4 (Yoast SEO v27.4) - https:\/\/yoast.com\/product\/yoast-seo-premium-wordpress\/ -->\n<title>Celebraciones del V Centenario de la llegada de Carlos V a Castilla - Destino Castilla y Le\u00f3n<\/title>\n<meta name=\"description\" content=\"Este a\u00f1os es el V Centenario de la llegada de Carlos V a Castilla; Conoce las celebraciones en los pueblos de la Ruta del Vino de Rueda\" \/>\n<meta name=\"robots\" content=\"index, follow, max-snippet:-1, max-image-preview:large, max-video-preview:-1\" \/>\n<link rel=\"canonical\" href=\"https:\/\/destinocastillayleon.es\/index\/centenario-de-la-llegada-de-carlos-v\/\" \/>\n<meta property=\"og:locale\" content=\"es_ES\" \/>\n<meta property=\"og:type\" content=\"article\" \/>\n<meta property=\"og:title\" content=\"Celebraciones del V Centenario de la llegada de Carlos V a Castilla\" \/>\n<meta property=\"og:description\" content=\"En el 2017 se celebra el V Centenario de la llegada de Carlos V a Castilla; aunque son muchos los pueblos que celebran el paso de este rey, nos centramos en los de la Ruta del Vino de Rueda\" \/>\n<meta property=\"og:url\" content=\"https:\/\/destinocastillayleon.es\/index\/centenario-de-la-llegada-de-carlos-v\/\" \/>\n<meta property=\"og:site_name\" content=\"Destino Castilla y Le\u00f3n\" \/>\n<meta property=\"article:publisher\" content=\"https:\/\/www.facebook.com\/DestinoCastillaYLeon\/\" \/>\n<meta property=\"article:author\" content=\"https:\/\/www.facebook.com\/profile.php?id=1158416854\" \/>\n<meta property=\"article:published_time\" content=\"2017-07-12T05:05:42+00:00\" \/>\n<meta property=\"article:modified_time\" content=\"2017-07-12T05:17:17+00:00\" \/>\n<meta property=\"og:image\" content=\"https:\/\/destinocastillayleon.es\/index\/wp-content\/uploads\/2017\/07\/e1df87c1016440c680d406f3d50a7ed8.jpg\" \/>\n\t<meta property=\"og:image:width\" content=\"992\" \/>\n\t<meta property=\"og:image:height\" content=\"478\" \/>\n\t<meta property=\"og:image:type\" content=\"image\/jpeg\" \/>\n<meta name=\"author\" content=\"David V\u00e1zquez\" \/>\n<meta name=\"twitter:card\" content=\"summary_large_image\" \/>\n<meta name=\"twitter:description\" content=\"En el 2017 se celebra el V Centenario de la llegada de Carlos V a Castilla; aunque son muchos los pueblos que celebran el paso de este rey, nos centramos en los de la Ruta del Vino de Rueda\" \/>\n<meta name=\"twitter:image\" content=\"http:\/\/destinocastillayleon.es\/index\/wp-content\/uploads\/2017\/07\/e1df87c1016440c680d406f3d50a7ed8.jpg\" \/>\n<meta name=\"twitter:creator\" content=\"@https:\/\/twitter.com\/ContePantaleone\u200e\" \/>\n<meta name=\"twitter:site\" content=\"@destinocyl\" \/>\n<meta name=\"twitter:label1\" content=\"Escrito por\" \/>\n\t<meta name=\"twitter:data1\" content=\"David V\u00e1zquez\" \/>\n\t<meta name=\"twitter:label2\" content=\"Tiempo de lectura\" \/>\n\t<meta name=\"twitter:data2\" content=\"6 minutos\" \/>\n<script type=\"application\/ld+json\" class=\"yoast-schema-graph\">{\"@context\":\"https:\\\/\\\/schema.org\",\"@graph\":[{\"@type\":\"Article\",\"@id\":\"https:\\\/\\\/destinocastillayleon.es\\\/index\\\/centenario-de-la-llegada-de-carlos-v\\\/#article\",\"isPartOf\":{\"@id\":\"https:\\\/\\\/destinocastillayleon.es\\\/index\\\/centenario-de-la-llegada-de-carlos-v\\\/\"},\"author\":{\"name\":\"David V\u00e1zquez\",\"@id\":\"https:\\\/\\\/destinocastillayleon.es\\\/index\\\/#\\\/schema\\\/person\\\/189221bc8f6cc4fa28b18ad5c289d4c2\"},\"headline\":\"Celebraciones del V Centenario de la llegada de Carlos V a Castilla\",\"datePublished\":\"2017-07-12T05:05:42+00:00\",\"dateModified\":\"2017-07-12T05:17:17+00:00\",\"mainEntityOfPage\":{\"@id\":\"https:\\\/\\\/destinocastillayleon.es\\\/index\\\/centenario-de-la-llegada-de-carlos-v\\\/\"},\"wordCount\":1132,\"commentCount\":0,\"image\":{\"@id\":\"https:\\\/\\\/destinocastillayleon.es\\\/index\\\/centenario-de-la-llegada-de-carlos-v\\\/#primaryimage\"},\"thumbnailUrl\":\"https:\\\/\\\/destinocastillayleon.es\\\/index\\\/wp-content\\\/uploads\\\/2017\\\/07\\\/e1df87c1016440c680d406f3d50a7ed8.jpg\",\"keywords\":[\"Centenario de la llegada de Carlos V\",\"ruta del vino de Rueda\",\"Semana renacentista\"],\"articleSection\":[\"Actualidad\",\"Agenda\",\"Provincias\",\"Valladolid Actualidad\"],\"inLanguage\":\"es\",\"potentialAction\":[{\"@type\":\"CommentAction\",\"name\":\"Comment\",\"target\":[\"https:\\\/\\\/destinocastillayleon.es\\\/index\\\/centenario-de-la-llegada-de-carlos-v\\\/#respond\"]}]},{\"@type\":\"WebPage\",\"@id\":\"https:\\\/\\\/destinocastillayleon.es\\\/index\\\/centenario-de-la-llegada-de-carlos-v\\\/\",\"url\":\"https:\\\/\\\/destinocastillayleon.es\\\/index\\\/centenario-de-la-llegada-de-carlos-v\\\/\",\"name\":\"Celebraciones del V Centenario de la llegada de Carlos V a Castilla - Destino Castilla y Le\u00f3n\",\"isPartOf\":{\"@id\":\"https:\\\/\\\/destinocastillayleon.es\\\/index\\\/#website\"},\"primaryImageOfPage\":{\"@id\":\"https:\\\/\\\/destinocastillayleon.es\\\/index\\\/centenario-de-la-llegada-de-carlos-v\\\/#primaryimage\"},\"image\":{\"@id\":\"https:\\\/\\\/destinocastillayleon.es\\\/index\\\/centenario-de-la-llegada-de-carlos-v\\\/#primaryimage\"},\"thumbnailUrl\":\"https:\\\/\\\/destinocastillayleon.es\\\/index\\\/wp-content\\\/uploads\\\/2017\\\/07\\\/e1df87c1016440c680d406f3d50a7ed8.jpg\",\"datePublished\":\"2017-07-12T05:05:42+00:00\",\"dateModified\":\"2017-07-12T05:17:17+00:00\",\"author\":{\"@id\":\"https:\\\/\\\/destinocastillayleon.es\\\/index\\\/#\\\/schema\\\/person\\\/189221bc8f6cc4fa28b18ad5c289d4c2\"},\"description\":\"Este a\u00f1os es el V Centenario de la llegada de Carlos V a Castilla; Conoce las celebraciones en los pueblos de la Ruta del Vino de Rueda\",\"breadcrumb\":{\"@id\":\"https:\\\/\\\/destinocastillayleon.es\\\/index\\\/centenario-de-la-llegada-de-carlos-v\\\/#breadcrumb\"},\"inLanguage\":\"es\",\"potentialAction\":[{\"@type\":\"ReadAction\",\"target\":[\"https:\\\/\\\/destinocastillayleon.es\\\/index\\\/centenario-de-la-llegada-de-carlos-v\\\/\"]}]},{\"@type\":\"ImageObject\",\"inLanguage\":\"es\",\"@id\":\"https:\\\/\\\/destinocastillayleon.es\\\/index\\\/centenario-de-la-llegada-de-carlos-v\\\/#primaryimage\",\"url\":\"https:\\\/\\\/destinocastillayleon.es\\\/index\\\/wp-content\\\/uploads\\\/2017\\\/07\\\/e1df87c1016440c680d406f3d50a7ed8.jpg\",\"contentUrl\":\"https:\\\/\\\/destinocastillayleon.es\\\/index\\\/wp-content\\\/uploads\\\/2017\\\/07\\\/e1df87c1016440c680d406f3d50a7ed8.jpg\",\"width\":992,\"height\":478},{\"@type\":\"BreadcrumbList\",\"@id\":\"https:\\\/\\\/destinocastillayleon.es\\\/index\\\/centenario-de-la-llegada-de-carlos-v\\\/#breadcrumb\",\"itemListElement\":[{\"@type\":\"ListItem\",\"position\":1,\"name\":\"Portada\",\"item\":\"https:\\\/\\\/destinocastillayleon.es\\\/index\\\/\"},{\"@type\":\"ListItem\",\"position\":2,\"name\":\"Celebraciones del V Centenario de la llegada de Carlos V a Castilla\"}]},{\"@type\":\"WebSite\",\"@id\":\"https:\\\/\\\/destinocastillayleon.es\\\/index\\\/#website\",\"url\":\"https:\\\/\\\/destinocastillayleon.es\\\/index\\\/\",\"name\":\"Destino Castilla y Le\u00f3n\",\"description\":\"Medio digital independiente y revista de Castilla y Le\u00f3n dedicado al turismo, gastronom\u00eda y vino de Castilla y Le\u00f3n\",\"potentialAction\":[{\"@type\":\"SearchAction\",\"target\":{\"@type\":\"EntryPoint\",\"urlTemplate\":\"https:\\\/\\\/destinocastillayleon.es\\\/index\\\/?s={search_term_string}\"},\"query-input\":{\"@type\":\"PropertyValueSpecification\",\"valueRequired\":true,\"valueName\":\"search_term_string\"}}],\"inLanguage\":\"es\"},{\"@type\":\"Person\",\"@id\":\"https:\\\/\\\/destinocastillayleon.es\\\/index\\\/#\\\/schema\\\/person\\\/189221bc8f6cc4fa28b18ad5c289d4c2\",\"name\":\"David V\u00e1zquez\",\"image\":{\"@type\":\"ImageObject\",\"inLanguage\":\"es\",\"@id\":\"https:\\\/\\\/secure.gravatar.com\\\/avatar\\\/cd12db6c575a90c3b75cfa0f794b74d425201c768612fad17e9f13cd33d48be8?s=96&d=mm&r=g\",\"url\":\"https:\\\/\\\/secure.gravatar.com\\\/avatar\\\/cd12db6c575a90c3b75cfa0f794b74d425201c768612fad17e9f13cd33d48be8?s=96&d=mm&r=g\",\"contentUrl\":\"https:\\\/\\\/secure.gravatar.com\\\/avatar\\\/cd12db6c575a90c3b75cfa0f794b74d425201c768612fad17e9f13cd33d48be8?s=96&d=mm&r=g\",\"caption\":\"David V\u00e1zquez\"},\"description\":\"Ingeniero Industrial de vocaci\u00f3n y profesi\u00f3n, he encontrado en los blogs la forma de plasmar mi pasi\u00f3n por los viajes, la gastronom\u00eda y los vinos. Especialmente los procedentes de Castilla y Le\u00f3n\",\"sameAs\":[\"https:\\\/\\\/www.destinocastillayleon.es\",\"https:\\\/\\\/www.facebook.com\\\/profile.php?id=1158416854\",\"https:\\\/\\\/instagram.com\\\/conte.pantaleone\",\"https:\\\/\\\/www.linkedin.com\\\/pub\\\/david-vazquez-lozano\\\/37\\\/17a\\\/25a\",\"https:\\\/\\\/x.com\\\/https:\\\/\\\/twitter.com\\\/ContePantaleone\u200e\"],\"url\":\"https:\\\/\\\/destinocastillayleon.es\\\/index\\\/author\\\/coadministradorcyl\\\/\"}]}<\/script>\n<!-- \/ Yoast SEO Premium plugin. -->","yoast_head_json":{"title":"Celebraciones del V Centenario de la llegada de Carlos V a Castilla - Destino Castilla y Le\u00f3n","description":"Este a\u00f1os es el V Centenario de la llegada de Carlos V a Castilla; Conoce las celebraciones en los pueblos de la Ruta del Vino de Rueda","robots":{"index":"index","follow":"follow","max-snippet":"max-snippet:-1","max-image-preview":"max-image-preview:large","max-video-preview":"max-video-preview:-1"},"canonical":"https:\/\/destinocastillayleon.es\/index\/centenario-de-la-llegada-de-carlos-v\/","og_locale":"es_ES","og_type":"article","og_title":"Celebraciones del V Centenario de la llegada de Carlos V a Castilla","og_description":"En el 2017 se celebra el V Centenario de la llegada de Carlos V a Castilla; aunque son muchos los pueblos que celebran el paso de este rey, nos centramos en los de la Ruta del Vino de Rueda","og_url":"https:\/\/destinocastillayleon.es\/index\/centenario-de-la-llegada-de-carlos-v\/","og_site_name":"Destino Castilla y Le\u00f3n","article_publisher":"https:\/\/www.facebook.com\/DestinoCastillaYLeon\/","article_author":"https:\/\/www.facebook.com\/profile.php?id=1158416854","article_published_time":"2017-07-12T05:05:42+00:00","article_modified_time":"2017-07-12T05:17:17+00:00","og_image":[{"width":992,"height":478,"url":"https:\/\/destinocastillayleon.es\/index\/wp-content\/uploads\/2017\/07\/e1df87c1016440c680d406f3d50a7ed8.jpg","type":"image\/jpeg"}],"author":"David V\u00e1zquez","twitter_card":"summary_large_image","twitter_description":"En el 2017 se celebra el V Centenario de la llegada de Carlos V a Castilla; aunque son muchos los pueblos que celebran el paso de este rey, nos centramos en los de la Ruta del Vino de Rueda","twitter_image":"http:\/\/destinocastillayleon.es\/index\/wp-content\/uploads\/2017\/07\/e1df87c1016440c680d406f3d50a7ed8.jpg","twitter_creator":"@https:\/\/twitter.com\/ContePantaleone\u200e","twitter_site":"@destinocyl","twitter_misc":{"Escrito por":"David V\u00e1zquez","Tiempo de lectura":"6 minutos"},"schema":{"@context":"https:\/\/schema.org","@graph":[{"@type":"Article","@id":"https:\/\/destinocastillayleon.es\/index\/centenario-de-la-llegada-de-carlos-v\/#article","isPartOf":{"@id":"https:\/\/destinocastillayleon.es\/index\/centenario-de-la-llegada-de-carlos-v\/"},"author":{"name":"David V\u00e1zquez","@id":"https:\/\/destinocastillayleon.es\/index\/#\/schema\/person\/189221bc8f6cc4fa28b18ad5c289d4c2"},"headline":"Celebraciones del V Centenario de la llegada de Carlos V a Castilla","datePublished":"2017-07-12T05:05:42+00:00","dateModified":"2017-07-12T05:17:17+00:00","mainEntityOfPage":{"@id":"https:\/\/destinocastillayleon.es\/index\/centenario-de-la-llegada-de-carlos-v\/"},"wordCount":1132,"commentCount":0,"image":{"@id":"https:\/\/destinocastillayleon.es\/index\/centenario-de-la-llegada-de-carlos-v\/#primaryimage"},"thumbnailUrl":"https:\/\/destinocastillayleon.es\/index\/wp-content\/uploads\/2017\/07\/e1df87c1016440c680d406f3d50a7ed8.jpg","keywords":["Centenario de la llegada de Carlos V","ruta del vino de Rueda","Semana renacentista"],"articleSection":["Actualidad","Agenda","Provincias","Valladolid Actualidad"],"inLanguage":"es","potentialAction":[{"@type":"CommentAction","name":"Comment","target":["https:\/\/destinocastillayleon.es\/index\/centenario-de-la-llegada-de-carlos-v\/#respond"]}]},{"@type":"WebPage","@id":"https:\/\/destinocastillayleon.es\/index\/centenario-de-la-llegada-de-carlos-v\/","url":"https:\/\/destinocastillayleon.es\/index\/centenario-de-la-llegada-de-carlos-v\/","name":"Celebraciones del V Centenario de la llegada de Carlos V a Castilla - Destino Castilla y Le\u00f3n","isPartOf":{"@id":"https:\/\/destinocastillayleon.es\/index\/#website"},"primaryImageOfPage":{"@id":"https:\/\/destinocastillayleon.es\/index\/centenario-de-la-llegada-de-carlos-v\/#primaryimage"},"image":{"@id":"https:\/\/destinocastillayleon.es\/index\/centenario-de-la-llegada-de-carlos-v\/#primaryimage"},"thumbnailUrl":"https:\/\/destinocastillayleon.es\/index\/wp-content\/uploads\/2017\/07\/e1df87c1016440c680d406f3d50a7ed8.jpg","datePublished":"2017-07-12T05:05:42+00:00","dateModified":"2017-07-12T05:17:17+00:00","author":{"@id":"https:\/\/destinocastillayleon.es\/index\/#\/schema\/person\/189221bc8f6cc4fa28b18ad5c289d4c2"},"description":"Este a\u00f1os es el V Centenario de la llegada de Carlos V a Castilla; Conoce las celebraciones en los pueblos de la Ruta del Vino de Rueda","breadcrumb":{"@id":"https:\/\/destinocastillayleon.es\/index\/centenario-de-la-llegada-de-carlos-v\/#breadcrumb"},"inLanguage":"es","potentialAction":[{"@type":"ReadAction","target":["https:\/\/destinocastillayleon.es\/index\/centenario-de-la-llegada-de-carlos-v\/"]}]},{"@type":"ImageObject","inLanguage":"es","@id":"https:\/\/destinocastillayleon.es\/index\/centenario-de-la-llegada-de-carlos-v\/#primaryimage","url":"https:\/\/destinocastillayleon.es\/index\/wp-content\/uploads\/2017\/07\/e1df87c1016440c680d406f3d50a7ed8.jpg","contentUrl":"https:\/\/destinocastillayleon.es\/index\/wp-content\/uploads\/2017\/07\/e1df87c1016440c680d406f3d50a7ed8.jpg","width":992,"height":478},{"@type":"BreadcrumbList","@id":"https:\/\/destinocastillayleon.es\/index\/centenario-de-la-llegada-de-carlos-v\/#breadcrumb","itemListElement":[{"@type":"ListItem","position":1,"name":"Portada","item":"https:\/\/destinocastillayleon.es\/index\/"},{"@type":"ListItem","position":2,"name":"Celebraciones del V Centenario de la llegada de Carlos V a Castilla"}]},{"@type":"WebSite","@id":"https:\/\/destinocastillayleon.es\/index\/#website","url":"https:\/\/destinocastillayleon.es\/index\/","name":"Destino Castilla y Le\u00f3n","description":"Medio digital independiente y revista de Castilla y Le\u00f3n dedicado al turismo, gastronom\u00eda y vino de Castilla y Le\u00f3n","potentialAction":[{"@type":"SearchAction","target":{"@type":"EntryPoint","urlTemplate":"https:\/\/destinocastillayleon.es\/index\/?s={search_term_string}"},"query-input":{"@type":"PropertyValueSpecification","valueRequired":true,"valueName":"search_term_string"}}],"inLanguage":"es"},{"@type":"Person","@id":"https:\/\/destinocastillayleon.es\/index\/#\/schema\/person\/189221bc8f6cc4fa28b18ad5c289d4c2","name":"David V\u00e1zquez","image":{"@type":"ImageObject","inLanguage":"es","@id":"https:\/\/secure.gravatar.com\/avatar\/cd12db6c575a90c3b75cfa0f794b74d425201c768612fad17e9f13cd33d48be8?s=96&d=mm&r=g","url":"https:\/\/secure.gravatar.com\/avatar\/cd12db6c575a90c3b75cfa0f794b74d425201c768612fad17e9f13cd33d48be8?s=96&d=mm&r=g","contentUrl":"https:\/\/secure.gravatar.com\/avatar\/cd12db6c575a90c3b75cfa0f794b74d425201c768612fad17e9f13cd33d48be8?s=96&d=mm&r=g","caption":"David V\u00e1zquez"},"description":"Ingeniero Industrial de vocaci\u00f3n y profesi\u00f3n, he encontrado en los blogs la forma de plasmar mi pasi\u00f3n por los viajes, la gastronom\u00eda y los vinos. Especialmente los procedentes de Castilla y Le\u00f3n","sameAs":["https:\/\/www.destinocastillayleon.es","https:\/\/www.facebook.com\/profile.php?id=1158416854","https:\/\/instagram.com\/conte.pantaleone","https:\/\/www.linkedin.com\/pub\/david-vazquez-lozano\/37\/17a\/25a","https:\/\/x.com\/https:\/\/twitter.com\/ContePantaleone\u200e"],"url":"https:\/\/destinocastillayleon.es\/index\/author\/coadministradorcyl\/"}]}},"_links":{"self":[{"href":"https:\/\/destinocastillayleon.es\/index\/wp-json\/wp\/v2\/posts\/25787","targetHints":{"allow":["GET"]}}],"collection":[{"href":"https:\/\/destinocastillayleon.es\/index\/wp-json\/wp\/v2\/posts"}],"about":[{"href":"https:\/\/destinocastillayleon.es\/index\/wp-json\/wp\/v2\/types\/post"}],"author":[{"embeddable":true,"href":"https:\/\/destinocastillayleon.es\/index\/wp-json\/wp\/v2\/users\/2"}],"replies":[{"embeddable":true,"href":"https:\/\/destinocastillayleon.es\/index\/wp-json\/wp\/v2\/comments?post=25787"}],"version-history":[{"count":6,"href":"https:\/\/destinocastillayleon.es\/index\/wp-json\/wp\/v2\/posts\/25787\/revisions"}],"predecessor-version":[{"id":25801,"href":"https:\/\/destinocastillayleon.es\/index\/wp-json\/wp\/v2\/posts\/25787\/revisions\/25801"}],"wp:featuredmedia":[{"embeddable":true,"href":"https:\/\/destinocastillayleon.es\/index\/wp-json\/wp\/v2\/media\/25790"}],"wp:attachment":[{"href":"https:\/\/destinocastillayleon.es\/index\/wp-json\/wp\/v2\/media?parent=25787"}],"wp:term":[{"taxonomy":"category","embeddable":true,"href":"https:\/\/destinocastillayleon.es\/index\/wp-json\/wp\/v2\/categories?post=25787"},{"taxonomy":"post_tag","embeddable":true,"href":"https:\/\/destinocastillayleon.es\/index\/wp-json\/wp\/v2\/tags?post=25787"}],"curies":[{"name":"wp","href":"https:\/\/api.w.org\/{rel}","templated":true}]}}