{"id":25449,"date":"2017-05-09T12:30:41","date_gmt":"2017-05-09T10:30:41","guid":{"rendered":"http:\/\/destinocastillayleon.es\/index\/?p=25449"},"modified":"2017-05-10T07:19:32","modified_gmt":"2017-05-10T05:19:32","slug":"i-tuit-quedada-cultural-en-avila","status":"publish","type":"post","link":"https:\/\/destinocastillayleon.es\/index\/i-tuit-quedada-cultural-en-avila\/","title":{"rendered":"I #Tuit Quedada Cultural en \u00c1vila, \u00bfTe la vas a perder?"},"content":{"rendered":"<p>Tras muchos \u00e9xitos cosechados en las \u00abTuit Quedadas Micol\u00f3gicas\u00bb celebradas en Gredos (\u00c1vila) en ediciones\u00a0anteriores, llega a la ciudad de \u00c1vila la primera edici\u00f3n de la \u00ab<strong><a href=\"https:\/\/twitter.com\/search?q=%23TuitQuedadaCultural&amp;src=tyah\">Tuit Quedada Cultural<\/a><\/strong>\u00bb durante este pr\u00f3ximo fin de semana, <strong>del viernes 12 al domingo 14 de mayo.<\/strong><\/p>\n<p>Este encuentro reunir\u00e1 a <strong>blogueros, tuiteros e interesados en participar en la \u00abTuit Quedada Cultural\u00bb<\/strong> que incluye un intenso programa de actividades culturales para no darse un respiro: Jam Session, conciertos, mon\u00f3logos, pasacalle teatralizado, merienda con m\u00fasica y cuentos&#8230; E incluso un <strong>taller de elaboraci\u00f3n de yemas de Santa Teresa&#8230;\u00a0<\/strong><\/p>\n<p><img decoding=\"async\" class=\"aligncenter size-full wp-image-25460\" src=\"http:\/\/destinocastillayleon.es\/index\/wp-content\/uploads\/2017\/05\/tuitquedada-cultural.jpg\" alt=\"tuitquedada cultural\" width=\"640\" height=\"487\" srcset=\"https:\/\/destinocastillayleon.es\/index\/wp-content\/uploads\/2017\/05\/tuitquedada-cultural.jpg 640w, https:\/\/destinocastillayleon.es\/index\/wp-content\/uploads\/2017\/05\/tuitquedada-cultural-300x228.jpg 300w\" sizes=\"(max-width: 640px) 100vw, 640px\" \/><\/p>\n<p>Para participar en la Tuit Quedada Cultural o en alguna de sus actividades, debes registrarte en su web: <strong><a href=\"http:\/\/www.tuitquedadacultural.com\/\">tuitquedadacultural.com<\/a> <\/strong>o si tienes alguna duda, contactar con uno de sus organizadores, Daniel Gonz\u00e1lez (<strong><a href=\"https:\/\/twitter.com\/gredosdaniel\">@GredosDaniel<\/a><\/strong> en Twitter).<\/p>\n<h2>Programa de I Edici\u00f3n de la \u00abTuit Quedada Cultural\u00bb en \u00c1vila<\/h2>\n<p>Puedes consultar aqu\u00ed el <strong><a href=\"http:\/\/www.tuitquedadacultural.com\/wp-content\/uploads\/2017\/05\/Programa-Tuit-Quedada-Cultural.pdf\">programa de actividades en PDF<\/a><\/strong>\u00a0que arranca el viernes 12 de mayo y finaliza el domingo, 15 de mayo, exceptuando algunas actividades que ser\u00e1n visitables hasta mediados de mes.<\/p>\n<h3>Viernes 12 de mayo<\/h3>\n<ul>\n<li>A partir de las <strong>18:00<\/strong> recepci\u00f3n de blog y presentaciones.<\/li>\n<li><strong>20:00 horas<\/strong>.- Entrega de acreditaciones y regalo de bienvenida.<\/li>\n<li><strong>21.30 horas<\/strong>.- Jam session en la discoteca Koqu\u00e9. Est\u00e1n invitados todos los m\u00fasicos y grupos abulenses. Entrada libre.<\/li>\n<\/ul>\n<h3>S\u00e1bado 13 de mayo<\/h3>\n<ul>\n<ul>\n<li><strong>11.00 horas<\/strong>.- Pasacalles teatralizado por el centro de la ciudad. Participan las compa\u00f1\u00edas de teatro Nueva Escena, Jufran y Tercera Frontera. Anima Yembal\u00e9.<\/li>\n<li><strong>13.00 horas<\/strong>.- Taller de Redondeo de Yemas de Santa Teresa. Restaurante Santa Teresa. Plaza Jos\u00e9 Tom\u00e9.<\/li>\n<li><strong>14.30 horas<\/strong>.- Comida en el Restaurante Los 4 Postes.<\/li>\n<\/ul>\n<\/ul>\n<blockquote><p><strong>Men\u00fa degustaci\u00f3n t\u00edpico de \u00c1vila\u00a0<\/strong>Patatas Revolconas con torreznillos; Jud\u00edas del Barco de \u00c1vila con chorizo y Oreja; Chulet\u00f3n de \u00c1vila al centro (2 personas); Jesuita de Hojaldre y crema; Caf\u00e9; Vino Tierra de Castila y Le\u00f3n ;Agua mineral.<\/p><\/blockquote>\n<ul>\n<li><strong>18.00 horas<\/strong>.- Merienda de m\u00fasica y cuentos. En el Caf\u00e9 de Mercado con la actuaci\u00f3n del d\u00fao Salinas: Mar\u00eda Crespo y Alba San Genaro (Piano y flauta). Cuentos para adultos a cargo de los directores de \u00c1vila de Cuento H\u00e9ctor Uri\u00e9n y Ma\u00edsa Marb\u00e1n. Entrada + merienda 2,50\u20ac.<\/li>\n<li><strong>20.00 horas<\/strong>.- Debate cine y literatura. Episcopio. Proyecci\u00f3n de cortos de los directores: Javier San Rom\u00e1n, Tony Romero y David Gal\u00e1n Galindo. Seguido de debate sobre la estrecha relaci\u00f3n que existe entre la literatura y el cine con la colaboraci\u00f3n de la Asociaci\u00f3n de Novelistas Abulenses \u201cLa Sombra del Cipr\u00e9s\u201d. Conducido por la Concejal de Cultura del Ayuntamiento de \u00c1vila, Sonsoles S\u00e1nchez-Reyes.<\/li>\n<li><strong>21.30 horas<\/strong>.- Degustaci\u00f3n de productos de \u00c1vila Aut\u00e9ntica y Santa Teresa. Y espacio de micr\u00f3fono abierto en la sala inferior del Episcopio.<\/li>\n<\/ul>\n<h3>Domingo 14 de mayo<\/h3>\n<ul>\n<li><strong>11.00 horas<\/strong>.- Espect\u00e1culo de Canto Coral. En el Episcopio con la actuaci\u00f3n de Amicus Meus y Camerata Abulense.<\/li>\n<li><strong>11.45 horas<\/strong>.- Exhibici\u00f3n de baile y danza con las compa\u00f1\u00edas: El Callej\u00f3n del Gato ense\u00f1anzas art\u00edsticas, D\u00e9bora Dancers y Alumnas de Isabel Navarro.<\/li>\n<li><strong>13.00 horas<\/strong>.- Subida a la muralla y muestra po\u00e9tica. Poetas: Jos\u00e9 Pulido, Jos\u00e9 Mar\u00eda Mu\u00f1oz Quir\u00f3s, Ana Agust\u00edn y Ester Bueno.<\/li>\n<\/ul>\n<p><a href=\"http:\/\/www.tuitquedadacultural.com\/wp-content\/uploads\/2017\/05\/Programa-Tuit-Quedada-Cultural.pdf\"><img decoding=\"async\" class=\"aligncenter wp-image-25461 size-full\" src=\"http:\/\/destinocastillayleon.es\/index\/wp-content\/uploads\/2017\/05\/programa-TuitQuedada-Cultural.jpg\" alt=\"programa Tuit Quedada Cultural\" width=\"848\" height=\"1199\" srcset=\"https:\/\/destinocastillayleon.es\/index\/wp-content\/uploads\/2017\/05\/programa-TuitQuedada-Cultural.jpg 848w, https:\/\/destinocastillayleon.es\/index\/wp-content\/uploads\/2017\/05\/programa-TuitQuedada-Cultural-212x300.jpg 212w, https:\/\/destinocastillayleon.es\/index\/wp-content\/uploads\/2017\/05\/programa-TuitQuedada-Cultural-768x1086.jpg 768w, https:\/\/destinocastillayleon.es\/index\/wp-content\/uploads\/2017\/05\/programa-TuitQuedada-Cultural-724x1024.jpg 724w, https:\/\/destinocastillayleon.es\/index\/wp-content\/uploads\/2017\/05\/programa-TuitQuedada-Cultural-300x424.jpg 300w\" sizes=\"(max-width: 848px) 100vw, 848px\" \/><\/a><\/p>\n<h2>Otras actividades vinculadas a la I #TuitQuedadaCultural en \u00c1vila<\/h2>\n<p>Adem\u00e1s de este programa, una serie de actividades culturales se extender\u00e1n en d\u00edas posteriores:\u00a0<strong>\u00a0<\/strong><\/p>\n<p><strong>Exposici\u00f3n de arte abulense<\/strong>\u00a0con pintores y escultores abulenses organizada por la galer\u00eda de arte Tarlatana. Se podr\u00e1 visitar del lunes d\u00eda 8 al domingo 14 de mayo.<\/p>\n<p><strong>Exposici\u00f3n de moda<\/strong> a cargo de Pata de Gallo, Cristina Fern\u00e1ndez Lucas, premio Premio Paul Hewitt al mejor dise\u00f1ador novel de Castilla y Le\u00f3n. Se podr\u00e1 visitar del lunes d\u00eda 8 al domingo 14 de mayo.<\/p>\n<p><strong>Concurso de microrrelatos v\u00eda Twitter<\/strong> con la colaboraci\u00f3n de la asociaci\u00f3n de novelistas. Las bases se publicar\u00e1n en la web la pr\u00f3xima semana.<\/p>\n<p><strong>Concurso de fotograf\u00eda<\/strong> con la colaboraci\u00f3n de la Asociaci\u00f3n Fotogr\u00e1fica Abulense. Las bases se publicar\u00e1n en la web la pr\u00f3xima semana.<\/p>\n<h3><\/h3>\n<h4>Tambi\u00e9n te puede interesar<\/h4>\n<ul>\n<li><a href=\"http:\/\/destinocastillayleon.es\/index\/gran-exito-de-la-tuitquedadamicologia-en-hoyocasero-en-la-sierra-de-gredos\/\">Conoce nuestra experiencia durante la TuitquedadaMicol\u00f3gica 2013<\/a>.<\/li>\n<li><a href=\"http:\/\/destinocastillayleon.es\/index\/asi-fue-la-2a-edicion-de-la-tuitquedadamicologica-en-gredos\/\">Conoce nuestra experiencia durante la TuitquedadaMicol\u00f3gica 2014<\/a>.<\/li>\n<li><a href=\"http:\/\/destinocastillayleon.es\/index\/tuitquedadamicologica-2015\/\">Conoce nuestra experiencia durante la TuitquedadaMicol\u00f3gica 2015<\/a>.<\/li>\n<li><a href=\"http:\/\/destinocastillayleon.es\/index\/tuitquedadamicologica-2016\/\">El Barco de \u00c1vila de la mano de la TuitQuedadaMicologica 2016<\/a>.<\/li>\n<\/ul>\n","protected":false},"excerpt":{"rendered":"<p>llega a la ciudad de \u00c1vila la primera edici\u00f3n de la \u00abTuit Quedada Cultural\u00bb durante este pr\u00f3ximo fin de semana, del viernes 12 al domingo 15 de mayo con un intenso programa repleto de actividades culturales y para todos los gustos<\/p>\n","protected":false},"author":2,"featured_media":25462,"comment_status":"open","ping_status":"closed","sticky":false,"template":"","format":"standard","meta":{"rop_custom_images_group":[],"rop_custom_messages_group":[],"rop_publish_now":"initial","rop_publish_now_accounts":{"twitter_1150954226_1150954226":""},"rop_publish_now_history":[],"rop_publish_now_status":"pending","footnotes":""},"categories":[1343,62,4789,68],"tags":[5290,5288],"class_list":["post-25449","post","type-post","status-publish","format-standard","has-post-thumbnail","hentry","category-agenda","category-avila","category-avila-actualidad","category-post_inicial","tag-tuit-quedada-cultural","tag-tuit-quedada-cultural-en-avila"],"yoast_head":"<!-- This site is optimized with the Yoast SEO Premium plugin v20.4 (Yoast SEO v27.4) - https:\/\/yoast.com\/product\/yoast-seo-premium-wordpress\/ -->\n<title>I #Tuit Quedada Cultural en \u00c1vila, \u00bfTe la vas a perder? - Destino Castilla y Le\u00f3n<\/title>\n<meta name=\"description\" content=\"Primera edici\u00f3n de la Tuit Quedada Cultural del 12 al 14 de mayo con un intenso programa repleto de actividades culturales para todos los gustos\" \/>\n<meta name=\"robots\" content=\"index, follow, max-snippet:-1, max-image-preview:large, max-video-preview:-1\" \/>\n<link rel=\"canonical\" href=\"https:\/\/destinocastillayleon.es\/index\/i-tuit-quedada-cultural-en-avila\/\" \/>\n<meta property=\"og:locale\" content=\"es_ES\" \/>\n<meta property=\"og:type\" content=\"article\" \/>\n<meta property=\"og:title\" content=\"I #Tuit Quedada Cultural en \u00c1vila, \u00bfTe la vas a perder?\" \/>\n<meta property=\"og:description\" content=\"Primera edici\u00f3n de la Tuit Quedada Cultural del 12 al 14 de mayo con un intenso programa repleto de actividades culturales para todos los gustos\" \/>\n<meta property=\"og:url\" content=\"https:\/\/destinocastillayleon.es\/index\/i-tuit-quedada-cultural-en-avila\/\" \/>\n<meta property=\"og:site_name\" content=\"Destino Castilla y Le\u00f3n\" \/>\n<meta property=\"article:publisher\" content=\"https:\/\/www.facebook.com\/DestinoCastillaYLeon\/\" \/>\n<meta property=\"article:author\" content=\"https:\/\/www.facebook.com\/profile.php?id=1158416854\" \/>\n<meta property=\"article:published_time\" content=\"2017-05-09T10:30:41+00:00\" \/>\n<meta property=\"article:modified_time\" content=\"2017-05-10T05:19:32+00:00\" \/>\n<meta property=\"og:image\" content=\"https:\/\/destinocastillayleon.es\/index\/wp-content\/uploads\/2017\/05\/Cartel-Quedada-Cultural.png\" \/>\n\t<meta property=\"og:image:width\" content=\"700\" \/>\n\t<meta property=\"og:image:height\" content=\"466\" \/>\n\t<meta property=\"og:image:type\" content=\"image\/png\" \/>\n<meta name=\"author\" content=\"David V\u00e1zquez\" \/>\n<meta name=\"twitter:card\" content=\"summary_large_image\" \/>\n<meta name=\"twitter:creator\" content=\"@https:\/\/twitter.com\/ContePantaleone\u200e\" \/>\n<meta name=\"twitter:site\" content=\"@destinocyl\" \/>\n<meta name=\"twitter:label1\" content=\"Escrito por\" \/>\n\t<meta name=\"twitter:data1\" content=\"David V\u00e1zquez\" \/>\n\t<meta name=\"twitter:label2\" content=\"Tiempo de lectura\" \/>\n\t<meta name=\"twitter:data2\" content=\"4 minutos\" \/>\n<script type=\"application\/ld+json\" class=\"yoast-schema-graph\">{\"@context\":\"https:\\\/\\\/schema.org\",\"@graph\":[{\"@type\":\"Article\",\"@id\":\"https:\\\/\\\/destinocastillayleon.es\\\/index\\\/i-tuit-quedada-cultural-en-avila\\\/#article\",\"isPartOf\":{\"@id\":\"https:\\\/\\\/destinocastillayleon.es\\\/index\\\/i-tuit-quedada-cultural-en-avila\\\/\"},\"author\":{\"name\":\"David V\u00e1zquez\",\"@id\":\"https:\\\/\\\/destinocastillayleon.es\\\/index\\\/#\\\/schema\\\/person\\\/189221bc8f6cc4fa28b18ad5c289d4c2\"},\"headline\":\"I #Tuit Quedada Cultural en \u00c1vila, \u00bfTe la vas a perder?\",\"datePublished\":\"2017-05-09T10:30:41+00:00\",\"dateModified\":\"2017-05-10T05:19:32+00:00\",\"mainEntityOfPage\":{\"@id\":\"https:\\\/\\\/destinocastillayleon.es\\\/index\\\/i-tuit-quedada-cultural-en-avila\\\/\"},\"wordCount\":739,\"commentCount\":0,\"image\":{\"@id\":\"https:\\\/\\\/destinocastillayleon.es\\\/index\\\/i-tuit-quedada-cultural-en-avila\\\/#primaryimage\"},\"thumbnailUrl\":\"https:\\\/\\\/destinocastillayleon.es\\\/index\\\/wp-content\\\/uploads\\\/2017\\\/05\\\/Cartel-Quedada-Cultural.png\",\"keywords\":[\"Tuit Quedada Cultural\",\"Tuit Quedada Cultural en \u00c1vila\"],\"articleSection\":[\"Agenda\",\"Avila\",\"Avila actualidad\",\"Post_inicial\"],\"inLanguage\":\"es\",\"potentialAction\":[{\"@type\":\"CommentAction\",\"name\":\"Comment\",\"target\":[\"https:\\\/\\\/destinocastillayleon.es\\\/index\\\/i-tuit-quedada-cultural-en-avila\\\/#respond\"]}]},{\"@type\":\"WebPage\",\"@id\":\"https:\\\/\\\/destinocastillayleon.es\\\/index\\\/i-tuit-quedada-cultural-en-avila\\\/\",\"url\":\"https:\\\/\\\/destinocastillayleon.es\\\/index\\\/i-tuit-quedada-cultural-en-avila\\\/\",\"name\":\"I #Tuit Quedada Cultural en \u00c1vila, \u00bfTe la vas a perder? - Destino Castilla y Le\u00f3n\",\"isPartOf\":{\"@id\":\"https:\\\/\\\/destinocastillayleon.es\\\/index\\\/#website\"},\"primaryImageOfPage\":{\"@id\":\"https:\\\/\\\/destinocastillayleon.es\\\/index\\\/i-tuit-quedada-cultural-en-avila\\\/#primaryimage\"},\"image\":{\"@id\":\"https:\\\/\\\/destinocastillayleon.es\\\/index\\\/i-tuit-quedada-cultural-en-avila\\\/#primaryimage\"},\"thumbnailUrl\":\"https:\\\/\\\/destinocastillayleon.es\\\/index\\\/wp-content\\\/uploads\\\/2017\\\/05\\\/Cartel-Quedada-Cultural.png\",\"datePublished\":\"2017-05-09T10:30:41+00:00\",\"dateModified\":\"2017-05-10T05:19:32+00:00\",\"author\":{\"@id\":\"https:\\\/\\\/destinocastillayleon.es\\\/index\\\/#\\\/schema\\\/person\\\/189221bc8f6cc4fa28b18ad5c289d4c2\"},\"description\":\"Primera edici\u00f3n de la Tuit Quedada Cultural del 12 al 14 de mayo con un intenso programa repleto de actividades culturales para todos los gustos\",\"breadcrumb\":{\"@id\":\"https:\\\/\\\/destinocastillayleon.es\\\/index\\\/i-tuit-quedada-cultural-en-avila\\\/#breadcrumb\"},\"inLanguage\":\"es\",\"potentialAction\":[{\"@type\":\"ReadAction\",\"target\":[\"https:\\\/\\\/destinocastillayleon.es\\\/index\\\/i-tuit-quedada-cultural-en-avila\\\/\"]}]},{\"@type\":\"ImageObject\",\"inLanguage\":\"es\",\"@id\":\"https:\\\/\\\/destinocastillayleon.es\\\/index\\\/i-tuit-quedada-cultural-en-avila\\\/#primaryimage\",\"url\":\"https:\\\/\\\/destinocastillayleon.es\\\/index\\\/wp-content\\\/uploads\\\/2017\\\/05\\\/Cartel-Quedada-Cultural.png\",\"contentUrl\":\"https:\\\/\\\/destinocastillayleon.es\\\/index\\\/wp-content\\\/uploads\\\/2017\\\/05\\\/Cartel-Quedada-Cultural.png\",\"width\":700,\"height\":466},{\"@type\":\"BreadcrumbList\",\"@id\":\"https:\\\/\\\/destinocastillayleon.es\\\/index\\\/i-tuit-quedada-cultural-en-avila\\\/#breadcrumb\",\"itemListElement\":[{\"@type\":\"ListItem\",\"position\":1,\"name\":\"Portada\",\"item\":\"https:\\\/\\\/destinocastillayleon.es\\\/index\\\/\"},{\"@type\":\"ListItem\",\"position\":2,\"name\":\"I #Tuit Quedada Cultural en \u00c1vila, \u00bfTe la vas a perder?\"}]},{\"@type\":\"WebSite\",\"@id\":\"https:\\\/\\\/destinocastillayleon.es\\\/index\\\/#website\",\"url\":\"https:\\\/\\\/destinocastillayleon.es\\\/index\\\/\",\"name\":\"Destino Castilla y Le\u00f3n\",\"description\":\"Medio digital independiente y revista de Castilla y Le\u00f3n dedicado al turismo, gastronom\u00eda y vino de Castilla y Le\u00f3n\",\"potentialAction\":[{\"@type\":\"SearchAction\",\"target\":{\"@type\":\"EntryPoint\",\"urlTemplate\":\"https:\\\/\\\/destinocastillayleon.es\\\/index\\\/?s={search_term_string}\"},\"query-input\":{\"@type\":\"PropertyValueSpecification\",\"valueRequired\":true,\"valueName\":\"search_term_string\"}}],\"inLanguage\":\"es\"},{\"@type\":\"Person\",\"@id\":\"https:\\\/\\\/destinocastillayleon.es\\\/index\\\/#\\\/schema\\\/person\\\/189221bc8f6cc4fa28b18ad5c289d4c2\",\"name\":\"David V\u00e1zquez\",\"image\":{\"@type\":\"ImageObject\",\"inLanguage\":\"es\",\"@id\":\"https:\\\/\\\/secure.gravatar.com\\\/avatar\\\/cd12db6c575a90c3b75cfa0f794b74d425201c768612fad17e9f13cd33d48be8?s=96&d=mm&r=g\",\"url\":\"https:\\\/\\\/secure.gravatar.com\\\/avatar\\\/cd12db6c575a90c3b75cfa0f794b74d425201c768612fad17e9f13cd33d48be8?s=96&d=mm&r=g\",\"contentUrl\":\"https:\\\/\\\/secure.gravatar.com\\\/avatar\\\/cd12db6c575a90c3b75cfa0f794b74d425201c768612fad17e9f13cd33d48be8?s=96&d=mm&r=g\",\"caption\":\"David V\u00e1zquez\"},\"description\":\"Ingeniero Industrial de vocaci\u00f3n y profesi\u00f3n, he encontrado en los blogs la forma de plasmar mi pasi\u00f3n por los viajes, la gastronom\u00eda y los vinos. Especialmente los procedentes de Castilla y Le\u00f3n\",\"sameAs\":[\"https:\\\/\\\/www.destinocastillayleon.es\",\"https:\\\/\\\/www.facebook.com\\\/profile.php?id=1158416854\",\"https:\\\/\\\/instagram.com\\\/conte.pantaleone\",\"https:\\\/\\\/www.linkedin.com\\\/pub\\\/david-vazquez-lozano\\\/37\\\/17a\\\/25a\",\"https:\\\/\\\/x.com\\\/https:\\\/\\\/twitter.com\\\/ContePantaleone\u200e\"],\"url\":\"https:\\\/\\\/destinocastillayleon.es\\\/index\\\/author\\\/coadministradorcyl\\\/\"}]}<\/script>\n<!-- \/ Yoast SEO Premium plugin. -->","yoast_head_json":{"title":"I #Tuit Quedada Cultural en \u00c1vila, \u00bfTe la vas a perder? - Destino Castilla y Le\u00f3n","description":"Primera edici\u00f3n de la Tuit Quedada Cultural del 12 al 14 de mayo con un intenso programa repleto de actividades culturales para todos los gustos","robots":{"index":"index","follow":"follow","max-snippet":"max-snippet:-1","max-image-preview":"max-image-preview:large","max-video-preview":"max-video-preview:-1"},"canonical":"https:\/\/destinocastillayleon.es\/index\/i-tuit-quedada-cultural-en-avila\/","og_locale":"es_ES","og_type":"article","og_title":"I #Tuit Quedada Cultural en \u00c1vila, \u00bfTe la vas a perder?","og_description":"Primera edici\u00f3n de la Tuit Quedada Cultural del 12 al 14 de mayo con un intenso programa repleto de actividades culturales para todos los gustos","og_url":"https:\/\/destinocastillayleon.es\/index\/i-tuit-quedada-cultural-en-avila\/","og_site_name":"Destino Castilla y Le\u00f3n","article_publisher":"https:\/\/www.facebook.com\/DestinoCastillaYLeon\/","article_author":"https:\/\/www.facebook.com\/profile.php?id=1158416854","article_published_time":"2017-05-09T10:30:41+00:00","article_modified_time":"2017-05-10T05:19:32+00:00","og_image":[{"width":700,"height":466,"url":"https:\/\/destinocastillayleon.es\/index\/wp-content\/uploads\/2017\/05\/Cartel-Quedada-Cultural.png","type":"image\/png"}],"author":"David V\u00e1zquez","twitter_card":"summary_large_image","twitter_creator":"@https:\/\/twitter.com\/ContePantaleone\u200e","twitter_site":"@destinocyl","twitter_misc":{"Escrito por":"David V\u00e1zquez","Tiempo de lectura":"4 minutos"},"schema":{"@context":"https:\/\/schema.org","@graph":[{"@type":"Article","@id":"https:\/\/destinocastillayleon.es\/index\/i-tuit-quedada-cultural-en-avila\/#article","isPartOf":{"@id":"https:\/\/destinocastillayleon.es\/index\/i-tuit-quedada-cultural-en-avila\/"},"author":{"name":"David V\u00e1zquez","@id":"https:\/\/destinocastillayleon.es\/index\/#\/schema\/person\/189221bc8f6cc4fa28b18ad5c289d4c2"},"headline":"I #Tuit Quedada Cultural en \u00c1vila, \u00bfTe la vas a perder?","datePublished":"2017-05-09T10:30:41+00:00","dateModified":"2017-05-10T05:19:32+00:00","mainEntityOfPage":{"@id":"https:\/\/destinocastillayleon.es\/index\/i-tuit-quedada-cultural-en-avila\/"},"wordCount":739,"commentCount":0,"image":{"@id":"https:\/\/destinocastillayleon.es\/index\/i-tuit-quedada-cultural-en-avila\/#primaryimage"},"thumbnailUrl":"https:\/\/destinocastillayleon.es\/index\/wp-content\/uploads\/2017\/05\/Cartel-Quedada-Cultural.png","keywords":["Tuit Quedada Cultural","Tuit Quedada Cultural en \u00c1vila"],"articleSection":["Agenda","Avila","Avila actualidad","Post_inicial"],"inLanguage":"es","potentialAction":[{"@type":"CommentAction","name":"Comment","target":["https:\/\/destinocastillayleon.es\/index\/i-tuit-quedada-cultural-en-avila\/#respond"]}]},{"@type":"WebPage","@id":"https:\/\/destinocastillayleon.es\/index\/i-tuit-quedada-cultural-en-avila\/","url":"https:\/\/destinocastillayleon.es\/index\/i-tuit-quedada-cultural-en-avila\/","name":"I #Tuit Quedada Cultural en \u00c1vila, \u00bfTe la vas a perder? - Destino Castilla y Le\u00f3n","isPartOf":{"@id":"https:\/\/destinocastillayleon.es\/index\/#website"},"primaryImageOfPage":{"@id":"https:\/\/destinocastillayleon.es\/index\/i-tuit-quedada-cultural-en-avila\/#primaryimage"},"image":{"@id":"https:\/\/destinocastillayleon.es\/index\/i-tuit-quedada-cultural-en-avila\/#primaryimage"},"thumbnailUrl":"https:\/\/destinocastillayleon.es\/index\/wp-content\/uploads\/2017\/05\/Cartel-Quedada-Cultural.png","datePublished":"2017-05-09T10:30:41+00:00","dateModified":"2017-05-10T05:19:32+00:00","author":{"@id":"https:\/\/destinocastillayleon.es\/index\/#\/schema\/person\/189221bc8f6cc4fa28b18ad5c289d4c2"},"description":"Primera edici\u00f3n de la Tuit Quedada Cultural del 12 al 14 de mayo con un intenso programa repleto de actividades culturales para todos los gustos","breadcrumb":{"@id":"https:\/\/destinocastillayleon.es\/index\/i-tuit-quedada-cultural-en-avila\/#breadcrumb"},"inLanguage":"es","potentialAction":[{"@type":"ReadAction","target":["https:\/\/destinocastillayleon.es\/index\/i-tuit-quedada-cultural-en-avila\/"]}]},{"@type":"ImageObject","inLanguage":"es","@id":"https:\/\/destinocastillayleon.es\/index\/i-tuit-quedada-cultural-en-avila\/#primaryimage","url":"https:\/\/destinocastillayleon.es\/index\/wp-content\/uploads\/2017\/05\/Cartel-Quedada-Cultural.png","contentUrl":"https:\/\/destinocastillayleon.es\/index\/wp-content\/uploads\/2017\/05\/Cartel-Quedada-Cultural.png","width":700,"height":466},{"@type":"BreadcrumbList","@id":"https:\/\/destinocastillayleon.es\/index\/i-tuit-quedada-cultural-en-avila\/#breadcrumb","itemListElement":[{"@type":"ListItem","position":1,"name":"Portada","item":"https:\/\/destinocastillayleon.es\/index\/"},{"@type":"ListItem","position":2,"name":"I #Tuit Quedada Cultural en \u00c1vila, \u00bfTe la vas a perder?"}]},{"@type":"WebSite","@id":"https:\/\/destinocastillayleon.es\/index\/#website","url":"https:\/\/destinocastillayleon.es\/index\/","name":"Destino Castilla y Le\u00f3n","description":"Medio digital independiente y revista de Castilla y Le\u00f3n dedicado al turismo, gastronom\u00eda y vino de Castilla y Le\u00f3n","potentialAction":[{"@type":"SearchAction","target":{"@type":"EntryPoint","urlTemplate":"https:\/\/destinocastillayleon.es\/index\/?s={search_term_string}"},"query-input":{"@type":"PropertyValueSpecification","valueRequired":true,"valueName":"search_term_string"}}],"inLanguage":"es"},{"@type":"Person","@id":"https:\/\/destinocastillayleon.es\/index\/#\/schema\/person\/189221bc8f6cc4fa28b18ad5c289d4c2","name":"David V\u00e1zquez","image":{"@type":"ImageObject","inLanguage":"es","@id":"https:\/\/secure.gravatar.com\/avatar\/cd12db6c575a90c3b75cfa0f794b74d425201c768612fad17e9f13cd33d48be8?s=96&d=mm&r=g","url":"https:\/\/secure.gravatar.com\/avatar\/cd12db6c575a90c3b75cfa0f794b74d425201c768612fad17e9f13cd33d48be8?s=96&d=mm&r=g","contentUrl":"https:\/\/secure.gravatar.com\/avatar\/cd12db6c575a90c3b75cfa0f794b74d425201c768612fad17e9f13cd33d48be8?s=96&d=mm&r=g","caption":"David V\u00e1zquez"},"description":"Ingeniero Industrial de vocaci\u00f3n y profesi\u00f3n, he encontrado en los blogs la forma de plasmar mi pasi\u00f3n por los viajes, la gastronom\u00eda y los vinos. Especialmente los procedentes de Castilla y Le\u00f3n","sameAs":["https:\/\/www.destinocastillayleon.es","https:\/\/www.facebook.com\/profile.php?id=1158416854","https:\/\/instagram.com\/conte.pantaleone","https:\/\/www.linkedin.com\/pub\/david-vazquez-lozano\/37\/17a\/25a","https:\/\/x.com\/https:\/\/twitter.com\/ContePantaleone\u200e"],"url":"https:\/\/destinocastillayleon.es\/index\/author\/coadministradorcyl\/"}]}},"_links":{"self":[{"href":"https:\/\/destinocastillayleon.es\/index\/wp-json\/wp\/v2\/posts\/25449","targetHints":{"allow":["GET"]}}],"collection":[{"href":"https:\/\/destinocastillayleon.es\/index\/wp-json\/wp\/v2\/posts"}],"about":[{"href":"https:\/\/destinocastillayleon.es\/index\/wp-json\/wp\/v2\/types\/post"}],"author":[{"embeddable":true,"href":"https:\/\/destinocastillayleon.es\/index\/wp-json\/wp\/v2\/users\/2"}],"replies":[{"embeddable":true,"href":"https:\/\/destinocastillayleon.es\/index\/wp-json\/wp\/v2\/comments?post=25449"}],"version-history":[{"count":8,"href":"https:\/\/destinocastillayleon.es\/index\/wp-json\/wp\/v2\/posts\/25449\/revisions"}],"predecessor-version":[{"id":25466,"href":"https:\/\/destinocastillayleon.es\/index\/wp-json\/wp\/v2\/posts\/25449\/revisions\/25466"}],"wp:featuredmedia":[{"embeddable":true,"href":"https:\/\/destinocastillayleon.es\/index\/wp-json\/wp\/v2\/media\/25462"}],"wp:attachment":[{"href":"https:\/\/destinocastillayleon.es\/index\/wp-json\/wp\/v2\/media?parent=25449"}],"wp:term":[{"taxonomy":"category","embeddable":true,"href":"https:\/\/destinocastillayleon.es\/index\/wp-json\/wp\/v2\/categories?post=25449"},{"taxonomy":"post_tag","embeddable":true,"href":"https:\/\/destinocastillayleon.es\/index\/wp-json\/wp\/v2\/tags?post=25449"}],"curies":[{"name":"wp","href":"https:\/\/api.w.org\/{rel}","templated":true}]}}