{"id":25314,"date":"2017-05-03T07:50:40","date_gmt":"2017-05-03T05:50:40","guid":{"rendered":"http:\/\/destinocastillayleon.es\/index\/?p=25314"},"modified":"2018-03-23T00:39:03","modified_gmt":"2018-03-22T23:39:03","slug":"programa-de-numancia-2017","status":"publish","type":"post","link":"https:\/\/destinocastillayleon.es\/index\/programa-de-numancia-2017\/","title":{"rendered":"Conoce el Programa de Numancia 2017, el 2150 aniversario de la ca\u00edda de esta ciudad celtib\u00e9rica"},"content":{"rendered":"<p>Aunque siempre es interesante <a href=\"http:\/\/destinocastillayleon.es\/index\/historia-de-numancia\/\"><strong>visitar el yacimiento arqueol\u00f3gico de Numancia<\/strong><\/a>, en 2017 es una a\u00f1o a\u00fan m\u00e1s, ya que se cumple <strong>el 2150 aniversario de la ca\u00edda de Numancia a manos de los ej\u00e9rcitos romanos<\/strong>, comandados por Publio Cornelio Escipi\u00f3n Emiliano.<br \/>\n&nbsp;<\/p>\n<h3>La ca\u00edda de Numancia<\/h3>\n<p>Tal y como os contamos hace ya tiempo en nuestra <a href=\"http:\/\/destinocastillayleon.es\/index\/historia-de-numancia\/\">entrada sobre Numancia<\/a>, la conquista de la ciudad de Numancia fue larga y tediosa. Varios c\u00f3nsules y generales romanos <strong>se estrellaron durante a\u00f1os<\/strong> frente a esta ciudad celt\u00edbera.<\/p>\n<p><a href=\"http:\/\/numantinos.com\/noticias\/ver\/197\/finaliza-un-dia-100-numantino#.WP3TM7ViK9E\" rel=\"NoFollow\" target=\"_blank\"><figure id=\"attachment_25321\" aria-describedby=\"caption-attachment-25321\" style=\"width: 640px\" class=\"wp-caption aligncenter\"><img decoding=\"async\" src=\"http:\/\/destinocastillayleon.es\/index\/wp-content\/uploads\/2017\/04\/21d6d93e2a06a1cfaf378e05e0f5b8b2.jpg\" alt=\"Recreaci\u00f3n de soldados romanos - Imagen de la Asociaci\u00f3n Numantinos\" width=\"640\" height=\"400\" class=\"size-full wp-image-25321\" srcset=\"https:\/\/destinocastillayleon.es\/index\/wp-content\/uploads\/2017\/04\/21d6d93e2a06a1cfaf378e05e0f5b8b2.jpg 640w, https:\/\/destinocastillayleon.es\/index\/wp-content\/uploads\/2017\/04\/21d6d93e2a06a1cfaf378e05e0f5b8b2-300x188.jpg 300w\" sizes=\"(max-width: 640px) 100vw, 640px\" \/><figcaption id=\"caption-attachment-25321\" class=\"wp-caption-text\">Recreaci\u00f3n de soldados romanos marchando al sitio de Numancia &#8211; Imagen de la Asociaci\u00f3n Numantinos<\/figcaption><\/figure><\/a><br \/>\n&nbsp;<br \/>\nFue necesaria la participaci\u00f3n de <strong>uno de los generales m\u00e1s importantes de Roma, Publio Cornelio Escipi\u00f3n Emiliano, m\u00e1s tarde apodado el \u201cNumantino\u201d<\/strong> para que con un importante cerco a la ciudad con 7 campamentos sitiara la ciudad hasta su ca\u00edda. Apenas pudo capturar 50 supervivientes, pues antes prefirieron el suicidio a la esclavitud.<\/p>\n<p><figure id=\"attachment_25318\" aria-describedby=\"caption-attachment-25318\" style=\"width: 640px\" class=\"wp-caption aligncenter\"><img decoding=\"async\" src=\"http:\/\/destinocastillayleon.es\/index\/wp-content\/uploads\/2017\/04\/899bd3c386db9b32dc0217246f4c7e3d.jpg\" alt=\"Guerreros Numantinos - Imagen de la Asociaci\u00f3n TierraQuemada\" width=\"640\" height=\"400\" class=\"size-full wp-image-25318\" srcset=\"https:\/\/destinocastillayleon.es\/index\/wp-content\/uploads\/2017\/04\/899bd3c386db9b32dc0217246f4c7e3d.jpg 640w, https:\/\/destinocastillayleon.es\/index\/wp-content\/uploads\/2017\/04\/899bd3c386db9b32dc0217246f4c7e3d-300x188.jpg 300w\" sizes=\"(max-width: 640px) 100vw, 640px\" \/><figcaption id=\"caption-attachment-25318\" class=\"wp-caption-text\">Guerreros Numantinos &#8211; Imagen de la Asociaci\u00f3n TierraQuemada<\/figcaption><\/figure><br \/>\n&nbsp;<\/p>\n<h3>Aniversario de este hecho hist\u00f3rico<\/h3>\n<p>La importancia de este hecho, radica que la resistencia hisp\u00e1nica frente a Roma se quebr\u00f3, salvo en peque\u00f1os focos de resistencia que lucharon de forma aislada. Tras esto, <strong>todo el territorio peninsular se integrar\u00eda finalmente en la \u00f3rbita de Roma<\/strong>, que en poco tiempo se transformar\u00eda en el Imperio Romano que m\u00e1s conocemos.<\/p>\n<blockquote><p>Las provincias hisp\u00e1nicas ser\u00edan la joya de dicho imperio durante a\u00f1os.<\/p><\/blockquote>\n<p>&nbsp;<\/p>\n<h2>Calendario de actividades previstas Numancia 2017<\/h2>\n<p>Para confeccionar este calendario hemos tenido que esperar bastante, puesto que la informaci\u00f3n no ha fluido ni suficientemente r\u00e1pida, ni suficientemente clara; posiblemente porque se ha esperado excesivamente en hacer p\u00fablica.<\/p>\n<p>&nbsp;<\/p>\n<table width=\"100%\">\n<tbody>\n<tr>\n<td width=\"10%\">&nbsp;<\/td>\n<td width=\"30%\"><strong>Fechas previstas<\/strong><\/td>\n<td width=\"60%\"><strong>Eventos programados<\/strong><\/td>\n<\/tr>\n<tr>\n<td width=\"10%\"><\/td>\n<td width=\"30%\">15 de febrero al 15 de marzo<\/td>\n<td width=\"60%\">Exposici\u00f3n Asterix Obelix, en colaboraci\u00f3n con el Grupo Bru\u00f1o-Salvat <\/td>\n<\/tr>\n<tr>\n<td width=\"10%\"><\/td>\n<td width=\"30%\">15 de febrero al 4 de noviembre<\/td>\n<td>Exposici\u00f3n de cliks de Playmovil sobre las guerras de Numancia, con la colaboraci\u00f3n de Aesclick<\/td>\n<\/tr>\n<\/tbody>\n<\/table>\n<p>&nbsp;<br \/>\n<a href=\"http:\/\/sorianoticias.com\/noticia\/2017-03-24-garray-sera-destino-coleccionistas-playmobil-nivel-internacional-recreacion-numancia-38493\" rel=\"NoFollow\" target=\"_blank\"><figure id=\"attachment_25315\" aria-describedby=\"caption-attachment-25315\" style=\"width: 640px\" class=\"wp-caption aligncenter\"><img decoding=\"async\" src=\"http:\/\/destinocastillayleon.es\/index\/wp-content\/uploads\/2017\/04\/Maqueta-con-Playmobil-de-las-Guerras-de-Numancia-Imagen-de-SoriaNoticas.jpg\" alt=\"Maqueta con Playmobil de las Guerras de Numancia - Imagen de SoriaNoticas\" width=\"640\" height=\"400\" class=\"size-full wp-image-25315\" srcset=\"https:\/\/destinocastillayleon.es\/index\/wp-content\/uploads\/2017\/04\/Maqueta-con-Playmobil-de-las-Guerras-de-Numancia-Imagen-de-SoriaNoticas.jpg 640w, https:\/\/destinocastillayleon.es\/index\/wp-content\/uploads\/2017\/04\/Maqueta-con-Playmobil-de-las-Guerras-de-Numancia-Imagen-de-SoriaNoticas-300x188.jpg 300w\" sizes=\"(max-width: 640px) 100vw, 640px\" \/><figcaption id=\"caption-attachment-25315\" class=\"wp-caption-text\">Maqueta con Playmobil de las Guerras de Numancia &#8211; Imagen de SoriaNoticas<\/figcaption><\/figure><\/a><br \/>\n&nbsp;<\/p>\n<table width=\"100%\">\n<tbody>\n<tr>\n<td width=\"10%\"><\/td>\n<td width=\"30%\">De marzo a abril<\/td>\n<td width=\"60%\">Exposici\u00f3n Romaron Vita junto a la Fundaci\u00f3n La Caixa<\/td>\n<\/tr>\n<tr>\n<td width=\"10%\"><\/td>\n<td width=\"30%\">8 de abril <\/td>\n<td width=\"60%\">Jornadas de puertas abiertas en el yacimiento, para conocer la historia de Roma y Numancia <\/td>\n<\/tr>\n<tr>\n<td width=\"10%\"><\/td>\n<td width=\"30%\">29 y 30 de abril<\/td>\n<td width=\"60%\">Campeonato Europeo de Duatl\u00f3n Nvmantia 2017<\/td>\n<\/tr>\n<tr>\n<td width=\"10%\"><\/td>\n<td width=\"30%\">29 y 30 de abril y 1 de mayo<\/td>\n<td width=\"60%\">Visitas teatralizadas<\/td>\n<\/tr>\n<tr>\n<td width=\"10%\"><\/td>\n<td width=\"30%\">6 de mayo<\/td>\n<td width=\"60%\">Sorteo Loter\u00eda Nacional<\/td>\n<\/tr>\n<tr>\n<td width=\"10%\"><\/td>\n<td width=\"30%\">11-12-13 de Mayo<\/td>\n<td width=\"60%\"> Seminario Novela Hist\u00f3rica, coordinado por Jos\u00e9 Luis Corral<\/td>\n<\/tr>\n<tr>\n<td width=\"10%\"><\/td>\n<td width=\"30%\">20, 21 y 27 de mayo<\/td>\n<td width=\"60%\">Segunda edici\u00f3n del Prima Festum: festival de teatro cl\u00e1sico amateur<\/td>\n<\/tr>\n<\/tr>\n<td width=\"10%\"><\/td>\n<td width=\"30%\">De mayo a septiembre<\/td>\n<td width=\"60%\">Tren Campos de Castila (<a href=\"http:\/\/destinocastillayleon.es\/index\/tren-campos-de-castilla\/\">conoce la experiencia <strong>aqu\u00ed<\/strong><\/a>)<\/td>\n<\/tr>\n<tr>\n<td width=\"10%\"><\/td>\n<td width=\"30%\">15 y 16 de julio <\/td>\n<td width=\"60%\">Visitas teatralizadas<\/td>\n<\/tr>\n<tr>\n<td width=\"10%\"><\/td>\n<td width=\"30%\">23 de julio <\/td>\n<td width=\"60%\">Jornadas de puertas abiertas en el yacimiento, para conocer la historia de Roma y Numancia <\/td>\n<\/tr>\n<tr>\n<td width=\"10\"><\/td>\n<td width=\"30%\">12, 13, 19 y 20 de agosto<\/td>\n<td width=\"60%\">Visitas teatralizadas<\/td>\n<\/tr>\n<\/tbody>\n<\/table>\n<p>&nbsp;<br \/>\n<a href=\"http:\/\/sorianoticias.com\/noticia\/2017-04-18-actividades-numancia-2017-turismo-soria-39091\" rel=\"NoFollow\" target=\"_blank\"><figure id=\"attachment_25320\" aria-describedby=\"caption-attachment-25320\" style=\"width: 640px\" class=\"wp-caption aligncenter\"><img decoding=\"async\" src=\"http:\/\/destinocastillayleon.es\/index\/wp-content\/uploads\/2017\/04\/Romanos-y-Numantinos-Imagen-de-SoriaNoticias.jpg\" alt=\"Romanos y Numantinos - Imagen de SoriaNoticias\" width=\"640\" height=\"400\" class=\"size-full wp-image-25320\" srcset=\"https:\/\/destinocastillayleon.es\/index\/wp-content\/uploads\/2017\/04\/Romanos-y-Numantinos-Imagen-de-SoriaNoticias.jpg 640w, https:\/\/destinocastillayleon.es\/index\/wp-content\/uploads\/2017\/04\/Romanos-y-Numantinos-Imagen-de-SoriaNoticias-300x188.jpg 300w\" sizes=\"(max-width: 640px) 100vw, 640px\" \/><figcaption id=\"caption-attachment-25320\" class=\"wp-caption-text\">Fiesta de Romanos y Numantinos, recreaci\u00f3n de un escuadron romano &#8211; Imagen de SoriaNoticias<\/figcaption><\/figure><\/a><br \/>\n&nbsp;<\/p>\n<table width=\"100%\">\n<tbody>\n<tr>\n<td width=\"10%\"><\/td>\n<td width=\"30%\">19 de agosto <\/td>\n<td width=\"60%\">Marcha senderista entre Garray y Renieblas <\/td>\n<\/tr>\n<tr>\n<td width=\"10%\"><\/td>\n<td width=\"30%\">Domingo, 23 de julio<\/td>\n<td width=\"60%\">Representaciones y recreaciones hist\u00f3ricas de mano de la Asociaci\u00f3n Tierra Quemada<\/td>\n<\/tr>\n<tr>\n<td width=\"10%\"><\/td>\n<td width=\"30%\">Meses de julio y agosto<\/td>\n<td width=\"60%\">Exposici\u00f3n Evoluci\u00f3n del Traje<\/td>\n<\/tr>\n<tr>\n<td width=\"10%\"><\/td>\n<td width=\"30%\">19 de agosto <\/td>\n<td width=\"60%\">Marcha senderista entre Garray y Renieblas <\/td>\n<\/tr>\n<tr>\n<td width=\"10%\"><\/td>\n<td width=\"30%\">Mes de agosto<\/td>\n<td width=\"60%\">Poetas en el exilio Numancia<\/td>\n<\/tr>\n<tr>\n<td width=\"10%\"><\/td>\n<td width=\"30%\">Domingo, 24 de septiembre<\/td>\n<td width=\"60%\">Representaciones y recreaciones hist\u00f3ricas de mano de la Asociaci\u00f3n Tierra Quemada<\/td>\n<\/tr>\n<tr>\n<td width=\"10%\"><\/td>\n<td width=\"30%\">Meses de septiembre y octubre<\/td>\n<td width=\"60%\">Oto\u00f1o Musical 25 a\u00f1os<\/td>\n<\/tr>\n<tr>\n<td width=\"10%\"><\/td>\n<td width=\"30%\">2\u00aa quincena Septiembre<\/td>\n<td width=\"60%\">Foro Pensamiento<\/td>\n<\/tr>\n<tr>\n<td width=\"10%\"><\/td>\n<td width=\"30%\">2\u00ba quincena Octubre <\/td>\n<td width=\"60%\">On Photo Soria Numancia<\/td>\n<\/tr>\n<tr>\n<td width=\"10%\"><\/td>\n<td width=\"30%\">Durante el mes de noviembre<\/td>\n<td width=\"60%\">Rally Fotogr\u00e1fico<\/td>\n<\/tr>\n<tr>\n<td width=\"10%\"><\/td>\n<td width=\"30%\">Durante el mes de noviembre <\/td>\n<td width=\"60%\">Premio Festival Cortos<\/td>\n<\/tr>\n<tr>\n<td width=\"10%\"><\/td>\n<td width=\"30%\">Durante el mes de noviembre <\/td>\n<td width=\"60%\">Cross Internacional Soria<\/td>\n<\/tr>\n<tr>\n<td width=\"10%\"><\/td>\n<td width=\"30%\">Durante el mes de noviembre <\/td>\n<td width=\"60%\">Obra teatro \u2018Cerco Numancia\u2019 <\/td>\n<\/tr>\n<tr>\n<td width=\"10%\"><\/td>\n<th width=\"30%\">Fechas previstas<\/th>\n<th width=\"60%\">Eventos programados<\/th>\n<\/tr>\n<tr>\n<td width=\"10%\"><\/td>\n<td width=\"30%\">Por determinar<\/td>\n<td width=\"60%\">Presentaci\u00f3n Videojuego Numancia<\/td>\n<\/tr>\n<\/tbody>\n<\/table>\n<p>&nbsp;<br \/>\n<figure id=\"attachment_25316\" aria-describedby=\"caption-attachment-25316\" style=\"width: 475px\" class=\"wp-caption aligncenter\"><img decoding=\"async\" src=\"http:\/\/destinocastillayleon.es\/index\/wp-content\/uploads\/2017\/04\/a90bf9c5561c7f61c7553a009e3c3248.jpeg\" alt=\"Mascota infantil Numancia 2017 realizada por Claudia Gonz\u00e1lez Mayo\" width=\"475\" height=\"662\" class=\"size-full wp-image-25316\" srcset=\"https:\/\/destinocastillayleon.es\/index\/wp-content\/uploads\/2017\/04\/a90bf9c5561c7f61c7553a009e3c3248.jpeg 475w, https:\/\/destinocastillayleon.es\/index\/wp-content\/uploads\/2017\/04\/a90bf9c5561c7f61c7553a009e3c3248-215x300.jpeg 215w, https:\/\/destinocastillayleon.es\/index\/wp-content\/uploads\/2017\/04\/a90bf9c5561c7f61c7553a009e3c3248-300x418.jpeg 300w\" sizes=\"(max-width: 475px) 100vw, 475px\" \/><figcaption id=\"caption-attachment-25316\" class=\"wp-caption-text\">Mascota infantil Numancia 2017 realizada por Claudia Gonz\u00e1lez Mayo<\/figcaption><\/figure><br \/>\n&nbsp;<\/p>\n<table width=\"100%\">\n<tbody>\n<tr>\n<td width=\"10%\"><\/td>\n<td width=\"30%\">Por determinar, pendiente de CD Numancia<\/td>\n<td width=\"60%\">Partido Numancia-Roma<\/td>\n<\/tr>\n<tr>\n<td width=\"10%\"><\/td>\n<td width=\"30%\">Por determinar<\/td>\n<td width=\"60%\">Presentaci\u00f3n Sello <\/td>\n<\/tr>\n<tr>\n<td width=\"10%\"><\/td>\n<td width=\"30%\">Por determinar<\/td>\n<td width=\"60%\">Presentaci\u00f3n Cup\u00f3n de la ONCE<\/td>\n<\/tr>\n<tr>\n<td width=\"10%\"><\/td>\n<td width=\"30%\">Del 18 al 27 de agosto<\/td>\n<td width=\"60%\">Feria Tapas y Jornadas gastron\u00f3micas celtib\u00e9ricas en Colaboraci\u00f3n Asohtur<\/td>\n<\/tr>\n<tr>\n<td width=\"10%\"><\/td>\n<td width=\"30%\">A determinar<\/td>\n<td width=\"60%\">Diversos proyectos editoriales<\/td>\n<\/tr>\n<tr>\n<td width=\"10%\"><\/td>\n<td width=\"30%\">A determinar<\/td>\n<td width=\"60%\">Mercado romano Nvmancia 2017<\/td>\n<\/tr>\n<\/tbody>\n<\/table>\n<p>&nbsp;<\/p>\n<blockquote><p><strong>NOTA<\/strong> <em>Este programa de actividades lo hemos realizado en base a las publicaciones que hemos encontrado, y aun as\u00ed, no podemos asegurar la fiabilidad total en todas y cada una de ellas, puesto que no existe un calendario unificado de actividades. Algunas podr\u00edan variar su d\u00eda, o directamente no ejecutarse, y se pueden dar otras actividades que no se han reflejado<\/em>.<\/p><\/blockquote>\n<p>Ay\u00fadanos a completar estas actividades dej\u00e1ndonos un comentario con aquello que no hemos encontrado.<\/p>\n<h4><strong>Encuentra el mejor alojamiento en Soria<\/strong><\/h4>\n<ul>Recuerda, puedes disfrutar de una buena estancia en muchos hoteles y hostales de <strong>Soria<\/strong>, y as\u00ed disfrutar m\u00e1s de su patrimonio y su rica gastronom\u00eda. <strong>Encuentra <a href=\"http:\/\/www.booking.com\/searchresults.es.html?city=-403309&#038;aid=1281624&#038;no_rooms=1&#038;group_adults=2&#038;group_children=1&#038;room1=A%2CA%2C12\" target=\"_blank\">las mejores ofertas en Soria aqu\u00ed<\/a>, y al mejor precio<\/strong>.<\/span><\/ul>\n<p>\u00bfY t\u00fa? <strong>\u00bfConoc\u00edas este pedacito de nuestra historia? \u00bfYa has visitado el yacimiento de Numancia en Garray?<\/strong> D\u00e9janos un comentario con tus impresiones sobre Numancia 2017.<br \/>\n&nbsp;<\/p>\n<h4>Tambi\u00e9n te puede interesar<\/h4>\n<ul>\n<li><a href=\"http:\/\/destinocastillayleon.es\/index\/historia-de-numancia\/\">Disfruta de la historia en el Yacimiento de Numancia<\/a>.<\/li>\n<li><a href=\"https:\/\/destinocastillayleon.es\/index\/arqueoturismo-5-puntos-arqueologicos-para-visitar-en-castilla-leon\/\">Conoce los yacimientos hist\u00f3ricos visitables de Castilla y Le\u00f3n<\/a>.<\/li>\n<li><a href=\"http:\/\/destinocastillayleon.es\/index\/tren-campos-de-castilla\/\">Descubre el Tren Campos de Castilla y enam\u00f3rate de Soria como Antonio Machado<\/a>.<\/li>\n<\/ul>\n<p>&nbsp;<\/p>\n","protected":false},"excerpt":{"rendered":"<p>Conoce el programa, provisional del 2150 aniversario de la ca\u00edda de Numancia, a manos de Roma. En Soria, quieren celebrar Numancia 2017 por todo lo alto<\/p>\n","protected":false},"author":2,"featured_media":25317,"comment_status":"open","ping_status":"closed","sticky":false,"template":"","format":"standard","meta":{"rop_custom_images_group":[],"rop_custom_messages_group":[],"rop_publish_now":"initial","rop_publish_now_accounts":{"twitter_1150954226_1150954226":""},"rop_publish_now_history":[],"rop_publish_now_status":"pending","footnotes":""},"categories":[77,1343,5511,68,41,4714,3471],"tags":[769,369,658],"class_list":["post-25314","post","type-post","status-publish","format-standard","has-post-thumbnail","hentry","category-actualidad-y-agenda-de-castilla-y-leon","category-agenda","category-no-rescatar-en-rrss","category-post_inicial","category-soria","category-soria-actualidad","category-viajar-con-ninos-rutas-2","tag-destino-castilla-y-leon","tag-turismo-en-castilla-y-leon","tag-turismo-en-soria"],"yoast_head":"<!-- This site is optimized with the Yoast SEO Premium plugin v20.4 (Yoast SEO v27.4) - https:\/\/yoast.com\/product\/yoast-seo-premium-wordpress\/ -->\n<title>Programa de Numancia 2017, el 2150 aniversario de la ca\u00edda de esta ciudad celtib\u00e9rica - Destino Castilla y Le\u00f3n<\/title>\n<meta name=\"description\" content=\"Conoce el programa, provisional del 2150 aniversario de la ca\u00edda de Numancia, a manos de Roma. En Soria, quieren celebrar Numancia 2017 por todo lo alto\" \/>\n<meta name=\"robots\" content=\"index, follow, max-snippet:-1, max-image-preview:large, max-video-preview:-1\" \/>\n<link rel=\"canonical\" href=\"https:\/\/destinocastillayleon.es\/index\/programa-de-numancia-2017\/\" \/>\n<meta property=\"og:locale\" content=\"es_ES\" \/>\n<meta property=\"og:type\" content=\"article\" \/>\n<meta property=\"og:title\" content=\"Conoce el Programa de Numancia 2017, el 2150 aniversario de la ca\u00edda de esta ciudad celtib\u00e9rica - Destino Castilla y Le\u00f3n\" \/>\n<meta property=\"og:description\" content=\"Conoce el programa, provisional del 2150 aniversario de la ca\u00edda de Numancia, a manos de Roma. En Soria, quieren celebrar Numancia 2017 por todo lo alto\" \/>\n<meta property=\"og:url\" content=\"https:\/\/destinocastillayleon.es\/index\/programa-de-numancia-2017\/\" \/>\n<meta property=\"og:site_name\" content=\"Destino Castilla y Le\u00f3n\" \/>\n<meta property=\"article:publisher\" content=\"https:\/\/www.facebook.com\/DestinoCastillaYLeon\/\" \/>\n<meta property=\"article:author\" content=\"https:\/\/www.facebook.com\/profile.php?id=1158416854\" \/>\n<meta property=\"article:published_time\" content=\"2017-05-03T05:50:40+00:00\" \/>\n<meta property=\"article:modified_time\" content=\"2018-03-22T23:39:03+00:00\" \/>\n<meta property=\"og:image\" content=\"https:\/\/destinocastillayleon.es\/index\/wp-content\/uploads\/2017\/04\/2c5f50004a2740e5ac678d9f905b0893.jpg\" \/>\n\t<meta property=\"og:image:width\" content=\"1100\" \/>\n\t<meta property=\"og:image:height\" content=\"715\" \/>\n\t<meta property=\"og:image:type\" content=\"image\/jpeg\" \/>\n<meta name=\"author\" content=\"David V\u00e1zquez\" \/>\n<meta name=\"twitter:card\" content=\"summary_large_image\" \/>\n<meta name=\"twitter:title\" content=\"Conoce el Programa de Numancia 2017, el 2150 aniversario de la ca\u00edda de esta ciudad celtib\u00e9rica - Destino Castilla y Le\u00f3n\" \/>\n<meta name=\"twitter:description\" content=\"Conoce el programa, provisional del 2150 aniversario de la ca\u00edda de Numancia, a manos de Roma. En Soria, quieren celebrar Numancia 2017 por todo lo alto\" \/>\n<meta name=\"twitter:image\" content=\"http:\/\/destinocastillayleon.es\/index\/wp-content\/uploads\/2017\/04\/2c5f50004a2740e5ac678d9f905b0893.jpg\" \/>\n<meta name=\"twitter:creator\" content=\"@https:\/\/twitter.com\/ContePantaleone\u200e\" \/>\n<meta name=\"twitter:site\" content=\"@destinocyl\" \/>\n<meta name=\"twitter:label1\" content=\"Escrito por\" \/>\n\t<meta name=\"twitter:data1\" content=\"David V\u00e1zquez\" \/>\n\t<meta name=\"twitter:label2\" content=\"Tiempo de lectura\" \/>\n\t<meta name=\"twitter:data2\" content=\"5 minutos\" \/>\n<script type=\"application\/ld+json\" class=\"yoast-schema-graph\">{\"@context\":\"https:\\\/\\\/schema.org\",\"@graph\":[{\"@type\":\"Article\",\"@id\":\"https:\\\/\\\/destinocastillayleon.es\\\/index\\\/programa-de-numancia-2017\\\/#article\",\"isPartOf\":{\"@id\":\"https:\\\/\\\/destinocastillayleon.es\\\/index\\\/programa-de-numancia-2017\\\/\"},\"author\":{\"name\":\"David V\u00e1zquez\",\"@id\":\"https:\\\/\\\/destinocastillayleon.es\\\/index\\\/#\\\/schema\\\/person\\\/189221bc8f6cc4fa28b18ad5c289d4c2\"},\"headline\":\"Conoce el Programa de Numancia 2017, el 2150 aniversario de la ca\u00edda de esta ciudad celtib\u00e9rica\",\"datePublished\":\"2017-05-03T05:50:40+00:00\",\"dateModified\":\"2018-03-22T23:39:03+00:00\",\"mainEntityOfPage\":{\"@id\":\"https:\\\/\\\/destinocastillayleon.es\\\/index\\\/programa-de-numancia-2017\\\/\"},\"wordCount\":925,\"commentCount\":0,\"image\":{\"@id\":\"https:\\\/\\\/destinocastillayleon.es\\\/index\\\/programa-de-numancia-2017\\\/#primaryimage\"},\"thumbnailUrl\":\"https:\\\/\\\/destinocastillayleon.es\\\/index\\\/wp-content\\\/uploads\\\/2017\\\/04\\\/2c5f50004a2740e5ac678d9f905b0893.jpg\",\"keywords\":[\"Destino Castilla y Le\u00f3n\",\"turismo en Castilla y Le\u00f3n\",\"Turismo en Soria\"],\"articleSection\":[\"Actualidad\",\"Agenda\",\"No rescatar en RRSS\",\"Post_inicial\",\"Soria\",\"Soria actualidad\",\"Viajar con ni\u00f1os\"],\"inLanguage\":\"es\",\"potentialAction\":[{\"@type\":\"CommentAction\",\"name\":\"Comment\",\"target\":[\"https:\\\/\\\/destinocastillayleon.es\\\/index\\\/programa-de-numancia-2017\\\/#respond\"]}]},{\"@type\":\"WebPage\",\"@id\":\"https:\\\/\\\/destinocastillayleon.es\\\/index\\\/programa-de-numancia-2017\\\/\",\"url\":\"https:\\\/\\\/destinocastillayleon.es\\\/index\\\/programa-de-numancia-2017\\\/\",\"name\":\"Programa de Numancia 2017, el 2150 aniversario de la ca\u00edda de esta ciudad celtib\u00e9rica - Destino Castilla y Le\u00f3n\",\"isPartOf\":{\"@id\":\"https:\\\/\\\/destinocastillayleon.es\\\/index\\\/#website\"},\"primaryImageOfPage\":{\"@id\":\"https:\\\/\\\/destinocastillayleon.es\\\/index\\\/programa-de-numancia-2017\\\/#primaryimage\"},\"image\":{\"@id\":\"https:\\\/\\\/destinocastillayleon.es\\\/index\\\/programa-de-numancia-2017\\\/#primaryimage\"},\"thumbnailUrl\":\"https:\\\/\\\/destinocastillayleon.es\\\/index\\\/wp-content\\\/uploads\\\/2017\\\/04\\\/2c5f50004a2740e5ac678d9f905b0893.jpg\",\"datePublished\":\"2017-05-03T05:50:40+00:00\",\"dateModified\":\"2018-03-22T23:39:03+00:00\",\"author\":{\"@id\":\"https:\\\/\\\/destinocastillayleon.es\\\/index\\\/#\\\/schema\\\/person\\\/189221bc8f6cc4fa28b18ad5c289d4c2\"},\"description\":\"Conoce el programa, provisional del 2150 aniversario de la ca\u00edda de Numancia, a manos de Roma. En Soria, quieren celebrar Numancia 2017 por todo lo alto\",\"breadcrumb\":{\"@id\":\"https:\\\/\\\/destinocastillayleon.es\\\/index\\\/programa-de-numancia-2017\\\/#breadcrumb\"},\"inLanguage\":\"es\",\"potentialAction\":[{\"@type\":\"ReadAction\",\"target\":[\"https:\\\/\\\/destinocastillayleon.es\\\/index\\\/programa-de-numancia-2017\\\/\"]}]},{\"@type\":\"ImageObject\",\"inLanguage\":\"es\",\"@id\":\"https:\\\/\\\/destinocastillayleon.es\\\/index\\\/programa-de-numancia-2017\\\/#primaryimage\",\"url\":\"https:\\\/\\\/destinocastillayleon.es\\\/index\\\/wp-content\\\/uploads\\\/2017\\\/04\\\/2c5f50004a2740e5ac678d9f905b0893.jpg\",\"contentUrl\":\"https:\\\/\\\/destinocastillayleon.es\\\/index\\\/wp-content\\\/uploads\\\/2017\\\/04\\\/2c5f50004a2740e5ac678d9f905b0893.jpg\",\"width\":1100,\"height\":715,\"caption\":\"Numancia 2017 con la Asociaci\u00f3n Tierraquemada\"},{\"@type\":\"BreadcrumbList\",\"@id\":\"https:\\\/\\\/destinocastillayleon.es\\\/index\\\/programa-de-numancia-2017\\\/#breadcrumb\",\"itemListElement\":[{\"@type\":\"ListItem\",\"position\":1,\"name\":\"Portada\",\"item\":\"https:\\\/\\\/destinocastillayleon.es\\\/index\\\/\"},{\"@type\":\"ListItem\",\"position\":2,\"name\":\"Conoce el Programa de Numancia 2017, el 2150 aniversario de la ca\u00edda de esta ciudad celtib\u00e9rica\"}]},{\"@type\":\"WebSite\",\"@id\":\"https:\\\/\\\/destinocastillayleon.es\\\/index\\\/#website\",\"url\":\"https:\\\/\\\/destinocastillayleon.es\\\/index\\\/\",\"name\":\"Destino Castilla y Le\u00f3n\",\"description\":\"Medio digital independiente y revista de Castilla y Le\u00f3n dedicado al turismo, gastronom\u00eda y vino de Castilla y Le\u00f3n\",\"potentialAction\":[{\"@type\":\"SearchAction\",\"target\":{\"@type\":\"EntryPoint\",\"urlTemplate\":\"https:\\\/\\\/destinocastillayleon.es\\\/index\\\/?s={search_term_string}\"},\"query-input\":{\"@type\":\"PropertyValueSpecification\",\"valueRequired\":true,\"valueName\":\"search_term_string\"}}],\"inLanguage\":\"es\"},{\"@type\":\"Person\",\"@id\":\"https:\\\/\\\/destinocastillayleon.es\\\/index\\\/#\\\/schema\\\/person\\\/189221bc8f6cc4fa28b18ad5c289d4c2\",\"name\":\"David V\u00e1zquez\",\"image\":{\"@type\":\"ImageObject\",\"inLanguage\":\"es\",\"@id\":\"https:\\\/\\\/secure.gravatar.com\\\/avatar\\\/cd12db6c575a90c3b75cfa0f794b74d425201c768612fad17e9f13cd33d48be8?s=96&d=mm&r=g\",\"url\":\"https:\\\/\\\/secure.gravatar.com\\\/avatar\\\/cd12db6c575a90c3b75cfa0f794b74d425201c768612fad17e9f13cd33d48be8?s=96&d=mm&r=g\",\"contentUrl\":\"https:\\\/\\\/secure.gravatar.com\\\/avatar\\\/cd12db6c575a90c3b75cfa0f794b74d425201c768612fad17e9f13cd33d48be8?s=96&d=mm&r=g\",\"caption\":\"David V\u00e1zquez\"},\"description\":\"Ingeniero Industrial de vocaci\u00f3n y profesi\u00f3n, he encontrado en los blogs la forma de plasmar mi pasi\u00f3n por los viajes, la gastronom\u00eda y los vinos. Especialmente los procedentes de Castilla y Le\u00f3n\",\"sameAs\":[\"https:\\\/\\\/www.destinocastillayleon.es\",\"https:\\\/\\\/www.facebook.com\\\/profile.php?id=1158416854\",\"https:\\\/\\\/instagram.com\\\/conte.pantaleone\",\"https:\\\/\\\/www.linkedin.com\\\/pub\\\/david-vazquez-lozano\\\/37\\\/17a\\\/25a\",\"https:\\\/\\\/x.com\\\/https:\\\/\\\/twitter.com\\\/ContePantaleone\u200e\"],\"url\":\"https:\\\/\\\/destinocastillayleon.es\\\/index\\\/author\\\/coadministradorcyl\\\/\"}]}<\/script>\n<!-- \/ Yoast SEO Premium plugin. -->","yoast_head_json":{"title":"Programa de Numancia 2017, el 2150 aniversario de la ca\u00edda de esta ciudad celtib\u00e9rica - Destino Castilla y Le\u00f3n","description":"Conoce el programa, provisional del 2150 aniversario de la ca\u00edda de Numancia, a manos de Roma. En Soria, quieren celebrar Numancia 2017 por todo lo alto","robots":{"index":"index","follow":"follow","max-snippet":"max-snippet:-1","max-image-preview":"max-image-preview:large","max-video-preview":"max-video-preview:-1"},"canonical":"https:\/\/destinocastillayleon.es\/index\/programa-de-numancia-2017\/","og_locale":"es_ES","og_type":"article","og_title":"Conoce el Programa de Numancia 2017, el 2150 aniversario de la ca\u00edda de esta ciudad celtib\u00e9rica - Destino Castilla y Le\u00f3n","og_description":"Conoce el programa, provisional del 2150 aniversario de la ca\u00edda de Numancia, a manos de Roma. En Soria, quieren celebrar Numancia 2017 por todo lo alto","og_url":"https:\/\/destinocastillayleon.es\/index\/programa-de-numancia-2017\/","og_site_name":"Destino Castilla y Le\u00f3n","article_publisher":"https:\/\/www.facebook.com\/DestinoCastillaYLeon\/","article_author":"https:\/\/www.facebook.com\/profile.php?id=1158416854","article_published_time":"2017-05-03T05:50:40+00:00","article_modified_time":"2018-03-22T23:39:03+00:00","og_image":[{"width":1100,"height":715,"url":"https:\/\/destinocastillayleon.es\/index\/wp-content\/uploads\/2017\/04\/2c5f50004a2740e5ac678d9f905b0893.jpg","type":"image\/jpeg"}],"author":"David V\u00e1zquez","twitter_card":"summary_large_image","twitter_title":"Conoce el Programa de Numancia 2017, el 2150 aniversario de la ca\u00edda de esta ciudad celtib\u00e9rica - Destino Castilla y Le\u00f3n","twitter_description":"Conoce el programa, provisional del 2150 aniversario de la ca\u00edda de Numancia, a manos de Roma. En Soria, quieren celebrar Numancia 2017 por todo lo alto","twitter_image":"http:\/\/destinocastillayleon.es\/index\/wp-content\/uploads\/2017\/04\/2c5f50004a2740e5ac678d9f905b0893.jpg","twitter_creator":"@https:\/\/twitter.com\/ContePantaleone\u200e","twitter_site":"@destinocyl","twitter_misc":{"Escrito por":"David V\u00e1zquez","Tiempo de lectura":"5 minutos"},"schema":{"@context":"https:\/\/schema.org","@graph":[{"@type":"Article","@id":"https:\/\/destinocastillayleon.es\/index\/programa-de-numancia-2017\/#article","isPartOf":{"@id":"https:\/\/destinocastillayleon.es\/index\/programa-de-numancia-2017\/"},"author":{"name":"David V\u00e1zquez","@id":"https:\/\/destinocastillayleon.es\/index\/#\/schema\/person\/189221bc8f6cc4fa28b18ad5c289d4c2"},"headline":"Conoce el Programa de Numancia 2017, el 2150 aniversario de la ca\u00edda de esta ciudad celtib\u00e9rica","datePublished":"2017-05-03T05:50:40+00:00","dateModified":"2018-03-22T23:39:03+00:00","mainEntityOfPage":{"@id":"https:\/\/destinocastillayleon.es\/index\/programa-de-numancia-2017\/"},"wordCount":925,"commentCount":0,"image":{"@id":"https:\/\/destinocastillayleon.es\/index\/programa-de-numancia-2017\/#primaryimage"},"thumbnailUrl":"https:\/\/destinocastillayleon.es\/index\/wp-content\/uploads\/2017\/04\/2c5f50004a2740e5ac678d9f905b0893.jpg","keywords":["Destino Castilla y Le\u00f3n","turismo en Castilla y Le\u00f3n","Turismo en Soria"],"articleSection":["Actualidad","Agenda","No rescatar en RRSS","Post_inicial","Soria","Soria actualidad","Viajar con ni\u00f1os"],"inLanguage":"es","potentialAction":[{"@type":"CommentAction","name":"Comment","target":["https:\/\/destinocastillayleon.es\/index\/programa-de-numancia-2017\/#respond"]}]},{"@type":"WebPage","@id":"https:\/\/destinocastillayleon.es\/index\/programa-de-numancia-2017\/","url":"https:\/\/destinocastillayleon.es\/index\/programa-de-numancia-2017\/","name":"Programa de Numancia 2017, el 2150 aniversario de la ca\u00edda de esta ciudad celtib\u00e9rica - Destino Castilla y Le\u00f3n","isPartOf":{"@id":"https:\/\/destinocastillayleon.es\/index\/#website"},"primaryImageOfPage":{"@id":"https:\/\/destinocastillayleon.es\/index\/programa-de-numancia-2017\/#primaryimage"},"image":{"@id":"https:\/\/destinocastillayleon.es\/index\/programa-de-numancia-2017\/#primaryimage"},"thumbnailUrl":"https:\/\/destinocastillayleon.es\/index\/wp-content\/uploads\/2017\/04\/2c5f50004a2740e5ac678d9f905b0893.jpg","datePublished":"2017-05-03T05:50:40+00:00","dateModified":"2018-03-22T23:39:03+00:00","author":{"@id":"https:\/\/destinocastillayleon.es\/index\/#\/schema\/person\/189221bc8f6cc4fa28b18ad5c289d4c2"},"description":"Conoce el programa, provisional del 2150 aniversario de la ca\u00edda de Numancia, a manos de Roma. En Soria, quieren celebrar Numancia 2017 por todo lo alto","breadcrumb":{"@id":"https:\/\/destinocastillayleon.es\/index\/programa-de-numancia-2017\/#breadcrumb"},"inLanguage":"es","potentialAction":[{"@type":"ReadAction","target":["https:\/\/destinocastillayleon.es\/index\/programa-de-numancia-2017\/"]}]},{"@type":"ImageObject","inLanguage":"es","@id":"https:\/\/destinocastillayleon.es\/index\/programa-de-numancia-2017\/#primaryimage","url":"https:\/\/destinocastillayleon.es\/index\/wp-content\/uploads\/2017\/04\/2c5f50004a2740e5ac678d9f905b0893.jpg","contentUrl":"https:\/\/destinocastillayleon.es\/index\/wp-content\/uploads\/2017\/04\/2c5f50004a2740e5ac678d9f905b0893.jpg","width":1100,"height":715,"caption":"Numancia 2017 con la Asociaci\u00f3n Tierraquemada"},{"@type":"BreadcrumbList","@id":"https:\/\/destinocastillayleon.es\/index\/programa-de-numancia-2017\/#breadcrumb","itemListElement":[{"@type":"ListItem","position":1,"name":"Portada","item":"https:\/\/destinocastillayleon.es\/index\/"},{"@type":"ListItem","position":2,"name":"Conoce el Programa de Numancia 2017, el 2150 aniversario de la ca\u00edda de esta ciudad celtib\u00e9rica"}]},{"@type":"WebSite","@id":"https:\/\/destinocastillayleon.es\/index\/#website","url":"https:\/\/destinocastillayleon.es\/index\/","name":"Destino Castilla y Le\u00f3n","description":"Medio digital independiente y revista de Castilla y Le\u00f3n dedicado al turismo, gastronom\u00eda y vino de Castilla y Le\u00f3n","potentialAction":[{"@type":"SearchAction","target":{"@type":"EntryPoint","urlTemplate":"https:\/\/destinocastillayleon.es\/index\/?s={search_term_string}"},"query-input":{"@type":"PropertyValueSpecification","valueRequired":true,"valueName":"search_term_string"}}],"inLanguage":"es"},{"@type":"Person","@id":"https:\/\/destinocastillayleon.es\/index\/#\/schema\/person\/189221bc8f6cc4fa28b18ad5c289d4c2","name":"David V\u00e1zquez","image":{"@type":"ImageObject","inLanguage":"es","@id":"https:\/\/secure.gravatar.com\/avatar\/cd12db6c575a90c3b75cfa0f794b74d425201c768612fad17e9f13cd33d48be8?s=96&d=mm&r=g","url":"https:\/\/secure.gravatar.com\/avatar\/cd12db6c575a90c3b75cfa0f794b74d425201c768612fad17e9f13cd33d48be8?s=96&d=mm&r=g","contentUrl":"https:\/\/secure.gravatar.com\/avatar\/cd12db6c575a90c3b75cfa0f794b74d425201c768612fad17e9f13cd33d48be8?s=96&d=mm&r=g","caption":"David V\u00e1zquez"},"description":"Ingeniero Industrial de vocaci\u00f3n y profesi\u00f3n, he encontrado en los blogs la forma de plasmar mi pasi\u00f3n por los viajes, la gastronom\u00eda y los vinos. Especialmente los procedentes de Castilla y Le\u00f3n","sameAs":["https:\/\/www.destinocastillayleon.es","https:\/\/www.facebook.com\/profile.php?id=1158416854","https:\/\/instagram.com\/conte.pantaleone","https:\/\/www.linkedin.com\/pub\/david-vazquez-lozano\/37\/17a\/25a","https:\/\/x.com\/https:\/\/twitter.com\/ContePantaleone\u200e"],"url":"https:\/\/destinocastillayleon.es\/index\/author\/coadministradorcyl\/"}]}},"_links":{"self":[{"href":"https:\/\/destinocastillayleon.es\/index\/wp-json\/wp\/v2\/posts\/25314","targetHints":{"allow":["GET"]}}],"collection":[{"href":"https:\/\/destinocastillayleon.es\/index\/wp-json\/wp\/v2\/posts"}],"about":[{"href":"https:\/\/destinocastillayleon.es\/index\/wp-json\/wp\/v2\/types\/post"}],"author":[{"embeddable":true,"href":"https:\/\/destinocastillayleon.es\/index\/wp-json\/wp\/v2\/users\/2"}],"replies":[{"embeddable":true,"href":"https:\/\/destinocastillayleon.es\/index\/wp-json\/wp\/v2\/comments?post=25314"}],"version-history":[{"count":15,"href":"https:\/\/destinocastillayleon.es\/index\/wp-json\/wp\/v2\/posts\/25314\/revisions"}],"predecessor-version":[{"id":27778,"href":"https:\/\/destinocastillayleon.es\/index\/wp-json\/wp\/v2\/posts\/25314\/revisions\/27778"}],"wp:featuredmedia":[{"embeddable":true,"href":"https:\/\/destinocastillayleon.es\/index\/wp-json\/wp\/v2\/media\/25317"}],"wp:attachment":[{"href":"https:\/\/destinocastillayleon.es\/index\/wp-json\/wp\/v2\/media?parent=25314"}],"wp:term":[{"taxonomy":"category","embeddable":true,"href":"https:\/\/destinocastillayleon.es\/index\/wp-json\/wp\/v2\/categories?post=25314"},{"taxonomy":"post_tag","embeddable":true,"href":"https:\/\/destinocastillayleon.es\/index\/wp-json\/wp\/v2\/tags?post=25314"}],"curies":[{"name":"wp","href":"https:\/\/api.w.org\/{rel}","templated":true}]}}