{"id":24969,"date":"2017-03-29T07:35:51","date_gmt":"2017-03-29T05:35:51","guid":{"rendered":"http:\/\/destinocastillayleon.es\/index\/?p=24969"},"modified":"2018-01-19T00:06:03","modified_gmt":"2018-01-18T23:06:03","slug":"chorizo-al-ajo-negro","status":"publish","type":"post","link":"https:\/\/destinocastillayleon.es\/index\/chorizo-al-ajo-negro\/","title":{"rendered":"Chorizo al ajo negro, un nuevo producto gourmet procedente de Le\u00f3n"},"content":{"rendered":"<p><strong>Tradici\u00f3n e Innovaci\u00f3n<\/strong>, dos conceptos a veces contrapuestos, pero que no es as\u00ed necesariamente. As\u00ed lo quieren demostrar en <strong>la f\u00e1brica de productos derivados del cerdo Embutidos Ezequiel con su nuevo producto; El Chorizo al ajo negro<\/strong>.<br \/>\n&nbsp;<\/p>\n<h4>El ajo negro<\/h4>\n<p>Bueno, pues mucha gente sabr\u00e1 lo que es el ajo negro, pero no siempre es as\u00ed; <strong>lo explicaremos en palabras sencillas<\/strong>.<\/p>\n<p>El <a href=\"https:\/\/es.wikipedia.org\/wiki\/Ajo_negro_%28alimento%29\" target=\"_Blank\">ajo negro<\/a> se consigue como fruto de una caramelizaci\u00f3n forzada de un ajo fresco mediante una reacci\u00f3n no fermentativa muy lenta que consigue que el ajo fresco adquiera uno sabor entre dulce y ligeramente \u00e1cido y con un ligero toque a vinagre bals\u00e1mico, aunque por lo que m\u00e1s llama la atenci\u00f3n es por su coloraci\u00f3n negra de sus dientes.<\/p>\n<p>El ajo negro <strong>es muy usado dentro de la cocina asi\u00e1tica<\/strong>, especialmente la coreana, aunque se ha globalizado y actualmente se puede encontrar por todo el mundo; tambi\u00e9n en Le\u00f3n. Y como en el resto del mundo, <strong>usado como ingrediente de alta cocina<\/strong>.<\/p>\n<p><a href=\"http:\/\/www.mumumio.com\/tienda\/el-granero-de-levante\/ajo\/ajo-negro-de-las-pedroneras-2-cabezas\" target=\"_Blank\"><figure id=\"attachment_25151\" aria-describedby=\"caption-attachment-25151\" style=\"width: 380px\" class=\"wp-caption aligncenter\"><img decoding=\"async\" src=\"http:\/\/destinocastillayleon.es\/index\/wp-content\/uploads\/2017\/04\/Ajo-negro-Imagen-de-mumumio.jpg\" alt=\"Ajo negro - Imagen de mumumio\" width=\"380\" height=\"270\" class=\"size-full wp-image-25151\" srcset=\"https:\/\/destinocastillayleon.es\/index\/wp-content\/uploads\/2017\/04\/Ajo-negro-Imagen-de-mumumio.jpg 380w, https:\/\/destinocastillayleon.es\/index\/wp-content\/uploads\/2017\/04\/Ajo-negro-Imagen-de-mumumio-300x213.jpg 300w\" sizes=\"(max-width: 380px) 100vw, 380px\" \/><figcaption id=\"caption-attachment-25151\" class=\"wp-caption-text\">Ajo negro &#8211; Imagen de mumumio<\/figcaption><\/figure><\/a><br \/>\n&nbsp;<br \/>\nOtras caracter\u00edsticas de este producto, son <strong>sus cualidades antioxidantes, antiinflamatorias y que ayudan a combatir el cansancio y la fatiga<\/strong>. Adem\u00e1s, posee un <strong>alto contenido en vitamina C<\/strong>, por lo que adem\u00e1s es recomendado para reducir el nivel de grasa en sangre.<br \/>\n&nbsp;<\/p>\n<h4>Embutidos Ezequiel<\/h4>\n<p><a href=\"https:\/\/www.chorizoajonegro.com\/\" rel=\"NoFollow\" target=\"_Blank\">Embutidos Ezequiel<\/a> es una empresa familiar dedicada a la producci\u00f3n de embutidos desde <strong>el a\u00f1o 1945 en la poblaci\u00f3n leonesa de Villaman\u00edn,<\/strong> en medio de la monta\u00f1a leonesa y a escasos kil\u00f3metros de Asturias. Esta empresa se dedica a la elaboraci\u00f3n de gran variedad de derivados c\u00e1rnicos, como jamones, chorizos, y cecina de Le\u00f3n.<\/p>\n<p>Para muchos procesos, <strong>siguen usando las formas tradicionales<\/strong>, como las costumbres de ahumado natural con le\u00f1a de roble. Luego el clima de la monta\u00f1a de Le\u00f3n, se encarga de rematar.<\/p>\n<p><a href=\"https:\/\/www.embutidosezequiel.es\/es\/\" target=\"_Blank\"><figure id=\"attachment_25147\" aria-describedby=\"caption-attachment-25147\" style=\"width: 640px\" class=\"wp-caption aligncenter\"><img decoding=\"async\" src=\"http:\/\/destinocastillayleon.es\/index\/wp-content\/uploads\/2017\/04\/6fe60dc7a345d1a93f2b178c90e8dab7.jpg\" alt=\"Chorizo al ajo negro\" title=\"F\u00e1brica de embutidos - Embutidos Ezequiel\" width=\"640\" height=\"400\" class=\"size-full wp-image-25147\" srcset=\"https:\/\/destinocastillayleon.es\/index\/wp-content\/uploads\/2017\/04\/6fe60dc7a345d1a93f2b178c90e8dab7.jpg 640w, https:\/\/destinocastillayleon.es\/index\/wp-content\/uploads\/2017\/04\/6fe60dc7a345d1a93f2b178c90e8dab7-300x188.jpg 300w\" sizes=\"(max-width: 640px) 100vw, 640px\" \/><figcaption id=\"caption-attachment-25147\" class=\"wp-caption-text\">F\u00e1brica de embutidos &#8211; Embutidos Ezequiel<\/figcaption><\/figure><\/a><br \/>\n&nbsp;<\/p>\n<h2>El Chorizo al ajo negro, el nuevo producto estrella de Embutidos Ezequiel<\/h2>\n<p>Este nuevo embutido <strong>combina la tradici\u00f3n de m\u00e1s de 70 a\u00f1os elaborando embutidos, con uno de los ingredientes m\u00e1s novedosos<\/strong> en el mundo de los derivados c\u00e1rnicos. Este producto, tan desconocido en nuestra cocina <strong>aporta al chorizo aromas y sabores distintos<\/strong> que variar\u00e1n entre el sabor dulce y el \u00e1cido.<\/p>\n<p>Para elaborar estos chorizos, <strong>se sigue el proceso artesano del ahumado<\/strong>, en el que se realiza el secado usando el humo generado de <strong>la combusti\u00f3n de le\u00f1a de roble<\/strong>. Con esto, consigue alargar el tiempo de conservaci\u00f3n de estos chorizos, adem\u00e1s del aporte de aromas y sabores.<\/p>\n<p><a href=\"https:\/\/www.embutidosezequiel.es\/es\/\" target=\"_Blank\"><figure id=\"attachment_25149\" aria-describedby=\"caption-attachment-25149\" style=\"width: 640px\" class=\"wp-caption aligncenter\"><img decoding=\"async\" src=\"http:\/\/destinocastillayleon.es\/index\/wp-content\/uploads\/2017\/04\/Chorizo-al-ajo-negro-de-Embutidos-Ezequiel.jpg\" alt=\"Chorizo al ajo negro\" title=\"Chorizo al ajo negro de Embutidos Ezequiel\" width=\"640\" height=\"400\" class=\"size-full wp-image-25149\" srcset=\"https:\/\/destinocastillayleon.es\/index\/wp-content\/uploads\/2017\/04\/Chorizo-al-ajo-negro-de-Embutidos-Ezequiel.jpg 640w, https:\/\/destinocastillayleon.es\/index\/wp-content\/uploads\/2017\/04\/Chorizo-al-ajo-negro-de-Embutidos-Ezequiel-300x188.jpg 300w\" sizes=\"(max-width: 640px) 100vw, 640px\" \/><figcaption id=\"caption-attachment-25149\" class=\"wp-caption-text\">Chorizo al ajo negro de Embutidos Ezequiel<\/figcaption><\/figure><\/a><br \/>\n&nbsp;<br \/>\nEn definitiva, esta nueva elaboraci\u00f3n de <a href=\"https:\/\/www.chorizoajonegro.com\/\" rel=\"NoFollow\" target=\"_Blank\">Chorizo al Ajo Negro<\/a> es <strong>un producto gourmet, desarrollado usando las formas naturales y artesanales<\/strong>, con unas propiedades que te ayudan a tu bienestar y respetando todo el sabor, gracias a una selecci\u00f3n de las mejores carnes, <strong>combinadas con los ingredientes tradicionales<\/strong>, la incorporaci\u00f3n del ajo negro y siendo fieles a las formas de siempre, para elaborar unos chorizos.<\/p>\n<p>Y bueno, como puedes ver, se vuelve a cumplir la frase de renovarse o morir. En este caso, con esta nueva incorporaci\u00f3n al cat\u00e1logo de productos, <strong>esta marca familiar espera cosechar grandes \u00e9xitos. Desde nuestro modesto medio les deseamos la mejor de las suertes<\/strong>.<br \/>\n&nbsp;<\/p>\n<h4>Tambi\u00e9n te puede interesar<\/h4>\n<ul>\n<li><a href=\"http:\/\/destinocastillayleon.es\/index\/morcilla-de-burgos\/\">Morcilla de Burgos, 5 nuevas formas de degustarla.<\/a>\n<li><a href=\"http:\/\/destinocastillayleon.es\/index\/bombones-acontia\/\">Bombones Acontia, el vino que se come.<\/a>\n<li><a href=\"http:\/\/destinocastillayleon.es\/index\/delicias-gourmet-de-castilla-y-leon\/\">Delicias gourmet de Castilla y Le\u00f3n para tu men\u00fa especial.<\/a><\/ul>\n<\/ul>\n<p>&nbsp;<\/p>\n","protected":false},"excerpt":{"rendered":"<p>La empresa leonesa de derivados c\u00e1rnicos Embutidos Ezequiel acaba de presentar su nuevo producto gourmet. Se trata de un chorizo al ajo negro, un producto sano y sabroso<\/p>\n","protected":false},"author":2,"featured_media":25148,"comment_status":"open","ping_status":"closed","sticky":false,"template":"","format":"standard","meta":{"rop_custom_images_group":[],"rop_custom_messages_group":[],"rop_publish_now":"initial","rop_publish_now_accounts":{"twitter_1150954226_1150954226":""},"rop_publish_now_history":[],"rop_publish_now_status":"pending","footnotes":""},"categories":[77,379,303,4713],"tags":[5222,5226,5227,769,5223,5224,5225,5228],"class_list":["post-24969","post","type-post","status-publish","format-standard","has-post-thumbnail","hentry","category-actualidad-y-agenda-de-castilla-y-leon","category-gourmet","category-gastronomia","category-leon-gastronomia","tag-chorizo-al-ajo-negro","tag-chorizo-artesanal","tag-chorizo-gourmet","tag-destino-castilla-y-leon","tag-embutidos-de-leon","tag-embutidos-ezequiel","tag-fabrica-de-embutidos-en-villamanin","tag-gourmetcyl"],"yoast_head":"<!-- This site is optimized with the Yoast SEO Premium plugin v20.4 (Yoast SEO v27.4) - https:\/\/yoast.com\/product\/yoast-seo-premium-wordpress\/ -->\n<title>Chorizo al ajo negro, un nuevo producto gourmet \u2013 Destino Castilla y Le\u00f3n<\/title>\n<meta name=\"description\" content=\"La empresa leonesa Embutidos Ezequiel acaba de presentar su nuevo producto gourmet. Un chorizo al ajo negro, un producto sano y sabroso\" \/>\n<meta name=\"robots\" content=\"index, follow, max-snippet:-1, max-image-preview:large, max-video-preview:-1\" \/>\n<link rel=\"canonical\" href=\"https:\/\/destinocastillayleon.es\/index\/chorizo-al-ajo-negro\/\" \/>\n<meta property=\"og:locale\" content=\"es_ES\" \/>\n<meta property=\"og:type\" content=\"article\" \/>\n<meta property=\"og:title\" content=\"Chorizo al ajo negro, un nuevo producto gourmet procedente de Le\u00f3n \u2013 Destino Castilla y Le\u00f3n\" \/>\n<meta property=\"og:description\" content=\"La empresa leonesa de derivados c\u00e1rnicos Embutidos Ezequiel acaba de presentar su nuevo producto gourmet. Se trata de un chorizo al ajo negro, un producto sano y sabroso\" \/>\n<meta property=\"og:url\" content=\"https:\/\/destinocastillayleon.es\/index\/chorizo-al-ajo-negro\/\" \/>\n<meta property=\"og:site_name\" content=\"Destino Castilla y Le\u00f3n\" \/>\n<meta property=\"article:publisher\" content=\"https:\/\/www.facebook.com\/DestinoCastillaYLeon\/\" \/>\n<meta property=\"article:author\" content=\"https:\/\/www.facebook.com\/profile.php?id=1158416854\" \/>\n<meta property=\"article:published_time\" content=\"2017-03-29T05:35:51+00:00\" \/>\n<meta property=\"article:modified_time\" content=\"2018-01-18T23:06:03+00:00\" \/>\n<meta property=\"og:image\" content=\"https:\/\/destinocastillayleon.es\/index\/wp-content\/uploads\/2017\/04\/Portada-de-Chorizo-al-ajor-negro-de-Embutidos-Ezequiel.jpg\" \/>\n\t<meta property=\"og:image:width\" content=\"1332\" \/>\n\t<meta property=\"og:image:height\" content=\"691\" \/>\n\t<meta property=\"og:image:type\" content=\"image\/jpeg\" \/>\n<meta name=\"author\" content=\"David V\u00e1zquez\" \/>\n<meta name=\"twitter:card\" content=\"summary_large_image\" \/>\n<meta name=\"twitter:title\" content=\"Chorizo al ajo negro, un nuevo producto gourmet procedente de Le\u00f3n \u2013 Destino Castilla y Le\u00f3n\" \/>\n<meta name=\"twitter:description\" content=\"La empresa leonesa de derivados c\u00e1rnicos Embutidos Ezequiel acaba de presentar su nuevo producto gourmet. Se trata de un chorizo al ajo negro, un producto sano y sabroso\" \/>\n<meta name=\"twitter:image\" content=\"http:\/\/destinocastillayleon.es\/index\/wp-content\/uploads\/2017\/04\/Portada-de-Chorizo-al-ajor-negro-de-Embutidos-Ezequiel.jpg\" \/>\n<meta name=\"twitter:creator\" content=\"@https:\/\/twitter.com\/ContePantaleone\u200e\" \/>\n<meta name=\"twitter:site\" content=\"@destinocyl\" \/>\n<meta name=\"twitter:label1\" content=\"Escrito por\" \/>\n\t<meta name=\"twitter:data1\" content=\"David V\u00e1zquez\" \/>\n\t<meta name=\"twitter:label2\" content=\"Tiempo de lectura\" \/>\n\t<meta name=\"twitter:data2\" content=\"3 minutos\" \/>\n<script type=\"application\/ld+json\" class=\"yoast-schema-graph\">{\"@context\":\"https:\\\/\\\/schema.org\",\"@graph\":[{\"@type\":\"Article\",\"@id\":\"https:\\\/\\\/destinocastillayleon.es\\\/index\\\/chorizo-al-ajo-negro\\\/#article\",\"isPartOf\":{\"@id\":\"https:\\\/\\\/destinocastillayleon.es\\\/index\\\/chorizo-al-ajo-negro\\\/\"},\"author\":{\"name\":\"David V\u00e1zquez\",\"@id\":\"https:\\\/\\\/destinocastillayleon.es\\\/index\\\/#\\\/schema\\\/person\\\/189221bc8f6cc4fa28b18ad5c289d4c2\"},\"headline\":\"Chorizo al ajo negro, un nuevo producto gourmet procedente de Le\u00f3n\",\"datePublished\":\"2017-03-29T05:35:51+00:00\",\"dateModified\":\"2018-01-18T23:06:03+00:00\",\"mainEntityOfPage\":{\"@id\":\"https:\\\/\\\/destinocastillayleon.es\\\/index\\\/chorizo-al-ajo-negro\\\/\"},\"wordCount\":640,\"commentCount\":0,\"image\":{\"@id\":\"https:\\\/\\\/destinocastillayleon.es\\\/index\\\/chorizo-al-ajo-negro\\\/#primaryimage\"},\"thumbnailUrl\":\"https:\\\/\\\/destinocastillayleon.es\\\/index\\\/wp-content\\\/uploads\\\/2017\\\/04\\\/Portada-de-Chorizo-al-ajor-negro-de-Embutidos-Ezequiel.jpg\",\"keywords\":[\"Chorizo al ajo negro\",\"chorizo artesanal\",\"chorizo gourmet\",\"Destino Castilla y Le\u00f3n\",\"embutidos de Le\u00f3n\",\"embutidos Ezequiel\",\"f\u00e1brica de embutidos en Villamanin\",\"gourmetcyl\"],\"articleSection\":[\"Actualidad\",\"espacio_gourmet\",\"Gastronomia\",\"Leon gastronom\u00eda\"],\"inLanguage\":\"es\",\"potentialAction\":[{\"@type\":\"CommentAction\",\"name\":\"Comment\",\"target\":[\"https:\\\/\\\/destinocastillayleon.es\\\/index\\\/chorizo-al-ajo-negro\\\/#respond\"]}]},{\"@type\":\"WebPage\",\"@id\":\"https:\\\/\\\/destinocastillayleon.es\\\/index\\\/chorizo-al-ajo-negro\\\/\",\"url\":\"https:\\\/\\\/destinocastillayleon.es\\\/index\\\/chorizo-al-ajo-negro\\\/\",\"name\":\"Chorizo al ajo negro, un nuevo producto gourmet \u2013 Destino Castilla y Le\u00f3n\",\"isPartOf\":{\"@id\":\"https:\\\/\\\/destinocastillayleon.es\\\/index\\\/#website\"},\"primaryImageOfPage\":{\"@id\":\"https:\\\/\\\/destinocastillayleon.es\\\/index\\\/chorizo-al-ajo-negro\\\/#primaryimage\"},\"image\":{\"@id\":\"https:\\\/\\\/destinocastillayleon.es\\\/index\\\/chorizo-al-ajo-negro\\\/#primaryimage\"},\"thumbnailUrl\":\"https:\\\/\\\/destinocastillayleon.es\\\/index\\\/wp-content\\\/uploads\\\/2017\\\/04\\\/Portada-de-Chorizo-al-ajor-negro-de-Embutidos-Ezequiel.jpg\",\"datePublished\":\"2017-03-29T05:35:51+00:00\",\"dateModified\":\"2018-01-18T23:06:03+00:00\",\"author\":{\"@id\":\"https:\\\/\\\/destinocastillayleon.es\\\/index\\\/#\\\/schema\\\/person\\\/189221bc8f6cc4fa28b18ad5c289d4c2\"},\"description\":\"La empresa leonesa Embutidos Ezequiel acaba de presentar su nuevo producto gourmet. Un chorizo al ajo negro, un producto sano y sabroso\",\"breadcrumb\":{\"@id\":\"https:\\\/\\\/destinocastillayleon.es\\\/index\\\/chorizo-al-ajo-negro\\\/#breadcrumb\"},\"inLanguage\":\"es\",\"potentialAction\":[{\"@type\":\"ReadAction\",\"target\":[\"https:\\\/\\\/destinocastillayleon.es\\\/index\\\/chorizo-al-ajo-negro\\\/\"]}]},{\"@type\":\"ImageObject\",\"inLanguage\":\"es\",\"@id\":\"https:\\\/\\\/destinocastillayleon.es\\\/index\\\/chorizo-al-ajo-negro\\\/#primaryimage\",\"url\":\"https:\\\/\\\/destinocastillayleon.es\\\/index\\\/wp-content\\\/uploads\\\/2017\\\/04\\\/Portada-de-Chorizo-al-ajor-negro-de-Embutidos-Ezequiel.jpg\",\"contentUrl\":\"https:\\\/\\\/destinocastillayleon.es\\\/index\\\/wp-content\\\/uploads\\\/2017\\\/04\\\/Portada-de-Chorizo-al-ajor-negro-de-Embutidos-Ezequiel.jpg\",\"width\":1332,\"height\":691,\"caption\":\"Portada de Chorizo al ajor negro de Embutidos Ezequiel\"},{\"@type\":\"BreadcrumbList\",\"@id\":\"https:\\\/\\\/destinocastillayleon.es\\\/index\\\/chorizo-al-ajo-negro\\\/#breadcrumb\",\"itemListElement\":[{\"@type\":\"ListItem\",\"position\":1,\"name\":\"Portada\",\"item\":\"https:\\\/\\\/destinocastillayleon.es\\\/index\\\/\"},{\"@type\":\"ListItem\",\"position\":2,\"name\":\"Chorizo al ajo negro, un nuevo producto gourmet procedente de Le\u00f3n\"}]},{\"@type\":\"WebSite\",\"@id\":\"https:\\\/\\\/destinocastillayleon.es\\\/index\\\/#website\",\"url\":\"https:\\\/\\\/destinocastillayleon.es\\\/index\\\/\",\"name\":\"Destino Castilla y Le\u00f3n\",\"description\":\"Medio digital independiente y revista de Castilla y Le\u00f3n dedicado al turismo, gastronom\u00eda y vino de Castilla y Le\u00f3n\",\"potentialAction\":[{\"@type\":\"SearchAction\",\"target\":{\"@type\":\"EntryPoint\",\"urlTemplate\":\"https:\\\/\\\/destinocastillayleon.es\\\/index\\\/?s={search_term_string}\"},\"query-input\":{\"@type\":\"PropertyValueSpecification\",\"valueRequired\":true,\"valueName\":\"search_term_string\"}}],\"inLanguage\":\"es\"},{\"@type\":\"Person\",\"@id\":\"https:\\\/\\\/destinocastillayleon.es\\\/index\\\/#\\\/schema\\\/person\\\/189221bc8f6cc4fa28b18ad5c289d4c2\",\"name\":\"David V\u00e1zquez\",\"image\":{\"@type\":\"ImageObject\",\"inLanguage\":\"es\",\"@id\":\"https:\\\/\\\/secure.gravatar.com\\\/avatar\\\/cd12db6c575a90c3b75cfa0f794b74d425201c768612fad17e9f13cd33d48be8?s=96&d=mm&r=g\",\"url\":\"https:\\\/\\\/secure.gravatar.com\\\/avatar\\\/cd12db6c575a90c3b75cfa0f794b74d425201c768612fad17e9f13cd33d48be8?s=96&d=mm&r=g\",\"contentUrl\":\"https:\\\/\\\/secure.gravatar.com\\\/avatar\\\/cd12db6c575a90c3b75cfa0f794b74d425201c768612fad17e9f13cd33d48be8?s=96&d=mm&r=g\",\"caption\":\"David V\u00e1zquez\"},\"description\":\"Ingeniero Industrial de vocaci\u00f3n y profesi\u00f3n, he encontrado en los blogs la forma de plasmar mi pasi\u00f3n por los viajes, la gastronom\u00eda y los vinos. Especialmente los procedentes de Castilla y Le\u00f3n\",\"sameAs\":[\"https:\\\/\\\/www.destinocastillayleon.es\",\"https:\\\/\\\/www.facebook.com\\\/profile.php?id=1158416854\",\"https:\\\/\\\/instagram.com\\\/conte.pantaleone\",\"https:\\\/\\\/www.linkedin.com\\\/pub\\\/david-vazquez-lozano\\\/37\\\/17a\\\/25a\",\"https:\\\/\\\/x.com\\\/https:\\\/\\\/twitter.com\\\/ContePantaleone\u200e\"],\"url\":\"https:\\\/\\\/destinocastillayleon.es\\\/index\\\/author\\\/coadministradorcyl\\\/\"}]}<\/script>\n<!-- \/ Yoast SEO Premium plugin. -->","yoast_head_json":{"title":"Chorizo al ajo negro, un nuevo producto gourmet \u2013 Destino Castilla y Le\u00f3n","description":"La empresa leonesa Embutidos Ezequiel acaba de presentar su nuevo producto gourmet. Un chorizo al ajo negro, un producto sano y sabroso","robots":{"index":"index","follow":"follow","max-snippet":"max-snippet:-1","max-image-preview":"max-image-preview:large","max-video-preview":"max-video-preview:-1"},"canonical":"https:\/\/destinocastillayleon.es\/index\/chorizo-al-ajo-negro\/","og_locale":"es_ES","og_type":"article","og_title":"Chorizo al ajo negro, un nuevo producto gourmet procedente de Le\u00f3n \u2013 Destino Castilla y Le\u00f3n","og_description":"La empresa leonesa de derivados c\u00e1rnicos Embutidos Ezequiel acaba de presentar su nuevo producto gourmet. Se trata de un chorizo al ajo negro, un producto sano y sabroso","og_url":"https:\/\/destinocastillayleon.es\/index\/chorizo-al-ajo-negro\/","og_site_name":"Destino Castilla y Le\u00f3n","article_publisher":"https:\/\/www.facebook.com\/DestinoCastillaYLeon\/","article_author":"https:\/\/www.facebook.com\/profile.php?id=1158416854","article_published_time":"2017-03-29T05:35:51+00:00","article_modified_time":"2018-01-18T23:06:03+00:00","og_image":[{"width":1332,"height":691,"url":"https:\/\/destinocastillayleon.es\/index\/wp-content\/uploads\/2017\/04\/Portada-de-Chorizo-al-ajor-negro-de-Embutidos-Ezequiel.jpg","type":"image\/jpeg"}],"author":"David V\u00e1zquez","twitter_card":"summary_large_image","twitter_title":"Chorizo al ajo negro, un nuevo producto gourmet procedente de Le\u00f3n \u2013 Destino Castilla y Le\u00f3n","twitter_description":"La empresa leonesa de derivados c\u00e1rnicos Embutidos Ezequiel acaba de presentar su nuevo producto gourmet. Se trata de un chorizo al ajo negro, un producto sano y sabroso","twitter_image":"http:\/\/destinocastillayleon.es\/index\/wp-content\/uploads\/2017\/04\/Portada-de-Chorizo-al-ajor-negro-de-Embutidos-Ezequiel.jpg","twitter_creator":"@https:\/\/twitter.com\/ContePantaleone\u200e","twitter_site":"@destinocyl","twitter_misc":{"Escrito por":"David V\u00e1zquez","Tiempo de lectura":"3 minutos"},"schema":{"@context":"https:\/\/schema.org","@graph":[{"@type":"Article","@id":"https:\/\/destinocastillayleon.es\/index\/chorizo-al-ajo-negro\/#article","isPartOf":{"@id":"https:\/\/destinocastillayleon.es\/index\/chorizo-al-ajo-negro\/"},"author":{"name":"David V\u00e1zquez","@id":"https:\/\/destinocastillayleon.es\/index\/#\/schema\/person\/189221bc8f6cc4fa28b18ad5c289d4c2"},"headline":"Chorizo al ajo negro, un nuevo producto gourmet procedente de Le\u00f3n","datePublished":"2017-03-29T05:35:51+00:00","dateModified":"2018-01-18T23:06:03+00:00","mainEntityOfPage":{"@id":"https:\/\/destinocastillayleon.es\/index\/chorizo-al-ajo-negro\/"},"wordCount":640,"commentCount":0,"image":{"@id":"https:\/\/destinocastillayleon.es\/index\/chorizo-al-ajo-negro\/#primaryimage"},"thumbnailUrl":"https:\/\/destinocastillayleon.es\/index\/wp-content\/uploads\/2017\/04\/Portada-de-Chorizo-al-ajor-negro-de-Embutidos-Ezequiel.jpg","keywords":["Chorizo al ajo negro","chorizo artesanal","chorizo gourmet","Destino Castilla y Le\u00f3n","embutidos de Le\u00f3n","embutidos Ezequiel","f\u00e1brica de embutidos en Villamanin","gourmetcyl"],"articleSection":["Actualidad","espacio_gourmet","Gastronomia","Leon gastronom\u00eda"],"inLanguage":"es","potentialAction":[{"@type":"CommentAction","name":"Comment","target":["https:\/\/destinocastillayleon.es\/index\/chorizo-al-ajo-negro\/#respond"]}]},{"@type":"WebPage","@id":"https:\/\/destinocastillayleon.es\/index\/chorizo-al-ajo-negro\/","url":"https:\/\/destinocastillayleon.es\/index\/chorizo-al-ajo-negro\/","name":"Chorizo al ajo negro, un nuevo producto gourmet \u2013 Destino Castilla y Le\u00f3n","isPartOf":{"@id":"https:\/\/destinocastillayleon.es\/index\/#website"},"primaryImageOfPage":{"@id":"https:\/\/destinocastillayleon.es\/index\/chorizo-al-ajo-negro\/#primaryimage"},"image":{"@id":"https:\/\/destinocastillayleon.es\/index\/chorizo-al-ajo-negro\/#primaryimage"},"thumbnailUrl":"https:\/\/destinocastillayleon.es\/index\/wp-content\/uploads\/2017\/04\/Portada-de-Chorizo-al-ajor-negro-de-Embutidos-Ezequiel.jpg","datePublished":"2017-03-29T05:35:51+00:00","dateModified":"2018-01-18T23:06:03+00:00","author":{"@id":"https:\/\/destinocastillayleon.es\/index\/#\/schema\/person\/189221bc8f6cc4fa28b18ad5c289d4c2"},"description":"La empresa leonesa Embutidos Ezequiel acaba de presentar su nuevo producto gourmet. Un chorizo al ajo negro, un producto sano y sabroso","breadcrumb":{"@id":"https:\/\/destinocastillayleon.es\/index\/chorizo-al-ajo-negro\/#breadcrumb"},"inLanguage":"es","potentialAction":[{"@type":"ReadAction","target":["https:\/\/destinocastillayleon.es\/index\/chorizo-al-ajo-negro\/"]}]},{"@type":"ImageObject","inLanguage":"es","@id":"https:\/\/destinocastillayleon.es\/index\/chorizo-al-ajo-negro\/#primaryimage","url":"https:\/\/destinocastillayleon.es\/index\/wp-content\/uploads\/2017\/04\/Portada-de-Chorizo-al-ajor-negro-de-Embutidos-Ezequiel.jpg","contentUrl":"https:\/\/destinocastillayleon.es\/index\/wp-content\/uploads\/2017\/04\/Portada-de-Chorizo-al-ajor-negro-de-Embutidos-Ezequiel.jpg","width":1332,"height":691,"caption":"Portada de Chorizo al ajor negro de Embutidos Ezequiel"},{"@type":"BreadcrumbList","@id":"https:\/\/destinocastillayleon.es\/index\/chorizo-al-ajo-negro\/#breadcrumb","itemListElement":[{"@type":"ListItem","position":1,"name":"Portada","item":"https:\/\/destinocastillayleon.es\/index\/"},{"@type":"ListItem","position":2,"name":"Chorizo al ajo negro, un nuevo producto gourmet procedente de Le\u00f3n"}]},{"@type":"WebSite","@id":"https:\/\/destinocastillayleon.es\/index\/#website","url":"https:\/\/destinocastillayleon.es\/index\/","name":"Destino Castilla y Le\u00f3n","description":"Medio digital independiente y revista de Castilla y Le\u00f3n dedicado al turismo, gastronom\u00eda y vino de Castilla y Le\u00f3n","potentialAction":[{"@type":"SearchAction","target":{"@type":"EntryPoint","urlTemplate":"https:\/\/destinocastillayleon.es\/index\/?s={search_term_string}"},"query-input":{"@type":"PropertyValueSpecification","valueRequired":true,"valueName":"search_term_string"}}],"inLanguage":"es"},{"@type":"Person","@id":"https:\/\/destinocastillayleon.es\/index\/#\/schema\/person\/189221bc8f6cc4fa28b18ad5c289d4c2","name":"David V\u00e1zquez","image":{"@type":"ImageObject","inLanguage":"es","@id":"https:\/\/secure.gravatar.com\/avatar\/cd12db6c575a90c3b75cfa0f794b74d425201c768612fad17e9f13cd33d48be8?s=96&d=mm&r=g","url":"https:\/\/secure.gravatar.com\/avatar\/cd12db6c575a90c3b75cfa0f794b74d425201c768612fad17e9f13cd33d48be8?s=96&d=mm&r=g","contentUrl":"https:\/\/secure.gravatar.com\/avatar\/cd12db6c575a90c3b75cfa0f794b74d425201c768612fad17e9f13cd33d48be8?s=96&d=mm&r=g","caption":"David V\u00e1zquez"},"description":"Ingeniero Industrial de vocaci\u00f3n y profesi\u00f3n, he encontrado en los blogs la forma de plasmar mi pasi\u00f3n por los viajes, la gastronom\u00eda y los vinos. Especialmente los procedentes de Castilla y Le\u00f3n","sameAs":["https:\/\/www.destinocastillayleon.es","https:\/\/www.facebook.com\/profile.php?id=1158416854","https:\/\/instagram.com\/conte.pantaleone","https:\/\/www.linkedin.com\/pub\/david-vazquez-lozano\/37\/17a\/25a","https:\/\/x.com\/https:\/\/twitter.com\/ContePantaleone\u200e"],"url":"https:\/\/destinocastillayleon.es\/index\/author\/coadministradorcyl\/"}]}},"_links":{"self":[{"href":"https:\/\/destinocastillayleon.es\/index\/wp-json\/wp\/v2\/posts\/24969","targetHints":{"allow":["GET"]}}],"collection":[{"href":"https:\/\/destinocastillayleon.es\/index\/wp-json\/wp\/v2\/posts"}],"about":[{"href":"https:\/\/destinocastillayleon.es\/index\/wp-json\/wp\/v2\/types\/post"}],"author":[{"embeddable":true,"href":"https:\/\/destinocastillayleon.es\/index\/wp-json\/wp\/v2\/users\/2"}],"replies":[{"embeddable":true,"href":"https:\/\/destinocastillayleon.es\/index\/wp-json\/wp\/v2\/comments?post=24969"}],"version-history":[{"count":5,"href":"https:\/\/destinocastillayleon.es\/index\/wp-json\/wp\/v2\/posts\/24969\/revisions"}],"predecessor-version":[{"id":25156,"href":"https:\/\/destinocastillayleon.es\/index\/wp-json\/wp\/v2\/posts\/24969\/revisions\/25156"}],"wp:featuredmedia":[{"embeddable":true,"href":"https:\/\/destinocastillayleon.es\/index\/wp-json\/wp\/v2\/media\/25148"}],"wp:attachment":[{"href":"https:\/\/destinocastillayleon.es\/index\/wp-json\/wp\/v2\/media?parent=24969"}],"wp:term":[{"taxonomy":"category","embeddable":true,"href":"https:\/\/destinocastillayleon.es\/index\/wp-json\/wp\/v2\/categories?post=24969"},{"taxonomy":"post_tag","embeddable":true,"href":"https:\/\/destinocastillayleon.es\/index\/wp-json\/wp\/v2\/tags?post=24969"}],"curies":[{"name":"wp","href":"https:\/\/api.w.org\/{rel}","templated":true}]}}