{"id":24839,"date":"2017-03-15T06:52:26","date_gmt":"2017-03-15T05:52:26","guid":{"rendered":"http:\/\/destinocastillayleon.es\/index\/?p=24839"},"modified":"2017-04-22T23:46:56","modified_gmt":"2017-04-22T21:46:56","slug":"cocidoday-en-castilla-y-leon","status":"publish","type":"post","link":"https:\/\/destinocastillayleon.es\/index\/cocidoday-en-castilla-y-leon\/","title":{"rendered":"Llega el CocidoDay a Castilla y Le\u00f3n"},"content":{"rendered":"<p>Como en otras ediciones anteriores, en nuestra comunidad <strong>se ha podido disfrutar del D\u00eda Internacional del Cocido<\/strong>. Os vamos a contar un poco <strong>c\u00f3mo se vivi\u00f3 el CocidoDay en Castilla y Le\u00f3n<\/strong>.<br \/>\n&nbsp;<\/p>\n<h3>El D\u00eda Internacional del Cocido<\/h3>\n<p>A d\u00eda de hoy, poner en duda el poder de los Bloggers y las Redes Sociales es negar una realidad de forma de comunicaci\u00f3n y promoci\u00f3n. <strong>Esta iniciativa del CocidoDay es un claro ejemplo de c\u00f3mo \u201ccuatro visionarios\u201d gallegos que quisieron dedicar al cocido, un d\u00eda internacional<\/strong>, y lo consiguieron.<\/p>\n<p><figure id=\"attachment_25198\" aria-describedby=\"caption-attachment-25198\" style=\"width: 640px\" class=\"wp-caption aligncenter\"><img decoding=\"async\" src=\"http:\/\/destinocastillayleon.es\/index\/wp-content\/uploads\/2017\/04\/550a9f100f439a6aec738bb325400e9e.jpg\" alt=\"D\u00eda Internacional del Cocido 2017\" width=\"640\" height=\"400\" class=\"size-full wp-image-25198\" srcset=\"https:\/\/destinocastillayleon.es\/index\/wp-content\/uploads\/2017\/04\/550a9f100f439a6aec738bb325400e9e.jpg 640w, https:\/\/destinocastillayleon.es\/index\/wp-content\/uploads\/2017\/04\/550a9f100f439a6aec738bb325400e9e-300x188.jpg 300w\" sizes=\"(max-width: 640px) 100vw, 640px\" \/><figcaption id=\"caption-attachment-25198\" class=\"wp-caption-text\">D\u00eda Internacional del Cocido 2017<\/figcaption><\/figure><br \/>\n&nbsp;<br \/>\nAs\u00ed <strong>naci\u00f3 hace 5 a\u00f1os<\/strong>, haciendo el piloto de <a href=\"http:\/\/www.diainternacionaldelcocido.com\/\" target=\"_Blank\">El D\u00eda Internacional del Cocido<\/a>, o como es mejor conocido; el <strong>#CocidoDay<\/strong>, y en este 2017, se celebra la IV edici\u00f3n, y ya sin duda totalmente internacional, ya que <strong>se ha celebrado conjuntamente en Inglaterra, Irlanda, M\u00e9xico y Polonia, adem\u00e1s de en un mont\u00f3n de ciudades de Espa\u00f1a<\/strong>.<br \/>\n&nbsp;<\/p>\n<h2>El CocidoDay en Castilla y Le\u00f3n<\/h2>\n<p>Y poco a poco, <strong>en Castilla y Le\u00f3n hay cada vez m\u00e1s restaurantes que se unen a esta iniciativa gastron\u00f3mica<\/strong>, que puede colocar al cocido dentro de la gastronom\u00eda internacional, pese a que formas de preparar un cocido hay muchas. <\/p>\n<p>Simplemente en Castilla y Le\u00f3n, tenemos las versiones bercianas, <a href=\"http:\/\/destinocastillayleon.es\/index\/comer-en-el-palacio-de-canedo\/\" >con botillo<\/a>; en Astorga y la comarca de la maragater\u00eda la versi\u00f3n del <a href=\"http:\/\/destinocastillayleon.es\/index\/cocido-maragato\/\" >Cocido Maragato<\/a>. En Burgos las <a href=\"http:\/\/destinocastillayleon.es\/index\/restaurante-tiki\/\" ><em>ollas podridas<\/em><\/a>,.. aunque en general en todas partes est\u00e1 el cocido castellano, del que el madrile\u00f1o, es tan solo una versi\u00f3n m\u00e1s. Aunque sea la m\u00e1s conocida.<\/p>\n<p><a href=\"https:\/\/twitter.com\/conmicas?lang=es\" target=\"_blank\"><figure id=\"attachment_25200\" aria-describedby=\"caption-attachment-25200\" style=\"width: 640px\" class=\"wp-caption aligncenter\"><img decoding=\"async\" src=\"http:\/\/destinocastillayleon.es\/index\/wp-content\/uploads\/2017\/04\/ee83e229bc8d7f65c2bf77cf313db757.jpg\" alt=\"CocidoDay en la Casa Pepa de Le\u00f3n - Imagenes de Chelo Mi\u00f1ana\" width=\"640\" height=\"437\" class=\"size-full wp-image-25200\" srcset=\"https:\/\/destinocastillayleon.es\/index\/wp-content\/uploads\/2017\/04\/ee83e229bc8d7f65c2bf77cf313db757.jpg 640w, https:\/\/destinocastillayleon.es\/index\/wp-content\/uploads\/2017\/04\/ee83e229bc8d7f65c2bf77cf313db757-300x205.jpg 300w\" sizes=\"(max-width: 640px) 100vw, 640px\" \/><figcaption id=\"caption-attachment-25200\" class=\"wp-caption-text\">CocidoDay en la Casa Pepa de Le\u00f3n &#8211; Imagenes de Chelo Mi\u00f1ana<\/figcaption><\/figure><\/a><br \/>\n&nbsp;<\/p>\n<h3>Restaurantes del CocidoDay en Castila y Le\u00f3n<\/h3>\n<p>En <strong>esta IV edici\u00f3n, hubo tres restaurantes<\/strong> donde se celebr\u00f3 oficialmente el cocidoday en Castilla y Le\u00f3n. Estos fueron:<br \/>\n&nbsp;<\/p>\n<h4>Casa Pepa Hotel Rural<\/h4>\n<p>Calle Mayor, 2 \u2013 24722 \u2013 Santa Colomba de Somoza, Le\u00f3n. (<a href=\" https:\/\/goo.gl\/maps\/U5KQZRcDNbz \" target=\"_Blank\">ver en un mapa<\/a>).<\/p>\n<h4>Bar braser\u00eda el abuelo Juan<\/h4>\n<p>Calle del P\u00e1rroco Domicio Cuadrado \u2013 47004 \u2013 Valladolid. (<a href=\" https:\/\/goo.gl\/maps\/usSZwnkKPrP2 \" target=\"_Blank\">ver en un mapa<\/a>).<\/p>\n<h4>Casa Rural Maryobeli<\/h4>\n<p>C\/La Manzana 1-3 \u2013 47313 \u2013 Cogeces del Monte, Valladolid. (<a href=\"https:\/\/goo.gl\/maps\/ShZiSpfcJBt\" target=\"_Blank\">ver en un mapa<\/a>).<\/p>\n<p>Y aunque no oficialmente, amigos Bloggers de Castilla y Le\u00f3n, tambi\u00e9n sabemos que el pasado 11 de marzo, celebraron en sus casas su particular CodidoDay.<br \/>\n&nbsp;<\/p>\n<h3>Nuestra experiencia del CocidoDay en la Casa Rural Maryobeli<\/h3>\n<p><figure id=\"attachment_25197\" aria-describedby=\"caption-attachment-25197\" style=\"width: 640px\" class=\"wp-caption aligncenter\"><img decoding=\"async\" src=\"http:\/\/destinocastillayleon.es\/index\/wp-content\/uploads\/2017\/04\/0b1438113943fb7058f8dd255bf70986.jpg\" alt=\"Fachada del Mes\u00f3n Casa Rural Maryobeli - Destino Castilla y Le\u00f3n\" width=\"640\" height=\"400\" class=\"size-full wp-image-25197\" srcset=\"https:\/\/destinocastillayleon.es\/index\/wp-content\/uploads\/2017\/04\/0b1438113943fb7058f8dd255bf70986.jpg 640w, https:\/\/destinocastillayleon.es\/index\/wp-content\/uploads\/2017\/04\/0b1438113943fb7058f8dd255bf70986-300x188.jpg 300w\" sizes=\"(max-width: 640px) 100vw, 640px\" \/><figcaption id=\"caption-attachment-25197\" class=\"wp-caption-text\">Fachada del Mes\u00f3n Casa Rural Maryobeli &#8211; Destino Castilla y Le\u00f3n<\/figcaption><\/figure><br \/>\n&nbsp;<br \/>\nAunque quisi\u00e9ramos, nos es imposible estar en todas partes. Por eso <strong>solo os podemos dar detalles de la experiencia gastron\u00f3mica del CocidoDay celebrado en la <a href=\"http:\/\/www.turismoruralmaryobeli.com\/\" target=\"_Blank\">Casa Rural y Mes\u00f3n Maryobeli<\/a> de Cogeces del Monte<\/strong>, en Valladolid.<\/p>\n<p><strong>El cocido que nos prepar\u00f3 Yolanda estaba espectacular<\/strong>. Un cocido castellano completo, con todo lo que tiene que tener, sus carnes, sus verduras, con el relleno y su morcilla de arroz. Pero igualmente destacables los dulces caseros que nos prepararon para rematar un fest\u00edn gastron\u00f3mico.<\/p>\n<p><figure id=\"attachment_25201\" aria-describedby=\"caption-attachment-25201\" style=\"width: 640px\" class=\"wp-caption aligncenter\"><img decoding=\"async\" src=\"http:\/\/destinocastillayleon.es\/index\/wp-content\/uploads\/2017\/04\/55e5a0043965d2af74bd7cf86e50f9ff.jpg\" alt=\"CocidoDay en la Casa Rural Mes\u00f3n Mariobeli - Destino Castilla y Le\u00f3n\" width=\"640\" height=\"400\" class=\"size-full wp-image-25201\" srcset=\"https:\/\/destinocastillayleon.es\/index\/wp-content\/uploads\/2017\/04\/55e5a0043965d2af74bd7cf86e50f9ff.jpg 640w, https:\/\/destinocastillayleon.es\/index\/wp-content\/uploads\/2017\/04\/55e5a0043965d2af74bd7cf86e50f9ff-300x188.jpg 300w\" sizes=\"(max-width: 640px) 100vw, 640px\" \/><figcaption id=\"caption-attachment-25201\" class=\"wp-caption-text\">CocidoDay en la Casa Rural Mes\u00f3n Mariobeli &#8211; Destino Castilla y Le\u00f3n<\/figcaption><\/figure><br \/>\n&nbsp;<br \/>\nY es que <strong>el Mes\u00f3n Casa Rural Maryobeli no es la primera vez que participa en esta iniciativa<\/strong>; ni es en la \u00fanica en la que participa. <strong>Justo el d\u00eda anterior participaron tambi\u00e9n en el D\u00eda de la Lenteja<\/strong>. Y es que de los fogones de Yolanda salen grandes elaboraciones gastron\u00f3micas y adem\u00e1s, con una buena capacidad de comunicarse utilizando las redes sociales. As\u00ed <strong>fue reconocido recientemente con el premio de Castilla y Le\u00f3n a toda una trayectoria<\/strong>. L\u00e1stima que no haya m\u00e1s maryobeli cerca.<\/p>\n<p>Y si la experiencia gastronom\u00eda fue sobresaliente, tambi\u00e9n <strong>muy agradable fue la compa\u00f1\u00eda<\/strong>, que es otro punto interesante de compartir una mesa. Queremos agradecer la presencia de <a href=\"http:\/\/atavolaconilconte.es\/index\/\" target=\"_Blank\">A Tavola con il Conte<\/a>, <a href=\"http:\/\/destinoysabor.com\/blog\/\" target=\"_Blank\">Destino&#038;Sabor<\/a>, y <a href=\"http:\/\/escuellar.es\/index.php\/el-cocido-se-ha-convertido-hoy-en-el-plato-mas-internacional-de-la-mano-del-cocidoday\/\" rel=\"nofollow\" target=\"_Blank\">EsCuellar<\/a>, como medios 2.0; as\u00ed como la presencia de Fernando Esteban Velasco, alcalde de la localidad que estuvo presente junto a su familia; y a <a href=\"https:\/\/twitter.com\/jpdelca\" target=\"_Blank\">Julia Pe\u00f1as<\/a>, aunque solo estuvo durante los dulces y el caf\u00e9.<\/p>\n<p><figure id=\"attachment_25196\" aria-describedby=\"caption-attachment-25196\" style=\"width: 640px\" class=\"wp-caption aligncenter\"><img decoding=\"async\" src=\"http:\/\/destinocastillayleon.es\/index\/wp-content\/uploads\/2017\/04\/730fcd5fd003b7a959a41e71d7c150ab.jpg\" alt=\"Participantes en el CocidoDay en la Casa Rural Mes\u00f3n Mariobeli -\" width=\"640\" height=\"400\" class=\"size-full wp-image-25196\" srcset=\"https:\/\/destinocastillayleon.es\/index\/wp-content\/uploads\/2017\/04\/730fcd5fd003b7a959a41e71d7c150ab.jpg 640w, https:\/\/destinocastillayleon.es\/index\/wp-content\/uploads\/2017\/04\/730fcd5fd003b7a959a41e71d7c150ab-300x188.jpg 300w\" sizes=\"(max-width: 640px) 100vw, 640px\" \/><figcaption id=\"caption-attachment-25196\" class=\"wp-caption-text\">Participantes en el CocidoDay en la Casa Rural Mes\u00f3n Mariobeli &#8211;<\/figcaption><\/figure><br \/>\n&nbsp;<\/p>\n<h4>Situaci\u00f3n del Mes\u00f3n Maryoblei<\/h4>\n<p>Calle de La Manzana 1-3 (<a href=\"https:\/\/www.google.es\/maps\/place\/Calle+Manzana,+1,+47313+Cogeces+del+Monte,+Valladolid\/@41.5112208,-4.3162507,17z\/data=!3m1!4b1!4m2!3m1!1s0xd46de07eefc7699:0x61f3631dbb6708cc\" title=\"Link a Google maps que te indica donde se encuentra el Mes\u00f3n Maryobeli\" target=\"_blank\">ver en un mapa independiente<\/a>)<br \/>\n47313 \u2013 Cogeces del Monte, Valladolid<br \/>\nTelf.: +34 983 69 92 97 \/ +34 615 127 024<br \/>\n@.: <a href=\"mailto:maryobeli@gmail.com\">maryobeli@gmail.com<\/a><br \/>\n&nbsp;<br \/>\n\u00bfY t\u00fa? <strong>\u00bfviviste tu particular CocidoDay en Castilla y Le\u00f3n?<\/strong> Cu\u00e9ntanos c\u00f3mo fue en un comentario.<br \/>\n&nbsp;<\/p>\n<h4>Tambi\u00e9n te puede intersar<\/h4>\n<ul>\n<li><a href=\"http:\/\/destinocastillayleon.es\/index\/comer-en-el-palacio-de-canedo\/\" >Comer un botillo en El Palacio de Canedo, en El Bierzo<\/a>.<\/li>\n<li><a href=\"http:\/\/destinocastillayleon.es\/index\/cocido-maragato\/\" >Conoce la gastronom\u00eda maragata con el Cocido Maragato, al lado de Astorga<\/a>.<\/li>\n<li><a href=\"http:\/\/destinocastillayleon.es\/index\/restaurante-tiki\/\" >Conoce la gastronom\u00eda del Arlanza con la olla podrida del Restaurante Tikki de Covarrubias<\/em><\/a>.<\/li>\n<li><a href=\"http:\/\/destinocastillayleon.es\/index\/7-jornadas-gastronomicas-en-castilla-y-leon-para-disfrutar-en-marzo\/\" >Conoce las jornadas gastron\u00f3micas de Castilla y Le\u00f3n para disfrutar este marzo<\/a>.<\/li>\n<li><a href=\"http:\/\/destinocastillayleon.es\/index\/escapadas-gastronomicas-por-castilla-y-leon\/\" >Conoce 7 escapadas gastron\u00f3micas por Castilla y Le\u00f3n<\/a>.<\/li>\n<\/ul>\n<p>&nbsp;<br \/>\n\u2003<\/p>\n","protected":false},"excerpt":{"rendered":"<p>Conoce c\u00f3mo fue la iniciativa del CocidoDay en Castilla y Le\u00f3n; esta iniciativa gastron\u00f3mica internacional la vivimos desde el Mes\u00f3n Maryobeli en Cogeces del Monte<\/p>\n","protected":false},"author":2,"featured_media":25199,"comment_status":"open","ping_status":"closed","sticky":false,"template":"","format":"standard","meta":{"rop_custom_images_group":[],"rop_custom_messages_group":[],"rop_publish_now":"initial","rop_publish_now_accounts":{"twitter_1150954226_1150954226":""},"rop_publish_now_history":[],"rop_publish_now_status":"pending","footnotes":""},"categories":[77,303,4477,68,45,26,4799],"tags":[5200,5198,5201,5203,5202,5204,5205,5199],"class_list":["post-24839","post","type-post","status-publish","format-standard","has-post-thumbnail","hentry","category-actualidad-y-agenda-de-castilla-y-leon","category-gastronomia","category-jornadas-gastronomicas","category-post_inicial","category-provincias","category-valladolid","category-valladolid-gastronomia","tag-cocido-en-cogeces-del-monte","tag-cocidoday-en-castilla-y-leon","tag-comer-en-cogeces-del-monte","tag-conoce-como-fue-la-iniciativa-del-cocidoday-en-castilla-y-leon-esta-iniciativa-gastronomica","tag-dia-internacional-del-cocido","tag-disfrutar-de-la-iv-edicion-del-cocidoday-en-castilla-y-leon-destino-castila-y-leon","tag-llega-el-cocidoday-a-castilla-y-leon","tag-meson-maryobeli"],"yoast_head":"<!-- This site is optimized with the Yoast SEO Premium plugin v20.4 (Yoast SEO v27.4) - https:\/\/yoast.com\/product\/yoast-seo-premium-wordpress\/ -->\n<title>IV Edici\u00f3n del CocidoDay en Castilla y Le\u00f3n \u2013 Destino Castila y Le\u00f3n<\/title>\n<meta name=\"description\" content=\"Conoce la iniciativa del CocidoDay en Castilla y Le\u00f3n; esta cita gastron\u00f3mica internacional la vivimos desde el Mes\u00f3n Maryobeli en Cogeces del Monte\" \/>\n<meta name=\"robots\" content=\"index, follow, max-snippet:-1, max-image-preview:large, max-video-preview:-1\" \/>\n<link rel=\"canonical\" href=\"https:\/\/destinocastillayleon.es\/index\/cocidoday-en-castilla-y-leon\/\" \/>\n<meta property=\"og:locale\" content=\"es_ES\" \/>\n<meta property=\"og:type\" content=\"article\" \/>\n<meta property=\"og:title\" content=\"Disfrutar de la IV Edici\u00f3n del CocidoDay en Castilla y Le\u00f3n \u2013 Destino Castila y Le\u00f3n\" \/>\n<meta property=\"og:description\" content=\"Conoce c\u00f3mo fue la iniciativa del CocidoDay en Castilla y Le\u00f3n; esta iniciativa gastron\u00f3mica internacional la vivimos desde el Mes\u00f3n Maryobeli en Cogeces del Monte\" \/>\n<meta property=\"og:url\" content=\"https:\/\/destinocastillayleon.es\/index\/cocidoday-en-castilla-y-leon\/\" \/>\n<meta property=\"og:site_name\" content=\"Destino Castilla y Le\u00f3n\" \/>\n<meta property=\"article:publisher\" content=\"https:\/\/www.facebook.com\/DestinoCastillaYLeon\/\" \/>\n<meta property=\"article:author\" content=\"https:\/\/www.facebook.com\/profile.php?id=1158416854\" \/>\n<meta property=\"article:published_time\" content=\"2017-03-15T05:52:26+00:00\" \/>\n<meta property=\"article:modified_time\" content=\"2017-04-22T21:46:56+00:00\" \/>\n<meta property=\"og:image\" content=\"https:\/\/destinocastillayleon.es\/index\/wp-content\/uploads\/2017\/04\/6177eb77ab621302005dcdaa5294464e.jpg\" \/>\n\t<meta property=\"og:image:width\" content=\"1200\" \/>\n\t<meta property=\"og:image:height\" content=\"800\" \/>\n\t<meta property=\"og:image:type\" content=\"image\/jpeg\" \/>\n<meta name=\"author\" content=\"David V\u00e1zquez\" \/>\n<meta name=\"twitter:card\" content=\"summary_large_image\" \/>\n<meta name=\"twitter:title\" content=\"Disfrutar de la IV Edici\u00f3n del CocidoDay en Castilla y Le\u00f3n \u2013 Destino Castila y Le\u00f3n\" \/>\n<meta name=\"twitter:description\" content=\"Conoce c\u00f3mo fue la iniciativa del CocidoDay en Castilla y Le\u00f3n; esta iniciativa gastron\u00f3mica internacional la vivimos desde el Mes\u00f3n Maryobeli en Cogeces del Monte\" \/>\n<meta name=\"twitter:image\" content=\"http:\/\/destinocastillayleon.es\/index\/wp-content\/uploads\/2017\/04\/6177eb77ab621302005dcdaa5294464e.jpg\" \/>\n<meta name=\"twitter:creator\" content=\"@https:\/\/twitter.com\/ContePantaleone\u200e\" \/>\n<meta name=\"twitter:site\" content=\"@destinocyl\" \/>\n<meta name=\"twitter:label1\" content=\"Escrito por\" \/>\n\t<meta name=\"twitter:data1\" content=\"David V\u00e1zquez\" \/>\n\t<meta name=\"twitter:label2\" content=\"Tiempo de lectura\" \/>\n\t<meta name=\"twitter:data2\" content=\"4 minutos\" \/>\n<script type=\"application\/ld+json\" class=\"yoast-schema-graph\">{\"@context\":\"https:\\\/\\\/schema.org\",\"@graph\":[{\"@type\":\"Article\",\"@id\":\"https:\\\/\\\/destinocastillayleon.es\\\/index\\\/cocidoday-en-castilla-y-leon\\\/#article\",\"isPartOf\":{\"@id\":\"https:\\\/\\\/destinocastillayleon.es\\\/index\\\/cocidoday-en-castilla-y-leon\\\/\"},\"author\":{\"name\":\"David V\u00e1zquez\",\"@id\":\"https:\\\/\\\/destinocastillayleon.es\\\/index\\\/#\\\/schema\\\/person\\\/189221bc8f6cc4fa28b18ad5c289d4c2\"},\"headline\":\"Llega el CocidoDay a Castilla y Le\u00f3n\",\"datePublished\":\"2017-03-15T05:52:26+00:00\",\"dateModified\":\"2017-04-22T21:46:56+00:00\",\"mainEntityOfPage\":{\"@id\":\"https:\\\/\\\/destinocastillayleon.es\\\/index\\\/cocidoday-en-castilla-y-leon\\\/\"},\"wordCount\":859,\"commentCount\":0,\"image\":{\"@id\":\"https:\\\/\\\/destinocastillayleon.es\\\/index\\\/cocidoday-en-castilla-y-leon\\\/#primaryimage\"},\"thumbnailUrl\":\"https:\\\/\\\/destinocastillayleon.es\\\/index\\\/wp-content\\\/uploads\\\/2017\\\/04\\\/6177eb77ab621302005dcdaa5294464e.jpg\",\"keywords\":[\"cocido en Cogeces del monte\",\"CocidoDay en Castilla y Le\u00f3n\",\"comer en Cogeces del Monte\",\"Conoce c\u00f3mo fue la iniciativa del CocidoDay en Castilla y Le\u00f3n; esta iniciativa gastron\u00f3mica\",\"d\u00eda internacional del cocido\",\"Disfrutar de la IV Edici\u00f3n del CocidoDay en Castilla y Le\u00f3n \u2013 Destino Castila y Le\u00f3n\",\"Llega el CocidoDay a Castilla y Le\u00f3n\",\"mes\u00f3n maryobeli\"],\"articleSection\":[\"Actualidad\",\"Gastronomia\",\"jornadas gastron\u00f3micas\",\"Post_inicial\",\"Provincias\",\"Valladolid\",\"Valladolid Gastronom\u00eda\"],\"inLanguage\":\"es\",\"potentialAction\":[{\"@type\":\"CommentAction\",\"name\":\"Comment\",\"target\":[\"https:\\\/\\\/destinocastillayleon.es\\\/index\\\/cocidoday-en-castilla-y-leon\\\/#respond\"]}]},{\"@type\":\"WebPage\",\"@id\":\"https:\\\/\\\/destinocastillayleon.es\\\/index\\\/cocidoday-en-castilla-y-leon\\\/\",\"url\":\"https:\\\/\\\/destinocastillayleon.es\\\/index\\\/cocidoday-en-castilla-y-leon\\\/\",\"name\":\"IV Edici\u00f3n del CocidoDay en Castilla y Le\u00f3n \u2013 Destino Castila y Le\u00f3n\",\"isPartOf\":{\"@id\":\"https:\\\/\\\/destinocastillayleon.es\\\/index\\\/#website\"},\"primaryImageOfPage\":{\"@id\":\"https:\\\/\\\/destinocastillayleon.es\\\/index\\\/cocidoday-en-castilla-y-leon\\\/#primaryimage\"},\"image\":{\"@id\":\"https:\\\/\\\/destinocastillayleon.es\\\/index\\\/cocidoday-en-castilla-y-leon\\\/#primaryimage\"},\"thumbnailUrl\":\"https:\\\/\\\/destinocastillayleon.es\\\/index\\\/wp-content\\\/uploads\\\/2017\\\/04\\\/6177eb77ab621302005dcdaa5294464e.jpg\",\"datePublished\":\"2017-03-15T05:52:26+00:00\",\"dateModified\":\"2017-04-22T21:46:56+00:00\",\"author\":{\"@id\":\"https:\\\/\\\/destinocastillayleon.es\\\/index\\\/#\\\/schema\\\/person\\\/189221bc8f6cc4fa28b18ad5c289d4c2\"},\"description\":\"Conoce la iniciativa del CocidoDay en Castilla y Le\u00f3n; esta cita gastron\u00f3mica internacional la vivimos desde el Mes\u00f3n Maryobeli en Cogeces del Monte\",\"breadcrumb\":{\"@id\":\"https:\\\/\\\/destinocastillayleon.es\\\/index\\\/cocidoday-en-castilla-y-leon\\\/#breadcrumb\"},\"inLanguage\":\"es\",\"potentialAction\":[{\"@type\":\"ReadAction\",\"target\":[\"https:\\\/\\\/destinocastillayleon.es\\\/index\\\/cocidoday-en-castilla-y-leon\\\/\"]}]},{\"@type\":\"ImageObject\",\"inLanguage\":\"es\",\"@id\":\"https:\\\/\\\/destinocastillayleon.es\\\/index\\\/cocidoday-en-castilla-y-leon\\\/#primaryimage\",\"url\":\"https:\\\/\\\/destinocastillayleon.es\\\/index\\\/wp-content\\\/uploads\\\/2017\\\/04\\\/6177eb77ab621302005dcdaa5294464e.jpg\",\"contentUrl\":\"https:\\\/\\\/destinocastillayleon.es\\\/index\\\/wp-content\\\/uploads\\\/2017\\\/04\\\/6177eb77ab621302005dcdaa5294464e.jpg\",\"width\":1200,\"height\":800,\"caption\":\"CocidoDay en Castilla y Le\u00f3n\"},{\"@type\":\"BreadcrumbList\",\"@id\":\"https:\\\/\\\/destinocastillayleon.es\\\/index\\\/cocidoday-en-castilla-y-leon\\\/#breadcrumb\",\"itemListElement\":[{\"@type\":\"ListItem\",\"position\":1,\"name\":\"Portada\",\"item\":\"https:\\\/\\\/destinocastillayleon.es\\\/index\\\/\"},{\"@type\":\"ListItem\",\"position\":2,\"name\":\"Llega el CocidoDay a Castilla y Le\u00f3n\"}]},{\"@type\":\"WebSite\",\"@id\":\"https:\\\/\\\/destinocastillayleon.es\\\/index\\\/#website\",\"url\":\"https:\\\/\\\/destinocastillayleon.es\\\/index\\\/\",\"name\":\"Destino Castilla y Le\u00f3n\",\"description\":\"Medio digital independiente y revista de Castilla y Le\u00f3n dedicado al turismo, gastronom\u00eda y vino de Castilla y Le\u00f3n\",\"potentialAction\":[{\"@type\":\"SearchAction\",\"target\":{\"@type\":\"EntryPoint\",\"urlTemplate\":\"https:\\\/\\\/destinocastillayleon.es\\\/index\\\/?s={search_term_string}\"},\"query-input\":{\"@type\":\"PropertyValueSpecification\",\"valueRequired\":true,\"valueName\":\"search_term_string\"}}],\"inLanguage\":\"es\"},{\"@type\":\"Person\",\"@id\":\"https:\\\/\\\/destinocastillayleon.es\\\/index\\\/#\\\/schema\\\/person\\\/189221bc8f6cc4fa28b18ad5c289d4c2\",\"name\":\"David V\u00e1zquez\",\"image\":{\"@type\":\"ImageObject\",\"inLanguage\":\"es\",\"@id\":\"https:\\\/\\\/secure.gravatar.com\\\/avatar\\\/cd12db6c575a90c3b75cfa0f794b74d425201c768612fad17e9f13cd33d48be8?s=96&d=mm&r=g\",\"url\":\"https:\\\/\\\/secure.gravatar.com\\\/avatar\\\/cd12db6c575a90c3b75cfa0f794b74d425201c768612fad17e9f13cd33d48be8?s=96&d=mm&r=g\",\"contentUrl\":\"https:\\\/\\\/secure.gravatar.com\\\/avatar\\\/cd12db6c575a90c3b75cfa0f794b74d425201c768612fad17e9f13cd33d48be8?s=96&d=mm&r=g\",\"caption\":\"David V\u00e1zquez\"},\"description\":\"Ingeniero Industrial de vocaci\u00f3n y profesi\u00f3n, he encontrado en los blogs la forma de plasmar mi pasi\u00f3n por los viajes, la gastronom\u00eda y los vinos. Especialmente los procedentes de Castilla y Le\u00f3n\",\"sameAs\":[\"https:\\\/\\\/www.destinocastillayleon.es\",\"https:\\\/\\\/www.facebook.com\\\/profile.php?id=1158416854\",\"https:\\\/\\\/instagram.com\\\/conte.pantaleone\",\"https:\\\/\\\/www.linkedin.com\\\/pub\\\/david-vazquez-lozano\\\/37\\\/17a\\\/25a\",\"https:\\\/\\\/x.com\\\/https:\\\/\\\/twitter.com\\\/ContePantaleone\u200e\"],\"url\":\"https:\\\/\\\/destinocastillayleon.es\\\/index\\\/author\\\/coadministradorcyl\\\/\"}]}<\/script>\n<!-- \/ Yoast SEO Premium plugin. -->","yoast_head_json":{"title":"IV Edici\u00f3n del CocidoDay en Castilla y Le\u00f3n \u2013 Destino Castila y Le\u00f3n","description":"Conoce la iniciativa del CocidoDay en Castilla y Le\u00f3n; esta cita gastron\u00f3mica internacional la vivimos desde el Mes\u00f3n Maryobeli en Cogeces del Monte","robots":{"index":"index","follow":"follow","max-snippet":"max-snippet:-1","max-image-preview":"max-image-preview:large","max-video-preview":"max-video-preview:-1"},"canonical":"https:\/\/destinocastillayleon.es\/index\/cocidoday-en-castilla-y-leon\/","og_locale":"es_ES","og_type":"article","og_title":"Disfrutar de la IV Edici\u00f3n del CocidoDay en Castilla y Le\u00f3n \u2013 Destino Castila y Le\u00f3n","og_description":"Conoce c\u00f3mo fue la iniciativa del CocidoDay en Castilla y Le\u00f3n; esta iniciativa gastron\u00f3mica internacional la vivimos desde el Mes\u00f3n Maryobeli en Cogeces del Monte","og_url":"https:\/\/destinocastillayleon.es\/index\/cocidoday-en-castilla-y-leon\/","og_site_name":"Destino Castilla y Le\u00f3n","article_publisher":"https:\/\/www.facebook.com\/DestinoCastillaYLeon\/","article_author":"https:\/\/www.facebook.com\/profile.php?id=1158416854","article_published_time":"2017-03-15T05:52:26+00:00","article_modified_time":"2017-04-22T21:46:56+00:00","og_image":[{"width":1200,"height":800,"url":"https:\/\/destinocastillayleon.es\/index\/wp-content\/uploads\/2017\/04\/6177eb77ab621302005dcdaa5294464e.jpg","type":"image\/jpeg"}],"author":"David V\u00e1zquez","twitter_card":"summary_large_image","twitter_title":"Disfrutar de la IV Edici\u00f3n del CocidoDay en Castilla y Le\u00f3n \u2013 Destino Castila y Le\u00f3n","twitter_description":"Conoce c\u00f3mo fue la iniciativa del CocidoDay en Castilla y Le\u00f3n; esta iniciativa gastron\u00f3mica internacional la vivimos desde el Mes\u00f3n Maryobeli en Cogeces del Monte","twitter_image":"http:\/\/destinocastillayleon.es\/index\/wp-content\/uploads\/2017\/04\/6177eb77ab621302005dcdaa5294464e.jpg","twitter_creator":"@https:\/\/twitter.com\/ContePantaleone\u200e","twitter_site":"@destinocyl","twitter_misc":{"Escrito por":"David V\u00e1zquez","Tiempo de lectura":"4 minutos"},"schema":{"@context":"https:\/\/schema.org","@graph":[{"@type":"Article","@id":"https:\/\/destinocastillayleon.es\/index\/cocidoday-en-castilla-y-leon\/#article","isPartOf":{"@id":"https:\/\/destinocastillayleon.es\/index\/cocidoday-en-castilla-y-leon\/"},"author":{"name":"David V\u00e1zquez","@id":"https:\/\/destinocastillayleon.es\/index\/#\/schema\/person\/189221bc8f6cc4fa28b18ad5c289d4c2"},"headline":"Llega el CocidoDay a Castilla y Le\u00f3n","datePublished":"2017-03-15T05:52:26+00:00","dateModified":"2017-04-22T21:46:56+00:00","mainEntityOfPage":{"@id":"https:\/\/destinocastillayleon.es\/index\/cocidoday-en-castilla-y-leon\/"},"wordCount":859,"commentCount":0,"image":{"@id":"https:\/\/destinocastillayleon.es\/index\/cocidoday-en-castilla-y-leon\/#primaryimage"},"thumbnailUrl":"https:\/\/destinocastillayleon.es\/index\/wp-content\/uploads\/2017\/04\/6177eb77ab621302005dcdaa5294464e.jpg","keywords":["cocido en Cogeces del monte","CocidoDay en Castilla y Le\u00f3n","comer en Cogeces del Monte","Conoce c\u00f3mo fue la iniciativa del CocidoDay en Castilla y Le\u00f3n; esta iniciativa gastron\u00f3mica","d\u00eda internacional del cocido","Disfrutar de la IV Edici\u00f3n del CocidoDay en Castilla y Le\u00f3n \u2013 Destino Castila y Le\u00f3n","Llega el CocidoDay a Castilla y Le\u00f3n","mes\u00f3n maryobeli"],"articleSection":["Actualidad","Gastronomia","jornadas gastron\u00f3micas","Post_inicial","Provincias","Valladolid","Valladolid Gastronom\u00eda"],"inLanguage":"es","potentialAction":[{"@type":"CommentAction","name":"Comment","target":["https:\/\/destinocastillayleon.es\/index\/cocidoday-en-castilla-y-leon\/#respond"]}]},{"@type":"WebPage","@id":"https:\/\/destinocastillayleon.es\/index\/cocidoday-en-castilla-y-leon\/","url":"https:\/\/destinocastillayleon.es\/index\/cocidoday-en-castilla-y-leon\/","name":"IV Edici\u00f3n del CocidoDay en Castilla y Le\u00f3n \u2013 Destino Castila y Le\u00f3n","isPartOf":{"@id":"https:\/\/destinocastillayleon.es\/index\/#website"},"primaryImageOfPage":{"@id":"https:\/\/destinocastillayleon.es\/index\/cocidoday-en-castilla-y-leon\/#primaryimage"},"image":{"@id":"https:\/\/destinocastillayleon.es\/index\/cocidoday-en-castilla-y-leon\/#primaryimage"},"thumbnailUrl":"https:\/\/destinocastillayleon.es\/index\/wp-content\/uploads\/2017\/04\/6177eb77ab621302005dcdaa5294464e.jpg","datePublished":"2017-03-15T05:52:26+00:00","dateModified":"2017-04-22T21:46:56+00:00","author":{"@id":"https:\/\/destinocastillayleon.es\/index\/#\/schema\/person\/189221bc8f6cc4fa28b18ad5c289d4c2"},"description":"Conoce la iniciativa del CocidoDay en Castilla y Le\u00f3n; esta cita gastron\u00f3mica internacional la vivimos desde el Mes\u00f3n Maryobeli en Cogeces del Monte","breadcrumb":{"@id":"https:\/\/destinocastillayleon.es\/index\/cocidoday-en-castilla-y-leon\/#breadcrumb"},"inLanguage":"es","potentialAction":[{"@type":"ReadAction","target":["https:\/\/destinocastillayleon.es\/index\/cocidoday-en-castilla-y-leon\/"]}]},{"@type":"ImageObject","inLanguage":"es","@id":"https:\/\/destinocastillayleon.es\/index\/cocidoday-en-castilla-y-leon\/#primaryimage","url":"https:\/\/destinocastillayleon.es\/index\/wp-content\/uploads\/2017\/04\/6177eb77ab621302005dcdaa5294464e.jpg","contentUrl":"https:\/\/destinocastillayleon.es\/index\/wp-content\/uploads\/2017\/04\/6177eb77ab621302005dcdaa5294464e.jpg","width":1200,"height":800,"caption":"CocidoDay en Castilla y Le\u00f3n"},{"@type":"BreadcrumbList","@id":"https:\/\/destinocastillayleon.es\/index\/cocidoday-en-castilla-y-leon\/#breadcrumb","itemListElement":[{"@type":"ListItem","position":1,"name":"Portada","item":"https:\/\/destinocastillayleon.es\/index\/"},{"@type":"ListItem","position":2,"name":"Llega el CocidoDay a Castilla y Le\u00f3n"}]},{"@type":"WebSite","@id":"https:\/\/destinocastillayleon.es\/index\/#website","url":"https:\/\/destinocastillayleon.es\/index\/","name":"Destino Castilla y Le\u00f3n","description":"Medio digital independiente y revista de Castilla y Le\u00f3n dedicado al turismo, gastronom\u00eda y vino de Castilla y Le\u00f3n","potentialAction":[{"@type":"SearchAction","target":{"@type":"EntryPoint","urlTemplate":"https:\/\/destinocastillayleon.es\/index\/?s={search_term_string}"},"query-input":{"@type":"PropertyValueSpecification","valueRequired":true,"valueName":"search_term_string"}}],"inLanguage":"es"},{"@type":"Person","@id":"https:\/\/destinocastillayleon.es\/index\/#\/schema\/person\/189221bc8f6cc4fa28b18ad5c289d4c2","name":"David V\u00e1zquez","image":{"@type":"ImageObject","inLanguage":"es","@id":"https:\/\/secure.gravatar.com\/avatar\/cd12db6c575a90c3b75cfa0f794b74d425201c768612fad17e9f13cd33d48be8?s=96&d=mm&r=g","url":"https:\/\/secure.gravatar.com\/avatar\/cd12db6c575a90c3b75cfa0f794b74d425201c768612fad17e9f13cd33d48be8?s=96&d=mm&r=g","contentUrl":"https:\/\/secure.gravatar.com\/avatar\/cd12db6c575a90c3b75cfa0f794b74d425201c768612fad17e9f13cd33d48be8?s=96&d=mm&r=g","caption":"David V\u00e1zquez"},"description":"Ingeniero Industrial de vocaci\u00f3n y profesi\u00f3n, he encontrado en los blogs la forma de plasmar mi pasi\u00f3n por los viajes, la gastronom\u00eda y los vinos. Especialmente los procedentes de Castilla y Le\u00f3n","sameAs":["https:\/\/www.destinocastillayleon.es","https:\/\/www.facebook.com\/profile.php?id=1158416854","https:\/\/instagram.com\/conte.pantaleone","https:\/\/www.linkedin.com\/pub\/david-vazquez-lozano\/37\/17a\/25a","https:\/\/x.com\/https:\/\/twitter.com\/ContePantaleone\u200e"],"url":"https:\/\/destinocastillayleon.es\/index\/author\/coadministradorcyl\/"}]}},"_links":{"self":[{"href":"https:\/\/destinocastillayleon.es\/index\/wp-json\/wp\/v2\/posts\/24839","targetHints":{"allow":["GET"]}}],"collection":[{"href":"https:\/\/destinocastillayleon.es\/index\/wp-json\/wp\/v2\/posts"}],"about":[{"href":"https:\/\/destinocastillayleon.es\/index\/wp-json\/wp\/v2\/types\/post"}],"author":[{"embeddable":true,"href":"https:\/\/destinocastillayleon.es\/index\/wp-json\/wp\/v2\/users\/2"}],"replies":[{"embeddable":true,"href":"https:\/\/destinocastillayleon.es\/index\/wp-json\/wp\/v2\/comments?post=24839"}],"version-history":[{"count":10,"href":"https:\/\/destinocastillayleon.es\/index\/wp-json\/wp\/v2\/posts\/24839\/revisions"}],"predecessor-version":[{"id":25205,"href":"https:\/\/destinocastillayleon.es\/index\/wp-json\/wp\/v2\/posts\/24839\/revisions\/25205"}],"wp:featuredmedia":[{"embeddable":true,"href":"https:\/\/destinocastillayleon.es\/index\/wp-json\/wp\/v2\/media\/25199"}],"wp:attachment":[{"href":"https:\/\/destinocastillayleon.es\/index\/wp-json\/wp\/v2\/media?parent=24839"}],"wp:term":[{"taxonomy":"category","embeddable":true,"href":"https:\/\/destinocastillayleon.es\/index\/wp-json\/wp\/v2\/categories?post=24839"},{"taxonomy":"post_tag","embeddable":true,"href":"https:\/\/destinocastillayleon.es\/index\/wp-json\/wp\/v2\/tags?post=24839"}],"curies":[{"name":"wp","href":"https:\/\/api.w.org\/{rel}","templated":true}]}}