{"id":24486,"date":"2017-02-03T06:55:22","date_gmt":"2017-02-03T05:55:22","guid":{"rendered":"http:\/\/destinocastillayleon.es\/index\/?p=24486"},"modified":"2024-02-06T16:10:59","modified_gmt":"2024-02-06T15:10:59","slug":"catedral-nueva-de-salamanca","status":"publish","type":"post","link":"https:\/\/destinocastillayleon.es\/index\/catedral-nueva-de-salamanca\/","title":{"rendered":"Gu\u00eda de la ciudad de Salamanca II: La Catedral Nueva de Salamanca"},"content":{"rendered":"<p>Vamos a continuar <strong>conociendo la Catedral de Salamanca<\/strong>, como ya os contamos <a href=\"http:\/\/destinocastillayleon.es\/index\/la-catedral-vieja-de-salamanca\/\">la Catedral Vieja<\/a>, por seguir en orden cronol\u00f3gico ahora <strong>exploraremos con detalle la Catedral Nueva de Salamanca<\/strong>, dedicada a la Asunci\u00f3n de la Virgen.<\/p>\n<p><strong>Este conjunto catedralicio casi \u00fanico, se complementan notoriamente<\/strong>; fueron y siguen siendo <strong>uno de los puntos m\u00e1s importantes de esta ciudad dorada<\/strong> del r\u00edo Tormes.<\/p>\n<p>&nbsp;<\/p>\n<h2><strong>Catedral Nueva de La Asunci\u00f3n de la Virgen<\/strong><\/h2>\n<h3><strong>Un repaso general de esta catedral, una de las \u00faltimas en estilo g\u00f3tico<\/strong><\/h3>\n<p>La catedral Nueva <strong>est\u00e1 adosada a la Vieja, se comenz\u00f3 a construir en 1513<\/strong>, cuando se ve\u00eda que con la importancia que estaba adquiriendo la ciudad universitaria, el templo rom\u00e1nico se quedaba peque\u00f1o para la poblaci\u00f3n creciente en la ciudad.<\/p>\n<p><strong>Las obras se dieron por finalizadas en 1733<\/strong>, y aunque en un principio pensaron derruir la antigua catedral de Santa Mar\u00eda, finalmente se impuso conservarla. Esto se debi\u00f3 a que se sigui\u00f3 el criterio de mantenerla abierta al culto mientras se realizaba la construcci\u00f3n de la nueva.<\/p>\n<figure id=\"attachment_20777\" aria-describedby=\"caption-attachment-20777\" style=\"width: 640px\" class=\"wp-caption aligncenter\"><img decoding=\"async\" src=\"http:\/\/destinocastillayleon.es\/index\/wp-content\/uploads\/2015\/10\/Salamanca-al-atardecer.jpg\" alt=\"Salamanca al atardecer Fuente: salamanca-salamanca2013.blogspot.com\" width=\"640\" height=\"407\" class=\"size-full wp-image-20777\" srcset=\"https:\/\/destinocastillayleon.es\/index\/wp-content\/uploads\/2015\/10\/Salamanca-al-atardecer.jpg 640w, https:\/\/destinocastillayleon.es\/index\/wp-content\/uploads\/2015\/10\/Salamanca-al-atardecer-300x191.jpg 300w\" sizes=\"(max-width: 640px) 100vw, 640px\" \/><figcaption id=\"caption-attachment-20777\" class=\"wp-caption-text\">Salamanca al atardecer cons sus dos catedrales &#8211; Imagen de salamanca2013.blogspot.com<\/figcaption><\/figure>\n<p>Para la construcci\u00f3n de esta gran catedral, <strong>se consigui\u00f3 el apoyo del rey Fernando II de Arag\u00f3n, el cat\u00f3lico<\/strong>, quien en 1509 orden\u00f3 a los arquitectos que hab\u00edan trabajado en Toledo y Sevilla, Ant\u00f3n Egas y Alonso Rodr\u00edguez, que fueran a Salamanca para proyectar el nuevo templo.<\/p>\n<p>La catedral <strong>se proyect\u00f3 paralela a la vieja<\/strong>, realizada con <strong>piedra franca de Villamayor y en estilo g\u00f3tico<\/strong>. Tiene una planta con tres naves y dos m\u00e1s de capillas hornacina, que se terminaron en 1520. <strong>El maestro de obra Juan Gil de Honta\u00f1\u00f3n se hizo cargo como maestro mayor de obras de la construcci\u00f3n de la Catedral Nueva parte izquierda, y su disc\u00edpulo Juan de \u00c1lava por la parte derecha<\/strong>. Este \u00faltimo fue uno de los iniciadores del estilo plateresco que se terminar\u00eda imponiendo como un estilo arquitect\u00f3nico t\u00edpicamente hisp\u00e1nico. <\/p>\n<p>Aunque originalmente la idea era tener una girola en la cabecera y \u00e1bsides poligonales, <strong>los retrasos en la obra hicieron que se cambiase a una cabecera plana<\/strong>, siguiendo el modelo dise\u00f1ado por Juan de Herrera para <a href=\"http:\/\/destinocastillayleon.es\/index\/la-catedral-de-valladolid\/\">la Catedral de Valladolid<\/a>,<\/p>\n<p><center><img decoding=\"async\" src=\"http:\/\/upload.wikimedia.org\/wikipedia\/commons\/thumb\/6\/6a\/Valladolid_%28Espa%C3%B1a%29%2C_Catedral._Proyecto_ideal_de_Juan_de_Herrera%2C_seg%C3%BAn_Chueca-Goitia..JPG\/350px-Valladolid_%28Espa%C3%B1a%29%2C_Catedral._Proyecto_ideal_de_Juan_de_Herrera%2C_seg%C3%BAn_Chueca-Goitia..JPG\" alt=\"Catedral de Valladolid\" \/><br \/>\n<font size=\"2\"><em>Dise\u00f1o de la Catedral de Valladolid seg\u00fan planos de Juan de Herrera<\/em><\/font><\/center><\/p>\n<h4><strong>El cimborrio<\/strong><\/h4>\n<p>El cimborrio, posiblemente <strong>uno de los elementos m\u00e1s caracter\u00edsticos de esta gran Catedral<\/strong> se realiz\u00f3 casi en el siglo XVIII, por <strong><a href=\"https:\/\/es.wikipedia.org\/wiki\/Joaqu%C3%ADn_de_Churriguera\" target=\"_blank\" rel=\"noopener\">Joaqu\u00edn Churriguera<\/a><\/strong>, con <strong>un tambor cil\u00edndrico<\/strong>, que libera espacios para incluir unos amplios ventanales y <strong>se remata con una c\u00fapula semiesf\u00e9rica con linterna en su cumbre<\/strong>.<\/p>\n<p><a href=\"http:\/\/catedralsalamanca.org\/catedral-nueva\/\" target=\"_Blank\" rel=\"noopener\"> <figure id=\"attachment_24511\" aria-describedby=\"caption-attachment-24511\" style=\"width: 420px\" class=\"wp-caption aligncenter\"><img decoding=\"async\" src=\"http:\/\/destinocastillayleon.es\/index\/wp-content\/uploads\/2017\/01\/Cimbrorrio-de-la-Catedral-nueva-de-Salamanca-Imagen-de-CatedralSalmanca.jpg\" alt=\"Cimbrorrio de la Catedral nueva de Salamanca - Imagen de CatedralSalmanca\" width=\"420\" height=\"629\" class=\"size-full wp-image-24511\" srcset=\"https:\/\/destinocastillayleon.es\/index\/wp-content\/uploads\/2017\/01\/Cimbrorrio-de-la-Catedral-nueva-de-Salamanca-Imagen-de-CatedralSalmanca.jpg 355w, https:\/\/destinocastillayleon.es\/index\/wp-content\/uploads\/2017\/01\/Cimbrorrio-de-la-Catedral-nueva-de-Salamanca-Imagen-de-CatedralSalmanca-200x300.jpg 200w, https:\/\/destinocastillayleon.es\/index\/wp-content\/uploads\/2017\/01\/Cimbrorrio-de-la-Catedral-nueva-de-Salamanca-Imagen-de-CatedralSalmanca-300x449.jpg 300w\" sizes=\"(max-width: 420px) 100vw, 420px\" \/><figcaption id=\"caption-attachment-24511\" class=\"wp-caption-text\">Cimbrorrio de la Catedral nueva de Salamanca &#8211; Imagen de CatedralSalmanca<\/figcaption><\/figure><\/a><\/p>\n<p>Debido al <strong>terremoto de Lisboa de 1755<\/strong>, fue necesaria la sustituci\u00f3n de la c\u00fapula del cimborrio, por otra en estilo neocl\u00e1sico.<br \/>\n&nbsp;<\/p>\n<h4><strong>El Campanario de la Catedral<\/strong><\/h4>\n<p>El campanario, <strong>construido sobre el original de la Catedral Vieja<\/strong>, y que seg\u00fan parece, se parec\u00eda mucho al de la Catedral de Segovia, <strong>tambi\u00e9n sufri\u00f3 da\u00f1os considerables<\/strong>, alcanzando un \u00e1ngulo de inclinaci\u00f3n bastante cr\u00edtico y un alto riesgo de colapso. Para reparar estos da\u00f1os, se realiz\u00f3 una camisa de pesada piedra que envolvi\u00f3 la torre da\u00f1ada. Nos quit\u00f3 la vista, pero al menos conservamos la original. <\/p>\n<p><figure id=\"attachment_24495\" aria-describedby=\"caption-attachment-24495\" style=\"width: 640px\" class=\"wp-caption aligncenter\"><img decoding=\"async\" src=\"http:\/\/destinocastillayleon.es\/index\/wp-content\/uploads\/2017\/01\/8121dca4f34392f878982e28c0bf40c2.jpg\" alt=\"Esquina de la Catedral nueva de Salamanca - Destino Castilla y Le\u00f3n\" width=\"640\" height=\"400\" class=\"size-full wp-image-24495\" srcset=\"https:\/\/destinocastillayleon.es\/index\/wp-content\/uploads\/2017\/01\/8121dca4f34392f878982e28c0bf40c2.jpg 640w, https:\/\/destinocastillayleon.es\/index\/wp-content\/uploads\/2017\/01\/8121dca4f34392f878982e28c0bf40c2-300x188.jpg 300w\" sizes=\"(max-width: 640px) 100vw, 640px\" \/><figcaption id=\"caption-attachment-24495\" class=\"wp-caption-text\">Esquina de la Catedral nueva de Salamanca &#8211; Destino Castilla y Le\u00f3n<\/figcaption><\/figure><br \/>\n&nbsp;<\/p>\n<h4><strong>El Mariquelo<\/strong><\/h4>\n<p>Debido a la inestabilidad de la torre, <strong>fue necesario subir a comprobar los da\u00f1os<\/strong>. Tan solo un miembro de <strong>la familia Mariquelo<\/strong> se atrevi\u00f3. Subi\u00f3 y dio Dios porque pese a los da\u00f1os, no se produjeron muertes. As\u00ed, <strong>se inici\u00f3 una tradici\u00f3n en esta familia en subir todos los a\u00f1os para realizar este agradecimiento, tocando las campanas<\/strong>. Esta tradici\u00f3n se perdi\u00f3 durante unos a\u00f1os del siglo XX, pero desde hace unos cuantos a\u00f1os, se ha vuelto a retomar <strong>todos los  31 de octubre<\/strong>, aunque el \u00faltimo descendiente directo de esta familia ya no es el encargado de hacerlo.<\/p>\n<p><figure id=\"attachment_24514\" aria-describedby=\"caption-attachment-24514\" style=\"width: 420px\" class=\"wp-caption aligncenter\"><img decoding=\"async\" src=\"http:\/\/destinocastillayleon.es\/index\/wp-content\/uploads\/2017\/01\/El-Mariquelo-Imagen-de-El-Diario-de-Valladolid.jpg\" alt=\"El Mariquelo - Imagen de El Diario de Valladolid\" width=\"420\" height=\"436\" class=\"size-full wp-image-24514\" srcset=\"https:\/\/destinocastillayleon.es\/index\/wp-content\/uploads\/2017\/01\/El-Mariquelo-Imagen-de-El-Diario-de-Valladolid.jpg 420w, https:\/\/destinocastillayleon.es\/index\/wp-content\/uploads\/2017\/01\/El-Mariquelo-Imagen-de-El-Diario-de-Valladolid-289x300.jpg 289w, https:\/\/destinocastillayleon.es\/index\/wp-content\/uploads\/2017\/01\/El-Mariquelo-Imagen-de-El-Diario-de-Valladolid-300x311.jpg 300w\" sizes=\"(max-width: 420px) 100vw, 420px\" \/><figcaption id=\"caption-attachment-24514\" class=\"wp-caption-text\">El Mariquelo &#8211; Imagen de <a href=\"http:\/\/www.diariodevalladolid.es\/noticias\/cultura\/el-mariquelo-recuerda-santa-teresa-tradicional-subida-alto-catedral_4892.html\" rel=\"NoFollow noopener\" target=\"_Blank\"><u>El Diario de Valladolid<\/u><\/a><\/figcaption><\/figure><br \/>\n&nbsp;<\/p>\n<h4><strong>Las fachadas exteriores de la Catedral<\/strong><\/h4>\n<p>Del exterior de esta catedral <strong>cabr\u00eda destacar la fachada principal<\/strong>, donde podemos encontrar el <strong>marcado estilo plateresco<\/strong> en sus <strong>tres p\u00f3rticos retablos<\/strong>; Los laterales dedicados al Nacimiento y Epifan\u00eda del Se\u00f1or; y el central al Cristo Crucificado y su ascensi\u00f3n a los Cielos.<\/p>\n<p><a href=\"http:\/\/megaconstrucciones.net\/?construccion=catedral-nueva-salamanca\" target=\"_Blank\" rel=\"noopener\"> <figure id=\"attachment_24497\" aria-describedby=\"caption-attachment-24497\" style=\"width: 420px\" class=\"wp-caption aligncenter\"><img decoding=\"async\" src=\"http:\/\/destinocastillayleon.es\/index\/wp-content\/uploads\/2017\/01\/Fachada-principal-de-la-Catedral-Nueva-de-Salamanca-Imagen-de-MegaConstruciones.jpg\" alt=\"Fachada principal de la Catedral Nueva de Salamanca - Imagen de MegaConstruciones\" width=\"420\" height=\"610\" class=\"size-full wp-image-24497\" srcset=\"https:\/\/destinocastillayleon.es\/index\/wp-content\/uploads\/2017\/01\/Fachada-principal-de-la-Catedral-Nueva-de-Salamanca-Imagen-de-MegaConstruciones.jpg 366w, https:\/\/destinocastillayleon.es\/index\/wp-content\/uploads\/2017\/01\/Fachada-principal-de-la-Catedral-Nueva-de-Salamanca-Imagen-de-MegaConstruciones-207x300.jpg 207w, https:\/\/destinocastillayleon.es\/index\/wp-content\/uploads\/2017\/01\/Fachada-principal-de-la-Catedral-Nueva-de-Salamanca-Imagen-de-MegaConstruciones-300x436.jpg 300w\" sizes=\"(max-width: 420px) 100vw, 420px\" \/><figcaption id=\"caption-attachment-24497\" class=\"wp-caption-text\">Fachada principal de la Catedral Nueva de Salamanca &#8211; Imagen de MegaConstruciones<\/figcaption><\/figure><\/a><br \/>\n&nbsp;<br \/>\nLa otra fachada importante es <strong>la lateral norte<\/strong>, con otra entrada retablo. Durante la ocupaci\u00f3n francesa, <strong>el ej\u00e9rcito napole\u00f3nico derrumb\u00f3 las construcciones pr\u00f3ximas a la catedral<\/strong>, lo que dio lugar a <strong>la actual plaza de Anaya<\/strong>, Muchas de sus esculturas fueron mutiladas, o directamente destruidas. <strong>Estas esculturas fueron rehabilitadas o reconstruidas en el siglo XX<\/strong>; fruto de esta intervenci\u00f3n, <strong>encontramos actualmente esculturas que nada tienen que ver con las originales<\/strong>, pero que durante un tiempo crearon un cierta pol\u00e9mica sobre si estaban adelantadas a su tiempo; como por ejemplo <strong>el famoso astronauta<\/strong>, o el <strong>diablo comiendo un helado de cono<\/strong>.<\/p>\n<p><center><img decoding=\"async\" src=\"http:\/\/destinocastillayleon.es\/index\/wp-content\/uploads\/2017\/02\/30dae34987f08a56eb20b835b92e1fdf.jpg\" alt=\"Fachada norte de la Catedral nueva de Salamanca - Destino Castilla y Le\u00f3n\" width=\"640\" height=\"503\" class=\"size-full wp-image-24524\" srcset=\"https:\/\/destinocastillayleon.es\/index\/wp-content\/uploads\/2017\/02\/30dae34987f08a56eb20b835b92e1fdf.jpg 640w, https:\/\/destinocastillayleon.es\/index\/wp-content\/uploads\/2017\/02\/30dae34987f08a56eb20b835b92e1fdf-300x236.jpg 300w\" sizes=\"(max-width: 640px) 100vw, 640px\" \/><br \/>\n<font size=\"2\">Fachada norte de la Catedral nueva de Salamanca, con sus famosas esculturas a\u00f1adidas &#8211; Destino Castilla y Le\u00f3n<\/font><\/center><br \/>\n&nbsp;<\/p>\n<h3><strong>El interior de la Catedral nueva de Salamanca<\/strong><\/h3>\n<p>El interior se divide en <strong>tres naves<\/strong> en, con <strong>una planta basilical de forma rectangular y de gran belleza<\/strong>. Los laterales se usan para la incorporaci\u00f3n de capillas, dejando en el centro los elementos m\u00e1s impresionantes. <\/p>\n<p><figure id=\"attachment_24416\" aria-describedby=\"caption-attachment-24416\" style=\"width: 640px\" class=\"wp-caption aligncenter\"><img decoding=\"async\" src=\"http:\/\/destinocastillayleon.es\/index\/wp-content\/uploads\/2017\/01\/82dac84618d2cf5e737417a17063dec3.jpg\" alt=\"Planta de la Catedral nueva de Salamanca - Destino Castilla y Le\u00f3n\" width=\"640\" height=\"575\" class=\"size-full wp-image-24416\" srcset=\"https:\/\/destinocastillayleon.es\/index\/wp-content\/uploads\/2017\/01\/82dac84618d2cf5e737417a17063dec3.jpg 591w, https:\/\/destinocastillayleon.es\/index\/wp-content\/uploads\/2017\/01\/82dac84618d2cf5e737417a17063dec3-300x270.jpg 300w\" sizes=\"(max-width: 640px) 100vw, 640px\" \/><figcaption id=\"caption-attachment-24416\" class=\"wp-caption-text\">Planta de la Catedral nueva de Salamanca &#8211; Destino Castilla y Le\u00f3n<\/figcaption><\/figure><br \/>\n&nbsp;<\/p>\n<h4><strong>El Coro de la Catedral Nueva de Salamanca<\/strong><\/h4>\n<p>En el interior de esta Catedral, <strong>se encuentra un coro, situado en el segundo tramo de la nave central<\/strong>. Construido por Joaqu\u00edn Churriguera en estilo barroco. Posee dos alturas de asientos, con 57 sillas en la bancada superior y 41 en la inferior.<\/p>\n<p><a href=\"http:\/\/salamancapasoapaso.blogspot.com.es\/2012\/03\/catedral-nueva.html\" target=\"_Blank\" rel=\"noopener\"><figure id=\"attachment_24515\" aria-describedby=\"caption-attachment-24515\" style=\"width: 640px\" class=\"wp-caption aligncenter\"><img decoding=\"async\" src=\"http:\/\/destinocastillayleon.es\/index\/wp-content\/uploads\/2017\/01\/1cb36c57740295d02eb035ed46b709c6.jpg\" alt=\"Siller\u00eda y Coro de la Catedral nueva de Salamanca\" width=\"640\" height=\"380\" class=\"size-full wp-image-24515\" srcset=\"https:\/\/destinocastillayleon.es\/index\/wp-content\/uploads\/2017\/01\/1cb36c57740295d02eb035ed46b709c6.jpg 640w, https:\/\/destinocastillayleon.es\/index\/wp-content\/uploads\/2017\/01\/1cb36c57740295d02eb035ed46b709c6-300x178.jpg 300w\" sizes=\"(max-width: 640px) 100vw, 640px\" \/><figcaption id=\"caption-attachment-24515\" class=\"wp-caption-text\">Siller\u00eda y Coro de la Catedral nueva de Salamanca<\/figcaption><\/figure><\/a><br \/>\n&nbsp;<br \/>\nEn un lateral del mismo, <strong>se encuentra un \u00f3rgano barroco<\/strong>, que seg\u00fan parece en 1950 se quiso afinar, para volver a utilizar. Para ello, llamaron a un especialista belga, el cual se qued\u00f3 asombrado al saber que <strong>llevaba casi un siglo sin afinar y aun as\u00ed se manten\u00eda perfectamente<\/strong>, seguramente, gracias al clima seco de la zona.<\/p>\n<p><figure id=\"attachment_24526\" aria-describedby=\"caption-attachment-24526\" style=\"width: 420px\" class=\"wp-caption aligncenter\"><img decoding=\"async\" src=\"http:\/\/destinocastillayleon.es\/index\/wp-content\/uploads\/2017\/02\/Organo-barroco-de-Catedral-nueva-de-Salamanca.jpg\" alt=\"Organo barroco de Catedral nueva de Salamanca\" width=\"420\" height=\"600\" class=\"size-full wp-image-24526\" srcset=\"https:\/\/destinocastillayleon.es\/index\/wp-content\/uploads\/2017\/02\/Organo-barroco-de-Catedral-nueva-de-Salamanca.jpg 372w, https:\/\/destinocastillayleon.es\/index\/wp-content\/uploads\/2017\/02\/Organo-barroco-de-Catedral-nueva-de-Salamanca-210x300.jpg 210w, https:\/\/destinocastillayleon.es\/index\/wp-content\/uploads\/2017\/02\/Organo-barroco-de-Catedral-nueva-de-Salamanca-300x429.jpg 300w\" sizes=\"(max-width: 420px) 100vw, 420px\" \/><figcaption id=\"caption-attachment-24526\" class=\"wp-caption-text\">\u00d3rgano barroco de Catedral nueva de Salamanca<\/figcaption><\/figure><br \/>\n&nbsp;<\/p>\n<h3><strong>La Capilla Mayor<\/strong><\/h3>\n<p><strong>Es el Centro de la Catedral nueva de Salamanca<\/strong>, y se encuentra <strong>integrada en su interior<\/strong>, tiene una planta rectangular y se encuentra cubierta por una magnifica b\u00f3veda policromada y dorada, con colgaduras de terciopelo, <strong>una imagen de la Asunci\u00f3n, de 1624, un sagrario, y las urnas de plata con los restos de San Juan de Sahag\u00fan; el patrono de Salamanca<\/strong>.<\/p>\n<p><a href=\"http:\/\/megaconstrucciones.net\/?construccion=catedral-nueva-salamanca\" target=\"_Blank\" rel=\"noopener\"> <figure id=\"attachment_24508\" aria-describedby=\"caption-attachment-24508\" style=\"width: 640px\" class=\"wp-caption aligncenter\"><img decoding=\"async\" src=\"http:\/\/destinocastillayleon.es\/index\/wp-content\/uploads\/2017\/01\/Capilla-Mayor-de-la-Catedral-nueva-de-Salamanca-Imagen-de-MegaConstrucciones.jpg\" alt=\"Capilla Mayor de la Catedral nueva de Salamanca - Imagen de MegaConstrucciones\" width=\"640\" height=\"540\" class=\"size-full wp-image-24508\" srcset=\"https:\/\/destinocastillayleon.es\/index\/wp-content\/uploads\/2017\/01\/Capilla-Mayor-de-la-Catedral-nueva-de-Salamanca-Imagen-de-MegaConstrucciones.jpg 629w, https:\/\/destinocastillayleon.es\/index\/wp-content\/uploads\/2017\/01\/Capilla-Mayor-de-la-Catedral-nueva-de-Salamanca-Imagen-de-MegaConstrucciones-300x253.jpg 300w\" sizes=\"(max-width: 640px) 100vw, 640px\" \/><figcaption id=\"caption-attachment-24508\" class=\"wp-caption-text\">Capilla Mayor de la Catedral nueva de Salamanca &#8211; Imagen de MegaConstrucciones<\/figcaption><\/figure><\/a><br \/>\n&nbsp;<br \/>\nDestaca el tabern\u00e1culo de m\u00e1rmol, <strong>del siglo XVIII<\/strong>. Esta Capilla <strong>carece de retablo<\/strong>, ya se desmont\u00f3 pensando en sustituirlo por de m\u00e1rmol. Pero el proyecto no se termin\u00f3 realizando por su elevado coste econ\u00f3mico. <strong>Sabemos c\u00f3mo hubiera sido por la maqueta que se conserva en el Museo Catedralicio<\/strong>.<br \/>\n&nbsp;<\/p>\n<h3><strong>Capillas y alteres laterales<\/strong><\/h3>\n<p>Con una catedral tan grande, <strong>las capillas y alteres laterales son muchas<\/strong>; y aunque todos interesantes en s\u00ed mismo y con mucha historia, <strong>no los vamos a describir todos. Nos detendremos en las m\u00e1s interesantes<\/strong>.<\/p>\n<p><center><img decoding=\"async\" src=\"http:\/\/destinocastillayleon.es\/index\/wp-content\/uploads\/2017\/01\/049a4c5e84fef4270ea7dd7af0ad4467.jpg\" alt=\"Capillas de la Catedral Nueva de Salamanca - Destino Castilla y Le\u00f3n\" width=\"600\" class=\"size-full wp-image-24509\" srcset=\"https:\/\/destinocastillayleon.es\/index\/wp-content\/uploads\/2017\/01\/049a4c5e84fef4270ea7dd7af0ad4467.jpg 764w, https:\/\/destinocastillayleon.es\/index\/wp-content\/uploads\/2017\/01\/049a4c5e84fef4270ea7dd7af0ad4467-300x209.jpg 300w, https:\/\/destinocastillayleon.es\/index\/wp-content\/uploads\/2017\/01\/049a4c5e84fef4270ea7dd7af0ad4467-768x534.jpg 768w\" sizes=\"(max-width: 764px) 100vw, 764px\" \/><br \/>\n<Font size=\"2\"><em>Capillas de la Catedral Nueva de Salamanca &#8211; Destino Castilla y Le\u00f3n<\/em><\/Font><\/center><br \/>\n&nbsp;<\/p>\n<h4><strong>Capilla de San Lorenzo<\/strong><\/h4>\n<p>Es la primera capilla por el costado sur. <strong>Desde esta capilla se accede actualmente a la Catedral Vieja<\/strong>. Fue fundada en 1630 por Lorenzo S\u00e1nchez de Acebes, regidor de Salamanca y su esposa Isabel Rueda, quienes tienen su sepulcro en la misma. <strong>Preside un retablo con relieve de la \u00e9poca de un solo cuerpo del martirio del santo<\/strong>, atribuido a Antonio de Paz. <\/p>\n<p>&nbsp;<\/p>\n<h4><strong>Capilla Dorada o de todos los Santos<\/strong><\/h4>\n<p><strong>Mandada construir en 1515 por el arcediano de Alba de Tormes<\/strong>, Salamanca, Francisco S\u00e1nchez de Palenzuela. Fue <strong>dise\u00f1ada por arquitecto Juan de \u00c1lava<\/strong>. Su interior contiene <strong>hermosos sepulcros<\/strong>, entre ellos los del fundador de la capilla.<\/p>\n<blockquote><p>Todos los muros est\u00e1n decorados con unas 110 estatuas de personajes del Antiguo y del Nuevo Testamento, con destacado color dorado, de ah\u00ed el nombre de la capilla.<\/p><\/blockquote>\n<p><a href=\"http:\/\/salamancapasoapaso.blogspot.com.es\/2012\/03\/catedral-nueva.html\" target=\"_Blank\" rel=\"noopener\"> <figure id=\"attachment_24507\" aria-describedby=\"caption-attachment-24507\" style=\"width: 600px\" class=\"wp-caption aligncenter\"><img decoding=\"async\" src=\"http:\/\/destinocastillayleon.es\/index\/wp-content\/uploads\/2017\/01\/Capilla-dorada-Imagen-de-SalamancaPasoAPaso.jpg\" alt=\"Capilla dorada - Imagen de SalamancaPasoAPaso\" width=\"600\" height=\"590\" class=\"size-full wp-image-24507\" srcset=\"https:\/\/destinocastillayleon.es\/index\/wp-content\/uploads\/2017\/01\/Capilla-dorada-Imagen-de-SalamancaPasoAPaso.jpg 540w, https:\/\/destinocastillayleon.es\/index\/wp-content\/uploads\/2017\/01\/Capilla-dorada-Imagen-de-SalamancaPasoAPaso-300x295.jpg 300w\" sizes=\"(max-width: 600px) 100vw, 600px\" \/><figcaption id=\"caption-attachment-24507\" class=\"wp-caption-text\">Capilla dorada &#8211; Imagen de SalamancaPasoAPaso<\/figcaption><\/figure><\/a><br \/>\n&nbsp;<br \/>\nEn su interior, hay <strong>un magnifico Calvario<\/strong>, que preside el retablo de la Capilla. Fue colocado sobre un fondo pict\u00f3rico de Adiosdado de Olivares. Bajo \u00e9l, se encuentra <strong>un altar decorado con azulejos de Talavera<\/strong>.<br \/>\n&nbsp;<\/p>\n<h4><strong>Capilla del Presidente<\/strong><\/h4>\n<p><strong>Fundada en 1577 por Francisco Fern\u00e1ndez de Li\u00e9bana<\/strong>, presidente de la Real Audiencia y Chanciller\u00eda de Valladolid. El altar posee un retablo dos cuerpos. En el superior la Aparici\u00f3n de Cristo Resucitado a la Virgen y el inferior el Entierro de Cristo, de Fern\u00e1ndez Navarrete.<\/p>\n<p>En su interior <strong>el retablo de San Bartolom\u00e9, ensamblado en 1627<\/strong>, se sit\u00faa una imagen central del santo, junto a San Agust\u00edn y San Gregorio. En el \u00e1tico del retablo se muestra una pintura de la Virgen con el Ni\u00f1o Jes\u00fas y San Juanito. <\/p>\n<figure id=\"attachment_24536\" aria-describedby=\"caption-attachment-24536\" style=\"width: 378px\" class=\"wp-caption aligncenter\"><img decoding=\"async\" src=\"http:\/\/destinocastillayleon.es\/index\/wp-content\/uploads\/2017\/02\/Virgen-de-la-Capilla-del-Presidente.jpg\" alt=\"Virgen de la Capilla del Presidente\" width=\"378\" height=\"467\" class=\"size-full wp-image-24536\" srcset=\"https:\/\/destinocastillayleon.es\/index\/wp-content\/uploads\/2017\/02\/Virgen-de-la-Capilla-del-Presidente.jpg 378w, https:\/\/destinocastillayleon.es\/index\/wp-content\/uploads\/2017\/02\/Virgen-de-la-Capilla-del-Presidente-243x300.jpg 243w, https:\/\/destinocastillayleon.es\/index\/wp-content\/uploads\/2017\/02\/Virgen-de-la-Capilla-del-Presidente-300x371.jpg 300w\" sizes=\"(max-width: 378px) 100vw, 378px\" \/><figcaption id=\"caption-attachment-24536\" class=\"wp-caption-text\">Virgen de la Capilla del Presidente<\/figcaption><\/figure>\n<p>En esta impresionante capilla <strong>se encuentran varios sepulcros<\/strong>, como el de <strong>Don Juan de Mogrovejo<\/strong>, t\u00edo del Santo Toribio, misionero en sudamericana. Tambi\u00e9n se halla el sepulcro de <strong>los hermanos Juan Aguilera<\/strong> m\u00e9dico a los papas Pablo III y Julio III, y catedr\u00e1tico de Astrolog\u00eda de la Universidad de Salamanca; y el de <strong>su hermano, Hernando Aguilera<\/strong>, que logr\u00f3 la inclusi\u00f3n de la lectura de Cop\u00e9rnico. Tambi\u00e9n est\u00e1 <strong>el sepulcro del can\u00f3nigo S\u00e1nchez Palacio<\/strong>, con una escultura de un Nazareno. <strong>En esta capilla est\u00e1 la imagen del Cristo Yacente de la Misericordia<\/strong>.<br \/>\n&nbsp;<\/p>\n<h4><strong>Capilla de la Virgen del Desagravio<\/strong><\/h4>\n<p>Lo m\u00e1s importante es su retablo, <strong>con sus columnas salom\u00f3nicas construidas 1665<\/strong>, por Francisco Garc\u00eda y el tallista Juan de Mondravilla. Se ensambl\u00f3 en 1664 como <strong>un acto de desagravio para albergar un lienzo de la Inmaculada que hab\u00eda sido ultrajado por opositores al Dogma de la Inmaculada Concepci\u00f3n<\/strong>, tras sufrir una cuchillada de un desaprensivo.<\/p>\n<p><a href=\"http:\/\/ccasconm.blogspot.com.es\/2016\/01\/bernardo-ordonez-de-lara-un-bejarano.html\" target=\"_Blank\" rel=\"noopener\"><figure id=\"attachment_24502\" aria-describedby=\"caption-attachment-24502\" style=\"width: 294px\" class=\"wp-caption aligncenter\"><img decoding=\"async\" src=\"http:\/\/destinocastillayleon.es\/index\/wp-content\/uploads\/2017\/01\/Capilla-de-la-Virgen-del-Desagravio-Imagen-de-Pinceladas-de-la-Historia.jpg\" alt=\"Capilla de la Virgen del Desagravio - Imagen de Pinceladas de la Historia\" width=\"294\" height=\"400\" class=\"size-full wp-image-24502\" srcset=\"https:\/\/destinocastillayleon.es\/index\/wp-content\/uploads\/2017\/01\/Capilla-de-la-Virgen-del-Desagravio-Imagen-de-Pinceladas-de-la-Historia.jpg 294w, https:\/\/destinocastillayleon.es\/index\/wp-content\/uploads\/2017\/01\/Capilla-de-la-Virgen-del-Desagravio-Imagen-de-Pinceladas-de-la-Historia-221x300.jpg 221w\" sizes=\"(max-width: 294px) 100vw, 294px\" \/><figcaption id=\"caption-attachment-24502\" class=\"wp-caption-text\">Capilla de la Virgen del Desagravio &#8211; Imagen de Pinceladas de la Historia<\/figcaption><\/figure><\/a><br \/>\n&nbsp;<\/p>\n<h4><strong>Capilla de Jes\u00fas Nazareno <\/strong><\/h4>\n<p>Acoge <strong>la mejor colecci\u00f3n de pintura italiana de toda la catedral<\/strong>, con un retablo en el que destaca el lienzo de Cristo y la Ver\u00f3nica, de Carlo Maratta. En los arcosolios del fondo <strong>destacan lienzos como la Matanza de los inocentes o la Expulsi\u00f3n de los Mercaderes del Templo<\/strong>, atribuidos a Micco Spadaro.<\/p>\n<p>A continuaci\u00f3n de esta capilla <strong>se halla la antesala de acceso a las sacrist\u00edas<\/strong>.<\/p>\n<p>&nbsp;<\/p>\n<h4><strong>Capilla de San Jos\u00e9 y de la Piedad<\/strong><\/h4>\n<p>En esta capilla se sit\u00faa un retablo, <strong>con la imagen central del santo con el Ni\u00f1o en brazos<\/strong>. M\u00e1s profundamente, <strong>se haya la Capilla de los Dolores<\/strong>, cubierta con una c\u00fapula neocl\u00e1sica. \u00c9sta \u00faltima fue fundada por el racionero Don Juan Garc\u00eda Serrano, quien dot\u00f3 la capilla con el retablo, la reja y la imagen de la Piedad.<\/p>\n<p><a href=\"http:\/\/guiasdeturismodesalamanca.blogspot.com.es\/2015_03_01_archive.html\" target=\"_Blank\" rel=\"noopener\"><figure id=\"attachment_24500\" aria-describedby=\"caption-attachment-24500\" style=\"width: 430px\" class=\"wp-caption aligncenter\"><img decoding=\"async\" src=\"http:\/\/destinocastillayleon.es\/index\/wp-content\/uploads\/2017\/01\/aa8c8e361e5c29321bffd7744406c292.jpg\" alt=\"Capilla de la Piedad de la Catedral de Salamanca - Imagen de Gu\u00edas de Salamanca\" width=\"430\" height=\"520\" class=\"size-full wp-image-24500\" srcset=\"https:\/\/destinocastillayleon.es\/index\/wp-content\/uploads\/2017\/01\/aa8c8e361e5c29321bffd7744406c292.jpg 430w, https:\/\/destinocastillayleon.es\/index\/wp-content\/uploads\/2017\/01\/aa8c8e361e5c29321bffd7744406c292-248x300.jpg 248w, https:\/\/destinocastillayleon.es\/index\/wp-content\/uploads\/2017\/01\/aa8c8e361e5c29321bffd7744406c292-300x363.jpg 300w\" sizes=\"(max-width: 430px) 100vw, 430px\" \/><figcaption id=\"caption-attachment-24500\" class=\"wp-caption-text\">Capilla de la Piedad de la Catedral de Salamanca &#8211; Imagen de Gu\u00edas de Salamanca<\/figcaption><\/figure><\/a><br \/>\n&nbsp;<\/p>\n<h4><strong>Capilla del Cristo de las Batallas<\/strong><\/h4>\n<p>Posiblemente, <strong>una de las m\u00e1s importantes de toda la Catedral Nueva de Salamanca<\/strong>. En ella se encuentra <strong>el Cristo de las Batallas<\/strong>, una talla rom\u00e1nica del Cristo, de color negro y con cuatro clavos. Esta era la imagen que portaba el obispo Jer\u00f3nimo, tras la repoblaci\u00f3n de la ciudad, cuando acompa\u00f1aba a El Cid en sus batallas contra los musulmanes. <\/p>\n<p><figure id=\"attachment_24406\" aria-describedby=\"caption-attachment-24406\" style=\"width: 400px\" class=\"wp-caption aligncenter\"><img decoding=\"async\" src=\"http:\/\/destinocastillayleon.es\/index\/wp-content\/uploads\/2017\/01\/0eed9cb9dd65e4a43a3838f31ebc14c6.jpg\" alt=\"Cristo de las Batallas en la Catedral Nueva de Salamanca\" title=\"Cristo de las Batallas de El Cid Campeador antes de la restauraci\u00f3n - Imagen de Amigos del Rom\u00e1nico\" width=\"400\" height=\"424\" class=\"size-full wp-image-24406\" srcset=\"https:\/\/destinocastillayleon.es\/index\/wp-content\/uploads\/2017\/01\/0eed9cb9dd65e4a43a3838f31ebc14c6.jpg 400w, https:\/\/destinocastillayleon.es\/index\/wp-content\/uploads\/2017\/01\/0eed9cb9dd65e4a43a3838f31ebc14c6-283x300.jpg 283w, https:\/\/destinocastillayleon.es\/index\/wp-content\/uploads\/2017\/01\/0eed9cb9dd65e4a43a3838f31ebc14c6-300x318.jpg 300w\" sizes=\"(max-width: 400px) 100vw, 400px\" \/><figcaption id=\"caption-attachment-24406\" class=\"wp-caption-text\">Cristo de las Batallas de El Cid Campeador antes de la restauraci\u00f3n &#8211; Imagen de Amigos del Rom\u00e1nico<\/figcaption><\/figure><br \/>\n&nbsp;<br \/>\nEl retablo que acoge el crucifijo, es obra de Alberto de Churriguera y fue donado por el obispo Jos\u00e9 Sancho Granado en 1734. <strong>Tambi\u00e9n aqu\u00ed se sit\u00faa una Virgen del Carmen<\/strong>, obra de Antonio de Paz.<br \/>\n&nbsp;<\/p>\n<h4><strong>Capilla de la Soledad<\/strong><\/h4>\n<p>La Virgen que preside el retablo, es obra de Joaqu\u00edn de Churriguera. <strong>La imagen de Nuestra Se\u00f1ora de la Soledad es una de las im\u00e1genes de m\u00e1s profunda devoci\u00f3n en los salmantinos<\/strong>. <\/p>\n<p><a href=\"http:\/\/salamancacostalera.blogspot.com.es\/2016\/03\/la-am-virgen-de-la-vega-puso-el-ix.html\" target=\"_Blank\" rel=\"noopener\"><figure id=\"attachment_24501\" aria-describedby=\"caption-attachment-24501\" style=\"width: 640px\" class=\"wp-caption aligncenter\"><img decoding=\"async\" src=\"http:\/\/destinocastillayleon.es\/index\/wp-content\/uploads\/2017\/01\/Capilla-de-la-Soledad-Imagen-de-Salamanca-Costalera.jpg\" alt=\"Capilla de la Soledad - Imagen de Salamanca Costalera\" width=\"640\" height=\"400\" class=\"size-full wp-image-24501\" srcset=\"https:\/\/destinocastillayleon.es\/index\/wp-content\/uploads\/2017\/01\/Capilla-de-la-Soledad-Imagen-de-Salamanca-Costalera.jpg 640w, https:\/\/destinocastillayleon.es\/index\/wp-content\/uploads\/2017\/01\/Capilla-de-la-Soledad-Imagen-de-Salamanca-Costalera-300x188.jpg 300w\" sizes=\"(max-width: 640px) 100vw, 640px\" \/><figcaption id=\"caption-attachment-24501\" class=\"wp-caption-text\">Capilla de la Soledad &#8211; Imagen de Salamanca Costalera<\/figcaption><\/figure><\/a><br \/>\n&nbsp;<\/p>\n<h4><strong>Capilla de la Virgen del Pilar<\/strong><\/h4>\n<p>Esta capilla cuenta con un retablo en el que se sit\u00faa <strong>una imagen p\u00e9trea de la Virgen del Pilar<\/strong>; una talla <strong>g\u00f3tica del siglo XIV<\/strong>. Detr\u00e1s de la misma queda representada en pintura la venida de Mar\u00eda a Zaragoza. En los arcosolios laterales figuran <strong>dos relieves, los de San Jer\u00f3nimo y la Sagrada Familia<\/strong>.<\/p>\n<p><a href=\"http:\/\/www.abrahamviajero.com\/capillas-de-la-catedral-nueva-de-salamanca\" target=\"_Blank\" rel=\"noopener\"><figure id=\"attachment_24503\" aria-describedby=\"caption-attachment-24503\" style=\"width: 558px\" class=\"wp-caption aligncenter\"><img decoding=\"async\" src=\"http:\/\/destinocastillayleon.es\/index\/wp-content\/uploads\/2017\/01\/Capilla-de-la-Virgen-del-Pilar-Imagen-de-Abrahan-Viajero.jpg\" alt=\"Capilla de la Virgen del Pilar - Imagen de Abrahan Viajero\" width=\"558\" height=\"389\" class=\"size-full wp-image-24503\" srcset=\"https:\/\/destinocastillayleon.es\/index\/wp-content\/uploads\/2017\/01\/Capilla-de-la-Virgen-del-Pilar-Imagen-de-Abrahan-Viajero.jpg 558w, https:\/\/destinocastillayleon.es\/index\/wp-content\/uploads\/2017\/01\/Capilla-de-la-Virgen-del-Pilar-Imagen-de-Abrahan-Viajero-300x209.jpg 300w\" sizes=\"(max-width: 558px) 100vw, 558px\" \/><figcaption id=\"caption-attachment-24503\" class=\"wp-caption-text\">Capilla de la Virgen del Pilar &#8211; Imagen de Abrahan Viajero<\/figcaption><\/figure><\/a><br \/>\n&nbsp;<\/p>\n<h4><strong>Altar del Cristo de la Agon\u00eda Redentora<\/strong><\/h4>\n<p>Este altar est\u00e1 <strong>situado en el brazo norte del crucero<\/strong>. En \u00e9l se encuentra <strong>una imagen considerada como una de las m\u00e1s espectaculares y bellas de toda la Catedral Nueva de Salamanca<\/strong>. Se trata de una <strong>obra an\u00f3nima del siglo XV de un Cristo Crucificado con tres clavos<\/strong>. Su policrom\u00eda revela un gran realismo en el tratamiento del cuerpo y los detalles de las venas que se aprecian en \u00e9l. <strong>Desfila el Jueves Santo, en la Semana Santa salmantina<\/strong>, con la Real Cofrad\u00eda Penitencial del Sant\u00edsimo Cristo Yacente de la Misericordia y de la Agon\u00eda Redentora.<\/p>\n<p><a href=\"http:\/\/salamancartvaldia.es\/not\/74518\/una-soberbia-lsquo-cancion-de-amor-entre-olivos-rsquo-derrama-su-profunda-mistica-poetica-ante-la-cruz\/\" target=\"_Blank\" rel=\"noopener\"><figure id=\"attachment_24512\" aria-describedby=\"caption-attachment-24512\" style=\"width: 640px\" class=\"wp-caption aligncenter\"><img decoding=\"async\" src=\"http:\/\/destinocastillayleon.es\/index\/wp-content\/uploads\/2017\/01\/98c6b6a3504cfa3e2543a5c6e6e38275.jpg\" alt=\"Cristo de la Agon\u00eda Redentora - Imagen de Salamanca al d\u00eda\" width=\"640\" height=\"400\" class=\"size-full wp-image-24512\" srcset=\"https:\/\/destinocastillayleon.es\/index\/wp-content\/uploads\/2017\/01\/98c6b6a3504cfa3e2543a5c6e6e38275.jpg 640w, https:\/\/destinocastillayleon.es\/index\/wp-content\/uploads\/2017\/01\/98c6b6a3504cfa3e2543a5c6e6e38275-300x188.jpg 300w\" sizes=\"(max-width: 640px) 100vw, 640px\" \/><figcaption id=\"caption-attachment-24512\" class=\"wp-caption-text\">Cristo de la Agon\u00eda redentora &#8211; Imagen de Salamanca al d\u00eda<\/figcaption><\/figure><\/a><br \/>\n&nbsp;<\/p>\n<h4><strong>Capilla de San Clemente<\/strong><\/h4>\n<p>En esta capilla se encuentra un retablo con pinturas de <strong>la Virgen del Socorro y San Clemente<\/strong>. Fue realizado en 1661. <strong>Desde esta capilla se accede a la terraza exterior<\/strong> sobre la portada principal.<\/p>\n<p><a href=\"http:\/\/catedralsalamanca.org\/catedral-nueva\/\" target=\"_Blank\" rel=\"noopener\"><figure id=\"attachment_24504\" aria-describedby=\"caption-attachment-24504\" style=\"width: 420px\" class=\"wp-caption aligncenter\"><img decoding=\"async\" src=\"http:\/\/destinocastillayleon.es\/index\/wp-content\/uploads\/2017\/01\/Capilla-de-San-Clemente-Imagen-de-Catedral-de-Salamanca.jpg\" alt=\"Capilla de San Clemente - Imagen de Catedral de Salamanca\" width=\"420\" height=\"560\" class=\"size-full wp-image-24504\" srcset=\"https:\/\/destinocastillayleon.es\/index\/wp-content\/uploads\/2017\/01\/Capilla-de-San-Clemente-Imagen-de-Catedral-de-Salamanca.jpg 398w, https:\/\/destinocastillayleon.es\/index\/wp-content\/uploads\/2017\/01\/Capilla-de-San-Clemente-Imagen-de-Catedral-de-Salamanca-225x300.jpg 225w, https:\/\/destinocastillayleon.es\/index\/wp-content\/uploads\/2017\/01\/Capilla-de-San-Clemente-Imagen-de-Catedral-de-Salamanca-300x400.jpg 300w\" sizes=\"(max-width: 420px) 100vw, 420px\" \/><figcaption id=\"caption-attachment-24504\" class=\"wp-caption-text\">Capilla de San Clemente &#8211; Imagen de Catedral de Salamanca<\/figcaption><\/figure><\/a><br \/>\n&nbsp;<\/p>\n<h3><strong>El Crucero y la Cabecera<\/strong><\/h3>\n<p><strong>No fue hasta la 1780 que comenzar\u00eda la segunda etapa de construcci\u00f3n de la Catedral Nueva de Salamanca<\/strong>, tras haberse terminado la parte de los pies al crucero en una primera fase. Ahora se afrontaban las obras del propio crucero y cabecera. Don Ribero Rada, arquitecto disc\u00edpulo de Rodrigo Gil de Honta\u00f1\u00f3n, modificar\u00eda los presupuestos iniciales de planta semicircular de la cabecera, sustituy\u00e9ndolos por uno rectangular de inspiraci\u00f3n herreriana. <\/p>\n<figure id=\"attachment_24499\" aria-describedby=\"caption-attachment-24499\" style=\"width: 640px\" class=\"wp-caption aligncenter\"><img decoding=\"async\" src=\"http:\/\/destinocastillayleon.es\/index\/wp-content\/uploads\/2017\/01\/22f091deb99cf5c8640be26b5d6623fb.jpg\" alt=\"Interior de la Catedral de Salamanca - Destino Castilla y Le\u00f3n\" width=\"640\" height=\"400\" class=\"size-full wp-image-24499\" srcset=\"https:\/\/destinocastillayleon.es\/index\/wp-content\/uploads\/2017\/01\/22f091deb99cf5c8640be26b5d6623fb.jpg 640w, https:\/\/destinocastillayleon.es\/index\/wp-content\/uploads\/2017\/01\/22f091deb99cf5c8640be26b5d6623fb-300x188.jpg 300w\" sizes=\"(max-width: 640px) 100vw, 640px\" \/><figcaption id=\"caption-attachment-24499\" class=\"wp-caption-text\">Interior de la Catedral de Salamanca &#8211; Destino Castilla y Le\u00f3n<\/figcaption><\/figure>\n<p><strong>La portada del Patio Chico<\/strong> queda cubierta interiormente por una cancela dise\u00f1ada por el maestro Alberto de Churriguera. En el crucero norte, a la parte derecha, est\u00e1 situada la imagen del Cristo de la Agon\u00eda esculpida en el siglo XVI, que desfila en Semana Santa. <\/p>\n<figure id=\"attachment_24496\" aria-describedby=\"caption-attachment-24496\" style=\"width: 640px\" class=\"wp-caption aligncenter\"><img decoding=\"async\" src=\"http:\/\/destinocastillayleon.es\/index\/wp-content\/uploads\/2017\/01\/36ce84580c2101b7e2f5ae294b287a22.jpg\" alt=\"Fachada lateral de la Catedral Nueva de Salamanca - Destino Castilla y Le\u00f3n\" width=\"640\" height=\"430\" class=\"size-full wp-image-24496\" srcset=\"https:\/\/destinocastillayleon.es\/index\/wp-content\/uploads\/2017\/01\/36ce84580c2101b7e2f5ae294b287a22.jpg 640w, https:\/\/destinocastillayleon.es\/index\/wp-content\/uploads\/2017\/01\/36ce84580c2101b7e2f5ae294b287a22-300x202.jpg 300w\" sizes=\"(max-width: 640px) 100vw, 640px\" \/><figcaption id=\"caption-attachment-24496\" class=\"wp-caption-text\">Fachada lateral de la Catedral Nueva de Salamanca, conocida como del Patio Chico &#8211; Destino Castilla y Le\u00f3n<\/figcaption><\/figure>\n<p>Aqu\u00ed mismo, enfrentado, <strong>se encuentra el sepulcro de Francisco de Bobadilla, obispo de Salamanca<\/strong>, que tuvo el honor de poner la primera piedra de la Catedral Nueva en 1512.<br \/>\n&nbsp;<\/p>\n<h3><strong>Las Sacrist\u00edas<\/strong><\/h3>\n<p>Son unas de <strong>las \u00faltimas construcciones catedralicias realizadas<\/strong>. Se sit\u00faan al lado sur de la cabecera de la Catedral. Fueron comenzadas por Manuel de Larra Churriguera, pero la mayor\u00eda de la construcci\u00f3n se debe a Juan de Sagarbinaga, hacia los a\u00f1os  50 de siglo XVIII. <\/p>\n<p>Las estancias se componen por: Sacrist\u00eda de Capellanes, Sacrist\u00eda de Can\u00f3nigos, Sala Capitular y casa del sacrist\u00e1n. <strong>Interiormente est\u00e1n decoradas en estilo rococ\u00f3<\/strong>. Destaca el altar del testero, con front\u00f3n semicircular y los extraordinarios espejos con rocallas.<\/p>\n<p><figure id=\"attachment_24535\" aria-describedby=\"caption-attachment-24535\" style=\"width: 640px\" class=\"wp-caption aligncenter\"><img decoding=\"async\" src=\"http:\/\/destinocastillayleon.es\/index\/wp-content\/uploads\/2017\/02\/Sacristias-de-la-Catedral-nueva-de-Salamanca-Imagen-de-LituirgiaNet.jpg\" alt=\"Sacristias de la Catedral nueva de Salamanca - Imagen de LituirgiaNet\" width=\"640\" height=\"400\" class=\"size-full wp-image-24535\" srcset=\"https:\/\/destinocastillayleon.es\/index\/wp-content\/uploads\/2017\/02\/Sacristias-de-la-Catedral-nueva-de-Salamanca-Imagen-de-LituirgiaNet.jpg 640w, https:\/\/destinocastillayleon.es\/index\/wp-content\/uploads\/2017\/02\/Sacristias-de-la-Catedral-nueva-de-Salamanca-Imagen-de-LituirgiaNet-300x188.jpg 300w\" sizes=\"(max-width: 640px) 100vw, 640px\" \/><figcaption id=\"caption-attachment-24535\" class=\"wp-caption-text\">Sacrist\u00edas de la Catedral nueva de Salamanca &#8211; Imagen de LituirgiaNet<\/figcaption><\/figure><br \/>\n&nbsp;<br \/>\n&nbsp;<\/p>\n<h3><strong>La m\u00fasica en la Catedral<\/strong><\/h3>\n<p>De siempre, <strong> la Catedral ha sido un lugar donde celebrar acontecimientos de la vida salmantina<\/strong>, adem\u00e1s de su funci\u00f3n pastoral y de culto diario. Para ello, <strong> la m\u00fasica era el elemento de cohesi\u00f3n<\/strong>. Se cantaba principalmente en las misas solemnes, honras f\u00fanebres de personalidades y procesiones.<\/p>\n<p><strong>Exist\u00eda un Maestro de M\u00fasica de Capilla, que era el encargado de componer y dirigir la m\u00fasica<\/strong>. Estaba al frente de uno o varios organistas y varios capellanes m\u00fasicos. Todos ellos acced\u00edan al puesto por oposici\u00f3n o nombramiento directo del Cabildo. <\/p>\n<p><a href=\"http:\/\/www.flickriver.com\/photos\/kunzuilh\/popular-interesting\/\" target=\"_blank\" rel=\"noopener\"><figure id=\"attachment_24540\" aria-describedby=\"caption-attachment-24540\" style=\"width: 640px\" class=\"wp-caption aligncenter\"><img decoding=\"async\" src=\"http:\/\/destinocastillayleon.es\/index\/wp-content\/uploads\/2017\/02\/ef0e40563b505b549f957783b547c9e7.jpg\" alt=\"\u00d3rganos de la Catedral de Salamanca - Destino Castilla y Le\u00f3n\" width=\"640\" height=\"486\" class=\"size-full wp-image-24540\" srcset=\"https:\/\/destinocastillayleon.es\/index\/wp-content\/uploads\/2017\/02\/ef0e40563b505b549f957783b547c9e7.jpg 640w, https:\/\/destinocastillayleon.es\/index\/wp-content\/uploads\/2017\/02\/ef0e40563b505b549f957783b547c9e7-300x228.jpg 300w\" sizes=\"(max-width: 640px) 100vw, 640px\" \/><figcaption id=\"caption-attachment-24540\" class=\"wp-caption-text\">\u00d3rganos de la Catedral de Salamanca &#8211; Destino Castilla y Le\u00f3n<\/figcaption><\/figure><\/a><\/p>\n<p>Del pasado musical de la Catedral salmantina, son testigos los tres \u00f3rganos de la Catedral Vieja, el g\u00f3tico del siglo XV, en la Capilla de Anaya; y los dos realejos del siglo XVI, situados respectivamente a la izquierda y derecha de la nave central; As\u00ed como <strong>otros dos en la Catedral Nueva<\/strong>, enfrentados en el coro; el de la derecha  renacentista, y el de la izquierda, barroco.<\/p>\n<p>&nbsp;<\/p>\n<h3><strong>El Archivo Catedralicio<\/strong><\/h3>\n<p>En su interior se guarda uno de los m\u00e1s <strong>extraordinarios conjuntos de instrumentos aer\u00f3fonos renacentistas orlos, chirim\u00edas y bombardas, un oboe y un baj\u00f3n barrocos y dos trompas del siglo XIX<\/strong>. Despu\u00e9s se han encontrado otros tres instrumentos, muy deteriorados, y que est\u00e1n a\u00fan por estudiar, restaurar y catalogar, como <strong>un arpa, una trompa marina y una chirim\u00eda bajo<\/strong>. <\/p>\n<blockquote><p>La intensa actividad musical que aqu\u00ed se desarroll\u00f3 ha legado tambi\u00e9n 76 cantorales de gregoriano, 13 libros de polifon\u00eda y m\u00e1s de 3000 partituras de los siglos XVII, XVIII y XIX.<\/p><\/blockquote>\n<p><a href=\"http:\/\/liturgia.mforos.com\/1699118\/8068081-la-sacristia\/?pag=2\" target=\"_Blank\" rel=\"noopener\"><figure id=\"attachment_24533\" aria-describedby=\"caption-attachment-24533\" style=\"width: 640px\" class=\"wp-caption aligncenter\"><img decoding=\"async\" src=\"http:\/\/destinocastillayleon.es\/index\/wp-content\/uploads\/2017\/02\/Archivo-de-la-Catedral-de-Salamanca-Imagen-de-CatedralDeSalamanca.jpg\" alt=\"Archivo de la Catedral de Salamanca - Imagen de CatedralDeSalamanca\" width=\"640\" height=\"400\" class=\"size-full wp-image-24533\" srcset=\"https:\/\/destinocastillayleon.es\/index\/wp-content\/uploads\/2017\/02\/Archivo-de-la-Catedral-de-Salamanca-Imagen-de-CatedralDeSalamanca.jpg 640w, https:\/\/destinocastillayleon.es\/index\/wp-content\/uploads\/2017\/02\/Archivo-de-la-Catedral-de-Salamanca-Imagen-de-CatedralDeSalamanca-300x188.jpg 300w\" sizes=\"(max-width: 640px) 100vw, 640px\" \/><figcaption id=\"caption-attachment-24533\" class=\"wp-caption-text\">Archivo de la Catedral de Salamanca &#8211; Imagen de CatedralDeSalamanca<\/figcaption><\/figure><\/a><br \/>\n&nbsp;<br \/>\nLa Catedral de Salamanca <strong>fue uno de los principales focos musicales de Espa\u00f1a<\/strong> motivado a la existencia de una c\u00e1tedra de m\u00fasica en la vecina Universidad y la posibilidad de que los maestros de capilla de la Catedral ocuparan sendos puestos.<\/p>\n<p>&nbsp;<\/p>\n<h3><strong>Las torres y campanas<\/strong><\/h3>\n<p><strong>El conjunto de Catedrales de Salamanca se articulan a trav\u00e9s de la compartida torre de las campanas<\/strong>. Esta torre se debi\u00f3 edificar como un primer basti\u00f3n defensivo que se situaba sobre el p\u00f3rtico de la entrada de la Catedral Vieja a principios del siglo XIII. <strong>Debi\u00f3 tener un car\u00e1cter de fortaleza almenada y que se complementaba con el levantamiento la otra torre, la Mocha<\/strong>. Pronto perder\u00e1n su car\u00e1cter defensivo y se convertir\u00e1n definitivamente en viviendas de los campaneros en 1614. <\/p>\n<p><figure id=\"attachment_24532\" aria-describedby=\"caption-attachment-24532\" style=\"width: 640px\" class=\"wp-caption aligncenter\"><img decoding=\"async\" src=\"http:\/\/destinocastillayleon.es\/index\/wp-content\/uploads\/2017\/02\/Campanas-de-la-Catedral-de-Salamanca.jpg\" alt=\"Campanas de la Catedral de Salamanca\" width=\"640\" height=\"400\" class=\"size-full wp-image-24532\" srcset=\"https:\/\/destinocastillayleon.es\/index\/wp-content\/uploads\/2017\/02\/Campanas-de-la-Catedral-de-Salamanca.jpg 640w, https:\/\/destinocastillayleon.es\/index\/wp-content\/uploads\/2017\/02\/Campanas-de-la-Catedral-de-Salamanca-300x188.jpg 300w\" sizes=\"(max-width: 640px) 100vw, 640px\" \/><figcaption id=\"caption-attachment-24532\" class=\"wp-caption-text\">Campanas de la Catedral de Salamanca<\/figcaption><\/figure><br \/>\n&nbsp;<\/p>\n<h2><strong>La propuesta tur\u00edstica que ofrece la Catedral Nueva de Salamanca<\/strong><\/h2>\n<h3><strong>Ieronimus, un paseo por las alturas<\/strong><\/h3>\n<p>La muestra expositiva <a href=\"http:\/\/ieronimus.es\/mobile\/\" target=\"_Blank\" rel=\"noopener\"><strong><em>Ieronimus<\/em><\/strong><\/a> se consolida como un atractivo inagotable para el turismo en Salamanca. Desde su apertura en el a\u00f1o 2002, la propuesta que recorre parte del interior de la Torre de Campanas de la Catedral Nueva ha recibido muchos visitantes, cifra que continuar\u00e1 creciendo gracias a la continua renovaci\u00f3n de espacios y contenidos. <\/p>\n<p><a href=\"http:\/\/ieronimus.es\/mobile\/\" target=\"_Blank\" rel=\"noopener\"><img decoding=\"async\" src=\"http:\/\/destinocastillayleon.es\/index\/wp-content\/uploads\/2017\/02\/Visita-noctura-Ieronimus-Imagen-de-Ieronimus.jpg\" alt=\"Visita noctura Ieronimus - Imagen de Ieronimus\" width=\"640\" height=\"400\" class=\"aligncenter size-full wp-image-24537\" srcset=\"https:\/\/destinocastillayleon.es\/index\/wp-content\/uploads\/2017\/02\/Visita-noctura-Ieronimus-Imagen-de-Ieronimus.jpg 640w, https:\/\/destinocastillayleon.es\/index\/wp-content\/uploads\/2017\/02\/Visita-noctura-Ieronimus-Imagen-de-Ieronimus-300x188.jpg 300w\" sizes=\"(max-width: 640px) 100vw, 640px\" \/><\/a><br \/>\n&nbsp;<\/p>\n<blockquote><p>En el 2009 la Comisi\u00f3n Territorial de Patrimonio de la Junta de Castilla y Le\u00f3n ha dado su conformidad a la Catedral se compromete reparar las cornisas, contrafuertes y pin\u00e1culos, as\u00ed como adecuar la Sala del Reloj y la Sala de las Campanas para incluirlas en el itinerario tur\u00edstico de Ieronimus. <\/p><\/blockquote>\n<h3><strong>M\u00fasica de la catedral<\/strong><\/h3>\n<p><strong>La Sala del Alcaide expone \u201cLa m\u00fasica de la catedral\u201d<\/strong>; una iniciativa que pretende mostrar al visitante a trav\u00e9s de la imagen y el sonido la \u00edntima relaci\u00f3n que siempre ha existido entre el templo y la m\u00fasica, vinculada especialmente a la figura de los campaneros, encargados de marcar el ritmo de vida de la ciudad medieval. <\/p>\n<figure id=\"attachment_24539\" aria-describedby=\"caption-attachment-24539\" style=\"width: 600px\" class=\"wp-caption aligncenter\"><img decoding=\"async\" src=\"http:\/\/destinocastillayleon.es\/index\/wp-content\/uploads\/2017\/02\/3703a4e594a74390fe38b0b660bc83ae.jpg\" alt=\"\u00d3rgano de la Catedral de Salamanca - Imagen de Gonzalo Caballero\" width=\"600\" height=\"400\" class=\"size-full wp-image-24539\" srcset=\"https:\/\/destinocastillayleon.es\/index\/wp-content\/uploads\/2017\/02\/3703a4e594a74390fe38b0b660bc83ae.jpg 600w, https:\/\/destinocastillayleon.es\/index\/wp-content\/uploads\/2017\/02\/3703a4e594a74390fe38b0b660bc83ae-300x200.jpg 300w\" sizes=\"(max-width: 600px) 100vw, 600px\" \/><figcaption id=\"caption-attachment-24539\" class=\"wp-caption-text\">\u00d3rgano de la Catedral de Salamanca &#8211; Imagen de Gonzalo Caballero<\/figcaption><\/figure>\n<p>La nueva oferta de esta sala, <strong>se ofrece una muestra de instrumentos y objetos musicales de gran valor patrimonial, como cantorales, una campana g\u00f3tica fundida en bronce en el a\u00f1o 1350<\/strong>, la m\u00e1s antigua de la Catedral, o una trompeta marina, instrumento de cuerda frotada del que en Espa\u00f1a s\u00f3lo se conserva otro ejemplar en Barcelona.<\/p>\n<p>Mientras, <strong>la Sala de la B\u00f3veda muestra La Piedra Angular<\/strong>, que se\u00f1ala la importancia de esta sala abovedada para entender la configuraci\u00f3n arquitect\u00f3nica de las torres. La exposici\u00f3n recrea algunos de los momentos en los que la estructura estuvo en peligro, como el terremoto de Lisboa o los incendios que ha sufrido el edificio.<br \/>\n&nbsp;<\/p>\n<h3><strong>Museo catedralicio<\/strong><\/h3>\n<p>La <strong>Sala de la B\u00f3veda, del Museo Catedralicio de la Catedral de Salamanca<\/strong> se haya ubicado en el Claustro de la <a href=\"http:\/\/destinocastillayleon.es\/index\/la-catedral-vieja-de-salamanca\/\">Catedral Vieja de Salamanca<\/a>, dentro de las conocidas como Sala Capitulares. Sobre este museo ya os hemos hablado en nuestra anterior entrega relacionada con las Catedrales de Salamanca.<\/p>\n<p><a href=\"http:\/\/destinocastillayleon.es\/index\/la-catedral-vieja-de-salamanca\/\" target=\"_Blank\" rel=\"noopener\"><figure id=\"attachment_24413\" aria-describedby=\"caption-attachment-24413\" style=\"width: 640px\" class=\"wp-caption aligncenter\"><img decoding=\"async\" src=\"http:\/\/destinocastillayleon.es\/index\/wp-content\/uploads\/2017\/01\/Sala-Capitulares-del-Claustro-Imagen-de-Terranostrum.jpg\" alt=\"Sala Capitulares del Claustro - Imagen de Terranostrum\" width=\"640\" height=\"400\" class=\"size-full wp-image-24413\" srcset=\"https:\/\/destinocastillayleon.es\/index\/wp-content\/uploads\/2017\/01\/Sala-Capitulares-del-Claustro-Imagen-de-Terranostrum.jpg 640w, https:\/\/destinocastillayleon.es\/index\/wp-content\/uploads\/2017\/01\/Sala-Capitulares-del-Claustro-Imagen-de-Terranostrum-300x188.jpg 300w\" sizes=\"(max-width: 640px) 100vw, 640px\" \/><figcaption id=\"caption-attachment-24413\" class=\"wp-caption-text\">Sala Capitulares del Claustro &#8211; Imagen de Terranostrum<\/figcaption><\/figure><\/a><br \/>\n&nbsp;<br \/>\n&nbsp;<br \/>\nY como ves,.. esta gran Catedral tiene muchos detalles que, aunque est\u00e1n ah\u00ed, no siempre es f\u00e1cil de ver. Nosotros seguro que nos hemos saltado algunos m\u00e1s. <strong>\u00bfPor qu\u00e9 no nos ayudas a completar alg\u00fan detalle extra con un comentario?<\/strong> O bien, simplemente cu\u00e9ntanos qu\u00e9 te pareci\u00f3 esta magn\u00edfica construcci\u00f3n cuando la visitaste.<br \/>\n&nbsp;<\/p>\n<h4>Tambi\u00e9n te puede interesar<\/h4>\n<ul>\n<li><a href=\"http:\/\/destinocastillayleon.es\/index\/la-catedral-vieja-de-salamanca\/\">Gu\u00eda para hacer turismo por Salamanca I: Conoce los secretos de la Catedral Vieja de Salamanca<\/a>.<\/li>\n<li><a href=\"http:\/\/destinocastillayleon.es\/index\/tapeo-por-salamanca\/\">Nos vamos de tapeo por Salamanca; ruta de tapas por la ciudad dorada<\/a>.<\/li>\n<li><a href=\"http:\/\/destinocastillayleon.es\/index\/guia-de-salamanca\/\">Gu\u00eda para viajar a Salamanca: una ruta imprescindible<\/a>.<\/li>\n<li><a href=\"http:\/\/destinocastillayleon.es\/index\/salamanca-nocturna\/\">Safari fotogr\u00e1fico nocturno por la ciudad de Salamanca<\/a>.<\/li>\n<li><a href=\"http:\/\/destinocastillayleon.es\/index\/museo-casa-lis\/\">Museo Casa Lis, la joya del Art Nouveau y el Art Dec\u00f3 de Salamanca<\/a>.<\/li>\n<\/ul>\n<p>&nbsp;<\/p>\n","protected":false},"excerpt":{"rendered":"<p>Uno de los edificios m\u00e1s emblem\u00e1ticos de la ciudad y parada obligatoria en una visita tur\u00edstica a Salamanca. Acomp\u00e1\u00f1anos a conocer los secretos de la Catedral Nueva de Salamanca<\/p>\n","protected":false},"author":21,"featured_media":25278,"comment_status":"open","ping_status":"closed","sticky":false,"template":"","format":"standard","meta":{"rop_custom_images_group":[],"rop_custom_messages_group":[],"rop_publish_now":"initial","rop_publish_now_accounts":{"twitter_1150954226_1150954226":""},"rop_publish_now_history":[],"rop_publish_now_status":"pending","footnotes":""},"categories":[68,40,4795],"tags":[2920,5135,5060,5271,3045],"class_list":["post-24486","post","type-post","status-publish","format-standard","has-post-thumbnail","hentry","category-post_inicial","category-salamanca","category-salamanca-turismo","tag-catedral-nueva-de-salamanca","tag-guia-para-conocer-los-secretos-de-la-catedral-nueva-de-salamanca","tag-salamanca","tag-secretos-de-la-catedral-de-salamanca","tag-visitar-salamanca"],"yoast_head":"<!-- This site is optimized with the Yoast SEO Premium plugin v20.4 (Yoast SEO v27.4) - https:\/\/yoast.com\/product\/yoast-seo-premium-wordpress\/ -->\n<title>Catedral Nueva de Salamanca - Destino Castilla y Le\u00f3n<\/title>\n<meta name=\"description\" content=\"Uno de los edificios m\u00e1s emblem\u00e1ticos y parada obligatoria en una visita tur\u00edstica a Salamanca. Conozcamos los secretos de la Catedral Nueva de Salamanca\" \/>\n<meta name=\"robots\" content=\"index, follow, max-snippet:-1, max-image-preview:large, max-video-preview:-1\" \/>\n<link rel=\"canonical\" href=\"https:\/\/destinocastillayleon.es\/index\/catedral-nueva-de-salamanca\/\" \/>\n<meta property=\"og:locale\" content=\"es_ES\" \/>\n<meta property=\"og:type\" content=\"article\" \/>\n<meta property=\"og:title\" content=\"Gu\u00eda para conocer los secretos de la Catedral Nueva de Salamanca \u2013 Destino Castilla y Le\u00f3n\" \/>\n<meta property=\"og:description\" content=\"Uno de los edificios m\u00e1s emblem\u00e1ticos de la ciudad y parada obligatoria en una visita tur\u00edstica a Salamanca. Acomp\u00e1\u00f1anos a conocer los secretos de la Catedral Nueva de Salamanca\" \/>\n<meta property=\"og:url\" content=\"https:\/\/destinocastillayleon.es\/index\/catedral-nueva-de-salamanca\/\" \/>\n<meta property=\"og:site_name\" content=\"Destino Castilla y Le\u00f3n\" \/>\n<meta property=\"article:publisher\" content=\"https:\/\/www.facebook.com\/DestinoCastillaYLeon\/\" \/>\n<meta property=\"article:author\" content=\"https:\/\/www.facebook.com\/narciso.casas?ref=br_rs\" \/>\n<meta property=\"article:published_time\" content=\"2017-02-03T05:55:22+00:00\" \/>\n<meta property=\"article:modified_time\" content=\"2024-02-06T15:10:59+00:00\" \/>\n<meta name=\"author\" content=\"Narciso Casas\" \/>\n<meta name=\"twitter:card\" content=\"summary_large_image\" \/>\n<meta name=\"twitter:title\" content=\"Gu\u00eda para conocer los secretos de la Catedral Nueva de Salamanca \u2013 Destino Castilla y Le\u00f3n\" \/>\n<meta name=\"twitter:description\" content=\"Uno de los edificios m\u00e1s emblem\u00e1ticos de la ciudad y parada obligatoria en una visita tur\u00edstica a Salamanca. Acomp\u00e1\u00f1anos a conocer los secretos de la Catedral Nueva de Salamanca\" \/>\n<meta name=\"twitter:image\" content=\"http:\/\/destinocastillayleonhttp:\/\/destinocastillayleon.es\/index\/wp-content\/uploads\/2017\/04\/6335f2081c3463e625c8ffad18b6d398.jpges\/index\/wp-content\/uploads\/2017\/02\/6335f2081c3463e625c8ffad18b6d398-1.jpg\" \/>\n<meta name=\"twitter:creator\" content=\"@https:\/\/twitter.com\/narcisocasas\" \/>\n<meta name=\"twitter:site\" content=\"@destinocyl\" \/>\n<meta name=\"twitter:label1\" content=\"Escrito por\" \/>\n\t<meta name=\"twitter:data1\" content=\"Narciso Casas\" \/>\n\t<meta name=\"twitter:label2\" content=\"Tiempo de lectura\" \/>\n\t<meta name=\"twitter:data2\" content=\"22 minutos\" \/>\n<script type=\"application\/ld+json\" class=\"yoast-schema-graph\">{\"@context\":\"https:\\\/\\\/schema.org\",\"@graph\":[{\"@type\":\"Article\",\"@id\":\"https:\\\/\\\/destinocastillayleon.es\\\/index\\\/catedral-nueva-de-salamanca\\\/#article\",\"isPartOf\":{\"@id\":\"https:\\\/\\\/destinocastillayleon.es\\\/index\\\/catedral-nueva-de-salamanca\\\/\"},\"author\":{\"name\":\"Narciso Casas\",\"@id\":\"https:\\\/\\\/destinocastillayleon.es\\\/index\\\/#\\\/schema\\\/person\\\/1becc9e19ead9f0fc2021be0bbc80ea7\"},\"headline\":\"Gu\u00eda de la ciudad de Salamanca II: La Catedral Nueva de Salamanca\",\"datePublished\":\"2017-02-03T05:55:22+00:00\",\"dateModified\":\"2024-02-06T15:10:59+00:00\",\"mainEntityOfPage\":{\"@id\":\"https:\\\/\\\/destinocastillayleon.es\\\/index\\\/catedral-nueva-de-salamanca\\\/\"},\"wordCount\":3779,\"commentCount\":2,\"image\":{\"@id\":\"https:\\\/\\\/destinocastillayleon.es\\\/index\\\/catedral-nueva-de-salamanca\\\/#primaryimage\"},\"thumbnailUrl\":\"https:\\\/\\\/destinocastillayleon.es\\\/index\\\/wp-content\\\/uploads\\\/2017\\\/04\\\/6335f2081c3463e625c8ffad18b6d398.jpg\",\"keywords\":[\"catedral nueva de Salamanca\",\"Gu\u00eda para conocer los secretos de la Catedral Nueva de Salamanca\",\"Salamanca\",\"secretos de la Catedral de salamanca\",\"visitar Salamanca\"],\"articleSection\":[\"Post_inicial\",\"Salamanca\",\"Salamanca Turismo\"],\"inLanguage\":\"es\",\"potentialAction\":[{\"@type\":\"CommentAction\",\"name\":\"Comment\",\"target\":[\"https:\\\/\\\/destinocastillayleon.es\\\/index\\\/catedral-nueva-de-salamanca\\\/#respond\"]}]},{\"@type\":\"WebPage\",\"@id\":\"https:\\\/\\\/destinocastillayleon.es\\\/index\\\/catedral-nueva-de-salamanca\\\/\",\"url\":\"https:\\\/\\\/destinocastillayleon.es\\\/index\\\/catedral-nueva-de-salamanca\\\/\",\"name\":\"Catedral Nueva de Salamanca - Destino Castilla y Le\u00f3n\",\"isPartOf\":{\"@id\":\"https:\\\/\\\/destinocastillayleon.es\\\/index\\\/#website\"},\"primaryImageOfPage\":{\"@id\":\"https:\\\/\\\/destinocastillayleon.es\\\/index\\\/catedral-nueva-de-salamanca\\\/#primaryimage\"},\"image\":{\"@id\":\"https:\\\/\\\/destinocastillayleon.es\\\/index\\\/catedral-nueva-de-salamanca\\\/#primaryimage\"},\"thumbnailUrl\":\"https:\\\/\\\/destinocastillayleon.es\\\/index\\\/wp-content\\\/uploads\\\/2017\\\/04\\\/6335f2081c3463e625c8ffad18b6d398.jpg\",\"datePublished\":\"2017-02-03T05:55:22+00:00\",\"dateModified\":\"2024-02-06T15:10:59+00:00\",\"author\":{\"@id\":\"https:\\\/\\\/destinocastillayleon.es\\\/index\\\/#\\\/schema\\\/person\\\/1becc9e19ead9f0fc2021be0bbc80ea7\"},\"description\":\"Uno de los edificios m\u00e1s emblem\u00e1ticos y parada obligatoria en una visita tur\u00edstica a Salamanca. Conozcamos los secretos de la Catedral Nueva de Salamanca\",\"breadcrumb\":{\"@id\":\"https:\\\/\\\/destinocastillayleon.es\\\/index\\\/catedral-nueva-de-salamanca\\\/#breadcrumb\"},\"inLanguage\":\"es\",\"potentialAction\":[{\"@type\":\"ReadAction\",\"target\":[\"https:\\\/\\\/destinocastillayleon.es\\\/index\\\/catedral-nueva-de-salamanca\\\/\"]}]},{\"@type\":\"ImageObject\",\"inLanguage\":\"es\",\"@id\":\"https:\\\/\\\/destinocastillayleon.es\\\/index\\\/catedral-nueva-de-salamanca\\\/#primaryimage\",\"url\":\"https:\\\/\\\/destinocastillayleon.es\\\/index\\\/wp-content\\\/uploads\\\/2017\\\/04\\\/6335f2081c3463e625c8ffad18b6d398.jpg\",\"contentUrl\":\"https:\\\/\\\/destinocastillayleon.es\\\/index\\\/wp-content\\\/uploads\\\/2017\\\/04\\\/6335f2081c3463e625c8ffad18b6d398.jpg\",\"width\":1200,\"height\":708,\"caption\":\"Catedral nueva de Salamanca - Destino Castilla y Le\u00f3n\"},{\"@type\":\"BreadcrumbList\",\"@id\":\"https:\\\/\\\/destinocastillayleon.es\\\/index\\\/catedral-nueva-de-salamanca\\\/#breadcrumb\",\"itemListElement\":[{\"@type\":\"ListItem\",\"position\":1,\"name\":\"Portada\",\"item\":\"https:\\\/\\\/destinocastillayleon.es\\\/index\\\/\"},{\"@type\":\"ListItem\",\"position\":2,\"name\":\"Gu\u00eda de la ciudad de Salamanca II: La Catedral Nueva de Salamanca\"}]},{\"@type\":\"WebSite\",\"@id\":\"https:\\\/\\\/destinocastillayleon.es\\\/index\\\/#website\",\"url\":\"https:\\\/\\\/destinocastillayleon.es\\\/index\\\/\",\"name\":\"Destino Castilla y Le\u00f3n\",\"description\":\"Medio digital independiente y revista de Castilla y Le\u00f3n dedicado al turismo, gastronom\u00eda y vino de Castilla y Le\u00f3n\",\"potentialAction\":[{\"@type\":\"SearchAction\",\"target\":{\"@type\":\"EntryPoint\",\"urlTemplate\":\"https:\\\/\\\/destinocastillayleon.es\\\/index\\\/?s={search_term_string}\"},\"query-input\":{\"@type\":\"PropertyValueSpecification\",\"valueRequired\":true,\"valueName\":\"search_term_string\"}}],\"inLanguage\":\"es\"},{\"@type\":\"Person\",\"@id\":\"https:\\\/\\\/destinocastillayleon.es\\\/index\\\/#\\\/schema\\\/person\\\/1becc9e19ead9f0fc2021be0bbc80ea7\",\"name\":\"Narciso Casas\",\"image\":{\"@type\":\"ImageObject\",\"inLanguage\":\"es\",\"@id\":\"https:\\\/\\\/secure.gravatar.com\\\/avatar\\\/091e8d37626e66ff26a9f756f698c44cd4f2f8d54dcdb29458075251b4ba3dc5?s=96&d=mm&r=g\",\"url\":\"https:\\\/\\\/secure.gravatar.com\\\/avatar\\\/091e8d37626e66ff26a9f756f698c44cd4f2f8d54dcdb29458075251b4ba3dc5?s=96&d=mm&r=g\",\"contentUrl\":\"https:\\\/\\\/secure.gravatar.com\\\/avatar\\\/091e8d37626e66ff26a9f756f698c44cd4f2f8d54dcdb29458075251b4ba3dc5?s=96&d=mm&r=g\",\"caption\":\"Narciso Casas\"},\"description\":\"Desde Madrid, formado en Bellas Artes, Restauraci\u00f3n y Conservaci\u00f3n de obras de arte. Gracias a esta capacitaci\u00f3n ha realizado exposiciones por diversos pa\u00edses. Adem\u00e1s, es licenciado en publicidad y marketing por la Universidad Deusto. Tambi\u00e9n posee varios masters. Colabora con la revista digital Historia y Arqueolog\u00eda y ha publicado varios libros que puedes adquirir aqu\u00ed: http:\\\/\\\/librosdenarcisocasas.blogspot.com.es\\\/\",\"sameAs\":[\"http:\\\/\\\/librosdenarcisocasas.blogspot.com.es\\\/\",\"https:\\\/\\\/www.facebook.com\\\/narciso.casas?ref=br_rs\",\"https:\\\/\\\/www.instagram.com\\\/casasnarciso\\\/\",\"https:\\\/\\\/www.linkedin.com\\\/in\\\/narciso-casas-6b592a48\",\"https:\\\/\\\/es.pinterest.com\\\/narciso_c\\\/\",\"https:\\\/\\\/x.com\\\/https:\\\/\\\/twitter.com\\\/narcisocasas\"],\"url\":\"https:\\\/\\\/destinocastillayleon.es\\\/index\\\/author\\\/narciso-casas\\\/\"}]}<\/script>\n<!-- \/ Yoast SEO Premium plugin. -->","yoast_head_json":{"title":"Catedral Nueva de Salamanca - Destino Castilla y Le\u00f3n","description":"Uno de los edificios m\u00e1s emblem\u00e1ticos y parada obligatoria en una visita tur\u00edstica a Salamanca. Conozcamos los secretos de la Catedral Nueva de Salamanca","robots":{"index":"index","follow":"follow","max-snippet":"max-snippet:-1","max-image-preview":"max-image-preview:large","max-video-preview":"max-video-preview:-1"},"canonical":"https:\/\/destinocastillayleon.es\/index\/catedral-nueva-de-salamanca\/","og_locale":"es_ES","og_type":"article","og_title":"Gu\u00eda para conocer los secretos de la Catedral Nueva de Salamanca \u2013 Destino Castilla y Le\u00f3n","og_description":"Uno de los edificios m\u00e1s emblem\u00e1ticos de la ciudad y parada obligatoria en una visita tur\u00edstica a Salamanca. Acomp\u00e1\u00f1anos a conocer los secretos de la Catedral Nueva de Salamanca","og_url":"https:\/\/destinocastillayleon.es\/index\/catedral-nueva-de-salamanca\/","og_site_name":"Destino Castilla y Le\u00f3n","article_publisher":"https:\/\/www.facebook.com\/DestinoCastillaYLeon\/","article_author":"https:\/\/www.facebook.com\/narciso.casas?ref=br_rs","article_published_time":"2017-02-03T05:55:22+00:00","article_modified_time":"2024-02-06T15:10:59+00:00","author":"Narciso Casas","twitter_card":"summary_large_image","twitter_title":"Gu\u00eda para conocer los secretos de la Catedral Nueva de Salamanca \u2013 Destino Castilla y Le\u00f3n","twitter_description":"Uno de los edificios m\u00e1s emblem\u00e1ticos de la ciudad y parada obligatoria en una visita tur\u00edstica a Salamanca. Acomp\u00e1\u00f1anos a conocer los secretos de la Catedral Nueva de Salamanca","twitter_image":"http:\/\/destinocastillayleonhttp:\/\/destinocastillayleon.es\/index\/wp-content\/uploads\/2017\/04\/6335f2081c3463e625c8ffad18b6d398.jpges\/index\/wp-content\/uploads\/2017\/02\/6335f2081c3463e625c8ffad18b6d398-1.jpg","twitter_creator":"@https:\/\/twitter.com\/narcisocasas","twitter_site":"@destinocyl","twitter_misc":{"Escrito por":"Narciso Casas","Tiempo de lectura":"22 minutos"},"schema":{"@context":"https:\/\/schema.org","@graph":[{"@type":"Article","@id":"https:\/\/destinocastillayleon.es\/index\/catedral-nueva-de-salamanca\/#article","isPartOf":{"@id":"https:\/\/destinocastillayleon.es\/index\/catedral-nueva-de-salamanca\/"},"author":{"name":"Narciso Casas","@id":"https:\/\/destinocastillayleon.es\/index\/#\/schema\/person\/1becc9e19ead9f0fc2021be0bbc80ea7"},"headline":"Gu\u00eda de la ciudad de Salamanca II: La Catedral Nueva de Salamanca","datePublished":"2017-02-03T05:55:22+00:00","dateModified":"2024-02-06T15:10:59+00:00","mainEntityOfPage":{"@id":"https:\/\/destinocastillayleon.es\/index\/catedral-nueva-de-salamanca\/"},"wordCount":3779,"commentCount":2,"image":{"@id":"https:\/\/destinocastillayleon.es\/index\/catedral-nueva-de-salamanca\/#primaryimage"},"thumbnailUrl":"https:\/\/destinocastillayleon.es\/index\/wp-content\/uploads\/2017\/04\/6335f2081c3463e625c8ffad18b6d398.jpg","keywords":["catedral nueva de Salamanca","Gu\u00eda para conocer los secretos de la Catedral Nueva de Salamanca","Salamanca","secretos de la Catedral de salamanca","visitar Salamanca"],"articleSection":["Post_inicial","Salamanca","Salamanca Turismo"],"inLanguage":"es","potentialAction":[{"@type":"CommentAction","name":"Comment","target":["https:\/\/destinocastillayleon.es\/index\/catedral-nueva-de-salamanca\/#respond"]}]},{"@type":"WebPage","@id":"https:\/\/destinocastillayleon.es\/index\/catedral-nueva-de-salamanca\/","url":"https:\/\/destinocastillayleon.es\/index\/catedral-nueva-de-salamanca\/","name":"Catedral Nueva de Salamanca - Destino Castilla y Le\u00f3n","isPartOf":{"@id":"https:\/\/destinocastillayleon.es\/index\/#website"},"primaryImageOfPage":{"@id":"https:\/\/destinocastillayleon.es\/index\/catedral-nueva-de-salamanca\/#primaryimage"},"image":{"@id":"https:\/\/destinocastillayleon.es\/index\/catedral-nueva-de-salamanca\/#primaryimage"},"thumbnailUrl":"https:\/\/destinocastillayleon.es\/index\/wp-content\/uploads\/2017\/04\/6335f2081c3463e625c8ffad18b6d398.jpg","datePublished":"2017-02-03T05:55:22+00:00","dateModified":"2024-02-06T15:10:59+00:00","author":{"@id":"https:\/\/destinocastillayleon.es\/index\/#\/schema\/person\/1becc9e19ead9f0fc2021be0bbc80ea7"},"description":"Uno de los edificios m\u00e1s emblem\u00e1ticos y parada obligatoria en una visita tur\u00edstica a Salamanca. Conozcamos los secretos de la Catedral Nueva de Salamanca","breadcrumb":{"@id":"https:\/\/destinocastillayleon.es\/index\/catedral-nueva-de-salamanca\/#breadcrumb"},"inLanguage":"es","potentialAction":[{"@type":"ReadAction","target":["https:\/\/destinocastillayleon.es\/index\/catedral-nueva-de-salamanca\/"]}]},{"@type":"ImageObject","inLanguage":"es","@id":"https:\/\/destinocastillayleon.es\/index\/catedral-nueva-de-salamanca\/#primaryimage","url":"https:\/\/destinocastillayleon.es\/index\/wp-content\/uploads\/2017\/04\/6335f2081c3463e625c8ffad18b6d398.jpg","contentUrl":"https:\/\/destinocastillayleon.es\/index\/wp-content\/uploads\/2017\/04\/6335f2081c3463e625c8ffad18b6d398.jpg","width":1200,"height":708,"caption":"Catedral nueva de Salamanca - Destino Castilla y Le\u00f3n"},{"@type":"BreadcrumbList","@id":"https:\/\/destinocastillayleon.es\/index\/catedral-nueva-de-salamanca\/#breadcrumb","itemListElement":[{"@type":"ListItem","position":1,"name":"Portada","item":"https:\/\/destinocastillayleon.es\/index\/"},{"@type":"ListItem","position":2,"name":"Gu\u00eda de la ciudad de Salamanca II: La Catedral Nueva de Salamanca"}]},{"@type":"WebSite","@id":"https:\/\/destinocastillayleon.es\/index\/#website","url":"https:\/\/destinocastillayleon.es\/index\/","name":"Destino Castilla y Le\u00f3n","description":"Medio digital independiente y revista de Castilla y Le\u00f3n dedicado al turismo, gastronom\u00eda y vino de Castilla y Le\u00f3n","potentialAction":[{"@type":"SearchAction","target":{"@type":"EntryPoint","urlTemplate":"https:\/\/destinocastillayleon.es\/index\/?s={search_term_string}"},"query-input":{"@type":"PropertyValueSpecification","valueRequired":true,"valueName":"search_term_string"}}],"inLanguage":"es"},{"@type":"Person","@id":"https:\/\/destinocastillayleon.es\/index\/#\/schema\/person\/1becc9e19ead9f0fc2021be0bbc80ea7","name":"Narciso Casas","image":{"@type":"ImageObject","inLanguage":"es","@id":"https:\/\/secure.gravatar.com\/avatar\/091e8d37626e66ff26a9f756f698c44cd4f2f8d54dcdb29458075251b4ba3dc5?s=96&d=mm&r=g","url":"https:\/\/secure.gravatar.com\/avatar\/091e8d37626e66ff26a9f756f698c44cd4f2f8d54dcdb29458075251b4ba3dc5?s=96&d=mm&r=g","contentUrl":"https:\/\/secure.gravatar.com\/avatar\/091e8d37626e66ff26a9f756f698c44cd4f2f8d54dcdb29458075251b4ba3dc5?s=96&d=mm&r=g","caption":"Narciso Casas"},"description":"Desde Madrid, formado en Bellas Artes, Restauraci\u00f3n y Conservaci\u00f3n de obras de arte. Gracias a esta capacitaci\u00f3n ha realizado exposiciones por diversos pa\u00edses. Adem\u00e1s, es licenciado en publicidad y marketing por la Universidad Deusto. Tambi\u00e9n posee varios masters. Colabora con la revista digital Historia y Arqueolog\u00eda y ha publicado varios libros que puedes adquirir aqu\u00ed: http:\/\/librosdenarcisocasas.blogspot.com.es\/","sameAs":["http:\/\/librosdenarcisocasas.blogspot.com.es\/","https:\/\/www.facebook.com\/narciso.casas?ref=br_rs","https:\/\/www.instagram.com\/casasnarciso\/","https:\/\/www.linkedin.com\/in\/narciso-casas-6b592a48","https:\/\/es.pinterest.com\/narciso_c\/","https:\/\/x.com\/https:\/\/twitter.com\/narcisocasas"],"url":"https:\/\/destinocastillayleon.es\/index\/author\/narciso-casas\/"}]}},"_links":{"self":[{"href":"https:\/\/destinocastillayleon.es\/index\/wp-json\/wp\/v2\/posts\/24486","targetHints":{"allow":["GET"]}}],"collection":[{"href":"https:\/\/destinocastillayleon.es\/index\/wp-json\/wp\/v2\/posts"}],"about":[{"href":"https:\/\/destinocastillayleon.es\/index\/wp-json\/wp\/v2\/types\/post"}],"author":[{"embeddable":true,"href":"https:\/\/destinocastillayleon.es\/index\/wp-json\/wp\/v2\/users\/21"}],"replies":[{"embeddable":true,"href":"https:\/\/destinocastillayleon.es\/index\/wp-json\/wp\/v2\/comments?post=24486"}],"version-history":[{"count":16,"href":"https:\/\/destinocastillayleon.es\/index\/wp-json\/wp\/v2\/posts\/24486\/revisions"}],"predecessor-version":[{"id":38395,"href":"https:\/\/destinocastillayleon.es\/index\/wp-json\/wp\/v2\/posts\/24486\/revisions\/38395"}],"wp:featuredmedia":[{"embeddable":true,"href":"https:\/\/destinocastillayleon.es\/index\/wp-json\/wp\/v2\/media\/25278"}],"wp:attachment":[{"href":"https:\/\/destinocastillayleon.es\/index\/wp-json\/wp\/v2\/media?parent=24486"}],"wp:term":[{"taxonomy":"category","embeddable":true,"href":"https:\/\/destinocastillayleon.es\/index\/wp-json\/wp\/v2\/categories?post=24486"},{"taxonomy":"post_tag","embeddable":true,"href":"https:\/\/destinocastillayleon.es\/index\/wp-json\/wp\/v2\/tags?post=24486"}],"curies":[{"name":"wp","href":"https:\/\/api.w.org\/{rel}","templated":true}]}}