{"id":23849,"date":"2016-11-18T07:44:58","date_gmt":"2016-11-18T06:44:58","guid":{"rendered":"http:\/\/destinocastillayleon.es\/index\/?p=23849"},"modified":"2020-12-15T17:03:37","modified_gmt":"2020-12-15T16:03:37","slug":"otono-en-castilla-y-leon","status":"publish","type":"post","link":"https:\/\/destinocastillayleon.es\/index\/otono-en-castilla-y-leon\/","title":{"rendered":"Lugares m\u00e1gicos para disfrutar el oto\u00f1o en Castilla y Le\u00f3n"},"content":{"rendered":"<p>Recientemente realizamos un concurso entre nuestros lectores en el que preguntamos <strong><a href=\"http:\/\/destinocastillayleon.es\/index\/valle-del-sedano\/\">cu\u00e1l era su lugar favorito para disfrutar el oto\u00f1o en Castilla y Le\u00f3n<\/a><\/strong>. <\/p>\n<p>La verdad es que nos sorprendi\u00f3 <strong>la gran cantidad de respuestas y tan variadas<\/strong>. Algunas, muy repetidas. Nos parecieron tan fascinantes que <strong>hemos querido compartir con vosotros este ranking con las respuestas m\u00e1s votadas<\/strong>. Algunas ya las conocemos, otras nos las hemos apuntado para visitarlas tan pronto como podamos.<\/p>\n<p>Y sin m\u00e1s, pasamos a contaros lo que vosotros, los lectores, hab\u00e9is votado.<\/p>\n<h2>Vuestros lugares m\u00e1gicos para disfrutar el oto\u00f1o en Castilla y Le\u00f3n<\/h2>\n<h3>1. Sierra de Gredos<\/h3>\n<p>Siempre un cl\u00e1sico, un aut\u00e9ntico para\u00edso natural, con magn\u00edficos bosques ricos en <a href=\"http:\/\/destinocastillayleon.es\/index\/tuitquedada-micologica-2016\/\">producci\u00f3n de setas<\/a> y hongos.<\/p>\n<p><a href=\"http:\/\/www.laquintadelchocolatero.com\/\" target=\"_Blank\" rel=\"noopener noreferrer\"><figure id=\"attachment_23722\" aria-describedby=\"caption-attachment-23722\" style=\"width: 640px\" class=\"wp-caption aligncenter\"><img decoding=\"async\" src=\"http:\/\/destinocastillayleon.es\/index\/wp-content\/uploads\/2016\/10\/6f828ed5ea184b0b8847970e7acde7d6.jpg\" alt=\"Navatejares desde el r\u00edo Tormes - Imagen de LaQuitadelChocolatero\" width=\"640\" height=\"360\" class=\"size-full wp-image-23722\" srcset=\"https:\/\/destinocastillayleon.es\/index\/wp-content\/uploads\/2016\/10\/6f828ed5ea184b0b8847970e7acde7d6.jpg 640w, https:\/\/destinocastillayleon.es\/index\/wp-content\/uploads\/2016\/10\/6f828ed5ea184b0b8847970e7acde7d6-300x169.jpg 300w\" sizes=\"(max-width: 640px) 100vw, 640px\" \/><figcaption id=\"caption-attachment-23722\" class=\"wp-caption-text\">Navatejares desde el r\u00edo Tormes, al fondo la Siera de Gredos &#8211; Imagen de LaQuitadelChocolatero<\/figcaption><\/figure><\/a><br \/>\n&nbsp; <\/p>\n<h3>2. La monta\u00f1a palentina<\/h3>\n<p>Esta vez al norte, hab\u00e9is elegido esta parte de la Cordillera Cant\u00e1brica. Hay varios <a href=\"http:\/\/destinocastillayleon.es\/index\/parques-naturales-en-castilla-y-leon\/\">Parques Nacionales<\/a> como el de <a href=\"http:\/\/destinocastillayleon.es\/index\/ruta-4x4-en-el-parque-natural-de-fuentes-carrionas\/\">Fuentes Carrionas<\/a>. Otra maravilla de nuestra regi\u00f3n.<\/p>\n<p><a href=\"http:\/\/www.hola.com\/viajes\/2010092945697\/bosques\/otono\/espana\/\" target=\"_Blank\" rel=\"noopener noreferrer\"><figure id=\"attachment_23851\" aria-describedby=\"caption-attachment-23851\" style=\"width: 640px\" class=\"wp-caption aligncenter\"><img decoding=\"async\" src=\"http:\/\/destinocastillayleon.es\/index\/wp-content\/uploads\/2016\/11\/366a59c5f96df255e7dd5f0d2e6a4226.jpg\" alt=\"Monta\u00f1a palentina en Oto\u00f1o - Imagen de Hola\" width=\"640\" height=\"400\" class=\"size-full wp-image-23851\" srcset=\"https:\/\/destinocastillayleon.es\/index\/wp-content\/uploads\/2016\/11\/366a59c5f96df255e7dd5f0d2e6a4226.jpg 640w, https:\/\/destinocastillayleon.es\/index\/wp-content\/uploads\/2016\/11\/366a59c5f96df255e7dd5f0d2e6a4226-300x188.jpg 300w\" sizes=\"(max-width: 640px) 100vw, 640px\" \/><figcaption id=\"caption-attachment-23851\" class=\"wp-caption-text\">Monta\u00f1a palentina en Oto\u00f1o &#8211; Imagen de Hola<\/figcaption><\/figure><\/a><br \/>\n&nbsp; <\/p>\n<h3>3. Parque Natural del Lago de Sanabria<\/h3>\n<p>Otro de los espacios naturales m\u00e1s impresionantes de Castilla y Le\u00f3n es este <a href=\"http:\/\/destinocastillayleon.es\/index\/guia-para-viajar-al-lago-de-sanabria\/\">lago glaciar de Sanabria<\/a> en la provincia de Zamora. Y justo ah\u00ed, <a href=\"http:\/\/destinocastillayleon.es\/index\/rincones-medievales-mas-bonitos-de-castilla-y-leon\/\">Puebla de Sanabria<\/a> es uno los pueblos m\u00e1s bonitos para quedarse y visitar.<\/p>\n<p><a href=\"http:\/\/naturduero.blogspot.com.es\/2013\/12\/otono-en-sanabria.html\" target=\"_Blank\" rel=\"noopener noreferrer\"><figure id=\"attachment_23853\" aria-describedby=\"caption-attachment-23853\" style=\"width: 640px\" class=\"wp-caption aligncenter\"><img decoding=\"async\" src=\"http:\/\/destinocastillayleon.es\/index\/wp-content\/uploads\/2016\/11\/c919efaaf52e3a588b104a20b1dfdf7b.jpg\" alt=\"Lago de Sanabria en Oto\u00f1o - Imagen de J.P. Rodr\u00edguez\" width=\"640\" height=\"400\" class=\"size-full wp-image-23853\" srcset=\"https:\/\/destinocastillayleon.es\/index\/wp-content\/uploads\/2016\/11\/c919efaaf52e3a588b104a20b1dfdf7b.jpg 640w, https:\/\/destinocastillayleon.es\/index\/wp-content\/uploads\/2016\/11\/c919efaaf52e3a588b104a20b1dfdf7b-300x188.jpg 300w\" sizes=\"(max-width: 640px) 100vw, 640px\" \/><figcaption id=\"caption-attachment-23853\" class=\"wp-caption-text\">Lago de Sanabria en Oto\u00f1o &#8211; Imagen de J.P. Rodr\u00edguez<\/figcaption><\/figure><\/a><br \/>\n&nbsp; <\/p>\n<h3>4. El Bierzo<\/h3>\n<p>Toda esta comarca respira magia, desde su <a href=\"http:\/\/destinocastillayleon.es\/index\/el-valle-del-silencio-en-leon\/\">Valle del Silencio<\/a>, sus Castillos Templarios, aunque solo el <a href=\"http:\/\/destinocastillayleon.es\/index\/castillo-templario-de-ponferrada\/\">Castillo de Ponferrada<\/a> sea el conocido y al <a href=\"http:\/\/destinocastillayleon.es\/index\/guia-para-disfrutar-en-las-medulas-de-leon\/\">yacimiento de las M\u00e9dulas<\/a>. Un gran lugar donde dejarse llevar por la magia del oto\u00f1o.<\/p>\n<p><a href=\"http:\/\/destinocastillayleon.es\/index\/el-valle-del-silencio-en-leon\/\" target=\"_Blank\" rel=\"noopener noreferrer\"><figure id=\"attachment_23880\" aria-describedby=\"caption-attachment-23880\" style=\"width: 640px\" class=\"wp-caption aligncenter\"><img decoding=\"async\" src=\"http:\/\/destinocastillayleon.es\/index\/wp-content\/uploads\/2016\/11\/649004d5e71f560679adc94033bebeed.jpg\" alt=\"Monta\u00f1as del Valle del Silencio\" width=\"640\" height=\"400\" class=\"size-full wp-image-23880\" srcset=\"https:\/\/destinocastillayleon.es\/index\/wp-content\/uploads\/2016\/11\/649004d5e71f560679adc94033bebeed.jpg 640w, https:\/\/destinocastillayleon.es\/index\/wp-content\/uploads\/2016\/11\/649004d5e71f560679adc94033bebeed-300x188.jpg 300w\" sizes=\"(max-width: 640px) 100vw, 640px\" \/><figcaption id=\"caption-attachment-23880\" class=\"wp-caption-text\">Monta\u00f1as del Valle del Silencio, en El Bierzo<\/figcaption><\/figure><\/a><br \/>\n&nbsp; <\/p>\n<h3>5. Salamanca<\/h3>\n<p>Si hay una ciudad m\u00e1gica en Castilla y Le\u00f3n, esa es <a href=\"http:\/\/destinocastillayleon.es\/index\/guia-de-salamanca\/\">Salamanca<\/a>, junto a Toledo son las ciudades con m\u00e1s leyendas asociadas al misterio. Quiz\u00e1s sea por esos <a href=\"http:\/\/destinocastillayleon.es\/index\/salamanca-nocturna\/\">atardeceres dorados<\/a> de esta ciudad.<\/p>\n<p><a href=\"http:\/\/destinocastillayleon.es\/index\/guia-de-salamanca\/\" ><figure id=\"attachment_23881\" aria-describedby=\"caption-attachment-23881\" style=\"width: 640px\" class=\"wp-caption aligncenter\"><img decoding=\"async\" src=\"http:\/\/destinocastillayleon.es\/index\/wp-content\/uploads\/2016\/11\/Ciudad-dorada-de-Salamanca.jpg\" alt=\"Ciudad dorada de Salamanca\" width=\"640\" height=\"400\" class=\"size-full wp-image-23881\" srcset=\"https:\/\/destinocastillayleon.es\/index\/wp-content\/uploads\/2016\/11\/Ciudad-dorada-de-Salamanca.jpg 640w, https:\/\/destinocastillayleon.es\/index\/wp-content\/uploads\/2016\/11\/Ciudad-dorada-de-Salamanca-300x188.jpg 300w\" sizes=\"(max-width: 640px) 100vw, 640px\" \/><figcaption id=\"caption-attachment-23881\" class=\"wp-caption-text\">Ciudad dorada de Salamanca<\/figcaption><\/figure><\/a><br \/>\n&nbsp; <\/p>\n<h3>6. Sierra del Guadarrama<\/h3>\n<p>Entre Segovia y Madrid, esta otra parte del Sistema Central es otra maravilla que nos ha regalado la naturaleza. En cualquiera de sus dos vertientes puedes disfrutar de sus bosques y hacer alguna de sus <a href=\"http:\/\/destinocastillayleon.es\/index\/la-senda-del-aguila-en-san-rafael\/\">rutas de senderismo<\/a>.<\/p>\n<p><a href=\"http:\/\/www.mediasytintas.com\/2015\/11\/de-excursion-la-boca-del-asno.html\" target=\"\u201d_Blank\u201d\" rel=\"noopener noreferrer\"><figure id=\"attachment_23854\" aria-describedby=\"caption-attachment-23854\" style=\"width: 640px\" class=\"wp-caption aligncenter\"><img decoding=\"async\" src=\"http:\/\/destinocastillayleon.es\/index\/wp-content\/uploads\/2016\/11\/Boca-del-Asno-ruta-por-la-Sierra-de-Guadarrama-en-su-vertiente-Segoviana-Imagne-de-Mediastintas.jpg\" alt=\"Boca del Asno, ruta por la Sierra de Guadarrama en su vertiente Segoviana - Imagne de Mediastintas\" width=\"640\" height=\"400\" class=\"size-full wp-image-23854\" srcset=\"https:\/\/destinocastillayleon.es\/index\/wp-content\/uploads\/2016\/11\/Boca-del-Asno-ruta-por-la-Sierra-de-Guadarrama-en-su-vertiente-Segoviana-Imagne-de-Mediastintas.jpg 640w, https:\/\/destinocastillayleon.es\/index\/wp-content\/uploads\/2016\/11\/Boca-del-Asno-ruta-por-la-Sierra-de-Guadarrama-en-su-vertiente-Segoviana-Imagne-de-Mediastintas-300x188.jpg 300w\" sizes=\"(max-width: 640px) 100vw, 640px\" \/><figcaption id=\"caption-attachment-23854\" class=\"wp-caption-text\">Boca del Asno, ruta por la Sierra de Guadarrama en su vertiente Segoviana &#8211; Imagne de Mediastintas<\/figcaption><\/figure><\/a><br \/>\n&nbsp; <\/p>\n<h3>7. Ruta de los Pantanos de la monta\u00f1a palentina<\/h3>\n<p>Otra parte de la monta\u00f1a palentina recorre unos lagos artificiales que son los pantanos. Una escapada entre estos pantanos, como el de Cervera, <a href=\"http:\/\/destinocastillayleon.es\/index\/turismo-en-aguilar-de-campoo\/\">Aguilar de Campoo<\/a>,.. permite disfrutar de unos valles maravillosos donde adem\u00e1s puedes encontrar ejemplos maravillosos del <a href=\"http:\/\/destinocastillayleon.es\/index\/ruta-norte-por-el-romanico-palentino\/\">Rom\u00e1nico Palentino<\/a>.<\/p>\n<p><a href=\"http:\/\/www.miespacionatural.es\/espaciospanel\/2431\" target=\"_Blank\" rel=\"noopener noreferrer\"><figure id=\"attachment_23850\" aria-describedby=\"caption-attachment-23850\" style=\"width: 640px\" class=\"wp-caption aligncenter\"><img decoding=\"async\" src=\"http:\/\/destinocastillayleon.es\/index\/wp-content\/uploads\/2016\/11\/fdc9216b33a76359f800f8278d078c3c.jpg\" alt=\"Pinar de Velilla del r\u00edo Carrion, en la Ruta de los Pantanos de Palencia\" width=\"640\" height=\"400\" class=\"size-full wp-image-23850\" srcset=\"https:\/\/destinocastillayleon.es\/index\/wp-content\/uploads\/2016\/11\/fdc9216b33a76359f800f8278d078c3c.jpg 640w, https:\/\/destinocastillayleon.es\/index\/wp-content\/uploads\/2016\/11\/fdc9216b33a76359f800f8278d078c3c-300x188.jpg 300w\" sizes=\"(max-width: 640px) 100vw, 640px\" \/><figcaption id=\"caption-attachment-23850\" class=\"wp-caption-text\">Pinar de Velilla del r\u00edo Carrion, en la Ruta de los Pantanos de Palencia &#8211; Imagen de miespacionatural<\/figcaption><\/figure><\/a><br \/>\n&nbsp; <\/p>\n<h3>8. La Granja de San Ildefonso<\/h3>\n<p>Otro paraje dentro de la Sierra de Guadarrama, muy cerca de Segovia est\u00e1 este <a href=\"http:\/\/destinocastillayleon.es\/index\/la-granja-de-san-ildefonso\/\">Real Sitio de La Granja<\/a>. La sierra est\u00e1 tomando ya ese precioso color ocre y pasear por <a href=\"http:\/\/destinocastillayleon.es\/index\/granja-de-san-ildefonso\/\">sus jardines<\/a> es tambi\u00e9n especial. Y si te gusta el senderismo, hay una sencilla <a href=\"http:\/\/destinocastillayleon.es\/index\/sendero-de-los-reales-sitios\/\">ruta desde este Real Sitio hasta las ruinas de otro Real Sitio de Valsa\u00edn<\/a>.<\/p>\n<p><a href=\"http:\/\/www.fondosblackberry.com\/download\/palacio-real-de-la-granja-de-san-ildefonso-espaa_w7051.html\" target=\"\u201d_Blank\u201d\" rel=\"noopener noreferrer\"><figure id=\"attachment_23852\" aria-describedby=\"caption-attachment-23852\" style=\"width: 640px\" class=\"wp-caption aligncenter\"><img decoding=\"async\" src=\"http:\/\/destinocastillayleon.es\/index\/wp-content\/uploads\/2016\/11\/1f608114cdeb688f7184be9335c39355.jpg\" alt=\"Palacio de La Granja de San Ildefonso en oto\u00f1o - Imagen de fondosblackberry\" width=\"640\" height=\"400\" class=\"size-full wp-image-23852\" srcset=\"https:\/\/destinocastillayleon.es\/index\/wp-content\/uploads\/2016\/11\/1f608114cdeb688f7184be9335c39355.jpg 640w, https:\/\/destinocastillayleon.es\/index\/wp-content\/uploads\/2016\/11\/1f608114cdeb688f7184be9335c39355-300x188.jpg 300w\" sizes=\"(max-width: 640px) 100vw, 640px\" \/><figcaption id=\"caption-attachment-23852\" class=\"wp-caption-text\">Palacio de La Granja de San Ildefonso en oto\u00f1o &#8211; Imagen de fondosblackberry<\/figcaption><\/figure><\/a><br \/>\n&nbsp; <\/p>\n<h3>9. La Alberca<\/h3>\n<p>Del Sistema Central no nos podemos ir sin recorrer <a href=\"http:\/\/destinocastillayleon.es\/index\/viaje-la-sierra-de-francia\/\">la Sierra Francia<\/a>, donde destacan varios pueblos a cu\u00e1l con mayor encanto. Aunque el m\u00e1s famoso es sin duda La Alberca, catalogado como uno de los pueblos m\u00e1s bonitos de Espa\u00f1a.<\/p>\n<p><a href=\"http:\/\/destinocastillayleon.es\/index\/senderismo-en-el-camino-del-agua\/\" ><figure id=\"attachment_18722\" aria-describedby=\"caption-attachment-18722\" style=\"width: 640px\" class=\"wp-caption aligncenter\"><img decoding=\"async\" src=\"http:\/\/destinocastillayleon.es\/index\/wp-content\/uploads\/2015\/03\/dab9719c4966abfcc06fbba50ed9f8f6.jpg\" alt=\"Senda del Agua - Destino Castilla y Le\u00f3n\" width=\"640\" height=\"365\" class=\"size-full wp-image-18722\" srcset=\"https:\/\/destinocastillayleon.es\/index\/wp-content\/uploads\/2015\/03\/dab9719c4966abfcc06fbba50ed9f8f6.jpg 640w, https:\/\/destinocastillayleon.es\/index\/wp-content\/uploads\/2015\/03\/dab9719c4966abfcc06fbba50ed9f8f6-300x171.jpg 300w\" sizes=\"(max-width: 640px) 100vw, 640px\" \/><figcaption id=\"caption-attachment-18722\" class=\"wp-caption-text\">Senda del Agua, un recorrido por la Sierra de Francia<\/figcaption><\/figure><\/a><br \/>\n&nbsp; <\/p>\n<h3>10. Toro<\/h3>\n<p>El \u00faltimo que m\u00e1s hab\u00e9is indicado de este Top10 es <a href=\"http:\/\/destinocastillayleon.es\/index\/turismo-en-toro\/\">Toro<\/a>; una ciudad llena de encanto que este a\u00f1o ha sido sede de la muestra de <a href=\"http:\/\/destinocastillayleon.es\/index\/aqva\/\">arte sacro Las Edades del Hombre AQVA<\/a>. Al ser nuestro primer destino como Destino Castilla y Le\u00f3n, la tenemos mucho cari\u00f1o. Adem\u00e1s de una bella zona, es un buen lugar donde disfrutar de <a href=\"http:\/\/destinocastillayleon.es\/index\/los-mejores-bares-para-tapear-en-toro\/\">una gastronom\u00eda<\/a> y los buenos vinos de la DO. Toro.<\/p>\n<p><a href=\"http:\/\/destinocastillayleon.es\/index\/turismo-en-toro\/\" target=\"_Blank\" rel=\"noopener noreferrer\"><figure id=\"attachment_12879\" aria-describedby=\"caption-attachment-12879\" style=\"width: 640px\" class=\"wp-caption aligncenter\"><img decoding=\"async\" src=\"http:\/\/destinocastillayleon.es\/index\/wp-content\/uploads\/2014\/04\/3ce5ed204468119feef1cb1cb4df4f33.jpg\" alt=\"Campi\u00f1a de Toro desde la vega del Duero\" width=\"640\" height=\"428\" class=\"size-full wp-image-12879\" srcset=\"https:\/\/destinocastillayleon.es\/index\/wp-content\/uploads\/2014\/04\/3ce5ed204468119feef1cb1cb4df4f33.jpg 640w, https:\/\/destinocastillayleon.es\/index\/wp-content\/uploads\/2014\/04\/3ce5ed204468119feef1cb1cb4df4f33-300x200.jpg 300w\" sizes=\"(max-width: 640px) 100vw, 640px\" \/><figcaption id=\"caption-attachment-12879\" class=\"wp-caption-text\">Campi\u00f1a de Toro desde la vega del Duero<\/figcaption><\/figure><\/a><br \/>\n&nbsp; <\/p>\n<h3>Otros destinos que nos hab\u00e9is dicho<\/h3>\n<p>El listado es mucho mayor, y <strong>si no est\u00e1n dentro del Top10 no es por falta de encanto<\/strong>, muchos los conocemos y otros tantos los tenemos en la carpeta de pendientes, porque sabemos que son igualmente \u00fanicos. Algunos, son parajes concretos del listado Top10.<\/p>\n<p><strong>Esto son los que hab\u00e9is indicado:<\/strong><\/p>\n<ul>\n<li>Hoces del Rio Durat\u00f3n<\/li>\n<li>Monte Espig\u00fcete<\/li>\n<li>Sierra de las Batuecas<\/li>\n<li>El Casta\u00f1ar de El Tiemblo<\/li>\n<li>Ca\u00f1\u00f3n del r\u00edo Lobos<\/li>\n<li>Sep\u00falveda<\/li>\n<li>Carri\u00f3n de los Condes<\/li>\n<li>Ojo Guare\u00f1a<\/li>\n<li>Burgos capital<\/li>\n<li>Hayedo de Piedras Luengas<\/li>\n<li>El Ca\u00f1\u00f3n del Ebro en Burgos<\/li>\n<li>Zamora capital<\/li>\n<li>Sierra de la Culebra<\/li>\n<li>Valladolid<\/li>\n<li>Las Medulas<\/li>\n<\/ul>\n<p>&nbsp;<br \/>\nSin duda, son muchos los lugares que podemos disfrutar el oto\u00f1o en Castilla y Le\u00f3n. Muchos los hab\u00e9is nombrado vosotros, otros, aunque no se han indicado, son igualmente magn\u00edficos.<\/p>\n<p><strong>\u00bfQu\u00e9 otros lugares nos podr\u00edas seguir sugiriendo para una escapada inolvidable en oto\u00f1o en Castilla y Le\u00f3n?<\/strong><br \/>\n&nbsp; <\/p>\n<h4>Tambi\u00e9n te puede interesar<\/h4>\n<ul>\n<li><a href=\"http:\/\/destinocastillayleon.es\/index\/pueblos-amurallados-de-castilla-y-leon\">Pueblos y ciudades amurallas de Castilla y Le\u00f3n<\/a>.<\/li>\n<li><a href=\"http:\/\/destinocastillayleon.es\/index\/12-catedrales-por-conocer-en-castilla-y-leon\/\">Las catedrales de Castilla y Le\u00f3n<\/a>.<\/li>\n<li><a href=\"http:\/\/destinocastillayleon.es\/index\/pueblos-con-encanto-en-castilla-y-leon\/\">10 pueblos con encanto para disfrutar en Castilla y Le\u00f3n<\/a>.<\/li>\n<li><a href=\"http:\/\/destinocastillayleon.es\/index\/los-10-rincones-medievales-mas-bonitos-de-castilla-y-leon\/\">Pueblos medievales llenos de encanto<\/a>.<\/li>\n<li><a href=\"http:\/\/destinocastillayleon.es\/index\/los-10-castillos-mas-impresionantes-de-castilla-y-leon-2\/\">Castillos de Castilla y Le\u00f3n<\/a>.<\/li>\n<li><a href=\"http:\/\/destinocastillayleon.es\/index\/bodegas-centenarias\/\">Descubre las bodegas centenarias de Castilla y Le\u00f3n<\/a>.<\/li>\n<li><a href=\"http:\/\/destinocastillayleon.es\/index\/los-10-rincones-medievales-mas-bonitos-de-castilla-y-leon\/\">Pueblos medievales llenos de encanto<\/a>.<\/li>\n<\/ul>\n<p>&nbsp;<br \/>\nNota: Imagen de portada: Sierra de la Culebra, por <a href=\"http:\/\/bichosalfredodoncel.blogspot.com.es\/2014\/12\/sierra-de-la-culebra-tierras-de-lobos.html\" target=\"_blank\" rel=\"noopener noreferrer\">Alfredo Doncel<\/a>.<\/p>\n","protected":false},"excerpt":{"rendered":"<p>Conoce la selecci\u00f3n de lugares m\u00e1gicos que nuestros lectores han seleccionado como los mejores para una escapada en oto\u00f1o en Castilla y Le\u00f3n<\/p>\n","protected":false},"author":6,"featured_media":23893,"comment_status":"open","ping_status":"closed","sticky":false,"template":"","format":"standard","meta":{"rop_custom_images_group":[],"rop_custom_messages_group":[],"rop_publish_now":"initial","rop_publish_now_accounts":{"twitter_1150954226_1150954226":""},"rop_publish_now_history":[],"rop_publish_now_status":"pending","footnotes":""},"categories":[4788,4721,3472,4712,68,45,4795,4738,4715,4798,4803],"tags":[5082,5074,5075],"class_list":["post-23849","post","type-post","status-publish","format-standard","has-post-thumbnail","hentry","category-avila-turismo","category-burgos-turismo","category-inspirate","category-leon-turismo","category-post_inicial","category-provincias","category-salamanca-turismo","category-segovia-turismo","category-soria-turismo","category-valladolid-turismo","category-zamora-turismo","tag-lugares-con-encanto-en-castilla-y-leon","tag-lugares-magicos-para-disfrutar-el-otono-en-castilla-y-leon","tag-otono-en-castilla-y-leon"],"yoast_head":"<!-- This site is optimized with the Yoast SEO Premium plugin v20.4 (Yoast SEO v27.4) - https:\/\/yoast.com\/product\/yoast-seo-premium-wordpress\/ -->\n<title>Lugares m\u00e1gicos para disfrutar el oto\u00f1o en Castilla y Le\u00f3n<\/title>\n<meta name=\"description\" content=\"Conoce la selecci\u00f3n de lugares m\u00e1gicos que nuestros lectores han seleccionado como los mejores para una escapada en oto\u00f1o en Castilla y Le\u00f3n\" \/>\n<meta name=\"robots\" content=\"index, follow, max-snippet:-1, max-image-preview:large, max-video-preview:-1\" \/>\n<link rel=\"canonical\" href=\"https:\/\/destinocastillayleon.es\/index\/otono-en-castilla-y-leon\/\" \/>\n<meta property=\"og:locale\" content=\"es_ES\" \/>\n<meta property=\"og:type\" content=\"article\" \/>\n<meta property=\"og:title\" content=\"Lugares m\u00e1gicos para disfrutar el oto\u00f1o en Castilla y Le\u00f3n - Destino Castilla y Le\u00f3n\" \/>\n<meta property=\"og:description\" content=\"Conoce la selecci\u00f3n de lugares m\u00e1gicos que nuestros lectores han seleccionado como los mejores para una escapada en oto\u00f1o en Castilla y Le\u00f3n\" \/>\n<meta property=\"og:url\" content=\"https:\/\/destinocastillayleon.es\/index\/otono-en-castilla-y-leon\/\" \/>\n<meta property=\"og:site_name\" content=\"Destino Castilla y Le\u00f3n\" \/>\n<meta property=\"article:publisher\" content=\"https:\/\/www.facebook.com\/DestinoCastillaYLeon\/\" \/>\n<meta property=\"article:published_time\" content=\"2016-11-18T06:44:58+00:00\" \/>\n<meta property=\"article:modified_time\" content=\"2020-12-15T16:03:37+00:00\" \/>\n<meta property=\"og:image\" content=\"https:\/\/destinocastillayleon.es\/index\/wp-content\/uploads\/2016\/11\/Sierra-de-la-Culebra-Imagen-de-Alfredo-Doncel.jpg\" \/>\n\t<meta property=\"og:image:width\" content=\"749\" \/>\n\t<meta property=\"og:image:height\" content=\"531\" \/>\n\t<meta property=\"og:image:type\" content=\"image\/jpeg\" \/>\n<meta name=\"author\" content=\"Lola Hernandez\" \/>\n<meta name=\"twitter:card\" content=\"summary_large_image\" \/>\n<meta name=\"twitter:title\" content=\"Lugares m\u00e1gicos para disfrutar el oto\u00f1o en Castilla y Le\u00f3n - Destino Castilla y Le\u00f3n\" \/>\n<meta name=\"twitter:description\" content=\"Conoce la selecci\u00f3n de lugares m\u00e1gicos que nuestros lectores han seleccionado como los mejores para una escapada en oto\u00f1o en Castilla y Le\u00f3n\" \/>\n<meta name=\"twitter:image\" content=\"http:\/\/destinocastillayleon.es\/index\/wp-content\/uploads\/2016\/11\/Sierra-de-la-Culebra-Imagen-de-Alfredo-Doncel-300x213.jpg\" \/>\n<meta name=\"twitter:creator\" content=\"@destinocyl\" \/>\n<meta name=\"twitter:site\" content=\"@destinocyl\" \/>\n<meta name=\"twitter:label1\" content=\"Escrito por\" \/>\n\t<meta name=\"twitter:data1\" content=\"Lola Hernandez\" \/>\n\t<meta name=\"twitter:label2\" content=\"Tiempo de lectura\" \/>\n\t<meta name=\"twitter:data2\" content=\"5 minutos\" \/>\n<script type=\"application\/ld+json\" class=\"yoast-schema-graph\">{\"@context\":\"https:\\\/\\\/schema.org\",\"@graph\":[{\"@type\":\"Article\",\"@id\":\"https:\\\/\\\/destinocastillayleon.es\\\/index\\\/otono-en-castilla-y-leon\\\/#article\",\"isPartOf\":{\"@id\":\"https:\\\/\\\/destinocastillayleon.es\\\/index\\\/otono-en-castilla-y-leon\\\/\"},\"author\":{\"name\":\"Lola Hernandez\",\"@id\":\"https:\\\/\\\/destinocastillayleon.es\\\/index\\\/#\\\/schema\\\/person\\\/49ffcb7eb307589ba529009335ed7767\"},\"headline\":\"Lugares m\u00e1gicos para disfrutar el oto\u00f1o en Castilla y Le\u00f3n\",\"datePublished\":\"2016-11-18T06:44:58+00:00\",\"dateModified\":\"2020-12-15T16:03:37+00:00\",\"mainEntityOfPage\":{\"@id\":\"https:\\\/\\\/destinocastillayleon.es\\\/index\\\/otono-en-castilla-y-leon\\\/\"},\"wordCount\":1027,\"commentCount\":0,\"image\":{\"@id\":\"https:\\\/\\\/destinocastillayleon.es\\\/index\\\/otono-en-castilla-y-leon\\\/#primaryimage\"},\"thumbnailUrl\":\"https:\\\/\\\/destinocastillayleon.es\\\/index\\\/wp-content\\\/uploads\\\/2016\\\/11\\\/Sierra-de-la-Culebra-Imagen-de-Alfredo-Doncel.jpg\",\"keywords\":[\"lugares con encanto en Castilla y Le\u00f3n\",\"Lugares m\u00e1gicos para disfrutar el oto\u00f1o en Castilla y Le\u00f3n\",\"oto\u00f1o en Castilla y Le\u00f3n\"],\"articleSection\":[\"Avila turismo\",\"Burgos turismo\",\"Inspirate\",\"Leon turismo\",\"Post_inicial\",\"Provincias\",\"Salamanca Turismo\",\"Segovia turismo\",\"Soria turismo\",\"Valladolid Turismo\",\"Zamora Turismo\"],\"inLanguage\":\"es\",\"potentialAction\":[{\"@type\":\"CommentAction\",\"name\":\"Comment\",\"target\":[\"https:\\\/\\\/destinocastillayleon.es\\\/index\\\/otono-en-castilla-y-leon\\\/#respond\"]}]},{\"@type\":\"WebPage\",\"@id\":\"https:\\\/\\\/destinocastillayleon.es\\\/index\\\/otono-en-castilla-y-leon\\\/\",\"url\":\"https:\\\/\\\/destinocastillayleon.es\\\/index\\\/otono-en-castilla-y-leon\\\/\",\"name\":\"Lugares m\u00e1gicos para disfrutar el oto\u00f1o en Castilla y Le\u00f3n\",\"isPartOf\":{\"@id\":\"https:\\\/\\\/destinocastillayleon.es\\\/index\\\/#website\"},\"primaryImageOfPage\":{\"@id\":\"https:\\\/\\\/destinocastillayleon.es\\\/index\\\/otono-en-castilla-y-leon\\\/#primaryimage\"},\"image\":{\"@id\":\"https:\\\/\\\/destinocastillayleon.es\\\/index\\\/otono-en-castilla-y-leon\\\/#primaryimage\"},\"thumbnailUrl\":\"https:\\\/\\\/destinocastillayleon.es\\\/index\\\/wp-content\\\/uploads\\\/2016\\\/11\\\/Sierra-de-la-Culebra-Imagen-de-Alfredo-Doncel.jpg\",\"datePublished\":\"2016-11-18T06:44:58+00:00\",\"dateModified\":\"2020-12-15T16:03:37+00:00\",\"author\":{\"@id\":\"https:\\\/\\\/destinocastillayleon.es\\\/index\\\/#\\\/schema\\\/person\\\/49ffcb7eb307589ba529009335ed7767\"},\"description\":\"Conoce la selecci\u00f3n de lugares m\u00e1gicos que nuestros lectores han seleccionado como los mejores para una escapada en oto\u00f1o en Castilla y Le\u00f3n\",\"breadcrumb\":{\"@id\":\"https:\\\/\\\/destinocastillayleon.es\\\/index\\\/otono-en-castilla-y-leon\\\/#breadcrumb\"},\"inLanguage\":\"es\",\"potentialAction\":[{\"@type\":\"ReadAction\",\"target\":[\"https:\\\/\\\/destinocastillayleon.es\\\/index\\\/otono-en-castilla-y-leon\\\/\"]}]},{\"@type\":\"ImageObject\",\"inLanguage\":\"es\",\"@id\":\"https:\\\/\\\/destinocastillayleon.es\\\/index\\\/otono-en-castilla-y-leon\\\/#primaryimage\",\"url\":\"https:\\\/\\\/destinocastillayleon.es\\\/index\\\/wp-content\\\/uploads\\\/2016\\\/11\\\/Sierra-de-la-Culebra-Imagen-de-Alfredo-Doncel.jpg\",\"contentUrl\":\"https:\\\/\\\/destinocastillayleon.es\\\/index\\\/wp-content\\\/uploads\\\/2016\\\/11\\\/Sierra-de-la-Culebra-Imagen-de-Alfredo-Doncel.jpg\",\"width\":749,\"height\":531,\"caption\":\"Sierra de la Culebra - Imagen de Alfredo Doncel\"},{\"@type\":\"BreadcrumbList\",\"@id\":\"https:\\\/\\\/destinocastillayleon.es\\\/index\\\/otono-en-castilla-y-leon\\\/#breadcrumb\",\"itemListElement\":[{\"@type\":\"ListItem\",\"position\":1,\"name\":\"Portada\",\"item\":\"https:\\\/\\\/destinocastillayleon.es\\\/index\\\/\"},{\"@type\":\"ListItem\",\"position\":2,\"name\":\"Lugares m\u00e1gicos para disfrutar el oto\u00f1o en Castilla y Le\u00f3n\"}]},{\"@type\":\"WebSite\",\"@id\":\"https:\\\/\\\/destinocastillayleon.es\\\/index\\\/#website\",\"url\":\"https:\\\/\\\/destinocastillayleon.es\\\/index\\\/\",\"name\":\"Destino Castilla y Le\u00f3n\",\"description\":\"Medio digital independiente y revista de Castilla y Le\u00f3n dedicado al turismo, gastronom\u00eda y vino de Castilla y Le\u00f3n\",\"potentialAction\":[{\"@type\":\"SearchAction\",\"target\":{\"@type\":\"EntryPoint\",\"urlTemplate\":\"https:\\\/\\\/destinocastillayleon.es\\\/index\\\/?s={search_term_string}\"},\"query-input\":{\"@type\":\"PropertyValueSpecification\",\"valueRequired\":true,\"valueName\":\"search_term_string\"}}],\"inLanguage\":\"es\"},{\"@type\":\"Person\",\"@id\":\"https:\\\/\\\/destinocastillayleon.es\\\/index\\\/#\\\/schema\\\/person\\\/49ffcb7eb307589ba529009335ed7767\",\"name\":\"Lola Hernandez\",\"image\":{\"@type\":\"ImageObject\",\"inLanguage\":\"es\",\"@id\":\"https:\\\/\\\/secure.gravatar.com\\\/avatar\\\/72ead65e55ad0522fba484acfe2842bf78b2f7c727df41d76fed78a85519da34?s=96&d=mm&r=g\",\"url\":\"https:\\\/\\\/secure.gravatar.com\\\/avatar\\\/72ead65e55ad0522fba484acfe2842bf78b2f7c727df41d76fed78a85519da34?s=96&d=mm&r=g\",\"contentUrl\":\"https:\\\/\\\/secure.gravatar.com\\\/avatar\\\/72ead65e55ad0522fba484acfe2842bf78b2f7c727df41d76fed78a85519da34?s=96&d=mm&r=g\",\"caption\":\"Lola Hernandez\"},\"description\":\"Lola Hern\u00e1ndez fue fundadora y directora de www.destinocastillayleon.es Escribiendo sobre turismo, gastronom\u00eda y vino de su tierra de origen, Castilla y Le\u00f3n.\",\"sameAs\":[\"http:\\\/\\\/www.destinoysabor.com\\\/blog\"],\"url\":\"https:\\\/\\\/destinocastillayleon.es\\\/index\\\/author\\\/lola-hernandez\\\/\"}]}<\/script>\n<!-- \/ Yoast SEO Premium plugin. -->","yoast_head_json":{"title":"Lugares m\u00e1gicos para disfrutar el oto\u00f1o en Castilla y Le\u00f3n","description":"Conoce la selecci\u00f3n de lugares m\u00e1gicos que nuestros lectores han seleccionado como los mejores para una escapada en oto\u00f1o en Castilla y Le\u00f3n","robots":{"index":"index","follow":"follow","max-snippet":"max-snippet:-1","max-image-preview":"max-image-preview:large","max-video-preview":"max-video-preview:-1"},"canonical":"https:\/\/destinocastillayleon.es\/index\/otono-en-castilla-y-leon\/","og_locale":"es_ES","og_type":"article","og_title":"Lugares m\u00e1gicos para disfrutar el oto\u00f1o en Castilla y Le\u00f3n - Destino Castilla y Le\u00f3n","og_description":"Conoce la selecci\u00f3n de lugares m\u00e1gicos que nuestros lectores han seleccionado como los mejores para una escapada en oto\u00f1o en Castilla y Le\u00f3n","og_url":"https:\/\/destinocastillayleon.es\/index\/otono-en-castilla-y-leon\/","og_site_name":"Destino Castilla y Le\u00f3n","article_publisher":"https:\/\/www.facebook.com\/DestinoCastillaYLeon\/","article_published_time":"2016-11-18T06:44:58+00:00","article_modified_time":"2020-12-15T16:03:37+00:00","og_image":[{"width":749,"height":531,"url":"https:\/\/destinocastillayleon.es\/index\/wp-content\/uploads\/2016\/11\/Sierra-de-la-Culebra-Imagen-de-Alfredo-Doncel.jpg","type":"image\/jpeg"}],"author":"Lola Hernandez","twitter_card":"summary_large_image","twitter_title":"Lugares m\u00e1gicos para disfrutar el oto\u00f1o en Castilla y Le\u00f3n - Destino Castilla y Le\u00f3n","twitter_description":"Conoce la selecci\u00f3n de lugares m\u00e1gicos que nuestros lectores han seleccionado como los mejores para una escapada en oto\u00f1o en Castilla y Le\u00f3n","twitter_image":"http:\/\/destinocastillayleon.es\/index\/wp-content\/uploads\/2016\/11\/Sierra-de-la-Culebra-Imagen-de-Alfredo-Doncel-300x213.jpg","twitter_creator":"@destinocyl","twitter_site":"@destinocyl","twitter_misc":{"Escrito por":"Lola Hernandez","Tiempo de lectura":"5 minutos"},"schema":{"@context":"https:\/\/schema.org","@graph":[{"@type":"Article","@id":"https:\/\/destinocastillayleon.es\/index\/otono-en-castilla-y-leon\/#article","isPartOf":{"@id":"https:\/\/destinocastillayleon.es\/index\/otono-en-castilla-y-leon\/"},"author":{"name":"Lola Hernandez","@id":"https:\/\/destinocastillayleon.es\/index\/#\/schema\/person\/49ffcb7eb307589ba529009335ed7767"},"headline":"Lugares m\u00e1gicos para disfrutar el oto\u00f1o en Castilla y Le\u00f3n","datePublished":"2016-11-18T06:44:58+00:00","dateModified":"2020-12-15T16:03:37+00:00","mainEntityOfPage":{"@id":"https:\/\/destinocastillayleon.es\/index\/otono-en-castilla-y-leon\/"},"wordCount":1027,"commentCount":0,"image":{"@id":"https:\/\/destinocastillayleon.es\/index\/otono-en-castilla-y-leon\/#primaryimage"},"thumbnailUrl":"https:\/\/destinocastillayleon.es\/index\/wp-content\/uploads\/2016\/11\/Sierra-de-la-Culebra-Imagen-de-Alfredo-Doncel.jpg","keywords":["lugares con encanto en Castilla y Le\u00f3n","Lugares m\u00e1gicos para disfrutar el oto\u00f1o en Castilla y Le\u00f3n","oto\u00f1o en Castilla y Le\u00f3n"],"articleSection":["Avila turismo","Burgos turismo","Inspirate","Leon turismo","Post_inicial","Provincias","Salamanca Turismo","Segovia turismo","Soria turismo","Valladolid Turismo","Zamora Turismo"],"inLanguage":"es","potentialAction":[{"@type":"CommentAction","name":"Comment","target":["https:\/\/destinocastillayleon.es\/index\/otono-en-castilla-y-leon\/#respond"]}]},{"@type":"WebPage","@id":"https:\/\/destinocastillayleon.es\/index\/otono-en-castilla-y-leon\/","url":"https:\/\/destinocastillayleon.es\/index\/otono-en-castilla-y-leon\/","name":"Lugares m\u00e1gicos para disfrutar el oto\u00f1o en Castilla y Le\u00f3n","isPartOf":{"@id":"https:\/\/destinocastillayleon.es\/index\/#website"},"primaryImageOfPage":{"@id":"https:\/\/destinocastillayleon.es\/index\/otono-en-castilla-y-leon\/#primaryimage"},"image":{"@id":"https:\/\/destinocastillayleon.es\/index\/otono-en-castilla-y-leon\/#primaryimage"},"thumbnailUrl":"https:\/\/destinocastillayleon.es\/index\/wp-content\/uploads\/2016\/11\/Sierra-de-la-Culebra-Imagen-de-Alfredo-Doncel.jpg","datePublished":"2016-11-18T06:44:58+00:00","dateModified":"2020-12-15T16:03:37+00:00","author":{"@id":"https:\/\/destinocastillayleon.es\/index\/#\/schema\/person\/49ffcb7eb307589ba529009335ed7767"},"description":"Conoce la selecci\u00f3n de lugares m\u00e1gicos que nuestros lectores han seleccionado como los mejores para una escapada en oto\u00f1o en Castilla y Le\u00f3n","breadcrumb":{"@id":"https:\/\/destinocastillayleon.es\/index\/otono-en-castilla-y-leon\/#breadcrumb"},"inLanguage":"es","potentialAction":[{"@type":"ReadAction","target":["https:\/\/destinocastillayleon.es\/index\/otono-en-castilla-y-leon\/"]}]},{"@type":"ImageObject","inLanguage":"es","@id":"https:\/\/destinocastillayleon.es\/index\/otono-en-castilla-y-leon\/#primaryimage","url":"https:\/\/destinocastillayleon.es\/index\/wp-content\/uploads\/2016\/11\/Sierra-de-la-Culebra-Imagen-de-Alfredo-Doncel.jpg","contentUrl":"https:\/\/destinocastillayleon.es\/index\/wp-content\/uploads\/2016\/11\/Sierra-de-la-Culebra-Imagen-de-Alfredo-Doncel.jpg","width":749,"height":531,"caption":"Sierra de la Culebra - Imagen de Alfredo Doncel"},{"@type":"BreadcrumbList","@id":"https:\/\/destinocastillayleon.es\/index\/otono-en-castilla-y-leon\/#breadcrumb","itemListElement":[{"@type":"ListItem","position":1,"name":"Portada","item":"https:\/\/destinocastillayleon.es\/index\/"},{"@type":"ListItem","position":2,"name":"Lugares m\u00e1gicos para disfrutar el oto\u00f1o en Castilla y Le\u00f3n"}]},{"@type":"WebSite","@id":"https:\/\/destinocastillayleon.es\/index\/#website","url":"https:\/\/destinocastillayleon.es\/index\/","name":"Destino Castilla y Le\u00f3n","description":"Medio digital independiente y revista de Castilla y Le\u00f3n dedicado al turismo, gastronom\u00eda y vino de Castilla y Le\u00f3n","potentialAction":[{"@type":"SearchAction","target":{"@type":"EntryPoint","urlTemplate":"https:\/\/destinocastillayleon.es\/index\/?s={search_term_string}"},"query-input":{"@type":"PropertyValueSpecification","valueRequired":true,"valueName":"search_term_string"}}],"inLanguage":"es"},{"@type":"Person","@id":"https:\/\/destinocastillayleon.es\/index\/#\/schema\/person\/49ffcb7eb307589ba529009335ed7767","name":"Lola Hernandez","image":{"@type":"ImageObject","inLanguage":"es","@id":"https:\/\/secure.gravatar.com\/avatar\/72ead65e55ad0522fba484acfe2842bf78b2f7c727df41d76fed78a85519da34?s=96&d=mm&r=g","url":"https:\/\/secure.gravatar.com\/avatar\/72ead65e55ad0522fba484acfe2842bf78b2f7c727df41d76fed78a85519da34?s=96&d=mm&r=g","contentUrl":"https:\/\/secure.gravatar.com\/avatar\/72ead65e55ad0522fba484acfe2842bf78b2f7c727df41d76fed78a85519da34?s=96&d=mm&r=g","caption":"Lola Hernandez"},"description":"Lola Hern\u00e1ndez fue fundadora y directora de www.destinocastillayleon.es Escribiendo sobre turismo, gastronom\u00eda y vino de su tierra de origen, Castilla y Le\u00f3n.","sameAs":["http:\/\/www.destinoysabor.com\/blog"],"url":"https:\/\/destinocastillayleon.es\/index\/author\/lola-hernandez\/"}]}},"_links":{"self":[{"href":"https:\/\/destinocastillayleon.es\/index\/wp-json\/wp\/v2\/posts\/23849","targetHints":{"allow":["GET"]}}],"collection":[{"href":"https:\/\/destinocastillayleon.es\/index\/wp-json\/wp\/v2\/posts"}],"about":[{"href":"https:\/\/destinocastillayleon.es\/index\/wp-json\/wp\/v2\/types\/post"}],"author":[{"embeddable":true,"href":"https:\/\/destinocastillayleon.es\/index\/wp-json\/wp\/v2\/users\/6"}],"replies":[{"embeddable":true,"href":"https:\/\/destinocastillayleon.es\/index\/wp-json\/wp\/v2\/comments?post=23849"}],"version-history":[{"count":12,"href":"https:\/\/destinocastillayleon.es\/index\/wp-json\/wp\/v2\/posts\/23849\/revisions"}],"predecessor-version":[{"id":34002,"href":"https:\/\/destinocastillayleon.es\/index\/wp-json\/wp\/v2\/posts\/23849\/revisions\/34002"}],"wp:featuredmedia":[{"embeddable":true,"href":"https:\/\/destinocastillayleon.es\/index\/wp-json\/wp\/v2\/media\/23893"}],"wp:attachment":[{"href":"https:\/\/destinocastillayleon.es\/index\/wp-json\/wp\/v2\/media?parent=23849"}],"wp:term":[{"taxonomy":"category","embeddable":true,"href":"https:\/\/destinocastillayleon.es\/index\/wp-json\/wp\/v2\/categories?post=23849"},{"taxonomy":"post_tag","embeddable":true,"href":"https:\/\/destinocastillayleon.es\/index\/wp-json\/wp\/v2\/tags?post=23849"}],"curies":[{"name":"wp","href":"https:\/\/api.w.org\/{rel}","templated":true}]}}