{"id":23846,"date":"2016-11-04T07:06:54","date_gmt":"2016-11-04T06:06:54","guid":{"rendered":"http:\/\/destinocastillayleon.es\/index\/?p=23846"},"modified":"2016-11-04T09:14:42","modified_gmt":"2016-11-04T08:14:42","slug":"vinos-de-bodegas-menade","status":"publish","type":"post","link":"https:\/\/destinocastillayleon.es\/index\/vinos-de-bodegas-menade\/","title":{"rendered":"La nueva \u201cMisi\u00f3n\u201d\u2026 de una familia, un vino de Bodegas Menade"},"content":{"rendered":"<p><strong>Marcos, el mayor es serenidad, fuerza, conocimiento, mesura. Richar es frescura, cercan\u00eda, conocimiento, rompedor. Alejandra, dulzura, car\u00e1cter, cosmopolita, expresividad\u2026<\/strong> Estos adjetivos, creo que recogen lo que cada uno de los hermanos Sanz aporta, a lo que es sin lugar a dudas, un sue\u00f1o que con el tiempo se ha convertido en una magn\u00edfica realidad: <a href=\"http:\/\/menade.es\/\" target=\"_blank\">Bodegas Menade<\/a>.<\/p>\n<figure id=\"attachment_23829\" aria-describedby=\"caption-attachment-23829\" style=\"width: 591px\" class=\"wp-caption aligncenter\"><img decoding=\"async\" class=\"size-full wp-image-23829\" src=\"http:\/\/destinocastillayleon.es\/index\/wp-content\/uploads\/2016\/11\/Richar-Alejandra-y-Marco-de-izq-a-dcha.jpg\" alt=\"Richar, Alejandra y Marco, de izqda. a dcha.\" width=\"591\" height=\"369\" srcset=\"https:\/\/destinocastillayleon.es\/index\/wp-content\/uploads\/2016\/11\/Richar-Alejandra-y-Marco-de-izq-a-dcha.jpg 591w, https:\/\/destinocastillayleon.es\/index\/wp-content\/uploads\/2016\/11\/Richar-Alejandra-y-Marco-de-izq-a-dcha-300x187.jpg 300w\" sizes=\"(max-width: 591px) 100vw, 591px\" \/><figcaption id=\"caption-attachment-23829\" class=\"wp-caption-text\">Richar, Alejandra y Marco, de izqda. a dcha.<\/figcaption><\/figure>\n<p><strong>Marco, Richard y Alejandra son j\u00f3venes con osad\u00eda, con valores y formaci\u00f3n que han tenido claro que pertenecer a una Denominaci\u00f3n de Origen, no significa estar encorsetado a esas normas<\/strong>. Sus reglamentos son la coherencia, el respeto por la tierra y la defensa de los valores de la Naturaleza, como elementos fundamentales de todo esto que ahora se llama \u201cel mundo del vino\u201d.<\/p>\n<p>Sus instalaciones, <strong>ubicadas en dos puntos diferentes de la localidad que da nombre a la DO Rueda<\/strong>, son un fiel reflejo del car\u00e1cter peculiar de los hermanos Sanz, que han hecho del vino, su forma de vida.<\/p>\n<figure id=\"attachment_23835\" aria-describedby=\"caption-attachment-23835\" style=\"width: 640px\" class=\"wp-caption aligncenter\"><img decoding=\"async\" class=\"size-full wp-image-23835\" src=\"http:\/\/destinocastillayleon.es\/index\/wp-content\/uploads\/2016\/11\/Fachada-de-la-Bodega-MENADE-1.jpg\" alt=\"Fachada de la Bodega Menade\" width=\"640\" height=\"400\" srcset=\"https:\/\/destinocastillayleon.es\/index\/wp-content\/uploads\/2016\/11\/Fachada-de-la-Bodega-MENADE-1.jpg 640w, https:\/\/destinocastillayleon.es\/index\/wp-content\/uploads\/2016\/11\/Fachada-de-la-Bodega-MENADE-1-300x188.jpg 300w\" sizes=\"(max-width: 640px) 100vw, 640px\" \/><figcaption id=\"caption-attachment-23835\" class=\"wp-caption-text\">Fachada de la Bodega Menade<\/figcaption><\/figure>\n<p>&nbsp;<\/p>\n<h2>Las Bodegas Menade<\/h2>\n<p><strong>La bodega \u201ctradicional\u201d<\/strong>, donde se ubican las barricas en las que reposan algunos de sus vinos, <strong>est\u00e1 socavada, como es tradicional en esta localidad, bajo tierra<\/strong>. Una <em>frivolite <\/em>que les ha permitido crearla a su imagen y semejanza, haciendo de los detalles y la frescura el eje vertebrador de la instalaci\u00f3n.<\/p>\n<figure id=\"attachment_23827\" aria-describedby=\"caption-attachment-23827\" style=\"width: 420px\" class=\"wp-caption aligncenter\"><img decoding=\"async\" class=\"size-full wp-image-23827\" src=\"http:\/\/destinocastillayleon.es\/index\/wp-content\/uploads\/2016\/11\/Richar-realizando-una-cata-en-barrica-1.jpg\" alt=\"Richar realizando una cata en barrica\" width=\"420\" height=\"560\" srcset=\"https:\/\/destinocastillayleon.es\/index\/wp-content\/uploads\/2016\/11\/Richar-realizando-una-cata-en-barrica-1.jpg 398w, https:\/\/destinocastillayleon.es\/index\/wp-content\/uploads\/2016\/11\/Richar-realizando-una-cata-en-barrica-1-225x300.jpg 225w, https:\/\/destinocastillayleon.es\/index\/wp-content\/uploads\/2016\/11\/Richar-realizando-una-cata-en-barrica-1-300x400.jpg 300w\" sizes=\"(max-width: 420px) 100vw, 420px\" \/><figcaption id=\"caption-attachment-23827\" class=\"wp-caption-text\">Richar realizando una cata en barrica<\/figcaption><\/figure>\n<p>La otra instalaci\u00f3n, donde se encuentran los dep\u00f3sitos, las oficinas y la cabeza de Menade, es un espacio muy funcional, pero que, gracias a la infinidad de detalles, <strong>hacen de su visita y conocimiento, una aut\u00e9ntica delicia para todos los sentidos<\/strong>.<\/p>\n<p>Desde la entrada, te empiezas a dar cuenta que tu estancia no va a ser una m\u00e1s: <strong>por todos los lados fluyen los conceptos de vinculaci\u00f3n con la Naturaleza<\/strong>, desde un jard\u00edn con especies representativas hasta un bosque m\u00f3vil (\u00a1textual!) con el que poder \u201ctrasportar\u201d a los insectos que en ellos habitan, pasando por una creaci\u00f3n a tiza, preciosa y deliciosa, de todo lo que es la bodega y su forma de interpretar el vino, realizada por el arquitecto que dise\u00f1\u00f3 la bodega. <strong>Naturaleza en estado puro<\/strong>.<\/p>\n<figure id=\"attachment_23830\" aria-describedby=\"caption-attachment-23830\" style=\"width: 420px\" class=\"wp-caption aligncenter\"><img decoding=\"async\" class=\"size-full wp-image-23830\" src=\"http:\/\/destinocastillayleon.es\/index\/wp-content\/uploads\/2016\/11\/78878d7ee6660c6c65cda0a607aebe7e.jpg\" alt=\"Vi\u00f1edos que rodean la Bodega\" width=\"420\" height=\"559\" srcset=\"https:\/\/destinocastillayleon.es\/index\/wp-content\/uploads\/2016\/11\/78878d7ee6660c6c65cda0a607aebe7e.jpg 399w, https:\/\/destinocastillayleon.es\/index\/wp-content\/uploads\/2016\/11\/78878d7ee6660c6c65cda0a607aebe7e-225x300.jpg 225w, https:\/\/destinocastillayleon.es\/index\/wp-content\/uploads\/2016\/11\/78878d7ee6660c6c65cda0a607aebe7e-300x399.jpg 300w\" sizes=\"(max-width: 420px) 100vw, 420px\" \/><figcaption id=\"caption-attachment-23830\" class=\"wp-caption-text\">Vi\u00f1edos que rodean la Bodega<\/figcaption><\/figure>\n<p>Prueba del atractivo de la bodega es que <strong>recientemente les han concedido una menci\u00f3n especial al Compromiso con la Sociedad y el Medio Ambiente en los Premios de las <a href=\"http:\/\/www.wineroutesofspain.com\/\" target=\"_blank\">Rutas del Vino de Espa\u00f1a<\/a><\/strong>. Para visitarla el grupo m\u00ednimo es de 6 personas y realizar una reserva previa a trav\u00e9s de la web\u2026 no est\u00e1 de m\u00e1s estar atento a sus redes sociales, <a href=\"https:\/\/twitter.com\/BodegasMenade\" target=\"_blank\">twitter<\/a> y en <a href=\"https:\/\/www.facebook.com\/BodegasMenade\/?fref=ts\" target=\"_blank\">Facebook<\/a>, porque son tan innovadores que <strong>todos los meses organizan una actividad especial\/peculiar en el mundo del enoturismo<\/strong>: Talleres de cocina, esgrima, avistamiento de aves, elaboraci\u00f3n de chocolates y todo con el vino como tema central.<\/p>\n<figure id=\"attachment_23831\" aria-describedby=\"caption-attachment-23831\" style=\"width: 640px\" class=\"wp-caption aligncenter\"><img decoding=\"async\" class=\"size-full wp-image-23831\" src=\"http:\/\/destinocastillayleon.es\/index\/wp-content\/uploads\/2016\/11\/Diferentes-detalles-del-interior-de-la-bodega-1.jpg\" alt=\"Diferentes detalles del interior de la bodega\" width=\"640\" height=\"430\" srcset=\"https:\/\/destinocastillayleon.es\/index\/wp-content\/uploads\/2016\/11\/Diferentes-detalles-del-interior-de-la-bodega-1.jpg 640w, https:\/\/destinocastillayleon.es\/index\/wp-content\/uploads\/2016\/11\/Diferentes-detalles-del-interior-de-la-bodega-1-300x202.jpg 300w\" sizes=\"(max-width: 640px) 100vw, 640px\" \/><figcaption id=\"caption-attachment-23831\" class=\"wp-caption-text\">Diferentes detalles del interior de la bodega<\/figcaption><\/figure>\n<p>&nbsp;<\/p>\n<h3>Los vinos de Bodegas Menade<\/h3>\n<p><strong>Bodegas Menade ha cambiado la imagen de sus vinos buscando, y consiguiendo, plasmar el valor que ellos dan a su filosof\u00eda de vida<\/strong>, en la que los ecosistemas y el medio ambiente son el n\u00facleo.<\/p>\n<figure id=\"attachment_23838\" aria-describedby=\"caption-attachment-23838\" style=\"width: 640px\" class=\"wp-caption aligncenter\"><img decoding=\"async\" class=\"size-full wp-image-23838\" src=\"http:\/\/destinocastillayleon.es\/index\/wp-content\/uploads\/2016\/11\/Vinos-novedosos-de-Bodegas-Menade.jpg\" alt=\"Vinos novedosos de Bodegas Menade\" width=\"640\" height=\"420\" srcset=\"https:\/\/destinocastillayleon.es\/index\/wp-content\/uploads\/2016\/11\/Vinos-novedosos-de-Bodegas-Menade.jpg 640w, https:\/\/destinocastillayleon.es\/index\/wp-content\/uploads\/2016\/11\/Vinos-novedosos-de-Bodegas-Menade-300x197.jpg 300w\" sizes=\"(max-width: 640px) 100vw, 640px\" \/><figcaption id=\"caption-attachment-23838\" class=\"wp-caption-text\">Vinos novedosos de Bodegas Menade<\/figcaption><\/figure>\n<p>Las nuevas etiquetas, creadas por el dise\u00f1ador <a href=\"http:\/\/www.carlosmena.com\/\" target=\"_blank\">Carlos Mena<\/a>, <strong>representan a cuatro de las especies de animales que son posibles encontrar en el vi\u00f1edo en cualquier \u00e9poca del a\u00f1o<\/strong> y que junto a su representatividad y su valor como \u201cmantenedoras de un ecosistema en equilibrio\u201d, hacen de su apuesta por lo natural, una verdadera y maravillosa \u201cobsesi\u00f3n\u201d.<\/p>\n<h4>Los nuevos vinos<\/h4>\n<p>Cinco son los nuevos vinos, todos ellos blancos, que la elaboradora ha lanzado al mercado: Nosso est\u00e1 representado por un caracol, para Menade Verdejo se ha escogido una liebre, un galgo para el Sauvignon y un erizo para el <a href=\"http:\/\/destinocastillayleon.es\/index\/semidulce-de-bodegas-menade\/\">Dulce<\/a>, que ya conocimos hace tiempo.<\/p>\n<figure id=\"attachment_23826\" aria-describedby=\"caption-attachment-23826\" style=\"width: 640px\" class=\"wp-caption aligncenter\"><img decoding=\"async\" class=\"size-full wp-image-23826\" src=\"http:\/\/destinocastillayleon.es\/index\/wp-content\/uploads\/2016\/11\/3254db840e7eedf2b2999d68eb92ef75.jpg\" alt=\"Nueva colecci\u00f3n de vinos de Bodegas Menade\" width=\"640\" height=\"400\" srcset=\"https:\/\/destinocastillayleon.es\/index\/wp-content\/uploads\/2016\/11\/3254db840e7eedf2b2999d68eb92ef75.jpg 640w, https:\/\/destinocastillayleon.es\/index\/wp-content\/uploads\/2016\/11\/3254db840e7eedf2b2999d68eb92ef75-300x188.jpg 300w\" sizes=\"(max-width: 640px) 100vw, 640px\" \/><figcaption id=\"caption-attachment-23826\" class=\"wp-caption-text\">Nueva colecci\u00f3n de vinos de Bodegas Menade<\/figcaption><\/figure>\n<p>&nbsp;<\/p>\n<h4>El vino \u00abLa Misi\u00f3n\u00bb, el vino que m\u00e1s nos impact\u00f3<\/h4>\n<p>Pero quiz\u00e1s, <strong>el vino m\u00e1s rompedor de los de la nueva hornada es el que han llamado \u201cLa Misi\u00f3n\u201d<\/strong>. Est\u00e1 elaborado con cepas centenarias plantadas en fincas propias, pero muy especiales; con un trabajo duro de campo, pasar posteriormente a iniciar la fermentaci\u00f3n alcoh\u00f3lica con levaduras \u201csalvajes\u201d y continuar <strong>la crianza de 10 meses<\/strong> en barricas de roble franc\u00e9s, en tinas y tinajas elaboradas con arcilla proveniente de las propias fincas de Menade. <strong>Veintitantos meses despu\u00e9s, tras domarse en botella, sale al mercado<\/strong>.<\/p>\n<p><center><img decoding=\"async\" title=\"Vino La Mision de Bodegas Menade\" src=\"http:\/\/destinocastillayleon.es\/index\/wp-content\/uploads\/2016\/11\/Botella-de-Vino-La-Mision-de-Bodegas-Menade.jpg\" alt=\"Vino La Mision de Bodegas Menade\" \/><\/center>&nbsp;<\/p>\n<blockquote><p><em>Una gran bodega, con vinos rompedores y una filosof\u00eda y coherencia digna de apreciar y valorar<\/em><\/p><\/blockquote>\n<p>&nbsp;<\/p>\n<h4>Tambi\u00e9n te puede interesar<\/h4>\n<ul>\n<li><a href=\"http:\/\/destinocastillayleon.es\/index\/semidulce-de-bodegas-menade\/\">Cata y comentario del vino semidulce de Bodegas Menade<\/a>.<\/li>\n<li><a href=\"http:\/\/destinocastillayleon.es\/index\/los-vinos-espumosos-de-castilla-leon\/\">Vinos espumosos de Castilla y Le\u00f3n para brindar en Navidad<\/a>.<\/li>\n<li><a href=\"http:\/\/destinocastillayleon.es\/index\/la-ruta-del-vino-de-rueda-mas-una-experiencia-enologica\/\">La ruta del Vino de Rueda ya es una realidad<\/a>.<\/li>\n<li><a href=\"http:\/\/destinocastillayleon.es\/index\/bodega-castelo-de-medina\/\">Enoturismo en las Bodegas Castelo de Medina en la DO Rueda<\/a>.<\/li>\n<\/ul>\n<p>&nbsp;<\/p>\n","protected":false},"excerpt":{"rendered":"<p>Recientemente hemos podido disfrutar de la presentaci\u00f3n de los nuevos vinos de Bodegas Menade, donde destacamos \u00abLa Misi\u00f3n\u201d. Sin duda, una forma distina de enoturismo<\/p>\n","protected":false},"author":17,"featured_media":23833,"comment_status":"open","ping_status":"closed","sticky":false,"template":"","format":"standard","meta":{"rop_custom_images_group":[],"rop_custom_messages_group":[],"rop_publish_now":"initial","rop_publish_now_accounts":{"twitter_1150954226_1150954226":""},"rop_publish_now_history":[],"rop_publish_now_status":"pending","footnotes":""},"categories":[48,68,26,4798,1411],"tags":[5070,859,1049,726,514],"class_list":["post-23846","post","type-post","status-publish","format-standard","has-post-thumbnail","hentry","category-enoturismo","category-post_inicial","category-valladolid","category-valladolid-turismo","category-visitando_bodegas","tag-bodegas-menade","tag-do-rueda","tag-enoturismo-en-la-ruta-del-vino-de-rueda","tag-enoturismo-en-rueda","tag-vinos-de-castilla-y-leon"],"yoast_head":"<!-- This site is optimized with the Yoast SEO Premium plugin v20.4 (Yoast SEO v27.4) - https:\/\/yoast.com\/product\/yoast-seo-premium-wordpress\/ -->\n<title>La nueva \u201cMisi\u00f3n\u201d\u2026 de una familia, un vino de Bodegas Menade - Destino Castilla y Le\u00f3n<\/title>\n<meta name=\"description\" content=\"Recientemente hemos podido disfrutar de los nuevos vinos de Bodegas Menade, donde destacamos &quot;La Misi\u00f3n\u201d. Sin duda, una forma distina de enoturismo en Rueda\" \/>\n<meta name=\"robots\" content=\"index, follow, max-snippet:-1, max-image-preview:large, max-video-preview:-1\" \/>\n<link rel=\"canonical\" href=\"https:\/\/destinocastillayleon.es\/index\/vinos-de-bodegas-menade\/\" \/>\n<meta property=\"og:locale\" content=\"es_ES\" \/>\n<meta property=\"og:type\" content=\"article\" \/>\n<meta property=\"og:title\" content=\"La nueva \u201cMisi\u00f3n\u201d\u2026 de una familia, un vino de Bodegas Menade - Destino Castilla y Le\u00f3n\" \/>\n<meta property=\"og:description\" content=\"Recientemente hemos podido disfrutar de la presentaci\u00f3n de los nuevos vinos de Bodegas Menade, donde destacamos &quot;La Misi\u00f3n\u201d. Sin duda, una forma distina de enoturismo\" \/>\n<meta property=\"og:url\" content=\"https:\/\/destinocastillayleon.es\/index\/vinos-de-bodegas-menade\/\" \/>\n<meta property=\"og:site_name\" content=\"Destino Castilla y Le\u00f3n\" \/>\n<meta property=\"article:publisher\" content=\"https:\/\/www.facebook.com\/DestinoCastillaYLeon\/\" \/>\n<meta property=\"article:author\" content=\"https:\/\/www.facebook.com\/javier.valenzuela.71465?fref=ts\" \/>\n<meta property=\"article:published_time\" content=\"2016-11-04T06:06:54+00:00\" \/>\n<meta property=\"article:modified_time\" content=\"2016-11-04T08:14:42+00:00\" \/>\n<meta property=\"og:image\" content=\"https:\/\/destinocastillayleon.es\/index\/wp-content\/uploads\/2016\/11\/Fachada-de-la-Bodega-MENADE.jpg\" \/>\n\t<meta property=\"og:image:width\" content=\"797\" \/>\n\t<meta property=\"og:image:height\" content=\"531\" \/>\n\t<meta property=\"og:image:type\" content=\"image\/jpeg\" \/>\n<meta name=\"author\" content=\"Javier Valenzuela\" \/>\n<meta name=\"twitter:card\" content=\"summary_large_image\" \/>\n<meta name=\"twitter:title\" content=\"La nueva \u201cMisi\u00f3n\u201d\u2026 de una familia, un vino de Bodegas Menade - Destino Castilla y Le\u00f3n\" \/>\n<meta name=\"twitter:description\" content=\"Recientemente hemos podido disfrutar de la presentaci\u00f3n de los nuevos vinos de Bodegas Menade, donde destacamos &quot;La Misi\u00f3n\u201d. Sin duda, una forma distina de enoturismo\" \/>\n<meta name=\"twitter:image\" content=\"http:\/\/destinocastillayleon.es\/index\/wp-content\/uploads\/2016\/11\/Fachada-de-la-Bodega-MENADE-300x200.jpg\" \/>\n<meta name=\"twitter:creator\" content=\"@https:\/\/twitter.com\/Valenzuela_Javi\" \/>\n<meta name=\"twitter:site\" content=\"@destinocyl\" \/>\n<meta name=\"twitter:label1\" content=\"Escrito por\" \/>\n\t<meta name=\"twitter:data1\" content=\"Javier Valenzuela\" \/>\n\t<meta name=\"twitter:label2\" content=\"Tiempo de lectura\" \/>\n\t<meta name=\"twitter:data2\" content=\"4 minutos\" \/>\n<script type=\"application\/ld+json\" class=\"yoast-schema-graph\">{\"@context\":\"https:\\\/\\\/schema.org\",\"@graph\":[{\"@type\":\"Article\",\"@id\":\"https:\\\/\\\/destinocastillayleon.es\\\/index\\\/vinos-de-bodegas-menade\\\/#article\",\"isPartOf\":{\"@id\":\"https:\\\/\\\/destinocastillayleon.es\\\/index\\\/vinos-de-bodegas-menade\\\/\"},\"author\":{\"name\":\"Javier Valenzuela\",\"@id\":\"https:\\\/\\\/destinocastillayleon.es\\\/index\\\/#\\\/schema\\\/person\\\/45f634e5f97cd3777a682a62c86c5c76\"},\"headline\":\"La nueva \u201cMisi\u00f3n\u201d\u2026 de una familia, un vino de Bodegas Menade\",\"datePublished\":\"2016-11-04T06:06:54+00:00\",\"dateModified\":\"2016-11-04T08:14:42+00:00\",\"mainEntityOfPage\":{\"@id\":\"https:\\\/\\\/destinocastillayleon.es\\\/index\\\/vinos-de-bodegas-menade\\\/\"},\"wordCount\":891,\"commentCount\":0,\"image\":{\"@id\":\"https:\\\/\\\/destinocastillayleon.es\\\/index\\\/vinos-de-bodegas-menade\\\/#primaryimage\"},\"thumbnailUrl\":\"https:\\\/\\\/destinocastillayleon.es\\\/index\\\/wp-content\\\/uploads\\\/2016\\\/11\\\/Fachada-de-la-Bodega-MENADE.jpg\",\"keywords\":[\"Bodegas Menade\",\"DO. Rueda\",\"Enoturismo en la Ruta del Vino de Rueda\",\"Enoturismo en Rueda\",\"vinos de Castilla y Le\u00f3n\"],\"articleSection\":[\"enoturismo\",\"Post_inicial\",\"Valladolid\",\"Valladolid Turismo\",\"Visitando Bodegas\"],\"inLanguage\":\"es\",\"potentialAction\":[{\"@type\":\"CommentAction\",\"name\":\"Comment\",\"target\":[\"https:\\\/\\\/destinocastillayleon.es\\\/index\\\/vinos-de-bodegas-menade\\\/#respond\"]}]},{\"@type\":\"WebPage\",\"@id\":\"https:\\\/\\\/destinocastillayleon.es\\\/index\\\/vinos-de-bodegas-menade\\\/\",\"url\":\"https:\\\/\\\/destinocastillayleon.es\\\/index\\\/vinos-de-bodegas-menade\\\/\",\"name\":\"La nueva \u201cMisi\u00f3n\u201d\u2026 de una familia, un vino de Bodegas Menade - Destino Castilla y Le\u00f3n\",\"isPartOf\":{\"@id\":\"https:\\\/\\\/destinocastillayleon.es\\\/index\\\/#website\"},\"primaryImageOfPage\":{\"@id\":\"https:\\\/\\\/destinocastillayleon.es\\\/index\\\/vinos-de-bodegas-menade\\\/#primaryimage\"},\"image\":{\"@id\":\"https:\\\/\\\/destinocastillayleon.es\\\/index\\\/vinos-de-bodegas-menade\\\/#primaryimage\"},\"thumbnailUrl\":\"https:\\\/\\\/destinocastillayleon.es\\\/index\\\/wp-content\\\/uploads\\\/2016\\\/11\\\/Fachada-de-la-Bodega-MENADE.jpg\",\"datePublished\":\"2016-11-04T06:06:54+00:00\",\"dateModified\":\"2016-11-04T08:14:42+00:00\",\"author\":{\"@id\":\"https:\\\/\\\/destinocastillayleon.es\\\/index\\\/#\\\/schema\\\/person\\\/45f634e5f97cd3777a682a62c86c5c76\"},\"description\":\"Recientemente hemos podido disfrutar de los nuevos vinos de Bodegas Menade, donde destacamos \\\"La Misi\u00f3n\u201d. Sin duda, una forma distina de enoturismo en Rueda\",\"breadcrumb\":{\"@id\":\"https:\\\/\\\/destinocastillayleon.es\\\/index\\\/vinos-de-bodegas-menade\\\/#breadcrumb\"},\"inLanguage\":\"es\",\"potentialAction\":[{\"@type\":\"ReadAction\",\"target\":[\"https:\\\/\\\/destinocastillayleon.es\\\/index\\\/vinos-de-bodegas-menade\\\/\"]}]},{\"@type\":\"ImageObject\",\"inLanguage\":\"es\",\"@id\":\"https:\\\/\\\/destinocastillayleon.es\\\/index\\\/vinos-de-bodegas-menade\\\/#primaryimage\",\"url\":\"https:\\\/\\\/destinocastillayleon.es\\\/index\\\/wp-content\\\/uploads\\\/2016\\\/11\\\/Fachada-de-la-Bodega-MENADE.jpg\",\"contentUrl\":\"https:\\\/\\\/destinocastillayleon.es\\\/index\\\/wp-content\\\/uploads\\\/2016\\\/11\\\/Fachada-de-la-Bodega-MENADE.jpg\",\"width\":797,\"height\":531},{\"@type\":\"BreadcrumbList\",\"@id\":\"https:\\\/\\\/destinocastillayleon.es\\\/index\\\/vinos-de-bodegas-menade\\\/#breadcrumb\",\"itemListElement\":[{\"@type\":\"ListItem\",\"position\":1,\"name\":\"Portada\",\"item\":\"https:\\\/\\\/destinocastillayleon.es\\\/index\\\/\"},{\"@type\":\"ListItem\",\"position\":2,\"name\":\"La nueva \u201cMisi\u00f3n\u201d\u2026 de una familia, un vino de Bodegas Menade\"}]},{\"@type\":\"WebSite\",\"@id\":\"https:\\\/\\\/destinocastillayleon.es\\\/index\\\/#website\",\"url\":\"https:\\\/\\\/destinocastillayleon.es\\\/index\\\/\",\"name\":\"Destino Castilla y Le\u00f3n\",\"description\":\"Medio digital independiente y revista de Castilla y Le\u00f3n dedicado al turismo, gastronom\u00eda y vino de Castilla y Le\u00f3n\",\"potentialAction\":[{\"@type\":\"SearchAction\",\"target\":{\"@type\":\"EntryPoint\",\"urlTemplate\":\"https:\\\/\\\/destinocastillayleon.es\\\/index\\\/?s={search_term_string}\"},\"query-input\":{\"@type\":\"PropertyValueSpecification\",\"valueRequired\":true,\"valueName\":\"search_term_string\"}}],\"inLanguage\":\"es\"},{\"@type\":\"Person\",\"@id\":\"https:\\\/\\\/destinocastillayleon.es\\\/index\\\/#\\\/schema\\\/person\\\/45f634e5f97cd3777a682a62c86c5c76\",\"name\":\"Javier Valenzuela\",\"image\":{\"@type\":\"ImageObject\",\"inLanguage\":\"es\",\"@id\":\"https:\\\/\\\/secure.gravatar.com\\\/avatar\\\/f8deeb21739ad89f3720741bb70fdfade613cb14341af93a56c9ba340dc8ce7a?s=96&d=mm&r=g\",\"url\":\"https:\\\/\\\/secure.gravatar.com\\\/avatar\\\/f8deeb21739ad89f3720741bb70fdfade613cb14341af93a56c9ba340dc8ce7a?s=96&d=mm&r=g\",\"contentUrl\":\"https:\\\/\\\/secure.gravatar.com\\\/avatar\\\/f8deeb21739ad89f3720741bb70fdfade613cb14341af93a56c9ba340dc8ce7a?s=96&d=mm&r=g\",\"caption\":\"Javier Valenzuela\"},\"description\":\"De la cosecha del 71, a\u00f1ada que realmente ha marcado mi vida. Llevo muchos a\u00f1os disfrutado y compartiendo mis experiencias en el mundo del vino, la gastronom\u00eda y la naturaleza. Compartir las vivencias, realmente es lo m\u00e1s importante de cualquier experiencia sensitiva. Hablo claro, para que se me entienda. S\u00edgueme en @valenzuela_javi y dame tu opini\u00f3n de lo que opino. Me encantar\u00e1 escuchar y aprender\u00e9 de ella\",\"sameAs\":[\"https:\\\/\\\/www.facebook.com\\\/javier.valenzuela.71465?fref=ts\",\"http:\\\/\\\/instagram.com\\\/valenzuela_javier\",\"https:\\\/\\\/x.com\\\/https:\\\/\\\/twitter.com\\\/Valenzuela_Javi\"],\"url\":\"https:\\\/\\\/destinocastillayleon.es\\\/index\\\/author\\\/javier-valenzuela\\\/\"}]}<\/script>\n<!-- \/ Yoast SEO Premium plugin. -->","yoast_head_json":{"title":"La nueva \u201cMisi\u00f3n\u201d\u2026 de una familia, un vino de Bodegas Menade - Destino Castilla y Le\u00f3n","description":"Recientemente hemos podido disfrutar de los nuevos vinos de Bodegas Menade, donde destacamos \"La Misi\u00f3n\u201d. Sin duda, una forma distina de enoturismo en Rueda","robots":{"index":"index","follow":"follow","max-snippet":"max-snippet:-1","max-image-preview":"max-image-preview:large","max-video-preview":"max-video-preview:-1"},"canonical":"https:\/\/destinocastillayleon.es\/index\/vinos-de-bodegas-menade\/","og_locale":"es_ES","og_type":"article","og_title":"La nueva \u201cMisi\u00f3n\u201d\u2026 de una familia, un vino de Bodegas Menade - Destino Castilla y Le\u00f3n","og_description":"Recientemente hemos podido disfrutar de la presentaci\u00f3n de los nuevos vinos de Bodegas Menade, donde destacamos \"La Misi\u00f3n\u201d. Sin duda, una forma distina de enoturismo","og_url":"https:\/\/destinocastillayleon.es\/index\/vinos-de-bodegas-menade\/","og_site_name":"Destino Castilla y Le\u00f3n","article_publisher":"https:\/\/www.facebook.com\/DestinoCastillaYLeon\/","article_author":"https:\/\/www.facebook.com\/javier.valenzuela.71465?fref=ts","article_published_time":"2016-11-04T06:06:54+00:00","article_modified_time":"2016-11-04T08:14:42+00:00","og_image":[{"width":797,"height":531,"url":"https:\/\/destinocastillayleon.es\/index\/wp-content\/uploads\/2016\/11\/Fachada-de-la-Bodega-MENADE.jpg","type":"image\/jpeg"}],"author":"Javier Valenzuela","twitter_card":"summary_large_image","twitter_title":"La nueva \u201cMisi\u00f3n\u201d\u2026 de una familia, un vino de Bodegas Menade - Destino Castilla y Le\u00f3n","twitter_description":"Recientemente hemos podido disfrutar de la presentaci\u00f3n de los nuevos vinos de Bodegas Menade, donde destacamos \"La Misi\u00f3n\u201d. Sin duda, una forma distina de enoturismo","twitter_image":"http:\/\/destinocastillayleon.es\/index\/wp-content\/uploads\/2016\/11\/Fachada-de-la-Bodega-MENADE-300x200.jpg","twitter_creator":"@https:\/\/twitter.com\/Valenzuela_Javi","twitter_site":"@destinocyl","twitter_misc":{"Escrito por":"Javier Valenzuela","Tiempo de lectura":"4 minutos"},"schema":{"@context":"https:\/\/schema.org","@graph":[{"@type":"Article","@id":"https:\/\/destinocastillayleon.es\/index\/vinos-de-bodegas-menade\/#article","isPartOf":{"@id":"https:\/\/destinocastillayleon.es\/index\/vinos-de-bodegas-menade\/"},"author":{"name":"Javier Valenzuela","@id":"https:\/\/destinocastillayleon.es\/index\/#\/schema\/person\/45f634e5f97cd3777a682a62c86c5c76"},"headline":"La nueva \u201cMisi\u00f3n\u201d\u2026 de una familia, un vino de Bodegas Menade","datePublished":"2016-11-04T06:06:54+00:00","dateModified":"2016-11-04T08:14:42+00:00","mainEntityOfPage":{"@id":"https:\/\/destinocastillayleon.es\/index\/vinos-de-bodegas-menade\/"},"wordCount":891,"commentCount":0,"image":{"@id":"https:\/\/destinocastillayleon.es\/index\/vinos-de-bodegas-menade\/#primaryimage"},"thumbnailUrl":"https:\/\/destinocastillayleon.es\/index\/wp-content\/uploads\/2016\/11\/Fachada-de-la-Bodega-MENADE.jpg","keywords":["Bodegas Menade","DO. Rueda","Enoturismo en la Ruta del Vino de Rueda","Enoturismo en Rueda","vinos de Castilla y Le\u00f3n"],"articleSection":["enoturismo","Post_inicial","Valladolid","Valladolid Turismo","Visitando Bodegas"],"inLanguage":"es","potentialAction":[{"@type":"CommentAction","name":"Comment","target":["https:\/\/destinocastillayleon.es\/index\/vinos-de-bodegas-menade\/#respond"]}]},{"@type":"WebPage","@id":"https:\/\/destinocastillayleon.es\/index\/vinos-de-bodegas-menade\/","url":"https:\/\/destinocastillayleon.es\/index\/vinos-de-bodegas-menade\/","name":"La nueva \u201cMisi\u00f3n\u201d\u2026 de una familia, un vino de Bodegas Menade - Destino Castilla y Le\u00f3n","isPartOf":{"@id":"https:\/\/destinocastillayleon.es\/index\/#website"},"primaryImageOfPage":{"@id":"https:\/\/destinocastillayleon.es\/index\/vinos-de-bodegas-menade\/#primaryimage"},"image":{"@id":"https:\/\/destinocastillayleon.es\/index\/vinos-de-bodegas-menade\/#primaryimage"},"thumbnailUrl":"https:\/\/destinocastillayleon.es\/index\/wp-content\/uploads\/2016\/11\/Fachada-de-la-Bodega-MENADE.jpg","datePublished":"2016-11-04T06:06:54+00:00","dateModified":"2016-11-04T08:14:42+00:00","author":{"@id":"https:\/\/destinocastillayleon.es\/index\/#\/schema\/person\/45f634e5f97cd3777a682a62c86c5c76"},"description":"Recientemente hemos podido disfrutar de los nuevos vinos de Bodegas Menade, donde destacamos \"La Misi\u00f3n\u201d. Sin duda, una forma distina de enoturismo en Rueda","breadcrumb":{"@id":"https:\/\/destinocastillayleon.es\/index\/vinos-de-bodegas-menade\/#breadcrumb"},"inLanguage":"es","potentialAction":[{"@type":"ReadAction","target":["https:\/\/destinocastillayleon.es\/index\/vinos-de-bodegas-menade\/"]}]},{"@type":"ImageObject","inLanguage":"es","@id":"https:\/\/destinocastillayleon.es\/index\/vinos-de-bodegas-menade\/#primaryimage","url":"https:\/\/destinocastillayleon.es\/index\/wp-content\/uploads\/2016\/11\/Fachada-de-la-Bodega-MENADE.jpg","contentUrl":"https:\/\/destinocastillayleon.es\/index\/wp-content\/uploads\/2016\/11\/Fachada-de-la-Bodega-MENADE.jpg","width":797,"height":531},{"@type":"BreadcrumbList","@id":"https:\/\/destinocastillayleon.es\/index\/vinos-de-bodegas-menade\/#breadcrumb","itemListElement":[{"@type":"ListItem","position":1,"name":"Portada","item":"https:\/\/destinocastillayleon.es\/index\/"},{"@type":"ListItem","position":2,"name":"La nueva \u201cMisi\u00f3n\u201d\u2026 de una familia, un vino de Bodegas Menade"}]},{"@type":"WebSite","@id":"https:\/\/destinocastillayleon.es\/index\/#website","url":"https:\/\/destinocastillayleon.es\/index\/","name":"Destino Castilla y Le\u00f3n","description":"Medio digital independiente y revista de Castilla y Le\u00f3n dedicado al turismo, gastronom\u00eda y vino de Castilla y Le\u00f3n","potentialAction":[{"@type":"SearchAction","target":{"@type":"EntryPoint","urlTemplate":"https:\/\/destinocastillayleon.es\/index\/?s={search_term_string}"},"query-input":{"@type":"PropertyValueSpecification","valueRequired":true,"valueName":"search_term_string"}}],"inLanguage":"es"},{"@type":"Person","@id":"https:\/\/destinocastillayleon.es\/index\/#\/schema\/person\/45f634e5f97cd3777a682a62c86c5c76","name":"Javier Valenzuela","image":{"@type":"ImageObject","inLanguage":"es","@id":"https:\/\/secure.gravatar.com\/avatar\/f8deeb21739ad89f3720741bb70fdfade613cb14341af93a56c9ba340dc8ce7a?s=96&d=mm&r=g","url":"https:\/\/secure.gravatar.com\/avatar\/f8deeb21739ad89f3720741bb70fdfade613cb14341af93a56c9ba340dc8ce7a?s=96&d=mm&r=g","contentUrl":"https:\/\/secure.gravatar.com\/avatar\/f8deeb21739ad89f3720741bb70fdfade613cb14341af93a56c9ba340dc8ce7a?s=96&d=mm&r=g","caption":"Javier Valenzuela"},"description":"De la cosecha del 71, a\u00f1ada que realmente ha marcado mi vida. Llevo muchos a\u00f1os disfrutado y compartiendo mis experiencias en el mundo del vino, la gastronom\u00eda y la naturaleza. Compartir las vivencias, realmente es lo m\u00e1s importante de cualquier experiencia sensitiva. Hablo claro, para que se me entienda. S\u00edgueme en @valenzuela_javi y dame tu opini\u00f3n de lo que opino. Me encantar\u00e1 escuchar y aprender\u00e9 de ella","sameAs":["https:\/\/www.facebook.com\/javier.valenzuela.71465?fref=ts","http:\/\/instagram.com\/valenzuela_javier","https:\/\/x.com\/https:\/\/twitter.com\/Valenzuela_Javi"],"url":"https:\/\/destinocastillayleon.es\/index\/author\/javier-valenzuela\/"}]}},"_links":{"self":[{"href":"https:\/\/destinocastillayleon.es\/index\/wp-json\/wp\/v2\/posts\/23846","targetHints":{"allow":["GET"]}}],"collection":[{"href":"https:\/\/destinocastillayleon.es\/index\/wp-json\/wp\/v2\/posts"}],"about":[{"href":"https:\/\/destinocastillayleon.es\/index\/wp-json\/wp\/v2\/types\/post"}],"author":[{"embeddable":true,"href":"https:\/\/destinocastillayleon.es\/index\/wp-json\/wp\/v2\/users\/17"}],"replies":[{"embeddable":true,"href":"https:\/\/destinocastillayleon.es\/index\/wp-json\/wp\/v2\/comments?post=23846"}],"version-history":[{"count":4,"href":"https:\/\/destinocastillayleon.es\/index\/wp-json\/wp\/v2\/posts\/23846\/revisions"}],"predecessor-version":[{"id":23860,"href":"https:\/\/destinocastillayleon.es\/index\/wp-json\/wp\/v2\/posts\/23846\/revisions\/23860"}],"wp:featuredmedia":[{"embeddable":true,"href":"https:\/\/destinocastillayleon.es\/index\/wp-json\/wp\/v2\/media\/23833"}],"wp:attachment":[{"href":"https:\/\/destinocastillayleon.es\/index\/wp-json\/wp\/v2\/media?parent=23846"}],"wp:term":[{"taxonomy":"category","embeddable":true,"href":"https:\/\/destinocastillayleon.es\/index\/wp-json\/wp\/v2\/categories?post=23846"},{"taxonomy":"post_tag","embeddable":true,"href":"https:\/\/destinocastillayleon.es\/index\/wp-json\/wp\/v2\/tags?post=23846"}],"curies":[{"name":"wp","href":"https:\/\/api.w.org\/{rel}","templated":true}]}}