{"id":23643,"date":"2016-10-07T07:01:46","date_gmt":"2016-10-07T05:01:46","guid":{"rendered":"http:\/\/destinocastillayleon.es\/index\/?p=23643"},"modified":"2016-10-07T14:16:52","modified_gmt":"2016-10-07T12:16:52","slug":"tuitquedada-micologica-2016","status":"publish","type":"post","link":"https:\/\/destinocastillayleon.es\/index\/tuitquedada-micologica-2016\/","title":{"rendered":"Vuelve la IV TuitQuedada Micol\u00f3gica 2016 a la Sierra de Gredos"},"content":{"rendered":"<p>Un a\u00f1o\u00a0m\u00e1s llega una cita con la micolog\u00eda en la Sierra de Gredos (\u00c1vila). Se trata de la cuarta edici\u00f3n de la\u00a0<strong><a href=\"http:\/\/tuitquedadamicologica.es\/web\/default.asp?menu=1\" target=\"_blank\">TuitQuedada Micol\u00f3gica<\/a><\/strong>, un encuentro abierto a todos los p\u00fablicos que a\u00fana\u00a0<strong>naturaleza, recogida de setas, turismo y gastronom\u00eda t\u00edpica de la sierra de Gredos. <\/strong>En esta ocasi\u00f3n, el programa ha variado respecto a <a href=\"http:\/\/destinocastillayleon.es\/index\/?s=tuitquedada\">ediciones anteriores<\/a> y ya est\u00e1<b>\u00a0<\/b>abierto el plazo de inscripci\u00f3n<strong> \u00a1No te quedes sin tu plaza!\u00a0<\/strong><\/p>\n<p>&nbsp;<\/p>\n<h2>IV TuitQuedada Micol\u00f3gica<\/h2>\n<p>La\u00a0TuitQuedada Micol\u00f3gica se celebra el\u00a0<strong>fin de semana del 11 al 13 de noviembre<\/strong>\u00a0en\u00a0<strong>el Valle del Tormes-Barco de \u00c1vila<\/strong>.<\/p>\n<p>El objetivo de esta quedada informal de personas aficionadas a la micolog\u00eda y las redes sociales es\u00a0disfrutar y dar a conocer <strong>la <em>riqueza<\/em> micol\u00f3gica de la Sierra de Gredos<\/strong>, su cultura y su gastronom\u00eda. La actividad m\u00e1s destacada del encuentro es la recolecci\u00f3n de setas a trav\u00e9s de un relajado\u00a0paseo por los boques de Gredos, con el acompa\u00f1amiento de un gu\u00eda profesional.<\/p>\n<figure id=\"attachment_23684\" aria-describedby=\"caption-attachment-23684\" style=\"width: 460px\" class=\"wp-caption aligncenter\"><img decoding=\"async\" class=\"size-full wp-image-23684\" title=\"cartel oficial TuitQuedadaMicologica 2016\" src=\"http:\/\/destinocastillayleon.es\/index\/wp-content\/uploads\/2016\/10\/cartel-oficial-TuitQuedadaMicologica-2016.jpg\" alt=\"TuitQuedada Micol\u00f3gica 2016\" width=\"460\" height=\"558\" srcset=\"https:\/\/destinocastillayleon.es\/index\/wp-content\/uploads\/2016\/10\/cartel-oficial-TuitQuedadaMicologica-2016.jpg 438w, https:\/\/destinocastillayleon.es\/index\/wp-content\/uploads\/2016\/10\/cartel-oficial-TuitQuedadaMicologica-2016-247x300.jpg 247w, https:\/\/destinocastillayleon.es\/index\/wp-content\/uploads\/2016\/10\/cartel-oficial-TuitQuedadaMicologica-2016-300x364.jpg 300w\" sizes=\"(max-width: 460px) 100vw, 460px\" \/><figcaption id=\"caption-attachment-23684\" class=\"wp-caption-text\">Cartel oficial TuitQuedadaMicologica 2016<\/figcaption><\/figure>\n<h3>Programa de la IV TuitQuedada Micol\u00f3gica Valle del Tormes-Barco de \u00c1vila<\/h3>\n<h4>Viernes 11 de Noviembre<\/h4>\n<ul>\n<li><strong>20:00 h<\/strong>. Bienvenida a los Bloggers en <strong><a href=\"http:\/\/www.laquintadelchocolatero.com\/user\/laquintadelchocolaterocom\/\" target=\"_Blank\">La Quinta del Chocolatero<\/a><\/strong> (Navatejares) Alojamiento Oficial de la Tuitquedada para bloggers y organizadores.<\/li>\n<\/ul>\n<figure id=\"attachment_23721\" aria-describedby=\"caption-attachment-23721\" style=\"width: 640px\" class=\"wp-caption aligncenter\"><img decoding=\"async\" class=\"size-full wp-image-23721\" title=\"El Barco de \u00c1vila - Imagen de ViveGredos\" src=\"http:\/\/destinocastillayleon.es\/index\/wp-content\/uploads\/2016\/10\/504f417b9d0e8c455243b20dec699d78.jpg\" alt=\"TuitQuedada Micol\u00f3gica 2016\" width=\"640\" height=\"328\" srcset=\"https:\/\/destinocastillayleon.es\/index\/wp-content\/uploads\/2016\/10\/504f417b9d0e8c455243b20dec699d78.jpg 640w, https:\/\/destinocastillayleon.es\/index\/wp-content\/uploads\/2016\/10\/504f417b9d0e8c455243b20dec699d78-300x154.jpg 300w\" sizes=\"(max-width: 640px) 100vw, 640px\" \/><figcaption id=\"caption-attachment-23721\" class=\"wp-caption-text\">El Barco de \u00c1vila &#8211; Imagen de ViveGredos<\/figcaption><\/figure>\n<p>&nbsp;<\/p>\n<h4>S\u00e1bado 12 de Noviembre<\/h4>\n<ul>\n<li><strong>09:00 h<\/strong>. Recepci\u00f3n de los participantes <strong>en la Casa del Reloj de la Plaza Mayor de Barco de \u00c1vila<\/strong>, entrega de distintivos a los blogueros e inscritos en la Tuitquedada, programa de actividades con detalle de todos los patrocinadores y colaboradores, y adquisici\u00f3n de los permisos de recolecci\u00f3n.<br \/>\n<strong>09:30 h<\/strong>. Desayuno en la Plaza Mayor de Barco de \u00c1vila en el <strong>Caf\u00e9-Bar \u201cAl Natural\u201d<\/strong> que aportar\u00eda los caf\u00e9s, boller\u00eda o tostada y zumo a Bloggers.<\/li>\n<li><strong>10:30 h<\/strong>. Salida y comienzo de la <strong>Salida Micol\u00f3gica guiada por Ismael Garc\u00eda<\/strong> por la Ruta PRSG 9 Navatejares &#8216;Pe\u00f1a Pablo&#8217; &#8211; Cabezas Altas. En la visita ser\u00e1 obligatorio ir con cesta o similar para proceder a la recolecci\u00f3n. En el transcurso de la visita se explicar\u00e1n las clases de setas y hongos que podemos encontrar en este ecosistema y se ense\u00f1ar\u00e1 sobre el terreno las maneras de recolecci\u00f3n para no da\u00f1ar el medio mientras se recolecta.<\/li>\n<li><strong>12:30 h<\/strong>. Parada de la expedici\u00f3n y <strong>almuerzo en la fuente-lavadero tradicional de Cabezas Altas<\/strong>. Qui\u00e9n lo desee, puede llevar bocadillo o similar para la parada. Los organizadores llevar\u00e1n bota de vino, hornazo de Horno Cristo y embutido de Chopo.<\/li>\n<\/ul>\n<figure id=\"attachment_23722\" aria-describedby=\"caption-attachment-23722\" style=\"width: 640px\" class=\"wp-caption aligncenter\"><img decoding=\"async\" class=\"size-full wp-image-23722\" title=\"Navatejares desde el r\u00edo Tormes - Imagen de LaQuitadelChocolatero\" src=\"http:\/\/destinocastillayleon.es\/index\/wp-content\/uploads\/2016\/10\/6f828ed5ea184b0b8847970e7acde7d6.jpg\" alt=\"TuitQuedada Micol\u00f3gica 2016\" width=\"640\" height=\"360\" srcset=\"https:\/\/destinocastillayleon.es\/index\/wp-content\/uploads\/2016\/10\/6f828ed5ea184b0b8847970e7acde7d6.jpg 640w, https:\/\/destinocastillayleon.es\/index\/wp-content\/uploads\/2016\/10\/6f828ed5ea184b0b8847970e7acde7d6-300x169.jpg 300w\" sizes=\"(max-width: 640px) 100vw, 640px\" \/><figcaption id=\"caption-attachment-23722\" class=\"wp-caption-text\">Navatejares desde el r\u00edo Tormes &#8211; Imagen de LaQuitadelChocolatero<\/figcaption><\/figure>\n<p>&nbsp;<\/p>\n<ul>\n<li><strong>14:00 h<\/strong>. Finaliza la ruta. Se observar\u00e1 lo recolectado y se compartir\u00e1n impresiones en la Casa del Reloj de Barco de \u00c1vila donde se situar\u00e1 la Exposici\u00f3n Micol\u00f3gica.<\/li>\n<li><strong>14:30 h<\/strong>. Comida en dos lugares emblem\u00e1ticos de la Cocina Serrana de Barco de \u00c1vila: <a href=\"http:\/\/www.buscorestaurantes.com\/restaurante\/Casa-Lucio-105777-0\" target=\"_Blank\">Casa Lucio<\/a> y <a href=\"http:\/\/www.reservarestaurantes.com\/restaurante\/el-fogon-de-barco\/32599\" target=\"_Blank\">El Fog\u00f3n del Barco<\/a>. La comida estar\u00e1 compuesta de un <strong>men\u00fa degustaci\u00f3n<\/strong> con al menos 8 platos de temporada, con las setas de protagonistas. No faltar\u00e1n las famosas Jud\u00edas del Barco, las Patatas Revolconas y la carne de \u00c1vila. <strong>El precio no superar\u00e1 los 20 euros por persona<\/strong>, ya que est\u00e1 patrocinado por los restaurantes y los comerciantes que proporcionan parte de la materia prima.<\/li>\n<li><strong>17:30 h<\/strong>. Visita al <strong>Museo de la Jud\u00eda en Barco de \u00c1vila y Ruta Cultural Guiada por los lugares m\u00e1s emblem\u00e1ticos del Barco de \u00c1vila<\/strong>: Puente Medieval, Castillo de Valdecorneja, Bas\u00edlica,\u2026<\/li>\n<li><strong>19:00 h<\/strong>. Visita al <strong>Museo de la Miel de La Carrera<\/strong> con cata de Mieles (aportaci\u00f3n de Vero) y merienda con productos locales.<\/li>\n<li><strong>21:30 h<\/strong>. Cata de Vinos con Maridaje de Productos de la tierra en La Quinta del Chocolatero (exclusiva para Bloggers, organizadores y autoridades, los productos que se degusten ser\u00e1n todos de la marca de garant\u00eda \u00c1vila Aut\u00e9ntica).<\/li>\n<li><strong>24:00 h<\/strong>. Observaci\u00f3n nocturna <strong>del Cielo en Invierno en el Mirador Estelar de Navatejares<\/strong> aportado por la Asociaci\u00f3n Boreal Acimut. Chocolate caliente para los asistentes.<\/li>\n<\/ul>\n<p><img decoding=\"async\" class=\"aligncenter size-full wp-image-16540\" title=\"Gredos starlight\" src=\"http:\/\/destinocastillayleon.es\/index\/wp-content\/uploads\/2014\/10\/gredos-starlight.jpg\" alt=\"TuitQuedada Micol\u00f3gica 2016\" width=\"640\" srcset=\"https:\/\/destinocastillayleon.es\/index\/wp-content\/uploads\/2014\/10\/gredos-starlight.jpg 800w, https:\/\/destinocastillayleon.es\/index\/wp-content\/uploads\/2014\/10\/gredos-starlight-300x197.jpg 300w\" sizes=\"(max-width: 800px) 100vw, 800px\" \/><\/p>\n<h4>Domingo 13 de Noviembre<\/h4>\n<ul>\n<li><strong>09:30 h<\/strong>. Desayuno en la Plaza Mayor de Barco de \u00c1vila <strong>en el Caf\u00e9-Bar \u201cAl Natural\u201d<\/strong>.<\/li>\n<li><strong>10:00 h<\/strong>. Salida y comienzo de <strong>la Salida Ecol\u00f3gica<\/strong> guiada por la Ruta Ornitol\u00f3gica Ribera del Tormes-Navatejares.<\/li>\n<li><strong>11:30 h.<\/strong> Visita al <strong>Museo de la Trashumancia de Navalonguilla<\/strong>, acompa\u00f1ado de embutidos de la regi\u00f3n.<\/li>\n<li><strong>13:30 h.<\/strong> Visita a la <strong>F\u00e1brica de Sidra El Pomar de Gredos en Hermosillo <\/strong>para conocer el proceso de elaboraci\u00f3n artesanal de la sidra a partir de famosa Manzana del Tormes y degustaci\u00f3n de licores de elaboraci\u00f3n propia y peque\u00f1o taller de elaboraci\u00f3n de Licor de Chocolate, acompa\u00f1ado de Dulces de la regi\u00f3n.<\/li>\n<\/ul>\n<figure id=\"attachment_23741\" aria-describedby=\"caption-attachment-23741\" style=\"width: 640px\" class=\"wp-caption aligncenter\"><img decoding=\"async\" class=\"size-full wp-image-23741\" title=\"tuitquedadamicologica 2016 - Imagen de Gredos Daniel\" src=\"http:\/\/destinocastillayleon.es\/index\/wp-content\/uploads\/2016\/10\/tuitquedadamicologica-2016-Imagen-de-Gredos-Daniel.jpg\" alt=\"TuitQuedada Micol\u00f3gica 2016\" width=\"640\" height=\"320\" srcset=\"https:\/\/destinocastillayleon.es\/index\/wp-content\/uploads\/2016\/10\/tuitquedadamicologica-2016-Imagen-de-Gredos-Daniel.jpg 640w, https:\/\/destinocastillayleon.es\/index\/wp-content\/uploads\/2016\/10\/tuitquedadamicologica-2016-Imagen-de-Gredos-Daniel-300x150.jpg 300w\" sizes=\"(max-width: 640px) 100vw, 640px\" \/><figcaption id=\"caption-attachment-23741\" class=\"wp-caption-text\">tuitquedadamicologica 2016 &#8211; Imagen de Gredos Daniel<\/figcaption><\/figure>\n<h3>Informaci\u00f3n adicional<\/h3>\n<p>&#8211; El registro a la actividad es <strong>totalmente gratuito y abierto a cualquier persona<\/strong> que desee disfrutar de este encuentro. Tan s\u00f3lo es necesario reservar plaza en la web del encuentro:\u00a0<strong><em><a href=\"http:\/\/tuitquedadamicologica.es\/web\/\">http:\/\/tuitquedadamicologica.es<\/a>\u00a0<\/em><\/strong><\/p>\n<p>&#8211; Si no puedes asistir pero est\u00e1s interesado, el encuentro se podr\u00e1 seguir en redes sociales con el hashtag: <a href=\"https:\/\/twitter.com\/search?q=%23tuitquedadamicologica&amp;src=typd&amp;lang=es\" target=\"_Blank\">#TuitQuedadaMicol\u00f3gica<\/a>.<\/p>\n<p>&#8211; Para participar en la recolecci\u00f3n de setas, es\u00a0preciso contar con el <strong>permiso de recolecci\u00f3n<\/strong>, que puede obtenerse telem\u00e1ticamente <a href=\"http:\/\/www.diputacionavila.es\/medio-ambiente\/permiso-del-recolector\/\" target=\"_Blank\"><strong>en este enlace<\/strong><\/a>, o con una licencia que podr\u00e1 adquirirse al inicio de la actividad.<\/p>\n<p>&#8211; Los recolectores deber\u00e1n llevar su propio equipo, consistente en <strong>una cesta de mimbre y una navaja de recolecci\u00f3n<\/strong>.<\/p>\n<p>&#8211; Los organizadores de la IV TuitQuedada Micol\u00f3gica son\u00a0<a href=\"https:\/\/twitter.com\/gredosdaniel?lang=es\" target=\"_blank\">Daniel Lopez<\/a> y <a href=\"http:\/\/www.laquintadelchocolatero.com\/user\/laquintadelchocolaterocom\/\" target=\"_Blank\">Victoria Cacharr\u00f3n<\/a>. Puedes contactar con ellos para cualquier duda o ampliar informaci\u00f3n<\/p>\n<h3>Actividades paralelas<\/h3>\n<p>A lo largo del Fin de semana se desarrollar\u00e1 el \u201c<strong>Tuit Fotogr\u00e1fico<\/strong>\u201d, un <strong>Concurso Fotogr\u00e1fico<\/strong> cuyo tema principal ser\u00e1 la Tuitquedada Micol\u00f3gica 2016 en todos sus \u00e1mbitos, rutas, degustaciones, visitas guiadas,\u2026 en fin, todo lo que suceda en este fin de semana.<\/p>\n<p>&nbsp;<\/p>\n<h4>Tambi\u00e9n te puede interesar<\/h4>\n<ul>\n<li><a href=\"http:\/\/destinocastillayleon.es\/index\/tuitquedadamicologica-2015\/\">#TuitQuedadaMicol\u00f3gica 2015 \u00a1Querr\u00e1s asistir a la pr\u00f3xima edici\u00f3n!<\/a><\/li>\n<li><a href=\"http:\/\/destinocastillayleon.es\/index\/asi-fue-la-2a-edicion-de-la-tuitquedadamicologica-en-gredos\/\">As\u00ed fue la 2\u00aa edici\u00f3n de la #TuitQuedadaMicol\u00f3gica en Gredos<\/a>.<\/li>\n<li><a href=\"http:\/\/destinocastillayleon.es\/index\/gran-exito-de-la-tuitquedadamicologia-en-hoyocasero-en-la-sierra-de-gredos\/\">Gran \u00e9xito de la TuitQuedadaMicol\u00f3gia en Hoyocasero, en la Sierra de Gredos<\/a>.<\/li>\n<li><a href=\"http:\/\/atavolaconilconte.es\/index\/tuitquedadamicologica-2015\/\">Tuitquedadamicol\u00f3gica 2015, experiencia busca setas en Gredos<\/a>.<\/li>\n<li><a href=\"http:\/\/destinocastillayleon.es\/index\/10-lugares-para-recolectar-setas-en-castilla-leon-disfrutar-del-otono\/\">10 lugares para recolectar setas en Castilla y Le\u00f3n y disfrutar del oto\u00f1o<\/a>.<\/li>\n<\/ul>\n<p><strong>Nota:<\/strong> Imagen de la web de la <a href=\"http:\/\/tuitquedadamicologica.es\/web\/default.asp\" target=\"_blank\">TuitQuedadaMicol\u00f3gica<\/a>.<\/p>\n","protected":false},"excerpt":{"rendered":"<p>Vuelve la IV TuitQuedada Micol\u00f3gica 2016 a la Sierra de Gredos<\/p>\n","protected":false},"author":2,"featured_media":23737,"comment_status":"open","ping_status":"closed","sticky":false,"template":"","format":"standard","meta":{"rop_custom_images_group":[],"rop_custom_messages_group":[],"rop_publish_now":"initial","rop_publish_now_accounts":{"twitter_1150954226_1150954226":""},"rop_publish_now_history":[],"rop_publish_now_status":"pending","footnotes":""},"categories":[77,62,4789,68,45,3493],"tags":[2419,3557,2474,3432,3483],"class_list":["post-23643","post","type-post","status-publish","format-standard","has-post-thumbnail","hentry","category-actualidad-y-agenda-de-castilla-y-leon","category-avila","category-avila-actualidad","category-post_inicial","category-provincias","category-turismo-micologico","tag-busca-setas","tag-busca-setas-en-gredos","tag-donde-encontrar-setas-en-gredos","tag-setas-en-gredos","tag-tuitquedadamicologica"],"yoast_head":"<!-- This site is optimized with the Yoast SEO Premium plugin v20.4 (Yoast SEO v27.4) - https:\/\/yoast.com\/product\/yoast-seo-premium-wordpress\/ -->\n<title>Programa de la IV TuitQuedada Micol\u00f3gica 2016 en \u00c1vila<\/title>\n<meta name=\"description\" content=\"Un a\u00f1o m\u00e1s, Gredos ser\u00e1 el escenario de la TuitQuedada Micol\u00f3gica 2016, como siempre, promete ser s\u00faper interesante para disfrutar de los bosques de \u00c1vila\" \/>\n<meta name=\"robots\" content=\"index, follow, max-snippet:-1, max-image-preview:large, max-video-preview:-1\" \/>\n<link rel=\"canonical\" href=\"https:\/\/destinocastillayleon.es\/index\/tuitquedada-micologica-2016\/\" \/>\n<meta property=\"og:locale\" content=\"es_ES\" \/>\n<meta property=\"og:type\" content=\"article\" \/>\n<meta property=\"og:title\" content=\"Programa de la IV TuitQuedada Micol\u00f3gica 2016 en \u00c1vila\" \/>\n<meta property=\"og:description\" content=\"Como un a\u00f1o m\u00e1s, Gredos se prepara para ser escenario de una nueva TuitQuedada Micol\u00f3gica que como siempre, promete ser s\u00faper interesante para disfrutar una vez m\u00e1s de los bosques, la naturaleza, la cultura y la gastronom\u00eda de \u00c1vila\" \/>\n<meta property=\"og:url\" content=\"https:\/\/destinocastillayleon.es\/index\/tuitquedada-micologica-2016\/\" \/>\n<meta property=\"og:site_name\" content=\"Destino Castilla y Le\u00f3n\" \/>\n<meta property=\"article:publisher\" content=\"https:\/\/www.facebook.com\/DestinoCastillaYLeon\/\" \/>\n<meta property=\"article:author\" content=\"https:\/\/www.facebook.com\/profile.php?id=1158416854\" \/>\n<meta property=\"article:published_time\" content=\"2016-10-07T05:01:46+00:00\" \/>\n<meta property=\"article:modified_time\" content=\"2016-10-07T12:16:52+00:00\" \/>\n<meta property=\"og:image\" content=\"https:\/\/destinocastillayleon.es\/index\/wp-content\/uploads\/2016\/10\/f1e3ddecd8070603884b4b36c4383e2e.jpg\" \/>\n\t<meta property=\"og:image:width\" content=\"797\" \/>\n\t<meta property=\"og:image:height\" content=\"520\" \/>\n\t<meta property=\"og:image:type\" content=\"image\/jpeg\" \/>\n<meta name=\"author\" content=\"David V\u00e1zquez\" \/>\n<meta name=\"twitter:card\" content=\"summary_large_image\" \/>\n<meta name=\"twitter:title\" content=\"Programa de la IV TuitQuedada Micol\u00f3gica 2016 en \u00c1vila\" \/>\n<meta name=\"twitter:description\" content=\"Como un a\u00f1o m\u00e1s, Gredos se prepara para ser escenario de una nueva TuitQuedada Micol\u00f3gica que como siempre, promete ser s\u00faper interesante para disfrutar una vez m\u00e1s de los bosques, la naturaleza, la cultura y la gastronom\u00eda de \u00c1vila\" \/>\n<meta name=\"twitter:image\" content=\"http:\/\/destinocastillayleon.es\/index\/wp-content\/uploads\/2016\/10\/f1e3ddecd8070603884b4b36c4383e2e-300x196.jpg\" \/>\n<meta name=\"twitter:creator\" content=\"@https:\/\/twitter.com\/ContePantaleone\u200e\" \/>\n<meta name=\"twitter:site\" content=\"@destinocyl\" \/>\n<meta name=\"twitter:label1\" content=\"Escrito por\" \/>\n\t<meta name=\"twitter:data1\" content=\"David V\u00e1zquez\" \/>\n\t<meta name=\"twitter:label2\" content=\"Tiempo de lectura\" \/>\n\t<meta name=\"twitter:data2\" content=\"5 minutos\" \/>\n<script type=\"application\/ld+json\" class=\"yoast-schema-graph\">{\"@context\":\"https:\\\/\\\/schema.org\",\"@graph\":[{\"@type\":\"Article\",\"@id\":\"https:\\\/\\\/destinocastillayleon.es\\\/index\\\/tuitquedada-micologica-2016\\\/#article\",\"isPartOf\":{\"@id\":\"https:\\\/\\\/destinocastillayleon.es\\\/index\\\/tuitquedada-micologica-2016\\\/\"},\"author\":{\"name\":\"David V\u00e1zquez\",\"@id\":\"https:\\\/\\\/destinocastillayleon.es\\\/index\\\/#\\\/schema\\\/person\\\/189221bc8f6cc4fa28b18ad5c289d4c2\"},\"headline\":\"Vuelve la IV TuitQuedada Micol\u00f3gica 2016 a la Sierra de Gredos\",\"datePublished\":\"2016-10-07T05:01:46+00:00\",\"dateModified\":\"2016-10-07T12:16:52+00:00\",\"mainEntityOfPage\":{\"@id\":\"https:\\\/\\\/destinocastillayleon.es\\\/index\\\/tuitquedada-micologica-2016\\\/\"},\"wordCount\":1107,\"commentCount\":0,\"image\":{\"@id\":\"https:\\\/\\\/destinocastillayleon.es\\\/index\\\/tuitquedada-micologica-2016\\\/#primaryimage\"},\"thumbnailUrl\":\"https:\\\/\\\/destinocastillayleon.es\\\/index\\\/wp-content\\\/uploads\\\/2016\\\/10\\\/d8090ccb671ad1ff110b816bfb6d0b08.jpg\",\"keywords\":[\"busca setas\",\"busca setas en Gredos\",\"d\u00f3nde encontrar setas en Gredos\",\"setas en Gredos\",\"TuitquedadaMicol\u00f3gica\"],\"articleSection\":[\"Actualidad\",\"Avila\",\"Avila actualidad\",\"Post_inicial\",\"Provincias\",\"Turismo Micologico\"],\"inLanguage\":\"es\",\"potentialAction\":[{\"@type\":\"CommentAction\",\"name\":\"Comment\",\"target\":[\"https:\\\/\\\/destinocastillayleon.es\\\/index\\\/tuitquedada-micologica-2016\\\/#respond\"]}]},{\"@type\":\"WebPage\",\"@id\":\"https:\\\/\\\/destinocastillayleon.es\\\/index\\\/tuitquedada-micologica-2016\\\/\",\"url\":\"https:\\\/\\\/destinocastillayleon.es\\\/index\\\/tuitquedada-micologica-2016\\\/\",\"name\":\"Programa de la IV TuitQuedada Micol\u00f3gica 2016 en \u00c1vila\",\"isPartOf\":{\"@id\":\"https:\\\/\\\/destinocastillayleon.es\\\/index\\\/#website\"},\"primaryImageOfPage\":{\"@id\":\"https:\\\/\\\/destinocastillayleon.es\\\/index\\\/tuitquedada-micologica-2016\\\/#primaryimage\"},\"image\":{\"@id\":\"https:\\\/\\\/destinocastillayleon.es\\\/index\\\/tuitquedada-micologica-2016\\\/#primaryimage\"},\"thumbnailUrl\":\"https:\\\/\\\/destinocastillayleon.es\\\/index\\\/wp-content\\\/uploads\\\/2016\\\/10\\\/d8090ccb671ad1ff110b816bfb6d0b08.jpg\",\"datePublished\":\"2016-10-07T05:01:46+00:00\",\"dateModified\":\"2016-10-07T12:16:52+00:00\",\"author\":{\"@id\":\"https:\\\/\\\/destinocastillayleon.es\\\/index\\\/#\\\/schema\\\/person\\\/189221bc8f6cc4fa28b18ad5c289d4c2\"},\"description\":\"Un a\u00f1o m\u00e1s, Gredos ser\u00e1 el escenario de la TuitQuedada Micol\u00f3gica 2016, como siempre, promete ser s\u00faper interesante para disfrutar de los bosques de \u00c1vila\",\"breadcrumb\":{\"@id\":\"https:\\\/\\\/destinocastillayleon.es\\\/index\\\/tuitquedada-micologica-2016\\\/#breadcrumb\"},\"inLanguage\":\"es\",\"potentialAction\":[{\"@type\":\"ReadAction\",\"target\":[\"https:\\\/\\\/destinocastillayleon.es\\\/index\\\/tuitquedada-micologica-2016\\\/\"]}]},{\"@type\":\"ImageObject\",\"inLanguage\":\"es\",\"@id\":\"https:\\\/\\\/destinocastillayleon.es\\\/index\\\/tuitquedada-micologica-2016\\\/#primaryimage\",\"url\":\"https:\\\/\\\/destinocastillayleon.es\\\/index\\\/wp-content\\\/uploads\\\/2016\\\/10\\\/d8090ccb671ad1ff110b816bfb6d0b08.jpg\",\"contentUrl\":\"https:\\\/\\\/destinocastillayleon.es\\\/index\\\/wp-content\\\/uploads\\\/2016\\\/10\\\/d8090ccb671ad1ff110b816bfb6d0b08.jpg\",\"width\":850,\"height\":421,\"caption\":\"tuitquedadamicologica 2016 - Imagen de Prezzemolo Tritado\"},{\"@type\":\"BreadcrumbList\",\"@id\":\"https:\\\/\\\/destinocastillayleon.es\\\/index\\\/tuitquedada-micologica-2016\\\/#breadcrumb\",\"itemListElement\":[{\"@type\":\"ListItem\",\"position\":1,\"name\":\"Portada\",\"item\":\"https:\\\/\\\/destinocastillayleon.es\\\/index\\\/\"},{\"@type\":\"ListItem\",\"position\":2,\"name\":\"Vuelve la IV TuitQuedada Micol\u00f3gica 2016 a la Sierra de Gredos\"}]},{\"@type\":\"WebSite\",\"@id\":\"https:\\\/\\\/destinocastillayleon.es\\\/index\\\/#website\",\"url\":\"https:\\\/\\\/destinocastillayleon.es\\\/index\\\/\",\"name\":\"Destino Castilla y Le\u00f3n\",\"description\":\"Medio digital independiente y revista de Castilla y Le\u00f3n dedicado al turismo, gastronom\u00eda y vino de Castilla y Le\u00f3n\",\"potentialAction\":[{\"@type\":\"SearchAction\",\"target\":{\"@type\":\"EntryPoint\",\"urlTemplate\":\"https:\\\/\\\/destinocastillayleon.es\\\/index\\\/?s={search_term_string}\"},\"query-input\":{\"@type\":\"PropertyValueSpecification\",\"valueRequired\":true,\"valueName\":\"search_term_string\"}}],\"inLanguage\":\"es\"},{\"@type\":\"Person\",\"@id\":\"https:\\\/\\\/destinocastillayleon.es\\\/index\\\/#\\\/schema\\\/person\\\/189221bc8f6cc4fa28b18ad5c289d4c2\",\"name\":\"David V\u00e1zquez\",\"image\":{\"@type\":\"ImageObject\",\"inLanguage\":\"es\",\"@id\":\"https:\\\/\\\/secure.gravatar.com\\\/avatar\\\/cd12db6c575a90c3b75cfa0f794b74d425201c768612fad17e9f13cd33d48be8?s=96&d=mm&r=g\",\"url\":\"https:\\\/\\\/secure.gravatar.com\\\/avatar\\\/cd12db6c575a90c3b75cfa0f794b74d425201c768612fad17e9f13cd33d48be8?s=96&d=mm&r=g\",\"contentUrl\":\"https:\\\/\\\/secure.gravatar.com\\\/avatar\\\/cd12db6c575a90c3b75cfa0f794b74d425201c768612fad17e9f13cd33d48be8?s=96&d=mm&r=g\",\"caption\":\"David V\u00e1zquez\"},\"description\":\"Ingeniero Industrial de vocaci\u00f3n y profesi\u00f3n, he encontrado en los blogs la forma de plasmar mi pasi\u00f3n por los viajes, la gastronom\u00eda y los vinos. Especialmente los procedentes de Castilla y Le\u00f3n\",\"sameAs\":[\"https:\\\/\\\/www.destinocastillayleon.es\",\"https:\\\/\\\/www.facebook.com\\\/profile.php?id=1158416854\",\"https:\\\/\\\/instagram.com\\\/conte.pantaleone\",\"https:\\\/\\\/www.linkedin.com\\\/pub\\\/david-vazquez-lozano\\\/37\\\/17a\\\/25a\",\"https:\\\/\\\/x.com\\\/https:\\\/\\\/twitter.com\\\/ContePantaleone\u200e\"],\"url\":\"https:\\\/\\\/destinocastillayleon.es\\\/index\\\/author\\\/coadministradorcyl\\\/\"}]}<\/script>\n<!-- \/ Yoast SEO Premium plugin. -->","yoast_head_json":{"title":"Programa de la IV TuitQuedada Micol\u00f3gica 2016 en \u00c1vila","description":"Un a\u00f1o m\u00e1s, Gredos ser\u00e1 el escenario de la TuitQuedada Micol\u00f3gica 2016, como siempre, promete ser s\u00faper interesante para disfrutar de los bosques de \u00c1vila","robots":{"index":"index","follow":"follow","max-snippet":"max-snippet:-1","max-image-preview":"max-image-preview:large","max-video-preview":"max-video-preview:-1"},"canonical":"https:\/\/destinocastillayleon.es\/index\/tuitquedada-micologica-2016\/","og_locale":"es_ES","og_type":"article","og_title":"Programa de la IV TuitQuedada Micol\u00f3gica 2016 en \u00c1vila","og_description":"Como un a\u00f1o m\u00e1s, Gredos se prepara para ser escenario de una nueva TuitQuedada Micol\u00f3gica que como siempre, promete ser s\u00faper interesante para disfrutar una vez m\u00e1s de los bosques, la naturaleza, la cultura y la gastronom\u00eda de \u00c1vila","og_url":"https:\/\/destinocastillayleon.es\/index\/tuitquedada-micologica-2016\/","og_site_name":"Destino Castilla y Le\u00f3n","article_publisher":"https:\/\/www.facebook.com\/DestinoCastillaYLeon\/","article_author":"https:\/\/www.facebook.com\/profile.php?id=1158416854","article_published_time":"2016-10-07T05:01:46+00:00","article_modified_time":"2016-10-07T12:16:52+00:00","og_image":[{"width":797,"height":520,"url":"https:\/\/destinocastillayleon.es\/index\/wp-content\/uploads\/2016\/10\/f1e3ddecd8070603884b4b36c4383e2e.jpg","type":"image\/jpeg"}],"author":"David V\u00e1zquez","twitter_card":"summary_large_image","twitter_title":"Programa de la IV TuitQuedada Micol\u00f3gica 2016 en \u00c1vila","twitter_description":"Como un a\u00f1o m\u00e1s, Gredos se prepara para ser escenario de una nueva TuitQuedada Micol\u00f3gica que como siempre, promete ser s\u00faper interesante para disfrutar una vez m\u00e1s de los bosques, la naturaleza, la cultura y la gastronom\u00eda de \u00c1vila","twitter_image":"http:\/\/destinocastillayleon.es\/index\/wp-content\/uploads\/2016\/10\/f1e3ddecd8070603884b4b36c4383e2e-300x196.jpg","twitter_creator":"@https:\/\/twitter.com\/ContePantaleone\u200e","twitter_site":"@destinocyl","twitter_misc":{"Escrito por":"David V\u00e1zquez","Tiempo de lectura":"5 minutos"},"schema":{"@context":"https:\/\/schema.org","@graph":[{"@type":"Article","@id":"https:\/\/destinocastillayleon.es\/index\/tuitquedada-micologica-2016\/#article","isPartOf":{"@id":"https:\/\/destinocastillayleon.es\/index\/tuitquedada-micologica-2016\/"},"author":{"name":"David V\u00e1zquez","@id":"https:\/\/destinocastillayleon.es\/index\/#\/schema\/person\/189221bc8f6cc4fa28b18ad5c289d4c2"},"headline":"Vuelve la IV TuitQuedada Micol\u00f3gica 2016 a la Sierra de Gredos","datePublished":"2016-10-07T05:01:46+00:00","dateModified":"2016-10-07T12:16:52+00:00","mainEntityOfPage":{"@id":"https:\/\/destinocastillayleon.es\/index\/tuitquedada-micologica-2016\/"},"wordCount":1107,"commentCount":0,"image":{"@id":"https:\/\/destinocastillayleon.es\/index\/tuitquedada-micologica-2016\/#primaryimage"},"thumbnailUrl":"https:\/\/destinocastillayleon.es\/index\/wp-content\/uploads\/2016\/10\/d8090ccb671ad1ff110b816bfb6d0b08.jpg","keywords":["busca setas","busca setas en Gredos","d\u00f3nde encontrar setas en Gredos","setas en Gredos","TuitquedadaMicol\u00f3gica"],"articleSection":["Actualidad","Avila","Avila actualidad","Post_inicial","Provincias","Turismo Micologico"],"inLanguage":"es","potentialAction":[{"@type":"CommentAction","name":"Comment","target":["https:\/\/destinocastillayleon.es\/index\/tuitquedada-micologica-2016\/#respond"]}]},{"@type":"WebPage","@id":"https:\/\/destinocastillayleon.es\/index\/tuitquedada-micologica-2016\/","url":"https:\/\/destinocastillayleon.es\/index\/tuitquedada-micologica-2016\/","name":"Programa de la IV TuitQuedada Micol\u00f3gica 2016 en \u00c1vila","isPartOf":{"@id":"https:\/\/destinocastillayleon.es\/index\/#website"},"primaryImageOfPage":{"@id":"https:\/\/destinocastillayleon.es\/index\/tuitquedada-micologica-2016\/#primaryimage"},"image":{"@id":"https:\/\/destinocastillayleon.es\/index\/tuitquedada-micologica-2016\/#primaryimage"},"thumbnailUrl":"https:\/\/destinocastillayleon.es\/index\/wp-content\/uploads\/2016\/10\/d8090ccb671ad1ff110b816bfb6d0b08.jpg","datePublished":"2016-10-07T05:01:46+00:00","dateModified":"2016-10-07T12:16:52+00:00","author":{"@id":"https:\/\/destinocastillayleon.es\/index\/#\/schema\/person\/189221bc8f6cc4fa28b18ad5c289d4c2"},"description":"Un a\u00f1o m\u00e1s, Gredos ser\u00e1 el escenario de la TuitQuedada Micol\u00f3gica 2016, como siempre, promete ser s\u00faper interesante para disfrutar de los bosques de \u00c1vila","breadcrumb":{"@id":"https:\/\/destinocastillayleon.es\/index\/tuitquedada-micologica-2016\/#breadcrumb"},"inLanguage":"es","potentialAction":[{"@type":"ReadAction","target":["https:\/\/destinocastillayleon.es\/index\/tuitquedada-micologica-2016\/"]}]},{"@type":"ImageObject","inLanguage":"es","@id":"https:\/\/destinocastillayleon.es\/index\/tuitquedada-micologica-2016\/#primaryimage","url":"https:\/\/destinocastillayleon.es\/index\/wp-content\/uploads\/2016\/10\/d8090ccb671ad1ff110b816bfb6d0b08.jpg","contentUrl":"https:\/\/destinocastillayleon.es\/index\/wp-content\/uploads\/2016\/10\/d8090ccb671ad1ff110b816bfb6d0b08.jpg","width":850,"height":421,"caption":"tuitquedadamicologica 2016 - Imagen de Prezzemolo Tritado"},{"@type":"BreadcrumbList","@id":"https:\/\/destinocastillayleon.es\/index\/tuitquedada-micologica-2016\/#breadcrumb","itemListElement":[{"@type":"ListItem","position":1,"name":"Portada","item":"https:\/\/destinocastillayleon.es\/index\/"},{"@type":"ListItem","position":2,"name":"Vuelve la IV TuitQuedada Micol\u00f3gica 2016 a la Sierra de Gredos"}]},{"@type":"WebSite","@id":"https:\/\/destinocastillayleon.es\/index\/#website","url":"https:\/\/destinocastillayleon.es\/index\/","name":"Destino Castilla y Le\u00f3n","description":"Medio digital independiente y revista de Castilla y Le\u00f3n dedicado al turismo, gastronom\u00eda y vino de Castilla y Le\u00f3n","potentialAction":[{"@type":"SearchAction","target":{"@type":"EntryPoint","urlTemplate":"https:\/\/destinocastillayleon.es\/index\/?s={search_term_string}"},"query-input":{"@type":"PropertyValueSpecification","valueRequired":true,"valueName":"search_term_string"}}],"inLanguage":"es"},{"@type":"Person","@id":"https:\/\/destinocastillayleon.es\/index\/#\/schema\/person\/189221bc8f6cc4fa28b18ad5c289d4c2","name":"David V\u00e1zquez","image":{"@type":"ImageObject","inLanguage":"es","@id":"https:\/\/secure.gravatar.com\/avatar\/cd12db6c575a90c3b75cfa0f794b74d425201c768612fad17e9f13cd33d48be8?s=96&d=mm&r=g","url":"https:\/\/secure.gravatar.com\/avatar\/cd12db6c575a90c3b75cfa0f794b74d425201c768612fad17e9f13cd33d48be8?s=96&d=mm&r=g","contentUrl":"https:\/\/secure.gravatar.com\/avatar\/cd12db6c575a90c3b75cfa0f794b74d425201c768612fad17e9f13cd33d48be8?s=96&d=mm&r=g","caption":"David V\u00e1zquez"},"description":"Ingeniero Industrial de vocaci\u00f3n y profesi\u00f3n, he encontrado en los blogs la forma de plasmar mi pasi\u00f3n por los viajes, la gastronom\u00eda y los vinos. Especialmente los procedentes de Castilla y Le\u00f3n","sameAs":["https:\/\/www.destinocastillayleon.es","https:\/\/www.facebook.com\/profile.php?id=1158416854","https:\/\/instagram.com\/conte.pantaleone","https:\/\/www.linkedin.com\/pub\/david-vazquez-lozano\/37\/17a\/25a","https:\/\/x.com\/https:\/\/twitter.com\/ContePantaleone\u200e"],"url":"https:\/\/destinocastillayleon.es\/index\/author\/coadministradorcyl\/"}]}},"_links":{"self":[{"href":"https:\/\/destinocastillayleon.es\/index\/wp-json\/wp\/v2\/posts\/23643","targetHints":{"allow":["GET"]}}],"collection":[{"href":"https:\/\/destinocastillayleon.es\/index\/wp-json\/wp\/v2\/posts"}],"about":[{"href":"https:\/\/destinocastillayleon.es\/index\/wp-json\/wp\/v2\/types\/post"}],"author":[{"embeddable":true,"href":"https:\/\/destinocastillayleon.es\/index\/wp-json\/wp\/v2\/users\/2"}],"replies":[{"embeddable":true,"href":"https:\/\/destinocastillayleon.es\/index\/wp-json\/wp\/v2\/comments?post=23643"}],"version-history":[{"count":28,"href":"https:\/\/destinocastillayleon.es\/index\/wp-json\/wp\/v2\/posts\/23643\/revisions"}],"predecessor-version":[{"id":23751,"href":"https:\/\/destinocastillayleon.es\/index\/wp-json\/wp\/v2\/posts\/23643\/revisions\/23751"}],"wp:featuredmedia":[{"embeddable":true,"href":"https:\/\/destinocastillayleon.es\/index\/wp-json\/wp\/v2\/media\/23737"}],"wp:attachment":[{"href":"https:\/\/destinocastillayleon.es\/index\/wp-json\/wp\/v2\/media?parent=23643"}],"wp:term":[{"taxonomy":"category","embeddable":true,"href":"https:\/\/destinocastillayleon.es\/index\/wp-json\/wp\/v2\/categories?post=23643"},{"taxonomy":"post_tag","embeddable":true,"href":"https:\/\/destinocastillayleon.es\/index\/wp-json\/wp\/v2\/tags?post=23643"}],"curies":[{"name":"wp","href":"https:\/\/api.w.org\/{rel}","templated":true}]}}