{"id":23382,"date":"2016-09-16T08:00:23","date_gmt":"2016-09-16T06:00:23","guid":{"rendered":"http:\/\/destinocastillayleon.es\/index\/?p=23382"},"modified":"2016-09-16T10:41:29","modified_gmt":"2016-09-16T08:41:29","slug":"avila-magica-2016","status":"publish","type":"post","link":"https:\/\/destinocastillayleon.es\/index\/avila-magica-2016\/","title":{"rendered":"\u00c1vila M\u00e1gica 2016, un encuentro de magia e ilusi\u00f3n"},"content":{"rendered":"<p>Ya no falta nada para que <strong>desde el viernes 16, al domingo 18 de septiembre<\/strong>, \u00c1vila se transforme una vez m\u00e1s en la capital internacional de la magia y el ilusionismo con su <strong>festival <a href=\"http:\/\/www.avila.es\/component\/k2\/item\/2586-avila-magica-2016\" target=\"_blank\">\u00c1vila M\u00e1gica 2016<\/a><\/strong>. Un festival referente en el mundo del ilusionismo.<\/p>\n<p>&nbsp;<\/p>\n<h2>\u00c1vila M\u00e1gica 2016<\/h2>\n<p><strong>\u00bfQui\u00e9n mejor que uno de los mejores desarrolladores de juegos e ilusiones como director de este certamen? Juan Mayoral<\/strong>, todo un referente, es el encargado de dirigir este encuentro m\u00e1gico que concita a magos internacionales, nacionales y locales.<\/p>\n<p><figure id=\"attachment_23391\" aria-describedby=\"caption-attachment-23391\" style=\"width: 330px\" class=\"wp-caption aligncenter\"><img decoding=\"async\" src=\"http:\/\/destinocastillayleon.es\/index\/wp-content\/uploads\/2016\/09\/f95dfe5c1184af30e448eda893b96eaa.jpg\" alt=\"Cartel oficial de \u00c1vila M\u00e1gica 2016\" width=\"330\" height=\"467\" class=\"size-full wp-image-23391\" srcset=\"https:\/\/destinocastillayleon.es\/index\/wp-content\/uploads\/2016\/09\/f95dfe5c1184af30e448eda893b96eaa.jpg 330w, https:\/\/destinocastillayleon.es\/index\/wp-content\/uploads\/2016\/09\/f95dfe5c1184af30e448eda893b96eaa-212x300.jpg 212w, https:\/\/destinocastillayleon.es\/index\/wp-content\/uploads\/2016\/09\/f95dfe5c1184af30e448eda893b96eaa-300x425.jpg 300w\" sizes=\"(max-width: 330px) 100vw, 330px\" \/><figcaption id=\"caption-attachment-23391\" class=\"wp-caption-text\">Cartel oficial de \u00c1vila M\u00e1gica 2016<\/figcaption><\/figure><br \/>\n&nbsp;<br \/>\n\u00c1vila M\u00e1gica apuesta por un programa de calidad y variedad, donde <strong>se combinen diversas disciplinas a lo largo de los dos d\u00edas y medio de espect\u00e1culos<\/strong>, en lo que colaborar\u00e1n distintas asociaciones de car\u00e1cter social de \u00c1vila. Contacto: \u00d3scar +34 646 590 161 o en el email: <a href=\"mailto:magooscar69@msn.com\" target=\"_blank\">magooscar69@msn.com<\/a>.<\/p>\n<p>&nbsp;<\/p>\n<h3>Informaci\u00f3n sobre los espect\u00e1culos de \u00c1vila M\u00e1gica 2016<\/h3>\n<ul>\n<li><strong>36 espect\u00e1culos de magia de cerca repartidos en los palacios de Superunda, Polentinos y Los Verdugos<\/strong>. A un coste de <strong>2\u20ac en taquilla<\/strong>, aunque tambi\u00e9n se pueden comprar en internet en <a href=\"https:\/\/www.marcaentradas.com\/ciclos\/ficha\/323-avila-magica\" title=\"Link a la web de venta de entradas para \u00c1vila M\u00e1gica 2016\" target=\"_blank\">marcaentradas.com<\/a><\/li>\n<li><strong>16 actuaciones de magia en la calle<\/strong> de la mano de cuatro magos, en distintos monumentos emblem\u00e1ticos de \u00c1vila. Espect\u00e1culos gratuitos.<\/li>\n<li><strong>2 galas en el monumental Atrio de San Vicente<\/strong>, donde magos nacionales e internacionales mostrar\u00e1n sus mejores juegos. Espect\u00e1culos gratuitos.<\/li>\n<\/ul>\n<p>&nbsp;<br \/>\nAdem\u00e1s, la Escuela de M\u00e1gica de \u00c1vila realizar\u00e1 <strong>talleres de m\u00e1gia e ilusionismo en el Episcopio<\/strong> a un coste de 10 \u20ac. El horario ser\u00e1 <strong>de 10:30 a 13:30 horas<\/strong>. Contacto: \u00d3scar +34 646 590 161 o en el email: <a href=\"mailto:magooscar69@msn.com\" target=\"_blank\">magooscar69@msn.com<\/a>.<\/p>\n<p>Y <strong>el broche final ser\u00e1 una actuaci\u00f3n de magia extrema de la mano de V\u00edctor Cerro<\/strong>, no aconsejable para personas con problemas cardiacos, pues promete ser espectacular. Adem\u00e1s, el domingo habr\u00e1 espect\u00e1culos repartidos por 15 locales de toda \u00c1vila.<\/p>\n<p><a href=\"http:\/\/www.tribunaavila.com\/noticias\/la-risa-y-la-magia-se-solaparon-en-el-cierre-de-avila-magica\/1411254957\" title=\"Link a la imagen\" target=\"_blank\"><figure id=\"attachment_23386\" aria-describedby=\"caption-attachment-23386\" style=\"width: 640px\" class=\"wp-caption aligncenter\"><img decoding=\"async\" src=\"http:\/\/destinocastillayleon.es\/index\/wp-content\/uploads\/2016\/09\/5e31ac24d377760a24d95e152a756fab.jpg\" alt=\"\u00c1vila M\u00e1gica 2016\" title=\"M\u00e1gia de escenario de \u00c1vila M\u00e1gica\" width=\"640\" height=\"333\" class=\"size-full wp-image-23386\" srcset=\"https:\/\/destinocastillayleon.es\/index\/wp-content\/uploads\/2016\/09\/5e31ac24d377760a24d95e152a756fab.jpg 640w, https:\/\/destinocastillayleon.es\/index\/wp-content\/uploads\/2016\/09\/5e31ac24d377760a24d95e152a756fab-300x156.jpg 300w\" sizes=\"(max-width: 640px) 100vw, 640px\" \/><figcaption id=\"caption-attachment-23386\" class=\"wp-caption-text\">M\u00e1gia de escenario de \u00c1vila M\u00e1gica &#8211; Imagen de Tribuna de \u00c1vila<\/figcaption><\/figure><\/a><br \/>\n&nbsp;<\/p>\n<h4>T\u00e1mbi\u00e9n te puede interesar&#8230;<\/h4>\n<ul>\n<li><a href=\"http:\/\/destinocastillayleon.es\/index\/chuleton-de-avila-en-casa\/\" title=\"Enlace a la receta de c\u00f3mo  prepararte un chulet\u00f3n de \u00c1vila en casa\" target=\"_blank\">C\u00f3mo prepararte un chulet\u00f3n de \u00c1vila en casa<\/a>.<\/li>\n<li><a href=\"http:\/\/destinocastillayleon.es\/index\/ranking-los-10-rincones-imprescindibles-de-avila\/\" title=\"Enlace al ranking de los 10 rincones imprescindibles de \u00c1vila\" target=\"_blank\">Ranking de los 10 rincones imprescindibles de \u00c1vila, seg\u00fan nuestros lectores<\/a>.<\/li>\n<li><a href=\"http:\/\/destinocastillayleon.es\/index\/visita-guiada-por-avila\/\" title=\"Enlace a la visita guiada por \u00c1vila recorriendo sus rincones m\u00e1s impactantes\" target=\"_blank\">Visita guiada por \u00c1vila recorriendo sus rincones m\u00e1s impactantes<\/a>.<\/li>\n<li><a href=\"http:\/\/destinocastillayleon.es\/index\/7-hitos-de-la-gastronomia-de-avila\/\" title=\"Enlace a los 7 hitos de la gastronom\u00eda de \u00c1vila t\u00edpica\" target=\"_blank\">7 hitos de la gastronom\u00eda de \u00c1vila t\u00edpica<\/a>.<\/li>\n<\/ul>\n<p>&nbsp;<\/p>\n","protected":false},"excerpt":{"rendered":"<p>Como un a\u00f1o m\u00e1s \u00c1vila M\u00e1gica 2016 representa un gran encuentro de magos del panorama nacional e internacional que se reunir\u00e1n para mostrar su arte el fin de semana del 16 al 18 de septiembre en la ciudad amurallada<\/p>\n","protected":false},"author":2,"featured_media":23387,"comment_status":"open","ping_status":"closed","sticky":false,"template":"","format":"standard","meta":{"rop_custom_images_group":[],"rop_custom_messages_group":[],"rop_publish_now":"initial","rop_publish_now_accounts":{"twitter_1150954226_1150954226":""},"rop_publish_now_history":[],"rop_publish_now_status":"pending","footnotes":""},"categories":[77,1343,4789,68],"tags":[64,5050,5051,711,692],"class_list":["post-23382","post","type-post","status-publish","format-standard","has-post-thumbnail","hentry","category-actualidad-y-agenda-de-castilla-y-leon","category-agenda","category-avila-actualidad","category-post_inicial","tag-avila-2","tag-avila-magica","tag-magia-en-avila","tag-que-hacer-en-avila","tag-que-ver-en-avila"],"yoast_head":"<!-- This site is optimized with the Yoast SEO Premium plugin v20.4 (Yoast SEO v27.4) - https:\/\/yoast.com\/product\/yoast-seo-premium-wordpress\/ -->\n<title>\u00c1vila M\u00e1gica 2016, un encuentro de magia e ilusi\u00f3n<\/title>\n<meta name=\"description\" content=\"Como un a\u00f1o m\u00e1s \u00c1vila M\u00e1gica 2016 representa un gran encuentro de magos internacional, para mostrar su arte del 16 al 18 de septiembre en \u00c1vila\" \/>\n<meta name=\"robots\" content=\"index, follow, max-snippet:-1, max-image-preview:large, max-video-preview:-1\" \/>\n<link rel=\"canonical\" href=\"https:\/\/destinocastillayleon.es\/index\/avila-magica-2016\/\" \/>\n<meta property=\"og:locale\" content=\"es_ES\" \/>\n<meta property=\"og:type\" content=\"article\" \/>\n<meta property=\"og:title\" content=\"\u00c1vila M\u00e1gica 2016, un encuentro de magia e ilusi\u00f3n - Destino Castilla y Le\u00f3n\" \/>\n<meta property=\"og:description\" content=\"Como un a\u00f1o m\u00e1s \u00c1vila M\u00e1gica 2016 representa un gran encuentro de magos del panorama nacional e internacional que se reunir\u00e1n para mostrar su arte el fin de semana del 16 al 18 de septiembre en la ciudad amurallada\" \/>\n<meta property=\"og:url\" content=\"https:\/\/destinocastillayleon.es\/index\/avila-magica-2016\/\" \/>\n<meta property=\"og:site_name\" content=\"Destino Castilla y Le\u00f3n\" \/>\n<meta property=\"article:publisher\" content=\"https:\/\/www.facebook.com\/DestinoCastillaYLeon\/\" \/>\n<meta property=\"article:author\" content=\"https:\/\/www.facebook.com\/profile.php?id=1158416854\" \/>\n<meta property=\"article:published_time\" content=\"2016-09-16T06:00:23+00:00\" \/>\n<meta property=\"article:modified_time\" content=\"2016-09-16T08:41:29+00:00\" \/>\n<meta property=\"og:image\" content=\"https:\/\/destinocastillayleon.es\/index\/wp-content\/uploads\/2016\/09\/569b8047e91067b8ac04d76f5b0532aa.jpg\" \/>\n\t<meta property=\"og:image:width\" content=\"850\" \/>\n\t<meta property=\"og:image:height\" content=\"430\" \/>\n\t<meta property=\"og:image:type\" content=\"image\/jpeg\" \/>\n<meta name=\"author\" content=\"David V\u00e1zquez\" \/>\n<meta name=\"twitter:card\" content=\"summary_large_image\" \/>\n<meta name=\"twitter:title\" content=\"\u00c1vila M\u00e1gica 2016, un encuentro de magia e ilusi\u00f3n - Destino Castilla y Le\u00f3n\" \/>\n<meta name=\"twitter:description\" content=\"Como un a\u00f1o m\u00e1s \u00c1vila M\u00e1gica 2016 representa un gran encuentro de magos del panorama nacional e internacional que se reunir\u00e1n para mostrar su arte el fin de semana del 16 al 18 de septiembre en la ciudad amurallada\" \/>\n<meta name=\"twitter:image\" content=\"http:\/\/destinocastillayleon.es\/index\/wp-content\/uploads\/2016\/09\/569b8047e91067b8ac04d76f5b0532aa-300x152.jpg\" \/>\n<meta name=\"twitter:creator\" content=\"@https:\/\/twitter.com\/ContePantaleone\u200e\" \/>\n<meta name=\"twitter:site\" content=\"@destinocyl\" \/>\n<meta name=\"twitter:label1\" content=\"Escrito por\" \/>\n\t<meta name=\"twitter:data1\" content=\"David V\u00e1zquez\" \/>\n\t<meta name=\"twitter:label2\" content=\"Tiempo de lectura\" \/>\n\t<meta name=\"twitter:data2\" content=\"2 minutos\" \/>\n<script type=\"application\/ld+json\" class=\"yoast-schema-graph\">{\"@context\":\"https:\\\/\\\/schema.org\",\"@graph\":[{\"@type\":\"Article\",\"@id\":\"https:\\\/\\\/destinocastillayleon.es\\\/index\\\/avila-magica-2016\\\/#article\",\"isPartOf\":{\"@id\":\"https:\\\/\\\/destinocastillayleon.es\\\/index\\\/avila-magica-2016\\\/\"},\"author\":{\"name\":\"David V\u00e1zquez\",\"@id\":\"https:\\\/\\\/destinocastillayleon.es\\\/index\\\/#\\\/schema\\\/person\\\/189221bc8f6cc4fa28b18ad5c289d4c2\"},\"headline\":\"\u00c1vila M\u00e1gica 2016, un encuentro de magia e ilusi\u00f3n\",\"datePublished\":\"2016-09-16T06:00:23+00:00\",\"dateModified\":\"2016-09-16T08:41:29+00:00\",\"mainEntityOfPage\":{\"@id\":\"https:\\\/\\\/destinocastillayleon.es\\\/index\\\/avila-magica-2016\\\/\"},\"wordCount\":400,\"commentCount\":0,\"image\":{\"@id\":\"https:\\\/\\\/destinocastillayleon.es\\\/index\\\/avila-magica-2016\\\/#primaryimage\"},\"thumbnailUrl\":\"https:\\\/\\\/destinocastillayleon.es\\\/index\\\/wp-content\\\/uploads\\\/2016\\\/09\\\/569b8047e91067b8ac04d76f5b0532aa.jpg\",\"keywords\":[\"avila\",\"\u00c1vila M\u00e1gica\",\"magia en \u00c1vila\",\"Qu\u00e9 hacer en \u00c1vila\",\"Qu\u00e9 ver en \u00c1vila\"],\"articleSection\":[\"Actualidad\",\"Agenda\",\"Avila actualidad\",\"Post_inicial\"],\"inLanguage\":\"es\",\"potentialAction\":[{\"@type\":\"CommentAction\",\"name\":\"Comment\",\"target\":[\"https:\\\/\\\/destinocastillayleon.es\\\/index\\\/avila-magica-2016\\\/#respond\"]}]},{\"@type\":\"WebPage\",\"@id\":\"https:\\\/\\\/destinocastillayleon.es\\\/index\\\/avila-magica-2016\\\/\",\"url\":\"https:\\\/\\\/destinocastillayleon.es\\\/index\\\/avila-magica-2016\\\/\",\"name\":\"\u00c1vila M\u00e1gica 2016, un encuentro de magia e ilusi\u00f3n\",\"isPartOf\":{\"@id\":\"https:\\\/\\\/destinocastillayleon.es\\\/index\\\/#website\"},\"primaryImageOfPage\":{\"@id\":\"https:\\\/\\\/destinocastillayleon.es\\\/index\\\/avila-magica-2016\\\/#primaryimage\"},\"image\":{\"@id\":\"https:\\\/\\\/destinocastillayleon.es\\\/index\\\/avila-magica-2016\\\/#primaryimage\"},\"thumbnailUrl\":\"https:\\\/\\\/destinocastillayleon.es\\\/index\\\/wp-content\\\/uploads\\\/2016\\\/09\\\/569b8047e91067b8ac04d76f5b0532aa.jpg\",\"datePublished\":\"2016-09-16T06:00:23+00:00\",\"dateModified\":\"2016-09-16T08:41:29+00:00\",\"author\":{\"@id\":\"https:\\\/\\\/destinocastillayleon.es\\\/index\\\/#\\\/schema\\\/person\\\/189221bc8f6cc4fa28b18ad5c289d4c2\"},\"description\":\"Como un a\u00f1o m\u00e1s \u00c1vila M\u00e1gica 2016 representa un gran encuentro de magos internacional, para mostrar su arte del 16 al 18 de septiembre en \u00c1vila\",\"breadcrumb\":{\"@id\":\"https:\\\/\\\/destinocastillayleon.es\\\/index\\\/avila-magica-2016\\\/#breadcrumb\"},\"inLanguage\":\"es\",\"potentialAction\":[{\"@type\":\"ReadAction\",\"target\":[\"https:\\\/\\\/destinocastillayleon.es\\\/index\\\/avila-magica-2016\\\/\"]}]},{\"@type\":\"ImageObject\",\"inLanguage\":\"es\",\"@id\":\"https:\\\/\\\/destinocastillayleon.es\\\/index\\\/avila-magica-2016\\\/#primaryimage\",\"url\":\"https:\\\/\\\/destinocastillayleon.es\\\/index\\\/wp-content\\\/uploads\\\/2016\\\/09\\\/569b8047e91067b8ac04d76f5b0532aa.jpg\",\"contentUrl\":\"https:\\\/\\\/destinocastillayleon.es\\\/index\\\/wp-content\\\/uploads\\\/2016\\\/09\\\/569b8047e91067b8ac04d76f5b0532aa.jpg\",\"width\":850,\"height\":430,\"caption\":\"\u00c1vila m\u00e1gica\"},{\"@type\":\"BreadcrumbList\",\"@id\":\"https:\\\/\\\/destinocastillayleon.es\\\/index\\\/avila-magica-2016\\\/#breadcrumb\",\"itemListElement\":[{\"@type\":\"ListItem\",\"position\":1,\"name\":\"Portada\",\"item\":\"https:\\\/\\\/destinocastillayleon.es\\\/index\\\/\"},{\"@type\":\"ListItem\",\"position\":2,\"name\":\"\u00c1vila M\u00e1gica 2016, un encuentro de magia e ilusi\u00f3n\"}]},{\"@type\":\"WebSite\",\"@id\":\"https:\\\/\\\/destinocastillayleon.es\\\/index\\\/#website\",\"url\":\"https:\\\/\\\/destinocastillayleon.es\\\/index\\\/\",\"name\":\"Destino Castilla y Le\u00f3n\",\"description\":\"Medio digital independiente y revista de Castilla y Le\u00f3n dedicado al turismo, gastronom\u00eda y vino de Castilla y Le\u00f3n\",\"potentialAction\":[{\"@type\":\"SearchAction\",\"target\":{\"@type\":\"EntryPoint\",\"urlTemplate\":\"https:\\\/\\\/destinocastillayleon.es\\\/index\\\/?s={search_term_string}\"},\"query-input\":{\"@type\":\"PropertyValueSpecification\",\"valueRequired\":true,\"valueName\":\"search_term_string\"}}],\"inLanguage\":\"es\"},{\"@type\":\"Person\",\"@id\":\"https:\\\/\\\/destinocastillayleon.es\\\/index\\\/#\\\/schema\\\/person\\\/189221bc8f6cc4fa28b18ad5c289d4c2\",\"name\":\"David V\u00e1zquez\",\"image\":{\"@type\":\"ImageObject\",\"inLanguage\":\"es\",\"@id\":\"https:\\\/\\\/secure.gravatar.com\\\/avatar\\\/cd12db6c575a90c3b75cfa0f794b74d425201c768612fad17e9f13cd33d48be8?s=96&d=mm&r=g\",\"url\":\"https:\\\/\\\/secure.gravatar.com\\\/avatar\\\/cd12db6c575a90c3b75cfa0f794b74d425201c768612fad17e9f13cd33d48be8?s=96&d=mm&r=g\",\"contentUrl\":\"https:\\\/\\\/secure.gravatar.com\\\/avatar\\\/cd12db6c575a90c3b75cfa0f794b74d425201c768612fad17e9f13cd33d48be8?s=96&d=mm&r=g\",\"caption\":\"David V\u00e1zquez\"},\"description\":\"Ingeniero Industrial de vocaci\u00f3n y profesi\u00f3n, he encontrado en los blogs la forma de plasmar mi pasi\u00f3n por los viajes, la gastronom\u00eda y los vinos. Especialmente los procedentes de Castilla y Le\u00f3n\",\"sameAs\":[\"https:\\\/\\\/www.destinocastillayleon.es\",\"https:\\\/\\\/www.facebook.com\\\/profile.php?id=1158416854\",\"https:\\\/\\\/instagram.com\\\/conte.pantaleone\",\"https:\\\/\\\/www.linkedin.com\\\/pub\\\/david-vazquez-lozano\\\/37\\\/17a\\\/25a\",\"https:\\\/\\\/x.com\\\/https:\\\/\\\/twitter.com\\\/ContePantaleone\u200e\"],\"url\":\"https:\\\/\\\/destinocastillayleon.es\\\/index\\\/author\\\/coadministradorcyl\\\/\"}]}<\/script>\n<!-- \/ Yoast SEO Premium plugin. -->","yoast_head_json":{"title":"\u00c1vila M\u00e1gica 2016, un encuentro de magia e ilusi\u00f3n","description":"Como un a\u00f1o m\u00e1s \u00c1vila M\u00e1gica 2016 representa un gran encuentro de magos internacional, para mostrar su arte del 16 al 18 de septiembre en \u00c1vila","robots":{"index":"index","follow":"follow","max-snippet":"max-snippet:-1","max-image-preview":"max-image-preview:large","max-video-preview":"max-video-preview:-1"},"canonical":"https:\/\/destinocastillayleon.es\/index\/avila-magica-2016\/","og_locale":"es_ES","og_type":"article","og_title":"\u00c1vila M\u00e1gica 2016, un encuentro de magia e ilusi\u00f3n - Destino Castilla y Le\u00f3n","og_description":"Como un a\u00f1o m\u00e1s \u00c1vila M\u00e1gica 2016 representa un gran encuentro de magos del panorama nacional e internacional que se reunir\u00e1n para mostrar su arte el fin de semana del 16 al 18 de septiembre en la ciudad amurallada","og_url":"https:\/\/destinocastillayleon.es\/index\/avila-magica-2016\/","og_site_name":"Destino Castilla y Le\u00f3n","article_publisher":"https:\/\/www.facebook.com\/DestinoCastillaYLeon\/","article_author":"https:\/\/www.facebook.com\/profile.php?id=1158416854","article_published_time":"2016-09-16T06:00:23+00:00","article_modified_time":"2016-09-16T08:41:29+00:00","og_image":[{"width":850,"height":430,"url":"https:\/\/destinocastillayleon.es\/index\/wp-content\/uploads\/2016\/09\/569b8047e91067b8ac04d76f5b0532aa.jpg","type":"image\/jpeg"}],"author":"David V\u00e1zquez","twitter_card":"summary_large_image","twitter_title":"\u00c1vila M\u00e1gica 2016, un encuentro de magia e ilusi\u00f3n - Destino Castilla y Le\u00f3n","twitter_description":"Como un a\u00f1o m\u00e1s \u00c1vila M\u00e1gica 2016 representa un gran encuentro de magos del panorama nacional e internacional que se reunir\u00e1n para mostrar su arte el fin de semana del 16 al 18 de septiembre en la ciudad amurallada","twitter_image":"http:\/\/destinocastillayleon.es\/index\/wp-content\/uploads\/2016\/09\/569b8047e91067b8ac04d76f5b0532aa-300x152.jpg","twitter_creator":"@https:\/\/twitter.com\/ContePantaleone\u200e","twitter_site":"@destinocyl","twitter_misc":{"Escrito por":"David V\u00e1zquez","Tiempo de lectura":"2 minutos"},"schema":{"@context":"https:\/\/schema.org","@graph":[{"@type":"Article","@id":"https:\/\/destinocastillayleon.es\/index\/avila-magica-2016\/#article","isPartOf":{"@id":"https:\/\/destinocastillayleon.es\/index\/avila-magica-2016\/"},"author":{"name":"David V\u00e1zquez","@id":"https:\/\/destinocastillayleon.es\/index\/#\/schema\/person\/189221bc8f6cc4fa28b18ad5c289d4c2"},"headline":"\u00c1vila M\u00e1gica 2016, un encuentro de magia e ilusi\u00f3n","datePublished":"2016-09-16T06:00:23+00:00","dateModified":"2016-09-16T08:41:29+00:00","mainEntityOfPage":{"@id":"https:\/\/destinocastillayleon.es\/index\/avila-magica-2016\/"},"wordCount":400,"commentCount":0,"image":{"@id":"https:\/\/destinocastillayleon.es\/index\/avila-magica-2016\/#primaryimage"},"thumbnailUrl":"https:\/\/destinocastillayleon.es\/index\/wp-content\/uploads\/2016\/09\/569b8047e91067b8ac04d76f5b0532aa.jpg","keywords":["avila","\u00c1vila M\u00e1gica","magia en \u00c1vila","Qu\u00e9 hacer en \u00c1vila","Qu\u00e9 ver en \u00c1vila"],"articleSection":["Actualidad","Agenda","Avila actualidad","Post_inicial"],"inLanguage":"es","potentialAction":[{"@type":"CommentAction","name":"Comment","target":["https:\/\/destinocastillayleon.es\/index\/avila-magica-2016\/#respond"]}]},{"@type":"WebPage","@id":"https:\/\/destinocastillayleon.es\/index\/avila-magica-2016\/","url":"https:\/\/destinocastillayleon.es\/index\/avila-magica-2016\/","name":"\u00c1vila M\u00e1gica 2016, un encuentro de magia e ilusi\u00f3n","isPartOf":{"@id":"https:\/\/destinocastillayleon.es\/index\/#website"},"primaryImageOfPage":{"@id":"https:\/\/destinocastillayleon.es\/index\/avila-magica-2016\/#primaryimage"},"image":{"@id":"https:\/\/destinocastillayleon.es\/index\/avila-magica-2016\/#primaryimage"},"thumbnailUrl":"https:\/\/destinocastillayleon.es\/index\/wp-content\/uploads\/2016\/09\/569b8047e91067b8ac04d76f5b0532aa.jpg","datePublished":"2016-09-16T06:00:23+00:00","dateModified":"2016-09-16T08:41:29+00:00","author":{"@id":"https:\/\/destinocastillayleon.es\/index\/#\/schema\/person\/189221bc8f6cc4fa28b18ad5c289d4c2"},"description":"Como un a\u00f1o m\u00e1s \u00c1vila M\u00e1gica 2016 representa un gran encuentro de magos internacional, para mostrar su arte del 16 al 18 de septiembre en \u00c1vila","breadcrumb":{"@id":"https:\/\/destinocastillayleon.es\/index\/avila-magica-2016\/#breadcrumb"},"inLanguage":"es","potentialAction":[{"@type":"ReadAction","target":["https:\/\/destinocastillayleon.es\/index\/avila-magica-2016\/"]}]},{"@type":"ImageObject","inLanguage":"es","@id":"https:\/\/destinocastillayleon.es\/index\/avila-magica-2016\/#primaryimage","url":"https:\/\/destinocastillayleon.es\/index\/wp-content\/uploads\/2016\/09\/569b8047e91067b8ac04d76f5b0532aa.jpg","contentUrl":"https:\/\/destinocastillayleon.es\/index\/wp-content\/uploads\/2016\/09\/569b8047e91067b8ac04d76f5b0532aa.jpg","width":850,"height":430,"caption":"\u00c1vila m\u00e1gica"},{"@type":"BreadcrumbList","@id":"https:\/\/destinocastillayleon.es\/index\/avila-magica-2016\/#breadcrumb","itemListElement":[{"@type":"ListItem","position":1,"name":"Portada","item":"https:\/\/destinocastillayleon.es\/index\/"},{"@type":"ListItem","position":2,"name":"\u00c1vila M\u00e1gica 2016, un encuentro de magia e ilusi\u00f3n"}]},{"@type":"WebSite","@id":"https:\/\/destinocastillayleon.es\/index\/#website","url":"https:\/\/destinocastillayleon.es\/index\/","name":"Destino Castilla y Le\u00f3n","description":"Medio digital independiente y revista de Castilla y Le\u00f3n dedicado al turismo, gastronom\u00eda y vino de Castilla y Le\u00f3n","potentialAction":[{"@type":"SearchAction","target":{"@type":"EntryPoint","urlTemplate":"https:\/\/destinocastillayleon.es\/index\/?s={search_term_string}"},"query-input":{"@type":"PropertyValueSpecification","valueRequired":true,"valueName":"search_term_string"}}],"inLanguage":"es"},{"@type":"Person","@id":"https:\/\/destinocastillayleon.es\/index\/#\/schema\/person\/189221bc8f6cc4fa28b18ad5c289d4c2","name":"David V\u00e1zquez","image":{"@type":"ImageObject","inLanguage":"es","@id":"https:\/\/secure.gravatar.com\/avatar\/cd12db6c575a90c3b75cfa0f794b74d425201c768612fad17e9f13cd33d48be8?s=96&d=mm&r=g","url":"https:\/\/secure.gravatar.com\/avatar\/cd12db6c575a90c3b75cfa0f794b74d425201c768612fad17e9f13cd33d48be8?s=96&d=mm&r=g","contentUrl":"https:\/\/secure.gravatar.com\/avatar\/cd12db6c575a90c3b75cfa0f794b74d425201c768612fad17e9f13cd33d48be8?s=96&d=mm&r=g","caption":"David V\u00e1zquez"},"description":"Ingeniero Industrial de vocaci\u00f3n y profesi\u00f3n, he encontrado en los blogs la forma de plasmar mi pasi\u00f3n por los viajes, la gastronom\u00eda y los vinos. Especialmente los procedentes de Castilla y Le\u00f3n","sameAs":["https:\/\/www.destinocastillayleon.es","https:\/\/www.facebook.com\/profile.php?id=1158416854","https:\/\/instagram.com\/conte.pantaleone","https:\/\/www.linkedin.com\/pub\/david-vazquez-lozano\/37\/17a\/25a","https:\/\/x.com\/https:\/\/twitter.com\/ContePantaleone\u200e"],"url":"https:\/\/destinocastillayleon.es\/index\/author\/coadministradorcyl\/"}]}},"_links":{"self":[{"href":"https:\/\/destinocastillayleon.es\/index\/wp-json\/wp\/v2\/posts\/23382","targetHints":{"allow":["GET"]}}],"collection":[{"href":"https:\/\/destinocastillayleon.es\/index\/wp-json\/wp\/v2\/posts"}],"about":[{"href":"https:\/\/destinocastillayleon.es\/index\/wp-json\/wp\/v2\/types\/post"}],"author":[{"embeddable":true,"href":"https:\/\/destinocastillayleon.es\/index\/wp-json\/wp\/v2\/users\/2"}],"replies":[{"embeddable":true,"href":"https:\/\/destinocastillayleon.es\/index\/wp-json\/wp\/v2\/comments?post=23382"}],"version-history":[{"count":9,"href":"https:\/\/destinocastillayleon.es\/index\/wp-json\/wp\/v2\/posts\/23382\/revisions"}],"predecessor-version":[{"id":23395,"href":"https:\/\/destinocastillayleon.es\/index\/wp-json\/wp\/v2\/posts\/23382\/revisions\/23395"}],"wp:featuredmedia":[{"embeddable":true,"href":"https:\/\/destinocastillayleon.es\/index\/wp-json\/wp\/v2\/media\/23387"}],"wp:attachment":[{"href":"https:\/\/destinocastillayleon.es\/index\/wp-json\/wp\/v2\/media?parent=23382"}],"wp:term":[{"taxonomy":"category","embeddable":true,"href":"https:\/\/destinocastillayleon.es\/index\/wp-json\/wp\/v2\/categories?post=23382"},{"taxonomy":"post_tag","embeddable":true,"href":"https:\/\/destinocastillayleon.es\/index\/wp-json\/wp\/v2\/tags?post=23382"}],"curies":[{"name":"wp","href":"https:\/\/api.w.org\/{rel}","templated":true}]}}