{"id":23245,"date":"2016-08-17T06:15:22","date_gmt":"2016-08-17T04:15:22","guid":{"rendered":"http:\/\/destinocastillayleon.es\/index\/?p=23245"},"modified":"2018-01-07T01:32:53","modified_gmt":"2018-01-07T00:32:53","slug":"entre-piedras-y-lagares-2016","status":"publish","type":"post","link":"https:\/\/destinocastillayleon.es\/index\/entre-piedras-y-lagares-2016\/","title":{"rendered":"Programa Entre Piedras y Lagares, de la Ruta del vino de Cigales"},"content":{"rendered":"<p>Por segundo a\u00f1o consecutivo, desde <a href=\"http:\/\/rutadelvinocigales.com\/\" title=\"Link a la web de la Ruta del Vino de Cigales\" target=\"_blank\">la Ruta del vino de Cigales<\/a>, lanzan esta iniciativa de turismo y cultura entorno a los vinos de esta denominaci\u00f3n de origen. <strong>Han organizado este programa llamado Entre Piedras y Lagares<\/strong>.<\/p>\n<p>El objetivo de este programa cultural oficialmente arranc\u00f3 en julio, pero <strong>es ahora que llegan los puntos m\u00e1s interesantes, seg\u00fan nos vamos acercando a la vendimia<\/strong>. La importancia de este programa de eventos es <strong>realzar y dar a conocer el v\u00ednculo entre el vino y el patrimonio cultural de la provincia de Valladolid y Palencia<\/strong>. Y es que, nos quedamos con esta frase:<\/p>\n<blockquote><p>\u00abLa mejor manera de valorar y conservar el patrimonio es darle un uso social y tur\u00edstico para que sea conocido.\u201d<\/p><\/blockquote>\n<p>&nbsp;<\/p>\n<h2>Entre Piedras y Lagares<\/h2>\n<p>El programa <strong>se inaugur\u00f3 en el Museo de Arte Africano de la Universidad de Valladolid<\/strong>, desde ah\u00ed parten diversas visitas a bodegas, como las Bodegas Alfredo Santamar\u00eda en Cubillas de Santa Marta.<\/p>\n<p><a href=\"http:\/\/destinocastillayleon.es\/index\/wp-content\/uploads\/2016\/08\/e8bd8bebe6c838ef5e5c31b60733f4f7-726x1024.png\" title=\"Abrir en grande\" target=\"_blank\"><figure id=\"attachment_23259\" aria-describedby=\"caption-attachment-23259\" style=\"width: 560px\" class=\"wp-caption aligncenter\"><img decoding=\"async\" src=\"http:\/\/destinocastillayleon.es\/index\/wp-content\/uploads\/2016\/08\/1b76627370246bfc004ed0fa37a80511.png\" alt=\"Programaci\u00f3n Entre Piedras y Lagares peque\u00f1o\" width=\"560\" height=\"790\" class=\"size-full wp-image-23259\" srcset=\"https:\/\/destinocastillayleon.es\/index\/wp-content\/uploads\/2016\/08\/1b76627370246bfc004ed0fa37a80511.png 376w, https:\/\/destinocastillayleon.es\/index\/wp-content\/uploads\/2016\/08\/1b76627370246bfc004ed0fa37a80511-213x300.png 213w, https:\/\/destinocastillayleon.es\/index\/wp-content\/uploads\/2016\/08\/1b76627370246bfc004ed0fa37a80511-300x423.png 300w\" sizes=\"(max-width: 560px) 100vw, 560px\" \/><figcaption id=\"caption-attachment-23259\" class=\"wp-caption-text\">Programaci\u00f3n Entre Piedras y Lagares<\/figcaption><\/figure><\/a><br \/>\n&nbsp;<\/p>\n<h3>Programaci\u00f3n en agosto<\/h3>\n<p>El pasado fin de semana del 8 y 9 de agosto se realizaron talleres infantiles para ni\u00f1os bajo el t\u00edtulo &#8216;<em>Tr\u00e1enos tu imaginaci\u00f3n a la bodega<\/em>&#8216; en la Bodega Aula de Interpretaci\u00f3n de Mucientes; aunque para los mayores, se realiz\u00f3 una visita al barrio de las bodegas, que data del siglo XVI.<br \/>\n&nbsp;<\/p>\n<ul>\n<li><strong>S\u00e1bado, 13 de agosto<\/strong><\/li>\n<ul><strong>A las 11:00 horas<\/strong>, de la mano de la Oficina de Turismo de Cigales.<br \/>\nVisita guiada a la Iglesia de Santiago Ap\u00f3stol de Cigales, \u201cLa Catedral del Vino\u201d seguida de la visita a las instalaciones de la Bodega Cooperativa Torondos, para posteriormente dar paso a una conferencia coloquio sobre \u201c<em>La influencia del vino en el arte en la D.O. Cigales<\/em>\u201d y finalizando con una cata de los vinos de la Bodega.<\/ul>\n<\/ul>\n<p><a href=\"http:\/\/www.mapasespana.net\/cigales_valladolid.html\" title=\"Link a la imagen\" target=\"_blank\"><figure id=\"attachment_23253\" aria-describedby=\"caption-attachment-23253\" style=\"width: 640px\" class=\"wp-caption aligncenter\"><img decoding=\"async\" src=\"http:\/\/destinocastillayleon.es\/index\/wp-content\/uploads\/2016\/08\/Iglesia-de-Santiago-Apostol-de-Cigales-Imagen-de-mapasespana.net_.jpg\" alt=\"Iglesia de Santiago Apostol de Cigales - Imagen de mapasespana.net\" width=\"640\" height=\"400\" class=\"size-full wp-image-23253\" srcset=\"https:\/\/destinocastillayleon.es\/index\/wp-content\/uploads\/2016\/08\/Iglesia-de-Santiago-Apostol-de-Cigales-Imagen-de-mapasespana.net_.jpg 640w, https:\/\/destinocastillayleon.es\/index\/wp-content\/uploads\/2016\/08\/Iglesia-de-Santiago-Apostol-de-Cigales-Imagen-de-mapasespana.net_-300x188.jpg 300w\" sizes=\"(max-width: 640px) 100vw, 640px\" \/><figcaption id=\"caption-attachment-23253\" class=\"wp-caption-text\">Iglesia de Santiago Apostol de Cigales &#8211; Imagen de mapasespana.net<\/figcaption><\/figure><\/a><br \/>\n&nbsp;<\/p>\n<ul>\n<li><strong>S\u00e1bado, 22 de agosto:<\/strong><\/li>\n<ul><strong>A las 11:00 horas<\/strong>, de la mano de la Oficina de Turismo de Cigales.<br \/>\nVisita a la Iglesia de Santiago Ap\u00f3stol de Cigales y a las bodegas centenarias de Bodegas Hiriart. Adem\u00e1s se puede participar en una mesa redonda sobre la influencia del vino en el arte en la sala de barricas con una cata de vinos.<\/ul>\n<\/ul>\n<p><figure id=\"attachment_23258\" aria-describedby=\"caption-attachment-23258\" style=\"width: 640px\" class=\"wp-caption aligncenter\"><img decoding=\"async\" src=\"http:\/\/destinocastillayleon.es\/index\/wp-content\/uploads\/2016\/08\/6ad5851a83ae69d055394acecf29ec49.jpg\" alt=\"Actividades primera edici\u00f3n Entre PIedras y Lagares (3)\" width=\"640\" height=\"400\" class=\"size-full wp-image-23258\" srcset=\"https:\/\/destinocastillayleon.es\/index\/wp-content\/uploads\/2016\/08\/6ad5851a83ae69d055394acecf29ec49.jpg 640w, https:\/\/destinocastillayleon.es\/index\/wp-content\/uploads\/2016\/08\/6ad5851a83ae69d055394acecf29ec49-300x188.jpg 300w\" sizes=\"(max-width: 640px) 100vw, 640px\" \/><figcaption id=\"caption-attachment-23258\" class=\"wp-caption-text\">Actividades primera edici\u00f3n Entre PIedras y Lagares &#8211; Ruta del vino de Cigales<\/figcaption><\/figure><br \/>\n&nbsp;<\/p>\n<ul>\n<li><strong>Domingo, 23 de agosto:<\/strong><\/li>\n<ul><strong>A las 11:00 horas<\/strong>, de la mano de la Oficina de Turismo de Cigales.<br \/>\nDe nuevo en Cigales, se realizar\u00e1 una visita a la Iglesia de Santiago Ap\u00f3stol y a la Bodega Tradicional con degustaci\u00f3n de los vinos de la DO. Cigales.<\/ul>\n<\/ul>\n<p>&nbsp;<\/p>\n<ul>\n<li><strong>Domingo, 28 de agosto:<\/strong><\/li>\n<ul><strong>A las 20:30 horas<\/strong>, en el Castillo de Fuensalda\u00f1a<br \/>\nConcierto de Theytune de Sud\u00e1n y Senegal &#8216;M\u00fasica Africana&#8217; tendr\u00e1 lugar el en el Castillo de Fuensalda\u00f1a. Precio de 12 euros.<\/ul>\n<\/ul>\n<p><a href=\"http:\/\/mapio.net\/pic\/p-10564911\/\" title=\"Link a la imagen\" target=\"_blank\"><figure id=\"attachment_23252\" aria-describedby=\"caption-attachment-23252\" style=\"width: 640px\" class=\"wp-caption aligncenter\"><img decoding=\"async\" src=\"http:\/\/destinocastillayleon.es\/index\/wp-content\/uploads\/2016\/08\/137f802c1376a90c7e19b5087af6ede5.jpg\" alt=\"Castillo de Fuensalda\u00f1a - Imagen de mapio.net\" width=\"640\" height=\"400\" class=\"size-full wp-image-23252\" srcset=\"https:\/\/destinocastillayleon.es\/index\/wp-content\/uploads\/2016\/08\/137f802c1376a90c7e19b5087af6ede5.jpg 640w, https:\/\/destinocastillayleon.es\/index\/wp-content\/uploads\/2016\/08\/137f802c1376a90c7e19b5087af6ede5-300x188.jpg 300w\" sizes=\"(max-width: 640px) 100vw, 640px\" \/><figcaption id=\"caption-attachment-23252\" class=\"wp-caption-text\">Castillo de Fuensalda\u00f1a &#8211; Imagen de mapio.net<\/figcaption><\/figure><\/a><br \/>\n&nbsp;<\/p>\n<h3>Programaci\u00f3n en septiembre<\/h3>\n<ul>\n<li><strong>S\u00e1bado 26 de septiembre <\/strong><\/li>\n<ul><strong>A las 12:00 horas<\/strong>, en el Restaurante Bodeg\u00f3n El Ciervo de Cabez\u00f3n de Pisuerga<br \/>\nCharla &#8216;Protecci\u00f3n de la cultura del vino&#8217; impartida por la arque\u00f3loga de la Junta de Castilla y Le\u00f3n, Consuelo Escribano en el Restaurante Bodeg\u00f3n El Ciervo de Cabez\u00f3n de Pisuerga, con colaboraci\u00f3n de la Organizaci\u00f3n Ciudadanos por la Defensa del Patrimonio de Valladolid.<\/ul>\n<\/ul>\n<p>&nbsp;<\/p>\n<ul>\n<li><strong>S\u00e1bado, 26 de septiembre <\/strong><\/li>\n<ul><strong>A las 18:00 horas<\/strong>, en el monasterio de Santa Mar\u00eda de Palazuelos, en Cabez\u00f3n de Pisuerga<br \/>\nCharla y una visita guiada al monasterio de Santa Mar\u00eda de Palazuelos, en Cabez\u00f3n de Pisuerga, bajo el t\u00edtulo &#8216;Santa Mar\u00eda de Palazuelos y el origen del vino en la comarca de Cigales&#8217; que ser\u00e1 impartida por Arturo Balado y Ana B. Mart\u00ednez.<\/ul>\n<\/ul>\n<p><a href=\"http:\/\/www.elnortedecastilla.es\/fotos\/castillayleon\/201508\/29\/monasterios-castilla-leon-30113699840914-mm.html\" title=\"Link a la imagen\" target=\"_blank\"><figure id=\"attachment_23254\" aria-describedby=\"caption-attachment-23254\" style=\"width: 640px\" class=\"wp-caption aligncenter\"><img decoding=\"async\" src=\"http:\/\/destinocastillayleon.es\/index\/wp-content\/uploads\/2016\/08\/0b5f3985ef103ea221351a78af37175f.jpg\" alt=\"Monasterio de Santa Mar\u00eda de Palazuelos, en Cabez\u00f3n de Pisuerga - Imagen de El Norte de Castilla\" width=\"640\" height=\"400\" class=\"size-full wp-image-23254\" srcset=\"https:\/\/destinocastillayleon.es\/index\/wp-content\/uploads\/2016\/08\/0b5f3985ef103ea221351a78af37175f.jpg 640w, https:\/\/destinocastillayleon.es\/index\/wp-content\/uploads\/2016\/08\/0b5f3985ef103ea221351a78af37175f-300x188.jpg 300w\" sizes=\"(max-width: 640px) 100vw, 640px\" \/><figcaption id=\"caption-attachment-23254\" class=\"wp-caption-text\">Monasterio de Santa Mar\u00eda de Palazuelos, en Cabez\u00f3n de Pisuerga &#8211; Imagen de El Norte de Castilla<\/figcaption><\/figure><\/a><br \/>\n&nbsp;<\/p>\n<ul>\n<li><strong>Domingo, 27 de septiembre <\/strong><\/li>\n<ul><strong>A las 12:00 horas<\/strong>, monasterio de Santa Mar\u00eda de Palazuelos, en Cabez\u00f3n de Pisuerga<br \/>\nCharla y una visita guiada al monasterio de Santa Mar\u00eda de Palazuelos, en Cabez\u00f3n de Pisuerga, bajo el t\u00edtulo &#8216;Santa Mar\u00eda de Palazuelos y el origen del vino en la comarca de Cigales&#8217; que ser\u00e1 impartida por Arturo Balado y Ana B. Mart\u00ednez.<\/ul>\n<\/ul>\n<p>&nbsp;<\/p>\n<h3>Programaci\u00f3n en octubre<\/h3>\n<ul>\n<li><strong>Lunes, 10 de octubre:<\/strong><\/li>\n<ul>Diversas actividades en las construcciones simb\u00f3licas de la Ruta del vino de Cigales, como son, el Canal de Castilla, el Monasterio de Santa Maria de Palazuelos o el Castillo de Fuensalda\u00f1a, con la colaboraci\u00f3n de las Oficinas de Turismo, Ayuntamientos y asociaciones culturales locales.<\/ul>\n<\/ul>\n<p>&nbsp;<\/p>\n<h4>Nota<\/h4>\n<p>La informaci\u00f3n sobre las distintas actividades pueden variar, por lo que para m\u00e1s informaci\u00f3n os remitimos a la web de <a href=\"http:\/\/rutadelvinocigales.com\/\/?s=piedras\" title=\"Link a la web de la Ruta del Vino de Cigales\" target=\"_blank\"><strong>la Ruta del vino de Cigales<\/strong><\/a>.<\/p>\n","protected":false},"excerpt":{"rendered":"<p>Conoce el programa de verano Entre Piedras y Lagares que ha preparado la Ruta del vino de Cigales para realzar y dar a conocer el patrimonio de esta ruta<\/p>\n","protected":false},"author":2,"featured_media":27271,"comment_status":"open","ping_status":"closed","sticky":false,"template":"","format":"standard","meta":{"rop_custom_images_group":[],"rop_custom_messages_group":[],"rop_publish_now":"initial","rop_publish_now_accounts":{"twitter_1150954226_1150954226":""},"rop_publish_now_history":[],"rop_publish_now_status":"pending","footnotes":""},"categories":[48,68,45,4800,1411],"tags":[1355],"class_list":["post-23245","post","type-post","status-publish","format-standard","has-post-thumbnail","hentry","category-enoturismo","category-post_inicial","category-provincias","category-valladolid-actualidad","category-visitando_bodegas","tag-ruta-del-vino-de-cigales"],"yoast_head":"<!-- This site is optimized with the Yoast SEO Premium plugin v20.4 (Yoast SEO v27.4) - https:\/\/yoast.com\/product\/yoast-seo-premium-wordpress\/ -->\n<title>Entre Piedras y Lagares, cultura turismo - Destino CyL<\/title>\n<meta name=\"description\" content=\"Conoce el programa de verano Entre Piedras y Lagares que ha preparado la Ruta del vino de Cigales para realzar y dar a conocer el patrimonio de esta ruta\" \/>\n<meta name=\"robots\" content=\"index, follow, max-snippet:-1, max-image-preview:large, max-video-preview:-1\" \/>\n<link rel=\"canonical\" href=\"https:\/\/destinocastillayleon.es\/index\/entre-piedras-y-lagares-2016\/\" \/>\n<meta property=\"og:locale\" content=\"es_ES\" \/>\n<meta property=\"og:type\" content=\"article\" \/>\n<meta property=\"og:title\" content=\"Entre Piedras y Lagares, cultura y turismo por la Ruta del vino de Cigales\" \/>\n<meta property=\"og:description\" content=\"Conoce el programa de verano Entre Piedras y Lagares que ha preparado la Ruta del vino de Cigales para realzar y dar a conocer el patrimonio de esta ruta\" \/>\n<meta property=\"og:url\" content=\"https:\/\/destinocastillayleon.es\/index\/entre-piedras-y-lagares-2016\/\" \/>\n<meta property=\"og:site_name\" content=\"Destino Castilla y Le\u00f3n\" \/>\n<meta property=\"article:publisher\" content=\"https:\/\/www.facebook.com\/DestinoCastillaYLeon\/\" \/>\n<meta property=\"article:author\" content=\"https:\/\/www.facebook.com\/profile.php?id=1158416854\" \/>\n<meta property=\"article:published_time\" content=\"2016-08-17T04:15:22+00:00\" \/>\n<meta property=\"article:modified_time\" content=\"2018-01-07T00:32:53+00:00\" \/>\n<meta name=\"author\" content=\"David V\u00e1zquez\" \/>\n<meta name=\"twitter:card\" content=\"summary_large_image\" \/>\n<meta name=\"twitter:title\" content=\"Entre Piedras y Lagares, cultura y turismo por la Ruta del vino de Cigales\" \/>\n<meta name=\"twitter:description\" content=\"Conoce el programa de verano Entre Piedras y Lagares que ha preparado la Ruta del vino de Cigales para realzar y dar a conocer el patrimonio de esta ruta\" \/>\n<meta name=\"twitter:image\" content=\"http:\/\/destinocastillayleon.es\/index\/wp-content\/uploads\/2016\/08\/c31765203fe440a52d61ca020293d09e-300x188.jpg\" \/>\n<meta name=\"twitter:creator\" content=\"@https:\/\/twitter.com\/ContePantaleone\u200e\" \/>\n<meta name=\"twitter:site\" content=\"@destinocyl\" \/>\n<meta name=\"twitter:label1\" content=\"Escrito por\" \/>\n\t<meta name=\"twitter:data1\" content=\"David V\u00e1zquez\" \/>\n\t<meta name=\"twitter:label2\" content=\"Tiempo de lectura\" \/>\n\t<meta name=\"twitter:data2\" content=\"4 minutos\" \/>\n<script type=\"application\/ld+json\" class=\"yoast-schema-graph\">{\"@context\":\"https:\\\/\\\/schema.org\",\"@graph\":[{\"@type\":\"Article\",\"@id\":\"https:\\\/\\\/destinocastillayleon.es\\\/index\\\/entre-piedras-y-lagares-2016\\\/#article\",\"isPartOf\":{\"@id\":\"https:\\\/\\\/destinocastillayleon.es\\\/index\\\/entre-piedras-y-lagares-2016\\\/\"},\"author\":{\"name\":\"David V\u00e1zquez\",\"@id\":\"https:\\\/\\\/destinocastillayleon.es\\\/index\\\/#\\\/schema\\\/person\\\/189221bc8f6cc4fa28b18ad5c289d4c2\"},\"headline\":\"Programa Entre Piedras y Lagares, de la Ruta del vino de Cigales\",\"datePublished\":\"2016-08-17T04:15:22+00:00\",\"dateModified\":\"2018-01-07T00:32:53+00:00\",\"mainEntityOfPage\":{\"@id\":\"https:\\\/\\\/destinocastillayleon.es\\\/index\\\/entre-piedras-y-lagares-2016\\\/\"},\"wordCount\":849,\"commentCount\":0,\"image\":{\"@id\":\"https:\\\/\\\/destinocastillayleon.es\\\/index\\\/entre-piedras-y-lagares-2016\\\/#primaryimage\"},\"thumbnailUrl\":\"https:\\\/\\\/destinocastillayleon.es\\\/index\\\/wp-content\\\/uploads\\\/2017\\\/06\\\/c2b3d932b0d861da003608bef7a5c180.jpg\",\"keywords\":[\"Ruta del Vino de Cigales\"],\"articleSection\":[\"enoturismo\",\"Post_inicial\",\"Provincias\",\"Valladolid Actualidad\",\"Visitando Bodegas\"],\"inLanguage\":\"es\",\"potentialAction\":[{\"@type\":\"CommentAction\",\"name\":\"Comment\",\"target\":[\"https:\\\/\\\/destinocastillayleon.es\\\/index\\\/entre-piedras-y-lagares-2016\\\/#respond\"]}]},{\"@type\":\"WebPage\",\"@id\":\"https:\\\/\\\/destinocastillayleon.es\\\/index\\\/entre-piedras-y-lagares-2016\\\/\",\"url\":\"https:\\\/\\\/destinocastillayleon.es\\\/index\\\/entre-piedras-y-lagares-2016\\\/\",\"name\":\"Entre Piedras y Lagares, cultura turismo - Destino CyL\",\"isPartOf\":{\"@id\":\"https:\\\/\\\/destinocastillayleon.es\\\/index\\\/#website\"},\"primaryImageOfPage\":{\"@id\":\"https:\\\/\\\/destinocastillayleon.es\\\/index\\\/entre-piedras-y-lagares-2016\\\/#primaryimage\"},\"image\":{\"@id\":\"https:\\\/\\\/destinocastillayleon.es\\\/index\\\/entre-piedras-y-lagares-2016\\\/#primaryimage\"},\"thumbnailUrl\":\"https:\\\/\\\/destinocastillayleon.es\\\/index\\\/wp-content\\\/uploads\\\/2017\\\/06\\\/c2b3d932b0d861da003608bef7a5c180.jpg\",\"datePublished\":\"2016-08-17T04:15:22+00:00\",\"dateModified\":\"2018-01-07T00:32:53+00:00\",\"author\":{\"@id\":\"https:\\\/\\\/destinocastillayleon.es\\\/index\\\/#\\\/schema\\\/person\\\/189221bc8f6cc4fa28b18ad5c289d4c2\"},\"description\":\"Conoce el programa de verano Entre Piedras y Lagares que ha preparado la Ruta del vino de Cigales para realzar y dar a conocer el patrimonio de esta ruta\",\"breadcrumb\":{\"@id\":\"https:\\\/\\\/destinocastillayleon.es\\\/index\\\/entre-piedras-y-lagares-2016\\\/#breadcrumb\"},\"inLanguage\":\"es\",\"potentialAction\":[{\"@type\":\"ReadAction\",\"target\":[\"https:\\\/\\\/destinocastillayleon.es\\\/index\\\/entre-piedras-y-lagares-2016\\\/\"]}]},{\"@type\":\"ImageObject\",\"inLanguage\":\"es\",\"@id\":\"https:\\\/\\\/destinocastillayleon.es\\\/index\\\/entre-piedras-y-lagares-2016\\\/#primaryimage\",\"url\":\"https:\\\/\\\/destinocastillayleon.es\\\/index\\\/wp-content\\\/uploads\\\/2017\\\/06\\\/c2b3d932b0d861da003608bef7a5c180.jpg\",\"contentUrl\":\"https:\\\/\\\/destinocastillayleon.es\\\/index\\\/wp-content\\\/uploads\\\/2017\\\/06\\\/c2b3d932b0d861da003608bef7a5c180.jpg\",\"width\":800,\"height\":485,\"caption\":\"Puente de Cabez\u00f3n de Pisuerga\"},{\"@type\":\"BreadcrumbList\",\"@id\":\"https:\\\/\\\/destinocastillayleon.es\\\/index\\\/entre-piedras-y-lagares-2016\\\/#breadcrumb\",\"itemListElement\":[{\"@type\":\"ListItem\",\"position\":1,\"name\":\"Portada\",\"item\":\"https:\\\/\\\/destinocastillayleon.es\\\/index\\\/\"},{\"@type\":\"ListItem\",\"position\":2,\"name\":\"Programa Entre Piedras y Lagares, de la Ruta del vino de Cigales\"}]},{\"@type\":\"WebSite\",\"@id\":\"https:\\\/\\\/destinocastillayleon.es\\\/index\\\/#website\",\"url\":\"https:\\\/\\\/destinocastillayleon.es\\\/index\\\/\",\"name\":\"Destino Castilla y Le\u00f3n\",\"description\":\"Medio digital independiente y revista de Castilla y Le\u00f3n dedicado al turismo, gastronom\u00eda y vino de Castilla y Le\u00f3n\",\"potentialAction\":[{\"@type\":\"SearchAction\",\"target\":{\"@type\":\"EntryPoint\",\"urlTemplate\":\"https:\\\/\\\/destinocastillayleon.es\\\/index\\\/?s={search_term_string}\"},\"query-input\":{\"@type\":\"PropertyValueSpecification\",\"valueRequired\":true,\"valueName\":\"search_term_string\"}}],\"inLanguage\":\"es\"},{\"@type\":\"Person\",\"@id\":\"https:\\\/\\\/destinocastillayleon.es\\\/index\\\/#\\\/schema\\\/person\\\/189221bc8f6cc4fa28b18ad5c289d4c2\",\"name\":\"David V\u00e1zquez\",\"image\":{\"@type\":\"ImageObject\",\"inLanguage\":\"es\",\"@id\":\"https:\\\/\\\/secure.gravatar.com\\\/avatar\\\/cd12db6c575a90c3b75cfa0f794b74d425201c768612fad17e9f13cd33d48be8?s=96&d=mm&r=g\",\"url\":\"https:\\\/\\\/secure.gravatar.com\\\/avatar\\\/cd12db6c575a90c3b75cfa0f794b74d425201c768612fad17e9f13cd33d48be8?s=96&d=mm&r=g\",\"contentUrl\":\"https:\\\/\\\/secure.gravatar.com\\\/avatar\\\/cd12db6c575a90c3b75cfa0f794b74d425201c768612fad17e9f13cd33d48be8?s=96&d=mm&r=g\",\"caption\":\"David V\u00e1zquez\"},\"description\":\"Ingeniero Industrial de vocaci\u00f3n y profesi\u00f3n, he encontrado en los blogs la forma de plasmar mi pasi\u00f3n por los viajes, la gastronom\u00eda y los vinos. Especialmente los procedentes de Castilla y Le\u00f3n\",\"sameAs\":[\"https:\\\/\\\/www.destinocastillayleon.es\",\"https:\\\/\\\/www.facebook.com\\\/profile.php?id=1158416854\",\"https:\\\/\\\/instagram.com\\\/conte.pantaleone\",\"https:\\\/\\\/www.linkedin.com\\\/pub\\\/david-vazquez-lozano\\\/37\\\/17a\\\/25a\",\"https:\\\/\\\/x.com\\\/https:\\\/\\\/twitter.com\\\/ContePantaleone\u200e\"],\"url\":\"https:\\\/\\\/destinocastillayleon.es\\\/index\\\/author\\\/coadministradorcyl\\\/\"}]}<\/script>\n<!-- \/ Yoast SEO Premium plugin. -->","yoast_head_json":{"title":"Entre Piedras y Lagares, cultura turismo - Destino CyL","description":"Conoce el programa de verano Entre Piedras y Lagares que ha preparado la Ruta del vino de Cigales para realzar y dar a conocer el patrimonio de esta ruta","robots":{"index":"index","follow":"follow","max-snippet":"max-snippet:-1","max-image-preview":"max-image-preview:large","max-video-preview":"max-video-preview:-1"},"canonical":"https:\/\/destinocastillayleon.es\/index\/entre-piedras-y-lagares-2016\/","og_locale":"es_ES","og_type":"article","og_title":"Entre Piedras y Lagares, cultura y turismo por la Ruta del vino de Cigales","og_description":"Conoce el programa de verano Entre Piedras y Lagares que ha preparado la Ruta del vino de Cigales para realzar y dar a conocer el patrimonio de esta ruta","og_url":"https:\/\/destinocastillayleon.es\/index\/entre-piedras-y-lagares-2016\/","og_site_name":"Destino Castilla y Le\u00f3n","article_publisher":"https:\/\/www.facebook.com\/DestinoCastillaYLeon\/","article_author":"https:\/\/www.facebook.com\/profile.php?id=1158416854","article_published_time":"2016-08-17T04:15:22+00:00","article_modified_time":"2018-01-07T00:32:53+00:00","author":"David V\u00e1zquez","twitter_card":"summary_large_image","twitter_title":"Entre Piedras y Lagares, cultura y turismo por la Ruta del vino de Cigales","twitter_description":"Conoce el programa de verano Entre Piedras y Lagares que ha preparado la Ruta del vino de Cigales para realzar y dar a conocer el patrimonio de esta ruta","twitter_image":"http:\/\/destinocastillayleon.es\/index\/wp-content\/uploads\/2016\/08\/c31765203fe440a52d61ca020293d09e-300x188.jpg","twitter_creator":"@https:\/\/twitter.com\/ContePantaleone\u200e","twitter_site":"@destinocyl","twitter_misc":{"Escrito por":"David V\u00e1zquez","Tiempo de lectura":"4 minutos"},"schema":{"@context":"https:\/\/schema.org","@graph":[{"@type":"Article","@id":"https:\/\/destinocastillayleon.es\/index\/entre-piedras-y-lagares-2016\/#article","isPartOf":{"@id":"https:\/\/destinocastillayleon.es\/index\/entre-piedras-y-lagares-2016\/"},"author":{"name":"David V\u00e1zquez","@id":"https:\/\/destinocastillayleon.es\/index\/#\/schema\/person\/189221bc8f6cc4fa28b18ad5c289d4c2"},"headline":"Programa Entre Piedras y Lagares, de la Ruta del vino de Cigales","datePublished":"2016-08-17T04:15:22+00:00","dateModified":"2018-01-07T00:32:53+00:00","mainEntityOfPage":{"@id":"https:\/\/destinocastillayleon.es\/index\/entre-piedras-y-lagares-2016\/"},"wordCount":849,"commentCount":0,"image":{"@id":"https:\/\/destinocastillayleon.es\/index\/entre-piedras-y-lagares-2016\/#primaryimage"},"thumbnailUrl":"https:\/\/destinocastillayleon.es\/index\/wp-content\/uploads\/2017\/06\/c2b3d932b0d861da003608bef7a5c180.jpg","keywords":["Ruta del Vino de Cigales"],"articleSection":["enoturismo","Post_inicial","Provincias","Valladolid Actualidad","Visitando Bodegas"],"inLanguage":"es","potentialAction":[{"@type":"CommentAction","name":"Comment","target":["https:\/\/destinocastillayleon.es\/index\/entre-piedras-y-lagares-2016\/#respond"]}]},{"@type":"WebPage","@id":"https:\/\/destinocastillayleon.es\/index\/entre-piedras-y-lagares-2016\/","url":"https:\/\/destinocastillayleon.es\/index\/entre-piedras-y-lagares-2016\/","name":"Entre Piedras y Lagares, cultura turismo - Destino CyL","isPartOf":{"@id":"https:\/\/destinocastillayleon.es\/index\/#website"},"primaryImageOfPage":{"@id":"https:\/\/destinocastillayleon.es\/index\/entre-piedras-y-lagares-2016\/#primaryimage"},"image":{"@id":"https:\/\/destinocastillayleon.es\/index\/entre-piedras-y-lagares-2016\/#primaryimage"},"thumbnailUrl":"https:\/\/destinocastillayleon.es\/index\/wp-content\/uploads\/2017\/06\/c2b3d932b0d861da003608bef7a5c180.jpg","datePublished":"2016-08-17T04:15:22+00:00","dateModified":"2018-01-07T00:32:53+00:00","author":{"@id":"https:\/\/destinocastillayleon.es\/index\/#\/schema\/person\/189221bc8f6cc4fa28b18ad5c289d4c2"},"description":"Conoce el programa de verano Entre Piedras y Lagares que ha preparado la Ruta del vino de Cigales para realzar y dar a conocer el patrimonio de esta ruta","breadcrumb":{"@id":"https:\/\/destinocastillayleon.es\/index\/entre-piedras-y-lagares-2016\/#breadcrumb"},"inLanguage":"es","potentialAction":[{"@type":"ReadAction","target":["https:\/\/destinocastillayleon.es\/index\/entre-piedras-y-lagares-2016\/"]}]},{"@type":"ImageObject","inLanguage":"es","@id":"https:\/\/destinocastillayleon.es\/index\/entre-piedras-y-lagares-2016\/#primaryimage","url":"https:\/\/destinocastillayleon.es\/index\/wp-content\/uploads\/2017\/06\/c2b3d932b0d861da003608bef7a5c180.jpg","contentUrl":"https:\/\/destinocastillayleon.es\/index\/wp-content\/uploads\/2017\/06\/c2b3d932b0d861da003608bef7a5c180.jpg","width":800,"height":485,"caption":"Puente de Cabez\u00f3n de Pisuerga"},{"@type":"BreadcrumbList","@id":"https:\/\/destinocastillayleon.es\/index\/entre-piedras-y-lagares-2016\/#breadcrumb","itemListElement":[{"@type":"ListItem","position":1,"name":"Portada","item":"https:\/\/destinocastillayleon.es\/index\/"},{"@type":"ListItem","position":2,"name":"Programa Entre Piedras y Lagares, de la Ruta del vino de Cigales"}]},{"@type":"WebSite","@id":"https:\/\/destinocastillayleon.es\/index\/#website","url":"https:\/\/destinocastillayleon.es\/index\/","name":"Destino Castilla y Le\u00f3n","description":"Medio digital independiente y revista de Castilla y Le\u00f3n dedicado al turismo, gastronom\u00eda y vino de Castilla y Le\u00f3n","potentialAction":[{"@type":"SearchAction","target":{"@type":"EntryPoint","urlTemplate":"https:\/\/destinocastillayleon.es\/index\/?s={search_term_string}"},"query-input":{"@type":"PropertyValueSpecification","valueRequired":true,"valueName":"search_term_string"}}],"inLanguage":"es"},{"@type":"Person","@id":"https:\/\/destinocastillayleon.es\/index\/#\/schema\/person\/189221bc8f6cc4fa28b18ad5c289d4c2","name":"David V\u00e1zquez","image":{"@type":"ImageObject","inLanguage":"es","@id":"https:\/\/secure.gravatar.com\/avatar\/cd12db6c575a90c3b75cfa0f794b74d425201c768612fad17e9f13cd33d48be8?s=96&d=mm&r=g","url":"https:\/\/secure.gravatar.com\/avatar\/cd12db6c575a90c3b75cfa0f794b74d425201c768612fad17e9f13cd33d48be8?s=96&d=mm&r=g","contentUrl":"https:\/\/secure.gravatar.com\/avatar\/cd12db6c575a90c3b75cfa0f794b74d425201c768612fad17e9f13cd33d48be8?s=96&d=mm&r=g","caption":"David V\u00e1zquez"},"description":"Ingeniero Industrial de vocaci\u00f3n y profesi\u00f3n, he encontrado en los blogs la forma de plasmar mi pasi\u00f3n por los viajes, la gastronom\u00eda y los vinos. Especialmente los procedentes de Castilla y Le\u00f3n","sameAs":["https:\/\/www.destinocastillayleon.es","https:\/\/www.facebook.com\/profile.php?id=1158416854","https:\/\/instagram.com\/conte.pantaleone","https:\/\/www.linkedin.com\/pub\/david-vazquez-lozano\/37\/17a\/25a","https:\/\/x.com\/https:\/\/twitter.com\/ContePantaleone\u200e"],"url":"https:\/\/destinocastillayleon.es\/index\/author\/coadministradorcyl\/"}]}},"_links":{"self":[{"href":"https:\/\/destinocastillayleon.es\/index\/wp-json\/wp\/v2\/posts\/23245","targetHints":{"allow":["GET"]}}],"collection":[{"href":"https:\/\/destinocastillayleon.es\/index\/wp-json\/wp\/v2\/posts"}],"about":[{"href":"https:\/\/destinocastillayleon.es\/index\/wp-json\/wp\/v2\/types\/post"}],"author":[{"embeddable":true,"href":"https:\/\/destinocastillayleon.es\/index\/wp-json\/wp\/v2\/users\/2"}],"replies":[{"embeddable":true,"href":"https:\/\/destinocastillayleon.es\/index\/wp-json\/wp\/v2\/comments?post=23245"}],"version-history":[{"count":6,"href":"https:\/\/destinocastillayleon.es\/index\/wp-json\/wp\/v2\/posts\/23245\/revisions"}],"predecessor-version":[{"id":23261,"href":"https:\/\/destinocastillayleon.es\/index\/wp-json\/wp\/v2\/posts\/23245\/revisions\/23261"}],"wp:featuredmedia":[{"embeddable":true,"href":"https:\/\/destinocastillayleon.es\/index\/wp-json\/wp\/v2\/media\/27271"}],"wp:attachment":[{"href":"https:\/\/destinocastillayleon.es\/index\/wp-json\/wp\/v2\/media?parent=23245"}],"wp:term":[{"taxonomy":"category","embeddable":true,"href":"https:\/\/destinocastillayleon.es\/index\/wp-json\/wp\/v2\/categories?post=23245"},{"taxonomy":"post_tag","embeddable":true,"href":"https:\/\/destinocastillayleon.es\/index\/wp-json\/wp\/v2\/tags?post=23245"}],"curies":[{"name":"wp","href":"https:\/\/api.w.org\/{rel}","templated":true}]}}