{"id":23198,"date":"2016-08-10T07:12:04","date_gmt":"2016-08-10T05:12:04","guid":{"rendered":"http:\/\/destinocastillayleon.es\/index\/?p=23198"},"modified":"2016-09-02T18:58:22","modified_gmt":"2016-09-02T16:58:22","slug":"verdejo-optimus","status":"publish","type":"post","link":"https:\/\/destinocastillayleon.es\/index\/verdejo-optimus\/","title":{"rendered":"Comentarios de la degustaci\u00f3n del verdejo Optimus, de Bodegas Viterra"},"content":{"rendered":"<p>Hac\u00eda tiempo que no compart\u00edamos un comentario de cata de un verdejo; ya que \u00faltimamente casi todos los verdejos, salvo excepciones son muy similares y casi parecen sacados de cadenas de montaje. Aunque igual sea por el maridaje de esta ocasi\u00f3n o en el lugar,.. pero <strong>este verdejo Optimus de Bodegas Viterra<\/strong> nos ha llamado poderosamente la atenci\u00f3n.<br \/>\n&nbsp;<\/p>\n<h4>Las Bodegas Viterra<\/h4>\n<p>Estas bodegas, <strong>recogen la tradici\u00f3n vitivin\u00edcola de Valdestillas<\/strong>, otro de los pueblos denominados como Cuna del verdejo. <\/p>\n<p>&nbsp;<\/p>\n<h2>Comentarios a la degustaci\u00f3n del verdejo Optimus<\/h2>\n<p><strong>Variedad de uva<\/strong>: Monovarietal de la <a href=\"https:\/\/es.wikipedia.org\/wiki\/Verdejo_%28uva%29\" title=\"Link a Wikipedia sobre la variedad de uva Verdejo\" target=\"_blank\">uva verdejo<\/a>.<br \/>\n<strong>Or\u00edgenes<\/strong>: Procedente de las Bodegas Viterra, en Valdestillas (Valladolid), amparado por la <a href=\"http:\/\/www.dorueda.com\/es\/\" title=\"Link a la web de la DO. Rueda\" target=\"_blank\">DO. Rueda<\/a>.<\/p>\n<p><center><img decoding=\"async\" title=\"Botella de vino verdejo Optimus\" alt=\"vino verdejo Optimus\" src=\"http:\/\/destinocastillayleon.es\/index\/wp-content\/uploads\/2016\/08\/42ccf43dcf6223d4b532620772955db3.jpg\" width=\"200\" \/><\/center><br \/>\n&nbsp;<\/p>\n<h3>Caracter\u00edsticas<\/h3>\n<p>Un verdejo muy cl\u00e1sico, de <strong>gran transparencia<\/strong>. Posee un color <strong>amarillo muy p\u00e1lido<\/strong> y ligeramente alimonado. Muy brillante y con <strong>algunos reflejos verdosos<\/strong>.<\/p>\n<p>Arom\u00e1ticamente es muy tradicional. Con sus <strong>t\u00edpicos toques florales<\/strong>, que desprenden un aroma muy agradable; pero tambi\u00e9n hay <strong>mucha fruta fresca t\u00edpica de la variedad<\/strong>, como la manzana verde y el pomelo.<\/p>\n<p>Al paladar <strong>entrega toda su frescura, con un equilibrado toque de acidez<\/strong>. Es goloso, por lo que permite tener un post gusto prolongado que permite una salivaci\u00f3n suficiente como para seguir disfrutando de este vino. Finalmente <strong>tiene un toque final a peras, lo que tampoco est\u00e1 mal<\/strong>.<br \/>\n&nbsp;<br \/>\n<center><img decoding=\"async\" src=\"http:\/\/destinocastillayleon.es\/index\/wp-content\/uploads\/2016\/09\/vino-Otimus.jpg\" alt=\"verdejo Optumus\" title=\"Vino verdejo Optumus - Destino Castilla y Le\u00f3n\" width=\"350\" class=\"size-full wp-image-23203\" \/><\/center><br \/>\n&nbsp;<\/p>\n<h3>Nuestras impresiones<\/h3>\n<p>Pues habituados, lamentablemente, a verdejos sabrosos pero con poca personalidad, <strong>este verdejo, sin ser s\u00faper especial resulta m\u00e1s all\u00e1 de la palabra agradable<\/strong>. Al servirlo muy fr\u00edo, y el d\u00eda ser muy caluroso,<strong> result\u00f3 muy divertido tanto durante la espera de la comida, como durante su armon\u00eda <\/strong>con el resto de alimentos.<\/p>\n<p><img decoding=\"async\" class=\"aligncenter\" title=\"Valoraci\u00f3n de 3 sobre 5 para este vino\" alt=\"Valoraci\u00f3n de 3 sobre 5\" src=\"http:\/\/destinocastillayleon.es\/index\/wp-content\/uploads\/2013\/08\/Valoracion-3-de-5-1024x411.jpg\" width=\"350\" \/><br \/>\n&nbsp;<br \/>\nCon un precio de mercado muy equilibrado, disfrutamos de \u00e9l. <strong>No nos importar\u00eda volver a pedirlo nuevamente en otro establecimiento<\/strong>, pues est\u00e1 muy equilibrado y recoge los aromas y toques que buscamos en un verdejo.<\/p>\n<p>&nbsp;<\/p>\n<h3>Propuesta de maridaje<\/h3>\n<p>Es <strong>un vino de f\u00e1cil trago<\/strong>, lo que lo hace <strong>ideal para un chateo o un coctel<\/strong>. Ser\u00eda el perfecto acompa\u00f1ante de carnes blancas, como un pollo, ligeramente especiadas o a la parrilla. Evidentemente es <strong>fant\u00e1stico junto a pescados y mariscos<\/strong>, donde ese puntito de acidez le da un gran toque fresco; pero igualmente es bueno con quesos semicurados o curados.<\/p>\n<p>En nuestro caso, <strong>lo disfrutamos en Altea<\/strong>, <strong>en el Restaurante Taper\u00eda Ca Pere<\/strong> con un men\u00fa muy mediterr\u00e1neo, donde de entrante tomamos <strong>unos calamarcitos de costa<\/strong>, que simplemente van a la plancha con una vinagreta de ajo y perejil. Pero <strong>el plato estrella fue una paella de marisco<\/strong>. La armon\u00eda fue total, por lo que no qued\u00f3 nada de vino en la botella.<\/p>\n<p><figure id=\"attachment_23204\" aria-describedby=\"caption-attachment-23204\" style=\"width: 640px\" class=\"wp-caption aligncenter\"><img decoding=\"async\" src=\"http:\/\/destinocastillayleon.es\/index\/wp-content\/uploads\/2016\/08\/af1fd892c6a13f7ef255c5c788f5a35b.jpg\" alt=\"Paella de marisco\" title=\"Paella de marisco para maridar el Verdejo Optimus - Destino Castilla y Le\u00f3n\" width=\"640\" height=\"478\" class=\"size-full wp-image-23204\" srcset=\"https:\/\/destinocastillayleon.es\/index\/wp-content\/uploads\/2016\/08\/af1fd892c6a13f7ef255c5c788f5a35b.jpg 640w, https:\/\/destinocastillayleon.es\/index\/wp-content\/uploads\/2016\/08\/af1fd892c6a13f7ef255c5c788f5a35b-300x224.jpg 300w\" sizes=\"(max-width: 640px) 100vw, 640px\" \/><figcaption id=\"caption-attachment-23204\" class=\"wp-caption-text\">Paella de marisco para maridar el Verdejo Optimus &#8211; Destino Castilla y Le\u00f3n<\/figcaption><\/figure><br \/>\n&nbsp;<br \/>\nComo has podido ver, tambi\u00e9n se pueden encontrar buenos vinos verdejos 100% sin dejarte mucho dinero. Seg\u00fan tu opini\u00f3n, <strong>\u00bfQu\u00e9 otros vinos blancos deber\u00edamos catar durante este verano?<\/strong> D\u00e9janos tus sugerencias en un comentario.<br \/>\n&nbsp;<\/p>\n<h4>Tambi\u00e9n te puede interesar&#8230;<\/h4>\n<ul>\n<li><a href=\"http:\/\/destinocastillayleon.es\/index\/como-se-elabora-vino-blanco\/\" title=\"C\u00f3mo se elabora el vino blanco en Castilla y Le\u00f3n\">C\u00f3mo se elabora el vino blanco en Castilla y Le\u00f3n<\/a>.<\/li>\n<li><a href=\"http:\/\/destinocastillayleon.es\/index\/verdejo-four-lines\/\" title=\"Cata del verdejo Four Lines\">Cata del verdejo Four Lines, el Cuatro Rayas m\u00e1s internacional<\/a>.<\/li>\n<li><a href=\"http:\/\/destinocastillayleon.es\/index\/cata-del-vino-blanco-la-zorra-de-la-do-sierra-de-salamanca\/\" title=\"Cata del vino blanco La Zorra de la DO. Sierra de Salamanca\">Cata del vino blanco La Zorra de la DO. Sierra de Salamanca<\/a>.<\/li>\n<\/ul>\n<p>&nbsp;<\/p>\n","protected":false},"excerpt":{"rendered":"<p>Conoce nuestros comentarios de la degustaci\u00f3n y cata de este vino blanco verdejo Optimus, que encontramos en Altea y sus posiblidades para maridarlo<\/p>\n","protected":false},"author":2,"featured_media":23215,"comment_status":"open","ping_status":"closed","sticky":false,"template":"","format":"standard","meta":{"rop_custom_images_group":[],"rop_custom_messages_group":[],"rop_publish_now":"initial","rop_publish_now_accounts":{"twitter_1150954226_1150954226":""},"rop_publish_now_history":[],"rop_publish_now_status":"pending","footnotes":""},"categories":[4597,48,68,933],"tags":[5028,5030,514,5029,4723],"class_list":["post-23198","post","type-post","status-publish","format-standard","has-post-thumbnail","hentry","category-catando-vinos","category-enoturismo","category-post_inicial","category-vino_blanco","tag-bodegas-viterra","tag-verdejo-de-la-do-rueda","tag-vinos-de-castilla-y-leon","tag-vinos-de-valdestillas","tag-vinos-verdejos-de-rueda"],"yoast_head":"<!-- This site is optimized with the Yoast SEO Premium plugin v20.4 (Yoast SEO v27.4) - https:\/\/yoast.com\/product\/yoast-seo-premium-wordpress\/ -->\n<title>Comentarios de la degustaci\u00f3n del verdejo Optimus - DestinoCyL<\/title>\n<meta name=\"description\" content=\"Conoce nuestros comentarios de la degustaci\u00f3n y cata de este vino blanco verdejo Optimus, que encontramos en Altea y sus posiblidades para maridarlo\" \/>\n<meta name=\"robots\" content=\"index, follow, max-snippet:-1, max-image-preview:large, max-video-preview:-1\" \/>\n<link rel=\"canonical\" href=\"https:\/\/destinocastillayleon.es\/index\/verdejo-optimus\/\" \/>\n<meta property=\"og:locale\" content=\"es_ES\" \/>\n<meta property=\"og:type\" content=\"article\" \/>\n<meta property=\"og:title\" content=\"Comentarios de la degustaci\u00f3n del verdejo Optimus - Destino Castilla y Le\u00f3n\" \/>\n<meta property=\"og:description\" content=\"Conoce nuestros comentarios de la degustaci\u00f3n y cata de este vino blanco verdejo Optimus, que encontramos en Altea y sus posiblidades para maridarlo\" \/>\n<meta property=\"og:url\" content=\"https:\/\/destinocastillayleon.es\/index\/verdejo-optimus\/\" \/>\n<meta property=\"og:site_name\" content=\"Destino Castilla y Le\u00f3n\" \/>\n<meta property=\"article:publisher\" content=\"https:\/\/www.facebook.com\/DestinoCastillaYLeon\/\" \/>\n<meta property=\"article:author\" content=\"https:\/\/www.facebook.com\/profile.php?id=1158416854\" \/>\n<meta property=\"article:published_time\" content=\"2016-08-10T05:12:04+00:00\" \/>\n<meta property=\"article:modified_time\" content=\"2016-09-02T16:58:22+00:00\" \/>\n<meta property=\"og:image\" content=\"https:\/\/destinocastillayleon.es\/index\/wp-content\/uploads\/2016\/08\/418bea6e3b8a299f96ffaaed1d9a17c6.jpg\" \/>\n\t<meta property=\"og:image:width\" content=\"796\" \/>\n\t<meta property=\"og:image:height\" content=\"531\" \/>\n\t<meta property=\"og:image:type\" content=\"image\/jpeg\" \/>\n<meta name=\"author\" content=\"David V\u00e1zquez\" \/>\n<meta name=\"twitter:card\" content=\"summary_large_image\" \/>\n<meta name=\"twitter:title\" content=\"Comentarios de la degustaci\u00f3n del verdejo Optimus - Destino Castilla y Le\u00f3n\" \/>\n<meta name=\"twitter:description\" content=\"Conoce nuestros comentarios de la degustaci\u00f3n y cata de este vino blanco verdejo Optimus, que encontramos en Altea y sus posiblidades para maridarlo\" \/>\n<meta name=\"twitter:image\" content=\"http:\/\/destinocastillayleon.es\/index\/wp-content\/uploads\/2016\/08\/418bea6e3b8a299f96ffaaed1d9a17c6-300x200.jpg\" \/>\n<meta name=\"twitter:creator\" content=\"@https:\/\/twitter.com\/ContePantaleone\u200e\" \/>\n<meta name=\"twitter:site\" content=\"@destinocyl\" \/>\n<meta name=\"twitter:label1\" content=\"Escrito por\" \/>\n\t<meta name=\"twitter:data1\" content=\"David V\u00e1zquez\" \/>\n\t<meta name=\"twitter:label2\" content=\"Tiempo de lectura\" \/>\n\t<meta name=\"twitter:data2\" content=\"3 minutos\" \/>\n<script type=\"application\/ld+json\" class=\"yoast-schema-graph\">{\"@context\":\"https:\\\/\\\/schema.org\",\"@graph\":[{\"@type\":\"Article\",\"@id\":\"https:\\\/\\\/destinocastillayleon.es\\\/index\\\/verdejo-optimus\\\/#article\",\"isPartOf\":{\"@id\":\"https:\\\/\\\/destinocastillayleon.es\\\/index\\\/verdejo-optimus\\\/\"},\"author\":{\"name\":\"David V\u00e1zquez\",\"@id\":\"https:\\\/\\\/destinocastillayleon.es\\\/index\\\/#\\\/schema\\\/person\\\/189221bc8f6cc4fa28b18ad5c289d4c2\"},\"headline\":\"Comentarios de la degustaci\u00f3n del verdejo Optimus, de Bodegas Viterra\",\"datePublished\":\"2016-08-10T05:12:04+00:00\",\"dateModified\":\"2016-09-02T16:58:22+00:00\",\"mainEntityOfPage\":{\"@id\":\"https:\\\/\\\/destinocastillayleon.es\\\/index\\\/verdejo-optimus\\\/\"},\"wordCount\":575,\"commentCount\":0,\"image\":{\"@id\":\"https:\\\/\\\/destinocastillayleon.es\\\/index\\\/verdejo-optimus\\\/#primaryimage\"},\"thumbnailUrl\":\"https:\\\/\\\/destinocastillayleon.es\\\/index\\\/wp-content\\\/uploads\\\/2016\\\/08\\\/418bea6e3b8a299f96ffaaed1d9a17c6.jpg\",\"keywords\":[\"Bodegas Viterra\",\"verdejo de la DO Rueda\",\"vinos de Castilla y Le\u00f3n\",\"vinos de Valdestillas\",\"vinos verdejos de rueda\"],\"articleSection\":[\"Catando vinos\",\"enoturismo\",\"Post_inicial\",\"vino_blanco\"],\"inLanguage\":\"es\",\"potentialAction\":[{\"@type\":\"CommentAction\",\"name\":\"Comment\",\"target\":[\"https:\\\/\\\/destinocastillayleon.es\\\/index\\\/verdejo-optimus\\\/#respond\"]}]},{\"@type\":\"WebPage\",\"@id\":\"https:\\\/\\\/destinocastillayleon.es\\\/index\\\/verdejo-optimus\\\/\",\"url\":\"https:\\\/\\\/destinocastillayleon.es\\\/index\\\/verdejo-optimus\\\/\",\"name\":\"Comentarios de la degustaci\u00f3n del verdejo Optimus - DestinoCyL\",\"isPartOf\":{\"@id\":\"https:\\\/\\\/destinocastillayleon.es\\\/index\\\/#website\"},\"primaryImageOfPage\":{\"@id\":\"https:\\\/\\\/destinocastillayleon.es\\\/index\\\/verdejo-optimus\\\/#primaryimage\"},\"image\":{\"@id\":\"https:\\\/\\\/destinocastillayleon.es\\\/index\\\/verdejo-optimus\\\/#primaryimage\"},\"thumbnailUrl\":\"https:\\\/\\\/destinocastillayleon.es\\\/index\\\/wp-content\\\/uploads\\\/2016\\\/08\\\/418bea6e3b8a299f96ffaaed1d9a17c6.jpg\",\"datePublished\":\"2016-08-10T05:12:04+00:00\",\"dateModified\":\"2016-09-02T16:58:22+00:00\",\"author\":{\"@id\":\"https:\\\/\\\/destinocastillayleon.es\\\/index\\\/#\\\/schema\\\/person\\\/189221bc8f6cc4fa28b18ad5c289d4c2\"},\"description\":\"Conoce nuestros comentarios de la degustaci\u00f3n y cata de este vino blanco verdejo Optimus, que encontramos en Altea y sus posiblidades para maridarlo\",\"breadcrumb\":{\"@id\":\"https:\\\/\\\/destinocastillayleon.es\\\/index\\\/verdejo-optimus\\\/#breadcrumb\"},\"inLanguage\":\"es\",\"potentialAction\":[{\"@type\":\"ReadAction\",\"target\":[\"https:\\\/\\\/destinocastillayleon.es\\\/index\\\/verdejo-optimus\\\/\"]}]},{\"@type\":\"ImageObject\",\"inLanguage\":\"es\",\"@id\":\"https:\\\/\\\/destinocastillayleon.es\\\/index\\\/verdejo-optimus\\\/#primaryimage\",\"url\":\"https:\\\/\\\/destinocastillayleon.es\\\/index\\\/wp-content\\\/uploads\\\/2016\\\/08\\\/418bea6e3b8a299f96ffaaed1d9a17c6.jpg\",\"contentUrl\":\"https:\\\/\\\/destinocastillayleon.es\\\/index\\\/wp-content\\\/uploads\\\/2016\\\/08\\\/418bea6e3b8a299f96ffaaed1d9a17c6.jpg\",\"width\":796,\"height\":531,\"caption\":\"Vi\u00f1edos de Valdestillas - Destino Castilla y Le\u00f3n\"},{\"@type\":\"BreadcrumbList\",\"@id\":\"https:\\\/\\\/destinocastillayleon.es\\\/index\\\/verdejo-optimus\\\/#breadcrumb\",\"itemListElement\":[{\"@type\":\"ListItem\",\"position\":1,\"name\":\"Portada\",\"item\":\"https:\\\/\\\/destinocastillayleon.es\\\/index\\\/\"},{\"@type\":\"ListItem\",\"position\":2,\"name\":\"Comentarios de la degustaci\u00f3n del verdejo Optimus, de Bodegas Viterra\"}]},{\"@type\":\"WebSite\",\"@id\":\"https:\\\/\\\/destinocastillayleon.es\\\/index\\\/#website\",\"url\":\"https:\\\/\\\/destinocastillayleon.es\\\/index\\\/\",\"name\":\"Destino Castilla y Le\u00f3n\",\"description\":\"Medio digital independiente y revista de Castilla y Le\u00f3n dedicado al turismo, gastronom\u00eda y vino de Castilla y Le\u00f3n\",\"potentialAction\":[{\"@type\":\"SearchAction\",\"target\":{\"@type\":\"EntryPoint\",\"urlTemplate\":\"https:\\\/\\\/destinocastillayleon.es\\\/index\\\/?s={search_term_string}\"},\"query-input\":{\"@type\":\"PropertyValueSpecification\",\"valueRequired\":true,\"valueName\":\"search_term_string\"}}],\"inLanguage\":\"es\"},{\"@type\":\"Person\",\"@id\":\"https:\\\/\\\/destinocastillayleon.es\\\/index\\\/#\\\/schema\\\/person\\\/189221bc8f6cc4fa28b18ad5c289d4c2\",\"name\":\"David V\u00e1zquez\",\"image\":{\"@type\":\"ImageObject\",\"inLanguage\":\"es\",\"@id\":\"https:\\\/\\\/secure.gravatar.com\\\/avatar\\\/cd12db6c575a90c3b75cfa0f794b74d425201c768612fad17e9f13cd33d48be8?s=96&d=mm&r=g\",\"url\":\"https:\\\/\\\/secure.gravatar.com\\\/avatar\\\/cd12db6c575a90c3b75cfa0f794b74d425201c768612fad17e9f13cd33d48be8?s=96&d=mm&r=g\",\"contentUrl\":\"https:\\\/\\\/secure.gravatar.com\\\/avatar\\\/cd12db6c575a90c3b75cfa0f794b74d425201c768612fad17e9f13cd33d48be8?s=96&d=mm&r=g\",\"caption\":\"David V\u00e1zquez\"},\"description\":\"Ingeniero Industrial de vocaci\u00f3n y profesi\u00f3n, he encontrado en los blogs la forma de plasmar mi pasi\u00f3n por los viajes, la gastronom\u00eda y los vinos. Especialmente los procedentes de Castilla y Le\u00f3n\",\"sameAs\":[\"https:\\\/\\\/www.destinocastillayleon.es\",\"https:\\\/\\\/www.facebook.com\\\/profile.php?id=1158416854\",\"https:\\\/\\\/instagram.com\\\/conte.pantaleone\",\"https:\\\/\\\/www.linkedin.com\\\/pub\\\/david-vazquez-lozano\\\/37\\\/17a\\\/25a\",\"https:\\\/\\\/x.com\\\/https:\\\/\\\/twitter.com\\\/ContePantaleone\u200e\"],\"url\":\"https:\\\/\\\/destinocastillayleon.es\\\/index\\\/author\\\/coadministradorcyl\\\/\"}]}<\/script>\n<!-- \/ Yoast SEO Premium plugin. -->","yoast_head_json":{"title":"Comentarios de la degustaci\u00f3n del verdejo Optimus - DestinoCyL","description":"Conoce nuestros comentarios de la degustaci\u00f3n y cata de este vino blanco verdejo Optimus, que encontramos en Altea y sus posiblidades para maridarlo","robots":{"index":"index","follow":"follow","max-snippet":"max-snippet:-1","max-image-preview":"max-image-preview:large","max-video-preview":"max-video-preview:-1"},"canonical":"https:\/\/destinocastillayleon.es\/index\/verdejo-optimus\/","og_locale":"es_ES","og_type":"article","og_title":"Comentarios de la degustaci\u00f3n del verdejo Optimus - Destino Castilla y Le\u00f3n","og_description":"Conoce nuestros comentarios de la degustaci\u00f3n y cata de este vino blanco verdejo Optimus, que encontramos en Altea y sus posiblidades para maridarlo","og_url":"https:\/\/destinocastillayleon.es\/index\/verdejo-optimus\/","og_site_name":"Destino Castilla y Le\u00f3n","article_publisher":"https:\/\/www.facebook.com\/DestinoCastillaYLeon\/","article_author":"https:\/\/www.facebook.com\/profile.php?id=1158416854","article_published_time":"2016-08-10T05:12:04+00:00","article_modified_time":"2016-09-02T16:58:22+00:00","og_image":[{"width":796,"height":531,"url":"https:\/\/destinocastillayleon.es\/index\/wp-content\/uploads\/2016\/08\/418bea6e3b8a299f96ffaaed1d9a17c6.jpg","type":"image\/jpeg"}],"author":"David V\u00e1zquez","twitter_card":"summary_large_image","twitter_title":"Comentarios de la degustaci\u00f3n del verdejo Optimus - Destino Castilla y Le\u00f3n","twitter_description":"Conoce nuestros comentarios de la degustaci\u00f3n y cata de este vino blanco verdejo Optimus, que encontramos en Altea y sus posiblidades para maridarlo","twitter_image":"http:\/\/destinocastillayleon.es\/index\/wp-content\/uploads\/2016\/08\/418bea6e3b8a299f96ffaaed1d9a17c6-300x200.jpg","twitter_creator":"@https:\/\/twitter.com\/ContePantaleone\u200e","twitter_site":"@destinocyl","twitter_misc":{"Escrito por":"David V\u00e1zquez","Tiempo de lectura":"3 minutos"},"schema":{"@context":"https:\/\/schema.org","@graph":[{"@type":"Article","@id":"https:\/\/destinocastillayleon.es\/index\/verdejo-optimus\/#article","isPartOf":{"@id":"https:\/\/destinocastillayleon.es\/index\/verdejo-optimus\/"},"author":{"name":"David V\u00e1zquez","@id":"https:\/\/destinocastillayleon.es\/index\/#\/schema\/person\/189221bc8f6cc4fa28b18ad5c289d4c2"},"headline":"Comentarios de la degustaci\u00f3n del verdejo Optimus, de Bodegas Viterra","datePublished":"2016-08-10T05:12:04+00:00","dateModified":"2016-09-02T16:58:22+00:00","mainEntityOfPage":{"@id":"https:\/\/destinocastillayleon.es\/index\/verdejo-optimus\/"},"wordCount":575,"commentCount":0,"image":{"@id":"https:\/\/destinocastillayleon.es\/index\/verdejo-optimus\/#primaryimage"},"thumbnailUrl":"https:\/\/destinocastillayleon.es\/index\/wp-content\/uploads\/2016\/08\/418bea6e3b8a299f96ffaaed1d9a17c6.jpg","keywords":["Bodegas Viterra","verdejo de la DO Rueda","vinos de Castilla y Le\u00f3n","vinos de Valdestillas","vinos verdejos de rueda"],"articleSection":["Catando vinos","enoturismo","Post_inicial","vino_blanco"],"inLanguage":"es","potentialAction":[{"@type":"CommentAction","name":"Comment","target":["https:\/\/destinocastillayleon.es\/index\/verdejo-optimus\/#respond"]}]},{"@type":"WebPage","@id":"https:\/\/destinocastillayleon.es\/index\/verdejo-optimus\/","url":"https:\/\/destinocastillayleon.es\/index\/verdejo-optimus\/","name":"Comentarios de la degustaci\u00f3n del verdejo Optimus - DestinoCyL","isPartOf":{"@id":"https:\/\/destinocastillayleon.es\/index\/#website"},"primaryImageOfPage":{"@id":"https:\/\/destinocastillayleon.es\/index\/verdejo-optimus\/#primaryimage"},"image":{"@id":"https:\/\/destinocastillayleon.es\/index\/verdejo-optimus\/#primaryimage"},"thumbnailUrl":"https:\/\/destinocastillayleon.es\/index\/wp-content\/uploads\/2016\/08\/418bea6e3b8a299f96ffaaed1d9a17c6.jpg","datePublished":"2016-08-10T05:12:04+00:00","dateModified":"2016-09-02T16:58:22+00:00","author":{"@id":"https:\/\/destinocastillayleon.es\/index\/#\/schema\/person\/189221bc8f6cc4fa28b18ad5c289d4c2"},"description":"Conoce nuestros comentarios de la degustaci\u00f3n y cata de este vino blanco verdejo Optimus, que encontramos en Altea y sus posiblidades para maridarlo","breadcrumb":{"@id":"https:\/\/destinocastillayleon.es\/index\/verdejo-optimus\/#breadcrumb"},"inLanguage":"es","potentialAction":[{"@type":"ReadAction","target":["https:\/\/destinocastillayleon.es\/index\/verdejo-optimus\/"]}]},{"@type":"ImageObject","inLanguage":"es","@id":"https:\/\/destinocastillayleon.es\/index\/verdejo-optimus\/#primaryimage","url":"https:\/\/destinocastillayleon.es\/index\/wp-content\/uploads\/2016\/08\/418bea6e3b8a299f96ffaaed1d9a17c6.jpg","contentUrl":"https:\/\/destinocastillayleon.es\/index\/wp-content\/uploads\/2016\/08\/418bea6e3b8a299f96ffaaed1d9a17c6.jpg","width":796,"height":531,"caption":"Vi\u00f1edos de Valdestillas - Destino Castilla y Le\u00f3n"},{"@type":"BreadcrumbList","@id":"https:\/\/destinocastillayleon.es\/index\/verdejo-optimus\/#breadcrumb","itemListElement":[{"@type":"ListItem","position":1,"name":"Portada","item":"https:\/\/destinocastillayleon.es\/index\/"},{"@type":"ListItem","position":2,"name":"Comentarios de la degustaci\u00f3n del verdejo Optimus, de Bodegas Viterra"}]},{"@type":"WebSite","@id":"https:\/\/destinocastillayleon.es\/index\/#website","url":"https:\/\/destinocastillayleon.es\/index\/","name":"Destino Castilla y Le\u00f3n","description":"Medio digital independiente y revista de Castilla y Le\u00f3n dedicado al turismo, gastronom\u00eda y vino de Castilla y Le\u00f3n","potentialAction":[{"@type":"SearchAction","target":{"@type":"EntryPoint","urlTemplate":"https:\/\/destinocastillayleon.es\/index\/?s={search_term_string}"},"query-input":{"@type":"PropertyValueSpecification","valueRequired":true,"valueName":"search_term_string"}}],"inLanguage":"es"},{"@type":"Person","@id":"https:\/\/destinocastillayleon.es\/index\/#\/schema\/person\/189221bc8f6cc4fa28b18ad5c289d4c2","name":"David V\u00e1zquez","image":{"@type":"ImageObject","inLanguage":"es","@id":"https:\/\/secure.gravatar.com\/avatar\/cd12db6c575a90c3b75cfa0f794b74d425201c768612fad17e9f13cd33d48be8?s=96&d=mm&r=g","url":"https:\/\/secure.gravatar.com\/avatar\/cd12db6c575a90c3b75cfa0f794b74d425201c768612fad17e9f13cd33d48be8?s=96&d=mm&r=g","contentUrl":"https:\/\/secure.gravatar.com\/avatar\/cd12db6c575a90c3b75cfa0f794b74d425201c768612fad17e9f13cd33d48be8?s=96&d=mm&r=g","caption":"David V\u00e1zquez"},"description":"Ingeniero Industrial de vocaci\u00f3n y profesi\u00f3n, he encontrado en los blogs la forma de plasmar mi pasi\u00f3n por los viajes, la gastronom\u00eda y los vinos. Especialmente los procedentes de Castilla y Le\u00f3n","sameAs":["https:\/\/www.destinocastillayleon.es","https:\/\/www.facebook.com\/profile.php?id=1158416854","https:\/\/instagram.com\/conte.pantaleone","https:\/\/www.linkedin.com\/pub\/david-vazquez-lozano\/37\/17a\/25a","https:\/\/x.com\/https:\/\/twitter.com\/ContePantaleone\u200e"],"url":"https:\/\/destinocastillayleon.es\/index\/author\/coadministradorcyl\/"}]}},"_links":{"self":[{"href":"https:\/\/destinocastillayleon.es\/index\/wp-json\/wp\/v2\/posts\/23198","targetHints":{"allow":["GET"]}}],"collection":[{"href":"https:\/\/destinocastillayleon.es\/index\/wp-json\/wp\/v2\/posts"}],"about":[{"href":"https:\/\/destinocastillayleon.es\/index\/wp-json\/wp\/v2\/types\/post"}],"author":[{"embeddable":true,"href":"https:\/\/destinocastillayleon.es\/index\/wp-json\/wp\/v2\/users\/2"}],"replies":[{"embeddable":true,"href":"https:\/\/destinocastillayleon.es\/index\/wp-json\/wp\/v2\/comments?post=23198"}],"version-history":[{"count":16,"href":"https:\/\/destinocastillayleon.es\/index\/wp-json\/wp\/v2\/posts\/23198\/revisions"}],"predecessor-version":[{"id":23298,"href":"https:\/\/destinocastillayleon.es\/index\/wp-json\/wp\/v2\/posts\/23198\/revisions\/23298"}],"wp:featuredmedia":[{"embeddable":true,"href":"https:\/\/destinocastillayleon.es\/index\/wp-json\/wp\/v2\/media\/23215"}],"wp:attachment":[{"href":"https:\/\/destinocastillayleon.es\/index\/wp-json\/wp\/v2\/media?parent=23198"}],"wp:term":[{"taxonomy":"category","embeddable":true,"href":"https:\/\/destinocastillayleon.es\/index\/wp-json\/wp\/v2\/categories?post=23198"},{"taxonomy":"post_tag","embeddable":true,"href":"https:\/\/destinocastillayleon.es\/index\/wp-json\/wp\/v2\/tags?post=23198"}],"curies":[{"name":"wp","href":"https:\/\/api.w.org\/{rel}","templated":true}]}}