{"id":22913,"date":"2016-06-15T07:40:09","date_gmt":"2016-06-15T05:40:09","guid":{"rendered":"http:\/\/destinocastillayleon.es\/index\/?p=22913"},"modified":"2016-06-15T07:42:04","modified_gmt":"2016-06-15T05:42:04","slug":"jornadas-renacentistas-la-corte-en-valladolid-2016","status":"publish","type":"post","link":"https:\/\/destinocastillayleon.es\/index\/jornadas-renacentistas-la-corte-en-valladolid-2016\/","title":{"rendered":"Jornadas renacentistas La Corte en Valladolid"},"content":{"rendered":"<p>Para los vallisoletanos, <strong>es siempre un orgullo decir que durante un tiempo, Valladolid fue capital de los reinos hispanos<\/strong>. Generalmente hacen referencia al periodo oficial <strong>de 1601 a 1606<\/strong>, cuando Felipe III, traslada la corte de Espa\u00f1a a Valladolid por sugerencia de su valido el Duque de Lerma; <strong>pero la importancia de Valladolid como ciudad regia va m\u00e1s all\u00e1<\/strong>, pues anteriormente, <strong>el Emperador Carlos, la eligi\u00f3 como corte durante m\u00e1s tiempo que la imperial Toledo<\/strong>. Recordar y recrear esto es uno de os objetivos de la <a href=\"http:\/\/lacorteenvalladolid.com\/\" title=\"Link a la web de la Asociaci\u00f3n La Corte en Valladolid\" target=\"_blank\">Asociaci\u00f3n Cultural <strong>La Corte en Valladolid<\/strong><\/a>.<br \/>\n&nbsp; <\/p>\n<h3>La Asociaci\u00f3n Cultural \u201cLa Corte en Valladolid\u201d<\/h3>\n<p>Esta asociaci\u00f3n es un proyecto cultural cuyo objeto es <strong>la conmemoraci\u00f3n y recreaci\u00f3n de los diferentes periodos hist\u00f3ricos en los que Valladolid fue sede de la Corte hisp\u00e1nica<\/strong>.<\/p>\n<p>Para logar el objetivo, <strong>organizan y promueven diversos eventos art\u00edsticos y culturales<\/strong> (representaciones teatrales, conciertos, muestras de danza y m\u00fasica, exposiciones\u2026) <strong>encuentros gastron\u00f3micos, exhibiciones y recreaciones, actividades formativas y de difusi\u00f3n<\/strong>, encaminadas todas ellas a mostrar a los vallisoletanos c\u00f3mo era el ambiente hist\u00f3rico-pol\u00edtico, cultural, art\u00edstico y festivo de la Corte, as\u00ed como la vida cotidiana de la sociedad de esta \u00e9poca tan relevante para la ciudad de Valladolid<\/p>\n<p>De igual forma, <strong>contribuyen a la promoci\u00f3n del patrimonio art\u00edstico y cultural entre los vallisoletanos<\/strong> y sobre todo proyect\u00e1ndola al exterior. <\/p>\n<p><figure id=\"attachment_22922\" aria-describedby=\"caption-attachment-22922\" style=\"width: 342px\" class=\"wp-caption aligncenter\"><img decoding=\"async\" src=\"http:\/\/destinocastillayleon.es\/index\/wp-content\/uploads\/2016\/06\/4efec453584d4144b0161b91841c4940.jpg\" alt=\"Cartel de las Jornadas Renacentistas La Corte en Valladolid 2016 - Destino Castilla y Le\u00f3n\" width=\"342\" height=\"523\" class=\"size-full wp-image-22922\" srcset=\"https:\/\/destinocastillayleon.es\/index\/wp-content\/uploads\/2016\/06\/4efec453584d4144b0161b91841c4940.jpg 342w, https:\/\/destinocastillayleon.es\/index\/wp-content\/uploads\/2016\/06\/4efec453584d4144b0161b91841c4940-196x300.jpg 196w, https:\/\/destinocastillayleon.es\/index\/wp-content\/uploads\/2016\/06\/4efec453584d4144b0161b91841c4940-300x459.jpg 300w\" sizes=\"(max-width: 342px) 100vw, 342px\" \/><figcaption id=\"caption-attachment-22922\" class=\"wp-caption-text\">Cartel de las Jornadas Renacentistas La Corte en Valladolid 2016 &#8211; Destino Castilla y Le\u00f3n<\/figcaption><\/figure><br \/>\n&nbsp; <\/p>\n<h2>Jornadas renacentistas La Corte en Valladolid<\/h2>\n<p>Del 16 al 19 de junio se celebrar\u00e1 el <strong>II Festival Renacentista \u00abEl Esplendor de la Corte en Valladolid\u00bb<\/strong>, con actividades de todo tipo: conciertos, desfiles, degustaci\u00f3n de vinos, visitas guiadas&#8230; De todo y para todos.  <\/p>\n<p>&nbsp; <\/p>\n<h3>Programa de \u201cEl Esplendor de la Corte en Valladolid\u201d<\/h3>\n<h4>Jueves 16 de junio<\/h4>\n<p><strong>20:00h<\/strong> Patio de la Casa de Zorrilla (C\/ Fray Luis de Granada) \u201cLetras cortesanas\u201d<\/p>\n<ol>\nEncuentro de escritores de novela hist\u00f3rica en torno a la Corte en Valladolid. Escritores participantes:<br \/>\n &#8211; Ignacio Mart\u00edn Verona<br \/>\n &#8211; Asier Aparicio Fern\u00e1ndez<br \/>\n &#8211; Luis Torrecilla Hern\u00e1ndez<br \/>\n &#8211; Jos\u00e9 Delf\u00edn Val S\u00e1nchez<br \/>\nModera: Jes\u00fas Pascual Molina (UVa)<br \/>\nEntrada libre (hasta completar el aforo)<\/ol>\n<p><a href=\"http:\/\/destinocastillayleon.es\/index\/wp-content\/uploads\/2016\/06\/9ee63486e7d5dcbc5aa9868a54fcd208-1024x720.jpg\" title=\"Abrir en grande\" target=\"_blank\"><figure id=\"attachment_22923\" aria-describedby=\"caption-attachment-22923\" style=\"width: 640px\" class=\"wp-caption aligncenter\"><img decoding=\"async\" src=\"http:\/\/destinocastillayleon.es\/index\/wp-content\/uploads\/2016\/06\/b7d95a56635f755cb40173e311c6baff.jpg\" alt=\"Jornadas La Corte en Valladolid 2016 - Destino Castilla y Le\u00f3n\" width=\"640\" height=\"450\" class=\"size-full wp-image-22923\" srcset=\"https:\/\/destinocastillayleon.es\/index\/wp-content\/uploads\/2016\/06\/b7d95a56635f755cb40173e311c6baff.jpg 640w, https:\/\/destinocastillayleon.es\/index\/wp-content\/uploads\/2016\/06\/b7d95a56635f755cb40173e311c6baff-300x211.jpg 300w\" sizes=\"(max-width: 640px) 100vw, 640px\" \/><figcaption id=\"caption-attachment-22923\" class=\"wp-caption-text\">Jornadas La Corte en Valladolid 2016 &#8211; Destino Castilla y Le\u00f3n<\/figcaption><\/figure><\/a><\/p>\n<p>&nbsp; <\/p>\n<h4>Viernes 17 de junio<\/h4>\n<p><strong>20:00h<\/strong> Palacio Real (Plaza de San Pablo) \u201cUn sarao en el Palacio\u201d<\/p>\n<ol>\nM\u00fasica y danza en la Corte de Valladolid en 1601-1606<br \/>\nIniciativas Culturales El Pilar<br \/>\nEntrada: 5 \u20ac<\/ol>\n<p>&nbsp;<br \/>\n<strong>19:00h<\/strong> Degustaci\u00f3n \u201cVinos de Reyes\u201d<\/p>\n<ul>\nEn la Se\u00f1orita Malauva (Esquina Catedral, C\/ Cascajares)<br \/>\nEntrada: 8 \u20ac<\/ul>\n<p>&nbsp; <\/p>\n<h4>S\u00e1bado 18 de junio<\/h4>\n<p><strong>De 12:00h a 13:30h<\/strong> Salida de la Plaza Zorrilla (estatua de Zorrilla)<\/p>\n<ol>\nVisita guiada El Valladolid de la Corte<br \/>\nEntrada: 10 \u20ac<\/ol>\n<p>&nbsp;<br \/>\n<strong>13:00 h<\/strong> En la Se\u00f1orita Malauva (Esquina Catedral, C\/ Cascajares)<\/p>\n<ol>\nDegustaci\u00f3n \u201cVinos de Reyes\u201d<br \/>\nEntrada: 8\u20ac<\/ol>\n<p>&nbsp;<br \/>\n<strong>20:30h<\/strong> en la Plaza de San Pablo<\/p>\n<ol>\nOrden de combate del Tercio Crist\u00f3bal de Mondrag\u00f3n<\/ol>\n<p><a href=\"https:\/\/terciocristobaldemondragon.wordpress.com\/2015\/06\/\" title=\"Link a la web del Tercio de Mondrag\u00f3n\" target=\"_blank\"><figure id=\"attachment_22925\" aria-describedby=\"caption-attachment-22925\" style=\"width: 640px\" class=\"wp-caption aligncenter\"><img decoding=\"async\" src=\"http:\/\/destinocastillayleon.es\/index\/wp-content\/uploads\/2016\/06\/f2cfe528d76a4b2e3cd5dfa58382b1ea.jpg\" alt=\"Formaci\u00f3n del Tercio Cristobal de Mondrag\u00f3n - Cortes\u00eda del Tercio Cristobal de Mondrag\u00f3n\" width=\"640\" height=\"450\" class=\"size-full wp-image-22925\" srcset=\"https:\/\/destinocastillayleon.es\/index\/wp-content\/uploads\/2016\/06\/f2cfe528d76a4b2e3cd5dfa58382b1ea.jpg 640w, https:\/\/destinocastillayleon.es\/index\/wp-content\/uploads\/2016\/06\/f2cfe528d76a4b2e3cd5dfa58382b1ea-300x211.jpg 300w\" sizes=\"(max-width: 640px) 100vw, 640px\" \/><figcaption id=\"caption-attachment-22925\" class=\"wp-caption-text\">Formaci\u00f3n del Tercio Cristobal de Mondrag\u00f3n &#8211; Cortes\u00eda del Tercio Cristobal de Mondrag\u00f3n<\/figcaption><\/figure><\/a><br \/>\n&nbsp;<br \/>\n<strong>21:15h<\/strong> En la Plaza de San Pablo<\/p>\n<ol>\nComitiva del bautizo de Felipe II \u201cMojados, Coraz\u00f3n de un Imperio\u201d<br \/>\nCon la Coral T\u00e1mbara e Iniciativas Culturales El Pilar junto a la Escuela Superior de Arte Dram\u00e1tico de Castilla y Le\u00f3n<br \/>\nGuardia de honores: Compa\u00f1\u00eda Crist\u00f3bal de Mondrag\u00f3n<br \/>\nRecepci\u00f3n: Grupo de M\u00fasica Antigua de la UVa<br \/>\nEntrada libre (hasta completar el aforo)<\/ol>\n<p><figure id=\"attachment_22926\" aria-describedby=\"caption-attachment-22926\" style=\"width: 640px\" class=\"wp-caption aligncenter\"><img decoding=\"async\" src=\"http:\/\/destinocastillayleon.es\/index\/wp-content\/uploads\/2016\/06\/aafe8c8f8cac39d4c9384f5974422c2a1.jpg\" alt=\"Palacio de Pimentel - Destino Castilla y Le\u00f3n\" width=\"640\" height=\"413\" class=\"size-full wp-image-22926\" srcset=\"https:\/\/destinocastillayleon.es\/index\/wp-content\/uploads\/2016\/06\/aafe8c8f8cac39d4c9384f5974422c2a1.jpg 640w, https:\/\/destinocastillayleon.es\/index\/wp-content\/uploads\/2016\/06\/aafe8c8f8cac39d4c9384f5974422c2a1-300x194.jpg 300w\" sizes=\"(max-width: 640px) 100vw, 640px\" \/><figcaption id=\"caption-attachment-22926\" class=\"wp-caption-text\">Palacio de Pimentel &#8211; Destino Castilla y Le\u00f3n<\/figcaption><\/figure><br \/>\n&nbsp;<br \/>\n<strong>22:30h<\/strong> Museo Patio Herreriano (Patio de los Reyes)<\/p>\n<ol>\nEstreno del espect\u00e1culo \u201cAmor y m\u00fasica en la \u00e9poca de Cervantes\u201d<br \/>\nGrupo de M\u00fasica Antigua de la UVa<br \/>\nDirector: Ignacio Nieto<br \/>\nDirector de escena: Jaime Rodr\u00edguez<br \/>\nEntrada: 8 \u20ac<\/ol>\n<p>&nbsp; <\/p>\n<h4>Domingo 19 de junio<\/h4>\n<ol>\n<strong>De 12:00h a 13:30h<\/strong> Salida desde la Plaza Zorrilla (estatua de Zorrilla)<br \/>\nVisita guiada El Valladolid de la Corte<br \/>\nEntrada: 10 \u20ac<\/ol>\n<p>&nbsp;<br \/>\nLas entradas y abonos para los espect\u00e1culos que lo requieren del #festivalrenacentista se pueden adquirir con <a href=\"http:\/\/www.welcomecastillayleon.com\/\" target=\"_blank\">Welcome Castilla y Le\u00f3n<\/a> o en la <a href=\"https:\/\/goo.gl\/maps\/NxDwAuyXeLn\" title=\"Link a Google maps que te indica d\u00f3nde se encuentra la Oficina de Turismo de la Acera de Recoletos\" target=\"_blank\">Oficina de Turismo del Paseo de Recoletos<\/a>.<\/p>\n","protected":false},"excerpt":{"rendered":"<p>Este pr\u00f3ximo fin de semana de junio, se celebran las II Jornadas renacentistas de La Corte en Valladolid. Una serie de actividades para recrear un trocito de nuestra historia<\/p>\n","protected":false},"author":2,"featured_media":22931,"comment_status":"open","ping_status":"closed","sticky":false,"template":"","format":"standard","meta":{"rop_custom_images_group":[],"rop_custom_messages_group":[],"rop_publish_now":"initial","rop_publish_now_accounts":{"twitter_1150954226_1150954226":""},"rop_publish_now_history":[],"rop_publish_now_status":"pending","footnotes":""},"categories":[77,1343,68,26,4800],"tags":[4993,660,548,4994],"class_list":["post-22913","post","type-post","status-publish","format-standard","has-post-thumbnail","hentry","category-actualidad-y-agenda-de-castilla-y-leon","category-agenda","category-post_inicial","category-valladolid","category-valladolid-actualidad","tag-la-corte-en-valladolid","tag-que-ver-en-valladolid","tag-turismo-en-valladolid","tag-valladolid-historico"],"yoast_head":"<!-- This site is optimized with the Yoast SEO Premium plugin v20.4 (Yoast SEO v27.4) - https:\/\/yoast.com\/product\/yoast-seo-premium-wordpress\/ -->\n<title>Jornadas renacentistas La Corte en Valladolid - DestinoCyL<\/title>\n<meta name=\"description\" content=\"Este fin de semana, se celebran las II Jornadas renacentistas de La Corte en Valladolid. Una serie de actividades que recrean un trocito de nuestra historia\" \/>\n<meta name=\"robots\" content=\"index, follow, max-snippet:-1, max-image-preview:large, max-video-preview:-1\" \/>\n<link rel=\"canonical\" href=\"https:\/\/destinocastillayleon.es\/index\/jornadas-renacentistas-la-corte-en-valladolid-2016\/\" \/>\n<meta property=\"og:locale\" content=\"es_ES\" \/>\n<meta property=\"og:type\" content=\"article\" \/>\n<meta property=\"og:title\" content=\"Jornadas renacentistas La Corte en Valladolid - Destino Castilla y Le\u00f3n\" \/>\n<meta property=\"og:description\" content=\"Este pr\u00f3ximo fin de semana de junio, se celebran las II Jornadas renacentistas de La Corte en Valladolid. Una serie de actividades para recrear un trocito de nuestra historia\" \/>\n<meta property=\"og:url\" content=\"https:\/\/destinocastillayleon.es\/index\/jornadas-renacentistas-la-corte-en-valladolid-2016\/\" \/>\n<meta property=\"og:site_name\" content=\"Destino Castilla y Le\u00f3n\" \/>\n<meta property=\"article:publisher\" content=\"https:\/\/www.facebook.com\/DestinoCastillaYLeon\/\" \/>\n<meta property=\"article:author\" content=\"https:\/\/www.facebook.com\/profile.php?id=1158416854\" \/>\n<meta property=\"article:published_time\" content=\"2016-06-15T05:40:09+00:00\" \/>\n<meta property=\"article:modified_time\" content=\"2016-06-15T05:42:04+00:00\" \/>\n<meta property=\"og:image\" content=\"https:\/\/destinocastillayleon.es\/index\/wp-content\/uploads\/2016\/06\/La-corte-en-Valladolid-2016.jpg\" \/>\n\t<meta property=\"og:image:width\" content=\"640\" \/>\n\t<meta property=\"og:image:height\" content=\"384\" \/>\n\t<meta property=\"og:image:type\" content=\"image\/jpeg\" \/>\n<meta name=\"author\" content=\"David V\u00e1zquez\" \/>\n<meta name=\"twitter:card\" content=\"summary_large_image\" \/>\n<meta name=\"twitter:title\" content=\"Jornadas renacentistas La Corte en Valladolid - Destino Castilla y Le\u00f3n\" \/>\n<meta name=\"twitter:description\" content=\"Este pr\u00f3ximo fin de semana de junio, se celebran las II Jornadas renacentistas de La Corte en Valladolid. Una serie de actividades para recrear un trocito de nuestra historia\" \/>\n<meta name=\"twitter:image\" content=\"http:\/\/destinocastillayleon.es\/index\/wp-content\/uploads\/2016\/06\/La-corte-en-Valladolid-2016-300x180.jpg\" \/>\n<meta name=\"twitter:creator\" content=\"@https:\/\/twitter.com\/ContePantaleone\u200e\" \/>\n<meta name=\"twitter:site\" content=\"@destinocyl\" \/>\n<meta name=\"twitter:label1\" content=\"Escrito por\" \/>\n\t<meta name=\"twitter:data1\" content=\"David V\u00e1zquez\" \/>\n\t<meta name=\"twitter:label2\" content=\"Tiempo de lectura\" \/>\n\t<meta name=\"twitter:data2\" content=\"4 minutos\" \/>\n<script type=\"application\/ld+json\" class=\"yoast-schema-graph\">{\"@context\":\"https:\\\/\\\/schema.org\",\"@graph\":[{\"@type\":\"Article\",\"@id\":\"https:\\\/\\\/destinocastillayleon.es\\\/index\\\/jornadas-renacentistas-la-corte-en-valladolid-2016\\\/#article\",\"isPartOf\":{\"@id\":\"https:\\\/\\\/destinocastillayleon.es\\\/index\\\/jornadas-renacentistas-la-corte-en-valladolid-2016\\\/\"},\"author\":{\"name\":\"David V\u00e1zquez\",\"@id\":\"https:\\\/\\\/destinocastillayleon.es\\\/index\\\/#\\\/schema\\\/person\\\/189221bc8f6cc4fa28b18ad5c289d4c2\"},\"headline\":\"Jornadas renacentistas La Corte en Valladolid\",\"datePublished\":\"2016-06-15T05:40:09+00:00\",\"dateModified\":\"2016-06-15T05:42:04+00:00\",\"mainEntityOfPage\":{\"@id\":\"https:\\\/\\\/destinocastillayleon.es\\\/index\\\/jornadas-renacentistas-la-corte-en-valladolid-2016\\\/\"},\"wordCount\":718,\"commentCount\":0,\"image\":{\"@id\":\"https:\\\/\\\/destinocastillayleon.es\\\/index\\\/jornadas-renacentistas-la-corte-en-valladolid-2016\\\/#primaryimage\"},\"thumbnailUrl\":\"https:\\\/\\\/destinocastillayleon.es\\\/index\\\/wp-content\\\/uploads\\\/2016\\\/06\\\/La-corte-en-Valladolid-2016.jpg\",\"keywords\":[\"La corte en Valladolid\",\"Qu\u00e9 ver en Valladolid\",\"Turismo en Valladolid\",\"valladolid hist\u00f3rico\"],\"articleSection\":[\"Actualidad\",\"Agenda\",\"Post_inicial\",\"Valladolid\",\"Valladolid Actualidad\"],\"inLanguage\":\"es\",\"potentialAction\":[{\"@type\":\"CommentAction\",\"name\":\"Comment\",\"target\":[\"https:\\\/\\\/destinocastillayleon.es\\\/index\\\/jornadas-renacentistas-la-corte-en-valladolid-2016\\\/#respond\"]}]},{\"@type\":\"WebPage\",\"@id\":\"https:\\\/\\\/destinocastillayleon.es\\\/index\\\/jornadas-renacentistas-la-corte-en-valladolid-2016\\\/\",\"url\":\"https:\\\/\\\/destinocastillayleon.es\\\/index\\\/jornadas-renacentistas-la-corte-en-valladolid-2016\\\/\",\"name\":\"Jornadas renacentistas La Corte en Valladolid - DestinoCyL\",\"isPartOf\":{\"@id\":\"https:\\\/\\\/destinocastillayleon.es\\\/index\\\/#website\"},\"primaryImageOfPage\":{\"@id\":\"https:\\\/\\\/destinocastillayleon.es\\\/index\\\/jornadas-renacentistas-la-corte-en-valladolid-2016\\\/#primaryimage\"},\"image\":{\"@id\":\"https:\\\/\\\/destinocastillayleon.es\\\/index\\\/jornadas-renacentistas-la-corte-en-valladolid-2016\\\/#primaryimage\"},\"thumbnailUrl\":\"https:\\\/\\\/destinocastillayleon.es\\\/index\\\/wp-content\\\/uploads\\\/2016\\\/06\\\/La-corte-en-Valladolid-2016.jpg\",\"datePublished\":\"2016-06-15T05:40:09+00:00\",\"dateModified\":\"2016-06-15T05:42:04+00:00\",\"author\":{\"@id\":\"https:\\\/\\\/destinocastillayleon.es\\\/index\\\/#\\\/schema\\\/person\\\/189221bc8f6cc4fa28b18ad5c289d4c2\"},\"description\":\"Este fin de semana, se celebran las II Jornadas renacentistas de La Corte en Valladolid. Una serie de actividades que recrean un trocito de nuestra historia\",\"breadcrumb\":{\"@id\":\"https:\\\/\\\/destinocastillayleon.es\\\/index\\\/jornadas-renacentistas-la-corte-en-valladolid-2016\\\/#breadcrumb\"},\"inLanguage\":\"es\",\"potentialAction\":[{\"@type\":\"ReadAction\",\"target\":[\"https:\\\/\\\/destinocastillayleon.es\\\/index\\\/jornadas-renacentistas-la-corte-en-valladolid-2016\\\/\"]}]},{\"@type\":\"ImageObject\",\"inLanguage\":\"es\",\"@id\":\"https:\\\/\\\/destinocastillayleon.es\\\/index\\\/jornadas-renacentistas-la-corte-en-valladolid-2016\\\/#primaryimage\",\"url\":\"https:\\\/\\\/destinocastillayleon.es\\\/index\\\/wp-content\\\/uploads\\\/2016\\\/06\\\/La-corte-en-Valladolid-2016.jpg\",\"contentUrl\":\"https:\\\/\\\/destinocastillayleon.es\\\/index\\\/wp-content\\\/uploads\\\/2016\\\/06\\\/La-corte-en-Valladolid-2016.jpg\",\"width\":640,\"height\":384,\"caption\":\"La corte en Valladolid 2016\"},{\"@type\":\"BreadcrumbList\",\"@id\":\"https:\\\/\\\/destinocastillayleon.es\\\/index\\\/jornadas-renacentistas-la-corte-en-valladolid-2016\\\/#breadcrumb\",\"itemListElement\":[{\"@type\":\"ListItem\",\"position\":1,\"name\":\"Portada\",\"item\":\"https:\\\/\\\/destinocastillayleon.es\\\/index\\\/\"},{\"@type\":\"ListItem\",\"position\":2,\"name\":\"Jornadas renacentistas La Corte en Valladolid\"}]},{\"@type\":\"WebSite\",\"@id\":\"https:\\\/\\\/destinocastillayleon.es\\\/index\\\/#website\",\"url\":\"https:\\\/\\\/destinocastillayleon.es\\\/index\\\/\",\"name\":\"Destino Castilla y Le\u00f3n\",\"description\":\"Medio digital independiente y revista de Castilla y Le\u00f3n dedicado al turismo, gastronom\u00eda y vino de Castilla y Le\u00f3n\",\"potentialAction\":[{\"@type\":\"SearchAction\",\"target\":{\"@type\":\"EntryPoint\",\"urlTemplate\":\"https:\\\/\\\/destinocastillayleon.es\\\/index\\\/?s={search_term_string}\"},\"query-input\":{\"@type\":\"PropertyValueSpecification\",\"valueRequired\":true,\"valueName\":\"search_term_string\"}}],\"inLanguage\":\"es\"},{\"@type\":\"Person\",\"@id\":\"https:\\\/\\\/destinocastillayleon.es\\\/index\\\/#\\\/schema\\\/person\\\/189221bc8f6cc4fa28b18ad5c289d4c2\",\"name\":\"David V\u00e1zquez\",\"image\":{\"@type\":\"ImageObject\",\"inLanguage\":\"es\",\"@id\":\"https:\\\/\\\/secure.gravatar.com\\\/avatar\\\/cd12db6c575a90c3b75cfa0f794b74d425201c768612fad17e9f13cd33d48be8?s=96&d=mm&r=g\",\"url\":\"https:\\\/\\\/secure.gravatar.com\\\/avatar\\\/cd12db6c575a90c3b75cfa0f794b74d425201c768612fad17e9f13cd33d48be8?s=96&d=mm&r=g\",\"contentUrl\":\"https:\\\/\\\/secure.gravatar.com\\\/avatar\\\/cd12db6c575a90c3b75cfa0f794b74d425201c768612fad17e9f13cd33d48be8?s=96&d=mm&r=g\",\"caption\":\"David V\u00e1zquez\"},\"description\":\"Ingeniero Industrial de vocaci\u00f3n y profesi\u00f3n, he encontrado en los blogs la forma de plasmar mi pasi\u00f3n por los viajes, la gastronom\u00eda y los vinos. Especialmente los procedentes de Castilla y Le\u00f3n\",\"sameAs\":[\"https:\\\/\\\/www.destinocastillayleon.es\",\"https:\\\/\\\/www.facebook.com\\\/profile.php?id=1158416854\",\"https:\\\/\\\/instagram.com\\\/conte.pantaleone\",\"https:\\\/\\\/www.linkedin.com\\\/pub\\\/david-vazquez-lozano\\\/37\\\/17a\\\/25a\",\"https:\\\/\\\/x.com\\\/https:\\\/\\\/twitter.com\\\/ContePantaleone\u200e\"],\"url\":\"https:\\\/\\\/destinocastillayleon.es\\\/index\\\/author\\\/coadministradorcyl\\\/\"}]}<\/script>\n<!-- \/ Yoast SEO Premium plugin. -->","yoast_head_json":{"title":"Jornadas renacentistas La Corte en Valladolid - DestinoCyL","description":"Este fin de semana, se celebran las II Jornadas renacentistas de La Corte en Valladolid. Una serie de actividades que recrean un trocito de nuestra historia","robots":{"index":"index","follow":"follow","max-snippet":"max-snippet:-1","max-image-preview":"max-image-preview:large","max-video-preview":"max-video-preview:-1"},"canonical":"https:\/\/destinocastillayleon.es\/index\/jornadas-renacentistas-la-corte-en-valladolid-2016\/","og_locale":"es_ES","og_type":"article","og_title":"Jornadas renacentistas La Corte en Valladolid - Destino Castilla y Le\u00f3n","og_description":"Este pr\u00f3ximo fin de semana de junio, se celebran las II Jornadas renacentistas de La Corte en Valladolid. Una serie de actividades para recrear un trocito de nuestra historia","og_url":"https:\/\/destinocastillayleon.es\/index\/jornadas-renacentistas-la-corte-en-valladolid-2016\/","og_site_name":"Destino Castilla y Le\u00f3n","article_publisher":"https:\/\/www.facebook.com\/DestinoCastillaYLeon\/","article_author":"https:\/\/www.facebook.com\/profile.php?id=1158416854","article_published_time":"2016-06-15T05:40:09+00:00","article_modified_time":"2016-06-15T05:42:04+00:00","og_image":[{"width":640,"height":384,"url":"https:\/\/destinocastillayleon.es\/index\/wp-content\/uploads\/2016\/06\/La-corte-en-Valladolid-2016.jpg","type":"image\/jpeg"}],"author":"David V\u00e1zquez","twitter_card":"summary_large_image","twitter_title":"Jornadas renacentistas La Corte en Valladolid - Destino Castilla y Le\u00f3n","twitter_description":"Este pr\u00f3ximo fin de semana de junio, se celebran las II Jornadas renacentistas de La Corte en Valladolid. Una serie de actividades para recrear un trocito de nuestra historia","twitter_image":"http:\/\/destinocastillayleon.es\/index\/wp-content\/uploads\/2016\/06\/La-corte-en-Valladolid-2016-300x180.jpg","twitter_creator":"@https:\/\/twitter.com\/ContePantaleone\u200e","twitter_site":"@destinocyl","twitter_misc":{"Escrito por":"David V\u00e1zquez","Tiempo de lectura":"4 minutos"},"schema":{"@context":"https:\/\/schema.org","@graph":[{"@type":"Article","@id":"https:\/\/destinocastillayleon.es\/index\/jornadas-renacentistas-la-corte-en-valladolid-2016\/#article","isPartOf":{"@id":"https:\/\/destinocastillayleon.es\/index\/jornadas-renacentistas-la-corte-en-valladolid-2016\/"},"author":{"name":"David V\u00e1zquez","@id":"https:\/\/destinocastillayleon.es\/index\/#\/schema\/person\/189221bc8f6cc4fa28b18ad5c289d4c2"},"headline":"Jornadas renacentistas La Corte en Valladolid","datePublished":"2016-06-15T05:40:09+00:00","dateModified":"2016-06-15T05:42:04+00:00","mainEntityOfPage":{"@id":"https:\/\/destinocastillayleon.es\/index\/jornadas-renacentistas-la-corte-en-valladolid-2016\/"},"wordCount":718,"commentCount":0,"image":{"@id":"https:\/\/destinocastillayleon.es\/index\/jornadas-renacentistas-la-corte-en-valladolid-2016\/#primaryimage"},"thumbnailUrl":"https:\/\/destinocastillayleon.es\/index\/wp-content\/uploads\/2016\/06\/La-corte-en-Valladolid-2016.jpg","keywords":["La corte en Valladolid","Qu\u00e9 ver en Valladolid","Turismo en Valladolid","valladolid hist\u00f3rico"],"articleSection":["Actualidad","Agenda","Post_inicial","Valladolid","Valladolid Actualidad"],"inLanguage":"es","potentialAction":[{"@type":"CommentAction","name":"Comment","target":["https:\/\/destinocastillayleon.es\/index\/jornadas-renacentistas-la-corte-en-valladolid-2016\/#respond"]}]},{"@type":"WebPage","@id":"https:\/\/destinocastillayleon.es\/index\/jornadas-renacentistas-la-corte-en-valladolid-2016\/","url":"https:\/\/destinocastillayleon.es\/index\/jornadas-renacentistas-la-corte-en-valladolid-2016\/","name":"Jornadas renacentistas La Corte en Valladolid - DestinoCyL","isPartOf":{"@id":"https:\/\/destinocastillayleon.es\/index\/#website"},"primaryImageOfPage":{"@id":"https:\/\/destinocastillayleon.es\/index\/jornadas-renacentistas-la-corte-en-valladolid-2016\/#primaryimage"},"image":{"@id":"https:\/\/destinocastillayleon.es\/index\/jornadas-renacentistas-la-corte-en-valladolid-2016\/#primaryimage"},"thumbnailUrl":"https:\/\/destinocastillayleon.es\/index\/wp-content\/uploads\/2016\/06\/La-corte-en-Valladolid-2016.jpg","datePublished":"2016-06-15T05:40:09+00:00","dateModified":"2016-06-15T05:42:04+00:00","author":{"@id":"https:\/\/destinocastillayleon.es\/index\/#\/schema\/person\/189221bc8f6cc4fa28b18ad5c289d4c2"},"description":"Este fin de semana, se celebran las II Jornadas renacentistas de La Corte en Valladolid. Una serie de actividades que recrean un trocito de nuestra historia","breadcrumb":{"@id":"https:\/\/destinocastillayleon.es\/index\/jornadas-renacentistas-la-corte-en-valladolid-2016\/#breadcrumb"},"inLanguage":"es","potentialAction":[{"@type":"ReadAction","target":["https:\/\/destinocastillayleon.es\/index\/jornadas-renacentistas-la-corte-en-valladolid-2016\/"]}]},{"@type":"ImageObject","inLanguage":"es","@id":"https:\/\/destinocastillayleon.es\/index\/jornadas-renacentistas-la-corte-en-valladolid-2016\/#primaryimage","url":"https:\/\/destinocastillayleon.es\/index\/wp-content\/uploads\/2016\/06\/La-corte-en-Valladolid-2016.jpg","contentUrl":"https:\/\/destinocastillayleon.es\/index\/wp-content\/uploads\/2016\/06\/La-corte-en-Valladolid-2016.jpg","width":640,"height":384,"caption":"La corte en Valladolid 2016"},{"@type":"BreadcrumbList","@id":"https:\/\/destinocastillayleon.es\/index\/jornadas-renacentistas-la-corte-en-valladolid-2016\/#breadcrumb","itemListElement":[{"@type":"ListItem","position":1,"name":"Portada","item":"https:\/\/destinocastillayleon.es\/index\/"},{"@type":"ListItem","position":2,"name":"Jornadas renacentistas La Corte en Valladolid"}]},{"@type":"WebSite","@id":"https:\/\/destinocastillayleon.es\/index\/#website","url":"https:\/\/destinocastillayleon.es\/index\/","name":"Destino Castilla y Le\u00f3n","description":"Medio digital independiente y revista de Castilla y Le\u00f3n dedicado al turismo, gastronom\u00eda y vino de Castilla y Le\u00f3n","potentialAction":[{"@type":"SearchAction","target":{"@type":"EntryPoint","urlTemplate":"https:\/\/destinocastillayleon.es\/index\/?s={search_term_string}"},"query-input":{"@type":"PropertyValueSpecification","valueRequired":true,"valueName":"search_term_string"}}],"inLanguage":"es"},{"@type":"Person","@id":"https:\/\/destinocastillayleon.es\/index\/#\/schema\/person\/189221bc8f6cc4fa28b18ad5c289d4c2","name":"David V\u00e1zquez","image":{"@type":"ImageObject","inLanguage":"es","@id":"https:\/\/secure.gravatar.com\/avatar\/cd12db6c575a90c3b75cfa0f794b74d425201c768612fad17e9f13cd33d48be8?s=96&d=mm&r=g","url":"https:\/\/secure.gravatar.com\/avatar\/cd12db6c575a90c3b75cfa0f794b74d425201c768612fad17e9f13cd33d48be8?s=96&d=mm&r=g","contentUrl":"https:\/\/secure.gravatar.com\/avatar\/cd12db6c575a90c3b75cfa0f794b74d425201c768612fad17e9f13cd33d48be8?s=96&d=mm&r=g","caption":"David V\u00e1zquez"},"description":"Ingeniero Industrial de vocaci\u00f3n y profesi\u00f3n, he encontrado en los blogs la forma de plasmar mi pasi\u00f3n por los viajes, la gastronom\u00eda y los vinos. Especialmente los procedentes de Castilla y Le\u00f3n","sameAs":["https:\/\/www.destinocastillayleon.es","https:\/\/www.facebook.com\/profile.php?id=1158416854","https:\/\/instagram.com\/conte.pantaleone","https:\/\/www.linkedin.com\/pub\/david-vazquez-lozano\/37\/17a\/25a","https:\/\/x.com\/https:\/\/twitter.com\/ContePantaleone\u200e"],"url":"https:\/\/destinocastillayleon.es\/index\/author\/coadministradorcyl\/"}]}},"_links":{"self":[{"href":"https:\/\/destinocastillayleon.es\/index\/wp-json\/wp\/v2\/posts\/22913","targetHints":{"allow":["GET"]}}],"collection":[{"href":"https:\/\/destinocastillayleon.es\/index\/wp-json\/wp\/v2\/posts"}],"about":[{"href":"https:\/\/destinocastillayleon.es\/index\/wp-json\/wp\/v2\/types\/post"}],"author":[{"embeddable":true,"href":"https:\/\/destinocastillayleon.es\/index\/wp-json\/wp\/v2\/users\/2"}],"replies":[{"embeddable":true,"href":"https:\/\/destinocastillayleon.es\/index\/wp-json\/wp\/v2\/comments?post=22913"}],"version-history":[{"count":15,"href":"https:\/\/destinocastillayleon.es\/index\/wp-json\/wp\/v2\/posts\/22913\/revisions"}],"predecessor-version":[{"id":22935,"href":"https:\/\/destinocastillayleon.es\/index\/wp-json\/wp\/v2\/posts\/22913\/revisions\/22935"}],"wp:featuredmedia":[{"embeddable":true,"href":"https:\/\/destinocastillayleon.es\/index\/wp-json\/wp\/v2\/media\/22931"}],"wp:attachment":[{"href":"https:\/\/destinocastillayleon.es\/index\/wp-json\/wp\/v2\/media?parent=22913"}],"wp:term":[{"taxonomy":"category","embeddable":true,"href":"https:\/\/destinocastillayleon.es\/index\/wp-json\/wp\/v2\/categories?post=22913"},{"taxonomy":"post_tag","embeddable":true,"href":"https:\/\/destinocastillayleon.es\/index\/wp-json\/wp\/v2\/tags?post=22913"}],"curies":[{"name":"wp","href":"https:\/\/api.w.org\/{rel}","templated":true}]}}