{"id":22320,"date":"2016-03-30T07:16:39","date_gmt":"2016-03-30T05:16:39","guid":{"rendered":"http:\/\/destinocastillayleon.es\/index\/?p=22320"},"modified":"2018-03-12T07:16:19","modified_gmt":"2018-03-12T06:16:19","slug":"imagenes-de-la-semana-santa-en-castilla-y-leon","status":"publish","type":"post","link":"https:\/\/destinocastillayleon.es\/index\/imagenes-de-la-semana-santa-en-castilla-y-leon\/","title":{"rendered":"Las 12 im\u00e1genes de la Semana Santa en Castilla y Le\u00f3n m\u00e1s impactantes"},"content":{"rendered":"<p>La Semana Santa en Castilla y Le\u00f3n ya ha terminado, y nosotros hemos querido recopilar las 12 mejores fotograf\u00edas que se han compartido en Instagram en estos pasados d\u00edas. Son las que mas nos han gustado. <strong>\u00bfY t\u00fa?<\/strong><\/p>\n<p><strong>\u00bfhas vivido la Semana Santa en Castilla y Le\u00f3n?<\/strong> Env\u00edanos tus fotograf\u00edas, estaremos encantados de compartiras<\/p>\n<p>&nbsp;<\/p>\n<h2>Las m\u00e1s impactantes im\u00e1genes de la Semana Santa en Castilla y Le\u00f3n<\/h2>\n<h3>Semana Santa de Valladolid<\/h3>\n<p>Posiblemente junto a Zamora, es una de las m\u00e1s famosas por su grandiosidad y su arte vivo en las calles. Al siempre atractivo turismo gastron\u00f3mico, estos d\u00edas se presenta la oportunidad de ver un museo caminando entre los edificios al son de tambores y cornetas,.. porque todo el mundo guarda un respetuoso silencio.<br \/>\n<center><\/p>\n<blockquote class=\"instagram-media\" data-instgrm-captioned data-instgrm-version=\"6\" style=\" background:#FFF; border:0; border-radius:3px; box-shadow:0 0 1px 0 rgba(0,0,0,0.5),0 1px 10px 0 rgba(0,0,0,0.15); margin: 1px; max-width:658px; padding:0; width:99.375%; width:-webkit-calc(100% - 2px); width:calc(100% - 2px);\">\n<div style=\"padding:8px;\">\n<div style=\" background:#F8F8F8; line-height:0; margin-top:40px; padding:50.0% 0; text-align:center; width:100%;\">\n<div style=\" background:url(data:image\/png;base64,iVBORw0KGgoAAAANSUhEUgAAACwAAAAsCAMAAAApWqozAAAAGFBMVEUiIiI9PT0eHh4gIB4hIBkcHBwcHBwcHBydr+JQAAAACHRSTlMABA4YHyQsM5jtaMwAAADfSURBVDjL7ZVBEgMhCAQBAf\/\/42xcNbpAqakcM0ftUmFAAIBE81IqBJdS3lS6zs3bIpB9WED3YYXFPmHRfT8sgyrCP1x8uEUxLMzNWElFOYCV6mHWWwMzdPEKHlhLw7NWJqkHc4uIZphavDzA2JPzUDsBZziNae2S6owH8xPmX8G7zzgKEOPUoYHvGz1TBCxMkd3kwNVbU0gKHkx+iZILf77IofhrY1nYFnB\/lQPb79drWOyJVa\/DAvg9B\/rLB4cC+Nqgdz\/TvBbBnr6GBReqn\/nRmDgaQEej7WhonozjF+Y2I\/fZou\/qAAAAAElFTkSuQmCC); display:block; height:44px; margin:0 auto -44px; position:relative; top:-22px; width:44px;\"><\/div>\n<\/div>\n<p style=\" margin:8px 0 0 0; padding:0 4px;\"> <a href=\"https:\/\/www.instagram.com\/p\/BCyrIeyJuOe\/\" style=\" color:#000; font-family:Arial,sans-serif; font-size:14px; font-style:normal; font-weight:normal; line-height:17px; text-decoration:none; word-wrap:break-word;\" target=\"_blank\">Este a\u00f1o volveremos a acompa\u00f1arte por las calles de Valladolid y siempre tras tus pasos, Se\u00f1or #semanasanta #valladolid #castillayleon #cylesvida #espa\u00f1a #spain #ssvll<\/a><\/p>\n<p style=\" color:#c9c8cd; font-family:Arial,sans-serif; font-size:14px; line-height:17px; margin-bottom:0; margin-top:8px; overflow:hidden; padding:8px 0 7px; text-align:center; text-overflow:ellipsis; white-space:nowrap;\">Una foto publicada por Semana Santa Valladolid (@semanasantaval) el <time style=\" font-family:Arial,sans-serif; font-size:14px; line-height:17px;\" datetime=\"2016-03-10T23:57:57+00:00\">10 de Mar de 2016 a la(s) 3:57 PST<\/time><\/p>\n<\/div>\n<\/blockquote>\n<p><script async defer src=\"\/\/platform.instagram.com\/en_US\/embeds.js\"><\/script><\/center><\/p>\n<p>&nbsp;<\/p>\n<h3>Semana Santa de Salamanca<\/h3>\n<p>Salamanca siempre tiene algo que ofrecer; llena de misterios y de romanticismo. La semana santa salmantina se alarga hasta el lunes, donde seg\u00fan la tradici\u00f3n se permit\u00eda la vuelta de las prostitutas a la ciudad, que ven\u00edan del otro lado del rio, tapadas con ramas, (origen de la expresi\u00f3n de \u00abramera\u00bb). En este lunes de agua, la tradici\u00f3n dicta disfrutar de un buen hornazo.<br \/>\n<center><\/p>\n<blockquote class=\"instagram-media\" data-instgrm-captioned data-instgrm-version=\"6\" style=\" background:#FFF; border:0; border-radius:3px; box-shadow:0 0 1px 0 rgba(0,0,0,0.5),0 1px 10px 0 rgba(0,0,0,0.15); margin: 1px; max-width:658px; padding:0; width:99.375%; width:-webkit-calc(100% - 2px); width:calc(100% - 2px);\">\n<div style=\"padding:8px;\">\n<div style=\" background:#F8F8F8; line-height:0; margin-top:40px; padding:50.0% 0; text-align:center; width:100%;\">\n<div style=\" background:url(data:image\/png;base64,iVBORw0KGgoAAAANSUhEUgAAACwAAAAsCAMAAAApWqozAAAAGFBMVEUiIiI9PT0eHh4gIB4hIBkcHBwcHBwcHBydr+JQAAAACHRSTlMABA4YHyQsM5jtaMwAAADfSURBVDjL7ZVBEgMhCAQBAf\/\/42xcNbpAqakcM0ftUmFAAIBE81IqBJdS3lS6zs3bIpB9WED3YYXFPmHRfT8sgyrCP1x8uEUxLMzNWElFOYCV6mHWWwMzdPEKHlhLw7NWJqkHc4uIZphavDzA2JPzUDsBZziNae2S6owH8xPmX8G7zzgKEOPUoYHvGz1TBCxMkd3kwNVbU0gKHkx+iZILf77IofhrY1nYFnB\/lQPb79drWOyJVa\/DAvg9B\/rLB4cC+Nqgdz\/TvBbBnr6GBReqn\/nRmDgaQEej7WhonozjF+Y2I\/fZou\/qAAAAAElFTkSuQmCC); display:block; height:44px; margin:0 auto -44px; position:relative; top:-22px; width:44px;\"><\/div>\n<\/div>\n<p style=\" margin:8px 0 0 0; padding:0 4px;\"> <a href=\"https:\/\/www.instagram.com\/p\/BC-fX0Hyb7t\/\" style=\" color:#000; font-family:Arial,sans-serif; font-size:14px; font-style:normal; font-weight:normal; line-height:17px; text-decoration:none; word-wrap:break-word;\" target=\"_blank\">Se\u00f1ores agenda para Semana Santa en Salamanca: -Mi\u00e9rcoles de Pasi\u00f3n: Via Crucis de la Hdad. Del Silencio -Jueves de Pasi\u00f3n: Via Crucis de la Hdad. De Jesus Despojado -Viernes de Dolores: Dolorosa (Via Matris) y traslado del Cristo de la Liberaci\u00f3n -S\u00e1bado de Pasi\u00f3n: besamanos de la Soledad -Domingo de Ramos: Jes\u00fas amigo de los ni\u00f1os, Jes\u00fas Despojado y Jes\u00fas del Perd\u00f3n -Lunes Santo: Cristo de los Doctrinos y Via Crucis de Jes\u00fas de la Promesa -Martes Santo: Hdad. Universitaria -Mi\u00e9rcoles Santo: Hdad. Jes\u00fas Flagelado -Jueves Santo: Hdad. Yacente, Jes\u00fas del Via Crucis, Ser\u00e1fica Hdad. Y Hdad. Amor y Paz -Viernes Santo: Hdad. Dominicana, Acto del descendimiento, Santo Entierro, Oraci\u00f3n en \u00e9l Huerto, Jes\u00fas Rescatado y Jes\u00fas Nazareno -S\u00e1bado Santo: Hdad. Soledad y Secci\u00f3n de la liberaci\u00f3n -Domingo de Resurrecci\u00f3n: procesi\u00f3n del Encuentro<\/a><\/p>\n<p style=\" color:#c9c8cd; font-family:Arial,sans-serif; font-size:14px; line-height:17px; margin-bottom:0; margin-top:8px; overflow:hidden; padding:8px 0 7px; text-align:center; text-overflow:ellipsis; white-space:nowrap;\">Una foto publicada por Semana Santa Salamanca (@semana_santa_salamanca) el <time style=\" font-family:Arial,sans-serif; font-size:14px; line-height:17px;\" datetime=\"2016-03-15T14:06:05+00:00\">15 de Mar de 2016 a la(s) 7:06 PDT<\/time><\/p>\n<\/div>\n<\/blockquote>\n<p><script async defer src=\"\/\/platform.instagram.com\/en_US\/embeds.js\"><\/script><\/center><\/p>\n<p>&nbsp;<\/p>\n<h3>Semana Santa de \u00c1vila<\/h3>\n<p>La ciudad amurallada tambi\u00e9n atesora el calificativo de Festividad declarada de Inter\u00e9s Tur\u00edstico Internacional. El marco es \u00fanico, por lo que lo mejor es dejarse seducir por esta maravillos ciudad.<br \/>\n<center><\/p>\n<blockquote class=\"instagram-media\" data-instgrm-captioned data-instgrm-version=\"6\" style=\" background:#FFF; border:0; border-radius:3px; box-shadow:0 0 1px 0 rgba(0,0,0,0.5),0 1px 10px 0 rgba(0,0,0,0.15); margin: 1px; max-width:658px; padding:0; width:99.375%; width:-webkit-calc(100% - 2px); width:calc(100% - 2px);\">\n<div style=\"padding:8px;\">\n<div style=\" background:#F8F8F8; line-height:0; margin-top:40px; padding:50.0% 0; text-align:center; width:100%;\">\n<div style=\" background:url(data:image\/png;base64,iVBORw0KGgoAAAANSUhEUgAAACwAAAAsCAMAAAApWqozAAAAGFBMVEUiIiI9PT0eHh4gIB4hIBkcHBwcHBwcHBydr+JQAAAACHRSTlMABA4YHyQsM5jtaMwAAADfSURBVDjL7ZVBEgMhCAQBAf\/\/42xcNbpAqakcM0ftUmFAAIBE81IqBJdS3lS6zs3bIpB9WED3YYXFPmHRfT8sgyrCP1x8uEUxLMzNWElFOYCV6mHWWwMzdPEKHlhLw7NWJqkHc4uIZphavDzA2JPzUDsBZziNae2S6owH8xPmX8G7zzgKEOPUoYHvGz1TBCxMkd3kwNVbU0gKHkx+iZILf77IofhrY1nYFnB\/lQPb79drWOyJVa\/DAvg9B\/rLB4cC+Nqgdz\/TvBbBnr6GBReqn\/nRmDgaQEej7WhonozjF+Y2I\/fZou\/qAAAAAElFTkSuQmCC); display:block; height:44px; margin:0 auto -44px; position:relative; top:-22px; width:44px;\"><\/div>\n<\/div>\n<p style=\" margin:8px 0 0 0; padding:0 4px;\"> <a href=\"https:\/\/www.instagram.com\/p\/BDRfoJoI803\/\" style=\" color:#000; font-family:Arial,sans-serif; font-size:14px; font-style:normal; font-weight:normal; line-height:17px; text-decoration:none; word-wrap:break-word;\" target=\"_blank\">#semanasanta2016 #procesion #silencio #semanasantaavila #avila<\/a><\/p>\n<p style=\" color:#c9c8cd; font-family:Arial,sans-serif; font-size:14px; line-height:17px; margin-bottom:0; margin-top:8px; overflow:hidden; padding:8px 0 7px; text-align:center; text-overflow:ellipsis; white-space:nowrap;\">Una foto publicada por SemanaSanta_AG (@semanasanta_ag) el <time style=\" font-family:Arial,sans-serif; font-size:14px; line-height:17px;\" datetime=\"2016-03-22T23:13:53+00:00\">22 de Mar de 2016 a la(s) 4:13 PDT<\/time><\/p>\n<\/div>\n<\/blockquote>\n<p><script async defer src=\"\/\/platform.instagram.com\/en_US\/embeds.js\"><\/script><\/center><\/p>\n<p>&nbsp;<\/p>\n<h3>Semana Santa de Zamora<\/h3>\n<p>Imposible pasar por este repaso sin acordarnos de esta ciudad ba\u00f1ada por el tranquilo Duero. Como Valladolid, el respeto, la devoci\u00f3n y el arte se palp\u00e1n. A nosotros siempre nos ha impactado la procesi\u00f3n de las Capas Pardas, t\u00edpicas y casi exclusivas de Zamora<br \/>\n<center><\/p>\n<blockquote class=\"instagram-media\" data-instgrm-captioned data-instgrm-version=\"6\" style=\" background:#FFF; border:0; border-radius:3px; box-shadow:0 0 1px 0 rgba(0,0,0,0.5),0 1px 10px 0 rgba(0,0,0,0.15); margin: 1px; max-width:658px; padding:0; width:99.375%; width:-webkit-calc(100% - 2px); width:calc(100% - 2px);\">\n<div style=\"padding:8px;\">\n<div style=\" background:#F8F8F8; line-height:0; margin-top:40px; padding:50% 0; text-align:center; width:100%;\">\n<div style=\" background:url(data:image\/png;base64,iVBORw0KGgoAAAANSUhEUgAAACwAAAAsCAMAAAApWqozAAAAGFBMVEUiIiI9PT0eHh4gIB4hIBkcHBwcHBwcHBydr+JQAAAACHRSTlMABA4YHyQsM5jtaMwAAADfSURBVDjL7ZVBEgMhCAQBAf\/\/42xcNbpAqakcM0ftUmFAAIBE81IqBJdS3lS6zs3bIpB9WED3YYXFPmHRfT8sgyrCP1x8uEUxLMzNWElFOYCV6mHWWwMzdPEKHlhLw7NWJqkHc4uIZphavDzA2JPzUDsBZziNae2S6owH8xPmX8G7zzgKEOPUoYHvGz1TBCxMkd3kwNVbU0gKHkx+iZILf77IofhrY1nYFnB\/lQPb79drWOyJVa\/DAvg9B\/rLB4cC+Nqgdz\/TvBbBnr6GBReqn\/nRmDgaQEej7WhonozjF+Y2I\/fZou\/qAAAAAElFTkSuQmCC); display:block; height:44px; margin:0 auto -44px; position:relative; top:-22px; width:44px;\"><\/div>\n<\/div>\n<p style=\" margin:8px 0 0 0; padding:0 4px;\"> <a href=\"https:\/\/www.instagram.com\/p\/XKUe-_Kpmk\/\" style=\" color:#000; font-family:Arial,sans-serif; font-size:14px; font-style:normal; font-weight:normal; line-height:17px; text-decoration:none; word-wrap:break-word;\" target=\"_blank\">Si a\u00fan no tienes plan para Semana Santa, te invito a que visites Zamora en Semana Santa. Si puedes estar el mi\u00e9rcoles y ver las Capas Pardas, mejor que mejor. #ahoramismomegustariaestar #zamora #cyl #castillayleon #spain #espa\u00f1a #semanasanta #capaspardas #travel #viajar<\/a><\/p>\n<p style=\" color:#c9c8cd; font-family:Arial,sans-serif; font-size:14px; line-height:17px; margin-bottom:0; margin-top:8px; overflow:hidden; padding:8px 0 7px; text-align:center; text-overflow:ellipsis; white-space:nowrap;\">Una foto publicada por Fran Perez (@inocente82) el <time style=\" font-family:Arial,sans-serif; font-size:14px; line-height:17px;\" datetime=\"2013-03-22T13:20:29+00:00\">22 de Mar de 2013 a la(s) 6:20 PDT<\/time><\/p>\n<\/div>\n<\/blockquote>\n<p><script async defer src=\"\/\/platform.instagram.com\/en_US\/embeds.js\"><\/script><\/center><\/p>\n<p>&nbsp;<\/p>\n<h3>Semana Santa de Leon<\/h3>\n<p>Con su reconocimiento como evento de Inter\u00e9s Tur\u00edstico Inernacional, Le\u00f3n se convierte en otra de las grandes paradas en nuestra regi\u00f3n. Donde adem\u00e1s de toda la sobriedad que nos caracteriza, tambi\u00e9n puedes realizar la procesi\u00f3n de Genar\u00edn, el borrachito que muri\u00f3 atropellado por el primer cami\u00f3n de la basura de la ciudad.<br \/>\n<center><\/p>\n<blockquote class=\"instagram-media\" data-instgrm-captioned data-instgrm-version=\"6\" style=\" background:#FFF; border:0; border-radius:3px; box-shadow:0 0 1px 0 rgba(0,0,0,0.5),0 1px 10px 0 rgba(0,0,0,0.15); margin: 1px; max-width:658px; padding:0; width:99.375%; width:-webkit-calc(100% - 2px); width:calc(100% - 2px);\">\n<div style=\"padding:8px;\">\n<div style=\" background:#F8F8F8; line-height:0; margin-top:40px; padding:50% 0; text-align:center; width:100%;\">\n<div style=\" background:url(data:image\/png;base64,iVBORw0KGgoAAAANSUhEUgAAACwAAAAsCAMAAAApWqozAAAAGFBMVEUiIiI9PT0eHh4gIB4hIBkcHBwcHBwcHBydr+JQAAAACHRSTlMABA4YHyQsM5jtaMwAAADfSURBVDjL7ZVBEgMhCAQBAf\/\/42xcNbpAqakcM0ftUmFAAIBE81IqBJdS3lS6zs3bIpB9WED3YYXFPmHRfT8sgyrCP1x8uEUxLMzNWElFOYCV6mHWWwMzdPEKHlhLw7NWJqkHc4uIZphavDzA2JPzUDsBZziNae2S6owH8xPmX8G7zzgKEOPUoYHvGz1TBCxMkd3kwNVbU0gKHkx+iZILf77IofhrY1nYFnB\/lQPb79drWOyJVa\/DAvg9B\/rLB4cC+Nqgdz\/TvBbBnr6GBReqn\/nRmDgaQEej7WhonozjF+Y2I\/fZou\/qAAAAAElFTkSuQmCC); display:block; height:44px; margin:0 auto -44px; position:relative; top:-22px; width:44px;\"><\/div>\n<\/div>\n<p style=\" margin:8px 0 0 0; padding:0 4px;\"> <a href=\"https:\/\/www.instagram.com\/p\/1gkcUOgXkT\/\" style=\" color:#000; font-family:Arial,sans-serif; font-size:14px; font-style:normal; font-weight:normal; line-height:17px; text-decoration:none; word-wrap:break-word;\" target=\"_blank\">#SemanaSanta #Leon<\/a><\/p>\n<p style=\" color:#c9c8cd; font-family:Arial,sans-serif; font-size:14px; line-height:17px; margin-bottom:0; margin-top:8px; overflow:hidden; padding:8px 0 7px; text-align:center; text-overflow:ellipsis; white-space:nowrap;\">Una foto publicada por Semana Santa Le\u00f3n (@ss.leon) el <time style=\" font-family:Arial,sans-serif; font-size:14px; line-height:17px;\" datetime=\"2015-04-15T20:25:03+00:00\">15 de Abr de 2015 a la(s) 1:25 PDT<\/time><\/p>\n<\/div>\n<\/blockquote>\n<p><script async defer src=\"\/\/platform.instagram.com\/en_US\/embeds.js\"><\/script><\/center><br \/>\n&nbsp;<\/p>\n<h3>Semana Santa de Palencia<\/h3>\n<p>La bella desconocida tambi\u00e9n posee el reconocimiento de una Semana Santa de Inter\u00e9s Turistico Internacional. Aunque sigue siendo la bella desconocida, esta semana del a\u00f1o se llena de visitantes con ganas de admirar esta Semana Santa, que se mueve a golpe de Tarar\u00fa.<br \/>\n<center><\/p>\n<blockquote class=\"instagram-media\" data-instgrm-captioned data-instgrm-version=\"6\" style=\" background:#FFF; border:0; border-radius:3px; box-shadow:0 0 1px 0 rgba(0,0,0,0.5),0 1px 10px 0 rgba(0,0,0,0.15); margin: 1px; max-width:658px; padding:0; width:99.375%; width:-webkit-calc(100% - 2px); width:calc(100% - 2px);\">\n<div style=\"padding:8px;\">\n<div style=\" background:#F8F8F8; line-height:0; margin-top:40px; padding:50.0% 0; text-align:center; width:100%;\">\n<div style=\" background:url(data:image\/png;base64,iVBORw0KGgoAAAANSUhEUgAAACwAAAAsCAMAAAApWqozAAAAGFBMVEUiIiI9PT0eHh4gIB4hIBkcHBwcHBwcHBydr+JQAAAACHRSTlMABA4YHyQsM5jtaMwAAADfSURBVDjL7ZVBEgMhCAQBAf\/\/42xcNbpAqakcM0ftUmFAAIBE81IqBJdS3lS6zs3bIpB9WED3YYXFPmHRfT8sgyrCP1x8uEUxLMzNWElFOYCV6mHWWwMzdPEKHlhLw7NWJqkHc4uIZphavDzA2JPzUDsBZziNae2S6owH8xPmX8G7zzgKEOPUoYHvGz1TBCxMkd3kwNVbU0gKHkx+iZILf77IofhrY1nYFnB\/lQPb79drWOyJVa\/DAvg9B\/rLB4cC+Nqgdz\/TvBbBnr6GBReqn\/nRmDgaQEej7WhonozjF+Y2I\/fZou\/qAAAAAElFTkSuQmCC); display:block; height:44px; margin:0 auto -44px; position:relative; top:-22px; width:44px;\"><\/div>\n<\/div>\n<p style=\" margin:8px 0 0 0; padding:0 4px;\"> <a href=\"https:\/\/www.instagram.com\/p\/BDESuH0HQ4c\/\" style=\" color:#000; font-family:Arial,sans-serif; font-size:14px; font-style:normal; font-weight:normal; line-height:17px; text-decoration:none; word-wrap:break-word;\" target=\"_blank\">Bella imagen de nuestro padre jesus nazareno portado por varios cofrades de distintas cofradias<\/a><\/p>\n<p style=\" color:#c9c8cd; font-family:Arial,sans-serif; font-size:14px; line-height:17px; margin-bottom:0; margin-top:8px; overflow:hidden; padding:8px 0 7px; text-align:center; text-overflow:ellipsis; white-space:nowrap;\">Una foto publicada por Semana Santa Palencia (@semanasantapalencia) el <time style=\" font-family:Arial,sans-serif; font-size:14px; line-height:17px;\" datetime=\"2016-03-17T20:10:58+00:00\">17 de Mar de 2016 a la(s) 1:10 PDT<\/time><\/p>\n<\/div>\n<\/blockquote>\n<p><script async defer src=\"\/\/platform.instagram.com\/en_US\/embeds.js\"><\/script><\/center><\/p>\n<p>&nbsp;<\/p>\n<h3>Semana Santa de Medina del Campo<\/h3>\n<p>Medina del Campo entra en este listado por derecho propio por ser el lugar donde nace la Semana Santa actual. Con el registro m\u00e1s antiguo del mundo, esta poblaci\u00f3n pucelana es por derecho propio una de las m\u00e1s hermosas Semanas Santas.<br \/>\n<center><\/p>\n<blockquote class=\"instagram-media\" data-instgrm-captioned data-instgrm-version=\"6\" style=\" background:#FFF; border:0; border-radius:3px; box-shadow:0 0 1px 0 rgba(0,0,0,0.5),0 1px 10px 0 rgba(0,0,0,0.15); margin: 1px; max-width:658px; padding:0; width:99.375%; width:-webkit-calc(100% - 2px); width:calc(100% - 2px);\">\n<div style=\"padding:8px;\">\n<div style=\" background:#F8F8F8; line-height:0; margin-top:40px; padding:50.0% 0; text-align:center; width:100%;\">\n<div style=\" background:url(data:image\/png;base64,iVBORw0KGgoAAAANSUhEUgAAACwAAAAsCAMAAAApWqozAAAAGFBMVEUiIiI9PT0eHh4gIB4hIBkcHBwcHBwcHBydr+JQAAAACHRSTlMABA4YHyQsM5jtaMwAAADfSURBVDjL7ZVBEgMhCAQBAf\/\/42xcNbpAqakcM0ftUmFAAIBE81IqBJdS3lS6zs3bIpB9WED3YYXFPmHRfT8sgyrCP1x8uEUxLMzNWElFOYCV6mHWWwMzdPEKHlhLw7NWJqkHc4uIZphavDzA2JPzUDsBZziNae2S6owH8xPmX8G7zzgKEOPUoYHvGz1TBCxMkd3kwNVbU0gKHkx+iZILf77IofhrY1nYFnB\/lQPb79drWOyJVa\/DAvg9B\/rLB4cC+Nqgdz\/TvBbBnr6GBReqn\/nRmDgaQEej7WhonozjF+Y2I\/fZou\/qAAAAAElFTkSuQmCC); display:block; height:44px; margin:0 auto -44px; position:relative; top:-22px; width:44px;\"><\/div>\n<\/div>\n<p style=\" margin:8px 0 0 0; padding:0 4px;\"> <a href=\"https:\/\/www.instagram.com\/p\/BDUarsgvzF6\/\" style=\" color:#000; font-family:Arial,sans-serif; font-size:14px; font-style:normal; font-weight:normal; line-height:17px; text-decoration:none; word-wrap:break-word;\" target=\"_blank\">Los #juzgados de #MedinadelCampo escenario de la veredicto de #Pilatos sobre #Jesus en la nueva #Procesi\u00f3n de la Sentencia<\/a><\/p>\n<p style=\" color:#c9c8cd; font-family:Arial,sans-serif; font-size:14px; line-height:17px; margin-bottom:0; margin-top:8px; overflow:hidden; padding:8px 0 7px; text-align:center; text-overflow:ellipsis; white-space:nowrap;\">Una foto publicada por David Muriel Alonso (@dmurielalonso) el <time style=\" font-family:Arial,sans-serif; font-size:14px; line-height:17px;\" datetime=\"2016-03-24T02:28:24+00:00\">23 de Mar de 2016 a la(s) 7:28 PDT<\/time><\/p>\n<\/div>\n<\/blockquote>\n<p><script async defer src=\"\/\/platform.instagram.com\/en_US\/embeds.js\"><\/script><\/center><\/p>\n<p>&nbsp;<\/p>\n<h3>Semana Santa de Medina de Rioseco<\/h3>\n<p>De una medina, pasamos a otra; Medina de Rioseco es tambi\u00e9n una de las m\u00e1s antiguas y tradicionales. Por sus angostas calles solamente los pasos dise\u00f1ados para recorrer esta poblaci\u00f3n Vallisoletana pasan por ahi. Aunque no se sabe si los pasos hicieron las calles, o las calles el tama\u00f1o de los pasos. A esta Semana Santa el gran Unamuno dedico hasta unos versos.<br \/>\n<center><\/p>\n<blockquote class=\"instagram-media\" data-instgrm-version=\"6\" style=\" background:#FFF; border:0; border-radius:3px; box-shadow:0 0 1px 0 rgba(0,0,0,0.5),0 1px 10px 0 rgba(0,0,0,0.15); margin: 1px; max-width:658px; padding:0; width:99.375%; width:-webkit-calc(100% - 2px); width:calc(100% - 2px);\">\n<div style=\"padding:8px;\">\n<div style=\" background:#F8F8F8; line-height:0; margin-top:40px; padding:42.2222222222% 0; text-align:center; width:100%;\">\n<div style=\" background:url(data:image\/png;base64,iVBORw0KGgoAAAANSUhEUgAAACwAAAAsCAMAAAApWqozAAAAGFBMVEUiIiI9PT0eHh4gIB4hIBkcHBwcHBwcHBydr+JQAAAACHRSTlMABA4YHyQsM5jtaMwAAADfSURBVDjL7ZVBEgMhCAQBAf\/\/42xcNbpAqakcM0ftUmFAAIBE81IqBJdS3lS6zs3bIpB9WED3YYXFPmHRfT8sgyrCP1x8uEUxLMzNWElFOYCV6mHWWwMzdPEKHlhLw7NWJqkHc4uIZphavDzA2JPzUDsBZziNae2S6owH8xPmX8G7zzgKEOPUoYHvGz1TBCxMkd3kwNVbU0gKHkx+iZILf77IofhrY1nYFnB\/lQPb79drWOyJVa\/DAvg9B\/rLB4cC+Nqgdz\/TvBbBnr6GBReqn\/nRmDgaQEej7WhonozjF+Y2I\/fZou\/qAAAAAElFTkSuQmCC); display:block; height:44px; margin:0 auto -44px; position:relative; top:-22px; width:44px;\"><\/div>\n<\/div>\n<p style=\" color:#c9c8cd; font-family:Arial,sans-serif; font-size:14px; line-height:17px; margin-bottom:0; margin-top:8px; overflow:hidden; padding:8px 0 7px; text-align:center; text-overflow:ellipsis; white-space:nowrap;\"><a href=\"https:\/\/www.instagram.com\/p\/BCC1evVoWdt\/\" style=\" color:#c9c8cd; font-family:Arial,sans-serif; font-size:14px; font-style:normal; font-weight:normal; line-height:17px; text-decoration:none;\" target=\"_blank\">Una foto publicada por semana santa medina de rioseco (@smanasantarioseco)<\/a> el <time style=\" font-family:Arial,sans-serif; font-size:14px; line-height:17px;\" datetime=\"2016-02-21T10:04:50+00:00\">21 de Feb de 2016 a la(s) 2:04 PST<\/time><\/p>\n<\/div>\n<\/blockquote>\n<p><script async defer src=\"\/\/platform.instagram.com\/en_US\/embeds.js\"><\/script><\/center><\/p>\n<p>&nbsp;<\/p>\n<h3>Semana Santa de Astorga<\/h3>\n<p>Las siguientes paradas en nuestro recorrido solo poseen el reconocimiento de eventos de Inter\u00e9s Tur\u00edstico Nacional, pero no por ello desmerecen, puesto que como esta en Astorga, posee su magia propia a descubrir.<br \/>\n<center><\/p>\n<blockquote class=\"instagram-media\" data-instgrm-captioned data-instgrm-version=\"6\" style=\" background:#FFF; border:0; border-radius:3px; box-shadow:0 0 1px 0 rgba(0,0,0,0.5),0 1px 10px 0 rgba(0,0,0,0.15); margin: 1px; max-width:658px; padding:0; width:99.375%; width:-webkit-calc(100% - 2px); width:calc(100% - 2px);\">\n<div style=\"padding:8px;\">\n<div style=\" background:#F8F8F8; line-height:0; margin-top:40px; padding:50.0% 0; text-align:center; width:100%;\">\n<div style=\" background:url(data:image\/png;base64,iVBORw0KGgoAAAANSUhEUgAAACwAAAAsCAMAAAApWqozAAAAGFBMVEUiIiI9PT0eHh4gIB4hIBkcHBwcHBwcHBydr+JQAAAACHRSTlMABA4YHyQsM5jtaMwAAADfSURBVDjL7ZVBEgMhCAQBAf\/\/42xcNbpAqakcM0ftUmFAAIBE81IqBJdS3lS6zs3bIpB9WED3YYXFPmHRfT8sgyrCP1x8uEUxLMzNWElFOYCV6mHWWwMzdPEKHlhLw7NWJqkHc4uIZphavDzA2JPzUDsBZziNae2S6owH8xPmX8G7zzgKEOPUoYHvGz1TBCxMkd3kwNVbU0gKHkx+iZILf77IofhrY1nYFnB\/lQPb79drWOyJVa\/DAvg9B\/rLB4cC+Nqgdz\/TvBbBnr6GBReqn\/nRmDgaQEej7WhonozjF+Y2I\/fZou\/qAAAAAElFTkSuQmCC); display:block; height:44px; margin:0 auto -44px; position:relative; top:-22px; width:44px;\"><\/div>\n<\/div>\n<p style=\" margin:8px 0 0 0; padding:0 4px;\"> <a href=\"https:\/\/www.instagram.com\/p\/BDS1zcoKm4f\/\" style=\" color:#000; font-family:Arial,sans-serif; font-size:14px; font-style:normal; font-weight:normal; line-height:17px; text-decoration:none; word-wrap:break-word;\" target=\"_blank\">Semana de Pasi\u00f3n. #semanasanta #astorgapreciosa #astorga #semanasantaastorga #pasi\u00f3n<\/a><\/p>\n<p style=\" color:#c9c8cd; font-family:Arial,sans-serif; font-size:14px; line-height:17px; margin-bottom:0; margin-top:8px; overflow:hidden; padding:8px 0 7px; text-align:center; text-overflow:ellipsis; white-space:nowrap;\">Una foto publicada por Vero (@hoypuedeserundiafantastico) el <time style=\" font-family:Arial,sans-serif; font-size:14px; line-height:17px;\" datetime=\"2016-03-23T11:46:54+00:00\">23 de Mar de 2016 a la(s) 4:46 PDT<\/time><\/p>\n<\/div>\n<\/blockquote>\n<p><script async defer src=\"\/\/platform.instagram.com\/en_US\/embeds.js\"><\/script><\/center><\/p>\n<p>&nbsp;<\/p>\n<h3>Semana Santa de Ponferrada<\/h3>\n<p>No es necesario irse muy lejos para encontrarnos con la magia de la Semana Santa. En Ponferrada, tmabi\u00e9n en Le\u00f3n, encontramos un lugar de encuentro con la tradici\u00f3n.<br \/>\n<center><\/p>\n<blockquote class=\"instagram-media\" data-instgrm-captioned data-instgrm-version=\"6\" style=\" background:#FFF; border:0; border-radius:3px; box-shadow:0 0 1px 0 rgba(0,0,0,0.5),0 1px 10px 0 rgba(0,0,0,0.15); margin: 1px; max-width:658px; padding:0; width:99.375%; width:-webkit-calc(100% - 2px); width:calc(100% - 2px);\">\n<div style=\"padding:8px;\">\n<div style=\" background:#F8F8F8; line-height:0; margin-top:40px; padding:50.0% 0; text-align:center; width:100%;\">\n<div style=\" background:url(data:image\/png;base64,iVBORw0KGgoAAAANSUhEUgAAACwAAAAsCAMAAAApWqozAAAAGFBMVEUiIiI9PT0eHh4gIB4hIBkcHBwcHBwcHBydr+JQAAAACHRSTlMABA4YHyQsM5jtaMwAAADfSURBVDjL7ZVBEgMhCAQBAf\/\/42xcNbpAqakcM0ftUmFAAIBE81IqBJdS3lS6zs3bIpB9WED3YYXFPmHRfT8sgyrCP1x8uEUxLMzNWElFOYCV6mHWWwMzdPEKHlhLw7NWJqkHc4uIZphavDzA2JPzUDsBZziNae2S6owH8xPmX8G7zzgKEOPUoYHvGz1TBCxMkd3kwNVbU0gKHkx+iZILf77IofhrY1nYFnB\/lQPb79drWOyJVa\/DAvg9B\/rLB4cC+Nqgdz\/TvBbBnr6GBReqn\/nRmDgaQEej7WhonozjF+Y2I\/fZou\/qAAAAAElFTkSuQmCC); display:block; height:44px; margin:0 auto -44px; position:relative; top:-22px; width:44px;\"><\/div>\n<\/div>\n<p style=\" margin:8px 0 0 0; padding:0 4px;\"> <a href=\"https:\/\/www.instagram.com\/p\/BDd5zCPQ47V\/\" style=\" color:#000; font-family:Arial,sans-serif; font-size:14px; font-style:normal; font-weight:normal; line-height:17px; text-decoration:none; word-wrap:break-word;\" target=\"_blank\">#architecture #ponferrada #spain #easter #sun #clouds #sky #holidays #cathedral #stone #vernacular #historic #castle #olloclip #photo<\/a><\/p>\n<p style=\" color:#c9c8cd; font-family:Arial,sans-serif; font-size:14px; line-height:17px; margin-bottom:0; margin-top:8px; overflow:hidden; padding:8px 0 7px; text-align:center; text-overflow:ellipsis; white-space:nowrap;\">Una foto publicada por Roberto Garcia Berlanga (@urbanplan_rgb) el <time style=\" font-family:Arial,sans-serif; font-size:14px; line-height:17px;\" datetime=\"2016-03-27T18:53:27+00:00\">27 de Mar de 2016 a la(s) 11:53 PDT<\/time><\/p>\n<\/div>\n<\/blockquote>\n<p><script async defer src=\"\/\/platform.instagram.com\/en_US\/embeds.js\"><\/script><\/center><\/p>\n<p>&nbsp;<\/p>\n<h3>Semana Santa de Burgos<\/h3>\n<p>Aunque a\u00fan no posee caracter internacional, no demerece lo m\u00e1s m\u00ednimo la Semana Santa burgalesa, y es que el tel\u00f3n de fondo hace que sea \u00fanica y muy especial. Un a maravilla a descubrir. En ella, su catedral g\u00f3tica brilla con luz propia.<br \/>\n<center><\/p>\n<blockquote class=\"instagram-media\" data-instgrm-captioned data-instgrm-version=\"6\" style=\" background:#FFF; border:0; border-radius:3px; box-shadow:0 0 1px 0 rgba(0,0,0,0.5),0 1px 10px 0 rgba(0,0,0,0.15); margin: 1px; max-width:658px; padding:0; width:99.375%; width:-webkit-calc(100% - 2px); width:calc(100% - 2px);\">\n<div style=\"padding:8px;\">\n<div style=\" background:#F8F8F8; line-height:0; margin-top:40px; padding:50.0% 0; text-align:center; width:100%;\">\n<div style=\" background:url(data:image\/png;base64,iVBORw0KGgoAAAANSUhEUgAAACwAAAAsCAMAAAApWqozAAAAGFBMVEUiIiI9PT0eHh4gIB4hIBkcHBwcHBwcHBydr+JQAAAACHRSTlMABA4YHyQsM5jtaMwAAADfSURBVDjL7ZVBEgMhCAQBAf\/\/42xcNbpAqakcM0ftUmFAAIBE81IqBJdS3lS6zs3bIpB9WED3YYXFPmHRfT8sgyrCP1x8uEUxLMzNWElFOYCV6mHWWwMzdPEKHlhLw7NWJqkHc4uIZphavDzA2JPzUDsBZziNae2S6owH8xPmX8G7zzgKEOPUoYHvGz1TBCxMkd3kwNVbU0gKHkx+iZILf77IofhrY1nYFnB\/lQPb79drWOyJVa\/DAvg9B\/rLB4cC+Nqgdz\/TvBbBnr6GBReqn\/nRmDgaQEej7WhonozjF+Y2I\/fZou\/qAAAAAElFTkSuQmCC); display:block; height:44px; margin:0 auto -44px; position:relative; top:-22px; width:44px;\"><\/div>\n<\/div>\n<p style=\" margin:8px 0 0 0; padding:0 4px;\"> <a href=\"https:\/\/www.instagram.com\/p\/BDadLWKDH-m\/\" style=\" color:#000; font-family:Arial,sans-serif; font-size:14px; font-style:normal; font-weight:normal; line-height:17px; text-decoration:none; word-wrap:break-word;\" target=\"_blank\">El, el m\u00e1s grande. Ella, la m\u00e1s grande. Cara a cara, junto a los m\u00e1s grandes, que no se les ve, pero est\u00e1n. En la mejor Semana Santa posible. #semanasanta #semanasantaburgos #Burgos #santisimocristodeburgos #cristodeburgos #castillayleon #Cyl<\/a><\/p>\n<p style=\" color:#c9c8cd; font-family:Arial,sans-serif; font-size:14px; line-height:17px; margin-bottom:0; margin-top:8px; overflow:hidden; padding:8px 0 7px; text-align:center; text-overflow:ellipsis; white-space:nowrap;\">Una foto publicada por @monicagoar el <time style=\" font-family:Arial,sans-serif; font-size:14px; line-height:17px;\" datetime=\"2016-03-26T10:45:38+00:00\">26 de Mar de 2016 a la(s) 3:45 PDT<\/time><\/p>\n<\/div>\n<\/blockquote>\n<p><script async defer src=\"\/\/platform.instagram.com\/en_US\/embeds.js\"><\/script><br \/>\n<\/center><\/p>\n<p>&nbsp;<\/p>\n<h3>Semana Santa de Pe\u00f1afiel, La bajada del \u00e1ngel<\/h3>\n<p>Si bien no toda la Semana Santa en s\u00ed posee reconocimiento, la festividad de la bajada del \u00e1ngel se celebra todos los a\u00f1os, los domingos de resurrecci\u00f3n. en ella un \u00e1ngel representado por un ni\u00f1o o una ni\u00f1a del pueblo, quita el velo de virgen mar\u00eda, para destaparla a la luz de un cristo resucitado. Es una magn\u00edfica ocasion para visitar este pueblo de la Ribera del Duero.<br \/>\n<center><\/p>\n<blockquote class=\"instagram-media\" data-instgrm-captioned data-instgrm-version=\"6\" style=\" background:#FFF; border:0; border-radius:3px; box-shadow:0 0 1px 0 rgba(0,0,0,0.5),0 1px 10px 0 rgba(0,0,0,0.15); margin: 1px; max-width:658px; padding:0; width:99.375%; width:-webkit-calc(100% - 2px); width:calc(100% - 2px);\">\n<div style=\"padding:8px;\">\n<div style=\" background:#F8F8F8; line-height:0; margin-top:40px; padding:50% 0; text-align:center; width:100%;\">\n<div style=\" background:url(data:image\/png;base64,iVBORw0KGgoAAAANSUhEUgAAACwAAAAsCAMAAAApWqozAAAAGFBMVEUiIiI9PT0eHh4gIB4hIBkcHBwcHBwcHBydr+JQAAAACHRSTlMABA4YHyQsM5jtaMwAAADfSURBVDjL7ZVBEgMhCAQBAf\/\/42xcNbpAqakcM0ftUmFAAIBE81IqBJdS3lS6zs3bIpB9WED3YYXFPmHRfT8sgyrCP1x8uEUxLMzNWElFOYCV6mHWWwMzdPEKHlhLw7NWJqkHc4uIZphavDzA2JPzUDsBZziNae2S6owH8xPmX8G7zzgKEOPUoYHvGz1TBCxMkd3kwNVbU0gKHkx+iZILf77IofhrY1nYFnB\/lQPb79drWOyJVa\/DAvg9B\/rLB4cC+Nqgdz\/TvBbBnr6GBReqn\/nRmDgaQEej7WhonozjF+Y2I\/fZou\/qAAAAAElFTkSuQmCC); display:block; height:44px; margin:0 auto -44px; position:relative; top:-22px; width:44px;\"><\/div>\n<\/div>\n<p style=\" margin:8px 0 0 0; padding:0 4px;\"> <a href=\"https:\/\/www.instagram.com\/p\/1GMSlhD1H4\/\" style=\" color:#000; font-family:Arial,sans-serif; font-size:14px; font-style:normal; font-weight:normal; line-height:17px; text-decoration:none; word-wrap:break-word;\" target=\"_blank\">Bajada del \u00e1ngel  #pe\u00f1afiel #domingoderesurreccion #plazadelcoso #bajadadelangel<\/a><\/p>\n<p style=\" color:#c9c8cd; font-family:Arial,sans-serif; font-size:14px; line-height:17px; margin-bottom:0; margin-top:8px; overflow:hidden; padding:8px 0 7px; text-align:center; text-overflow:ellipsis; white-space:nowrap;\">Una foto publicada por Ainhoa Tejedor (@ainhoatejedor) el <time style=\" font-family:Arial,sans-serif; font-size:14px; line-height:17px;\" datetime=\"2015-04-05T14:33:45+00:00\">5 de Abr de 2015 a la(s) 7:33 PDT<\/time><\/p>\n<\/div>\n<\/blockquote>\n<p><script async defer src=\"\/\/platform.instagram.com\/en_US\/embeds.js\"><\/script><br \/>\n<\/center><\/p>\n<p>&nbsp;<br \/>\nPodr\u00edamos seguir con las 10 Semana Santas de Inter\u00e9s Tur\u00edstico Regional, y nos dejar\u00edamos muchas m\u00e1s,.. que por no tener ese reconocimiento no son famosas o conocidas, pero mantienen su arte. <strong>\u00bfCu\u00e1l nos recomiendas ara visitar el a\u00f1o que viene?<\/strong><br \/>\n&nbsp;<\/p>\n<h5>Nota<\/h5>\n<p>Agradecimiento a todos los autores de estas y otras tantas miles que han difundido el arte de Castilla y Le\u00f3n. Tambi\u00e9n agradecemos la imagen de portada a la <a href=\"http:\/\/www.revistaviajeros.es\/revistaviajeros\/de\/semana-santa-en-castilla-y-leon.asp?nombre=3281&#038;cod=3281&#038;sesion=1\" title=\"Link a la web origen de la imagen\" target=\"_blank\">Revista Viajeros<\/a>.<br \/>\n&nbsp;<\/p>\n<h4>Semanas Santas en Castilla y Le\u00f3n con reconocimiento de Inter\u00e9s Tur\u00edstico<\/h4>\n<p><a href=\"http:\/\/destinocastillayleon.es\/index\/wp-content\/uploads\/2016\/03\/55b1b23989d647de1cfb9a5b1c7de986-1024x719.jpg\" title=\"Pincha para ver en grande\" target=\"_blank\"><figure id=\"attachment_22299\" aria-describedby=\"caption-attachment-22299\" style=\"width: 640px\" class=\"wp-caption aligncenter\"><img decoding=\"async\" src=\"http:\/\/destinocastillayleon.es\/index\/wp-content\/uploads\/2016\/03\/df79c48ea5382eb0e4017930fcca9e8f.jpg\" alt=\"im\u00e1genes de la Semana Santa en Castilla y Le\u00f3n\" title=\"Mapa de las Semanas Santas - Destino Castilla y Le\u00f3n\" width=\"640\" height=\"437\" class=\"size-full wp-image-22299\" srcset=\"https:\/\/destinocastillayleon.es\/index\/wp-content\/uploads\/2016\/03\/df79c48ea5382eb0e4017930fcca9e8f.jpg 640w, https:\/\/destinocastillayleon.es\/index\/wp-content\/uploads\/2016\/03\/df79c48ea5382eb0e4017930fcca9e8f-300x205.jpg 300w\" sizes=\"(max-width: 640px) 100vw, 640px\" \/><figcaption id=\"caption-attachment-22299\" class=\"wp-caption-text\">Mapa de las Semanas Santas &#8211; Imagen cortes\u00eda de la Junta de Castilla y Le\u00f3n<\/figcaption><\/figure><\/a><\/p>\n<p>&nbsp;<\/p>\n","protected":false},"excerpt":{"rendered":"<p>Conoce cuales han sido las im\u00e1genes de la Semana Santa en Castilla y Le\u00f3n que m\u00e1s nos han impactado  de las que hemos podido disfrutar en Instagram<\/p>\n","protected":false},"author":2,"featured_media":22333,"comment_status":"open","ping_status":"closed","sticky":false,"template":"","format":"standard","meta":{"rop_custom_images_group":[],"rop_custom_messages_group":[],"rop_publish_now":"initial","rop_publish_now_accounts":{"twitter_1150954226_1150954226":""},"rop_publish_now_history":[],"rop_publish_now_status":"pending","footnotes":""},"categories":[77,1343,62,4788,43,4721,60,3472,63,4712,42,4717,68,45,384,40,4795,37,4738,41,4715,26,4798,44,4803],"tags":[4915,4914,4913,4916,208,369],"class_list":["post-22320","post","type-post","status-publish","format-standard","has-post-thumbnail","hentry","category-actualidad-y-agenda-de-castilla-y-leon","category-agenda","category-avila","category-avila-turismo","category-burgos","category-burgos-turismo","category-galeria_de_fotos","category-inspirate","category-leon","category-leon-turismo","category-palencia","category-palencia-turismo","category-post_inicial","category-provincias","category-rutas-2","category-salamanca","category-salamanca-turismo","category-segovia","category-segovia-turismo","category-soria","category-soria-turismo","category-valladolid","category-valladolid-turismo","category-zamora","category-zamora-turismo","tag-compartido-en-redes-sociales","tag-imagenes-de-la-semana-santa-en-castilla-y-leon","tag-imagenes-mas-impactantes-de-la-semana-santa-en-castilla-y-leon","tag-por-que-visitar-castilla-y-leon","tag-turismo-de-interior","tag-turismo-en-castilla-y-leon"],"yoast_head":"<!-- This site is optimized with the Yoast SEO Premium plugin v20.4 (Yoast SEO v27.4) - https:\/\/yoast.com\/product\/yoast-seo-premium-wordpress\/ -->\n<title>im\u00e1genes de la Semana Santa en Castilla y Le\u00f3n impactantes<\/title>\n<meta name=\"description\" content=\"Conoce cuales han sido las im\u00e1genes de la Semana Santa en Castilla y Le\u00f3n que m\u00e1s nos han impactado de las que hemos podido disfrutar en Instagram\" \/>\n<meta name=\"robots\" content=\"index, follow, max-snippet:-1, max-image-preview:large, max-video-preview:-1\" \/>\n<link rel=\"canonical\" href=\"https:\/\/destinocastillayleon.es\/index\/imagenes-de-la-semana-santa-en-castilla-y-leon\/\" \/>\n<meta property=\"og:locale\" content=\"es_ES\" \/>\n<meta property=\"og:type\" content=\"article\" \/>\n<meta property=\"og:title\" content=\"Las 12 im\u00e1genes de la Semana Santa en Castilla y Le\u00f3n m\u00e1s impactantes\" \/>\n<meta property=\"og:description\" content=\"Conoce cuales han sido las im\u00e1genes de la Semana Santa en Castilla y Le\u00f3n que m\u00e1s nos han impactado de las que hemos podido disfrutar en Instagram\" \/>\n<meta property=\"og:url\" content=\"https:\/\/destinocastillayleon.es\/index\/imagenes-de-la-semana-santa-en-castilla-y-leon\/\" \/>\n<meta property=\"og:site_name\" content=\"Destino Castilla y Le\u00f3n\" \/>\n<meta property=\"article:publisher\" content=\"https:\/\/www.facebook.com\/DestinoCastillaYLeon\/\" \/>\n<meta property=\"article:author\" content=\"https:\/\/www.facebook.com\/profile.php?id=1158416854\" \/>\n<meta property=\"article:published_time\" content=\"2016-03-30T05:16:39+00:00\" \/>\n<meta property=\"article:modified_time\" content=\"2018-03-12T06:16:19+00:00\" \/>\n<meta property=\"og:image\" content=\"https:\/\/destinocastillayleon.es\/index\/wp-content\/uploads\/2016\/03\/25eb4a49a97aaf1d558cfeeb01f7e7a3.jpg\" \/>\n\t<meta property=\"og:image:width\" content=\"800\" \/>\n\t<meta property=\"og:image:height\" content=\"533\" \/>\n\t<meta property=\"og:image:type\" content=\"image\/jpeg\" \/>\n<meta name=\"author\" content=\"David V\u00e1zquez\" \/>\n<meta name=\"twitter:card\" content=\"summary_large_image\" \/>\n<meta name=\"twitter:title\" content=\"Las 12 im\u00e1genes de la Semana Santa en Castilla y Le\u00f3n m\u00e1s impactantes\" \/>\n<meta name=\"twitter:description\" content=\"Conoce cuales han sido las im\u00e1genes de la Semana Santa en Castilla y Le\u00f3n que m\u00e1s nos han impactado de las que hemos podido disfrutar en Instagram\" \/>\n<meta name=\"twitter:image\" content=\"http:\/\/destinocastillayleon.es\/index\/wp-content\/uploads\/2016\/03\/25eb4a49a97aaf1d558cfeeb01f7e7a3.jpg\" \/>\n<meta name=\"twitter:creator\" content=\"@https:\/\/twitter.com\/ContePantaleone\u200e\" \/>\n<meta name=\"twitter:site\" content=\"@destinocyl\" \/>\n<meta name=\"twitter:label1\" content=\"Escrito por\" \/>\n\t<meta name=\"twitter:data1\" content=\"David V\u00e1zquez\" \/>\n\t<meta name=\"twitter:label2\" content=\"Tiempo de lectura\" \/>\n\t<meta name=\"twitter:data2\" content=\"7 minutos\" \/>\n<script type=\"application\/ld+json\" class=\"yoast-schema-graph\">{\"@context\":\"https:\\\/\\\/schema.org\",\"@graph\":[{\"@type\":\"Article\",\"@id\":\"https:\\\/\\\/destinocastillayleon.es\\\/index\\\/imagenes-de-la-semana-santa-en-castilla-y-leon\\\/#article\",\"isPartOf\":{\"@id\":\"https:\\\/\\\/destinocastillayleon.es\\\/index\\\/imagenes-de-la-semana-santa-en-castilla-y-leon\\\/\"},\"author\":{\"name\":\"David V\u00e1zquez\",\"@id\":\"https:\\\/\\\/destinocastillayleon.es\\\/index\\\/#\\\/schema\\\/person\\\/189221bc8f6cc4fa28b18ad5c289d4c2\"},\"headline\":\"Las 12 im\u00e1genes de la Semana Santa en Castilla y Le\u00f3n m\u00e1s impactantes\",\"datePublished\":\"2016-03-30T05:16:39+00:00\",\"dateModified\":\"2018-03-12T06:16:19+00:00\",\"mainEntityOfPage\":{\"@id\":\"https:\\\/\\\/destinocastillayleon.es\\\/index\\\/imagenes-de-la-semana-santa-en-castilla-y-leon\\\/\"},\"wordCount\":1428,\"commentCount\":0,\"image\":{\"@id\":\"https:\\\/\\\/destinocastillayleon.es\\\/index\\\/imagenes-de-la-semana-santa-en-castilla-y-leon\\\/#primaryimage\"},\"thumbnailUrl\":\"https:\\\/\\\/destinocastillayleon.es\\\/index\\\/wp-content\\\/uploads\\\/2016\\\/03\\\/25eb4a49a97aaf1d558cfeeb01f7e7a3.jpg\",\"keywords\":[\"compartido en redes sociales\",\"im\u00e1genes de la Semana Santa en Castilla y Le\u00f3n\",\"im\u00e1genes m\u00e1s impactantes de la Semana Santa en Castilla y Le\u00f3n\",\"por qu\u00e9 visitar Castilla y Le\u00f3n\",\"turismo de interior\",\"turismo en Castilla y Le\u00f3n\"],\"articleSection\":[\"Actualidad\",\"Agenda\",\"Avila\",\"Avila turismo\",\"Burgos\",\"Burgos turismo\",\"galeria_de_fotos\",\"Inspirate\",\"Leon\",\"Leon turismo\",\"Palencia\",\"Palencia turismo\",\"Post_inicial\",\"Provincias\",\"Rutas\",\"Salamanca\",\"Salamanca Turismo\",\"Segovia\",\"Segovia turismo\",\"Soria\",\"Soria turismo\",\"Valladolid\",\"Valladolid Turismo\",\"Zamora\",\"Zamora Turismo\"],\"inLanguage\":\"es\",\"potentialAction\":[{\"@type\":\"CommentAction\",\"name\":\"Comment\",\"target\":[\"https:\\\/\\\/destinocastillayleon.es\\\/index\\\/imagenes-de-la-semana-santa-en-castilla-y-leon\\\/#respond\"]}]},{\"@type\":\"WebPage\",\"@id\":\"https:\\\/\\\/destinocastillayleon.es\\\/index\\\/imagenes-de-la-semana-santa-en-castilla-y-leon\\\/\",\"url\":\"https:\\\/\\\/destinocastillayleon.es\\\/index\\\/imagenes-de-la-semana-santa-en-castilla-y-leon\\\/\",\"name\":\"im\u00e1genes de la Semana Santa en Castilla y Le\u00f3n impactantes\",\"isPartOf\":{\"@id\":\"https:\\\/\\\/destinocastillayleon.es\\\/index\\\/#website\"},\"primaryImageOfPage\":{\"@id\":\"https:\\\/\\\/destinocastillayleon.es\\\/index\\\/imagenes-de-la-semana-santa-en-castilla-y-leon\\\/#primaryimage\"},\"image\":{\"@id\":\"https:\\\/\\\/destinocastillayleon.es\\\/index\\\/imagenes-de-la-semana-santa-en-castilla-y-leon\\\/#primaryimage\"},\"thumbnailUrl\":\"https:\\\/\\\/destinocastillayleon.es\\\/index\\\/wp-content\\\/uploads\\\/2016\\\/03\\\/25eb4a49a97aaf1d558cfeeb01f7e7a3.jpg\",\"datePublished\":\"2016-03-30T05:16:39+00:00\",\"dateModified\":\"2018-03-12T06:16:19+00:00\",\"author\":{\"@id\":\"https:\\\/\\\/destinocastillayleon.es\\\/index\\\/#\\\/schema\\\/person\\\/189221bc8f6cc4fa28b18ad5c289d4c2\"},\"description\":\"Conoce cuales han sido las im\u00e1genes de la Semana Santa en Castilla y Le\u00f3n que m\u00e1s nos han impactado de las que hemos podido disfrutar en Instagram\",\"breadcrumb\":{\"@id\":\"https:\\\/\\\/destinocastillayleon.es\\\/index\\\/imagenes-de-la-semana-santa-en-castilla-y-leon\\\/#breadcrumb\"},\"inLanguage\":\"es\",\"potentialAction\":[{\"@type\":\"ReadAction\",\"target\":[\"https:\\\/\\\/destinocastillayleon.es\\\/index\\\/imagenes-de-la-semana-santa-en-castilla-y-leon\\\/\"]}]},{\"@type\":\"ImageObject\",\"inLanguage\":\"es\",\"@id\":\"https:\\\/\\\/destinocastillayleon.es\\\/index\\\/imagenes-de-la-semana-santa-en-castilla-y-leon\\\/#primaryimage\",\"url\":\"https:\\\/\\\/destinocastillayleon.es\\\/index\\\/wp-content\\\/uploads\\\/2016\\\/03\\\/25eb4a49a97aaf1d558cfeeb01f7e7a3.jpg\",\"contentUrl\":\"https:\\\/\\\/destinocastillayleon.es\\\/index\\\/wp-content\\\/uploads\\\/2016\\\/03\\\/25eb4a49a97aaf1d558cfeeb01f7e7a3.jpg\",\"width\":800,\"height\":533,\"caption\":\"Semana Santa en Castilla y Le\u00f3n 2016 - Revista Viajeros\"},{\"@type\":\"BreadcrumbList\",\"@id\":\"https:\\\/\\\/destinocastillayleon.es\\\/index\\\/imagenes-de-la-semana-santa-en-castilla-y-leon\\\/#breadcrumb\",\"itemListElement\":[{\"@type\":\"ListItem\",\"position\":1,\"name\":\"Portada\",\"item\":\"https:\\\/\\\/destinocastillayleon.es\\\/index\\\/\"},{\"@type\":\"ListItem\",\"position\":2,\"name\":\"Las 12 im\u00e1genes de la Semana Santa en Castilla y Le\u00f3n m\u00e1s impactantes\"}]},{\"@type\":\"WebSite\",\"@id\":\"https:\\\/\\\/destinocastillayleon.es\\\/index\\\/#website\",\"url\":\"https:\\\/\\\/destinocastillayleon.es\\\/index\\\/\",\"name\":\"Destino Castilla y Le\u00f3n\",\"description\":\"Medio digital independiente y revista de Castilla y Le\u00f3n dedicado al turismo, gastronom\u00eda y vino de Castilla y Le\u00f3n\",\"potentialAction\":[{\"@type\":\"SearchAction\",\"target\":{\"@type\":\"EntryPoint\",\"urlTemplate\":\"https:\\\/\\\/destinocastillayleon.es\\\/index\\\/?s={search_term_string}\"},\"query-input\":{\"@type\":\"PropertyValueSpecification\",\"valueRequired\":true,\"valueName\":\"search_term_string\"}}],\"inLanguage\":\"es\"},{\"@type\":\"Person\",\"@id\":\"https:\\\/\\\/destinocastillayleon.es\\\/index\\\/#\\\/schema\\\/person\\\/189221bc8f6cc4fa28b18ad5c289d4c2\",\"name\":\"David V\u00e1zquez\",\"image\":{\"@type\":\"ImageObject\",\"inLanguage\":\"es\",\"@id\":\"https:\\\/\\\/secure.gravatar.com\\\/avatar\\\/cd12db6c575a90c3b75cfa0f794b74d425201c768612fad17e9f13cd33d48be8?s=96&d=mm&r=g\",\"url\":\"https:\\\/\\\/secure.gravatar.com\\\/avatar\\\/cd12db6c575a90c3b75cfa0f794b74d425201c768612fad17e9f13cd33d48be8?s=96&d=mm&r=g\",\"contentUrl\":\"https:\\\/\\\/secure.gravatar.com\\\/avatar\\\/cd12db6c575a90c3b75cfa0f794b74d425201c768612fad17e9f13cd33d48be8?s=96&d=mm&r=g\",\"caption\":\"David V\u00e1zquez\"},\"description\":\"Ingeniero Industrial de vocaci\u00f3n y profesi\u00f3n, he encontrado en los blogs la forma de plasmar mi pasi\u00f3n por los viajes, la gastronom\u00eda y los vinos. Especialmente los procedentes de Castilla y Le\u00f3n\",\"sameAs\":[\"https:\\\/\\\/www.destinocastillayleon.es\",\"https:\\\/\\\/www.facebook.com\\\/profile.php?id=1158416854\",\"https:\\\/\\\/instagram.com\\\/conte.pantaleone\",\"https:\\\/\\\/www.linkedin.com\\\/pub\\\/david-vazquez-lozano\\\/37\\\/17a\\\/25a\",\"https:\\\/\\\/x.com\\\/https:\\\/\\\/twitter.com\\\/ContePantaleone\u200e\"],\"url\":\"https:\\\/\\\/destinocastillayleon.es\\\/index\\\/author\\\/coadministradorcyl\\\/\"}]}<\/script>\n<!-- \/ Yoast SEO Premium plugin. -->","yoast_head_json":{"title":"im\u00e1genes de la Semana Santa en Castilla y Le\u00f3n impactantes","description":"Conoce cuales han sido las im\u00e1genes de la Semana Santa en Castilla y Le\u00f3n que m\u00e1s nos han impactado de las que hemos podido disfrutar en Instagram","robots":{"index":"index","follow":"follow","max-snippet":"max-snippet:-1","max-image-preview":"max-image-preview:large","max-video-preview":"max-video-preview:-1"},"canonical":"https:\/\/destinocastillayleon.es\/index\/imagenes-de-la-semana-santa-en-castilla-y-leon\/","og_locale":"es_ES","og_type":"article","og_title":"Las 12 im\u00e1genes de la Semana Santa en Castilla y Le\u00f3n m\u00e1s impactantes","og_description":"Conoce cuales han sido las im\u00e1genes de la Semana Santa en Castilla y Le\u00f3n que m\u00e1s nos han impactado de las que hemos podido disfrutar en Instagram","og_url":"https:\/\/destinocastillayleon.es\/index\/imagenes-de-la-semana-santa-en-castilla-y-leon\/","og_site_name":"Destino Castilla y Le\u00f3n","article_publisher":"https:\/\/www.facebook.com\/DestinoCastillaYLeon\/","article_author":"https:\/\/www.facebook.com\/profile.php?id=1158416854","article_published_time":"2016-03-30T05:16:39+00:00","article_modified_time":"2018-03-12T06:16:19+00:00","og_image":[{"width":800,"height":533,"url":"https:\/\/destinocastillayleon.es\/index\/wp-content\/uploads\/2016\/03\/25eb4a49a97aaf1d558cfeeb01f7e7a3.jpg","type":"image\/jpeg"}],"author":"David V\u00e1zquez","twitter_card":"summary_large_image","twitter_title":"Las 12 im\u00e1genes de la Semana Santa en Castilla y Le\u00f3n m\u00e1s impactantes","twitter_description":"Conoce cuales han sido las im\u00e1genes de la Semana Santa en Castilla y Le\u00f3n que m\u00e1s nos han impactado de las que hemos podido disfrutar en Instagram","twitter_image":"http:\/\/destinocastillayleon.es\/index\/wp-content\/uploads\/2016\/03\/25eb4a49a97aaf1d558cfeeb01f7e7a3.jpg","twitter_creator":"@https:\/\/twitter.com\/ContePantaleone\u200e","twitter_site":"@destinocyl","twitter_misc":{"Escrito por":"David V\u00e1zquez","Tiempo de lectura":"7 minutos"},"schema":{"@context":"https:\/\/schema.org","@graph":[{"@type":"Article","@id":"https:\/\/destinocastillayleon.es\/index\/imagenes-de-la-semana-santa-en-castilla-y-leon\/#article","isPartOf":{"@id":"https:\/\/destinocastillayleon.es\/index\/imagenes-de-la-semana-santa-en-castilla-y-leon\/"},"author":{"name":"David V\u00e1zquez","@id":"https:\/\/destinocastillayleon.es\/index\/#\/schema\/person\/189221bc8f6cc4fa28b18ad5c289d4c2"},"headline":"Las 12 im\u00e1genes de la Semana Santa en Castilla y Le\u00f3n m\u00e1s impactantes","datePublished":"2016-03-30T05:16:39+00:00","dateModified":"2018-03-12T06:16:19+00:00","mainEntityOfPage":{"@id":"https:\/\/destinocastillayleon.es\/index\/imagenes-de-la-semana-santa-en-castilla-y-leon\/"},"wordCount":1428,"commentCount":0,"image":{"@id":"https:\/\/destinocastillayleon.es\/index\/imagenes-de-la-semana-santa-en-castilla-y-leon\/#primaryimage"},"thumbnailUrl":"https:\/\/destinocastillayleon.es\/index\/wp-content\/uploads\/2016\/03\/25eb4a49a97aaf1d558cfeeb01f7e7a3.jpg","keywords":["compartido en redes sociales","im\u00e1genes de la Semana Santa en Castilla y Le\u00f3n","im\u00e1genes m\u00e1s impactantes de la Semana Santa en Castilla y Le\u00f3n","por qu\u00e9 visitar Castilla y Le\u00f3n","turismo de interior","turismo en Castilla y Le\u00f3n"],"articleSection":["Actualidad","Agenda","Avila","Avila turismo","Burgos","Burgos turismo","galeria_de_fotos","Inspirate","Leon","Leon turismo","Palencia","Palencia turismo","Post_inicial","Provincias","Rutas","Salamanca","Salamanca Turismo","Segovia","Segovia turismo","Soria","Soria turismo","Valladolid","Valladolid Turismo","Zamora","Zamora Turismo"],"inLanguage":"es","potentialAction":[{"@type":"CommentAction","name":"Comment","target":["https:\/\/destinocastillayleon.es\/index\/imagenes-de-la-semana-santa-en-castilla-y-leon\/#respond"]}]},{"@type":"WebPage","@id":"https:\/\/destinocastillayleon.es\/index\/imagenes-de-la-semana-santa-en-castilla-y-leon\/","url":"https:\/\/destinocastillayleon.es\/index\/imagenes-de-la-semana-santa-en-castilla-y-leon\/","name":"im\u00e1genes de la Semana Santa en Castilla y Le\u00f3n impactantes","isPartOf":{"@id":"https:\/\/destinocastillayleon.es\/index\/#website"},"primaryImageOfPage":{"@id":"https:\/\/destinocastillayleon.es\/index\/imagenes-de-la-semana-santa-en-castilla-y-leon\/#primaryimage"},"image":{"@id":"https:\/\/destinocastillayleon.es\/index\/imagenes-de-la-semana-santa-en-castilla-y-leon\/#primaryimage"},"thumbnailUrl":"https:\/\/destinocastillayleon.es\/index\/wp-content\/uploads\/2016\/03\/25eb4a49a97aaf1d558cfeeb01f7e7a3.jpg","datePublished":"2016-03-30T05:16:39+00:00","dateModified":"2018-03-12T06:16:19+00:00","author":{"@id":"https:\/\/destinocastillayleon.es\/index\/#\/schema\/person\/189221bc8f6cc4fa28b18ad5c289d4c2"},"description":"Conoce cuales han sido las im\u00e1genes de la Semana Santa en Castilla y Le\u00f3n que m\u00e1s nos han impactado de las que hemos podido disfrutar en Instagram","breadcrumb":{"@id":"https:\/\/destinocastillayleon.es\/index\/imagenes-de-la-semana-santa-en-castilla-y-leon\/#breadcrumb"},"inLanguage":"es","potentialAction":[{"@type":"ReadAction","target":["https:\/\/destinocastillayleon.es\/index\/imagenes-de-la-semana-santa-en-castilla-y-leon\/"]}]},{"@type":"ImageObject","inLanguage":"es","@id":"https:\/\/destinocastillayleon.es\/index\/imagenes-de-la-semana-santa-en-castilla-y-leon\/#primaryimage","url":"https:\/\/destinocastillayleon.es\/index\/wp-content\/uploads\/2016\/03\/25eb4a49a97aaf1d558cfeeb01f7e7a3.jpg","contentUrl":"https:\/\/destinocastillayleon.es\/index\/wp-content\/uploads\/2016\/03\/25eb4a49a97aaf1d558cfeeb01f7e7a3.jpg","width":800,"height":533,"caption":"Semana Santa en Castilla y Le\u00f3n 2016 - Revista Viajeros"},{"@type":"BreadcrumbList","@id":"https:\/\/destinocastillayleon.es\/index\/imagenes-de-la-semana-santa-en-castilla-y-leon\/#breadcrumb","itemListElement":[{"@type":"ListItem","position":1,"name":"Portada","item":"https:\/\/destinocastillayleon.es\/index\/"},{"@type":"ListItem","position":2,"name":"Las 12 im\u00e1genes de la Semana Santa en Castilla y Le\u00f3n m\u00e1s impactantes"}]},{"@type":"WebSite","@id":"https:\/\/destinocastillayleon.es\/index\/#website","url":"https:\/\/destinocastillayleon.es\/index\/","name":"Destino Castilla y Le\u00f3n","description":"Medio digital independiente y revista de Castilla y Le\u00f3n dedicado al turismo, gastronom\u00eda y vino de Castilla y Le\u00f3n","potentialAction":[{"@type":"SearchAction","target":{"@type":"EntryPoint","urlTemplate":"https:\/\/destinocastillayleon.es\/index\/?s={search_term_string}"},"query-input":{"@type":"PropertyValueSpecification","valueRequired":true,"valueName":"search_term_string"}}],"inLanguage":"es"},{"@type":"Person","@id":"https:\/\/destinocastillayleon.es\/index\/#\/schema\/person\/189221bc8f6cc4fa28b18ad5c289d4c2","name":"David V\u00e1zquez","image":{"@type":"ImageObject","inLanguage":"es","@id":"https:\/\/secure.gravatar.com\/avatar\/cd12db6c575a90c3b75cfa0f794b74d425201c768612fad17e9f13cd33d48be8?s=96&d=mm&r=g","url":"https:\/\/secure.gravatar.com\/avatar\/cd12db6c575a90c3b75cfa0f794b74d425201c768612fad17e9f13cd33d48be8?s=96&d=mm&r=g","contentUrl":"https:\/\/secure.gravatar.com\/avatar\/cd12db6c575a90c3b75cfa0f794b74d425201c768612fad17e9f13cd33d48be8?s=96&d=mm&r=g","caption":"David V\u00e1zquez"},"description":"Ingeniero Industrial de vocaci\u00f3n y profesi\u00f3n, he encontrado en los blogs la forma de plasmar mi pasi\u00f3n por los viajes, la gastronom\u00eda y los vinos. Especialmente los procedentes de Castilla y Le\u00f3n","sameAs":["https:\/\/www.destinocastillayleon.es","https:\/\/www.facebook.com\/profile.php?id=1158416854","https:\/\/instagram.com\/conte.pantaleone","https:\/\/www.linkedin.com\/pub\/david-vazquez-lozano\/37\/17a\/25a","https:\/\/x.com\/https:\/\/twitter.com\/ContePantaleone\u200e"],"url":"https:\/\/destinocastillayleon.es\/index\/author\/coadministradorcyl\/"}]}},"_links":{"self":[{"href":"https:\/\/destinocastillayleon.es\/index\/wp-json\/wp\/v2\/posts\/22320","targetHints":{"allow":["GET"]}}],"collection":[{"href":"https:\/\/destinocastillayleon.es\/index\/wp-json\/wp\/v2\/posts"}],"about":[{"href":"https:\/\/destinocastillayleon.es\/index\/wp-json\/wp\/v2\/types\/post"}],"author":[{"embeddable":true,"href":"https:\/\/destinocastillayleon.es\/index\/wp-json\/wp\/v2\/users\/2"}],"replies":[{"embeddable":true,"href":"https:\/\/destinocastillayleon.es\/index\/wp-json\/wp\/v2\/comments?post=22320"}],"version-history":[{"count":15,"href":"https:\/\/destinocastillayleon.es\/index\/wp-json\/wp\/v2\/posts\/22320\/revisions"}],"predecessor-version":[{"id":22337,"href":"https:\/\/destinocastillayleon.es\/index\/wp-json\/wp\/v2\/posts\/22320\/revisions\/22337"}],"wp:featuredmedia":[{"embeddable":true,"href":"https:\/\/destinocastillayleon.es\/index\/wp-json\/wp\/v2\/media\/22333"}],"wp:attachment":[{"href":"https:\/\/destinocastillayleon.es\/index\/wp-json\/wp\/v2\/media?parent=22320"}],"wp:term":[{"taxonomy":"category","embeddable":true,"href":"https:\/\/destinocastillayleon.es\/index\/wp-json\/wp\/v2\/categories?post=22320"},{"taxonomy":"post_tag","embeddable":true,"href":"https:\/\/destinocastillayleon.es\/index\/wp-json\/wp\/v2\/tags?post=22320"}],"curies":[{"name":"wp","href":"https:\/\/api.w.org\/{rel}","templated":true}]}}