{"id":22158,"date":"2023-06-28T07:15:32","date_gmt":"2023-06-28T05:15:32","guid":{"rendered":"http:\/\/destinocastillayleon.es\/index\/?p=22158"},"modified":"2023-06-28T08:59:35","modified_gmt":"2023-06-28T06:59:35","slug":"paleolitico-vivo","status":"publish","type":"post","link":"https:\/\/destinocastillayleon.es\/index\/paleolitico-vivo\/","title":{"rendered":"Disfruta de un Safari Prehist\u00f3rico con Paleol\u00edtico Vivo"},"content":{"rendered":"<p>Hay cosas que cuando las conoces por primera vez, <strong>te impactan, y piensas, cuando tenga familia, me gustar\u00eda traerlos aqu\u00ed y que disfruten al tiempo que aprenden cosas.<\/strong> Y esto nos pas\u00f3 cuando hace ya a\u00f1os conocimos este Safari prehist\u00f3rico de Paleol\u00edtico Vivo, en Burgos.<\/p>\n<p>Esta es <strong>una experiencia de turismo familiar que no os pod\u00e9is perder<\/strong> y que complementa a toda la experiencia de turismo hist\u00f3rico asociado a los descubrimientos de los Yacimientos de Atapuerca.<\/p>\n<h3><strong>\u00cdndice de contenidos<\/strong><\/h3>\n<p>Hemos preparado este \u00edndice de contenidos con <strong>los principales contenidos<\/strong> de esta publicaci\u00f3n:<\/p>\n<p><strong>Un safari por el Paleol\u00edtico:<\/strong><\/p>\n<ul>\n<li><a href=\"#Experiencia\">La experiencia de un safari prehist\u00f3rico<\/a>.<\/li>\n<li><a href=\"#Video\">Video de nuestra \u00faltima experiencia<\/a>.<\/li>\n<li><a href=\"#Salida\">Salida hacia la reserva<\/a>.<\/li>\n<li><a href=\"#Aminales\">Los animales de esta reserva<\/a>.<\/li>\n<li><a href=\"#Campamento\">Descubre el campamento de los pobladores de Atapuerca<\/a>.<\/li>\n<\/ul>\n<p><strong>Visitar Salg\u00fcero de Juarros:<\/strong><\/p>\n<ul>\n<li><a href=\"#Patrimonio\">Patrimonio de Salg\u00fcero de Juarros<\/a>.<\/li>\n<\/ul>\n<p><strong>Informaci\u00f3n general sobre la zona:<\/strong><\/p>\n<ul>\n<li><a href=\"#Llegar\">\u00bfC\u00f3mo llegar?<\/a><\/li>\n<li><a href=\"#Comer\">\u00bfD\u00f3nde comer?<\/a><\/li>\n<li><a href=\"#Dormir\">\u00bfD\u00f3nde alojarte?<\/a><\/li>\n<\/ul>\n<p>Esperamos <strong>que os sea de inspiraci\u00f3n y os anim\u00e9is a visitar tambi\u00e9n esta iniciativa<\/strong> de conservaci\u00f3n natural y preservaci\u00f3n del medio rural.<\/p>\n<h3><strong>Preparando el viaje<\/strong><\/h3>\n<p>Esta experiencia <strong>la hemos realizado en m\u00e1s de una ocasi\u00f3n; la primera fue gracias a la Diputaci\u00f3n de Burgos, que realiz\u00f3 un viaje para dar a conocer iniciativas relacionadas con el turismo familiar,<\/strong> uno de los puntos en los que, desde hace a\u00f1os, viene incidiendo la Sociedad de Turismo Provincial de Burgos.<\/p>\n<figure id=\"attachment_37124\" aria-describedby=\"caption-attachment-37124\" style=\"width: 640px\" class=\"wp-caption aligncenter\"><img decoding=\"async\" src=\"https:\/\/destinocastillayleon.es\/index\/wp-content\/uploads\/2023\/06\/Grandes-machos-de-bisonte-europeo-Destino-Castilla-y-Leon.jpg\" alt=\"Grandes machos de bisonte europeo - Destino Castilla y Le\u00f3n\" width=\"640\" height=\"360\" class=\"size-full wp-image-37124\" srcset=\"https:\/\/destinocastillayleon.es\/index\/wp-content\/uploads\/2023\/06\/Grandes-machos-de-bisonte-europeo-Destino-Castilla-y-Leon.jpg 640w, https:\/\/destinocastillayleon.es\/index\/wp-content\/uploads\/2023\/06\/Grandes-machos-de-bisonte-europeo-Destino-Castilla-y-Leon-300x169.jpg 300w\" sizes=\"(max-width: 640px) 100vw, 640px\" \/><figcaption id=\"caption-attachment-37124\" class=\"wp-caption-text\">Grandes machos de bisonte europeo &#8211; Destino Castilla y Le\u00f3n<\/figcaption><\/figure>\n<p>Pero, <strong>hemos regresado a visitar esta experiencia con nuestros hijos peque\u00f1os.<\/strong> Y que, de esta forma, conocieran y disfrutaran del medio ambiente, el mundo rural y nuestro pasado hist\u00f3rico. <\/p>\n<p>Uno de esos viajes fue <strong>siguiendo las <a href=\"https:\/\/destinocastillayleon.es\/index\/escapada-por-la-sierra-de-la-demanda\/\">huellas de los dinosaurios<\/a> del \u201ccercano\u201d <a href=\"https:\/\/destinocastillayleon.es\/index\/museo-de-dinosaurios-de-salas-de-los-infantes\/\">Museo Paleontol\u00f3gico de Salas de los Infantes<\/a>;<\/strong> y en otros, m\u00e1s asociado al yacimiento de Atapuerca.<a name=\"Experiencia\"><\/a><\/p>\n<h2><strong>Un safari prehist\u00f3rico en Paleol\u00edtico Vivo<\/strong><\/h2>\n<p>Como os hemos comentado, esta es una de las experiencias m\u00e1s interesantes que en su momento conocimos visitando la provincia de Burgos, y que quisimos realizar recientemente en familia.<a name=\"Video\"><\/a><\/p>\n<p><center><iframe width=\"560\" height=\"315\" src=\"https:\/\/www.youtube.com\/embed\/TK5d3KPmd90\" title=\"YouTube video player\" frameborder=\"0\" allow=\"accelerometer; autoplay; clipboard-write; encrypted-media; gyroscope; picture-in-picture; web-share\" allowfullscreen><\/iframe><\/center><\/p>\n<p>No deja de ser <strong>casi un viaje en tiempo, hacia tiempos del paleol\u00edtico. Ya que, gracias a esta iniciativa de <a href=\"http:\/\/paleoliticovivo.com\/\" title=\"Link a la web de Paleol\u00edtico Vivo\" target=\"_blank\" rel=\"noopener\">Paleol\u00edtico Vivo<\/a><\/strong>, podemos disfrutar de un safari entre animales que casi se hab\u00edan extinguidos, pero que hoy tienen otra oportunidad y de la que podemos aprender mucho.<br \/>\n&nbsp; <\/p>\n<h3><strong>Qu\u00e9 vas a encontrar en Paleol\u00edtico Vivo<\/strong><\/h3>\n<p>Indicar lo primero que, a este safari, <strong>no se permite el acceso a veh\u00edculos particulares;<\/strong> ni aunque se trate de veh\u00edculos 4&#215;4. Por esta raz\u00f3n, tendr\u00e9is que dejar en el pueblo, donde <strong>la <a href=\"http:\/\/www.sierractiva.com\/\" title=\"Link a la web de la empresa Sierra Activa\" target=\"_blank\" rel=\"noopener\">empresa Sierra Activa<\/a><\/strong> tiene la oficina de gesti\u00f3n y un parking de veh\u00edculos propios todo terreno adaptados <strong>para llevar a unos 12 visitantes<\/strong> por veh\u00edculo. <a name=\"Salida\"><\/a><\/p>\n<figure id=\"attachment_37123\" aria-describedby=\"caption-attachment-37123\" style=\"width: 640px\" class=\"wp-caption aligncenter\"><img decoding=\"async\" src=\"https:\/\/destinocastillayleon.es\/index\/wp-content\/uploads\/2023\/06\/Todo-terreno-junto-a-una-joven-hembra-de-bisonte-europeo-Destino-Castilla-y-Leon.jpg\" alt=\"Todo terreno junto a una joven hembra de bisonte europeo - Destino Castilla y Le\u00f3n\" width=\"640\" height=\"361\" class=\"size-full wp-image-37123\" srcset=\"https:\/\/destinocastillayleon.es\/index\/wp-content\/uploads\/2023\/06\/Todo-terreno-junto-a-una-joven-hembra-de-bisonte-europeo-Destino-Castilla-y-Leon.jpg 640w, https:\/\/destinocastillayleon.es\/index\/wp-content\/uploads\/2023\/06\/Todo-terreno-junto-a-una-joven-hembra-de-bisonte-europeo-Destino-Castilla-y-Leon-300x169.jpg 300w\" sizes=\"(max-width: 640px) 100vw, 640px\" \/><figcaption id=\"caption-attachment-37123\" class=\"wp-caption-text\">Todo terreno junto a una joven hembra de bisonte europeo &#8211; Destino Castilla y Le\u00f3n<\/figcaption><\/figure>\n<h4><strong>Saliendo hacia la reserva<\/strong><\/h4>\n<p>Tras salir de Salg\u00fcero de Juarros, <strong>atravesando el lecho casi seco de un arroyo, y tras unos pocos kil\u00f3metros por los p\u00e1ramos de la Sierra de Atapuerca,<\/strong> se llega a estas amplias fincas cerradas para la conservaci\u00f3n de estos animales salvajes.<\/p>\n<p>De esta forma, nos adentraremos en <strong>una zona de bosque casi virgen que afortunadamente se ha mantenido casi intacto<\/strong>. La sierra de Atapuerca no ha sufrido casi actuaciones por parte del hombre, y el bosque de encinas, robles y pinos tiene la peculiaridad de autogestionarse, con apenas intervenci\u00f3n humana. <\/p>\n<blockquote><p>En este paraje, empieza el recorrido. <\/p><\/blockquote>\n<p><figure id=\"attachment_37122\" aria-describedby=\"caption-attachment-37122\" style=\"width: 640px\" class=\"wp-caption aligncenter\"><img decoding=\"async\" src=\"https:\/\/destinocastillayleon.es\/index\/wp-content\/uploads\/2023\/06\/Paisaje-en-verano-de-la-Sierra-de-Atapuerca-Destino-Castilla-y-Leon.jpg\" alt=\"Paisaje en verano de la Sierra de Atapuerca - Destino Castilla y Le\u00f3n\" width=\"640\" height=\"360\" class=\"size-full wp-image-37122\" srcset=\"https:\/\/destinocastillayleon.es\/index\/wp-content\/uploads\/2023\/06\/Paisaje-en-verano-de-la-Sierra-de-Atapuerca-Destino-Castilla-y-Leon.jpg 640w, https:\/\/destinocastillayleon.es\/index\/wp-content\/uploads\/2023\/06\/Paisaje-en-verano-de-la-Sierra-de-Atapuerca-Destino-Castilla-y-Leon-300x169.jpg 300w\" sizes=\"(max-width: 640px) 100vw, 640px\" \/><figcaption id=\"caption-attachment-37122\" class=\"wp-caption-text\">Paisaje en verano de la Sierra de Atapuerca &#8211; Destino Castilla y Le\u00f3n<\/figcaption><\/figure> <a name=\"Aminales\"><\/a><\/p>\n<h3><strong>Nuestra visita por el parque Paleol\u00edtico Vivo<\/h3>\n<h4>Descubriendo el bosque de Atapuerca, los caballos Konik nos encuentran a nosotros<\/strong><\/h4>\n<p>Durante nuestras visitas, <strong>siempre hemos tenido la suerte de hacer el recorrido con d\u00edas soleados, e incluso a distintas horas,<\/strong> aunque nunca hace much\u00edsimo calor como para que sea insoportable, aunque si lo hac\u00e9is en verano, aconsejamos llevar sombrero, gorra y protecci\u00f3n solar.<\/p>\n<figure id=\"attachment_22251\" aria-describedby=\"caption-attachment-22251\" style=\"width: 640px\" class=\"wp-caption aligncenter\"><img decoding=\"async\" src=\"http:\/\/destinocastillayleon.es\/index\/wp-content\/uploads\/2016\/03\/bf3b6fa7996843ba36f284ac86ff406e.jpg\" alt=\"Paleol\u00edtico Vivo - Caballos Konik - Destino Castilla y Le\u00f3n\" width=\"640\" height=\"400\" class=\"size-full wp-image-22251\" srcset=\"https:\/\/destinocastillayleon.es\/index\/wp-content\/uploads\/2016\/03\/bf3b6fa7996843ba36f284ac86ff406e.jpg 640w, https:\/\/destinocastillayleon.es\/index\/wp-content\/uploads\/2016\/03\/bf3b6fa7996843ba36f284ac86ff406e-300x188.jpg 300w\" sizes=\"(max-width: 640px) 100vw, 640px\" \/><figcaption id=\"caption-attachment-22251\" class=\"wp-caption-text\">Caballos Konik &#8211; Destino Castilla y Le\u00f3n<\/figcaption><\/figure>\n<p>En nuestra primera parada tratando de localizar las especies de esta reserva de animales prehist\u00f3ricos, <strong>nos topamos con los <a href=\"https:\/\/es.wikipedia.org\/wiki\/Konik\" title=\"Link a Wikipedia sobre caballos Konik\" target=\"_blank\" rel=\"noopener\"><strong>caballos de Konic<\/strong><\/a>.<\/strong> Una raza de caballos bastante sociable. No tiene una gran talla y recuerda a los caballos de la estepa de Mongolia, de la que son los descendientes m\u00e1s puros de los caballos que un d\u00eda trotaron por Atapuerca.<\/p>\n<p>Estos caballos <strong>se pueden ver representados en el arte paleol\u00edtico de hace 20.000 a\u00f1os, como en <a href=\"https:\/\/destinocastillayleon.es\/index\/visita-a-siega-verde\/\">los Yacimientos de Siega Verde &#8211; Valle del Coa<\/a>, entre Salamanca y Portugal; o en <a href=\"https:\/\/destinoysabor.com\/blog\/museo-del-jurasico-y-cueva-tito-bustillo\/\" rel=\"noopener\" target=\"_blank\">la Cueva Tito Bustillo<\/a>, de Ribadesella.<\/strong> Gracias a este proyecto, se ha podido traer <strong>una manada de estos caballos que se han asilvestrado, recuperando su h\u00e1bitat original<\/strong>.<\/p>\n<figure id=\"attachment_33698\" aria-describedby=\"caption-attachment-33698\" style=\"width: 580px\" class=\"wp-caption aligncenter\"><img decoding=\"async\" data-pin-description=\"Visita al Yacimiento arqueol\u00f3gico de Siega Verde - Destino Castilla y Le\u00f3n\" src=\"https:\/\/destinocastillayleon.es\/index\/wp-content\/uploads\/2020\/10\/04024b1d4abc4d0d94fd54d22d82f2cc-1.jpg\" alt=\"Visita al Yacimiento arqueol\u00f3gico de Siega Verde - Destino Castilla y Le\u00f3n\" width=\"580\" class=\"size-full wp-image-33698\" srcset=\"https:\/\/destinocastillayleon.es\/index\/wp-content\/uploads\/2020\/10\/04024b1d4abc4d0d94fd54d22d82f2cc-1.jpg 1210w, https:\/\/destinocastillayleon.es\/index\/wp-content\/uploads\/2020\/10\/04024b1d4abc4d0d94fd54d22d82f2cc-1-300x169.jpg 300w, https:\/\/destinocastillayleon.es\/index\/wp-content\/uploads\/2020\/10\/04024b1d4abc4d0d94fd54d22d82f2cc-1-1024x577.jpg 1024w, https:\/\/destinocastillayleon.es\/index\/wp-content\/uploads\/2020\/10\/04024b1d4abc4d0d94fd54d22d82f2cc-1-768x433.jpg 768w\" sizes=\"(max-width: 1210px) 100vw, 1210px\" \/><figcaption id=\"caption-attachment-33698\" class=\"wp-caption-text\">Grabado de caballos de Przewalski en el Yacimiento arqueol\u00f3gico de Siega Verde &#8211; Destino Castilla y Le\u00f3n<\/figcaption><\/figure>\n<p>Estos caballitos <strong>son unos animales preciosos que se dejan tocar, siempre que no los atosigues.<\/strong> Toda una experiencia, aunque solo es recomendable en grupos reducidos.<\/p>\n<h4><strong>Los caballos Przewalski<\/strong><\/h4>\n<p>Esta es <strong>la otra especie de caballos que habita en este parque prehist\u00f3rico.<\/strong> No es raro encontrarlos cerca de los caballos de Konik, ya que, al igual que estos, estos <strong><a href=\"https:\/\/es.wikipedia.org\/wiki\/Equus_ferus_przewalskii\" title=\"Link a Wikipedia sobre caballos Przewalskii\" target=\"_blank\" rel=\"noopener\">caballos de Przewalski<\/a><\/strong> comparten h\u00e1bitat y se han adaptado a un estado de libertad. <\/p>\n<figure id=\"attachment_22252\" aria-describedby=\"caption-attachment-22252\" style=\"width: 640px\" class=\"wp-caption aligncenter\"><img decoding=\"async\" src=\"http:\/\/destinocastillayleon.es\/index\/wp-content\/uploads\/2016\/03\/8e278ab8a4f833dca47153a3a3b83e9d.jpg\" alt=\"Paleol\u00edtico Vivo\"  title=\"Paleol\u00edtico Vivo - Caballos Przewalski- Destino Castilla y Le\u00f3n\" width=\"640\" height=\"400\" class=\"size-full wp-image-22252\" srcset=\"https:\/\/destinocastillayleon.es\/index\/wp-content\/uploads\/2016\/03\/8e278ab8a4f833dca47153a3a3b83e9d.jpg 640w, https:\/\/destinocastillayleon.es\/index\/wp-content\/uploads\/2016\/03\/8e278ab8a4f833dca47153a3a3b83e9d-300x188.jpg 300w\" sizes=\"(max-width: 640px) 100vw, 640px\" \/><figcaption id=\"caption-attachment-22252\" class=\"wp-caption-text\">Caballos Przewalski en libertad por la reserva &#8211; Destino Castilla y Le\u00f3n<\/figcaption><\/figure>\n<p><strong>Es otra especie muy antigua y que tambi\u00e9n se encuentra representada en el arte paleol\u00edtico.<\/strong> Uno de los mejores ejemplos es la Cueva de Altamira. En la actualidad, a\u00fan existen <strong>algunas manadas salvajes por las regiones m\u00e1s deshabitadas de Mongolia,<\/strong> por lo que proyectos como este, est\u00e1n sirviendo como una forma de conservar esta especie.<br \/>\n&nbsp; <\/p>\n<h3><strong>Y por fin localizamos a los bisontes<\/strong><\/h3>\n<p>Posiblemente la joya de la corona sea esta manada de animales. <strong>Se trata de ejemplares de <a href=\"https:\/\/es.wikipedia.org\/wiki\/Bison_bonasus\" title=\"Link a Wikipedia sobre Bisontes europeos\" target=\"_blank\" rel=\"noopener\">bisontes europeos<\/a><\/strong>. Una especie en grave peligro de extinci\u00f3n, solo siendo posible encontrarlos en algunas reservas de Alemania y Polonia, aunque en los \u00faltimos a\u00f1os han ido apareciendo varios proyectos por toda Europa donde gracias a un control de cruces entre manadas, se ha logrado una nueva esperanza para esta raza. <\/p>\n<figure id=\"attachment_22255\" aria-describedby=\"caption-attachment-22255\" style=\"width: 639px\" class=\"wp-caption aligncenter\"><img decoding=\"async\" src=\"https:\/\/destinocastillayleon.es\/index\/wp-content\/uploads\/2016\/03\/e7c0f0dc0a7dc49672ffee747705d01d.jpg\" alt=\"Bisontes en libertad en el safari por Paleol\u00edtico Vivo - Destino Castilla y Le\u00f3n\" width=\"639\" height=\"399\" class=\"size-full wp-image-22255\" srcset=\"https:\/\/destinocastillayleon.es\/index\/wp-content\/uploads\/2016\/03\/e7c0f0dc0a7dc49672ffee747705d01d.jpg 639w, https:\/\/destinocastillayleon.es\/index\/wp-content\/uploads\/2016\/03\/e7c0f0dc0a7dc49672ffee747705d01d-300x187.jpg 300w\" sizes=\"(max-width: 639px) 100vw, 639px\" \/><figcaption id=\"caption-attachment-22255\" class=\"wp-caption-text\">Bisontes en libertad en el safari por Paleol\u00edtico Vivo &#8211; Destino Castilla y Le\u00f3n<\/figcaption><\/figure>\n<p>Gracias a diversos programas internacionales, <strong>esta especie, aunque sigue estando amenazada ya es posible encontrarla en muchas reservas. Al menos conocemos en Castilla y Le\u00f3n la reserva <a href=\"https:\/\/destinocastillayleon.es\/index\/reserva-bisontes-europeos\/\" rel=\"noopener\" target=\"_blank\">Bison Bonasus<\/a>,<\/strong> en la monta\u00f1a palentina y las <strong>reservas de bisontes de Ria\u00f1o del Museo de la Fauna Salvaje,<\/strong> en Le\u00f3n; y <strong>dos reservas en la Segovia,<\/strong> que a\u00fan no conocemos, y que seg\u00fan nos han dicho es la reserva m\u00e1s grande de Espa\u00f1a.<\/p>\n<figure id=\"attachment_37126\" aria-describedby=\"caption-attachment-37126\" style=\"width: 520px\" class=\"wp-caption aligncenter\"><img decoding=\"async\" src=\"https:\/\/destinocastillayleon.es\/index\/wp-content\/uploads\/2023\/06\/Bisonte-europeo-en-la-reserva-de-Riano-Destino-Castilla-y-Leon.jpg\" alt=\"Bisonte europeo en la reserva de Ria\u00f1o - Destino Castilla y Le\u00f3n\" width=\"520\" class=\"size-full wp-image-37126\" srcset=\"https:\/\/destinocastillayleon.es\/index\/wp-content\/uploads\/2023\/06\/Bisonte-europeo-en-la-reserva-de-Riano-Destino-Castilla-y-Leon.jpg 580w, https:\/\/destinocastillayleon.es\/index\/wp-content\/uploads\/2023\/06\/Bisonte-europeo-en-la-reserva-de-Riano-Destino-Castilla-y-Leon-300x198.jpg 300w\" sizes=\"(max-width: 580px) 100vw, 580px\" \/><figcaption id=\"caption-attachment-37126\" class=\"wp-caption-text\">Bisonte europeo en la reserva de Ria\u00f1o &#8211; Destino Castilla y Le\u00f3n<\/figcaption><\/figure>\n<p>Finalmente, <strong>localizamos la manada, aunque en ocasiones se disgregan los machos por un lado y las hembras con cr\u00edas por otro.<\/strong> Son animales que se alimentan limpiando el bosque, por lo que <strong>son un gran aliado en la prevenci\u00f3n de incendios forestales.<\/strong> Son ejemplares realmente impresionantes de ver, sobre todo en libertad.<\/p>\n<figure id=\"attachment_22250\" aria-describedby=\"caption-attachment-22250\" style=\"width: 640px\" class=\"wp-caption aligncenter\"><img decoding=\"async\" src=\"http:\/\/destinocastillayleon.es\/index\/wp-content\/uploads\/2016\/03\/32f9611bac93454fe8a147fbf2e71cd2.jpg\" alt=\"Paleol\u00edtico Vivo\"  title=\"Paleol\u00edtico Vivo - Bisontes Europeos - Destino Castilla y Le\u00f3n\" width=\"640\" height=\"400\" class=\"size-full wp-image-22250\" srcset=\"https:\/\/destinocastillayleon.es\/index\/wp-content\/uploads\/2016\/03\/32f9611bac93454fe8a147fbf2e71cd2.jpg 640w, https:\/\/destinocastillayleon.es\/index\/wp-content\/uploads\/2016\/03\/32f9611bac93454fe8a147fbf2e71cd2-300x188.jpg 300w\" sizes=\"(max-width: 640px) 100vw, 640px\" \/><figcaption id=\"caption-attachment-22250\" class=\"wp-caption-text\">Bisontes Europeos &#8211; Destino Castilla y Le\u00f3n<\/figcaption><\/figure>\n<h3><strong>Y ya solo nos falta encontrar a los Uros<\/strong><\/h3>\n<p>Se trata de <strong>otro b\u00f3vido prehist\u00f3rico, aunque en este caso est\u00e1 extinto, y lo que hay son recreaciones gen\u00e9ticas que desde mediados del siglo XX<\/strong> llevan cruzando espec\u00edmenes con el objetivo de rescatar los genes originales de esta especie, desaparecida definitivamente entre finales del siglo XIX y e inicios del siglo XX.<\/p>\n<h4><strong>El b\u00f3vido de Heck<\/strong><\/h4>\n<p>En realidad, <strong>estos \u201curos\u201d, son una recreaci\u00f3n incompleta a\u00fan llamada Bovino de Heck.<\/strong> Aunque a\u00fan se han logrado algunos ejemplares con cierta similitud, <strong>son muchos los cr\u00edticos con este proyecto de cr\u00eda selectiva.<\/strong> No obstante, estos b\u00f3vidos se est\u00e1n adaptando a un modo semisalvaje, aunque hay otros proyectos que parecen ir mejor encaminados.<\/p>\n<figure id=\"attachment_37127\" aria-describedby=\"caption-attachment-37127\" style=\"width: 640px\" class=\"wp-caption aligncenter\"><img decoding=\"async\" src=\"https:\/\/destinocastillayleon.es\/index\/wp-content\/uploads\/2023\/06\/Vacas-boninas-de-Hecks-o-falsos-Uros-Destino-Castilla-y-Leon.jpg\" alt=\"Vacas boninas de Hecks o falsos Uros - Destino Castilla y Le\u00f3n\" width=\"640\" height=\"360\" class=\"size-full wp-image-37127\" srcset=\"https:\/\/destinocastillayleon.es\/index\/wp-content\/uploads\/2023\/06\/Vacas-boninas-de-Hecks-o-falsos-Uros-Destino-Castilla-y-Leon.jpg 640w, https:\/\/destinocastillayleon.es\/index\/wp-content\/uploads\/2023\/06\/Vacas-boninas-de-Hecks-o-falsos-Uros-Destino-Castilla-y-Leon-300x169.jpg 300w\" sizes=\"(max-width: 640px) 100vw, 640px\" \/><figcaption id=\"caption-attachment-37127\" class=\"wp-caption-text\">Vacas boninas de Hecks o falsos Uros &#8211; Destino Castilla y Le\u00f3n<\/figcaption><\/figure>\n<h4><strong>Por fin los localizamos<\/strong><\/h4>\n<p>En nuestro \u00faltimo viaje, estuvieron algo esquivos, aunque <strong>se han creado varias manadas.<\/strong><\/p>\n<p>Adem\u00e1s, muy cerca de estos caballos <strong>nos encontramos con <a href=\"https:\/\/es.wikipedia.org\/wiki\/Bos_primigenius_primigenius#Intentos_de_.C2.ABrecrear.C2.BB_al_uro\" title=\"Link a Wikipedia sobre los Uros europeos\" target=\"_blank\" rel=\"noopener\">una manada de uros<\/a><\/strong>. Una especie bobina extinta en Europa, pero que, mediante cruces selectivos, se est\u00e1 resucitando, potenciando las caracter\u00edsticas que describ\u00edan a esta vaca salvaje. <\/p>\n<figure id=\"attachment_22247\" aria-describedby=\"caption-attachment-22247\" style=\"width: 640px\" class=\"wp-caption aligncenter\"><img decoding=\"async\" src=\"http:\/\/destinocastillayleon.es\/index\/wp-content\/uploads\/2016\/03\/f57eb39a272000b2221af84a72a34119.jpg\" alt=\"Paleol\u00edtico Vivo\"; title=\"Uros - Destino Castilla y Le\u00f3n\" width=\"640\" height=\"400\" class=\"size-full wp-image-22247\" srcset=\"https:\/\/destinocastillayleon.es\/index\/wp-content\/uploads\/2016\/03\/f57eb39a272000b2221af84a72a34119.jpg 640w, https:\/\/destinocastillayleon.es\/index\/wp-content\/uploads\/2016\/03\/f57eb39a272000b2221af84a72a34119-300x188.jpg 300w\" sizes=\"(max-width: 640px) 100vw, 640px\" \/><figcaption id=\"caption-attachment-22247\" class=\"wp-caption-text\">Uros en semilibertad en Paleol\u00edtico Vivo &#8211; Destino Castilla y Le\u00f3n<\/figcaption><\/figure>\n<p>En nuestra visita inicial, a\u00fan <strong>no hab\u00eda suficientes animales como para realizar una explotaci\u00f3n,<\/strong> aunque se espera que, para lograr un mejor mantenimiento del proyecto, <strong>se lanzar\u00e1 unos men\u00fas degustaci\u00f3n de productos c\u00e1rnicos<\/strong> procedentes de estos animales. Aunque no sabemos qu\u00e9 fue de este proyecto.<a name=\"Campamento\"><\/a><br \/>\n&nbsp; <\/p>\n<h2><strong>Conocemos al humano del paleol\u00edtico<\/strong><\/h2>\n<p>Tras este safari buscando animales salvajes, <strong>la experiencia permite conocer a los humanos del paleol\u00edtico. Paleol\u00edtico significa <em>\u201dPiedra vieja\u201d<\/em>.<\/strong> Es un periodo muy amplio, aunque por lo general podemos definirlo para Europa entre 50.000 al 12.000 antes de cristo.<\/p>\n<figure id=\"attachment_37128\" aria-describedby=\"caption-attachment-37128\" style=\"width: 640px\" class=\"wp-caption aligncenter\"><img decoding=\"async\" src=\"https:\/\/destinocastillayleon.es\/index\/wp-content\/uploads\/2023\/06\/Recreacion-de-un-campamento-de-humanos-de-hace-unos-20.000-anos-Destino-Castilla-y-Leon.jpg\" alt=\"Recreaci\u00f3n de un campamento de humanos de hace unos 20.000 a\u00f1os - Destino Castilla y Le\u00f3n\" width=\"640\" height=\"360\" class=\"size-full wp-image-37128\" srcset=\"https:\/\/destinocastillayleon.es\/index\/wp-content\/uploads\/2023\/06\/Recreacion-de-un-campamento-de-humanos-de-hace-unos-20.000-anos-Destino-Castilla-y-Leon.jpg 640w, https:\/\/destinocastillayleon.es\/index\/wp-content\/uploads\/2023\/06\/Recreacion-de-un-campamento-de-humanos-de-hace-unos-20.000-anos-Destino-Castilla-y-Leon-300x169.jpg 300w\" sizes=\"(max-width: 640px) 100vw, 640px\" \/><figcaption id=\"caption-attachment-37128\" class=\"wp-caption-text\">Recreaci\u00f3n de un campamento de humanos de hace unos 20.000 a\u00f1os &#8211; Destino Castilla y Le\u00f3n<\/figcaption><\/figure>\n<p>En esta etapa, <strong>a\u00fan hay convivencia de varias especies humanas, especialmente Neandertales y Sapiens. Estas especies eran capaces de crear herramientas de piedra de cierta complejidad y ten\u00edan sociedades complejas.<\/strong> Tal y como conocimos en el <a href=\"https:\/\/destinocastillayleon.es\/index\/museo-de-la-evolucion-humana-de-burgos\/\" rel=\"noopener\" target=\"_blank\">Museo de la Evoluci\u00f3n Humana de Burgos<\/a>, en los <a href=\"https:\/\/destinocastillayleon.es\/index\/visitar-el-yacimiento-de-atapuerca\/\" rel=\"noopener\" target=\"_blank\">yacimientos de Atapuerca<\/a> o en el <a href=\"https:\/\/destinocastillayleon.es\/index\/centro-de-arqueologia-experimental-de-atapuerca\/\" rel=\"noopener\" target=\"_blank\">Centro Arqueol\u00f3gico Experimental de Atapuerca<\/a>, no eran tan diferente a nosotros.<\/p>\n<p>Gracias a los conocimientos de las razas abor\u00edgenes, los restos encontrados y las recreaciones experimentales <strong>se ha estudiado bastante la forma de vida de los humanos de este periodo, hasta poder recrear la forma de vida de una comunidad de pobladores neol\u00edticos<\/strong> de hace unos 15.000 a\u00f1os.<\/p>\n<figure id=\"attachment_22243\" aria-describedby=\"caption-attachment-22243\" style=\"width: 640px\" class=\"wp-caption aligncenter\"><img decoding=\"async\" src=\"http:\/\/destinocastillayleon.es\/index\/wp-content\/uploads\/2016\/03\/1bbd68051e9f70c7023578acf4dc563b.jpg\" alt=\"Paleol\u00edtico Vivo\"  title=\"Paleol\u00edtico Vivo - T\u00e9cnicas de caza - Destino Castilla y Le\u00f3n\" width=\"640\" height=\"400\" class=\"size-full wp-image-22243\" srcset=\"https:\/\/destinocastillayleon.es\/index\/wp-content\/uploads\/2016\/03\/1bbd68051e9f70c7023578acf4dc563b.jpg 640w, https:\/\/destinocastillayleon.es\/index\/wp-content\/uploads\/2016\/03\/1bbd68051e9f70c7023578acf4dc563b-300x188.jpg 300w\" sizes=\"(max-width: 640px) 100vw, 640px\" \/><figcaption id=\"caption-attachment-22243\" class=\"wp-caption-text\">Demostraci\u00f3n de diferentes t\u00e9cnicas de caza &#8211; Destino Castilla y Le\u00f3n<\/figcaption><\/figure>\n<h3><strong>Visita al campamento<\/strong><\/h3>\n<p>Descendiendo de los veh\u00edculos, nuestra gu\u00eda, nos llev\u00f3 hasta <strong>una recreaci\u00f3n de un campamento neol\u00edtico<\/strong>. All\u00ed, se explica y se demuestra <strong>c\u00f3mo deb\u00eda ser la vida de un hombre de este periodo<\/strong>, c\u00f3mo constru\u00edan sus viviendas, <strong>qu\u00e9 herramientas ten\u00edan a su disposici\u00f3n para la caza<\/strong>, c\u00f3mo consegu\u00eda realizar fuego\u2026<\/p>\n<figure id=\"attachment_37129\" aria-describedby=\"caption-attachment-37129\" style=\"width: 640px\" class=\"wp-caption aligncenter\"><img decoding=\"async\" src=\"https:\/\/destinocastillayleon.es\/index\/wp-content\/uploads\/2023\/06\/Practica-de-tiro-con-arco-simple-al-estilo-de-los-primeros-humanos-Destino-Castilla-y-Leon.jpg\" alt=\"Pr\u00e1ctica de tiro con arco simple al estilo de los primeros humanos - Destino Castilla y Le\u00f3n\" width=\"640\" height=\"359\" class=\"size-full wp-image-37129\" srcset=\"https:\/\/destinocastillayleon.es\/index\/wp-content\/uploads\/2023\/06\/Practica-de-tiro-con-arco-simple-al-estilo-de-los-primeros-humanos-Destino-Castilla-y-Leon.jpg 640w, https:\/\/destinocastillayleon.es\/index\/wp-content\/uploads\/2023\/06\/Practica-de-tiro-con-arco-simple-al-estilo-de-los-primeros-humanos-Destino-Castilla-y-Leon-300x168.jpg 300w\" sizes=\"(max-width: 640px) 100vw, 640px\" \/><figcaption id=\"caption-attachment-37129\" class=\"wp-caption-text\">Pr\u00e1ctica de tiro con arco simple al estilo de los primeros humanos &#8211; Destino Castilla y Le\u00f3n<\/figcaption><\/figure>\n<h4><strong>Elecci\u00f3n de esta zona para establecer su campamento<\/strong><\/h4>\n<p>Geogr\u00e1ficamente, <strong>existe un pasillo natural entre el Valle del Ebro y la submeseta norte delimitado por la Sierra de Atapuerca y la Sierra de la Demanda.<\/strong> Esto hac\u00eda que los animales herb\u00edvoros tuvieran que pasar todos los a\u00f1os por este corredor en sus migraciones.<\/p>\n<p>Esto hac\u00eda que el dominio de <strong>esta atalaya fuera de gran valor,<\/strong> porque domina el paso desde lo alto y permit\u00eda alimentar al grupo de humanos.<\/p>\n<h3><strong>Artistas de otro tiempo<\/strong><\/h3>\n<p>Tras visitar el campamento y participar en algunas demostraciones, <strong>hay que caminar un poco por el bosque de encinas, hasta llegar a un risco, donde sobre una roca se domina el paso.<\/strong> All\u00ed, <strong>nos mostraron las t\u00e9cnicas que podr\u00edan usar para realizar pinturas en la piedra<\/strong>. Desde la producci\u00f3n de pigmentos, hasta las t\u00e9cnicas de pintura.<\/p>\n<figure id=\"attachment_22242\" aria-describedby=\"caption-attachment-22242\" style=\"width: 320px\" class=\"wp-caption aligncenter\"><img decoding=\"async\" src=\"http:\/\/destinocastillayleon.es\/index\/wp-content\/uploads\/2016\/03\/7f6fca0be6ccb68c11ac89f7af03216d.jpg\" alt=\"Paleol\u00edtico Vivo\"  title=\"Paleol\u00edtico Vivo - T\u00e9cnicas de pintura - Destino Castilla y Le\u00f3n\" width=\"320\" height=\"427\" class=\"size-full wp-image-22242\" srcset=\"https:\/\/destinocastillayleon.es\/index\/wp-content\/uploads\/2016\/03\/7f6fca0be6ccb68c11ac89f7af03216d.jpg 320w, https:\/\/destinocastillayleon.es\/index\/wp-content\/uploads\/2016\/03\/7f6fca0be6ccb68c11ac89f7af03216d-225x300.jpg 225w, https:\/\/destinocastillayleon.es\/index\/wp-content\/uploads\/2016\/03\/7f6fca0be6ccb68c11ac89f7af03216d-300x400.jpg 300w\" sizes=\"(max-width: 320px) 100vw, 320px\" \/><figcaption id=\"caption-attachment-22242\" class=\"wp-caption-text\">Demostraci\u00f3n de distintas t\u00e9cnicas de pintar &#8211; Destino Castilla y Le\u00f3n<\/figcaption><\/figure>\n<p><strong>La experiencia es total<\/strong>, ya que representa una inmersi\u00f3n total en la Prehistoria, en un entorno muy real.<\/p>\n<figure id=\"attachment_22245\" aria-describedby=\"caption-attachment-22245\" style=\"width: 640px\" class=\"wp-caption aligncenter\"><img decoding=\"async\" src=\"http:\/\/destinocastillayleon.es\/index\/wp-content\/uploads\/2016\/03\/f809102897d2516d8c2823f82eedb02a.jpg\" alt=\"Paleol\u00edtico Vivo\"  title=\"Paleol\u00edtico Vivo - Haciendo fuego - Destino Castilla y Le\u00f3n\" width=\"640\" height=\"400\" class=\"size-full wp-image-22245\" srcset=\"https:\/\/destinocastillayleon.es\/index\/wp-content\/uploads\/2016\/03\/f809102897d2516d8c2823f82eedb02a.jpg 640w, https:\/\/destinocastillayleon.es\/index\/wp-content\/uploads\/2016\/03\/f809102897d2516d8c2823f82eedb02a-300x188.jpg 300w\" sizes=\"(max-width: 640px) 100vw, 640px\" \/><figcaption id=\"caption-attachment-22245\" class=\"wp-caption-text\">T\u00e9cnica de para hacer fuego &#8211; Destino Castilla y Le\u00f3n<\/figcaption><\/figure>\n<p>Regresando al campamento, <strong>fuimos testigos de c\u00f3mo se hac\u00edan fuego<\/strong> usando diversas t\u00e9cnicas, por la cual, haciendo girar un palo sobre otro, el serr\u00edn generado termina alcanzado la temperatura de ignici\u00f3n, lo necesario para realizar un fuego.<\/p>\n<p>&nbsp; <\/p>\n<h2><strong>Informaci\u00f3n de pr\u00e1ctica de Paleol\u00edtico Vivo<\/h2>\n<h3>D\u00f3nde se encuentra<\/strong><\/h3>\n<p>El <strong>Safari de Paleol\u00edtico Vivo se encuentra en Salg\u00fcero de Juarros, en plena sierra de Atapuerca<\/strong>. Donde no solo encontramos el famoso yacimiento arqueol\u00f3gico, si no, que tambi\u00e9n est\u00e1 esta magn\u00edfica iniciativa, y que asesora a este proyecto.<\/p>\n<figure id=\"attachment_22248\" aria-describedby=\"caption-attachment-22248\" style=\"width: 640px\" class=\"wp-caption aligncenter\"><img decoding=\"async\" src=\"http:\/\/destinocastillayleon.es\/index\/wp-content\/uploads\/2016\/03\/4e1add9a7db834971c847eea062e8278.jpg\" alt=\"Paleol\u00edtico Vivo\"  title=\"Paleol\u00edtico Vivo - Todo Terreno - Destino Castilla y Le\u00f3n\" width=\"640\" height=\"400\" class=\"size-full wp-image-22248\" srcset=\"https:\/\/destinocastillayleon.es\/index\/wp-content\/uploads\/2016\/03\/4e1add9a7db834971c847eea062e8278.jpg 640w, https:\/\/destinocastillayleon.es\/index\/wp-content\/uploads\/2016\/03\/4e1add9a7db834971c847eea062e8278-300x188.jpg 300w\" sizes=\"(max-width: 640px) 100vw, 640px\" \/><figcaption id=\"caption-attachment-22248\" class=\"wp-caption-text\">Todo Terreno preparado para llevar turistas por la reserva &#8211; Destino Castilla y Le\u00f3n<\/figcaption><\/figure>\n<p>El safari prehist\u00f3rico Paleol\u00edtico Vivo <strong>se puede realizar gracias a la gesti\u00f3n de dos fincas unidas de 200 Ha,<\/strong> gestionadas por la empresa Sierra Activa, que es la que ha desarrollado esta reserva de animales en estado de semilibertad que dura aproximadamente 2 horas y media.<\/p>\n<h4><strong>Informaci\u00f3n y contacto<\/strong><\/h4>\n<p><a href=\"http:\/\/www.paleoliticovivo.com\/es\/paleolitico-vivo\/ong\/43\" title=\"Link a la web de Paleol\u00edtico Vivo\" target=\"_blank\" rel=\"noopener\"><strong>Paleol\u00edtico Vivo<\/strong><\/a><\/p>\n<p>Calle larga<br \/>\n09198 &#8211; Salg\u00fcero de Juarros (Burgos)<\/p>\n<p>@.: <a href=\"mailto:reservas@paleoliticovivo.com\">reservas@paleoliticovivo.com<\/a><br \/>\n@.: <a href=\"mailto:info@paleoliticovivo.com\" title=\"Correo de informaci\u00f3n\" target=\"_blank\" rel=\"noopener\">info@paleoliticovivo.com<\/a><br \/>\n@.: <a href=\"mailto:reservas@paleoliticovivo.com\" title=\"correo de reservas\" target=\"_blank\" rel=\"noopener\">reservas@paleoliticovivo.com<\/a>.<\/p>\n<p>Telf.: +34 947 421 714<\/p>\n<h4><strong>Horarios<\/strong><\/h4>\n<p>Salidas a las 10:00h, a las 12:30h y a las 17:00h. <\/p>\n<h4><strong>Coste de la experiencia<\/strong><\/h4>\n<p>Tarifa base adultos: 15 \u20ac\/persona.<br \/>\nNi\u00f1os hasta 12 a\u00f1os: 12\u20ac\/persona.<br \/>\nGrupos escolares y otros colectivos 8\u20ac\/persona.<a name=\"Patrimonio\"><\/a><br \/>\n&nbsp; <\/p>\n<h2><strong>Visitar Salg\u00fcero de Juarros<\/strong><\/h2>\n<p>Esta localidad burgalesa <strong>es de las primeras de las estivaciones de la Sierra de la Demanda, a unos 20 Km. de Burgos,<\/strong> con lo que representa un complemento a la visita a la capital, o a la visita a <a href=\"https:\/\/destinocastillayleon.es\/index\/visitar-el-yacimiento-de-atapuerca\/\" rel=\"noopener\" target=\"_blank\">Atapuerca<\/a>.<\/p>\n<blockquote><p>Esta localidad posee una historia que supera documentadamente los mil a\u00f1os.<\/p><\/blockquote>\n<h3><strong>Patrimonio de Salg\u00fcero de Juarros<\/strong><\/h3>\n<p>Esta localidad <strong>estuvo cerca de perderse, pues cuenta actualmente unos 50 habitantes;<\/strong> no obstante gracias a su cercan\u00eda a Burgos capital, ha permitido que se transforme en un lugar de segundas viviendas de gentes de la ciudad.<\/p>\n<figure id=\"attachment_37132\" aria-describedby=\"caption-attachment-37132\" style=\"width: 640px\" class=\"wp-caption aligncenter\"><img decoding=\"async\" src=\"https:\/\/destinocastillayleon.es\/index\/wp-content\/uploads\/2023\/06\/Plaza-de-Salgueros-de-Juarros-Destino-Castilla-y-Leon.jpg\" alt=\"Plaza de Salg\u00fceros de Juarros - Destino Castilla y Le\u00f3n\" width=\"640\" height=\"360\" class=\"size-full wp-image-37132\" srcset=\"https:\/\/destinocastillayleon.es\/index\/wp-content\/uploads\/2023\/06\/Plaza-de-Salgueros-de-Juarros-Destino-Castilla-y-Leon.jpg 640w, https:\/\/destinocastillayleon.es\/index\/wp-content\/uploads\/2023\/06\/Plaza-de-Salgueros-de-Juarros-Destino-Castilla-y-Leon-300x169.jpg 300w\" sizes=\"(max-width: 640px) 100vw, 640px\" \/><figcaption id=\"caption-attachment-37132\" class=\"wp-caption-text\">Plaza de Salg\u00fceros de Juarros &#8211; Destino Castilla y Le\u00f3n<\/figcaption><\/figure>\n<p><strong>Esto ha permitido que muchas casas se hayan rehabilitado creando un casco urbano peque\u00f1o,<\/strong> pero bien conservado o en proceso de recuperaci\u00f3n.<\/p>\n<h4><strong>A visitar<\/strong><\/h4>\n<p>Es poco lo que hay visitable en esta peque\u00f1a localidad, <strong>lo m\u00e1s destacable es la plaza, donde se encuentra un pil\u00f3n,<\/strong> aunque es atravesada por la carretera que a su paso cambia de denominaci\u00f3n a Calle Sendino, y al que en verano hay que tener cuidado con las avispas.<\/p>\n<figure id=\"attachment_37134\" aria-describedby=\"caption-attachment-37134\" style=\"width: 640px\" class=\"wp-caption aligncenter\"><img decoding=\"async\" src=\"https:\/\/destinocastillayleon.es\/index\/wp-content\/uploads\/2023\/06\/Iglesia-de-San-Martin-Obispo-de-Salguero-de-Juarros-Imagen-de-la-Diocesis-de-Burgos.jpg\" alt=\"Iglesia de San Mart\u00edn Obispo de Salg\u00fcero de Juarros - Imagen de la Di\u00f3cesis de Burgos\" width=\"640\" height=\"361\" class=\"size-full wp-image-37134\" srcset=\"https:\/\/destinocastillayleon.es\/index\/wp-content\/uploads\/2023\/06\/Iglesia-de-San-Martin-Obispo-de-Salguero-de-Juarros-Imagen-de-la-Diocesis-de-Burgos.jpg 640w, https:\/\/destinocastillayleon.es\/index\/wp-content\/uploads\/2023\/06\/Iglesia-de-San-Martin-Obispo-de-Salguero-de-Juarros-Imagen-de-la-Diocesis-de-Burgos-300x169.jpg 300w\" sizes=\"(max-width: 640px) 100vw, 640px\" \/><figcaption id=\"caption-attachment-37134\" class=\"wp-caption-text\">Iglesia de San Mart\u00edn Obispo de Salg\u00fcero de Juarros &#8211; Imagen de la Di\u00f3cesis de Burgos<\/figcaption><\/figure>\n<p>Otro elemento destacable, aunque no lo hemos podido visitar a\u00fan <strong>es el potro y la herrer\u00eda.<\/strong> El primero no deja de ser una estructura de madera donde se inmovilizaba a los caballos para herrarlos; <strong>mientras que el segundo es una rehabilitaci\u00f3n de una antigua herrer\u00eda,<\/strong> donde se encuentra una fragua y una piedra de afilado.<\/p>\n<figure id=\"attachment_37131\" aria-describedby=\"caption-attachment-37131\" style=\"width: 640px\" class=\"wp-caption aligncenter\"><img decoding=\"async\" src=\"https:\/\/destinocastillayleon.es\/index\/wp-content\/uploads\/2023\/06\/Atravesamos-el-vado-junto-al-Puente-medieval-Destino-Castilla-y-Leon.jpg\" alt=\"Atravesamos el vado junto al Puente medieval - Destino Castilla y Le\u00f3n\" width=\"640\" height=\"360\" class=\"size-full wp-image-37131\" srcset=\"https:\/\/destinocastillayleon.es\/index\/wp-content\/uploads\/2023\/06\/Atravesamos-el-vado-junto-al-Puente-medieval-Destino-Castilla-y-Leon.jpg 640w, https:\/\/destinocastillayleon.es\/index\/wp-content\/uploads\/2023\/06\/Atravesamos-el-vado-junto-al-Puente-medieval-Destino-Castilla-y-Leon-300x169.jpg 300w\" sizes=\"(max-width: 640px) 100vw, 640px\" \/><figcaption id=\"caption-attachment-37131\" class=\"wp-caption-text\">Atravesamos el vado junto al Puente medieval &#8211; Destino Castilla y Le\u00f3n<\/figcaption><\/figure>\n<p>El otro elemento de inter\u00e9s es <strong>la iglesia parroquial dedicada a San Mart\u00edn Obispo,<\/strong> que se localiza al otro lado del arroyo. Este se salva pasando por <strong>un puente medieval de piedra,<\/strong> aunque los todoterrenos de Paleol\u00edtico Vivo van por un vado junto a \u00e9l.<\/p>\n<h3><strong>Entorno natural<\/strong><\/h3>\n<p>Una de las caracter\u00edsticas de esta localidad <strong>es estar rodeado por amplios bosques de robles aut\u00f3ctonos, pinos, chopos y olmos pasa el arroyo Salmuera.<\/strong> Un arroyo que nace entre las localidades de San Adri\u00e1n de Juarros y Santa Cruz de Juarros, y que desemboca en el arroyo Salg\u00fcero.<\/p>\n<p>Esto permite que se pueda disfrutar de buenas rutas de senderismo por la zona. <a name=\"Llegar\"><\/a><br \/>\n&nbsp;<\/p>\n<h2><strong>Informaci\u00f3n general sobre Salg\u00fcero de Juarros <\/h2>\n<h3>\u00bfC\u00f3mo llegar?<\/strong><\/h3>\n<p>La reserva de Paleol\u00edtico Vico se encuentra en <strong><a href=\"https:\/\/goo.gl\/maps\/KtrJrsiRpv4BpRde7\" rel=\"NoFollow noopener\" target=\"_Blank\">Salg\u00fcero de Juarros<\/a><\/strong>; se llega por saliendo desde Burgos la carretera <strong>N120<\/strong>, en direcci\u00f3n a Logro\u00f1o. Tomaremos la desviaci\u00f3n a San Mill\u00e1n de Juarros, por la carretera <strong>BU-V-8001<\/strong>. A la salida de San Mill\u00e1n de Juarros, se toma la carretera <strong>BU-V-8004<\/strong> y en 7 kil\u00f3metros estaremos en Salg\u00fcero de Juarros.<\/p>\n<p><center><iframe src=\"https:\/\/www.google.com\/maps\/embed?pb=!1m18!1m12!1m3!1d2951.2691541315294!2d-3.4925193345458068!3d42.29412197919141!2m3!1f0!2f0!3f0!3m2!1i1024!2i768!4f13.1!3m3!1m2!1s0xd45ec2fd53691f1%3A0x90c46e6c50c20320!2s09198+Salg%C3%BCero+de+Juarros%2C+Burgos!5e0!3m2!1ses!2ses!4v1457015859163\" width=\"75%0\" height=\"350\" frameborder=\"0\" style=\"border:0\" allowfullscreen><\/iframe><br \/>\n<size font=\"2\">Abrir el mapa de <a href=\"https:\/\/goo.gl\/maps\/kQYCsrFDLQK2\" title=\"Enlace a Google maps que te indica c\u00f3mo llegar a Salg\u00fcero de Juarros\" target=\"_blank\" rel=\"noopener\">c\u00f3mo llegar al pueblo de Paleol\u00edtico Vivo<\/a> en una ventana independiente<\/font><\/center><a name=\"Comer\"><\/a><br \/>\n&nbsp; <\/p>\n<h3><strong>\u00bfD\u00f3nde alojarse?<\/strong><\/h3>\n<p>Nosotros, <strong>no nos hemos alojado en Salg\u00fcero de Juarros,<\/strong> ya que nos hemos quedado en Hortiguela; en el <a href=\"https:\/\/www.booking.com\/hotel\/es\/asador-hostal-taberna-moruga.es.html?aid=1366108&#038;sid=810d0fb5194806bd5f19e409f53523f5&#038;dest_id=-385429&#038;dest_type=city&#038;group_adults=2&#038;group_children=0&#038;hapos=1&#038;hpos=1&#038;no_rooms=1&#038;sr_order=popularity&#038;srepoch=1602162411&#038;srpvid=82135c352c6e0042&#038;ucfs=1&#038;from=searchresults;highlight_room=#hotelTmpl\" rel=\"noopener noreferrer\" target=\"_blank\"><strong>Hotel rural La Moruga<\/strong><\/a>, en la zona dela Sierra de la Demanda. O bien, hemos estado en el propio Burgos, en concreto en el <a href=\"https:\/\/www.booking.com\/hotel\/es\/ciudad-de-burgos.es.html?aid=1366108&#038;sid=810d0fb5194806bd5f19e409f53523f5&#038;dest_id=-399785&#038;dest_type=city&#038;group_adults=2&#038;group_children=0&#038;hapos=1&#038;hpos=1&#038;no_rooms=1&#038;sr_order=popularity&#038;srepoch=1602162813&#038;srpvid=92da5cfeda7e005a&#038;ucfs=1&#038;from=searchresults;highlight_room=#hotelTmpl\" rel=\"noopener nofollow\" target=\"_blank\"><strong>Hotel Ciudad de Burgos<\/strong><\/a>, que es perfecto si quer\u00e9is viajar por la provincia de Burgos, pues est\u00e1 muy bien comunicado al estar en el extrarradio de la ciudad.<\/p>\n<figure id=\"attachment_33525\" aria-describedby=\"caption-attachment-33525\" style=\"width: 580px\" class=\"wp-caption aligncenter\"><img decoding=\"async\" src=\"https:\/\/destinocastillayleon.es\/index\/wp-content\/uploads\/2020\/10\/928deb8c119015b9e985651e5ac3387c.jpg\" alt=\"Hotel rural La Moruga - Destino Castilla y Le\u00f3n\" width=\"580\" class=\"size-full wp-image-33525\" srcset=\"https:\/\/destinocastillayleon.es\/index\/wp-content\/uploads\/2020\/10\/928deb8c119015b9e985651e5ac3387c.jpg 640w, https:\/\/destinocastillayleon.es\/index\/wp-content\/uploads\/2020\/10\/928deb8c119015b9e985651e5ac3387c-300x200.jpg 300w, https:\/\/destinocastillayleon.es\/index\/wp-content\/uploads\/2020\/10\/928deb8c119015b9e985651e5ac3387c-600x400.jpg 600w\" sizes=\"(max-width: 640px) 100vw, 640px\" \/><figcaption id=\"caption-attachment-33525\" class=\"wp-caption-text\"><a href=\"https:\/\/www.booking.com\/hotel\/es\/asador-hostal-taberna-moruga.es.html?aid=1366108&#038;sid=810d0fb5194806bd5f19e409f53523f5&#038;dest_id=-385429&#038;dest_type=city&#038;group_adults=2&#038;group_children=0&#038;hapos=1&#038;hpos=1&#038;no_rooms=1&#038;sr_order=popularity&#038;srepoch=1602162411&#038;srpvid=82135c352c6e0042&#038;ucfs=1&#038;from=searchresults;highlight_room=#hotelTmpl\" rel=\"noopener noreferrer\" target=\"_blank\"><u>Hotel rural La Moruga<\/u><\/a> &#8211; Destino Castilla y Le\u00f3n<\/figcaption><\/figure>\n<p>No obstante, <strong>si lo que quer\u00e9is es estar en el propio Salg\u00fcero de Juarros,<\/strong> hemos visto que pod\u00e9is reservar en <a href=\"https:\/\/www.booking.com\/hotel\/es\/casa-del-paleolitico.es.html?sid=15e6680adda97b4f622f3a6627902acb&#038;aid=1366108&#038;ucfs=1&#038;arphpl=1&#038;dest_id=-400188&#038;dest_type=city&#038;group_adults=2&#038;req_adults=2&#038;no_rooms=1&#038;group_children=0&#038;req_children=0&#038;hpos=1&#038;hapos=1&#038;sr_order=popularity&#038;srpvid=b8ac5de3e2b7030b&#038;srepoch=1686057671&#038;from=searchresults#hotelTmpl\" rel=\"noopener nofollow\" target=\"_blank\"><strong>la Casa Rural Paleol\u00edtico Rural<\/strong><\/a>, un sitio muy interesante por lo que hemos podido ver.<a name=\"Dormir\"><\/a><\/p>\n<h3><strong>\u00bfD\u00f3nde comer?<\/strong><\/h3>\n<p>Nuevamente, no hemos comido aqu\u00ed en ning\u00fan sitio, <strong>aunque en una ocasi\u00f3n hicimos un picnic y el caf\u00e9 y unos helados los tomamos en le caf\u00e9-bar de la plaza de Salg\u00fceros de Juarros;<\/strong> y en otras ocasiones hemos comido en Atapuerca, <strong>en el <a href=\"https:\/\/lamesadelconde.es\/gastronomia-de-burgos\/#ComoSapiens\" rel=\"noopener\" target=\"_blank\">Restaurante Como-Sapiens<\/a><\/strong>, del que ya han hablado los compa\u00f1eros de La mesa del Conde.<\/p>\n<p><figure id=\"attachment_36818\" aria-describedby=\"caption-attachment-36818\" style=\"width: 640px\" class=\"wp-caption aligncenter\"><img decoding=\"async\" src=\"https:\/\/destinocastillayleon.es\/index\/wp-content\/uploads\/2023\/05\/Menu-del-Restaurante-ComoSapiens-Imagen-de-La-mesa-del-Conde.jpg\" alt=\"Men\u00fa del Restaurante ComoSapiens - Imagen de La mesa del Conde\" width=\"640\" height=\"360\" class=\"size-full wp-image-36818\" srcset=\"https:\/\/destinocastillayleon.es\/index\/wp-content\/uploads\/2023\/05\/Menu-del-Restaurante-ComoSapiens-Imagen-de-La-mesa-del-Conde.jpg 640w, https:\/\/destinocastillayleon.es\/index\/wp-content\/uploads\/2023\/05\/Menu-del-Restaurante-ComoSapiens-Imagen-de-La-mesa-del-Conde-300x169.jpg 300w\" sizes=\"(max-width: 640px) 100vw, 640px\" \/><figcaption id=\"caption-attachment-36818\" class=\"wp-caption-text\">Men\u00fa del Restaurante ComoSapiens &#8211; Imagen de La mesa del Conde<\/figcaption><\/figure><br \/>\n&nbsp;<br \/>\nY ya veis, en Castilla y Le\u00f3n es posible hacer casi \u00abun viaje en el tiempo\u00bb y visitar una reserva de animales que nos traslada en el tiempo en el albor de las civilizaciones con animales y paisajes que casi no se han alterado por la presencia del humano moderno.<br \/>\n&nbsp;<br \/>\n&nbsp;<br \/>\nAhora es vuestro turno, <strong>\u00bfConoc\u00edas este safari de Paleol\u00edtico Vivo? \u00bfHab\u00e9is estado alguna vez ah\u00ed?<\/strong> Compartid vuestras experiencias conociendo a los bisontes aunque sea en otras reservas. Nosotros trataremos de visitarlas tambi\u00e9n.<br \/>\n&nbsp; <\/p>\n<h4>Tambi\u00e9n te puede interesar<\/h4>\n<ul>\n<li><a href=\"http:\/\/destinocastillayleon.es\/index\/territorio-art-lanza\/\">La escultura m\u00e1s grande del mundo, el Territorio Art-Lanza en Burgos<\/a>.<\/li>\n<li><a href=\"http:\/\/destinocastillayleon.es\/index\/minas-y-cueva-de-puras-de-villafranca\/\">Turismo en las minas de manganeso y cueva de Fuentemolinos en Puras de Villafranca, Burgos<\/a>.<\/li>\n<li><a href=\"http:\/\/destinocastillayleon.es\/index\/10-lugares-imprescindibles-para-visitar-en-burgos\/\">Conoce los 10 rincones \u00fanicos de Burgos<\/a>.<\/li>\n<li><a href=\"http:\/\/destinocastillayleon.es\/index\/mina-esperanza\/\">Experiencia tur\u00edstica en la mina de hierro de Mina Esperanza<\/a>.<\/li>\n<li><a href=\"http:\/\/destinocastillayleon.es\/index\/viajar-con-ninos-en-burgos\/\">Conoce planes interesantes para hacer en Burgos en familia<\/a>.<\/li>\n<\/ul>\n<p>&nbsp;<br \/>\n&nbsp;<\/p>\n","protected":false},"excerpt":{"rendered":"<p>Viajando por Burgos, conocimos y disfrutamos de esta reserva natural de la prehistoria. Se trata del Proyecto Paleol\u00edtico Vivo, en Salg\u00fcero de Juarros. Publicaci\u00f3n revisada y mejorada.<\/p>\n","protected":false},"author":2,"featured_media":22246,"comment_status":"open","ping_status":"closed","sticky":false,"template":"","format":"standard","meta":{"rop_custom_images_group":[],"rop_custom_messages_group":[],"rop_publish_now":"initial","rop_publish_now_accounts":{"twitter_1150954226_1150954226":""},"rop_publish_now_history":[],"rop_publish_now_status":"pending","footnotes":""},"categories":[43,4721,68,45,73,384,3471],"tags":[4906,4911,4910,659],"class_list":["post-22158","post","type-post","status-publish","format-standard","has-post-thumbnail","hentry","category-burgos","category-burgos-turismo","category-post_inicial","category-provincias","category-punto_singular","category-rutas-2","category-viajar-con-ninos-rutas-2","tag-paleolitico-vivo","tag-planes-en-familia-en-burgos","tag-safari-prehistorico","tag-turismo-en-burgos"],"yoast_head":"<!-- This site is optimized with the Yoast SEO Premium plugin v20.4 (Yoast SEO v27.4) - https:\/\/yoast.com\/product\/yoast-seo-premium-wordpress\/ -->\n<title>Safari prehist\u00f3rico por Burgos con Paleol\u00edtico Vivo - DestinoCyL<\/title>\n<meta name=\"description\" content=\"Conoce y disfruta esta reserva natural de la prehistoria. Se trata del Proyecto Paleol\u00edtico Vivo, en Salg\u00fcero de Juarros, muy cerca de Burgos\" \/>\n<meta name=\"robots\" content=\"index, follow, max-snippet:-1, max-image-preview:large, max-video-preview:-1\" \/>\n<link rel=\"canonical\" href=\"https:\/\/destinocastillayleon.es\/index\/paleolitico-vivo\/\" \/>\n<meta property=\"og:locale\" content=\"es_ES\" \/>\n<meta property=\"og:type\" content=\"article\" \/>\n<meta property=\"og:title\" content=\"Safari prehist\u00f3rico por Burgos con Paleol\u00edtico Vivo \u2013 Destino Castilla y Le\u00f3n\" \/>\n<meta property=\"og:description\" content=\"Viajando por Burgos, conocimos y disfrutamos de esta reserva natural de la prehistoria. Se trata del Proyecto Paleol\u00edtico Vivo, en Salg\u00fcero de Juarros.\" \/>\n<meta property=\"og:url\" content=\"https:\/\/destinocastillayleon.es\/index\/paleolitico-vivo\/\" \/>\n<meta property=\"og:site_name\" content=\"Destino Castilla y Le\u00f3n\" \/>\n<meta property=\"article:publisher\" content=\"https:\/\/www.facebook.com\/DestinoCastillaYLeon\/\" \/>\n<meta property=\"article:author\" content=\"https:\/\/www.facebook.com\/profile.php?id=1158416854\" \/>\n<meta property=\"article:published_time\" content=\"2023-06-28T05:15:32+00:00\" \/>\n<meta property=\"article:modified_time\" content=\"2023-06-28T06:59:35+00:00\" \/>\n<meta property=\"og:image\" content=\"https:\/\/destinocastillayleon.es\/index\/wp-content\/uploads\/2016\/03\/7c0dd449917c9c867bf54e2887e08bdb.jpg\" \/>\n\t<meta property=\"og:image:width\" content=\"797\" \/>\n\t<meta property=\"og:image:height\" content=\"531\" \/>\n\t<meta property=\"og:image:type\" content=\"image\/jpeg\" \/>\n<meta name=\"author\" content=\"David V\u00e1zquez\" \/>\n<meta name=\"twitter:card\" content=\"summary_large_image\" \/>\n<meta name=\"twitter:title\" content=\"Safari prehist\u00f3rico por Burgos con Paleol\u00edtico Vivo \u2013 Destino Castilla y Le\u00f3n\" \/>\n<meta name=\"twitter:description\" content=\"Viajando por Burgos, conocimos y disfrutamos de esta reserva natural de la prehistoria. Se trata del Proyecto Paleol\u00edtico Vivo, en Salg\u00fcero de Juarros.\" \/>\n<meta name=\"twitter:image\" content=\"http:\/\/destinocastillayleon.es\/index\/wp-content\/uploads\/2016\/03\/7c0dd449917c9c867bf54e2887e08bdb-300x200.jpg\" \/>\n<meta name=\"twitter:creator\" content=\"@https:\/\/twitter.com\/ContePantaleone\u200e\" \/>\n<meta name=\"twitter:site\" content=\"@destinocyl\" \/>\n<meta name=\"twitter:label1\" content=\"Escrito por\" \/>\n\t<meta name=\"twitter:data1\" content=\"David V\u00e1zquez\" \/>\n\t<meta name=\"twitter:label2\" content=\"Tiempo de lectura\" \/>\n\t<meta name=\"twitter:data2\" content=\"8 minutos\" \/>\n<script type=\"application\/ld+json\" class=\"yoast-schema-graph\">{\"@context\":\"https:\\\/\\\/schema.org\",\"@graph\":[{\"@type\":\"Article\",\"@id\":\"https:\\\/\\\/destinocastillayleon.es\\\/index\\\/paleolitico-vivo\\\/#article\",\"isPartOf\":{\"@id\":\"https:\\\/\\\/destinocastillayleon.es\\\/index\\\/paleolitico-vivo\\\/\"},\"author\":{\"name\":\"David V\u00e1zquez\",\"@id\":\"https:\\\/\\\/destinocastillayleon.es\\\/index\\\/#\\\/schema\\\/person\\\/189221bc8f6cc4fa28b18ad5c289d4c2\"},\"headline\":\"Disfruta de un Safari Prehist\u00f3rico con Paleol\u00edtico Vivo\",\"datePublished\":\"2023-06-28T05:15:32+00:00\",\"dateModified\":\"2023-06-28T06:59:35+00:00\",\"mainEntityOfPage\":{\"@id\":\"https:\\\/\\\/destinocastillayleon.es\\\/index\\\/paleolitico-vivo\\\/\"},\"wordCount\":3187,\"commentCount\":0,\"image\":{\"@id\":\"https:\\\/\\\/destinocastillayleon.es\\\/index\\\/paleolitico-vivo\\\/#primaryimage\"},\"thumbnailUrl\":\"https:\\\/\\\/destinocastillayleon.es\\\/index\\\/wp-content\\\/uploads\\\/2016\\\/03\\\/7c0dd449917c9c867bf54e2887e08bdb.jpg\",\"keywords\":[\"Paleolitico Vivo\",\"planes en familia en Burgos\",\"safari prehist\u00f3rico\",\"Turismo en Burgos\"],\"articleSection\":[\"Burgos\",\"Burgos turismo\",\"Post_inicial\",\"Provincias\",\"Punto Singular\",\"Rutas\",\"Viajar con ni\u00f1os\"],\"inLanguage\":\"es\",\"potentialAction\":[{\"@type\":\"CommentAction\",\"name\":\"Comment\",\"target\":[\"https:\\\/\\\/destinocastillayleon.es\\\/index\\\/paleolitico-vivo\\\/#respond\"]}]},{\"@type\":\"WebPage\",\"@id\":\"https:\\\/\\\/destinocastillayleon.es\\\/index\\\/paleolitico-vivo\\\/\",\"url\":\"https:\\\/\\\/destinocastillayleon.es\\\/index\\\/paleolitico-vivo\\\/\",\"name\":\"Safari prehist\u00f3rico por Burgos con Paleol\u00edtico Vivo - DestinoCyL\",\"isPartOf\":{\"@id\":\"https:\\\/\\\/destinocastillayleon.es\\\/index\\\/#website\"},\"primaryImageOfPage\":{\"@id\":\"https:\\\/\\\/destinocastillayleon.es\\\/index\\\/paleolitico-vivo\\\/#primaryimage\"},\"image\":{\"@id\":\"https:\\\/\\\/destinocastillayleon.es\\\/index\\\/paleolitico-vivo\\\/#primaryimage\"},\"thumbnailUrl\":\"https:\\\/\\\/destinocastillayleon.es\\\/index\\\/wp-content\\\/uploads\\\/2016\\\/03\\\/7c0dd449917c9c867bf54e2887e08bdb.jpg\",\"datePublished\":\"2023-06-28T05:15:32+00:00\",\"dateModified\":\"2023-06-28T06:59:35+00:00\",\"author\":{\"@id\":\"https:\\\/\\\/destinocastillayleon.es\\\/index\\\/#\\\/schema\\\/person\\\/189221bc8f6cc4fa28b18ad5c289d4c2\"},\"description\":\"Conoce y disfruta esta reserva natural de la prehistoria. Se trata del Proyecto Paleol\u00edtico Vivo, en Salg\u00fcero de Juarros, muy cerca de Burgos\",\"breadcrumb\":{\"@id\":\"https:\\\/\\\/destinocastillayleon.es\\\/index\\\/paleolitico-vivo\\\/#breadcrumb\"},\"inLanguage\":\"es\",\"potentialAction\":[{\"@type\":\"ReadAction\",\"target\":[\"https:\\\/\\\/destinocastillayleon.es\\\/index\\\/paleolitico-vivo\\\/\"]}]},{\"@type\":\"ImageObject\",\"inLanguage\":\"es\",\"@id\":\"https:\\\/\\\/destinocastillayleon.es\\\/index\\\/paleolitico-vivo\\\/#primaryimage\",\"url\":\"https:\\\/\\\/destinocastillayleon.es\\\/index\\\/wp-content\\\/uploads\\\/2016\\\/03\\\/7c0dd449917c9c867bf54e2887e08bdb.jpg\",\"contentUrl\":\"https:\\\/\\\/destinocastillayleon.es\\\/index\\\/wp-content\\\/uploads\\\/2016\\\/03\\\/7c0dd449917c9c867bf54e2887e08bdb.jpg\",\"width\":797,\"height\":531,\"caption\":\"Paleol\u00edtico Vivo - Portada - Destino Castilla y Le\u00f3n\"},{\"@type\":\"BreadcrumbList\",\"@id\":\"https:\\\/\\\/destinocastillayleon.es\\\/index\\\/paleolitico-vivo\\\/#breadcrumb\",\"itemListElement\":[{\"@type\":\"ListItem\",\"position\":1,\"name\":\"Portada\",\"item\":\"https:\\\/\\\/destinocastillayleon.es\\\/index\\\/\"},{\"@type\":\"ListItem\",\"position\":2,\"name\":\"Disfruta de un Safari Prehist\u00f3rico con Paleol\u00edtico Vivo\"}]},{\"@type\":\"WebSite\",\"@id\":\"https:\\\/\\\/destinocastillayleon.es\\\/index\\\/#website\",\"url\":\"https:\\\/\\\/destinocastillayleon.es\\\/index\\\/\",\"name\":\"Destino Castilla y Le\u00f3n\",\"description\":\"Medio digital independiente y revista de Castilla y Le\u00f3n dedicado al turismo, gastronom\u00eda y vino de Castilla y Le\u00f3n\",\"potentialAction\":[{\"@type\":\"SearchAction\",\"target\":{\"@type\":\"EntryPoint\",\"urlTemplate\":\"https:\\\/\\\/destinocastillayleon.es\\\/index\\\/?s={search_term_string}\"},\"query-input\":{\"@type\":\"PropertyValueSpecification\",\"valueRequired\":true,\"valueName\":\"search_term_string\"}}],\"inLanguage\":\"es\"},{\"@type\":\"Person\",\"@id\":\"https:\\\/\\\/destinocastillayleon.es\\\/index\\\/#\\\/schema\\\/person\\\/189221bc8f6cc4fa28b18ad5c289d4c2\",\"name\":\"David V\u00e1zquez\",\"image\":{\"@type\":\"ImageObject\",\"inLanguage\":\"es\",\"@id\":\"https:\\\/\\\/secure.gravatar.com\\\/avatar\\\/cd12db6c575a90c3b75cfa0f794b74d425201c768612fad17e9f13cd33d48be8?s=96&d=mm&r=g\",\"url\":\"https:\\\/\\\/secure.gravatar.com\\\/avatar\\\/cd12db6c575a90c3b75cfa0f794b74d425201c768612fad17e9f13cd33d48be8?s=96&d=mm&r=g\",\"contentUrl\":\"https:\\\/\\\/secure.gravatar.com\\\/avatar\\\/cd12db6c575a90c3b75cfa0f794b74d425201c768612fad17e9f13cd33d48be8?s=96&d=mm&r=g\",\"caption\":\"David V\u00e1zquez\"},\"description\":\"Ingeniero Industrial de vocaci\u00f3n y profesi\u00f3n, he encontrado en los blogs la forma de plasmar mi pasi\u00f3n por los viajes, la gastronom\u00eda y los vinos. Especialmente los procedentes de Castilla y Le\u00f3n\",\"sameAs\":[\"https:\\\/\\\/www.destinocastillayleon.es\",\"https:\\\/\\\/www.facebook.com\\\/profile.php?id=1158416854\",\"https:\\\/\\\/instagram.com\\\/conte.pantaleone\",\"https:\\\/\\\/www.linkedin.com\\\/pub\\\/david-vazquez-lozano\\\/37\\\/17a\\\/25a\",\"https:\\\/\\\/x.com\\\/https:\\\/\\\/twitter.com\\\/ContePantaleone\u200e\"],\"url\":\"https:\\\/\\\/destinocastillayleon.es\\\/index\\\/author\\\/coadministradorcyl\\\/\"}]}<\/script>\n<!-- \/ Yoast SEO Premium plugin. -->","yoast_head_json":{"title":"Safari prehist\u00f3rico por Burgos con Paleol\u00edtico Vivo - DestinoCyL","description":"Conoce y disfruta esta reserva natural de la prehistoria. Se trata del Proyecto Paleol\u00edtico Vivo, en Salg\u00fcero de Juarros, muy cerca de Burgos","robots":{"index":"index","follow":"follow","max-snippet":"max-snippet:-1","max-image-preview":"max-image-preview:large","max-video-preview":"max-video-preview:-1"},"canonical":"https:\/\/destinocastillayleon.es\/index\/paleolitico-vivo\/","og_locale":"es_ES","og_type":"article","og_title":"Safari prehist\u00f3rico por Burgos con Paleol\u00edtico Vivo \u2013 Destino Castilla y Le\u00f3n","og_description":"Viajando por Burgos, conocimos y disfrutamos de esta reserva natural de la prehistoria. Se trata del Proyecto Paleol\u00edtico Vivo, en Salg\u00fcero de Juarros.","og_url":"https:\/\/destinocastillayleon.es\/index\/paleolitico-vivo\/","og_site_name":"Destino Castilla y Le\u00f3n","article_publisher":"https:\/\/www.facebook.com\/DestinoCastillaYLeon\/","article_author":"https:\/\/www.facebook.com\/profile.php?id=1158416854","article_published_time":"2023-06-28T05:15:32+00:00","article_modified_time":"2023-06-28T06:59:35+00:00","og_image":[{"width":797,"height":531,"url":"https:\/\/destinocastillayleon.es\/index\/wp-content\/uploads\/2016\/03\/7c0dd449917c9c867bf54e2887e08bdb.jpg","type":"image\/jpeg"}],"author":"David V\u00e1zquez","twitter_card":"summary_large_image","twitter_title":"Safari prehist\u00f3rico por Burgos con Paleol\u00edtico Vivo \u2013 Destino Castilla y Le\u00f3n","twitter_description":"Viajando por Burgos, conocimos y disfrutamos de esta reserva natural de la prehistoria. Se trata del Proyecto Paleol\u00edtico Vivo, en Salg\u00fcero de Juarros.","twitter_image":"http:\/\/destinocastillayleon.es\/index\/wp-content\/uploads\/2016\/03\/7c0dd449917c9c867bf54e2887e08bdb-300x200.jpg","twitter_creator":"@https:\/\/twitter.com\/ContePantaleone\u200e","twitter_site":"@destinocyl","twitter_misc":{"Escrito por":"David V\u00e1zquez","Tiempo de lectura":"8 minutos"},"schema":{"@context":"https:\/\/schema.org","@graph":[{"@type":"Article","@id":"https:\/\/destinocastillayleon.es\/index\/paleolitico-vivo\/#article","isPartOf":{"@id":"https:\/\/destinocastillayleon.es\/index\/paleolitico-vivo\/"},"author":{"name":"David V\u00e1zquez","@id":"https:\/\/destinocastillayleon.es\/index\/#\/schema\/person\/189221bc8f6cc4fa28b18ad5c289d4c2"},"headline":"Disfruta de un Safari Prehist\u00f3rico con Paleol\u00edtico Vivo","datePublished":"2023-06-28T05:15:32+00:00","dateModified":"2023-06-28T06:59:35+00:00","mainEntityOfPage":{"@id":"https:\/\/destinocastillayleon.es\/index\/paleolitico-vivo\/"},"wordCount":3187,"commentCount":0,"image":{"@id":"https:\/\/destinocastillayleon.es\/index\/paleolitico-vivo\/#primaryimage"},"thumbnailUrl":"https:\/\/destinocastillayleon.es\/index\/wp-content\/uploads\/2016\/03\/7c0dd449917c9c867bf54e2887e08bdb.jpg","keywords":["Paleolitico Vivo","planes en familia en Burgos","safari prehist\u00f3rico","Turismo en Burgos"],"articleSection":["Burgos","Burgos turismo","Post_inicial","Provincias","Punto Singular","Rutas","Viajar con ni\u00f1os"],"inLanguage":"es","potentialAction":[{"@type":"CommentAction","name":"Comment","target":["https:\/\/destinocastillayleon.es\/index\/paleolitico-vivo\/#respond"]}]},{"@type":"WebPage","@id":"https:\/\/destinocastillayleon.es\/index\/paleolitico-vivo\/","url":"https:\/\/destinocastillayleon.es\/index\/paleolitico-vivo\/","name":"Safari prehist\u00f3rico por Burgos con Paleol\u00edtico Vivo - DestinoCyL","isPartOf":{"@id":"https:\/\/destinocastillayleon.es\/index\/#website"},"primaryImageOfPage":{"@id":"https:\/\/destinocastillayleon.es\/index\/paleolitico-vivo\/#primaryimage"},"image":{"@id":"https:\/\/destinocastillayleon.es\/index\/paleolitico-vivo\/#primaryimage"},"thumbnailUrl":"https:\/\/destinocastillayleon.es\/index\/wp-content\/uploads\/2016\/03\/7c0dd449917c9c867bf54e2887e08bdb.jpg","datePublished":"2023-06-28T05:15:32+00:00","dateModified":"2023-06-28T06:59:35+00:00","author":{"@id":"https:\/\/destinocastillayleon.es\/index\/#\/schema\/person\/189221bc8f6cc4fa28b18ad5c289d4c2"},"description":"Conoce y disfruta esta reserva natural de la prehistoria. Se trata del Proyecto Paleol\u00edtico Vivo, en Salg\u00fcero de Juarros, muy cerca de Burgos","breadcrumb":{"@id":"https:\/\/destinocastillayleon.es\/index\/paleolitico-vivo\/#breadcrumb"},"inLanguage":"es","potentialAction":[{"@type":"ReadAction","target":["https:\/\/destinocastillayleon.es\/index\/paleolitico-vivo\/"]}]},{"@type":"ImageObject","inLanguage":"es","@id":"https:\/\/destinocastillayleon.es\/index\/paleolitico-vivo\/#primaryimage","url":"https:\/\/destinocastillayleon.es\/index\/wp-content\/uploads\/2016\/03\/7c0dd449917c9c867bf54e2887e08bdb.jpg","contentUrl":"https:\/\/destinocastillayleon.es\/index\/wp-content\/uploads\/2016\/03\/7c0dd449917c9c867bf54e2887e08bdb.jpg","width":797,"height":531,"caption":"Paleol\u00edtico Vivo - Portada - Destino Castilla y Le\u00f3n"},{"@type":"BreadcrumbList","@id":"https:\/\/destinocastillayleon.es\/index\/paleolitico-vivo\/#breadcrumb","itemListElement":[{"@type":"ListItem","position":1,"name":"Portada","item":"https:\/\/destinocastillayleon.es\/index\/"},{"@type":"ListItem","position":2,"name":"Disfruta de un Safari Prehist\u00f3rico con Paleol\u00edtico Vivo"}]},{"@type":"WebSite","@id":"https:\/\/destinocastillayleon.es\/index\/#website","url":"https:\/\/destinocastillayleon.es\/index\/","name":"Destino Castilla y Le\u00f3n","description":"Medio digital independiente y revista de Castilla y Le\u00f3n dedicado al turismo, gastronom\u00eda y vino de Castilla y Le\u00f3n","potentialAction":[{"@type":"SearchAction","target":{"@type":"EntryPoint","urlTemplate":"https:\/\/destinocastillayleon.es\/index\/?s={search_term_string}"},"query-input":{"@type":"PropertyValueSpecification","valueRequired":true,"valueName":"search_term_string"}}],"inLanguage":"es"},{"@type":"Person","@id":"https:\/\/destinocastillayleon.es\/index\/#\/schema\/person\/189221bc8f6cc4fa28b18ad5c289d4c2","name":"David V\u00e1zquez","image":{"@type":"ImageObject","inLanguage":"es","@id":"https:\/\/secure.gravatar.com\/avatar\/cd12db6c575a90c3b75cfa0f794b74d425201c768612fad17e9f13cd33d48be8?s=96&d=mm&r=g","url":"https:\/\/secure.gravatar.com\/avatar\/cd12db6c575a90c3b75cfa0f794b74d425201c768612fad17e9f13cd33d48be8?s=96&d=mm&r=g","contentUrl":"https:\/\/secure.gravatar.com\/avatar\/cd12db6c575a90c3b75cfa0f794b74d425201c768612fad17e9f13cd33d48be8?s=96&d=mm&r=g","caption":"David V\u00e1zquez"},"description":"Ingeniero Industrial de vocaci\u00f3n y profesi\u00f3n, he encontrado en los blogs la forma de plasmar mi pasi\u00f3n por los viajes, la gastronom\u00eda y los vinos. Especialmente los procedentes de Castilla y Le\u00f3n","sameAs":["https:\/\/www.destinocastillayleon.es","https:\/\/www.facebook.com\/profile.php?id=1158416854","https:\/\/instagram.com\/conte.pantaleone","https:\/\/www.linkedin.com\/pub\/david-vazquez-lozano\/37\/17a\/25a","https:\/\/x.com\/https:\/\/twitter.com\/ContePantaleone\u200e"],"url":"https:\/\/destinocastillayleon.es\/index\/author\/coadministradorcyl\/"}]}},"_links":{"self":[{"href":"https:\/\/destinocastillayleon.es\/index\/wp-json\/wp\/v2\/posts\/22158","targetHints":{"allow":["GET"]}}],"collection":[{"href":"https:\/\/destinocastillayleon.es\/index\/wp-json\/wp\/v2\/posts"}],"about":[{"href":"https:\/\/destinocastillayleon.es\/index\/wp-json\/wp\/v2\/types\/post"}],"author":[{"embeddable":true,"href":"https:\/\/destinocastillayleon.es\/index\/wp-json\/wp\/v2\/users\/2"}],"replies":[{"embeddable":true,"href":"https:\/\/destinocastillayleon.es\/index\/wp-json\/wp\/v2\/comments?post=22158"}],"version-history":[{"count":25,"href":"https:\/\/destinocastillayleon.es\/index\/wp-json\/wp\/v2\/posts\/22158\/revisions"}],"predecessor-version":[{"id":37137,"href":"https:\/\/destinocastillayleon.es\/index\/wp-json\/wp\/v2\/posts\/22158\/revisions\/37137"}],"wp:featuredmedia":[{"embeddable":true,"href":"https:\/\/destinocastillayleon.es\/index\/wp-json\/wp\/v2\/media\/22246"}],"wp:attachment":[{"href":"https:\/\/destinocastillayleon.es\/index\/wp-json\/wp\/v2\/media?parent=22158"}],"wp:term":[{"taxonomy":"category","embeddable":true,"href":"https:\/\/destinocastillayleon.es\/index\/wp-json\/wp\/v2\/categories?post=22158"},{"taxonomy":"post_tag","embeddable":true,"href":"https:\/\/destinocastillayleon.es\/index\/wp-json\/wp\/v2\/tags?post=22158"}],"curies":[{"name":"wp","href":"https:\/\/api.w.org\/{rel}","templated":true}]}}