{"id":2175,"date":"2013-04-23T13:36:06","date_gmt":"2013-04-23T13:36:06","guid":{"rendered":"http:\/\/destinocastillayleon.es\/index\/?p=2175"},"modified":"2018-01-06T18:57:09","modified_gmt":"2018-01-06T17:57:09","slug":"villalar-de-los-comuneros","status":"publish","type":"post","link":"https:\/\/destinocastillayleon.es\/index\/villalar-de-los-comuneros\/","title":{"rendered":"Fiesta de Villalar de los Comuneros"},"content":{"rendered":"<p>Felicidades amigos Castellano y Leones! en breve es el <strong>23 de abril<\/strong>, en el que <strong>se celebra en Villalar el d\u00eda de la Comunidad Aut\u00f3noma de Castilla y Le\u00f3n<\/strong>.<br \/>\n&nbsp;<\/p>\n<h2>Por qu\u00e9 celebramos en villalar, el d\u00eda de la Comunidad Aut\u00f3noma de Castilla y Le\u00f3n<\/h2>\n<p>Aunque parezca mentira, es curioso,<strong> celebramos una derrota<\/strong>. No obstante nos resistimos a no hablar ligeramente de <a title=\"Link a Wikipedia sobre la Guerra de las Comunidades castellanas\" href=\"https:\/\/es.wikipedia.org\/wiki\/Guerra_de_las_Comunidades_de_Castilla\" target=\"_blank\">la historia que da pi\u00e9 a esta fiesta<\/a>.<\/p>\n<h3>La llegada de Carlos V<\/h3>\n<p>&nbsp;<br \/>\n<center><figure id=\"attachment_22365\" aria-describedby=\"caption-attachment-22365\" style=\"width: 220px\" class=\"wp-caption aligncenter\"><img decoding=\"async\" src=\"http:\/\/destinocastillayleon.es\/index\/wp-content\/uploads\/2016\/04\/166aa04719d5a98865937dcdc852e6e3.jpg\" alt=\"Carlos I - Imagen cortes\u00eda de Wikipedia\" width=\"220\" height=\"321\" class=\"size-full wp-image-22365\" srcset=\"https:\/\/destinocastillayleon.es\/index\/wp-content\/uploads\/2016\/04\/166aa04719d5a98865937dcdc852e6e3.jpg 220w, https:\/\/destinocastillayleon.es\/index\/wp-content\/uploads\/2016\/04\/166aa04719d5a98865937dcdc852e6e3-206x300.jpg 206w\" sizes=\"(max-width: 220px) 100vw, 220px\" \/><figcaption id=\"caption-attachment-22365\" class=\"wp-caption-text\">Carlos I &#8211; Imagen cortes\u00eda de Wikipedia<\/figcaption><\/figure><\/center><br \/>\n&nbsp;<br \/>\nCorr\u00eda el a\u00f1o de 1518, <strong><a title=\"Link a Wikipedia sobre Carlos I de Espa\u00f1a\" href=\"https:\/\/es.wikipedia.org\/wiki\/Carlos_I_de_Espa%C3%B1a\" target=\"_blank\">Carlos I <\/a>de Espa\u00f1a y futuro Carlos V de Alemania<\/strong> llegaba desde Flandes, en los Pa\u00edses Bajos para ser de Espa\u00f1a a la muerte de su padre, <strong>Felipe I \u2018El hermoso\u2019<\/strong>. Junto a \u00e9l llegaba su corte flamenca. Esta gente tra\u00eda una actitud altiva, que incluso hoy perdura la expresi\u00f3n: \u201c<em>venir flamenco<\/em>\u201d.<\/p>\n<p>Las cortes castellano y leonesas en Valladolid juraban a Carlos I como <strong>Rey de Castilla y Le\u00f3n<\/strong>, y al poco en Zaragoza, <strong>lo mismo hac\u00edan las cortes de Arag\u00f3n<\/strong>. No obstante en estas cortes, se ped\u00eda que Carlos I debiera ser un rey espa\u00f1ol, dejando de lado la corte que hab\u00eda tra\u00eddo consigo.<\/p>\n<p>Carlos I, que en aquel momento no hablaba castellano, ya lengua vehicular de Espa\u00f1a, acept\u00f3 estas condiciones, aunque realmente no las acat\u00f3. En Castilla, aunque la sombra de <a title=\"Link a Wikipedia sobre la Guerra Civil castellana de sucesi\u00f3n\" href=\"https:\/\/es.wikipedia.org\/wiki\/Guerra_de_Sucesi%C3%B3n_Castellana\" target=\"_blank\">la guerra civil<\/a> entre <a title=\"Link a Wikipedia sobre Juana 'la Beltraneja'\" href=\"https:\/\/es.wikipedia.org\/wiki\/Juana_la_Beltraneja\" target=\"_blank\">Juana \u2018la Beltraneja\u2019<\/a> e <a title=\"Link a Wikipedia sobre Isabel 'la Cat\u00f3lica'\" href=\"https:\/\/es.wikipedia.org\/wiki\/Isabel_la_cat%C3%B3lica\" target=\"_blank\">Isabel \u2018la Cat\u00f3lica\u2019<\/a> ya hab\u00eda pasado, las rencillas entre las grandes familias nobiliarias segu\u00eda existiendo, pues estas ven\u00edan de mucho m\u00e1s antiguo.<br \/>\n&nbsp;<\/p>\n<h3>Verdadero Pend\u00f3n de los Comuneros de Castilla<\/h3>\n<p><center><img decoding=\"async\" title=\"Verdadero Pend\u00f3n de los Comuneros de Castilla en Villalar\" alt=\"Pend\u00f3n de los Comuneros de Castilla en Villalar \" src=\"http:\/\/upload.wikimedia.org\/wikipedia\/commons\/0\/03\/Banner_of_arms_kingdom_of_Castile.svg\" width=\"380\" \/><\/center><br \/>\n&nbsp;<br \/>\nEn 1520, varias ciudades de la vieja Castilla se encontraban agitadas por <strong>las demandas de \u2018sueldos\u2019 para sufragar la elecci\u00f3n de Carlos como Emperador<\/strong> del <a title=\"Link a Wikipedia sobre el Sacro Imperio Romano Germ\u00e1nico\" href=\"http:\/\/es.wikipedia.org\/wiki\/Sacro_Imperio_Romano_Germ%C3%A1nico\" target=\"_blank\">Sacro Imperio Romano Germ\u00e1nico<\/a>, a lo que a\u00f1adimos que <strong>segu\u00eda colocando a nobles flamencos y borgo\u00f1ones en puestos de responsabilidad<\/strong> de la administraci\u00f3n de los reinos espa\u00f1oles.<\/p>\n<p>La tensi\u00f3n alcanz\u00f3 su punto m\u00e1ximo en Salamanca, donde frailes Agustinos, Franciscanos, Dominicos redactaban lo siguiente:<\/p>\n<p><center><em>\u201cSe deb\u00eda rechazar cualquier nuevo servicio,<br \/>\nconven\u00eda el rechazo al Imperio en favor de Castilla y en el caso de que el rey no tuviera en cuenta a sus s\u00fabditos,<br \/>\nlas Comunidades deber\u00edan defender los intereses del reino.\u201d<\/em><\/center>&nbsp;<br \/>\n&nbsp;<\/p>\n<p>El Rey Carlos I, sin hacer caso, <strong>parti\u00f3 hacia Alemania<\/strong>, dejando como regente al que recientemente hab\u00eda nombrado Arzobispo de Toledo y primado de Espa\u00f1a, <a title=\"Link a Wikipedia sobre Adriano de Utrech\" href=\"https:\/\/es.wikipedia.org\/wiki\/Adriano_de_Utrecht\" target=\"_blank\">Adriano de Utrech<\/a>, futuro Adriano VI.<br \/>\n&nbsp;<\/p>\n<h3>Reacci\u00f3n de la nobleza castellana<\/h3>\n<p>En Toledo, <a title=\"Link a Wikipedia sober Juan de Padilla\" href=\"https:\/\/es.wikipedia.org\/wiki\/Juan_de_Padilla\" target=\"_blank\"><strong>Juan Padilla<\/strong><\/a>, emparentado con los Mendoza y capit\u00e1n de la guardia se revela ante las \u00f3rdenes del regente y del corregidor, animando a otras ciudades a seguir su ejemplo. En Segovia, al poco har\u00e1 lo mismo <a title=\"Link a Wikipedia sobre Juan Bravo\" href=\"https:\/\/es.wikipedia.org\/wiki\/Juan_Bravo\" target=\"_blank\"><strong>Juan Bravo<\/strong><\/a>, tambi\u00e9n emparentado con la familia de los Mendoza. En Salamanca, <a title=\"Link a Wikipedia sobre Francisco Maldonado\" href=\"https:\/\/es.wikipedia.org\/wiki\/Francisco_Maldonado\" target=\"_blank\"><strong>Francisco Maldonado<\/strong><\/a>, emparentado con la Familia Pimentel.<\/p>\n<p>Liderando esta revuelta tambi\u00e9n encontramos otros nobles menos famosos que trabajaron a la sombra de los 3 capitanes. Claro ejemplo, <a title=\"Link a Wikipedia sobre Juan de Zapata\" href=\"https:\/\/es.wikipedia.org\/wiki\/Juan_de_zapata\" target=\"_blank\"><strong>Juan de Zapata<\/strong><\/a>, regidor de Madrid. <a title=\"Link a Wikipedia sobre Antonio de Acu\u00f1a\" href=\"https:\/\/es.wikipedia.org\/wiki\/Antonio_de_Acu%C3%B1a\" target=\"_blank\"><strong>Antonio de Acu\u00f1a<\/strong><\/a> Obispo Acu\u00f1a y otros tantos.<\/p>\n<p>Otras familias nobles castellanas ven en este alzamiento la posibilidad de cobrar afrentas con los sublevados o bien, proteger sus intereses familiares, poni\u00e9ndose del lado del Rey. Ese ser\u00eda el caso de <a title=\"Link a Wikipedia sobre I\u00f1igo Fern\u00e1ndez de Velasco, condestable de Castilla\" href=\"https:\/\/es.wikipedia.org\/wiki\/%C3%8D%C3%B1igo_I_Fern%C3%A1ndez_de_Velasco\" target=\"_blank\"><strong>\u00cd\u00f1igo Fern\u00e1ndez de Velasco<\/strong><\/a>, condestable de Castilla y <a title=\"Link a Wikipedia sobre Fabrique Enrique de Velasco, Almirante de Castilla\" href=\"https:\/\/es.wikipedia.org\/wiki\/Fadrique_Enr%C3%ADquez_de_Velasco\" target=\"_blank\"><strong>Fadrique Enr\u00edquez de Velasco<\/strong><\/a>, Almirante de Castilla.<br \/>\n&nbsp;<br \/>\n<center><a title=\"Distribuci\u00f3n de las ciudades en ambos bandos\" href=\"https:\/\/upload.wikimedia.org\/wikipedia\/commons\/1\/1e\/Localizaci%C3%B3n_del_movimiento_comunero.svg\" target=\"_blank\"><img decoding=\"async\" title=\"Distribuci\u00f3n de las ciudades en ambos bandos\" alt=\"Distribuci\u00f3n de las ciudades en ambos bandos\" src=\"https:\/\/upload.wikimedia.org\/wikipedia\/commons\/1\/1e\/Localizaci%C3%B3n_del_movimiento_comunero.svg\" width=\"580\" \/><\/a><\/center><FONT size=2;\"><br \/>\n&nbsp;<br \/>\n&nbsp; &nbsp; &nbsp; &nbsp; &nbsp; &nbsp; Localizaci\u00f3n del movimiento comunero sobre el territorio de la Corona de Castilla.<br \/>\n&nbsp; &nbsp; &nbsp; &nbsp; &nbsp; &nbsp; En morado, las ciudades pertenecientes al bando comunero;<br \/>\n&nbsp; &nbsp; &nbsp; &nbsp; &nbsp; &nbsp; En verde, aparecen las que se mantuvieron leales al rey.<br \/>\n&nbsp; &nbsp; &nbsp; &nbsp; &nbsp; &nbsp; Las ciudades que estuvieron presentes en ambos bandos aparecen en ambos colores.<\/font><br \/>\n&nbsp;<br \/>\n&nbsp;<br \/>\nAunque la guerra no tuvo un claro vencedor por casi un a\u00f1o, las derrotas en el centro de la meseta aislaron a los Comuneros en la provincia de Valladolid, donde <strong>un 23 de abril de 1522<\/strong> decidieron planta la \u00faltima batalla a las tropas realistas en <a title=\"Link a Google maps que te indica d\u00f3nde est\u00e1 Villalar\" href=\"https:\/\/maps.google.es\/maps?q=Villalar&amp;hl=es&amp;ie=UTF8&amp;hnear=Villalar+de+los+Comuneros,+Valladolid,+Castilla+y+Le%C3%B3n&amp;gl=es&amp;t=h&amp;z=12\" target=\"_blank\">Villalar<\/a>.<\/p>\n<p>Los Comuneros perdieron y fueron ejecutados, cumpli\u00e9ndose aquel dicho lamentable:<\/p>\n<p><center><em>\u201cAquellos que buscan justicia, terminaron ajusticiados\u201d<\/em><br \/>\n&nbsp;<br \/>\n<img decoding=\"async\" title=\"Cuadro que representa el ajusticiamiento de los Comuneros de Castilla\" alt=\"Cuadro que representa el ajusticiamiento de los Comuneros de Castilla en Villalar\" src=\"https:\/\/upload.wikimedia.org\/wikipedia\/commons\/b\/b3\/Los_Comuneros_de_Castilla_en_el_Pat%C3%ADbulo.jpg\" width=\"550\" \/><\/center><br \/>\n&nbsp;<\/p>\n<p>Desde entonces recordamos la derrota de <strong>aquellos que pidieran estos cinco compromisos al Rey<\/strong>:<br \/>\n&nbsp; &nbsp; &nbsp; <strong>1.-<\/strong> Anular el servicio votado en La Coru\u00f1a.<br \/>\n&nbsp; &nbsp; &nbsp; <strong>2.-<\/strong> Volver al sistema de los encabezamientos para cobrar los impuestos.<br \/>\n&nbsp; &nbsp; &nbsp; <strong>3.-<\/strong> Reservar los cargos p\u00fablicos y los beneficios eclesi\u00e1sticos a los castellanos.<br \/>\n&nbsp; &nbsp; &nbsp; <strong>4.-<\/strong> Prohibir la salida de dinero del reino.<br \/>\n&nbsp; &nbsp; &nbsp; <strong>5.-<\/strong> Designar a un castellano para dirigir el reino en ausencia del rey.<\/p>\n<p>Y esta es la verdadera historia de la fiesta de Villalar de los Comuneros, <strong>que nada ten\u00edan que ver con el republicanismo, el comunismo ni las comunidades aut\u00f3nomas<\/strong>.<\/p>\n<p>\u00bfConoc\u00edas la historia as\u00ed?<br \/>\n&nbsp; <\/p>\n<h4>Enlaces relacionados:<\/h4>\n<p>&nbsp; &nbsp;  &nbsp; <strong>\u2022 <\/strong><a href=\"http:\/\/destinocastillayleon.es\/index\/astorga\/\" title=\"Historia de Astorga\" target=\"_blank\"><span style=\"color: #000000;\">Historia de Astorga<\/a>.<br \/>\n&nbsp; &nbsp;  &nbsp; <strong>\u2022 <\/strong><a href=\"http:\/\/destinocastillayleon.es\/index\/historia-de-fromista\/\" title=\"Historia de Fromista\" target=\"_blank\"><span style=\"color: #000000;\">Historia de Fromista<\/a>.<br \/>\n&nbsp; &nbsp;  &nbsp; <strong>\u2022 <\/strong><a href=\"http:\/\/destinocastillayleon.es\/index\/una-princesa-noruega-en-covarrubias-y-otras-curiosas-leyendas\/\" title=\"Historias y curiosidades de Covarrubias\" target=\"_blank\"><span style=\"color: #000000;\">Historias y curiosidades de Covarrubias<\/a>.<br \/>\n&nbsp; &nbsp;  &nbsp; <strong>\u2022 <\/strong><a href=\"http:\/\/destinocastillayleon.es\/index\/historia-de-ciudad-rodrigo\/\" title=\"Historia de Ciudad Rodrigo\" target=\"_blank\"><span style=\"color: #000000;\">Historia de Ciudad Rodrigo<\/a>.<br \/>\n&nbsp; &nbsp;  &nbsp; <strong>\u2022 <\/strong><a href=\"http:\/\/destinocastillayleon.es\/index\/historia-de-numancia\/\" title=\"Historia de Numancia\" target=\"_blank\"><span style=\"color: #000000;\">Historia de Numancia<\/a>.<br \/>\n&nbsp;<\/p>\n","protected":false},"excerpt":{"rendered":"<p>Sabes lo que celebramos en la Fiesta de Villalar de los Comuneros. Repasamos la historia tratando de arrojar luz sobre una mentira de lo pol\u00edticamente correcto<\/p>\n","protected":false},"author":2,"featured_media":2183,"comment_status":"open","ping_status":"closed","sticky":false,"template":"","format":"standard","meta":{"rop_custom_images_group":[],"rop_custom_messages_group":[],"rop_publish_now":"initial","rop_publish_now_accounts":{"twitter_1150954226_1150954226":""},"rop_publish_now_history":[],"rop_publish_now_status":"pending","footnotes":""},"categories":[77,1343,385,68,45,26,4800,4798],"tags":[233,235,769,1628,1629,1203,1843,2304,338,3428,1630],"class_list":["post-2175","post","type-post","status-publish","format-standard","has-post-thumbnail","hentry","category-actualidad-y-agenda-de-castilla-y-leon","category-agenda","category-historia-rutas-2","category-post_inicial","category-provincias","category-valladolid","category-valladolid-actualidad","category-valladolid-turismo","tag-23-de-abril-de-1522","tag-comuneros-de-castilla","tag-destino-castilla-y-leon","tag-dia-de-villalar","tag-fiesta-de-villalar","tag-guerra-de-las-comunidades","tag-pendon-de-castilla","tag-que-ver-en-villalar","tag-turismo-castilla-y-leon","tag-verdadera-historia-de-villalar-de-los-comuneros","tag-villalar-de-los-comuneros"],"yoast_head":"<!-- This site is optimized with the Yoast SEO Premium plugin v20.4 (Yoast SEO v27.4) - https:\/\/yoast.com\/product\/yoast-seo-premium-wordpress\/ -->\n<title>23 de abril, fiesta en Villalar, Valladolid - Historia - DestinoCyL<\/title>\n<meta name=\"description\" content=\"Se celebra la Fiestra de Castilla y Le\u00f3n en Villalar de los Comuneros. Repasamos la historia, arrojando luz sobre una mentira de lo pol\u00edticamente correcto\" \/>\n<meta name=\"robots\" content=\"index, follow, max-snippet:-1, max-image-preview:large, max-video-preview:-1\" \/>\n<link rel=\"canonical\" href=\"https:\/\/destinocastillayleon.es\/index\/villalar-de-los-comuneros\/\" \/>\n<meta property=\"og:locale\" content=\"es_ES\" \/>\n<meta property=\"og:type\" content=\"article\" \/>\n<meta property=\"og:title\" content=\"23 de abril, fiesta en Villalar, Valladolid - Historia - DestinoCyL\" \/>\n<meta property=\"og:description\" content=\"Sabes lo que celebramos en la Fiesta de Villalar de los Comuneros. Repasamos la historia tratando de arrojar luz sobre una mentira de lo pol\u00edticamente correcto\" \/>\n<meta property=\"og:url\" content=\"https:\/\/destinocastillayleon.es\/index\/villalar-de-los-comuneros\/\" \/>\n<meta property=\"og:site_name\" content=\"Destino Castilla y Le\u00f3n\" \/>\n<meta property=\"article:publisher\" content=\"https:\/\/www.facebook.com\/DestinoCastillaYLeon\/\" \/>\n<meta property=\"article:author\" content=\"https:\/\/www.facebook.com\/profile.php?id=1158416854\" \/>\n<meta property=\"article:published_time\" content=\"2013-04-23T13:36:06+00:00\" \/>\n<meta property=\"article:modified_time\" content=\"2018-01-06T17:57:09+00:00\" \/>\n<meta property=\"og:image\" content=\"https:\/\/destinocastillayleon.es\/index\/wp-content\/uploads\/2013\/04\/Villalar-portada.jpg\" \/>\n\t<meta property=\"og:image:width\" content=\"640\" \/>\n\t<meta property=\"og:image:height\" content=\"426\" \/>\n\t<meta property=\"og:image:type\" content=\"image\/jpeg\" \/>\n<meta name=\"author\" content=\"David V\u00e1zquez\" \/>\n<meta name=\"twitter:card\" content=\"summary_large_image\" \/>\n<meta name=\"twitter:title\" content=\"23 de abril, fiesta en Villalar, Valladolid - Historia - DestinoCyL\" \/>\n<meta name=\"twitter:description\" content=\"Se celebra la Fiestra de Castilla y Le\u00f3n en Villalar de los Comuneros. Repasamos la historia, arrojando luz sobre una mentira de lo pol\u00edticamente correcto\" \/>\n<meta name=\"twitter:image\" content=\"http:\/\/destinocastillayleon.es\/index\/wp-content\/uploads\/2013\/04\/Villalar-portada-300x199.jpg\" \/>\n<meta name=\"twitter:creator\" content=\"@https:\/\/twitter.com\/ContePantaleone\u200e\" \/>\n<meta name=\"twitter:site\" content=\"@destinocyl\" \/>\n<meta name=\"twitter:label1\" content=\"Escrito por\" \/>\n\t<meta name=\"twitter:data1\" content=\"David V\u00e1zquez\" \/>\n\t<meta name=\"twitter:label2\" content=\"Tiempo de lectura\" \/>\n\t<meta name=\"twitter:data2\" content=\"3 minutos\" \/>\n<script type=\"application\/ld+json\" class=\"yoast-schema-graph\">{\"@context\":\"https:\\\/\\\/schema.org\",\"@graph\":[{\"@type\":\"Article\",\"@id\":\"https:\\\/\\\/destinocastillayleon.es\\\/index\\\/villalar-de-los-comuneros\\\/#article\",\"isPartOf\":{\"@id\":\"https:\\\/\\\/destinocastillayleon.es\\\/index\\\/villalar-de-los-comuneros\\\/\"},\"author\":{\"name\":\"David V\u00e1zquez\",\"@id\":\"https:\\\/\\\/destinocastillayleon.es\\\/index\\\/#\\\/schema\\\/person\\\/189221bc8f6cc4fa28b18ad5c289d4c2\"},\"headline\":\"Fiesta de Villalar de los Comuneros\",\"datePublished\":\"2013-04-23T13:36:06+00:00\",\"dateModified\":\"2018-01-06T17:57:09+00:00\",\"mainEntityOfPage\":{\"@id\":\"https:\\\/\\\/destinocastillayleon.es\\\/index\\\/villalar-de-los-comuneros\\\/\"},\"wordCount\":607,\"commentCount\":1,\"image\":{\"@id\":\"https:\\\/\\\/destinocastillayleon.es\\\/index\\\/villalar-de-los-comuneros\\\/#primaryimage\"},\"thumbnailUrl\":\"https:\\\/\\\/destinocastillayleon.es\\\/index\\\/wp-content\\\/uploads\\\/2013\\\/04\\\/Villalar-portada.jpg\",\"keywords\":[\"23 de abril de 1522\",\"Comuneros de Castilla\",\"Destino Castilla y Le\u00f3n\",\"D\u00eda de Villalar\",\"fiesta de Villalar\",\"Guerra de las comunidades\",\"pend\u00f3n de Castilla\",\"Que ver en Villalar\",\"Turismo Castilla y Le\u00f3n\",\"verdadera historia de Villalar de los Comuneros\",\"Villalar de los Comuneros\"],\"articleSection\":[\"Actualidad\",\"Agenda\",\"Historia y Leyendas de Castilla y Le\u00f3n\",\"Post_inicial\",\"Provincias\",\"Valladolid\",\"Valladolid Actualidad\",\"Valladolid Turismo\"],\"inLanguage\":\"es\",\"potentialAction\":[{\"@type\":\"CommentAction\",\"name\":\"Comment\",\"target\":[\"https:\\\/\\\/destinocastillayleon.es\\\/index\\\/villalar-de-los-comuneros\\\/#respond\"]}]},{\"@type\":\"WebPage\",\"@id\":\"https:\\\/\\\/destinocastillayleon.es\\\/index\\\/villalar-de-los-comuneros\\\/\",\"url\":\"https:\\\/\\\/destinocastillayleon.es\\\/index\\\/villalar-de-los-comuneros\\\/\",\"name\":\"23 de abril, fiesta en Villalar, Valladolid - Historia - DestinoCyL\",\"isPartOf\":{\"@id\":\"https:\\\/\\\/destinocastillayleon.es\\\/index\\\/#website\"},\"primaryImageOfPage\":{\"@id\":\"https:\\\/\\\/destinocastillayleon.es\\\/index\\\/villalar-de-los-comuneros\\\/#primaryimage\"},\"image\":{\"@id\":\"https:\\\/\\\/destinocastillayleon.es\\\/index\\\/villalar-de-los-comuneros\\\/#primaryimage\"},\"thumbnailUrl\":\"https:\\\/\\\/destinocastillayleon.es\\\/index\\\/wp-content\\\/uploads\\\/2013\\\/04\\\/Villalar-portada.jpg\",\"datePublished\":\"2013-04-23T13:36:06+00:00\",\"dateModified\":\"2018-01-06T17:57:09+00:00\",\"author\":{\"@id\":\"https:\\\/\\\/destinocastillayleon.es\\\/index\\\/#\\\/schema\\\/person\\\/189221bc8f6cc4fa28b18ad5c289d4c2\"},\"description\":\"Se celebra la Fiestra de Castilla y Le\u00f3n en Villalar de los Comuneros. Repasamos la historia, arrojando luz sobre una mentira de lo pol\u00edticamente correcto\",\"breadcrumb\":{\"@id\":\"https:\\\/\\\/destinocastillayleon.es\\\/index\\\/villalar-de-los-comuneros\\\/#breadcrumb\"},\"inLanguage\":\"es\",\"potentialAction\":[{\"@type\":\"ReadAction\",\"target\":[\"https:\\\/\\\/destinocastillayleon.es\\\/index\\\/villalar-de-los-comuneros\\\/\"]}]},{\"@type\":\"ImageObject\",\"inLanguage\":\"es\",\"@id\":\"https:\\\/\\\/destinocastillayleon.es\\\/index\\\/villalar-de-los-comuneros\\\/#primaryimage\",\"url\":\"https:\\\/\\\/destinocastillayleon.es\\\/index\\\/wp-content\\\/uploads\\\/2013\\\/04\\\/Villalar-portada.jpg\",\"contentUrl\":\"https:\\\/\\\/destinocastillayleon.es\\\/index\\\/wp-content\\\/uploads\\\/2013\\\/04\\\/Villalar-portada.jpg\",\"width\":640,\"height\":426,\"caption\":\"Villalar de los Comuneros - Imagen de Wikipedia\"},{\"@type\":\"BreadcrumbList\",\"@id\":\"https:\\\/\\\/destinocastillayleon.es\\\/index\\\/villalar-de-los-comuneros\\\/#breadcrumb\",\"itemListElement\":[{\"@type\":\"ListItem\",\"position\":1,\"name\":\"Portada\",\"item\":\"https:\\\/\\\/destinocastillayleon.es\\\/index\\\/\"},{\"@type\":\"ListItem\",\"position\":2,\"name\":\"Fiesta de Villalar de los Comuneros\"}]},{\"@type\":\"WebSite\",\"@id\":\"https:\\\/\\\/destinocastillayleon.es\\\/index\\\/#website\",\"url\":\"https:\\\/\\\/destinocastillayleon.es\\\/index\\\/\",\"name\":\"Destino Castilla y Le\u00f3n\",\"description\":\"Medio digital independiente y revista de Castilla y Le\u00f3n dedicado al turismo, gastronom\u00eda y vino de Castilla y Le\u00f3n\",\"potentialAction\":[{\"@type\":\"SearchAction\",\"target\":{\"@type\":\"EntryPoint\",\"urlTemplate\":\"https:\\\/\\\/destinocastillayleon.es\\\/index\\\/?s={search_term_string}\"},\"query-input\":{\"@type\":\"PropertyValueSpecification\",\"valueRequired\":true,\"valueName\":\"search_term_string\"}}],\"inLanguage\":\"es\"},{\"@type\":\"Person\",\"@id\":\"https:\\\/\\\/destinocastillayleon.es\\\/index\\\/#\\\/schema\\\/person\\\/189221bc8f6cc4fa28b18ad5c289d4c2\",\"name\":\"David V\u00e1zquez\",\"image\":{\"@type\":\"ImageObject\",\"inLanguage\":\"es\",\"@id\":\"https:\\\/\\\/secure.gravatar.com\\\/avatar\\\/cd12db6c575a90c3b75cfa0f794b74d425201c768612fad17e9f13cd33d48be8?s=96&d=mm&r=g\",\"url\":\"https:\\\/\\\/secure.gravatar.com\\\/avatar\\\/cd12db6c575a90c3b75cfa0f794b74d425201c768612fad17e9f13cd33d48be8?s=96&d=mm&r=g\",\"contentUrl\":\"https:\\\/\\\/secure.gravatar.com\\\/avatar\\\/cd12db6c575a90c3b75cfa0f794b74d425201c768612fad17e9f13cd33d48be8?s=96&d=mm&r=g\",\"caption\":\"David V\u00e1zquez\"},\"description\":\"Ingeniero Industrial de vocaci\u00f3n y profesi\u00f3n, he encontrado en los blogs la forma de plasmar mi pasi\u00f3n por los viajes, la gastronom\u00eda y los vinos. Especialmente los procedentes de Castilla y Le\u00f3n\",\"sameAs\":[\"https:\\\/\\\/www.destinocastillayleon.es\",\"https:\\\/\\\/www.facebook.com\\\/profile.php?id=1158416854\",\"https:\\\/\\\/instagram.com\\\/conte.pantaleone\",\"https:\\\/\\\/www.linkedin.com\\\/pub\\\/david-vazquez-lozano\\\/37\\\/17a\\\/25a\",\"https:\\\/\\\/x.com\\\/https:\\\/\\\/twitter.com\\\/ContePantaleone\u200e\"],\"url\":\"https:\\\/\\\/destinocastillayleon.es\\\/index\\\/author\\\/coadministradorcyl\\\/\"}]}<\/script>\n<!-- \/ Yoast SEO Premium plugin. -->","yoast_head_json":{"title":"23 de abril, fiesta en Villalar, Valladolid - Historia - DestinoCyL","description":"Se celebra la Fiestra de Castilla y Le\u00f3n en Villalar de los Comuneros. Repasamos la historia, arrojando luz sobre una mentira de lo pol\u00edticamente correcto","robots":{"index":"index","follow":"follow","max-snippet":"max-snippet:-1","max-image-preview":"max-image-preview:large","max-video-preview":"max-video-preview:-1"},"canonical":"https:\/\/destinocastillayleon.es\/index\/villalar-de-los-comuneros\/","og_locale":"es_ES","og_type":"article","og_title":"23 de abril, fiesta en Villalar, Valladolid - Historia - DestinoCyL","og_description":"Sabes lo que celebramos en la Fiesta de Villalar de los Comuneros. Repasamos la historia tratando de arrojar luz sobre una mentira de lo pol\u00edticamente correcto","og_url":"https:\/\/destinocastillayleon.es\/index\/villalar-de-los-comuneros\/","og_site_name":"Destino Castilla y Le\u00f3n","article_publisher":"https:\/\/www.facebook.com\/DestinoCastillaYLeon\/","article_author":"https:\/\/www.facebook.com\/profile.php?id=1158416854","article_published_time":"2013-04-23T13:36:06+00:00","article_modified_time":"2018-01-06T17:57:09+00:00","og_image":[{"width":640,"height":426,"url":"https:\/\/destinocastillayleon.es\/index\/wp-content\/uploads\/2013\/04\/Villalar-portada.jpg","type":"image\/jpeg"}],"author":"David V\u00e1zquez","twitter_card":"summary_large_image","twitter_title":"23 de abril, fiesta en Villalar, Valladolid - Historia - DestinoCyL","twitter_description":"Se celebra la Fiestra de Castilla y Le\u00f3n en Villalar de los Comuneros. Repasamos la historia, arrojando luz sobre una mentira de lo pol\u00edticamente correcto","twitter_image":"http:\/\/destinocastillayleon.es\/index\/wp-content\/uploads\/2013\/04\/Villalar-portada-300x199.jpg","twitter_creator":"@https:\/\/twitter.com\/ContePantaleone\u200e","twitter_site":"@destinocyl","twitter_misc":{"Escrito por":"David V\u00e1zquez","Tiempo de lectura":"3 minutos"},"schema":{"@context":"https:\/\/schema.org","@graph":[{"@type":"Article","@id":"https:\/\/destinocastillayleon.es\/index\/villalar-de-los-comuneros\/#article","isPartOf":{"@id":"https:\/\/destinocastillayleon.es\/index\/villalar-de-los-comuneros\/"},"author":{"name":"David V\u00e1zquez","@id":"https:\/\/destinocastillayleon.es\/index\/#\/schema\/person\/189221bc8f6cc4fa28b18ad5c289d4c2"},"headline":"Fiesta de Villalar de los Comuneros","datePublished":"2013-04-23T13:36:06+00:00","dateModified":"2018-01-06T17:57:09+00:00","mainEntityOfPage":{"@id":"https:\/\/destinocastillayleon.es\/index\/villalar-de-los-comuneros\/"},"wordCount":607,"commentCount":1,"image":{"@id":"https:\/\/destinocastillayleon.es\/index\/villalar-de-los-comuneros\/#primaryimage"},"thumbnailUrl":"https:\/\/destinocastillayleon.es\/index\/wp-content\/uploads\/2013\/04\/Villalar-portada.jpg","keywords":["23 de abril de 1522","Comuneros de Castilla","Destino Castilla y Le\u00f3n","D\u00eda de Villalar","fiesta de Villalar","Guerra de las comunidades","pend\u00f3n de Castilla","Que ver en Villalar","Turismo Castilla y Le\u00f3n","verdadera historia de Villalar de los Comuneros","Villalar de los Comuneros"],"articleSection":["Actualidad","Agenda","Historia y Leyendas de Castilla y Le\u00f3n","Post_inicial","Provincias","Valladolid","Valladolid Actualidad","Valladolid Turismo"],"inLanguage":"es","potentialAction":[{"@type":"CommentAction","name":"Comment","target":["https:\/\/destinocastillayleon.es\/index\/villalar-de-los-comuneros\/#respond"]}]},{"@type":"WebPage","@id":"https:\/\/destinocastillayleon.es\/index\/villalar-de-los-comuneros\/","url":"https:\/\/destinocastillayleon.es\/index\/villalar-de-los-comuneros\/","name":"23 de abril, fiesta en Villalar, Valladolid - Historia - DestinoCyL","isPartOf":{"@id":"https:\/\/destinocastillayleon.es\/index\/#website"},"primaryImageOfPage":{"@id":"https:\/\/destinocastillayleon.es\/index\/villalar-de-los-comuneros\/#primaryimage"},"image":{"@id":"https:\/\/destinocastillayleon.es\/index\/villalar-de-los-comuneros\/#primaryimage"},"thumbnailUrl":"https:\/\/destinocastillayleon.es\/index\/wp-content\/uploads\/2013\/04\/Villalar-portada.jpg","datePublished":"2013-04-23T13:36:06+00:00","dateModified":"2018-01-06T17:57:09+00:00","author":{"@id":"https:\/\/destinocastillayleon.es\/index\/#\/schema\/person\/189221bc8f6cc4fa28b18ad5c289d4c2"},"description":"Se celebra la Fiestra de Castilla y Le\u00f3n en Villalar de los Comuneros. Repasamos la historia, arrojando luz sobre una mentira de lo pol\u00edticamente correcto","breadcrumb":{"@id":"https:\/\/destinocastillayleon.es\/index\/villalar-de-los-comuneros\/#breadcrumb"},"inLanguage":"es","potentialAction":[{"@type":"ReadAction","target":["https:\/\/destinocastillayleon.es\/index\/villalar-de-los-comuneros\/"]}]},{"@type":"ImageObject","inLanguage":"es","@id":"https:\/\/destinocastillayleon.es\/index\/villalar-de-los-comuneros\/#primaryimage","url":"https:\/\/destinocastillayleon.es\/index\/wp-content\/uploads\/2013\/04\/Villalar-portada.jpg","contentUrl":"https:\/\/destinocastillayleon.es\/index\/wp-content\/uploads\/2013\/04\/Villalar-portada.jpg","width":640,"height":426,"caption":"Villalar de los Comuneros - Imagen de Wikipedia"},{"@type":"BreadcrumbList","@id":"https:\/\/destinocastillayleon.es\/index\/villalar-de-los-comuneros\/#breadcrumb","itemListElement":[{"@type":"ListItem","position":1,"name":"Portada","item":"https:\/\/destinocastillayleon.es\/index\/"},{"@type":"ListItem","position":2,"name":"Fiesta de Villalar de los Comuneros"}]},{"@type":"WebSite","@id":"https:\/\/destinocastillayleon.es\/index\/#website","url":"https:\/\/destinocastillayleon.es\/index\/","name":"Destino Castilla y Le\u00f3n","description":"Medio digital independiente y revista de Castilla y Le\u00f3n dedicado al turismo, gastronom\u00eda y vino de Castilla y Le\u00f3n","potentialAction":[{"@type":"SearchAction","target":{"@type":"EntryPoint","urlTemplate":"https:\/\/destinocastillayleon.es\/index\/?s={search_term_string}"},"query-input":{"@type":"PropertyValueSpecification","valueRequired":true,"valueName":"search_term_string"}}],"inLanguage":"es"},{"@type":"Person","@id":"https:\/\/destinocastillayleon.es\/index\/#\/schema\/person\/189221bc8f6cc4fa28b18ad5c289d4c2","name":"David V\u00e1zquez","image":{"@type":"ImageObject","inLanguage":"es","@id":"https:\/\/secure.gravatar.com\/avatar\/cd12db6c575a90c3b75cfa0f794b74d425201c768612fad17e9f13cd33d48be8?s=96&d=mm&r=g","url":"https:\/\/secure.gravatar.com\/avatar\/cd12db6c575a90c3b75cfa0f794b74d425201c768612fad17e9f13cd33d48be8?s=96&d=mm&r=g","contentUrl":"https:\/\/secure.gravatar.com\/avatar\/cd12db6c575a90c3b75cfa0f794b74d425201c768612fad17e9f13cd33d48be8?s=96&d=mm&r=g","caption":"David V\u00e1zquez"},"description":"Ingeniero Industrial de vocaci\u00f3n y profesi\u00f3n, he encontrado en los blogs la forma de plasmar mi pasi\u00f3n por los viajes, la gastronom\u00eda y los vinos. Especialmente los procedentes de Castilla y Le\u00f3n","sameAs":["https:\/\/www.destinocastillayleon.es","https:\/\/www.facebook.com\/profile.php?id=1158416854","https:\/\/instagram.com\/conte.pantaleone","https:\/\/www.linkedin.com\/pub\/david-vazquez-lozano\/37\/17a\/25a","https:\/\/x.com\/https:\/\/twitter.com\/ContePantaleone\u200e"],"url":"https:\/\/destinocastillayleon.es\/index\/author\/coadministradorcyl\/"}]}},"_links":{"self":[{"href":"https:\/\/destinocastillayleon.es\/index\/wp-json\/wp\/v2\/posts\/2175","targetHints":{"allow":["GET"]}}],"collection":[{"href":"https:\/\/destinocastillayleon.es\/index\/wp-json\/wp\/v2\/posts"}],"about":[{"href":"https:\/\/destinocastillayleon.es\/index\/wp-json\/wp\/v2\/types\/post"}],"author":[{"embeddable":true,"href":"https:\/\/destinocastillayleon.es\/index\/wp-json\/wp\/v2\/users\/2"}],"replies":[{"embeddable":true,"href":"https:\/\/destinocastillayleon.es\/index\/wp-json\/wp\/v2\/comments?post=2175"}],"version-history":[{"count":46,"href":"https:\/\/destinocastillayleon.es\/index\/wp-json\/wp\/v2\/posts\/2175\/revisions"}],"predecessor-version":[{"id":22366,"href":"https:\/\/destinocastillayleon.es\/index\/wp-json\/wp\/v2\/posts\/2175\/revisions\/22366"}],"wp:featuredmedia":[{"embeddable":true,"href":"https:\/\/destinocastillayleon.es\/index\/wp-json\/wp\/v2\/media\/2183"}],"wp:attachment":[{"href":"https:\/\/destinocastillayleon.es\/index\/wp-json\/wp\/v2\/media?parent=2175"}],"wp:term":[{"taxonomy":"category","embeddable":true,"href":"https:\/\/destinocastillayleon.es\/index\/wp-json\/wp\/v2\/categories?post=2175"},{"taxonomy":"post_tag","embeddable":true,"href":"https:\/\/destinocastillayleon.es\/index\/wp-json\/wp\/v2\/tags?post=2175"}],"curies":[{"name":"wp","href":"https:\/\/api.w.org\/{rel}","templated":true}]}}