{"id":21001,"date":"2015-11-23T10:48:25","date_gmt":"2015-11-23T09:48:25","guid":{"rendered":"http:\/\/destinocastillayleon.es\/index\/?p=21001"},"modified":"2015-11-23T16:28:55","modified_gmt":"2015-11-23T15:28:55","slug":"premios-picot-2015","status":"publish","type":"post","link":"https:\/\/destinocastillayleon.es\/index\/premios-picot-2015\/","title":{"rendered":"Y los ganadores de los premios PICOT 2015 son&#8230;"},"content":{"rendered":"<ul>\n<li style=\"text-align: justify;\"><strong>Ante m\u00e1s de 1.200 invitados, el viernes 20 de noviembre se desvelaron los ganadores de la primera edici\u00f3n de los Premios de la Comunicaci\u00f3n Tur\u00edstica <a href=\"http:\/\/picot.es\/\" title=\"Web oficial de lo Premios Internacionales de la Comunicaci\u00f3n Tur\u00edstica\" target=\"_blank\">PICOT 2015<\/a> organizados por <a href=\"http:\/\/www.rvedipress.com\/\" title=\"Web oficial de RV EDIPress\" target=\"_blank\">RV EDIPRESS<\/a><\/strong><\/li>\n<li style=\"text-align: justify;\"><strong>36 finalistas, 12 categor\u00edas y un mismo sue\u00f1o: recoger uno de los codiciados premios PICOT 2015 en una gala espectacular celebrada en el Marriott Auditorium Hotel &amp; Conference Center de Madrid.<\/strong><\/li>\n<\/ul>\n<p><a href=\"http:\/\/destinocastillayleon.es\/index\/wp-content\/uploads\/2015\/11\/Foto2_RVEDIPRESS_PICOT_Ganadores_21112015_MiguelAMunozRomero.jpg\"><img decoding=\"async\" class=\"aligncenter size-full wp-image-21002\" src=\"http:\/\/destinocastillayleon.es\/index\/wp-content\/uploads\/2015\/11\/Foto2_RVEDIPRESS_PICOT_Ganadores_21112015_MiguelAMunozRomero.jpg\" alt=\"PICOT 2015\" title=\"Ganadores de los premios PICOT 2015, imagen cortes\u00eda de Miguel \u00c1ngel Munoz Romero\" width=\"640\" height=\"376\" srcset=\"https:\/\/destinocastillayleon.es\/index\/wp-content\/uploads\/2015\/11\/Foto2_RVEDIPRESS_PICOT_Ganadores_21112015_MiguelAMunozRomero.jpg 640w, https:\/\/destinocastillayleon.es\/index\/wp-content\/uploads\/2015\/11\/Foto2_RVEDIPRESS_PICOT_Ganadores_21112015_MiguelAMunozRomero-300x176.jpg 300w\" sizes=\"(max-width: 640px) 100vw, 640px\" \/><\/a><\/p>\n<p>El viernes 20 de noviembre se entregaron las preciadas estatuillas que <strong>agradecen y reconocen la excelencia profesional en la Comunicaci\u00f3n Tur\u00edstica. <\/strong><\/p>\n<blockquote>\n<p style=\"text-align: justify;\"><strong><em>Los premios PICOT2015 han sido\u00a0los mayores premios organizados nunca en Espa\u00f1a y Europa con m\u00e1s de 1.200 personas del sector tur\u00edstico. Una noche m\u00e1gica marcada por las sorpresas.<\/em><\/strong><\/p>\n<\/blockquote>\n<p style=\"text-align: justify;\">Un total de 1.265 invitados entre los que se encontraban <strong>Ministros internacionales<\/strong> con carteras relacionadas con el Turismo, Embajadores, Consejeros de Comunidades Aut\u00f3nomas, Directores Generales de Turismo, Concejales y Directivos de las principales compa\u00f1\u00edas del sector tur\u00edstico que presenciaron<strong> una gala excepcional que ha marcado un antes y un despu\u00e9s en el sector tur\u00edstico.\u00a0<\/strong><\/p>\n<p style=\"text-align: justify;\"><a href=\"http:\/\/destinocastillayleon.es\/index\/wp-content\/uploads\/2015\/11\/c43785008ca9163d61ba85af80b51af3.jpg\"><img decoding=\"async\" class=\"aligncenter size-full wp-image-21004\" src=\"http:\/\/destinocastillayleon.es\/index\/wp-content\/uploads\/2015\/11\/c43785008ca9163d61ba85af80b51af3.jpg\" alt=\"recepci\u00f3n de invitados\" width=\"640\" height=\"360\" srcset=\"https:\/\/destinocastillayleon.es\/index\/wp-content\/uploads\/2015\/11\/c43785008ca9163d61ba85af80b51af3.jpg 640w, https:\/\/destinocastillayleon.es\/index\/wp-content\/uploads\/2015\/11\/c43785008ca9163d61ba85af80b51af3-300x169.jpg 300w\" sizes=\"(max-width: 640px) 100vw, 640px\" \/><\/a><\/p>\n<p style=\"text-align: justify;\">Imagen y sonido, proyecciones, decoraci\u00f3n, iluminaci\u00f3n, azafatas, transporte, espect\u00e1culos y gastronom\u00eda fueron tambi\u00e9n cuidados hasta el m\u00e1s m\u00ednimo detalle y<strong> lograron sorprender y enamorar a los asistentes<\/strong>, con momentos de m\u00e1ximo intensidad como los espect\u00e1culos de danza y poes\u00eda protagonizados por el<strong> Ballet Contempor\u00e1neo de Burgos<\/strong> o <strong>los divertidos mon\u00f3logos de la humorista Bel\u00e9n Rubio. <\/strong><\/p>\n<h2 style=\"text-align: justify;\"><strong>Ganadores de los Premios PICOT 2015<\/strong><\/h2>\n<p style=\"text-align: justify;\">Los Premios PICOT 2015 han contado con <strong>galardones para todos los soportes y tipolog\u00edas de medios de comunicaci\u00f3n. <\/strong>Un total de 12 estatuillas que reconocieron a <strong>medios off y online, radios y televisiones, generalistas y especializados, incluyendo el sector de los <em>bloggers<\/em> de viajes,<\/strong> un \u00e1rea con una influencia creciente en la comunicaci\u00f3n de destinos y tendencias viajeras.<\/p>\n<ul>\n<li>Mejor Secci\u00f3n de Viajes en Soporte No Tur\u00edstico: <strong>La Luna de Metr\u00f3poli.<\/strong><\/li>\n<\/ul>\n<ul>\n<li>Mejor Revista de Viajes <em>On Line<\/em>: <strong>Top Viajes.<\/strong><\/li>\n<\/ul>\n<ul>\n<li>Mejor Programaci\u00f3n de Viajes en Televisi\u00f3n: <strong>TVE.<\/strong><\/li>\n<\/ul>\n<ul>\n<li>Mejor Soporte de promoci\u00f3n Tur\u00edstica a trav\u00e9s de la Gastronom\u00eda: <strong>Un pa\u00eds para com\u00e9rselo de TVE.<\/strong><\/li>\n<\/ul>\n<ul>\n<li>Premio Mejor Portal de Viajes: <strong>OchoLeguas.com.<\/strong><\/li>\n<\/ul>\n<ul>\n<li>Premio Mejor Soporte Extranjero de Informaci\u00f3n Tur\u00edstica y de Viajes: <strong>Revista Conde Nast Traveller UK.<\/strong><\/li>\n<\/ul>\n<ul>\n<li>Premio Mejor Suplemento de Viajes de la Prensa Generalista: <strong>El Viajero de El Pa\u00eds.<\/strong><\/li>\n<\/ul>\n<ul>\n<li>Premio Mejor Blog de Viajes: <strong>Gu\u00edas Viajar.<\/strong><\/li>\n<\/ul>\n<ul>\n<li>Premio Mejor Programa de Viajes en Radio: <strong>Gente Viajera de Onda Cero.<\/strong><\/li>\n<\/ul>\n<ul>\n<li>Premio Mejor Soporte de Informaci\u00f3n del Sector Tur\u00edstico: <strong>Grupo Hosteltur.<\/strong><\/li>\n<\/ul>\n<ul>\n<li>Premio Mejor Revista de Viajes: <strong>Viajes National Geographic.<\/strong><\/li>\n<\/ul>\n<ul>\n<li>Premio a la Trayectoria Profesional:<strong> Joaqu\u00edn Molina.<\/strong><\/li>\n<\/ul>\n<p>&nbsp;<\/p>\n<p><a href=\"http:\/\/destinocastillayleon.es\/index\/wp-content\/uploads\/2015\/11\/Foto1_RVEDIPRESS_PICOT_Ganadores_21112015_MiguelAMunozRomero.jpg\"><img decoding=\"async\" class=\"aligncenter size-full wp-image-21003\" src=\"http:\/\/destinocastillayleon.es\/index\/wp-content\/uploads\/2015\/11\/Foto1_RVEDIPRESS_PICOT_Ganadores_21112015_MiguelAMunozRomero.jpg\" alt=\"PICOT 2015\" title=\"Ganadores de la Edici\u00f3n 2015. Imagen cortes\u00eda de Miguel \u00c1ngel Mu\u00f1oz Romero\" width=\"640\" height=\"427\" srcset=\"https:\/\/destinocastillayleon.es\/index\/wp-content\/uploads\/2015\/11\/Foto1_RVEDIPRESS_PICOT_Ganadores_21112015_MiguelAMunozRomero.jpg 640w, https:\/\/destinocastillayleon.es\/index\/wp-content\/uploads\/2015\/11\/Foto1_RVEDIPRESS_PICOT_Ganadores_21112015_MiguelAMunozRomero-300x200.jpg 300w\" sizes=\"(max-width: 640px) 100vw, 640px\" \/><\/a><\/p>\n<p>En palabras de Fernando Valmaseda, CEO del Grupo RV EDIPRESS:<\/p>\n<blockquote>\n<p style=\"text-align: justify;\"><strong>\u201c<em>Con PICOT 2015 hemos querido reconocer a todos los profesionales de la Comunicaci\u00f3n y el Turismo, creemos que lo hemos conseguido. Una vez m\u00e1s, agradecemos a todo el equipo que ha trabajado y ha hecho posible este sue\u00f1o. Sin duda, a partir de ahora comienza la cuenta atr\u00e1s para una nueva edici\u00f3n de PICOT 2016<\/em>\u201d.<\/strong><\/p>\n<\/blockquote>\n<p style=\"text-align: justify;\">\u00a0El viernes, los premios PICOT 2015 hicieron historia. Sin embargo, <strong>RV EDIPRESS\u00a0ya se prepara para la segunda edici\u00f3n <\/strong>de esta cita que aspira a consolidarse como la gran referencia en la excelencia de la calidad y la profesionalidad del sector del Turismo y la Comunicaci\u00f3n.<\/p>\n<h4><span style=\"color: #800080;\"><strong>Tambi\u00e9n te puede interesar&#8230;\u00a0<\/strong><\/span><\/h4>\n<p><strong>&#8211;\u00a0<a href=\"http:\/\/destinocastillayleon.es\/index\/premios-academia-castellana-y-leonesa-de-gastronomia\/\">Premios Academia Castellana y Leonesa de Gastronom\u00eda<\/a><\/strong><\/p>\n<p><strong>&#8211;\u00a0<a href=\"http:\/\/destinocastillayleon.es\/index\/vallavinos\/\">#Vallavinos, encuentro de bloggers y twiteros en Intur<\/a><\/strong><\/p>\n<p><strong>&#8211;\u00a0<a href=\"http:\/\/destinocastillayleon.es\/index\/el-centro-del-lobo-iberico-nuevo-espacio-para-la-biodiversidad-en-la-sierra-de-la-culebra\/\">El Centro del Lobo Ib\u00e9rico, un nuevo espacio para la biodiversidad en la Sierra de la Culebra<\/a><\/strong><\/p>\n<p><strong>&#8211;\u00a0<a href=\"http:\/\/destinocastillayleon.es\/index\/valtravieso-una-bodega-diferente-en-la-ribera-del-duero\/\">Valtravieso, una bodega diferente en la Ribera del Duero<\/a><\/strong><\/p>\n<p><strong>&#8211;\u00a0<a href=\"http:\/\/destinocastillayleon.es\/index\/tuitquedadamicologica-2015\/\">#TuitQuedadaMicol\u00f3gica 2015 \u00a1Querr\u00e1s asistir a la pr\u00f3xima edici\u00f3n!<\/a><\/strong><\/p>\n<p><strong>\u00a0<\/strong><\/p>\n","protected":false},"excerpt":{"rendered":"<p>Estos son los ganadores de los premios PICOT 2015. Un total de 12 estatuillas que reconocieron a medios off y online, radios y televisiones, generalistas y especializados, incluyendo el sector de los bloggers de viajes<\/p>\n","protected":false},"author":14,"featured_media":21005,"comment_status":"open","ping_status":"closed","sticky":false,"template":"","format":"standard","meta":{"rop_custom_images_group":[],"rop_custom_messages_group":[],"rop_publish_now":"initial","rop_publish_now_accounts":{"twitter_1150954226_1150954226":""},"rop_publish_now_history":[],"rop_publish_now_status":"pending","footnotes":""},"categories":[77],"tags":[4733,4728,4735,4734,4727],"class_list":["post-21001","post","type-post","status-publish","format-standard","has-post-thumbnail","hentry","category-actualidad-y-agenda-de-castilla-y-leon","tag-gala-picot-2015","tag-ganadores-premios-picot-2015","tag-premios-internacionales-de-la-comunicacion-turistica-2015","tag-premios-picot","tag-premios-picot-2015"],"yoast_head":"<!-- This site is optimized with the Yoast SEO Premium plugin v20.4 (Yoast SEO v27.4) - https:\/\/yoast.com\/product\/yoast-seo-premium-wordpress\/ -->\n<title>Ganadores de los premios PICOT 2015 - DestinoCyL<\/title>\n<meta name=\"description\" content=\"As\u00ed fue la gala de entrega de los premios PICOT 2015. Un total de 12 estatuillas que reconocieron a medios off y online de la Comunicaci\u00f3n Tur\u00edsitica\" \/>\n<meta name=\"robots\" content=\"index, follow, max-snippet:-1, max-image-preview:large, max-video-preview:-1\" \/>\n<link rel=\"canonical\" href=\"https:\/\/destinocastillayleon.es\/index\/premios-picot-2015\/\" \/>\n<meta property=\"og:locale\" content=\"es_ES\" \/>\n<meta property=\"og:type\" content=\"article\" \/>\n<meta property=\"og:title\" content=\"Y los ganadores de los premios PICOT 2015 son...\" \/>\n<meta property=\"og:description\" content=\"As\u00ed fue la gala de entrega de los premios PICOT 2015. Un total de 12 estatuillas que reconocieron a medios off y online de la Comunicaci\u00f3n Tur\u00edsitica\" \/>\n<meta property=\"og:url\" content=\"https:\/\/destinocastillayleon.es\/index\/premios-picot-2015\/\" \/>\n<meta property=\"og:site_name\" content=\"Destino Castilla y Le\u00f3n\" \/>\n<meta property=\"article:publisher\" content=\"https:\/\/www.facebook.com\/DestinoCastillaYLeon\/\" \/>\n<meta property=\"article:published_time\" content=\"2015-11-23T09:48:25+00:00\" \/>\n<meta property=\"article:modified_time\" content=\"2015-11-23T15:28:55+00:00\" \/>\n<meta property=\"og:image\" content=\"https:\/\/destinocastillayleon.es\/index\/wp-content\/uploads\/2015\/11\/Picot-2015-entrega-de-premios.jpg\" \/>\n\t<meta property=\"og:image:width\" content=\"640\" \/>\n\t<meta property=\"og:image:height\" content=\"360\" \/>\n\t<meta property=\"og:image:type\" content=\"image\/jpeg\" \/>\n<meta name=\"author\" content=\"Destino CyL\" \/>\n<meta name=\"twitter:card\" content=\"summary_large_image\" \/>\n<meta name=\"twitter:creator\" content=\"@destinocyl\" \/>\n<meta name=\"twitter:site\" content=\"@destinocyl\" \/>\n<meta name=\"twitter:label1\" content=\"Escrito por\" \/>\n\t<meta name=\"twitter:data1\" content=\"Destino CyL\" \/>\n\t<meta name=\"twitter:label2\" content=\"Tiempo de lectura\" \/>\n\t<meta name=\"twitter:data2\" content=\"3 minutos\" \/>\n<script type=\"application\/ld+json\" class=\"yoast-schema-graph\">{\"@context\":\"https:\\\/\\\/schema.org\",\"@graph\":[{\"@type\":\"Article\",\"@id\":\"https:\\\/\\\/destinocastillayleon.es\\\/index\\\/premios-picot-2015\\\/#article\",\"isPartOf\":{\"@id\":\"https:\\\/\\\/destinocastillayleon.es\\\/index\\\/premios-picot-2015\\\/\"},\"author\":{\"name\":\"Destino CyL\",\"@id\":\"https:\\\/\\\/destinocastillayleon.es\\\/index\\\/#\\\/schema\\\/person\\\/820bc853671969462e3e479c4ef6f253\"},\"headline\":\"Y los ganadores de los premios PICOT 2015 son&#8230;\",\"datePublished\":\"2015-11-23T09:48:25+00:00\",\"dateModified\":\"2015-11-23T15:28:55+00:00\",\"mainEntityOfPage\":{\"@id\":\"https:\\\/\\\/destinocastillayleon.es\\\/index\\\/premios-picot-2015\\\/\"},\"wordCount\":635,\"commentCount\":0,\"image\":{\"@id\":\"https:\\\/\\\/destinocastillayleon.es\\\/index\\\/premios-picot-2015\\\/#primaryimage\"},\"thumbnailUrl\":\"https:\\\/\\\/destinocastillayleon.es\\\/index\\\/wp-content\\\/uploads\\\/2015\\\/11\\\/Picot-2015-entrega-de-premios.jpg\",\"keywords\":[\"gala PICOT 2015\",\"Ganadores premios PICOT 2015\",\"Premios Internacionales de la Comunicaci\u00f3n Tur\u00edstica 2015\",\"Premios PICOT\",\"Premios Picot 2015\"],\"articleSection\":[\"Actualidad\"],\"inLanguage\":\"es\",\"potentialAction\":[{\"@type\":\"CommentAction\",\"name\":\"Comment\",\"target\":[\"https:\\\/\\\/destinocastillayleon.es\\\/index\\\/premios-picot-2015\\\/#respond\"]}]},{\"@type\":\"WebPage\",\"@id\":\"https:\\\/\\\/destinocastillayleon.es\\\/index\\\/premios-picot-2015\\\/\",\"url\":\"https:\\\/\\\/destinocastillayleon.es\\\/index\\\/premios-picot-2015\\\/\",\"name\":\"Ganadores de los premios PICOT 2015 - DestinoCyL\",\"isPartOf\":{\"@id\":\"https:\\\/\\\/destinocastillayleon.es\\\/index\\\/#website\"},\"primaryImageOfPage\":{\"@id\":\"https:\\\/\\\/destinocastillayleon.es\\\/index\\\/premios-picot-2015\\\/#primaryimage\"},\"image\":{\"@id\":\"https:\\\/\\\/destinocastillayleon.es\\\/index\\\/premios-picot-2015\\\/#primaryimage\"},\"thumbnailUrl\":\"https:\\\/\\\/destinocastillayleon.es\\\/index\\\/wp-content\\\/uploads\\\/2015\\\/11\\\/Picot-2015-entrega-de-premios.jpg\",\"datePublished\":\"2015-11-23T09:48:25+00:00\",\"dateModified\":\"2015-11-23T15:28:55+00:00\",\"author\":{\"@id\":\"https:\\\/\\\/destinocastillayleon.es\\\/index\\\/#\\\/schema\\\/person\\\/820bc853671969462e3e479c4ef6f253\"},\"description\":\"As\u00ed fue la gala de entrega de los premios PICOT 2015. Un total de 12 estatuillas que reconocieron a medios off y online de la Comunicaci\u00f3n Tur\u00edsitica\",\"breadcrumb\":{\"@id\":\"https:\\\/\\\/destinocastillayleon.es\\\/index\\\/premios-picot-2015\\\/#breadcrumb\"},\"inLanguage\":\"es\",\"potentialAction\":[{\"@type\":\"ReadAction\",\"target\":[\"https:\\\/\\\/destinocastillayleon.es\\\/index\\\/premios-picot-2015\\\/\"]}]},{\"@type\":\"ImageObject\",\"inLanguage\":\"es\",\"@id\":\"https:\\\/\\\/destinocastillayleon.es\\\/index\\\/premios-picot-2015\\\/#primaryimage\",\"url\":\"https:\\\/\\\/destinocastillayleon.es\\\/index\\\/wp-content\\\/uploads\\\/2015\\\/11\\\/Picot-2015-entrega-de-premios.jpg\",\"contentUrl\":\"https:\\\/\\\/destinocastillayleon.es\\\/index\\\/wp-content\\\/uploads\\\/2015\\\/11\\\/Picot-2015-entrega-de-premios.jpg\",\"width\":640,\"height\":360},{\"@type\":\"BreadcrumbList\",\"@id\":\"https:\\\/\\\/destinocastillayleon.es\\\/index\\\/premios-picot-2015\\\/#breadcrumb\",\"itemListElement\":[{\"@type\":\"ListItem\",\"position\":1,\"name\":\"Portada\",\"item\":\"https:\\\/\\\/destinocastillayleon.es\\\/index\\\/\"},{\"@type\":\"ListItem\",\"position\":2,\"name\":\"Y los ganadores de los premios PICOT 2015 son&#8230;\"}]},{\"@type\":\"WebSite\",\"@id\":\"https:\\\/\\\/destinocastillayleon.es\\\/index\\\/#website\",\"url\":\"https:\\\/\\\/destinocastillayleon.es\\\/index\\\/\",\"name\":\"Destino Castilla y Le\u00f3n\",\"description\":\"Medio digital independiente y revista de Castilla y Le\u00f3n dedicado al turismo, gastronom\u00eda y vino de Castilla y Le\u00f3n\",\"potentialAction\":[{\"@type\":\"SearchAction\",\"target\":{\"@type\":\"EntryPoint\",\"urlTemplate\":\"https:\\\/\\\/destinocastillayleon.es\\\/index\\\/?s={search_term_string}\"},\"query-input\":{\"@type\":\"PropertyValueSpecification\",\"valueRequired\":true,\"valueName\":\"search_term_string\"}}],\"inLanguage\":\"es\"},{\"@type\":\"Person\",\"@id\":\"https:\\\/\\\/destinocastillayleon.es\\\/index\\\/#\\\/schema\\\/person\\\/820bc853671969462e3e479c4ef6f253\",\"name\":\"Destino CyL\",\"image\":{\"@type\":\"ImageObject\",\"inLanguage\":\"es\",\"@id\":\"https:\\\/\\\/secure.gravatar.com\\\/avatar\\\/3ab58882c96a1f667e4b7004a344de8a7e22e7396dda91bd580baf77b48c2711?s=96&d=mm&r=g\",\"url\":\"https:\\\/\\\/secure.gravatar.com\\\/avatar\\\/3ab58882c96a1f667e4b7004a344de8a7e22e7396dda91bd580baf77b48c2711?s=96&d=mm&r=g\",\"contentUrl\":\"https:\\\/\\\/secure.gravatar.com\\\/avatar\\\/3ab58882c96a1f667e4b7004a344de8a7e22e7396dda91bd580baf77b48c2711?s=96&d=mm&r=g\",\"caption\":\"Destino CyL\"},\"description\":\"Equipo de redacci\u00f3n de Destino Castilla y Le\u00f3n\",\"sameAs\":[\"http:\\\/\\\/www.destinocastillayleon.es\"],\"url\":\"https:\\\/\\\/destinocastillayleon.es\\\/index\\\/author\\\/administrador\\\/\"}]}<\/script>\n<!-- \/ Yoast SEO Premium plugin. -->","yoast_head_json":{"title":"Ganadores de los premios PICOT 2015 - DestinoCyL","description":"As\u00ed fue la gala de entrega de los premios PICOT 2015. Un total de 12 estatuillas que reconocieron a medios off y online de la Comunicaci\u00f3n Tur\u00edsitica","robots":{"index":"index","follow":"follow","max-snippet":"max-snippet:-1","max-image-preview":"max-image-preview:large","max-video-preview":"max-video-preview:-1"},"canonical":"https:\/\/destinocastillayleon.es\/index\/premios-picot-2015\/","og_locale":"es_ES","og_type":"article","og_title":"Y los ganadores de los premios PICOT 2015 son...","og_description":"As\u00ed fue la gala de entrega de los premios PICOT 2015. Un total de 12 estatuillas que reconocieron a medios off y online de la Comunicaci\u00f3n Tur\u00edsitica","og_url":"https:\/\/destinocastillayleon.es\/index\/premios-picot-2015\/","og_site_name":"Destino Castilla y Le\u00f3n","article_publisher":"https:\/\/www.facebook.com\/DestinoCastillaYLeon\/","article_published_time":"2015-11-23T09:48:25+00:00","article_modified_time":"2015-11-23T15:28:55+00:00","og_image":[{"width":640,"height":360,"url":"https:\/\/destinocastillayleon.es\/index\/wp-content\/uploads\/2015\/11\/Picot-2015-entrega-de-premios.jpg","type":"image\/jpeg"}],"author":"Destino CyL","twitter_card":"summary_large_image","twitter_creator":"@destinocyl","twitter_site":"@destinocyl","twitter_misc":{"Escrito por":"Destino CyL","Tiempo de lectura":"3 minutos"},"schema":{"@context":"https:\/\/schema.org","@graph":[{"@type":"Article","@id":"https:\/\/destinocastillayleon.es\/index\/premios-picot-2015\/#article","isPartOf":{"@id":"https:\/\/destinocastillayleon.es\/index\/premios-picot-2015\/"},"author":{"name":"Destino CyL","@id":"https:\/\/destinocastillayleon.es\/index\/#\/schema\/person\/820bc853671969462e3e479c4ef6f253"},"headline":"Y los ganadores de los premios PICOT 2015 son&#8230;","datePublished":"2015-11-23T09:48:25+00:00","dateModified":"2015-11-23T15:28:55+00:00","mainEntityOfPage":{"@id":"https:\/\/destinocastillayleon.es\/index\/premios-picot-2015\/"},"wordCount":635,"commentCount":0,"image":{"@id":"https:\/\/destinocastillayleon.es\/index\/premios-picot-2015\/#primaryimage"},"thumbnailUrl":"https:\/\/destinocastillayleon.es\/index\/wp-content\/uploads\/2015\/11\/Picot-2015-entrega-de-premios.jpg","keywords":["gala PICOT 2015","Ganadores premios PICOT 2015","Premios Internacionales de la Comunicaci\u00f3n Tur\u00edstica 2015","Premios PICOT","Premios Picot 2015"],"articleSection":["Actualidad"],"inLanguage":"es","potentialAction":[{"@type":"CommentAction","name":"Comment","target":["https:\/\/destinocastillayleon.es\/index\/premios-picot-2015\/#respond"]}]},{"@type":"WebPage","@id":"https:\/\/destinocastillayleon.es\/index\/premios-picot-2015\/","url":"https:\/\/destinocastillayleon.es\/index\/premios-picot-2015\/","name":"Ganadores de los premios PICOT 2015 - DestinoCyL","isPartOf":{"@id":"https:\/\/destinocastillayleon.es\/index\/#website"},"primaryImageOfPage":{"@id":"https:\/\/destinocastillayleon.es\/index\/premios-picot-2015\/#primaryimage"},"image":{"@id":"https:\/\/destinocastillayleon.es\/index\/premios-picot-2015\/#primaryimage"},"thumbnailUrl":"https:\/\/destinocastillayleon.es\/index\/wp-content\/uploads\/2015\/11\/Picot-2015-entrega-de-premios.jpg","datePublished":"2015-11-23T09:48:25+00:00","dateModified":"2015-11-23T15:28:55+00:00","author":{"@id":"https:\/\/destinocastillayleon.es\/index\/#\/schema\/person\/820bc853671969462e3e479c4ef6f253"},"description":"As\u00ed fue la gala de entrega de los premios PICOT 2015. Un total de 12 estatuillas que reconocieron a medios off y online de la Comunicaci\u00f3n Tur\u00edsitica","breadcrumb":{"@id":"https:\/\/destinocastillayleon.es\/index\/premios-picot-2015\/#breadcrumb"},"inLanguage":"es","potentialAction":[{"@type":"ReadAction","target":["https:\/\/destinocastillayleon.es\/index\/premios-picot-2015\/"]}]},{"@type":"ImageObject","inLanguage":"es","@id":"https:\/\/destinocastillayleon.es\/index\/premios-picot-2015\/#primaryimage","url":"https:\/\/destinocastillayleon.es\/index\/wp-content\/uploads\/2015\/11\/Picot-2015-entrega-de-premios.jpg","contentUrl":"https:\/\/destinocastillayleon.es\/index\/wp-content\/uploads\/2015\/11\/Picot-2015-entrega-de-premios.jpg","width":640,"height":360},{"@type":"BreadcrumbList","@id":"https:\/\/destinocastillayleon.es\/index\/premios-picot-2015\/#breadcrumb","itemListElement":[{"@type":"ListItem","position":1,"name":"Portada","item":"https:\/\/destinocastillayleon.es\/index\/"},{"@type":"ListItem","position":2,"name":"Y los ganadores de los premios PICOT 2015 son&#8230;"}]},{"@type":"WebSite","@id":"https:\/\/destinocastillayleon.es\/index\/#website","url":"https:\/\/destinocastillayleon.es\/index\/","name":"Destino Castilla y Le\u00f3n","description":"Medio digital independiente y revista de Castilla y Le\u00f3n dedicado al turismo, gastronom\u00eda y vino de Castilla y Le\u00f3n","potentialAction":[{"@type":"SearchAction","target":{"@type":"EntryPoint","urlTemplate":"https:\/\/destinocastillayleon.es\/index\/?s={search_term_string}"},"query-input":{"@type":"PropertyValueSpecification","valueRequired":true,"valueName":"search_term_string"}}],"inLanguage":"es"},{"@type":"Person","@id":"https:\/\/destinocastillayleon.es\/index\/#\/schema\/person\/820bc853671969462e3e479c4ef6f253","name":"Destino CyL","image":{"@type":"ImageObject","inLanguage":"es","@id":"https:\/\/secure.gravatar.com\/avatar\/3ab58882c96a1f667e4b7004a344de8a7e22e7396dda91bd580baf77b48c2711?s=96&d=mm&r=g","url":"https:\/\/secure.gravatar.com\/avatar\/3ab58882c96a1f667e4b7004a344de8a7e22e7396dda91bd580baf77b48c2711?s=96&d=mm&r=g","contentUrl":"https:\/\/secure.gravatar.com\/avatar\/3ab58882c96a1f667e4b7004a344de8a7e22e7396dda91bd580baf77b48c2711?s=96&d=mm&r=g","caption":"Destino CyL"},"description":"Equipo de redacci\u00f3n de Destino Castilla y Le\u00f3n","sameAs":["http:\/\/www.destinocastillayleon.es"],"url":"https:\/\/destinocastillayleon.es\/index\/author\/administrador\/"}]}},"_links":{"self":[{"href":"https:\/\/destinocastillayleon.es\/index\/wp-json\/wp\/v2\/posts\/21001","targetHints":{"allow":["GET"]}}],"collection":[{"href":"https:\/\/destinocastillayleon.es\/index\/wp-json\/wp\/v2\/posts"}],"about":[{"href":"https:\/\/destinocastillayleon.es\/index\/wp-json\/wp\/v2\/types\/post"}],"author":[{"embeddable":true,"href":"https:\/\/destinocastillayleon.es\/index\/wp-json\/wp\/v2\/users\/14"}],"replies":[{"embeddable":true,"href":"https:\/\/destinocastillayleon.es\/index\/wp-json\/wp\/v2\/comments?post=21001"}],"version-history":[{"count":6,"href":"https:\/\/destinocastillayleon.es\/index\/wp-json\/wp\/v2\/posts\/21001\/revisions"}],"predecessor-version":[{"id":21011,"href":"https:\/\/destinocastillayleon.es\/index\/wp-json\/wp\/v2\/posts\/21001\/revisions\/21011"}],"wp:featuredmedia":[{"embeddable":true,"href":"https:\/\/destinocastillayleon.es\/index\/wp-json\/wp\/v2\/media\/21005"}],"wp:attachment":[{"href":"https:\/\/destinocastillayleon.es\/index\/wp-json\/wp\/v2\/media?parent=21001"}],"wp:term":[{"taxonomy":"category","embeddable":true,"href":"https:\/\/destinocastillayleon.es\/index\/wp-json\/wp\/v2\/categories?post=21001"},{"taxonomy":"post_tag","embeddable":true,"href":"https:\/\/destinocastillayleon.es\/index\/wp-json\/wp\/v2\/tags?post=21001"}],"curies":[{"name":"wp","href":"https:\/\/api.w.org\/{rel}","templated":true}]}}