{"id":20734,"date":"2015-10-23T21:18:36","date_gmt":"2015-10-23T19:18:36","guid":{"rendered":"http:\/\/destinocastillayleon.es\/index\/?p=20734"},"modified":"2025-11-06T08:32:06","modified_gmt":"2025-11-06T07:32:06","slug":"leon-salamanca-y-valladolid-que-destino-es-mejor-para-visitar","status":"publish","type":"post","link":"https:\/\/destinocastillayleon.es\/index\/leon-salamanca-y-valladolid-que-destino-es-mejor-para-visitar\/","title":{"rendered":"Le\u00f3n, Salamanca y Valladolid \u00bfQu\u00e9 destino es mejor para visitar?"},"content":{"rendered":"<ul>\n<li style=\"text-align: justify;\"><strong>Le\u00f3n, Salamanca y Valladolid son tres ciudades muy diferentes<\/strong> que nada tienen que ver, pese a formar parte de la misma comunidad aut\u00f3noma.<\/li>\n<li style=\"text-align: justify;\"><strong>Es imposible afirmar qu\u00e9 destino es el mejor para visitar<\/strong>, pues las tres ciudades cuentan con recursos tur\u00edsticos suficientes como para pasar m\u00e1s de una jornada visit\u00e1ndolas. Nuestro consejo: planifica un fin de semana para cada una y disfruta de la singularidad que cada ciudad te ofrece.<\/li>\n<\/ul>\n<h2><strong>Le\u00f3n, Salamanca y Valladolid \u00bfQu\u00e9 destino es mejor para visitar?<\/strong><\/h2>\n<p style=\"text-align: justify;\">Le\u00f3n, Salamanca y Valladolid <strong>son ciudades muy c\u00f3modas y tranquilas<\/strong> que puedes recorrer perfectamente\u00a0a pie. Las tres ciudades son monumentales, aunque en cada una predomina un estilo arquitect\u00f3nico diferente. Las tres <strong>cuentan con gran variedad de museos,\u00a0<\/strong>visitas guiadas y rincones con mucho encanto para disfrutar m\u00e1s de un d\u00eda y m\u00e1s de dos. Adem\u00e1s, en las tres encontrar\u00e1s buenos establecimientos para comer o tapear.<\/p>\n<h2 style=\"text-align: justify;\"><strong>Le\u00f3n, la cuna del parlamentarismo\u00a0<\/strong><\/h2>\n<p style=\"text-align: justify;\">En 1188, el rey Alfonso IX convoc\u00f3 por primera vez en la historia a los \u00abTres Estados\u00bb sociales a participar en la Curia Regia. Estas cortes fueron celebradas en el <strong>Claustro de San Isidoro<\/strong>. En el documento, conocido como <strong>los &#8216;Decreta&#8217; de Le\u00f3n,\u00a0<\/strong>se concede al pueblo el derecho a intervenir en la decisi\u00f3n de los asuntos p\u00fablicos. En el 2013, la\u00a0Unesco certific\u00f3 que la ciudad de Le\u00f3n es la cuna del parlamentarismo europeo.<\/p>\n<figure id=\"attachment_20768\" aria-describedby=\"caption-attachment-20768\" style=\"width: 640px\" class=\"wp-caption aligncenter\"><a data-size=\"640x480\" href=\"http:\/\/destinocastillayleon.es\/index\/wp-content\/uploads\/2015\/10\/de332f6ce47d6bf2e8d8d3292ee9c9f7.jpg\"><img decoding=\"async\" class=\"size-full wp-image-20768\" src=\"http:\/\/destinocastillayleon.es\/index\/wp-content\/uploads\/2015\/10\/de332f6ce47d6bf2e8d8d3292ee9c9f7.jpg\" alt=\"Claustro de San Isidoro de Le\u00f3n Fuente: www.ucm.es\" width=\"640\" height=\"480\" srcset=\"https:\/\/destinocastillayleon.es\/index\/wp-content\/uploads\/2015\/10\/de332f6ce47d6bf2e8d8d3292ee9c9f7.jpg 640w, https:\/\/destinocastillayleon.es\/index\/wp-content\/uploads\/2015\/10\/de332f6ce47d6bf2e8d8d3292ee9c9f7-300x225.jpg 300w\" sizes=\"(max-width: 640px) 100vw, 640px\" \/><\/a><figcaption id=\"caption-attachment-20768\" class=\"wp-caption-text\">Claustro de San Isidoro de Le\u00f3n Fuente: www.ucm.es<\/figcaption><\/figure>\n<p style=\"text-align: justify;\">Adem\u00e1s de este gran legado para la \u00abMemoria de la Humanidad\u00bb, Le\u00f3n ha sido\u00a0desde siempre <strong>ciudad de acogida para\u00a0los miles de peregrinos que han realizado la ruta jacobea<\/strong> a lo largo de la Historia. Los viajeros siguen asombr\u00e1ndose tanto como lo pudieron hacer los peregrinos medievales cuando contemplan <strong>la grandiosidad de su catedral <\/strong>o la belleza de <strong>la\u00a0Bas\u00edlica de San Isidoro y Pante\u00f3n Real,<\/strong> donde recientes estudios afirman que <strong>en su museo se encuentra el C\u00e1liz de Cristo<\/strong>. Hecho que ha disparado las visitas de creyentes y turistas.<\/p>\n<figure id=\"attachment_20770\" aria-describedby=\"caption-attachment-20770\" style=\"width: 640px\" class=\"wp-caption aligncenter\"><a data-size=\"640x427\" href=\"http:\/\/destinocastillayleon.es\/index\/wp-content\/uploads\/2015\/10\/9f607a1eb44953fd548ed05b033eab06.jpg\"><img decoding=\"async\" class=\"wp-image-20770 size-full\" title=\"Catedral de Le\u00f3n Fuente: albumfotos.com\" src=\"http:\/\/destinocastillayleon.es\/index\/wp-content\/uploads\/2015\/10\/9f607a1eb44953fd548ed05b033eab06.jpg\" alt=\"Catedral de Le\u00f3n Fuente: albumfotos.com\" width=\"640\" height=\"427\" srcset=\"https:\/\/destinocastillayleon.es\/index\/wp-content\/uploads\/2015\/10\/9f607a1eb44953fd548ed05b033eab06.jpg 640w, https:\/\/destinocastillayleon.es\/index\/wp-content\/uploads\/2015\/10\/9f607a1eb44953fd548ed05b033eab06-300x200.jpg 300w\" sizes=\"(max-width: 640px) 100vw, 640px\" \/><\/a><figcaption id=\"caption-attachment-20770\" class=\"wp-caption-text\">Catedral de Le\u00f3n Fuente: albumfotos.com<\/figcaption><\/figure>\n<p style=\"text-align: justify;\">Muy pr\u00f3ximo a\u00a0la Catedral (cien por cien recomendable su visita) y a la Plaza Mayor se extiende <strong>el Barrio H\u00famedo, <\/strong>un entramado de peque\u00f1as calles salpicadas de bares y restaurantes donde es pecado no pararse a tomar un vino y una tapa, que generalmente se sirve gratis junto a la consumici\u00f3n. Aqu\u00ed te dejamos una <strong><a title=\"Ruta de tapas por Le\u00f3n\" href=\"http:\/\/destinocastillayleon.es\/index\/ruta-de-tapas-por-leon\/\" target=\"_blank\" rel=\"noopener\">ruta para tapear por Le\u00f3n<\/a>,\u00a0<\/strong>aunque lo mejor caminar y dejarse llevar por el Barrio H\u00famedo y el Barrio Rom\u00e1ntico.<\/p>\n<blockquote>\n<p style=\"text-align: justify;\"><strong><em>Los leoneses destacan por mantenerse fieles a sus tradiciones y a sus productos t\u00edpicos, que son muchos: La cecina, la morcilla o el chorizo de Le\u00f3n,el\u00a0lac\u00f3n con grelos\u00a0o la empanada de batall\u00f3n (que se rellena con patata).\u00a0<\/em><\/strong><\/p>\n<\/blockquote>\n<p style=\"text-align: justify;\"><strong>Puedes <a title=\"Alquilar Apartamento en Le\u00f3n con www.hundredrooms.com\" href=\"http:\/\/www.hundredrooms.com\/apartamentos\/leon\" target=\"_blank\" rel=\"noopener\">alquilar un apartamento en Le\u00f3n<\/a>\u00a0<\/strong>bastante econ\u00f3mico en pleno centro de la ciudad con Hundredrooms\u00a0y<strong>\u00a0<\/strong>desde ah\u00ed visitar los monumentos, edificios y museos de mayor inter\u00e9s como: El\u00a0Centro de Interpretaci\u00f3n del Le\u00f3n Romano, El\u00a0<a title=\"Musac\" href=\"http:\/\/musac.es\/\" target=\"_blank\" rel=\"noopener\">Museo de Arte Contempor\u00e1neo<\/a> (MUSAC), El\u00a0Museo de Le\u00f3n o el\u00a0Museo Etnogr\u00e1fico Provincial Ildefonso Fierro.<\/p>\n<figure id=\"attachment_20771\" aria-describedby=\"caption-attachment-20771\" style=\"width: 640px\" class=\"wp-caption aligncenter\"><a data-size=\"640x347\" href=\"http:\/\/destinocastillayleon.es\/index\/wp-content\/uploads\/2015\/10\/musac.jpg\"><img decoding=\"async\" class=\"size-full wp-image-20771\" src=\"http:\/\/destinocastillayleon.es\/index\/wp-content\/uploads\/2015\/10\/musac.jpg\" alt=\"Musac Fuente: www.lanuevacronica.com\" width=\"640\" height=\"347\" srcset=\"https:\/\/destinocastillayleon.es\/index\/wp-content\/uploads\/2015\/10\/musac.jpg 640w, https:\/\/destinocastillayleon.es\/index\/wp-content\/uploads\/2015\/10\/musac-300x163.jpg 300w\" sizes=\"(max-width: 640px) 100vw, 640px\" \/><\/a><figcaption id=\"caption-attachment-20771\" class=\"wp-caption-text\">Musac Fuente: www.lanuevacronica.com<\/figcaption><\/figure>\n<h2 style=\"text-align: justify;\"><strong>Valladolid, \u00abWalking is Good\u00bb<\/strong><\/h2>\n<p style=\"text-align: justify;\">Valladolid ha sido la primera ciudad europea en medir la distancia de un monumento a otro en kilocalor\u00edas. Como bien dice el eslogan \u00ab<em>Waking is Good<\/em>\u00ab, caminar es bueno, as\u00ed que <strong>la ciudad se ha preparado para que visitemos a pie sus principales puntos de inter\u00e9s.\u00a0<\/strong><\/p>\n<figure id=\"attachment_20772\" aria-describedby=\"caption-attachment-20772\" style=\"width: 640px\" class=\"wp-caption aligncenter\"><a data-size=\"640x415\" href=\"http:\/\/destinocastillayleon.es\/index\/wp-content\/uploads\/2015\/10\/walking-is-good.jpg\"><img decoding=\"async\" class=\"size-full wp-image-20772\" src=\"http:\/\/destinocastillayleon.es\/index\/wp-content\/uploads\/2015\/10\/walking-is-good.jpg\" alt=\"Valladolid walking is good Fuente: www.traveler.es\" width=\"640\" height=\"415\" srcset=\"https:\/\/destinocastillayleon.es\/index\/wp-content\/uploads\/2015\/10\/walking-is-good.jpg 640w, https:\/\/destinocastillayleon.es\/index\/wp-content\/uploads\/2015\/10\/walking-is-good-300x195.jpg 300w\" sizes=\"(max-width: 640px) 100vw, 640px\" \/><\/a><figcaption id=\"caption-attachment-20772\" class=\"wp-caption-text\">Valladolid walking is good Fuente: www.traveler.es<\/figcaption><\/figure>\n<p style=\"text-align: justify;\">Valladolid se siente orgullosa de haber sido s<strong>ede de la corte en varios momentos de su historia<\/strong>, especialmente en el reinado de Felipe III entre el 11 de enero de 1601 y 4 de marzo de 1606, periodo en el que escritores como Cervantes vivieron en la ciudad. Tambi\u00e9n fue cuna del poeta rom\u00e1ntico Jos\u00e9 Zorrilla (las casas de ambos escritores son hoy visitables), o la ciudad donde falleci\u00f3 Cristobal Col\u00f3n\u00a0\u00a0el\u00a020 de mayo de 1506. Tambi\u00e9n hay una <a title=\"Casa Museo Col\u00f3n en Valladolid\" href=\"http:\/\/www.provinciadevalladolid.com\/es\/rutas\/museos-valladolid\/casa-museo-colon\" target=\"_blank\" rel=\"noopener\">Casa-Museo dedicada a Col\u00f3n<\/a>\u00a0<strong>bastante interesante e interactiva.\u00a0<\/strong><\/p>\n<p style=\"text-align: justify;\"><a data-size=\"640x480\" href=\"http:\/\/destinocastillayleon.es\/index\/wp-content\/uploads\/2015\/10\/701da41dc6de31e26c49db26f1b3ca95.jpg\"><img decoding=\"async\" class=\"aligncenter size-full wp-image-20774\" src=\"http:\/\/destinocastillayleon.es\/index\/wp-content\/uploads\/2015\/10\/701da41dc6de31e26c49db26f1b3ca95.jpg\" alt=\"Casa Museo de Col\u00f3n en Valladolid\" width=\"640\" height=\"480\" srcset=\"https:\/\/destinocastillayleon.es\/index\/wp-content\/uploads\/2015\/10\/701da41dc6de31e26c49db26f1b3ca95.jpg 640w, https:\/\/destinocastillayleon.es\/index\/wp-content\/uploads\/2015\/10\/701da41dc6de31e26c49db26f1b3ca95-300x225.jpg 300w\" sizes=\"(max-width: 640px) 100vw, 640px\" \/><\/a><\/p>\n<p style=\"text-align: justify;\">V<strong>alladolid es una ciudad de hermosos rincones que hay que buscar y conocer.\u00a0<\/strong>Pero no te lleves a enga\u00f1o,<strong> a principios del s. XX Valladolid perdi\u00f3 buena parte de su casco hist\u00f3rico<\/strong> en pro de la modernizaci\u00f3n e industrializaci\u00f3n. Se derribaron palacios y antiguas fachadas para construir nuevas viviendas y oficinas. No esperes encontrarte un casco hist\u00f3rico homog\u00e9neo como puedan tener otras ciudades, <strong>Valladolid est\u00e1 llena de maravillas inconexas que hay que descubrir.\u00a0<\/strong><\/p>\n<figure id=\"attachment_20775\" aria-describedby=\"caption-attachment-20775\" style=\"width: 640px\" class=\"wp-caption aligncenter\"><a data-size=\"640x450\" href=\"http:\/\/destinocastillayleon.es\/index\/wp-content\/uploads\/2015\/10\/Iglesia-de-San-Pablo-Valladolid.jpg\"><img decoding=\"async\" class=\"wp-image-20775 size-full\" title=\"Iglesia de San Pablo Valladolid Fuente: www.mapio.cz\" src=\"http:\/\/destinocastillayleon.es\/index\/wp-content\/uploads\/2015\/10\/Iglesia-de-San-Pablo-Valladolid.jpg\" alt=\"Iglesia de San Pablo Valladolid Fuente: www.mapio.cz\" width=\"640\" height=\"450\" srcset=\"https:\/\/destinocastillayleon.es\/index\/wp-content\/uploads\/2015\/10\/Iglesia-de-San-Pablo-Valladolid.jpg 640w, https:\/\/destinocastillayleon.es\/index\/wp-content\/uploads\/2015\/10\/Iglesia-de-San-Pablo-Valladolid-300x211.jpg 300w\" sizes=\"(max-width: 640px) 100vw, 640px\" \/><\/a><figcaption id=\"caption-attachment-20775\" class=\"wp-caption-text\">Iglesia de San Pablo Valladolid Fuente: www.mapio.cz<\/figcaption><\/figure>\n<p style=\"text-align: justify;\">Por gajes de la Historia, <strong>su Catedral, en sobrio estilo herreriano, se qued\u00f3 a medio hacer<\/strong> y una de sus torres se cayeron con el terremoto de Lisboa. Sin embargo, Valladolid cuenta con la Iglesia de Santa Mar\u00eda de la Antigua, conocida por los vallisoletanos como \u00abla peque\u00f1a Notre Dame\u00bb.<\/p>\n<p style=\"text-align: justify;\"><a data-size=\"640x320\" href=\"http:\/\/destinocastillayleon.es\/index\/wp-content\/uploads\/2015\/10\/Catedral-e-iglesia-de-la-Antigua-de-Valladolid.jpg\"><img decoding=\"async\" class=\"aligncenter size-full wp-image-20776\" src=\"http:\/\/destinocastillayleon.es\/index\/wp-content\/uploads\/2015\/10\/Catedral-e-iglesia-de-la-Antigua-de-Valladolid.jpg\" alt=\"Catedral e iglesia de la Antigua de Valladolid\" width=\"640\" height=\"320\" srcset=\"https:\/\/destinocastillayleon.es\/index\/wp-content\/uploads\/2015\/10\/Catedral-e-iglesia-de-la-Antigua-de-Valladolid.jpg 640w, https:\/\/destinocastillayleon.es\/index\/wp-content\/uploads\/2015\/10\/Catedral-e-iglesia-de-la-Antigua-de-Valladolid-300x150.jpg 300w\" sizes=\"(max-width: 640px) 100vw, 640px\" \/><\/a><\/p>\n<p style=\"text-align: justify;\">Para disfrutar de forma econ\u00f3mica, <strong>te recomendamos <a title=\"Alquiler apartamento en Valladolid con www.hundredrooms.com\" href=\"http:\/\/www.hundredrooms.com\/apartamentos\/valladolid\" target=\"_blank\" rel=\"noopener\">alquilar un apartamento en Valladolid<\/a><\/strong>\u00a0y pasar al menos un fin de semana. Algunos de nuestros rincones favoritos son: El Campo Grande (Parque Bot\u00e1nico en el centro de la ciudad), la Acera Recoletos (junto a la estaci\u00f3n de tren), el pasaje Gutierrez,\u00a0<strong>El Museo Nacional de Escultura<\/strong> (recientemente restaurado),<strong> <a title=\"Museo Oriental de Valladolid\" href=\"http:\/\/www.museo-oriental.es\/\" target=\"_blank\" rel=\"noopener\">El Museo Oriental<\/a><\/strong>, el <strong>Museo de la Ciencia<\/strong> y la\u00a0<strong><a href=\"http:\/\/agenda.elnortedecastilla.es\/recinto\/sala-de-exposiciones-del-museo-de-la-pasion-50477.html\">Sala de exposiciones del Museo de la Pasi\u00f3n<\/a>.<\/strong><\/p>\n<h2 style=\"text-align: justify;\"><strong>Salamanca, la ciudad dorada<\/strong><\/h2>\n<p style=\"text-align: justify;\"><strong>Salamanca presume de ser la ciudad que alberg\u00f3 la primera Universidad Europea<\/strong>. Toda la ciudad est\u00e1 dedicada a la universidad y a los universitarios, que de d\u00eda y de noche transitan por sus calles, bares y plazas llen\u00e1ndolas de buen ambiente.<\/p>\n<p style=\"text-align: justify;\">Salamanca es conocida tambi\u00e9n como la ciudad dorada, por el hermoso reflejo dorado que ofrece la piedra amarilla de sus edificios al caer la tarde <strong>\u00a1Es espectacular!\u00a0<\/strong><\/p>\n<figure id=\"attachment_20777\" aria-describedby=\"caption-attachment-20777\" style=\"width: 640px\" class=\"wp-caption aligncenter\"><a data-size=\"640x407\" href=\"http:\/\/destinocastillayleon.es\/index\/wp-content\/uploads\/2015\/10\/Salamanca-al-atardecer.jpg\"><img decoding=\"async\" class=\"size-full wp-image-20777\" src=\"http:\/\/destinocastillayleon.es\/index\/wp-content\/uploads\/2015\/10\/Salamanca-al-atardecer.jpg\" alt=\"Salamanca al atardecer Fuente: salamanca-salamanca2013.blogspot.com \" width=\"640\" height=\"407\" srcset=\"https:\/\/destinocastillayleon.es\/index\/wp-content\/uploads\/2015\/10\/Salamanca-al-atardecer.jpg 640w, https:\/\/destinocastillayleon.es\/index\/wp-content\/uploads\/2015\/10\/Salamanca-al-atardecer-300x191.jpg 300w\" sizes=\"(max-width: 640px) 100vw, 640px\" \/><\/a><figcaption id=\"caption-attachment-20777\" class=\"wp-caption-text\">Salamanca al atardecer Fuente: salamanca-salamanca2013.blogspot.com<\/figcaption><\/figure>\n<p style=\"text-align: justify;\"><strong>Salamanca si conserva a la perfecci\u00f3n su casco hist\u00f3rico<\/strong>, sus catedrales (la nueva y la vieja), sus universidades, su plaza mayor, sus palacios y conventos&#8230;<\/p>\n<figure id=\"attachment_20778\" aria-describedby=\"caption-attachment-20778\" style=\"width: 640px\" class=\"wp-caption aligncenter\"><a data-size=\"640x409\" href=\"http:\/\/destinocastillayleon.es\/index\/wp-content\/uploads\/2015\/10\/Plaza-de-Salamanca.jpg\"><img decoding=\"async\" class=\"size-full wp-image-20778\" src=\"http:\/\/destinocastillayleon.es\/index\/wp-content\/uploads\/2015\/10\/Plaza-de-Salamanca.jpg\" alt=\"Plaza Mayor de Salamanca Fuente: www.friendlyrentals.com\" width=\"640\" height=\"409\" srcset=\"https:\/\/destinocastillayleon.es\/index\/wp-content\/uploads\/2015\/10\/Plaza-de-Salamanca.jpg 640w, https:\/\/destinocastillayleon.es\/index\/wp-content\/uploads\/2015\/10\/Plaza-de-Salamanca-300x192.jpg 300w\" sizes=\"(max-width: 640px) 100vw, 640px\" \/><\/a><figcaption id=\"caption-attachment-20778\" class=\"wp-caption-text\">Plaza Mayor de Salamanca Fuente: www.friendlyrentals.com<\/figcaption><\/figure>\n<p style=\"text-align: justify;\">Merece la pena alquilarse un<strong> <a title=\"Alquilar apartamento en Salamanca con www.hundredrooms.com\" href=\"http:\/\/www.hundredrooms.com\/apartamentos\/salamanca\" target=\"_blank\" rel=\"noopener\">apartamento en Salamanca<\/a>,<\/strong> les hay en pleno centro con mucho encanto y algunos bastante econ\u00f3micos, para que puedas disfrutar de varios d\u00edas de la ciudad y descubrirla relajadamente. Hace tiempo escribimos esta<strong>\u00a0<a href=\"http:\/\/destinocastillayleon.es\/index\/guia-de-salamanca\/\">Gu\u00eda para viajar a Salamanca: una ruta imprescindible<\/a>\u00a0y un art\u00edculo sobre los\u00a0<a href=\"http:\/\/destinocastillayleon.es\/index\/turismo-en-salamanca\/\">10 rincones ocultos de Salamanca<\/a><\/strong>\u00a0para aquellos que les gusta conocer la ciudad m\u00e1s all\u00e1 del cl\u00e1sico recorrido tur\u00edstico.<\/p>\n<p style=\"text-align: justify;\">Esperamos que te hayan servido estas ideas sobre Le\u00f3n, Valladolid y Salamanca y te animes a visitarlas. Nosotros no podemos decirte cu\u00e1l es el mejor destino porque las tres son maravillosas \u00a1Tendr\u00e1s que descubrirlo por ti mismo! \ud83d\ude09<\/p>\n<h4 style=\"text-align: justify;\"><span style=\"color: #800080;\"><strong>Tambi\u00e9n te puede interesar&#8230;\u00a0<\/strong><\/span><\/h4>\n<ul>\n<li><a href=\"http:\/\/destinocastillayleon.es\/index\/viajar-en-ave-madrid-leon\/\">Viajar en la nueva l\u00ednea de AVE Madrid \u2013 Le\u00f3n \u00a1Una experiencia inolvidable!<\/a><\/li>\n<li><a href=\"http:\/\/destinocastillayleon.es\/index\/museo-casa-lis\/\">Museo Casa Lis, la joya del Art Nouveau y el Art Dec\u00f3 de Salamanca<\/a>.<\/li>\n<li><a href=\"http:\/\/destinocastillayleon.es\/index\/salamanca-nocturna\/\">Safari fotogr\u00e1fico por la Salamanca nocturna<\/a>.<\/li>\n<li><a href=\"http:\/\/destinocastillayleon.es\/index\/ruta-de-tapas-por-valladolid\/\">Ruta de tapas por Valladolid: del centro al Paseo Zorrilla<\/a>.<\/li>\n<li><a href=\"http:\/\/destinocastillayleon.es\/index\/viaje-gastronomico-por-valladolid\/\">Un viaje gastronomico por Valladolid<\/a>.<\/li>\n<li><a href=\"http:\/\/destinocastillayleon.es\/index\/casas-museo-de-castilla-y-leon\/\">De viaje por las Casas Museo de Castilla y Le\u00f3n<\/a>.<\/li>\n<\/ul>\n","protected":false},"excerpt":{"rendered":"<p>Le\u00f3n, Salamanca y Valladolid \u00bfQu\u00e9 destino es mejor para visitar? Las tres ciudades son muy diferentes, aqu\u00ed te descubrimos las claves para visitar cada una de ellas.<\/p>\n","protected":false},"author":6,"featured_media":20784,"comment_status":"open","ping_status":"closed","sticky":false,"template":"","format":"standard","meta":{"rop_custom_images_group":[],"rop_custom_messages_group":[],"rop_publish_now":"initial","rop_publish_now_accounts":{"twitter_1150954226_1150954226":""},"rop_publish_now_history":[],"rop_publish_now_status":"pending","footnotes":""},"categories":[77,3472,63,68,40,26],"tags":[667,535,548],"class_list":["post-20734","post","type-post","status-publish","format-standard","has-post-thumbnail","hentry","category-actualidad-y-agenda-de-castilla-y-leon","category-inspirate","category-leon","category-post_inicial","category-salamanca","category-valladolid","tag-turismo-en-leon","tag-turismo-en-salamanca","tag-turismo-en-valladolid"],"yoast_head":"<!-- This site is optimized with the Yoast SEO Premium plugin v20.4 (Yoast SEO v27.4) - https:\/\/yoast.com\/product\/yoast-seo-premium-wordpress\/ -->\n<title>Le\u00f3n, Salamanca y Valladolid \u00bfQu\u00e9 destino es mejor para visitar?<\/title>\n<meta name=\"description\" content=\"Le\u00f3n, Salamanca y Valladolid \u00bfQu\u00e9 destino es mejor para visitar? Las tres ciudades son muy diferentes, te descubo las claves para visitarlas\" \/>\n<meta name=\"robots\" content=\"index, follow, max-snippet:-1, max-image-preview:large, max-video-preview:-1\" \/>\n<link rel=\"canonical\" href=\"https:\/\/destinocastillayleon.es\/index\/leon-salamanca-y-valladolid-que-destino-es-mejor-para-visitar\/\" \/>\n<meta property=\"og:locale\" content=\"es_ES\" \/>\n<meta property=\"og:type\" content=\"article\" \/>\n<meta property=\"og:title\" content=\"Le\u00f3n, Salamanca y Valladolid \u00bfQu\u00e9 destino es mejor para visitar?\" \/>\n<meta property=\"og:description\" content=\"Le\u00f3n, Salamanca y Valladolid \u00bfQu\u00e9 destino es mejor para visitar? Las tres ciudades son muy diferentes, aqu\u00ed te descubrimos las claves para visitar cada una de ellas\" \/>\n<meta property=\"og:url\" content=\"https:\/\/destinocastillayleon.es\/index\/leon-salamanca-y-valladolid-que-destino-es-mejor-para-visitar\/\" \/>\n<meta property=\"og:site_name\" content=\"Destino Castilla y Le\u00f3n\" \/>\n<meta property=\"article:publisher\" content=\"https:\/\/www.facebook.com\/DestinoCastillaYLeon\/\" \/>\n<meta property=\"article:published_time\" content=\"2015-10-23T19:18:36+00:00\" \/>\n<meta property=\"article:modified_time\" content=\"2025-11-06T07:32:06+00:00\" \/>\n<meta property=\"og:image\" content=\"https:\/\/destinocastillayleon.es\/index\/wp-content\/uploads\/2015\/10\/pareja-haciendo-turismo-en-castilla-y-leon.jpg\" \/>\n\t<meta property=\"og:image:width\" content=\"800\" \/>\n\t<meta property=\"og:image:height\" content=\"536\" \/>\n\t<meta property=\"og:image:type\" content=\"image\/jpeg\" \/>\n<meta name=\"author\" content=\"Lola Hernandez\" \/>\n<meta name=\"twitter:card\" content=\"summary_large_image\" \/>\n<meta name=\"twitter:title\" content=\"Le\u00f3n, Salamanca y Valladolid \u00bfQu\u00e9 destino es mejor para visitar?\" \/>\n<meta name=\"twitter:description\" content=\"Le\u00f3n, Salamanca y Valladolid \u00bfQu\u00e9 destino es mejor para visitar? Las tres ciudades son muy diferentes, aqu\u00ed te descubrimos las claves para visitar cada una de ellas\" \/>\n<meta name=\"twitter:image\" content=\"http:\/\/destinocastillayleon.es\/index\/wp-content\/uploads\/2015\/10\/pareja-haciendo-turismo-en-castilla-y-leon.jpg\" \/>\n<meta name=\"twitter:creator\" content=\"@destinocyl\" \/>\n<meta name=\"twitter:site\" content=\"@destinocyl\" \/>\n<meta name=\"twitter:label1\" content=\"Escrito por\" \/>\n\t<meta name=\"twitter:data1\" content=\"Lola Hernandez\" \/>\n\t<meta name=\"twitter:label2\" content=\"Tiempo de lectura\" \/>\n\t<meta name=\"twitter:data2\" content=\"8 minutos\" \/>\n<script type=\"application\/ld+json\" class=\"yoast-schema-graph\">{\"@context\":\"https:\\\/\\\/schema.org\",\"@graph\":[{\"@type\":\"Article\",\"@id\":\"https:\\\/\\\/destinocastillayleon.es\\\/index\\\/leon-salamanca-y-valladolid-que-destino-es-mejor-para-visitar\\\/#article\",\"isPartOf\":{\"@id\":\"https:\\\/\\\/destinocastillayleon.es\\\/index\\\/leon-salamanca-y-valladolid-que-destino-es-mejor-para-visitar\\\/\"},\"author\":{\"name\":\"Lola Hernandez\",\"@id\":\"https:\\\/\\\/destinocastillayleon.es\\\/index\\\/#\\\/schema\\\/person\\\/49ffcb7eb307589ba529009335ed7767\"},\"headline\":\"Le\u00f3n, Salamanca y Valladolid \u00bfQu\u00e9 destino es mejor para visitar?\",\"datePublished\":\"2015-10-23T19:18:36+00:00\",\"dateModified\":\"2025-11-06T07:32:06+00:00\",\"mainEntityOfPage\":{\"@id\":\"https:\\\/\\\/destinocastillayleon.es\\\/index\\\/leon-salamanca-y-valladolid-que-destino-es-mejor-para-visitar\\\/\"},\"wordCount\":1275,\"commentCount\":10,\"image\":{\"@id\":\"https:\\\/\\\/destinocastillayleon.es\\\/index\\\/leon-salamanca-y-valladolid-que-destino-es-mejor-para-visitar\\\/#primaryimage\"},\"thumbnailUrl\":\"https:\\\/\\\/destinocastillayleon.es\\\/index\\\/wp-content\\\/uploads\\\/2015\\\/10\\\/pareja-haciendo-turismo-en-castilla-y-leon.jpg\",\"keywords\":[\"Turismo en Le\u00f3n\",\"Turismo en Salamanca\",\"Turismo en Valladolid\"],\"articleSection\":[\"Actualidad\",\"Inspirate\",\"Leon\",\"Post_inicial\",\"Salamanca\",\"Valladolid\"],\"inLanguage\":\"es\",\"potentialAction\":[{\"@type\":\"CommentAction\",\"name\":\"Comment\",\"target\":[\"https:\\\/\\\/destinocastillayleon.es\\\/index\\\/leon-salamanca-y-valladolid-que-destino-es-mejor-para-visitar\\\/#respond\"]}]},{\"@type\":\"WebPage\",\"@id\":\"https:\\\/\\\/destinocastillayleon.es\\\/index\\\/leon-salamanca-y-valladolid-que-destino-es-mejor-para-visitar\\\/\",\"url\":\"https:\\\/\\\/destinocastillayleon.es\\\/index\\\/leon-salamanca-y-valladolid-que-destino-es-mejor-para-visitar\\\/\",\"name\":\"Le\u00f3n, Salamanca y Valladolid \u00bfQu\u00e9 destino es mejor para visitar?\",\"isPartOf\":{\"@id\":\"https:\\\/\\\/destinocastillayleon.es\\\/index\\\/#website\"},\"primaryImageOfPage\":{\"@id\":\"https:\\\/\\\/destinocastillayleon.es\\\/index\\\/leon-salamanca-y-valladolid-que-destino-es-mejor-para-visitar\\\/#primaryimage\"},\"image\":{\"@id\":\"https:\\\/\\\/destinocastillayleon.es\\\/index\\\/leon-salamanca-y-valladolid-que-destino-es-mejor-para-visitar\\\/#primaryimage\"},\"thumbnailUrl\":\"https:\\\/\\\/destinocastillayleon.es\\\/index\\\/wp-content\\\/uploads\\\/2015\\\/10\\\/pareja-haciendo-turismo-en-castilla-y-leon.jpg\",\"datePublished\":\"2015-10-23T19:18:36+00:00\",\"dateModified\":\"2025-11-06T07:32:06+00:00\",\"author\":{\"@id\":\"https:\\\/\\\/destinocastillayleon.es\\\/index\\\/#\\\/schema\\\/person\\\/49ffcb7eb307589ba529009335ed7767\"},\"description\":\"Le\u00f3n, Salamanca y Valladolid \u00bfQu\u00e9 destino es mejor para visitar? Las tres ciudades son muy diferentes, te descubo las claves para visitarlas\",\"breadcrumb\":{\"@id\":\"https:\\\/\\\/destinocastillayleon.es\\\/index\\\/leon-salamanca-y-valladolid-que-destino-es-mejor-para-visitar\\\/#breadcrumb\"},\"inLanguage\":\"es\",\"potentialAction\":[{\"@type\":\"ReadAction\",\"target\":[\"https:\\\/\\\/destinocastillayleon.es\\\/index\\\/leon-salamanca-y-valladolid-que-destino-es-mejor-para-visitar\\\/\"]}]},{\"@type\":\"ImageObject\",\"inLanguage\":\"es\",\"@id\":\"https:\\\/\\\/destinocastillayleon.es\\\/index\\\/leon-salamanca-y-valladolid-que-destino-es-mejor-para-visitar\\\/#primaryimage\",\"url\":\"https:\\\/\\\/destinocastillayleon.es\\\/index\\\/wp-content\\\/uploads\\\/2015\\\/10\\\/pareja-haciendo-turismo-en-castilla-y-leon.jpg\",\"contentUrl\":\"https:\\\/\\\/destinocastillayleon.es\\\/index\\\/wp-content\\\/uploads\\\/2015\\\/10\\\/pareja-haciendo-turismo-en-castilla-y-leon.jpg\",\"width\":800,\"height\":536,\"caption\":\"pareja haciendo turismo en castilla y leon Fuente: www.heraldodesoria.es\"},{\"@type\":\"BreadcrumbList\",\"@id\":\"https:\\\/\\\/destinocastillayleon.es\\\/index\\\/leon-salamanca-y-valladolid-que-destino-es-mejor-para-visitar\\\/#breadcrumb\",\"itemListElement\":[{\"@type\":\"ListItem\",\"position\":1,\"name\":\"Portada\",\"item\":\"https:\\\/\\\/destinocastillayleon.es\\\/index\\\/\"},{\"@type\":\"ListItem\",\"position\":2,\"name\":\"Le\u00f3n, Salamanca y Valladolid \u00bfQu\u00e9 destino es mejor para visitar?\"}]},{\"@type\":\"WebSite\",\"@id\":\"https:\\\/\\\/destinocastillayleon.es\\\/index\\\/#website\",\"url\":\"https:\\\/\\\/destinocastillayleon.es\\\/index\\\/\",\"name\":\"Destino Castilla y Le\u00f3n\",\"description\":\"Medio digital independiente y revista de Castilla y Le\u00f3n dedicado al turismo, gastronom\u00eda y vino de Castilla y Le\u00f3n\",\"potentialAction\":[{\"@type\":\"SearchAction\",\"target\":{\"@type\":\"EntryPoint\",\"urlTemplate\":\"https:\\\/\\\/destinocastillayleon.es\\\/index\\\/?s={search_term_string}\"},\"query-input\":{\"@type\":\"PropertyValueSpecification\",\"valueRequired\":true,\"valueName\":\"search_term_string\"}}],\"inLanguage\":\"es\"},{\"@type\":\"Person\",\"@id\":\"https:\\\/\\\/destinocastillayleon.es\\\/index\\\/#\\\/schema\\\/person\\\/49ffcb7eb307589ba529009335ed7767\",\"name\":\"Lola Hernandez\",\"image\":{\"@type\":\"ImageObject\",\"inLanguage\":\"es\",\"@id\":\"https:\\\/\\\/secure.gravatar.com\\\/avatar\\\/72ead65e55ad0522fba484acfe2842bf78b2f7c727df41d76fed78a85519da34?s=96&d=mm&r=g\",\"url\":\"https:\\\/\\\/secure.gravatar.com\\\/avatar\\\/72ead65e55ad0522fba484acfe2842bf78b2f7c727df41d76fed78a85519da34?s=96&d=mm&r=g\",\"contentUrl\":\"https:\\\/\\\/secure.gravatar.com\\\/avatar\\\/72ead65e55ad0522fba484acfe2842bf78b2f7c727df41d76fed78a85519da34?s=96&d=mm&r=g\",\"caption\":\"Lola Hernandez\"},\"description\":\"Lola Hern\u00e1ndez fue fundadora y directora de www.destinocastillayleon.es Escribiendo sobre turismo, gastronom\u00eda y vino de su tierra de origen, Castilla y Le\u00f3n.\",\"sameAs\":[\"http:\\\/\\\/www.destinoysabor.com\\\/blog\"],\"url\":\"https:\\\/\\\/destinocastillayleon.es\\\/index\\\/author\\\/lola-hernandez\\\/\"}]}<\/script>\n<!-- \/ Yoast SEO Premium plugin. -->","yoast_head_json":{"title":"Le\u00f3n, Salamanca y Valladolid \u00bfQu\u00e9 destino es mejor para visitar?","description":"Le\u00f3n, Salamanca y Valladolid \u00bfQu\u00e9 destino es mejor para visitar? Las tres ciudades son muy diferentes, te descubo las claves para visitarlas","robots":{"index":"index","follow":"follow","max-snippet":"max-snippet:-1","max-image-preview":"max-image-preview:large","max-video-preview":"max-video-preview:-1"},"canonical":"https:\/\/destinocastillayleon.es\/index\/leon-salamanca-y-valladolid-que-destino-es-mejor-para-visitar\/","og_locale":"es_ES","og_type":"article","og_title":"Le\u00f3n, Salamanca y Valladolid \u00bfQu\u00e9 destino es mejor para visitar?","og_description":"Le\u00f3n, Salamanca y Valladolid \u00bfQu\u00e9 destino es mejor para visitar? Las tres ciudades son muy diferentes, aqu\u00ed te descubrimos las claves para visitar cada una de ellas","og_url":"https:\/\/destinocastillayleon.es\/index\/leon-salamanca-y-valladolid-que-destino-es-mejor-para-visitar\/","og_site_name":"Destino Castilla y Le\u00f3n","article_publisher":"https:\/\/www.facebook.com\/DestinoCastillaYLeon\/","article_published_time":"2015-10-23T19:18:36+00:00","article_modified_time":"2025-11-06T07:32:06+00:00","og_image":[{"width":800,"height":536,"url":"https:\/\/destinocastillayleon.es\/index\/wp-content\/uploads\/2015\/10\/pareja-haciendo-turismo-en-castilla-y-leon.jpg","type":"image\/jpeg"}],"author":"Lola Hernandez","twitter_card":"summary_large_image","twitter_title":"Le\u00f3n, Salamanca y Valladolid \u00bfQu\u00e9 destino es mejor para visitar?","twitter_description":"Le\u00f3n, Salamanca y Valladolid \u00bfQu\u00e9 destino es mejor para visitar? Las tres ciudades son muy diferentes, aqu\u00ed te descubrimos las claves para visitar cada una de ellas","twitter_image":"http:\/\/destinocastillayleon.es\/index\/wp-content\/uploads\/2015\/10\/pareja-haciendo-turismo-en-castilla-y-leon.jpg","twitter_creator":"@destinocyl","twitter_site":"@destinocyl","twitter_misc":{"Escrito por":"Lola Hernandez","Tiempo de lectura":"8 minutos"},"schema":{"@context":"https:\/\/schema.org","@graph":[{"@type":"Article","@id":"https:\/\/destinocastillayleon.es\/index\/leon-salamanca-y-valladolid-que-destino-es-mejor-para-visitar\/#article","isPartOf":{"@id":"https:\/\/destinocastillayleon.es\/index\/leon-salamanca-y-valladolid-que-destino-es-mejor-para-visitar\/"},"author":{"name":"Lola Hernandez","@id":"https:\/\/destinocastillayleon.es\/index\/#\/schema\/person\/49ffcb7eb307589ba529009335ed7767"},"headline":"Le\u00f3n, Salamanca y Valladolid \u00bfQu\u00e9 destino es mejor para visitar?","datePublished":"2015-10-23T19:18:36+00:00","dateModified":"2025-11-06T07:32:06+00:00","mainEntityOfPage":{"@id":"https:\/\/destinocastillayleon.es\/index\/leon-salamanca-y-valladolid-que-destino-es-mejor-para-visitar\/"},"wordCount":1275,"commentCount":10,"image":{"@id":"https:\/\/destinocastillayleon.es\/index\/leon-salamanca-y-valladolid-que-destino-es-mejor-para-visitar\/#primaryimage"},"thumbnailUrl":"https:\/\/destinocastillayleon.es\/index\/wp-content\/uploads\/2015\/10\/pareja-haciendo-turismo-en-castilla-y-leon.jpg","keywords":["Turismo en Le\u00f3n","Turismo en Salamanca","Turismo en Valladolid"],"articleSection":["Actualidad","Inspirate","Leon","Post_inicial","Salamanca","Valladolid"],"inLanguage":"es","potentialAction":[{"@type":"CommentAction","name":"Comment","target":["https:\/\/destinocastillayleon.es\/index\/leon-salamanca-y-valladolid-que-destino-es-mejor-para-visitar\/#respond"]}]},{"@type":"WebPage","@id":"https:\/\/destinocastillayleon.es\/index\/leon-salamanca-y-valladolid-que-destino-es-mejor-para-visitar\/","url":"https:\/\/destinocastillayleon.es\/index\/leon-salamanca-y-valladolid-que-destino-es-mejor-para-visitar\/","name":"Le\u00f3n, Salamanca y Valladolid \u00bfQu\u00e9 destino es mejor para visitar?","isPartOf":{"@id":"https:\/\/destinocastillayleon.es\/index\/#website"},"primaryImageOfPage":{"@id":"https:\/\/destinocastillayleon.es\/index\/leon-salamanca-y-valladolid-que-destino-es-mejor-para-visitar\/#primaryimage"},"image":{"@id":"https:\/\/destinocastillayleon.es\/index\/leon-salamanca-y-valladolid-que-destino-es-mejor-para-visitar\/#primaryimage"},"thumbnailUrl":"https:\/\/destinocastillayleon.es\/index\/wp-content\/uploads\/2015\/10\/pareja-haciendo-turismo-en-castilla-y-leon.jpg","datePublished":"2015-10-23T19:18:36+00:00","dateModified":"2025-11-06T07:32:06+00:00","author":{"@id":"https:\/\/destinocastillayleon.es\/index\/#\/schema\/person\/49ffcb7eb307589ba529009335ed7767"},"description":"Le\u00f3n, Salamanca y Valladolid \u00bfQu\u00e9 destino es mejor para visitar? Las tres ciudades son muy diferentes, te descubo las claves para visitarlas","breadcrumb":{"@id":"https:\/\/destinocastillayleon.es\/index\/leon-salamanca-y-valladolid-que-destino-es-mejor-para-visitar\/#breadcrumb"},"inLanguage":"es","potentialAction":[{"@type":"ReadAction","target":["https:\/\/destinocastillayleon.es\/index\/leon-salamanca-y-valladolid-que-destino-es-mejor-para-visitar\/"]}]},{"@type":"ImageObject","inLanguage":"es","@id":"https:\/\/destinocastillayleon.es\/index\/leon-salamanca-y-valladolid-que-destino-es-mejor-para-visitar\/#primaryimage","url":"https:\/\/destinocastillayleon.es\/index\/wp-content\/uploads\/2015\/10\/pareja-haciendo-turismo-en-castilla-y-leon.jpg","contentUrl":"https:\/\/destinocastillayleon.es\/index\/wp-content\/uploads\/2015\/10\/pareja-haciendo-turismo-en-castilla-y-leon.jpg","width":800,"height":536,"caption":"pareja haciendo turismo en castilla y leon Fuente: www.heraldodesoria.es"},{"@type":"BreadcrumbList","@id":"https:\/\/destinocastillayleon.es\/index\/leon-salamanca-y-valladolid-que-destino-es-mejor-para-visitar\/#breadcrumb","itemListElement":[{"@type":"ListItem","position":1,"name":"Portada","item":"https:\/\/destinocastillayleon.es\/index\/"},{"@type":"ListItem","position":2,"name":"Le\u00f3n, Salamanca y Valladolid \u00bfQu\u00e9 destino es mejor para visitar?"}]},{"@type":"WebSite","@id":"https:\/\/destinocastillayleon.es\/index\/#website","url":"https:\/\/destinocastillayleon.es\/index\/","name":"Destino Castilla y Le\u00f3n","description":"Medio digital independiente y revista de Castilla y Le\u00f3n dedicado al turismo, gastronom\u00eda y vino de Castilla y Le\u00f3n","potentialAction":[{"@type":"SearchAction","target":{"@type":"EntryPoint","urlTemplate":"https:\/\/destinocastillayleon.es\/index\/?s={search_term_string}"},"query-input":{"@type":"PropertyValueSpecification","valueRequired":true,"valueName":"search_term_string"}}],"inLanguage":"es"},{"@type":"Person","@id":"https:\/\/destinocastillayleon.es\/index\/#\/schema\/person\/49ffcb7eb307589ba529009335ed7767","name":"Lola Hernandez","image":{"@type":"ImageObject","inLanguage":"es","@id":"https:\/\/secure.gravatar.com\/avatar\/72ead65e55ad0522fba484acfe2842bf78b2f7c727df41d76fed78a85519da34?s=96&d=mm&r=g","url":"https:\/\/secure.gravatar.com\/avatar\/72ead65e55ad0522fba484acfe2842bf78b2f7c727df41d76fed78a85519da34?s=96&d=mm&r=g","contentUrl":"https:\/\/secure.gravatar.com\/avatar\/72ead65e55ad0522fba484acfe2842bf78b2f7c727df41d76fed78a85519da34?s=96&d=mm&r=g","caption":"Lola Hernandez"},"description":"Lola Hern\u00e1ndez fue fundadora y directora de www.destinocastillayleon.es Escribiendo sobre turismo, gastronom\u00eda y vino de su tierra de origen, Castilla y Le\u00f3n.","sameAs":["http:\/\/www.destinoysabor.com\/blog"],"url":"https:\/\/destinocastillayleon.es\/index\/author\/lola-hernandez\/"}]}},"_links":{"self":[{"href":"https:\/\/destinocastillayleon.es\/index\/wp-json\/wp\/v2\/posts\/20734","targetHints":{"allow":["GET"]}}],"collection":[{"href":"https:\/\/destinocastillayleon.es\/index\/wp-json\/wp\/v2\/posts"}],"about":[{"href":"https:\/\/destinocastillayleon.es\/index\/wp-json\/wp\/v2\/types\/post"}],"author":[{"embeddable":true,"href":"https:\/\/destinocastillayleon.es\/index\/wp-json\/wp\/v2\/users\/6"}],"replies":[{"embeddable":true,"href":"https:\/\/destinocastillayleon.es\/index\/wp-json\/wp\/v2\/comments?post=20734"}],"version-history":[{"count":10,"href":"https:\/\/destinocastillayleon.es\/index\/wp-json\/wp\/v2\/posts\/20734\/revisions"}],"predecessor-version":[{"id":39697,"href":"https:\/\/destinocastillayleon.es\/index\/wp-json\/wp\/v2\/posts\/20734\/revisions\/39697"}],"wp:featuredmedia":[{"embeddable":true,"href":"https:\/\/destinocastillayleon.es\/index\/wp-json\/wp\/v2\/media\/20784"}],"wp:attachment":[{"href":"https:\/\/destinocastillayleon.es\/index\/wp-json\/wp\/v2\/media?parent=20734"}],"wp:term":[{"taxonomy":"category","embeddable":true,"href":"https:\/\/destinocastillayleon.es\/index\/wp-json\/wp\/v2\/categories?post=20734"},{"taxonomy":"post_tag","embeddable":true,"href":"https:\/\/destinocastillayleon.es\/index\/wp-json\/wp\/v2\/tags?post=20734"}],"curies":[{"name":"wp","href":"https:\/\/api.w.org\/{rel}","templated":true}]}}