{"id":20316,"date":"2015-12-22T08:10:04","date_gmt":"2015-12-22T07:10:04","guid":{"rendered":"http:\/\/destinocastillayleon.es\/index\/?p=20316"},"modified":"2016-02-28T12:33:29","modified_gmt":"2016-02-28T11:33:29","slug":"asi-es-palencia","status":"publish","type":"post","link":"https:\/\/destinocastillayleon.es\/index\/asi-es-palencia\/","title":{"rendered":"As\u00ed es Palencia"},"content":{"rendered":"<p>Volvemos tras un tiempo, demasiado, y nos alegra poder presentar esta iniciativa lanzada por <strong>\u00abSomos Palencia\u00bb y \u00abPalencia Diferente\u00bb con su II Concurso de Fotograf\u00eda \u00abAs\u00ed es Palencia\u00bb<\/strong>.<\/p>\n<p>Arrancado el pasado d\u00eda 15 de diciembre, este concurso quiere recoger las mejores instant\u00e1neas de Palencia y su provincia de cara a dar a conocer, potenciar y difundir la marca Palencia.<br \/>\n&nbsp;<\/p>\n<h2>Bases del II Concurso de Fotograf\u00eda \u00abAs\u00ed es Palencia\u00bb<\/h2>\n<h3>Novedades para esta edici\u00f3n<\/h3>\n<p>Con buen criterio, han creado <strong>la categor\u00eda Chiguito<\/strong> para los menores de edad. Dado hasta la fecha no hay concursos para los m\u00e1s peque\u00f1os de la casa, de cara a fomentar este hobbie, premiando la creatividad y originalidad.<\/p>\n<p><figure id=\"attachment_21158\" aria-describedby=\"caption-attachment-21158\" style=\"width: 455px\" class=\"wp-caption aligncenter\"><img decoding=\"async\" src=\"http:\/\/destinocastillayleon.es\/index\/wp-content\/uploads\/2015\/12\/5d3a6742411fd086c5c8bb5dbef5088a1.jpg\" alt=\"As\u00ed es Palencia\" title=\"Cartel del II Concurso de Fotograf\u00eda de Palencia Diferente\" width=\"455\" height=\"640\" class=\"size-full wp-image-21158\" srcset=\"https:\/\/destinocastillayleon.es\/index\/wp-content\/uploads\/2015\/12\/5d3a6742411fd086c5c8bb5dbef5088a1.jpg 378w, https:\/\/destinocastillayleon.es\/index\/wp-content\/uploads\/2015\/12\/5d3a6742411fd086c5c8bb5dbef5088a1-213x300.jpg 213w, https:\/\/destinocastillayleon.es\/index\/wp-content\/uploads\/2015\/12\/5d3a6742411fd086c5c8bb5dbef5088a1-300x422.jpg 300w\" sizes=\"(max-width: 455px) 100vw, 455px\" \/><figcaption id=\"caption-attachment-21158\" class=\"wp-caption-text\">As\u00ed es Palencia<\/figcaption><\/figure><br \/>\n&nbsp;<br \/>\n<strong>M\u00e1s premios<\/strong>; es decir, gracias a los muchos colaboradores y patrocinadores, entre ellos empresas e instituciones, se han aumentado la calidad y la cantidad de los mismo, de cara a ser m\u00e1s atractivo este concurso palentino.<\/p>\n<p><strong>La exposici\u00f3n<\/strong>; Dado que el objetivo \u00faltimo de esta genial iniciativa es la difusi\u00f3n de Palencia, se realizar\u00e1 una exposici\u00f3n virtual, mediante Redes Sociales (en el album II Concurso de Fotograf\u00eda \u00abAs\u00ed es Palencia\u00bb), que contar\u00e1n con <strong>dos premios<\/strong>; El premio \u00ab<em>me gusta<\/em>\u00bb y el premio \u00ab<em>Lo comparto<\/em>\u00ab. Adem\u00e1s de una exposici\u00f3n f\u00edsica, con 60 de las mejores fotograf\u00edas presentadas, empezando en el CC. Las Huertas, <strong>del 15 al 27 de Febrero<\/strong>, para luego ir viajando por diferentes puntos de la provincia de Palencia.<br \/>\n&nbsp;<\/p>\n<h3>Las bases del concurso<\/h3>\n<p>El plazo para presentar fotograf\u00edas es <strong>del 15 de Diciembre de 2015 al 10 de Enero de 2016<\/strong>, as\u00ed que ya est\u00e1 abierto el plazo:<\/p>\n<blockquote><p>Categor\u00eda adultos: enviar un m\u00e1ximo de 4 fotograf\u00edas a <a href=\"mailto:concursofoto@palenciadiferente.com\">concursofoto@palenciadiferente.com<\/a><br \/>\nCategor\u00eda chiguito: enviar un m\u00e1ximo de 4 fotograf\u00edas a <a href=\"mailto:chiguito@palenciadiferente.com\">chiguito@palenciadiferente.com<\/a><\/p><\/blockquote>\n<p>&nbsp;<br \/>\nEl conjunto completo de bases del concurso se pueden consultar en la web de <a href=\"http:\/\/www.palenciadiferente.com\/\" title=\"Link a la web Somos Palencia\" target=\"_blank\">As\u00ed es Palencia<\/a>; en su secci\u00f3n del II Concurso de Fotograf\u00eda \u00abAs\u00ed es Palencia\u00bb, que puedes encotrar directamente <a href=\"http:\/\/www.palenciadiferente.com\/asiespalencia\/bases-ii-concurso-de-fotografia\/\"><strong>en este enlace<\/strong><\/a>.<\/p>\n<p>Para realizar cualquier pregunta, propuestas o dem\u00e1s ideas que se os puedan ocurrir, pod\u00e9is poneros en contacto con la organizaci\u00f3n directamente en el email <a href=\"mailto:somospalencia@outlook.com\">somospalencia@outlook.com<\/a><br \/>\n&nbsp;<br \/>\n<strong>Esperamos que sea un rotundo \u00e9xito.<\/strong><br \/>\n&nbsp;<\/p>\n<h4>Tambi\u00e9n te puede interesar&#8230;<\/h4>\n<p><strong> &#8211; <\/strong><a href=\"http:\/\/destinocastillayleon.es\/index\/destino-enoturismo-en-palencia\/\" title=\"Conoce c\u00f3mo es Palecia como destino tur\u00edstico\">Conoce c\u00f3mo es Palecia como destino tur\u00edstico<\/a><br \/>\n<strong> &#8211; <\/strong><a href=\"http:\/\/destinocastillayleon.es\/index\/ruta-de-tapas-por-palencia\/\" title=\"Ruta de tapeo por Palencia\">Ruta de tapeo por Palencia<\/a><br \/>\n<strong> &#8211; <\/strong><a href=\"http:\/\/destinocastillayleon.es\/index\/enoturismo-en-palencia-de-vinos-entre-amigos-2\/\" title=\"Entre vinos por Palencia\">Entre vinos por Palencia<\/a><br \/>\n<strong> &#8211; <\/strong><a href=\"http:\/\/destinocastillayleon.es\/index\/palencia-la-bella-desconocida\/\" title=\"Descubrimos Palencia, la Bella desconocida\">Descubrimos Palencia, la Bella desconocida<\/a><br \/>\n&nbsp;<\/p>\n","protected":false},"excerpt":{"rendered":"<p>Hasta el 10 de enero, es posible participar en el concurso de fotografias As\u00ed es Palencia, organizado por Somos Palencia, y que nosotros ayudamos. Suerte!<\/p>\n","protected":false},"author":2,"featured_media":21136,"comment_status":"open","ping_status":"closed","sticky":false,"template":"","format":"standard","meta":{"rop_custom_images_group":[],"rop_custom_messages_group":[],"rop_publish_now":"initial","rop_publish_now_accounts":{"twitter_1150954226_1150954226":""},"rop_publish_now_history":[],"rop_publish_now_status":"pending","footnotes":""},"categories":[77,42,4719,68],"tags":[4763,4759,4760,4766,4764,4762],"class_list":["post-20316","post","type-post","status-publish","format-standard","has-post-thumbnail","hentry","category-actualidad-y-agenda-de-castilla-y-leon","category-palencia","category-palencia-actualidad","category-post_inicial","tag-actualidad-en-palencia","tag-asi-es-palencia","tag-concurso-de-fotografia","tag-fotografias-de-palencia","tag-palencia-diferente","tag-somos-palencia"],"yoast_head":"<!-- This site is optimized with the Yoast SEO Premium plugin v20.4 (Yoast SEO v27.4) - https:\/\/yoast.com\/product\/yoast-seo-premium-wordpress\/ -->\n<title>II concurso As\u00ed es Palencia - Destino Castilla y Le\u00f3n<\/title>\n<meta name=\"description\" content=\"Hasta el 10 de enero, es posible participar en el concurso de fotografias As\u00ed es Palencia, organizado por Somos Palencia, y que nosotros ayudamos. Suerte!\" \/>\n<meta name=\"robots\" content=\"index, follow, max-snippet:-1, max-image-preview:large, max-video-preview:-1\" \/>\n<link rel=\"canonical\" href=\"https:\/\/destinocastillayleon.es\/index\/asi-es-palencia\/\" \/>\n<meta property=\"og:locale\" content=\"es_ES\" \/>\n<meta property=\"og:type\" content=\"article\" \/>\n<meta property=\"og:title\" content=\"II concurso As\u00ed es Palencia - Destino Castilla y Le\u00f3n\" \/>\n<meta property=\"og:description\" content=\"Hasta el 10 de enero, es posible participar en el concurso de fotografias As\u00ed es Palencia, organizado por Somos Palencia, y que nosotros ayudamos. Suerte!\" \/>\n<meta property=\"og:url\" content=\"https:\/\/destinocastillayleon.es\/index\/asi-es-palencia\/\" \/>\n<meta property=\"og:site_name\" content=\"Destino Castilla y Le\u00f3n\" \/>\n<meta property=\"article:publisher\" content=\"https:\/\/www.facebook.com\/DestinoCastillaYLeon\/\" \/>\n<meta property=\"article:author\" content=\"https:\/\/www.facebook.com\/profile.php?id=1158416854\" \/>\n<meta property=\"article:published_time\" content=\"2015-12-22T07:10:04+00:00\" \/>\n<meta property=\"article:modified_time\" content=\"2016-02-28T11:33:29+00:00\" \/>\n<meta property=\"og:image\" content=\"https:\/\/destinocastillayleon.es\/index\/wp-content\/uploads\/2015\/12\/da17deeec8db3676a9a811d746b25537.jpg\" \/>\n\t<meta property=\"og:image:width\" content=\"655\" \/>\n\t<meta property=\"og:image:height\" content=\"531\" \/>\n\t<meta property=\"og:image:type\" content=\"image\/jpeg\" \/>\n<meta name=\"author\" content=\"David V\u00e1zquez\" \/>\n<meta name=\"twitter:card\" content=\"summary_large_image\" \/>\n<meta name=\"twitter:title\" content=\"II concurso As\u00ed es Palencia - Destino Castilla y Le\u00f3n\" \/>\n<meta name=\"twitter:description\" content=\"Hasta el 10 de enero, es posible participar en el concurso de fotografias As\u00ed es Palencia, organizado por Somos Palencia, y que nosotros ayudamos. Suerte!\" \/>\n<meta name=\"twitter:image\" content=\"http:\/\/destinocastillayleon.es\/index\/wp-content\/uploads\/2015\/12\/da17deeec8db3676a9a811d746b25537-300x243.jpg\" \/>\n<meta name=\"twitter:creator\" content=\"@https:\/\/twitter.com\/ContePantaleone\u200e\" \/>\n<meta name=\"twitter:site\" content=\"@destinocyl\" \/>\n<meta name=\"twitter:label1\" content=\"Escrito por\" \/>\n\t<meta name=\"twitter:data1\" content=\"David V\u00e1zquez\" \/>\n\t<meta name=\"twitter:label2\" content=\"Tiempo de lectura\" \/>\n\t<meta name=\"twitter:data2\" content=\"2 minutos\" \/>\n<script type=\"application\/ld+json\" class=\"yoast-schema-graph\">{\"@context\":\"https:\\\/\\\/schema.org\",\"@graph\":[{\"@type\":\"Article\",\"@id\":\"https:\\\/\\\/destinocastillayleon.es\\\/index\\\/asi-es-palencia\\\/#article\",\"isPartOf\":{\"@id\":\"https:\\\/\\\/destinocastillayleon.es\\\/index\\\/asi-es-palencia\\\/\"},\"author\":{\"name\":\"David V\u00e1zquez\",\"@id\":\"https:\\\/\\\/destinocastillayleon.es\\\/index\\\/#\\\/schema\\\/person\\\/189221bc8f6cc4fa28b18ad5c289d4c2\"},\"headline\":\"As\u00ed es Palencia\",\"datePublished\":\"2015-12-22T07:10:04+00:00\",\"dateModified\":\"2016-02-28T11:33:29+00:00\",\"mainEntityOfPage\":{\"@id\":\"https:\\\/\\\/destinocastillayleon.es\\\/index\\\/asi-es-palencia\\\/\"},\"wordCount\":424,\"commentCount\":0,\"image\":{\"@id\":\"https:\\\/\\\/destinocastillayleon.es\\\/index\\\/asi-es-palencia\\\/#primaryimage\"},\"thumbnailUrl\":\"https:\\\/\\\/destinocastillayleon.es\\\/index\\\/wp-content\\\/uploads\\\/2015\\\/12\\\/da17deeec8db3676a9a811d746b25537.jpg\",\"keywords\":[\"actualidad en Palencia\",\"As\u00ed es Palencia\",\"concurso de fotografia\",\"fotografias de palencia\",\"Palencia Diferente\",\"Somos Palencia\"],\"articleSection\":[\"Actualidad\",\"Palencia\",\"Palencia actualidad\",\"Post_inicial\"],\"inLanguage\":\"es\",\"potentialAction\":[{\"@type\":\"CommentAction\",\"name\":\"Comment\",\"target\":[\"https:\\\/\\\/destinocastillayleon.es\\\/index\\\/asi-es-palencia\\\/#respond\"]}]},{\"@type\":\"WebPage\",\"@id\":\"https:\\\/\\\/destinocastillayleon.es\\\/index\\\/asi-es-palencia\\\/\",\"url\":\"https:\\\/\\\/destinocastillayleon.es\\\/index\\\/asi-es-palencia\\\/\",\"name\":\"II concurso As\u00ed es Palencia - Destino Castilla y Le\u00f3n\",\"isPartOf\":{\"@id\":\"https:\\\/\\\/destinocastillayleon.es\\\/index\\\/#website\"},\"primaryImageOfPage\":{\"@id\":\"https:\\\/\\\/destinocastillayleon.es\\\/index\\\/asi-es-palencia\\\/#primaryimage\"},\"image\":{\"@id\":\"https:\\\/\\\/destinocastillayleon.es\\\/index\\\/asi-es-palencia\\\/#primaryimage\"},\"thumbnailUrl\":\"https:\\\/\\\/destinocastillayleon.es\\\/index\\\/wp-content\\\/uploads\\\/2015\\\/12\\\/da17deeec8db3676a9a811d746b25537.jpg\",\"datePublished\":\"2015-12-22T07:10:04+00:00\",\"dateModified\":\"2016-02-28T11:33:29+00:00\",\"author\":{\"@id\":\"https:\\\/\\\/destinocastillayleon.es\\\/index\\\/#\\\/schema\\\/person\\\/189221bc8f6cc4fa28b18ad5c289d4c2\"},\"description\":\"Hasta el 10 de enero, es posible participar en el concurso de fotografias As\u00ed es Palencia, organizado por Somos Palencia, y que nosotros ayudamos. Suerte!\",\"breadcrumb\":{\"@id\":\"https:\\\/\\\/destinocastillayleon.es\\\/index\\\/asi-es-palencia\\\/#breadcrumb\"},\"inLanguage\":\"es\",\"potentialAction\":[{\"@type\":\"ReadAction\",\"target\":[\"https:\\\/\\\/destinocastillayleon.es\\\/index\\\/asi-es-palencia\\\/\"]}]},{\"@type\":\"ImageObject\",\"inLanguage\":\"es\",\"@id\":\"https:\\\/\\\/destinocastillayleon.es\\\/index\\\/asi-es-palencia\\\/#primaryimage\",\"url\":\"https:\\\/\\\/destinocastillayleon.es\\\/index\\\/wp-content\\\/uploads\\\/2015\\\/12\\\/da17deeec8db3676a9a811d746b25537.jpg\",\"contentUrl\":\"https:\\\/\\\/destinocastillayleon.es\\\/index\\\/wp-content\\\/uploads\\\/2015\\\/12\\\/da17deeec8db3676a9a811d746b25537.jpg\",\"width\":655,\"height\":531,\"caption\":\"As\u00ed es Palencia - Portada\"},{\"@type\":\"BreadcrumbList\",\"@id\":\"https:\\\/\\\/destinocastillayleon.es\\\/index\\\/asi-es-palencia\\\/#breadcrumb\",\"itemListElement\":[{\"@type\":\"ListItem\",\"position\":1,\"name\":\"Portada\",\"item\":\"https:\\\/\\\/destinocastillayleon.es\\\/index\\\/\"},{\"@type\":\"ListItem\",\"position\":2,\"name\":\"As\u00ed es Palencia\"}]},{\"@type\":\"WebSite\",\"@id\":\"https:\\\/\\\/destinocastillayleon.es\\\/index\\\/#website\",\"url\":\"https:\\\/\\\/destinocastillayleon.es\\\/index\\\/\",\"name\":\"Destino Castilla y Le\u00f3n\",\"description\":\"Medio digital independiente y revista de Castilla y Le\u00f3n dedicado al turismo, gastronom\u00eda y vino de Castilla y Le\u00f3n\",\"potentialAction\":[{\"@type\":\"SearchAction\",\"target\":{\"@type\":\"EntryPoint\",\"urlTemplate\":\"https:\\\/\\\/destinocastillayleon.es\\\/index\\\/?s={search_term_string}\"},\"query-input\":{\"@type\":\"PropertyValueSpecification\",\"valueRequired\":true,\"valueName\":\"search_term_string\"}}],\"inLanguage\":\"es\"},{\"@type\":\"Person\",\"@id\":\"https:\\\/\\\/destinocastillayleon.es\\\/index\\\/#\\\/schema\\\/person\\\/189221bc8f6cc4fa28b18ad5c289d4c2\",\"name\":\"David V\u00e1zquez\",\"image\":{\"@type\":\"ImageObject\",\"inLanguage\":\"es\",\"@id\":\"https:\\\/\\\/secure.gravatar.com\\\/avatar\\\/cd12db6c575a90c3b75cfa0f794b74d425201c768612fad17e9f13cd33d48be8?s=96&d=mm&r=g\",\"url\":\"https:\\\/\\\/secure.gravatar.com\\\/avatar\\\/cd12db6c575a90c3b75cfa0f794b74d425201c768612fad17e9f13cd33d48be8?s=96&d=mm&r=g\",\"contentUrl\":\"https:\\\/\\\/secure.gravatar.com\\\/avatar\\\/cd12db6c575a90c3b75cfa0f794b74d425201c768612fad17e9f13cd33d48be8?s=96&d=mm&r=g\",\"caption\":\"David V\u00e1zquez\"},\"description\":\"Ingeniero Industrial de vocaci\u00f3n y profesi\u00f3n, he encontrado en los blogs la forma de plasmar mi pasi\u00f3n por los viajes, la gastronom\u00eda y los vinos. Especialmente los procedentes de Castilla y Le\u00f3n\",\"sameAs\":[\"https:\\\/\\\/www.destinocastillayleon.es\",\"https:\\\/\\\/www.facebook.com\\\/profile.php?id=1158416854\",\"https:\\\/\\\/instagram.com\\\/conte.pantaleone\",\"https:\\\/\\\/www.linkedin.com\\\/pub\\\/david-vazquez-lozano\\\/37\\\/17a\\\/25a\",\"https:\\\/\\\/x.com\\\/https:\\\/\\\/twitter.com\\\/ContePantaleone\u200e\"],\"url\":\"https:\\\/\\\/destinocastillayleon.es\\\/index\\\/author\\\/coadministradorcyl\\\/\"}]}<\/script>\n<!-- \/ Yoast SEO Premium plugin. -->","yoast_head_json":{"title":"II concurso As\u00ed es Palencia - Destino Castilla y Le\u00f3n","description":"Hasta el 10 de enero, es posible participar en el concurso de fotografias As\u00ed es Palencia, organizado por Somos Palencia, y que nosotros ayudamos. Suerte!","robots":{"index":"index","follow":"follow","max-snippet":"max-snippet:-1","max-image-preview":"max-image-preview:large","max-video-preview":"max-video-preview:-1"},"canonical":"https:\/\/destinocastillayleon.es\/index\/asi-es-palencia\/","og_locale":"es_ES","og_type":"article","og_title":"II concurso As\u00ed es Palencia - Destino Castilla y Le\u00f3n","og_description":"Hasta el 10 de enero, es posible participar en el concurso de fotografias As\u00ed es Palencia, organizado por Somos Palencia, y que nosotros ayudamos. Suerte!","og_url":"https:\/\/destinocastillayleon.es\/index\/asi-es-palencia\/","og_site_name":"Destino Castilla y Le\u00f3n","article_publisher":"https:\/\/www.facebook.com\/DestinoCastillaYLeon\/","article_author":"https:\/\/www.facebook.com\/profile.php?id=1158416854","article_published_time":"2015-12-22T07:10:04+00:00","article_modified_time":"2016-02-28T11:33:29+00:00","og_image":[{"width":655,"height":531,"url":"https:\/\/destinocastillayleon.es\/index\/wp-content\/uploads\/2015\/12\/da17deeec8db3676a9a811d746b25537.jpg","type":"image\/jpeg"}],"author":"David V\u00e1zquez","twitter_card":"summary_large_image","twitter_title":"II concurso As\u00ed es Palencia - Destino Castilla y Le\u00f3n","twitter_description":"Hasta el 10 de enero, es posible participar en el concurso de fotografias As\u00ed es Palencia, organizado por Somos Palencia, y que nosotros ayudamos. Suerte!","twitter_image":"http:\/\/destinocastillayleon.es\/index\/wp-content\/uploads\/2015\/12\/da17deeec8db3676a9a811d746b25537-300x243.jpg","twitter_creator":"@https:\/\/twitter.com\/ContePantaleone\u200e","twitter_site":"@destinocyl","twitter_misc":{"Escrito por":"David V\u00e1zquez","Tiempo de lectura":"2 minutos"},"schema":{"@context":"https:\/\/schema.org","@graph":[{"@type":"Article","@id":"https:\/\/destinocastillayleon.es\/index\/asi-es-palencia\/#article","isPartOf":{"@id":"https:\/\/destinocastillayleon.es\/index\/asi-es-palencia\/"},"author":{"name":"David V\u00e1zquez","@id":"https:\/\/destinocastillayleon.es\/index\/#\/schema\/person\/189221bc8f6cc4fa28b18ad5c289d4c2"},"headline":"As\u00ed es Palencia","datePublished":"2015-12-22T07:10:04+00:00","dateModified":"2016-02-28T11:33:29+00:00","mainEntityOfPage":{"@id":"https:\/\/destinocastillayleon.es\/index\/asi-es-palencia\/"},"wordCount":424,"commentCount":0,"image":{"@id":"https:\/\/destinocastillayleon.es\/index\/asi-es-palencia\/#primaryimage"},"thumbnailUrl":"https:\/\/destinocastillayleon.es\/index\/wp-content\/uploads\/2015\/12\/da17deeec8db3676a9a811d746b25537.jpg","keywords":["actualidad en Palencia","As\u00ed es Palencia","concurso de fotografia","fotografias de palencia","Palencia Diferente","Somos Palencia"],"articleSection":["Actualidad","Palencia","Palencia actualidad","Post_inicial"],"inLanguage":"es","potentialAction":[{"@type":"CommentAction","name":"Comment","target":["https:\/\/destinocastillayleon.es\/index\/asi-es-palencia\/#respond"]}]},{"@type":"WebPage","@id":"https:\/\/destinocastillayleon.es\/index\/asi-es-palencia\/","url":"https:\/\/destinocastillayleon.es\/index\/asi-es-palencia\/","name":"II concurso As\u00ed es Palencia - Destino Castilla y Le\u00f3n","isPartOf":{"@id":"https:\/\/destinocastillayleon.es\/index\/#website"},"primaryImageOfPage":{"@id":"https:\/\/destinocastillayleon.es\/index\/asi-es-palencia\/#primaryimage"},"image":{"@id":"https:\/\/destinocastillayleon.es\/index\/asi-es-palencia\/#primaryimage"},"thumbnailUrl":"https:\/\/destinocastillayleon.es\/index\/wp-content\/uploads\/2015\/12\/da17deeec8db3676a9a811d746b25537.jpg","datePublished":"2015-12-22T07:10:04+00:00","dateModified":"2016-02-28T11:33:29+00:00","author":{"@id":"https:\/\/destinocastillayleon.es\/index\/#\/schema\/person\/189221bc8f6cc4fa28b18ad5c289d4c2"},"description":"Hasta el 10 de enero, es posible participar en el concurso de fotografias As\u00ed es Palencia, organizado por Somos Palencia, y que nosotros ayudamos. Suerte!","breadcrumb":{"@id":"https:\/\/destinocastillayleon.es\/index\/asi-es-palencia\/#breadcrumb"},"inLanguage":"es","potentialAction":[{"@type":"ReadAction","target":["https:\/\/destinocastillayleon.es\/index\/asi-es-palencia\/"]}]},{"@type":"ImageObject","inLanguage":"es","@id":"https:\/\/destinocastillayleon.es\/index\/asi-es-palencia\/#primaryimage","url":"https:\/\/destinocastillayleon.es\/index\/wp-content\/uploads\/2015\/12\/da17deeec8db3676a9a811d746b25537.jpg","contentUrl":"https:\/\/destinocastillayleon.es\/index\/wp-content\/uploads\/2015\/12\/da17deeec8db3676a9a811d746b25537.jpg","width":655,"height":531,"caption":"As\u00ed es Palencia - Portada"},{"@type":"BreadcrumbList","@id":"https:\/\/destinocastillayleon.es\/index\/asi-es-palencia\/#breadcrumb","itemListElement":[{"@type":"ListItem","position":1,"name":"Portada","item":"https:\/\/destinocastillayleon.es\/index\/"},{"@type":"ListItem","position":2,"name":"As\u00ed es Palencia"}]},{"@type":"WebSite","@id":"https:\/\/destinocastillayleon.es\/index\/#website","url":"https:\/\/destinocastillayleon.es\/index\/","name":"Destino Castilla y Le\u00f3n","description":"Medio digital independiente y revista de Castilla y Le\u00f3n dedicado al turismo, gastronom\u00eda y vino de Castilla y Le\u00f3n","potentialAction":[{"@type":"SearchAction","target":{"@type":"EntryPoint","urlTemplate":"https:\/\/destinocastillayleon.es\/index\/?s={search_term_string}"},"query-input":{"@type":"PropertyValueSpecification","valueRequired":true,"valueName":"search_term_string"}}],"inLanguage":"es"},{"@type":"Person","@id":"https:\/\/destinocastillayleon.es\/index\/#\/schema\/person\/189221bc8f6cc4fa28b18ad5c289d4c2","name":"David V\u00e1zquez","image":{"@type":"ImageObject","inLanguage":"es","@id":"https:\/\/secure.gravatar.com\/avatar\/cd12db6c575a90c3b75cfa0f794b74d425201c768612fad17e9f13cd33d48be8?s=96&d=mm&r=g","url":"https:\/\/secure.gravatar.com\/avatar\/cd12db6c575a90c3b75cfa0f794b74d425201c768612fad17e9f13cd33d48be8?s=96&d=mm&r=g","contentUrl":"https:\/\/secure.gravatar.com\/avatar\/cd12db6c575a90c3b75cfa0f794b74d425201c768612fad17e9f13cd33d48be8?s=96&d=mm&r=g","caption":"David V\u00e1zquez"},"description":"Ingeniero Industrial de vocaci\u00f3n y profesi\u00f3n, he encontrado en los blogs la forma de plasmar mi pasi\u00f3n por los viajes, la gastronom\u00eda y los vinos. Especialmente los procedentes de Castilla y Le\u00f3n","sameAs":["https:\/\/www.destinocastillayleon.es","https:\/\/www.facebook.com\/profile.php?id=1158416854","https:\/\/instagram.com\/conte.pantaleone","https:\/\/www.linkedin.com\/pub\/david-vazquez-lozano\/37\/17a\/25a","https:\/\/x.com\/https:\/\/twitter.com\/ContePantaleone\u200e"],"url":"https:\/\/destinocastillayleon.es\/index\/author\/coadministradorcyl\/"}]}},"_links":{"self":[{"href":"https:\/\/destinocastillayleon.es\/index\/wp-json\/wp\/v2\/posts\/20316","targetHints":{"allow":["GET"]}}],"collection":[{"href":"https:\/\/destinocastillayleon.es\/index\/wp-json\/wp\/v2\/posts"}],"about":[{"href":"https:\/\/destinocastillayleon.es\/index\/wp-json\/wp\/v2\/types\/post"}],"author":[{"embeddable":true,"href":"https:\/\/destinocastillayleon.es\/index\/wp-json\/wp\/v2\/users\/2"}],"replies":[{"embeddable":true,"href":"https:\/\/destinocastillayleon.es\/index\/wp-json\/wp\/v2\/comments?post=20316"}],"version-history":[{"count":20,"href":"https:\/\/destinocastillayleon.es\/index\/wp-json\/wp\/v2\/posts\/20316\/revisions"}],"predecessor-version":[{"id":21181,"href":"https:\/\/destinocastillayleon.es\/index\/wp-json\/wp\/v2\/posts\/20316\/revisions\/21181"}],"wp:featuredmedia":[{"embeddable":true,"href":"https:\/\/destinocastillayleon.es\/index\/wp-json\/wp\/v2\/media\/21136"}],"wp:attachment":[{"href":"https:\/\/destinocastillayleon.es\/index\/wp-json\/wp\/v2\/media?parent=20316"}],"wp:term":[{"taxonomy":"category","embeddable":true,"href":"https:\/\/destinocastillayleon.es\/index\/wp-json\/wp\/v2\/categories?post=20316"},{"taxonomy":"post_tag","embeddable":true,"href":"https:\/\/destinocastillayleon.es\/index\/wp-json\/wp\/v2\/tags?post=20316"}],"curies":[{"name":"wp","href":"https:\/\/api.w.org\/{rel}","templated":true}]}}