{"id":19849,"date":"2015-08-12T05:51:22","date_gmt":"2015-08-12T03:51:22","guid":{"rendered":"http:\/\/destinocastillayleon.es\/index\/?p=19849"},"modified":"2015-09-04T10:24:35","modified_gmt":"2015-09-04T08:24:35","slug":"mercado-medieval-de-avila-2015","status":"publish","type":"post","link":"https:\/\/destinocastillayleon.es\/index\/mercado-medieval-de-avila-2015\/","title":{"rendered":"Preparando el mercado medieval de \u00c1vila 2015"},"content":{"rendered":"<h2>Actualizaci\u00f3n con el Programa del Mercado Medieval de \u00c1vila 2015:<\/h2>\n<table border=\"0\" width=\"741\">\n<tbody>\n<tr>\n<th width=\"10%\"><\/th>\n<th style=\"text-align: justify;\" bgcolor=\"#F9e0e0\" width=\"80%\">\n&nbsp;<br \/>\n&nbsp; &nbsp; &nbsp; &nbsp; &nbsp; &nbsp; &nbsp; &nbsp; <a href=\"http:\/\/destinocastillayleon.es\/index\/avila-medieval-2015-viernes-4-de-septiembre\/\" target=\"_blank\"><span style=\"color: #773434;\"><span style=\"color: #773434;\"><strong>&#8211; Viernes 4 de septiembre<\/strong>:<span style=\"color: #b16666;\"><\/a><a href=\"http:\/\/destinocastillayleon.es\/index\/avila-medieval-2015-viernes-4-de-septiembre\/\" target=\"_blank\"> Programa del Mercado Medieval<\/a>.<\/span><\/span><\/span><\/p>\n<p>&nbsp; &nbsp; &nbsp; &nbsp; &nbsp; &nbsp; &nbsp; &nbsp; <a href=\"http:\/\/destinocastillayleon.es\/index\/avila-medieval-2015-viernes-4-de-septiembre\/\" target=\"_blank\"><strong><span style=\"color: #773434;\">&#8211; S\u00e1bado 5 de septiembre<\/span><\/strong><\/a>:<span style=\"color: #773434;\"><span style=\"color: #773434;\"><span style=\"color: #b16666;\"> <a href=\"http:\/\/destinocastillayleon.es\/index\/avila-medieval-2015-sabado-5-de-septiembre\/\" target=\"_blank\">Programa del Mercado Medieval<\/a>.<\/span><\/span><\/span><\/p>\n<p>&nbsp; &nbsp; &nbsp; &nbsp; &nbsp; &nbsp; &nbsp; &nbsp; <a href=\"http:\/\/destinocastillayleon.es\/index\/avila-medieval-2015-viernes-4-de-septiembre\/\" target=\"_blank\"><strong><span style=\"color: #773434;\">&#8211; Domingo 6 de septiembre<\/span><\/strong><\/a>:<span style=\"color: #b16666;\"> <a href=\"http:\/\/destinocastillayleon.es\/index\/avila-medieval-2015-domingo-6-de-septiembre\/\" target=\"_blank\">Programa del Mercado Medieval<\/a>.<\/span><\/span><br \/>\n&nbsp;\n<\/th>\n<th width=\"10%\"><\/th>\n<\/tr>\n<\/tbody>\n<\/table>\n<p>&nbsp;<br \/>\nUn a\u00f1o m\u00e1s, <a href=\"http:\/\/www.avila.es\/component\/k2\/item\/2079-nuevo-periodo-de-solicitud-de-barras-en-la-via-publica-para-los-establecimientos-de-hosteleria-ubicados-en-la-zona-del-mercado-medieval\" title=\"Enlace a la web del Ayto. de \u00c1vila sobre \u00faltima actualizaci\u00f3n del mercado medieval 2015\" target=\"_blank\"><strong>el Ayuntamiento de \u00c1vila<\/strong><\/a> ya est\u00e1 preparando para disfrutar de <strong>uno de los mercados medievales m\u00e1s consolidados e interesantes<\/strong>. Ya no solo a nivel de Castilla y Le\u00f3n, si no, incluso a nivel nacional. Y es que <strong>el marco en s\u00ed de la ciudad amurallada es \u00fanico<\/strong>.<br \/>\n&nbsp; <\/p>\n<h3>Las fechas para la edici\u00f3n del 2015<\/h3>\n<p>Este a\u00f1o,  las fechas previstas para celebrar estas jornadas medievales en \u00c1vila han cambiado ligeramente respecto otros a\u00f1os, siendo <strong>las fechas elegidas del 4 al 6 de septiembre<\/strong>, coincidiendo con el <strong>primer viernes del mes<\/strong>.<\/p>\n<p>Uno de los mayores atractivos de este mercado medieval es <strong>la implicaci\u00f3n de los abulenses<\/strong>, que ya a\u00f1o tras a\u00f1o han hecho suya esta actividad, de forma que adem\u00e1s de los cl\u00e1sicos tenderetes, <em>haimas<\/em>, campamentos y representaciones con juglares y toda clase de <em>saltimbanquis<\/em>, la propia gente de \u00c1vila se une con sus trajes, cada vez m\u00e1s elaborados, para llenar las calles de actividad y diversi\u00f3n.<\/p>\n<p><figure id=\"attachment_15588\" aria-describedby=\"caption-attachment-15588\" style=\"width: 550px\" class=\"wp-caption aligncenter\"><a href=\"http:\/\/destinocastillayleon.es\/index\/wp-content\/uploads\/2014\/09\/mago-medieval.jpg\"><img decoding=\"async\" class=\"aligncenter wp-image-15593\" src=\"http:\/\/destinocastillayleon.es\/index\/wp-content\/uploads\/2014\/09\/mago-medieval.jpg\" alt=\"Mercado Medieval de \u00c1vila mago medieval\" width=\"640\" height=\"402\" srcset=\"https:\/\/destinocastillayleon.es\/index\/wp-content\/uploads\/2014\/09\/mago-medieval.jpg 846w, https:\/\/destinocastillayleon.es\/index\/wp-content\/uploads\/2014\/09\/mago-medieval-300x188.jpg 300w\" sizes=\"(max-width: 640px) 100vw, 640px\" \/><\/a><figcaption id=\"caption-attachment-15588\" class=\"wp-caption-text\">Mago \u00e1rabe en la edici\u00f3n 2013 del mercado medieval de \u00c1vila &#8211; imagen: Carlos Jim\u00e9nez del pozo<\/figcaption><\/figure><br \/>\n&nbsp; <\/p>\n<h3>Reconocimiento a una trayectoria<\/h3>\n<p>Este a\u00f1o, <strong>se celebrar\u00e1 la XIX edici\u00f3n de este mercado medieval en \u00c1vila<\/strong>. Con una tradici\u00f3n considerable, la participaci\u00f3n popular arraigada, este a\u00f1o <strong>se ha solicitado la declaraci\u00f3n de Fiesta de Inter\u00e9s Tur\u00edstica Regional<\/strong>.<\/p>\n<p><figure id=\"attachment_15588\" aria-describedby=\"caption-attachment-15588\" style=\"width: 550px\" class=\"wp-caption aligncenter\"><a href=\"http:\/\/destinocastillayleon.es\/index\/wp-content\/uploads\/2014\/09\/3965d4dc8dc14ee632b5819d3dca46cb.png\"><img decoding=\"async\" class=\"wp-image-15588\" src=\"http:\/\/destinocastillayleon.es\/index\/wp-content\/uploads\/2014\/09\/3965d4dc8dc14ee632b5819d3dca46cb.png\" alt=\"Mercado medieval de \u00c1vila 2015 - torneo medieva\" width=\"550\" height=\"486\" srcset=\"https:\/\/destinocastillayleon.es\/index\/wp-content\/uploads\/2014\/09\/3965d4dc8dc14ee632b5819d3dca46cb.png 600w, https:\/\/destinocastillayleon.es\/index\/wp-content\/uploads\/2014\/09\/3965d4dc8dc14ee632b5819d3dca46cb-300x265.png 300w\" sizes=\"(max-width: 550px) 100vw, 550px\" \/><\/a><figcaption id=\"caption-attachment-15588\" class=\"wp-caption-text\">Torneo Medieval en la edici\u00f3n 2013 del mercado medieval de \u00c1vila &#8211; imagen: Carlos Jim\u00e9nez del pozo<\/figcaption><\/figure><br \/>\n&nbsp;<br \/>\nEsperamos que se lo concedan, porque, <strong>por nuestras experiencias en anteriores ediciones es una pasada<\/strong>.<\/p>\n<h2>Actividades del mercado medieval de \u00c1vila 2015<\/h2>\n<p>A\u00fan <strong>no hemos podido conocer el programa de actividades del mercado medieval de \u00c1vila 2015<\/strong>, pero estaremos muy atentos para informaros en cuanto se publique desde el Ayuntamiento, para teneros informados de todas las actividades.<\/p>\n<p>Si todo es como esperamos, seguro que <strong><a href=\"http:\/\/destinocastillayleon.es\/index\/informacion-destino-castilla-y-leon\/quienes-somos\/\" title=\"Enlace a quienes somos el equipo de Destino Castilla y Le\u00f3n\" target=\"_blank\">parte del equipo de Destino Castilla y Le\u00f3n<\/a> participar\u00e1<\/strong>, vestido de pr\u00f3speros comerciantes de la baja edad media, recorriendo las calles de \u00c1vila. <\/p>\n<p><figure id=\"attachment_19868\" aria-describedby=\"caption-attachment-19868\" style=\"width: 380px\" class=\"wp-caption aligncenter\"><img decoding=\"async\" src=\"http:\/\/destinocastillayleon.es\/index\/wp-content\/uploads\/2015\/08\/416c4a520a753d6ebeca6a761732eeaa.jpg\" alt=\"Equipo Destino Castilla y Le\u00f3n en el mercado medieval de \u00c1vila\" width=\"380\" class=\"size-full wp-image-19868\" srcset=\"https:\/\/destinocastillayleon.es\/index\/wp-content\/uploads\/2015\/08\/416c4a520a753d6ebeca6a761732eeaa.jpg 357w, https:\/\/destinocastillayleon.es\/index\/wp-content\/uploads\/2015\/08\/416c4a520a753d6ebeca6a761732eeaa-202x300.jpg 202w, https:\/\/destinocastillayleon.es\/index\/wp-content\/uploads\/2015\/08\/416c4a520a753d6ebeca6a761732eeaa-300x447.jpg 300w\" sizes=\"(max-width: 357px) 100vw, 357px\" \/><figcaption id=\"caption-attachment-19868\" class=\"wp-caption-text\">Equipo Destino Castilla y Le\u00f3n listos para disfrutar del mercado medieval<\/figcaption><\/figure><br \/>\n&nbsp;<br \/>\nSe han publicado las calles que participar\u00e1n en esta ocasi\u00f3n, y son <strong>pr\u00e1cticamente todas las grandes del recinto amurallado<\/strong>, y un a\u00f1o m\u00e1s, parece que se expande extramuros.<br \/>\n&nbsp;<br \/>\n<figure id=\"attachment_15545\" aria-describedby=\"caption-attachment-15545\" style=\"width: 640px\" class=\"wp-caption aligncenter\"><a href=\"http:\/\/destinocastillayleon.es\/index\/wp-content\/uploads\/2014\/09\/ff876d59e044c2b2b7970491f55c8c2b.png\"><img decoding=\"async\" class=\"wp-image-15545\" src=\"http:\/\/destinocastillayleon.es\/index\/wp-content\/uploads\/2014\/09\/ff876d59e044c2b2b7970491f55c8c2b.png\" alt=\"Mercado medieval de \u00c1vila 2015\" width=\"640\" height=\"427\" srcset=\"https:\/\/destinocastillayleon.es\/index\/wp-content\/uploads\/2014\/09\/ff876d59e044c2b2b7970491f55c8c2b.png 850w, https:\/\/destinocastillayleon.es\/index\/wp-content\/uploads\/2014\/09\/ff876d59e044c2b2b7970491f55c8c2b-300x200.png 300w\" sizes=\"(max-width: 640px) 100vw, 640px\" \/><\/a><figcaption id=\"caption-attachment-15545\" class=\"wp-caption-text\">Pasacalles musical \u00e1rabe &#8211; Fuente: www.tietartv.com<\/figcaption><\/figure><br \/>\n&nbsp;<br \/>\nSuponemos que este a\u00f1o, dado que celebramos el V Centenario del nacimiento de Santa Teresa de Jes\u00fas, Santa abulense, en la edici\u00f3n del mercado medieval de \u00c1vila 2015, habr\u00e1 alg\u00fan tipo de homenaje, aunque sean dos \u00e9pocas distintas.<br \/>\n&nbsp;<\/p>\n<h4>Art\u00edculos relacionados:<\/h4>\n<p>&nbsp; &nbsp; <strong>\u2022 <\/strong><a href=\"http:\/\/destinocastillayleon.es\/index\/avila-medieval-2015-viernes-4-de-septiembre\/\" target=\"_blank\"><span style=\"color: #000000;\">Programa del Mercado Medieval de \u00c1vila 2015 &#8211; viernes 6 de septiembre<\/span><\/a>.<br \/>\n&nbsp; &nbsp; <strong>\u2022 <\/strong><a href=\"http:\/\/destinocastillayleon.es\/index\/avila-medieval-2015-sabado-5-de-septiembre\/\" target=\"_blank\"><span style=\"color: #000000;\">Programa del Mercado Medieval de \u00c1vila 2015 &#8211; S\u00e1bado 7 de septiembre<\/span><\/a>.<br \/>\n&nbsp; &nbsp; <strong>\u2022 <\/strong><a href=\"http:\/\/destinocastillayleon.es\/index\/avila-medieval-2015-domingo-6-de-septiembre\/\" target=\"_blank\"><span style=\"color: #000000;\">Programa del Mercado Medieval de \u00c1vila 2015 &#8211; Domingo 8 de septiembre<\/span><\/a>.<br \/>\n&nbsp; &nbsp; <strong>\u2022 <\/strong><a href=\"http:\/\/destinocastillayleon.es\/index\/visita-guiada-por-avila\/\" title=\"Ruta tur\u00edstica por \u00c1vila\" target=\"_blank\"><span style=\"color: #000000;\">Ruta tur\u00edstica por \u00c1vila<\/a>.<br \/>\n&nbsp; &nbsp; <strong>\u2022 <\/strong><a title=\"Enlace a nuestra entrada resumen sobre 10 pueblos medievales llenos de encanto en Castilla y Le\u00f3n\" href=\"http:\/\/destinocastillayleon.es\/index\/los-10-rincones-medievales-mas-bonitos-de-castilla-y-leon\/\" target=\"_blank\"><span style=\"color: #000000;\">10 pueblos medievales llenos de encanto en Castilla y Le\u00f3n<\/span><\/a>.<br \/>\n&nbsp; &nbsp; <strong>\u2022 <\/strong><a href=\"http:\/\/destinocastillayleon.es\/index\/ruta-de-tapas-por-avila\/\" target=\"_blank\"><span style=\"color: #000000;\">Rutas de tapeo por \u00c1vila<\/a><br \/>\n&nbsp; &nbsp; <strong>\u2022 <\/strong><a title=\"7 hitos de la gastronom\u00eda t\u00edpica de \u00c1vila\" href=\"http:\/\/destinocastillayleon.es\/index\/7-hitos-de-la-gastronomia-tipica-de-avila\/\" target=\"_blank\"><span style=\"color: #000000;\">7 hitos de la gastronom\u00eda t\u00edpica de \u00c1vila<\/a><br \/>\n&nbsp; &nbsp; <strong>\u2022 <\/strong><a title=\"Enlace a nuestra entrada el Ranking de los rincones imprescindibles de \u00c1vila\" href=\"http:\/\/destinocastillayleon.es\/index\/ranking-los-10-rincones-imprescindibles-de-avila\/\" target=\"_blank\"><span style=\"color: #000000;\">Ranking de los rincones imprescindibles de \u00c1vila<\/span><\/a>.<br \/>\n&nbsp; &nbsp; <strong>\u2022 <\/strong><a title=\"Enlace a nuestra entrada sobre la Experiencia comiendo en el Rte. El Lienzo de \u00c1vila\" href=\"http:\/\/destinocastillayleon.es\/index\/restaurante-el-lienzo\/\" target=\"_blank\"><span style=\"color: #000000;\">Experiencia comiendo en el Rte. El Lienzo de \u00c1vila<\/span><\/a>.<br \/>\n&nbsp; <\/p>\n","protected":false},"excerpt":{"rendered":"<p>Un a\u00f1o m\u00e1s, vamos calentando motores para uno de los mercados medievales m\u00e1s atractivos de Castilla y Le\u00f3n. Se trata del Mercado medieval de \u00c1vila 2015<\/p>\n","protected":false},"author":2,"featured_media":19872,"comment_status":"open","ping_status":"closed","sticky":false,"template":"","format":"standard","meta":{"rop_custom_images_group":[],"rop_custom_messages_group":[],"rop_publish_now":"initial","rop_publish_now_accounts":{"twitter_1150954226_1150954226":""},"rop_publish_now_history":[],"rop_publish_now_status":"pending","footnotes":""},"categories":[77,62,68],"tags":[64,3250,4596,4595,58,98,4594,4593,3182,4620,369],"class_list":["post-19849","post","type-post","status-publish","format-standard","has-post-thumbnail","hentry","category-actualidad-y-agenda-de-castilla-y-leon","category-avila","category-post_inicial","tag-avila-2","tag-avilamedieval","tag-avilamedieval-2015","tag-avilamedieval2015","tag-castilla-y-leon","tag-cyl","tag-jornadas-medievales-de-avila-2015","tag-mercado-de-avila","tag-mercado-medieval-de-avila","tag-programa-del-mercado-medieval-de-avila-2015","tag-turismo-en-castilla-y-leon"],"yoast_head":"<!-- This site is optimized with the Yoast SEO Premium plugin v20.4 (Yoast SEO v27.4) - https:\/\/yoast.com\/product\/yoast-seo-premium-wordpress\/ -->\n<title>Preparando el Mercado medieval de \u00c1vila 2015<\/title>\n<meta name=\"description\" content=\"Un a\u00f1o m\u00e1s, vamos calentando motores para uno de los mercados medievales m\u00e1s atractivos de Castilla y Le\u00f3n. Se trata del Mercado medieval de \u00c1vila 2015\" \/>\n<meta name=\"robots\" content=\"index, follow, max-snippet:-1, max-image-preview:large, max-video-preview:-1\" \/>\n<link rel=\"canonical\" href=\"https:\/\/destinocastillayleon.es\/index\/mercado-medieval-de-avila-2015\/\" \/>\n<meta property=\"og:locale\" content=\"es_ES\" \/>\n<meta property=\"og:type\" content=\"article\" \/>\n<meta property=\"og:title\" content=\"Preparando el Mercado medieval de \u00c1vila 2015 - Destino Castilla y Le\u00f3n\" \/>\n<meta property=\"og:description\" content=\"Un a\u00f1o m\u00e1s, vamos calentando motores para uno de los mercados medievales m\u00e1s atractivos de Castilla y Le\u00f3n. Se trata del Mercado medieval de \u00c1vila 2015\" \/>\n<meta property=\"og:url\" content=\"https:\/\/destinocastillayleon.es\/index\/mercado-medieval-de-avila-2015\/\" \/>\n<meta property=\"og:site_name\" content=\"Destino Castilla y Le\u00f3n\" \/>\n<meta property=\"article:publisher\" content=\"https:\/\/www.facebook.com\/DestinoCastillaYLeon\/\" \/>\n<meta property=\"article:author\" content=\"https:\/\/www.facebook.com\/profile.php?id=1158416854\" \/>\n<meta property=\"article:published_time\" content=\"2015-08-12T03:51:22+00:00\" \/>\n<meta property=\"article:modified_time\" content=\"2015-09-04T08:24:35+00:00\" \/>\n<meta property=\"og:image\" content=\"https:\/\/destinocastillayleon.es\/index\/wp-content\/uploads\/2015\/08\/19000b1181121e29e2ad2fdcdc6fa40b.jpg\" \/>\n\t<meta property=\"og:image:width\" content=\"800\" \/>\n\t<meta property=\"og:image:height\" content=\"531\" \/>\n\t<meta property=\"og:image:type\" content=\"image\/jpeg\" \/>\n<meta name=\"author\" content=\"David V\u00e1zquez\" \/>\n<meta name=\"twitter:card\" content=\"summary_large_image\" \/>\n<meta name=\"twitter:title\" content=\"Preparando el Mercado medieval de \u00c1vila 2015 - Destino Castilla y Le\u00f3n\" \/>\n<meta name=\"twitter:description\" content=\"Un a\u00f1o m\u00e1s, vamos calentando motores para uno de los mercados medievales m\u00e1s atractivos de Castilla y Le\u00f3n. Se trata del Mercado medieval de \u00c1vila 2015\" \/>\n<meta name=\"twitter:creator\" content=\"@https:\/\/twitter.com\/ContePantaleone\u200e\" \/>\n<meta name=\"twitter:site\" content=\"@destinocyl\" \/>\n<meta name=\"twitter:label1\" content=\"Escrito por\" \/>\n\t<meta name=\"twitter:data1\" content=\"David V\u00e1zquez\" \/>\n\t<meta name=\"twitter:label2\" content=\"Tiempo de lectura\" \/>\n\t<meta name=\"twitter:data2\" content=\"3 minutos\" \/>\n<script type=\"application\/ld+json\" class=\"yoast-schema-graph\">{\"@context\":\"https:\\\/\\\/schema.org\",\"@graph\":[{\"@type\":\"Article\",\"@id\":\"https:\\\/\\\/destinocastillayleon.es\\\/index\\\/mercado-medieval-de-avila-2015\\\/#article\",\"isPartOf\":{\"@id\":\"https:\\\/\\\/destinocastillayleon.es\\\/index\\\/mercado-medieval-de-avila-2015\\\/\"},\"author\":{\"name\":\"David V\u00e1zquez\",\"@id\":\"https:\\\/\\\/destinocastillayleon.es\\\/index\\\/#\\\/schema\\\/person\\\/189221bc8f6cc4fa28b18ad5c289d4c2\"},\"headline\":\"Preparando el mercado medieval de \u00c1vila 2015\",\"datePublished\":\"2015-08-12T03:51:22+00:00\",\"dateModified\":\"2015-09-04T08:24:35+00:00\",\"mainEntityOfPage\":{\"@id\":\"https:\\\/\\\/destinocastillayleon.es\\\/index\\\/mercado-medieval-de-avila-2015\\\/\"},\"wordCount\":634,\"commentCount\":0,\"image\":{\"@id\":\"https:\\\/\\\/destinocastillayleon.es\\\/index\\\/mercado-medieval-de-avila-2015\\\/#primaryimage\"},\"thumbnailUrl\":\"https:\\\/\\\/destinocastillayleon.es\\\/index\\\/wp-content\\\/uploads\\\/2015\\\/08\\\/19000b1181121e29e2ad2fdcdc6fa40b.jpg\",\"keywords\":[\"avila\",\"AvilaMedieval\",\"AvilaMedieval 2015\",\"\u00c1vilaMedieval2015\",\"Castilla y Le\u00f3n\",\"CyL\",\"jornadas medievales de \u00e1vila 2015\",\"mercado de avila\",\"Mercado Medieval de \u00c1vila\",\"programa del mercado medieval de \u00c1vila 2015\",\"turismo en Castilla y Le\u00f3n\"],\"articleSection\":[\"Actualidad\",\"Avila\",\"Post_inicial\"],\"inLanguage\":\"es\",\"potentialAction\":[{\"@type\":\"CommentAction\",\"name\":\"Comment\",\"target\":[\"https:\\\/\\\/destinocastillayleon.es\\\/index\\\/mercado-medieval-de-avila-2015\\\/#respond\"]}]},{\"@type\":\"WebPage\",\"@id\":\"https:\\\/\\\/destinocastillayleon.es\\\/index\\\/mercado-medieval-de-avila-2015\\\/\",\"url\":\"https:\\\/\\\/destinocastillayleon.es\\\/index\\\/mercado-medieval-de-avila-2015\\\/\",\"name\":\"Preparando el Mercado medieval de \u00c1vila 2015\",\"isPartOf\":{\"@id\":\"https:\\\/\\\/destinocastillayleon.es\\\/index\\\/#website\"},\"primaryImageOfPage\":{\"@id\":\"https:\\\/\\\/destinocastillayleon.es\\\/index\\\/mercado-medieval-de-avila-2015\\\/#primaryimage\"},\"image\":{\"@id\":\"https:\\\/\\\/destinocastillayleon.es\\\/index\\\/mercado-medieval-de-avila-2015\\\/#primaryimage\"},\"thumbnailUrl\":\"https:\\\/\\\/destinocastillayleon.es\\\/index\\\/wp-content\\\/uploads\\\/2015\\\/08\\\/19000b1181121e29e2ad2fdcdc6fa40b.jpg\",\"datePublished\":\"2015-08-12T03:51:22+00:00\",\"dateModified\":\"2015-09-04T08:24:35+00:00\",\"author\":{\"@id\":\"https:\\\/\\\/destinocastillayleon.es\\\/index\\\/#\\\/schema\\\/person\\\/189221bc8f6cc4fa28b18ad5c289d4c2\"},\"description\":\"Un a\u00f1o m\u00e1s, vamos calentando motores para uno de los mercados medievales m\u00e1s atractivos de Castilla y Le\u00f3n. Se trata del Mercado medieval de \u00c1vila 2015\",\"breadcrumb\":{\"@id\":\"https:\\\/\\\/destinocastillayleon.es\\\/index\\\/mercado-medieval-de-avila-2015\\\/#breadcrumb\"},\"inLanguage\":\"es\",\"potentialAction\":[{\"@type\":\"ReadAction\",\"target\":[\"https:\\\/\\\/destinocastillayleon.es\\\/index\\\/mercado-medieval-de-avila-2015\\\/\"]}]},{\"@type\":\"ImageObject\",\"inLanguage\":\"es\",\"@id\":\"https:\\\/\\\/destinocastillayleon.es\\\/index\\\/mercado-medieval-de-avila-2015\\\/#primaryimage\",\"url\":\"https:\\\/\\\/destinocastillayleon.es\\\/index\\\/wp-content\\\/uploads\\\/2015\\\/08\\\/19000b1181121e29e2ad2fdcdc6fa40b.jpg\",\"contentUrl\":\"https:\\\/\\\/destinocastillayleon.es\\\/index\\\/wp-content\\\/uploads\\\/2015\\\/08\\\/19000b1181121e29e2ad2fdcdc6fa40b.jpg\",\"width\":800,\"height\":531,\"caption\":\"Mercado Medieval de \u00c1vila - Destino Castilla y Le\u00f3n\"},{\"@type\":\"BreadcrumbList\",\"@id\":\"https:\\\/\\\/destinocastillayleon.es\\\/index\\\/mercado-medieval-de-avila-2015\\\/#breadcrumb\",\"itemListElement\":[{\"@type\":\"ListItem\",\"position\":1,\"name\":\"Portada\",\"item\":\"https:\\\/\\\/destinocastillayleon.es\\\/index\\\/\"},{\"@type\":\"ListItem\",\"position\":2,\"name\":\"Preparando el mercado medieval de \u00c1vila 2015\"}]},{\"@type\":\"WebSite\",\"@id\":\"https:\\\/\\\/destinocastillayleon.es\\\/index\\\/#website\",\"url\":\"https:\\\/\\\/destinocastillayleon.es\\\/index\\\/\",\"name\":\"Destino Castilla y Le\u00f3n\",\"description\":\"Medio digital independiente y revista de Castilla y Le\u00f3n dedicado al turismo, gastronom\u00eda y vino de Castilla y Le\u00f3n\",\"potentialAction\":[{\"@type\":\"SearchAction\",\"target\":{\"@type\":\"EntryPoint\",\"urlTemplate\":\"https:\\\/\\\/destinocastillayleon.es\\\/index\\\/?s={search_term_string}\"},\"query-input\":{\"@type\":\"PropertyValueSpecification\",\"valueRequired\":true,\"valueName\":\"search_term_string\"}}],\"inLanguage\":\"es\"},{\"@type\":\"Person\",\"@id\":\"https:\\\/\\\/destinocastillayleon.es\\\/index\\\/#\\\/schema\\\/person\\\/189221bc8f6cc4fa28b18ad5c289d4c2\",\"name\":\"David V\u00e1zquez\",\"image\":{\"@type\":\"ImageObject\",\"inLanguage\":\"es\",\"@id\":\"https:\\\/\\\/secure.gravatar.com\\\/avatar\\\/cd12db6c575a90c3b75cfa0f794b74d425201c768612fad17e9f13cd33d48be8?s=96&d=mm&r=g\",\"url\":\"https:\\\/\\\/secure.gravatar.com\\\/avatar\\\/cd12db6c575a90c3b75cfa0f794b74d425201c768612fad17e9f13cd33d48be8?s=96&d=mm&r=g\",\"contentUrl\":\"https:\\\/\\\/secure.gravatar.com\\\/avatar\\\/cd12db6c575a90c3b75cfa0f794b74d425201c768612fad17e9f13cd33d48be8?s=96&d=mm&r=g\",\"caption\":\"David V\u00e1zquez\"},\"description\":\"Ingeniero Industrial de vocaci\u00f3n y profesi\u00f3n, he encontrado en los blogs la forma de plasmar mi pasi\u00f3n por los viajes, la gastronom\u00eda y los vinos. Especialmente los procedentes de Castilla y Le\u00f3n\",\"sameAs\":[\"https:\\\/\\\/www.destinocastillayleon.es\",\"https:\\\/\\\/www.facebook.com\\\/profile.php?id=1158416854\",\"https:\\\/\\\/instagram.com\\\/conte.pantaleone\",\"https:\\\/\\\/www.linkedin.com\\\/pub\\\/david-vazquez-lozano\\\/37\\\/17a\\\/25a\",\"https:\\\/\\\/x.com\\\/https:\\\/\\\/twitter.com\\\/ContePantaleone\u200e\"],\"url\":\"https:\\\/\\\/destinocastillayleon.es\\\/index\\\/author\\\/coadministradorcyl\\\/\"}]}<\/script>\n<!-- \/ Yoast SEO Premium plugin. -->","yoast_head_json":{"title":"Preparando el Mercado medieval de \u00c1vila 2015","description":"Un a\u00f1o m\u00e1s, vamos calentando motores para uno de los mercados medievales m\u00e1s atractivos de Castilla y Le\u00f3n. Se trata del Mercado medieval de \u00c1vila 2015","robots":{"index":"index","follow":"follow","max-snippet":"max-snippet:-1","max-image-preview":"max-image-preview:large","max-video-preview":"max-video-preview:-1"},"canonical":"https:\/\/destinocastillayleon.es\/index\/mercado-medieval-de-avila-2015\/","og_locale":"es_ES","og_type":"article","og_title":"Preparando el Mercado medieval de \u00c1vila 2015 - Destino Castilla y Le\u00f3n","og_description":"Un a\u00f1o m\u00e1s, vamos calentando motores para uno de los mercados medievales m\u00e1s atractivos de Castilla y Le\u00f3n. Se trata del Mercado medieval de \u00c1vila 2015","og_url":"https:\/\/destinocastillayleon.es\/index\/mercado-medieval-de-avila-2015\/","og_site_name":"Destino Castilla y Le\u00f3n","article_publisher":"https:\/\/www.facebook.com\/DestinoCastillaYLeon\/","article_author":"https:\/\/www.facebook.com\/profile.php?id=1158416854","article_published_time":"2015-08-12T03:51:22+00:00","article_modified_time":"2015-09-04T08:24:35+00:00","og_image":[{"width":800,"height":531,"url":"https:\/\/destinocastillayleon.es\/index\/wp-content\/uploads\/2015\/08\/19000b1181121e29e2ad2fdcdc6fa40b.jpg","type":"image\/jpeg"}],"author":"David V\u00e1zquez","twitter_card":"summary_large_image","twitter_title":"Preparando el Mercado medieval de \u00c1vila 2015 - Destino Castilla y Le\u00f3n","twitter_description":"Un a\u00f1o m\u00e1s, vamos calentando motores para uno de los mercados medievales m\u00e1s atractivos de Castilla y Le\u00f3n. Se trata del Mercado medieval de \u00c1vila 2015","twitter_creator":"@https:\/\/twitter.com\/ContePantaleone\u200e","twitter_site":"@destinocyl","twitter_misc":{"Escrito por":"David V\u00e1zquez","Tiempo de lectura":"3 minutos"},"schema":{"@context":"https:\/\/schema.org","@graph":[{"@type":"Article","@id":"https:\/\/destinocastillayleon.es\/index\/mercado-medieval-de-avila-2015\/#article","isPartOf":{"@id":"https:\/\/destinocastillayleon.es\/index\/mercado-medieval-de-avila-2015\/"},"author":{"name":"David V\u00e1zquez","@id":"https:\/\/destinocastillayleon.es\/index\/#\/schema\/person\/189221bc8f6cc4fa28b18ad5c289d4c2"},"headline":"Preparando el mercado medieval de \u00c1vila 2015","datePublished":"2015-08-12T03:51:22+00:00","dateModified":"2015-09-04T08:24:35+00:00","mainEntityOfPage":{"@id":"https:\/\/destinocastillayleon.es\/index\/mercado-medieval-de-avila-2015\/"},"wordCount":634,"commentCount":0,"image":{"@id":"https:\/\/destinocastillayleon.es\/index\/mercado-medieval-de-avila-2015\/#primaryimage"},"thumbnailUrl":"https:\/\/destinocastillayleon.es\/index\/wp-content\/uploads\/2015\/08\/19000b1181121e29e2ad2fdcdc6fa40b.jpg","keywords":["avila","AvilaMedieval","AvilaMedieval 2015","\u00c1vilaMedieval2015","Castilla y Le\u00f3n","CyL","jornadas medievales de \u00e1vila 2015","mercado de avila","Mercado Medieval de \u00c1vila","programa del mercado medieval de \u00c1vila 2015","turismo en Castilla y Le\u00f3n"],"articleSection":["Actualidad","Avila","Post_inicial"],"inLanguage":"es","potentialAction":[{"@type":"CommentAction","name":"Comment","target":["https:\/\/destinocastillayleon.es\/index\/mercado-medieval-de-avila-2015\/#respond"]}]},{"@type":"WebPage","@id":"https:\/\/destinocastillayleon.es\/index\/mercado-medieval-de-avila-2015\/","url":"https:\/\/destinocastillayleon.es\/index\/mercado-medieval-de-avila-2015\/","name":"Preparando el Mercado medieval de \u00c1vila 2015","isPartOf":{"@id":"https:\/\/destinocastillayleon.es\/index\/#website"},"primaryImageOfPage":{"@id":"https:\/\/destinocastillayleon.es\/index\/mercado-medieval-de-avila-2015\/#primaryimage"},"image":{"@id":"https:\/\/destinocastillayleon.es\/index\/mercado-medieval-de-avila-2015\/#primaryimage"},"thumbnailUrl":"https:\/\/destinocastillayleon.es\/index\/wp-content\/uploads\/2015\/08\/19000b1181121e29e2ad2fdcdc6fa40b.jpg","datePublished":"2015-08-12T03:51:22+00:00","dateModified":"2015-09-04T08:24:35+00:00","author":{"@id":"https:\/\/destinocastillayleon.es\/index\/#\/schema\/person\/189221bc8f6cc4fa28b18ad5c289d4c2"},"description":"Un a\u00f1o m\u00e1s, vamos calentando motores para uno de los mercados medievales m\u00e1s atractivos de Castilla y Le\u00f3n. Se trata del Mercado medieval de \u00c1vila 2015","breadcrumb":{"@id":"https:\/\/destinocastillayleon.es\/index\/mercado-medieval-de-avila-2015\/#breadcrumb"},"inLanguage":"es","potentialAction":[{"@type":"ReadAction","target":["https:\/\/destinocastillayleon.es\/index\/mercado-medieval-de-avila-2015\/"]}]},{"@type":"ImageObject","inLanguage":"es","@id":"https:\/\/destinocastillayleon.es\/index\/mercado-medieval-de-avila-2015\/#primaryimage","url":"https:\/\/destinocastillayleon.es\/index\/wp-content\/uploads\/2015\/08\/19000b1181121e29e2ad2fdcdc6fa40b.jpg","contentUrl":"https:\/\/destinocastillayleon.es\/index\/wp-content\/uploads\/2015\/08\/19000b1181121e29e2ad2fdcdc6fa40b.jpg","width":800,"height":531,"caption":"Mercado Medieval de \u00c1vila - Destino Castilla y Le\u00f3n"},{"@type":"BreadcrumbList","@id":"https:\/\/destinocastillayleon.es\/index\/mercado-medieval-de-avila-2015\/#breadcrumb","itemListElement":[{"@type":"ListItem","position":1,"name":"Portada","item":"https:\/\/destinocastillayleon.es\/index\/"},{"@type":"ListItem","position":2,"name":"Preparando el mercado medieval de \u00c1vila 2015"}]},{"@type":"WebSite","@id":"https:\/\/destinocastillayleon.es\/index\/#website","url":"https:\/\/destinocastillayleon.es\/index\/","name":"Destino Castilla y Le\u00f3n","description":"Medio digital independiente y revista de Castilla y Le\u00f3n dedicado al turismo, gastronom\u00eda y vino de Castilla y Le\u00f3n","potentialAction":[{"@type":"SearchAction","target":{"@type":"EntryPoint","urlTemplate":"https:\/\/destinocastillayleon.es\/index\/?s={search_term_string}"},"query-input":{"@type":"PropertyValueSpecification","valueRequired":true,"valueName":"search_term_string"}}],"inLanguage":"es"},{"@type":"Person","@id":"https:\/\/destinocastillayleon.es\/index\/#\/schema\/person\/189221bc8f6cc4fa28b18ad5c289d4c2","name":"David V\u00e1zquez","image":{"@type":"ImageObject","inLanguage":"es","@id":"https:\/\/secure.gravatar.com\/avatar\/cd12db6c575a90c3b75cfa0f794b74d425201c768612fad17e9f13cd33d48be8?s=96&d=mm&r=g","url":"https:\/\/secure.gravatar.com\/avatar\/cd12db6c575a90c3b75cfa0f794b74d425201c768612fad17e9f13cd33d48be8?s=96&d=mm&r=g","contentUrl":"https:\/\/secure.gravatar.com\/avatar\/cd12db6c575a90c3b75cfa0f794b74d425201c768612fad17e9f13cd33d48be8?s=96&d=mm&r=g","caption":"David V\u00e1zquez"},"description":"Ingeniero Industrial de vocaci\u00f3n y profesi\u00f3n, he encontrado en los blogs la forma de plasmar mi pasi\u00f3n por los viajes, la gastronom\u00eda y los vinos. Especialmente los procedentes de Castilla y Le\u00f3n","sameAs":["https:\/\/www.destinocastillayleon.es","https:\/\/www.facebook.com\/profile.php?id=1158416854","https:\/\/instagram.com\/conte.pantaleone","https:\/\/www.linkedin.com\/pub\/david-vazquez-lozano\/37\/17a\/25a","https:\/\/x.com\/https:\/\/twitter.com\/ContePantaleone\u200e"],"url":"https:\/\/destinocastillayleon.es\/index\/author\/coadministradorcyl\/"}]}},"_links":{"self":[{"href":"https:\/\/destinocastillayleon.es\/index\/wp-json\/wp\/v2\/posts\/19849","targetHints":{"allow":["GET"]}}],"collection":[{"href":"https:\/\/destinocastillayleon.es\/index\/wp-json\/wp\/v2\/posts"}],"about":[{"href":"https:\/\/destinocastillayleon.es\/index\/wp-json\/wp\/v2\/types\/post"}],"author":[{"embeddable":true,"href":"https:\/\/destinocastillayleon.es\/index\/wp-json\/wp\/v2\/users\/2"}],"replies":[{"embeddable":true,"href":"https:\/\/destinocastillayleon.es\/index\/wp-json\/wp\/v2\/comments?post=19849"}],"version-history":[{"count":28,"href":"https:\/\/destinocastillayleon.es\/index\/wp-json\/wp\/v2\/posts\/19849\/revisions"}],"predecessor-version":[{"id":20251,"href":"https:\/\/destinocastillayleon.es\/index\/wp-json\/wp\/v2\/posts\/19849\/revisions\/20251"}],"wp:featuredmedia":[{"embeddable":true,"href":"https:\/\/destinocastillayleon.es\/index\/wp-json\/wp\/v2\/media\/19872"}],"wp:attachment":[{"href":"https:\/\/destinocastillayleon.es\/index\/wp-json\/wp\/v2\/media?parent=19849"}],"wp:term":[{"taxonomy":"category","embeddable":true,"href":"https:\/\/destinocastillayleon.es\/index\/wp-json\/wp\/v2\/categories?post=19849"},{"taxonomy":"post_tag","embeddable":true,"href":"https:\/\/destinocastillayleon.es\/index\/wp-json\/wp\/v2\/tags?post=19849"}],"curies":[{"name":"wp","href":"https:\/\/api.w.org\/{rel}","templated":true}]}}