{"id":19713,"date":"2016-01-13T07:37:59","date_gmt":"2016-01-13T06:37:59","guid":{"rendered":"http:\/\/destinocastillayleon.es\/index\/?p=19713"},"modified":"2018-04-12T08:04:25","modified_gmt":"2018-04-12T06:04:25","slug":"la-granja-de-san-ildefonso","status":"publish","type":"post","link":"https:\/\/destinocastillayleon.es\/index\/la-granja-de-san-ildefonso\/","title":{"rendered":"Conoce el Real Sitio de La Granja de San Ildefonso"},"content":{"rendered":"<p>El Real Sitio de La Granja de San Ildefonso, es conocido tambi\u00e9n como <strong>nuestro peque\u00f1o Versalles en Segovia<\/strong>. As\u00ed lo han definido en gran cantidad de ocasiones, y creemos que est\u00e1 muy elegido este ep\u00edteto para este Real Sitio de la Granja, ya que su construcci\u00f3n se inspir\u00f3 claramente en ese palacio franc\u00e9s. No por nada, <a href=\"https:\/\/es.wikipedia.org\/wiki\/Felipe_V_de_Espa%C3%B1a\" title=\"Link a Wikipedia sobre el Rey Felipe V de Espa\u00f1a\" target=\"_blank\">Felipe V<\/a> hab\u00eda nacido en \u00e9l.<\/p>\n<p>Felipe V dise\u00f1o este Real Sitio con la idea de retirarse en \u00e9l una vez abdicado en su hijo <a href=\"https:\/\/es.wikipedia.org\/wiki\/Luis_I_de_Espa%C3%B1a\" title=\"Link a Wikipedia sobre el Rey Lu\u00eds I de Espa\u00f1a\" target=\"_blank\">Luis I<\/a> en 1724, pero su fallecimiento en el mismo a\u00f1o, le oblig\u00f3 a volver a tomar el mando de la monarqu\u00eda hisp\u00e1nica. Desde entonces, este palacio <strong>se convirti\u00f3 en residencia de verano de la Familia Real espa\u00f1ola hasta Alfonso XIII<\/strong>.<\/p>\n<p><a href=\"https:\/\/es.wikipedia.org\/wiki\/La_familia_de_Felipe_V_%28Van_Loo%29\" title=\"Imagen de cortes\u00eda\" target=\"_blank\"><figure id=\"attachment_21528\" aria-describedby=\"caption-attachment-21528\" style=\"width: 448px\" class=\"wp-caption aligncenter\"><img decoding=\"async\" src=\"http:\/\/destinocastillayleon.es\/index\/wp-content\/uploads\/2016\/01\/004a093cbc4f587a5064cc0dca388dd2.jpg\" alt=\"Felipe V y su familia - Destino Castilla y Le\u00f3n\" width=\"448\" height=\"244\" class=\"size-full wp-image-21528\" srcset=\"https:\/\/destinocastillayleon.es\/index\/wp-content\/uploads\/2016\/01\/004a093cbc4f587a5064cc0dca388dd2.jpg 448w, https:\/\/destinocastillayleon.es\/index\/wp-content\/uploads\/2016\/01\/004a093cbc4f587a5064cc0dca388dd2-300x163.jpg 300w\" sizes=\"(max-width: 448px) 100vw, 448px\" \/><figcaption id=\"caption-attachment-21528\" class=\"wp-caption-text\">Felipe V y su familia &#8211; Imagen cortes\u00eda de Wikipedia<\/figcaption><\/figure><\/a><br \/>\n&nbsp;<\/p>\n<h3>C\u00f3mo llegar al Real Sitio de San Ildefonso<\/h3>\n<p>Este palacio y jardines <strong>se encuentran muy cerca de Madrid<\/strong>, en la carretera que une la capital de Espa\u00f1a, con la ciudad de Segovia.<br \/>\n&nbsp;<br \/>\n<center><iframe src=\"https:\/\/www.google.com\/maps\/embed?pb=!1m18!1m12!1m3!1d14340.11128633455!2d-4.0057641500000205!3d40.90117960000002!2m3!1f0!2f0!3f0!3m2!1i1024!2i768!4f13.1!3m3!1m2!1s0xd4141e8586681c5%3A0xffac5c7f9e6f25ac!2s40100+La+Granja+de+S.+Ildefonso%2C+Segovia%2C+Espa%C3%B1a!5e1!3m2!1ses!2sus!4v1438087319635\" width=\"70%\" height=\"300\" frameborder=\"0\" style=\"border:0\" allowfullscreen><\/iframe><br \/>\n<a href=\"https:\/\/goo.gl\/maps\/3W0BY\" title=\"Link a Google maps que te indica d\u00f3nde se encuentra el Real Sitio de La Granja\" target=\"_blank\"><font size=2>Pulsa para ver el mapa del Real Sitio de La Granja de San Ildefonso en una ventana independiente<\/font><\/a> <\/center><br \/>\n&nbsp;<br \/>\nActualmente, en torno al palacio <strong>existe la poblaci\u00f3n de San Ildefonso, donde existe una amplia oferta hostelera y de restauraci\u00f3n<\/strong>. Un buen lugar para disfrutar del cochinillo segoviano y los famosos <strong>judiones de la Granja<\/strong>.<br \/>\n&nbsp;<\/p>\n<h3>Historia del Palacio de La Granja<\/h3>\n<p>Desde anta\u00f1o, la realeza espa\u00f1ola gustaba de disfrutar de la sierra segoviana. Ya <strong>Enrique IV hab\u00eda mandado construir un real sitio muy cerca de La Granja<\/strong>. El Palacio de Valsa\u00edn fue reedificado por Carlos V y Felipe II, pero a finales del siglo XVII se quemo. Felipe V dudaba si reconstruirlo o hacer uno propio, con su estilo e impronta. <strong>Finalmente se decidi\u00f3 por la segunda opci\u00f3n<\/strong>.<\/p>\n<p><a href=\"https:\/\/investigart.wordpress.com\/2015\/04\/13\/valsain-la-casa-del-bosque-de-segovia\/\" title=\"Link a la web origen de la imagen\" target=\"_blank\"><figure id=\"attachment_21534\" aria-describedby=\"caption-attachment-21534\" style=\"width: 502px\" class=\"wp-caption aligncenter\"><img decoding=\"async\" src=\"http:\/\/destinocastillayleon.es\/index\/wp-content\/uploads\/2016\/01\/Antiguo-Real-Sitio-de-Valsain-Destino-Castilla-y-Leon.jpg\" alt=\"Antiguo Real Sitio de Valsain - Destino Castilla y Leon\" width=\"502\" height=\"218\" class=\"size-full wp-image-21534\" srcset=\"https:\/\/destinocastillayleon.es\/index\/wp-content\/uploads\/2016\/01\/Antiguo-Real-Sitio-de-Valsain-Destino-Castilla-y-Leon.jpg 502w, https:\/\/destinocastillayleon.es\/index\/wp-content\/uploads\/2016\/01\/Antiguo-Real-Sitio-de-Valsain-Destino-Castilla-y-Leon-300x130.jpg 300w\" sizes=\"(max-width: 502px) 100vw, 502px\" \/><figcaption id=\"caption-attachment-21534\" class=\"wp-caption-text\">Antiguo Real Sitio de Valsain &#8211; Imagen cedida por investigart procedente del Archivo de Simancas<\/figcaption><\/figure><br \/>\n<\/a><\/p>\n<p>Aprovechando la pendiente de la monta\u00f1a, <strong>la finca donde exist\u00eda la granja del monasterio de los Jer\u00f3nimos del Parral<\/strong>, ideal para albergar unos jardines con fuentes.<\/p>\n<p>El arquitecto real <a href=\"https:\/\/es.wikipedia.org\/wiki\/Teodoro_de_Ardemans\" title=\"Link a Wikipedia sobre el arquetecto Teodoro de Ardemans\" target=\"_blank\">Teodoro Ardemans<\/a> y el creadores de jardines <a href=\"https:\/\/es.wikipedia.org\/wiki\/Ren%C3%A9_Carlier\" title=\"Link a Wikipedia sobre el paisajista franc\u00e9s Ren\u00e9 Carlier\" target=\"_blank\">Ren\u00e9 Carlier<\/a> fueron los encargados de dar forma a los deseos del rey. Para ello, unieron la tradici\u00f3n espa\u00f1ola y francesa para conseguir uno de los palacios m\u00e1s bellos de Europa.<\/p>\n<p><strong>El elemento principal es la Capilla real o Colegiata<\/strong>, donde actualmente reposan los cuerpos de Felipe V y su esposa, Isabel de Farnesio.<\/p>\n<figure id=\"attachment_21536\" aria-describedby=\"caption-attachment-21536\" style=\"width: 502px\" class=\"wp-caption aligncenter\"><img decoding=\"async\" src=\"http:\/\/destinocastillayleon.es\/index\/wp-content\/uploads\/2016\/01\/17b0a484184f138cb050cd560ab067dd.jpg\" alt=\"Colegiata de La Granja - Destino Castilla y Le\u00f3n\" width=\"502\" height=\"542\" class=\"size-full wp-image-21536\" srcset=\"https:\/\/destinocastillayleon.es\/index\/wp-content\/uploads\/2016\/01\/17b0a484184f138cb050cd560ab067dd.jpg 492w, https:\/\/destinocastillayleon.es\/index\/wp-content\/uploads\/2016\/01\/17b0a484184f138cb050cd560ab067dd-278x300.jpg 278w, https:\/\/destinocastillayleon.es\/index\/wp-content\/uploads\/2016\/01\/17b0a484184f138cb050cd560ab067dd-300x324.jpg 300w\" sizes=\"(max-width: 502px) 100vw, 502px\" \/><figcaption id=\"caption-attachment-21536\" class=\"wp-caption-text\">Colegiata de La Granja &#8211; Destino Castilla y Le\u00f3n<\/figcaption><\/figure>\n<p>&nbsp;<\/p>\n<h2>Visita al Palacio del Real Sitio de La Granja de San Ildefonso<\/h2>\n<p>En el palacio y edificios, pertenecientes a <a href=\"http:\/\/www.patrimonionacional.es\/real-sitio\/palacios\/6252\" title=\"Link a la web de Patrimonio Nacional dedicada al Real Sitio de La Granja\" target=\"_blank\">Patrimonio Nacional<\/a>, es posible realizar la visita libre, o con audiogu\u00eda, pero <strong>la primera visita la recomendamos con gu\u00eda<\/strong>, ya que siempre nos dar\u00e1n m\u00e1s informaci\u00f3n y se har\u00e1 m\u00e1s amena, ya que nos contar\u00e1n chascarrillos sobre los sucesos acaecidos en el lugar.<br \/>\n&nbsp;<\/p>\n<h4>El museo de tapices<\/h4>\n<p>La visita se inicia pasando por <strong>el museo de tapices<\/strong>. En este palacio se han reunido las <strong>colecciones reales de tapices que van desde el siglo XV al XIX<\/strong>. As\u00ed podemos ver los <strong>grandes tapices flamencos del Emperador Carlos V y de su hijo Felipe II<\/strong>. Pero tambi\u00e9n aunque m\u00e1s modestos, algunos de la colecci\u00f3n de D\u00aa Juana de Castilla. No obstante, <strong>nos llam\u00f3 la atenci\u00f3n la presencia de un trozo de un tapiz personal de la Reina Isabel I<\/strong>, que fue adquirido recientemente en una subasta.<\/p>\n<p><a href=\"http:\/\/www.vipgid.com\/es\/la-granja-de-san-ildefonso.htm\" target=\"_blank\"><figure id=\"attachment_21538\" aria-describedby=\"caption-attachment-21538\" style=\"width: 640px\" class=\"wp-caption aligncenter\"><img decoding=\"async\" src=\"http:\/\/destinocastillayleon.es\/index\/wp-content\/uploads\/2016\/01\/7d77d4f476762285adff62c72f1cdbc6.jpg\" alt=\"La Granja de San Ildefonso - museo de tapices\" title=\"Museo de tapices de La Granja - Destino Castilla y Le\u00f3n\" width=\"640\" height=\"426\" class=\"size-full wp-image-21538\" srcset=\"https:\/\/destinocastillayleon.es\/index\/wp-content\/uploads\/2016\/01\/7d77d4f476762285adff62c72f1cdbc6.jpg 640w, https:\/\/destinocastillayleon.es\/index\/wp-content\/uploads\/2016\/01\/7d77d4f476762285adff62c72f1cdbc6-300x200.jpg 300w\" sizes=\"(max-width: 640px) 100vw, 640px\" \/><figcaption id=\"caption-attachment-21538\" class=\"wp-caption-text\">Museo de tapices de La Granja &#8211; Imagen cortes\u00eda de vipgid.com<\/figcaption><\/figure><\/a><br \/>\n&nbsp;<\/p>\n<h4>Estancias palaciegas<\/h4>\n<p>As\u00ed nos explicar\u00e1n los maravillosos frescos de las salas que decoran la primera planta del palacio. Aunque observamos que hay algunas que carecen de \u00e9l. Esto es debido <strong>al incendio en 1918<\/strong>. Aunque solo se quemaron las estancias superiores, el agua utilizada para su apagado no nos permite disfrutar de los frescos. No obstante, a\u00fan se conservan la mayor parte de ellos. Adem\u00e1s debido a una acci\u00f3n de conservaci\u00f3n reciente, actualmente lucen casi como en el momento de su creaci\u00f3n.<\/p>\n<p>Uno de los detalles curiosos de este palacio es que <strong>la reina y el rey compart\u00edan cama<\/strong>, algo que para nuestro tiempo es bastante habitual, pero no as\u00ed en el pasado. Luego cada uno ten\u00eda diferentes estancias para sus labores. Todas ellas en la planta superior. <\/p>\n<figure id=\"attachment_21558\" aria-describedby=\"caption-attachment-21558\" style=\"width: 448px\" class=\"wp-caption aligncenter\"><img decoding=\"async\" src=\"http:\/\/destinocastillayleon.es\/index\/wp-content\/uploads\/2016\/01\/7fe610f61710ed0ae4bd6fff5d3931911.jpg\" alt=\"La Granja de San Ildefonso interior\" title=\"Estancias palaciegas de La Granja - Destino Castilla y Le\u00f3n\" width=\"448\" height=\"298\" class=\"size-full wp-image-21558\" srcset=\"https:\/\/destinocastillayleon.es\/index\/wp-content\/uploads\/2016\/01\/7fe610f61710ed0ae4bd6fff5d3931911.jpg 448w, https:\/\/destinocastillayleon.es\/index\/wp-content\/uploads\/2016\/01\/7fe610f61710ed0ae4bd6fff5d3931911-300x200.jpg 300w\" sizes=\"(max-width: 448px) 100vw, 448px\" \/><figcaption id=\"caption-attachment-21558\" class=\"wp-caption-text\">Estancias palaciegas de La Granja &#8211; Imagen cortes\u00eda de ForoCiudad<\/figcaption><\/figure>\n<p>Llama poderosamente la atenci\u00f3n <strong>la perspectiva conseguida de alinear todas las puertas<\/strong>. Muy t\u00edpico de los palacios barrocos europeos.<br \/>\n&nbsp;<\/p>\n<h4>La Galer\u00eda de paseo<\/h4>\n<p>En la parte inferior, se encuentra la galer\u00eda de paseo. Esta <strong>era usada para pasear cuando la climatolog\u00eda no permit\u00eda salir al exterior<\/strong>. Est\u00e1 finamente decorada, y al no verse afectada por el incendio, conserva sus frescos originales. En el pasado, este corredor albergaba <strong>una colecci\u00f3n de esculturas cl\u00e1sicas<\/strong>. Tanto originales romanas y griega, como realizadas en tiempos m\u00e1s modernos. Actualmente son copias, porque las originales est\u00e1n en el <a href=\"https:\/\/www.museodelprado.es\/coleccion\/escultura\/\" title=\"Link a la web del Museo del Prado dedicada a la coleci\u00f3n de escultura\" target=\"_blank\">Museo del Prado de Madrid<\/a>. Fueron adquiridas en Roma a los herederos de a reina exiliada de Suecia, <a href=\"https:\/\/es.wikipedia.org\/wiki\/Cristina_de_Suecia\" title=\"Link a la web de la Reina Cristina de Suecia\" target=\"_blank\">D\u00aa Cristina<\/a>.<\/p>\n<p><a href=\"http:\/\/www.patrimonionacional.es\/real-sitio\/palacios\/6252\" title=\"Link al sitio de Patrimonio Nacional\" target=\"_blank\"><figure id=\"attachment_21541\" aria-describedby=\"caption-attachment-21541\" style=\"width: 640px\" class=\"wp-caption aligncenter\"><img decoding=\"async\" src=\"http:\/\/destinocastillayleon.es\/index\/wp-content\/uploads\/2016\/01\/961f907035164d8ae69c1ed4b35a3d77.jpg\" alt=\"La Granja de San Ildefonso salon de paseo\" title=\"Sal\u00f3n de paseo - Destino Castilla y Le\u00f3n\" width=\"640\" height=\"277\" class=\"size-full wp-image-21541\" srcset=\"https:\/\/destinocastillayleon.es\/index\/wp-content\/uploads\/2016\/01\/961f907035164d8ae69c1ed4b35a3d77.jpg 640w, https:\/\/destinocastillayleon.es\/index\/wp-content\/uploads\/2016\/01\/961f907035164d8ae69c1ed4b35a3d77-300x130.jpg 300w\" sizes=\"(max-width: 640px) 100vw, 640px\" \/><figcaption id=\"caption-attachment-21541\" class=\"wp-caption-text\">Sal\u00f3n de paseo &#8211; Imagen cortes\u00eda de Patrimonio Nacional<\/figcaption><\/figure><\/a><br \/>\n&nbsp;<\/p>\n<h4>Capilla real<\/h4>\n<p>La visita se completa con la visita a la <a href=\"https:\/\/es.wikipedia.org\/wiki\/Palacio_Real_de_La_Granja_de_San_Ildefonso#Edificios_y_dependencias\" title=\"Link a Wikipedia sobre las estancias palaciegas del Real Sitio de La Granja\" target=\"_blank\">Capilla Real o Colegiata<\/a>. Se trata de <strong>la Iglesia de la Trinidad<\/strong>, en cuya capilla, descansan los restos mortales de su edificador,  Felipe V y su segunda esposa, <a href=\"https:\/\/es.wikipedia.org\/wiki\/Isabel_de_Farnesio\" title=\"Link a la web de la Reina Isabel de Farnesio\" target=\"_blank\">Isabel de Farnesio<\/a>.<\/p>\n<p><a href=\"https:\/\/arquites.wordpress.com\/2003\/09\/30\/rela-colegiata-de-la-granja-de-san-ildefonso\/\" title=\"Link a la web de arquites\" target=\"_blank\"><figure id=\"attachment_21542\" aria-describedby=\"caption-attachment-21542\" style=\"width: 640px\" class=\"wp-caption aligncenter\"><img decoding=\"async\" src=\"http:\/\/destinocastillayleon.es\/index\/wp-content\/uploads\/2016\/01\/84d521a317fb0bb9cf06a60d4d6c881d.jpg\" alt=\"La Granja de San Ildefonso pasillos\" title=\"Interior de la Capilla de La Granja - Destino Castilla y Le\u00f3n\" width=\"640\" height=\"468\" class=\"size-full wp-image-21542\" srcset=\"https:\/\/destinocastillayleon.es\/index\/wp-content\/uploads\/2016\/01\/84d521a317fb0bb9cf06a60d4d6c881d.jpg 640w, https:\/\/destinocastillayleon.es\/index\/wp-content\/uploads\/2016\/01\/84d521a317fb0bb9cf06a60d4d6c881d-300x219.jpg 300w\" sizes=\"(max-width: 640px) 100vw, 640px\" \/><figcaption id=\"caption-attachment-21542\" class=\"wp-caption-text\">Interior de la Capilla de La Granja &#8211; Imagen cortes\u00eda de Arquites<\/figcaption><\/figure><\/a><br \/>\n&nbsp;<\/p>\n<h3>Jardines del Palacio de La Granja de San Ildefonso<\/h3>\n<p>Ya hemos hablado en otra ocasi\u00f3n sobre ellos, durante una visita en la que <a href=\"http:\/\/destinocastillayleon.es\/index\/granja-de-san-ildefonso\/\" title=\"Las Fuentes de La Granja de San Ildefonso , Segovia\" target=\"_blank\">las fuentes estaban funcionando<\/a>. <\/p>\n<p><a href=\"http:\/\/www.iberrutas.com\/\" title=\"Link a la web de Iberrutas\" target=\"_blank\"><figure id=\"attachment_21545\" aria-describedby=\"caption-attachment-21545\" style=\"width: 640px\" class=\"wp-caption aligncenter\"><img decoding=\"async\" src=\"http:\/\/destinocastillayleon.es\/index\/wp-content\/uploads\/2016\/01\/9c6b7402b2edab88365b92b14665707d.jpg\" alt=\"La Granja de San Ildefonso - jardines\" title=\"Jardines de la Granja en primavera - Destino Castilla y Le\u00f3n\" width=\"640\" height=\"364\" class=\"size-full wp-image-21545\" srcset=\"https:\/\/destinocastillayleon.es\/index\/wp-content\/uploads\/2016\/01\/9c6b7402b2edab88365b92b14665707d.jpg 640w, https:\/\/destinocastillayleon.es\/index\/wp-content\/uploads\/2016\/01\/9c6b7402b2edab88365b92b14665707d-300x171.jpg 300w\" sizes=\"(max-width: 640px) 100vw, 640px\" \/><figcaption id=\"caption-attachment-21545\" class=\"wp-caption-text\">Jardines de la Granja &#8211; Imagen cortes\u00eda de Fuente D\u00e9<\/figcaption><\/figure><\/a><\/p>\n<p>Son pr\u00e1cticamente de la misma importancia. Las fuentes siguen funcionando con los sistemas hidr\u00e1ulicos originales. Aprovechando la pendiente de la monta\u00f1a, desde un pantano, se alimentan el conjunto de <strong>21 fuentes ornamentales barrocas<\/strong>.<\/p>\n<p>Los jardines son de claro <strong>estilo franc\u00e9s<\/strong>, con calles principales y calles secundarias. Est\u00e1n realizadas en dos etapas. Al contrario que en Versalles, donde ten\u00edan muchos problemas para conseguir la presi\u00f3n del agua para las fuentes, <strong>en el Palacio de la Granja se utiliz\u00f3 la propia pendiente natural del terreno para conseguir una presi\u00f3n no vista hasta entonces<\/strong>, lo que permite que <strong>algunas fuentes superen los 40 metros de altura<\/strong>.<\/p>\n<p><a href=\"http:\/\/lugaresconhistoria.com\/2011\/02\/28\/la-granja-de-san-ildefonso-segovia\/\" title=\"Link a la web Lugares con Historia\" target=\"_blank\"><figure id=\"attachment_21540\" aria-describedby=\"caption-attachment-21540\" style=\"width: 640px\" class=\"wp-caption aligncenter\"><img decoding=\"async\" src=\"http:\/\/destinocastillayleon.es\/index\/wp-content\/uploads\/2016\/01\/a2c5d4460526f90a87cb8ed369149a63.jpg\" alt=\"La Granja de San Ildefonso - jardines\" title=\"Jardines de La Granja - Destino Castilla y Le\u00f3n\" width=\"640\" height=\"400\" class=\"size-full wp-image-21540\" srcset=\"https:\/\/destinocastillayleon.es\/index\/wp-content\/uploads\/2016\/01\/a2c5d4460526f90a87cb8ed369149a63.jpg 640w, https:\/\/destinocastillayleon.es\/index\/wp-content\/uploads\/2016\/01\/a2c5d4460526f90a87cb8ed369149a63-300x188.jpg 300w\" sizes=\"(max-width: 640px) 100vw, 640px\" \/><figcaption id=\"caption-attachment-21540\" class=\"wp-caption-text\">Jardines de La Granja &#8211; Imagen cortes\u00eda de Lugares de con Historia<\/figcaption><\/figure><\/a><br \/>\n&nbsp;<br \/>\n<strong>Las esculturas son de plomo<\/strong>, pero pintados para simular cobre o m\u00e1rmol.<br \/>\n&nbsp;<\/p>\n<h4>Visita las fuentes los Jardines de La Granja de San Ildefonso funcionando<\/h4>\n<p>Las fuentes <strong>a pleno rendimiento agotar\u00edan en 13 horas el agua que almacena el dep\u00f3sito superior<\/strong>. Adem\u00e1s de supondr\u00eda un gran desgaste para la instalaci\u00f3n. Pr este motivo solo funcionan todas el mismo d\u00eda 3 veces al a\u00f1o: <strong>30 de mayo<\/strong>; D\u00eda de San Fernando, <strong>25 de julio<\/strong>; D\u00eda de Santiago y <strong>25 de agosto<\/strong>; D\u00eda de San Luis. <\/p>\n<p>Pero <strong>puedes visitar los jardines y los s\u00e1bados por la tarde<\/strong> en verano veras las fuentes inferiores <strong>y el domingo por la ma\u00f1ana<\/strong> las superiores.<\/p>\n<p><figure id=\"attachment_21544\" aria-describedby=\"caption-attachment-21544\" style=\"width: 640px\" class=\"wp-caption aligncenter\"><img decoding=\"async\" src=\"http:\/\/destinocastillayleon.es\/index\/wp-content\/uploads\/2016\/01\/4618d94dbe61284610ac8e8a88d1b444.jpg\" alt=\"La Granja de San Ildefonso - fuentes\" title=\"Fuentes de la Granja - Destino Castilla y Le\u00f3n\" width=\"640\" height=\"440\" class=\"size-full wp-image-21544\" srcset=\"https:\/\/destinocastillayleon.es\/index\/wp-content\/uploads\/2016\/01\/4618d94dbe61284610ac8e8a88d1b444.jpg 640w, https:\/\/destinocastillayleon.es\/index\/wp-content\/uploads\/2016\/01\/4618d94dbe61284610ac8e8a88d1b444-300x206.jpg 300w\" sizes=\"(max-width: 640px) 100vw, 640px\" \/><figcaption id=\"caption-attachment-21544\" class=\"wp-caption-text\">Fuentes de la Granja &#8211; Destino Castilla y Le\u00f3n<\/figcaption><\/figure><br \/>\n&nbsp;<\/p>\n<h3>Otras edificaciones palaciegas<\/h3>\n<p><a href=\"https:\/\/es.wikipedia.org\/wiki\/Carlos_III_de_Espa%C3%B1a\" title=\"Link a Wikipedia sobre el Rey Carlos III\" target=\"_blank\">Carlos III<\/a> mandar\u00eda construir y abrir nuevos edificios, que sin ser parte integral del palacio, estaban bajo el mismo conjunto. <strong>Se trata de la Casa de Infantes, las casas de oficios y la Real f\u00e1brica de vidrios de La Granja<\/strong>.<\/p>\n<p>Estas construcciones fueron separadas del palacio durante el sexenio revolucionario y la primera rep\u00fablica. Aunque actualmente son independientes totalmente, s<strong>e las reconoce dentro del mismo conjunto arquitect\u00f3nico<\/strong>.<\/p>\n<p><a href=\"http:\/\/www.radiosegovia.com\/tag\/real-fabrica-de-cristales-de-la-granja\/\" title=\"Link a la web de Radio Segovia\" target=\"_blank\"><figure id=\"attachment_21553\" aria-describedby=\"caption-attachment-21553\" style=\"width: 393px\" class=\"wp-caption aligncenter\"><img decoding=\"async\" src=\"http:\/\/destinocastillayleon.es\/index\/wp-content\/uploads\/2016\/01\/e73d20743ca29464d3df4bc79c23f942.jpg\" alt=\"La Granja de San Ildefonso - Real F\u00e1brica de vidrio\" title=\"Fabrica de Vidrio de La Granja - Destino Castilla y Le\u00f3n\" width=\"393\" height=\"272\" class=\"size-full wp-image-21553\" srcset=\"https:\/\/destinocastillayleon.es\/index\/wp-content\/uploads\/2016\/01\/e73d20743ca29464d3df4bc79c23f942.jpg 393w, https:\/\/destinocastillayleon.es\/index\/wp-content\/uploads\/2016\/01\/e73d20743ca29464d3df4bc79c23f942-300x208.jpg 300w\" sizes=\"(max-width: 393px) 100vw, 393px\" \/><figcaption id=\"caption-attachment-21553\" class=\"wp-caption-text\">Fabrica de Vidrio de La Granja &#8211; Imagen cortes\u00eda de Radio Segovia<\/figcaption><\/figure><\/a><br \/>\n&nbsp;<\/p>\n<h4>Consejos para visitar el Palacio Real de La Granja de San Ildefonso<\/h4>\n<p>La entrada al palacio <strong>cuesta 7 euros<\/strong>, pero si tienes tiempo, <strong>lo ideal es comprar la combinada que permite visitar el cercano Palacio Real de Riofr\u00edo<\/strong>. Esta entrada conjunta cuesta <strong>10 euros<\/strong> y tiene una vigencia de 48 horas.<\/p>\n<p>Si es la primera visita a este palacio, <strong>creemos que es aconsejable pagar los 4 euros<\/strong> que vale la visita guiada.<br \/>\n&nbsp;<\/p>\n<h4><strong>Tambi\u00e9n te puede interesar&#8230;<\/strong><\/h4>\n<ul>\n<li><a href=\"http:\/\/destinocastillayleon.es\/index\/riofrio\">Conoce el Real Sitio del Palacio de Riofr\u00edo<\/a>.<\/li>\n<li><a href=\"http:\/\/destinocastillayleon.es\/index\/alcazar-de-segovia-2\/\">Conoce el Alc\u00e1zar de Segovia, el Palacio Real de Isabel la Cat\u00f3lica<\/a>.<\/li>\n<li><a href=\"http:\/\/destinocastillayleon.es\/index\/ruta-de-tapas-por-segovia\/\">Ruta de tapas por Segovia<\/a>.<\/li>\n<li><a href=\"http:\/\/destinocastillayleon.es\/index\/fin-de-semana-por-la-provincia-de-segovia\/\">Pasar un fin de semana en Segovia<\/a>.<\/li>\n<li><a href=\"http:\/\/destinocastillayleon.es\/index\/las-fuentes-de-la-granja-de-san-ildefonso-segovia\/\">Las Fuentes de La Granja de San Ildefonso en Segovia<\/a>.<\/li>\n<li><a href=\"http:\/\/destinocastillayleon.es\/index\/rincones-secretos-de-segovia\/\">Gu\u00eda con rincones secretos de Segovia<\/a>.<\/li>\n<li><a href=\"http:\/\/destinocastillayleon.es\/index\/alcazar-de-segovia-2\/\">El Alc\u00e1zar de Segovia<\/a>.<\/li>\n<li><a href=\"http:\/\/destinocastillayleon.es\/index\/hotel-vado-del-duraton\/\">Descansar en el Hotel Vado del Durat\u00f3n de Sep\u00falveda<\/a>.<\/li>\n<\/ul>\n<p>&nbsp;<\/p>\n","protected":false},"excerpt":{"rendered":"<p>Descubre c\u00f3mo es el Real Sitio de La Granja de San Ildefonso, as\u00ed como una gu\u00eda de ideas para disfrutar de una visita a este Palacio Real, uno de los m\u00e1s bonitos de Espa\u00f1a<\/p>\n","protected":false},"author":2,"featured_media":21537,"comment_status":"open","ping_status":"closed","sticky":false,"template":"","format":"standard","meta":{"rop_custom_images_group":[],"rop_custom_messages_group":[],"rop_publish_now":"initial","rop_publish_now_accounts":{"twitter_1150954226_1150954226":""},"rop_publish_now_history":[],"rop_publish_now_status":"pending","footnotes":""},"categories":[68,45,73,37,4738],"tags":[769,3551,4804,3521,696,3421,4805,369,564],"class_list":["post-19713","post","type-post","status-publish","format-standard","has-post-thumbnail","hentry","category-post_inicial","category-provincias","category-punto_singular","category-segovia","category-segovia-turismo","tag-destino-castilla-y-leon","tag-palacio-de-la-granja","tag-palacios-de-segovia","tag-planes-en-segovia","tag-que-ver-en-segovia","tag-que-visitar-en-segovia","tag-reales-sitios-de-castilla-y-leon","tag-turismo-en-castilla-y-leon","tag-turismo-en-segovia"],"yoast_head":"<!-- This site is optimized with the Yoast SEO Premium plugin v20.4 (Yoast SEO v27.4) - https:\/\/yoast.com\/product\/yoast-seo-premium-wordpress\/ -->\n<title>Conoce el Real Sitio de La Granja de San Ildefonso<\/title>\n<meta name=\"description\" content=\"Descubre el Real Sitio de La Granja de San Ildefonso, as\u00ed como una gu\u00eda para disfrutar de una visita a este Palacio Real, uno de los m\u00e1s bonitos de Espa\u00f1a\" \/>\n<meta name=\"robots\" content=\"index, follow, max-snippet:-1, max-image-preview:large, max-video-preview:-1\" \/>\n<link rel=\"canonical\" href=\"https:\/\/destinocastillayleon.es\/index\/la-granja-de-san-ildefonso\/\" \/>\n<meta property=\"og:locale\" content=\"es_ES\" \/>\n<meta property=\"og:type\" content=\"article\" \/>\n<meta property=\"og:title\" content=\"Conoce el Real Sitio de La Granja de San Ildefonso\" \/>\n<meta property=\"og:description\" content=\"Descubre c\u00f3mo es el Real Sitio de La Granja de San Ildefonso, as\u00ed como una gu\u00eda de ideas para disfrutar de una visita a este Palacio Real, uno de los m\u00e1s bonitos de Espa\u00f1a\" \/>\n<meta property=\"og:url\" content=\"https:\/\/destinocastillayleon.es\/index\/la-granja-de-san-ildefonso\/\" \/>\n<meta property=\"og:site_name\" content=\"Destino Castilla y Le\u00f3n\" \/>\n<meta property=\"article:publisher\" content=\"https:\/\/www.facebook.com\/DestinoCastillaYLeon\/\" \/>\n<meta property=\"article:author\" content=\"https:\/\/www.facebook.com\/profile.php?id=1158416854\" \/>\n<meta property=\"article:published_time\" content=\"2016-01-13T06:37:59+00:00\" \/>\n<meta property=\"article:modified_time\" content=\"2018-04-12T06:04:25+00:00\" \/>\n<meta property=\"og:image\" content=\"https:\/\/destinocastillayleon.es\/index\/wp-content\/uploads\/2016\/01\/a0309f931c8432fcd88442225e92667e.jpg\" \/>\n\t<meta property=\"og:image:width\" content=\"850\" \/>\n\t<meta property=\"og:image:height\" content=\"479\" \/>\n\t<meta property=\"og:image:type\" content=\"image\/jpeg\" \/>\n<meta name=\"author\" content=\"David V\u00e1zquez\" \/>\n<meta name=\"twitter:card\" content=\"summary_large_image\" \/>\n<meta name=\"twitter:title\" content=\"Conoce el Real Sitio de La Granja de San Ildefonso\" \/>\n<meta name=\"twitter:description\" content=\"Descubre c\u00f3mo es el Real Sitio de La Granja de San Ildefonso, as\u00ed como una gu\u00eda de ideas para disfrutar de una visita a este Palacio Real, uno de los m\u00e1s bonitos de Espa\u00f1a\" \/>\n<meta name=\"twitter:image\" content=\"http:\/\/destinocastillayleon.es\/index\/wp-content\/uploads\/2016\/01\/a0309f931c8432fcd88442225e92667e-300x169.jpg\" \/>\n<meta name=\"twitter:creator\" content=\"@https:\/\/twitter.com\/ContePantaleone\u200e\" \/>\n<meta name=\"twitter:site\" content=\"@destinocyl\" \/>\n<meta name=\"twitter:label1\" content=\"Escrito por\" \/>\n\t<meta name=\"twitter:data1\" content=\"David V\u00e1zquez\" \/>\n\t<meta name=\"twitter:label2\" content=\"Tiempo de lectura\" \/>\n\t<meta name=\"twitter:data2\" content=\"8 minutos\" \/>\n<script type=\"application\/ld+json\" class=\"yoast-schema-graph\">{\"@context\":\"https:\\\/\\\/schema.org\",\"@graph\":[{\"@type\":\"Article\",\"@id\":\"https:\\\/\\\/destinocastillayleon.es\\\/index\\\/la-granja-de-san-ildefonso\\\/#article\",\"isPartOf\":{\"@id\":\"https:\\\/\\\/destinocastillayleon.es\\\/index\\\/la-granja-de-san-ildefonso\\\/\"},\"author\":{\"name\":\"David V\u00e1zquez\",\"@id\":\"https:\\\/\\\/destinocastillayleon.es\\\/index\\\/#\\\/schema\\\/person\\\/189221bc8f6cc4fa28b18ad5c289d4c2\"},\"headline\":\"Conoce el Real Sitio de La Granja de San Ildefonso\",\"datePublished\":\"2016-01-13T06:37:59+00:00\",\"dateModified\":\"2018-04-12T06:04:25+00:00\",\"mainEntityOfPage\":{\"@id\":\"https:\\\/\\\/destinocastillayleon.es\\\/index\\\/la-granja-de-san-ildefonso\\\/\"},\"wordCount\":1561,\"commentCount\":0,\"image\":{\"@id\":\"https:\\\/\\\/destinocastillayleon.es\\\/index\\\/la-granja-de-san-ildefonso\\\/#primaryimage\"},\"thumbnailUrl\":\"https:\\\/\\\/destinocastillayleon.es\\\/index\\\/wp-content\\\/uploads\\\/2016\\\/01\\\/a0309f931c8432fcd88442225e92667e.jpg\",\"keywords\":[\"Destino Castilla y Le\u00f3n\",\"Palacio de La Granja\",\"palacios de Segovia\",\"planes en segovia\",\"Qu\u00e9 ver en Segovia\",\"que visitar en Segovia\",\"Reales sitios de Castilla y Le\u00f3n\",\"turismo en Castilla y Le\u00f3n\",\"turismo en Segovia\"],\"articleSection\":[\"Post_inicial\",\"Provincias\",\"Punto Singular\",\"Segovia\",\"Segovia turismo\"],\"inLanguage\":\"es\",\"potentialAction\":[{\"@type\":\"CommentAction\",\"name\":\"Comment\",\"target\":[\"https:\\\/\\\/destinocastillayleon.es\\\/index\\\/la-granja-de-san-ildefonso\\\/#respond\"]}]},{\"@type\":\"WebPage\",\"@id\":\"https:\\\/\\\/destinocastillayleon.es\\\/index\\\/la-granja-de-san-ildefonso\\\/\",\"url\":\"https:\\\/\\\/destinocastillayleon.es\\\/index\\\/la-granja-de-san-ildefonso\\\/\",\"name\":\"Conoce el Real Sitio de La Granja de San Ildefonso\",\"isPartOf\":{\"@id\":\"https:\\\/\\\/destinocastillayleon.es\\\/index\\\/#website\"},\"primaryImageOfPage\":{\"@id\":\"https:\\\/\\\/destinocastillayleon.es\\\/index\\\/la-granja-de-san-ildefonso\\\/#primaryimage\"},\"image\":{\"@id\":\"https:\\\/\\\/destinocastillayleon.es\\\/index\\\/la-granja-de-san-ildefonso\\\/#primaryimage\"},\"thumbnailUrl\":\"https:\\\/\\\/destinocastillayleon.es\\\/index\\\/wp-content\\\/uploads\\\/2016\\\/01\\\/a0309f931c8432fcd88442225e92667e.jpg\",\"datePublished\":\"2016-01-13T06:37:59+00:00\",\"dateModified\":\"2018-04-12T06:04:25+00:00\",\"author\":{\"@id\":\"https:\\\/\\\/destinocastillayleon.es\\\/index\\\/#\\\/schema\\\/person\\\/189221bc8f6cc4fa28b18ad5c289d4c2\"},\"description\":\"Descubre el Real Sitio de La Granja de San Ildefonso, as\u00ed como una gu\u00eda para disfrutar de una visita a este Palacio Real, uno de los m\u00e1s bonitos de Espa\u00f1a\",\"breadcrumb\":{\"@id\":\"https:\\\/\\\/destinocastillayleon.es\\\/index\\\/la-granja-de-san-ildefonso\\\/#breadcrumb\"},\"inLanguage\":\"es\",\"potentialAction\":[{\"@type\":\"ReadAction\",\"target\":[\"https:\\\/\\\/destinocastillayleon.es\\\/index\\\/la-granja-de-san-ildefonso\\\/\"]}]},{\"@type\":\"ImageObject\",\"inLanguage\":\"es\",\"@id\":\"https:\\\/\\\/destinocastillayleon.es\\\/index\\\/la-granja-de-san-ildefonso\\\/#primaryimage\",\"url\":\"https:\\\/\\\/destinocastillayleon.es\\\/index\\\/wp-content\\\/uploads\\\/2016\\\/01\\\/a0309f931c8432fcd88442225e92667e.jpg\",\"contentUrl\":\"https:\\\/\\\/destinocastillayleon.es\\\/index\\\/wp-content\\\/uploads\\\/2016\\\/01\\\/a0309f931c8432fcd88442225e92667e.jpg\",\"width\":850,\"height\":479,\"caption\":\"Real sitio de la Granja - Destino Castilla y Le\u00f3n\"},{\"@type\":\"BreadcrumbList\",\"@id\":\"https:\\\/\\\/destinocastillayleon.es\\\/index\\\/la-granja-de-san-ildefonso\\\/#breadcrumb\",\"itemListElement\":[{\"@type\":\"ListItem\",\"position\":1,\"name\":\"Portada\",\"item\":\"https:\\\/\\\/destinocastillayleon.es\\\/index\\\/\"},{\"@type\":\"ListItem\",\"position\":2,\"name\":\"Conoce el Real Sitio de La Granja de San Ildefonso\"}]},{\"@type\":\"WebSite\",\"@id\":\"https:\\\/\\\/destinocastillayleon.es\\\/index\\\/#website\",\"url\":\"https:\\\/\\\/destinocastillayleon.es\\\/index\\\/\",\"name\":\"Destino Castilla y Le\u00f3n\",\"description\":\"Medio digital independiente y revista de Castilla y Le\u00f3n dedicado al turismo, gastronom\u00eda y vino de Castilla y Le\u00f3n\",\"potentialAction\":[{\"@type\":\"SearchAction\",\"target\":{\"@type\":\"EntryPoint\",\"urlTemplate\":\"https:\\\/\\\/destinocastillayleon.es\\\/index\\\/?s={search_term_string}\"},\"query-input\":{\"@type\":\"PropertyValueSpecification\",\"valueRequired\":true,\"valueName\":\"search_term_string\"}}],\"inLanguage\":\"es\"},{\"@type\":\"Person\",\"@id\":\"https:\\\/\\\/destinocastillayleon.es\\\/index\\\/#\\\/schema\\\/person\\\/189221bc8f6cc4fa28b18ad5c289d4c2\",\"name\":\"David V\u00e1zquez\",\"image\":{\"@type\":\"ImageObject\",\"inLanguage\":\"es\",\"@id\":\"https:\\\/\\\/secure.gravatar.com\\\/avatar\\\/cd12db6c575a90c3b75cfa0f794b74d425201c768612fad17e9f13cd33d48be8?s=96&d=mm&r=g\",\"url\":\"https:\\\/\\\/secure.gravatar.com\\\/avatar\\\/cd12db6c575a90c3b75cfa0f794b74d425201c768612fad17e9f13cd33d48be8?s=96&d=mm&r=g\",\"contentUrl\":\"https:\\\/\\\/secure.gravatar.com\\\/avatar\\\/cd12db6c575a90c3b75cfa0f794b74d425201c768612fad17e9f13cd33d48be8?s=96&d=mm&r=g\",\"caption\":\"David V\u00e1zquez\"},\"description\":\"Ingeniero Industrial de vocaci\u00f3n y profesi\u00f3n, he encontrado en los blogs la forma de plasmar mi pasi\u00f3n por los viajes, la gastronom\u00eda y los vinos. Especialmente los procedentes de Castilla y Le\u00f3n\",\"sameAs\":[\"https:\\\/\\\/www.destinocastillayleon.es\",\"https:\\\/\\\/www.facebook.com\\\/profile.php?id=1158416854\",\"https:\\\/\\\/instagram.com\\\/conte.pantaleone\",\"https:\\\/\\\/www.linkedin.com\\\/pub\\\/david-vazquez-lozano\\\/37\\\/17a\\\/25a\",\"https:\\\/\\\/x.com\\\/https:\\\/\\\/twitter.com\\\/ContePantaleone\u200e\"],\"url\":\"https:\\\/\\\/destinocastillayleon.es\\\/index\\\/author\\\/coadministradorcyl\\\/\"}]}<\/script>\n<!-- \/ Yoast SEO Premium plugin. -->","yoast_head_json":{"title":"Conoce el Real Sitio de La Granja de San Ildefonso","description":"Descubre el Real Sitio de La Granja de San Ildefonso, as\u00ed como una gu\u00eda para disfrutar de una visita a este Palacio Real, uno de los m\u00e1s bonitos de Espa\u00f1a","robots":{"index":"index","follow":"follow","max-snippet":"max-snippet:-1","max-image-preview":"max-image-preview:large","max-video-preview":"max-video-preview:-1"},"canonical":"https:\/\/destinocastillayleon.es\/index\/la-granja-de-san-ildefonso\/","og_locale":"es_ES","og_type":"article","og_title":"Conoce el Real Sitio de La Granja de San Ildefonso","og_description":"Descubre c\u00f3mo es el Real Sitio de La Granja de San Ildefonso, as\u00ed como una gu\u00eda de ideas para disfrutar de una visita a este Palacio Real, uno de los m\u00e1s bonitos de Espa\u00f1a","og_url":"https:\/\/destinocastillayleon.es\/index\/la-granja-de-san-ildefonso\/","og_site_name":"Destino Castilla y Le\u00f3n","article_publisher":"https:\/\/www.facebook.com\/DestinoCastillaYLeon\/","article_author":"https:\/\/www.facebook.com\/profile.php?id=1158416854","article_published_time":"2016-01-13T06:37:59+00:00","article_modified_time":"2018-04-12T06:04:25+00:00","og_image":[{"width":850,"height":479,"url":"https:\/\/destinocastillayleon.es\/index\/wp-content\/uploads\/2016\/01\/a0309f931c8432fcd88442225e92667e.jpg","type":"image\/jpeg"}],"author":"David V\u00e1zquez","twitter_card":"summary_large_image","twitter_title":"Conoce el Real Sitio de La Granja de San Ildefonso","twitter_description":"Descubre c\u00f3mo es el Real Sitio de La Granja de San Ildefonso, as\u00ed como una gu\u00eda de ideas para disfrutar de una visita a este Palacio Real, uno de los m\u00e1s bonitos de Espa\u00f1a","twitter_image":"http:\/\/destinocastillayleon.es\/index\/wp-content\/uploads\/2016\/01\/a0309f931c8432fcd88442225e92667e-300x169.jpg","twitter_creator":"@https:\/\/twitter.com\/ContePantaleone\u200e","twitter_site":"@destinocyl","twitter_misc":{"Escrito por":"David V\u00e1zquez","Tiempo de lectura":"8 minutos"},"schema":{"@context":"https:\/\/schema.org","@graph":[{"@type":"Article","@id":"https:\/\/destinocastillayleon.es\/index\/la-granja-de-san-ildefonso\/#article","isPartOf":{"@id":"https:\/\/destinocastillayleon.es\/index\/la-granja-de-san-ildefonso\/"},"author":{"name":"David V\u00e1zquez","@id":"https:\/\/destinocastillayleon.es\/index\/#\/schema\/person\/189221bc8f6cc4fa28b18ad5c289d4c2"},"headline":"Conoce el Real Sitio de La Granja de San Ildefonso","datePublished":"2016-01-13T06:37:59+00:00","dateModified":"2018-04-12T06:04:25+00:00","mainEntityOfPage":{"@id":"https:\/\/destinocastillayleon.es\/index\/la-granja-de-san-ildefonso\/"},"wordCount":1561,"commentCount":0,"image":{"@id":"https:\/\/destinocastillayleon.es\/index\/la-granja-de-san-ildefonso\/#primaryimage"},"thumbnailUrl":"https:\/\/destinocastillayleon.es\/index\/wp-content\/uploads\/2016\/01\/a0309f931c8432fcd88442225e92667e.jpg","keywords":["Destino Castilla y Le\u00f3n","Palacio de La Granja","palacios de Segovia","planes en segovia","Qu\u00e9 ver en Segovia","que visitar en Segovia","Reales sitios de Castilla y Le\u00f3n","turismo en Castilla y Le\u00f3n","turismo en Segovia"],"articleSection":["Post_inicial","Provincias","Punto Singular","Segovia","Segovia turismo"],"inLanguage":"es","potentialAction":[{"@type":"CommentAction","name":"Comment","target":["https:\/\/destinocastillayleon.es\/index\/la-granja-de-san-ildefonso\/#respond"]}]},{"@type":"WebPage","@id":"https:\/\/destinocastillayleon.es\/index\/la-granja-de-san-ildefonso\/","url":"https:\/\/destinocastillayleon.es\/index\/la-granja-de-san-ildefonso\/","name":"Conoce el Real Sitio de La Granja de San Ildefonso","isPartOf":{"@id":"https:\/\/destinocastillayleon.es\/index\/#website"},"primaryImageOfPage":{"@id":"https:\/\/destinocastillayleon.es\/index\/la-granja-de-san-ildefonso\/#primaryimage"},"image":{"@id":"https:\/\/destinocastillayleon.es\/index\/la-granja-de-san-ildefonso\/#primaryimage"},"thumbnailUrl":"https:\/\/destinocastillayleon.es\/index\/wp-content\/uploads\/2016\/01\/a0309f931c8432fcd88442225e92667e.jpg","datePublished":"2016-01-13T06:37:59+00:00","dateModified":"2018-04-12T06:04:25+00:00","author":{"@id":"https:\/\/destinocastillayleon.es\/index\/#\/schema\/person\/189221bc8f6cc4fa28b18ad5c289d4c2"},"description":"Descubre el Real Sitio de La Granja de San Ildefonso, as\u00ed como una gu\u00eda para disfrutar de una visita a este Palacio Real, uno de los m\u00e1s bonitos de Espa\u00f1a","breadcrumb":{"@id":"https:\/\/destinocastillayleon.es\/index\/la-granja-de-san-ildefonso\/#breadcrumb"},"inLanguage":"es","potentialAction":[{"@type":"ReadAction","target":["https:\/\/destinocastillayleon.es\/index\/la-granja-de-san-ildefonso\/"]}]},{"@type":"ImageObject","inLanguage":"es","@id":"https:\/\/destinocastillayleon.es\/index\/la-granja-de-san-ildefonso\/#primaryimage","url":"https:\/\/destinocastillayleon.es\/index\/wp-content\/uploads\/2016\/01\/a0309f931c8432fcd88442225e92667e.jpg","contentUrl":"https:\/\/destinocastillayleon.es\/index\/wp-content\/uploads\/2016\/01\/a0309f931c8432fcd88442225e92667e.jpg","width":850,"height":479,"caption":"Real sitio de la Granja - Destino Castilla y Le\u00f3n"},{"@type":"BreadcrumbList","@id":"https:\/\/destinocastillayleon.es\/index\/la-granja-de-san-ildefonso\/#breadcrumb","itemListElement":[{"@type":"ListItem","position":1,"name":"Portada","item":"https:\/\/destinocastillayleon.es\/index\/"},{"@type":"ListItem","position":2,"name":"Conoce el Real Sitio de La Granja de San Ildefonso"}]},{"@type":"WebSite","@id":"https:\/\/destinocastillayleon.es\/index\/#website","url":"https:\/\/destinocastillayleon.es\/index\/","name":"Destino Castilla y Le\u00f3n","description":"Medio digital independiente y revista de Castilla y Le\u00f3n dedicado al turismo, gastronom\u00eda y vino de Castilla y Le\u00f3n","potentialAction":[{"@type":"SearchAction","target":{"@type":"EntryPoint","urlTemplate":"https:\/\/destinocastillayleon.es\/index\/?s={search_term_string}"},"query-input":{"@type":"PropertyValueSpecification","valueRequired":true,"valueName":"search_term_string"}}],"inLanguage":"es"},{"@type":"Person","@id":"https:\/\/destinocastillayleon.es\/index\/#\/schema\/person\/189221bc8f6cc4fa28b18ad5c289d4c2","name":"David V\u00e1zquez","image":{"@type":"ImageObject","inLanguage":"es","@id":"https:\/\/secure.gravatar.com\/avatar\/cd12db6c575a90c3b75cfa0f794b74d425201c768612fad17e9f13cd33d48be8?s=96&d=mm&r=g","url":"https:\/\/secure.gravatar.com\/avatar\/cd12db6c575a90c3b75cfa0f794b74d425201c768612fad17e9f13cd33d48be8?s=96&d=mm&r=g","contentUrl":"https:\/\/secure.gravatar.com\/avatar\/cd12db6c575a90c3b75cfa0f794b74d425201c768612fad17e9f13cd33d48be8?s=96&d=mm&r=g","caption":"David V\u00e1zquez"},"description":"Ingeniero Industrial de vocaci\u00f3n y profesi\u00f3n, he encontrado en los blogs la forma de plasmar mi pasi\u00f3n por los viajes, la gastronom\u00eda y los vinos. Especialmente los procedentes de Castilla y Le\u00f3n","sameAs":["https:\/\/www.destinocastillayleon.es","https:\/\/www.facebook.com\/profile.php?id=1158416854","https:\/\/instagram.com\/conte.pantaleone","https:\/\/www.linkedin.com\/pub\/david-vazquez-lozano\/37\/17a\/25a","https:\/\/x.com\/https:\/\/twitter.com\/ContePantaleone\u200e"],"url":"https:\/\/destinocastillayleon.es\/index\/author\/coadministradorcyl\/"}]}},"_links":{"self":[{"href":"https:\/\/destinocastillayleon.es\/index\/wp-json\/wp\/v2\/posts\/19713","targetHints":{"allow":["GET"]}}],"collection":[{"href":"https:\/\/destinocastillayleon.es\/index\/wp-json\/wp\/v2\/posts"}],"about":[{"href":"https:\/\/destinocastillayleon.es\/index\/wp-json\/wp\/v2\/types\/post"}],"author":[{"embeddable":true,"href":"https:\/\/destinocastillayleon.es\/index\/wp-json\/wp\/v2\/users\/2"}],"replies":[{"embeddable":true,"href":"https:\/\/destinocastillayleon.es\/index\/wp-json\/wp\/v2\/comments?post=19713"}],"version-history":[{"count":26,"href":"https:\/\/destinocastillayleon.es\/index\/wp-json\/wp\/v2\/posts\/19713\/revisions"}],"predecessor-version":[{"id":27890,"href":"https:\/\/destinocastillayleon.es\/index\/wp-json\/wp\/v2\/posts\/19713\/revisions\/27890"}],"wp:featuredmedia":[{"embeddable":true,"href":"https:\/\/destinocastillayleon.es\/index\/wp-json\/wp\/v2\/media\/21537"}],"wp:attachment":[{"href":"https:\/\/destinocastillayleon.es\/index\/wp-json\/wp\/v2\/media?parent=19713"}],"wp:term":[{"taxonomy":"category","embeddable":true,"href":"https:\/\/destinocastillayleon.es\/index\/wp-json\/wp\/v2\/categories?post=19713"},{"taxonomy":"post_tag","embeddable":true,"href":"https:\/\/destinocastillayleon.es\/index\/wp-json\/wp\/v2\/tags?post=19713"}],"curies":[{"name":"wp","href":"https:\/\/api.w.org\/{rel}","templated":true}]}}