{"id":19032,"date":"2015-05-21T07:51:21","date_gmt":"2015-05-21T05:51:21","guid":{"rendered":"http:\/\/destinocastillayleon.es\/index\/?p=19032"},"modified":"2021-02-03T17:33:56","modified_gmt":"2021-02-03T16:33:56","slug":"senderismo-en-la-ruta-del-cares","status":"publish","type":"post","link":"https:\/\/destinocastillayleon.es\/index\/senderismo-en-la-ruta-del-cares\/","title":{"rendered":"Senderismo en la Ruta del Cares"},"content":{"rendered":"<p style=\"text-align: justify;\">Queremos compartir con vosotros una de las rutas de senderismo m\u00e1s atractivas de Castilla y Le\u00f3n, aunque castellano y leonesa solo sea la mitad, puesto que la otra mitad est\u00e1 en Asturias. Se trata, como ya habr\u00e9is imaginado, de <strong>la Ruta del Cares<\/strong>.<\/p>\n<p style=\"text-align: justify;\">Es probablemente una de las rutas m\u00e1s famosas, puesto que <strong>atraviesa durante 11 kil\u00f3metros una garganta entre dos grandes monta\u00f1as siguiendo el r\u00edo Cares<\/strong>. La belleza de la ruta es tal, que <strong>es conocida como la Garganta Divina<\/strong>.\n<\/p>\n<p>&nbsp;<\/p>\n<h2><strong>La verdadera ruta del Cares<\/strong><\/h2>\n<p>Aunque el tramo m\u00e1s conocido, <strong>une la localidad leonesa de Ca\u00edn con la asturiana de Poncebos<\/strong>, esta ruta <strong>parte la cabecera de la poblaci\u00f3n Posada de Valde\u00f3n<\/strong>. Recorriendo otros 8 kil\u00f3metros m\u00e1s, para atravesar la zona del <a title=\"Link a la web oficial del Parque Nacional de los Picos de Europa del Ministerio de Medio Ambiente\" href=\"http:\/\/www.magrama.gob.es\/es\/red-parques-nacionales\/nuestros-parques\/picos-europa\/\" target=\"_blank\" rel=\"noopener noreferrer\">Parque Nacional de los Picos de Europa<\/a>.<br \/>\n<center><img decoding=\"async\" title=\"Valle de Valde\u00f3n\" src=\"http:\/\/destinocastillayleon.es\/index\/wp-content\/uploads\/2015\/05\/Ruta-del-Cares-Entorno-01.jpg\" alt=\"Entorno de la ruta del Cares\" width=\"640\" \/><\/center><\/p>\n<p>&nbsp;<\/p>\n<h3><strong>Curiosidades de esta ruta<\/strong><\/h3>\n<p>Los senderistas que atraviesen esta garganta, lo primero que les llamar\u00e1 la atenci\u00f3n es <strong>la presencia de un canal de agua <\/strong>que discurre mediante t\u00faneles, viaductos,.. Se trata del canal de alimentaci\u00f3n de <strong>la central minihidroel\u00e9ctrica de Camarme\u00f1a &#8211; Poncebos<\/strong>. Con una pendiente controlada, el agua recogida en la presa del Ca\u00edn, atraviesa esta garganta para llegar a la central, al otro lado del paso.<\/p>\n<p><center><img decoding=\"async\" title=\"Canal de agua que recorre toda la Rutal de Cares\" src=\"http:\/\/destinocastillayleon.es\/index\/wp-content\/uploads\/2015\/05\/4d78e2666856a2f7bedbe655baf07483.jpg\" alt=\"Rutal de Cares - Canal de agua - Destino Castilla y Le\u00f3n\" width=\"640\" height=\"428\" \/><\/center><br \/>\n&nbsp;<br \/>\nOtra curiosidad es que la mitad de esta ruta, <strong>coincide con el itinerario que siguieron las derrotadas tropas \u00e1rabes tras la batalla de Covadonga<\/strong>, que en el 722, dio pie a la reconquista. Esta ruta tambi\u00e9n est\u00e1 se\u00f1alizada, junto a otras por la direcci\u00f3n del Parque Natural de los Picos de Europa.<\/p>\n<p><strong>Esta ruta no es circular<\/strong>, por lo que una pr\u00e1ctica muy habitual es que dos equipos de personas partan de ambos extremos, intercambi\u00e1ndose las llaves del coche a mitad de recorrido. Si no puedes hacer esto, en ambas cabeceras, <strong>existen gran cantidad de servicios de taxi o autob\u00fas que permiten ir al punto de origen<\/strong>.<br \/>\n<center><iframe src=\"https:\/\/www.google.com\/maps\/d\/embed?mid=z1CRfLLabq_k.kL8U2eZlwICI\" width=\"60%\" height=\"390\"><\/iframe><\/center><br \/>\n&nbsp;<br \/>\nEl recorrido <strong>fue concebido como ruta de los trabajadores que, de 1916 a 1921<\/strong>, realizaban el canal de alimentaci\u00f3n de la central hidroel\u00e9ctrica. Durante su ejecuci\u00f3n trabajaron m\u00e1s de 500 obreros, de los cuales fallecieron unos 11 por accidente.<\/p>\n<p><center><img decoding=\"async\" title=\"Imagen antigua de la Ruta del Cares rescatada por el Diario de Le\u00f3n\" src=\"http:\/\/destinocastillayleon.es\/index\/wp-content\/uploads\/2015\/05\/48bfd5ef66ea547a33f2aefcb99919f0.jpg\" alt=\"imagen antigua\" width=\"640\" \/><\/center><br \/>\n&nbsp;<br \/>\n<strong>Esta ruta se puso de moda a mediados de los a\u00f1os 80<\/strong>, por lo que fue necesaria su rehabilitaci\u00f3n. La segunda intervenci\u00f3n seria fue a principios del siglo XXI. <strong>Pese a que es suficientemente ancha, estamos en cornisas de cientos de metros de ca\u00edda<\/strong>, y lamentablemente, aunque han crecido las medidas de seguridad, cada cierto tiempo, algunos turistas despistados sufren accidentes.<\/p>\n<p>La particular orograf\u00eda y la presencia de agua en esta garganta, hace que la flora sea muy especial, d\u00e1ndose <strong>un bosque mediterr\u00e1neo con encinas que cuelgan de los empinados riscos<\/strong>.<br \/>\n&nbsp;<\/p>\n<h3><strong>Recorriendo la ruta<\/strong><\/h3>\n<p style=\"text-align: justify;\">La ruta m\u00e1s habitual son <strong>los casi 12 kil\u00f3metros entre Ca\u00edn y Poncebos<\/strong>. Este recorrido puede realizarse en <strong>algo menos de 3 horas<\/strong> a un ritmo medio.<\/p>\n<p style=\"text-align: justify;\">Aunque la ruta <strong>tambi\u00e9n es transitada en invierno, la presencia de nieve hace poco recomendable paso a aficionados al senderismo<\/strong>, puesto que no existen barandillas m\u00e1s que en unos peque\u00f1os tramos de especial peligrosidad; y aunque no es especialmente peligrosa, <strong>es aconsejable ir con cuidado durante todo el recorrido<\/strong>.\n<\/p>\n<p><center><img decoding=\"async\" title=\"Entorno de la Ruta del Cares, el Valle de Valde\u00f3n\" src=\"http:\/\/destinocastillayleon.es\/index\/wp-content\/uploads\/2015\/05\/eb8e77d7e1356c55df4e347ca44d636e.jpg\" alt=\"Entorno de este recorrido\" width=\"640\" \/><\/center><br \/>\n&nbsp;<br \/>\nEn verano, aunque los d\u00edas son largos, tambi\u00e9n son calurosos. <strong>Una buena idea es madrugar<\/strong>, aunque como la carretera de acceso no es f\u00e1cil, si tienes la oportunidad, <strong>es recomendable hacer noche en los hoteles y casas rurales de Ca\u00edn<\/strong>, que no son muy caros y son un punto perfecto para salir.<\/p>\n<h4>Saliendo de Ca\u00edn<\/h4>\n<p><strong>Una de las mejores experiencias es realizar la ruta ida y vuelta<\/strong>, aunque mejor si no se realiza con ni\u00f1os. Nosotros partimos de Ca\u00edn e hicimos noche en el <a title=\"Link a la web del Hotel Casa Cuevas\" href=\"http:\/\/www.casacuevas.es\/\" target=\"_blank\" rel=\"noopener noreferrer\">hotel Casa Cuevas<\/a>. Un c\u00f3modo hotel rural adem\u00e1s donde puedes encargar un bocadillo para el camino.<\/p>\n<p><center><img decoding=\"async\" title=\"Hotel, Casa rural, Casa Nueva en Ca\u00edn, un lugar para hacer noche o adquirir un bocadillo\" src=\"http:\/\/destinocastillayleon.es\/index\/wp-content\/uploads\/2015\/05\/0aa186d44bbd97eed92779475073d73d.jpg\" alt=\"Hotel rural Casa Nueva\" width=\"640\" \/><\/center><br \/>\n&nbsp;<br \/>\nAtravesamos Ca\u00edn y encontramos <strong>una peque\u00f1a presa<\/strong> que retiene el agua del r\u00edo Cares y la deriva hacia el canal. Este es una de las partes m\u00e1s bonitas de la ruta, puesto que iremos entre <strong>grutas escavadas en la monta\u00f1a<\/strong> con vistas a las bravas aguas del Cares.<\/p>\n<p>Siguiendo, m\u00e1s adelante, cambiaremos de margen <strong>usando un puente met\u00e1lico<\/strong>. Tanto la vista de la ma\u00f1ana como de la tarde hace de esta parte especialmente hermosa. Desde aqu\u00ed entraremos en <strong>una parte muy vertical de la garganta y con bastante humedad<\/strong>.<\/p>\n<p><center><img decoding=\"async\" title=\"Puentes modernos de hierro que actualmente se usan en la Ruta del Cares\" src=\"http:\/\/destinocastillayleon.es\/index\/wp-content\/uploads\/2015\/05\/3519b80cc97c6ccd93f5fe783c0882cd.jpg\" alt=\"Puentes modernos\" width=\"640\" \/><\/center><br \/>\n&nbsp;<br \/>\nTras pocos centenares de metros, <strong>volveremos a cambiar de margen<\/strong>, y la ruta se abre a una zona mucho m\u00e1s ancha. Ya <strong>no existen barandillas<\/strong>, por lo que si vas con ni\u00f1os, hay que vigilarlos.<\/p>\n<p><strong>Es casi imposible perderse<\/strong>, por el gran n\u00famero de visitantes que atraviesan esta ruta y a que pr\u00e1cticamente <strong>no hay desviaciones en la ruta<\/strong>. A falta de 4 kil\u00f3metros, m\u00e1s o menos, encontramos <strong>una desviaci\u00f3n hacia un sendero del tipo GR<\/strong>, que enlaza con Covadonga, siguiendo la ruta de huida de las tropas musulmanas.<\/p>\n<p><center><img decoding=\"async\" title=\"Bocadillos que tomamos, junto a una ca\u00f1a en Poncebos, el otro extremo de la Ruta del Cares\" src=\"http:\/\/destinocastillayleon.es\/index\/wp-content\/uploads\/2015\/05\/21aec6bae67854b8dea9aa15cc8a3b07.jpg\" alt=\"Bocatas\" title=\"Bocadillo en la ruta del Cares\" width=\"640\" \/><\/center><br \/>\n&nbsp;<br \/>\nDe esta forma, finalmente llegaremos a Poncebos. Existen varios lugares donde disfrutar de un men\u00fa del d\u00eda, o encargar bocadillos. Tras rehidratarnos y descansar, se puede utilizar uno de los servicios de regreso, o bien regresar por la misma ruta a pie.<\/p>\n<p><center><img decoding=\"async\" title=\"Se\u00f1alizaci\u00f3n de la Ruta del Cares \" src=\"http:\/\/destinocastillayleon.es\/index\/wp-content\/uploads\/2015\/05\/6408ad1666c03affceee8ed2004c5cbb.jpg\" alt=\"se\u00f1alizaci\u00f3n de senderismo\" width=\"640\" \/><\/center><\/p>\n<p>Existe una gran cantidad de taxis esperando en cada extremo de la ruta. No obstante, tambi\u00e9n se puede contratar con algunas empresas de turismo activo una actividad que te permite regresar pasando por unos parajes, <strong>por los que solo un 4&#215;4 autorizado puede entrar<\/strong>. No nos olvidemos que estamos disfrutando de un Parque Natural.<\/p>\n<p>&nbsp;<\/p>\n<h4><strong>Galer\u00eda de im\u00e1genes<\/strong><\/h4>\n<div class=\"easyRotatorWrapper\" align=\"center\">\r\n\r\n<!-- Begin DWUser_EasyRotator -->\r\n<script type=\"text\/javascript\" src=\"https:\/\/c520866.ssl.cf2.rackcdn.com\/1\/js\/easy_rotator.min.js\"><\/script>\r\n<div class=\"dwuserEasyRotator\" style=\"width: 100%; height: 400px; position:relative; text-align: left;\" data-erConfig=\"{autoplayEnabled:false, lpp:'102-105-108-101-58-47-47-47-67-58-47-68-111-99-117-109-101-110-116-115-37-50-48-97-110-100-37-50-48-83-101-116-116-105-110-103-115-47-85-83-85-65-82-73-79-47-77-121-37-50-48-68-111-99-117-109-101-110-116-115-47-69-97-115-121-82-111-116-97-116-111-114-80-114-101-118-105-101-119-47-112-114-101-118-105-101-119-95-115-119-102-115-47', wv:1}\" data-erName=\"Ruta del Cares\" data-erTID=\"{qjbw8hdhk0982002912341}\" data-erResponsiveRatio=\"{16:9}\">\r\n\t<div data-ertype=\"content\" style=\"display: none;\"><ul data-erlabel=\"Main Category\">\r\n\t<li>\r\n\t\t<img decoding=\"async\" class=\"main\" src=\"http:\/\/destinocastillayleon.es\/index\/wp-content\/uploads\/2015\/05\/9886ab389238f1763d6c51bfd01c9c30.jpg\" alt=\"Ruta del Cares - Destino Castilla y Le\u00f3n - Ruta 01\" \/>\r\n\t\t<img decoding=\"async\" class=\"thumb\" src=\"http:\/\/destinocastillayleon.es\/index\/wp-content\/uploads\/2015\/05\/9886ab389238f1763d6c51bfd01c9c30.jpg\" \/>\r\n\t\t<span class=\"title\">Ruta del Cares - Destino Castilla y Le\u00f3n - Ruta 01<\/span>\r\n\t\t<span class=\"desc\">Ruta del Cares - Destino Castilla y Le\u00f3n - Ruta<\/span>\r\n\t<\/li>\r\n\t<li>\r\n\t\t<img decoding=\"async\" class=\"main\" src=\"http:\/\/destinocastillayleon.es\/index\/wp-content\/uploads\/2015\/05\/1bb2dff85d6e6cfef15005f3d234d726.jpg\" alt=\"Ruta del Cares - Destino Castilla y Le\u00f3n - Ruta 02\" \/>\r\n\t\t<img decoding=\"async\" class=\"thumb\" src=\"http:\/\/destinocastillayleon.es\/index\/wp-content\/uploads\/2015\/05\/1bb2dff85d6e6cfef15005f3d234d726.jpg\" \/>\r\n\t\t<span class=\"title\">Ruta del Cares - Destino Castilla y Le\u00f3n - Ruta 02<\/span>\r\n\t\t<span class=\"desc\">Ruta del Cares - Destino Castilla y Le\u00f3n - Ruta<\/span>\r\n\t<\/li>\r\n\t<li>\r\n\t\t<img decoding=\"async\" class=\"main\" src=\"http:\/\/destinocastillayleon.es\/index\/wp-content\/uploads\/2015\/05\/8e1d40f837316f9acdf9b3d98d4524d6.jpg\" alt=\"Ruta del Cares - Destino Castilla y Le\u00f3n - Ruta 03\" \/>\r\n\t\t<img decoding=\"async\" class=\"thumb\" src=\"http:\/\/destinocastillayleon.es\/index\/wp-content\/uploads\/2015\/05\/8e1d40f837316f9acdf9b3d98d4524d6.jpg\" \/>\r\n\t\t<span class=\"title\">Ruta del Cares - Destino Castilla y Le\u00f3n - Ruta 03<\/span>\r\n\t\t<span class=\"desc\">Ruta del Cares - Destino Castilla y Le\u00f3n - Ruta<\/span>\r\n\t<\/li>\r\n\t<li>\r\n\t\t<img decoding=\"async\" class=\"main\" src=\"http:\/\/destinocastillayleon.es\/index\/wp-content\/uploads\/2015\/05\/3519b80cc97c6ccd93f5fe783c0882cd.jpg\" alt=\"Ruta del Cares - Destino Castilla y Le\u00f3n - Ruta 04\" \/>\r\n\t\t<img decoding=\"async\" class=\"thumb\" src=\"http:\/\/destinocastillayleon.es\/index\/wp-content\/uploads\/2015\/05\/3519b80cc97c6ccd93f5fe783c0882cd.jpg\" \/>\r\n\t\t<span class=\"title\">Ruta del Cares - Destino Castilla y Le\u00f3n - Ruta 04<\/span>\r\n\t\t<span class=\"desc\">Ruta del Cares - Destino Castilla y Le\u00f3n - Ruta<\/span>\r\n\t<\/li>\r\n\t<li>\r\n\t\t<img decoding=\"async\" class=\"main\" src=\"http:\/\/destinocastillayleon.es\/index\/wp-content\/uploads\/2015\/05\/134313baac5cf52bea26b6894ee3d4e4.jpg\" alt=\"Ruta del Cares - Destino Castilla y Le\u00f3n - Ruta 05\" \/>\r\n\t\t<img decoding=\"async\" class=\"thumb\" src=\"http:\/\/destinocastillayleon.es\/index\/wp-content\/uploads\/2015\/05\/134313baac5cf52bea26b6894ee3d4e4.jpg\" \/>\r\n\t\t<span class=\"title\">Ruta del Cares - Destino Castilla y Le\u00f3n - Ruta 05<\/span>\r\n\t\t<span class=\"desc\">Ruta del Cares - Destino Castilla y Le\u00f3n - Ruta<\/span>\r\n\t<\/li>\r\n\t<li>\r\n\t\t<img decoding=\"async\" class=\"main\" src=\"http:\/\/destinocastillayleon.es\/index\/wp-content\/uploads\/2015\/05\/6670fc09cfb188d48ecf272c9ffb10b7.jpg\" alt=\"Ruta del Cares - Destino Castilla y Le\u00f3n - Ruta 06\" \/>\r\n\t\t<img decoding=\"async\" class=\"thumb\" src=\"http:\/\/destinocastillayleon.es\/index\/wp-content\/uploads\/2015\/05\/6670fc09cfb188d48ecf272c9ffb10b7.jpg\" \/>\r\n\t\t<span class=\"title\">Ruta del Cares - Destino Castilla y Le\u00f3n - Ruta 06<\/span>\r\n\t\t<span class=\"desc\">Ruta del Cares - Destino Castilla y Le\u00f3n - Ruta<\/span>\r\n\t<\/li>\r\n\t<li>\r\n\t\t<img decoding=\"async\" class=\"main\" src=\"http:\/\/destinocastillayleon.es\/index\/wp-content\/uploads\/2015\/05\/cedc566cc09cf4ee24e495fc71548c68-e1432142171600.jpg\" alt=\"Ruta del Cares - Destino Castilla y Le\u00f3n - Ruta 07\" \/>\r\n\t\t<img decoding=\"async\" class=\"thumb\" src=\"http:\/\/destinocastillayleon.es\/index\/wp-content\/uploads\/2015\/05\/cedc566cc09cf4ee24e495fc71548c68-e1432142171600.jpg\" \/>\r\n\t\t<span class=\"title\">Ruta del Cares - Destino Castilla y Le\u00f3n - Ruta 07<\/span>\r\n\t\t<span class=\"desc\">Ruta del Cares - Destino Castilla y Le\u00f3n - Ruta<\/span>\r\n\t<\/li>\r\n\t<li>\r\n\t\t<img decoding=\"async\" class=\"main\" src=\"http:\/\/destinocastillayleon.es\/index\/wp-content\/uploads\/2015\/05\/320c26aacd0b782f23c3b89e27367726.jpg\" alt=\"Ruta del Cares - Destino Castilla y Le\u00f3n - Ruta 08\" \/>\r\n\t\t<img decoding=\"async\" class=\"thumb\" src=\"http:\/\/destinocastillayleon.es\/index\/wp-content\/uploads\/2015\/05\/320c26aacd0b782f23c3b89e27367726.jpg\" \/>\r\n\t\t<span class=\"title\">Ruta del Cares - Destino Castilla y Le\u00f3n - Ruta 08<\/span>\r\n\t\t<span class=\"desc\">Ruta del Cares - Destino Castilla y Le\u00f3n - Ruta<\/span>\r\n\t<\/li>\r\n\t<li>\r\n\t\t<img decoding=\"async\" class=\"main\" src=\"http:\/\/destinocastillayleon.es\/index\/wp-content\/uploads\/2015\/05\/92e8ad5239c5fb9d9778023328a28c25.jpg\" alt=\"Ruta del Cares - Destino Castilla y Le\u00f3n - Ruta 09\" \/>\r\n\t\t<img decoding=\"async\" class=\"thumb\" src=\"http:\/\/destinocastillayleon.es\/index\/wp-content\/uploads\/2015\/05\/92e8ad5239c5fb9d9778023328a28c25.jpg\" \/>\r\n\t\t<span class=\"title\">Ruta del Cares - Destino Castilla y Le\u00f3n - Ruta 09<\/span>\r\n\t\t<span class=\"desc\">Ruta del Cares - Destino Castilla y Le\u00f3n - Ruta<\/span>\r\n\t<\/li>\r\n\t<li>\r\n\t\t<img decoding=\"async\" class=\"main\" src=\"http:\/\/destinocastillayleon.es\/index\/wp-content\/uploads\/2015\/05\/4e7a43627498b2e0ff1663449cd42f33.jpg\" alt=\"Ruta del Cares - Destino Castilla y Le\u00f3n - Ruta 10\" \/>\r\n\t\t<img decoding=\"async\" class=\"thumb\" src=\"http:\/\/destinocastillayleon.es\/index\/wp-content\/uploads\/2015\/05\/4e7a43627498b2e0ff1663449cd42f33.jpg\" \/>\r\n\t\t<span class=\"title\">Ruta del Cares - Destino Castilla y Le\u00f3n - Ruta 10<\/span>\r\n\t\t<span class=\"desc\">Ruta del Cares - Destino Castilla y Le\u00f3n - Ruta<\/span>\r\n\t<\/li>\r\n\t<li>\r\n\t\t<img decoding=\"async\" class=\"main\" src=\"http:\/\/destinocastillayleon.es\/index\/wp-content\/uploads\/2015\/05\/e359d2d6c97cb9c6d9af67813d5bac43.jpg\" alt=\"Ruta del Cares - Destino Castilla y Le\u00f3n - Ruta 12\" \/>\r\n\t\t<img decoding=\"async\" class=\"thumb\" src=\"http:\/\/destinocastillayleon.es\/index\/wp-content\/uploads\/2015\/05\/e359d2d6c97cb9c6d9af67813d5bac43.jpg\" \/>\r\n\t\t<span class=\"title\">Ruta del Cares - Destino Castilla y Le\u00f3n - Ruta 12<\/span>\r\n\t<\/li>\r\n\t<li>\r\n\t\t<img decoding=\"async\" class=\"main\" src=\"http:\/\/destinocastillayleon.es\/index\/wp-content\/uploads\/2015\/05\/d6220ef7dfc59a881ed34050aef7d229.jpg\" alt=\"Ruta del Cares - Destino Castilla y Le\u00f3n - Ruta 11\" \/>\r\n\t\t<img decoding=\"async\" class=\"thumb\" src=\"http:\/\/destinocastillayleon.es\/index\/wp-content\/uploads\/2015\/05\/d6220ef7dfc59a881ed34050aef7d229.jpg\" \/>\r\n\t\t<span class=\"title\">Ruta del Cares - Destino Castilla y Le\u00f3n - Ruta 11<\/span>\r\n\t\t<span class=\"desc\">Ruta del Cares - Destino Castilla y Le\u00f3n - Ruta<\/span>\r\n\t<\/li>\r\n<\/ul>\r\n<\/div>\r\n\t<div data-ertype=\"layout\" data-ertemplateName=\"NONE\" style=\"\">\t\t\t<div class=\"erimgMain\" style=\"position: absolute; left:0;right:0;top:0;bottom:25px;\" data-erConfig=\"{___numTiles:3, scaleMode:'scaleDown', imgType:'main', alwaysPreviousButton:true, __loopNextButton:false, __arrowButtonMode:'rollover'}\">\r\n\t\t\t\t<div class=\"erimgMain_slides erFixCSS3\" style=\"position: absolute; left:15px; top:0; bottom:0; right:15px;\">\r\n\t\t\t\t\t<div class=\"erimgMain_slide\">\r\n\t\t\t\t\t\t<div class=\"erimgMain_img\" style=\"position: absolute; left:0;right:0;top:0;bottom:0;\"><\/div>\r\n\t\t\t\t\t<\/div>\r\n\t\t\t\t<\/div>\r\n\t\t\t\t<div class=\"erimgMain_arrowLeft\" style=\"position:absolute; left: 0; top: 50%; margin-top: -15px;\" data-erConfig=\"{image:'circleCozy', image2:'circleCozy'}\"><\/div>\r\n\t\t\t\t<div class=\"erimgMain_arrowRight\" style=\"position:absolute; right: 0; top: 50%; margin-top: -15px;\" data-erConfig=\"{image:'circleCozy', image2:'circleCozy'}\"><\/div>\r\n\t\t\t<\/div>\r\n\t\t\t\r\n\t\t\t<div class=\"erdots\" style=\"overflow: hidden; margin: 0; font-size: 10px; font-family: 'Lucida Grande', 'Lucida Sans', Arial, _sans; color: #FFF; position: absolute; left:0; right:0; bottom:5px;\" data-erConfig=\"{showText:false}\" align=\"center\">\r\n\t\t\t\t<div class=\"erdots_wrap\" style=\"wasbackground-color: #CFC; float: none;\" align=\"left\"> <!-- modify the float on this element to make left\/right\/none=center aligned. -->\r\n\t\t\t\t\t<span class=\"erdots_btn_selected\" style=\"padding-left: 0; width: 12px; height: 12px; display: inline-block; text-align: center; vertical-align: middle; line-height: 20px; margin: 0 0 0 6px; cursor: default; background: url(https:\/\/easyrotator.s3.amazonaws.com\/1\/i\/rotator\/dots\/export\/12_8_666empty.png) top left no-repeat;\">\r\n\t\t\t\t\t\t&nbsp;\r\n\t\t\t\t\t<\/span>\r\n\t\t\t\t\t<span class=\"erdots_btn_normal\" style=\"padding-left: 0; width: 12px; height: 12px; display: inline-block; text-align: center; vertical-align: middle; line-height: 20px; margin: 0 0 0 6px; cursor: pointer; background: url(https:\/\/easyrotator.s3.amazonaws.com\/1\/i\/rotator\/dots\/export\/12_8_666.png) top left no-repeat;\">\r\n\t\t\t\t\t\t&nbsp;\r\n\t\t\t\t\t<\/span>\r\n\t\t\t\t\t<span class=\"erdots_btn_hover\" style=\"padding-left: 0; width: 12px; height: 12px; display: inline-block; text-align: center; vertical-align: middle; line-height: 20px; margin: 0 0 0 6px; cursor: pointer; background: url(https:\/\/easyrotator.s3.amazonaws.com\/1\/i\/rotator\/dots\/export\/12_8_CCC.png) top left no-repeat;\">\r\n\t\t\t\t\t\t&nbsp;\r\n\t\t\t\t\t<\/span>\r\n\t\t\t\t<\/div>\r\n\t\t\t<\/div><div class=\"erabout erFixCSS3\" style=\"color: #FFF; text-align: left; background: #000; background:rgba(0,0,0,0.93); border: 2px solid #FFF; padding: 20px; font: normal 11px\/14px Verdana,_sans; width: 300px; border-radius: 10px; display:none;\">\r\n\t\t\tThis jQuery slider was created with the free <a style=\"color:#FFF;\" href=\"#eraboutlink\" target=\"_blank\">EasyRotator for WordPress<\/a> plugin from DWUser.com.\r\n\t\t\t<br \/><br \/>\r\n\t\t\t<a style=\"color:#FFF;\" href=\"#\" class=\"erabout_ok\">OK<\/a>   \r\n\t\t<\/div>\r\n\t\t<noscript>\r\n\t\t\tRotator powered by <strong>EasyRotator for WordPress<\/strong>, a free and easy jQuery slider builder from DWUser.com.  Please enable JavaScript to view. \r\n\t\t<\/noscript>\r\n\t\t<script type=\"text\/javascript\">\/*Avoid IE gzip bug*\/(function(b,c,d){try{if(!b[d]){b[d]=\"temp\";var a=c.createElement(\"script\");a.type=\"text\/javascript\";a.src=\"https:\/\/easyrotator.s3.amazonaws.com\/1\/js\/nozip\/easy_rotator.min.js\";c.getElementsByTagName(\"head\")[0].appendChild(a)}}catch(e){alert(\"EasyRotator fail; contact support.\")}})(window,document,\"er_$144\");<\/script>\r\n\t\r\n\t<\/div>\r\n<\/div>\r\n<!-- End DWUser_EasyRotator -->\r\n\r\n\r\n\r\n\r\n\r\n<\/div><br \/>\n&nbsp; <\/p>\n<p>Como puedes ver, la ruta es preciosa y aunque con cierto peligro, sobre todo para los m\u00e1s peque\u00f1os, igualmente es una de las rutas m\u00e1s atractivas para realizar en grupos peque\u00f1os.<\/p>\n<h4>Otras Rutas de Senderismo interesantes<\/h4>\n<ul>\n<li><a title=\"Enlace a la ruta de senderismo por Riaza, Segovia\" href=\"http:\/\/destinocastillayleon.es\/index\/ruta-de-senderismo-por-los-bosques-de-riaza\/\" target=\"_blank\" rel=\"noopener noreferrer\">Rutas de senderismo por Riaza (Segovia)<\/a>.<\/li>\n<li><a title=\"Enlace a la ruta de senderismo La Senda del \u00c1guila en San Rafael\" href=\"http:\/\/destinocastillayleon.es\/index\/la-senda-del-aguila-en-san-rafael\/\" target=\"_blank\" rel=\"noopener noreferrer\">Ruta de senderismo en el Cerro del \u00c1guila de San Rafa\u00e9l (Segovia)<\/a>.<\/li>\n<li><a title=\"Enlace a la ruta de senderismo en la Monta\u00f1a palentina, La Senda de Ursi\" href=\"http:\/\/destinocastillayleon.es\/index\/ursi-su-casa-museo-su-legado\/\" target=\"_blank\" rel=\"noopener noreferrer\">El legado de Ursi, su casa museo y la ruta de senderismo (Palencia)<\/a>.<\/li>\n<li><a title=\"Enlace a la ruta de senderismo en Vilvestre, en las Arribes del Duero\" href=\"http:\/\/destinocastillayleon.es\/index\/senderismo-y-paseo-en-barco-por-los-arribes-del-duero\/\" target=\"_blank\" rel=\"noopener noreferrer\">Ruta de senderismo en Vilvestre, los Arribes del Duero (Salamanca)<\/a>.<\/li>\n<\/ul>\n<p>&nbsp; <\/p>\n","protected":false},"excerpt":{"rendered":"<p>Acompa\u00f1anos a recorrer la ruta de senderismo que une Le\u00f3n y Asturias, la Ruta del Cares, tambi\u00e9n llamada la garganta perfecta por su maravillosas vistas<\/p>\n","protected":false},"author":2,"featured_media":19233,"comment_status":"open","ping_status":"closed","sticky":false,"template":"","format":"standard","meta":{"rop_custom_images_group":[],"rop_custom_messages_group":[],"rop_publish_now":"initial","rop_publish_now_accounts":{"twitter_1150954226_1150954226":""},"rop_publish_now_history":[],"rop_publish_now_status":"pending","footnotes":""},"categories":[3472,63,4712,68,45,74,3209],"tags":[753,4514,223,4492,409,4904],"class_list":["post-19032","post","type-post","status-publish","format-standard","has-post-thumbnail","hentry","category-inspirate","category-leon","category-leon-turismo","category-post_inicial","category-provincias","category-rutas_por_cyl","category-senderismo-2","tag-que-hacer-en-leon","tag-ruta-del-cares","tag-senderismo","tag-senderismo-en-la-ruta-del-cares","tag-turismo-activo","tag-valle-de-valdeon"],"yoast_head":"<!-- This site is optimized with the Yoast SEO Premium plugin v20.4 (Yoast SEO v27.4) - https:\/\/yoast.com\/product\/yoast-seo-premium-wordpress\/ -->\n<title>Senderismo en la Ruta del Cares - Destino Castilla y Le\u00f3n<\/title>\n<meta name=\"description\" content=\"Recorremos la ruta de senderismo que une Le\u00f3n y Asturias, la Ruta del Cares, tambi\u00e9n llamada la garganta divina por su maravillosas vistas\" \/>\n<meta name=\"robots\" content=\"index, follow, max-snippet:-1, max-image-preview:large, max-video-preview:-1\" \/>\n<link rel=\"canonical\" href=\"https:\/\/destinocastillayleon.es\/index\/senderismo-en-la-ruta-del-cares\/\" \/>\n<meta property=\"og:locale\" content=\"es_ES\" \/>\n<meta property=\"og:type\" content=\"article\" \/>\n<meta property=\"og:title\" content=\"Senderismo en la Ruta del Cares - Destino Castilla y Le\u00f3n\" \/>\n<meta property=\"og:description\" content=\"Acompa\u00f1anos a recorrer la ruta de senderismo que une Le\u00f3n y Asturias, la Ruta del Cares, tambi\u00e9n llamada la garganta divina por su maravillosas vistas\" \/>\n<meta property=\"og:url\" content=\"https:\/\/destinocastillayleon.es\/index\/senderismo-en-la-ruta-del-cares\/\" \/>\n<meta property=\"og:site_name\" content=\"Destino Castilla y Le\u00f3n\" \/>\n<meta property=\"article:publisher\" content=\"https:\/\/www.facebook.com\/DestinoCastillaYLeon\/\" \/>\n<meta property=\"article:author\" content=\"https:\/\/www.facebook.com\/profile.php?id=1158416854\" \/>\n<meta property=\"article:published_time\" content=\"2015-05-21T05:51:21+00:00\" \/>\n<meta property=\"article:modified_time\" content=\"2021-02-03T16:33:56+00:00\" \/>\n<meta property=\"og:image\" content=\"https:\/\/destinocastillayleon.es\/index\/wp-content\/uploads\/2015\/05\/b728cbadfef56879b6f5301687849d68.jpg\" \/>\n\t<meta property=\"og:image:width\" content=\"795\" \/>\n\t<meta property=\"og:image:height\" content=\"531\" \/>\n\t<meta property=\"og:image:type\" content=\"image\/jpeg\" \/>\n<meta name=\"author\" content=\"David V\u00e1zquez\" \/>\n<meta name=\"twitter:card\" content=\"summary_large_image\" \/>\n<meta name=\"twitter:title\" content=\"Senderismo en la Ruta del Cares - Destino Castilla y Le\u00f3n\" \/>\n<meta name=\"twitter:description\" content=\"Acompa\u00f1anos a recorrer la ruta de senderismo que une Le\u00f3n y Asturias, la Ruta del Cares, tambi\u00e9n llamada la garganta divina por su maravillosas vistas\" \/>\n<meta name=\"twitter:image\" content=\"http:\/\/destinocastillayleon.es\/index\/wp-content\/uploads\/2015\/05\/b728cbadfef56879b6f5301687849d68-300x200.jpg\" \/>\n<meta name=\"twitter:creator\" content=\"@https:\/\/twitter.com\/ContePantaleone\u200e\" \/>\n<meta name=\"twitter:site\" content=\"@destinocyl\" \/>\n<meta name=\"twitter:label1\" content=\"Escrito por\" \/>\n\t<meta name=\"twitter:data1\" content=\"David V\u00e1zquez\" \/>\n\t<meta name=\"twitter:label2\" content=\"Tiempo de lectura\" \/>\n\t<meta name=\"twitter:data2\" content=\"5 minutos\" \/>\n<script type=\"application\/ld+json\" class=\"yoast-schema-graph\">{\"@context\":\"https:\\\/\\\/schema.org\",\"@graph\":[{\"@type\":\"Article\",\"@id\":\"https:\\\/\\\/destinocastillayleon.es\\\/index\\\/senderismo-en-la-ruta-del-cares\\\/#article\",\"isPartOf\":{\"@id\":\"https:\\\/\\\/destinocastillayleon.es\\\/index\\\/senderismo-en-la-ruta-del-cares\\\/\"},\"author\":{\"name\":\"David V\u00e1zquez\",\"@id\":\"https:\\\/\\\/destinocastillayleon.es\\\/index\\\/#\\\/schema\\\/person\\\/189221bc8f6cc4fa28b18ad5c289d4c2\"},\"headline\":\"Senderismo en la Ruta del Cares\",\"datePublished\":\"2015-05-21T05:51:21+00:00\",\"dateModified\":\"2021-02-03T16:33:56+00:00\",\"mainEntityOfPage\":{\"@id\":\"https:\\\/\\\/destinocastillayleon.es\\\/index\\\/senderismo-en-la-ruta-del-cares\\\/\"},\"wordCount\":1057,\"commentCount\":13,\"image\":{\"@id\":\"https:\\\/\\\/destinocastillayleon.es\\\/index\\\/senderismo-en-la-ruta-del-cares\\\/#primaryimage\"},\"thumbnailUrl\":\"https:\\\/\\\/destinocastillayleon.es\\\/index\\\/wp-content\\\/uploads\\\/2015\\\/05\\\/b728cbadfef56879b6f5301687849d68.jpg\",\"keywords\":[\"Que hacer en Leon\",\"ruta del cares\",\"senderismo\",\"Senderismo en la Ruta del Cares\",\"Turismo Activo\",\"valle de Valde\u00f3n\"],\"articleSection\":[\"Inspirate\",\"Leon\",\"Leon turismo\",\"Post_inicial\",\"Provincias\",\"Rutas por Castilla y Le\u00f3n\",\"Senderismo\"],\"inLanguage\":\"es\",\"potentialAction\":[{\"@type\":\"CommentAction\",\"name\":\"Comment\",\"target\":[\"https:\\\/\\\/destinocastillayleon.es\\\/index\\\/senderismo-en-la-ruta-del-cares\\\/#respond\"]}]},{\"@type\":\"WebPage\",\"@id\":\"https:\\\/\\\/destinocastillayleon.es\\\/index\\\/senderismo-en-la-ruta-del-cares\\\/\",\"url\":\"https:\\\/\\\/destinocastillayleon.es\\\/index\\\/senderismo-en-la-ruta-del-cares\\\/\",\"name\":\"Senderismo en la Ruta del Cares - Destino Castilla y Le\u00f3n\",\"isPartOf\":{\"@id\":\"https:\\\/\\\/destinocastillayleon.es\\\/index\\\/#website\"},\"primaryImageOfPage\":{\"@id\":\"https:\\\/\\\/destinocastillayleon.es\\\/index\\\/senderismo-en-la-ruta-del-cares\\\/#primaryimage\"},\"image\":{\"@id\":\"https:\\\/\\\/destinocastillayleon.es\\\/index\\\/senderismo-en-la-ruta-del-cares\\\/#primaryimage\"},\"thumbnailUrl\":\"https:\\\/\\\/destinocastillayleon.es\\\/index\\\/wp-content\\\/uploads\\\/2015\\\/05\\\/b728cbadfef56879b6f5301687849d68.jpg\",\"datePublished\":\"2015-05-21T05:51:21+00:00\",\"dateModified\":\"2021-02-03T16:33:56+00:00\",\"author\":{\"@id\":\"https:\\\/\\\/destinocastillayleon.es\\\/index\\\/#\\\/schema\\\/person\\\/189221bc8f6cc4fa28b18ad5c289d4c2\"},\"description\":\"Recorremos la ruta de senderismo que une Le\u00f3n y Asturias, la Ruta del Cares, tambi\u00e9n llamada la garganta divina por su maravillosas vistas\",\"breadcrumb\":{\"@id\":\"https:\\\/\\\/destinocastillayleon.es\\\/index\\\/senderismo-en-la-ruta-del-cares\\\/#breadcrumb\"},\"inLanguage\":\"es\",\"potentialAction\":[{\"@type\":\"ReadAction\",\"target\":[\"https:\\\/\\\/destinocastillayleon.es\\\/index\\\/senderismo-en-la-ruta-del-cares\\\/\"]}]},{\"@type\":\"ImageObject\",\"inLanguage\":\"es\",\"@id\":\"https:\\\/\\\/destinocastillayleon.es\\\/index\\\/senderismo-en-la-ruta-del-cares\\\/#primaryimage\",\"url\":\"https:\\\/\\\/destinocastillayleon.es\\\/index\\\/wp-content\\\/uploads\\\/2015\\\/05\\\/b728cbadfef56879b6f5301687849d68.jpg\",\"contentUrl\":\"https:\\\/\\\/destinocastillayleon.es\\\/index\\\/wp-content\\\/uploads\\\/2015\\\/05\\\/b728cbadfef56879b6f5301687849d68.jpg\",\"width\":795,\"height\":531,\"caption\":\"Ruta del Cares - Destino Castilla y Le\u00f3n\"},{\"@type\":\"BreadcrumbList\",\"@id\":\"https:\\\/\\\/destinocastillayleon.es\\\/index\\\/senderismo-en-la-ruta-del-cares\\\/#breadcrumb\",\"itemListElement\":[{\"@type\":\"ListItem\",\"position\":1,\"name\":\"Portada\",\"item\":\"https:\\\/\\\/destinocastillayleon.es\\\/index\\\/\"},{\"@type\":\"ListItem\",\"position\":2,\"name\":\"Senderismo en la Ruta del Cares\"}]},{\"@type\":\"WebSite\",\"@id\":\"https:\\\/\\\/destinocastillayleon.es\\\/index\\\/#website\",\"url\":\"https:\\\/\\\/destinocastillayleon.es\\\/index\\\/\",\"name\":\"Destino Castilla y Le\u00f3n\",\"description\":\"Medio digital independiente y revista de Castilla y Le\u00f3n dedicado al turismo, gastronom\u00eda y vino de Castilla y Le\u00f3n\",\"potentialAction\":[{\"@type\":\"SearchAction\",\"target\":{\"@type\":\"EntryPoint\",\"urlTemplate\":\"https:\\\/\\\/destinocastillayleon.es\\\/index\\\/?s={search_term_string}\"},\"query-input\":{\"@type\":\"PropertyValueSpecification\",\"valueRequired\":true,\"valueName\":\"search_term_string\"}}],\"inLanguage\":\"es\"},{\"@type\":\"Person\",\"@id\":\"https:\\\/\\\/destinocastillayleon.es\\\/index\\\/#\\\/schema\\\/person\\\/189221bc8f6cc4fa28b18ad5c289d4c2\",\"name\":\"David V\u00e1zquez\",\"image\":{\"@type\":\"ImageObject\",\"inLanguage\":\"es\",\"@id\":\"https:\\\/\\\/secure.gravatar.com\\\/avatar\\\/cd12db6c575a90c3b75cfa0f794b74d425201c768612fad17e9f13cd33d48be8?s=96&d=mm&r=g\",\"url\":\"https:\\\/\\\/secure.gravatar.com\\\/avatar\\\/cd12db6c575a90c3b75cfa0f794b74d425201c768612fad17e9f13cd33d48be8?s=96&d=mm&r=g\",\"contentUrl\":\"https:\\\/\\\/secure.gravatar.com\\\/avatar\\\/cd12db6c575a90c3b75cfa0f794b74d425201c768612fad17e9f13cd33d48be8?s=96&d=mm&r=g\",\"caption\":\"David V\u00e1zquez\"},\"description\":\"Ingeniero Industrial de vocaci\u00f3n y profesi\u00f3n, he encontrado en los blogs la forma de plasmar mi pasi\u00f3n por los viajes, la gastronom\u00eda y los vinos. Especialmente los procedentes de Castilla y Le\u00f3n\",\"sameAs\":[\"https:\\\/\\\/www.destinocastillayleon.es\",\"https:\\\/\\\/www.facebook.com\\\/profile.php?id=1158416854\",\"https:\\\/\\\/instagram.com\\\/conte.pantaleone\",\"https:\\\/\\\/www.linkedin.com\\\/pub\\\/david-vazquez-lozano\\\/37\\\/17a\\\/25a\",\"https:\\\/\\\/x.com\\\/https:\\\/\\\/twitter.com\\\/ContePantaleone\u200e\"],\"url\":\"https:\\\/\\\/destinocastillayleon.es\\\/index\\\/author\\\/coadministradorcyl\\\/\"}]}<\/script>\n<!-- \/ Yoast SEO Premium plugin. -->","yoast_head_json":{"title":"Senderismo en la Ruta del Cares - Destino Castilla y Le\u00f3n","description":"Recorremos la ruta de senderismo que une Le\u00f3n y Asturias, la Ruta del Cares, tambi\u00e9n llamada la garganta divina por su maravillosas vistas","robots":{"index":"index","follow":"follow","max-snippet":"max-snippet:-1","max-image-preview":"max-image-preview:large","max-video-preview":"max-video-preview:-1"},"canonical":"https:\/\/destinocastillayleon.es\/index\/senderismo-en-la-ruta-del-cares\/","og_locale":"es_ES","og_type":"article","og_title":"Senderismo en la Ruta del Cares - Destino Castilla y Le\u00f3n","og_description":"Acompa\u00f1anos a recorrer la ruta de senderismo que une Le\u00f3n y Asturias, la Ruta del Cares, tambi\u00e9n llamada la garganta divina por su maravillosas vistas","og_url":"https:\/\/destinocastillayleon.es\/index\/senderismo-en-la-ruta-del-cares\/","og_site_name":"Destino Castilla y Le\u00f3n","article_publisher":"https:\/\/www.facebook.com\/DestinoCastillaYLeon\/","article_author":"https:\/\/www.facebook.com\/profile.php?id=1158416854","article_published_time":"2015-05-21T05:51:21+00:00","article_modified_time":"2021-02-03T16:33:56+00:00","og_image":[{"width":795,"height":531,"url":"https:\/\/destinocastillayleon.es\/index\/wp-content\/uploads\/2015\/05\/b728cbadfef56879b6f5301687849d68.jpg","type":"image\/jpeg"}],"author":"David V\u00e1zquez","twitter_card":"summary_large_image","twitter_title":"Senderismo en la Ruta del Cares - Destino Castilla y Le\u00f3n","twitter_description":"Acompa\u00f1anos a recorrer la ruta de senderismo que une Le\u00f3n y Asturias, la Ruta del Cares, tambi\u00e9n llamada la garganta divina por su maravillosas vistas","twitter_image":"http:\/\/destinocastillayleon.es\/index\/wp-content\/uploads\/2015\/05\/b728cbadfef56879b6f5301687849d68-300x200.jpg","twitter_creator":"@https:\/\/twitter.com\/ContePantaleone\u200e","twitter_site":"@destinocyl","twitter_misc":{"Escrito por":"David V\u00e1zquez","Tiempo de lectura":"5 minutos"},"schema":{"@context":"https:\/\/schema.org","@graph":[{"@type":"Article","@id":"https:\/\/destinocastillayleon.es\/index\/senderismo-en-la-ruta-del-cares\/#article","isPartOf":{"@id":"https:\/\/destinocastillayleon.es\/index\/senderismo-en-la-ruta-del-cares\/"},"author":{"name":"David V\u00e1zquez","@id":"https:\/\/destinocastillayleon.es\/index\/#\/schema\/person\/189221bc8f6cc4fa28b18ad5c289d4c2"},"headline":"Senderismo en la Ruta del Cares","datePublished":"2015-05-21T05:51:21+00:00","dateModified":"2021-02-03T16:33:56+00:00","mainEntityOfPage":{"@id":"https:\/\/destinocastillayleon.es\/index\/senderismo-en-la-ruta-del-cares\/"},"wordCount":1057,"commentCount":13,"image":{"@id":"https:\/\/destinocastillayleon.es\/index\/senderismo-en-la-ruta-del-cares\/#primaryimage"},"thumbnailUrl":"https:\/\/destinocastillayleon.es\/index\/wp-content\/uploads\/2015\/05\/b728cbadfef56879b6f5301687849d68.jpg","keywords":["Que hacer en Leon","ruta del cares","senderismo","Senderismo en la Ruta del Cares","Turismo Activo","valle de Valde\u00f3n"],"articleSection":["Inspirate","Leon","Leon turismo","Post_inicial","Provincias","Rutas por Castilla y Le\u00f3n","Senderismo"],"inLanguage":"es","potentialAction":[{"@type":"CommentAction","name":"Comment","target":["https:\/\/destinocastillayleon.es\/index\/senderismo-en-la-ruta-del-cares\/#respond"]}]},{"@type":"WebPage","@id":"https:\/\/destinocastillayleon.es\/index\/senderismo-en-la-ruta-del-cares\/","url":"https:\/\/destinocastillayleon.es\/index\/senderismo-en-la-ruta-del-cares\/","name":"Senderismo en la Ruta del Cares - Destino Castilla y Le\u00f3n","isPartOf":{"@id":"https:\/\/destinocastillayleon.es\/index\/#website"},"primaryImageOfPage":{"@id":"https:\/\/destinocastillayleon.es\/index\/senderismo-en-la-ruta-del-cares\/#primaryimage"},"image":{"@id":"https:\/\/destinocastillayleon.es\/index\/senderismo-en-la-ruta-del-cares\/#primaryimage"},"thumbnailUrl":"https:\/\/destinocastillayleon.es\/index\/wp-content\/uploads\/2015\/05\/b728cbadfef56879b6f5301687849d68.jpg","datePublished":"2015-05-21T05:51:21+00:00","dateModified":"2021-02-03T16:33:56+00:00","author":{"@id":"https:\/\/destinocastillayleon.es\/index\/#\/schema\/person\/189221bc8f6cc4fa28b18ad5c289d4c2"},"description":"Recorremos la ruta de senderismo que une Le\u00f3n y Asturias, la Ruta del Cares, tambi\u00e9n llamada la garganta divina por su maravillosas vistas","breadcrumb":{"@id":"https:\/\/destinocastillayleon.es\/index\/senderismo-en-la-ruta-del-cares\/#breadcrumb"},"inLanguage":"es","potentialAction":[{"@type":"ReadAction","target":["https:\/\/destinocastillayleon.es\/index\/senderismo-en-la-ruta-del-cares\/"]}]},{"@type":"ImageObject","inLanguage":"es","@id":"https:\/\/destinocastillayleon.es\/index\/senderismo-en-la-ruta-del-cares\/#primaryimage","url":"https:\/\/destinocastillayleon.es\/index\/wp-content\/uploads\/2015\/05\/b728cbadfef56879b6f5301687849d68.jpg","contentUrl":"https:\/\/destinocastillayleon.es\/index\/wp-content\/uploads\/2015\/05\/b728cbadfef56879b6f5301687849d68.jpg","width":795,"height":531,"caption":"Ruta del Cares - Destino Castilla y Le\u00f3n"},{"@type":"BreadcrumbList","@id":"https:\/\/destinocastillayleon.es\/index\/senderismo-en-la-ruta-del-cares\/#breadcrumb","itemListElement":[{"@type":"ListItem","position":1,"name":"Portada","item":"https:\/\/destinocastillayleon.es\/index\/"},{"@type":"ListItem","position":2,"name":"Senderismo en la Ruta del Cares"}]},{"@type":"WebSite","@id":"https:\/\/destinocastillayleon.es\/index\/#website","url":"https:\/\/destinocastillayleon.es\/index\/","name":"Destino Castilla y Le\u00f3n","description":"Medio digital independiente y revista de Castilla y Le\u00f3n dedicado al turismo, gastronom\u00eda y vino de Castilla y Le\u00f3n","potentialAction":[{"@type":"SearchAction","target":{"@type":"EntryPoint","urlTemplate":"https:\/\/destinocastillayleon.es\/index\/?s={search_term_string}"},"query-input":{"@type":"PropertyValueSpecification","valueRequired":true,"valueName":"search_term_string"}}],"inLanguage":"es"},{"@type":"Person","@id":"https:\/\/destinocastillayleon.es\/index\/#\/schema\/person\/189221bc8f6cc4fa28b18ad5c289d4c2","name":"David V\u00e1zquez","image":{"@type":"ImageObject","inLanguage":"es","@id":"https:\/\/secure.gravatar.com\/avatar\/cd12db6c575a90c3b75cfa0f794b74d425201c768612fad17e9f13cd33d48be8?s=96&d=mm&r=g","url":"https:\/\/secure.gravatar.com\/avatar\/cd12db6c575a90c3b75cfa0f794b74d425201c768612fad17e9f13cd33d48be8?s=96&d=mm&r=g","contentUrl":"https:\/\/secure.gravatar.com\/avatar\/cd12db6c575a90c3b75cfa0f794b74d425201c768612fad17e9f13cd33d48be8?s=96&d=mm&r=g","caption":"David V\u00e1zquez"},"description":"Ingeniero Industrial de vocaci\u00f3n y profesi\u00f3n, he encontrado en los blogs la forma de plasmar mi pasi\u00f3n por los viajes, la gastronom\u00eda y los vinos. Especialmente los procedentes de Castilla y Le\u00f3n","sameAs":["https:\/\/www.destinocastillayleon.es","https:\/\/www.facebook.com\/profile.php?id=1158416854","https:\/\/instagram.com\/conte.pantaleone","https:\/\/www.linkedin.com\/pub\/david-vazquez-lozano\/37\/17a\/25a","https:\/\/x.com\/https:\/\/twitter.com\/ContePantaleone\u200e"],"url":"https:\/\/destinocastillayleon.es\/index\/author\/coadministradorcyl\/"}]}},"_links":{"self":[{"href":"https:\/\/destinocastillayleon.es\/index\/wp-json\/wp\/v2\/posts\/19032","targetHints":{"allow":["GET"]}}],"collection":[{"href":"https:\/\/destinocastillayleon.es\/index\/wp-json\/wp\/v2\/posts"}],"about":[{"href":"https:\/\/destinocastillayleon.es\/index\/wp-json\/wp\/v2\/types\/post"}],"author":[{"embeddable":true,"href":"https:\/\/destinocastillayleon.es\/index\/wp-json\/wp\/v2\/users\/2"}],"replies":[{"embeddable":true,"href":"https:\/\/destinocastillayleon.es\/index\/wp-json\/wp\/v2\/comments?post=19032"}],"version-history":[{"count":30,"href":"https:\/\/destinocastillayleon.es\/index\/wp-json\/wp\/v2\/posts\/19032\/revisions"}],"predecessor-version":[{"id":34101,"href":"https:\/\/destinocastillayleon.es\/index\/wp-json\/wp\/v2\/posts\/19032\/revisions\/34101"}],"wp:featuredmedia":[{"embeddable":true,"href":"https:\/\/destinocastillayleon.es\/index\/wp-json\/wp\/v2\/media\/19233"}],"wp:attachment":[{"href":"https:\/\/destinocastillayleon.es\/index\/wp-json\/wp\/v2\/media?parent=19032"}],"wp:term":[{"taxonomy":"category","embeddable":true,"href":"https:\/\/destinocastillayleon.es\/index\/wp-json\/wp\/v2\/categories?post=19032"},{"taxonomy":"post_tag","embeddable":true,"href":"https:\/\/destinocastillayleon.es\/index\/wp-json\/wp\/v2\/tags?post=19032"}],"curies":[{"name":"wp","href":"https:\/\/api.w.org\/{rel}","templated":true}]}}