{"id":18732,"date":"2015-03-25T18:11:57","date_gmt":"2015-03-25T17:11:57","guid":{"rendered":"http:\/\/destinocastillayleon.es\/index\/?p=18732"},"modified":"2015-05-05T13:54:01","modified_gmt":"2015-05-05T11:54:01","slug":"premios-academia-castellana-y-leonesa-de-gastronomia","status":"publish","type":"post","link":"https:\/\/destinocastillayleon.es\/index\/premios-academia-castellana-y-leonesa-de-gastronomia\/","title":{"rendered":"Premios Academia Castellana y Leonesa de Gastronom\u00eda"},"content":{"rendered":"<p><strong>Uno de los puntos fuertes del turismo de Castilla y Le\u00f3n es su gastronom\u00eda<\/strong>, quiz\u00e1s por ello sea tan importante este reconocimiento, a trav\u00e9s de <strong>los Premios Academia Castellana y Leonesa de Gastronom\u00eda<\/strong>, al esfuerzo y la dedicaci\u00f3n que empresas y particulares hacen para seguir dando a la gastronom\u00eda de Castilla y Le\u00f3n un lugar destacado dentro del panorama nacional.<\/p>\n<p style=\"text-align: justify;\">La <strong><a title=\"Academia Castellano Leonesa de Gastronom\u00eda\" href=\"http:\/\/www.gastronomiacyl.com\/\" target=\"_blank\">Academia Castellana y Leonesa de Gastronom\u00eda<\/a>\u00a0<\/strong>celebr\u00f3 ayer la segunda edici\u00f3n de la entrega de <strong>premios \u201cCastilla y Le\u00f3n de Gastronom\u00eda\u201d<\/strong> dentro del\u00a0acuerdo suscrito entre la Academia y la Consejer\u00eda de Cultura y Turismo para <strong>colaborar en el impulso<\/strong> de los proyectos de turismo gastron\u00f3mico de Castilla y Le\u00f3n. La gala tuvo lugar en el\u00a0<strong>Palacio de los Superunda de \u00c1vila<\/strong> con motivo de la conmemoraci\u00f3n este a\u00f1o del V Centenario del nacimiento de Santa Teresa de Jes\u00fas.<\/p>\n<p style=\"text-align: justify;\">Los galardones pretenden ser <strong>un est\u00edmulo y un reconocimiento a los trabajos m\u00e1s destacados<\/strong> de cada a\u00f1o de empresas, cocineros, equipos de restauraci\u00f3n, bodegas y el resto de personas que desarrollan su labor en un sector clave para el turismo y la econom\u00eda de Castilla y Le\u00f3n.\u00a0Las categor\u00edas que recogen los premios son las de:\u00a0<strong>mejor restaurante, cocinero, producto e industria agroalimentarios, bodega, jefe de sala y revelaci\u00f3n gastron\u00f3mica del a\u00f1o 2014.<\/strong><\/p>\n<p>&nbsp;<\/p>\n<h2>Premios Academia Castellana y Leonesa de Gastronom\u00eda<\/h2>\n<h3 style=\"text-align: justify;\">Los premiados en el a\u00f1o 2014 han sido:<\/h3>\n<p>&nbsp;<\/p>\n<p style=\"text-align: center;\"><em><strong>Mejor restaurante de Castilla y Le\u00f3n 2014: El Ermita\u00f1o, Zamora<\/strong><\/em><\/p>\n<p style=\"text-align: center;\"><a href=\"http:\/\/destinocastillayleon.es\/index\/wp-content\/uploads\/2015\/03\/457e08250469c60b697949bb893f100b.jpg\"><img decoding=\"async\" class=\"aligncenter size-full wp-image-18734\" src=\"http:\/\/destinocastillayleon.es\/index\/wp-content\/uploads\/2015\/03\/457e08250469c60b697949bb893f100b.jpg\" alt=\"Premios Academia Castellana y Leonesa de Gastronom\u00eda El Hermita\u00f1o\" width=\"640\" height=\"428\" srcset=\"https:\/\/destinocastillayleon.es\/index\/wp-content\/uploads\/2015\/03\/457e08250469c60b697949bb893f100b.jpg 640w, https:\/\/destinocastillayleon.es\/index\/wp-content\/uploads\/2015\/03\/457e08250469c60b697949bb893f100b-300x201.jpg 300w\" sizes=\"(max-width: 640px) 100vw, 640px\" \/><\/a><\/p>\n<p style=\"text-align: justify;\">Restaurante El Ermita\u00f1o, en la localidad zamorana de Benavente, ofrece una completa propuesta gastron\u00f3mica de calidad, tanto en la cocina, como en la bodega y en la sala, destacando adem\u00e1s en 2014 por una intensa actividad con la <strong>organizaci\u00f3n de multitud de jornadas<\/strong> y encuentros.<\/p>\n<p style=\"text-align: center;\"><em><strong>Mejor cocinero de Castilla y Le\u00f3n 2014: Alberto Soto Doncel, del restaurante Cepa 21, en Valladolid<\/strong><\/em><\/p>\n<p style=\"text-align: center;\"><a href=\"http:\/\/destinocastillayleon.es\/index\/wp-content\/uploads\/2015\/03\/Alberto-Soto-Cepa-21.jpg\"><img decoding=\"async\" class=\"aligncenter size-full wp-image-18735\" src=\"http:\/\/destinocastillayleon.es\/index\/wp-content\/uploads\/2015\/03\/Alberto-Soto-Cepa-21.jpg\" alt=\"Premios Academia Castellana y Leonesa de Gastronom\u00eda Alberto Soto - Cepa 21\" width=\"640\" height=\"428\" srcset=\"https:\/\/destinocastillayleon.es\/index\/wp-content\/uploads\/2015\/03\/Alberto-Soto-Cepa-21.jpg 640w, https:\/\/destinocastillayleon.es\/index\/wp-content\/uploads\/2015\/03\/Alberto-Soto-Cepa-21-300x201.jpg 300w\" sizes=\"(max-width: 640px) 100vw, 640px\" \/><\/a><\/p>\n<p style=\"text-align: justify;\">El chef palentino Alberto Soto Doncel, del restaurante vallisoletano Cepa 21, ha destacado en 2014 por su trabajo de innovaci\u00f3n de las recetas tradicionales castellanas y <strong>por su esp\u00edritu emprendedor,<\/strong> con la creaci\u00f3n de una franquicia basada en la elaboraci\u00f3n artesana de croquetas de calidad.<\/p>\n<p style=\"text-align: center;\"><em><strong>Mejor producto agroalimentario de Castilla y Le\u00f3n 2014: Marca de garant\u00eda Torrezno de Soria<\/strong><\/em><\/p>\n<p style=\"text-align: center;\"><a href=\"http:\/\/destinocastillayleon.es\/index\/wp-content\/uploads\/2015\/03\/Torrezno-de-Soria.jpg\"><img decoding=\"async\" class=\"aligncenter size-full wp-image-18736\" src=\"http:\/\/destinocastillayleon.es\/index\/wp-content\/uploads\/2015\/03\/Torrezno-de-Soria.jpg\" alt=\"Torrezno de Soria\" width=\"640\" height=\"428\" srcset=\"https:\/\/destinocastillayleon.es\/index\/wp-content\/uploads\/2015\/03\/Torrezno-de-Soria.jpg 640w, https:\/\/destinocastillayleon.es\/index\/wp-content\/uploads\/2015\/03\/Torrezno-de-Soria-300x201.jpg 300w\" sizes=\"(max-width: 640px) 100vw, 640px\" \/><\/a><\/p>\n<p style=\"text-align: justify;\">El torrezno de Soria, dentro de la marca de garant\u00eda, ha sido considerado como el Mejor producto agroalimentario de 2014 por el esfuerzo del conjunto de empresas productoras para<strong> darlo a conocer y presentar innovaciones de comercializaci\u00f3n,<\/strong> a pesar de tratarse de un alimento tradicional.<\/p>\n<p style=\"text-align: center;\"><em><strong>Mejor bodega de Castilla y Le\u00f3n 2014: Mauro, Valladolid<\/strong><\/em><\/p>\n<p style=\"text-align: center;\"><a href=\"http:\/\/destinocastillayleon.es\/index\/wp-content\/uploads\/2015\/03\/bodegas-mauro.jpg\"><img decoding=\"async\" class=\"aligncenter size-full wp-image-18737\" src=\"http:\/\/destinocastillayleon.es\/index\/wp-content\/uploads\/2015\/03\/bodegas-mauro.jpg\" alt=\"bodegas mauro\" width=\"640\" height=\"428\" srcset=\"https:\/\/destinocastillayleon.es\/index\/wp-content\/uploads\/2015\/03\/bodegas-mauro.jpg 640w, https:\/\/destinocastillayleon.es\/index\/wp-content\/uploads\/2015\/03\/bodegas-mauro-300x201.jpg 300w\" sizes=\"(max-width: 640px) 100vw, 640px\" \/><\/a><\/p>\n<p style=\"text-align: justify;\">Bodegas Mauro ha llevado a cabo <strong>un excelente trabajo en 2014<\/strong> de elaboraci\u00f3n y comercializaci\u00f3n de sus vinos, de corte moderno pero con ra\u00edces, se\u00f1as de identidad propia que los hacen reconocibles, y todo ello sin contar con el amparo y respaldo de una Denominaci\u00f3n de Origen. Adem\u00e1s de su<strong> apuesta por el enoturismo.<\/strong><\/p>\n<p style=\"text-align: center;\"><em><strong>Mejor industria agroalimentaria de Castilla y Le\u00f3n 2014: Cascajares, Palencia<\/strong><\/em><\/p>\n<p style=\"text-align: center;\"><a href=\"http:\/\/destinocastillayleon.es\/index\/wp-content\/uploads\/2015\/03\/Cascajares.jpg\"><img decoding=\"async\" class=\"aligncenter size-full wp-image-18738\" src=\"http:\/\/destinocastillayleon.es\/index\/wp-content\/uploads\/2015\/03\/Cascajares.jpg\" alt=\"Cascajares\" width=\"640\" height=\"428\" srcset=\"https:\/\/destinocastillayleon.es\/index\/wp-content\/uploads\/2015\/03\/Cascajares.jpg 640w, https:\/\/destinocastillayleon.es\/index\/wp-content\/uploads\/2015\/03\/Cascajares-300x201.jpg 300w\" sizes=\"(max-width: 640px) 100vw, 640px\" \/><\/a><\/p>\n<p style=\"text-align: justify;\">El premio a la Mejor industria agroalimentaria de Castilla y Le\u00f3n en 2014 ha reca\u00eddo en Cascajares, por su buen hacer en la elaboraci\u00f3n de productos de calidad, sus constantes y exitosos planes de expansi\u00f3n, a pesar de que se trata de una empresa relativamente peque\u00f1a, y por la <strong>encomiable labor social<\/strong> <strong>de su Fundaci\u00f3n,<\/strong> ayudando a la inserci\u00f3n laboral de personas con discapacidad.<\/p>\n<p style=\"text-align: center;\"><em><strong>Mejor jefe de sala de Castilla y Le\u00f3n 2014: Salvador Alcalde Mart\u00ednez, de restaurante Ojeda, en Burgos<\/strong><\/em><\/p>\n<p style=\"text-align: center;\"><a href=\"http:\/\/destinocastillayleon.es\/index\/wp-content\/uploads\/2015\/03\/Casa-Ojeda.jpg\"><img decoding=\"async\" class=\"aligncenter size-full wp-image-18739\" src=\"http:\/\/destinocastillayleon.es\/index\/wp-content\/uploads\/2015\/03\/Casa-Ojeda.jpg\" alt=\"Casa Ojeda\" width=\"640\" height=\"428\" srcset=\"https:\/\/destinocastillayleon.es\/index\/wp-content\/uploads\/2015\/03\/Casa-Ojeda.jpg 640w, https:\/\/destinocastillayleon.es\/index\/wp-content\/uploads\/2015\/03\/Casa-Ojeda-300x201.jpg 300w\" sizes=\"(max-width: 640px) 100vw, 640px\" \/><\/a><\/p>\n<p style=\"text-align: justify;\">Salvador Alcalde Mart\u00ednez ha sido considerado como Mejor jefe de Sala de 2014 por su excelente trabajo en el centenario restaurante Ojeda, en Burgos y su impecable trayectoria profesional. Su labor ha contribuido sin duda a hacer de Ojeda uno de los mejores restaurantes de Castilla y Le\u00f3n y a <strong>elevar el trabajo en la sala<\/strong> al nivel de otras \u00e1reas de la restauraci\u00f3n.<\/p>\n<p style=\"text-align: center;\"><em><strong>Revelaci\u00f3n gastron\u00f3mica de Castilla y Le\u00f3n 2014: Queso de cabra pir\u00e1mide Hircus, Zamora<\/strong><\/em><\/p>\n<p>&nbsp;<\/p>\n<p><a href=\"http:\/\/destinocastillayleon.es\/index\/wp-content\/uploads\/2015\/03\/Queso-Cabra-Piramide-Hircus.jpg\"><img decoding=\"async\" class=\"aligncenter size-full wp-image-18740\" src=\"http:\/\/destinocastillayleon.es\/index\/wp-content\/uploads\/2015\/03\/Queso-Cabra-Piramide-Hircus.jpg\" alt=\"Queso Cabra Piramide Hircus\" width=\"640\" height=\"428\" srcset=\"https:\/\/destinocastillayleon.es\/index\/wp-content\/uploads\/2015\/03\/Queso-Cabra-Piramide-Hircus.jpg 640w, https:\/\/destinocastillayleon.es\/index\/wp-content\/uploads\/2015\/03\/Queso-Cabra-Piramide-Hircus-300x201.jpg 300w\" sizes=\"(max-width: 640px) 100vw, 640px\" \/><\/a><\/p>\n<p style=\"text-align: justify;\">Los miembros del Jurado han considerado que el Queso de cabra pir\u00e1mide Hircus es merecedor del premio a la Revelaci\u00f3n Gastron\u00f3mica de 2014, por su gran calidad y originalidad,<strong> tanto en el sabor como en su presentaci\u00f3n<\/strong>.<\/p>\n<figure id=\"attachment_18741\" aria-describedby=\"caption-attachment-18741\" style=\"width: 640px\" class=\"wp-caption aligncenter\"><a href=\"http:\/\/destinocastillayleon.es\/index\/wp-content\/uploads\/2015\/03\/los-premiados.jpg\"><img decoding=\"async\" class=\"wp-image-18741 size-full\" src=\"http:\/\/destinocastillayleon.es\/index\/wp-content\/uploads\/2015\/03\/los-premiados.jpg\" alt=\"los premiados\" width=\"640\" height=\"428\" srcset=\"https:\/\/destinocastillayleon.es\/index\/wp-content\/uploads\/2015\/03\/los-premiados.jpg 640w, https:\/\/destinocastillayleon.es\/index\/wp-content\/uploads\/2015\/03\/los-premiados-300x201.jpg 300w\" sizes=\"(max-width: 640px) 100vw, 640px\" \/><\/a><figcaption id=\"caption-attachment-18741\" class=\"wp-caption-text\">El Chef Alberto Soto del Restaurante Cepa 21 junto a los Hermanos Pedro Mario y \u00d3scar Manuel del Restaurante El Ermita\u00f1o<\/figcaption><\/figure>\n<p style=\"text-align: justify;\">Tras la entrega de premios lleg\u00f3 el c\u00f3ctel de la mano de Pedro Mato, elaborado con productos de origen abulense y armonizado con vinos tintos de \u00c1vila:<strong> \u00ab7 Navas\u00bb<\/strong> y vino blanco verdejo de la D.O Rueda.<\/p>\n<h3><strong>Sobre la Academia Castellana y Leonesa de Gastronom\u00eda<\/strong><\/h3>\n<p style=\"text-align: justify;\">\u00a0La Academia tiene entre sus objetivos investigar, defender y promover las actividades gastron\u00f3micas propias de Castilla y Le\u00f3n; \u00a0divulgar las excelencias de la gastronom\u00eda castellana y leonesa, y propiciar su estima y expansi\u00f3n; cuidar de la pureza de las tradiciones gastron\u00f3micas de la regi\u00f3n y dar a conocer, en Espa\u00f1a y en el mundo, las caracter\u00edsticas y aspectos m\u00e1s relevantes de su gastronom\u00eda.<\/p>\n<p style=\"text-align: justify;\">Los premios los elige un jurado formado por<strong> cinco miembros de la Academia y dos periodistas gastron\u00f3micos<\/strong>. Durante \u00a0varios meses se recogen propuestas de todo tipo: asociaciones, maestres, restaurantes.. As\u00ed como de candidatos propuestos por los distintos miembros de la Academia. Estos premios<strong> suponen un reconocimiento a la labor<\/strong> de los galardonados, as\u00ed como un impulso en la promoci\u00f3n de su buen hacer.<\/p>\n<p style=\"text-align: justify;\"><strong>Desde Destino Castilla y Le\u00f3n&#8230; \u00a1\u00a1Enhorabuena a todos los premiados!!\u00a0<\/strong><\/p>\n<h4 style=\"text-align: justify;\"><strong>Tambi\u00e9n te puede interesar&#8230;<\/strong><\/h4>\n<p style=\"text-align: justify;\">&#8211;\u00a0<a href=\"http:\/\/destinocastillayleon.es\/index\/jornadas-de-la-matanza-2015-burgo-de-osma\/\">\u00a1Vuelven las jornadas de la Matanza al Burgo de Osma!<\/a><\/p>\n<p>&#8211;\u00a0<a href=\"http:\/\/destinocastillayleon.es\/index\/delicias-gourmet-de-castilla-y-leon\/\">4 delicias gourmet de Castilla y Le\u00f3n<\/a><\/p>\n<p style=\"text-align: justify;\">&#8211;\u00a0<a href=\"http:\/\/destinocastillayleon.es\/index\/7-hitos-de-la-gastronomia-tipica-de-avila\/\">7 hitos de la gastronom\u00eda de \u00c1vila t\u00edpica<\/a><\/p>\n<p style=\"text-align: justify;\">&#8211;\u00a0<a href=\"http:\/\/destinocastillayleon.es\/index\/delicias-de-castilla-leon-para-morirse-del-gusto\/\">Delicias de Castilla y Le\u00f3n para morirse del gusto<\/a><\/p>\n","protected":false},"excerpt":{"rendered":"<p>La Academia Castellana y Leonesa de Gastronom\u00eda celebr\u00f3 ayer la segunda edici\u00f3n de la entrega de premios \u201cCastilla y Le\u00f3n de Gastronom\u00eda\u201d dentro del acuerdo suscrito entre la Academia y la Consejer\u00eda de Cultura y Turismo para colaborar en el impulso de los proyectos de turismo gastron\u00f3mico de Castilla y Le\u00f3n<\/p>\n","protected":false},"author":14,"featured_media":18733,"comment_status":"open","ping_status":"closed","sticky":false,"template":"","format":"standard","meta":{"rop_custom_images_group":[],"rop_custom_messages_group":[],"rop_publish_now":"initial","rop_publish_now_accounts":{"twitter_1150954226_1150954226":""},"rop_publish_now_history":[],"rop_publish_now_status":"pending","footnotes":""},"categories":[77,303,68],"tags":[627,539,4497,4420,4418,4419,369,541],"class_list":["post-18732","post","type-post","status-publish","format-standard","has-post-thumbnail","hentry","category-actualidad-y-agenda-de-castilla-y-leon","category-gastronomia","category-post_inicial","tag-gastronomia-de-castilla-y-leon","tag-gastronomia-en-castilla-y-leon","tag-jornadas-gastronomicas-de-castilla-y-leon","tag-premios-2014-academia-castellana-y-leonesa-de-gastronomia","tag-premios-academia-castellana-y-leonesa-de-gastronomia","tag-premios-castilla-y-leon-de-gastronomia","tag-turismo-en-castilla-y-leon","tag-turismo-gastronomico-en-castilla-y-leon"],"yoast_head":"<!-- This site is optimized with the Yoast SEO Premium plugin v20.4 (Yoast SEO v27.4) - https:\/\/yoast.com\/product\/yoast-seo-premium-wordpress\/ -->\n<title>Premios Academia Castellana y Leonesa de Gastronom\u00eda<\/title>\n<meta name=\"description\" content=\"Se fallaron los Segundos Premios Academia Castellana y Leonesa de Gastronom\u00eda ayer en \u00c1vila. Premios que reconocen el buen hacer de nuestra gastronom\u00eda\" \/>\n<meta name=\"robots\" content=\"index, follow, max-snippet:-1, max-image-preview:large, max-video-preview:-1\" \/>\n<link rel=\"canonical\" href=\"https:\/\/destinocastillayleon.es\/index\/premios-academia-castellana-y-leonesa-de-gastronomia\/\" \/>\n<meta property=\"og:locale\" content=\"es_ES\" \/>\n<meta property=\"og:type\" content=\"article\" \/>\n<meta property=\"og:title\" content=\"Premios Academia Castellana y Leonesa de Gastronom\u00eda\" \/>\n<meta property=\"og:description\" content=\"Se fallaron los Segundos Premios Academia Castellana y Leonesa de Gastronom\u00eda ayer en \u00c1vila. Premios que reconocen el buen hacer de nuestra gastronom\u00eda\" \/>\n<meta property=\"og:url\" content=\"https:\/\/destinocastillayleon.es\/index\/premios-academia-castellana-y-leonesa-de-gastronomia\/\" \/>\n<meta property=\"og:site_name\" content=\"Destino Castilla y Le\u00f3n\" \/>\n<meta property=\"article:publisher\" content=\"https:\/\/www.facebook.com\/DestinoCastillaYLeon\/\" \/>\n<meta property=\"article:published_time\" content=\"2015-03-25T17:11:57+00:00\" \/>\n<meta property=\"article:modified_time\" content=\"2015-05-05T11:54:01+00:00\" \/>\n<meta property=\"og:image\" content=\"https:\/\/destinocastillayleon.es\/index\/wp-content\/uploads\/2015\/03\/e3f54ca48f1c280e4077f65fde47670e.jpg\" \/>\n\t<meta property=\"og:image:width\" content=\"640\" \/>\n\t<meta property=\"og:image:height\" content=\"428\" \/>\n\t<meta property=\"og:image:type\" content=\"image\/jpeg\" \/>\n<meta name=\"author\" content=\"Destino CyL\" \/>\n<meta name=\"twitter:card\" content=\"summary_large_image\" \/>\n<meta name=\"twitter:title\" content=\"Premios Academia Castellana y Leonesa de Gastronom\u00eda\" \/>\n<meta name=\"twitter:description\" content=\"Se fallaron los Segundos Premios Academia Castellana y Leonesa de Gastronom\u00eda ayer en \u00c1vila. Premios que reconocen el buen hacer de nuestra gastronom\u00eda\" \/>\n<meta name=\"twitter:image\" content=\"http:\/\/destinocastillayleon.es\/index\/wp-content\/uploads\/2015\/03\/e3f54ca48f1c280e4077f65fde47670e-300x201.jpg\" \/>\n<meta name=\"twitter:creator\" content=\"@destinocyl\" \/>\n<meta name=\"twitter:site\" content=\"@destinocyl\" \/>\n<meta name=\"twitter:label1\" content=\"Escrito por\" \/>\n\t<meta name=\"twitter:data1\" content=\"Destino CyL\" \/>\n\t<meta name=\"twitter:label2\" content=\"Tiempo de lectura\" \/>\n\t<meta name=\"twitter:data2\" content=\"5 minutos\" \/>\n<script type=\"application\/ld+json\" class=\"yoast-schema-graph\">{\"@context\":\"https:\\\/\\\/schema.org\",\"@graph\":[{\"@type\":\"Article\",\"@id\":\"https:\\\/\\\/destinocastillayleon.es\\\/index\\\/premios-academia-castellana-y-leonesa-de-gastronomia\\\/#article\",\"isPartOf\":{\"@id\":\"https:\\\/\\\/destinocastillayleon.es\\\/index\\\/premios-academia-castellana-y-leonesa-de-gastronomia\\\/\"},\"author\":{\"name\":\"Destino CyL\",\"@id\":\"https:\\\/\\\/destinocastillayleon.es\\\/index\\\/#\\\/schema\\\/person\\\/820bc853671969462e3e479c4ef6f253\"},\"headline\":\"Premios Academia Castellana y Leonesa de Gastronom\u00eda\",\"datePublished\":\"2015-03-25T17:11:57+00:00\",\"dateModified\":\"2015-05-05T11:54:01+00:00\",\"mainEntityOfPage\":{\"@id\":\"https:\\\/\\\/destinocastillayleon.es\\\/index\\\/premios-academia-castellana-y-leonesa-de-gastronomia\\\/\"},\"wordCount\":1006,\"commentCount\":0,\"image\":{\"@id\":\"https:\\\/\\\/destinocastillayleon.es\\\/index\\\/premios-academia-castellana-y-leonesa-de-gastronomia\\\/#primaryimage\"},\"thumbnailUrl\":\"https:\\\/\\\/destinocastillayleon.es\\\/index\\\/wp-content\\\/uploads\\\/2015\\\/03\\\/e3f54ca48f1c280e4077f65fde47670e.jpg\",\"keywords\":[\"gastronomia de Castilla y Le\u00f3n\",\"Gastronomia en Castilla y Le\u00f3n\",\"Jornadas gastron\u00f3micas de Castilla y Le\u00f3n\",\"Premios 2014 Academia Castellana y Leonesa de Gastronom\u00eda\",\"Premios Academia Castellana y Leonesa de Gastronom\u00eda\",\"Premios Castilla y Le\u00f3n de Gastronom\u00eda\",\"turismo en Castilla y Le\u00f3n\",\"Turismo gastronomico en Castilla y Leon\"],\"articleSection\":[\"Actualidad\",\"Gastronomia\",\"Post_inicial\"],\"inLanguage\":\"es\",\"potentialAction\":[{\"@type\":\"CommentAction\",\"name\":\"Comment\",\"target\":[\"https:\\\/\\\/destinocastillayleon.es\\\/index\\\/premios-academia-castellana-y-leonesa-de-gastronomia\\\/#respond\"]}]},{\"@type\":\"WebPage\",\"@id\":\"https:\\\/\\\/destinocastillayleon.es\\\/index\\\/premios-academia-castellana-y-leonesa-de-gastronomia\\\/\",\"url\":\"https:\\\/\\\/destinocastillayleon.es\\\/index\\\/premios-academia-castellana-y-leonesa-de-gastronomia\\\/\",\"name\":\"Premios Academia Castellana y Leonesa de Gastronom\u00eda\",\"isPartOf\":{\"@id\":\"https:\\\/\\\/destinocastillayleon.es\\\/index\\\/#website\"},\"primaryImageOfPage\":{\"@id\":\"https:\\\/\\\/destinocastillayleon.es\\\/index\\\/premios-academia-castellana-y-leonesa-de-gastronomia\\\/#primaryimage\"},\"image\":{\"@id\":\"https:\\\/\\\/destinocastillayleon.es\\\/index\\\/premios-academia-castellana-y-leonesa-de-gastronomia\\\/#primaryimage\"},\"thumbnailUrl\":\"https:\\\/\\\/destinocastillayleon.es\\\/index\\\/wp-content\\\/uploads\\\/2015\\\/03\\\/e3f54ca48f1c280e4077f65fde47670e.jpg\",\"datePublished\":\"2015-03-25T17:11:57+00:00\",\"dateModified\":\"2015-05-05T11:54:01+00:00\",\"author\":{\"@id\":\"https:\\\/\\\/destinocastillayleon.es\\\/index\\\/#\\\/schema\\\/person\\\/820bc853671969462e3e479c4ef6f253\"},\"description\":\"Se fallaron los Segundos Premios Academia Castellana y Leonesa de Gastronom\u00eda ayer en \u00c1vila. Premios que reconocen el buen hacer de nuestra gastronom\u00eda\",\"breadcrumb\":{\"@id\":\"https:\\\/\\\/destinocastillayleon.es\\\/index\\\/premios-academia-castellana-y-leonesa-de-gastronomia\\\/#breadcrumb\"},\"inLanguage\":\"es\",\"potentialAction\":[{\"@type\":\"ReadAction\",\"target\":[\"https:\\\/\\\/destinocastillayleon.es\\\/index\\\/premios-academia-castellana-y-leonesa-de-gastronomia\\\/\"]}]},{\"@type\":\"ImageObject\",\"inLanguage\":\"es\",\"@id\":\"https:\\\/\\\/destinocastillayleon.es\\\/index\\\/premios-academia-castellana-y-leonesa-de-gastronomia\\\/#primaryimage\",\"url\":\"https:\\\/\\\/destinocastillayleon.es\\\/index\\\/wp-content\\\/uploads\\\/2015\\\/03\\\/e3f54ca48f1c280e4077f65fde47670e.jpg\",\"contentUrl\":\"https:\\\/\\\/destinocastillayleon.es\\\/index\\\/wp-content\\\/uploads\\\/2015\\\/03\\\/e3f54ca48f1c280e4077f65fde47670e.jpg\",\"width\":640,\"height\":428},{\"@type\":\"BreadcrumbList\",\"@id\":\"https:\\\/\\\/destinocastillayleon.es\\\/index\\\/premios-academia-castellana-y-leonesa-de-gastronomia\\\/#breadcrumb\",\"itemListElement\":[{\"@type\":\"ListItem\",\"position\":1,\"name\":\"Portada\",\"item\":\"https:\\\/\\\/destinocastillayleon.es\\\/index\\\/\"},{\"@type\":\"ListItem\",\"position\":2,\"name\":\"Premios Academia Castellana y Leonesa de Gastronom\u00eda\"}]},{\"@type\":\"WebSite\",\"@id\":\"https:\\\/\\\/destinocastillayleon.es\\\/index\\\/#website\",\"url\":\"https:\\\/\\\/destinocastillayleon.es\\\/index\\\/\",\"name\":\"Destino Castilla y Le\u00f3n\",\"description\":\"Medio digital independiente y revista de Castilla y Le\u00f3n dedicado al turismo, gastronom\u00eda y vino de Castilla y Le\u00f3n\",\"potentialAction\":[{\"@type\":\"SearchAction\",\"target\":{\"@type\":\"EntryPoint\",\"urlTemplate\":\"https:\\\/\\\/destinocastillayleon.es\\\/index\\\/?s={search_term_string}\"},\"query-input\":{\"@type\":\"PropertyValueSpecification\",\"valueRequired\":true,\"valueName\":\"search_term_string\"}}],\"inLanguage\":\"es\"},{\"@type\":\"Person\",\"@id\":\"https:\\\/\\\/destinocastillayleon.es\\\/index\\\/#\\\/schema\\\/person\\\/820bc853671969462e3e479c4ef6f253\",\"name\":\"Destino CyL\",\"image\":{\"@type\":\"ImageObject\",\"inLanguage\":\"es\",\"@id\":\"https:\\\/\\\/secure.gravatar.com\\\/avatar\\\/3ab58882c96a1f667e4b7004a344de8a7e22e7396dda91bd580baf77b48c2711?s=96&d=mm&r=g\",\"url\":\"https:\\\/\\\/secure.gravatar.com\\\/avatar\\\/3ab58882c96a1f667e4b7004a344de8a7e22e7396dda91bd580baf77b48c2711?s=96&d=mm&r=g\",\"contentUrl\":\"https:\\\/\\\/secure.gravatar.com\\\/avatar\\\/3ab58882c96a1f667e4b7004a344de8a7e22e7396dda91bd580baf77b48c2711?s=96&d=mm&r=g\",\"caption\":\"Destino CyL\"},\"description\":\"Equipo de redacci\u00f3n de Destino Castilla y Le\u00f3n\",\"sameAs\":[\"http:\\\/\\\/www.destinocastillayleon.es\"],\"url\":\"https:\\\/\\\/destinocastillayleon.es\\\/index\\\/author\\\/administrador\\\/\"}]}<\/script>\n<!-- \/ Yoast SEO Premium plugin. -->","yoast_head_json":{"title":"Premios Academia Castellana y Leonesa de Gastronom\u00eda","description":"Se fallaron los Segundos Premios Academia Castellana y Leonesa de Gastronom\u00eda ayer en \u00c1vila. Premios que reconocen el buen hacer de nuestra gastronom\u00eda","robots":{"index":"index","follow":"follow","max-snippet":"max-snippet:-1","max-image-preview":"max-image-preview:large","max-video-preview":"max-video-preview:-1"},"canonical":"https:\/\/destinocastillayleon.es\/index\/premios-academia-castellana-y-leonesa-de-gastronomia\/","og_locale":"es_ES","og_type":"article","og_title":"Premios Academia Castellana y Leonesa de Gastronom\u00eda","og_description":"Se fallaron los Segundos Premios Academia Castellana y Leonesa de Gastronom\u00eda ayer en \u00c1vila. Premios que reconocen el buen hacer de nuestra gastronom\u00eda","og_url":"https:\/\/destinocastillayleon.es\/index\/premios-academia-castellana-y-leonesa-de-gastronomia\/","og_site_name":"Destino Castilla y Le\u00f3n","article_publisher":"https:\/\/www.facebook.com\/DestinoCastillaYLeon\/","article_published_time":"2015-03-25T17:11:57+00:00","article_modified_time":"2015-05-05T11:54:01+00:00","og_image":[{"width":640,"height":428,"url":"https:\/\/destinocastillayleon.es\/index\/wp-content\/uploads\/2015\/03\/e3f54ca48f1c280e4077f65fde47670e.jpg","type":"image\/jpeg"}],"author":"Destino CyL","twitter_card":"summary_large_image","twitter_title":"Premios Academia Castellana y Leonesa de Gastronom\u00eda","twitter_description":"Se fallaron los Segundos Premios Academia Castellana y Leonesa de Gastronom\u00eda ayer en \u00c1vila. Premios que reconocen el buen hacer de nuestra gastronom\u00eda","twitter_image":"http:\/\/destinocastillayleon.es\/index\/wp-content\/uploads\/2015\/03\/e3f54ca48f1c280e4077f65fde47670e-300x201.jpg","twitter_creator":"@destinocyl","twitter_site":"@destinocyl","twitter_misc":{"Escrito por":"Destino CyL","Tiempo de lectura":"5 minutos"},"schema":{"@context":"https:\/\/schema.org","@graph":[{"@type":"Article","@id":"https:\/\/destinocastillayleon.es\/index\/premios-academia-castellana-y-leonesa-de-gastronomia\/#article","isPartOf":{"@id":"https:\/\/destinocastillayleon.es\/index\/premios-academia-castellana-y-leonesa-de-gastronomia\/"},"author":{"name":"Destino CyL","@id":"https:\/\/destinocastillayleon.es\/index\/#\/schema\/person\/820bc853671969462e3e479c4ef6f253"},"headline":"Premios Academia Castellana y Leonesa de Gastronom\u00eda","datePublished":"2015-03-25T17:11:57+00:00","dateModified":"2015-05-05T11:54:01+00:00","mainEntityOfPage":{"@id":"https:\/\/destinocastillayleon.es\/index\/premios-academia-castellana-y-leonesa-de-gastronomia\/"},"wordCount":1006,"commentCount":0,"image":{"@id":"https:\/\/destinocastillayleon.es\/index\/premios-academia-castellana-y-leonesa-de-gastronomia\/#primaryimage"},"thumbnailUrl":"https:\/\/destinocastillayleon.es\/index\/wp-content\/uploads\/2015\/03\/e3f54ca48f1c280e4077f65fde47670e.jpg","keywords":["gastronomia de Castilla y Le\u00f3n","Gastronomia en Castilla y Le\u00f3n","Jornadas gastron\u00f3micas de Castilla y Le\u00f3n","Premios 2014 Academia Castellana y Leonesa de Gastronom\u00eda","Premios Academia Castellana y Leonesa de Gastronom\u00eda","Premios Castilla y Le\u00f3n de Gastronom\u00eda","turismo en Castilla y Le\u00f3n","Turismo gastronomico en Castilla y Leon"],"articleSection":["Actualidad","Gastronomia","Post_inicial"],"inLanguage":"es","potentialAction":[{"@type":"CommentAction","name":"Comment","target":["https:\/\/destinocastillayleon.es\/index\/premios-academia-castellana-y-leonesa-de-gastronomia\/#respond"]}]},{"@type":"WebPage","@id":"https:\/\/destinocastillayleon.es\/index\/premios-academia-castellana-y-leonesa-de-gastronomia\/","url":"https:\/\/destinocastillayleon.es\/index\/premios-academia-castellana-y-leonesa-de-gastronomia\/","name":"Premios Academia Castellana y Leonesa de Gastronom\u00eda","isPartOf":{"@id":"https:\/\/destinocastillayleon.es\/index\/#website"},"primaryImageOfPage":{"@id":"https:\/\/destinocastillayleon.es\/index\/premios-academia-castellana-y-leonesa-de-gastronomia\/#primaryimage"},"image":{"@id":"https:\/\/destinocastillayleon.es\/index\/premios-academia-castellana-y-leonesa-de-gastronomia\/#primaryimage"},"thumbnailUrl":"https:\/\/destinocastillayleon.es\/index\/wp-content\/uploads\/2015\/03\/e3f54ca48f1c280e4077f65fde47670e.jpg","datePublished":"2015-03-25T17:11:57+00:00","dateModified":"2015-05-05T11:54:01+00:00","author":{"@id":"https:\/\/destinocastillayleon.es\/index\/#\/schema\/person\/820bc853671969462e3e479c4ef6f253"},"description":"Se fallaron los Segundos Premios Academia Castellana y Leonesa de Gastronom\u00eda ayer en \u00c1vila. Premios que reconocen el buen hacer de nuestra gastronom\u00eda","breadcrumb":{"@id":"https:\/\/destinocastillayleon.es\/index\/premios-academia-castellana-y-leonesa-de-gastronomia\/#breadcrumb"},"inLanguage":"es","potentialAction":[{"@type":"ReadAction","target":["https:\/\/destinocastillayleon.es\/index\/premios-academia-castellana-y-leonesa-de-gastronomia\/"]}]},{"@type":"ImageObject","inLanguage":"es","@id":"https:\/\/destinocastillayleon.es\/index\/premios-academia-castellana-y-leonesa-de-gastronomia\/#primaryimage","url":"https:\/\/destinocastillayleon.es\/index\/wp-content\/uploads\/2015\/03\/e3f54ca48f1c280e4077f65fde47670e.jpg","contentUrl":"https:\/\/destinocastillayleon.es\/index\/wp-content\/uploads\/2015\/03\/e3f54ca48f1c280e4077f65fde47670e.jpg","width":640,"height":428},{"@type":"BreadcrumbList","@id":"https:\/\/destinocastillayleon.es\/index\/premios-academia-castellana-y-leonesa-de-gastronomia\/#breadcrumb","itemListElement":[{"@type":"ListItem","position":1,"name":"Portada","item":"https:\/\/destinocastillayleon.es\/index\/"},{"@type":"ListItem","position":2,"name":"Premios Academia Castellana y Leonesa de Gastronom\u00eda"}]},{"@type":"WebSite","@id":"https:\/\/destinocastillayleon.es\/index\/#website","url":"https:\/\/destinocastillayleon.es\/index\/","name":"Destino Castilla y Le\u00f3n","description":"Medio digital independiente y revista de Castilla y Le\u00f3n dedicado al turismo, gastronom\u00eda y vino de Castilla y Le\u00f3n","potentialAction":[{"@type":"SearchAction","target":{"@type":"EntryPoint","urlTemplate":"https:\/\/destinocastillayleon.es\/index\/?s={search_term_string}"},"query-input":{"@type":"PropertyValueSpecification","valueRequired":true,"valueName":"search_term_string"}}],"inLanguage":"es"},{"@type":"Person","@id":"https:\/\/destinocastillayleon.es\/index\/#\/schema\/person\/820bc853671969462e3e479c4ef6f253","name":"Destino CyL","image":{"@type":"ImageObject","inLanguage":"es","@id":"https:\/\/secure.gravatar.com\/avatar\/3ab58882c96a1f667e4b7004a344de8a7e22e7396dda91bd580baf77b48c2711?s=96&d=mm&r=g","url":"https:\/\/secure.gravatar.com\/avatar\/3ab58882c96a1f667e4b7004a344de8a7e22e7396dda91bd580baf77b48c2711?s=96&d=mm&r=g","contentUrl":"https:\/\/secure.gravatar.com\/avatar\/3ab58882c96a1f667e4b7004a344de8a7e22e7396dda91bd580baf77b48c2711?s=96&d=mm&r=g","caption":"Destino CyL"},"description":"Equipo de redacci\u00f3n de Destino Castilla y Le\u00f3n","sameAs":["http:\/\/www.destinocastillayleon.es"],"url":"https:\/\/destinocastillayleon.es\/index\/author\/administrador\/"}]}},"_links":{"self":[{"href":"https:\/\/destinocastillayleon.es\/index\/wp-json\/wp\/v2\/posts\/18732","targetHints":{"allow":["GET"]}}],"collection":[{"href":"https:\/\/destinocastillayleon.es\/index\/wp-json\/wp\/v2\/posts"}],"about":[{"href":"https:\/\/destinocastillayleon.es\/index\/wp-json\/wp\/v2\/types\/post"}],"author":[{"embeddable":true,"href":"https:\/\/destinocastillayleon.es\/index\/wp-json\/wp\/v2\/users\/14"}],"replies":[{"embeddable":true,"href":"https:\/\/destinocastillayleon.es\/index\/wp-json\/wp\/v2\/comments?post=18732"}],"version-history":[{"count":4,"href":"https:\/\/destinocastillayleon.es\/index\/wp-json\/wp\/v2\/posts\/18732\/revisions"}],"predecessor-version":[{"id":18807,"href":"https:\/\/destinocastillayleon.es\/index\/wp-json\/wp\/v2\/posts\/18732\/revisions\/18807"}],"wp:featuredmedia":[{"embeddable":true,"href":"https:\/\/destinocastillayleon.es\/index\/wp-json\/wp\/v2\/media\/18733"}],"wp:attachment":[{"href":"https:\/\/destinocastillayleon.es\/index\/wp-json\/wp\/v2\/media?parent=18732"}],"wp:term":[{"taxonomy":"category","embeddable":true,"href":"https:\/\/destinocastillayleon.es\/index\/wp-json\/wp\/v2\/categories?post=18732"},{"taxonomy":"post_tag","embeddable":true,"href":"https:\/\/destinocastillayleon.es\/index\/wp-json\/wp\/v2\/tags?post=18732"}],"curies":[{"name":"wp","href":"https:\/\/api.w.org\/{rel}","templated":true}]}}