{"id":18396,"date":"2015-02-18T18:51:17","date_gmt":"2015-02-18T17:51:17","guid":{"rendered":"http:\/\/destinocastillayleon.es\/index\/?p=18396"},"modified":"2022-11-22T23:38:26","modified_gmt":"2022-11-22T22:38:26","slug":"vinos-de-senorio-de-valdesneros","status":"publish","type":"post","link":"https:\/\/destinocastillayleon.es\/index\/vinos-de-senorio-de-valdesneros\/","title":{"rendered":"Vinos de Se\u00f1or\u00edo de Valdesneros"},"content":{"rendered":"<p>Te hacemos esta pregunta, <strong>\u00bfEs Palencia una zona de producci\u00f3n de vinos?<\/strong> Sorpresa, aunque poco conocida, as\u00ed es. Y para demostrarlo, nos desplazamo hace un tiempo a conocer en la localidad de Torquemada, Palencia, donde conocimos <a href=\"http:\/\/www.bodegasvaldesneros.com\/\" title=\"Link a la web oficial de la Bodega Se\u00f1or\u00edo de Valdesneros\" target=\"_blank\" rel=\"noopener\">vinos de Se\u00f1or\u00edo de Valdesneros<\/a>.<\/p>\n<h3><strong>Vinos de Se\u00f1or\u00edo de Valdesneros y la tradici\u00f3n vin\u00edcola de Torquemada<\/strong><\/h3>\n<p>Y es que, <strong>esta bodega retoma una tradici\u00f3n que casi se perdi\u00f3 hace tiempo<\/strong>, la producci\u00f3n de <strong>excelentes vinos<\/strong>, y es que no por nada, por este pueblo pasa el r\u00edo Arlanza, hermano norte\u00f1o del Duero. Su valle, tambi\u00e9n ligado a la frontera durante la Reconquista es una buena cuna de vinos de la <a href=\"http:\/\/es.wikipedia.org\/wiki\/Tempranillo_%28uva%29\" title=\"Link a Wikipedia sobre la variedad de uva tempranillo\" target=\"_blank\" rel=\"noopener\">variedad tempranillo<\/a>, pero que por la diferencia de altura, unos 100 metros m\u00e1s alto y los terrenos adquiere una personalidad diferente.<br \/>\n\u00a0<br \/>\n<figure id=\"attachment_18401\" aria-describedby=\"caption-attachment-18401\" style=\"width: 620px\" class=\"wp-caption aligncenter\"><img decoding=\"async\" src=\"https:\/\/destinocastillayleon.es\/index\/wp-content\/uploads\/2015\/02\/e2009e4913fdd0a9f81dee395e630577.jpg\" alt=\"Vi\u00f1as en Se\u00f1or\u00edo de Valdesneros - Destino Castilla y Le\u00f3n\" width=\"620\" height=\"411\" class=\"size-full wp-image-18401\" srcset=\"https:\/\/destinocastillayleon.es\/index\/wp-content\/uploads\/2015\/02\/e2009e4913fdd0a9f81dee395e630577.jpg 620w, https:\/\/destinocastillayleon.es\/index\/wp-content\/uploads\/2015\/02\/e2009e4913fdd0a9f81dee395e630577-300x199.jpg 300w\" sizes=\"(max-width: 620px) 100vw, 620px\" \/><figcaption id=\"caption-attachment-18401\" class=\"wp-caption-text\">Vi\u00f1as en Se\u00f1or\u00edo de Valdesneros &#8211; Destino Castilla y Le\u00f3n<\/figcaption><\/figure><br \/>\n\u00a0<br \/>\nEsta personalidad se ha traducido <strong>en la creaci\u00f3n en el 2005 de <a href=\"http:\/\/es.wikipedia.org\/wiki\/Arlanza_%28vino%29\" title=\"Link a Wikipedia sobre al DO. Arlanza\" target=\"_blank\" rel=\"noopener\">la Denominaci\u00f3n de Origen Arlanza<\/a><\/strong>, que aunque se centra especialmente en Burgos, tambi\u00e9n se adentra en Palencia, y ejemplo de ello es esta bodega, Se\u00f1or\u00edo de Valdesneros.<\/p>\n<p>Y sin m\u00e1s dilaci\u00f3n, vamos a hablarte de la degustaci\u00f3n de vinos que probamos durante <a href=\"http:\/\/destinocastillayleon.es\/index\/destino-enoturismo-en-palencia\/\" title=\"Enlace a la Experiencia de Enoturismo en Palencia\" target=\"_blank\" rel=\"noopener\"><strong>nuestra visita enotur\u00edstica<\/strong><\/a>.<a name=\"Rosado\"><\/a><br \/>\n\u00a0 <\/p>\n<h2><strong>Cata de los vinos de Se\u00f1or\u00edo de Valdesneros<\/strong><\/h2>\n<h3><strong>Cata del Rosado Se\u00f1or\u00edo de Valdesneros 2014<\/strong><\/h3>\n<p>Este vino rosado, en el momento que lo catamos era a\u00fan una primicia, puesto que lo cosecharon en septiembre y <strong>fue embotellado en octubre de 2014<\/strong>, justo un par de semanas antes de nuestra visita, as\u00ed que estamos frente a un vino muy nuevo.<\/p>\n<p><center><img decoding=\"async\" src=\"http:\/\/destinocastillayleon.es\/index\/wp-content\/uploads\/2014\/12\/Vino-rosado-Valdesneros.jpg\" alt=\"Rosado 2014 Se\u00f1or\u00edo de Valdesneros\" title=\"Rosado 2014 Se\u00f1or\u00edo de Valdesneros\" width=\"320\" \/><\/center><\/p>\n<p><strong>Variedad:<\/strong> 100% uva tempranillo o tinta del pa\u00eds con 36 horas de maceraci\u00f3n a temperatura controlada.<br \/>\n<strong>Denominaci\u00f3n de origen:<\/strong> <a href=\"http:\/\/www.arlanza.org\/\" title=\"Link a la web oficial de la DO. Arlanza\" target=\"_blank\" rel=\"noopener\">DO. Arlanza<\/a>.<\/p>\n<h4><strong>Caracter\u00edsticas<\/strong><\/h4>\n<p>Visualmente es muy atractivo, con una <strong>coloraci\u00f3n rosa fresa p\u00e1lido<\/strong>. Muy limpio.<\/p>\n<p>En nariz es muy interesante con <strong>aromas florares<\/strong>. Cuando se abre un poco m\u00e1s, tambi\u00e9n encontramos <strong>cierta amargura como de almendras<\/strong>.<\/p>\n<p>En boca encontramos con <strong>un vino afrutado<\/strong>, con toques <strong>herb\u00e1ceos <\/strong>con una <strong>acidez bastante equilibrada<\/strong>. Cuando se atempera un poco el sabor varietal de la tempranillo termina imponi\u00e9ndose con <strong>un toque a fresa \u00e1cida<\/strong>.<br \/>\n\u00a0 <\/p>\n<h4><strong>Nuestra valoraci\u00f3n<\/strong><\/h4>\n<p>Nos gust\u00f3, aunque <strong>a\u00fan ha de terminar de redondearse en la botella<\/strong>, este rosado es <strong>ideal para tomar un d\u00eda tranquilo<\/strong>, en una cena un poco m\u00e1s relajada en la que maridamos con unos <strong>quesos, embutidos y alg\u00fan que otro escabechado<\/strong>.<\/p>\n<p><img decoding=\"async\" class=\"aligncenter\" title=\"Valoraci\u00f3n de 3 sobre 5 para este vino\" alt=\"Valoraci\u00f3n de 3 sobre 5 para este vino\" src=\"http:\/\/destinocastillayleon.es\/index\/wp-content\/uploads\/2013\/08\/Valoracion-3-de-5-1024x411.jpg\" width=\"380\" \/><a name=\"Roble\"><\/a><br \/>\n\u00a0 <\/p>\n<h3><strong>Cata del Tinto Roble Se\u00f1or\u00edo de Valdesneros 2013<\/strong><\/h3>\n<p>Saltamos de a\u00f1ada para descubrir este tinto con una crianza en barrica que le da consistencia a un vino de lo m\u00e1s interesante. Ya estamos hablando de dos semanas de maceraci\u00f3n para obtener un buen tintado.<\/p>\n<p><strong>Variedad:<\/strong> <strong>uva 100% tempranillo<\/strong> con crianza de <strong>6 meses en barrica<\/strong> de roble franc\u00e9s y americano.<br \/>\n<strong>Denominaci\u00f3n de origen:<\/strong> <a href=\"http:\/\/www.arlanza.org\/\" title=\"Link a la web oficial de la DO. Arlanza\" target=\"_blank\" rel=\"noopener\">DO. Arlanza<\/a>.<br \/>\n\u00a0<br \/>\n<figure id=\"attachment_17012\" aria-describedby=\"caption-attachment-17012\" style=\"width: 297px\" class=\"wp-caption aligncenter\"><img decoding=\"async\" src=\"https:\/\/destinocastillayleon.es\/index\/wp-content\/uploads\/2014\/11\/4133c62b014ca30628d13d7db0ef6501-e1669156410863.jpg\" alt=\"Tinto roble Se\u00f1or\u00edo de Valdesneros - Destino Castilla y Le\u00f3n\" width=\"297\" height=\"397\" class=\"size-full wp-image-17012\" srcset=\"https:\/\/destinocastillayleon.es\/index\/wp-content\/uploads\/2014\/11\/4133c62b014ca30628d13d7db0ef6501-e1669156410863.jpg 297w, https:\/\/destinocastillayleon.es\/index\/wp-content\/uploads\/2014\/11\/4133c62b014ca30628d13d7db0ef6501-e1669156410863-224x300.jpg 224w\" sizes=\"(max-width: 297px) 100vw, 297px\" \/><figcaption id=\"caption-attachment-17012\" class=\"wp-caption-text\">Tinto roble Se\u00f1or\u00edo de Valdesneros &#8211; Destino Castilla y Le\u00f3n<\/figcaption><\/figure><br \/>\n\u00a0 <\/p>\n<h4><strong>Caracter\u00edsticas<\/strong><\/h4>\n<p>En la fase visual, estamos frente a un tinto con <strong>colores potentes<\/strong>. Un rojo cereza de capa alta con <strong>ribetes viol\u00e1ceos<\/strong>.<\/p>\n<p>En la nariz los <strong>frutos rojos y los toques florares<\/strong> se disputan la predominancia, no obstante, cuando se oxigena bien y se abre, tambi\u00e9n podremos encontrar <strong>algo de coco<\/strong>.<\/p>\n<p>En boca la tempranillo deja su firma en <strong>la astringencia<\/strong>, aunque sin ser tan secante, que machaque el sabor. Posee un <strong>cuerpo muy bien estructurado<\/strong>.<\/p>\n<h4><strong>Nuestra valoraci\u00f3n<\/strong><\/h4>\n<p>Estamos frente a otro forma de hacer vinos tintos igualmente interesantes. <strong>Aunque la madera ha hecho bien su trabajo, no hay un abuso de ella <\/strong>y eso es de agradecer. Esto hace que este vino pudiera ser el<strong> ideal para un d\u00eda de chateo<\/strong>, ya que no resulta cansado. Juntarlo <strong>con embutidos<\/strong> ligeramente ahumados puede ser un buen maridaje.<\/p>\n<p><img decoding=\"async\" class=\"aligncenter\" title=\"Valoraci\u00f3n de 4 sobre 5 para este vino\" alt=\"Valoraci\u00f3n de 4 sobre 5 para este vino\" src=\"http:\/\/destinocastillayleon.es\/index\/wp-content\/uploads\/2013\/08\/Valoracion-4-de-5-1024x411.jpg\" width=\"380\" \/><a name=\"Crianza\"><\/a><br \/>\n\u00a0 <\/p>\n<h3><strong>Cata del Tinto Crianza Se\u00f1or\u00edo de Valdesneros 2008<\/strong><\/h3>\n<p>Ya damos un salto a otro nivel, <strong>lo que llamamos un vinazo<\/strong> que pese a tener 24 meses de barrica a\u00fan conserva un color muy alto.<br \/>\n\u00a0<br \/>\n<figure id=\"attachment_17024\" aria-describedby=\"caption-attachment-17024\" style=\"width: 297px\" class=\"wp-caption aligncenter\"><img decoding=\"async\" src=\"https:\/\/destinocastillayleon.es\/index\/wp-content\/uploads\/2014\/11\/a8b2684cc2b42c3efa430ab64e778b64-e1669156516675.jpg\" alt=\"Crianza Se\u00f1or\u00edo de Valdesneros - Destino Castilla y Le\u00f3n\" width=\"297\" height=\"397\" class=\"size-full wp-image-17024\" srcset=\"https:\/\/destinocastillayleon.es\/index\/wp-content\/uploads\/2014\/11\/a8b2684cc2b42c3efa430ab64e778b64-e1669156516675.jpg 297w, https:\/\/destinocastillayleon.es\/index\/wp-content\/uploads\/2014\/11\/a8b2684cc2b42c3efa430ab64e778b64-e1669156516675-224x300.jpg 224w\" sizes=\"(max-width: 297px) 100vw, 297px\" \/><figcaption id=\"caption-attachment-17024\" class=\"wp-caption-text\">Crianza Se\u00f1or\u00edo de Valdesneros &#8211; Destino Castilla y Le\u00f3n<\/figcaption><\/figure><br \/>\n\u00a0<br \/>\n<strong>Variedad:<\/strong> uva 100% tempranillo con crianza de <strong>24 meses en barrica<\/strong> de roble franc\u00e9s y americano.<br \/>\n<strong>Denominaci\u00f3n de origen:<\/strong> <a href=\"http:\/\/www.arlanza.org\/\" title=\"Link a la web oficial de la DO. Arlanza\" target=\"_blank\" rel=\"noopener\">DO. Arlanza<\/a>.<\/p>\n<h4><strong>Caracter\u00edsticas<\/strong><\/h4>\n<p>Impresiona ver un vino con esta crianza que a\u00fan conserva <strong>un color muy subido<\/strong>. Aunque el <strong>ribete deja ver un tono ya algo tierra<\/strong>, sigue dando a\u00fan que otro destello viol\u00e1ceo.<\/p>\n<p>Los aromas son muy agradables al tener <strong>toques herb\u00e1ceos de anisados e hinojo<\/strong> compitiendo con <strong>los varietales frutos rojos y negros<\/strong>.<\/p>\n<p>En boca es s\u00faper atractivo, <strong>con astringencia que prolonga el retrogusto lo suficiente<\/strong>, pero sin resultar \u00e1spero. Tiene <strong>toques florales muy interesantes<\/strong>.<br \/>\n\u00a0 <\/p>\n<h4><strong>Nuestra valoraci\u00f3n<\/strong><\/h4>\n<p>Es dif\u00edcil ya encontrar vinos de esta a\u00f1ada, y que adem\u00e1s posean estas caracter\u00edsticas tan impresionantes. Lo creemos <strong>ideal para una buena raci\u00f3n de asado o una carne roja en parrilla<\/strong>, donde el retrogusto se combine con el alimento.<\/p>\n<p><img decoding=\"async\" class=\"aligncenter\" title=\"Valoraci\u00f3n de 3 sobre 5 para este vino\" alt=\"Valoraci\u00f3n de 3 sobre 5 para este vino\" src=\"http:\/\/destinocastillayleon.es\/index\/wp-content\/uploads\/2013\/08\/Valoracion-4-de-5-1024x411.jpg\" width=\"380\" \/><a name=\"Amantia\"><\/a><br \/>\n\u00a0 <\/p>\n<h3><strong>Cata del Amantia<\/strong><\/h3>\n<p>Fuera de la tradici\u00f3n, <strong>descubrimos parte del I+D de la bodega Valdesneros<\/strong>. Se trata de un vino de hielo. Innovaci\u00f3n pura hecho de forma artesanal.<br \/>\n\u00a0<br \/>\n<strong>Variedad:<\/strong> uva 100% tempranillo<br \/>\n<strong>Denominaci\u00f3n de Origen:<\/strong> No adscrito a ninguna DO.<\/p>\n<h4><strong>Caracter\u00edsticas<\/strong><\/h4>\n<p>Vamos a dar unas pinceladas gruesas a este vino, pues dejaremos que el en\u00f3logo de la bodega nos los explique \u00e9l mismo <strong>en un video<\/strong>.<\/p>\n<h4><strong>Los vinos de hielo<\/strong><\/h4>\n<p>Los vinos de hielo se consiguen <strong>dejando la uva en la vid m\u00e1s tiempo, dejando que las bajas temperaturas nocturnas congelen la uva<\/strong>. De esta forma vamos a conseguir una fase agua helada que vamos a poder retirar y un mosto muy concentrado con todas las sales y propiedades de la uva.<\/p>\n<p>Visualmente vamos a observar un <strong>vino muy ambarino <\/strong>con bastante lacrimal. Con aromas muy de <strong>frutas maduras almibaradas, como a melocot\u00f3n confitado<\/strong>. En boca es<strong> muy sedoso y dulce<\/strong>. Con un toque fuerte, pero agradable que no repele.<br \/>\n\u00a0<br \/>\n<center><img decoding=\"async\" src=\"http:\/\/destinocastillayleon.es\/index\/wp-content\/uploads\/2014\/12\/Vino-Amantia.jpg\" alt=\"Vino de hielo Amantia\" title=\"Vino de hielo Amantia Se\u00f1or\u00edo de Valdesneros\" width=\"320\" \/><\/center><br \/>\n\u00a0 <\/p>\n<h4><strong>Nuestra valoraci\u00f3n<\/strong><\/h4>\n<p>De lo m\u00e1s interesante, este vino con toques dulces <strong>aunque puede ser un acompa\u00f1ante de postres, resulta mejor como complemento de unos entrantes a base de escabechados, picantes o agridulces<\/strong>.<\/p>\n<p><img decoding=\"async\" class=\"aligncenter\" title=\"Valoraci\u00f3n de 4 sobre 5 para este vino\" alt=\"Valoraci\u00f3n de 4 sobre 5 para este vino\" src=\"http:\/\/destinocastillayleon.es\/index\/wp-content\/uploads\/2013\/08\/Valoracion-4-de-5-1024x411.jpg\" width=\"380\" \/><br \/>\n\u00a0<br \/>\nComo has podido leer, en Palencia, tambi\u00e9n se dan vinos de muy buena calidad con una amplia variedad de elaboraciones, rosados, robles, crianzas y vinos de hielo. Esto permite competir con cualquier zona. Incluso esta bodega se est\u00e1 planteando un aut\u00e9ntico trabajo de I+D en cuestiones de enolog\u00eda. <strong>Estaremos muy antentos, porque la cosa promete<\/strong>.<br \/>\n\u00a0<br \/>\n<H4>Tambi\u00e9n te puede interesar,..<\/h4>\n<ul>\n<li><a href=\"http:\/\/destinocastillayleon.es\/index\/como-se-elabora-el-vino-tinto\/\" title=\"C\u00f3mo se elabora el vino tinto\" target=\"_blank\" rel=\"noopener\"><span style=\"color: #000000;\">C\u00f3mo se elabora el vino tinto<\/a>.<\/li>\n<li><a title=\"Aprende como se realiza una cata profesional\" href=\"http:\/\/destinocastillayleon.es\/index\/ficha-de-cata-la-metodologia-para-degustar-buen-vino\/\" target=\"_Blank\" rel=\"noopener\"><span style=\"color: #000000;\">Aprende como se realiza una cata profesional<\/span><\/a>.<\/li>\n<li><a title=\"Aprende como se realiza una cata profesional\" href=\"http:\/\/destinocastillayleon.es\/index\/arbil-crianza-2006-do-ribera-de-arlanza\/\" target=\"_Blank\" rel=\"noopener\"><span style=\"color: #000000;\">Catando el tinto Arbil, crianza 2006 de Covarrubias<\/span><\/a>.<\/li>\n<li><a title=\"Tapones para las botellas de vino\" href=\"http:\/\/destinocastillayleon.es\/index\/tapones-para-las-botellas-de-vino-corcho-silicona\/\" target=\"_Blank\" rel=\"noopener\"><span style=\"color: #000000;\">Tapones de corcho o silicona<\/span><\/a>.<\/li>\n<li><a href=\"http:\/\/destinocastillayleon.es\/index\/el-origen-del-vino-en-castilla-leon\/\" title=\"Historia y origen de los vinos de Castilla y Le\u00f3n\" target=\"_blank\" rel=\"noopener\"><span style=\"color: #000000;\">Historia y origen de los vinos de Castilla y Le\u00f3n<\/a>.<\/li>\n<\/ul>\n<p>\u00a0 <\/p>\n","protected":false},"excerpt":{"rendered":"<p>Conoce los vinos de la Bodega Se\u00f1or\u00edo de Valdesneros que se encuentra en Torquemada. Unos vinos de la DO. Arlanza que tienes que probar.<\/p>\n","protected":false},"author":2,"featured_media":18406,"comment_status":"open","ping_status":"closed","sticky":false,"template":"","format":"standard","meta":{"rop_custom_images_group":[],"rop_custom_messages_group":[],"rop_publish_now":"initial","rop_publish_now_accounts":{"twitter_1150954226_1150954226":""},"rop_publish_now_history":[],"rop_publish_now_status":"pending","footnotes":""},"categories":[4597,934,932],"tags":[4337,4359,2951,4338,4358],"class_list":["post-18396","post","type-post","status-publish","format-standard","has-post-thumbnail","hentry","category-catando-vinos","category-vino_rosado","category-vino_tinto","tag-bodega-senorio-de-valdesneros","tag-bodegas-en-torquemada","tag-vinos-de-la-do-arlanza","tag-vinos-de-palencia","tag-vinos-de-torquemada"],"yoast_head":"<!-- This site is optimized with the Yoast SEO Premium plugin v20.4 (Yoast SEO v27.4) - https:\/\/yoast.com\/product\/yoast-seo-premium-wordpress\/ -->\n<title>Conoce los vinos de Se\u00f1or\u00edo de Valdesneros<\/title>\n<meta name=\"description\" content=\"Conoce los vinos de Se\u00f1or\u00edo de Valdesneros que se encuentra en Torquemada. Unos vinos de la DO. Arlanza que tienes que probar.\" \/>\n<meta name=\"robots\" content=\"index, follow, max-snippet:-1, max-image-preview:large, max-video-preview:-1\" \/>\n<link rel=\"canonical\" href=\"https:\/\/destinocastillayleon.es\/index\/vinos-de-senorio-de-valdesneros\/\" \/>\n<meta property=\"og:locale\" content=\"es_ES\" \/>\n<meta property=\"og:type\" content=\"article\" \/>\n<meta property=\"og:title\" content=\"Conoce los vinos de la Bodega Se\u00f1or\u00edo de Valdesneros - @DestinoCastilayLe\u00f3n\" \/>\n<meta property=\"og:description\" content=\"Conoce los vinos de la Bodega Se\u00f1or\u00edo de Valdesneros que se encuentra en Torquemada. Unos vinos de la DO. Arlanza que tienes que probar.\" \/>\n<meta property=\"og:url\" content=\"https:\/\/destinocastillayleon.es\/index\/vinos-de-senorio-de-valdesneros\/\" \/>\n<meta property=\"og:site_name\" content=\"Destino Castilla y Le\u00f3n\" \/>\n<meta property=\"article:publisher\" content=\"https:\/\/www.facebook.com\/DestinoCastillaYLeon\/\" \/>\n<meta property=\"article:author\" content=\"https:\/\/www.facebook.com\/profile.php?id=1158416854\" \/>\n<meta property=\"article:published_time\" content=\"2015-02-18T17:51:17+00:00\" \/>\n<meta property=\"article:modified_time\" content=\"2022-11-22T22:38:26+00:00\" \/>\n<meta property=\"og:image\" content=\"https:\/\/destinocastillayleon.es\/index\/wp-content\/uploads\/2015\/02\/d1a3e04a650aa9d52687fe7528a9054a.jpg\" \/>\n\t<meta property=\"og:image:width\" content=\"573\" \/>\n\t<meta property=\"og:image:height\" content=\"489\" \/>\n\t<meta property=\"og:image:type\" content=\"image\/jpeg\" \/>\n<meta name=\"author\" content=\"David V\u00e1zquez\" \/>\n<meta name=\"twitter:card\" content=\"summary_large_image\" \/>\n<meta name=\"twitter:title\" content=\"Conoce los vinos de la Bodega Se\u00f1or\u00edo de Valdesneros - @DestinoCyL\" \/>\n<meta name=\"twitter:description\" content=\"Conoce los vinos de la Bodega Se\u00f1or\u00edo de Valdesneros que se encuentra en Torquemada. Unos vinos de la DO. Arlanza que tienes que probar.\" \/>\n<meta name=\"twitter:creator\" content=\"@https:\/\/twitter.com\/ContePantaleone\u200e\" \/>\n<meta name=\"twitter:site\" content=\"@destinocyl\" \/>\n<meta name=\"twitter:label1\" content=\"Escrito por\" \/>\n\t<meta name=\"twitter:data1\" content=\"David V\u00e1zquez\" \/>\n\t<meta name=\"twitter:label2\" content=\"Tiempo de lectura\" \/>\n\t<meta name=\"twitter:data2\" content=\"7 minutos\" \/>\n<script type=\"application\/ld+json\" class=\"yoast-schema-graph\">{\"@context\":\"https:\\\/\\\/schema.org\",\"@graph\":[{\"@type\":\"Article\",\"@id\":\"https:\\\/\\\/destinocastillayleon.es\\\/index\\\/vinos-de-senorio-de-valdesneros\\\/#article\",\"isPartOf\":{\"@id\":\"https:\\\/\\\/destinocastillayleon.es\\\/index\\\/vinos-de-senorio-de-valdesneros\\\/\"},\"author\":{\"name\":\"David V\u00e1zquez\",\"@id\":\"https:\\\/\\\/destinocastillayleon.es\\\/index\\\/#\\\/schema\\\/person\\\/189221bc8f6cc4fa28b18ad5c289d4c2\"},\"headline\":\"Vinos de Se\u00f1or\u00edo de Valdesneros\",\"datePublished\":\"2015-02-18T17:51:17+00:00\",\"dateModified\":\"2022-11-22T22:38:26+00:00\",\"mainEntityOfPage\":{\"@id\":\"https:\\\/\\\/destinocastillayleon.es\\\/index\\\/vinos-de-senorio-de-valdesneros\\\/\"},\"wordCount\":1176,\"commentCount\":2,\"image\":{\"@id\":\"https:\\\/\\\/destinocastillayleon.es\\\/index\\\/vinos-de-senorio-de-valdesneros\\\/#primaryimage\"},\"thumbnailUrl\":\"https:\\\/\\\/destinocastillayleon.es\\\/index\\\/wp-content\\\/uploads\\\/2015\\\/02\\\/d1a3e04a650aa9d52687fe7528a9054a.jpg\",\"keywords\":[\"bodega Se\u00f1orio de Valdesneros\",\"bodegas en Torquemada\",\"vinos de la DO Arlanza\",\"vinos de palencia\",\"vinos de torquemada\"],\"articleSection\":[\"Catando vinos\",\"vino_rosado\",\"vino_tinto\"],\"inLanguage\":\"es\",\"potentialAction\":[{\"@type\":\"CommentAction\",\"name\":\"Comment\",\"target\":[\"https:\\\/\\\/destinocastillayleon.es\\\/index\\\/vinos-de-senorio-de-valdesneros\\\/#respond\"]}]},{\"@type\":\"WebPage\",\"@id\":\"https:\\\/\\\/destinocastillayleon.es\\\/index\\\/vinos-de-senorio-de-valdesneros\\\/\",\"url\":\"https:\\\/\\\/destinocastillayleon.es\\\/index\\\/vinos-de-senorio-de-valdesneros\\\/\",\"name\":\"Conoce los vinos de Se\u00f1or\u00edo de Valdesneros\",\"isPartOf\":{\"@id\":\"https:\\\/\\\/destinocastillayleon.es\\\/index\\\/#website\"},\"primaryImageOfPage\":{\"@id\":\"https:\\\/\\\/destinocastillayleon.es\\\/index\\\/vinos-de-senorio-de-valdesneros\\\/#primaryimage\"},\"image\":{\"@id\":\"https:\\\/\\\/destinocastillayleon.es\\\/index\\\/vinos-de-senorio-de-valdesneros\\\/#primaryimage\"},\"thumbnailUrl\":\"https:\\\/\\\/destinocastillayleon.es\\\/index\\\/wp-content\\\/uploads\\\/2015\\\/02\\\/d1a3e04a650aa9d52687fe7528a9054a.jpg\",\"datePublished\":\"2015-02-18T17:51:17+00:00\",\"dateModified\":\"2022-11-22T22:38:26+00:00\",\"author\":{\"@id\":\"https:\\\/\\\/destinocastillayleon.es\\\/index\\\/#\\\/schema\\\/person\\\/189221bc8f6cc4fa28b18ad5c289d4c2\"},\"description\":\"Conoce los vinos de Se\u00f1or\u00edo de Valdesneros que se encuentra en Torquemada. Unos vinos de la DO. Arlanza que tienes que probar.\",\"breadcrumb\":{\"@id\":\"https:\\\/\\\/destinocastillayleon.es\\\/index\\\/vinos-de-senorio-de-valdesneros\\\/#breadcrumb\"},\"inLanguage\":\"es\",\"potentialAction\":[{\"@type\":\"ReadAction\",\"target\":[\"https:\\\/\\\/destinocastillayleon.es\\\/index\\\/vinos-de-senorio-de-valdesneros\\\/\"]}]},{\"@type\":\"ImageObject\",\"inLanguage\":\"es\",\"@id\":\"https:\\\/\\\/destinocastillayleon.es\\\/index\\\/vinos-de-senorio-de-valdesneros\\\/#primaryimage\",\"url\":\"https:\\\/\\\/destinocastillayleon.es\\\/index\\\/wp-content\\\/uploads\\\/2015\\\/02\\\/d1a3e04a650aa9d52687fe7528a9054a.jpg\",\"contentUrl\":\"https:\\\/\\\/destinocastillayleon.es\\\/index\\\/wp-content\\\/uploads\\\/2015\\\/02\\\/d1a3e04a650aa9d52687fe7528a9054a.jpg\",\"width\":573,\"height\":489,\"caption\":\"Brindis Se\u00f1orio de Valdesneros con Destino Castilla y Le\u00f3n\"},{\"@type\":\"BreadcrumbList\",\"@id\":\"https:\\\/\\\/destinocastillayleon.es\\\/index\\\/vinos-de-senorio-de-valdesneros\\\/#breadcrumb\",\"itemListElement\":[{\"@type\":\"ListItem\",\"position\":1,\"name\":\"Portada\",\"item\":\"https:\\\/\\\/destinocastillayleon.es\\\/index\\\/\"},{\"@type\":\"ListItem\",\"position\":2,\"name\":\"Vinos de Se\u00f1or\u00edo de Valdesneros\"}]},{\"@type\":\"WebSite\",\"@id\":\"https:\\\/\\\/destinocastillayleon.es\\\/index\\\/#website\",\"url\":\"https:\\\/\\\/destinocastillayleon.es\\\/index\\\/\",\"name\":\"Destino Castilla y Le\u00f3n\",\"description\":\"Medio digital independiente y revista de Castilla y Le\u00f3n dedicado al turismo, gastronom\u00eda y vino de Castilla y Le\u00f3n\",\"potentialAction\":[{\"@type\":\"SearchAction\",\"target\":{\"@type\":\"EntryPoint\",\"urlTemplate\":\"https:\\\/\\\/destinocastillayleon.es\\\/index\\\/?s={search_term_string}\"},\"query-input\":{\"@type\":\"PropertyValueSpecification\",\"valueRequired\":true,\"valueName\":\"search_term_string\"}}],\"inLanguage\":\"es\"},{\"@type\":\"Person\",\"@id\":\"https:\\\/\\\/destinocastillayleon.es\\\/index\\\/#\\\/schema\\\/person\\\/189221bc8f6cc4fa28b18ad5c289d4c2\",\"name\":\"David V\u00e1zquez\",\"image\":{\"@type\":\"ImageObject\",\"inLanguage\":\"es\",\"@id\":\"https:\\\/\\\/secure.gravatar.com\\\/avatar\\\/cd12db6c575a90c3b75cfa0f794b74d425201c768612fad17e9f13cd33d48be8?s=96&d=mm&r=g\",\"url\":\"https:\\\/\\\/secure.gravatar.com\\\/avatar\\\/cd12db6c575a90c3b75cfa0f794b74d425201c768612fad17e9f13cd33d48be8?s=96&d=mm&r=g\",\"contentUrl\":\"https:\\\/\\\/secure.gravatar.com\\\/avatar\\\/cd12db6c575a90c3b75cfa0f794b74d425201c768612fad17e9f13cd33d48be8?s=96&d=mm&r=g\",\"caption\":\"David V\u00e1zquez\"},\"description\":\"Ingeniero Industrial de vocaci\u00f3n y profesi\u00f3n, he encontrado en los blogs la forma de plasmar mi pasi\u00f3n por los viajes, la gastronom\u00eda y los vinos. Especialmente los procedentes de Castilla y Le\u00f3n\",\"sameAs\":[\"https:\\\/\\\/www.destinocastillayleon.es\",\"https:\\\/\\\/www.facebook.com\\\/profile.php?id=1158416854\",\"https:\\\/\\\/instagram.com\\\/conte.pantaleone\",\"https:\\\/\\\/www.linkedin.com\\\/pub\\\/david-vazquez-lozano\\\/37\\\/17a\\\/25a\",\"https:\\\/\\\/x.com\\\/https:\\\/\\\/twitter.com\\\/ContePantaleone\u200e\"],\"url\":\"https:\\\/\\\/destinocastillayleon.es\\\/index\\\/author\\\/coadministradorcyl\\\/\"}]}<\/script>\n<!-- \/ Yoast SEO Premium plugin. -->","yoast_head_json":{"title":"Conoce los vinos de Se\u00f1or\u00edo de Valdesneros","description":"Conoce los vinos de Se\u00f1or\u00edo de Valdesneros que se encuentra en Torquemada. Unos vinos de la DO. Arlanza que tienes que probar.","robots":{"index":"index","follow":"follow","max-snippet":"max-snippet:-1","max-image-preview":"max-image-preview:large","max-video-preview":"max-video-preview:-1"},"canonical":"https:\/\/destinocastillayleon.es\/index\/vinos-de-senorio-de-valdesneros\/","og_locale":"es_ES","og_type":"article","og_title":"Conoce los vinos de la Bodega Se\u00f1or\u00edo de Valdesneros - @DestinoCastilayLe\u00f3n","og_description":"Conoce los vinos de la Bodega Se\u00f1or\u00edo de Valdesneros que se encuentra en Torquemada. Unos vinos de la DO. Arlanza que tienes que probar.","og_url":"https:\/\/destinocastillayleon.es\/index\/vinos-de-senorio-de-valdesneros\/","og_site_name":"Destino Castilla y Le\u00f3n","article_publisher":"https:\/\/www.facebook.com\/DestinoCastillaYLeon\/","article_author":"https:\/\/www.facebook.com\/profile.php?id=1158416854","article_published_time":"2015-02-18T17:51:17+00:00","article_modified_time":"2022-11-22T22:38:26+00:00","og_image":[{"width":573,"height":489,"url":"https:\/\/destinocastillayleon.es\/index\/wp-content\/uploads\/2015\/02\/d1a3e04a650aa9d52687fe7528a9054a.jpg","type":"image\/jpeg"}],"author":"David V\u00e1zquez","twitter_card":"summary_large_image","twitter_title":"Conoce los vinos de la Bodega Se\u00f1or\u00edo de Valdesneros - @DestinoCyL","twitter_description":"Conoce los vinos de la Bodega Se\u00f1or\u00edo de Valdesneros que se encuentra en Torquemada. Unos vinos de la DO. Arlanza que tienes que probar.","twitter_creator":"@https:\/\/twitter.com\/ContePantaleone\u200e","twitter_site":"@destinocyl","twitter_misc":{"Escrito por":"David V\u00e1zquez","Tiempo de lectura":"7 minutos"},"schema":{"@context":"https:\/\/schema.org","@graph":[{"@type":"Article","@id":"https:\/\/destinocastillayleon.es\/index\/vinos-de-senorio-de-valdesneros\/#article","isPartOf":{"@id":"https:\/\/destinocastillayleon.es\/index\/vinos-de-senorio-de-valdesneros\/"},"author":{"name":"David V\u00e1zquez","@id":"https:\/\/destinocastillayleon.es\/index\/#\/schema\/person\/189221bc8f6cc4fa28b18ad5c289d4c2"},"headline":"Vinos de Se\u00f1or\u00edo de Valdesneros","datePublished":"2015-02-18T17:51:17+00:00","dateModified":"2022-11-22T22:38:26+00:00","mainEntityOfPage":{"@id":"https:\/\/destinocastillayleon.es\/index\/vinos-de-senorio-de-valdesneros\/"},"wordCount":1176,"commentCount":2,"image":{"@id":"https:\/\/destinocastillayleon.es\/index\/vinos-de-senorio-de-valdesneros\/#primaryimage"},"thumbnailUrl":"https:\/\/destinocastillayleon.es\/index\/wp-content\/uploads\/2015\/02\/d1a3e04a650aa9d52687fe7528a9054a.jpg","keywords":["bodega Se\u00f1orio de Valdesneros","bodegas en Torquemada","vinos de la DO Arlanza","vinos de palencia","vinos de torquemada"],"articleSection":["Catando vinos","vino_rosado","vino_tinto"],"inLanguage":"es","potentialAction":[{"@type":"CommentAction","name":"Comment","target":["https:\/\/destinocastillayleon.es\/index\/vinos-de-senorio-de-valdesneros\/#respond"]}]},{"@type":"WebPage","@id":"https:\/\/destinocastillayleon.es\/index\/vinos-de-senorio-de-valdesneros\/","url":"https:\/\/destinocastillayleon.es\/index\/vinos-de-senorio-de-valdesneros\/","name":"Conoce los vinos de Se\u00f1or\u00edo de Valdesneros","isPartOf":{"@id":"https:\/\/destinocastillayleon.es\/index\/#website"},"primaryImageOfPage":{"@id":"https:\/\/destinocastillayleon.es\/index\/vinos-de-senorio-de-valdesneros\/#primaryimage"},"image":{"@id":"https:\/\/destinocastillayleon.es\/index\/vinos-de-senorio-de-valdesneros\/#primaryimage"},"thumbnailUrl":"https:\/\/destinocastillayleon.es\/index\/wp-content\/uploads\/2015\/02\/d1a3e04a650aa9d52687fe7528a9054a.jpg","datePublished":"2015-02-18T17:51:17+00:00","dateModified":"2022-11-22T22:38:26+00:00","author":{"@id":"https:\/\/destinocastillayleon.es\/index\/#\/schema\/person\/189221bc8f6cc4fa28b18ad5c289d4c2"},"description":"Conoce los vinos de Se\u00f1or\u00edo de Valdesneros que se encuentra en Torquemada. Unos vinos de la DO. Arlanza que tienes que probar.","breadcrumb":{"@id":"https:\/\/destinocastillayleon.es\/index\/vinos-de-senorio-de-valdesneros\/#breadcrumb"},"inLanguage":"es","potentialAction":[{"@type":"ReadAction","target":["https:\/\/destinocastillayleon.es\/index\/vinos-de-senorio-de-valdesneros\/"]}]},{"@type":"ImageObject","inLanguage":"es","@id":"https:\/\/destinocastillayleon.es\/index\/vinos-de-senorio-de-valdesneros\/#primaryimage","url":"https:\/\/destinocastillayleon.es\/index\/wp-content\/uploads\/2015\/02\/d1a3e04a650aa9d52687fe7528a9054a.jpg","contentUrl":"https:\/\/destinocastillayleon.es\/index\/wp-content\/uploads\/2015\/02\/d1a3e04a650aa9d52687fe7528a9054a.jpg","width":573,"height":489,"caption":"Brindis Se\u00f1orio de Valdesneros con Destino Castilla y Le\u00f3n"},{"@type":"BreadcrumbList","@id":"https:\/\/destinocastillayleon.es\/index\/vinos-de-senorio-de-valdesneros\/#breadcrumb","itemListElement":[{"@type":"ListItem","position":1,"name":"Portada","item":"https:\/\/destinocastillayleon.es\/index\/"},{"@type":"ListItem","position":2,"name":"Vinos de Se\u00f1or\u00edo de Valdesneros"}]},{"@type":"WebSite","@id":"https:\/\/destinocastillayleon.es\/index\/#website","url":"https:\/\/destinocastillayleon.es\/index\/","name":"Destino Castilla y Le\u00f3n","description":"Medio digital independiente y revista de Castilla y Le\u00f3n dedicado al turismo, gastronom\u00eda y vino de Castilla y Le\u00f3n","potentialAction":[{"@type":"SearchAction","target":{"@type":"EntryPoint","urlTemplate":"https:\/\/destinocastillayleon.es\/index\/?s={search_term_string}"},"query-input":{"@type":"PropertyValueSpecification","valueRequired":true,"valueName":"search_term_string"}}],"inLanguage":"es"},{"@type":"Person","@id":"https:\/\/destinocastillayleon.es\/index\/#\/schema\/person\/189221bc8f6cc4fa28b18ad5c289d4c2","name":"David V\u00e1zquez","image":{"@type":"ImageObject","inLanguage":"es","@id":"https:\/\/secure.gravatar.com\/avatar\/cd12db6c575a90c3b75cfa0f794b74d425201c768612fad17e9f13cd33d48be8?s=96&d=mm&r=g","url":"https:\/\/secure.gravatar.com\/avatar\/cd12db6c575a90c3b75cfa0f794b74d425201c768612fad17e9f13cd33d48be8?s=96&d=mm&r=g","contentUrl":"https:\/\/secure.gravatar.com\/avatar\/cd12db6c575a90c3b75cfa0f794b74d425201c768612fad17e9f13cd33d48be8?s=96&d=mm&r=g","caption":"David V\u00e1zquez"},"description":"Ingeniero Industrial de vocaci\u00f3n y profesi\u00f3n, he encontrado en los blogs la forma de plasmar mi pasi\u00f3n por los viajes, la gastronom\u00eda y los vinos. Especialmente los procedentes de Castilla y Le\u00f3n","sameAs":["https:\/\/www.destinocastillayleon.es","https:\/\/www.facebook.com\/profile.php?id=1158416854","https:\/\/instagram.com\/conte.pantaleone","https:\/\/www.linkedin.com\/pub\/david-vazquez-lozano\/37\/17a\/25a","https:\/\/x.com\/https:\/\/twitter.com\/ContePantaleone\u200e"],"url":"https:\/\/destinocastillayleon.es\/index\/author\/coadministradorcyl\/"}]}},"_links":{"self":[{"href":"https:\/\/destinocastillayleon.es\/index\/wp-json\/wp\/v2\/posts\/18396","targetHints":{"allow":["GET"]}}],"collection":[{"href":"https:\/\/destinocastillayleon.es\/index\/wp-json\/wp\/v2\/posts"}],"about":[{"href":"https:\/\/destinocastillayleon.es\/index\/wp-json\/wp\/v2\/types\/post"}],"author":[{"embeddable":true,"href":"https:\/\/destinocastillayleon.es\/index\/wp-json\/wp\/v2\/users\/2"}],"replies":[{"embeddable":true,"href":"https:\/\/destinocastillayleon.es\/index\/wp-json\/wp\/v2\/comments?post=18396"}],"version-history":[{"count":13,"href":"https:\/\/destinocastillayleon.es\/index\/wp-json\/wp\/v2\/posts\/18396\/revisions"}],"predecessor-version":[{"id":36003,"href":"https:\/\/destinocastillayleon.es\/index\/wp-json\/wp\/v2\/posts\/18396\/revisions\/36003"}],"wp:featuredmedia":[{"embeddable":true,"href":"https:\/\/destinocastillayleon.es\/index\/wp-json\/wp\/v2\/media\/18406"}],"wp:attachment":[{"href":"https:\/\/destinocastillayleon.es\/index\/wp-json\/wp\/v2\/media?parent=18396"}],"wp:term":[{"taxonomy":"category","embeddable":true,"href":"https:\/\/destinocastillayleon.es\/index\/wp-json\/wp\/v2\/categories?post=18396"},{"taxonomy":"post_tag","embeddable":true,"href":"https:\/\/destinocastillayleon.es\/index\/wp-json\/wp\/v2\/tags?post=18396"}],"curies":[{"name":"wp","href":"https:\/\/api.w.org\/{rel}","templated":true}]}}