{"id":18386,"date":"2015-02-19T14:55:49","date_gmt":"2015-02-19T13:55:49","guid":{"rendered":"http:\/\/destinocastillayleon.es\/index\/?p=18386"},"modified":"2015-05-02T22:23:36","modified_gmt":"2015-05-02T20:23:36","slug":"cochinillo-de-arevalo","status":"publish","type":"post","link":"https:\/\/destinocastillayleon.es\/index\/cochinillo-de-arevalo\/","title":{"rendered":"VI Jornadas Gastron\u00f3micas del Cochinillo de Ar\u00e9valo"},"content":{"rendered":"<p style=\"text-align: justify;\"><strong>Las <span class=\"txt_verde_bold_italic\">VI Jornadas Gastron\u00f3micas del Cochinillo o Tost\u00f3n de Ar\u00e9valo (\u00c1vila)<\/span>\u00a0<\/strong>se celebrar\u00e1n desde el <strong>21 de febrero al 1 de marzo<\/strong> de 2015 con un men\u00fa especial para quitarse el fr\u00edo de estos d\u00edas y<strong> con precio \u00abanti-crisis\u00bb<\/strong>, por s\u00f3lo 24\u20ac por persona.<strong> \u00a1Para chuparse los dedos!\u00a0<\/strong><\/p>\n<p><a href=\"http:\/\/destinocastillayleon.es\/index\/wp-content\/uploads\/2015\/05\/Cochinillo-asado.jpg\"><img decoding=\"async\" class=\"aligncenter size-full wp-image-18388\" src=\"http:\/\/destinocastillayleon.es\/index\/wp-content\/uploads\/2015\/05\/Cochinillo-asado.jpg\" title=\"Cartel de las VI Jornadas Gastron\u00f3micas del Cochinillo de Ar\u00e9valo\" alt=\"Jornadas Gastron\u00f3micas del Cochinillo de Ar\u00e9valo\" width=\"460\" height=\"317\" \/><\/a><br \/>\n&nbsp; <\/p>\n<p style=\"text-align: justify;\">Todos los restaurantes de <strong>ASADHOS<\/strong>, asociaci\u00f3n arevalense de hosteler\u00eda han confeccionado <strong>un men\u00fa especial cuyo plato fuerte es el cochinillo asado<\/strong> <strong>t\u00edpico de esta comarca<\/strong> y otros platos que no dejar\u00e1n indiferente a nadie.<\/p>\n<p>&nbsp; <\/p>\n<h2>VI Jornadas Gastron\u00f3micas del Cochinillo de Ar\u00e9valo<\/h2>\n<h4 style=\"text-align: center;\"><span style=\"color: #800080;\"><strong>Men\u00fa especial<\/strong><\/span><br \/>\n<span style=\"color: #800080;\"><strong>VI Jornadas Gastron\u00f3micas del Cochinillo de Ar\u00e9valo<\/strong><\/span><\/h4>\n<h4 style=\"text-align: center;\"><strong><em>&#8211; Legumbres de la Mora\u00f1a,<\/em><\/strong><\/h4>\n<h4 style=\"text-align: center;\"><strong><em>&#8211; Cochinillo o Tost\u00f3n de Ar\u00e9valo<\/em><\/strong><\/h4>\n<h4 style=\"text-align: center;\"><strong><em>&#8211; Postre Casero, <\/em><\/strong><\/h4>\n<h4 style=\"text-align: center;\"><strong><em>&#8211; agua o vino de la casa y pan.<\/em><\/strong><\/h4>\n<h4 style=\"text-align: center;\"><strong>El precio del men\u00fa ser\u00e1 de 24\u20ac.<\/strong><\/h4>\n<p>&nbsp;<br \/>\nSin duda, es una delicia gastron\u00f3mica que no te debes quedar sin probar; adem\u00e1s de disfrutar de un precioso lugar como es Ar\u00e9valo.<br \/>\n&nbsp;<\/p>\n<h4>\u00a0Tambi\u00e9n te puede interesar&#8230;<\/h4>\n<p>&nbsp; &nbsp; &#8211;\u00a0<a href=\"http:\/\/destinocastillayleon.es\/index\/10-razones-para-visitar-arevalo-la-morana\/\">10 razones para visitar Ar\u00e9valo y su comarca, la Mora\u00f1a<\/a>.<br \/>\n&nbsp; &nbsp; &#8211;\u00a0<a href=\"http:\/\/destinocastillayleon.es\/index\/comiendo-en-arevalo\/\">D\u00f3nde comer en Ar\u00e9valo de men\u00fa y ruta de tapas<\/a>.<br \/>\n&nbsp; &nbsp; &#8211;\u00a0<a href=\"http:\/\/destinocastillayleon.es\/index\/castillo-de-arevalo\/\">Castillo de Ar\u00e9valo, su historia y su leyenda<\/a>.<br \/>\n&nbsp; &nbsp; &#8211;\u00a0<a href=\"http:\/\/destinocastillayleon.es\/index\/visitar-arevalo-durante-la-exposicion-de-las-edades-del-hombre\/\">Visitar Ar\u00e9valo durante la Exposici\u00f3n de las Edades del Hombre<\/a>.<br \/>\n&nbsp; &nbsp; &#8211;\u00a0<a href=\"http:\/\/destinocastillayleon.es\/index\/ranking-los-10-rincones-imprescindibles-de-avila\/\">Ranking: Los 10 rincones imprescindibles de \u00c1vila<\/a>.<br \/>\n&nbsp; <\/p>\n","protected":false},"excerpt":{"rendered":"<p>Las VI Jornadas Gastron\u00f3micas del Cochinillo o Tost\u00f3n de Ar\u00e9valo (\u00c1vila) se celebrar\u00e1n desde el 21 de febrero al 1 de marzo de 2015 con un men\u00fa especial para quitarse el fr\u00edo de estos d\u00edas<\/p>\n","protected":false},"author":14,"featured_media":18415,"comment_status":"open","ping_status":"closed","sticky":false,"template":"","format":"standard","meta":{"rop_custom_images_group":[],"rop_custom_messages_group":[],"rop_publish_now":"initial","rop_publish_now_accounts":{"twitter_1150954226_1150954226":""},"rop_publish_now_history":[],"rop_publish_now_status":"pending","footnotes":""},"categories":[1343,62,303,4477,68],"tags":[1421,1646,4305,4356,541,4357],"class_list":["post-18386","post","type-post","status-publish","format-standard","has-post-thumbnail","hentry","category-agenda","category-avila","category-gastronomia","category-jornadas-gastronomicas","category-post_inicial","tag-cochinillo-de-arevalo","tag-comer-en-arevalo","tag-comer-en-castilla-y-leon","tag-menu-especial-cochinillo-asado","tag-turismo-gastronomico-en-castilla-y-leon","tag-vi-jornadas-gastronomicas-del-cochinillo-de-arevalo"],"yoast_head":"<!-- This site is optimized with the Yoast SEO Premium plugin v20.4 (Yoast SEO v27.4) - https:\/\/yoast.com\/product\/yoast-seo-premium-wordpress\/ -->\n<title>VI Jornadas Gastron\u00f3micas del Cochinillo de Ar\u00e9valo<\/title>\n<meta name=\"description\" content=\"Las VI Jornadas Gastron\u00f3micas del Tost\u00f3n o Cochinillo de Ar\u00e9valo (\u00c1vila) se celebrar\u00e1n desde el 21 de febrero al 1 de marzo de 2015 con un men\u00fa especial\" \/>\n<meta name=\"robots\" content=\"index, follow, max-snippet:-1, max-image-preview:large, max-video-preview:-1\" \/>\n<link rel=\"canonical\" href=\"https:\/\/destinocastillayleon.es\/index\/cochinillo-de-arevalo\/\" \/>\n<meta property=\"og:locale\" content=\"es_ES\" \/>\n<meta property=\"og:type\" content=\"article\" \/>\n<meta property=\"og:title\" content=\"VI Jornadas Gastron\u00f3micas del Cochinillo de Ar\u00e9valo\" \/>\n<meta property=\"og:description\" content=\"Las VI Jornadas Gastron\u00f3micas del Cochinillo o Tost\u00f3n de Ar\u00e9valo (\u00c1vila) se celebrar\u00e1n desde el 21 de febrero al 1 de marzo de 2015 con un men\u00fa especial para quitarse el fr\u00edo de estos d\u00edas\" \/>\n<meta property=\"og:url\" content=\"https:\/\/destinocastillayleon.es\/index\/cochinillo-de-arevalo\/\" \/>\n<meta property=\"og:site_name\" content=\"Destino Castilla y Le\u00f3n\" \/>\n<meta property=\"article:publisher\" content=\"https:\/\/www.facebook.com\/DestinoCastillaYLeon\/\" \/>\n<meta property=\"article:published_time\" content=\"2015-02-19T13:55:49+00:00\" \/>\n<meta property=\"article:modified_time\" content=\"2015-05-02T20:23:36+00:00\" \/>\n<meta property=\"og:image\" content=\"https:\/\/destinocastillayleon.es\/index\/wp-content\/uploads\/2015\/02\/02c21ffcbb4e80e523d313f7d234d0ea2.gif\" \/>\n\t<meta property=\"og:image:width\" content=\"916\" \/>\n\t<meta property=\"og:image:height\" content=\"429\" \/>\n\t<meta property=\"og:image:type\" content=\"image\/gif\" \/>\n<meta name=\"author\" content=\"Destino CyL\" \/>\n<meta name=\"twitter:card\" content=\"summary_large_image\" \/>\n<meta name=\"twitter:title\" content=\"VI Jornadas Gastron\u00f3micas del Cochinillo de Ar\u00e9valo\" \/>\n<meta name=\"twitter:description\" content=\"Las VI Jornadas Gastron\u00f3micas del Cochinillo o Tost\u00f3n de Ar\u00e9valo (\u00c1vila) se celebrar\u00e1n desde el 21 de febrero al 1 de marzo de 2015 con un men\u00fa especial para quitarse el fr\u00edo de estos d\u00edas\" \/>\n<meta name=\"twitter:creator\" content=\"@destinocyl\" \/>\n<meta name=\"twitter:site\" content=\"@destinocyl\" \/>\n<meta name=\"twitter:label1\" content=\"Escrito por\" \/>\n\t<meta name=\"twitter:data1\" content=\"Destino CyL\" \/>\n\t<meta name=\"twitter:label2\" content=\"Tiempo de lectura\" \/>\n\t<meta name=\"twitter:data2\" content=\"1 minuto\" \/>\n<script type=\"application\/ld+json\" class=\"yoast-schema-graph\">{\"@context\":\"https:\\\/\\\/schema.org\",\"@graph\":[{\"@type\":\"Article\",\"@id\":\"https:\\\/\\\/destinocastillayleon.es\\\/index\\\/cochinillo-de-arevalo\\\/#article\",\"isPartOf\":{\"@id\":\"https:\\\/\\\/destinocastillayleon.es\\\/index\\\/cochinillo-de-arevalo\\\/\"},\"author\":{\"name\":\"Destino CyL\",\"@id\":\"https:\\\/\\\/destinocastillayleon.es\\\/index\\\/#\\\/schema\\\/person\\\/820bc853671969462e3e479c4ef6f253\"},\"headline\":\"VI Jornadas Gastron\u00f3micas del Cochinillo de Ar\u00e9valo\",\"datePublished\":\"2015-02-19T13:55:49+00:00\",\"dateModified\":\"2015-05-02T20:23:36+00:00\",\"mainEntityOfPage\":{\"@id\":\"https:\\\/\\\/destinocastillayleon.es\\\/index\\\/cochinillo-de-arevalo\\\/\"},\"wordCount\":251,\"commentCount\":0,\"image\":{\"@id\":\"https:\\\/\\\/destinocastillayleon.es\\\/index\\\/cochinillo-de-arevalo\\\/#primaryimage\"},\"thumbnailUrl\":\"https:\\\/\\\/destinocastillayleon.es\\\/index\\\/wp-content\\\/uploads\\\/2015\\\/02\\\/02c21ffcbb4e80e523d313f7d234d0ea2.gif\",\"keywords\":[\"Cochinillo de Ar\u00e9valo\",\"comer en ar\u00e9valo\",\"comer en Castilla y Le\u00f3n\",\"menu especial cochinillo asado\",\"Turismo gastronomico en Castilla y Leon\",\"VI Jornadas Gastron\u00f3micas del Cochinillo de Ar\u00e9valo\"],\"articleSection\":[\"Agenda\",\"Avila\",\"Gastronomia\",\"jornadas gastron\u00f3micas\",\"Post_inicial\"],\"inLanguage\":\"es\",\"potentialAction\":[{\"@type\":\"CommentAction\",\"name\":\"Comment\",\"target\":[\"https:\\\/\\\/destinocastillayleon.es\\\/index\\\/cochinillo-de-arevalo\\\/#respond\"]}]},{\"@type\":\"WebPage\",\"@id\":\"https:\\\/\\\/destinocastillayleon.es\\\/index\\\/cochinillo-de-arevalo\\\/\",\"url\":\"https:\\\/\\\/destinocastillayleon.es\\\/index\\\/cochinillo-de-arevalo\\\/\",\"name\":\"VI Jornadas Gastron\u00f3micas del Cochinillo de Ar\u00e9valo\",\"isPartOf\":{\"@id\":\"https:\\\/\\\/destinocastillayleon.es\\\/index\\\/#website\"},\"primaryImageOfPage\":{\"@id\":\"https:\\\/\\\/destinocastillayleon.es\\\/index\\\/cochinillo-de-arevalo\\\/#primaryimage\"},\"image\":{\"@id\":\"https:\\\/\\\/destinocastillayleon.es\\\/index\\\/cochinillo-de-arevalo\\\/#primaryimage\"},\"thumbnailUrl\":\"https:\\\/\\\/destinocastillayleon.es\\\/index\\\/wp-content\\\/uploads\\\/2015\\\/02\\\/02c21ffcbb4e80e523d313f7d234d0ea2.gif\",\"datePublished\":\"2015-02-19T13:55:49+00:00\",\"dateModified\":\"2015-05-02T20:23:36+00:00\",\"author\":{\"@id\":\"https:\\\/\\\/destinocastillayleon.es\\\/index\\\/#\\\/schema\\\/person\\\/820bc853671969462e3e479c4ef6f253\"},\"description\":\"Las VI Jornadas Gastron\u00f3micas del Tost\u00f3n o Cochinillo de Ar\u00e9valo (\u00c1vila) se celebrar\u00e1n desde el 21 de febrero al 1 de marzo de 2015 con un men\u00fa especial\",\"breadcrumb\":{\"@id\":\"https:\\\/\\\/destinocastillayleon.es\\\/index\\\/cochinillo-de-arevalo\\\/#breadcrumb\"},\"inLanguage\":\"es\",\"potentialAction\":[{\"@type\":\"ReadAction\",\"target\":[\"https:\\\/\\\/destinocastillayleon.es\\\/index\\\/cochinillo-de-arevalo\\\/\"]}]},{\"@type\":\"ImageObject\",\"inLanguage\":\"es\",\"@id\":\"https:\\\/\\\/destinocastillayleon.es\\\/index\\\/cochinillo-de-arevalo\\\/#primaryimage\",\"url\":\"https:\\\/\\\/destinocastillayleon.es\\\/index\\\/wp-content\\\/uploads\\\/2015\\\/02\\\/02c21ffcbb4e80e523d313f7d234d0ea2.gif\",\"contentUrl\":\"https:\\\/\\\/destinocastillayleon.es\\\/index\\\/wp-content\\\/uploads\\\/2015\\\/02\\\/02c21ffcbb4e80e523d313f7d234d0ea2.gif\",\"width\":916,\"height\":429,\"caption\":\"Jornadas del Cochinillo de Ar\u00e9valo\"},{\"@type\":\"BreadcrumbList\",\"@id\":\"https:\\\/\\\/destinocastillayleon.es\\\/index\\\/cochinillo-de-arevalo\\\/#breadcrumb\",\"itemListElement\":[{\"@type\":\"ListItem\",\"position\":1,\"name\":\"Portada\",\"item\":\"https:\\\/\\\/destinocastillayleon.es\\\/index\\\/\"},{\"@type\":\"ListItem\",\"position\":2,\"name\":\"VI Jornadas Gastron\u00f3micas del Cochinillo de Ar\u00e9valo\"}]},{\"@type\":\"WebSite\",\"@id\":\"https:\\\/\\\/destinocastillayleon.es\\\/index\\\/#website\",\"url\":\"https:\\\/\\\/destinocastillayleon.es\\\/index\\\/\",\"name\":\"Destino Castilla y Le\u00f3n\",\"description\":\"Medio digital independiente y revista de Castilla y Le\u00f3n dedicado al turismo, gastronom\u00eda y vino de Castilla y Le\u00f3n\",\"potentialAction\":[{\"@type\":\"SearchAction\",\"target\":{\"@type\":\"EntryPoint\",\"urlTemplate\":\"https:\\\/\\\/destinocastillayleon.es\\\/index\\\/?s={search_term_string}\"},\"query-input\":{\"@type\":\"PropertyValueSpecification\",\"valueRequired\":true,\"valueName\":\"search_term_string\"}}],\"inLanguage\":\"es\"},{\"@type\":\"Person\",\"@id\":\"https:\\\/\\\/destinocastillayleon.es\\\/index\\\/#\\\/schema\\\/person\\\/820bc853671969462e3e479c4ef6f253\",\"name\":\"Destino CyL\",\"image\":{\"@type\":\"ImageObject\",\"inLanguage\":\"es\",\"@id\":\"https:\\\/\\\/secure.gravatar.com\\\/avatar\\\/3ab58882c96a1f667e4b7004a344de8a7e22e7396dda91bd580baf77b48c2711?s=96&d=mm&r=g\",\"url\":\"https:\\\/\\\/secure.gravatar.com\\\/avatar\\\/3ab58882c96a1f667e4b7004a344de8a7e22e7396dda91bd580baf77b48c2711?s=96&d=mm&r=g\",\"contentUrl\":\"https:\\\/\\\/secure.gravatar.com\\\/avatar\\\/3ab58882c96a1f667e4b7004a344de8a7e22e7396dda91bd580baf77b48c2711?s=96&d=mm&r=g\",\"caption\":\"Destino CyL\"},\"description\":\"Equipo de redacci\u00f3n de Destino Castilla y Le\u00f3n\",\"sameAs\":[\"http:\\\/\\\/www.destinocastillayleon.es\"],\"url\":\"https:\\\/\\\/destinocastillayleon.es\\\/index\\\/author\\\/administrador\\\/\"}]}<\/script>\n<!-- \/ Yoast SEO Premium plugin. -->","yoast_head_json":{"title":"VI Jornadas Gastron\u00f3micas del Cochinillo de Ar\u00e9valo","description":"Las VI Jornadas Gastron\u00f3micas del Tost\u00f3n o Cochinillo de Ar\u00e9valo (\u00c1vila) se celebrar\u00e1n desde el 21 de febrero al 1 de marzo de 2015 con un men\u00fa especial","robots":{"index":"index","follow":"follow","max-snippet":"max-snippet:-1","max-image-preview":"max-image-preview:large","max-video-preview":"max-video-preview:-1"},"canonical":"https:\/\/destinocastillayleon.es\/index\/cochinillo-de-arevalo\/","og_locale":"es_ES","og_type":"article","og_title":"VI Jornadas Gastron\u00f3micas del Cochinillo de Ar\u00e9valo","og_description":"Las VI Jornadas Gastron\u00f3micas del Cochinillo o Tost\u00f3n de Ar\u00e9valo (\u00c1vila) se celebrar\u00e1n desde el 21 de febrero al 1 de marzo de 2015 con un men\u00fa especial para quitarse el fr\u00edo de estos d\u00edas","og_url":"https:\/\/destinocastillayleon.es\/index\/cochinillo-de-arevalo\/","og_site_name":"Destino Castilla y Le\u00f3n","article_publisher":"https:\/\/www.facebook.com\/DestinoCastillaYLeon\/","article_published_time":"2015-02-19T13:55:49+00:00","article_modified_time":"2015-05-02T20:23:36+00:00","og_image":[{"width":916,"height":429,"url":"https:\/\/destinocastillayleon.es\/index\/wp-content\/uploads\/2015\/02\/02c21ffcbb4e80e523d313f7d234d0ea2.gif","type":"image\/gif"}],"author":"Destino CyL","twitter_card":"summary_large_image","twitter_title":"VI Jornadas Gastron\u00f3micas del Cochinillo de Ar\u00e9valo","twitter_description":"Las VI Jornadas Gastron\u00f3micas del Cochinillo o Tost\u00f3n de Ar\u00e9valo (\u00c1vila) se celebrar\u00e1n desde el 21 de febrero al 1 de marzo de 2015 con un men\u00fa especial para quitarse el fr\u00edo de estos d\u00edas","twitter_creator":"@destinocyl","twitter_site":"@destinocyl","twitter_misc":{"Escrito por":"Destino CyL","Tiempo de lectura":"1 minuto"},"schema":{"@context":"https:\/\/schema.org","@graph":[{"@type":"Article","@id":"https:\/\/destinocastillayleon.es\/index\/cochinillo-de-arevalo\/#article","isPartOf":{"@id":"https:\/\/destinocastillayleon.es\/index\/cochinillo-de-arevalo\/"},"author":{"name":"Destino CyL","@id":"https:\/\/destinocastillayleon.es\/index\/#\/schema\/person\/820bc853671969462e3e479c4ef6f253"},"headline":"VI Jornadas Gastron\u00f3micas del Cochinillo de Ar\u00e9valo","datePublished":"2015-02-19T13:55:49+00:00","dateModified":"2015-05-02T20:23:36+00:00","mainEntityOfPage":{"@id":"https:\/\/destinocastillayleon.es\/index\/cochinillo-de-arevalo\/"},"wordCount":251,"commentCount":0,"image":{"@id":"https:\/\/destinocastillayleon.es\/index\/cochinillo-de-arevalo\/#primaryimage"},"thumbnailUrl":"https:\/\/destinocastillayleon.es\/index\/wp-content\/uploads\/2015\/02\/02c21ffcbb4e80e523d313f7d234d0ea2.gif","keywords":["Cochinillo de Ar\u00e9valo","comer en ar\u00e9valo","comer en Castilla y Le\u00f3n","menu especial cochinillo asado","Turismo gastronomico en Castilla y Leon","VI Jornadas Gastron\u00f3micas del Cochinillo de Ar\u00e9valo"],"articleSection":["Agenda","Avila","Gastronomia","jornadas gastron\u00f3micas","Post_inicial"],"inLanguage":"es","potentialAction":[{"@type":"CommentAction","name":"Comment","target":["https:\/\/destinocastillayleon.es\/index\/cochinillo-de-arevalo\/#respond"]}]},{"@type":"WebPage","@id":"https:\/\/destinocastillayleon.es\/index\/cochinillo-de-arevalo\/","url":"https:\/\/destinocastillayleon.es\/index\/cochinillo-de-arevalo\/","name":"VI Jornadas Gastron\u00f3micas del Cochinillo de Ar\u00e9valo","isPartOf":{"@id":"https:\/\/destinocastillayleon.es\/index\/#website"},"primaryImageOfPage":{"@id":"https:\/\/destinocastillayleon.es\/index\/cochinillo-de-arevalo\/#primaryimage"},"image":{"@id":"https:\/\/destinocastillayleon.es\/index\/cochinillo-de-arevalo\/#primaryimage"},"thumbnailUrl":"https:\/\/destinocastillayleon.es\/index\/wp-content\/uploads\/2015\/02\/02c21ffcbb4e80e523d313f7d234d0ea2.gif","datePublished":"2015-02-19T13:55:49+00:00","dateModified":"2015-05-02T20:23:36+00:00","author":{"@id":"https:\/\/destinocastillayleon.es\/index\/#\/schema\/person\/820bc853671969462e3e479c4ef6f253"},"description":"Las VI Jornadas Gastron\u00f3micas del Tost\u00f3n o Cochinillo de Ar\u00e9valo (\u00c1vila) se celebrar\u00e1n desde el 21 de febrero al 1 de marzo de 2015 con un men\u00fa especial","breadcrumb":{"@id":"https:\/\/destinocastillayleon.es\/index\/cochinillo-de-arevalo\/#breadcrumb"},"inLanguage":"es","potentialAction":[{"@type":"ReadAction","target":["https:\/\/destinocastillayleon.es\/index\/cochinillo-de-arevalo\/"]}]},{"@type":"ImageObject","inLanguage":"es","@id":"https:\/\/destinocastillayleon.es\/index\/cochinillo-de-arevalo\/#primaryimage","url":"https:\/\/destinocastillayleon.es\/index\/wp-content\/uploads\/2015\/02\/02c21ffcbb4e80e523d313f7d234d0ea2.gif","contentUrl":"https:\/\/destinocastillayleon.es\/index\/wp-content\/uploads\/2015\/02\/02c21ffcbb4e80e523d313f7d234d0ea2.gif","width":916,"height":429,"caption":"Jornadas del Cochinillo de Ar\u00e9valo"},{"@type":"BreadcrumbList","@id":"https:\/\/destinocastillayleon.es\/index\/cochinillo-de-arevalo\/#breadcrumb","itemListElement":[{"@type":"ListItem","position":1,"name":"Portada","item":"https:\/\/destinocastillayleon.es\/index\/"},{"@type":"ListItem","position":2,"name":"VI Jornadas Gastron\u00f3micas del Cochinillo de Ar\u00e9valo"}]},{"@type":"WebSite","@id":"https:\/\/destinocastillayleon.es\/index\/#website","url":"https:\/\/destinocastillayleon.es\/index\/","name":"Destino Castilla y Le\u00f3n","description":"Medio digital independiente y revista de Castilla y Le\u00f3n dedicado al turismo, gastronom\u00eda y vino de Castilla y Le\u00f3n","potentialAction":[{"@type":"SearchAction","target":{"@type":"EntryPoint","urlTemplate":"https:\/\/destinocastillayleon.es\/index\/?s={search_term_string}"},"query-input":{"@type":"PropertyValueSpecification","valueRequired":true,"valueName":"search_term_string"}}],"inLanguage":"es"},{"@type":"Person","@id":"https:\/\/destinocastillayleon.es\/index\/#\/schema\/person\/820bc853671969462e3e479c4ef6f253","name":"Destino CyL","image":{"@type":"ImageObject","inLanguage":"es","@id":"https:\/\/secure.gravatar.com\/avatar\/3ab58882c96a1f667e4b7004a344de8a7e22e7396dda91bd580baf77b48c2711?s=96&d=mm&r=g","url":"https:\/\/secure.gravatar.com\/avatar\/3ab58882c96a1f667e4b7004a344de8a7e22e7396dda91bd580baf77b48c2711?s=96&d=mm&r=g","contentUrl":"https:\/\/secure.gravatar.com\/avatar\/3ab58882c96a1f667e4b7004a344de8a7e22e7396dda91bd580baf77b48c2711?s=96&d=mm&r=g","caption":"Destino CyL"},"description":"Equipo de redacci\u00f3n de Destino Castilla y Le\u00f3n","sameAs":["http:\/\/www.destinocastillayleon.es"],"url":"https:\/\/destinocastillayleon.es\/index\/author\/administrador\/"}]}},"_links":{"self":[{"href":"https:\/\/destinocastillayleon.es\/index\/wp-json\/wp\/v2\/posts\/18386","targetHints":{"allow":["GET"]}}],"collection":[{"href":"https:\/\/destinocastillayleon.es\/index\/wp-json\/wp\/v2\/posts"}],"about":[{"href":"https:\/\/destinocastillayleon.es\/index\/wp-json\/wp\/v2\/types\/post"}],"author":[{"embeddable":true,"href":"https:\/\/destinocastillayleon.es\/index\/wp-json\/wp\/v2\/users\/14"}],"replies":[{"embeddable":true,"href":"https:\/\/destinocastillayleon.es\/index\/wp-json\/wp\/v2\/comments?post=18386"}],"version-history":[{"count":8,"href":"https:\/\/destinocastillayleon.es\/index\/wp-json\/wp\/v2\/posts\/18386\/revisions"}],"predecessor-version":[{"id":19078,"href":"https:\/\/destinocastillayleon.es\/index\/wp-json\/wp\/v2\/posts\/18386\/revisions\/19078"}],"wp:featuredmedia":[{"embeddable":true,"href":"https:\/\/destinocastillayleon.es\/index\/wp-json\/wp\/v2\/media\/18415"}],"wp:attachment":[{"href":"https:\/\/destinocastillayleon.es\/index\/wp-json\/wp\/v2\/media?parent=18386"}],"wp:term":[{"taxonomy":"category","embeddable":true,"href":"https:\/\/destinocastillayleon.es\/index\/wp-json\/wp\/v2\/categories?post=18386"},{"taxonomy":"post_tag","embeddable":true,"href":"https:\/\/destinocastillayleon.es\/index\/wp-json\/wp\/v2\/tags?post=18386"}],"curies":[{"name":"wp","href":"https:\/\/api.w.org\/{rel}","templated":true}]}}