{"id":1836,"date":"2023-02-10T11:30:07","date_gmt":"2023-02-10T10:30:07","guid":{"rendered":"http:\/\/destinocastillayleon.es\/index\/?p=1836"},"modified":"2023-10-09T16:45:13","modified_gmt":"2023-10-09T14:45:13","slug":"visitar-el-burgo-de-osma","status":"publish","type":"post","link":"https:\/\/destinocastillayleon.es\/index\/visitar-el-burgo-de-osma\/","title":{"rendered":"Visitar El Burgo de Osma"},"content":{"rendered":"<p>Actualizamos esta publicaci\u00f3n <strong>para animaros a viajar a el Burgo de Osma,<\/strong> una de las ciudades m\u00e1s interesantes de Soria. Nuestro primer contacto, <strong>fue en nuestro primer viaje como Destino Castilla y Le\u00f3n,<\/strong> por lo que siempre le hemos guardado un especial buen recuerdo.<\/p>\n<p>Este viaje fue una ruta por <strong><a href=\"http:\/\/destinocastillayleon.es\/index\/provincias\/soria\/turismo-en-soria\/\" title=\"Enlace a la secci\u00f3n de turismo en Soria\" target=\"_blank\" rel=\"noopener\">Soria y su provincia<\/a><\/strong>. En esta ruta, realizamos una parada en esta localidad de <strong>El Burgo de Osma<\/strong>. Aunque desde la carretera vemos la zona moderna y sinceramente poco atractiva, <strong>su casco antiguo es una maravilla llena de encanto;<\/strong> ya que se ha sabido conservar con todo su encanto original.<br \/>\n&nbsp; <\/p>\n<h3><strong>\u00cdndice de contenidos<\/strong><\/h3>\n<p>Aprovechamos esta revisi\u00f3n para incluir un \u00edndice a los principales puntos de esta publicaci\u00f3n dedicada a viajar a el Burgo de Osma.<\/p>\n<p><strong>Descubre la ciudad de El Burgos de Osma<\/strong><\/p>\n<ul>\n<li><a href=\"#Catedral\">Visita a la Catedral de Santa Mar\u00eda<\/a>.<\/li>\n<li><a href=\"#Centro\">Recorre la Calle Mayor<\/a>.<\/li>\n<li><a href=\"#Plaza-Mayor\">Plaza Mayor de El Burgo de Osma<\/a>.<\/li>\n<li><a href=\"#Universidad\">Edificio de la Universidad de Santa Catalina<\/a>.<\/li>\n<li><a href=\"#Actividades\">Actividades para hacer en El Burgos de Osma<\/a>.<\/li>\n<\/ul>\n<p><strong>\u00bfQu\u00e9 hacer en el entorno?<\/strong><\/p>\n<ul>\n<li><a href=\"#Cerca\">Visitas en las proximidades<\/a>.<\/li>\n<li><a href=\"#Otras-localidades\">Otras localidades cercanas para visitar<\/a>.<\/li>\n<\/ul>\n<p><strong>Informaci\u00f3n general<\/strong><\/p>\n<ul>\n<li><a href=\"#Llegar\">\u00bfC\u00f3mo llegar?<\/a><\/li>\n<li><a href=\"#Comer\">\u00bfD\u00f3nde comer?<\/a><\/li>\n<li><a href=\"#Dormir\">\u00bfD\u00f3nde alojarse?<\/a><\/li>\n<li><a href=\"#Historia\">Breve contexto hist\u00f3rico<\/a>.<\/li>\n<\/ul>\n<p>Esperamos <strong>que os sea de inter\u00e9s y de utilidad,<\/strong> y as\u00ed os anim\u00e9is a visitar esta bella localidad soriana.<\/p>\n<h3><strong>Preparando el viaje<\/strong><\/h3>\n<p>La provincia de Soria <strong>est\u00e1 en una de esas zonas llamadas \u00abla Espa\u00f1a vaciada\u00bb,<\/strong> y lamentablemente es as\u00ed. Existe poca poblaci\u00f3n y las comunicaciones por carretera no son de la calidad que debieran. <\/p>\n<figure id=\"attachment_36364\" aria-describedby=\"caption-attachment-36364\" style=\"width: 640px\" class=\"wp-caption aligncenter\"><img decoding=\"async\" src=\"https:\/\/destinocastillayleon.es\/index\/wp-content\/uploads\/2023\/02\/Perpectiva-de-soportales-de-El-Burgo-de-Osma-Destino-Castilla-y-Leon.jpg\" alt=\"Perspectiva de soportales de El Burgo de Osma - Destino Castilla y Le\u00f3n\" width=\"640\" height=\"360\" class=\"size-full wp-image-36364\" srcset=\"https:\/\/destinocastillayleon.es\/index\/wp-content\/uploads\/2023\/02\/Perpectiva-de-soportales-de-El-Burgo-de-Osma-Destino-Castilla-y-Leon.jpg 640w, https:\/\/destinocastillayleon.es\/index\/wp-content\/uploads\/2023\/02\/Perpectiva-de-soportales-de-El-Burgo-de-Osma-Destino-Castilla-y-Leon-300x169.jpg 300w\" sizes=\"(max-width: 640px) 100vw, 640px\" \/><figcaption id=\"caption-attachment-36364\" class=\"wp-caption-text\">Perspectiva de soportales de El Burgo de Osma &#8211; Destino Castilla y Le\u00f3n<\/figcaption><\/figure>\n<p>A su favor, <strong>hay que indicar que los entornos naturales de la zona son maravillosos<\/strong> y merece la pena visitar siempre que se pueda. <a name=\"Catedral\"><\/a><\/p>\n<h2><strong>Gu\u00eda para viajar a el Burgo de Osma<\/strong><\/h2>\n<p>Desde lo lejos, lo primero que vamos a ver es <strong>una preciosa torre campanario; y es que la di\u00f3cesis de Soria tiene su capital en El Burgo de Osma,<\/strong> una ciudad que alberga una Catedral de una belleza magn\u00edfica.<\/p>\n<h3><strong>La iglesia Catedral de El Burgo de Osma<\/strong><\/h3>\n<p>Ya publicamos, <strong>hace tiempo, una entrada dedicada a <a href=\"http:\/\/destinocastillayleon.es\/index\/historia-de-el-burgo-de-osma\/\" title=\"Enlace a nuestra entrada sobre la historia de El Burgo de Osma\" target=\"_blank\" rel=\"noopener\">la historia de esta localidad<\/a>.<\/strong> En ella vimos c\u00f3mo un arrabal de la ciudad primigenia de Osma fue creciendo y ganando en importancia, por lo que la Iglesia del arrabal lleg\u00f3 a ser sede catedralicia de la rehabilitada provincia de Oxama.<\/p>\n<figure id=\"attachment_36376\" aria-describedby=\"caption-attachment-36376\" style=\"width: 640px\" class=\"wp-caption aligncenter\"><img decoding=\"async\" src=\"https:\/\/destinocastillayleon.es\/index\/wp-content\/uploads\/2023\/02\/Conjunto-catedralicio-de-El-Burgo-de-Osma-Destino-Castilla-y-Leon.jpg\" alt=\"Conjunto catedralicio de El Burgo de Osma - Destino Castilla y Le\u00f3n\" width=\"640\" height=\"360\" class=\"size-full wp-image-36376\" srcset=\"https:\/\/destinocastillayleon.es\/index\/wp-content\/uploads\/2023\/02\/Conjunto-catedralicio-de-El-Burgo-de-Osma-Destino-Castilla-y-Leon.jpg 640w, https:\/\/destinocastillayleon.es\/index\/wp-content\/uploads\/2023\/02\/Conjunto-catedralicio-de-El-Burgo-de-Osma-Destino-Castilla-y-Leon-300x169.jpg 300w\" sizes=\"(max-width: 640px) 100vw, 640px\" \/><figcaption id=\"caption-attachment-36376\" class=\"wp-caption-text\">Conjunto catedralicio de El Burgo de Osma &#8211; Destino Castilla y Le\u00f3n<\/figcaption><\/figure>\n<p>Con el tiempo, <strong>se levant\u00f3 una catedral rom\u00e1nica, y sobre esta, la catedral g\u00f3tica actual.<\/strong> Y es que esta <a href=\"http:\/\/es.wikipedia.org\/wiki\/Catedral_de_la_Asunci%C3%B3n_de_El_Burgo_de_Osma\" title=\"Link a Wikipedia sobre la Catedral de El Burgo de Osma\" target=\"_blank\" rel=\"NoFollow noopener\">Catedral<\/a> merece su propia menci\u00f3n. Durante los siglos XVI al XVIII sufri\u00f3 algunas obras en su interior sobre todo en estilo clasicismo.<\/p>\n<h4><strong>La torre campanario<\/strong><\/h4>\n<p>Sin duda, como ya hemos indicado, llama poderosamente la atenci\u00f3n <strong>una esbelta y elegante torre cl\u00e1sica<\/strong> que hace las veces de campanario. Los detalles que actualmente vemos son del <strong>siglo XVII<\/strong>.<\/p>\n<figure id=\"attachment_36370\" aria-describedby=\"caption-attachment-36370\" style=\"width: 640px\" class=\"wp-caption aligncenter\"><img decoding=\"async\" src=\"https:\/\/destinocastillayleon.es\/index\/wp-content\/uploads\/2023\/02\/Torre-campanario-de-la-Catedral-de-El-Burgo-de-Osma-Destino-Castilla-y-Leon.jpg\" alt=\"Torre campanario de la Catedral de El Burgo de Osma - Destino Castilla y Le\u00f3n\" width=\"640\" height=\"360\" class=\"size-full wp-image-36370\" srcset=\"https:\/\/destinocastillayleon.es\/index\/wp-content\/uploads\/2023\/02\/Torre-campanario-de-la-Catedral-de-El-Burgo-de-Osma-Destino-Castilla-y-Leon.jpg 640w, https:\/\/destinocastillayleon.es\/index\/wp-content\/uploads\/2023\/02\/Torre-campanario-de-la-Catedral-de-El-Burgo-de-Osma-Destino-Castilla-y-Leon-300x169.jpg 300w\" sizes=\"(max-width: 640px) 100vw, 640px\" \/><figcaption id=\"caption-attachment-36370\" class=\"wp-caption-text\">Torre campanario de la Catedral de El Burgo de Osma &#8211; Destino Castilla y Le\u00f3n<\/figcaption><\/figure>\n<h4><strong>Visita a la Catedral<\/strong><\/h4>\n<p><strong>Merece la pena parar a admirar el conjunto desde fuera<\/strong>. Sentarte en su plaza y admirar esta impresionante obra de arte arquitect\u00f3nica. Pero sin duda, hay que entrar y descubrir realmente la maravilla que es, y c\u00f3mo nos habla de un pasado de mayor esplendor.<\/p>\n<figure id=\"attachment_36367\" aria-describedby=\"caption-attachment-36367\" style=\"width: 640px\" class=\"wp-caption aligncenter\"><img decoding=\"async\" src=\"https:\/\/destinocastillayleon.es\/index\/wp-content\/uploads\/2023\/02\/Portada-de-la-Catedral-de-Santa-Maria-Destino-Castilla-y-Leon.jpg\" alt=\"Portada de la Catedral de Santa Mar\u00eda - Destino Castilla y Le\u00f3n\" width=\"640\" height=\"360\" class=\"size-full wp-image-36367\" srcset=\"https:\/\/destinocastillayleon.es\/index\/wp-content\/uploads\/2023\/02\/Portada-de-la-Catedral-de-Santa-Maria-Destino-Castilla-y-Leon.jpg 640w, https:\/\/destinocastillayleon.es\/index\/wp-content\/uploads\/2023\/02\/Portada-de-la-Catedral-de-Santa-Maria-Destino-Castilla-y-Leon-300x169.jpg 300w\" sizes=\"(max-width: 640px) 100vw, 640px\" \/><figcaption id=\"caption-attachment-36367\" class=\"wp-caption-text\">Portada de la Catedral de Santa Mar\u00eda &#8211; Destino Castilla y Le\u00f3n<\/figcaption><\/figure>\n<p>Y si la iglesia catedral es bonita y armoniosa, <strong>no te debes dejar el claustro y los museos del interior<\/strong>. Dentro hay una rica colecci\u00f3n de obras de arte y se puede visitar <a href=\"http:\/\/mercaba.org\/SANTORAL\/Vida\/08\/08-02_San_pedro_de_osma.htm\" title=\"Link a la web con informaci\u00f3n sobre San Pedro de Osma\" target=\"_blank\" rel=\"noopener\">el sepulcro de San Pedro de Osma<\/a>. <\/p>\n<figure id=\"attachment_36368\" aria-describedby=\"caption-attachment-36368\" style=\"width: 640px\" class=\"wp-caption aligncenter\"><img decoding=\"async\" src=\"https:\/\/destinocastillayleon.es\/index\/wp-content\/uploads\/2023\/02\/Pulpito-de-la-Catedral-Destino-Castilla-y-Leon.jpg\" alt=\"P\u00falpito de la Catedral - Destino Castilla y Le\u00f3n\" width=\"640\" height=\"360\" class=\"size-full wp-image-36368\" srcset=\"https:\/\/destinocastillayleon.es\/index\/wp-content\/uploads\/2023\/02\/Pulpito-de-la-Catedral-Destino-Castilla-y-Leon.jpg 640w, https:\/\/destinocastillayleon.es\/index\/wp-content\/uploads\/2023\/02\/Pulpito-de-la-Catedral-Destino-Castilla-y-Leon-300x169.jpg 300w\" sizes=\"(max-width: 640px) 100vw, 640px\" \/><figcaption id=\"caption-attachment-36368\" class=\"wp-caption-text\">P\u00falpito de la Catedral &#8211; Destino Castilla y Le\u00f3n<\/figcaption><\/figure>\n<blockquote><p>Dos de los laterales de este claustro, son directamente muros de la catedral rom\u00e1nica.<\/p><\/blockquote>\n<figure id=\"attachment_36375\" aria-describedby=\"caption-attachment-36375\" style=\"width: 640px\" class=\"wp-caption aligncenter\"><img decoding=\"async\" src=\"https:\/\/destinocastillayleon.es\/index\/wp-content\/uploads\/2023\/02\/Capilla-mayor-de-la-Catedral-de-El-Burgo-de-Osma-Destino-Castilla-y-Leon.jpg\" alt=\"Capilla mayor de la Catedral de El Burgo de Osma - Destino Castilla y Le\u00f3n\" width=\"640\" height=\"360\" class=\"size-full wp-image-36375\" srcset=\"https:\/\/destinocastillayleon.es\/index\/wp-content\/uploads\/2023\/02\/Capilla-mayor-de-la-Catedral-de-El-Burgo-de-Osma-Destino-Castilla-y-Leon.jpg 640w, https:\/\/destinocastillayleon.es\/index\/wp-content\/uploads\/2023\/02\/Capilla-mayor-de-la-Catedral-de-El-Burgo-de-Osma-Destino-Castilla-y-Leon-300x169.jpg 300w\" sizes=\"(max-width: 640px) 100vw, 640px\" \/><figcaption id=\"caption-attachment-36375\" class=\"wp-caption-text\">Capilla mayor de la Catedral de El Burgo de Osma &#8211; Destino Castilla y Le\u00f3n<\/figcaption><\/figure>\n<p><strong>En este museo y el claustro, no dejan hacer fotos,<\/strong> por lo que no podemos traeros una selecci\u00f3n que nos hubiera gustado. No obstante, en la web oficial de la Catedral de El Burgo de Osma, pod\u00e9is disfrutar de muchas <a href=\"http:\/\/www.arteguias.com\/catedral\/burgodeosma.htm\" title=\"Link a la web oficial de la Catedral de El Burgo de Osma\" rel=\"NoFollow noopener\" target=\"_blank\"><strong>fotos de sus tesoros<\/strong><\/a>. No es igual que visitarlo, pero os puede ilustrar.<\/p>\n<h4><strong>Los horarios de visita de la Catedral de el Burgo de Osma<\/strong><\/h4>\n<p><strong>Horarios normales:<\/strong><\/p>\n<ul>De martes a viernes, de 10:30 a 13:30 horas y de 16:00 a 18:00 horas.<br \/>\nS\u00e1bados, de 10:30 a 13:30 horas y de 16:00 a 19:00 horas.<br \/>\nDomingos, de 10:30 a 13:30 horas y de 16:00 a 18:00 horas.<\/ul>\n<p><strong>Horarios de invierno, diciembre, enero y febrero:<\/strong><\/p>\n<ul>De martes a viernes, de 10:30 a 13:30 horas.<br \/>\nS\u00e1bados, de 10:30 a 13:30 horas y de 16:00 a 19:00 horas.<br \/>\nDomingos, de 10:30 a 13:30 horas.<\/ul>\n<p><strong>Horarios verano, julio y agosto:<\/strong><\/p>\n<ul>De martes a domingo, de 10:30 a 13:30 horas y de 16:00 a 19:30 horas.<\/ul>\n<h4><strong>Tarifas:<\/h4>\n<p><\/strong><\/p>\n<ul> Precio individual: <strong>3\u20ac\/persona.<\/strong><br \/>\nPrecio individual guiada: <strong>5\u20ac\/persona.<\/strong><br \/>\nMenores de 12 a\u00f1os: Gratuita.<br \/>\nExisten entradas combinadas para la torre.<a name=\"Centro\"><\/ul>\n<p>No puedes viajar a el Burgo de Osma, <strong>y no visitar esta hermosa catedral.<\/strong><br \/>\n&nbsp; <\/p>\n<h3><strong>Visita al centro hist\u00f3rico de El Burgo de Osma<\/strong><\/h3>\n<p>El centro hist\u00f3rico no es especialmente grande, aunque est\u00e1 bien conservado. Sobre todo, se extiende <strong>desde el entorno de la catedral, la plaza mayor y el Balneario termal de El Burgo de Osma<\/strong>, por lo que no os lo deb\u00e9is perder. <\/p>\n<figure id=\"attachment_36366\" aria-describedby=\"caption-attachment-36366\" style=\"width: 640px\" class=\"wp-caption aligncenter\"><img decoding=\"async\" src=\"https:\/\/destinocastillayleon.es\/index\/wp-content\/uploads\/2023\/02\/Plaza-de-Santo-Domingo-Destino-Castilla-y-Leon.jpg\" alt=\"Plaza de Santo Domingo - Destino Castilla y Le\u00f3n\" width=\"640\" height=\"360\" class=\"size-full wp-image-36366\" srcset=\"https:\/\/destinocastillayleon.es\/index\/wp-content\/uploads\/2023\/02\/Plaza-de-Santo-Domingo-Destino-Castilla-y-Leon.jpg 640w, https:\/\/destinocastillayleon.es\/index\/wp-content\/uploads\/2023\/02\/Plaza-de-Santo-Domingo-Destino-Castilla-y-Leon-300x169.jpg 300w\" sizes=\"(max-width: 640px) 100vw, 640px\" \/><figcaption id=\"caption-attachment-36366\" class=\"wp-caption-text\">Plaza de Santo Domingo &#8211; Destino Castilla y Le\u00f3n<\/figcaption><\/figure>\n<p>Y es que, aunque no sea muy grande, como en otras ciudades de Castilla y Le\u00f3n, <strong>no por ello pierde su encanto y atractivo<\/strong>. Es m\u00e1s, creemos que hasta lo mejora, ya que mantiene ese aire tranquilo de poblaci\u00f3n rural que otras ciudades han perdido en su crecimiento.<\/p>\n<h4><strong>Recorrer la calle mayor<\/strong><\/h4>\n<p>Saliendo por la puerta de la Catedral, justo <strong>en frente hay unos soportales con unos establecimientos de lujo<\/strong>, aunque tambi\u00e9n destacar\u00eda el peque\u00f1o bar que hay entre ellos, que son realmente confortables.<\/p>\n<figure id=\"attachment_36374\" aria-describedby=\"caption-attachment-36374\" style=\"width: 640px\" class=\"wp-caption aligncenter\"><img decoding=\"async\" src=\"https:\/\/destinocastillayleon.es\/index\/wp-content\/uploads\/2023\/02\/Calle-Mayor-con-soportales-de-El-Burgo-de-Osma-Destino-Castilla-y-Leon.jpg\" alt=\"Calle Mayor con soportales de El Burgo de Osma - Destino Castilla y Le\u00f3n\" width=\"640\" height=\"359\" class=\"size-full wp-image-36374\" srcset=\"https:\/\/destinocastillayleon.es\/index\/wp-content\/uploads\/2023\/02\/Calle-Mayor-con-soportales-de-El-Burgo-de-Osma-Destino-Castilla-y-Leon.jpg 640w, https:\/\/destinocastillayleon.es\/index\/wp-content\/uploads\/2023\/02\/Calle-Mayor-con-soportales-de-El-Burgo-de-Osma-Destino-Castilla-y-Leon-300x168.jpg 300w\" sizes=\"(max-width: 640px) 100vw, 640px\" \/><figcaption id=\"caption-attachment-36374\" class=\"wp-caption-text\">Calle Mayor con soportales de El Burgo de Osma &#8211; Destino Castilla y Le\u00f3n<\/figcaption><\/figure>\n<p>Giramos hacia la izquierda, <strong>encontramos la calle mayor<\/strong>. Esta calle porticada destaca por la cantidad de peque\u00f1os negocios de ultramarinos, negocios y bares de tapas. Nuestra experiencia en estos sitios siempre ha sido muy buena en general. Si tuvi\u00e9ramos que destacar algunos, os dir\u00edamos el bar Vacceos y justo al lado, el Arevakos.<\/p>\n<figure id=\"attachment_36382\" aria-describedby=\"caption-attachment-36382\" style=\"width: 640px\" class=\"wp-caption aligncenter\"><img decoding=\"async\" src=\"https:\/\/destinocastillayleon.es\/index\/wp-content\/uploads\/2023\/02\/Negocios-de-productos-gourmets-Destino-Castilla-y-Leon.jpg\" alt=\"Negocios de productos gourmets - Destino Castilla y Le\u00f3n\" width=\"640\" height=\"360\" class=\"size-full wp-image-36382\" srcset=\"https:\/\/destinocastillayleon.es\/index\/wp-content\/uploads\/2023\/02\/Negocios-de-productos-gourmets-Destino-Castilla-y-Leon.jpg 640w, https:\/\/destinocastillayleon.es\/index\/wp-content\/uploads\/2023\/02\/Negocios-de-productos-gourmets-Destino-Castilla-y-Leon-300x169.jpg 300w\" sizes=\"(max-width: 640px) 100vw, 640px\" \/><figcaption id=\"caption-attachment-36382\" class=\"wp-caption-text\">Negocios de productos gourmets &#8211; Destino Castilla y Le\u00f3n<\/figcaption><\/figure>\n<p>En una visita a El Burgo de Osma, <strong>te dar\u00e1s cuenta, que la Calle Mayor, vertebra toda la ciudad hist\u00f3rica.<\/strong> Conectando los lugares m\u00e1s importantes.<\/p>\n<h4><strong>Seminario de Santo Domingo de Guzm\u00e1n<\/h4>\n<p><\/strong><br \/>\nAunque ligeramente fuera del entorno de la Calle Mayor, <strong>este edificio de corte cl\u00e1sico se encuentra muy cerca.<\/strong> Fue mandado levantar por el confesor del rey Carlos III, en estilo neocl\u00e1sico seg\u00fan planos de <em>Francesco Sabatini<\/em>.<\/p>\n<figure id=\"attachment_36385\" aria-describedby=\"caption-attachment-36385\" style=\"width: 640px\" class=\"wp-caption aligncenter\"><img decoding=\"async\" src=\"https:\/\/destinocastillayleon.es\/index\/wp-content\/uploads\/2023\/02\/Seminario-de-Santo-Domingo-de-Guzman-Imagen-de-El-Rincon-de-Jesus-y-Marivi.jpg\" alt=\"Seminario de Santo Domingo de Guzm\u00e1n - Imagen de El Rinc\u00f3n de Jes\u00fas y Marivi\" width=\"640\" height=\"360\" class=\"size-full wp-image-36385\" srcset=\"https:\/\/destinocastillayleon.es\/index\/wp-content\/uploads\/2023\/02\/Seminario-de-Santo-Domingo-de-Guzman-Imagen-de-El-Rincon-de-Jesus-y-Marivi.jpg 640w, https:\/\/destinocastillayleon.es\/index\/wp-content\/uploads\/2023\/02\/Seminario-de-Santo-Domingo-de-Guzman-Imagen-de-El-Rincon-de-Jesus-y-Marivi-300x169.jpg 300w\" sizes=\"(max-width: 640px) 100vw, 640px\" \/><figcaption id=\"caption-attachment-36385\" class=\"wp-caption-text\">Seminario de Santo Domingo de Guzm\u00e1n &#8211; Imagen de El Rinc\u00f3n de Jes\u00fas y Marivi<\/figcaption><\/figure>\n<p>Es importante en su interior <strong>la biblioteca con casi 12.000 vol\u00famenes entre ellos varios incunables<\/strong> y los primeros libros impresos en la provincia de Soria de 1555. <\/p>\n<h4><strong>Palacio del Obispado<\/strong><\/h4>\n<p>Muy cerca de la catedral de El Burgo de Osma <strong>se encuentra el palacio del Obispado de Osma-Soria.<\/strong> Es un edificio renacentista del siglo XV de bella traza. Evidentemente, no es visitable, al menos en nuestra \u00faltima visita as\u00ed fue. Pero se puede admirar su fachada.<\/p>\n<p><figure id=\"attachment_36379\" aria-describedby=\"caption-attachment-36379\" style=\"width: 640px\" class=\"wp-caption aligncenter\"><img decoding=\"async\" src=\"https:\/\/destinocastillayleon.es\/index\/wp-content\/uploads\/2023\/02\/Entrada-al-Palacio-Obispal-Destino-Castilla-y-Leon.jpg\" alt=\"Entrada al Palacio Obispal - Destino Castilla y Le\u00f3n\" width=\"640\" height=\"360\" class=\"size-full wp-image-36379\" srcset=\"https:\/\/destinocastillayleon.es\/index\/wp-content\/uploads\/2023\/02\/Entrada-al-Palacio-Obispal-Destino-Castilla-y-Leon.jpg 640w, https:\/\/destinocastillayleon.es\/index\/wp-content\/uploads\/2023\/02\/Entrada-al-Palacio-Obispal-Destino-Castilla-y-Leon-300x169.jpg 300w\" sizes=\"(max-width: 640px) 100vw, 640px\" \/><figcaption id=\"caption-attachment-36379\" class=\"wp-caption-text\">Entrada al Palacio Obispal &#8211; Destino Castilla y Le\u00f3n<\/figcaption><\/figure><a name=\"Plaza-Mayor\"><\/a><\/p>\n<p>&nbsp; <\/p>\n<h3><strong>Plaza Mayor de El Burgo de Osma<\/strong><\/h3>\n<p>Siguiendo un poco m\u00e1s adelante por esta Calle Mayor <strong>se llega a la t\u00edpica plaza del renacimiento espa\u00f1ol, de estilo clasicismo castellano.<\/strong> Es decir, una forma cuadrada con laterales porticados, casas balconadas y presidiendo las misma, dos edificios importantes. <\/p>\n<p>Por lo general siempre es, <strong>por un lado, el ayuntamiento y por otro, un edificio eclesi\u00e1stico.<\/strong> Y los soportales preparados para el comercio.<\/p>\n<figure id=\"attachment_36373\" aria-describedby=\"caption-attachment-36373\" style=\"width: 640px\" class=\"wp-caption aligncenter\"><img decoding=\"async\" src=\"https:\/\/destinocastillayleon.es\/index\/wp-content\/uploads\/2023\/02\/Ayuntamiento-de-El-Burgo-de-Osma-en-la-Plaza-Mayor-Destino-Castilla-y-Leon.jpg\" alt=\"Ayuntamiento de El Burgo de Osma en la Plaza Mayor - Destino Castilla y Le\u00f3n\" width=\"640\" height=\"360\" class=\"size-full wp-image-36373\" srcset=\"https:\/\/destinocastillayleon.es\/index\/wp-content\/uploads\/2023\/02\/Ayuntamiento-de-El-Burgo-de-Osma-en-la-Plaza-Mayor-Destino-Castilla-y-Leon.jpg 640w, https:\/\/destinocastillayleon.es\/index\/wp-content\/uploads\/2023\/02\/Ayuntamiento-de-El-Burgo-de-Osma-en-la-Plaza-Mayor-Destino-Castilla-y-Leon-300x169.jpg 300w\" sizes=\"(max-width: 640px) 100vw, 640px\" \/><figcaption id=\"caption-attachment-36373\" class=\"wp-caption-text\">Ayuntamiento de El Burgo de Osma en la Plaza Mayor &#8211; Destino Castilla y Le\u00f3n<\/figcaption><\/figure>\n<p>En el caso de El Burgo de Osma, <strong>estamos frente a un t\u00edpico ayuntamiento de la \u00e9poca de la dinast\u00eda Habsburgo,<\/strong> con torres en los extremos, tejados de pizarra y agujas con esferas decorando los pin\u00e1culos. <\/p>\n<p>Justo en frente del ayuntamiento, <strong>se encuentra el <a href=\"http:\/\/es.wikipedia.org\/wiki\/Antiguo_Hospital_de_San_Agust%C3%ADn_%28El_Burgo_de_Osma%29\" title=\"Link a Wikipedia sobre el Hospital de San Agustin de El Burgo de Osma\" target=\"_blank\" rel=\"NoFollow noopener\">hospital de San Agust\u00edn<\/a>.<\/strong> Este hospital trataba a los peregrinos que desde las zonas del sur y del mediterr\u00e1neo se desplazan a Santiago de Compostela por los <a href=\"http:\/\/es.wikipedia.org\/wiki\/Camino_de_Santiago_de_Soria\" title=\"Link a Wikipedia sobre el Camino de Santiago por Soria\" rel=\"NoFollow noopener\" target=\"_blank\">caminos jacobeos mediterr\u00e1neos<\/a>. <\/p>\n<figure id=\"attachment_36372\" aria-describedby=\"caption-attachment-36372\" style=\"width: 640px\" class=\"wp-caption aligncenter\"><img decoding=\"async\" src=\"https:\/\/destinocastillayleon.es\/index\/wp-content\/uploads\/2023\/02\/Antiguo-hopital-de-peregrinos-de-El-Burgo-de-Osma-Destino-Castilla-y-Leon.jpg\" alt=\"Antiguo hospital de peregrinos de El Burgo de Osma Destino Castilla y Le\u00f3n\" width=\"640\" height=\"360\" class=\"size-full wp-image-36372\" srcset=\"https:\/\/destinocastillayleon.es\/index\/wp-content\/uploads\/2023\/02\/Antiguo-hopital-de-peregrinos-de-El-Burgo-de-Osma-Destino-Castilla-y-Leon.jpg 640w, https:\/\/destinocastillayleon.es\/index\/wp-content\/uploads\/2023\/02\/Antiguo-hopital-de-peregrinos-de-El-Burgo-de-Osma-Destino-Castilla-y-Leon-300x169.jpg 300w\" sizes=\"(max-width: 640px) 100vw, 640px\" \/><figcaption id=\"caption-attachment-36372\" class=\"wp-caption-text\">Antiguo hospital de peregrinos de El Burgo de Osma Destino Castilla y Le\u00f3n<\/figcaption><\/figure>\n<p>Actualmente, <strong>se trata de un edificio tambi\u00e9n municipal, donde se localiza la Oficina de informaci\u00f3n tur\u00edstica<\/strong> de El Burgo de Osma. <a name=\"Universidad\"><\/a><\/p>\n<h3><strong>Universidad de Santa Catalina<\/strong><\/h3>\n<p>Otro ejemplo de un pasado de gran relevancia es <strong>la presencia de este importante edificio; se trata de esta antigua sede de la universidad de Santa Catalina,<\/strong> con una impresionante fachada de estilo plateresco y un claustro renacentista.<\/p>\n<figure id=\"attachment_36378\" aria-describedby=\"caption-attachment-36378\" style=\"width: 580px\" class=\"wp-caption aligncenter\"><img decoding=\"async\" src=\"https:\/\/destinocastillayleon.es\/index\/wp-content\/uploads\/2023\/02\/Edificio-de-la-Universidad-de-Santa-Catalina-Imagen-de-Wikipedia.jpg\" alt=\"Edificio de la Universidad de Santa Catalina - Imagen de Wikipedia\" width=\"580\" height=\"325\" class=\"size-full wp-image-36378\" srcset=\"https:\/\/destinocastillayleon.es\/index\/wp-content\/uploads\/2023\/02\/Edificio-de-la-Universidad-de-Santa-Catalina-Imagen-de-Wikipedia.jpg 580w, https:\/\/destinocastillayleon.es\/index\/wp-content\/uploads\/2023\/02\/Edificio-de-la-Universidad-de-Santa-Catalina-Imagen-de-Wikipedia-300x168.jpg 300w\" sizes=\"(max-width: 580px) 100vw, 580px\" \/><figcaption id=\"caption-attachment-36378\" class=\"wp-caption-text\">Edificio de la Universidad de Santa Catalina &#8211; Imagen de Wikipedia<\/figcaption><\/figure>\n<p><strong>Este edificio del siglo XVI acogi\u00f3 a la Universidad de Santa Catalina en El Burgo de Osma; Esta universidad, fue fundada bajo el auspicio del siglo de oro espa\u00f1ol.<\/strong> Especializada en materias cl\u00e1sicas cerr\u00f3 su actividad en 1841, y no existe una continuaci\u00f3n, por lo se le ha dotado de un uso como hotel balneario a este bello edificio. <\/p>\n<h4><strong>Hotel Balneario de El Burgo de Osma<\/h4>\n<p><\/strong><br \/>\nY es que este edificio, <strong>actualmente se ha sido reconvertido en hotel, perteneciente a la Red de Hoster\u00edas Reales de Castilla y Le\u00f3n<\/a>,<\/strong> <a href=\"https:\/\/www.booking.com\/hotel\/es\/termal-burgo-de-osma.es.html?sid=401580a97fbd0abb8f1aa9004772a3d1&#038;aid=1281624&#038;ucfs=1&#038;arphpl=1&#038;dest_id=-380331&#038;dest_type=city&#038;group_adults=2&#038;req_adults=2&#038;no_rooms=1&#038;group_children=1&#038;req_children=1&#038;age=0&#038;req_age=0&#038;hpos=1&#038;hapos=1&#038;sr_order=popularity&#038;srpvid=49a765c4aa0f0054&#038;srepoch=1675780108&#038;from_sustainable_property_sr=1&#038;from=searchresults#hotelTmpl\" title=\"Link a la web oficial del Hotel-Balneario Termal de Santa Catalina, en El Burgo de Osma\" rel=\"NoFollow noopener\" target=\"_blank\">Castilla Termal<\/a> con presencia en varias localidades m\u00e1s de Castilla y Le\u00f3n, y es la primera Hoster\u00eda Real de 4 estrellas de Castilla y Le\u00f3n.<\/p>\n<figure id=\"attachment_36363\" aria-describedby=\"caption-attachment-36363\" style=\"width: 640px\" class=\"wp-caption aligncenter\"><img decoding=\"async\" src=\"https:\/\/destinocastillayleon.es\/index\/wp-content\/uploads\/2023\/02\/Patio-renacentista-de-la-antigua-Universidad-de-Santa-Catalina-Imagen-de-Revista-Viajeros.jpg\" alt=\"Patio renacentista de la antigua Universidad de Santa Catalina - Imagen de Revista Viajeros\" width=\"640\" height=\"360\" class=\"size-full wp-image-36363\" srcset=\"https:\/\/destinocastillayleon.es\/index\/wp-content\/uploads\/2023\/02\/Patio-renacentista-de-la-antigua-Universidad-de-Santa-Catalina-Imagen-de-Revista-Viajeros.jpg 640w, https:\/\/destinocastillayleon.es\/index\/wp-content\/uploads\/2023\/02\/Patio-renacentista-de-la-antigua-Universidad-de-Santa-Catalina-Imagen-de-Revista-Viajeros-300x169.jpg 300w\" sizes=\"(max-width: 640px) 100vw, 640px\" \/><figcaption id=\"caption-attachment-36363\" class=\"wp-caption-text\">Patio renacentista de la antigua Universidad de Santa Catalina &#8211; Imagen de Revista Viajeros<\/figcaption><\/figure>\n<p><strong>Disfrutar de alguno de estos tratamientos y relajarse<\/strong> en este balneario es una de las excusas para viajar a el Burgo de Osma.<\/p>\n<h3><strong>Un paseo por las murallas<\/strong><\/h3>\n<p><strong>La ciudad tambi\u00e9n conserva sus viejas murallas<\/strong>. Estas murallas hace a\u00f1os que carecen de capacidad defensiva. <strong>No fueron capaces de contener el avance de las tropas napole\u00f3nicas<\/strong>. Actualmente las murallas bajomedievales solo se conservan en dos de sus pa\u00f1os, si bien tras una reconstrucci\u00f3n que hace que queden integradas en el entorno de la ciudad vieja, siendo un reclamo m\u00e1s.<\/p>\n<p><figure id=\"attachment_36381\" aria-describedby=\"caption-attachment-36381\" style=\"width: 640px\" class=\"wp-caption aligncenter\"><img decoding=\"async\" src=\"https:\/\/destinocastillayleon.es\/index\/wp-content\/uploads\/2023\/02\/Murallas-de-El-Burgo-de-Osma-Destino-Castilla-y-Leon.jpg\" alt=\"Murallas de El Burgo de Osma - Destino Castilla y Le\u00f3n\" width=\"640\" height=\"360\" class=\"size-full wp-image-36381\" srcset=\"https:\/\/destinocastillayleon.es\/index\/wp-content\/uploads\/2023\/02\/Murallas-de-El-Burgo-de-Osma-Destino-Castilla-y-Leon.jpg 640w, https:\/\/destinocastillayleon.es\/index\/wp-content\/uploads\/2023\/02\/Murallas-de-El-Burgo-de-Osma-Destino-Castilla-y-Leon-300x169.jpg 300w\" sizes=\"(max-width: 640px) 100vw, 640px\" \/><figcaption id=\"caption-attachment-36381\" class=\"wp-caption-text\">Murallas de El Burgo de Osma &#8211; Destino Castilla y Le\u00f3n<\/figcaption><\/figure><a name=\"Actividades\"><\/a><\/p>\n<h3><strong>Actividades que puedes hacer en El Burgo de Osma<\/strong><\/h3>\n<p>Desde luego, <strong>lo m\u00e1s b\u00e1sico es darse un paseo por esta localidad;<\/strong> pod\u00e9is hacerlo de forma c\u00f3moda en un trenecillo el\u00e9ctrico muy c\u00f3modo, haciendo <strong>un tour panor\u00e1mico a o <a href=\"https:\/\/www.civitatis.com\/es\/el-burgo-de-osma\/tour-panoramico-nocturno-burgo-osma\/?aid=99913\" rel=\"NoFollow noopener\" target=\"_Blank\">una visita nocturna por El Burgo de Osma<\/a>.<\/strong> Podr\u00e9is descubrir m\u00e1s detalles sobre esta poblaci\u00f3n con la gu\u00eda de unos profesionales.<\/p>\n<figure id=\"attachment_36390\" aria-describedby=\"caption-attachment-36390\" style=\"width: 580px\" class=\"wp-caption aligncenter\"><img decoding=\"async\" src=\"https:\/\/destinocastillayleon.es\/index\/wp-content\/uploads\/2023\/02\/Sala-de-constrastes-en-el-Balneario-de-Castilla-Termal-de-El-Burgo-de-Osma-Imagen-del-balneario.jpg\" alt=\"Sala de Contrastes en el Balneario de Castilla Termal de El Burgo de Osma - Imagen del balneario\" width=\"580\" height=\"327\" class=\"size-full wp-image-36390\" srcset=\"https:\/\/destinocastillayleon.es\/index\/wp-content\/uploads\/2023\/02\/Sala-de-constrastes-en-el-Balneario-de-Castilla-Termal-de-El-Burgo-de-Osma-Imagen-del-balneario.jpg 580w, https:\/\/destinocastillayleon.es\/index\/wp-content\/uploads\/2023\/02\/Sala-de-constrastes-en-el-Balneario-de-Castilla-Termal-de-El-Burgo-de-Osma-Imagen-del-balneario-300x169.jpg 300w\" sizes=\"(max-width: 580px) 100vw, 580px\" \/><figcaption id=\"caption-attachment-36390\" class=\"wp-caption-text\">Sala de Contrastes en el Balneario de Castilla Termal de El Burgo de Osma &#8211; Imagen del balneario<\/figcaption><\/figure>\n<p>Y ya, en plan balneario, <strong>pod\u00e9is disfrutar de muchos de sus tratamientos y relajaros en una de sus muchas opciones, a cu\u00e1l m\u00e1s interesante.<\/strong> La <a href=\"https:\/\/www.civitatis.com\/es\/el-burgo-de-osma\/entrada-castilla-termal-burgo-osma\/?aid=99913\" rel=\"NoFollow noopener\" target=\"_Blank\">entrada al circuito termal del Balneario de Castilla Termal<\/a> es ya una gran experiencia. Aunque tambi\u00e9n pod\u00e9is disfrutar de otras ofertas termales, como <a href=\"https:\/\/www.civitatis.com\/es\/el-burgo-de-osma\/masaje-shuka-castilla-termal-burgo-osma\/?aid=99913\" rel=\"NoFollow noopener\" target=\"_Blank\">masaje Shuka<\/a>; o un <a href=\"https:\/\/www.civitatis.com\/es\/el-burgo-de-osma\/circuito-contrastes-castilla-termal-burgo-osma\/?aid=99913\" rel=\"NoFollow noopener\" target=\"_Blank\">circuito de contrastes completo<\/a>. <a name=\"Cerca\"><\/a><br \/>\n&nbsp; <\/p>\n<h2><strong>Actividades en el entorno de El Burgos de Osma<\/strong><\/h2>\n<p>Si ya en s\u00ed mimo visitar esta bella ciudad no es suficiente reclamo, <strong>hay otras opciones es visitar su entorno m\u00e1s pr\u00f3ximo.<\/strong> Sin irse muy lejos, lo primero a destacar es la visita a las ruinas del castillo y a las atalayas defensivas. <\/p>\n<h3><strong>Ruinas del Castillo y las atalayas defensivas<\/strong><\/h3>\n<p>Y es que no podemos viajar a El Burgo de Osma y <strong>olvidarse de <a href=\"http:\/\/es.wikipedia.org\/wiki\/Castillo_de_Osma\" title=\"Link a Wikipedia sobre el Castillo de El Burgo de Osma\" target=\"_blank\" rel=\"noopener\">las atalayas y castillo<\/a> defensivo<\/strong> de El Burgo de Osma.<\/p>\n<figure id=\"attachment_36380\" aria-describedby=\"caption-attachment-36380\" style=\"width: 640px\" class=\"wp-caption aligncenter\"><img decoding=\"async\" src=\"https:\/\/destinocastillayleon.es\/index\/wp-content\/uploads\/2023\/02\/Fortaleza-y-Atalayas-defensivas-Destino-Castilla-y-Leon.jpg\" alt=\"Fortaleza y Atalayas defensivas - Destino Castilla y Le\u00f3n\" width=\"640\" height=\"360\" class=\"size-full wp-image-36380\" srcset=\"https:\/\/destinocastillayleon.es\/index\/wp-content\/uploads\/2023\/02\/Fortaleza-y-Atalayas-defensivas-Destino-Castilla-y-Leon.jpg 640w, https:\/\/destinocastillayleon.es\/index\/wp-content\/uploads\/2023\/02\/Fortaleza-y-Atalayas-defensivas-Destino-Castilla-y-Leon-300x169.jpg 300w\" sizes=\"(max-width: 640px) 100vw, 640px\" \/><figcaption id=\"caption-attachment-36380\" class=\"wp-caption-text\">Fortaleza y Atalayas defensivas &#8211; Destino Castilla y Le\u00f3n<\/figcaption><\/figure>\n<p>Construidas <strong>durante el periodo de la Batalla del Duero, una \u00e9poca inicial de la Reconquista;<\/strong> sirvieron para protegerse de los ataques y razias de saqueo musulmanes. Actualmente son solo unos restos arqueol\u00f3gicos que resultan interesantes al visitante. <strong>Una de estas atalayas estaba conectada visualmente con el <a href=\"http:\/\/destinocastillayleon.es\/index\/gormaz\/ \u200e\" title=\"Enlace a nuestra entrada sobre el Castillo de Gormaz\" target=\"_blank\" rel=\"noopener\">castillo de Gormaz<\/a>,<\/strong> de forma que pudieran avisarse mutuamente de estos ataques.<\/p>\n<h3><strong>Yacimiento arqueol\u00f3gico de Uxama<\/strong><\/h3>\n<p>Situado en el cerro al que los lugare\u00f1os <strong>llaman el Alto del Castro junto al r\u00edo Ucero,<\/strong> se encuentra el yacimiento arqueol\u00f3gico de <strong>la ciudad Celt\u00edbero-romana de Uxama Argaela.<\/strong> Se trat\u00f3 de una ciudad que aprovechaba una ubicaci\u00f3n estrat\u00e9gica para la defensa y el control del centro del valle del Duero, ricas por sus tierras f\u00e9rtiles y buenos pastos para la actividad ganadera.<\/p>\n<figure id=\"attachment_36384\" aria-describedby=\"caption-attachment-36384\" style=\"width: 640px\" class=\"wp-caption aligncenter\"><img decoding=\"async\" src=\"https:\/\/destinocastillayleon.es\/index\/wp-content\/uploads\/2023\/02\/Yacimiento-arqueologico-de-Uxama-Imagen-de-Soria-esta-de-Moda.jpg\" alt=\"Yacimiento arqueol\u00f3gico de Uxama - Imagen de Soria est\u00e1 de Moda\" width=\"640\" height=\"359\" class=\"size-full wp-image-36384\" srcset=\"https:\/\/destinocastillayleon.es\/index\/wp-content\/uploads\/2023\/02\/Yacimiento-arqueologico-de-Uxama-Imagen-de-Soria-esta-de-Moda.jpg 640w, https:\/\/destinocastillayleon.es\/index\/wp-content\/uploads\/2023\/02\/Yacimiento-arqueologico-de-Uxama-Imagen-de-Soria-esta-de-Moda-300x168.jpg 300w\" sizes=\"(max-width: 640px) 100vw, 640px\" \/><figcaption id=\"caption-attachment-36384\" class=\"wp-caption-text\">Yacimiento arqueol\u00f3gico de Uxama &#8211; Imagen de Soria est\u00e1 de Moda<\/figcaption><\/figure>\n<p>Se sabe que <strong>Uxama particip\u00f3 en las Guerras Celt\u00edberas junto a <a href=\"https:\/\/destinocastillayleon.es\/index\/historia-de-numancia\/\">Numancia<\/a> y Termes.<\/strong> Tuvo una segunda \u00e9poca en tiempo alto medieval, enviando participantes a los concilios visigodos de Toledo.<\/p>\n<h4><strong>La ruta del Cid<\/strong><\/h4>\n<p>La ciudad de Osma <strong>est\u00e1 dentro de la ruta conocida como <a href=\"http:\/\/www.caminodelcid.org\/\" title=\"Link a la web oficial del Camino del Cid\" rel=\"NoFollow noopener\" target=\"_blank\"><strong>Camino de Cid<\/strong><\/a>,<\/strong> ya que por esta ciudad tambi\u00e9n pas\u00f3 Don Rodrigo D\u00edaz de Vivar, \u00abEl Cid Campeador\u00bb en vida, tanto para tomar posesi\u00f3n de la zona desde el Castillo de Gormaz, como su salida del reino de Le\u00f3n y Castilla, camino del destierro. <a name=\"Otras-localidades\"><\/a><\/p>\n<h3><strong>Otras localidades cercanas<\/strong><\/h3>\n<p>Desde El Burgo de Osma, se pueden visitar <strong>varias poblaciones y lugares de inter\u00e9s.<\/strong><\/p>\n<h4><strong>Fortaleza de Gormaz<\/strong><\/h4>\n<p>Como ya se ha nombrado antes, trs viajar a El Burgo de Osma, pod\u00e9is visitar <strong>la fortaleza califal de Gormaz. Un recinto amurallado en medio del valle del Duero<\/strong> que permite dominar una vista de 360\u00ba entre la cordillera cant\u00e1brica al norte; el sistema ib\u00e9rico al este; y el sistema central al sur.<\/p>\n<figure id=\"attachment_22755\" aria-describedby=\"caption-attachment-22755\" style=\"width: 600px\" class=\"wp-caption aligncenter\"><img decoding=\"async\" src=\"https:\/\/destinocastillayleon.es\/index\/wp-content\/uploads\/2016\/05\/9272b1c277d3c8fda465a800aaac495e.jpg\" alt=\"Fortaleza de Gormaz - Destino Castilla y Le\u00f3n\" width=\"600\" class=\"size-full wp-image-22755\" srcset=\"https:\/\/destinocastillayleon.es\/index\/wp-content\/uploads\/2016\/05\/9272b1c277d3c8fda465a800aaac495e.jpg 850w, https:\/\/destinocastillayleon.es\/index\/wp-content\/uploads\/2016\/05\/9272b1c277d3c8fda465a800aaac495e-300x136.jpg 300w, https:\/\/destinocastillayleon.es\/index\/wp-content\/uploads\/2016\/05\/9272b1c277d3c8fda465a800aaac495e-1024x463.jpg 1024w\" sizes=\"(max-width: 850px) 100vw, 850px\" \/><figcaption id=\"caption-attachment-22755\" class=\"wp-caption-text\">Fortaleza de Gormaz &#8211; Destino Castilla y Le\u00f3n<\/figcaption><\/figure>\n<p>Esta fortaleza <strong>estuvo en disputa por su valor estrat\u00e9gico sobre todo durante el siglo IX y X,<\/strong> cuando finalmente se pudo poner la frontera entre el norte cristiano y el sur isl\u00e1mico, entre el Sistema Central y la cuenca del Tajo.<\/p>\n<h4><strong>San Esteban de Gormaz<\/strong><\/h4>\n<p>Muy cerca tambi\u00e9n <strong>se encuentra este precioso pueblo medieval de la misma \u00e9poca y que destaca por su rom\u00e1nico de gran belleza y conservaci\u00f3n.<\/strong> Debido a su posici\u00f3n estrat\u00e9gica, sobre el r\u00edo Duero, igualmente fue un punto de gran valor estrat\u00e9gico.<\/p>\n<figure id=\"attachment_19529\" aria-describedby=\"caption-attachment-19529\" style=\"width: 600px\" class=\"wp-caption aligncenter\"><img decoding=\"async\" src=\"https:\/\/destinocastillayleon.es\/index\/wp-content\/uploads\/2015\/06\/1e54d0ac66ec6f20bd542e304154c57f.jpg\" alt=\"San Esteban de Gormaz - Destino Castilla y Le\u00f3n\" width=\"600\" height=\"451\" class=\"size-full wp-image-19529\" srcset=\"https:\/\/destinocastillayleon.es\/index\/wp-content\/uploads\/2015\/06\/1e54d0ac66ec6f20bd542e304154c57f.jpg 600w, https:\/\/destinocastillayleon.es\/index\/wp-content\/uploads\/2015\/06\/1e54d0ac66ec6f20bd542e304154c57f-300x226.jpg 300w\" sizes=\"(max-width: 600px) 100vw, 600px\" \/><figcaption id=\"caption-attachment-19529\" class=\"wp-caption-text\">San Esteban de Gormaz &#8211; Destino Castilla y Le\u00f3n<\/figcaption><\/figure>\n<h4><strong>Calata\u00f1azor<\/strong><\/h4>\n<p>Se trata de <strong><a href=\"https:\/\/destinocastillayleon.es\/index\/turismo-en-calatanazor\/\">una poblaci\u00f3n congelada en el tiempo<\/a>. Conserva gran parte de su encanto medieval.<\/strong> Su situaci\u00f3n tambi\u00e9n fue de gran valor estrat\u00e9gico. Se dice en una leyenda que fue ah\u00ed donde sufri\u00f3 la importante derrota militar el caudillo Almanzor que finalmente le causar\u00eda la muerte en Medinaceli.<\/p>\n<figure id=\"attachment_17791\" aria-describedby=\"caption-attachment-17791\" style=\"width: 600px\" class=\"wp-caption aligncenter\"><img decoding=\"async\" src=\"https:\/\/destinocastillayleon.es\/index\/wp-content\/uploads\/2015\/01\/bbd624d55e400c93e4d78f3cba6999e0.jpg\" alt=\"Murallas de Calata\u00f1azor - Destino Castilla y Le\u00f3n \" width=\"600\" class=\"size-full wp-image-17791\" srcset=\"https:\/\/destinocastillayleon.es\/index\/wp-content\/uploads\/2015\/01\/bbd624d55e400c93e4d78f3cba6999e0.jpg 640w, https:\/\/destinocastillayleon.es\/index\/wp-content\/uploads\/2015\/01\/bbd624d55e400c93e4d78f3cba6999e0-300x225.jpg 300w\" sizes=\"(max-width: 640px) 100vw, 640px\" \/><figcaption id=\"caption-attachment-17791\" class=\"wp-caption-text\">Murallas de Calata\u00f1azor &#8211; Destino Castilla y Le\u00f3n<\/figcaption><\/figure>\n<p>En esta zona, es posible realizar un vuelo en globo y <a href=\"https:\/\/www.civitatis.com\/es\/muriel-de-la-fuente\/paseo-globo-sabinar-calatanazor\/?aid=99913\" rel=\"noopener\" target=\"_blank\">sobrevolar sobre los Sabinares de Calata\u00f1azor<\/a>, una experiencia inolvidable.<\/p>\n<h4><strong>Patrimonio natural<\/strong><\/h4>\n<p>Muy cerca <strong>pod\u00e9is disfrutar de <a href=\"https:\/\/destinocastillayleon.es\/index\/la-fuentona-cascada-en-soria\/\">la Fuentona<\/a> y la Cascada de Valdemuriel,<\/strong> en Muriel de la Fuente. A poca distancia <strong>est\u00e1 el Ca\u00f1\u00f3n del Rio Lobo,<\/strong> que es un parque natural donde no solo hay una reserva de aves, si no que se encuentra la ermita templaria de San Bernab\u00e9. <\/p>\n<p><figure id=\"attachment_27650\" aria-describedby=\"caption-attachment-27650\" style=\"width: 600px\" class=\"wp-caption aligncenter\"><img decoding=\"async\" src=\"https:\/\/destinocastillayleon.es\/index\/wp-content\/uploads\/2017\/06\/12d7939f02915a963bead39d4265c9ed.jpg\" alt=\"Iglesia de San Bartolom\u00e9 en el Ca\u00f1\u00f3n del R\u00edo Lobos - Destino Castilla y Le\u00f3n\" width=\"600\" class=\"size-full wp-image-27650\" srcset=\"https:\/\/destinocastillayleon.es\/index\/wp-content\/uploads\/2017\/06\/12d7939f02915a963bead39d4265c9ed.jpg 793w, https:\/\/destinocastillayleon.es\/index\/wp-content\/uploads\/2017\/06\/12d7939f02915a963bead39d4265c9ed-300x200.jpg 300w, https:\/\/destinocastillayleon.es\/index\/wp-content\/uploads\/2017\/06\/12d7939f02915a963bead39d4265c9ed-768x515.jpg 768w\" sizes=\"(max-width: 793px) 100vw, 793px\" \/><figcaption id=\"caption-attachment-27650\" class=\"wp-caption-text\">Iglesia de San Bartolom\u00e9 en el Ca\u00f1\u00f3n del R\u00edo Lobos &#8211; Destino Castilla y Le\u00f3n<\/figcaption><\/figure><a name=\"Llegar\"><\/a><br \/>\n&nbsp; <\/p>\n<h2><strong>Informaci\u00f3n general para visitar El Burgos de Osma<\/strong><\/h2>\n<h3><strong>\u00bfC\u00f3mo llegar a El Burgo de Osma?<\/strong><\/h3>\n<p>Para viajar <a href=\"https:\/\/maps.google.es\/maps?q=El+burgo+de+Osma&#038;hl=es&#038;ie=UTF8&#038;sll=41.290647,-4.680728&#038;sspn=0.04998,0.077162&#038;t=h&#038;hnear=Burgo+de+Osma-Ciudad+de+Osma,+Soria,+Castilla+y+Le%C3%B3n&#038;z=11\" title=\"Link a Google maps que te indica d\u00f3nde est\u00e1 El Burgo de Osma\" target=\"_blank\" rel=\"NoFollow noopener\"><strong>El Burgo de Osma<\/strong><\/a>, lo normal es hacerlo desde la <strong>autov\u00eda A11<\/strong>, o bien saliendo desde la carretera <strong>Valladolid-Soria N122<\/strong>. Dada la importancia de esta poblaci\u00f3n, no es dif\u00edcil de encontrar. <\/p>\n<p><figure id=\"attachment_36389\" aria-describedby=\"caption-attachment-36389\" style=\"width: 580px\" class=\"wp-caption aligncenter\"><img decoding=\"async\" src=\"https:\/\/destinocastillayleon.es\/index\/wp-content\/uploads\/2023\/02\/Llegando-a-El-Burgo-de-Osma-Destino-Castilla-y-Leon.jpg\" alt=\"Llegando a El Burgo de Osma - Destino Castilla y Le\u00f3n\" width=\"580\" height=\"303\" class=\"size-full wp-image-36389\" srcset=\"https:\/\/destinocastillayleon.es\/index\/wp-content\/uploads\/2023\/02\/Llegando-a-El-Burgo-de-Osma-Destino-Castilla-y-Leon.jpg 580w, https:\/\/destinocastillayleon.es\/index\/wp-content\/uploads\/2023\/02\/Llegando-a-El-Burgo-de-Osma-Destino-Castilla-y-Leon-300x157.jpg 300w\" sizes=\"(max-width: 580px) 100vw, 580px\" \/><figcaption id=\"caption-attachment-36389\" class=\"wp-caption-text\">Llegando a El Burgo de Osma &#8211; Destino Castilla y Le\u00f3n<\/figcaption><\/figure><a name=\"Comer\"><\/a><\/p>\n<h3><strong>\u00bfD\u00f3nde comer en El Burgo de Osma?<\/strong><\/h3>\n<p><strong>No son muchas las veces que hemos comido en este sitio,<\/strong> por lo general en <strong>alguno de los asadores tradicionales,<\/strong> donde destaca el lechazo asado, bastante parecido al estilo burgal\u00e9s, no est\u00e1 muy lejos. Y otro gran evento gastron\u00f3mico anual son <strong>las <a href=\"https:\/\/destinocastillayleon.es\/index\/arranca-la-cerdoexperiencia\/\">Jornadas de la Matanza<\/a> del Palacio Virrey Palafox.<\/strong> Todo un espect\u00e1culo gastron\u00f3mico.<\/p>\n<figure id=\"attachment_29377\" aria-describedby=\"caption-attachment-29377\" style=\"width: 550px\" class=\"wp-caption aligncenter\"><img decoding=\"async\" src=\"https:\/\/destinocastillayleon.es\/index\/wp-content\/uploads\/2017\/06\/d52dc370301fd4c8ab7041b54b49ff07.jpg\" alt=\"Cuatro de Lechazo churro asado IGP - Destino Castilla y Le\u00f3n\" width=\"550\" class=\"size-full wp-image-29377\" srcset=\"https:\/\/destinocastillayleon.es\/index\/wp-content\/uploads\/2017\/06\/d52dc370301fd4c8ab7041b54b49ff07.jpg 640w, https:\/\/destinocastillayleon.es\/index\/wp-content\/uploads\/2017\/06\/d52dc370301fd4c8ab7041b54b49ff07-300x188.jpg 300w\" sizes=\"(max-width: 640px) 100vw, 640px\" \/><figcaption id=\"caption-attachment-29377\" class=\"wp-caption-text\">Cuatro de Lechazo churro asado IGP &#8211; Destino Castilla y Le\u00f3n<\/figcaption><\/figure>\n<h4><strong>Ruta de tapas por el Burgo de Osma<\/strong><\/h4>\n<p>Adem\u00e1s de unas <strong>tapas de bastante calidad, el precio nos pareci\u00f3 muy bien ajustado<\/strong>. Adem\u00e1s, pudimos probar una cerveza artesanal creada en el mismo Burgo de Osma. La <a href=\"https:\/\/www.cervezaarevaka.com\/\" title=\"Link a la web con informaci\u00f3n sobre la cerveza Arevaka\" target=\"_blank\" rel=\"noopener\">cerveza Arevaka<\/a>. Se presenta en las variedades rubia, tostada y negra. Probamos las dos \u00faltimas. Realmente muy buenas de sabor, incluso para qui\u00e9n no sea un amante de las cervezas.<\/p>\n<p><figure id=\"attachment_36377\" aria-describedby=\"caption-attachment-36377\" style=\"width: 550px\" class=\"wp-caption aligncenter\"><img decoding=\"async\" src=\"https:\/\/destinocastillayleon.es\/index\/wp-content\/uploads\/2023\/02\/Degustacion-de-cervezas-artesanales-Arevaka-de-Soria-Destino-Castilla-y-Leon.jpg\" alt=\"Degustaci\u00f3n de cervezas artesanales Ar\u00e9vaka de Soria - Destino Castilla y Le\u00f3n\" width=\"550\" class=\"size-full wp-image-36377\" srcset=\"https:\/\/destinocastillayleon.es\/index\/wp-content\/uploads\/2023\/02\/Degustacion-de-cervezas-artesanales-Arevaka-de-Soria-Destino-Castilla-y-Leon.jpg 640w, https:\/\/destinocastillayleon.es\/index\/wp-content\/uploads\/2023\/02\/Degustacion-de-cervezas-artesanales-Arevaka-de-Soria-Destino-Castilla-y-Leon-300x169.jpg 300w\" sizes=\"(max-width: 640px) 100vw, 640px\" \/><figcaption id=\"caption-attachment-36377\" class=\"wp-caption-text\">Degustaci\u00f3n de cervezas artesanales Ar\u00e9vaka de Soria &#8211; Destino Castilla y Le\u00f3n<\/figcaption><\/figure> <a name=\"Dormir\"><\/a><\/p>\n<h3><strong>\u00bfD\u00f3nde alojarse en El Burgo de Osma?<\/strong><\/h3>\n<p><strong>Tenemos que reconoceros que nunca nos hemos alojado en El Burgo de Osma durante nuestros viajes,<\/strong> porque por lo general <strong>lo hemos hecho en Soria Capital,<\/strong> en hoteles muy atractivos, como <strong>el <a href=\"https:\/\/www.booking.com\/hotel\/es\/leonor-miron.es.html?aid=1281624&#038;sid=401580a97fbd0abb8f1aa9004772a3d1&#038;age=0;dest_id=-403310;dest_type=city;dist=0;group_adults=2;group_children=1;hapos=1;hpos=1;no_rooms=1;req_adults=2;req_age=0;req_children=1;room1=A%2CA%2C0;sb_price_type=total;sr_order=popularity;srepoch=1675932268;srpvid=f7f93d748ad301b2;type=total;ucfs=1&#038;#hotelTmpl\" rel=\"NoFollow noopener\" target=\"_Blank\">Hotel Leonor Mir\u00f3n<\/a>;<\/strong> mientras que, en plan m\u00e1s econ\u00f3mico, tambi\u00e9n hemos estado alojados <strong>en <a href=\"https:\/\/www.booking.com\/hotel\/es\/hostal-ruiz.es.html?aid=1281624&#038;sid=401580a97fbd0abb8f1aa9004772a3d1&#038;age=0&#038;dest_id=-403310&#038;dest_type=city&#038;dist=0&#038;group_adults=2&#038;group_children=1&#038;hapos=1&#038;hpos=1&#038;no_rooms=1&#038;req_adults=2&#038;req_age=0&#038;req_children=1&#038;room1=A%2CA%2C0&#038;sb_price_type=total&#038;sr_order=popularity&#038;srepoch=1675932612&#038;srpvid=e4373e201a93004d&#038;type=total&#038;ucfs=1&#038;activeTab=main\" rel=\"NoFollow noopener\" target=\"_Blank\">el Hostal Ruiz<\/a><\/strong>. No muy elegante, pero c\u00f3modo e ideal para familias sin gastar mucho dinero.<\/p>\n<figure id=\"attachment_36392\" aria-describedby=\"caption-attachment-36392\" style=\"width: 580px\" class=\"wp-caption aligncenter\"><img decoding=\"async\" src=\"https:\/\/destinocastillayleon.es\/index\/wp-content\/uploads\/2023\/02\/Hotel-Balneario-Castilla-Termal-Imagen-del-hotel.jpg\" alt=\"Hotel Balneario Castilla Termal - Imagen del hotel\" width=\"580\" height=\"327\" class=\"size-full wp-image-36392\" srcset=\"https:\/\/destinocastillayleon.es\/index\/wp-content\/uploads\/2023\/02\/Hotel-Balneario-Castilla-Termal-Imagen-del-hotel.jpg 580w, https:\/\/destinocastillayleon.es\/index\/wp-content\/uploads\/2023\/02\/Hotel-Balneario-Castilla-Termal-Imagen-del-hotel-300x169.jpg 300w\" sizes=\"(max-width: 580px) 100vw, 580px\" \/><figcaption id=\"caption-attachment-36392\" class=\"wp-caption-text\">Fachada y piscina del <a href=\"https:\/\/www.booking.com\/hotel\/es\/termal-burgo-de-osma.es.html?sid=401580a97fbd0abb8f1aa9004772a3d1&#038;aid=1281624&#038;ucfs=1&#038;arphpl=1&#038;dest_id=-380331&#038;dest_type=city&#038;group_adults=2&#038;req_adults=2&#038;no_rooms=1&#038;group_children=1&#038;req_children=1&#038;age=0&#038;req_age=0&#038;hpos=1&#038;hapos=1&#038;sr_order=popularity&#038;srpvid=9d4c3e635cbf004b&#038;srepoch=1675932747&#038;from_sustainable_property_sr=1&#038;from=searchresults#hotelTmpl\" rel=\"NoFollow noopener\" target=\"_Blank\"><u>Hotel Balneario Castilla Termal<\/u><\/a> &#8211; Imagen del hotel<\/figcaption><\/figure>\n<p>Ahora, <strong>buscando en El burgo de Osma,<\/strong> hay sitios muy interesantes. As\u00ed, en plan caro, <strong>pod\u00e9is alojaros en <a href=\"https:\/\/www.booking.com\/hotel\/es\/termal-burgo-de-osma.es.html?sid=401580a97fbd0abb8f1aa9004772a3d1&#038;aid=1281624&#038;ucfs=1&#038;arphpl=1&#038;dest_id=-380331&#038;dest_type=city&#038;group_adults=2&#038;req_adults=2&#038;no_rooms=1&#038;group_children=1&#038;req_children=1&#038;age=0&#038;req_age=0&#038;hpos=1&#038;hapos=1&#038;sr_order=popularity&#038;srpvid=9d4c3e635cbf004b&#038;srepoch=1675932747&#038;from_sustainable_property_sr=1&#038;from=searchresults#hotelTmpl\" rel=\"NoFollow noopener\" target=\"_Blank\">Hotel Balneario Castilla Termal<\/a><\/strong>. Y como os hemos dicho, disfrutar de alguno de sus tratamientos. Pero en algo m\u00e1s modesto, tambi\u00e9n es interesante <strong>la <a href=\"https:\/\/www.booking.com\/hotel\/es\/hospederia-el-fielato.es.html?aid=1281624&#038;sid=401580a97fbd0abb8f1aa9004772a3d1&#038;age=0;dest_id=-380331;dest_type=city;dist=0;group_adults=2;group_children=1;hapos=1;hpos=1;no_rooms=1;req_adults=2;req_age=0;req_children=1;room1=A%2CA%2C0;sb_price_type=total;sr_order=popularity;srepoch=1675932756;srpvid=393b3e67c96b002b;type=total;ucfs=1&#038;#hotelTmpl\" rel=\"NoFollow noopener\" target=\"_Blank\">Hospeder\u00eda el Fielato<\/a><\/strong>. Y ya en plan rural, <strong>la <a href=\"https:\/\/www.booking.com\/hotel\/es\/la-casa-de-el-burgo.es.html?sid=401580a97fbd0abb8f1aa9004772a3d1&#038;aid=1281624&#038;ucfs=1&#038;arphpl=1&#038;dest_id=-380331&#038;dest_type=city&#038;group_adults=2&#038;req_adults=2&#038;no_rooms=1&#038;group_children=1&#038;req_children=1&#038;age=0&#038;req_age=0&#038;hpos=18&#038;hapos=18&#038;sr_order=popularity&#038;srpvid=393b3e67c96b002b&#038;srepoch=1675932756&#038;from=searchresults#hotelTmpl\" rel=\"NoFollow noopener\" target=\"_Blank\">Casa Rural El Burgo<\/a><\/strong>. <a name=\"Historia\"><\/a><\/p>\n<h3><strong>Breve rese\u00f1a hist\u00f3rica sobre El Burgo de Osma<\/strong><\/h3>\n<p>Sin \u00e1nimo de ser excesivamente exhaustivos, <strong>para eso os dejamos una publicaci\u00f3n <a href=\"https:\/\/destinocastillayleon.es\/index\/historia-de-el-burgo-de-osma\/\">dedicada a este fin<\/a>,<\/strong> vamos a daros <strong>unas \u201cpinceladas gruesas\u201d<\/strong> de la historia y evoluci\u00f3n de esta poblaci\u00f3n.<\/p>\n<p>Esta zona <strong>estuvo habitada desde la prehistoria, tal y como atestigua la ciudad celtib\u00e9rica de Uxama,<\/strong> a poca distancia de la Osma actual, manteni\u00e9ndose estable incluso tras la integraci\u00f3n en el Imperio Romano. Con la llegada de los Visigodos de Toledo, <strong>cambia la denominaci\u00f3n a Osoma<\/strong> y se le da rango de <strong>sede episcopal en el 597.<\/strong><\/p>\n<p><strong>Tras la conquista musulmana, esta zona, aunque con una menor importancia, se mantiene como un puesto defensivo avanzado tanto con una poblaci\u00f3n fija para mantener una de las atalayas,<\/strong> que es de origen \u00e1rabe y cuya denominaci\u00f3n pas\u00f3 a ser Waxsima.<\/p>\n<figure id=\"attachment_35009\" aria-describedby=\"caption-attachment-35009\" style=\"width: 220px\" class=\"wp-caption aligncenter\"><img decoding=\"async\" src=\"https:\/\/destinocastillayleon.es\/index\/wp-content\/uploads\/2022\/02\/Alfonso-VIII-de-Castilla-y-su-reina-Leonor-Plantagenet-Imagen-de-Wikipedia.jpg\" alt=\"Alfonso VIII de Castilla y su reina Leonor Plantagenet - Imagen de Wikipedia\" width=\"220\" height=\"323\" class=\"size-full wp-image-35009\" srcset=\"https:\/\/destinocastillayleon.es\/index\/wp-content\/uploads\/2022\/02\/Alfonso-VIII-de-Castilla-y-su-reina-Leonor-Plantagenet-Imagen-de-Wikipedia.jpg 220w, https:\/\/destinocastillayleon.es\/index\/wp-content\/uploads\/2022\/02\/Alfonso-VIII-de-Castilla-y-su-reina-Leonor-Plantagenet-Imagen-de-Wikipedia-204x300.jpg 204w\" sizes=\"(max-width: 220px) 100vw, 220px\" \/><figcaption id=\"caption-attachment-35009\" class=\"wp-caption-text\">Alfonso VIII de Castilla y su reina Leonor Plantagenet &#8211; Imagen de Wikipedia<\/figcaption><\/figure>\n<p>Durante la reconquista, esta zona fue <strong>una de las batallas m\u00e1s duras, pues es un punto estrat\u00e9gico de control del Duero.<\/strong> Durante el siglo X, el arrabal de Osma empieza a ganar importancia, al trasladarse mucha poblaci\u00f3n al otro margen del r\u00edo, para gozar de la protecci\u00f3n de la fortaleza que se alza en el cerro. Y es que <strong>esta zona cambiar\u00e1 de manos en numerosas ocasiones.<\/strong> Durante el siglo x, la Osma cristiana altomedieval <strong>se desplazada en ese momento al cerro vecino, en la margen izquierda del r\u00edo Ucero,<\/strong> presidido por su castillo.<\/p>\n<p>Una vez a salvo de las razias del sur, <strong>se restaura la di\u00f3cesis con Pedro de Bourges nombrado obispo y que con el tiempo lleg\u00f3 a ser San Pedro de Osma.<\/strong> En este momento <strong>se levanta a inicios del siglo XII la primitiva catedral rom\u00e1nica<\/strong> sobre un antiguo templo visigodo dedicado a San Miguel, que se encuentra en el incipiente arrabal de Osma. <strong>Alfonso VIII terminar\u00e1 emitiendo un fuero propio a este arrabal,<\/strong> constituy\u00e9ndose como villa el Burgo de Osma, independiente de Osma.<\/p>\n<figure id=\"attachment_1737\" aria-describedby=\"caption-attachment-1737\" style=\"width: 263px\" class=\"wp-caption aligncenter\"><img decoding=\"async\" src=\"https:\/\/destinocastillayleon.es\/index\/wp-content\/uploads\/2013\/04\/San-Pedro-de-Osma.jpg\" alt=\"San Pedro de Osma - Imagen de Wikipedia\" width=\"263\" height=\"341\" class=\"size-full wp-image-1737\" srcset=\"https:\/\/destinocastillayleon.es\/index\/wp-content\/uploads\/2013\/04\/San-Pedro-de-Osma.jpg 263w, https:\/\/destinocastillayleon.es\/index\/wp-content\/uploads\/2013\/04\/San-Pedro-de-Osma-231x300.jpg 231w\" sizes=\"(max-width: 263px) 100vw, 263px\" \/><figcaption id=\"caption-attachment-1737\" class=\"wp-caption-text\">San Pedro de Osma &#8211; Imagen de Wikipedia<\/figcaption><\/figure>\n<p>A mediados del siglo XIII, el obispo oxomense Juan Dom\u00ednguez, ordena demoler la catedral rom\u00e1nica, por considerarla obsoleta e <strong>inicia el levantamiento de la actual catedral g\u00f3tica.<\/strong> M\u00e1s adelante y dada la importancia de la villa para este obispado, se levantan en el siglo XV unas murallas con un valor m\u00e1s administrativo que defensivo. En el siglo XVI, se instaura en 1541 la Universidad de Santa Catalina.<\/p>\n<figure id=\"attachment_36398\" aria-describedby=\"caption-attachment-36398\" style=\"width: 640px\" class=\"wp-caption aligncenter\"><img decoding=\"async\" src=\"https:\/\/destinocastillayleon.es\/index\/wp-content\/uploads\/2023\/02\/Panoramica-de-El-Burgo-de-Osma.jpg\" alt=\"Panor\u00e1mica de El Burgo de Osma\" width=\"640\" height=\"360\" class=\"size-full wp-image-36398\" srcset=\"https:\/\/destinocastillayleon.es\/index\/wp-content\/uploads\/2023\/02\/Panoramica-de-El-Burgo-de-Osma.jpg 640w, https:\/\/destinocastillayleon.es\/index\/wp-content\/uploads\/2023\/02\/Panoramica-de-El-Burgo-de-Osma-300x169.jpg 300w\" sizes=\"(max-width: 640px) 100vw, 640px\" \/><figcaption id=\"caption-attachment-36398\" class=\"wp-caption-text\">Panor\u00e1mica de El Burgo de Osma<\/figcaption><\/figure>\n<p><strong>A finales del siglo XIX se integrar\u00eda en la red ferroviaria,<\/strong> contando con una estaci\u00f3n propia, pero la l\u00ednea cerr\u00f3 en 1994 definitivamente. En alg\u00fan momento, <strong>se finalizar\u00e1n las obras de la autov\u00eda del Duero,<\/strong> lo que permitir\u00e1 una buena conexi\u00f3n por carretera entre Valladolid-Aranda de Duero, El Burgo de Osma y Sora.<\/p>\n<h4><strong>Conclusiones<\/strong><\/h4>\n<p><strong>Viajar a el Burgo de Osma es sumergirse en un entorno muy bien conservado<\/strong> que hace las delicias de un ojo curioso. <\/p>\n<p>Y ahora es vuestro turno, <strong>\u00bfConoc\u00edas o hab\u00edas hecho alg\u00fan viaje a el Burgo de Osma? \u00bfQu\u00e9 experiencias os llevasteis de viajar a el Burgo de Osma?<\/strong> Compartid con nosotros esa experiencia dej\u00e1ndonos un comentario.<br \/>\n&nbsp; <\/p>\n<h4>Entradas relacionadas<\/h4>\n<ul>\n<li><a title=\"Historia de El Burgos de Osma\" href=\"http:\/\/destinocastillayleon.es\/index\/historia-de-el-burgo-de-osma\/\" target=\"_blank\" rel=\"noopener\"><span style=\"color: #000000;\">Historia de El Burgos de Osma<\/a>.<\/li>\n<li><a title=\"Visitar el Castillo fortaleza de Gormaz\" href=\"http:\/\/destinocastillayleon.es\/index\/gormaz\/\" target=\"_blank\" rel=\"noopener\"><span style=\"color: #000000;\">Visitar el Castillo fortaleza de Gormaz<\/a>.<\/li>\n<li><a title=\"Senderismo por el parque natural de la Fuentona\" href=\"http:\/\/destinocastillayleon.es\/index\/la-fuentona-cascada-en-soria\/\" target=\"_blank\" rel=\"noopener\"><span style=\"color: #000000;\">Cascada y Fuentona de Valdemuriel de la Fuente<\/a>.<\/li>\n<li><a title=\"Que ver en Catala\u00f1azor\" href=\"http:\/\/destinocastillayleon.es\/index\/pasar-dia-en-catalanazor\/\" target=\"_blank\" rel=\"noopener\"><span style=\"color: #000000;\">Que ver en Catala\u00f1azor<\/a>.<\/li>\n<\/ul>\n<p><!-- Continuando <strong><a href=\"http:\/\/destinocastillayleon.es\/index\/provincias\/soria\/turismo-en-soria\/\" title=\"Enlace a la secci\u00f3n de turismo en Soria\" target=\"_blank\" rel=\"noopener\">nuestros viajes por Soria<\/a><\/strong>, realizamos una parada en la localidad de <strong>El Burgo de Osma<\/strong>. Aunque posee una zona moderna y sinceramente poco atractiva, el casco antig\u00fco es una maravilla llena de encanto, ya que se ha sabido conservar con todo su encanto original.\n&nbsp; \n\n\n<h3>C\u00f3mo llegar a El Burgo de Osma<\/h3>\n\n\nPara llegar a <a href=\"https:\/\/maps.google.es\/maps?q=El+burgo+de+Osma&hl=es&ie=UTF8&sll=41.290647,-4.680728&sspn=0.04998,0.077162&t=h&hnear=Burgo+de+Osma-Ciudad+de+Osma,+Soria,+Castilla+y+Le%C3%B3n&z=11\" title=\"Link a Google maps que te indica d\u00f3nde est\u00e1 El Burgo de Osma\" target=\"_blank\" rel=\"noopener\"><strong>El Burgo de Osma<\/strong><\/a>, lo normal es hacerlo desde la <strong>autov\u00eda A11<\/strong>, o bien saliendo desde la carretera <strong>Valladolid-Soria N122<\/strong>. Dada la importancia de esta poblaci\u00f3n, no es dif\u00edcil de encontrar.\n&nbsp; \n\n\n<h3>Visitar la Catedral de El Burgo de Osma<\/h3>\n\n\nRecientemente, hemos dedicado una entrada a la <strong>historia de El Burgo de Osma<\/strong> (<a href=\"http:\/\/destinocastillayleon.es\/index\/historia-de-el-burgo-de-osma\/\" title=\"Enlace a nuestra entrada sobre la historia de El Burgo de Osma\" target=\"_blank\" rel=\"noopener\"><strong>picha aqu\u00ed<\/strong><\/a>), que puedes consultar aqu\u00ed. No obstante, esta poblaci\u00f3n tiene presente y futuro y queremos compartir aquello que pudimos experimentar.\n&nbsp; \n<center><img decoding=\"async\" title=\"Detalles g\u00f3ticos de la Catedral de El Burgo de Osma\" alt=\"Detalles g\u00f3ticos de la Catedral de El Burgo de Osma\" src=\"http:\/\/destinocastillayleon.es\/index\/wp-content\/uploads\/2013\/04\/P1040954-1024x684.jpg\" width=\"640\" \/><\/center>\n&nbsp; \nSin duda alguna, <a href=\"http:\/\/es.wikipedia.org\/wiki\/Catedral_de_la_Asunci%C3%B3n_de_El_Burgo_de_Osma\" title=\"Link a Wikipedia sobre la Catedral de El Burgo de Osma\" target=\"_blank\" rel=\"noopener\">la Catedral<\/a> merece una menci\u00f3n especial. Tal y como contamos en la anterior entrada, la Catedral que actualmente podemos disfrutar se trata de la reconstrucci\u00f3n efectuada en <a href=\"http:\/\/es.wikipedia.org\/wiki\/Estilo_g%C3%B3tico#Espa.C3.B1a_y_Portugal\" title=\"Link a Wikipedia sobre el Estilo G\u00f3tico espa\u00f1ol\" target=\"_blank\" rel=\"noopener\">estilo g\u00f3tico<\/a> sobre la demolida construcci\u00f3n <a href=\"http:\/\/es.wikipedia.org\/wiki\/Rom%C3%A1nico\" title=\"Link a Wikipedia sobre el Estilo Rom\u00e1nico\" target=\"_blank\" rel=\"noopener\">rom\u00e1nica<\/a>. Durante los siglos XVI al XVIII sufri\u00f3 algunas obras en su interior sobre todo en <a href=\"http:\/\/es.wikipedia.org\/wiki\/Estilo_cl%C3%A1sico\" title=\"Link a Wikipedia sobre el Estilo Clasicista\" target=\"_blank\" rel=\"noopener\">estilo clasicismo<\/a>.\n&nbsp; \n[easyrotator]erc_1_1364292086[\/easyrotator]\n&nbsp; \nSin duda, llama poderosamente <strong>una esbelta y elegante torre cl\u00e1sica<\/strong> que hace las veces de campanario. Los detalles que actualmente vemos son del <strong>siglo XVII<\/strong>.\n\n<strong>Merece la pena parar a admirar el conjunto desde fuera<\/strong>, pero dentro, encontramos que realmente es una maravilla y nos habla de un pasado de esplendor.\n\nSi la Catedral es bonita, <strong>no te debes dejar el <a href=\"http:\/\/es.wikipedia.org\/wiki\/Claustro\" title=\"Link a Wikipedia sobre Claustros\" target=\"_blank\" rel=\"noopener\">claustro<\/a> y los museos del interior<\/strong>. Dentro hay una rica colecci\u00f3n de obras de arte y se puede visitar <a href=\"http:\/\/mercaba.org\/SANTORAL\/Vida\/08\/08-02_San_pedro_de_osma.htm\" title=\"Link a la web con informaci\u00f3n sobre San Pedro de Osma\" target=\"_blank\" rel=\"noopener\">el sepulcro de San Pedro de Osma<\/a>. Dos de los laterales de este claustro, son directamente muros de la catedral rom\u00e1nica. En este museo y claustro no dejan hacer fotos, por lo que no podemos traeros una selecci\u00f3n que nios hubiera gustado. No obstante, hemos encontrado <a href=\"http:\/\/www.arteguias.com\/catedral\/burgodeosma.htm\" title=\"Link a la web oficial de la Catedral de El Burgo de Osma\" target=\"_blank\" rel=\"noopener\"><strong>esta web<\/strong><\/a> que os puede ilustrar lo que se encuentra en \u00e9l.\n&nbsp; \n\n\n<h4>Los horarios de visita de la Catedral de el Burgo de Osma:<\/h4>\n\n\n&nbsp; &nbsp; Verano:\n&nbsp; &nbsp; &nbsp; &nbsp;  De lunes a viernes de 10:30 a 13:00 y de 16:00 a 19:00\n&nbsp; &nbsp; Invierno:\n&nbsp; &nbsp; &nbsp; &nbsp; De lunes a viernes de 10:30 a 13:00 y de 16:00 a 18:00<\/p>\n\n\n&nbsp;        \n\n\n<h4>Tarifas:<\/h4>\n\n\n&nbsp; &nbsp; Individual: <strong>2\u20ac<\/strong>\n&nbsp; &nbsp; Individual guiada: <strong>4\u20ac<\/strong>\n&nbsp; \n\n\n<h3>Plaza Mayor de El Burgo de Osma<\/h3>\n\n\nSiguiendo un poco m\u00e1s adelante, puedes llegar a un ejemplo de t\u00edpica <a href=\"http:\/\/es.wikipedia.org\/wiki\/Renacimiento_espa%C3%B1ol\" title=\"Link a Wikipedia sobre el Estilo Renacentista Espa\u00f1ol\" target=\"_blank\" rel=\"noopener\">plaza del renacimiento<\/a> y <a href=\"http:\/\/es.wikipedia.org\/wiki\/Clasicismo\" title=\"Link a Wikipedia sobre el Estilo Clasicista\" target=\"_blank\" rel=\"noopener\">clasicismo castellano<\/a>. Una forma cuadrada con laterales porticados, casas balconadas y presidiendo las misma, dos edificios importantes. \n\nGeneralmente siempre uno es el ayuntamiento y el otro un edificio ecles\u00edastico.\n&nbsp; \n[easyrotator]erc_41_1364292234[\/easyrotator]\n&nbsp; \nEn este caso, estamos frente a un t\u00edpico ayuntamiento de la \u00e9poca de la <a href=\"http:\/\/es.wikipedia.org\/wiki\/Casa_de_Austria\" title=\"Link a Wikipedia sobre los Hausburgos espa\u00f1oles\" target=\"_blank\" rel=\"noopener\">dinast\u00eda Haubsburgo<\/a>, con torres, pero en este caso es de un estilo llamado neomudejar, ya que se construye en el siglo XVIII. Justo en frente, el <a href=\"http:\/\/es.wikipedia.org\/wiki\/Antiguo_Hospital_de_San_Agust%C3%ADn_%28El_Burgo_de_Osma%29\" title=\"Link a Wikipedia sobre el Hospital de San Agustin de El Burgo de Osma\" target=\"_blank\" rel=\"noopener\"> hospital de San Agust\u00edn<\/a>. Este hospital trataba a los peregrinos que desde las zonas del sur y del mediterr\u00e1neo se desplazan a <a href=\"http:\/\/es.wikipedia.org\/wiki\/Camino_de_Santiago\" title=\"Link a Wikipedia sobre el camino de Santiago\"target=\"_blank\">Santiago de Compostela<\/a> por los <a href=\"http:\/\/es.wikipedia.org\/wiki\/Camino_de_Santiago_de_Soria\" title=\"Link a Wikipedia sobre el Camino de Santiago por Soria\" target=\"_blank\" rel=\"noopener\">caminos jacobeos mediterr\u00e1neos<\/a>. \n&nbsp; \n\n\n<h3>Centro hist\u00f3rico<\/h3>\n\n\nEn <strong>el casco antiguo, en torno a la catedral<\/strong> tambi\u00e9n existe un centro hist\u00f3rico que no os deb\u00e9is perder. \n\nQuiz\u00e1s no sea tan grande como el de las ciudades capitales de Castilla y Le\u00f3n, pero <span style=\"color: #ff9100;\"><strong>no por ello pierde su encanto y atractivo<\/strong><\/span>. Es m\u00e1s creo que hasta lo mejora, ya que mantiene ese aire tranquilo de poblaci\u00f3n rural que otras ciudad han perdido en su crecimiento.\n&nbsp; \n[easyrotator]erf_35_1363460341\/erc_15_1366052664[\/easyrotator]\n&nbsp; \nSaliendo por la puerta de la Catedral, justo <strong>en frente hay unos soportales con unos establecimientos de lujo<\/strong>, aunque tambi\u00e9n destacar\u00eda el peque\u00f1o bar que hay entre ellos. <span style=\"color: #ff9100;\">Realmente confortable<\/span>.\n\nSi giramos hacia la derecha, <strong>encontramos la calle mayor<\/strong>. Este calle porticada destaca por la cantidad de peque\u00f1os negocios de ultramarinos y bares de tapas. Realmente en los establecimientos en los que entramos nos trataron muy bien. Si tuviera que destacar algunos, os dir\u00eda <span style=\"color: #ff9100;\">el Vacceos<\/span> y <span style=\"color: #ff9100;\">el Arevakos<\/span>.\n&nbsp; \n\n\n<h3>Ruta de tapas por el Burgo de Osma<\/h3>\n\n\nAdem\u00e1s de unas <strong>tapas de bastante calidad, <span style=\"color: #ff9100;\">el precio nos pareci\u00f3 muy bien ajustado<\/span><\/strong>. Adem\u00e1s, pudimos probar una cerveza artesanal creada en el mismo Burgo de Osma. La <a href=\"www.facebook.com\/CervezaArevaka\/\" title=\"Link a la web con informaci\u00f3n sobre la cerveza Arevaka\" target=\"_blank\" rel=\"noopener\">cerveza Arevaka<\/a>. Se presenta en las variedades rubia, tostada y negra. Probamos las dos \u00faltimas. Realmente muy buenas de sabor, incluso para qui\u00e9n no sea un amante de las cervezas.\n&nbsp; \n[easyrotator]erc_69_1364292003[\/easyrotator]<\/p>\n\n\n&nbsp; \n\n\n<h3>Universidad de Santa Catalina<\/h3>\n\n\nDe un pasado importante, <strong>se conserva a\u00fan el viejo edificio<\/strong>, con fachada en <a href=\"http:\/\/es.wikipedia.org\/wiki\/Estilo_plateresco\" title=\"Link a Wikipedia sobre el Estilo Plateresco\" target=\"_blank\" rel=\"noopener\">estilo plateresco<\/a>, y un clautro renacentista; este edificio del siglo XVI acogi\u00f3 a la Universidad de <a href=\"http:\/\/es.wikipedia.org\/wiki\/Universidad_de_Santa_Catalina\" title=\"Link a Wikipedia sobre la Universidad de Santa Catalina\" target=\"_blank\" rel=\"noopener\">Universidad de Santa Catalina<\/a> en El Burgo de Osma; actualmente sin docencia. Esta universidad, fue fundada bajo el auspicio del siglo de oro espa\u00f1ol. Especializada en materias cl\u00e1sicas cerr\u00f3 su actividad en 1841. \n&nbsp; \n<center><a href=\"http:\/\/www.sorianitelaimaginas.com\/index.php\/mod.patrimonio\/mem.detalle\/id.211\/relcategoria.1228\/regini.10\/relmenu.207\" title=\"Link a la web origen de la imagen\" target=\"_blank\" rel=\"noopener\"><img decoding=\"async\" title=\"Fachada de la Universidad de Santa Catalina en El Burgo de Osma\" alt=\"Fachada de la Universidad de Santa Catalina en El Burgo de Osma\" src=\"http:\/\/www.sorianitelaimaginas.com\/uploads\/imagenes\/imagenes_Burgo_de_Osma_Universidad_de_Santa_Catalina_489729a4.jpg\" width=\"640\" \/><\/a><\/center>\n&nbsp; \nActualmente, este bello edificio ha sido reconvertido en hotel que pertenece a la <a href=\"http:\/\/www.castillatermal.com\/\" title=\"Link a la web oficial de la Red de Hoteles Termales de Castilla\" target=\"_blank\" rel=\"noopener\">Red de Hoster\u00edas Reales de Castilla y Le\u00f3n<\/a>, <a href=\"http:\/\/www.castillatermal.com\/hoteles.php?ent_id=2\" title=\"Link a la web oficial del Hotel-Balneario Termal de Santa Catalina, en El Burgo de Osma\" target=\"_blank\" rel=\"noopener\">Castilla Termal<\/a> con presencia en varias localidades m\u00e1s de Castilla y Le\u00f3n, y es la primera Hoster\u00eda Real de 4 estrellas de Castilla y Le\u00f3n.\n&nbsp; \n<center><a href=\"http:\/\/www.castillatermal.com\/hoteles.php?ent_id=2\" title=\"Link a la web origen de la imagen \" target=\"_blank\" rel=\"noopener\"><img decoding=\"async\" src=\"http:\/\/www.castillatermal.com\/extra\/imagenes\/img_2\/Burgo\/claustroTermal_vista02.jpg\" alt=\"Imagen del interior del Balneario cedida por Hotel Termal de El Burgo de Osma\" title=\"Imagen del interior del Balneario cedida por Hotel Termal de El Burgo de Osma\", width=\"640\"\/><\/a><\/center>\n&nbsp; \nPr\u00f3ximamente viajaremos a la localidad de <a href=\"https:\/\/maps.google.es\/maps?q=olmedo&hl=es&ie=UTF8&hnear=Olmedo,+Valladolid,+Castilla+y+Le%C3%B3n&t=h&z=14\" title=\"Link a Google maps que te indica d\u00f3nde est\u00e1 Olmedo\" target=\"_blank\" rel=\"noopener\">Olmedo<\/a>, donde <a href=\"http:\/\/www.castillatermal.com\/hoteles.php?sec_id=50\" title=\"Link a la web oficial del Hotel-Balneario Termal de Olmedo de la red de Hostelerias Reales de Castilla y Le\u00f3n\" target=\"_blank\" rel=\"noopener\">esta red tambi\u00e9n dispone de un hotel<\/a>, creemos que podremos disfrutar de \u00e9l, y contaros c\u00f3mo es la red.\n&nbsp; \n\n\n<h3>Paseo por las murallas<\/h3>\n\n\n<strong>La ciudad tambi\u00e9n conserva sus viejas murallas<\/strong>. Estas murallas hace a\u00f1os que carecen de capacidad defensiva. <strong>No fueron capaces de contener el avance de las tropas napole\u00f3nicas<\/strong>. Actualmente las murallas bajomedievales solo se conservan en dos de sus pa\u00f1os, si bien tras una reconstrucci\u00f3n que hace que queden integradas en el entorno de la ciudad vieja, siendo un reclamo m\u00e1s.\n&nbsp; \n<center><a data-size=\"640x427\" href=\"http:\/\/destinocastillayleon.es\/index\/wp-content\/uploads\/2014\/04\/murallas.jpg\" title=\"Link a la web origen de la imagen \" target=\"_blank\" rel=\"noopener\"><img decoding=\"async\" src=\"http:\/\/destinocastillayleon.es\/index\/wp-content\/uploads\/2014\/04\/murallas.jpg\" alt=\"Murallas de El Burgo de Osma\" title=\"Murallas de El Burgo de Osma\", width=\"640\"\/><\/a><\/center>\n&nbsp; \n\n\n<h3>Ruinas del Castillo y las atalayas defensivas<\/h3>\n\n\nPara cerrar esta entrada, no quisiera olvidarme de <a href=\"http:\/\/es.wikipedia.org\/wiki\/Castillo_de_Osma\" title=\"Link a Wikipedia sobre el Castillo de El Burgo de Osma\" target=\"_blank\" rel=\"noopener\">las atalayas y castillo<\/a> defensivo de El Burgo de Osma. Construidas durante la <a href=\"http:\/\/es.wikipedia.org\/wiki\/Reconquista\" title=\"Link a Wikipedia sobre la Reconquista espa\u00f1ola\" target=\"_blank\" rel=\"noopener\">batalla del Duero<\/a> para protegerse de los ataques y razias de saqueo musulmanes, actualmente son solo unos restos arqueol\u00f3gicos que resultan interesantes al visitante. Una de estas atalayas estaba conectada visualmente con el <a href=\"http:\/\/destinocastillayleon.es\/index\/gormaz\/ \u200e\" title=\"Enlace a nuestra entrada sobre el Castillo de Gormaz\" target=\"_blank\" rel=\"noopener\">castillo de Gormaz<\/a>, de forma que pudieran avisarse mutuamente de estos ataques.\n&nbsp; \n<center><img decoding=\"async\" title=\"Restos del Castillo de Osma\" alt=\"Restos del Castillo de Osma\" src=\"http:\/\/destinocastillayleon.es\/index\/wp-content\/uploads\/2013\/04\/P1040940-1024x684.jpg\" width=\"640\" \/><\/center>\n&nbsp; \nLa ciudad de Osma est\u00e1 dentro de la ruta conocida como <a href=\"http:\/\/www.caminodelcid.org\/\" title=\"Link a la web oficial del Camino del Cid\" target=\"_blank\" rel=\"noopener\"><strong>Camino de Cid<\/strong><\/a>, ya que por esta ciudadtambi\u00e9n paso <a href=\"http:\/\/es.wikipedia.org\/wiki\/Rodrigo_D%C3%ADaz_de_Vivar\" title=\"Link a Wikipedia sobre Rodrigo Di\u00e1z de Vivar, 'El Cid'\" target=\"_blank\" rel=\"noopener\">Don Rodrigo D\u00edaz de Vivar, \"El Cid Campeador\"<\/a> en vida, tanto para tomar posesi\u00f3n de la zona desde el <a href=\"http:\/\/destinocastillayleon.es\/index\/gormaz\/ \u200e\" title=\"Enlace a nuestra entrada sobre el Castillo de Gormaz\" target=\"_blank\" rel=\"noopener\">Castillo de Gormaz<\/a>, como su salida del reino de Castilla y Le\u00f3n camino del destierro.\n&nbsp; \n\n\n<h4><strong>Encuentra el mejor alojamiento en Soria<\/strong><\/h4>\n\n\n\n\n<ul>Recuerda, puedes disfrutar de una buena estancia en muchos hoteles y hostales de <strong><a href=\"http:\/\/www.booking.com\/searchresults.es.html?city=-403309&aid=1281624&no_rooms=1&group_adults=2&group_children=1&room1=A%2CA%2C12\" target=\"_blank\" rel=\"noopener\">Soria<\/a><\/strong>, y as\u00ed disfrutar m\u00e1s de su patrimonio y su rica gastronom\u00eda. <strong>Encuentra <a href=\"http:\/\/www.booking.com\/searchresults.es.html?city=-403309&aid=1281624&no_rooms=1&group_adults=2&group_children=1&room1=A%2CA%2C12\" target=\"_blank\" rel=\"noopener\">las mejores ofertas en Soria aqu\u00ed<\/a>, y al mejor precio<\/strong>.<\/span><\/ul>\n\n\n\n\n\n<h4><strong>Conclusiones<\/strong><\/h4>\n\n\n<strong>Visitar esta ciudad es sumergirse en un entorno muy bien conservado<\/strong> que hace las delicias de un ojo curioso. \n\n\n\n<h4><strong>Nota<\/strong>:<\/h4>\n\n\nEn la galer\u00eda de fotos de las calles de El Burgo de Osma, hemos tenido que recurrir a internet debido a que no quer\u00edamos repetir en exceso las fotos de nuestra entrada sobre <a href=\"http:\/\/destinocastillayleon.es\/index\/historia-de-el-burgo-de-osma\/\" title=\"Enlace a nuestra entrada sobre la historia de El Burgo de OSma\" target=\"_blank\" rel=\"noopener\">la historia de El Burgo de Osma<\/a>.\n&nbsp; \n\n\n\n<h4>Entradas relacionadas<\/h4>\n\n\n\n\n<ul>\n\n<li><a title=\"Historia de El Burgos de Osma\" href=\"http:\/\/destinocastillayleon.es\/index\/historia-de-el-burgo-de-osma\/\" target=\"_blank\" rel=\"noopener\"><span style=\"color: #000000;\">Historia de El Burgos de Osma<\/a>.<\/li>\n\n\n\n\n<li><a title=\"Visitar el Castillo fortaleza de Gormaz\" href=\"http:\/\/destinocastillayleon.es\/index\/gormaz\/\" target=\"_blank\" rel=\"noopener\"><span style=\"color: #000000;\">Visitar el Castillo fortaleza de Gormaz<\/a>.<\/li>\n\n\n\n\n<li><a title=\"Senderismo por el parque natural de la Fuentona\" href=\"http:\/\/destinocastillayleon.es\/index\/la-fuentona-cascada-en-soria\/\" target=\"_blank\" rel=\"noopener\"><span style=\"color: #000000;\">Cascada y Fuentona de Valdemuriel de la Fuente<\/a>.<\/li>\n\n\n\n\n<li><a title=\"Que ver en Catala\u00f1azor\" href=\"http:\/\/destinocastillayleon.es\/index\/pasar-dia-en-catalanazor\/\" target=\"_blank\" rel=\"noopener\"><span style=\"color: #000000;\">Que ver en Catala\u00f1azor<\/a>.<\/li>\n\n\n\n\n<li><a href=\"http:\/\/destinocastillayleon.es\/index\/la-laguna-negra-de-soria\/\"><span style=\"color: #000000;\">Subir a la Laguna Negra de Soria<\/a>.<\/li>\n\n\n\n\n<li><a href=\"http:\/\/destinocastillayleon.es\/index\/pasar-fin-de-semana-en-soria\/\"><span style=\"color: #000000;\">Escaparse a la provincia de Soria, Parte I<\/a>.<\/li>\n\n\n\n\n<li><a href=\"http:\/\/destinocastillayleon.es\/index\/pasar-fin-de-semana-en-soria-ii\/\"><span style=\"color: #000000;\">Escaparse a la provincia de Soria, Parte II<\/a>.<\/li>\n\n\n\n\n<li><a title=\"Disfruta Soria con el Tren tur\u00edstico Campos de Castilla dedicado a Antonio Machado\" href=\"http:\/\/destinocastillayleon.es\/index\/tren-campos-de-castilla\/\" target=\"_blank\" rel=\"noopener\"><span style=\"color: #000000;\">Disfruta Soria con el Tren tur\u00edstico Campos de Castilla dedicado a Antonio Machado<\/a>.<\/li>\n\n<\/ul>\n\n\n\n\n&nbsp; \n\n--><\/p>\n","protected":false},"excerpt":{"rendered":"<p>Gu\u00eda para viajar a El Burgo de Osma , Soria; Y disfruta de esta interesante ciudad de Soria. Recorre sus calles, su historia y su patrimonio.<\/p>\n","protected":false},"author":2,"featured_media":36371,"comment_status":"open","ping_status":"closed","sticky":false,"template":"","format":"standard","meta":{"rop_custom_images_group":[],"rop_custom_messages_group":[],"rop_publish_now":"initial","rop_publish_now_accounts":{"twitter_1150954226_1150954226":""},"rop_publish_now_history":[],"rop_publish_now_status":"pending","footnotes":""},"categories":[68,45,73,41,4715],"tags":[163,661],"class_list":["post-1836","post","type-post","status-publish","format-standard","has-post-thumbnail","hentry","category-post_inicial","category-provincias","category-punto_singular","category-soria","category-soria-turismo","tag-el-burgo-de-osma","tag-que-ver-en-soria"],"yoast_head":"<!-- This site is optimized with the Yoast SEO Premium plugin v20.4 (Yoast SEO v27.4) - https:\/\/yoast.com\/product\/yoast-seo-premium-wordpress\/ -->\n<title>Viajar a El Burgo de Osma, Soria - Destino Castilla y Le\u00f3n<\/title>\n<meta name=\"description\" content=\"Descubre en una visita El Burgo de Osma, en tierras de Soria. Por nuestras experiencias, recomendamos qu\u00e9 ver, que hacer y d\u00f3nde tapear\" \/>\n<meta name=\"robots\" content=\"index, follow, max-snippet:-1, max-image-preview:large, max-video-preview:-1\" \/>\n<link rel=\"canonical\" href=\"https:\/\/destinocastillayleon.es\/index\/visitar-el-burgo-de-osma\/\" \/>\n<meta property=\"og:locale\" content=\"es_ES\" \/>\n<meta property=\"og:type\" content=\"article\" \/>\n<meta property=\"og:title\" content=\"Gu\u00eda para viajar a El Burgo de Osma , Soria - Destino Castilla y Le\u00f3n\" \/>\n<meta property=\"og:description\" content=\"Gu\u00eda para viajar a El Burgo de Osma , Soria; Y disfruta de esta interesante ciudad de Soria. Recorre sus calles, su historia y su patrimonio.\" \/>\n<meta property=\"og:url\" content=\"https:\/\/destinocastillayleon.es\/index\/visitar-el-burgo-de-osma\/\" \/>\n<meta property=\"og:site_name\" content=\"Destino Castilla y Le\u00f3n\" \/>\n<meta property=\"article:publisher\" content=\"https:\/\/www.facebook.com\/DestinoCastillaYLeon\/\" \/>\n<meta property=\"article:author\" content=\"https:\/\/www.facebook.com\/profile.php?id=1158416854\" \/>\n<meta property=\"article:published_time\" content=\"2023-02-10T10:30:07+00:00\" \/>\n<meta property=\"article:modified_time\" content=\"2023-10-09T14:45:13+00:00\" \/>\n<meta property=\"og:image\" content=\"https:\/\/destinocastillayleon.es\/index\/wp-content\/uploads\/2023\/02\/Visita-a-El-Burgo-de-Osma-Destino-Castilla-y-Leon.jpg\" \/>\n\t<meta property=\"og:image:width\" content=\"1200\" \/>\n\t<meta property=\"og:image:height\" content=\"675\" \/>\n\t<meta property=\"og:image:type\" content=\"image\/jpeg\" \/>\n<meta name=\"author\" content=\"David V\u00e1zquez\" \/>\n<meta name=\"twitter:card\" content=\"summary_large_image\" \/>\n<meta name=\"twitter:title\" content=\"Gu\u00eda para viajar a El Burgo de Osma , Soria - Destino Castilla y Le\u00f3n\" \/>\n<meta name=\"twitter:description\" content=\"Descubre en una visita El Burgo de Osma, en tierras de Soria. Por nuestras experiencias, recomendamos qu\u00e9 ver, que hacer y d\u00f3nde tGu\u00eda para viajar a El Burgo de Osma , Soria; Y disfruta de esta interesante ciudad de Soria. Recorre sus calles, su historia y su patrimonio.apear\" \/>\n<meta name=\"twitter:image\" content=\"https:\/\/destinocastillayleon.es\/index\/wp-content\/uploads\/2023\/02\/Visita-a-El-Burgo-de-Osma-Destino-Castilla-y-Leon.jpg\" \/>\n<meta name=\"twitter:creator\" content=\"@https:\/\/twitter.com\/ContePantaleone\u200e\" \/>\n<meta name=\"twitter:site\" content=\"@destinocyl\" \/>\n<meta name=\"twitter:label1\" content=\"Escrito por\" \/>\n\t<meta name=\"twitter:data1\" content=\"David V\u00e1zquez\" \/>\n\t<meta name=\"twitter:label2\" content=\"Tiempo de lectura\" \/>\n\t<meta name=\"twitter:data2\" content=\"29 minutos\" \/>\n<script type=\"application\/ld+json\" class=\"yoast-schema-graph\">{\"@context\":\"https:\\\/\\\/schema.org\",\"@graph\":[{\"@type\":\"Article\",\"@id\":\"https:\\\/\\\/destinocastillayleon.es\\\/index\\\/visitar-el-burgo-de-osma\\\/#article\",\"isPartOf\":{\"@id\":\"https:\\\/\\\/destinocastillayleon.es\\\/index\\\/visitar-el-burgo-de-osma\\\/\"},\"author\":{\"name\":\"David V\u00e1zquez\",\"@id\":\"https:\\\/\\\/destinocastillayleon.es\\\/index\\\/#\\\/schema\\\/person\\\/189221bc8f6cc4fa28b18ad5c289d4c2\"},\"headline\":\"Visitar El Burgo de Osma\",\"datePublished\":\"2023-02-10T10:30:07+00:00\",\"dateModified\":\"2023-10-09T14:45:13+00:00\",\"mainEntityOfPage\":{\"@id\":\"https:\\\/\\\/destinocastillayleon.es\\\/index\\\/visitar-el-burgo-de-osma\\\/\"},\"wordCount\":3755,\"commentCount\":1,\"image\":{\"@id\":\"https:\\\/\\\/destinocastillayleon.es\\\/index\\\/visitar-el-burgo-de-osma\\\/#primaryimage\"},\"thumbnailUrl\":\"https:\\\/\\\/destinocastillayleon.es\\\/index\\\/wp-content\\\/uploads\\\/2023\\\/02\\\/Visita-a-El-Burgo-de-Osma-Destino-Castilla-y-Leon.jpg\",\"keywords\":[\"El Burgo de Osma\",\"Qu\u00e9 ver en Soria\"],\"articleSection\":[\"Post_inicial\",\"Provincias\",\"Punto Singular\",\"Soria\",\"Soria turismo\"],\"inLanguage\":\"es\",\"potentialAction\":[{\"@type\":\"CommentAction\",\"name\":\"Comment\",\"target\":[\"https:\\\/\\\/destinocastillayleon.es\\\/index\\\/visitar-el-burgo-de-osma\\\/#respond\"]}]},{\"@type\":\"WebPage\",\"@id\":\"https:\\\/\\\/destinocastillayleon.es\\\/index\\\/visitar-el-burgo-de-osma\\\/\",\"url\":\"https:\\\/\\\/destinocastillayleon.es\\\/index\\\/visitar-el-burgo-de-osma\\\/\",\"name\":\"Viajar a El Burgo de Osma, Soria - Destino Castilla y Le\u00f3n\",\"isPartOf\":{\"@id\":\"https:\\\/\\\/destinocastillayleon.es\\\/index\\\/#website\"},\"primaryImageOfPage\":{\"@id\":\"https:\\\/\\\/destinocastillayleon.es\\\/index\\\/visitar-el-burgo-de-osma\\\/#primaryimage\"},\"image\":{\"@id\":\"https:\\\/\\\/destinocastillayleon.es\\\/index\\\/visitar-el-burgo-de-osma\\\/#primaryimage\"},\"thumbnailUrl\":\"https:\\\/\\\/destinocastillayleon.es\\\/index\\\/wp-content\\\/uploads\\\/2023\\\/02\\\/Visita-a-El-Burgo-de-Osma-Destino-Castilla-y-Leon.jpg\",\"datePublished\":\"2023-02-10T10:30:07+00:00\",\"dateModified\":\"2023-10-09T14:45:13+00:00\",\"author\":{\"@id\":\"https:\\\/\\\/destinocastillayleon.es\\\/index\\\/#\\\/schema\\\/person\\\/189221bc8f6cc4fa28b18ad5c289d4c2\"},\"description\":\"Descubre en una visita El Burgo de Osma, en tierras de Soria. Por nuestras experiencias, recomendamos qu\u00e9 ver, que hacer y d\u00f3nde tapear\",\"breadcrumb\":{\"@id\":\"https:\\\/\\\/destinocastillayleon.es\\\/index\\\/visitar-el-burgo-de-osma\\\/#breadcrumb\"},\"inLanguage\":\"es\",\"potentialAction\":[{\"@type\":\"ReadAction\",\"target\":[\"https:\\\/\\\/destinocastillayleon.es\\\/index\\\/visitar-el-burgo-de-osma\\\/\"]}]},{\"@type\":\"ImageObject\",\"inLanguage\":\"es\",\"@id\":\"https:\\\/\\\/destinocastillayleon.es\\\/index\\\/visitar-el-burgo-de-osma\\\/#primaryimage\",\"url\":\"https:\\\/\\\/destinocastillayleon.es\\\/index\\\/wp-content\\\/uploads\\\/2023\\\/02\\\/Visita-a-El-Burgo-de-Osma-Destino-Castilla-y-Leon.jpg\",\"contentUrl\":\"https:\\\/\\\/destinocastillayleon.es\\\/index\\\/wp-content\\\/uploads\\\/2023\\\/02\\\/Visita-a-El-Burgo-de-Osma-Destino-Castilla-y-Leon.jpg\",\"width\":1200,\"height\":675,\"caption\":\"Visita a El Burgo de Osma - Destino Castilla y Le\u00f3n\"},{\"@type\":\"BreadcrumbList\",\"@id\":\"https:\\\/\\\/destinocastillayleon.es\\\/index\\\/visitar-el-burgo-de-osma\\\/#breadcrumb\",\"itemListElement\":[{\"@type\":\"ListItem\",\"position\":1,\"name\":\"Portada\",\"item\":\"https:\\\/\\\/destinocastillayleon.es\\\/index\\\/\"},{\"@type\":\"ListItem\",\"position\":2,\"name\":\"Visitar El Burgo de Osma\"}]},{\"@type\":\"WebSite\",\"@id\":\"https:\\\/\\\/destinocastillayleon.es\\\/index\\\/#website\",\"url\":\"https:\\\/\\\/destinocastillayleon.es\\\/index\\\/\",\"name\":\"Destino Castilla y Le\u00f3n\",\"description\":\"Medio digital independiente y revista de Castilla y Le\u00f3n dedicado al turismo, gastronom\u00eda y vino de Castilla y Le\u00f3n\",\"potentialAction\":[{\"@type\":\"SearchAction\",\"target\":{\"@type\":\"EntryPoint\",\"urlTemplate\":\"https:\\\/\\\/destinocastillayleon.es\\\/index\\\/?s={search_term_string}\"},\"query-input\":{\"@type\":\"PropertyValueSpecification\",\"valueRequired\":true,\"valueName\":\"search_term_string\"}}],\"inLanguage\":\"es\"},{\"@type\":\"Person\",\"@id\":\"https:\\\/\\\/destinocastillayleon.es\\\/index\\\/#\\\/schema\\\/person\\\/189221bc8f6cc4fa28b18ad5c289d4c2\",\"name\":\"David V\u00e1zquez\",\"image\":{\"@type\":\"ImageObject\",\"inLanguage\":\"es\",\"@id\":\"https:\\\/\\\/secure.gravatar.com\\\/avatar\\\/cd12db6c575a90c3b75cfa0f794b74d425201c768612fad17e9f13cd33d48be8?s=96&d=mm&r=g\",\"url\":\"https:\\\/\\\/secure.gravatar.com\\\/avatar\\\/cd12db6c575a90c3b75cfa0f794b74d425201c768612fad17e9f13cd33d48be8?s=96&d=mm&r=g\",\"contentUrl\":\"https:\\\/\\\/secure.gravatar.com\\\/avatar\\\/cd12db6c575a90c3b75cfa0f794b74d425201c768612fad17e9f13cd33d48be8?s=96&d=mm&r=g\",\"caption\":\"David V\u00e1zquez\"},\"description\":\"Ingeniero Industrial de vocaci\u00f3n y profesi\u00f3n, he encontrado en los blogs la forma de plasmar mi pasi\u00f3n por los viajes, la gastronom\u00eda y los vinos. Especialmente los procedentes de Castilla y Le\u00f3n\",\"sameAs\":[\"https:\\\/\\\/www.destinocastillayleon.es\",\"https:\\\/\\\/www.facebook.com\\\/profile.php?id=1158416854\",\"https:\\\/\\\/instagram.com\\\/conte.pantaleone\",\"https:\\\/\\\/www.linkedin.com\\\/pub\\\/david-vazquez-lozano\\\/37\\\/17a\\\/25a\",\"https:\\\/\\\/x.com\\\/https:\\\/\\\/twitter.com\\\/ContePantaleone\u200e\"],\"url\":\"https:\\\/\\\/destinocastillayleon.es\\\/index\\\/author\\\/coadministradorcyl\\\/\"}]}<\/script>\n<!-- \/ Yoast SEO Premium plugin. -->","yoast_head_json":{"title":"Viajar a El Burgo de Osma, Soria - Destino Castilla y Le\u00f3n","description":"Descubre en una visita El Burgo de Osma, en tierras de Soria. Por nuestras experiencias, recomendamos qu\u00e9 ver, que hacer y d\u00f3nde tapear","robots":{"index":"index","follow":"follow","max-snippet":"max-snippet:-1","max-image-preview":"max-image-preview:large","max-video-preview":"max-video-preview:-1"},"canonical":"https:\/\/destinocastillayleon.es\/index\/visitar-el-burgo-de-osma\/","og_locale":"es_ES","og_type":"article","og_title":"Gu\u00eda para viajar a El Burgo de Osma , Soria - Destino Castilla y Le\u00f3n","og_description":"Gu\u00eda para viajar a El Burgo de Osma , Soria; Y disfruta de esta interesante ciudad de Soria. Recorre sus calles, su historia y su patrimonio.","og_url":"https:\/\/destinocastillayleon.es\/index\/visitar-el-burgo-de-osma\/","og_site_name":"Destino Castilla y Le\u00f3n","article_publisher":"https:\/\/www.facebook.com\/DestinoCastillaYLeon\/","article_author":"https:\/\/www.facebook.com\/profile.php?id=1158416854","article_published_time":"2023-02-10T10:30:07+00:00","article_modified_time":"2023-10-09T14:45:13+00:00","og_image":[{"width":1200,"height":675,"url":"https:\/\/destinocastillayleon.es\/index\/wp-content\/uploads\/2023\/02\/Visita-a-El-Burgo-de-Osma-Destino-Castilla-y-Leon.jpg","type":"image\/jpeg"}],"author":"David V\u00e1zquez","twitter_card":"summary_large_image","twitter_title":"Gu\u00eda para viajar a El Burgo de Osma , Soria - Destino Castilla y Le\u00f3n","twitter_description":"Descubre en una visita El Burgo de Osma, en tierras de Soria. Por nuestras experiencias, recomendamos qu\u00e9 ver, que hacer y d\u00f3nde tGu\u00eda para viajar a El Burgo de Osma , Soria; Y disfruta de esta interesante ciudad de Soria. Recorre sus calles, su historia y su patrimonio.apear","twitter_image":"https:\/\/destinocastillayleon.es\/index\/wp-content\/uploads\/2023\/02\/Visita-a-El-Burgo-de-Osma-Destino-Castilla-y-Leon.jpg","twitter_creator":"@https:\/\/twitter.com\/ContePantaleone\u200e","twitter_site":"@destinocyl","twitter_misc":{"Escrito por":"David V\u00e1zquez","Tiempo de lectura":"29 minutos"},"schema":{"@context":"https:\/\/schema.org","@graph":[{"@type":"Article","@id":"https:\/\/destinocastillayleon.es\/index\/visitar-el-burgo-de-osma\/#article","isPartOf":{"@id":"https:\/\/destinocastillayleon.es\/index\/visitar-el-burgo-de-osma\/"},"author":{"name":"David V\u00e1zquez","@id":"https:\/\/destinocastillayleon.es\/index\/#\/schema\/person\/189221bc8f6cc4fa28b18ad5c289d4c2"},"headline":"Visitar El Burgo de Osma","datePublished":"2023-02-10T10:30:07+00:00","dateModified":"2023-10-09T14:45:13+00:00","mainEntityOfPage":{"@id":"https:\/\/destinocastillayleon.es\/index\/visitar-el-burgo-de-osma\/"},"wordCount":3755,"commentCount":1,"image":{"@id":"https:\/\/destinocastillayleon.es\/index\/visitar-el-burgo-de-osma\/#primaryimage"},"thumbnailUrl":"https:\/\/destinocastillayleon.es\/index\/wp-content\/uploads\/2023\/02\/Visita-a-El-Burgo-de-Osma-Destino-Castilla-y-Leon.jpg","keywords":["El Burgo de Osma","Qu\u00e9 ver en Soria"],"articleSection":["Post_inicial","Provincias","Punto Singular","Soria","Soria turismo"],"inLanguage":"es","potentialAction":[{"@type":"CommentAction","name":"Comment","target":["https:\/\/destinocastillayleon.es\/index\/visitar-el-burgo-de-osma\/#respond"]}]},{"@type":"WebPage","@id":"https:\/\/destinocastillayleon.es\/index\/visitar-el-burgo-de-osma\/","url":"https:\/\/destinocastillayleon.es\/index\/visitar-el-burgo-de-osma\/","name":"Viajar a El Burgo de Osma, Soria - Destino Castilla y Le\u00f3n","isPartOf":{"@id":"https:\/\/destinocastillayleon.es\/index\/#website"},"primaryImageOfPage":{"@id":"https:\/\/destinocastillayleon.es\/index\/visitar-el-burgo-de-osma\/#primaryimage"},"image":{"@id":"https:\/\/destinocastillayleon.es\/index\/visitar-el-burgo-de-osma\/#primaryimage"},"thumbnailUrl":"https:\/\/destinocastillayleon.es\/index\/wp-content\/uploads\/2023\/02\/Visita-a-El-Burgo-de-Osma-Destino-Castilla-y-Leon.jpg","datePublished":"2023-02-10T10:30:07+00:00","dateModified":"2023-10-09T14:45:13+00:00","author":{"@id":"https:\/\/destinocastillayleon.es\/index\/#\/schema\/person\/189221bc8f6cc4fa28b18ad5c289d4c2"},"description":"Descubre en una visita El Burgo de Osma, en tierras de Soria. Por nuestras experiencias, recomendamos qu\u00e9 ver, que hacer y d\u00f3nde tapear","breadcrumb":{"@id":"https:\/\/destinocastillayleon.es\/index\/visitar-el-burgo-de-osma\/#breadcrumb"},"inLanguage":"es","potentialAction":[{"@type":"ReadAction","target":["https:\/\/destinocastillayleon.es\/index\/visitar-el-burgo-de-osma\/"]}]},{"@type":"ImageObject","inLanguage":"es","@id":"https:\/\/destinocastillayleon.es\/index\/visitar-el-burgo-de-osma\/#primaryimage","url":"https:\/\/destinocastillayleon.es\/index\/wp-content\/uploads\/2023\/02\/Visita-a-El-Burgo-de-Osma-Destino-Castilla-y-Leon.jpg","contentUrl":"https:\/\/destinocastillayleon.es\/index\/wp-content\/uploads\/2023\/02\/Visita-a-El-Burgo-de-Osma-Destino-Castilla-y-Leon.jpg","width":1200,"height":675,"caption":"Visita a El Burgo de Osma - Destino Castilla y Le\u00f3n"},{"@type":"BreadcrumbList","@id":"https:\/\/destinocastillayleon.es\/index\/visitar-el-burgo-de-osma\/#breadcrumb","itemListElement":[{"@type":"ListItem","position":1,"name":"Portada","item":"https:\/\/destinocastillayleon.es\/index\/"},{"@type":"ListItem","position":2,"name":"Visitar El Burgo de Osma"}]},{"@type":"WebSite","@id":"https:\/\/destinocastillayleon.es\/index\/#website","url":"https:\/\/destinocastillayleon.es\/index\/","name":"Destino Castilla y Le\u00f3n","description":"Medio digital independiente y revista de Castilla y Le\u00f3n dedicado al turismo, gastronom\u00eda y vino de Castilla y Le\u00f3n","potentialAction":[{"@type":"SearchAction","target":{"@type":"EntryPoint","urlTemplate":"https:\/\/destinocastillayleon.es\/index\/?s={search_term_string}"},"query-input":{"@type":"PropertyValueSpecification","valueRequired":true,"valueName":"search_term_string"}}],"inLanguage":"es"},{"@type":"Person","@id":"https:\/\/destinocastillayleon.es\/index\/#\/schema\/person\/189221bc8f6cc4fa28b18ad5c289d4c2","name":"David V\u00e1zquez","image":{"@type":"ImageObject","inLanguage":"es","@id":"https:\/\/secure.gravatar.com\/avatar\/cd12db6c575a90c3b75cfa0f794b74d425201c768612fad17e9f13cd33d48be8?s=96&d=mm&r=g","url":"https:\/\/secure.gravatar.com\/avatar\/cd12db6c575a90c3b75cfa0f794b74d425201c768612fad17e9f13cd33d48be8?s=96&d=mm&r=g","contentUrl":"https:\/\/secure.gravatar.com\/avatar\/cd12db6c575a90c3b75cfa0f794b74d425201c768612fad17e9f13cd33d48be8?s=96&d=mm&r=g","caption":"David V\u00e1zquez"},"description":"Ingeniero Industrial de vocaci\u00f3n y profesi\u00f3n, he encontrado en los blogs la forma de plasmar mi pasi\u00f3n por los viajes, la gastronom\u00eda y los vinos. Especialmente los procedentes de Castilla y Le\u00f3n","sameAs":["https:\/\/www.destinocastillayleon.es","https:\/\/www.facebook.com\/profile.php?id=1158416854","https:\/\/instagram.com\/conte.pantaleone","https:\/\/www.linkedin.com\/pub\/david-vazquez-lozano\/37\/17a\/25a","https:\/\/x.com\/https:\/\/twitter.com\/ContePantaleone\u200e"],"url":"https:\/\/destinocastillayleon.es\/index\/author\/coadministradorcyl\/"}]}},"_links":{"self":[{"href":"https:\/\/destinocastillayleon.es\/index\/wp-json\/wp\/v2\/posts\/1836","targetHints":{"allow":["GET"]}}],"collection":[{"href":"https:\/\/destinocastillayleon.es\/index\/wp-json\/wp\/v2\/posts"}],"about":[{"href":"https:\/\/destinocastillayleon.es\/index\/wp-json\/wp\/v2\/types\/post"}],"author":[{"embeddable":true,"href":"https:\/\/destinocastillayleon.es\/index\/wp-json\/wp\/v2\/users\/2"}],"replies":[{"embeddable":true,"href":"https:\/\/destinocastillayleon.es\/index\/wp-json\/wp\/v2\/comments?post=1836"}],"version-history":[{"count":47,"href":"https:\/\/destinocastillayleon.es\/index\/wp-json\/wp\/v2\/posts\/1836\/revisions"}],"predecessor-version":[{"id":37836,"href":"https:\/\/destinocastillayleon.es\/index\/wp-json\/wp\/v2\/posts\/1836\/revisions\/37836"}],"wp:featuredmedia":[{"embeddable":true,"href":"https:\/\/destinocastillayleon.es\/index\/wp-json\/wp\/v2\/media\/36371"}],"wp:attachment":[{"href":"https:\/\/destinocastillayleon.es\/index\/wp-json\/wp\/v2\/media?parent=1836"}],"wp:term":[{"taxonomy":"category","embeddable":true,"href":"https:\/\/destinocastillayleon.es\/index\/wp-json\/wp\/v2\/categories?post=1836"},{"taxonomy":"post_tag","embeddable":true,"href":"https:\/\/destinocastillayleon.es\/index\/wp-json\/wp\/v2\/tags?post=1836"}],"curies":[{"name":"wp","href":"https:\/\/api.w.org\/{rel}","templated":true}]}}