{"id":18035,"date":"2015-02-05T17:53:02","date_gmt":"2015-02-05T16:53:02","guid":{"rendered":"http:\/\/destinocastillayleon.es\/index\/?p=18035"},"modified":"2018-04-12T08:00:49","modified_gmt":"2018-04-12T06:00:49","slug":"guia-de-salamanca","status":"publish","type":"post","link":"https:\/\/destinocastillayleon.es\/index\/guia-de-salamanca\/","title":{"rendered":"Gu\u00eda para viajar a Salamanca: una ruta imprescindible"},"content":{"rendered":"<p>\u00bfQu\u00e9 sabes realmente de Salamanca? Aparte que tiene una universidad muy famosa,.. Pues seguro que hay much\u00edsimas m\u00e1s cosas que no sabes. <strong>Vamos a repasar con esta gu\u00eda de Salamanca algunos de los lugares m\u00e1s interesantes e imprescindibles que no pueden faltar<\/strong> en un viaje a la ciudad Charra.<\/p>\n<p style=\"text-align: justify;\"><strong>Salamanca es conocida como<\/strong> <strong>\u00abla ciudad dorada\u00bb<\/strong> por el hermoso color dorado que adquieren sus edificios a la luz del atardecer. Y es que es al caer la tarde cuando pasear por Salamanca se vuelve una experiencia m\u00e1gica.\u00a0Merece la pena visitar esta ciudad declarada Patrimonio de la Humanidad. Contemplar la belleza de su Plaza Mayor, sobrecogerte en el interior de su catedral viaja, visitar la antigua universidad o <strong>sentir el bullicio estudiantil<\/strong> mientras te sientas a descansar y tomar una rica tapa.<\/p>\n<p>Hay muchos planes para hacer y\u00a0<a href=\"http:\/\/blog.goeuro.es\/10-lugares-imprescindibles-en-salamanca\/\"><strong>lugares por descubrir en Salamanca<\/strong><\/a><strong> \u00bfte vienes?<\/strong><br \/>\n&nbsp;<\/p>\n<h2>Gu\u00eda de Salamanca, mapa de una ruta tur\u00edstica<\/h2>\n<p><iframe src=\"https:\/\/www.google.com\/maps\/d\/embed?mid=zf00Kqob1hh0.k_6eJJXt00cs\" width=\"100%\" height=\"380\"><\/iframe><br \/>\n<center><a href=\"https:\/\/www.google.com\/maps\/d\/edit?mid=zf00Kqob1hh0.k_6eJJXt00cs\" title=\"Abrir mapa aparte\" target=\"_blank\"><font size=\"1\">Ver el mapa de la gu\u00eda por Salamanca en una ventana aparte<\/font><\/a><\/center><br \/>\n&nbsp;<\/p>\n<h3 style=\"text-align: justify;\">La Plaza Mayor<\/h3>\n<p style=\"text-align: justify;\">Nuestra ruta tur\u00edstica por Salamanca comienza en<strong> la plaza mayor,\u00a0centro de la vida social de la ciudad. <\/strong>Comenz\u00f3 a construirse en 1729 <strong>en\u00a0estilo barroco<\/strong>. Se tard\u00f3 en edificar m\u00e1s de 26 a\u00f1os, debido a los problemas y litigios que tuvieron con los nobles de la ciudad. Ninguno quer\u00eda que su casa fuera igual a la casa del vecino&#8230;<\/p>\n<p style=\"text-align: justify;\">La plaza tiene\u00a0forma rectangular y toda ella est\u00e1 porticada. <strong>Lo m\u00e1s caracter\u00edstico es la fachada del reloj o del Ayuntamiento. <\/strong>Est\u00e1 coronada por cuatro esculturas dedicadas a diosas cl\u00e1sicas y es el<strong>\u00a0<\/strong>lugar donde los salmantinos se citan como punto de encuentro.<br \/>\n&nbsp;<\/p>\n<p style=\"text-align: justify;\"><a data-size=\"640x428\" href=\"http:\/\/destinocastillayleon.es\/index\/wp-content\/uploads\/2015\/02\/Plaza-Mayor-de-Salamanca.jpg\"><img decoding=\"async\" class=\"aligncenter size-full wp-image-18036\" src=\"http:\/\/destinocastillayleon.es\/index\/wp-content\/uploads\/2015\/02\/Plaza-Mayor-de-Salamanca.jpg\" alt=\"gu\u00eda de Salamanca Plaza Mayor\" width=\"640\" height=\"428\" srcset=\"https:\/\/destinocastillayleon.es\/index\/wp-content\/uploads\/2015\/02\/Plaza-Mayor-de-Salamanca.jpg 640w, https:\/\/destinocastillayleon.es\/index\/wp-content\/uploads\/2015\/02\/Plaza-Mayor-de-Salamanca-300x201.jpg 300w\" sizes=\"(max-width: 640px) 100vw, 640px\" \/><\/a><\/p>\n<p>&nbsp;<\/p>\n<p style=\"text-align: justify;\">Tambi\u00e9n son\u00a0curiosos los medallones que decoran los arcos de la plaza. Representan a <strong>los reyes de la dinast\u00eda borb\u00f3nica<\/strong>\u00a0y a personajes ilustres de la ciudad.<\/p>\n<p style=\"text-align: justify;\"><a data-size=\"640x428\" href=\"http:\/\/destinocastillayleon.es\/index\/wp-content\/uploads\/2015\/02\/Medallones-de-la-plaza-de-Salamanca.jpg\"><img decoding=\"async\" class=\"aligncenter size-full wp-image-18037\" src=\"http:\/\/destinocastillayleon.es\/index\/wp-content\/uploads\/2015\/02\/Medallones-de-la-plaza-de-Salamanca.jpg\" alt=\"gu\u00eda de Salamanca Medallones de la plaza mayor\" width=\"640\" height=\"428\" srcset=\"https:\/\/destinocastillayleon.es\/index\/wp-content\/uploads\/2015\/02\/Medallones-de-la-plaza-de-Salamanca.jpg 640w, https:\/\/destinocastillayleon.es\/index\/wp-content\/uploads\/2015\/02\/Medallones-de-la-plaza-de-Salamanca-300x201.jpg 300w\" sizes=\"(max-width: 640px) 100vw, 640px\" \/><\/a><\/p>\n<p>&nbsp;<\/p>\n<h3 style=\"text-align: justify;\"><strong>La Casa de las Conchas<\/strong><\/h3>\n<p style=\"text-align: justify;\">Es <strong>uno de los palacios m\u00e1s emblem\u00e1ticos de la ciudad<\/strong>. Su fachada est\u00e1 decorada con conchas toda ella, s\u00edmbolo her\u00e1ldico de la familia Pimentel. Se colocaron <strong>tras la boda de Juana Pimentel con don Arias Maldonado<\/strong> en 1517. Era una forma de mostrar a la ciudad el ascenso social que consegu\u00eda\u00a0la familia Maldonado con ese matrimonio.<\/p>\n<p><a data-size=\"640x480\" href=\"http:\/\/destinocastillayleon.es\/index\/wp-content\/uploads\/2015\/02\/La-Casa-de-las-Conchas-en-Salamanca.jpg\"><img decoding=\"async\" class=\"aligncenter size-full wp-image-18038\" src=\"http:\/\/destinocastillayleon.es\/index\/wp-content\/uploads\/2015\/02\/La-Casa-de-las-Conchas-en-Salamanca.jpg\" alt=\"gu\u00eda de Salamanca La Casa de las Conchas\" width=\"640\" height=\"480\" srcset=\"https:\/\/destinocastillayleon.es\/index\/wp-content\/uploads\/2015\/02\/La-Casa-de-las-Conchas-en-Salamanca.jpg 640w, https:\/\/destinocastillayleon.es\/index\/wp-content\/uploads\/2015\/02\/La-Casa-de-las-Conchas-en-Salamanca-300x225.jpg 300w\" sizes=\"(max-width: 640px) 100vw, 640px\" \/><\/a><\/p>\n<p style=\"text-align: justify;\">Hoy en d\u00eda es una biblioteca p\u00fablica. Puedes acceder gratuitamente. En su interior alberga <strong>un precioso patio porticado<\/strong> con unos <strong>maravillosos arcos \u00absalmantinos\u00bb<\/strong>, un estilo de arquitectura \u00fanica en el mundo. No te vayas sin echar un vistazo al techo de madera que decora el descansillo de la escalera, \u00a0es de estilo\u00a0mud\u00e9jar.<\/p>\n<p>&nbsp;<\/p>\n<blockquote><p><strong>Horario: <\/strong>De Lunes a viernes: 9:00-21:00; S\u00e1bados, domingos y festivos \u2013 Ma\u00f1anas 10h-14h. Tardes 16h-19h. (En verano de 9:00-14:00 \u2013 16:00-19:00)<\/p><\/blockquote>\n<p>&nbsp;<\/p>\n<h3><strong>La Iglesia de\u00a0la Clerec\u00eda<\/strong><\/h3>\n<p style=\"text-align: justify;\">Justo en frente de Casa de las Conchas ver\u00e1s esta<strong> imponente iglesia edificada por la Compa\u00f1\u00eda de Jes\u00fas<\/strong>. Es de estilo barroco y en la parte superior de su fachada ver\u00e1s una gran escultura dedicada a<strong> la reina Margarita de Austria<\/strong>, esposa del rey Felipe III. En su interior se conservan varios retablos en estilo churrigueresco que son excepcionales.<\/p>\n<p style=\"text-align: justify;\"><a data-size=\"355x531\" href=\"http:\/\/destinocastillayleon.es\/index\/wp-content\/uploads\/2015\/02\/bd1ae52c3f01cef84657b637eaeb5fbd.png\"><img decoding=\"async\" class=\"aligncenter size-full wp-image-18043\" src=\"http:\/\/destinocastillayleon.es\/index\/wp-content\/uploads\/2015\/02\/bd1ae52c3f01cef84657b637eaeb5fbd.png\" alt=\"gu\u00eda de Salamanca la iglesia de la clerec\u00eda\" width=\"400\" height=\"599\" srcset=\"https:\/\/destinocastillayleon.es\/index\/wp-content\/uploads\/2015\/02\/bd1ae52c3f01cef84657b637eaeb5fbd.png 355w, https:\/\/destinocastillayleon.es\/index\/wp-content\/uploads\/2015\/02\/bd1ae52c3f01cef84657b637eaeb5fbd-200x300.png 200w, https:\/\/destinocastillayleon.es\/index\/wp-content\/uploads\/2015\/02\/bd1ae52c3f01cef84657b637eaeb5fbd-300x449.png 300w\" sizes=\"(max-width: 400px) 100vw, 400px\" \/><\/a><\/p>\n<p style=\"text-align: justify;\">Se puede subir a una de sus torres, denominadas <strong>\u00abScala Coeli\u00bb<\/strong> por que se construyeron simbolizando la escalera al cielo.<\/p>\n<p>&nbsp;<\/p>\n<h3 style=\"text-align: justify;\"><strong>La Catedral Nueva y Vieja<\/strong><\/h3>\n<p style=\"text-align: justify;\"><strong>Salamanca presume de tener dos catedrales.<\/strong> Cuando comenzaron las obras de la construcci\u00f3n de la nueva catedral en el s.XVI, dejaron la catedral antigua a un lado pensando que alg\u00fan d\u00eda la derruir\u00edan para ampliar la nueva catedral. Afortunadamente el proyecto no finaliz\u00f3 como esperaban y la catedral \u00abvieja\u00bb de estilo rom\u00e1nico se conserva tal como era. No tiene a\u00f1adidos posteriores, lo que la convierte en una de las pocas catedrales que se mantienen fieles a su origen.<\/p>\n<p>&nbsp;<\/p>\n<h4>La Catedral vieja<\/h4>\n<p style=\"text-align: justify;\">Esta dedicada a <strong>Santa Mar\u00eda de la Sede y\u00a0<\/strong>fue construida a lo largo de los siglos XII y XIII. Si\u00e9ntate en uno de los bancos cercanos al altar y contempla su retablo:<strong>hasta 53 tablas pintadas<\/strong> por el artista Italiano Daniel Delli y un imponente juicio final en la parte m\u00e1s alta. A la derecha encontrar\u00e1s <strong>varios sepulcros policromado<\/strong>s tambi\u00e9n de origen medieval. Arriba, en lo alto de las columnas que sustentan el templo, <strong>varias caras talladas en los capiteles<\/strong> te observan curiosas sin saberlo.<\/p>\n<p style=\"text-align: justify;\"><a data-size=\"531x531\" href=\"http:\/\/destinocastillayleon.es\/index\/wp-content\/uploads\/2015\/02\/detalle-retablo-Catedral-vieja-de-Salamanca.jpg\"><img decoding=\"async\" class=\"aligncenter size-full wp-image-18047\" src=\"http:\/\/destinocastillayleon.es\/index\/wp-content\/uploads\/2015\/02\/detalle-retablo-Catedral-vieja-de-Salamanca.jpg\" alt=\"detalle retablo Catedral vieja de Salamanca\" width=\"640\" height=\"640\" srcset=\"https:\/\/destinocastillayleon.es\/index\/wp-content\/uploads\/2015\/02\/detalle-retablo-Catedral-vieja-de-Salamanca.jpg 531w, https:\/\/destinocastillayleon.es\/index\/wp-content\/uploads\/2015\/02\/detalle-retablo-Catedral-vieja-de-Salamanca-150x150.jpg 150w, https:\/\/destinocastillayleon.es\/index\/wp-content\/uploads\/2015\/02\/detalle-retablo-Catedral-vieja-de-Salamanca-300x300.jpg 300w\" sizes=\"(max-width: 640px) 100vw, 640px\" \/><\/a><br \/>\n&nbsp;<\/p>\n<p style=\"text-align: justify;\">La Catedral cuenta tambi\u00e9n con un claustro y varias capillas donde <strong>los estudiantes se pasaban la noche en vela<\/strong> antes de un examen importante. Las pinturas murales en la Capilla de San Mart\u00edn est\u00e1n muy bien conservadas.<\/p>\n<p>&nbsp;<\/p>\n<h4>La Catedral Nueva<\/h4>\n<p style=\"text-align: justify;\">Est\u00e1 dedicada a la Asunci\u00f3n de Mar\u00eda. Fue construida <strong>entre los siglos XVI y XVIII<\/strong> mezclando los estilosg\u00f3tico tard\u00edo, renacentista y barroco. Sobrecoge la altura de sus columnas y la amplitud el templo. <strong>La c\u00fapula alcanza los 98 metros<\/strong> y la paloma que la decora llega a medir el metro y medio de ancho.<br \/>\n&nbsp;<\/p>\n<p style=\"text-align: justify;\"><a data-size=\"531x531\" href=\"http:\/\/destinocastillayleon.es\/index\/wp-content\/uploads\/2015\/02\/f1ce93b20de1a0b4f4e5323bed6bcaa2.jpg\"><img decoding=\"async\" class=\"aligncenter size-full wp-image-18067\" src=\"http:\/\/destinocastillayleon.es\/index\/wp-content\/uploads\/2015\/02\/f1ce93b20de1a0b4f4e5323bed6bcaa2.jpg\" alt=\"c\u00fapula catedral salamanca\" width=\"640\" height=\"640\" srcset=\"https:\/\/destinocastillayleon.es\/index\/wp-content\/uploads\/2015\/02\/f1ce93b20de1a0b4f4e5323bed6bcaa2.jpg 531w, https:\/\/destinocastillayleon.es\/index\/wp-content\/uploads\/2015\/02\/f1ce93b20de1a0b4f4e5323bed6bcaa2-150x150.jpg 150w, https:\/\/destinocastillayleon.es\/index\/wp-content\/uploads\/2015\/02\/f1ce93b20de1a0b4f4e5323bed6bcaa2-300x300.jpg 300w\" sizes=\"(max-width: 640px) 100vw, 640px\" \/><\/a><br \/>\n&nbsp;<\/p>\n<p style=\"text-align: justify;\">No te vayas de all\u00ed sin visitar una de las puertas laterales de la Catedral,<strong> ver\u00e1s un astronauta tallado<\/strong> que pertenece a la \u00faltima restauraci\u00f3n. Tambi\u00e9n puedes subir a las torres de la catedral donde tendr\u00e1s unas magn\u00edficas vistas de la ciudad.<\/p>\n<p>&nbsp;<\/p>\n<h3>Escuelas Mayores y Menores<\/h3>\n<p style=\"text-align: justify;\">A muy pocos pasos de las Torres de la Clerec\u00eda, por una calle peatonal, nos acercamos a una plaza donde se encuentran las Escualas Mayores y menores. En esta misma plaza\u00a0se encuentra <strong>la Fachada de la Universidad<\/strong> en estilo plateresco, donde todo el mundo se detiene\u00a0a identificar<strong> la famosa rana de Salamanca<\/strong>, esculpida sobre uno de los cr\u00e1neos que decoran la fachada.<\/p>\n<p style=\"text-align: justify;\"><a data-size=\"640x480\" href=\"http:\/\/destinocastillayleon.es\/index\/wp-content\/uploads\/2015\/02\/Edificio-de-Escuelas-Mayores.jpg\"><img decoding=\"async\" class=\"aligncenter size-full wp-image-18044\" src=\"http:\/\/destinocastillayleon.es\/index\/wp-content\/uploads\/2015\/02\/Edificio-de-Escuelas-Mayores.jpg\" alt=\"Edificio de Escuelas Mayores\" width=\"640\" height=\"480\" srcset=\"https:\/\/destinocastillayleon.es\/index\/wp-content\/uploads\/2015\/02\/Edificio-de-Escuelas-Mayores.jpg 640w, https:\/\/destinocastillayleon.es\/index\/wp-content\/uploads\/2015\/02\/Edificio-de-Escuelas-Mayores-300x225.jpg 300w\" sizes=\"(max-width: 640px) 100vw, 640px\" \/><\/a><\/p>\n<p style=\"text-align: justify;\">Adem\u00e1s contemplar la espectacular fachada puedes acceder a <strong>la biblioteca de la Universidad<\/strong>, una de las m\u00e1s antiguas del Mundo, ya que la Universidad de Salamanca se disputa ser la m\u00e1s antigua junto a la Universidad de Oxford. Se conservan miles de libros y curiosos globos terr\u00e1queos de la \u00e9poca.<\/p>\n<p style=\"text-align: justify;\">Justo en frente a la fachada de la Universidad, a mano izquierda, se encuentra el <strong>Patio de Escuelas Menores.<\/strong>\u00a0 Se trata de un patio porticado (tambi\u00e9n con arcos salmantinos) desde al que se acced\u00eda a las aulas de los estudiantes, hoy salas de exposiciones. El acceso es de entrada libre y merece la pena una fotograf\u00eda en su interior.<\/p>\n<p><a data-size=\"640x480\" href=\"http:\/\/destinocastillayleon.es\/index\/wp-content\/uploads\/2015\/02\/Patio-escuelas-Menores.jpg\"><img decoding=\"async\" class=\"aligncenter size-full wp-image-18045\" src=\"http:\/\/destinocastillayleon.es\/index\/wp-content\/uploads\/2015\/02\/Patio-escuelas-Menores.jpg\" alt=\"Patio escuelas Menores\" width=\"640\" height=\"480\" srcset=\"https:\/\/destinocastillayleon.es\/index\/wp-content\/uploads\/2015\/02\/Patio-escuelas-Menores.jpg 640w, https:\/\/destinocastillayleon.es\/index\/wp-content\/uploads\/2015\/02\/Patio-escuelas-Menores-300x225.jpg 300w\" sizes=\"(max-width: 640px) 100vw, 640px\" \/><\/a><br \/>\n&nbsp;<\/p>\n<p style=\"text-align: justify;\">Junto a la puerta de acceso al patio de Escuelas Menores hay otra puerta estrecha que da acceso al <strong>\u00abCielo de Salamanca\u00bb<\/strong>, uno de los tesoros de la ciudad.\u00a0Esta sala muestra\u00a0un<strong> tercio de la\u00a0obra pict\u00f3rica<\/strong> que se pudo recuperar de la biblioteca antigua de la Universidad. El resto del techo de la sala, en madera, muestra el tama\u00f1o real de la obra. Es una interpretaci\u00f3n del firmamento tal y c\u00f3mo lo ve\u00edan en el siglo XVI, con <strong>las constelaciones, los signos del zodiaco&#8230;\u00a0<\/strong><\/p>\n<p style=\"text-align: justify;\"><a data-size=\"640x428\" href=\"http:\/\/destinocastillayleon.es\/index\/wp-content\/uploads\/2015\/01\/el-cielo-de-Salamanca.jpg\"><img decoding=\"async\" class=\"aligncenter size-full wp-image-17813\" src=\"http:\/\/destinocastillayleon.es\/index\/wp-content\/uploads\/2015\/01\/el-cielo-de-Salamanca.jpg\" alt=\"el cielo de Salamanca\" width=\"640\" height=\"428\" \/><\/a><\/p>\n<p>&nbsp;<\/p>\n<h3>Convento de San Esteban<\/h3>\n<p><strong>El <\/strong><a href=\"http:\/\/www.conventosanesteban.es\/\"><strong>Convento de San Esteban<\/strong><\/a> es \u00a0es un convento dominico situado en la plaza\u00a0del Concilio de Trento.\u00a0Seg\u00fan la tradici\u00f3n, <strong>Col\u00f3n se aloj\u00f3 en este convento<\/strong> (en realidad en el anterior, destruido para construir \u00e9ste) cuando fue a Salamanca para defender ante los ge\u00f3grafos de la Universidad la posibilidad de llegar a las Indias navegando hacia Occidente.\u00a0<\/span><br \/>\n&nbsp;<br \/>\n<figure id=\"attachment_18069\" aria-describedby=\"caption-attachment-18069\" style=\"width: 368px\" class=\"wp-caption aligncenter\"><a data-size=\"368x411\" href=\"http:\/\/destinocastillayleon.es\/index\/wp-content\/uploads\/2015\/02\/Iglesia_San_Esteban_Salamanca.jpg\"><img decoding=\"async\" class=\"wp-image-18069 size-full\" title=\"Fachada convento San Esteban Salamanca Fuente: www.wikipedia.com\" src=\"http:\/\/destinocastillayleon.es\/index\/wp-content\/uploads\/2015\/02\/Iglesia_San_Esteban_Salamanca.jpg\" alt=\"gu\u00eda de salamanca Iglesia_San_Esteban_Salamanca\" width=\"368\" height=\"411\" srcset=\"https:\/\/destinocastillayleon.es\/index\/wp-content\/uploads\/2015\/02\/Iglesia_San_Esteban_Salamanca.jpg 368w, https:\/\/destinocastillayleon.es\/index\/wp-content\/uploads\/2015\/02\/Iglesia_San_Esteban_Salamanca-269x300.jpg 269w, https:\/\/destinocastillayleon.es\/index\/wp-content\/uploads\/2015\/02\/Iglesia_San_Esteban_Salamanca-300x335.jpg 300w\" sizes=\"(max-width: 368px) 100vw, 368px\" \/><\/a><figcaption id=\"caption-attachment-18069\" class=\"wp-caption-text\">Fachada convento San Esteban Salamanca Fuente: www.wikipedia.com<\/figcaption><\/figure><br \/>\n&nbsp;<\/p>\n<p style=\"text-align: justify;\">La portada de la iglesia es uno de los m\u00e1s bellos ejemplos de\u00a0plateresco,\u00a0concebida como portada-retablo formando un arco de triunfo.\u00a0En su interior hay<strong> una preciosa escalera<\/strong>. El arquitecto, <strong>Rodrigo Gil de Honta\u00f1\u00f3n utiliz\u00f3 una t\u00e9cnica nueva y revolucionaria<\/strong>, puesto que solamente se apoya en los muros, en voladizo, sin otros soportes, creando un espacio bastante di\u00e1fano que parece sostenerse milagrosamente.<\/p>\n<p>&nbsp;<br \/>\n<figure id=\"attachment_18068\" aria-describedby=\"caption-attachment-18068\" style=\"width: 640px\" class=\"wp-caption aligncenter\"><a data-size=\"599x531\" href=\"http:\/\/destinocastillayleon.es\/index\/wp-content\/uploads\/2015\/02\/Escalera_de_Soto_convento_de_san_Esteban_de_Salamanca.jpg\"><img decoding=\"async\" class=\"wp-image-18068 size-full\" src=\"http:\/\/destinocastillayleon.es\/index\/wp-content\/uploads\/2015\/02\/Escalera_de_Soto_convento_de_san_Esteban_de_Salamanca.jpg\" alt=\"Escalera_de_Soto,_convento_de_san_Esteban_de_Salamanca\" width=\"640\" height=\"567\" srcset=\"https:\/\/destinocastillayleon.es\/index\/wp-content\/uploads\/2015\/02\/Escalera_de_Soto_convento_de_san_Esteban_de_Salamanca.jpg 599w, https:\/\/destinocastillayleon.es\/index\/wp-content\/uploads\/2015\/02\/Escalera_de_Soto_convento_de_san_Esteban_de_Salamanca-300x266.jpg 300w\" sizes=\"(max-width: 640px) 100vw, 640px\" \/><\/a><figcaption id=\"caption-attachment-18068\" class=\"wp-caption-text\">Escalera del convento San Esteban Salamanca Fuente: www.wikipedia.com<\/figcaption><\/figure><br \/>\n&nbsp;<\/p>\n<h3>Otros atractivos interesantes impresindibles en una ruta tur\u00edstica por Salamanca<\/h3>\n<p>Estos puntos que hemos indicado son parte de los imprescindibles de cualquier gu\u00eda de Salamanca, pero no quiere decir que sean los \u00fanicos. Tambi\u00e9n habr\u00eda que destacar:<br \/>\n&nbsp; <strong>&#8211;<\/strong> El <strong>Palacio de Monterrey<\/strong>, residencia habitual de la Casa de Alba cuando visitan Salamanca.<br \/>\n&nbsp; <strong>&#8211;<\/strong> La <strong>casa de las calaveras<\/strong>; famosa casa con varias calaveras escupidas en su fachada y que est\u00e1 llena de misterios.<br \/>\n&nbsp; <strong>&#8211;<\/strong> Las <strong>Casas Museo de Unamuno<\/strong>; pues aunque la m\u00e1s conocida es la que se ense\u00f1a junto a la Universidad que utiliz\u00f3 como rector de la universidad, esta no es la \u00fanica, existe otra Casa &nbsp; <strong>&#8211;<\/strong> Museo como te hemos mostrado en el mapa.<br \/>\n&nbsp; <strong>&#8211;<\/strong> El <a href=\"http:\/\/destinocastillayleon.es\/index\/rincones-mas-romanticos-de-castilla-y-leon\/#huerto\" title=\"Enlace a nuestra entrada sobre rincones rom\u00e1ticos de Castilla y Le\u00f3n - Huerto de Calixto y Melibea\" target=\"_blank\">jard\u00edn <strong>Huerto de Calisto y Melibea<\/strong><\/a>, que se trata de un jard\u00edn lleno de romanticismo donde parejas se declaran amor eterno al atardecer.<br \/>\n&nbsp; <strong>&#8211;<\/strong> La <strong>Cueva de Salamanca<\/strong>, que en realidad son los restos de la cripta de la Iglesia de San Esteban original.<br \/>\n&nbsp; <strong>&#8211;<\/strong> El <strong>Torre\u00f3n del Marqu\u00e9s de Villena<\/strong>, junto a esta cueva. Se dice que en \u00e9l viv\u00eda el primer Marqu\u00e9s de Villena que fue tan listo que enga\u00f1\u00f3 al mismo diablo.<br \/>\n&nbsp; <strong>&#8211;<\/strong> Edificio <strong>Palacio de la Diputaci\u00f3n de Salamanca<\/strong>, que posee un patio precioso y visitable.<br \/>\n&nbsp; <strong>&#8211;<\/strong> El <strong>Puente Romano<\/strong>, de \u00e9poca de la fundaci\u00f3n de la civitas romana. Era parte de la ruta de la plata original.<br \/>\n&nbsp; <strong>&#8211;<\/strong> La <a href=\"http:\/\/destinocastillayleon.es\/index\/museo-casa-lis-la-joya-del-art-nouveau-deco-de-salamanca\/\" title=\"Enlace a nuestra entrada sobre la Casa Lis\" target=\"_blank\"><strong>Casa Museo Casa Lis<\/strong><\/a>; uno de los mejores ejemplos de modernismo en Castilla y Le\u00f3n, actualmente alberga una de las m\u00e1s interesantes muestras de Art Dec\u00f2 y Art Noveau de Europa.<\/p>\n<p>Y seguro que nos dejamos muchas m\u00e1s cosas,.. <strong>Ayudanos a completar esta gu\u00eda de Salamanca con tus comentarios<\/strong>.<br \/>\n&nbsp;<\/p>\n<h4>Tambi\u00e9n te puede interesar&#8230;<\/h4>\n<ul>\n<li><a href=\"http:\/\/destinocastillayleon.es\/index\/turismo-en-salamanca\/\">10 rincones ocultos para hacer turismo en Salamanca<\/a>.<\/li>\n<li><a href=\"http:\/\/destinocastillayleon.es\/index\/vuelven-las-visitas-nocturnas-a-la-torre-de-la-catedral-de-salamanca\/\">Vuelven las visitas nocturnas a la torre de la catedral de Salamanca<\/a>.<\/li>\n<li><a href=\"http:\/\/destinocastillayleon.es\/index\/museo-casa-lis-la-joya-del-art-nouveau-deco-de-salamanca\/\">Museo Casa Lis, la joya del Art Nouveau y el Art Dec\u00f3 de Salamanca<\/a>.<\/li>\n<li><a href=\"http:\/\/destinocastillayleon.es\/index\/visitando-salamanca-de-noche\/\">Safari fotogr\u00e1fico nocturo por Salamanca<\/a>.<\/li>\n<\/ul>\n","protected":false},"excerpt":{"rendered":"<p>Destino Castilla y Le\u00f3n te propone con esta gu\u00eda para viajar a Salamanca un recorrido que pasa por los imprescindibles que no puedes perderte en Salamanca<\/p>\n","protected":false},"author":14,"featured_media":18070,"comment_status":"open","ping_status":"closed","sticky":false,"template":"","format":"standard","meta":{"rop_custom_images_group":[],"rop_custom_messages_group":[],"rop_publish_now":"initial","rop_publish_now_accounts":{"twitter_1150954226_1150954226":""},"rop_publish_now_history":[],"rop_publish_now_status":"pending","footnotes":""},"categories":[68,45,384,40,4795],"tags":[769,4317,3521,533,4316,5060,369,535,564],"class_list":["post-18035","post","type-post","status-publish","format-standard","has-post-thumbnail","hentry","category-post_inicial","category-provincias","category-rutas-2","category-salamanca","category-salamanca-turismo","tag-destino-castilla-y-leon","tag-guia-de-salamanca","tag-planes-en-segovia","tag-que-ver-en-salamanca","tag-ruta-turismo-salamanca","tag-salamanca","tag-turismo-en-castilla-y-leon","tag-turismo-en-salamanca","tag-turismo-en-segovia"],"yoast_head":"<!-- This site is optimized with the Yoast SEO Premium plugin v20.4 (Yoast SEO v27.4) - https:\/\/yoast.com\/product\/yoast-seo-premium-wordpress\/ -->\n<title>Gu\u00eda de Salamanca, ruta tur\u00edstica por la ciudad del Tormes<\/title>\n<meta name=\"description\" content=\"Destino Castilla y Le\u00f3n te propone con esta gu\u00eda de Salamanca un recorrido que pasa por los imprescindibles que no puedes perderte en Salamanca.\" \/>\n<meta name=\"robots\" content=\"index, follow, max-snippet:-1, max-image-preview:large, max-video-preview:-1\" \/>\n<link rel=\"canonical\" href=\"https:\/\/destinocastillayleon.es\/index\/guia-de-salamanca\/\" \/>\n<meta property=\"og:locale\" content=\"es_ES\" \/>\n<meta property=\"og:type\" content=\"article\" \/>\n<meta property=\"og:title\" content=\"Gu\u00eda de Salamanca, ruta tur\u00edstica por la ciudad del Tormes\" \/>\n<meta property=\"og:description\" content=\"Destino Castilla y Le\u00f3n te propone con esta gu\u00eda para viajar a Salamanca un recorrido que pasa por los imprescindibles que no puedes perderte en Salamanca\" \/>\n<meta property=\"og:url\" content=\"https:\/\/destinocastillayleon.es\/index\/guia-de-salamanca\/\" \/>\n<meta property=\"og:site_name\" content=\"Destino Castilla y Le\u00f3n\" \/>\n<meta property=\"article:publisher\" content=\"https:\/\/www.facebook.com\/DestinoCastillaYLeon\/\" \/>\n<meta property=\"article:published_time\" content=\"2015-02-05T16:53:02+00:00\" \/>\n<meta property=\"article:modified_time\" content=\"2018-04-12T06:00:49+00:00\" \/>\n<meta property=\"og:image\" content=\"https:\/\/destinocastillayleon.es\/index\/wp-content\/uploads\/2015\/02\/01ef3273a653d13541c80893bb4c9180.jpg\" \/>\n\t<meta property=\"og:image:width\" content=\"834\" \/>\n\t<meta property=\"og:image:height\" content=\"531\" \/>\n\t<meta property=\"og:image:type\" content=\"image\/jpeg\" \/>\n<meta name=\"author\" content=\"Destino CyL\" \/>\n<meta name=\"twitter:card\" content=\"summary_large_image\" \/>\n<meta name=\"twitter:title\" content=\"Gu\u00eda de Salamanca, ruta tur\u00edstica por la ciudad del Tormes\" \/>\n<meta name=\"twitter:description\" content=\"Destino Castilla y Le\u00f3n te propone con esta gu\u00eda para viajar a Salamanca un recorrido que pasa por los imprescindibles que no puedes perderte en Salamanca\" \/>\n<meta name=\"twitter:creator\" content=\"@destinocyl\" \/>\n<meta name=\"twitter:site\" content=\"@destinocyl\" \/>\n<meta name=\"twitter:label1\" content=\"Escrito por\" \/>\n\t<meta name=\"twitter:data1\" content=\"Destino CyL\" \/>\n\t<meta name=\"twitter:label2\" content=\"Tiempo de lectura\" \/>\n\t<meta name=\"twitter:data2\" content=\"8 minutos\" \/>\n<script type=\"application\/ld+json\" class=\"yoast-schema-graph\">{\"@context\":\"https:\\\/\\\/schema.org\",\"@graph\":[{\"@type\":\"Article\",\"@id\":\"https:\\\/\\\/destinocastillayleon.es\\\/index\\\/guia-de-salamanca\\\/#article\",\"isPartOf\":{\"@id\":\"https:\\\/\\\/destinocastillayleon.es\\\/index\\\/guia-de-salamanca\\\/\"},\"author\":{\"name\":\"Destino CyL\",\"@id\":\"https:\\\/\\\/destinocastillayleon.es\\\/index\\\/#\\\/schema\\\/person\\\/820bc853671969462e3e479c4ef6f253\"},\"headline\":\"Gu\u00eda para viajar a Salamanca: una ruta imprescindible\",\"datePublished\":\"2015-02-05T16:53:02+00:00\",\"dateModified\":\"2018-04-12T06:00:49+00:00\",\"mainEntityOfPage\":{\"@id\":\"https:\\\/\\\/destinocastillayleon.es\\\/index\\\/guia-de-salamanca\\\/\"},\"wordCount\":1706,\"commentCount\":0,\"image\":{\"@id\":\"https:\\\/\\\/destinocastillayleon.es\\\/index\\\/guia-de-salamanca\\\/#primaryimage\"},\"thumbnailUrl\":\"https:\\\/\\\/destinocastillayleon.es\\\/index\\\/wp-content\\\/uploads\\\/2015\\\/02\\\/01ef3273a653d13541c80893bb4c9180.jpg\",\"keywords\":[\"Destino Castilla y Le\u00f3n\",\"guia de Salamanca\",\"planes en segovia\",\"Que ver en Salamanca\",\"ruta turismo Salamanca\",\"Salamanca\",\"turismo en Castilla y Le\u00f3n\",\"Turismo en Salamanca\",\"turismo en Segovia\"],\"articleSection\":[\"Post_inicial\",\"Provincias\",\"Rutas\",\"Salamanca\",\"Salamanca Turismo\"],\"inLanguage\":\"es\",\"potentialAction\":[{\"@type\":\"CommentAction\",\"name\":\"Comment\",\"target\":[\"https:\\\/\\\/destinocastillayleon.es\\\/index\\\/guia-de-salamanca\\\/#respond\"]}]},{\"@type\":\"WebPage\",\"@id\":\"https:\\\/\\\/destinocastillayleon.es\\\/index\\\/guia-de-salamanca\\\/\",\"url\":\"https:\\\/\\\/destinocastillayleon.es\\\/index\\\/guia-de-salamanca\\\/\",\"name\":\"Gu\u00eda de Salamanca, ruta tur\u00edstica por la ciudad del Tormes\",\"isPartOf\":{\"@id\":\"https:\\\/\\\/destinocastillayleon.es\\\/index\\\/#website\"},\"primaryImageOfPage\":{\"@id\":\"https:\\\/\\\/destinocastillayleon.es\\\/index\\\/guia-de-salamanca\\\/#primaryimage\"},\"image\":{\"@id\":\"https:\\\/\\\/destinocastillayleon.es\\\/index\\\/guia-de-salamanca\\\/#primaryimage\"},\"thumbnailUrl\":\"https:\\\/\\\/destinocastillayleon.es\\\/index\\\/wp-content\\\/uploads\\\/2015\\\/02\\\/01ef3273a653d13541c80893bb4c9180.jpg\",\"datePublished\":\"2015-02-05T16:53:02+00:00\",\"dateModified\":\"2018-04-12T06:00:49+00:00\",\"author\":{\"@id\":\"https:\\\/\\\/destinocastillayleon.es\\\/index\\\/#\\\/schema\\\/person\\\/820bc853671969462e3e479c4ef6f253\"},\"description\":\"Destino Castilla y Le\u00f3n te propone con esta gu\u00eda de Salamanca un recorrido que pasa por los imprescindibles que no puedes perderte en Salamanca.\",\"breadcrumb\":{\"@id\":\"https:\\\/\\\/destinocastillayleon.es\\\/index\\\/guia-de-salamanca\\\/#breadcrumb\"},\"inLanguage\":\"es\",\"potentialAction\":[{\"@type\":\"ReadAction\",\"target\":[\"https:\\\/\\\/destinocastillayleon.es\\\/index\\\/guia-de-salamanca\\\/\"]}]},{\"@type\":\"ImageObject\",\"inLanguage\":\"es\",\"@id\":\"https:\\\/\\\/destinocastillayleon.es\\\/index\\\/guia-de-salamanca\\\/#primaryimage\",\"url\":\"https:\\\/\\\/destinocastillayleon.es\\\/index\\\/wp-content\\\/uploads\\\/2015\\\/02\\\/01ef3273a653d13541c80893bb4c9180.jpg\",\"contentUrl\":\"https:\\\/\\\/destinocastillayleon.es\\\/index\\\/wp-content\\\/uploads\\\/2015\\\/02\\\/01ef3273a653d13541c80893bb4c9180.jpg\",\"width\":834,\"height\":531},{\"@type\":\"BreadcrumbList\",\"@id\":\"https:\\\/\\\/destinocastillayleon.es\\\/index\\\/guia-de-salamanca\\\/#breadcrumb\",\"itemListElement\":[{\"@type\":\"ListItem\",\"position\":1,\"name\":\"Portada\",\"item\":\"https:\\\/\\\/destinocastillayleon.es\\\/index\\\/\"},{\"@type\":\"ListItem\",\"position\":2,\"name\":\"Gu\u00eda para viajar a Salamanca: una ruta imprescindible\"}]},{\"@type\":\"WebSite\",\"@id\":\"https:\\\/\\\/destinocastillayleon.es\\\/index\\\/#website\",\"url\":\"https:\\\/\\\/destinocastillayleon.es\\\/index\\\/\",\"name\":\"Destino Castilla y Le\u00f3n\",\"description\":\"Medio digital independiente y revista de Castilla y Le\u00f3n dedicado al turismo, gastronom\u00eda y vino de Castilla y Le\u00f3n\",\"potentialAction\":[{\"@type\":\"SearchAction\",\"target\":{\"@type\":\"EntryPoint\",\"urlTemplate\":\"https:\\\/\\\/destinocastillayleon.es\\\/index\\\/?s={search_term_string}\"},\"query-input\":{\"@type\":\"PropertyValueSpecification\",\"valueRequired\":true,\"valueName\":\"search_term_string\"}}],\"inLanguage\":\"es\"},{\"@type\":\"Person\",\"@id\":\"https:\\\/\\\/destinocastillayleon.es\\\/index\\\/#\\\/schema\\\/person\\\/820bc853671969462e3e479c4ef6f253\",\"name\":\"Destino CyL\",\"image\":{\"@type\":\"ImageObject\",\"inLanguage\":\"es\",\"@id\":\"https:\\\/\\\/secure.gravatar.com\\\/avatar\\\/3ab58882c96a1f667e4b7004a344de8a7e22e7396dda91bd580baf77b48c2711?s=96&d=mm&r=g\",\"url\":\"https:\\\/\\\/secure.gravatar.com\\\/avatar\\\/3ab58882c96a1f667e4b7004a344de8a7e22e7396dda91bd580baf77b48c2711?s=96&d=mm&r=g\",\"contentUrl\":\"https:\\\/\\\/secure.gravatar.com\\\/avatar\\\/3ab58882c96a1f667e4b7004a344de8a7e22e7396dda91bd580baf77b48c2711?s=96&d=mm&r=g\",\"caption\":\"Destino CyL\"},\"description\":\"Equipo de redacci\u00f3n de Destino Castilla y Le\u00f3n\",\"sameAs\":[\"http:\\\/\\\/www.destinocastillayleon.es\"],\"url\":\"https:\\\/\\\/destinocastillayleon.es\\\/index\\\/author\\\/administrador\\\/\"}]}<\/script>\n<!-- \/ Yoast SEO Premium plugin. -->","yoast_head_json":{"title":"Gu\u00eda de Salamanca, ruta tur\u00edstica por la ciudad del Tormes","description":"Destino Castilla y Le\u00f3n te propone con esta gu\u00eda de Salamanca un recorrido que pasa por los imprescindibles que no puedes perderte en Salamanca.","robots":{"index":"index","follow":"follow","max-snippet":"max-snippet:-1","max-image-preview":"max-image-preview:large","max-video-preview":"max-video-preview:-1"},"canonical":"https:\/\/destinocastillayleon.es\/index\/guia-de-salamanca\/","og_locale":"es_ES","og_type":"article","og_title":"Gu\u00eda de Salamanca, ruta tur\u00edstica por la ciudad del Tormes","og_description":"Destino Castilla y Le\u00f3n te propone con esta gu\u00eda para viajar a Salamanca un recorrido que pasa por los imprescindibles que no puedes perderte en Salamanca","og_url":"https:\/\/destinocastillayleon.es\/index\/guia-de-salamanca\/","og_site_name":"Destino Castilla y Le\u00f3n","article_publisher":"https:\/\/www.facebook.com\/DestinoCastillaYLeon\/","article_published_time":"2015-02-05T16:53:02+00:00","article_modified_time":"2018-04-12T06:00:49+00:00","og_image":[{"width":834,"height":531,"url":"https:\/\/destinocastillayleon.es\/index\/wp-content\/uploads\/2015\/02\/01ef3273a653d13541c80893bb4c9180.jpg","type":"image\/jpeg"}],"author":"Destino CyL","twitter_card":"summary_large_image","twitter_title":"Gu\u00eda de Salamanca, ruta tur\u00edstica por la ciudad del Tormes","twitter_description":"Destino Castilla y Le\u00f3n te propone con esta gu\u00eda para viajar a Salamanca un recorrido que pasa por los imprescindibles que no puedes perderte en Salamanca","twitter_creator":"@destinocyl","twitter_site":"@destinocyl","twitter_misc":{"Escrito por":"Destino CyL","Tiempo de lectura":"8 minutos"},"schema":{"@context":"https:\/\/schema.org","@graph":[{"@type":"Article","@id":"https:\/\/destinocastillayleon.es\/index\/guia-de-salamanca\/#article","isPartOf":{"@id":"https:\/\/destinocastillayleon.es\/index\/guia-de-salamanca\/"},"author":{"name":"Destino CyL","@id":"https:\/\/destinocastillayleon.es\/index\/#\/schema\/person\/820bc853671969462e3e479c4ef6f253"},"headline":"Gu\u00eda para viajar a Salamanca: una ruta imprescindible","datePublished":"2015-02-05T16:53:02+00:00","dateModified":"2018-04-12T06:00:49+00:00","mainEntityOfPage":{"@id":"https:\/\/destinocastillayleon.es\/index\/guia-de-salamanca\/"},"wordCount":1706,"commentCount":0,"image":{"@id":"https:\/\/destinocastillayleon.es\/index\/guia-de-salamanca\/#primaryimage"},"thumbnailUrl":"https:\/\/destinocastillayleon.es\/index\/wp-content\/uploads\/2015\/02\/01ef3273a653d13541c80893bb4c9180.jpg","keywords":["Destino Castilla y Le\u00f3n","guia de Salamanca","planes en segovia","Que ver en Salamanca","ruta turismo Salamanca","Salamanca","turismo en Castilla y Le\u00f3n","Turismo en Salamanca","turismo en Segovia"],"articleSection":["Post_inicial","Provincias","Rutas","Salamanca","Salamanca Turismo"],"inLanguage":"es","potentialAction":[{"@type":"CommentAction","name":"Comment","target":["https:\/\/destinocastillayleon.es\/index\/guia-de-salamanca\/#respond"]}]},{"@type":"WebPage","@id":"https:\/\/destinocastillayleon.es\/index\/guia-de-salamanca\/","url":"https:\/\/destinocastillayleon.es\/index\/guia-de-salamanca\/","name":"Gu\u00eda de Salamanca, ruta tur\u00edstica por la ciudad del Tormes","isPartOf":{"@id":"https:\/\/destinocastillayleon.es\/index\/#website"},"primaryImageOfPage":{"@id":"https:\/\/destinocastillayleon.es\/index\/guia-de-salamanca\/#primaryimage"},"image":{"@id":"https:\/\/destinocastillayleon.es\/index\/guia-de-salamanca\/#primaryimage"},"thumbnailUrl":"https:\/\/destinocastillayleon.es\/index\/wp-content\/uploads\/2015\/02\/01ef3273a653d13541c80893bb4c9180.jpg","datePublished":"2015-02-05T16:53:02+00:00","dateModified":"2018-04-12T06:00:49+00:00","author":{"@id":"https:\/\/destinocastillayleon.es\/index\/#\/schema\/person\/820bc853671969462e3e479c4ef6f253"},"description":"Destino Castilla y Le\u00f3n te propone con esta gu\u00eda de Salamanca un recorrido que pasa por los imprescindibles que no puedes perderte en Salamanca.","breadcrumb":{"@id":"https:\/\/destinocastillayleon.es\/index\/guia-de-salamanca\/#breadcrumb"},"inLanguage":"es","potentialAction":[{"@type":"ReadAction","target":["https:\/\/destinocastillayleon.es\/index\/guia-de-salamanca\/"]}]},{"@type":"ImageObject","inLanguage":"es","@id":"https:\/\/destinocastillayleon.es\/index\/guia-de-salamanca\/#primaryimage","url":"https:\/\/destinocastillayleon.es\/index\/wp-content\/uploads\/2015\/02\/01ef3273a653d13541c80893bb4c9180.jpg","contentUrl":"https:\/\/destinocastillayleon.es\/index\/wp-content\/uploads\/2015\/02\/01ef3273a653d13541c80893bb4c9180.jpg","width":834,"height":531},{"@type":"BreadcrumbList","@id":"https:\/\/destinocastillayleon.es\/index\/guia-de-salamanca\/#breadcrumb","itemListElement":[{"@type":"ListItem","position":1,"name":"Portada","item":"https:\/\/destinocastillayleon.es\/index\/"},{"@type":"ListItem","position":2,"name":"Gu\u00eda para viajar a Salamanca: una ruta imprescindible"}]},{"@type":"WebSite","@id":"https:\/\/destinocastillayleon.es\/index\/#website","url":"https:\/\/destinocastillayleon.es\/index\/","name":"Destino Castilla y Le\u00f3n","description":"Medio digital independiente y revista de Castilla y Le\u00f3n dedicado al turismo, gastronom\u00eda y vino de Castilla y Le\u00f3n","potentialAction":[{"@type":"SearchAction","target":{"@type":"EntryPoint","urlTemplate":"https:\/\/destinocastillayleon.es\/index\/?s={search_term_string}"},"query-input":{"@type":"PropertyValueSpecification","valueRequired":true,"valueName":"search_term_string"}}],"inLanguage":"es"},{"@type":"Person","@id":"https:\/\/destinocastillayleon.es\/index\/#\/schema\/person\/820bc853671969462e3e479c4ef6f253","name":"Destino CyL","image":{"@type":"ImageObject","inLanguage":"es","@id":"https:\/\/secure.gravatar.com\/avatar\/3ab58882c96a1f667e4b7004a344de8a7e22e7396dda91bd580baf77b48c2711?s=96&d=mm&r=g","url":"https:\/\/secure.gravatar.com\/avatar\/3ab58882c96a1f667e4b7004a344de8a7e22e7396dda91bd580baf77b48c2711?s=96&d=mm&r=g","contentUrl":"https:\/\/secure.gravatar.com\/avatar\/3ab58882c96a1f667e4b7004a344de8a7e22e7396dda91bd580baf77b48c2711?s=96&d=mm&r=g","caption":"Destino CyL"},"description":"Equipo de redacci\u00f3n de Destino Castilla y Le\u00f3n","sameAs":["http:\/\/www.destinocastillayleon.es"],"url":"https:\/\/destinocastillayleon.es\/index\/author\/administrador\/"}]}},"_links":{"self":[{"href":"https:\/\/destinocastillayleon.es\/index\/wp-json\/wp\/v2\/posts\/18035","targetHints":{"allow":["GET"]}}],"collection":[{"href":"https:\/\/destinocastillayleon.es\/index\/wp-json\/wp\/v2\/posts"}],"about":[{"href":"https:\/\/destinocastillayleon.es\/index\/wp-json\/wp\/v2\/types\/post"}],"author":[{"embeddable":true,"href":"https:\/\/destinocastillayleon.es\/index\/wp-json\/wp\/v2\/users\/14"}],"replies":[{"embeddable":true,"href":"https:\/\/destinocastillayleon.es\/index\/wp-json\/wp\/v2\/comments?post=18035"}],"version-history":[{"count":10,"href":"https:\/\/destinocastillayleon.es\/index\/wp-json\/wp\/v2\/posts\/18035\/revisions"}],"predecessor-version":[{"id":27888,"href":"https:\/\/destinocastillayleon.es\/index\/wp-json\/wp\/v2\/posts\/18035\/revisions\/27888"}],"wp:featuredmedia":[{"embeddable":true,"href":"https:\/\/destinocastillayleon.es\/index\/wp-json\/wp\/v2\/media\/18070"}],"wp:attachment":[{"href":"https:\/\/destinocastillayleon.es\/index\/wp-json\/wp\/v2\/media?parent=18035"}],"wp:term":[{"taxonomy":"category","embeddable":true,"href":"https:\/\/destinocastillayleon.es\/index\/wp-json\/wp\/v2\/categories?post=18035"},{"taxonomy":"post_tag","embeddable":true,"href":"https:\/\/destinocastillayleon.es\/index\/wp-json\/wp\/v2\/tags?post=18035"}],"curies":[{"name":"wp","href":"https:\/\/api.w.org\/{rel}","templated":true}]}}