{"id":1710,"date":"2025-07-31T14:22:30","date_gmt":"2025-07-31T12:22:30","guid":{"rendered":"http:\/\/destinocastillayleon.es\/index\/?p=1710"},"modified":"2025-07-31T14:51:44","modified_gmt":"2025-07-31T12:51:44","slug":"historia-de-el-burgo-de-osma","status":"publish","type":"post","link":"https:\/\/destinocastillayleon.es\/index\/historia-de-el-burgo-de-osma\/","title":{"rendered":"Historia de El Burgo de Osma"},"content":{"rendered":"<p>Hablando de nuestro viaje a la provincia de <a title=\"Enlace a nuestra visita a Soria\" href=\"http:\/\/destinocastillayleon.es\/index\/pasar-fin-de-semana-en-soria-ii\/\" target=\"_blank\" rel=\"noopener\">Soria<\/a>, no pod\u00edamos dejarnos <strong>El Burgo de Osma<\/span><\/strong>. Una poblaci\u00f3n que naci\u00f3 como un arrabal y que creci\u00f3 al tiempo que se constru\u00eda su catedral, una de las catedrales m\u00e1s hermosas de Espa\u00f1a. El Burgo de Osma llegar\u00eda a ser una ciudad importante, sobre todo en el <strong>siglo XVI<\/strong>.<\/p>\n<p>En esta entrada vamos a desarrollar la <strong>historia de la poblaci\u00f3n<\/strong><\/span>. Aunque muy relacionado, lo hemos separado de esta, hemos dedicado una entrada a <a href=\"http:\/\/destinocastillayleon.es\/index\/visitar-el-burgo-de-osma\/\" title=\"Enlace a nuestra entrada sobre qu\u00e9 visitar en El Burgo de Osma\">qu\u00e9 visitar<\/a> en El Burgo de Osma. (<a href=\"http:\/\/destinocastillayleon.es\/index\/visitar-el-burgo-de-osma\/\" title=\"Enlace a nuestra entrada sobre qu\u00e9 visitar en El Burgo de Osma\"><strong>pincha aqu\u00ed<\/strong><\/a>).<br \/>\n&nbsp; <\/p>\n<h3><strong>Primeros asentamientos en la zona de El Burgo de Osma<\/strong><\/h3>\n<p>Ya desde antiguo, hubo en el entorno una poblaci\u00f3n estable. Seg\u00fan hallazgos encontrados, se tiene constancia de restos <a title=\"Link a Wikipedia sobre pueblos Prerromanos\" href=\"http:\/\/es.wikipedia.org\/wiki\/Pueblos_prerromanos\" target=\"_blank\" rel=\"noopener\">prerromanos<\/a>. Seguramente <a title=\"Link a Wikipedia sobre Arevaccos\" href=\"http:\/\/es.wikipedia.org\/wiki\/Arevacos\" target=\"_blank\" rel=\"noopener\">ar\u00e9vaccos<\/a>, que eran los habitantes de la zona.<\/p>\n<figure id=\"attachment_36384\" aria-describedby=\"caption-attachment-36384\" style=\"width: 640px\" class=\"wp-caption aligncenter\"><img decoding=\"async\" src=\"https:\/\/destinocastillayleon.es\/index\/wp-content\/uploads\/2023\/02\/Yacimiento-arqueologico-de-Uxama-Imagen-de-Soria-esta-de-Moda.jpg\" alt=\"Yacimiento arqueol\u00f3gico de Uxama - Imagen de Soria est\u00e1 de Moda\" width=\"640\" height=\"359\" class=\"size-full wp-image-36384\" srcset=\"https:\/\/destinocastillayleon.es\/index\/wp-content\/uploads\/2023\/02\/Yacimiento-arqueologico-de-Uxama-Imagen-de-Soria-esta-de-Moda.jpg 640w, https:\/\/destinocastillayleon.es\/index\/wp-content\/uploads\/2023\/02\/Yacimiento-arqueologico-de-Uxama-Imagen-de-Soria-esta-de-Moda-300x168.jpg 300w\" sizes=\"(max-width: 640px) 100vw, 640px\" \/><figcaption id=\"caption-attachment-36384\" class=\"wp-caption-text\">Yacimiento arqueol\u00f3gico de Uxama &#8211; Imagen de Soria est\u00e1 de Moda<\/figcaption><\/figure>\n<h3><strong>Oxoma en el mundo romano<\/strong><\/h3>\n<p>Durante la conquista romana de <a title=\"Link a Wikipedia sobre Hispania romana\" href=\"http:\/\/es.wikipedia.org\/wiki\/Hispania\" target=\"_blank\" rel=\"noopener\">Hispania<\/a>, esta poblaci\u00f3n fue absorbida y floreci\u00f3 como ciudad rural. El asentamiento se corresponder\u00eda al actual <a title=\"Link a Wikipedia sobre Osma\" href=\"http:\/\/es.wikipedia.org\/wiki\/Ciudad_de_Osma\" target=\"_blank\" rel=\"noopener\">Osma<\/a>. Igualmente continu\u00f3 su existencia bajo dominio visigodo, si bien el nombre en el lat\u00edn vulgar de la \u00e9poca mut\u00f3 y se pasar\u00eda a denominar <a title=\"Link a Wikipedia sobre Uxama\" href=\"http:\/\/es.wikipedia.org\/wiki\/Uxama_Argaela\" target=\"_blank\" rel=\"noopener\"><strong>Oxoma<\/strong><\/a> u <a title=\"Link a Wikipedia sobre Uxama\" href=\"http:\/\/es.wikipedia.org\/wiki\/Uxama_Argaela\" target=\"_blank\" rel=\"noopener\"><strong>Osoma<\/strong><\/a>. Los visigodos dieron una mayor importancia a la ciudad, pasando a ser sede episcopal.<br \/>\n&nbsp; <\/p>\n<h3><strong>La conquista \u00e1rabe de la hispania romanovisig\u00f3tica<\/strong><\/h3>\n<p>La <strong>conquista \u00e1rabe<\/strong><\/span> no supuso un gran trauma, pero los musulmanes construyeron sobre la atalaya una fortaleza para poder controlar la ciudad que a\u00fan perdura en el cerro de Uxama. Sobre la poblaci\u00f3n tan solo cambiaron el nombre a Waxsima.<\/p>\n<p>La poblaci\u00f3n de Osma no tuvo mucho tiempo para adaptarse al dominio \u00e1rabe, pues fue reconquistada a finales del siglo IX. Como les ocurrir\u00eda a las ciudades vecinas de <a title=\"Link a nuestro entrada sobre Gormaz\" href=\"http:\/\/destinocastillayleon.es\/index\/gormaz\/\" target=\"_blank\" rel=\"noopener\"><strong>Gormaz<\/strong><\/a> y <strong>San Esteban de Gormaz<\/strong>, durante muchos a\u00f1os fueron tierra de frontera. <a title=\"Link a nuestra entrada sobre la historia de Catala\u00f1azor y la derrota de AlManzor\" href=\"http:\/\/destinocastillayleon.es\/index\/historia-de-catalanazor\/\" target=\"_blank\" rel=\"noopener\">La derrota de AlManzor<\/a> <strong>a principios del siglo X supuso que finalmente se alejara el peligro de las razias<\/strong> de saqueo.<\/p>\n<figure id=\"attachment_36380\" aria-describedby=\"caption-attachment-36380\" style=\"width: 640px\" class=\"wp-caption aligncenter\"><img decoding=\"async\" src=\"https:\/\/destinocastillayleon.es\/index\/wp-content\/uploads\/2023\/02\/Fortaleza-y-Atalayas-defensivas-Destino-Castilla-y-Leon.jpg\" alt=\"Fortaleza y Atalayas defensivas de Osma - Destino Castilla y Le\u00f3n\" width=\"640\" height=\"360\" class=\"size-full wp-image-36380\" srcset=\"https:\/\/destinocastillayleon.es\/index\/wp-content\/uploads\/2023\/02\/Fortaleza-y-Atalayas-defensivas-Destino-Castilla-y-Leon.jpg 640w, https:\/\/destinocastillayleon.es\/index\/wp-content\/uploads\/2023\/02\/Fortaleza-y-Atalayas-defensivas-Destino-Castilla-y-Leon-300x169.jpg 300w\" sizes=\"(max-width: 640px) 100vw, 640px\" \/><figcaption id=\"caption-attachment-36380\" class=\"wp-caption-text\">Fortaleza y Atalayas defensivas de Osma &#8211; Destino Castilla y Le\u00f3n<\/figcaption><\/figure>\n<h3><strong>El resurgir de la Osma Cristiana<\/strong><\/h3>\n<p><img decoding=\"async\" title=\"Estatua de San Pedro de Osma\" alt=\"San Pedro de Osma\" src=\"http:\/\/destinocastillayleon.es\/index\/wp-content\/uploads\/2013\/04\/San-Pedro-de-Osma.jpg\" width=\"200\" align=\"right\" \/> Debido a esta estabilidad, se decidi\u00f3 <strong>reponer la sede episcopal que hab\u00eda tenido en el pasado<\/strong>. Esta decisi\u00f3n cambiar\u00eda la historia de la ciudad, su urbanismo y su morfolog\u00eda.<\/p>\n<h4><strong>El Burgo de Osma, de arrabal a poblaci\u00f3n principal<\/strong><\/h4>\n<p>El <a title=\"Link a Wikipedia al Obispo de Osma\" href=\"http:\/\/es.wikipedia.org\/wiki\/Obispo_de_Osma\" target=\"_blank\" rel=\"noopener\">primer obispo de Osma<\/a> de la restaurada di\u00f3cesis, <a title=\"Link a la historia de San Pedro de Osma\" href=\"http:\/\/www.islabahia.com\/aprodebur\/Arevacos\/00num\/00san_pedro_de_osma.htm\" target=\"_blank\" rel=\"noopener\">Pedro de Bourgues<\/a> pertenec\u00eda a la orden de los Benedictinos lleg\u00f3 a la poblaci\u00f3n, y decidi\u00f3 alojarse extramuros a la ciudad. Esto era debido a que en el arrabal de la ciudad, se conservaba una iglesia-monasterio benedictino de \u00e9poca visig\u00f3tica dedicada a San Miguel. Pedro, ya conocido como Pedro de Osma, decidi\u00f3 construir sobre los restos de esta construcci\u00f3n una catedral para que fuese su sede episcopal.<\/p>\n<figure id=\"attachment_36376\" aria-describedby=\"caption-attachment-36376\" style=\"width: 640px\" class=\"wp-caption aligncenter\"><img decoding=\"async\" src=\"https:\/\/destinocastillayleon.es\/index\/wp-content\/uploads\/2023\/02\/Conjunto-catedralicio-de-El-Burgo-de-Osma-Destino-Castilla-y-Leon.jpg\" alt=\"Conjunto catedralicio de El Burgo de Osma - Destino Castilla y Le\u00f3n\" width=\"640\" height=\"360\" class=\"size-full wp-image-36376\" srcset=\"https:\/\/destinocastillayleon.es\/index\/wp-content\/uploads\/2023\/02\/Conjunto-catedralicio-de-El-Burgo-de-Osma-Destino-Castilla-y-Leon.jpg 640w, https:\/\/destinocastillayleon.es\/index\/wp-content\/uploads\/2023\/02\/Conjunto-catedralicio-de-El-Burgo-de-Osma-Destino-Castilla-y-Leon-300x169.jpg 300w\" sizes=\"(max-width: 640px) 100vw, 640px\" \/><figcaption id=\"caption-attachment-36376\" class=\"wp-caption-text\">Conjunto catedralicio de El Burgo de Osma &#8211; Destino Castilla y Le\u00f3n<\/figcaption><\/figure>\n<h4><strong>La Catedral de El Burgo de Osma<\/strong><\/h4>\n<p>Esta catedral <\/span>se edific\u00f3 en estilo rom\u00e1nico, utilizando las construcciones existentes. Para la construcci\u00f3n de esta catedral fue necesario traer canteros, alba\u00f1iles y artesanos que se establecieran en su entorno de forma que se pudiera construir la catedral en un tiempo razonable. Este asentamiento temporal fue atrayendo a comerciantes, agricultores, peregrinos,.. de forma que el improvisado campamento fue ganando en poblaci\u00f3n estable.<\/p>\n<figure id=\"attachment_36375\" aria-describedby=\"caption-attachment-36375\" style=\"width: 640px\" class=\"wp-caption aligncenter\"><img decoding=\"async\" src=\"https:\/\/destinocastillayleon.es\/index\/wp-content\/uploads\/2023\/02\/Capilla-mayor-de-la-Catedral-de-El-Burgo-de-Osma-Destino-Castilla-y-Leon.jpg\" alt=\"Capilla mayor de la Catedral de El Burgo de Osma - Destino Castilla y Le\u00f3n\" width=\"640\" height=\"360\" class=\"size-full wp-image-36375\" srcset=\"https:\/\/destinocastillayleon.es\/index\/wp-content\/uploads\/2023\/02\/Capilla-mayor-de-la-Catedral-de-El-Burgo-de-Osma-Destino-Castilla-y-Leon.jpg 640w, https:\/\/destinocastillayleon.es\/index\/wp-content\/uploads\/2023\/02\/Capilla-mayor-de-la-Catedral-de-El-Burgo-de-Osma-Destino-Castilla-y-Leon-300x169.jpg 300w\" sizes=\"(max-width: 640px) 100vw, 640px\" \/><figcaption id=\"caption-attachment-36375\" class=\"wp-caption-text\">Capilla mayor de la Catedral de El Burgo de Osma &#8211; Destino Castilla y Le\u00f3n<\/figcaption><\/figure>\n<p>Este hecho hizo que al poco tiempo, este n\u00facleo de poblaci\u00f3n burguesa obtuviera entidad jur\u00eddica propia. Con el tiempo, incluso el Burgo de Osma terminar\u00eda eclipsando completamente a Osma.<\/p>\n<p>La <a title=\"Link a Wikipedia a la Catedral de el Burgo de Osma\" href=\"http:\/\/es.wikipedia.org\/wiki\/Catedral_de_la_Asunci%C3%B3n_de_El_Burgo_de_Osma\" target=\"_blank\" rel=\"noopener\">catedral<\/a> dise\u00f1ada inicialmente en <strong><a title=\"Link a Wikipedia sobre el estilo rom\u00e1nico\" href=\"http:\/\/es.wikipedia.org\/wiki\/Arquitectura_rom%C3%A1nica\" target=\"_blank\" rel=\"noopener\">estilo rom\u00e1nico<\/a><\/strong><\/span>, se vio pronto desbordada y qued\u00e1ndose peque\u00f1a y est\u00e9ticamente anticuada. Los nuevos estilos europeos entraban por los pirineos y alcanzaban todos los rincones de Espa\u00f1a. Debido a esto, el obispo Juan Dom\u00ednguez en la d\u00e9cada de 1330 decidi\u00f3 demoler la catedral rom\u00e1nica y construir <strong><a title=\"Link a Wikipedia sobre el estilo g\u00f3tico\" href=\"http:\/\/es.wikipedia.org\/wiki\/Arquitectura_g%C3%B3tica\" target=\"_blank\" rel=\"noopener\">la catedral g\u00f3tica<\/a><\/strong> <\/span>que podemos hoy observar.<\/p>\n<figure id=\"attachment_36365\" aria-describedby=\"caption-attachment-36365\" style=\"width: 640px\" class=\"wp-caption aligncenter\"><img decoding=\"async\" src=\"https:\/\/destinocastillayleon.es\/index\/wp-content\/uploads\/2023\/02\/Pinaculos-de-la-Catedral-de-El-Burgo-de-Osma-Destino-Castilla-y-Leon.jpg\" alt=\"Pin\u00e1culos de la Catedral\" title=\"Pin\u00e1culos de la Catedral de El Burgo de Osma - Destino Castilla y Le\u00f3n\" width=\"640\" height=\"360\" class=\"size-full wp-image-36365\" srcset=\"https:\/\/destinocastillayleon.es\/index\/wp-content\/uploads\/2023\/02\/Pinaculos-de-la-Catedral-de-El-Burgo-de-Osma-Destino-Castilla-y-Leon.jpg 640w, https:\/\/destinocastillayleon.es\/index\/wp-content\/uploads\/2023\/02\/Pinaculos-de-la-Catedral-de-El-Burgo-de-Osma-Destino-Castilla-y-Leon-300x169.jpg 300w\" sizes=\"(max-width: 640px) 100vw, 640px\" \/><figcaption id=\"caption-attachment-36365\" class=\"wp-caption-text\">Pin\u00e1culos g\u00f3ticos de la Catedral de El Burgo de Osma &#8211; Destino Castilla y Le\u00f3n<\/figcaption><\/figure>\n<p>Otro obispo, Pedro de Montoya, mand\u00f3 amurallar la ciudad, as\u00ed como la reconstrucci\u00f3n de la fortaleza en el cerro.<\/p>\n<p>La catedral es por tanto el alma de El Burgo de Osma, dando a la poblaci\u00f3n una argamasa que la mantiene unida. El dominio de los obispos fue total desde el siglo XIV al XIX con la <a title=\"Link a Wikipedia sobre la Desamortizaci\u00f3n de Mendizabal\" href=\"http:\/\/es.wikipedia.org\/wiki\/Desamortizaci%C3%B3n_de_Mendiz%C3%A1bal#Mendiz.C3.A1bal\" target=\"_blank\" rel=\"noopener\">desamortizaci\u00f3n de Mendizabal<\/a>, y en ese tiempo, muchos de ellos se desvelaron por dar brillantez a la ciudad.<\/p>\n<p>Durante el <a title=\"Link a Wikipedia sobre el Renaciemiento en Castilla\" href=\"http:\/\/es.wikipedia.org\/wiki\/Renacimiento_espa%C3%B1ol\" target=\"_blank\" rel=\"noopener\">renacimiento castellano<\/a>, se concedi\u00f3 permiso para la instauraci\u00f3n de una universidad, <a title=\"Link a Wikipedia sobre la Universidad desaparecida de Santa Catalina\" href=\"http:\/\/es.wikipedia.org\/wiki\/Universidad_de_Santa_Catalina\" target=\"_blank\" rel=\"noopener\">la Universidad de Santa Catalina<\/a>, actualmente dada de baja, pero cuyo edificio podemos a\u00fan disfrutar. Igualmente importante fue su hospital de peregrinos que acog\u00eda a las gentes que ven\u00edan desde Levante en peregrinaci\u00f3n a Santiago de Compostela.<\/p>\n<figure id=\"attachment_36370\" aria-describedby=\"caption-attachment-36370\" style=\"width: 640px\" class=\"wp-caption aligncenter\"><img decoding=\"async\" src=\"https:\/\/destinocastillayleon.es\/index\/wp-content\/uploads\/2023\/02\/Torre-campanario-de-la-Catedral-de-El-Burgo-de-Osma-Destino-Castilla-y-Leon.jpg\" alt=\"Torre campanario de la Catedral de El Burgo de Osma - Destino Castilla y Le\u00f3n\" width=\"640\" height=\"360\" class=\"size-full wp-image-36370\" srcset=\"https:\/\/destinocastillayleon.es\/index\/wp-content\/uploads\/2023\/02\/Torre-campanario-de-la-Catedral-de-El-Burgo-de-Osma-Destino-Castilla-y-Leon.jpg 640w, https:\/\/destinocastillayleon.es\/index\/wp-content\/uploads\/2023\/02\/Torre-campanario-de-la-Catedral-de-El-Burgo-de-Osma-Destino-Castilla-y-Leon-300x169.jpg 300w\" sizes=\"(max-width: 640px) 100vw, 640px\" \/><figcaption id=\"caption-attachment-36370\" class=\"wp-caption-text\">Torre campanario de la Catedral de El Burgo de Osma &#8211; Destino Castilla y Le\u00f3n<\/figcaption><\/figure>\n<p>La Catedral no termin\u00f3 de seguir creciendo y ampli\u00e1ndose. En \u00e9poca barroca, se le a\u00f1adieron un nuevo p\u00f3rtico de entrada sobre el existente y una torre campanario. Esta torre que podemos observar hoy tiene una fusi\u00f3n muy equilibrada entre el g\u00f3tico original y el barroco y clasicismo posterior.<br \/>\n&nbsp;<\/p>\n<h3><strong>El Burgo de Osma en la actualidad<\/strong><\/h3>\n<div class=\"easyRotatorWrapper\" align=\"center\">\r\n\r\n<!-- Begin DWUser_EasyRotator -->\r\n<script type=\"text\/javascript\" src=\"https:\/\/c520866.ssl.cf2.rackcdn.com\/1\/js\/easy_rotator.min.js\"><\/script>\r\n<div class=\"dwuserEasyRotator\" style=\"width: 100%; height: 400px; position:relative; text-align: left;\" data-erConfig=\"{autoplayEnabled:false, lpp:'102-105-108-101-58-47-47-47-67-58-47-68-111-99-117-109-101-110-116-115-37-50-48-97-110-100-37-50-48-83-101-116-116-105-110-103-115-47-85-83-85-65-82-73-79-47-77-121-37-50-48-68-111-99-117-109-101-110-116-115-47-69-97-115-121-82-111-116-97-116-111-114-80-114-101-118-105-101-119-47-112-114-101-118-105-101-119-95-115-119-102-115-47', wv:1}\" data-erName=\"El Burgo de calles\" data-erTID=\"{xtmp5a8l465810685387241}\" data-erResponsiveRatio=\"{16:9}\">\r\n\t<div data-ertype=\"content\" style=\"display: none;\"><ul data-erlabel=\"Main Category\">\r\n\t<li>\r\n\t\t<img decoding=\"async\" class=\"main\" src=\"https:\/\/destinocastillayleon.es\/index\/wp-content\/uploads\/EasyRotatorStorage\/user-content\/erc_41_1364292234\/content\/assets\/P1040982-0.JPG\" \/>\r\n\t\t<img decoding=\"async\" class=\"thumb\" src=\"https:\/\/destinocastillayleon.es\/index\/wp-content\/uploads\/EasyRotatorStorage\/user-content\/erc_41_1364292234\/content\/assets\/P1040982-0.JPG\" \/>\r\n\t<\/li>\r\n\t<li>\r\n\t\t<img decoding=\"async\" class=\"main\" src=\"https:\/\/destinocastillayleon.es\/index\/wp-content\/uploads\/EasyRotatorStorage\/user-content\/erc_41_1364292234\/content\/assets\/P1040985-0.JPG\" \/>\r\n\t\t<img decoding=\"async\" class=\"thumb\" src=\"https:\/\/destinocastillayleon.es\/index\/wp-content\/uploads\/EasyRotatorStorage\/user-content\/erc_41_1364292234\/content\/assets\/P1040985-0.JPG\" \/>\r\n\t<\/li>\r\n\t<li>\r\n\t\t<img decoding=\"async\" class=\"main\" src=\"https:\/\/destinocastillayleon.es\/index\/wp-content\/uploads\/EasyRotatorStorage\/user-content\/erc_41_1364292234\/content\/assets\/P1040989-0.JPG\" \/>\r\n\t\t<img decoding=\"async\" class=\"thumb\" src=\"https:\/\/destinocastillayleon.es\/index\/wp-content\/uploads\/EasyRotatorStorage\/user-content\/erc_41_1364292234\/content\/assets\/P1040989-0.JPG\" \/>\r\n\t<\/li>\r\n\t<li>\r\n\t\t<img decoding=\"async\" class=\"main\" src=\"https:\/\/destinocastillayleon.es\/index\/wp-content\/uploads\/EasyRotatorStorage\/user-content\/erc_41_1364292234\/content\/assets\/P1040990-0.JPG\" \/>\r\n\t\t<img decoding=\"async\" class=\"thumb\" src=\"https:\/\/destinocastillayleon.es\/index\/wp-content\/uploads\/EasyRotatorStorage\/user-content\/erc_41_1364292234\/content\/assets\/P1040990-0.JPG\" \/>\r\n\t<\/li>\r\n\t<li>\r\n\t\t<img decoding=\"async\" class=\"main\" src=\"https:\/\/destinocastillayleon.es\/index\/wp-content\/uploads\/EasyRotatorStorage\/user-content\/erc_41_1364292234\/content\/assets\/P1040950-0.JPG\" \/>\r\n\t\t<img decoding=\"async\" class=\"thumb\" src=\"https:\/\/destinocastillayleon.es\/index\/wp-content\/uploads\/EasyRotatorStorage\/user-content\/erc_41_1364292234\/content\/assets\/P1040950-0.JPG\" \/>\r\n\t<\/li>\r\n\t<li>\r\n\t\t<img decoding=\"async\" class=\"main\" src=\"https:\/\/destinocastillayleon.es\/index\/wp-content\/uploads\/EasyRotatorStorage\/user-content\/erc_41_1364292234\/content\/assets\/P1040974-0.JPG\" \/>\r\n\t\t<img decoding=\"async\" class=\"thumb\" src=\"https:\/\/destinocastillayleon.es\/index\/wp-content\/uploads\/EasyRotatorStorage\/user-content\/erc_41_1364292234\/content\/assets\/P1040974-0.JPG\" \/>\r\n\t<\/li>\r\n\t<li>\r\n\t\t<img decoding=\"async\" class=\"main\" src=\"https:\/\/destinocastillayleon.es\/index\/wp-content\/uploads\/EasyRotatorStorage\/user-content\/erc_41_1364292234\/content\/assets\/P1040952-0.JPG\" \/>\r\n\t\t<img decoding=\"async\" class=\"thumb\" src=\"https:\/\/destinocastillayleon.es\/index\/wp-content\/uploads\/EasyRotatorStorage\/user-content\/erc_41_1364292234\/content\/assets\/P1040952-0.JPG\" \/>\r\n\t<\/li>\r\n<\/ul>\r\n<\/div>\r\n\t<div data-ertype=\"layout\" data-ertemplateName=\"NONE\" style=\"\">\t\t\t<div class=\"erimgMain\" style=\"position: absolute; left:0;right:0;top:0;bottom:25px;\" data-erConfig=\"{___numTiles:3, scaleMode:'scaleDown', imgType:'main', alwaysPreviousButton:true, __loopNextButton:false, __arrowButtonMode:'rollover'}\">\r\n\t\t\t\t<div class=\"erimgMain_slides erFixCSS3\" style=\"position: absolute; left:15px; top:0; bottom:0; right:15px;\">\r\n\t\t\t\t\t<div class=\"erimgMain_slide\">\r\n\t\t\t\t\t\t<div class=\"erimgMain_img\" style=\"position: absolute; left:0;right:0;top:0;bottom:0;\"><\/div>\r\n\t\t\t\t\t<\/div>\r\n\t\t\t\t<\/div>\r\n\t\t\t\t<div class=\"erimgMain_arrowLeft\" style=\"position:absolute; left: 0; top: 50%; margin-top: -15px;\" data-erConfig=\"{image:'circleCozy', image2:'circleCozy'}\"><\/div>\r\n\t\t\t\t<div class=\"erimgMain_arrowRight\" style=\"position:absolute; right: 0; top: 50%; margin-top: -15px;\" data-erConfig=\"{image:'circleCozy', image2:'circleCozy'}\"><\/div>\r\n\t\t\t<\/div>\r\n\t\t\t\r\n\t\t\t<div class=\"erdots\" style=\"overflow: hidden; margin: 0; font-size: 10px; font-family: 'Lucida Grande', 'Lucida Sans', Arial, _sans; color: #FFF; position: absolute; left:0; right:0; bottom:5px;\" data-erConfig=\"{showText:false}\" align=\"center\">\r\n\t\t\t\t<div class=\"erdots_wrap\" style=\"wasbackground-color: #CFC; float: none;\" align=\"left\"> <!-- modify the float on this element to make left\/right\/none=center aligned. -->\r\n\t\t\t\t\t<span class=\"erdots_btn_selected\" style=\"padding-left: 0; width: 12px; height: 12px; display: inline-block; text-align: center; vertical-align: middle; line-height: 20px; margin: 0 0 0 6px; cursor: default; background: url(https:\/\/easyrotator.s3.amazonaws.com\/1\/i\/rotator\/dots\/export\/12_8_666empty.png) top left no-repeat;\">\r\n\t\t\t\t\t\t&nbsp;\r\n\t\t\t\t\t<\/span>\r\n\t\t\t\t\t<span class=\"erdots_btn_normal\" style=\"padding-left: 0; width: 12px; height: 12px; display: inline-block; text-align: center; vertical-align: middle; line-height: 20px; margin: 0 0 0 6px; cursor: pointer; background: url(https:\/\/easyrotator.s3.amazonaws.com\/1\/i\/rotator\/dots\/export\/12_8_666.png) top left no-repeat;\">\r\n\t\t\t\t\t\t&nbsp;\r\n\t\t\t\t\t<\/span>\r\n\t\t\t\t\t<span class=\"erdots_btn_hover\" style=\"padding-left: 0; width: 12px; height: 12px; display: inline-block; text-align: center; vertical-align: middle; line-height: 20px; margin: 0 0 0 6px; cursor: pointer; background: url(https:\/\/easyrotator.s3.amazonaws.com\/1\/i\/rotator\/dots\/export\/12_8_CCC.png) top left no-repeat;\">\r\n\t\t\t\t\t\t&nbsp;\r\n\t\t\t\t\t<\/span>\r\n\t\t\t\t<\/div>\r\n\t\t\t<\/div><div class=\"erabout erFixCSS3\" style=\"color: #FFF; text-align: left; background: #000; background:rgba(0,0,0,0.93); border: 2px solid #FFF; padding: 20px; font: normal 11px\/14px Verdana,_sans; width: 300px; border-radius: 10px; display:none;\">\r\n\t\t\tThis jQuery slider was created with the free <a style=\"color:#FFF;\" href=\"#eraboutlink\" target=\"_blank\">EasyRotator for WordPress<\/a> plugin from DWUser.com.\r\n\t\t\t<br \/><br \/>\r\n\t\t\t<a style=\"color:#FFF;\" href=\"#\" class=\"erabout_ok\">OK<\/a>   \r\n\t\t<\/div>\r\n\t\t<noscript>\r\n\t\t\tRotator powered by <strong>EasyRotator for WordPress<\/strong>, a free and easy jQuery slider builder from DWUser.com.  Please enable JavaScript to view. \r\n\t\t<\/noscript>\r\n\t\t<script type=\"text\/javascript\">\/*Avoid IE gzip bug*\/(function(b,c,d){try{if(!b[d]){b[d]=\"temp\";var a=c.createElement(\"script\");a.type=\"text\/javascript\";a.src=\"https:\/\/easyrotator.s3.amazonaws.com\/1\/js\/nozip\/easy_rotator.min.js\";c.getElementsByTagName(\"head\")[0].appendChild(a)}}catch(e){alert(\"EasyRotator fail; contact support.\")}})(window,document,\"er_$144\");<\/script>\r\n\t\r\n\t<\/div>\r\n<\/div>\r\n<!-- End DWUser_EasyRotator -->\r\n\r\n\r\n\r\n\r\n\r\n<\/div><br \/>\n&nbsp;<br \/>\nActualmente, podemos disfrutar un <strong>centro hist\u00f3rico<\/strong> que ha sido elegantemente conservado, donde callejas, calles y callejones porticados siguen invitando a los visitantes a entrar en sus establecimientos.<\/p>\n<p>Pero sobre esto, lo trataremos en otra entrada.<\/p>\n<p>Y t\u00fa, <strong>\u00bfya has estado en esta ciudad?<\/strong>\u00a0\u00a1Cu\u00e9ntanos c\u00f3mo fue tu experiencia!<br \/>\n&nbsp; <\/p>\n<h4>Entradas relacionadas que te pueden interesar<\/h4>\n<ul>\n<li><a title=\"Qu\u00e9 ver en El Burgos de Osma\" href=\"http:\/\/destinocastillayleon.es\/index\/visitar-el-burgo-de-osma\/\" target=\"_blank\" rel=\"noopener\">Qu\u00e9 ver en El Burgos de Osma<\/a>.<\/li>\n<li><a title=\"Visitar el Castillo fortaleza de Gormaz\" href=\"http:\/\/destinocastillayleon.es\/index\/gormaz\/\" target=\"_blank\" rel=\"noopener\">Visitar el Castillo fortaleza de Gormaz<\/a>.<\/li>\n<li><a title=\"Senderismo por el parque natural de la Fuentona\" href=\"http:\/\/destinocastillayleon.es\/index\/la-fuentona-cascada-en-soria\/\" target=\"_blank\" rel=\"noopener\">Cascada y Fuentona de Valdemuriel de la Fuente<\/a>.<\/li>\n<li><a title=\"Que ver en Catala\u00f1azor\" href=\"http:\/\/destinocastillayleon.es\/index\/pasar-dia-en-catalanazor\/\" target=\"_blank\" rel=\"noopener\">Qu\u00e9 ver en Catala\u00f1azor<\/a>.<\/li>\n<li><a href=\"http:\/\/destinocastillayleon.es\/index\/la-laguna-negra-de-soria\/\">Subir a la Laguna Negra de Soria<\/a>.<\/li>\n<li><a href=\"http:\/\/destinocastillayleon.es\/index\/pasar-fin-de-semana-en-soria\/\">Escaparse a la provincia de Soria, Parte I<\/a>.<\/li>\n<li><a href=\"http:\/\/destinocastillayleon.es\/index\/pasar-fin-de-semana-en-soria-ii\/\">Escaparse a la provincia de Soria, Parte II<\/a>.<\/li>\n<\/ul>\n<p>&nbsp; <\/p>\n","protected":false},"excerpt":{"rendered":"<p>Breve repaso a la historia de El Burgo de Osma contada de una forma simple para comprender qu\u00e9 ver en una visita por la provincia de Soria<\/p>\n","protected":false},"author":2,"featured_media":36371,"comment_status":"open","ping_status":"closed","sticky":false,"template":"","format":"standard","meta":{"rop_custom_images_group":[],"rop_custom_messages_group":[],"rop_publish_now":"initial","rop_publish_now_accounts":{"twitter_1150954226_1150954226":""},"rop_publish_now_history":[],"rop_publish_now_status":"pending","footnotes":""},"categories":[385,68,45,41,1],"tags":[951,163,575,1767,661,1959],"class_list":["post-1710","post","type-post","status-publish","format-standard","has-post-thumbnail","hentry","category-historia-rutas-2","category-post_inicial","category-provincias","category-soria","category-uncategorized","tag-balnearios","tag-el-burgo-de-osma","tag-historia-de-castilla-y-leon","tag-que-hacer-en-el-burgo-de-osma","tag-que-ver-en-soria","tag-turismo-de-balnearios-en-castilla-y-leon"],"yoast_head":"<!-- This site is optimized with the Yoast SEO Premium plugin v20.4 (Yoast SEO v27.4) - https:\/\/yoast.com\/product\/yoast-seo-premium-wordpress\/ -->\n<title>Historia de El Burgo de Osma en Soria - Historia - DestinoCyL<\/title>\n<meta name=\"description\" content=\"Breve repaso a la historia de El Burgo de Osma contada de una forma simple para comprender qu\u00e9 ver en una visita por la provincia de Soria\" \/>\n<meta name=\"robots\" content=\"index, follow, max-snippet:-1, max-image-preview:large, max-video-preview:-1\" \/>\n<link rel=\"canonical\" href=\"https:\/\/destinocastillayleon.es\/index\/historia-de-el-burgo-de-osma\/\" \/>\n<meta property=\"og:locale\" content=\"es_ES\" \/>\n<meta property=\"og:type\" content=\"article\" \/>\n<meta property=\"og:title\" content=\"Historia de El Burgo de Osma\" \/>\n<meta property=\"og:description\" content=\"Breve repaso a la historia de El Burgo de Osma contada de una forma simple para comprender qu\u00e9 ver en una visita por la provincia de Soria\" \/>\n<meta property=\"og:url\" content=\"https:\/\/destinocastillayleon.es\/index\/historia-de-el-burgo-de-osma\/\" \/>\n<meta property=\"og:site_name\" content=\"Destino Castilla y Le\u00f3n\" \/>\n<meta property=\"article:publisher\" content=\"https:\/\/www.facebook.com\/DestinoCastillaYLeon\/\" \/>\n<meta property=\"article:author\" content=\"https:\/\/www.facebook.com\/profile.php?id=1158416854\" \/>\n<meta property=\"article:published_time\" content=\"2025-07-31T12:22:30+00:00\" \/>\n<meta property=\"article:modified_time\" content=\"2025-07-31T12:51:44+00:00\" \/>\n<meta property=\"og:image\" content=\"https:\/\/destinocastillayleon.es\/index\/wp-content\/uploads\/2023\/02\/Visita-a-El-Burgo-de-Osma-Destino-Castilla-y-Leon.jpg\" \/>\n\t<meta property=\"og:image:width\" content=\"1200\" \/>\n\t<meta property=\"og:image:height\" content=\"675\" \/>\n\t<meta property=\"og:image:type\" content=\"image\/jpeg\" \/>\n<meta name=\"author\" content=\"David V\u00e1zquez\" \/>\n<meta name=\"twitter:card\" content=\"summary_large_image\" \/>\n<meta name=\"twitter:creator\" content=\"@https:\/\/twitter.com\/ContePantaleone\u200e\" \/>\n<meta name=\"twitter:site\" content=\"@destinocyl\" \/>\n<meta name=\"twitter:label1\" content=\"Escrito por\" \/>\n\t<meta name=\"twitter:data1\" content=\"David V\u00e1zquez\" \/>\n\t<meta name=\"twitter:label2\" content=\"Tiempo de lectura\" \/>\n\t<meta name=\"twitter:data2\" content=\"6 minutos\" \/>\n<script type=\"application\/ld+json\" class=\"yoast-schema-graph\">{\"@context\":\"https:\\\/\\\/schema.org\",\"@graph\":[{\"@type\":\"Article\",\"@id\":\"https:\\\/\\\/destinocastillayleon.es\\\/index\\\/historia-de-el-burgo-de-osma\\\/#article\",\"isPartOf\":{\"@id\":\"https:\\\/\\\/destinocastillayleon.es\\\/index\\\/historia-de-el-burgo-de-osma\\\/\"},\"author\":{\"name\":\"David V\u00e1zquez\",\"@id\":\"https:\\\/\\\/destinocastillayleon.es\\\/index\\\/#\\\/schema\\\/person\\\/189221bc8f6cc4fa28b18ad5c289d4c2\"},\"headline\":\"Historia de El Burgo de Osma\",\"datePublished\":\"2025-07-31T12:22:30+00:00\",\"dateModified\":\"2025-07-31T12:51:44+00:00\",\"mainEntityOfPage\":{\"@id\":\"https:\\\/\\\/destinocastillayleon.es\\\/index\\\/historia-de-el-burgo-de-osma\\\/\"},\"wordCount\":1071,\"commentCount\":4,\"image\":{\"@id\":\"https:\\\/\\\/destinocastillayleon.es\\\/index\\\/historia-de-el-burgo-de-osma\\\/#primaryimage\"},\"thumbnailUrl\":\"https:\\\/\\\/destinocastillayleon.es\\\/index\\\/wp-content\\\/uploads\\\/2023\\\/02\\\/Visita-a-El-Burgo-de-Osma-Destino-Castilla-y-Leon.jpg\",\"keywords\":[\"balnearios\",\"El Burgo de Osma\",\"Historia de Castilla y Le\u00f3n\",\"Que hacer en el Burgo de Osma\",\"Qu\u00e9 ver en Soria\",\"turismo de balnearios en Castilla y Le\u00f3n\"],\"articleSection\":[\"Historia y Leyendas de Castilla y Le\u00f3n\",\"Post_inicial\",\"Provincias\",\"Soria\",\"Uncategorized\"],\"inLanguage\":\"es\",\"potentialAction\":[{\"@type\":\"CommentAction\",\"name\":\"Comment\",\"target\":[\"https:\\\/\\\/destinocastillayleon.es\\\/index\\\/historia-de-el-burgo-de-osma\\\/#respond\"]}]},{\"@type\":\"WebPage\",\"@id\":\"https:\\\/\\\/destinocastillayleon.es\\\/index\\\/historia-de-el-burgo-de-osma\\\/\",\"url\":\"https:\\\/\\\/destinocastillayleon.es\\\/index\\\/historia-de-el-burgo-de-osma\\\/\",\"name\":\"Historia de El Burgo de Osma en Soria - Historia - DestinoCyL\",\"isPartOf\":{\"@id\":\"https:\\\/\\\/destinocastillayleon.es\\\/index\\\/#website\"},\"primaryImageOfPage\":{\"@id\":\"https:\\\/\\\/destinocastillayleon.es\\\/index\\\/historia-de-el-burgo-de-osma\\\/#primaryimage\"},\"image\":{\"@id\":\"https:\\\/\\\/destinocastillayleon.es\\\/index\\\/historia-de-el-burgo-de-osma\\\/#primaryimage\"},\"thumbnailUrl\":\"https:\\\/\\\/destinocastillayleon.es\\\/index\\\/wp-content\\\/uploads\\\/2023\\\/02\\\/Visita-a-El-Burgo-de-Osma-Destino-Castilla-y-Leon.jpg\",\"datePublished\":\"2025-07-31T12:22:30+00:00\",\"dateModified\":\"2025-07-31T12:51:44+00:00\",\"author\":{\"@id\":\"https:\\\/\\\/destinocastillayleon.es\\\/index\\\/#\\\/schema\\\/person\\\/189221bc8f6cc4fa28b18ad5c289d4c2\"},\"description\":\"Breve repaso a la historia de El Burgo de Osma contada de una forma simple para comprender qu\u00e9 ver en una visita por la provincia de Soria\",\"breadcrumb\":{\"@id\":\"https:\\\/\\\/destinocastillayleon.es\\\/index\\\/historia-de-el-burgo-de-osma\\\/#breadcrumb\"},\"inLanguage\":\"es\",\"potentialAction\":[{\"@type\":\"ReadAction\",\"target\":[\"https:\\\/\\\/destinocastillayleon.es\\\/index\\\/historia-de-el-burgo-de-osma\\\/\"]}]},{\"@type\":\"ImageObject\",\"inLanguage\":\"es\",\"@id\":\"https:\\\/\\\/destinocastillayleon.es\\\/index\\\/historia-de-el-burgo-de-osma\\\/#primaryimage\",\"url\":\"https:\\\/\\\/destinocastillayleon.es\\\/index\\\/wp-content\\\/uploads\\\/2023\\\/02\\\/Visita-a-El-Burgo-de-Osma-Destino-Castilla-y-Leon.jpg\",\"contentUrl\":\"https:\\\/\\\/destinocastillayleon.es\\\/index\\\/wp-content\\\/uploads\\\/2023\\\/02\\\/Visita-a-El-Burgo-de-Osma-Destino-Castilla-y-Leon.jpg\",\"width\":1200,\"height\":675,\"caption\":\"Visita a El Burgo de Osma - Destino Castilla y Le\u00f3n\"},{\"@type\":\"BreadcrumbList\",\"@id\":\"https:\\\/\\\/destinocastillayleon.es\\\/index\\\/historia-de-el-burgo-de-osma\\\/#breadcrumb\",\"itemListElement\":[{\"@type\":\"ListItem\",\"position\":1,\"name\":\"Portada\",\"item\":\"https:\\\/\\\/destinocastillayleon.es\\\/index\\\/\"},{\"@type\":\"ListItem\",\"position\":2,\"name\":\"Historia de El Burgo de Osma\"}]},{\"@type\":\"WebSite\",\"@id\":\"https:\\\/\\\/destinocastillayleon.es\\\/index\\\/#website\",\"url\":\"https:\\\/\\\/destinocastillayleon.es\\\/index\\\/\",\"name\":\"Destino Castilla y Le\u00f3n\",\"description\":\"Medio digital independiente y revista de Castilla y Le\u00f3n dedicado al turismo, gastronom\u00eda y vino de Castilla y Le\u00f3n\",\"potentialAction\":[{\"@type\":\"SearchAction\",\"target\":{\"@type\":\"EntryPoint\",\"urlTemplate\":\"https:\\\/\\\/destinocastillayleon.es\\\/index\\\/?s={search_term_string}\"},\"query-input\":{\"@type\":\"PropertyValueSpecification\",\"valueRequired\":true,\"valueName\":\"search_term_string\"}}],\"inLanguage\":\"es\"},{\"@type\":\"Person\",\"@id\":\"https:\\\/\\\/destinocastillayleon.es\\\/index\\\/#\\\/schema\\\/person\\\/189221bc8f6cc4fa28b18ad5c289d4c2\",\"name\":\"David V\u00e1zquez\",\"image\":{\"@type\":\"ImageObject\",\"inLanguage\":\"es\",\"@id\":\"https:\\\/\\\/secure.gravatar.com\\\/avatar\\\/cd12db6c575a90c3b75cfa0f794b74d425201c768612fad17e9f13cd33d48be8?s=96&d=mm&r=g\",\"url\":\"https:\\\/\\\/secure.gravatar.com\\\/avatar\\\/cd12db6c575a90c3b75cfa0f794b74d425201c768612fad17e9f13cd33d48be8?s=96&d=mm&r=g\",\"contentUrl\":\"https:\\\/\\\/secure.gravatar.com\\\/avatar\\\/cd12db6c575a90c3b75cfa0f794b74d425201c768612fad17e9f13cd33d48be8?s=96&d=mm&r=g\",\"caption\":\"David V\u00e1zquez\"},\"description\":\"Ingeniero Industrial de vocaci\u00f3n y profesi\u00f3n, he encontrado en los blogs la forma de plasmar mi pasi\u00f3n por los viajes, la gastronom\u00eda y los vinos. Especialmente los procedentes de Castilla y Le\u00f3n\",\"sameAs\":[\"https:\\\/\\\/www.destinocastillayleon.es\",\"https:\\\/\\\/www.facebook.com\\\/profile.php?id=1158416854\",\"https:\\\/\\\/instagram.com\\\/conte.pantaleone\",\"https:\\\/\\\/www.linkedin.com\\\/pub\\\/david-vazquez-lozano\\\/37\\\/17a\\\/25a\",\"https:\\\/\\\/x.com\\\/https:\\\/\\\/twitter.com\\\/ContePantaleone\u200e\"],\"url\":\"https:\\\/\\\/destinocastillayleon.es\\\/index\\\/author\\\/coadministradorcyl\\\/\"}]}<\/script>\n<!-- \/ Yoast SEO Premium plugin. -->","yoast_head_json":{"title":"Historia de El Burgo de Osma en Soria - Historia - DestinoCyL","description":"Breve repaso a la historia de El Burgo de Osma contada de una forma simple para comprender qu\u00e9 ver en una visita por la provincia de Soria","robots":{"index":"index","follow":"follow","max-snippet":"max-snippet:-1","max-image-preview":"max-image-preview:large","max-video-preview":"max-video-preview:-1"},"canonical":"https:\/\/destinocastillayleon.es\/index\/historia-de-el-burgo-de-osma\/","og_locale":"es_ES","og_type":"article","og_title":"Historia de El Burgo de Osma","og_description":"Breve repaso a la historia de El Burgo de Osma contada de una forma simple para comprender qu\u00e9 ver en una visita por la provincia de Soria","og_url":"https:\/\/destinocastillayleon.es\/index\/historia-de-el-burgo-de-osma\/","og_site_name":"Destino Castilla y Le\u00f3n","article_publisher":"https:\/\/www.facebook.com\/DestinoCastillaYLeon\/","article_author":"https:\/\/www.facebook.com\/profile.php?id=1158416854","article_published_time":"2025-07-31T12:22:30+00:00","article_modified_time":"2025-07-31T12:51:44+00:00","og_image":[{"width":1200,"height":675,"url":"https:\/\/destinocastillayleon.es\/index\/wp-content\/uploads\/2023\/02\/Visita-a-El-Burgo-de-Osma-Destino-Castilla-y-Leon.jpg","type":"image\/jpeg"}],"author":"David V\u00e1zquez","twitter_card":"summary_large_image","twitter_creator":"@https:\/\/twitter.com\/ContePantaleone\u200e","twitter_site":"@destinocyl","twitter_misc":{"Escrito por":"David V\u00e1zquez","Tiempo de lectura":"6 minutos"},"schema":{"@context":"https:\/\/schema.org","@graph":[{"@type":"Article","@id":"https:\/\/destinocastillayleon.es\/index\/historia-de-el-burgo-de-osma\/#article","isPartOf":{"@id":"https:\/\/destinocastillayleon.es\/index\/historia-de-el-burgo-de-osma\/"},"author":{"name":"David V\u00e1zquez","@id":"https:\/\/destinocastillayleon.es\/index\/#\/schema\/person\/189221bc8f6cc4fa28b18ad5c289d4c2"},"headline":"Historia de El Burgo de Osma","datePublished":"2025-07-31T12:22:30+00:00","dateModified":"2025-07-31T12:51:44+00:00","mainEntityOfPage":{"@id":"https:\/\/destinocastillayleon.es\/index\/historia-de-el-burgo-de-osma\/"},"wordCount":1071,"commentCount":4,"image":{"@id":"https:\/\/destinocastillayleon.es\/index\/historia-de-el-burgo-de-osma\/#primaryimage"},"thumbnailUrl":"https:\/\/destinocastillayleon.es\/index\/wp-content\/uploads\/2023\/02\/Visita-a-El-Burgo-de-Osma-Destino-Castilla-y-Leon.jpg","keywords":["balnearios","El Burgo de Osma","Historia de Castilla y Le\u00f3n","Que hacer en el Burgo de Osma","Qu\u00e9 ver en Soria","turismo de balnearios en Castilla y Le\u00f3n"],"articleSection":["Historia y Leyendas de Castilla y Le\u00f3n","Post_inicial","Provincias","Soria","Uncategorized"],"inLanguage":"es","potentialAction":[{"@type":"CommentAction","name":"Comment","target":["https:\/\/destinocastillayleon.es\/index\/historia-de-el-burgo-de-osma\/#respond"]}]},{"@type":"WebPage","@id":"https:\/\/destinocastillayleon.es\/index\/historia-de-el-burgo-de-osma\/","url":"https:\/\/destinocastillayleon.es\/index\/historia-de-el-burgo-de-osma\/","name":"Historia de El Burgo de Osma en Soria - Historia - DestinoCyL","isPartOf":{"@id":"https:\/\/destinocastillayleon.es\/index\/#website"},"primaryImageOfPage":{"@id":"https:\/\/destinocastillayleon.es\/index\/historia-de-el-burgo-de-osma\/#primaryimage"},"image":{"@id":"https:\/\/destinocastillayleon.es\/index\/historia-de-el-burgo-de-osma\/#primaryimage"},"thumbnailUrl":"https:\/\/destinocastillayleon.es\/index\/wp-content\/uploads\/2023\/02\/Visita-a-El-Burgo-de-Osma-Destino-Castilla-y-Leon.jpg","datePublished":"2025-07-31T12:22:30+00:00","dateModified":"2025-07-31T12:51:44+00:00","author":{"@id":"https:\/\/destinocastillayleon.es\/index\/#\/schema\/person\/189221bc8f6cc4fa28b18ad5c289d4c2"},"description":"Breve repaso a la historia de El Burgo de Osma contada de una forma simple para comprender qu\u00e9 ver en una visita por la provincia de Soria","breadcrumb":{"@id":"https:\/\/destinocastillayleon.es\/index\/historia-de-el-burgo-de-osma\/#breadcrumb"},"inLanguage":"es","potentialAction":[{"@type":"ReadAction","target":["https:\/\/destinocastillayleon.es\/index\/historia-de-el-burgo-de-osma\/"]}]},{"@type":"ImageObject","inLanguage":"es","@id":"https:\/\/destinocastillayleon.es\/index\/historia-de-el-burgo-de-osma\/#primaryimage","url":"https:\/\/destinocastillayleon.es\/index\/wp-content\/uploads\/2023\/02\/Visita-a-El-Burgo-de-Osma-Destino-Castilla-y-Leon.jpg","contentUrl":"https:\/\/destinocastillayleon.es\/index\/wp-content\/uploads\/2023\/02\/Visita-a-El-Burgo-de-Osma-Destino-Castilla-y-Leon.jpg","width":1200,"height":675,"caption":"Visita a El Burgo de Osma - Destino Castilla y Le\u00f3n"},{"@type":"BreadcrumbList","@id":"https:\/\/destinocastillayleon.es\/index\/historia-de-el-burgo-de-osma\/#breadcrumb","itemListElement":[{"@type":"ListItem","position":1,"name":"Portada","item":"https:\/\/destinocastillayleon.es\/index\/"},{"@type":"ListItem","position":2,"name":"Historia de El Burgo de Osma"}]},{"@type":"WebSite","@id":"https:\/\/destinocastillayleon.es\/index\/#website","url":"https:\/\/destinocastillayleon.es\/index\/","name":"Destino Castilla y Le\u00f3n","description":"Medio digital independiente y revista de Castilla y Le\u00f3n dedicado al turismo, gastronom\u00eda y vino de Castilla y Le\u00f3n","potentialAction":[{"@type":"SearchAction","target":{"@type":"EntryPoint","urlTemplate":"https:\/\/destinocastillayleon.es\/index\/?s={search_term_string}"},"query-input":{"@type":"PropertyValueSpecification","valueRequired":true,"valueName":"search_term_string"}}],"inLanguage":"es"},{"@type":"Person","@id":"https:\/\/destinocastillayleon.es\/index\/#\/schema\/person\/189221bc8f6cc4fa28b18ad5c289d4c2","name":"David V\u00e1zquez","image":{"@type":"ImageObject","inLanguage":"es","@id":"https:\/\/secure.gravatar.com\/avatar\/cd12db6c575a90c3b75cfa0f794b74d425201c768612fad17e9f13cd33d48be8?s=96&d=mm&r=g","url":"https:\/\/secure.gravatar.com\/avatar\/cd12db6c575a90c3b75cfa0f794b74d425201c768612fad17e9f13cd33d48be8?s=96&d=mm&r=g","contentUrl":"https:\/\/secure.gravatar.com\/avatar\/cd12db6c575a90c3b75cfa0f794b74d425201c768612fad17e9f13cd33d48be8?s=96&d=mm&r=g","caption":"David V\u00e1zquez"},"description":"Ingeniero Industrial de vocaci\u00f3n y profesi\u00f3n, he encontrado en los blogs la forma de plasmar mi pasi\u00f3n por los viajes, la gastronom\u00eda y los vinos. Especialmente los procedentes de Castilla y Le\u00f3n","sameAs":["https:\/\/www.destinocastillayleon.es","https:\/\/www.facebook.com\/profile.php?id=1158416854","https:\/\/instagram.com\/conte.pantaleone","https:\/\/www.linkedin.com\/pub\/david-vazquez-lozano\/37\/17a\/25a","https:\/\/x.com\/https:\/\/twitter.com\/ContePantaleone\u200e"],"url":"https:\/\/destinocastillayleon.es\/index\/author\/coadministradorcyl\/"}]}},"_links":{"self":[{"href":"https:\/\/destinocastillayleon.es\/index\/wp-json\/wp\/v2\/posts\/1710","targetHints":{"allow":["GET"]}}],"collection":[{"href":"https:\/\/destinocastillayleon.es\/index\/wp-json\/wp\/v2\/posts"}],"about":[{"href":"https:\/\/destinocastillayleon.es\/index\/wp-json\/wp\/v2\/types\/post"}],"author":[{"embeddable":true,"href":"https:\/\/destinocastillayleon.es\/index\/wp-json\/wp\/v2\/users\/2"}],"replies":[{"embeddable":true,"href":"https:\/\/destinocastillayleon.es\/index\/wp-json\/wp\/v2\/comments?post=1710"}],"version-history":[{"count":43,"href":"https:\/\/destinocastillayleon.es\/index\/wp-json\/wp\/v2\/posts\/1710\/revisions"}],"predecessor-version":[{"id":39378,"href":"https:\/\/destinocastillayleon.es\/index\/wp-json\/wp\/v2\/posts\/1710\/revisions\/39378"}],"wp:featuredmedia":[{"embeddable":true,"href":"https:\/\/destinocastillayleon.es\/index\/wp-json\/wp\/v2\/media\/36371"}],"wp:attachment":[{"href":"https:\/\/destinocastillayleon.es\/index\/wp-json\/wp\/v2\/media?parent=1710"}],"wp:term":[{"taxonomy":"category","embeddable":true,"href":"https:\/\/destinocastillayleon.es\/index\/wp-json\/wp\/v2\/categories?post=1710"},{"taxonomy":"post_tag","embeddable":true,"href":"https:\/\/destinocastillayleon.es\/index\/wp-json\/wp\/v2\/tags?post=1710"}],"curies":[{"name":"wp","href":"https:\/\/api.w.org\/{rel}","templated":true}]}}