{"id":17094,"date":"2014-11-24T23:22:27","date_gmt":"2014-11-24T22:22:27","guid":{"rendered":"http:\/\/destinocastillayleon.es\/index\/?p=17094"},"modified":"2014-11-27T12:11:22","modified_gmt":"2014-11-27T11:11:22","slug":"vallavinos","status":"publish","type":"post","link":"https:\/\/destinocastillayleon.es\/index\/vallavinos\/","title":{"rendered":"#Vallavinos, encuentro de bloggers y twiteros en Intur 2014"},"content":{"rendered":"<h2>#VallaVinos, ruta de tapas para bloggers y twiteros por Valladolid<\/h2>\n<p style=\"text-align: justify;\">Esta semana se celebra\u00a0la <strong>Feria Internacional de Turismo de Interior, <a href=\"http:\/\/www.feriavalladolid.com\/intur\/\" target=\"_Blank\">#INTUR2014<\/a>, <\/strong>un evento que\u00a0re\u00fane a\u00f1o tras a\u00f1o miles de profesionales del turismo que se acercan a Valladolid para conocer las novedades y propuestas tur\u00edsticas de las diferentes comunidades aut\u00f3nomas. Este es la escusa para organizar este viernes el <strong>#VallaVinos<\/strong><\/p>\n<blockquote><p><em><strong>En esta edici\u00f3n queremos que blogueros y adictos a las redes sociales se vengan con nosotros a tapear por VAlladolid y disfrutar de los buenos vinos y gastronom\u00eda que ofrece la ciudad.<\/strong><\/em><\/p><\/blockquote>\n<p>&nbsp;<\/p>\n<h3>D\u00f3nde\u00a0y cu\u00e1ndo ser\u00e1 #VallaVinos\u00a0<\/h3>\n<p style=\"text-align: justify;\">El viernes 28 a las 19:30 en el Stand de Valladolid en INTUR. Desde all\u00ed iremos caminando al centro de la ciudad visitando algunos de los rincones iluminados que forman parte de la ruta nocturna \u00abR\u00edos de Luz\u00bb. Una vez que lleguemos a la zona centro, iremos a <strong>4 bares donde nos pondr\u00e1n 4 vinos con 4 de sus mejores tapas<\/strong> por <strong>s\u00f3lo 5\u00a0\u20ac por asistente.<\/strong> &#8211; Nos han hecho precio especial \ud83d\ude42<br \/>\n&nbsp;<br \/>\n<center><a href=\"http:\/\/destinocastillayleon.es\/index\/wp-content\/uploads\/2014\/11\/146bebfaef6bc51908f0eafbe46725551.png\"><img decoding=\"async\" class=\"aligncenter wp-image-17158\" src=\"http:\/\/destinocastillayleon.es\/index\/wp-content\/uploads\/2014\/11\/146bebfaef6bc51908f0eafbe46725551.png\" alt=\"#vallavinos - opci\u00f3n 5\" width=\"640\" height=\"486\" srcset=\"https:\/\/destinocastillayleon.es\/index\/wp-content\/uploads\/2014\/11\/146bebfaef6bc51908f0eafbe46725551.png 850w, https:\/\/destinocastillayleon.es\/index\/wp-content\/uploads\/2014\/11\/146bebfaef6bc51908f0eafbe46725551-300x227.png 300w\" sizes=\"(max-width: 640px) 100vw, 640px\" \/><\/a><\/center>&nbsp;<\/p>\n<p>Dado que el evento est\u00e1 ligado a INTUR, el punto de encuentro ser\u00e1 <strong>en la propia feria<\/strong>, salvo aquellos que contacten con nosotros y quieran unirse al tapeo m\u00e1s tarde.<br \/>\n&nbsp;<br \/>\n<figure id=\"attachment_9155\" aria-describedby=\"caption-attachment-9155\" style=\"width: 640px\" class=\"wp-caption aligncenter\"><a href=\"http:\/\/destinocastillayleon.es\/index\/wp-content\/uploads\/2013\/11\/Stand-de-Valladolid-en-Fitur.jpg\"><img decoding=\"async\" class=\"wp-image-9155 size-full\" src=\"http:\/\/destinocastillayleon.es\/index\/wp-content\/uploads\/2013\/11\/Stand-de-Valladolid-en-Fitur.jpg\" alt=\"Stand de Valladolid en Fitur\" width=\"640\" height=\"480\" srcset=\"https:\/\/destinocastillayleon.es\/index\/wp-content\/uploads\/2013\/11\/Stand-de-Valladolid-en-Fitur.jpg 640w, https:\/\/destinocastillayleon.es\/index\/wp-content\/uploads\/2013\/11\/Stand-de-Valladolid-en-Fitur-300x225.jpg 300w\" sizes=\"(max-width: 640px) 100vw, 640px\" \/><\/a><figcaption id=\"caption-attachment-9155\" class=\"wp-caption-text\">Nos vemos a las 19:30h en el Stand de Valladolid en INTUR<\/figcaption><\/figure><br \/>\n&nbsp;<\/p>\n<h2>Sorteo de Premios<\/strong><\/h2>\n<p>Entre todos los participantes que se animen a tuitear con el hashtag: <strong>#Vallavinos<\/strong>\u00a0se sortear\u00e1n varios premios que a\u00fan no podemos desvelar.<\/p>\n<blockquote><p><em><strong>El evento est\u00e1 pensado para unas 20 personas m\u00e1ximo. <\/strong><\/em><\/p><\/blockquote>\n<p>Si quieres unirte a la actividad, <strong>s\u00f3lo tienes que reservar\u00a0tu plaza<\/strong> a trav\u00e9s del siguiente formulario de contacto:<br \/>\n&nbsp;<\/p>\n<h3>Reserva tu sitio!<\/h3>\n<p>Ap\u00fantate escribiendonos un email a <strong><a title=\"redaccion@destinocastillayleon.es\" href=\"mailto:publicidad@destinocastillayleon.es\" target=\"_blank\">redaccion@destinocastillayleon.es<\/a><\/strong>\u00a0o rellenando el formulario:<\/p>\n<form action=\"mailto:redaccion@destinocastillayleon.es\" enctype=\"text\/plain\" method=\"post\">\n&nbsp; &nbsp; &nbsp; &nbsp; &nbsp; &nbsp; Nombre y apellidos: <input maxlength=\"150\" name=\"nombre\" size=\"45\" type=\"text\" \/><br \/>\n&nbsp;<br \/>\n&nbsp; &nbsp; &nbsp; &nbsp; &nbsp; &nbsp; &nbsp; &nbsp; &nbsp;  Perfil en Twitter: <input maxlength=\"150\" name=\"Twitter\" size=\"45\" type=\"text\" value=\"@\" \/><br \/>\n&nbsp;<br \/>\n&nbsp; &nbsp; &nbsp; &nbsp; &nbsp; &nbsp; &nbsp;Correo electr\u00f3nico: <input maxlength=\"250\" name=\"correo\" size=\"45\" type=\"text\" \/><br \/>\n&nbsp;<br \/>\n&nbsp; &nbsp; Escribenos un mensaje:&nbsp; <textarea cols=\"45\" name=\"opinion\" aling=\"TOP\" rows=\"5\">Escribe aqu\u00ed tu mensaje&#8230;<\/textarea><\/p>\n<table border=\"0\" width=\"50%\" cellspacing=\"0\" cellpadding=\"10\" align=\"center\">\n<tbody>\n<tr>\n<td>\n<div align=\"center\"><input type=\"submit\" value=\"Enviar formulario\" \/><\/div>\n<\/td>\n<td>\n<div align=\"center\"><input type=\"Reset\" value=\"Borrar formulario\" \/><\/div>\n<\/td>\n<\/tr>\n<\/tbody>\n<\/table>\n<\/form>\n<p>&nbsp;<br \/>\n<strong>Si te falla el formulario o te da error, env\u00edanos un correo directamente<\/strong>. En algunas versiones de navegadores de internet no funciona bien.<br \/>\n&nbsp; <\/p>\n<h4>Tambi\u00e9n te puede interesar&#8230;<\/h4>\n<p><strong>&#8211;\u00a0<a title=\"Enlace a nuestra entrada sobre el blogtrip VallaTrip\" href=\"http:\/\/destinocastillayleon.es\/index\/vallatrip-un-blogtrip-por-valladolid\/\" target=\"_blank\">Vallatrip, un viaje gastron\u00f3mico por Valladolid<\/a><\/strong><\/p>\n<p><strong>&#8211;\u00a0<a title=\"Enlace a nuestra entrada sobre Enoturismo urbano en Se\u00f1orita Malauva\" href=\"http:\/\/destinocastillayleon.es\/index\/enoturismo-urbano-en-senorita-malauva\/\" target=\"_blank\">Enoturismo urbano en Se\u00f1orita Malauva<\/a><\/strong><br \/>\n&nbsp; &nbsp; &nbsp; &nbsp; &nbsp; &nbsp; &nbsp; &nbsp; &nbsp; &nbsp; &nbsp; &nbsp; &nbsp; &nbsp; &nbsp; &nbsp; &nbsp; &nbsp; &nbsp; &nbsp; &nbsp;<br \/>\n<strong>&#8211; <a title=\"ruta de tapas por la zona centro de Valladolid\" href=\"http:\/\/destinocastillayleon.es\/index\/de-tapas-por-valladolid\/\" target=\"_blank\">Ruta de tapas por Valladolid centro<\/a><\/strong><\/p>\n<p><strong>&#8211;\u00a0<a title=\"Enlace a nuestra entrada sobre Enoturismo urbano en la Microbodega Urbana\" href=\"http:\/\/destinocastillayleon.es\/index\/bar-enoteca-microbodega-urbana\/\" target=\"_blank\">Enoturismo urbano en la Microbodega Urbana<\/a><\/strong><\/p>\n<p><strong>&#8211;\u00a0<a title=\"ruta de tapas por la zona centro de Valladolid\" href=\"http:\/\/destinocastillayleon.es\/index\/ruta-de-tapas-por-valladolid-zona-san-martin-zona-de-la-catedral\/\" target=\"_blank\">Ruta de tapas por la zona de la Catedral de Valladolid centro<\/a><\/strong><\/p>\n","protected":false},"excerpt":{"rendered":"<p>Este a\u00f1o, durante la celebraci\u00f3n de INTUR en Valladolid, hemos preparado VallaVinos, una TuitQuedadaEnotur\u00edstica por una ciudad de vinos como es Valladolid<\/p>\n","protected":false},"author":2,"featured_media":17157,"comment_status":"closed","ping_status":"closed","sticky":false,"template":"","format":"standard","meta":{"rop_custom_images_group":[],"rop_custom_messages_group":[],"rop_publish_now":"initial","rop_publish_now_accounts":{"twitter_1150954226_1150954226":""},"rop_publish_now_history":[],"rop_publish_now_status":"pending","footnotes":""},"categories":[77,68,26],"tags":[4039,4056,2543,4026,4070,4069,1579,4024],"class_list":["post-17094","post","type-post","status-publish","format-standard","has-post-thumbnail","hentry","category-actualidad-y-agenda-de-castilla-y-leon","category-post_inicial","category-valladolid","tag-encuentro-de-bloggers-en-intur","tag-encuentro-de-blogueros-y-tuiteros-en-intur","tag-feria-internacional-de-turismo-de-interior","tag-intur-2014","tag-ruta-de-tapas-por-valladolid-intur","tag-ruta-de-vinos-por-valladolid-intur","tag-vallatrip","tag-vallavinos"],"yoast_head":"<!-- This site is optimized with the Yoast SEO Premium plugin v20.4 (Yoast SEO v27.4) - https:\/\/yoast.com\/product\/yoast-seo-premium-wordpress\/ -->\n<title>#VallaVinos, la TuitQuedadaEnotur\u00edstica por Valladolid de INTUR<\/title>\n<meta name=\"description\" content=\"Este a\u00f1o, durante la celebraci\u00f3n de INTUR en Valladolid, hemos preparado #VallaVinos, una TuitQuedadaEnotur\u00edstica por una ciudad de vinos como es Valladolid\" \/>\n<meta name=\"robots\" content=\"index, follow, max-snippet:-1, max-image-preview:large, max-video-preview:-1\" \/>\n<link rel=\"canonical\" href=\"https:\/\/destinocastillayleon.es\/index\/vallavinos\/\" \/>\n<meta property=\"og:locale\" content=\"es_ES\" \/>\n<meta property=\"og:type\" content=\"article\" \/>\n<meta property=\"og:title\" content=\"#Vallavinos, encuentro de bloggers y twiteros en Intur 2014\" \/>\n<meta property=\"og:description\" content=\"#VallaVinos, la TuitQuedadaEnotur\u00edstica por Valladolid de INTUR. Este a\u00f1o, durante la celebraci\u00f3n de INTUR en Valladolid, hemos preparado VallaVinos, una TuitQuedadaEnotur\u00edstica por una ciudad de vinos como es Valladolid\" \/>\n<meta property=\"og:url\" content=\"https:\/\/destinocastillayleon.es\/index\/vallavinos\/\" \/>\n<meta property=\"og:site_name\" content=\"Destino Castilla y Le\u00f3n\" \/>\n<meta property=\"article:publisher\" content=\"https:\/\/www.facebook.com\/DestinoCastillaYLeon\/\" \/>\n<meta property=\"article:author\" content=\"https:\/\/www.facebook.com\/profile.php?id=1158416854\" \/>\n<meta property=\"article:published_time\" content=\"2014-11-24T22:22:27+00:00\" \/>\n<meta property=\"article:modified_time\" content=\"2014-11-27T11:11:22+00:00\" \/>\n<meta property=\"og:image\" content=\"https:\/\/destinocastillayleon.es\/index\/wp-content\/uploads\/2014\/11\/146bebfaef6bc51908f0eafbe4672555.png\" \/>\n\t<meta property=\"og:image:width\" content=\"850\" \/>\n\t<meta property=\"og:image:height\" content=\"645\" \/>\n\t<meta property=\"og:image:type\" content=\"image\/png\" \/>\n<meta name=\"author\" content=\"David V\u00e1zquez\" \/>\n<meta name=\"twitter:card\" content=\"summary_large_image\" \/>\n<meta name=\"twitter:creator\" content=\"@https:\/\/twitter.com\/ContePantaleone\u200e\" \/>\n<meta name=\"twitter:site\" content=\"@destinocyl\" \/>\n<meta name=\"twitter:label1\" content=\"Escrito por\" \/>\n\t<meta name=\"twitter:data1\" content=\"David V\u00e1zquez\" \/>\n\t<meta name=\"twitter:label2\" content=\"Tiempo de lectura\" \/>\n\t<meta name=\"twitter:data2\" content=\"2 minutos\" \/>\n<script type=\"application\/ld+json\" class=\"yoast-schema-graph\">{\"@context\":\"https:\\\/\\\/schema.org\",\"@graph\":[{\"@type\":\"Article\",\"@id\":\"https:\\\/\\\/destinocastillayleon.es\\\/index\\\/vallavinos\\\/#article\",\"isPartOf\":{\"@id\":\"https:\\\/\\\/destinocastillayleon.es\\\/index\\\/vallavinos\\\/\"},\"author\":{\"name\":\"David V\u00e1zquez\",\"@id\":\"https:\\\/\\\/destinocastillayleon.es\\\/index\\\/#\\\/schema\\\/person\\\/189221bc8f6cc4fa28b18ad5c289d4c2\"},\"headline\":\"#Vallavinos, encuentro de bloggers y twiteros en Intur 2014\",\"datePublished\":\"2014-11-24T22:22:27+00:00\",\"dateModified\":\"2014-11-27T11:11:22+00:00\",\"mainEntityOfPage\":{\"@id\":\"https:\\\/\\\/destinocastillayleon.es\\\/index\\\/vallavinos\\\/\"},\"wordCount\":452,\"image\":{\"@id\":\"https:\\\/\\\/destinocastillayleon.es\\\/index\\\/vallavinos\\\/#primaryimage\"},\"thumbnailUrl\":\"https:\\\/\\\/destinocastillayleon.es\\\/index\\\/wp-content\\\/uploads\\\/2014\\\/11\\\/146bebfaef6bc51908f0eafbe4672555.png\",\"keywords\":[\"encuentro de Bloggers en Intur\",\"encuentro de blogueros y tuiteros en Intur\",\"feria Internacional de Turismo de Interior\",\"INTUR 2014\",\"ruta de tapas por Valladolid INTUR\",\"ruta de vinos por Valladolid INTUR\",\"Vallatrip\",\"VallaVinos\"],\"articleSection\":[\"Actualidad\",\"Post_inicial\",\"Valladolid\"],\"inLanguage\":\"es\"},{\"@type\":\"WebPage\",\"@id\":\"https:\\\/\\\/destinocastillayleon.es\\\/index\\\/vallavinos\\\/\",\"url\":\"https:\\\/\\\/destinocastillayleon.es\\\/index\\\/vallavinos\\\/\",\"name\":\"#VallaVinos, la TuitQuedadaEnotur\u00edstica por Valladolid de INTUR\",\"isPartOf\":{\"@id\":\"https:\\\/\\\/destinocastillayleon.es\\\/index\\\/#website\"},\"primaryImageOfPage\":{\"@id\":\"https:\\\/\\\/destinocastillayleon.es\\\/index\\\/vallavinos\\\/#primaryimage\"},\"image\":{\"@id\":\"https:\\\/\\\/destinocastillayleon.es\\\/index\\\/vallavinos\\\/#primaryimage\"},\"thumbnailUrl\":\"https:\\\/\\\/destinocastillayleon.es\\\/index\\\/wp-content\\\/uploads\\\/2014\\\/11\\\/146bebfaef6bc51908f0eafbe4672555.png\",\"datePublished\":\"2014-11-24T22:22:27+00:00\",\"dateModified\":\"2014-11-27T11:11:22+00:00\",\"author\":{\"@id\":\"https:\\\/\\\/destinocastillayleon.es\\\/index\\\/#\\\/schema\\\/person\\\/189221bc8f6cc4fa28b18ad5c289d4c2\"},\"description\":\"Este a\u00f1o, durante la celebraci\u00f3n de INTUR en Valladolid, hemos preparado #VallaVinos, una TuitQuedadaEnotur\u00edstica por una ciudad de vinos como es Valladolid\",\"breadcrumb\":{\"@id\":\"https:\\\/\\\/destinocastillayleon.es\\\/index\\\/vallavinos\\\/#breadcrumb\"},\"inLanguage\":\"es\",\"potentialAction\":[{\"@type\":\"ReadAction\",\"target\":[\"https:\\\/\\\/destinocastillayleon.es\\\/index\\\/vallavinos\\\/\"]}]},{\"@type\":\"ImageObject\",\"inLanguage\":\"es\",\"@id\":\"https:\\\/\\\/destinocastillayleon.es\\\/index\\\/vallavinos\\\/#primaryimage\",\"url\":\"https:\\\/\\\/destinocastillayleon.es\\\/index\\\/wp-content\\\/uploads\\\/2014\\\/11\\\/146bebfaef6bc51908f0eafbe4672555.png\",\"contentUrl\":\"https:\\\/\\\/destinocastillayleon.es\\\/index\\\/wp-content\\\/uploads\\\/2014\\\/11\\\/146bebfaef6bc51908f0eafbe4672555.png\",\"width\":850,\"height\":645},{\"@type\":\"BreadcrumbList\",\"@id\":\"https:\\\/\\\/destinocastillayleon.es\\\/index\\\/vallavinos\\\/#breadcrumb\",\"itemListElement\":[{\"@type\":\"ListItem\",\"position\":1,\"name\":\"Portada\",\"item\":\"https:\\\/\\\/destinocastillayleon.es\\\/index\\\/\"},{\"@type\":\"ListItem\",\"position\":2,\"name\":\"#Vallavinos, encuentro de bloggers y twiteros en Intur 2014\"}]},{\"@type\":\"WebSite\",\"@id\":\"https:\\\/\\\/destinocastillayleon.es\\\/index\\\/#website\",\"url\":\"https:\\\/\\\/destinocastillayleon.es\\\/index\\\/\",\"name\":\"Destino Castilla y Le\u00f3n\",\"description\":\"Medio digital independiente y revista de Castilla y Le\u00f3n dedicado al turismo, gastronom\u00eda y vino de Castilla y Le\u00f3n\",\"potentialAction\":[{\"@type\":\"SearchAction\",\"target\":{\"@type\":\"EntryPoint\",\"urlTemplate\":\"https:\\\/\\\/destinocastillayleon.es\\\/index\\\/?s={search_term_string}\"},\"query-input\":{\"@type\":\"PropertyValueSpecification\",\"valueRequired\":true,\"valueName\":\"search_term_string\"}}],\"inLanguage\":\"es\"},{\"@type\":\"Person\",\"@id\":\"https:\\\/\\\/destinocastillayleon.es\\\/index\\\/#\\\/schema\\\/person\\\/189221bc8f6cc4fa28b18ad5c289d4c2\",\"name\":\"David V\u00e1zquez\",\"image\":{\"@type\":\"ImageObject\",\"inLanguage\":\"es\",\"@id\":\"https:\\\/\\\/secure.gravatar.com\\\/avatar\\\/cd12db6c575a90c3b75cfa0f794b74d425201c768612fad17e9f13cd33d48be8?s=96&d=mm&r=g\",\"url\":\"https:\\\/\\\/secure.gravatar.com\\\/avatar\\\/cd12db6c575a90c3b75cfa0f794b74d425201c768612fad17e9f13cd33d48be8?s=96&d=mm&r=g\",\"contentUrl\":\"https:\\\/\\\/secure.gravatar.com\\\/avatar\\\/cd12db6c575a90c3b75cfa0f794b74d425201c768612fad17e9f13cd33d48be8?s=96&d=mm&r=g\",\"caption\":\"David V\u00e1zquez\"},\"description\":\"Ingeniero Industrial de vocaci\u00f3n y profesi\u00f3n, he encontrado en los blogs la forma de plasmar mi pasi\u00f3n por los viajes, la gastronom\u00eda y los vinos. Especialmente los procedentes de Castilla y Le\u00f3n\",\"sameAs\":[\"https:\\\/\\\/www.destinocastillayleon.es\",\"https:\\\/\\\/www.facebook.com\\\/profile.php?id=1158416854\",\"https:\\\/\\\/instagram.com\\\/conte.pantaleone\",\"https:\\\/\\\/www.linkedin.com\\\/pub\\\/david-vazquez-lozano\\\/37\\\/17a\\\/25a\",\"https:\\\/\\\/x.com\\\/https:\\\/\\\/twitter.com\\\/ContePantaleone\u200e\"],\"url\":\"https:\\\/\\\/destinocastillayleon.es\\\/index\\\/author\\\/coadministradorcyl\\\/\"}]}<\/script>\n<!-- \/ Yoast SEO Premium plugin. -->","yoast_head_json":{"title":"#VallaVinos, la TuitQuedadaEnotur\u00edstica por Valladolid de INTUR","description":"Este a\u00f1o, durante la celebraci\u00f3n de INTUR en Valladolid, hemos preparado #VallaVinos, una TuitQuedadaEnotur\u00edstica por una ciudad de vinos como es Valladolid","robots":{"index":"index","follow":"follow","max-snippet":"max-snippet:-1","max-image-preview":"max-image-preview:large","max-video-preview":"max-video-preview:-1"},"canonical":"https:\/\/destinocastillayleon.es\/index\/vallavinos\/","og_locale":"es_ES","og_type":"article","og_title":"#Vallavinos, encuentro de bloggers y twiteros en Intur 2014","og_description":"#VallaVinos, la TuitQuedadaEnotur\u00edstica por Valladolid de INTUR. Este a\u00f1o, durante la celebraci\u00f3n de INTUR en Valladolid, hemos preparado VallaVinos, una TuitQuedadaEnotur\u00edstica por una ciudad de vinos como es Valladolid","og_url":"https:\/\/destinocastillayleon.es\/index\/vallavinos\/","og_site_name":"Destino Castilla y Le\u00f3n","article_publisher":"https:\/\/www.facebook.com\/DestinoCastillaYLeon\/","article_author":"https:\/\/www.facebook.com\/profile.php?id=1158416854","article_published_time":"2014-11-24T22:22:27+00:00","article_modified_time":"2014-11-27T11:11:22+00:00","og_image":[{"width":850,"height":645,"url":"https:\/\/destinocastillayleon.es\/index\/wp-content\/uploads\/2014\/11\/146bebfaef6bc51908f0eafbe4672555.png","type":"image\/png"}],"author":"David V\u00e1zquez","twitter_card":"summary_large_image","twitter_creator":"@https:\/\/twitter.com\/ContePantaleone\u200e","twitter_site":"@destinocyl","twitter_misc":{"Escrito por":"David V\u00e1zquez","Tiempo de lectura":"2 minutos"},"schema":{"@context":"https:\/\/schema.org","@graph":[{"@type":"Article","@id":"https:\/\/destinocastillayleon.es\/index\/vallavinos\/#article","isPartOf":{"@id":"https:\/\/destinocastillayleon.es\/index\/vallavinos\/"},"author":{"name":"David V\u00e1zquez","@id":"https:\/\/destinocastillayleon.es\/index\/#\/schema\/person\/189221bc8f6cc4fa28b18ad5c289d4c2"},"headline":"#Vallavinos, encuentro de bloggers y twiteros en Intur 2014","datePublished":"2014-11-24T22:22:27+00:00","dateModified":"2014-11-27T11:11:22+00:00","mainEntityOfPage":{"@id":"https:\/\/destinocastillayleon.es\/index\/vallavinos\/"},"wordCount":452,"image":{"@id":"https:\/\/destinocastillayleon.es\/index\/vallavinos\/#primaryimage"},"thumbnailUrl":"https:\/\/destinocastillayleon.es\/index\/wp-content\/uploads\/2014\/11\/146bebfaef6bc51908f0eafbe4672555.png","keywords":["encuentro de Bloggers en Intur","encuentro de blogueros y tuiteros en Intur","feria Internacional de Turismo de Interior","INTUR 2014","ruta de tapas por Valladolid INTUR","ruta de vinos por Valladolid INTUR","Vallatrip","VallaVinos"],"articleSection":["Actualidad","Post_inicial","Valladolid"],"inLanguage":"es"},{"@type":"WebPage","@id":"https:\/\/destinocastillayleon.es\/index\/vallavinos\/","url":"https:\/\/destinocastillayleon.es\/index\/vallavinos\/","name":"#VallaVinos, la TuitQuedadaEnotur\u00edstica por Valladolid de INTUR","isPartOf":{"@id":"https:\/\/destinocastillayleon.es\/index\/#website"},"primaryImageOfPage":{"@id":"https:\/\/destinocastillayleon.es\/index\/vallavinos\/#primaryimage"},"image":{"@id":"https:\/\/destinocastillayleon.es\/index\/vallavinos\/#primaryimage"},"thumbnailUrl":"https:\/\/destinocastillayleon.es\/index\/wp-content\/uploads\/2014\/11\/146bebfaef6bc51908f0eafbe4672555.png","datePublished":"2014-11-24T22:22:27+00:00","dateModified":"2014-11-27T11:11:22+00:00","author":{"@id":"https:\/\/destinocastillayleon.es\/index\/#\/schema\/person\/189221bc8f6cc4fa28b18ad5c289d4c2"},"description":"Este a\u00f1o, durante la celebraci\u00f3n de INTUR en Valladolid, hemos preparado #VallaVinos, una TuitQuedadaEnotur\u00edstica por una ciudad de vinos como es Valladolid","breadcrumb":{"@id":"https:\/\/destinocastillayleon.es\/index\/vallavinos\/#breadcrumb"},"inLanguage":"es","potentialAction":[{"@type":"ReadAction","target":["https:\/\/destinocastillayleon.es\/index\/vallavinos\/"]}]},{"@type":"ImageObject","inLanguage":"es","@id":"https:\/\/destinocastillayleon.es\/index\/vallavinos\/#primaryimage","url":"https:\/\/destinocastillayleon.es\/index\/wp-content\/uploads\/2014\/11\/146bebfaef6bc51908f0eafbe4672555.png","contentUrl":"https:\/\/destinocastillayleon.es\/index\/wp-content\/uploads\/2014\/11\/146bebfaef6bc51908f0eafbe4672555.png","width":850,"height":645},{"@type":"BreadcrumbList","@id":"https:\/\/destinocastillayleon.es\/index\/vallavinos\/#breadcrumb","itemListElement":[{"@type":"ListItem","position":1,"name":"Portada","item":"https:\/\/destinocastillayleon.es\/index\/"},{"@type":"ListItem","position":2,"name":"#Vallavinos, encuentro de bloggers y twiteros en Intur 2014"}]},{"@type":"WebSite","@id":"https:\/\/destinocastillayleon.es\/index\/#website","url":"https:\/\/destinocastillayleon.es\/index\/","name":"Destino Castilla y Le\u00f3n","description":"Medio digital independiente y revista de Castilla y Le\u00f3n dedicado al turismo, gastronom\u00eda y vino de Castilla y Le\u00f3n","potentialAction":[{"@type":"SearchAction","target":{"@type":"EntryPoint","urlTemplate":"https:\/\/destinocastillayleon.es\/index\/?s={search_term_string}"},"query-input":{"@type":"PropertyValueSpecification","valueRequired":true,"valueName":"search_term_string"}}],"inLanguage":"es"},{"@type":"Person","@id":"https:\/\/destinocastillayleon.es\/index\/#\/schema\/person\/189221bc8f6cc4fa28b18ad5c289d4c2","name":"David V\u00e1zquez","image":{"@type":"ImageObject","inLanguage":"es","@id":"https:\/\/secure.gravatar.com\/avatar\/cd12db6c575a90c3b75cfa0f794b74d425201c768612fad17e9f13cd33d48be8?s=96&d=mm&r=g","url":"https:\/\/secure.gravatar.com\/avatar\/cd12db6c575a90c3b75cfa0f794b74d425201c768612fad17e9f13cd33d48be8?s=96&d=mm&r=g","contentUrl":"https:\/\/secure.gravatar.com\/avatar\/cd12db6c575a90c3b75cfa0f794b74d425201c768612fad17e9f13cd33d48be8?s=96&d=mm&r=g","caption":"David V\u00e1zquez"},"description":"Ingeniero Industrial de vocaci\u00f3n y profesi\u00f3n, he encontrado en los blogs la forma de plasmar mi pasi\u00f3n por los viajes, la gastronom\u00eda y los vinos. Especialmente los procedentes de Castilla y Le\u00f3n","sameAs":["https:\/\/www.destinocastillayleon.es","https:\/\/www.facebook.com\/profile.php?id=1158416854","https:\/\/instagram.com\/conte.pantaleone","https:\/\/www.linkedin.com\/pub\/david-vazquez-lozano\/37\/17a\/25a","https:\/\/x.com\/https:\/\/twitter.com\/ContePantaleone\u200e"],"url":"https:\/\/destinocastillayleon.es\/index\/author\/coadministradorcyl\/"}]}},"_links":{"self":[{"href":"https:\/\/destinocastillayleon.es\/index\/wp-json\/wp\/v2\/posts\/17094","targetHints":{"allow":["GET"]}}],"collection":[{"href":"https:\/\/destinocastillayleon.es\/index\/wp-json\/wp\/v2\/posts"}],"about":[{"href":"https:\/\/destinocastillayleon.es\/index\/wp-json\/wp\/v2\/types\/post"}],"author":[{"embeddable":true,"href":"https:\/\/destinocastillayleon.es\/index\/wp-json\/wp\/v2\/users\/2"}],"replies":[{"embeddable":true,"href":"https:\/\/destinocastillayleon.es\/index\/wp-json\/wp\/v2\/comments?post=17094"}],"version-history":[{"count":30,"href":"https:\/\/destinocastillayleon.es\/index\/wp-json\/wp\/v2\/posts\/17094\/revisions"}],"predecessor-version":[{"id":17183,"href":"https:\/\/destinocastillayleon.es\/index\/wp-json\/wp\/v2\/posts\/17094\/revisions\/17183"}],"wp:featuredmedia":[{"embeddable":true,"href":"https:\/\/destinocastillayleon.es\/index\/wp-json\/wp\/v2\/media\/17157"}],"wp:attachment":[{"href":"https:\/\/destinocastillayleon.es\/index\/wp-json\/wp\/v2\/media?parent=17094"}],"wp:term":[{"taxonomy":"category","embeddable":true,"href":"https:\/\/destinocastillayleon.es\/index\/wp-json\/wp\/v2\/categories?post=17094"},{"taxonomy":"post_tag","embeddable":true,"href":"https:\/\/destinocastillayleon.es\/index\/wp-json\/wp\/v2\/tags?post=17094"}],"curies":[{"name":"wp","href":"https:\/\/api.w.org\/{rel}","templated":true}]}}